{"id":5582,"date":"2018-04-03T08:00:40","date_gmt":"2018-04-03T07:00:40","guid":{"rendered":"http:\/\/hir.mediamarkt.hu\/magazin\/?p=5582"},"modified":"2018-04-03T10:36:54","modified_gmt":"2018-04-03T09:36:54","slug":"ezzel-az-apro-kutyuvel-vettem-ra-pasim-mindennapos-mosogatasra","status":"publish","type":"post","link":"https:\/\/hir.mediamarkt.hu\/magazin\/ezzel-az-apro-kutyuvel-vettem-ra-pasim-mindennapos-mosogatasra\/","title":{"rendered":"Ezzel az apr\u00f3 k\u00fcty\u00fcvel vettem r\u00e1 a pasim a mindennapos mosogat\u00e1sra!"},"content":{"rendered":"<strong>Ki gondolta volna, hogy a f\u00e9rfiak h\u00e1zimunk\u00e1ba val\u00f3, \u00f6nk\u00e9nt \u00e9s sz\u00f3 szerint dalolva t\u00f6rt\u00e9n\u0151 r\u00e9szv\u00e9tel\u00e9hez elegend\u0151 egy p\u00e9nzt\u00e1rca m\u00e9ret\u0171, diz\u00e1jnos t\u00e1rgy. R\u00e1ad\u00e1sul kifejezetten j\u00f3 \u00e1ron. \u00cdgy alakult ki a csal\u00e1di b\u00e9ke a Philips-nek \u00e9s az isteni szikr\u00e1val fel\u00e9r\u0151 \u00f6tletnek h\u00e1la!<\/strong><!--more-->\r\n\r\n<span style=\"font-weight: 400;\">Kifejezetten szeretek mosogatni, mivel megnyugtat a folyamat. R\u00e1ad\u00e1sul azonnal l\u00e1tom a munka eredm\u00e9ny\u00e9t. De ami\u00f3ta \u00e9n f\u0151z\u00f6k, \u00f6r\u00fcl\u00f6k, ha a munka fel\u00e9t \u00e1tv\u00e1llalja m\u00e1s. Mivel a h\u00e1ztart\u00e1sban rajtam k\u00edv\u00fcl csak egy bolond kutya \u00e9s egy j\u00f3raval\u00f3, de az\u00e9rt k\u00e9nyelmesebb f\u00e9rfi lelhet\u0151 fel, kiz\u00e1r\u00e1sos alapon a k\u00f6ztehervisel\u00e9st az ut\u00f3bbival szerettem volna megosztani. <\/span>\r\n\r\n<span style=\"font-weight: 400;\">A mosogat\u00e1sban val\u00f3 &#8211; kifejezetten nagy &#8211; seg\u00edts\u00e9g k\u00f6r\u00fcl nem voltak igaz\u00e1b\u00f3l komoly probl\u00e9m\u00e1k. Ink\u00e1bb a halogat\u00e1s t\u00e9nye volt, ami n\u00e9ha nehez\u00edtette a j\u00e1t\u00e9kot, \u00e9s ami miatt az \u201cink\u00e1bb gyorsan megcsin\u00e1lom, mert m\u00e1r k\u00e9sz\u00edten\u00e9m a k\u00f6vetkez\u0151 fog\u00e1st\u201d esete \u00fajra \u00e9s \u00fajra visszak\u00f6sz\u00f6nt.<\/span>\r\n\r\n<span style=\"font-weight: 400;\">Azt\u00e1n egy napon felt\u0171nt, hogy <\/span>\r\n<blockquote><span style=\"font-weight: 400;\"><strong>az Ember ak\u00e1r h\u00e1nyszor mosogat, mindig viszi a telefonj\u00e1t \u00e9s betesz valami energikusabb zen\u00e9t.<\/strong> <\/span><\/blockquote>\r\n<span style=\"font-weight: 400;\">Majd egy helyben ugr\u00e1lva, \u00e9nekelve v\u00e9gzi el a \u201cpiszkos munk\u00e1t\u201d. A k\u00f6z\u00e9p-fels\u0151 kateg\u00f3ri\u00e1s okostelefon t\u0171rhet\u0151 teljes\u00edtm\u00e9nye ellen\u00e9re is \u00fagy \u00e9reztem, m\u00e9ltatlanul sz\u00f3lnak a sz\u00e1mok a konyh\u00e1ban. R\u00e1ad\u00e1sul ugyanazok az albumok p\u00f6r\u00f6gnek folyton a k\u00e9sz\u00fcl\u00e9k mem\u00f3ri\u00e1j\u00e1nak limit\u00e1lt volta miatt.<\/span>\r\n\r\n<iframe loading=\"lazy\" title=\"F\u00e9l\u00e9nk vagyok, de h\u00f3d\u00edtani akarok - Megfogom a t\u00e1ny\u00e9rt\" width=\"900\" height=\"675\" src=\"https:\/\/www.youtube.com\/embed\/2fo7Jjkk7ao?feature=oembed\" frameborder=\"0\" allow=\"accelerometer; autoplay; clipboard-write; encrypted-media; gyroscope; picture-in-picture; web-share\" referrerpolicy=\"strict-origin-when-cross-origin\" allowfullscreen><\/iframe>\r\n\r\n<span style=\"font-weight: 400;\">V\u00e9g\u00fcl j\u00f6tt a sz\u00fclet\u00e9snap, ami mindent megv\u00e1ltoztatott! Nem tudom, ki hogy van vele, \u00e9n szeretem azokat az aj\u00e1nd\u00e9kokat, amiknek konkr\u00e9t haszna is van. Persze f\u0151leg akkor, ha m\u00e9g ezen fel\u00fcl is szem\u00e9lyre szabott \u00e9s passzol mind az \u00fcnnepelt szem\u00e9lyis\u00e9g\u00e9hez, mind a v\u00e1gyaihoz. A r\u00e9g\u00f3ta v\u00e1gy\u00f3dva n\u00e9zett <strong><a href=\"http:\/\/www.mediamarkt.hu\/hu\/product\/_bosch-pst-800-pel-sz%C3%BAr%C3%B3f%C5%B1r%C3%A9sz-1200261.html\">BOSCH sz\u00far\u00f3f\u0171r\u00e9sz<\/a><\/strong> beszerz\u00e9sekor pedig hirtelen j\u00f6tt az \u00fajabb ihlet: <strong>azonnal kell egy Bluetooth hangsz\u00f3r\u00f3 is embernek!<\/strong>\u00a0Meg nekem, aki tal\u00e1n \u00edgy v\u00e1ltozatosabb zen\u00e9ket, jobb min\u0151s\u00e9gben hallgatok majd a kanap\u00e9n heny\u00e9lve, m\u00edg \u0151 a mosogat\u00f3 el\u0151tt bulizik. <\/span><span style=\"font-weight: 400;\">A <a href=\"http:\/\/www.mediamarkt.hu\/hu\/category\/_bluetooth-hangsz%C3%B3r%C3%B3-505017.html\">hangsz\u00f3r\u00f3 v\u00e1laszt\u00e9k<\/a> sz\u00e9les volt, a b\u00fcdzs\u00e9m sz\u0171k\u00f6s, mert ekkorra m\u00e1r h\u00e1rom meglepet\u00e9s is v\u00e1rt otthon a rejtek\u00e9n. Azt viszont nem akartam megkock\u00e1ztatni, hogy olyasmit veszek, ami k\u00e9tes\u00e9lyesen sz\u00f3l \u00e9s m\u0171k\u00f6dik. <strong>Iszonyat helyes, olcs\u00f3 teny\u00e9rnyi apr\u00f3s\u00e1gokat, valamint l\u00e9legzetel\u00e1ll\u00edt\u00f3an eleg\u00e1ns, de sz\u00e1momra \u00e9pp megfizethetetlen verzi\u00f3kat tal\u00e1ltam. Azt\u00e1n ott volt <a href=\"http:\/\/www.mediamarkt.hu\/hu\/product\/_philips-bt110a-00-pixelpop-vezet%C3%A9k-n%C3%A9lk%C3%BCli-hordozhat%C3%B3-hangsug%C3%A1rz%C3%B3-1201049.html?rbtc=arg%7Cpf%7C1201049%7C%7Cp%7C%7C#specifik_C3_A1ci_C3_B3\">a nagy \u0150!<\/a><\/strong> Jellemz\u0151 m\u00f3don el\u0151sz\u00f6r a design fogott meg. Hi\u00e1ba, tulajdonk\u00e9ppen lakberendez\u00e9si t\u00e1rgyat veszek. Teh\u00e1t ez a szempont is fontos.<\/span>\r\n\r\n<span style=\"font-weight: 400;\">V\u00e9g\u00fcl\u00a0csak elmer\u00fcltem a technikai r\u00e9szletekben is, \u00e9s \u00fagy v\u00e9ltem, <strong>ez\u00e9rt az \u00e1r\u00e9rt ilyen teljes\u00edtm\u00e9ny\u0171 eszk\u00f6zt h\u00fclye lenn\u00e9k itt hagyni (<a href=\"http:\/\/www.mediamarkt.hu\/hu\/search.html?query=philips+BT+110&amp;searchProfile=onlineshop&amp;channel=mmhuhu&amp;outlet=716\">a MediaMarkt oldal\u00e1t \u00e1tn\u00e9zve<\/a> a legjobb helyen bukkantam r\u00e1 az eszk\u00f6zre)!<\/strong> R\u00e1ad\u00e1sul a k\u00fcty\u00fc <\/span><span style=\"font-weight: 400;\"><strong>fr\u00f6ccsen\u00e9sbiztos<\/strong>, \u00edgy a \u201cpancsol\u00f3 kisl\u00e1nyk\u00e9nt\u201d mosogat\u00f3 Emberem sem tehet benne komolyabb k\u00e1rt.<\/span><span style=\"font-weight: 400;\"> \u00a0Az m\u00e1r csak hab volt a tort\u00e1n, hogy az \u00e1ltalam egy\u00e9bk\u00e9nt kedvelt Philips k\u00e9sz\u00fcl\u00e9ket <a href=\"http:\/\/www.mediamarkt.hu\/hu\/product\/_philips-bt110a-00-pixelpop-vezet%C3%A9k-n%C3%A9lk%C3%BCli-hordozhat%C3%B3-hangsug%C3%A1rz%C3%B3-1201049.html?rbtc=arg%7Cpf%7C1201049%7C%7Cp%7C%7C#specifik_C3_A1ci_C3_B3\"><strong>\u201cPixelPop vezet\u00e9k n\u00e9lk\u00fcli hordozhat\u00f3 hangsug\u00e1rz\u00f3\u201d<\/strong><\/a>-nak nevezt\u00e9k el. Amit\u0151l \u00e9n m\u00e9g pluszban elolvadtam. Apr\u00f3s\u00e1g, de ha m\u00e1r komoly csapatok dolgoznak a marketingen, hogy megfogj\u00e1k a vev\u0151t a gazdag piaci k\u00edn\u00e1latban, erre is odafigyelek.<\/span>\r\n\r\n\n\t\t<style type=\"text\/css\">\n\t\t\t#gallery-1 {\n\t\t\t\tmargin: auto;\n\t\t\t}\n\t\t\t#gallery-1 .gallery-item {\n\t\t\t\tfloat: left;\n\t\t\t\tmargin-top: 10px;\n\t\t\t\ttext-align: center;\n\t\t\t\twidth: 33%;\n\t\t\t}\n\t\t\t#gallery-1 img {\n\t\t\t\tborder: 2px solid #cfcfcf;\n\t\t\t}\n\t\t\t#gallery-1 .gallery-caption {\n\t\t\t\tmargin-left: 0;\n\t\t\t}\n\t\t\t\/* see gallery_shortcode() in wp-includes\/media.php *\/\n\t\t<\/style>\n\t\t<div id='gallery-1' class='gallery galleryid-5582 gallery-columns-3 gallery-size-full'><dl class='gallery-item'>\n\t\t\t<dt class='gallery-icon landscape'>\n\t\t\t\t<a href='https:\/\/hir.mediamarkt.hu\/magazin\/ezzel-az-apro-kutyuvel-vettem-ra-pasim-mindennapos-mosogatasra\/ph\/'><img loading=\"lazy\" decoding=\"async\" width=\"737\" height=\"649\" src=\"https:\/\/hir.mediamarkt.hu\/magazin\/wp-content\/uploads\/2018\/03\/ph.jpg\" class=\"attachment-full size-full\" alt=\"\" srcset=\"https:\/\/hir.mediamarkt.hu\/magazin\/wp-content\/uploads\/2018\/03\/ph.jpg 737w, https:\/\/hir.mediamarkt.hu\/magazin\/wp-content\/uploads\/2018\/03\/ph-275x242.jpg 275w, https:\/\/hir.mediamarkt.hu\/magazin\/wp-content\/uploads\/2018\/03\/ph-300x264.jpg 300w, https:\/\/hir.mediamarkt.hu\/magazin\/wp-content\/uploads\/2018\/03\/ph-720x634.jpg 720w\" sizes=\"(max-width: 737px) 100vw, 737px\" \/><\/a>\n\t\t\t<\/dt><\/dl><dl class='gallery-item'>\n\t\t\t<dt class='gallery-icon landscape'>\n\t\t\t\t<a href='https:\/\/hir.mediamarkt.hu\/magazin\/ezzel-az-apro-kutyuvel-vettem-ra-pasim-mindennapos-mosogatasra\/ph1\/'><img loading=\"lazy\" decoding=\"async\" width=\"822\" height=\"655\" src=\"https:\/\/hir.mediamarkt.hu\/magazin\/wp-content\/uploads\/2018\/03\/ph1.jpg\" class=\"attachment-full size-full\" alt=\"\" srcset=\"https:\/\/hir.mediamarkt.hu\/magazin\/wp-content\/uploads\/2018\/03\/ph1.jpg 822w, https:\/\/hir.mediamarkt.hu\/magazin\/wp-content\/uploads\/2018\/03\/ph1-275x219.jpg 275w, https:\/\/hir.mediamarkt.hu\/magazin\/wp-content\/uploads\/2018\/03\/ph1-300x239.jpg 300w, https:\/\/hir.mediamarkt.hu\/magazin\/wp-content\/uploads\/2018\/03\/ph1-768x612.jpg 768w, https:\/\/hir.mediamarkt.hu\/magazin\/wp-content\/uploads\/2018\/03\/ph1-720x574.jpg 720w\" sizes=\"(max-width: 822px) 100vw, 822px\" \/><\/a>\n\t\t\t<\/dt><\/dl><dl class='gallery-item'>\n\t\t\t<dt class='gallery-icon landscape'>\n\t\t\t\t<a href='https:\/\/hir.mediamarkt.hu\/magazin\/ezzel-az-apro-kutyuvel-vettem-ra-pasim-mindennapos-mosogatasra\/ph2\/'><img loading=\"lazy\" decoding=\"async\" width=\"867\" height=\"686\" src=\"https:\/\/hir.mediamarkt.hu\/magazin\/wp-content\/uploads\/2018\/03\/ph2.jpg\" class=\"attachment-full size-full\" alt=\"\" srcset=\"https:\/\/hir.mediamarkt.hu\/magazin\/wp-content\/uploads\/2018\/03\/ph2.jpg 867w, https:\/\/hir.mediamarkt.hu\/magazin\/wp-content\/uploads\/2018\/03\/ph2-275x218.jpg 275w, https:\/\/hir.mediamarkt.hu\/magazin\/wp-content\/uploads\/2018\/03\/ph2-300x237.jpg 300w, https:\/\/hir.mediamarkt.hu\/magazin\/wp-content\/uploads\/2018\/03\/ph2-768x608.jpg 768w, https:\/\/hir.mediamarkt.hu\/magazin\/wp-content\/uploads\/2018\/03\/ph2-720x570.jpg 720w\" sizes=\"(max-width: 867px) 100vw, 867px\" \/><\/a>\n\t\t\t<\/dt><\/dl><br style=\"clear: both\" \/><dl class='gallery-item'>\n\t\t\t<dt class='gallery-icon landscape'>\n\t\t\t\t<a href='https:\/\/hir.mediamarkt.hu\/magazin\/ezzel-az-apro-kutyuvel-vettem-ra-pasim-mindennapos-mosogatasra\/ph3\/'><img loading=\"lazy\" decoding=\"async\" width=\"865\" height=\"617\" src=\"https:\/\/hir.mediamarkt.hu\/magazin\/wp-content\/uploads\/2018\/03\/ph3.jpg\" class=\"attachment-full size-full\" alt=\"\" srcset=\"https:\/\/hir.mediamarkt.hu\/magazin\/wp-content\/uploads\/2018\/03\/ph3.jpg 865w, https:\/\/hir.mediamarkt.hu\/magazin\/wp-content\/uploads\/2018\/03\/ph3-275x196.jpg 275w, https:\/\/hir.mediamarkt.hu\/magazin\/wp-content\/uploads\/2018\/03\/ph3-300x214.jpg 300w, https:\/\/hir.mediamarkt.hu\/magazin\/wp-content\/uploads\/2018\/03\/ph3-768x548.jpg 768w, https:\/\/hir.mediamarkt.hu\/magazin\/wp-content\/uploads\/2018\/03\/ph3-720x514.jpg 720w\" sizes=\"(max-width: 865px) 100vw, 865px\" \/><\/a>\n\t\t\t<\/dt><\/dl>\n\t\t\t<br style='clear: both' \/>\n\t\t<\/div>\n\r\n\r\n<span style=\"font-weight: 400;\">Innen m\u00e1r csak a p\u00e9nzt\u00e1r volt h\u00e1tra. Illetve el\u0151tte m\u00e9g a nett\u00f3 12 perces dilemma, hogy <strong>akkor most melyik sz\u00ednt \u00e9s mint\u00e1t vegyem.<\/strong> Mert persze az elt\u00e9r\u0151 \u00e1rnyalatoknak a rajzolata sem volt egyforma. V\u00e9g\u00fcl \u00e9n a f\u00e9rfias \u00e9s az Ember szem\u00e9hez j\u00f3l passzol\u00f3 k\u00e9k verzi\u00f3 mellett tettem le a voksot, de a piros v\u00e1ltozatot is sz\u00edvesen eln\u00e9zegettem volna az\u00e9rt a konyhapulton\u2026<\/span>\r\n\r\n<span style=\"font-weight: 400;\"><strong>Azt\u00e1n j\u00f6tt a nagy teszt!<\/strong> Az \u00fcnnepelt \u00f6r\u00fclt, mint majom a fark\u00e1nak. \u00c9n csak leheletnyi utal\u00e1st tettem r\u00e1 nevetve, hogy na, mostant\u00f3l akkor korl\u00e1tok n\u00e9lk\u00fcl mehet a zene a mosogat\u00e1s k\u00f6zben. F\u00e9l \u00f3ra sem kellett hozz\u00e1, m\u00e1r ment a buli a konyh\u00e1ban. Az esti kutyas\u00e9t\u00e1ltat\u00e1s ut\u00e1n pedig ism\u00e9t arra j\u00f6ttem haza, hogy az Ember a mosogat\u00f3 el\u0151tt szorgoskodik. R\u00e1ad\u00e1sul k\u00fcty\u00fc-m\u00e1ni\u00e1s f\u00e9rfik\u00e9nt izgatottan mutogatja, hogy <\/span>\r\n<blockquote><span style=\"font-weight: 400;\"><strong>j\u00e9zusom, m\u00e9g a f\u00fcrd\u0151ben is t\u00f6k\u00e9letes a v\u00e9tel, akkor is, ha egy\u00e9bk\u00e9nt a dolgoz\u00f3 sarokban pihen\u0151 laptopj\u00e1hoz van hangolva a k\u00e9sz\u00fcl\u00e9k!<\/strong><\/span><\/blockquote>\r\n<span style=\"font-weight: 400;\">\u00cdgy v\u00e9g\u00fcl egy kisebb befektet\u00e9ssel egy boldog embert \u00e9s egy akt\u00edv konyhat\u00fcnd\u00e9rt nyertem. Most m\u00e1r csak azt kell kital\u00e1lnom, hogy a zen\u00e9s f\u00fcrd\u0151szoba haszn\u00e1lat &#8211; borotv\u00e1lkoz\u00e1s, k\u00e1daz\u00e1s &#8211; sor\u00e1n fell\u00e9p\u0151 egyre emelked\u0151 \u00f3rasz\u00e1mmal mit kezdek. Mert lassan a t\u00f6k\u00e9letes hangz\u00e1snak \u00e9s a kikapcsol\u00f3d\u00e1s ezen \u00faj fajt\u00e1j\u00e1nak k\u00f6sz\u00f6nhet\u0151en csak lopott pillanatokra jutok be a \u201cszent\u00e9lybe\u201d. Egyel\u0151re ez legyen a legnagyobb bajunk. \u00c9s most ir\u00e1ny a konyha. Termelj\u00fck ki a mai men\u00fc elk\u00e9sz\u00edt\u00e9se sor\u00e1n felhalmoz\u00f3d\u00f3 mosogatni val\u00f3t!<\/span>\r\n\r\n<img loading=\"lazy\" decoding=\"async\" class=\"alignnone size-full wp-image-5588\" src=\"http:\/\/hir.mediamarkt.hu\/magazin\/wp-content\/uploads\/2018\/03\/ph5.jpg\" alt=\"\" width=\"810\" height=\"535\" srcset=\"https:\/\/hir.mediamarkt.hu\/magazin\/wp-content\/uploads\/2018\/03\/ph5.jpg 810w, https:\/\/hir.mediamarkt.hu\/magazin\/wp-content\/uploads\/2018\/03\/ph5-275x182.jpg 275w, https:\/\/hir.mediamarkt.hu\/magazin\/wp-content\/uploads\/2018\/03\/ph5-300x198.jpg 300w, https:\/\/hir.mediamarkt.hu\/magazin\/wp-content\/uploads\/2018\/03\/ph5-768x507.jpg 768w, https:\/\/hir.mediamarkt.hu\/magazin\/wp-content\/uploads\/2018\/03\/ph5-720x476.jpg 720w\" sizes=\"(max-width: 810px) 100vw, 810px\" \/>\r\n<h4><strong><span style=\"text-decoration: underline;\">A csodat\u00e9v\u0151 eszk\u00f6z:<\/span>\u00a0<a href=\"http:\/\/www.mediamarkt.hu\/hu\/product\/_philips-bt110a-00-pixelpop-vezet%C3%A9k-n%C3%A9lk%C3%BCli-hordozhat%C3%B3-hangsug%C3%A1rz%C3%B3-1201049.html?rbtc=arg%7Cpf%7C1201049%7C%7Cp%7C%7C#specifik_C3_A1ci_C3_B3\">PHILIPS BT110A\/00 PixelPop vezet\u00e9k n\u00e9lk\u00fcli hordozhat\u00f3 hangsug\u00e1rz\u00f3<\/a><\/strong><\/h4>\r\n<h4><strong><span style=\"text-decoration: underline;\">\u00c1ra:<\/span> 11 999 Ft<\/strong><\/h4>\r\n<h4><strong><span style=\"text-decoration: underline;\">El\u00e9rhet\u0151 sz\u00ednek:<\/span> <a href=\"http:\/\/www.mediamarkt.hu\/hu\/product\/_philips-bt110a-00-pixelpop-vezet%C3%A9k-n%C3%A9lk%C3%BCli-hordozhat%C3%B3-hangsug%C3%A1rz%C3%B3-1201049.html?rbtc=arg%7Cpf%7C1201049%7C%7Cp%7C%7C#specifik_C3_A1ci_C3_B3\">k\u00e9k<\/a>, <a href=\"http:\/\/www.mediamarkt.hu\/hu\/product\/_philips-bt110r-00-pixelpop-vezet%C3%A9k-n%C3%A9lk%C3%BCli-hordozhat%C3%B3-hangsug%C3%A1rz%C3%B3-1201050.html\">piros<\/a>, <a href=\"http:\/\/www.mediamarkt.hu\/hu\/product\/_philips-bt110c-00-pixelpop-vezet%C3%A9k-n%C3%A9lk%C3%BCli-hordozhat%C3%B3-hangsug%C3%A1rz%C3%B3-1201051.html\">fekete<\/a><\/strong><\/h4>\r\n<h4><strong><span style=\"text-decoration: underline;\">R\u00f6vid le\u00edr\u00e1s:<\/span>\u00a0Ez a kompakt BT110 k\u00e9sz\u00fcl\u00e9k rendelkezik minden olyan alapvet\u0151 akusztikai jellemz\u0151vel, amely \u00e1ltal\u00e1ban csak a nagy hangsug\u00e1rz\u00f3k saj\u00e1tja. Ez\u00e9rt olyan tiszta \u00e9s er\u0151teljes a hangz\u00e1sa, meglep\u0151en j\u00f3 m\u00e9lyhangokkal. <\/strong><\/h4>\r\n<h4><span style=\"text-decoration: underline;\"><strong>Extr\u00e1k:\u00a0<\/strong><\/span><\/h4>\r\n<ul>\r\n \t<li>\r\n<h4><strong>fr\u00f6ccsen\u00e9sbiztos bor\u00edt\u00e1s<\/strong><\/h4>\r\n<\/li>\r\n \t<li>\r\n<h4><strong>csukl\u00f3ra, nadr\u00e1gra akaszthat\u00f3 p\u00e1nt<\/strong><\/h4>\r\n<\/li>\r\n \t<li>\r\n<h4><strong>8 \u00f3r\u00e1s \u00fczemidej\u0171 akkumul\u00e1to<\/strong><\/h4>\r\n<\/li>\r\n<\/ul>\r\n<img loading=\"lazy\" decoding=\"async\" class=\"alignnone size-full wp-image-5586\" src=\"http:\/\/hir.mediamarkt.hu\/magazin\/wp-content\/uploads\/2018\/03\/ph3.jpg\" alt=\"\" width=\"865\" height=\"617\" srcset=\"https:\/\/hir.mediamarkt.hu\/magazin\/wp-content\/uploads\/2018\/03\/ph3.jpg 865w, https:\/\/hir.mediamarkt.hu\/magazin\/wp-content\/uploads\/2018\/03\/ph3-275x196.jpg 275w, https:\/\/hir.mediamarkt.hu\/magazin\/wp-content\/uploads\/2018\/03\/ph3-300x214.jpg 300w, https:\/\/hir.mediamarkt.hu\/magazin\/wp-content\/uploads\/2018\/03\/ph3-768x548.jpg 768w, https:\/\/hir.mediamarkt.hu\/magazin\/wp-content\/uploads\/2018\/03\/ph3-720x514.jpg 720w\" sizes=\"(max-width: 865px) 100vw, 865px\" \/>\r\n\r\n<img loading=\"lazy\" decoding=\"async\" class=\"alignnone size-full wp-image-5595\" src=\"http:\/\/hir.mediamarkt.hu\/magazin\/wp-content\/uploads\/2018\/03\/PHILIPS-BT110R-00-PixelPop-vezet\u00e9k-n\u00e9lk\u00fcli-hordozhat\u00f3-hangsug\u00e1rz\u00f3.png\" alt=\"\" width=\"786\" height=\"587\" srcset=\"https:\/\/hir.mediamarkt.hu\/magazin\/wp-content\/uploads\/2018\/03\/PHILIPS-BT110R-00-PixelPop-vezet\u00e9k-n\u00e9lk\u00fcli-hordozhat\u00f3-hangsug\u00e1rz\u00f3.png 786w, https:\/\/hir.mediamarkt.hu\/magazin\/wp-content\/uploads\/2018\/03\/PHILIPS-BT110R-00-PixelPop-vezet\u00e9k-n\u00e9lk\u00fcli-hordozhat\u00f3-hangsug\u00e1rz\u00f3-275x205.png 275w, https:\/\/hir.mediamarkt.hu\/magazin\/wp-content\/uploads\/2018\/03\/PHILIPS-BT110R-00-PixelPop-vezet\u00e9k-n\u00e9lk\u00fcli-hordozhat\u00f3-hangsug\u00e1rz\u00f3-300x224.png 300w, https:\/\/hir.mediamarkt.hu\/magazin\/wp-content\/uploads\/2018\/03\/PHILIPS-BT110R-00-PixelPop-vezet\u00e9k-n\u00e9lk\u00fcli-hordozhat\u00f3-hangsug\u00e1rz\u00f3-768x574.png 768w, https:\/\/hir.mediamarkt.hu\/magazin\/wp-content\/uploads\/2018\/03\/PHILIPS-BT110R-00-PixelPop-vezet\u00e9k-n\u00e9lk\u00fcli-hordozhat\u00f3-hangsug\u00e1rz\u00f3-720x538.png 720w\" sizes=\"(max-width: 786px) 100vw, 786px\" \/>\r\n\r\n<img loading=\"lazy\" decoding=\"async\" class=\"alignnone size-full wp-image-5589\" src=\"http:\/\/hir.mediamarkt.hu\/magazin\/wp-content\/uploads\/2018\/03\/ph6.jpg\" alt=\"\" width=\"866\" height=\"591\" srcset=\"https:\/\/hir.mediamarkt.hu\/magazin\/wp-content\/uploads\/2018\/03\/ph6.jpg 866w, https:\/\/hir.mediamarkt.hu\/magazin\/wp-content\/uploads\/2018\/03\/ph6-275x188.jpg 275w, https:\/\/hir.mediamarkt.hu\/magazin\/wp-content\/uploads\/2018\/03\/ph6-300x205.jpg 300w, https:\/\/hir.mediamarkt.hu\/magazin\/wp-content\/uploads\/2018\/03\/ph6-768x524.jpg 768w, https:\/\/hir.mediamarkt.hu\/magazin\/wp-content\/uploads\/2018\/03\/ph6-720x491.jpg 720w\" sizes=\"(max-width: 866px) 100vw, 866px\" \/>\r\n<h3><strong>Hasonl\u00f3 term\u00e9kek\u00e9rt kattintson\u00a0<a href=\"http:\/\/www.mediamarkt.hu\/hu\/category\/_bluetooth-hangsz%C3%B3r%C3%B3-505017.html\">a MediaMarkt teljes Bluetooth hangsz\u00f3r\u00f3 k\u00edn\u00e1lat\u00e1\u00e9rt!<\/a><\/strong><\/h3>","protected":false},"excerpt":{"rendered":"Ki gondolta volna, hogy a f\u00e9rfiak h\u00e1zimunk\u00e1ba val\u00f3, \u00f6nk\u00e9nt \u00e9s sz\u00f3 szerint dalolva t\u00f6rt\u00e9n\u0151 r\u00e9szv\u00e9tel\u00e9hez elegend\u0151 egy p\u00e9nzt\u00e1rca m\u00e9ret\u0171, diz\u00e1jnos t\u00e1rgy. R\u00e1ad\u00e1sul kifejezetten j\u00f3 \u00e1ron. \u00cdgy alakult ki a csal\u00e1di b\u00e9ke a Philips-nek \u00e9s az isteni szikr\u00e1val fel\u00e9r\u0151 \u00f6tletnek h\u00e1la!","protected":false},"author":13,"featured_media":5594,"comment_status":"open","ping_status":"open","sticky":false,"template":"","format":"standard","meta":{"wprm-recipe-roundup-name":"","wprm-recipe-roundup-description":"","footnotes":""},"categories":[5967],"tags":[2468,108,526,2469,2134,2462,113,1068,2155,2466,2127,2173,2465,2463,2464,82,94,2467],"yoast_head":"<!-- This site is optimized with the Yoast SEO plugin v22.9 - https:\/\/yoast.com\/wordpress\/plugins\/seo\/ -->\n<title>Ezzel az apr\u00f3 k\u00fcty\u00fcvel vettem r\u00e1 a pasim a mindennapos mosogat\u00e1sra! - MediaMarkt Magazin<\/title>\n<meta name=\"robots\" content=\"index, follow, max-snippet:-1, max-image-preview:large, max-video-preview:-1\" \/>\n<link rel=\"canonical\" href=\"https:\/\/hir.mediamarkt.hu\/magazin\/ezzel-az-apro-kutyuvel-vettem-ra-pasim-mindennapos-mosogatasra\/\" \/>\n<meta property=\"og:locale\" content=\"hu_HU\" \/>\n<meta property=\"og:type\" content=\"article\" \/>\n<meta property=\"og:title\" content=\"Ezzel az apr\u00f3 k\u00fcty\u00fcvel vettem r\u00e1 a pasim a mindennapos mosogat\u00e1sra! - MediaMarkt Magazin\" \/>\n<meta property=\"og:description\" content=\"Ki gondolta volna, hogy a f\u00e9rfiak h\u00e1zimunk\u00e1ba val\u00f3, \u00f6nk\u00e9nt \u00e9s sz\u00f3 szerint dalolva t\u00f6rt\u00e9n\u0151 r\u00e9szv\u00e9tel\u00e9hez elegend\u0151 egy p\u00e9nzt\u00e1rca m\u00e9ret\u0171, diz\u00e1jnos t\u00e1rgy. R\u00e1ad\u00e1sul kifejezetten j\u00f3 \u00e1ron. \u00cdgy alakult ki a csal\u00e1di b\u00e9ke a Philips-nek \u00e9s az isteni szikr\u00e1val fel\u00e9r\u0151 \u00f6tletnek h\u00e1la!\" \/>\n<meta property=\"og:url\" content=\"https:\/\/hir.mediamarkt.hu\/magazin\/ezzel-az-apro-kutyuvel-vettem-ra-pasim-mindennapos-mosogatasra\/\" \/>\n<meta property=\"og:site_name\" content=\"MediaMarkt Magazin\" \/>\n<meta property=\"article:publisher\" content=\"https:\/\/www.facebook.com\/MediaMarktMagyarorszag\" \/>\n<meta property=\"article:published_time\" content=\"2018-04-03T07:00:40+00:00\" \/>\n<meta property=\"article:modified_time\" content=\"2018-04-03T09:36:54+00:00\" \/>\n<meta property=\"og:image\" content=\"https:\/\/hir.mediamarkt.hu\/magazin\/wp-content\/uploads\/2018\/03\/00.jpeg\" \/>\n\t<meta property=\"og:image:width\" content=\"1122\" \/>\n\t<meta property=\"og:image:height\" content=\"750\" \/>\n\t<meta property=\"og:image:type\" content=\"image\/jpeg\" \/>\n<meta name=\"author\" content=\"Media Markt\" \/>\n<meta name=\"twitter:label1\" content=\"Szerz\u0151:\" \/>\n\t<meta name=\"twitter:data1\" content=\"Media Markt\" \/>\n\t<meta name=\"twitter:label2\" content=\"Becs\u00fclt olvas\u00e1si id\u0151\" \/>\n\t<meta name=\"twitter:data2\" content=\"6 perc\" \/>\n<script type=\"application\/ld+json\" class=\"yoast-schema-graph\">{\"@context\":\"https:\/\/schema.org\",\"@graph\":[{\"@type\":\"WebPage\",\"@id\":\"https:\/\/hir.mediamarkt.hu\/magazin\/ezzel-az-apro-kutyuvel-vettem-ra-pasim-mindennapos-mosogatasra\/\",\"url\":\"https:\/\/hir.mediamarkt.hu\/magazin\/ezzel-az-apro-kutyuvel-vettem-ra-pasim-mindennapos-mosogatasra\/\",\"name\":\"Ezzel az apr\u00f3 k\u00fcty\u00fcvel vettem r\u00e1 a pasim a mindennapos mosogat\u00e1sra! - MediaMarkt Magazin\",\"isPartOf\":{\"@id\":\"https:\/\/hir.mediamarkt.hu\/magazin\/#website\"},\"primaryImageOfPage\":{\"@id\":\"https:\/\/hir.mediamarkt.hu\/magazin\/ezzel-az-apro-kutyuvel-vettem-ra-pasim-mindennapos-mosogatasra\/#primaryimage\"},\"image\":{\"@id\":\"https:\/\/hir.mediamarkt.hu\/magazin\/ezzel-az-apro-kutyuvel-vettem-ra-pasim-mindennapos-mosogatasra\/#primaryimage\"},\"thumbnailUrl\":\"https:\/\/hir.mediamarkt.hu\/magazin\/wp-content\/uploads\/2018\/03\/00.jpeg\",\"datePublished\":\"2018-04-03T07:00:40+00:00\",\"dateModified\":\"2018-04-03T09:36:54+00:00\",\"author\":{\"@id\":\"https:\/\/hir.mediamarkt.hu\/magazin\/#\/schema\/person\/b93b02ec1ab4d2353f8d281e171c1b0b\"},\"breadcrumb\":{\"@id\":\"https:\/\/hir.mediamarkt.hu\/magazin\/ezzel-az-apro-kutyuvel-vettem-ra-pasim-mindennapos-mosogatasra\/#breadcrumb\"},\"inLanguage\":\"hu\",\"potentialAction\":[{\"@type\":\"ReadAction\",\"target\":[\"https:\/\/hir.mediamarkt.hu\/magazin\/ezzel-az-apro-kutyuvel-vettem-ra-pasim-mindennapos-mosogatasra\/\"]}]},{\"@type\":\"ImageObject\",\"inLanguage\":\"hu\",\"@id\":\"https:\/\/hir.mediamarkt.hu\/magazin\/ezzel-az-apro-kutyuvel-vettem-ra-pasim-mindennapos-mosogatasra\/#primaryimage\",\"url\":\"https:\/\/hir.mediamarkt.hu\/magazin\/wp-content\/uploads\/2018\/03\/00.jpeg\",\"contentUrl\":\"https:\/\/hir.mediamarkt.hu\/magazin\/wp-content\/uploads\/2018\/03\/00.jpeg\",\"width\":1122,\"height\":750},{\"@type\":\"BreadcrumbList\",\"@id\":\"https:\/\/hir.mediamarkt.hu\/magazin\/ezzel-az-apro-kutyuvel-vettem-ra-pasim-mindennapos-mosogatasra\/#breadcrumb\",\"itemListElement\":[{\"@type\":\"ListItem\",\"position\":1,\"name\":\"Kezd\u0151lap\",\"item\":\"https:\/\/hir.mediamarkt.hu\/magazin\/\"},{\"@type\":\"ListItem\",\"position\":2,\"name\":\"Tesztelt\u00fck\",\"item\":\"https:\/\/hir.mediamarkt.hu\/magazin\/teszteltuk\/\"},{\"@type\":\"ListItem\",\"position\":3,\"name\":\"Ezzel az apr\u00f3 k\u00fcty\u00fcvel vettem r\u00e1 a pasim a mindennapos mosogat\u00e1sra!\"}]},{\"@type\":\"WebSite\",\"@id\":\"https:\/\/hir.mediamarkt.hu\/magazin\/#website\",\"url\":\"https:\/\/hir.mediamarkt.hu\/magazin\/\",\"name\":\"MediaMarkt Magazin\",\"description\":\"Olvass bele magazinunkba!\",\"potentialAction\":[{\"@type\":\"SearchAction\",\"target\":{\"@type\":\"EntryPoint\",\"urlTemplate\":\"https:\/\/hir.mediamarkt.hu\/magazin\/?s={search_term_string}\"},\"query-input\":\"required name=search_term_string\"}],\"inLanguage\":\"hu\"},{\"@type\":\"Person\",\"@id\":\"https:\/\/hir.mediamarkt.hu\/magazin\/#\/schema\/person\/b93b02ec1ab4d2353f8d281e171c1b0b\",\"name\":\"Media Markt\",\"image\":{\"@type\":\"ImageObject\",\"inLanguage\":\"hu\",\"@id\":\"https:\/\/hir.mediamarkt.hu\/magazin\/#\/schema\/person\/image\/\",\"url\":\"https:\/\/secure.gravatar.com\/avatar\/602bccae8998beee472d01909f0978f1?s=96&d=mm&r=g\",\"contentUrl\":\"https:\/\/secure.gravatar.com\/avatar\/602bccae8998beee472d01909f0978f1?s=96&d=mm&r=g\",\"caption\":\"Media Markt\"}}]}<\/script>\n<!-- \/ Yoast SEO plugin. -->","yoast_head_json":{"title":"Ezzel az apr\u00f3 k\u00fcty\u00fcvel vettem r\u00e1 a pasim a mindennapos mosogat\u00e1sra! - MediaMarkt Magazin","robots":{"index":"index","follow":"follow","max-snippet":"max-snippet:-1","max-image-preview":"max-image-preview:large","max-video-preview":"max-video-preview:-1"},"canonical":"https:\/\/hir.mediamarkt.hu\/magazin\/ezzel-az-apro-kutyuvel-vettem-ra-pasim-mindennapos-mosogatasra\/","og_locale":"hu_HU","og_type":"article","og_title":"Ezzel az apr\u00f3 k\u00fcty\u00fcvel vettem r\u00e1 a pasim a mindennapos mosogat\u00e1sra! - MediaMarkt Magazin","og_description":"Ki gondolta volna, hogy a f\u00e9rfiak h\u00e1zimunk\u00e1ba val\u00f3, \u00f6nk\u00e9nt \u00e9s sz\u00f3 szerint dalolva t\u00f6rt\u00e9n\u0151 r\u00e9szv\u00e9tel\u00e9hez elegend\u0151 egy p\u00e9nzt\u00e1rca m\u00e9ret\u0171, diz\u00e1jnos t\u00e1rgy. R\u00e1ad\u00e1sul kifejezetten j\u00f3 \u00e1ron. \u00cdgy alakult ki a csal\u00e1di b\u00e9ke a Philips-nek \u00e9s az isteni szikr\u00e1val fel\u00e9r\u0151 \u00f6tletnek h\u00e1la!","og_url":"https:\/\/hir.mediamarkt.hu\/magazin\/ezzel-az-apro-kutyuvel-vettem-ra-pasim-mindennapos-mosogatasra\/","og_site_name":"MediaMarkt Magazin","article_publisher":"https:\/\/www.facebook.com\/MediaMarktMagyarorszag","article_published_time":"2018-04-03T07:00:40+00:00","article_modified_time":"2018-04-03T09:36:54+00:00","og_image":[{"width":1122,"height":750,"url":"https:\/\/hir.mediamarkt.hu\/magazin\/wp-content\/uploads\/2018\/03\/00.jpeg","type":"image\/jpeg"}],"author":"Media Markt","twitter_misc":{"Szerz\u0151:":"Media Markt","Becs\u00fclt olvas\u00e1si id\u0151":"6 perc"},"schema":{"@context":"https:\/\/schema.org","@graph":[{"@type":"WebPage","@id":"https:\/\/hir.mediamarkt.hu\/magazin\/ezzel-az-apro-kutyuvel-vettem-ra-pasim-mindennapos-mosogatasra\/","url":"https:\/\/hir.mediamarkt.hu\/magazin\/ezzel-az-apro-kutyuvel-vettem-ra-pasim-mindennapos-mosogatasra\/","name":"Ezzel az apr\u00f3 k\u00fcty\u00fcvel vettem r\u00e1 a pasim a mindennapos mosogat\u00e1sra! - MediaMarkt Magazin","isPartOf":{"@id":"https:\/\/hir.mediamarkt.hu\/magazin\/#website"},"primaryImageOfPage":{"@id":"https:\/\/hir.mediamarkt.hu\/magazin\/ezzel-az-apro-kutyuvel-vettem-ra-pasim-mindennapos-mosogatasra\/#primaryimage"},"image":{"@id":"https:\/\/hir.mediamarkt.hu\/magazin\/ezzel-az-apro-kutyuvel-vettem-ra-pasim-mindennapos-mosogatasra\/#primaryimage"},"thumbnailUrl":"https:\/\/hir.mediamarkt.hu\/magazin\/wp-content\/uploads\/2018\/03\/00.jpeg","datePublished":"2018-04-03T07:00:40+00:00","dateModified":"2018-04-03T09:36:54+00:00","author":{"@id":"https:\/\/hir.mediamarkt.hu\/magazin\/#\/schema\/person\/b93b02ec1ab4d2353f8d281e171c1b0b"},"breadcrumb":{"@id":"https:\/\/hir.mediamarkt.hu\/magazin\/ezzel-az-apro-kutyuvel-vettem-ra-pasim-mindennapos-mosogatasra\/#breadcrumb"},"inLanguage":"hu","potentialAction":[{"@type":"ReadAction","target":["https:\/\/hir.mediamarkt.hu\/magazin\/ezzel-az-apro-kutyuvel-vettem-ra-pasim-mindennapos-mosogatasra\/"]}]},{"@type":"ImageObject","inLanguage":"hu","@id":"https:\/\/hir.mediamarkt.hu\/magazin\/ezzel-az-apro-kutyuvel-vettem-ra-pasim-mindennapos-mosogatasra\/#primaryimage","url":"https:\/\/hir.mediamarkt.hu\/magazin\/wp-content\/uploads\/2018\/03\/00.jpeg","contentUrl":"https:\/\/hir.mediamarkt.hu\/magazin\/wp-content\/uploads\/2018\/03\/00.jpeg","width":1122,"height":750},{"@type":"BreadcrumbList","@id":"https:\/\/hir.mediamarkt.hu\/magazin\/ezzel-az-apro-kutyuvel-vettem-ra-pasim-mindennapos-mosogatasra\/#breadcrumb","itemListElement":[{"@type":"ListItem","position":1,"name":"Kezd\u0151lap","item":"https:\/\/hir.mediamarkt.hu\/magazin\/"},{"@type":"ListItem","position":2,"name":"Tesztelt\u00fck","item":"https:\/\/hir.mediamarkt.hu\/magazin\/teszteltuk\/"},{"@type":"ListItem","position":3,"name":"Ezzel az apr\u00f3 k\u00fcty\u00fcvel vettem r\u00e1 a pasim a mindennapos mosogat\u00e1sra!"}]},{"@type":"WebSite","@id":"https:\/\/hir.mediamarkt.hu\/magazin\/#website","url":"https:\/\/hir.mediamarkt.hu\/magazin\/","name":"MediaMarkt Magazin","description":"Olvass bele magazinunkba!","potentialAction":[{"@type":"SearchAction","target":{"@type":"EntryPoint","urlTemplate":"https:\/\/hir.mediamarkt.hu\/magazin\/?s={search_term_string}"},"query-input":"required name=search_term_string"}],"inLanguage":"hu"},{"@type":"Person","@id":"https:\/\/hir.mediamarkt.hu\/magazin\/#\/schema\/person\/b93b02ec1ab4d2353f8d281e171c1b0b","name":"Media Markt","image":{"@type":"ImageObject","inLanguage":"hu","@id":"https:\/\/hir.mediamarkt.hu\/magazin\/#\/schema\/person\/image\/","url":"https:\/\/secure.gravatar.com\/avatar\/602bccae8998beee472d01909f0978f1?s=96&d=mm&r=g","contentUrl":"https:\/\/secure.gravatar.com\/avatar\/602bccae8998beee472d01909f0978f1?s=96&d=mm&r=g","caption":"Media Markt"}}]}},"_links":{"self":[{"href":"https:\/\/hir.mediamarkt.hu\/magazin\/wp-json\/wp\/v2\/posts\/5582"}],"collection":[{"href":"https:\/\/hir.mediamarkt.hu\/magazin\/wp-json\/wp\/v2\/posts"}],"about":[{"href":"https:\/\/hir.mediamarkt.hu\/magazin\/wp-json\/wp\/v2\/types\/post"}],"author":[{"embeddable":true,"href":"https:\/\/hir.mediamarkt.hu\/magazin\/wp-json\/wp\/v2\/users\/13"}],"replies":[{"embeddable":true,"href":"https:\/\/hir.mediamarkt.hu\/magazin\/wp-json\/wp\/v2\/comments?post=5582"}],"version-history":[{"count":6,"href":"https:\/\/hir.mediamarkt.hu\/magazin\/wp-json\/wp\/v2\/posts\/5582\/revisions"}],"predecessor-version":[{"id":5607,"href":"https:\/\/hir.mediamarkt.hu\/magazin\/wp-json\/wp\/v2\/posts\/5582\/revisions\/5607"}],"wp:featuredmedia":[{"embeddable":true,"href":"https:\/\/hir.mediamarkt.hu\/magazin\/wp-json\/wp\/v2\/media\/5594"}],"wp:attachment":[{"href":"https:\/\/hir.mediamarkt.hu\/magazin\/wp-json\/wp\/v2\/media?parent=5582"}],"wp:term":[{"taxonomy":"category","embeddable":true,"href":"https:\/\/hir.mediamarkt.hu\/magazin\/wp-json\/wp\/v2\/categories?post=5582"},{"taxonomy":"post_tag","embeddable":true,"href":"https:\/\/hir.mediamarkt.hu\/magazin\/wp-json\/wp\/v2\/tags?post=5582"}],"curies":[{"name":"wp","href":"https:\/\/api.w.org\/{rel}","templated":true}]}}