{"id":5630,"date":"2018-04-29T08:00:56","date_gmt":"2018-04-29T07:00:56","guid":{"rendered":"http:\/\/hir.mediamarkt.hu\/magazin\/?p=5630"},"modified":"2018-05-11T11:08:44","modified_gmt":"2018-05-11T10:08:44","slug":"mennyi-az-annyi-bosch-mosogep-ar-kedvezmeny-tamogatat","status":"publish","type":"post","link":"https:\/\/hir.mediamarkt.hu\/magazin\/mennyi-az-annyi-bosch-mosogep-ar-kedvezmeny-tamogatat\/","title":{"rendered":"Mennyi az annyi? \u00cdgy sz\u00e1molhat\u00f3 ki az \u00faj mos\u00f3g\u00e9p \u00e9ves k\u00f6lts\u00e9ge \u00e9s az \u00e1r megt\u00e9r\u00fcl\u00e9s\u00e9nek ideje. El\u0151re az A+++-\u00e9rt!"},"content":{"rendered":"<b>Sz\u00ednes matrica v\u00e1r m\u00e1r \u00e9vek \u00f3ta mindannyiunkat egy-egy elektromos h\u00e1ztart\u00e1si nagyg\u00e9p v\u00e1s\u00e1rl\u00e1sakor. De a b\u00f3d\u00edt\u00f3 sz\u00edv\u00e1rv\u00e1nysz\u00edneken t\u00fal l\u00e1tjuk a konkr\u00e9t sz\u00e1mokat is? Mennyibe ker\u00fcl egy mos\u00e1s \u00e9s mikor \u201chozza be az \u00e1r\u00e1t\u201d az A+++ rendszer? Elmondjuk!<\/b><!--more-->\r\n\r\nAz elm\u00falt \u00e9vek sor\u00e1n az \u00e1llam az <strong>Otthon Melege Programmal<\/strong> k\u00edv\u00e1nta seg\u00edteni a lakoss\u00e1got, hogy \u00faj \u00e9s lehet\u0151s\u00e9g szerint k\u00f6rnyezetk\u00edm\u00e9l\u0151(bb) berendez\u00e9sekhez jusson. <strong>A t\u00e1mogat\u00e1s m\u00e9rt\u00e9ke az A ut\u00e1ni pluszok sz\u00e1m\u00e1val egyenes ar\u00e1nyban n\u0151tt,<\/strong> \u00f6szt\u00f6n\u00f6zve a \u201cmagyarorsz\u00e1gi lak\u00f3hellyel rendelkez\u0151 nagykor\u00fa, term\u00e9szetes szem\u00e9lyeket\u201d a z\u00f6ldebb megold\u00e1s v\u00e1laszt\u00e1s\u00e1ra. Ha valakinek nem lenne ismer\u0151s a lehet\u0151s\u00e9g:\r\n<blockquote>\r\n<h2>a vissza nem t\u00e9r\u00edtend\u0151 t\u00e1mogat\u00e1ssal cs\u00f6kkentett v\u00e9tel\u00e1ron (t\u00e1mogat\u00e1ssal cs\u00f6kkentett bolti \u00e1ron) jogosultak a p\u00e1ly\u00e1z\u00f3k \u00faj h\u00e1ztart\u00e1si nagyg\u00e9p (h\u0171t\u0151 vagy fagyaszt\u00f3 k\u00e9sz\u00fcl\u00e9k, vagy mos\u00f3g\u00e9p illetve mos\u00f3-sz\u00e1r\u00edt\u00f3g\u00e9p) beszerz\u00e9s\u00e9re.<\/h2>\r\n<\/blockquote>\r\nAz idei ki\u00edr\u00e1s \u00e9s keret m\u00e9g v\u00e1rat mag\u00e1ra, az el\u0151z\u0151 \u00e9vekhez hasonl\u00f3an azonban augusztus k\u00f6rny\u00e9k\u00e9n v\u00e1rhat\u00f3 a program \u00fajb\u00f3li bejelent\u00e9se. \u00c9s hogy hogyan festett eddig az \u00e1llami t\u00e1mogat\u00e1s az energiaoszt\u00e1lyoz\u00e1s t\u00fckr\u00e9ben?\r\n<ul>\r\n \t<li>\r\n<h3><strong>A+ kateg\u00f3ri\u00e1j\u00fa h\u00e1ztart\u00e1si nagyg\u00e9p beszerz\u00e9se eset\u00e9n 25 000 Ft\/ h\u00e1ztart\u00e1si nagyg\u00e9p<\/strong><\/h3>\r\n<\/li>\r\n \t<li>\r\n<h3><strong>A++ kateg\u00f3ri\u00e1j\u00fa h\u00e1ztart\u00e1si nagyg\u00e9p beszerz\u00e9se eset\u00e9n 40 000 Ft\/ h\u00e1ztart\u00e1si nagyg\u00e9p<\/strong><\/h3>\r\n<\/li>\r\n \t<li>\r\n<h3><strong>A+++ kateg\u00f3ri\u00e1j\u00fa nagyg\u00e9p beszerz\u00e9se eset\u00e9n 45 000 Ft\/h\u00e1ztart\u00e1si nagyg\u00e9p<\/strong><\/h3>\r\n<\/li>\r\n<\/ul>\r\n<span style=\"font-weight: 400;\">volt a t\u00e1mogat\u00e1s m\u00e9rt\u00e9ke. <\/span>\r\n\r\nAz \u00e1llam aj\u00e1nlata egy\u00e9bk\u00e9nt csak bizonyos m\u00e1rk\u00e1kra vonatkozik, melyeket kiz\u00e1r\u00f3lag a regisztr\u00e1lt keresked\u0151k list\u00e1j\u00e1n lehet \u00e9rv\u00e9nyes\u00edteni. Ezek k\u00f6z\u00e9 tartozik a MediaMarkt is, ahol <strong><a href=\"http:\/\/www.mediamarkt.hu\/hu\/product\/_bosch-wab20262by-el%C3%B6lt%C3%B6lt%C5%91s-mos%C3%B3g%C3%A9p-1147690.html\">a legolcs\u00f3bb A+++ kateg\u00f3ri\u00e1s Bosch mos\u00f3g\u00e9p<\/a> jelenleg 89 999 Ft.<\/strong> Teh\u00e1t az esetleges t\u00e1mogat\u00e1ssal f\u00e9l\u00e1ron lehet hozz\u00e1jutni a berendez\u00e9shez.\r\n\r\n<span style=\"font-weight: 400;\">De l\u00e9pj\u00fcnk tov\u00e1bb egy m\u00e1sik matematikai s\u00edkra. \u00cdg\u00e9rj\u00fck, nem lesz egy \u00f6rd\u00f6glakat a dolog, ak\u00e1r \u00e9rdemes a kisiskol\u00e1s gyereket is bevonni a sz\u00e1molgat\u00e1sba, hiszen egy ilyen k\u00e9zzelfoghat\u00f3 p\u00e9ld\u00e1val ak\u00e1r az oszt\u00e1s \u00e9s szorz\u00e1s is \u00e9rdekesebb\u00e9 v\u00e1lhat. <\/span>\r\n\r\n<img loading=\"lazy\" decoding=\"async\" class=\"alignnone size-full wp-image-5633\" src=\"http:\/\/hir.mediamarkt.hu\/magazin\/wp-content\/uploads\/2018\/04\/001a.jpg\" alt=\"\" width=\"525\" height=\"350\" srcset=\"https:\/\/hir.mediamarkt.hu\/magazin\/wp-content\/uploads\/2018\/04\/001a.jpg 525w, https:\/\/hir.mediamarkt.hu\/magazin\/wp-content\/uploads\/2018\/04\/001a-275x183.jpg 275w, https:\/\/hir.mediamarkt.hu\/magazin\/wp-content\/uploads\/2018\/04\/001a-300x200.jpg 300w\" sizes=\"(max-width: 525px) 100vw, 525px\" \/>\r\n<h2><\/h2>\r\n<h2><strong>Fogyaszt\u00e1s\/\u00e9v, megt\u00e9r\u00fcl\u00e9s, \u00f6r\u00f6m!<\/strong><\/h2>\r\nMit sz\u00e1molhatunk ki? K\u00e9t dolgot: a v\u00edz \u00e9s az energiafogyaszt\u00e1st. Mindezt pedig azt\u00e1n kivet\u00edthetj\u00fck Ft\/mos\u00e1si alkalom adatra is. Az alapegys\u00e9g, amelyben a g\u00e9pek fogyaszt\u00e1s\u00e1t sz\u00e1molj\u00e1k \u00e9s fel is t\u00fcntetik a k\u00e9sz\u00fcl\u00e9ken: a 220 mos\u00e1s\/\u00e9v mutat\u00f3.\r\n\r\n<span style=\"font-weight: 400;\">A korszer\u0171 g\u00e9pek jellemz\u0151en 150-200 kilowatt\u00f3r\u00e1t \u00e9s 7,3-9,9 k\u00f6bm\u00e9ter vizet fogyasztanak 220 mos\u00e1st alapul v\u00e9ve. Egy v\u00e1s\u00e1rl\u00e1s sor\u00e1n a g\u00e9p energiac\u00edmk\u00e9j\u00e9n szerepl\u0151 kilowatt\u00f3r\u00e1t meg kell szorozni az aktu\u00e1lis \u00e1ram k\u00f6lts\u00e9gekkel (a <\/span><a href=\"https:\/\/szamoldki.hu\/hu\/kalkulator\/lakossagi-aramfogyasztas-kalkulator\"><span style=\"font-weight: 400;\">sz\u00e1moldki.hu<\/span><\/a><span style=\"font-weight: 400;\"> oldalon ezt szolg\u00e1ltat\u00f3ra bontva meg is tehetj\u00fck, az ELM\u0170 szorz\u00f3ja jelenleg 36,24 Ft) mely megadja az \u00e9ves \u00e1ramfogyaszt\u00e1s \u00e9rt\u00e9k\u00e9t. A v\u00edz eset\u00e9n, mindent egybevetve jelenleg 800 forintot sz\u00e1molhatunk k\u00f6bm\u00e9terenk\u00e9nt. A kett\u0151 \u00f6sszeg\u00e9b\u0151l ad\u00f3dik a mos\u00f3g\u00e9p \u00e9ves k\u00f6lts\u00e9ge.<\/span>\r\n\r\n<img loading=\"lazy\" decoding=\"async\" class=\"alignnone size-full wp-image-5636\" src=\"http:\/\/hir.mediamarkt.hu\/magazin\/wp-content\/uploads\/2018\/04\/00-1.png\" alt=\"\" width=\"786\" height=\"587\" srcset=\"https:\/\/hir.mediamarkt.hu\/magazin\/wp-content\/uploads\/2018\/04\/00-1.png 786w, https:\/\/hir.mediamarkt.hu\/magazin\/wp-content\/uploads\/2018\/04\/00-1-275x205.png 275w, https:\/\/hir.mediamarkt.hu\/magazin\/wp-content\/uploads\/2018\/04\/00-1-300x224.png 300w, https:\/\/hir.mediamarkt.hu\/magazin\/wp-content\/uploads\/2018\/04\/00-1-768x574.png 768w, https:\/\/hir.mediamarkt.hu\/magazin\/wp-content\/uploads\/2018\/04\/00-1-720x538.png 720w\" sizes=\"(max-width: 786px) 100vw, 786px\" \/>\r\n\r\n&nbsp;\r\n<h2><b>Mennyi az annyi\u00a0&#8222;matekp\u00e9lda&#8221; a legolcs\u00f3bb, MediaMarktban beszerezhet\u0151 A+-os Bosch g\u00e9p eset\u00e9n<\/b><\/h2>\r\n&nbsp;\r\n\r\n<span style=\"font-weight: 400;\"><a href=\"http:\/\/www.mediamarkt.hu\/hu\/product\/_bosch-wab20061by-el%C3%B6lt%C3%B6lt%C5%91s-mos%C3%B3g%C3%A9p-1161829.html\">BOSCH WAB20061BY el\u00f6lt\u00f6lt\u0151s mos\u00f3g\u00e9p<\/a>, \u00e1ra\u00a071 990 Ft<\/span>\r\n\r\n<span style=\"font-weight: 400;\">\u00c9ves energiafogyaszt\u00e1s (<\/span><span style=\"font-weight: 400;\">kWh\/\u00e9v)<\/span><span style=\"font-weight: 400;\">: 153 kWh &gt; <strong>182 x 36,24= 6595 Ft<\/strong><\/span>\r\n\r\n<span style=\"font-weight: 400;\">\u00c9ves v\u00edzfogyaszt\u00e1s (<\/span><span style=\"font-weight: 400;\">liter\/\u00e9v)<\/span><span style=\"font-weight: 400;\">: 10560 l &gt; <strong>9,02\u00a0m3 x 800 = 7360 Ft<\/strong><\/span>\r\n\r\n\u00d6sszesen: <strong>13 955Ft\/\u00e9v<\/strong>\r\n\r\nEgy mos\u00e1s \u00e1ra \u00edgy <strong>63 Ft<\/strong>-ra j\u00f6n ki.\r\n\r\n&nbsp;\r\n<h2><b>Mennyi az annyi\u00a0&#8222;matekp\u00e9lda&#8221; a legdr\u00e1g\u00e1bb, MediaMarktban beszerezhet\u0151 A+++-os Bosch g\u00e9p eset\u00e9n<\/b><\/h2>\r\n&nbsp;\r\n\r\n<a href=\"http:\/\/www.mediamarkt.hu\/hu\/product\/_bosch-wat28761by-mos%C3%B3g%C3%A9p-1244920.html\"><span style=\"font-weight: 400;\">BOSCH WAT28761BY mos\u00f3g\u00e9p<\/span><\/a><span style=\"font-weight: 400;\">, \u00e1ra 319 999 Ft<\/span>\r\n\r\n<span style=\"font-weight: 400;\">\u00c9ves energiafogyaszt\u00e1s (<\/span><span style=\"font-weight: 400;\">kWh\/\u00e9v)<\/span><span style=\"font-weight: 400;\">: 152 kWh &gt; <strong>152 x 36,24= 5510 Ft<\/strong><\/span>\r\n\r\n<span style=\"font-weight: 400;\">\u00c9ves v\u00edzfogyaszt\u00e1s (<\/span><span style=\"font-weight: 400;\">liter\/\u00e9v)<\/span><span style=\"font-weight: 400;\">: 11 220 l &gt; <strong>11,22 m3 x 800 = 8976 Ft<\/strong><\/span>\r\n\r\n<span style=\"font-weight: 400;\">\u00d6sszesen: <strong>14 486 Ft\/\u00e9v<\/strong><\/span>\r\n\r\n<span style=\"font-weight: 400;\">Egy mos\u00e1s \u00e1ra \u00edgy durv\u00e1n <strong>66 F<\/strong>t-ra j\u00f6n ki. <\/span>\r\n\r\n<span style=\"font-size: 10px;\">(A sz\u00e1mokat a forint \u00e9rt\u00e9k\u00e9nek megfelel\u0151en esetenk\u00e9nt kerek\u00edtett\u00fck.)<\/span>\r\n\r\n<img loading=\"lazy\" decoding=\"async\" class=\"alignnone size-full wp-image-5634\" src=\"http:\/\/hir.mediamarkt.hu\/magazin\/wp-content\/uploads\/2018\/04\/01.png\" alt=\"\" width=\"786\" height=\"587\" srcset=\"https:\/\/hir.mediamarkt.hu\/magazin\/wp-content\/uploads\/2018\/04\/01.png 786w, https:\/\/hir.mediamarkt.hu\/magazin\/wp-content\/uploads\/2018\/04\/01-275x205.png 275w, https:\/\/hir.mediamarkt.hu\/magazin\/wp-content\/uploads\/2018\/04\/01-300x224.png 300w, https:\/\/hir.mediamarkt.hu\/magazin\/wp-content\/uploads\/2018\/04\/01-768x574.png 768w, https:\/\/hir.mediamarkt.hu\/magazin\/wp-content\/uploads\/2018\/04\/01-720x538.png 720w\" sizes=\"(max-width: 786px) 100vw, 786px\" \/>\r\n\r\n<span style=\"font-weight: 400;\">Jelenleg a MediaMarktn\u00e1l <a href=\"http:\/\/www.mediamarkt.hu\/hu\/category\/_mos%C3%B3g%C3%A9p-504636.html?searchParams=%2FSearch.ff%3FfilterTabbedCategory%3Donlineshop%26filterCategoriesROOT%3DH%25C3%25A1ztart%25C3%25A1si%2Bnagyg%25C3%25A9p%25C2%25A7MediaHUhuc565510%26filterCategoriesROOT%252FH%25C3%25A1ztart%25C3%25A1si%2Bnagyg%25C3%25A9p%25C2%25A7MediaHUhuc565510%3DMos%25C3%25B3g%25C3%25A9p%25C2%25A7MediaHUhuc504636%26filteravailability%3D1%26filterbrand%3DBOSCH%26channel%3Dmmhuhu%26productsPerPage%3D24%26followSearch%3D9857%26disableTabbedCategory%3Dtrue%26navigation%3Dtrue&amp;sort=price&amp;view=PRODUCTLIST&amp;page=\">24 Bosch mos\u00f3g\u00e9p<\/a> k\u00f6z\u00fcl v\u00e1logathatunk, ebb\u0151l mind\u00f6ssze egy A+-os, a t\u00f6bbi k\u00e9sz\u00fcl\u00e9k h\u00e1rom plusszal rendelkezik. \u00c9rdemes felismerni a sok pozit\u00edv el\u0151jel m\u00f6g\u00f6tt a val\u00f3di \u00e9rt\u00e9ket!<\/span>","protected":false},"excerpt":{"rendered":"Sz\u00ednes matrica v\u00e1r m\u00e1r \u00e9vek \u00f3ta mindannyiunkat egy-egy elektromos h\u00e1ztart\u00e1si nagyg\u00e9p v\u00e1s\u00e1rl\u00e1sakor. De a b\u00f3d\u00edt\u00f3 sz\u00edv\u00e1rv\u00e1nysz\u00edneken t\u00fal l\u00e1tjuk a konkr\u00e9t sz\u00e1mokat is? Mennyibe ker\u00fcl egy mos\u00e1s \u00e9s mikor \u201chozza be az \u00e1r\u00e1t\u201d az A+++ rendszer? Elmondjuk!","protected":false},"author":13,"featured_media":5632,"comment_status":"open","ping_status":"open","sticky":false,"template":"","format":"standard","meta":{"wprm-recipe-roundup-name":"","wprm-recipe-roundup-description":"","footnotes":""},"categories":[5981],"tags":[2495,2150,2102,2470,2496,2127,2173,2487,2494,1541,1419],"yoast_head":"<!-- This site is optimized with the Yoast SEO plugin v22.9 - https:\/\/yoast.com\/wordpress\/plugins\/seo\/ -->\n<title>Mennyi az annyi? \u00cdgy sz\u00e1molhat\u00f3 ki az \u00faj mos\u00f3g\u00e9p \u00e9ves k\u00f6lts\u00e9ge \u00e9s az \u00e1r megt\u00e9r\u00fcl\u00e9s\u00e9nek ideje. El\u0151re az A+++-\u00e9rt! - MediaMarkt Magazin<\/title>\n<meta name=\"robots\" content=\"index, follow, max-snippet:-1, max-image-preview:large, max-video-preview:-1\" \/>\n<link rel=\"canonical\" href=\"https:\/\/hir.mediamarkt.hu\/magazin\/mennyi-az-annyi-bosch-mosogep-ar-kedvezmeny-tamogatat\/\" \/>\n<meta property=\"og:locale\" content=\"hu_HU\" \/>\n<meta property=\"og:type\" content=\"article\" \/>\n<meta property=\"og:title\" content=\"Mennyi az annyi? \u00cdgy sz\u00e1molhat\u00f3 ki az \u00faj mos\u00f3g\u00e9p \u00e9ves k\u00f6lts\u00e9ge \u00e9s az \u00e1r megt\u00e9r\u00fcl\u00e9s\u00e9nek ideje. El\u0151re az A+++-\u00e9rt! - MediaMarkt Magazin\" \/>\n<meta property=\"og:description\" content=\"Sz\u00ednes matrica v\u00e1r m\u00e1r \u00e9vek \u00f3ta mindannyiunkat egy-egy elektromos h\u00e1ztart\u00e1si nagyg\u00e9p v\u00e1s\u00e1rl\u00e1sakor. De a b\u00f3d\u00edt\u00f3 sz\u00edv\u00e1rv\u00e1nysz\u00edneken t\u00fal l\u00e1tjuk a konkr\u00e9t sz\u00e1mokat is? Mennyibe ker\u00fcl egy mos\u00e1s \u00e9s mikor \u201chozza be az \u00e1r\u00e1t\u201d az A+++ rendszer? Elmondjuk!\" \/>\n<meta property=\"og:url\" content=\"https:\/\/hir.mediamarkt.hu\/magazin\/mennyi-az-annyi-bosch-mosogep-ar-kedvezmeny-tamogatat\/\" \/>\n<meta property=\"og:site_name\" content=\"MediaMarkt Magazin\" \/>\n<meta property=\"article:publisher\" content=\"https:\/\/www.facebook.com\/MediaMarktMagyarorszag\" \/>\n<meta property=\"article:published_time\" content=\"2018-04-29T07:00:56+00:00\" \/>\n<meta property=\"article:modified_time\" content=\"2018-05-11T10:08:44+00:00\" \/>\n<meta property=\"og:image\" content=\"https:\/\/hir.mediamarkt.hu\/magazin\/wp-content\/uploads\/2018\/04\/001.jpg\" \/>\n\t<meta property=\"og:image:width\" content=\"525\" \/>\n\t<meta property=\"og:image:height\" content=\"350\" \/>\n\t<meta property=\"og:image:type\" content=\"image\/jpeg\" \/>\n<meta name=\"author\" content=\"Media Markt\" \/>\n<meta name=\"twitter:label1\" content=\"Szerz\u0151:\" \/>\n\t<meta name=\"twitter:data1\" content=\"Media Markt\" \/>\n\t<meta name=\"twitter:label2\" content=\"Becs\u00fclt olvas\u00e1si id\u0151\" \/>\n\t<meta name=\"twitter:data2\" content=\"4 perc\" \/>\n<script type=\"application\/ld+json\" class=\"yoast-schema-graph\">{\"@context\":\"https:\/\/schema.org\",\"@graph\":[{\"@type\":\"WebPage\",\"@id\":\"https:\/\/hir.mediamarkt.hu\/magazin\/mennyi-az-annyi-bosch-mosogep-ar-kedvezmeny-tamogatat\/\",\"url\":\"https:\/\/hir.mediamarkt.hu\/magazin\/mennyi-az-annyi-bosch-mosogep-ar-kedvezmeny-tamogatat\/\",\"name\":\"Mennyi az annyi? \u00cdgy sz\u00e1molhat\u00f3 ki az \u00faj mos\u00f3g\u00e9p \u00e9ves k\u00f6lts\u00e9ge \u00e9s az \u00e1r megt\u00e9r\u00fcl\u00e9s\u00e9nek ideje. El\u0151re az A+++-\u00e9rt! - MediaMarkt Magazin\",\"isPartOf\":{\"@id\":\"https:\/\/hir.mediamarkt.hu\/magazin\/#website\"},\"primaryImageOfPage\":{\"@id\":\"https:\/\/hir.mediamarkt.hu\/magazin\/mennyi-az-annyi-bosch-mosogep-ar-kedvezmeny-tamogatat\/#primaryimage\"},\"image\":{\"@id\":\"https:\/\/hir.mediamarkt.hu\/magazin\/mennyi-az-annyi-bosch-mosogep-ar-kedvezmeny-tamogatat\/#primaryimage\"},\"thumbnailUrl\":\"https:\/\/hir.mediamarkt.hu\/magazin\/wp-content\/uploads\/2018\/04\/001.jpg\",\"datePublished\":\"2018-04-29T07:00:56+00:00\",\"dateModified\":\"2018-05-11T10:08:44+00:00\",\"author\":{\"@id\":\"https:\/\/hir.mediamarkt.hu\/magazin\/#\/schema\/person\/b93b02ec1ab4d2353f8d281e171c1b0b\"},\"breadcrumb\":{\"@id\":\"https:\/\/hir.mediamarkt.hu\/magazin\/mennyi-az-annyi-bosch-mosogep-ar-kedvezmeny-tamogatat\/#breadcrumb\"},\"inLanguage\":\"hu\",\"potentialAction\":[{\"@type\":\"ReadAction\",\"target\":[\"https:\/\/hir.mediamarkt.hu\/magazin\/mennyi-az-annyi-bosch-mosogep-ar-kedvezmeny-tamogatat\/\"]}]},{\"@type\":\"ImageObject\",\"inLanguage\":\"hu\",\"@id\":\"https:\/\/hir.mediamarkt.hu\/magazin\/mennyi-az-annyi-bosch-mosogep-ar-kedvezmeny-tamogatat\/#primaryimage\",\"url\":\"https:\/\/hir.mediamarkt.hu\/magazin\/wp-content\/uploads\/2018\/04\/001.jpg\",\"contentUrl\":\"https:\/\/hir.mediamarkt.hu\/magazin\/wp-content\/uploads\/2018\/04\/001.jpg\",\"width\":525,\"height\":350},{\"@type\":\"BreadcrumbList\",\"@id\":\"https:\/\/hir.mediamarkt.hu\/magazin\/mennyi-az-annyi-bosch-mosogep-ar-kedvezmeny-tamogatat\/#breadcrumb\",\"itemListElement\":[{\"@type\":\"ListItem\",\"position\":1,\"name\":\"Kezd\u0151lap\",\"item\":\"https:\/\/hir.mediamarkt.hu\/magazin\/\"},{\"@type\":\"ListItem\",\"position\":2,\"name\":\"Mennyi az annyi? \u00cdgy sz\u00e1molhat\u00f3 ki az \u00faj mos\u00f3g\u00e9p \u00e9ves k\u00f6lts\u00e9ge \u00e9s az \u00e1r megt\u00e9r\u00fcl\u00e9s\u00e9nek ideje. El\u0151re az A+++-\u00e9rt!\"}]},{\"@type\":\"WebSite\",\"@id\":\"https:\/\/hir.mediamarkt.hu\/magazin\/#website\",\"url\":\"https:\/\/hir.mediamarkt.hu\/magazin\/\",\"name\":\"MediaMarkt Magazin\",\"description\":\"Olvass bele magazinunkba!\",\"potentialAction\":[{\"@type\":\"SearchAction\",\"target\":{\"@type\":\"EntryPoint\",\"urlTemplate\":\"https:\/\/hir.mediamarkt.hu\/magazin\/?s={search_term_string}\"},\"query-input\":\"required name=search_term_string\"}],\"inLanguage\":\"hu\"},{\"@type\":\"Person\",\"@id\":\"https:\/\/hir.mediamarkt.hu\/magazin\/#\/schema\/person\/b93b02ec1ab4d2353f8d281e171c1b0b\",\"name\":\"Media Markt\",\"image\":{\"@type\":\"ImageObject\",\"inLanguage\":\"hu\",\"@id\":\"https:\/\/hir.mediamarkt.hu\/magazin\/#\/schema\/person\/image\/\",\"url\":\"https:\/\/secure.gravatar.com\/avatar\/602bccae8998beee472d01909f0978f1?s=96&d=mm&r=g\",\"contentUrl\":\"https:\/\/secure.gravatar.com\/avatar\/602bccae8998beee472d01909f0978f1?s=96&d=mm&r=g\",\"caption\":\"Media Markt\"}}]}<\/script>\n<!-- \/ Yoast SEO plugin. -->","yoast_head_json":{"title":"Mennyi az annyi? \u00cdgy sz\u00e1molhat\u00f3 ki az \u00faj mos\u00f3g\u00e9p \u00e9ves k\u00f6lts\u00e9ge \u00e9s az \u00e1r megt\u00e9r\u00fcl\u00e9s\u00e9nek ideje. El\u0151re az A+++-\u00e9rt! - MediaMarkt Magazin","robots":{"index":"index","follow":"follow","max-snippet":"max-snippet:-1","max-image-preview":"max-image-preview:large","max-video-preview":"max-video-preview:-1"},"canonical":"https:\/\/hir.mediamarkt.hu\/magazin\/mennyi-az-annyi-bosch-mosogep-ar-kedvezmeny-tamogatat\/","og_locale":"hu_HU","og_type":"article","og_title":"Mennyi az annyi? \u00cdgy sz\u00e1molhat\u00f3 ki az \u00faj mos\u00f3g\u00e9p \u00e9ves k\u00f6lts\u00e9ge \u00e9s az \u00e1r megt\u00e9r\u00fcl\u00e9s\u00e9nek ideje. El\u0151re az A+++-\u00e9rt! - MediaMarkt Magazin","og_description":"Sz\u00ednes matrica v\u00e1r m\u00e1r \u00e9vek \u00f3ta mindannyiunkat egy-egy elektromos h\u00e1ztart\u00e1si nagyg\u00e9p v\u00e1s\u00e1rl\u00e1sakor. De a b\u00f3d\u00edt\u00f3 sz\u00edv\u00e1rv\u00e1nysz\u00edneken t\u00fal l\u00e1tjuk a konkr\u00e9t sz\u00e1mokat is? Mennyibe ker\u00fcl egy mos\u00e1s \u00e9s mikor \u201chozza be az \u00e1r\u00e1t\u201d az A+++ rendszer? Elmondjuk!","og_url":"https:\/\/hir.mediamarkt.hu\/magazin\/mennyi-az-annyi-bosch-mosogep-ar-kedvezmeny-tamogatat\/","og_site_name":"MediaMarkt Magazin","article_publisher":"https:\/\/www.facebook.com\/MediaMarktMagyarorszag","article_published_time":"2018-04-29T07:00:56+00:00","article_modified_time":"2018-05-11T10:08:44+00:00","og_image":[{"width":525,"height":350,"url":"https:\/\/hir.mediamarkt.hu\/magazin\/wp-content\/uploads\/2018\/04\/001.jpg","type":"image\/jpeg"}],"author":"Media Markt","twitter_misc":{"Szerz\u0151:":"Media Markt","Becs\u00fclt olvas\u00e1si id\u0151":"4 perc"},"schema":{"@context":"https:\/\/schema.org","@graph":[{"@type":"WebPage","@id":"https:\/\/hir.mediamarkt.hu\/magazin\/mennyi-az-annyi-bosch-mosogep-ar-kedvezmeny-tamogatat\/","url":"https:\/\/hir.mediamarkt.hu\/magazin\/mennyi-az-annyi-bosch-mosogep-ar-kedvezmeny-tamogatat\/","name":"Mennyi az annyi? \u00cdgy sz\u00e1molhat\u00f3 ki az \u00faj mos\u00f3g\u00e9p \u00e9ves k\u00f6lts\u00e9ge \u00e9s az \u00e1r megt\u00e9r\u00fcl\u00e9s\u00e9nek ideje. El\u0151re az A+++-\u00e9rt! - MediaMarkt Magazin","isPartOf":{"@id":"https:\/\/hir.mediamarkt.hu\/magazin\/#website"},"primaryImageOfPage":{"@id":"https:\/\/hir.mediamarkt.hu\/magazin\/mennyi-az-annyi-bosch-mosogep-ar-kedvezmeny-tamogatat\/#primaryimage"},"image":{"@id":"https:\/\/hir.mediamarkt.hu\/magazin\/mennyi-az-annyi-bosch-mosogep-ar-kedvezmeny-tamogatat\/#primaryimage"},"thumbnailUrl":"https:\/\/hir.mediamarkt.hu\/magazin\/wp-content\/uploads\/2018\/04\/001.jpg","datePublished":"2018-04-29T07:00:56+00:00","dateModified":"2018-05-11T10:08:44+00:00","author":{"@id":"https:\/\/hir.mediamarkt.hu\/magazin\/#\/schema\/person\/b93b02ec1ab4d2353f8d281e171c1b0b"},"breadcrumb":{"@id":"https:\/\/hir.mediamarkt.hu\/magazin\/mennyi-az-annyi-bosch-mosogep-ar-kedvezmeny-tamogatat\/#breadcrumb"},"inLanguage":"hu","potentialAction":[{"@type":"ReadAction","target":["https:\/\/hir.mediamarkt.hu\/magazin\/mennyi-az-annyi-bosch-mosogep-ar-kedvezmeny-tamogatat\/"]}]},{"@type":"ImageObject","inLanguage":"hu","@id":"https:\/\/hir.mediamarkt.hu\/magazin\/mennyi-az-annyi-bosch-mosogep-ar-kedvezmeny-tamogatat\/#primaryimage","url":"https:\/\/hir.mediamarkt.hu\/magazin\/wp-content\/uploads\/2018\/04\/001.jpg","contentUrl":"https:\/\/hir.mediamarkt.hu\/magazin\/wp-content\/uploads\/2018\/04\/001.jpg","width":525,"height":350},{"@type":"BreadcrumbList","@id":"https:\/\/hir.mediamarkt.hu\/magazin\/mennyi-az-annyi-bosch-mosogep-ar-kedvezmeny-tamogatat\/#breadcrumb","itemListElement":[{"@type":"ListItem","position":1,"name":"Kezd\u0151lap","item":"https:\/\/hir.mediamarkt.hu\/magazin\/"},{"@type":"ListItem","position":2,"name":"Mennyi az annyi? \u00cdgy sz\u00e1molhat\u00f3 ki az \u00faj mos\u00f3g\u00e9p \u00e9ves k\u00f6lts\u00e9ge \u00e9s az \u00e1r megt\u00e9r\u00fcl\u00e9s\u00e9nek ideje. El\u0151re az A+++-\u00e9rt!"}]},{"@type":"WebSite","@id":"https:\/\/hir.mediamarkt.hu\/magazin\/#website","url":"https:\/\/hir.mediamarkt.hu\/magazin\/","name":"MediaMarkt Magazin","description":"Olvass bele magazinunkba!","potentialAction":[{"@type":"SearchAction","target":{"@type":"EntryPoint","urlTemplate":"https:\/\/hir.mediamarkt.hu\/magazin\/?s={search_term_string}"},"query-input":"required name=search_term_string"}],"inLanguage":"hu"},{"@type":"Person","@id":"https:\/\/hir.mediamarkt.hu\/magazin\/#\/schema\/person\/b93b02ec1ab4d2353f8d281e171c1b0b","name":"Media Markt","image":{"@type":"ImageObject","inLanguage":"hu","@id":"https:\/\/hir.mediamarkt.hu\/magazin\/#\/schema\/person\/image\/","url":"https:\/\/secure.gravatar.com\/avatar\/602bccae8998beee472d01909f0978f1?s=96&d=mm&r=g","contentUrl":"https:\/\/secure.gravatar.com\/avatar\/602bccae8998beee472d01909f0978f1?s=96&d=mm&r=g","caption":"Media Markt"}}]}},"_links":{"self":[{"href":"https:\/\/hir.mediamarkt.hu\/magazin\/wp-json\/wp\/v2\/posts\/5630"}],"collection":[{"href":"https:\/\/hir.mediamarkt.hu\/magazin\/wp-json\/wp\/v2\/posts"}],"about":[{"href":"https:\/\/hir.mediamarkt.hu\/magazin\/wp-json\/wp\/v2\/types\/post"}],"author":[{"embeddable":true,"href":"https:\/\/hir.mediamarkt.hu\/magazin\/wp-json\/wp\/v2\/users\/13"}],"replies":[{"embeddable":true,"href":"https:\/\/hir.mediamarkt.hu\/magazin\/wp-json\/wp\/v2\/comments?post=5630"}],"version-history":[{"count":5,"href":"https:\/\/hir.mediamarkt.hu\/magazin\/wp-json\/wp\/v2\/posts\/5630\/revisions"}],"predecessor-version":[{"id":5694,"href":"https:\/\/hir.mediamarkt.hu\/magazin\/wp-json\/wp\/v2\/posts\/5630\/revisions\/5694"}],"wp:featuredmedia":[{"embeddable":true,"href":"https:\/\/hir.mediamarkt.hu\/magazin\/wp-json\/wp\/v2\/media\/5632"}],"wp:attachment":[{"href":"https:\/\/hir.mediamarkt.hu\/magazin\/wp-json\/wp\/v2\/media?parent=5630"}],"wp:term":[{"taxonomy":"category","embeddable":true,"href":"https:\/\/hir.mediamarkt.hu\/magazin\/wp-json\/wp\/v2\/categories?post=5630"},{"taxonomy":"post_tag","embeddable":true,"href":"https:\/\/hir.mediamarkt.hu\/magazin\/wp-json\/wp\/v2\/tags?post=5630"}],"curies":[{"name":"wp","href":"https:\/\/api.w.org\/{rel}","templated":true}]}}