{"id":5641,"date":"2018-04-30T08:00:21","date_gmt":"2018-04-30T07:00:21","guid":{"rendered":"http:\/\/hir.mediamarkt.hu\/magazin\/?p=5641"},"modified":"2018-04-30T14:24:50","modified_gmt":"2018-04-30T13:24:50","slug":"grill-szezon-magyaros-recept-nemzeti-konyha","status":"publish","type":"post","link":"https:\/\/hir.mediamarkt.hu\/magazin\/grill-szezon-magyaros-recept-nemzeti-konyha\/","title":{"rendered":"Sz\u00e9nre fel! Induljon a grill szezon \u00e9s vele egy\u00fctt egy \u00faj magyar mozgalom!"},"content":{"rendered":"<b>Itthon m\u00e9g ritk\u00e1bban l\u00e1tni a parkokban, k\u00f6ztereken s\u00fct\u00f6get\u0151 csal\u00e1dokat, bar\u00e1ti t\u00e1rsas\u00e1gokat, pedig a k\u00f6rnyez\u0151 orsz\u00e1gokban j\u00f3 ideje d\u00edvik a dolog. A legmeglep\u0151bb az eg\u00e9szben: h\u00e1trahagyott szem\u00e9t halmok \u00e9s \u00f6sszet\u0171z\u00e9sek n\u00e9lk\u00fcl. Z\u00e1rk\u00f3zzunk fel a r\u00e9gi\u00f3hoz \u00e9s\/vagy teremts\u00fcnk \u00faj hagyom\u00e1nyt! Grill tippek \u00e9s az \u00faj, fasz\u00e9nen alapul\u00f3 magyar konyha, 1. r\u00e9sz!<\/b>\r\n<!--more-->\r\n\r\nB\u00e1r a <a href=\"http:\/\/www.mediamarkt.hu\/hu\/category\/_grillez%C3%A9s-679046.html\">grillez\u00e9s<\/a> bizonyos szempontb\u00f3l pepecsel\u0151 foglalkoz\u00e1s, pont a sz\u00fcks\u00e9ges munkaf\u00e1zisok (mit munka? \u00f6r\u00f6mforr\u00e1s!) miatt k\u00f6z\u00f6ss\u00e9g\u00e9p\u00edt\u0151 \u00e9s valamelyest meditat\u00edv is lehet. Az el\u0151k\u00e9sz\u00edt\u00e9s &#8211; pucol\u00e1s, darabol\u00e1s, szeletel\u00e9s -, illetve a t\u0171zgy\u00fajt\u00e1s \u00e9s par\u00e1zsra val\u00f3 v\u00e1rakoz\u00e1s t\u00f6k\u00e9letes keretet adhat egy k\u00f6z\u00f6ss\u00e9gi \u00e9lm\u00e9nyhez. J\u00f3l helyezked\u0151knek nagyon messzire sem kell menni, egy tet\u0151teraszon vagy erk\u00e9lyen is elf\u00e9rnek ma m\u00e1r a mobil grill szerkezetek. \u00a0A kisebb m\u00e9ret\u0171, k\u00f6nnyebb verzi\u00f3kat azonban k\u00f6nnyen sz\u00e1ll\u00edthatjuk is, mondjuk egy foly\u00f3 vagy t\u00f3 partj\u00e1ra, vagy \u00e9ppen egy f\u0151v\u00e1rosi parkba*.\r\n\r\n<span style=\"font-weight: 400;\">* Grillez\u00e9s el\u0151tt mindig t\u00e1j\u00e9koz\u00f3djunk a t\u0171zv\u00e9deli szab\u00e1lyokr\u00f3l, hiszen sem a b\u00fcntet\u00e9s fizet\u00e9se, sem a f\u00e9l orsz\u00e1g fe\u00e9gy\u00fajt\u00e1sa nem c\u00e9lunk.<\/span>\r\n\r\n<img loading=\"lazy\" decoding=\"async\" class=\"alignnone size-full wp-image-5645\" src=\"http:\/\/hir.mediamarkt.hu\/magazin\/wp-content\/uploads\/2018\/04\/02-1.jpeg\" alt=\"\" width=\"526\" height=\"350\" srcset=\"https:\/\/hir.mediamarkt.hu\/magazin\/wp-content\/uploads\/2018\/04\/02-1.jpeg 526w, https:\/\/hir.mediamarkt.hu\/magazin\/wp-content\/uploads\/2018\/04\/02-1-275x183.jpeg 275w, https:\/\/hir.mediamarkt.hu\/magazin\/wp-content\/uploads\/2018\/04\/02-1-300x200.jpeg 300w\" sizes=\"(max-width: 526px) 100vw, 526px\" \/>\r\n<h2><b>El\u0151sz\u00f6r is: mib\u0151l \u00e9l\u00fcnk? Grill k\u00e9sz\u00fcl\u00e9k gyorstalpal\u00f3<\/b><\/h2>\r\nAsztali, elektromos berendez\u00e9s, g\u00e1zgrill vagy faszenes k\u00e9sz\u00fcl\u00e9k? A piac m\u00e1ra sz\u00ednes, ak\u00e1r a men\u00fcsor, amit a berendez\u00e9sekkel elk\u00e9sz\u00edthet\u00fcnk:\r\n<ul>\r\n \t<li>\u00d6nt\u00f6ttvas grill lap &#8211; ak\u00e1r t\u0171zhelyre is \u201cfeldobhat\u00f3\u201d, mindenf\u00e9le f\u0151z\u0151fel\u00fcleten helyt\u00e1ll\u00f3 seg\u00e9deszk\u00f6z<\/li>\r\n \t<li>Minigrill &#8211; Els\u0151sorban melegszendvicsek, esetleg hurka-kolb\u00e1sz s\u00fct\u00e9s\u00e9re alkalmas elektromos, konyhai berendez\u00e9s. Egy-egy kiad\u00f3s reggeli kiv\u00e1l\u00f3 meleg\u00e1gya. Sz\u00f3 szerint!<\/li>\r\n \t<li>Asztali- \u00e9s kontaktgrill &#8211; A vasalt szendvicsek \u00e9s grill kolb\u00e1szk\u00e1k szerelmeseinek j\u00f3 bar\u00e1tja lehet mindaz a k\u00e9sz\u00fcl\u00e9k, amely finoman \u00f6sszepr\u00e9selve \u201c\u00e1ldozat\u00e1t\u201d forrasztja egybe \u00e9s s\u00fcti ropog\u00f3sra a bek\u00e9sz\u00edtett finoms\u00e1gokat. Az elektromos k\u00e9sz\u00fcl\u00e9kek k\u00f6z\u00f6tt sz\u00e1mos kis m\u00e9ret\u0171, erk\u00e9lyen vagy ak\u00e1r a gangon is haszn\u00e1lhat\u00f3 barbecue szett is megtal\u00e1lhat\u00f3.<\/li>\r\n \t<li>G\u00e1zgrill &#8211; Nem meglep\u0151 m\u00f3don g\u00e1zzal m\u0171k\u00f6d\u0151 eszk\u00f6z, melynek \u201cfinomhangol\u00e1sa\u201d k\u00f6nnyebb, \u00edgy az \u00e9tel elk\u00e9sz\u00edt\u00e9se prec\u00edzebb lehet. Igaz, a f\u00fcst\u00f6s \u00edzr\u0151l ebben az esetben le kell mondanunk&#8230;<\/li>\r\n \t<li>Faszenes Grill &#8211; g\u00f6mbgrill, grill kocsi, f\u00fcst\u00f6l\u0151, party grillkocsi. P\u00e9nzt\u00e1rc\u00e1t\u00f3l f\u00fcgg\u0151en szemezhet\u00fcnk az alakra, m\u00e9retre, tud\u00e1sra k\u00fcl\u00f6nb\u00f6z\u0151 eszk\u00f6z\u00f6k \u00e9s a kieg\u00e9sz\u00edt\u0151k k\u00f6z\u00f6tt. A hat\u00e1r a csillagos \u00e9g, meg persze az \u00e9tv\u00e1gy.<\/li>\r\n<\/ul>\r\n<img loading=\"lazy\" decoding=\"async\" class=\"alignnone size-full wp-image-5642\" src=\"http:\/\/hir.mediamarkt.hu\/magazin\/wp-content\/uploads\/2018\/04\/00.jpg\" alt=\"\" width=\"467\" height=\"350\" srcset=\"https:\/\/hir.mediamarkt.hu\/magazin\/wp-content\/uploads\/2018\/04\/00.jpg 467w, https:\/\/hir.mediamarkt.hu\/magazin\/wp-content\/uploads\/2018\/04\/00-275x206.jpg 275w, https:\/\/hir.mediamarkt.hu\/magazin\/wp-content\/uploads\/2018\/04\/00-300x225.jpg 300w\" sizes=\"(max-width: 467px) 100vw, 467px\" \/>\r\n<h2><b>A j\u00f3 grill titka<\/b><\/h2>\r\nA megfelel\u0151 t\u00e1rsas\u00e1g \u00e9s a gondos p\u00e1col\u00e1s, f\u0171szerez\u00e9s. A grillez\u00e9s (divatos nev\u00e9n barbecue-z\u00e1s) j\u00f3val a zev\u00e9s el\u0151tt kell, hogy kezd\u0151dj\u00f6n. Legyen sz\u00f3 h\u00fasr\u00f3l, halr\u00f3l vagy z\u00f6lds\u00e9gr\u0151l, esetleg burgony\u00e1r\u00f3l, az el\u0151k\u00e9sz\u00edt\u00e9s lesz a lelke az \u00e9tkez\u00e9snek.\u00a0<span style=\"font-weight: 400;\">S\u00f3, bors, must\u00e1r. A h\u00e1rom alap szents\u00e9g a t\u00e9m\u00e1ban. Na meg persze olaj \u00e9s ami a cs\u00f6v\u00f6n kif\u00e9r. A fokhagym\u00e1s, a curry-s, a borsos \u00e9s must\u00e1ros p\u00e1cok a h\u00fasokhoz, m\u00edg a rozmaring, a bors, a bazsalikom a z\u00f6lds\u00e9gek h\u0171 t\u00e1rsa lehet. <\/span>\r\n\r\nP\u00e1crecepteket k\u00f6nnyed\u00e9n tal\u00e1lhatunk az interneten, a l\u00e9nyeg, a s\u00f3val soha ne fukarkodjunk (j\u00f3, j\u00f3, az\u00e9rt tartsuk meg a m\u00e9g eg\u00e9szs\u00e9g\u00fcgyi \u00e1rtalmakt\u00f3l mentes mennyis\u00e9get)! Jusson esz\u00fcnkbe <a href=\"https:\/\/www.youtube.com\/watch?v=2N4BvZJjk2Q\">a magyar n\u00e9pmese<\/a> \u00e9s a minden \u00e9tel karakter\u00e9t feler\u0151s\u00edt\u0151 \u00edzes\u00edt\u0151 viszonya! R\u00e1ad\u00e1sul az \u00e9telek puhas\u00e1g-faktor\u00e1ban is szerepet j\u00e1tszhatnak azok a bizonyos feh\u00e9r kis szemcs\u00e9k. A p\u00e1cokhoz cukrot is mindig \u00e9rdemes adni, csak egy keveset, hogy az \u00edze m\u00e9g ne felt\u00e9tlen\u00fcl j\u00f6jj\u00f6n ki (egy j\u00f3 m\u00e9zes csirkesz\u00e1rny grill eset\u00e9n persze m\u00e1s a helyzet).\r\n\r\nA bep\u00e1colt, el\u0151k\u00e9sz\u00edtett h\u00fasokat \u00e9rdemes m\u00e1r egy nappal a nagy esem\u00e9ny el\u0151tt elk\u00e9sz\u00edteni \u00e9s a h\u0171t\u0151be rejteni, hogy az \u00f6sszetev\u0151knek legyen ideje \u00e1tj\u00e1rni a rostokat. Z\u00f6lds\u00e9gek eset\u00e9n el\u00e9g kevesebb id\u0151t r\u00e1sz\u00e1nni a f\u0171szerez\u00e9sre, \u00edgy az alapanyagok roppan\u00f3sabbak, frissebbek maradnak.\r\n\r\n&nbsp;\r\n<h2><b>A MediaMarkt tavaszi kedvence: a rozmaringos burgonya!<\/b><\/h2>\r\nA pofonegyszer\u0171 k\u00eds\u00e9r\u0151 k\u00f6retet Hern\u00e1di Judit tette tal\u00e1n igaz\u00e1n n\u00e9pszer\u0171v\u00e9, amikor egy f\u0151z\u0151s m\u0171sorban s\u00fct\u0151pap\u00edrra halmoztva, a mind\u00f6ssze o\u00edvaolajban, s\u00f3ban \u00e9s rozmaringban meghempergetett, kock\u00e1kra v\u00e1gott krumpli szemeket.\u00a0<span style=\"font-weight: 400;\">Faszenes grillez\u00e9sen a \u201ccombosabb\u201d szeletekre v\u00e1gott burgonya, vagy a f\u00f3li\u00e1s megold\u00e1s is m\u0171k\u00f6dhet (ut\u00f3bbi ink\u00e1bb t\u00e1bort\u0171zi \u00e9tel, de egy nagyobb grill kocsi eset\u00e9n kivtelezhet\u0151 a dolog). <\/span><span style=\"font-weight: 400;\">A rozmaring \u00edze elk\u00e9peszt\u0151en j\u00f3 karaktert ad a krumplinak, hozz\u00e1 egy j\u00f3 kis tejf\u00f6l\u00f6s-fokhagym\u00e1s sz\u00f3sz \u00e9s esetleg n\u00e9mi k\u00f6nny\u0171 feh\u00e9rh\u00fas&#8230;Mmmm!<\/span>\r\n\r\n<b>MediaMarkt tipp: Grillezett desszert? Igen!<\/b>\r\n\r\nB\u00e1r az \u00e9dess\u00e9geknek v\u00e9gk\u00e9pp nincs grill-hagyom\u00e1nyuk itthon, n\u00e9h\u00e1ny gy\u00fcm\u00f6lcs kiv\u00e1l\u00f3an megpir\u00edthat\u00f3 \u00e9s ezzel megbolond\u00edthat\u00f3. A kev\u00e9ss\u00e9 magyaros anan\u00e1szt\u00f3l a nagyon is hazai \u0151sziparackon \u00e1t az alm\u00e1ig sokmindenhez ny\u00falhatunk. Ha okosan el\u0151k\u00e9sz\u00fcl\u00fcnk, egy kis tejsz\u00ednhabbal, fah\u00e9jjal \u00e9s apr\u00f3ra v\u00e1gott csonth\u00e9jasokkal \u0151r\u00fcletes eredm\u00e9nyeket \u00e9rhet\u00fcnk el.\r\n\r\n<img loading=\"lazy\" decoding=\"async\" class=\"alignnone size-full wp-image-5647\" src=\"http:\/\/hir.mediamarkt.hu\/magazin\/wp-content\/uploads\/2018\/04\/04-1.jpeg\" alt=\"\" width=\"525\" height=\"350\" srcset=\"https:\/\/hir.mediamarkt.hu\/magazin\/wp-content\/uploads\/2018\/04\/04-1.jpeg 525w, https:\/\/hir.mediamarkt.hu\/magazin\/wp-content\/uploads\/2018\/04\/04-1-275x183.jpeg 275w, https:\/\/hir.mediamarkt.hu\/magazin\/wp-content\/uploads\/2018\/04\/04-1-300x200.jpeg 300w\" sizes=\"(max-width: 525px) 100vw, 525px\" \/>\r\n\r\n<img loading=\"lazy\" decoding=\"async\" class=\"alignnone size-full wp-image-5644\" src=\"http:\/\/hir.mediamarkt.hu\/magazin\/wp-content\/uploads\/2018\/04\/01-1.jpeg\" alt=\"\" width=\"525\" height=\"350\" srcset=\"https:\/\/hir.mediamarkt.hu\/magazin\/wp-content\/uploads\/2018\/04\/01-1.jpeg 525w, https:\/\/hir.mediamarkt.hu\/magazin\/wp-content\/uploads\/2018\/04\/01-1-275x183.jpeg 275w, https:\/\/hir.mediamarkt.hu\/magazin\/wp-content\/uploads\/2018\/04\/01-1-300x200.jpeg 300w\" sizes=\"(max-width: 525px) 100vw, 525px\" \/>\r\n<h2><b>\u00c9s hogy hogyan tehetj\u00fck a grillez\u00e9st igaz\u00e1n magyaross\u00e1?<\/b><\/h2>\r\nKeress\u00fck a legjobb, hazai barbecue \u00e9s s\u00fct\u00f6get\u0151s recepteket. Tejf\u00f6l, harcsa, sz\u00fcrkemarha pog\u00e1csa, mangalica \u00e9rme, p\u00e1lpusztai? Gondoljuk \u00fajra kedvenc, hat\u00e1ron bel\u00fcl is k\u00f6nnyen \u00e9s j\u00f3 min\u0151s\u00e9gben fellelhet\u0151 alapanyagainkat \u00e9s ind\u00edtsuk \u00fatj\u00e1ra a Magyar Grill Mozgalmat! Ki mondta, hogy csak hamburgert lehet k\u00e9sz\u00edteni r\u00e1cson? De ha im\u00e1djuk, mi\u00e9rt ne legyen kicsit olyan \u201cbaj\u00fasz-p\u00f6dr\u0151s\u201d, bety\u00e1ros az \u00edze?\r\n\r\n<span style=\"font-weight: 400;\">A h\u00e1ziasszonyok \u00e9s a konyh\u00e1ban jelesked\u0151 f\u00e9rfiak is sz\u00e1mtalan hazai kedvenccel rendelkeznek. Legy\u00fcnk kreat\u00edvak \u00e9s csemp\u00e9ssz\u00fcnk egy kis \u201cmagyarost\u201d a fasz\u00e9n f\u00f6l\u00e9! A saj\u00e1t, \u00fajragondolt grill recepteket kommentekben v\u00e1rjuk! Addig pedig felt\u00e9pj\u00fck kicsit a h\u0171t\u0151t, mert ennyi finoms\u00e1gr\u00f3l val\u00f3 elm\u00e9lked\u00e9s sor\u00e1n egyszer\u0171en meg\u00e9hezt\u00fcnk&#8230;<\/span>\r\n\r\n<img loading=\"lazy\" decoding=\"async\" class=\"alignnone size-full wp-image-5646\" src=\"http:\/\/hir.mediamarkt.hu\/magazin\/wp-content\/uploads\/2018\/04\/03-1.jpeg\" alt=\"\" width=\"622\" height=\"350\" srcset=\"https:\/\/hir.mediamarkt.hu\/magazin\/wp-content\/uploads\/2018\/04\/03-1.jpeg 622w, https:\/\/hir.mediamarkt.hu\/magazin\/wp-content\/uploads\/2018\/04\/03-1-275x155.jpeg 275w, https:\/\/hir.mediamarkt.hu\/magazin\/wp-content\/uploads\/2018\/04\/03-1-300x169.jpeg 300w\" sizes=\"(max-width: 622px) 100vw, 622px\" \/>","protected":false},"excerpt":{"rendered":"Itthon m\u00e9g ritk\u00e1bban l\u00e1tni a parkokban, k\u00f6ztereken s\u00fct\u00f6get\u0151 csal\u00e1dokat, bar\u00e1ti t\u00e1rsas\u00e1gokat, pedig a k\u00f6rnyez\u0151 orsz\u00e1gokban j\u00f3 ideje d\u00edvik a dolog. A legmeglep\u0151bb az eg\u00e9szben: h\u00e1trahagyott szem\u00e9t halmok \u00e9s \u00f6sszet\u0171z\u00e9sek n\u00e9lk\u00fcl. Z\u00e1rk\u00f3zzunk fel a r\u00e9gi\u00f3hoz \u00e9s\/vagy teremts\u00fcnk \u00faj hagyom\u00e1nyt! Grill tippek \u00e9s az \u00faj, fasz\u00e9nen alapul\u00f3 magyar konyha, 1. r\u00e9sz!","protected":false},"author":13,"featured_media":5643,"comment_status":"open","ping_status":"open","sticky":false,"template":"","format":"standard","meta":{"wprm-recipe-roundup-name":"","wprm-recipe-roundup-description":"","footnotes":""},"categories":[5965],"tags":[2500,78,2503,2504,2278,2501,2502,491,2497,2498,2238,1068,556,2508,2127,2173,2506,2505,2499,2208,2274,2279,845,1839,846,2507],"yoast_head":"<!-- This site is optimized with the Yoast SEO plugin v22.9 - https:\/\/yoast.com\/wordpress\/plugins\/seo\/ -->\n<title>Sz\u00e9nre fel! Induljon a grill szezon \u00e9s vele egy\u00fctt egy \u00faj magyar mozgalom! - MediaMarkt Magazin<\/title>\n<meta name=\"robots\" content=\"index, follow, max-snippet:-1, max-image-preview:large, max-video-preview:-1\" \/>\n<link rel=\"canonical\" href=\"https:\/\/hir.mediamarkt.hu\/magazin\/grill-szezon-magyaros-recept-nemzeti-konyha\/\" \/>\n<meta property=\"og:locale\" content=\"hu_HU\" \/>\n<meta property=\"og:type\" content=\"article\" \/>\n<meta property=\"og:title\" content=\"Sz\u00e9nre fel! Induljon a grill szezon \u00e9s vele egy\u00fctt egy \u00faj magyar mozgalom! - MediaMarkt Magazin\" \/>\n<meta property=\"og:description\" content=\"Itthon m\u00e9g ritk\u00e1bban l\u00e1tni a parkokban, k\u00f6ztereken s\u00fct\u00f6get\u0151 csal\u00e1dokat, bar\u00e1ti t\u00e1rsas\u00e1gokat, pedig a k\u00f6rnyez\u0151 orsz\u00e1gokban j\u00f3 ideje d\u00edvik a dolog. A legmeglep\u0151bb az eg\u00e9szben: h\u00e1trahagyott szem\u00e9t halmok \u00e9s \u00f6sszet\u0171z\u00e9sek n\u00e9lk\u00fcl. Z\u00e1rk\u00f3zzunk fel a r\u00e9gi\u00f3hoz \u00e9s\/vagy teremts\u00fcnk \u00faj hagyom\u00e1nyt! Grill tippek \u00e9s az \u00faj, fasz\u00e9nen alapul\u00f3 magyar konyha, 1. r\u00e9sz!\" \/>\n<meta property=\"og:url\" content=\"https:\/\/hir.mediamarkt.hu\/magazin\/grill-szezon-magyaros-recept-nemzeti-konyha\/\" \/>\n<meta property=\"og:site_name\" content=\"MediaMarkt Magazin\" \/>\n<meta property=\"article:publisher\" content=\"https:\/\/www.facebook.com\/MediaMarktMagyarorszag\" \/>\n<meta property=\"article:published_time\" content=\"2018-04-30T07:00:21+00:00\" \/>\n<meta property=\"article:modified_time\" content=\"2018-04-30T13:24:50+00:00\" \/>\n<meta property=\"og:image\" content=\"https:\/\/hir.mediamarkt.hu\/magazin\/wp-content\/uploads\/2018\/04\/00a.jpg\" \/>\n\t<meta property=\"og:image:width\" content=\"525\" \/>\n\t<meta property=\"og:image:height\" content=\"350\" \/>\n\t<meta property=\"og:image:type\" content=\"image\/jpeg\" \/>\n<meta name=\"author\" content=\"Media Markt\" \/>\n<meta name=\"twitter:label1\" content=\"Szerz\u0151:\" \/>\n\t<meta name=\"twitter:data1\" content=\"Media Markt\" \/>\n\t<meta name=\"twitter:label2\" content=\"Becs\u00fclt olvas\u00e1si id\u0151\" \/>\n\t<meta name=\"twitter:data2\" content=\"6 perc\" \/>\n<script type=\"application\/ld+json\" class=\"yoast-schema-graph\">{\"@context\":\"https:\/\/schema.org\",\"@graph\":[{\"@type\":\"WebPage\",\"@id\":\"https:\/\/hir.mediamarkt.hu\/magazin\/grill-szezon-magyaros-recept-nemzeti-konyha\/\",\"url\":\"https:\/\/hir.mediamarkt.hu\/magazin\/grill-szezon-magyaros-recept-nemzeti-konyha\/\",\"name\":\"Sz\u00e9nre fel! Induljon a grill szezon \u00e9s vele egy\u00fctt egy \u00faj magyar mozgalom! - MediaMarkt Magazin\",\"isPartOf\":{\"@id\":\"https:\/\/hir.mediamarkt.hu\/magazin\/#website\"},\"primaryImageOfPage\":{\"@id\":\"https:\/\/hir.mediamarkt.hu\/magazin\/grill-szezon-magyaros-recept-nemzeti-konyha\/#primaryimage\"},\"image\":{\"@id\":\"https:\/\/hir.mediamarkt.hu\/magazin\/grill-szezon-magyaros-recept-nemzeti-konyha\/#primaryimage\"},\"thumbnailUrl\":\"https:\/\/hir.mediamarkt.hu\/magazin\/wp-content\/uploads\/2018\/04\/00a.jpg\",\"datePublished\":\"2018-04-30T07:00:21+00:00\",\"dateModified\":\"2018-04-30T13:24:50+00:00\",\"author\":{\"@id\":\"https:\/\/hir.mediamarkt.hu\/magazin\/#\/schema\/person\/b93b02ec1ab4d2353f8d281e171c1b0b\"},\"breadcrumb\":{\"@id\":\"https:\/\/hir.mediamarkt.hu\/magazin\/grill-szezon-magyaros-recept-nemzeti-konyha\/#breadcrumb\"},\"inLanguage\":\"hu\",\"potentialAction\":[{\"@type\":\"ReadAction\",\"target\":[\"https:\/\/hir.mediamarkt.hu\/magazin\/grill-szezon-magyaros-recept-nemzeti-konyha\/\"]}]},{\"@type\":\"ImageObject\",\"inLanguage\":\"hu\",\"@id\":\"https:\/\/hir.mediamarkt.hu\/magazin\/grill-szezon-magyaros-recept-nemzeti-konyha\/#primaryimage\",\"url\":\"https:\/\/hir.mediamarkt.hu\/magazin\/wp-content\/uploads\/2018\/04\/00a.jpg\",\"contentUrl\":\"https:\/\/hir.mediamarkt.hu\/magazin\/wp-content\/uploads\/2018\/04\/00a.jpg\",\"width\":525,\"height\":350},{\"@type\":\"BreadcrumbList\",\"@id\":\"https:\/\/hir.mediamarkt.hu\/magazin\/grill-szezon-magyaros-recept-nemzeti-konyha\/#breadcrumb\",\"itemListElement\":[{\"@type\":\"ListItem\",\"position\":1,\"name\":\"Kezd\u0151lap\",\"item\":\"https:\/\/hir.mediamarkt.hu\/magazin\/\"},{\"@type\":\"ListItem\",\"position\":2,\"name\":\"Sz\u00e9nre fel! Induljon a grill szezon \u00e9s vele egy\u00fctt egy \u00faj magyar mozgalom!\"}]},{\"@type\":\"WebSite\",\"@id\":\"https:\/\/hir.mediamarkt.hu\/magazin\/#website\",\"url\":\"https:\/\/hir.mediamarkt.hu\/magazin\/\",\"name\":\"MediaMarkt Magazin\",\"description\":\"Olvass bele magazinunkba!\",\"potentialAction\":[{\"@type\":\"SearchAction\",\"target\":{\"@type\":\"EntryPoint\",\"urlTemplate\":\"https:\/\/hir.mediamarkt.hu\/magazin\/?s={search_term_string}\"},\"query-input\":\"required name=search_term_string\"}],\"inLanguage\":\"hu\"},{\"@type\":\"Person\",\"@id\":\"https:\/\/hir.mediamarkt.hu\/magazin\/#\/schema\/person\/b93b02ec1ab4d2353f8d281e171c1b0b\",\"name\":\"Media Markt\",\"image\":{\"@type\":\"ImageObject\",\"inLanguage\":\"hu\",\"@id\":\"https:\/\/hir.mediamarkt.hu\/magazin\/#\/schema\/person\/image\/\",\"url\":\"https:\/\/secure.gravatar.com\/avatar\/602bccae8998beee472d01909f0978f1?s=96&d=mm&r=g\",\"contentUrl\":\"https:\/\/secure.gravatar.com\/avatar\/602bccae8998beee472d01909f0978f1?s=96&d=mm&r=g\",\"caption\":\"Media Markt\"}}]}<\/script>\n<!-- \/ Yoast SEO plugin. -->","yoast_head_json":{"title":"Sz\u00e9nre fel! Induljon a grill szezon \u00e9s vele egy\u00fctt egy \u00faj magyar mozgalom! - MediaMarkt Magazin","robots":{"index":"index","follow":"follow","max-snippet":"max-snippet:-1","max-image-preview":"max-image-preview:large","max-video-preview":"max-video-preview:-1"},"canonical":"https:\/\/hir.mediamarkt.hu\/magazin\/grill-szezon-magyaros-recept-nemzeti-konyha\/","og_locale":"hu_HU","og_type":"article","og_title":"Sz\u00e9nre fel! Induljon a grill szezon \u00e9s vele egy\u00fctt egy \u00faj magyar mozgalom! - MediaMarkt Magazin","og_description":"Itthon m\u00e9g ritk\u00e1bban l\u00e1tni a parkokban, k\u00f6ztereken s\u00fct\u00f6get\u0151 csal\u00e1dokat, bar\u00e1ti t\u00e1rsas\u00e1gokat, pedig a k\u00f6rnyez\u0151 orsz\u00e1gokban j\u00f3 ideje d\u00edvik a dolog. A legmeglep\u0151bb az eg\u00e9szben: h\u00e1trahagyott szem\u00e9t halmok \u00e9s \u00f6sszet\u0171z\u00e9sek n\u00e9lk\u00fcl. Z\u00e1rk\u00f3zzunk fel a r\u00e9gi\u00f3hoz \u00e9s\/vagy teremts\u00fcnk \u00faj hagyom\u00e1nyt! Grill tippek \u00e9s az \u00faj, fasz\u00e9nen alapul\u00f3 magyar konyha, 1. r\u00e9sz!","og_url":"https:\/\/hir.mediamarkt.hu\/magazin\/grill-szezon-magyaros-recept-nemzeti-konyha\/","og_site_name":"MediaMarkt Magazin","article_publisher":"https:\/\/www.facebook.com\/MediaMarktMagyarorszag","article_published_time":"2018-04-30T07:00:21+00:00","article_modified_time":"2018-04-30T13:24:50+00:00","og_image":[{"width":525,"height":350,"url":"https:\/\/hir.mediamarkt.hu\/magazin\/wp-content\/uploads\/2018\/04\/00a.jpg","type":"image\/jpeg"}],"author":"Media Markt","twitter_misc":{"Szerz\u0151:":"Media Markt","Becs\u00fclt olvas\u00e1si id\u0151":"6 perc"},"schema":{"@context":"https:\/\/schema.org","@graph":[{"@type":"WebPage","@id":"https:\/\/hir.mediamarkt.hu\/magazin\/grill-szezon-magyaros-recept-nemzeti-konyha\/","url":"https:\/\/hir.mediamarkt.hu\/magazin\/grill-szezon-magyaros-recept-nemzeti-konyha\/","name":"Sz\u00e9nre fel! Induljon a grill szezon \u00e9s vele egy\u00fctt egy \u00faj magyar mozgalom! - MediaMarkt Magazin","isPartOf":{"@id":"https:\/\/hir.mediamarkt.hu\/magazin\/#website"},"primaryImageOfPage":{"@id":"https:\/\/hir.mediamarkt.hu\/magazin\/grill-szezon-magyaros-recept-nemzeti-konyha\/#primaryimage"},"image":{"@id":"https:\/\/hir.mediamarkt.hu\/magazin\/grill-szezon-magyaros-recept-nemzeti-konyha\/#primaryimage"},"thumbnailUrl":"https:\/\/hir.mediamarkt.hu\/magazin\/wp-content\/uploads\/2018\/04\/00a.jpg","datePublished":"2018-04-30T07:00:21+00:00","dateModified":"2018-04-30T13:24:50+00:00","author":{"@id":"https:\/\/hir.mediamarkt.hu\/magazin\/#\/schema\/person\/b93b02ec1ab4d2353f8d281e171c1b0b"},"breadcrumb":{"@id":"https:\/\/hir.mediamarkt.hu\/magazin\/grill-szezon-magyaros-recept-nemzeti-konyha\/#breadcrumb"},"inLanguage":"hu","potentialAction":[{"@type":"ReadAction","target":["https:\/\/hir.mediamarkt.hu\/magazin\/grill-szezon-magyaros-recept-nemzeti-konyha\/"]}]},{"@type":"ImageObject","inLanguage":"hu","@id":"https:\/\/hir.mediamarkt.hu\/magazin\/grill-szezon-magyaros-recept-nemzeti-konyha\/#primaryimage","url":"https:\/\/hir.mediamarkt.hu\/magazin\/wp-content\/uploads\/2018\/04\/00a.jpg","contentUrl":"https:\/\/hir.mediamarkt.hu\/magazin\/wp-content\/uploads\/2018\/04\/00a.jpg","width":525,"height":350},{"@type":"BreadcrumbList","@id":"https:\/\/hir.mediamarkt.hu\/magazin\/grill-szezon-magyaros-recept-nemzeti-konyha\/#breadcrumb","itemListElement":[{"@type":"ListItem","position":1,"name":"Kezd\u0151lap","item":"https:\/\/hir.mediamarkt.hu\/magazin\/"},{"@type":"ListItem","position":2,"name":"Sz\u00e9nre fel! Induljon a grill szezon \u00e9s vele egy\u00fctt egy \u00faj magyar mozgalom!"}]},{"@type":"WebSite","@id":"https:\/\/hir.mediamarkt.hu\/magazin\/#website","url":"https:\/\/hir.mediamarkt.hu\/magazin\/","name":"MediaMarkt Magazin","description":"Olvass bele magazinunkba!","potentialAction":[{"@type":"SearchAction","target":{"@type":"EntryPoint","urlTemplate":"https:\/\/hir.mediamarkt.hu\/magazin\/?s={search_term_string}"},"query-input":"required name=search_term_string"}],"inLanguage":"hu"},{"@type":"Person","@id":"https:\/\/hir.mediamarkt.hu\/magazin\/#\/schema\/person\/b93b02ec1ab4d2353f8d281e171c1b0b","name":"Media Markt","image":{"@type":"ImageObject","inLanguage":"hu","@id":"https:\/\/hir.mediamarkt.hu\/magazin\/#\/schema\/person\/image\/","url":"https:\/\/secure.gravatar.com\/avatar\/602bccae8998beee472d01909f0978f1?s=96&d=mm&r=g","contentUrl":"https:\/\/secure.gravatar.com\/avatar\/602bccae8998beee472d01909f0978f1?s=96&d=mm&r=g","caption":"Media Markt"}}]}},"_links":{"self":[{"href":"https:\/\/hir.mediamarkt.hu\/magazin\/wp-json\/wp\/v2\/posts\/5641"}],"collection":[{"href":"https:\/\/hir.mediamarkt.hu\/magazin\/wp-json\/wp\/v2\/posts"}],"about":[{"href":"https:\/\/hir.mediamarkt.hu\/magazin\/wp-json\/wp\/v2\/types\/post"}],"author":[{"embeddable":true,"href":"https:\/\/hir.mediamarkt.hu\/magazin\/wp-json\/wp\/v2\/users\/13"}],"replies":[{"embeddable":true,"href":"https:\/\/hir.mediamarkt.hu\/magazin\/wp-json\/wp\/v2\/comments?post=5641"}],"version-history":[{"count":5,"href":"https:\/\/hir.mediamarkt.hu\/magazin\/wp-json\/wp\/v2\/posts\/5641\/revisions"}],"predecessor-version":[{"id":5678,"href":"https:\/\/hir.mediamarkt.hu\/magazin\/wp-json\/wp\/v2\/posts\/5641\/revisions\/5678"}],"wp:featuredmedia":[{"embeddable":true,"href":"https:\/\/hir.mediamarkt.hu\/magazin\/wp-json\/wp\/v2\/media\/5643"}],"wp:attachment":[{"href":"https:\/\/hir.mediamarkt.hu\/magazin\/wp-json\/wp\/v2\/media?parent=5641"}],"wp:term":[{"taxonomy":"category","embeddable":true,"href":"https:\/\/hir.mediamarkt.hu\/magazin\/wp-json\/wp\/v2\/categories?post=5641"},{"taxonomy":"post_tag","embeddable":true,"href":"https:\/\/hir.mediamarkt.hu\/magazin\/wp-json\/wp\/v2\/tags?post=5641"}],"curies":[{"name":"wp","href":"https:\/\/api.w.org\/{rel}","templated":true}]}}