{"id":57,"date":"2013-08-08T00:00:00","date_gmt":"2013-08-08T00:00:00","guid":{"rendered":""},"modified":"-0001-11-30T00:00:00","modified_gmt":"-0001-11-29T23:00:00","slug":"egy-fit-vaio","status":"publish","type":"post","link":"https:\/\/hir.mediamarkt.hu\/magazin\/egy-fit-vaio\/","title":{"rendered":"Egy Fit VAIO"},"content":{"rendered":"<div>  \t  \t<p><b>A Sony VAIO notebook sz\u00e9ri\u00e1j\u00e1nak egyik friss, \u00e9rint\u0151k\u00e9perny\u0151vel szerelt tagja \u00e9rkezett hozz\u00e1nk a szerkeszt\u0151s\u00e9gbe.<\/b><\/p>      \t<br>     \t<center><img src='http:\/\/hir.mediamarkt.hu\/magazin\/images\/0808_01.png' border='0' alt='' \/>     \t   \t   \t   \t   \t   \t   \t<br>  \t<\/center>      <p>       Az evol\u00faci\u00f3 meg\u00e1ll\u00edthatatlan, hiszen r\u00f6pke m\u00e1sf\u00e9l \u00e9v alatt eg\u00e9szen hozz\u00e1szoktunk ahhoz, hogy a kinyitott notebookunk k\u00e9perny\u0151j\u00e9t tapicskoljuk. Megint. A technol\u00f3gia ir\u00e1nt \u00e9rdekl\u0151d\u0151 olvas\u00f3 eg\u00e9sz biztosan eml\u00e9kszik a k\u00e9tezres \u00e9vek elej\u00e9n nyer\u0151nek t\u0171n\u0151 tablet PC-kre, amik \u00e1ltal\u00e1ban apr\u00f3, kiford\u00edthat\u00f3 \u00e9rint\u0151kijelz\u0151vel szerelt (ami csak a g\u00e9phez kapott ceruz\u00e1val m\u0171k\u00f6d\u00f6tt), m\u00e9regdr\u00e1ga \u00fczleti g\u00e9pek voltak. \u00c1m mindek\u00f6zben nagyot fordult a vil\u00e1g \u00e9s az \u00e9rint\u0151k\u00e9perny\u0151k az eg\u00e9sz vil\u00e1gon elterjedtek, minek k\u00f6sz\u00f6nhet\u0151en az \u00e9rint\u00e9s\u00e9rz\u00e9keny panelek gy\u00e1rt\u00e1si k\u00f6lts\u00e9gei cs\u00f6kkentek, \u00edgy \u00fajra felbukkantak a notebookok vil\u00e1g\u00e1ban. \u00c1m most a legt\u00f6bb gy\u00e1rt\u00f3 sokkal egyszer\u0171bb receptet haszn\u00e1l. A legt\u00f6bbsz\u00f6r nincs speci\u00e1lis, kiford\u00edthat\u00f3 fed\u00e9lmechanizmus, egyszer\u0171en \u00e9rint\u0151panelt szerelnek egy m\u00e1r megl\u00e9v\u0151 norm\u00e1l modellbe.       A Sony is ezt a megold\u00e1st v\u00e1lasztotta, de nem egy l\u00e9tez\u0151 modellben cser\u00e9lt kijelz\u0151t, hanem \u00faj, Windows 8-at futtat\u00f3 VAIO notebook sz\u00fcletett Fit n\u00e9ven. Am\u00edg csak k\u00e9pen l\u00e1ttuk a k\u00e9sz\u00fcl\u00e9ket meg voltunk gy\u0151z\u0151dve r\u00f3la, hogy a Sony kicsit visszal\u00e9pett a diz\u00e1jnt tekintve, de kicsomagolva a m\u00e9retes, f\u00e9mbe burkolt k\u00e9sz\u00fcl\u00e9ket szem\u00fcgyre v\u00e9ve eg\u00e9szen felismerhet\u0151ek a VAIO st\u00edlusjegyek, csak a sarkokat kerek\u00edtett\u00e9k le az el\u0151d\u00f6kh\u00f6z k\u00e9pest. Termetes, de gy\u00f6ny\u00f6r\u0171. A letisztult form\u00e1khoz kellemes min\u0151s\u00e9g\u00e9rzetet ad a j\u00f3csk\u00e1n haszn\u00e1lt sz\u00e1lh\u00fazott alum\u00ednium, viszont a f\u00e9m haszn\u00e1lata bizony \u00e9rz\u0151dik a g\u00e9p s\u00faly\u00e1n, ez nem egy habk\u00f6nny\u0171 Ultrabook. A klaviat\u00fara felismerhet\u0151en Sony, szigetes kialak\u00edt\u00e1s\u00fa \u00e9s term\u00e9szetesen \u00e1ll\u00edthat\u00f3 er\u0151ss\u00e9g\u0171, vagy \u00e9pp a k\u00f6rnyezeti viszonyokhoz alkalmazkod\u00f3 h\u00e1tt\u00e9rvil\u00e1g\u00edt\u00e1ssal rendelkezik, amihez egy m\u00e9retes \u00e9s a t\u00f6bb ujjas gesztusokat is \u00e9rz\u00e9kel\u0151, remek touchpad t\u00e1rsul.K\u00edv\u00fcl a szok\u00e1sos portokat tal\u00e1ljuk, hiszen a t\u00e1pcsatlakoz\u00f3, a LAN port, \u00e9s a k\u00e1rtyaolvas\u00f3 mellett egy HDMI, k\u00e9t 3.0-\u00e1s \u00e9s egy 2.0-\u00e1s USB csatakoz\u00f3t tal\u00e1lunk egy optikai meghajt\u00f3 t\u00e1rsas\u00e1g\u00e1ban. Az \u00f6sszeszerel\u00e9si min\u0151s\u00e9g \u00e9s a kivitelez\u00e9s egyar\u00e1nt dics\u00e9retet \u00e9rdemel, a VAIO Fit vonzza a szemet \u00e9s nem okoz csal\u00f3d\u00e1st azut\u00e1n sem ha a kez\u00fcnkbe vessz\u00fck. A Fit leg\u00e9rdekesebb r\u00e9sze az igaz\u00e1n j\u00f3l siker\u00fclt 15.6 colos      <\/p>     \t<center><img src='http:\/\/hir.mediamarkt.hu\/magazin\/images\/0808_02.png' border='0' alt='' \/>     \t   \t   \t   \t   \t   \t   \t<br>  \t<\/center>    <p>    \t FullHD felbont\u00e1s\u00fa \u00e9rint\u0151kijelz\u0151. Azt kell mondjuk m\u00e1ra el\u00e9rt\u00fcnk oda, hogy a gy\u00e1rt\u00f3k t\u00e9nyleg j\u00f3 min\u0151s\u00e9g\u0171 \u00e9s kifejezetten \u00e9lvezhet\u0151 felhaszn\u00e1l\u00e1st biztos\u00edt\u00f3 \u00e9rint\u0151paneleket haszn\u00e1lnak, \u00edgy a VAIO Fit eset\u00e9ben nyoma sincs a kor\u00e1bbi panelek rossz betekint\u00e9si sz\u00f6geinek, vagy pontatlan ujj\u00e9rz\u00e9kel\u00e9s\u00e9nek (melyb\u0151l egyszerre 10 \u00e9rz\u00e9kel).     <\/p>       \t<center><img src='http:\/\/hir.mediamarkt.hu\/magazin\/images\/0808_03.png' border='0' alt='' \/>     \t   \t   \t   \t   \t   \t   \t<br>  \t<\/center>   \t  <p>    \t A remek k\u00fcls\u0151 ut\u00e1n k\u00f6vetkezzen a belbecs. Ha nincsenek is eget renget\u0151 technikai param\u00e9terek, panaszra nem lesz oka egyetlen VAIO Fit tulajnak sem. Az Intel i5-\u00f6s processzor (Intel Core i5-3337U, 1.8-2.7GHz) b\u0151ven elegend\u0151 m\u00e9g komolyabb feladatokra is, melyhez 8GB RAM-ot csomagolt a Sony, ami mindenk\u00e9pp dics\u00e9retes. T\u00e1rhely tekintet\u00e9ben egy 750-es HDD-t kapunk, amihez tartozik egy 8GB-os kis SSD t\u00e1rhely, ami k\u00e9pes megtanulni, mely programokat haszn\u00e1ljuk a legs\u0171r\u0171bben \u00e9s ezeket gyors\u00edtja fel haszn\u00e1lat k\u00f6zben. Az alaplapi videok\u00e1rtya egy fels\u0151 kateg\u00f3ri\u00e1s notebook eset\u00e9ben nem lenne elegend\u0151, \u00edgy term\u00e9szetesen kapunk dedik\u00e1lt VGA-t, egy NVIDIA GeForce GT 735M (2GB RAM) szem\u00e9ly\u00e9ben, ami ha nem is teszi gamer notebokk\u00e1 a g\u00e9pet, sz\u00e9pen elj\u00e1tszogathatunk az egy-k\u00e9t \u00e9ves j\u00e1t\u00e9kokkal, k\u00f6zepes vagy, j\u00e1t\u00e9kt\u00f3l f\u00fcgg\u0151en ak\u00e1r magasabb be\u00e1ll\u00edt\u00e1sokkal is. Term\u00e9szetesen vezet\u00e9k n\u00e9lk\u00fcli kommunik\u00e1ci\u00f3ban mindent tud a Fit, s\u0151t, a Bluetooth \u00e9s a Wi-Fi mellett m\u00e9g NFC csipet is kapott, \u00edgy p\u00e9ld\u00e1ul az NFC-s okostelefonok eset\u00e9ben csak egy \u00e9rint\u00e9s \u00e9s m\u00e1r \u00f6ssze is p\u00e1ros\u00edtottuk pl. Bluetooth-on kereszt\u00fcl) a k\u00e9t eszk\u00f6zt egym\u00e1ssal.     <\/p>    <iframe loading=\"lazy\" width=\"500\" height=\"281\" src=\"\/\/www.youtube.com\/embed\/fY6lQXgAFRs?list=UUfmxGUjDSS-EjovHrHxbYbw\" frameborder=\"0\" allowfullscreen><\/iframe>  <p>    \t Mindezek ut\u00e1n val\u00f3sz\u00edn\u0171leg senki nem lep\u0151dik meg, ha azt mondjuk, hogy \u00e9lvezet haszn\u00e1lni a VAIO Fit notebookot, ak\u00e1r \u201enorm\u00e1l\u201d m\u00f3dban, ak\u00e1r az \u00e9rint\u0151k\u00e9perny\u0151t tapogatva. A sebess\u00e9gre nem lehet panaszunk, tal\u00e1n a h\u0171t\u00e9s lehetne kiss\u00e9 hat\u00e9konyabb, mert b\u00e1r nagyon halkan teszi a dolg\u00e1t, teljes terhel\u00e9sn\u00e9l bizony 80 fok f\u00f6l\u00e9 melegedtek a processzormagok, ami ugyan nem aggaszt\u00f3 adat, de egy ekkora g\u00e9ph\u00e1zban elf\u00e9rt volna egy enn\u00e9l komolyabb h\u0171t\u00e9s is. Az egyetlen nem igaz\u00e1n ac\u00e9los r\u00e9sze a notebooknak az akku, hiszen \u00e1tlagos haszn\u00e1lat mellett (Wi-Fi bekapcsolva, b\u00f6ng\u00e9sz\u00e9s, vide\u00f3k megtekint\u00e9se, irodai szoftverek) k\u00e9t \u00e9s f\u00e9l, h\u00e1rom \u00f3ra alatt kifogy a szufla a g\u00e9pb\u0151l, ami semmik\u00e9pp sem \u00f6rvendetes, b\u00e1r az igazs\u00e1ghoz hozz\u00e1tartozik, hogy a g\u00e9p s\u00falya \u00e9s m\u00e9rete miatt nagy val\u00f3sz\u00edn\u0171s\u00e9ggel keveset fogjuk \u00f6lben haszn\u00e1lni.     <\/p>    <center><img src='http:\/\/hir.mediamarkt.hu\/magazin\/images\/0808_04.png' border='0' alt='' \/>     \t   \t   \t   \t   \t   \t   \t<br>  \t<\/center>   \t  <p>    \t \u00d6sszegezve a dolgot, a Sony VAIO Fit egy j\u00f3l \u00f6sszerakott, \u00e1tgondolt, nem t\u00falz\u00f3, de b\u0151s\u00e9ggel elegend\u0151 er\u0151t k\u00edn\u00e1l\u00f3 hardverrel rendelkez\u0151 \u00e9rint\u0151k\u00e9perny\u0151s notebook, ahol a kijelz\u0151 felbont\u00e1s\u00e1t, min\u0151s\u00e9g\u00e9t mindenk\u00e9pp ki kell emeln\u00fcnk. Amikor elkezd\u0151d\u00f6tt ez a \u201enorm\u00e1l notebookba \u00e9rint\u0151kijelz\u0151t\u201d dolog, bizony nem igaz\u00e1n \u00e9rtett\u00fck mire lesz j\u00f3, hiszen rendben van, hogy a Windows 8 remek\u00fcl elmuzsik\u00e1l \u00e9rint\u00e9ssel, de a panelek, megold\u00e1sok finoman sz\u00f3lva sem voltak kiforrottak. \u00c1m a tech vil\u00e1g izmos temp\u00f3t dikt\u00e1l \u00e9s a VAIO Fit az egyik remek p\u00e9lda, hogy bizony lehet j\u00f3 min\u0151s\u00e9g\u0171 \u00e9rint\u0151 panelt tenni egy notebookba, r\u00e1ad\u00e1sul m\u00e9g az \u00e1rral sem sz\u00e1llt e a Sony, hiszen b\u00e1r a VAIO Fit alulr\u00f3l karcolja a h\u00e1romsz\u00e1zezer forintot, ha ebb\u0151l levessz\u00fck az \u00e9rint\u0151panel \u00f6tven-, hatvanezer forintos k\u00e9pzeletbeli \u00e1r\u00e1t, egy eg\u00e9sz rendben l\u00e9v\u0151 hardvert kapunk, sz\u00e9p formatervvel \u00e9s igaz\u00e1n korrekt min\u0151s\u00e9gben.     <\/p>      <p>     Forr\u00e1s: Media Markt Magyarorsz\u00e1g  <\/p>    <!-- FB HSZ -->    \t<div id=\"fb-root\"><\/div>  \t<script>  \t(function(d, s, id) {  \t  var js, fjs = d.getElementsByTagName(s)[0];  \t  if (d.getElementById(id)) return;  \t  js = d.createElement(s); js.id = id;  \t  js.src = \"http:\/\/connect.facebook.net\/hu_HU\/all.js#xfbml=1&appId=282207548525345\";  \t  fjs.parentNode.insertBefore(js, fjs);  \t}(document, 'script', 'facebook-jssdk'));  \t  \t<\/script>  \t  <\/div><div class='fb-comments' data-href='http:\/\/hir.mediamarkt.hu\/magazin\/Egy_Fit_VAIO' data-num-posts='10' data-width='515'><\/div>","protected":false},"excerpt":{"rendered":"A Sony VAIO notebook sz\u00e9ri\u00e1j\u00e1nak egyik friss, \u00e9rint\u0151k\u00e9perny\u0151vel szerelt tagja \u00e9rkezett hozz\u00e1nk a szerkeszt\u0151s\u00e9gbe. Az evol\u00faci\u00f3 meg\u00e1ll\u00edthatatlan, hiszen r\u00f6pke m\u00e1sf\u00e9l \u00e9v alatt eg\u00e9szen hozz\u00e1szoktunk ahhoz, hogy a kinyitott notebookunk k\u00e9perny\u0151j\u00e9t tapicskoljuk. Megint. A technol\u00f3gia ir\u00e1nt \u00e9rdekl\u0151d\u0151 olvas\u00f3 eg\u00e9sz biztosan eml\u00e9kszik a k\u00e9tezres \u00e9vek elej\u00e9n nyer\u0151nek t\u0171n\u0151 tablet PC-kre, amik \u00e1ltal\u00e1ban apr\u00f3, kiford\u00edthat\u00f3 \u00e9rint\u0151kijelz\u0151vel szerelt (ami csak a g\u00e9phez kapott ceruz\u00e1val m\u0171k\u00f6d\u00f6tt), m\u00e9regdr\u00e1ga \u00fczleti g\u00e9pek voltak. \u00c1m mindek\u00f6zben nagyot fordult a vil\u00e1g \u00e9s az \u00e9rint\u0151k\u00e9perny\u0151k az eg\u00e9sz vil\u00e1gon elterjedtek, minek k\u00f6sz\u00f6nhet\u0151en az \u00e9rint\u00e9s\u00e9rz\u00e9keny panelek gy\u00e1rt\u00e1si k\u00f6lts\u00e9gei cs\u00f6kkentek, \u00edgy \u00fajra felbukkantak a notebookok vil\u00e1g\u00e1ban. \u00c1m most a legt\u00f6bb gy\u00e1rt\u00f3 sokkal egyszer\u0171bb receptet haszn\u00e1l. A legt\u00f6bbsz\u00f6r nincs speci\u00e1lis, kiford\u00edthat\u00f3 fed\u00e9lmechanizmus, egyszer\u0171en \u00e9rint\u0151panelt szerelnek egy m\u00e1r megl\u00e9v\u0151 norm\u00e1l modellbe. A Sony is ezt a &#8230;","protected":false},"author":1,"featured_media":0,"comment_status":"open","ping_status":"open","sticky":false,"template":"","format":"standard","meta":{"wprm-recipe-roundup-name":"","wprm-recipe-roundup-description":"","footnotes":""},"categories":[],"tags":[],"yoast_head":"<!-- This site is optimized with the Yoast SEO plugin v22.9 - https:\/\/yoast.com\/wordpress\/plugins\/seo\/ -->\n<title>Egy Fit VAIO - MediaMarkt Magazin<\/title>\n<meta name=\"robots\" content=\"index, follow, max-snippet:-1, max-image-preview:large, max-video-preview:-1\" \/>\n<link rel=\"canonical\" href=\"https:\/\/hir.mediamarkt.hu\/magazin\/egy-fit-vaio\/\" \/>\n<meta property=\"og:locale\" content=\"hu_HU\" \/>\n<meta property=\"og:type\" content=\"article\" \/>\n<meta property=\"og:title\" content=\"Egy Fit VAIO - MediaMarkt Magazin\" \/>\n<meta property=\"og:description\" content=\"A Sony VAIO notebook sz\u00e9ri\u00e1j\u00e1nak egyik friss, \u00e9rint\u0151k\u00e9perny\u0151vel szerelt tagja \u00e9rkezett hozz\u00e1nk a szerkeszt\u0151s\u00e9gbe. Az evol\u00faci\u00f3 meg\u00e1ll\u00edthatatlan, hiszen r\u00f6pke m\u00e1sf\u00e9l \u00e9v alatt eg\u00e9szen hozz\u00e1szoktunk ahhoz, hogy a kinyitott notebookunk k\u00e9perny\u0151j\u00e9t tapicskoljuk. Megint. A technol\u00f3gia ir\u00e1nt \u00e9rdekl\u0151d\u0151 olvas\u00f3 eg\u00e9sz biztosan eml\u00e9kszik a k\u00e9tezres \u00e9vek elej\u00e9n nyer\u0151nek t\u0171n\u0151 tablet PC-kre, amik \u00e1ltal\u00e1ban apr\u00f3, kiford\u00edthat\u00f3 \u00e9rint\u0151kijelz\u0151vel szerelt (ami csak a g\u00e9phez kapott ceruz\u00e1val m\u0171k\u00f6d\u00f6tt), m\u00e9regdr\u00e1ga \u00fczleti g\u00e9pek voltak. \u00c1m mindek\u00f6zben nagyot fordult a vil\u00e1g \u00e9s az \u00e9rint\u0151k\u00e9perny\u0151k az eg\u00e9sz vil\u00e1gon elterjedtek, minek k\u00f6sz\u00f6nhet\u0151en az \u00e9rint\u00e9s\u00e9rz\u00e9keny panelek gy\u00e1rt\u00e1si k\u00f6lts\u00e9gei cs\u00f6kkentek, \u00edgy \u00fajra felbukkantak a notebookok vil\u00e1g\u00e1ban. \u00c1m most a legt\u00f6bb gy\u00e1rt\u00f3 sokkal egyszer\u0171bb receptet haszn\u00e1l. A legt\u00f6bbsz\u00f6r nincs speci\u00e1lis, kiford\u00edthat\u00f3 fed\u00e9lmechanizmus, egyszer\u0171en \u00e9rint\u0151panelt szerelnek egy m\u00e1r megl\u00e9v\u0151 norm\u00e1l modellbe. A Sony is ezt a ...\" \/>\n<meta property=\"og:url\" content=\"https:\/\/hir.mediamarkt.hu\/magazin\/egy-fit-vaio\/\" \/>\n<meta property=\"og:site_name\" content=\"MediaMarkt Magazin\" \/>\n<meta property=\"article:publisher\" content=\"https:\/\/www.facebook.com\/MediaMarktMagyarorszag\" \/>\n<meta property=\"article:published_time\" content=\"2013-08-08T00:00:00+00:00\" \/>\n<meta property=\"article:modified_time\" content=\"-0001-11-30T00:00:00+00:00\" \/>\n<meta property=\"og:image\" content=\"http:\/\/hir.mediamarkt.hu\/magazin\/images\/0808_01.png\" \/>\n<meta name=\"author\" content=\"intermedius\" \/>\n<meta name=\"twitter:label1\" content=\"Szerz\u0151:\" \/>\n\t<meta name=\"twitter:data1\" content=\"intermedius\" \/>\n\t<meta name=\"twitter:label2\" content=\"Becs\u00fclt olvas\u00e1si id\u0151\" \/>\n\t<meta name=\"twitter:data2\" content=\"6 perc\" \/>\n<script type=\"application\/ld+json\" class=\"yoast-schema-graph\">{\"@context\":\"https:\/\/schema.org\",\"@graph\":[{\"@type\":\"WebPage\",\"@id\":\"https:\/\/hir.mediamarkt.hu\/magazin\/egy-fit-vaio\/\",\"url\":\"https:\/\/hir.mediamarkt.hu\/magazin\/egy-fit-vaio\/\",\"name\":\"Egy Fit VAIO - MediaMarkt Magazin\",\"isPartOf\":{\"@id\":\"https:\/\/hir.mediamarkt.hu\/magazin\/#website\"},\"primaryImageOfPage\":{\"@id\":\"https:\/\/hir.mediamarkt.hu\/magazin\/egy-fit-vaio\/#primaryimage\"},\"image\":{\"@id\":\"https:\/\/hir.mediamarkt.hu\/magazin\/egy-fit-vaio\/#primaryimage\"},\"thumbnailUrl\":\"http:\/\/hir.mediamarkt.hu\/magazin\/images\/0808_01.png\",\"datePublished\":\"2013-08-08T00:00:00+00:00\",\"dateModified\":\"-0001-11-30T00:00:00+00:00\",\"author\":{\"@id\":\"https:\/\/hir.mediamarkt.hu\/magazin\/#\/schema\/person\/7f1d99540808335a59d17dcebfa95544\"},\"breadcrumb\":{\"@id\":\"https:\/\/hir.mediamarkt.hu\/magazin\/egy-fit-vaio\/#breadcrumb\"},\"inLanguage\":\"hu\",\"potentialAction\":[{\"@type\":\"ReadAction\",\"target\":[\"https:\/\/hir.mediamarkt.hu\/magazin\/egy-fit-vaio\/\"]}]},{\"@type\":\"ImageObject\",\"inLanguage\":\"hu\",\"@id\":\"https:\/\/hir.mediamarkt.hu\/magazin\/egy-fit-vaio\/#primaryimage\",\"url\":\"http:\/\/hir.mediamarkt.hu\/magazin\/images\/0808_01.png\",\"contentUrl\":\"http:\/\/hir.mediamarkt.hu\/magazin\/images\/0808_01.png\"},{\"@type\":\"BreadcrumbList\",\"@id\":\"https:\/\/hir.mediamarkt.hu\/magazin\/egy-fit-vaio\/#breadcrumb\",\"itemListElement\":[{\"@type\":\"ListItem\",\"position\":1,\"name\":\"Kezd\u0151lap\",\"item\":\"https:\/\/hir.mediamarkt.hu\/magazin\/\"},{\"@type\":\"ListItem\",\"position\":2,\"name\":\"Egy Fit VAIO\"}]},{\"@type\":\"WebSite\",\"@id\":\"https:\/\/hir.mediamarkt.hu\/magazin\/#website\",\"url\":\"https:\/\/hir.mediamarkt.hu\/magazin\/\",\"name\":\"MediaMarkt Magazin\",\"description\":\"Olvass bele magazinunkba!\",\"potentialAction\":[{\"@type\":\"SearchAction\",\"target\":{\"@type\":\"EntryPoint\",\"urlTemplate\":\"https:\/\/hir.mediamarkt.hu\/magazin\/?s={search_term_string}\"},\"query-input\":\"required name=search_term_string\"}],\"inLanguage\":\"hu\"},{\"@type\":\"Person\",\"@id\":\"https:\/\/hir.mediamarkt.hu\/magazin\/#\/schema\/person\/7f1d99540808335a59d17dcebfa95544\",\"name\":\"intermedius\",\"image\":{\"@type\":\"ImageObject\",\"inLanguage\":\"hu\",\"@id\":\"https:\/\/hir.mediamarkt.hu\/magazin\/#\/schema\/person\/image\/\",\"url\":\"https:\/\/secure.gravatar.com\/avatar\/bbf88debc0bd7abfc1047f575da076f2?s=96&d=mm&r=g\",\"contentUrl\":\"https:\/\/secure.gravatar.com\/avatar\/bbf88debc0bd7abfc1047f575da076f2?s=96&d=mm&r=g\",\"caption\":\"intermedius\"}}]}<\/script>\n<!-- \/ Yoast SEO plugin. -->","yoast_head_json":{"title":"Egy Fit VAIO - MediaMarkt Magazin","robots":{"index":"index","follow":"follow","max-snippet":"max-snippet:-1","max-image-preview":"max-image-preview:large","max-video-preview":"max-video-preview:-1"},"canonical":"https:\/\/hir.mediamarkt.hu\/magazin\/egy-fit-vaio\/","og_locale":"hu_HU","og_type":"article","og_title":"Egy Fit VAIO - MediaMarkt Magazin","og_description":"A Sony VAIO notebook sz\u00e9ri\u00e1j\u00e1nak egyik friss, \u00e9rint\u0151k\u00e9perny\u0151vel szerelt tagja \u00e9rkezett hozz\u00e1nk a szerkeszt\u0151s\u00e9gbe. Az evol\u00faci\u00f3 meg\u00e1ll\u00edthatatlan, hiszen r\u00f6pke m\u00e1sf\u00e9l \u00e9v alatt eg\u00e9szen hozz\u00e1szoktunk ahhoz, hogy a kinyitott notebookunk k\u00e9perny\u0151j\u00e9t tapicskoljuk. Megint. A technol\u00f3gia ir\u00e1nt \u00e9rdekl\u0151d\u0151 olvas\u00f3 eg\u00e9sz biztosan eml\u00e9kszik a k\u00e9tezres \u00e9vek elej\u00e9n nyer\u0151nek t\u0171n\u0151 tablet PC-kre, amik \u00e1ltal\u00e1ban apr\u00f3, kiford\u00edthat\u00f3 \u00e9rint\u0151kijelz\u0151vel szerelt (ami csak a g\u00e9phez kapott ceruz\u00e1val m\u0171k\u00f6d\u00f6tt), m\u00e9regdr\u00e1ga \u00fczleti g\u00e9pek voltak. \u00c1m mindek\u00f6zben nagyot fordult a vil\u00e1g \u00e9s az \u00e9rint\u0151k\u00e9perny\u0151k az eg\u00e9sz vil\u00e1gon elterjedtek, minek k\u00f6sz\u00f6nhet\u0151en az \u00e9rint\u00e9s\u00e9rz\u00e9keny panelek gy\u00e1rt\u00e1si k\u00f6lts\u00e9gei cs\u00f6kkentek, \u00edgy \u00fajra felbukkantak a notebookok vil\u00e1g\u00e1ban. \u00c1m most a legt\u00f6bb gy\u00e1rt\u00f3 sokkal egyszer\u0171bb receptet haszn\u00e1l. A legt\u00f6bbsz\u00f6r nincs speci\u00e1lis, kiford\u00edthat\u00f3 fed\u00e9lmechanizmus, egyszer\u0171en \u00e9rint\u0151panelt szerelnek egy m\u00e1r megl\u00e9v\u0151 norm\u00e1l modellbe. A Sony is ezt a ...","og_url":"https:\/\/hir.mediamarkt.hu\/magazin\/egy-fit-vaio\/","og_site_name":"MediaMarkt Magazin","article_publisher":"https:\/\/www.facebook.com\/MediaMarktMagyarorszag","article_published_time":"2013-08-08T00:00:00+00:00","article_modified_time":"-0001-11-30T00:00:00+00:00","og_image":[{"url":"http:\/\/hir.mediamarkt.hu\/magazin\/images\/0808_01.png"}],"author":"intermedius","twitter_misc":{"Szerz\u0151:":"intermedius","Becs\u00fclt olvas\u00e1si id\u0151":"6 perc"},"schema":{"@context":"https:\/\/schema.org","@graph":[{"@type":"WebPage","@id":"https:\/\/hir.mediamarkt.hu\/magazin\/egy-fit-vaio\/","url":"https:\/\/hir.mediamarkt.hu\/magazin\/egy-fit-vaio\/","name":"Egy Fit VAIO - MediaMarkt Magazin","isPartOf":{"@id":"https:\/\/hir.mediamarkt.hu\/magazin\/#website"},"primaryImageOfPage":{"@id":"https:\/\/hir.mediamarkt.hu\/magazin\/egy-fit-vaio\/#primaryimage"},"image":{"@id":"https:\/\/hir.mediamarkt.hu\/magazin\/egy-fit-vaio\/#primaryimage"},"thumbnailUrl":"http:\/\/hir.mediamarkt.hu\/magazin\/images\/0808_01.png","datePublished":"2013-08-08T00:00:00+00:00","dateModified":"-0001-11-30T00:00:00+00:00","author":{"@id":"https:\/\/hir.mediamarkt.hu\/magazin\/#\/schema\/person\/7f1d99540808335a59d17dcebfa95544"},"breadcrumb":{"@id":"https:\/\/hir.mediamarkt.hu\/magazin\/egy-fit-vaio\/#breadcrumb"},"inLanguage":"hu","potentialAction":[{"@type":"ReadAction","target":["https:\/\/hir.mediamarkt.hu\/magazin\/egy-fit-vaio\/"]}]},{"@type":"ImageObject","inLanguage":"hu","@id":"https:\/\/hir.mediamarkt.hu\/magazin\/egy-fit-vaio\/#primaryimage","url":"http:\/\/hir.mediamarkt.hu\/magazin\/images\/0808_01.png","contentUrl":"http:\/\/hir.mediamarkt.hu\/magazin\/images\/0808_01.png"},{"@type":"BreadcrumbList","@id":"https:\/\/hir.mediamarkt.hu\/magazin\/egy-fit-vaio\/#breadcrumb","itemListElement":[{"@type":"ListItem","position":1,"name":"Kezd\u0151lap","item":"https:\/\/hir.mediamarkt.hu\/magazin\/"},{"@type":"ListItem","position":2,"name":"Egy Fit VAIO"}]},{"@type":"WebSite","@id":"https:\/\/hir.mediamarkt.hu\/magazin\/#website","url":"https:\/\/hir.mediamarkt.hu\/magazin\/","name":"MediaMarkt Magazin","description":"Olvass bele magazinunkba!","potentialAction":[{"@type":"SearchAction","target":{"@type":"EntryPoint","urlTemplate":"https:\/\/hir.mediamarkt.hu\/magazin\/?s={search_term_string}"},"query-input":"required name=search_term_string"}],"inLanguage":"hu"},{"@type":"Person","@id":"https:\/\/hir.mediamarkt.hu\/magazin\/#\/schema\/person\/7f1d99540808335a59d17dcebfa95544","name":"intermedius","image":{"@type":"ImageObject","inLanguage":"hu","@id":"https:\/\/hir.mediamarkt.hu\/magazin\/#\/schema\/person\/image\/","url":"https:\/\/secure.gravatar.com\/avatar\/bbf88debc0bd7abfc1047f575da076f2?s=96&d=mm&r=g","contentUrl":"https:\/\/secure.gravatar.com\/avatar\/bbf88debc0bd7abfc1047f575da076f2?s=96&d=mm&r=g","caption":"intermedius"}}]}},"_links":{"self":[{"href":"https:\/\/hir.mediamarkt.hu\/magazin\/wp-json\/wp\/v2\/posts\/57"}],"collection":[{"href":"https:\/\/hir.mediamarkt.hu\/magazin\/wp-json\/wp\/v2\/posts"}],"about":[{"href":"https:\/\/hir.mediamarkt.hu\/magazin\/wp-json\/wp\/v2\/types\/post"}],"author":[{"embeddable":true,"href":"https:\/\/hir.mediamarkt.hu\/magazin\/wp-json\/wp\/v2\/users\/1"}],"replies":[{"embeddable":true,"href":"https:\/\/hir.mediamarkt.hu\/magazin\/wp-json\/wp\/v2\/comments?post=57"}],"version-history":[{"count":0,"href":"https:\/\/hir.mediamarkt.hu\/magazin\/wp-json\/wp\/v2\/posts\/57\/revisions"}],"wp:attachment":[{"href":"https:\/\/hir.mediamarkt.hu\/magazin\/wp-json\/wp\/v2\/media?parent=57"}],"wp:term":[{"taxonomy":"category","embeddable":true,"href":"https:\/\/hir.mediamarkt.hu\/magazin\/wp-json\/wp\/v2\/categories?post=57"},{"taxonomy":"post_tag","embeddable":true,"href":"https:\/\/hir.mediamarkt.hu\/magazin\/wp-json\/wp\/v2\/tags?post=57"}],"curies":[{"name":"wp","href":"https:\/\/api.w.org\/{rel}","templated":true}]}}