{"id":5700,"date":"2018-06-01T16:12:00","date_gmt":"2018-06-01T15:12:00","guid":{"rendered":"http:\/\/hir.mediamarkt.hu\/magazin\/?p=5700"},"modified":"2018-06-08T10:44:55","modified_gmt":"2018-06-08T09:44:55","slug":"garantaltan-felizzik-hangulat-ha-ezekkel-grill-desszertekkel-abszolvalod-kerti-party-d","status":"publish","type":"post","link":"https:\/\/hir.mediamarkt.hu\/magazin\/garantaltan-felizzik-hangulat-ha-ezekkel-grill-desszertekkel-abszolvalod-kerti-party-d\/","title":{"rendered":"Garant\u00e1ltan felizzik a hangulat, ha ezekkel a grill desszertekkel abszolv\u00e1lod a kerti party-d!"},"content":{"rendered":"<strong>Ahogy arr\u00f3l m\u00e1r besz\u00e1moltunk &#8211; \u00e9s titkon rem\u00e9nyked\u00fcnk benne -, <a href=\"http:\/\/hir.mediamarkt.hu\/magazin\/grill-szezon-magyaros-recept-nemzeti-konyha\/\">\u00faj magyar grill mozgalom<\/a> sz\u00fclet\u00e9se van kil\u00e1t\u00e1sban. Mert h\u00e1t mi\u00e9rt maradn\u00e1nk ki valami eg\u00e9szen j\u00f3b\u00f3l, amit a k\u00f6rny\u00e9kbeli orsz\u00e1gokban m\u00e1r j\u00f3 ideje \u0171znek, ami nem v\u00e1gja haza a csal\u00e1di kassz\u00e1t \u00e9s ami egyszer\u0171en finom! J\u00f6jj\u00f6n egy gasztron\u00f3miai ter\u00fclet, amely kapcs\u00e1n a grillez\u00e9s tal\u00e1n nem ugrik els\u0151re, de amely kapcs\u00e1n a \u201cDolce Vita\u201d m\u00e9g forr\u00f3bb, m\u00e9g \u00e9rz\u00e9kibb felhangot kap. \u00c9dess\u00e9g \u00e9s desszert \u00e1radat, t\u00fczes felhanggal!<\/strong><!--more-->\r\n\r\n<span style=\"font-weight: 400;\">Az internetet ellept\u00e9k a a jobbn\u00e1l jobb grill receptek. \u00d6nmag\u00e1ban ez a t\u00e9ny m\u00e9g nem olyan felkavar\u00f3, hiszen a gasztron\u00f3mia jelenleg vir\u00e1gkor\u00e1t \u00e9li, szinte mindenfele receptekbe \u00e9s tippekbe botlani. Azonban az k\u00f6zel sem h\u00e9tk\u00f6znapi jelens\u00e9g, amikor t\u0171z felett pir\u00edtott, karamelliz\u00e1lt \u00e9s finoman \u00e1ts\u00fct\u00f6tt \u00e9dess\u00e9gekhez ker\u00fcl\u00fcnk k\u00f6zelebb. Mivel mi a laz\u00e1bb, improvizat\u00edvabb szabadt\u00e9ri s\u00fct\u00e9s-f\u0151z\u00e9sben hisz\u00fcnk, a most k\u00f6vetkez\u0151 receptek kiv\u00e1l\u00f3 alapanyagok lehetnek.\u00a0Fedezz\u00fck fel a fasz\u00e9nen, vagy elektromos r\u00e1cson roppan\u00f3sra pirul\u00f3 alapanyagok t\u00e1rh\u00e1z\u00e1t, \u00e9s k\u00e1pr\u00e1ztassuk el a bar\u00e1tainkat egy-egy \u00f6sszej\u00f6vetelen. Ak\u00e1r a gangon, az erk\u00e9lyen, vagy egy parkban!\u00a0<\/span>\r\n\r\nMost bemutatjuk a forr\u00f3 \u00e9rzelmeket kiv\u00e1lt\u00f3 desszertek legjav\u00e1t, az 5 legjobb receptet! Vigy\u00e1zat, garant\u00e1lt \u00e9hs\u00e9g\u00e9rzet vesz\u00e9ly!\r\n<h2><\/h2>\r\n<h2><strong>1. Fagylalt grillezett anan\u00e1sz \u00e1gyon<\/strong><\/h2>\r\n<strong>Hozz\u00e1val\u00f3k:\u00a0<\/strong>\r\n<ul>\r\n \t<li>anan\u00e1sz karik\u00e1k<\/li>\r\n \t<li>van\u00edlia fagyi<\/li>\r\n \t<li>Dulce de leche, avagy az argentin\u00a0karamelliz\u00e1lt tejkr\u00e9m<\/li>\r\n \t<li>k\u00f3kusz reszel\u00e9k<\/li>\r\n<\/ul>\r\n<strong>Elk\u00e9sz\u00edt\u00e9si id\u0151:<\/strong> 10 perc\r\n\r\n<strong>Munkafolyamat:\u00a0<\/strong>\r\n\r\nA grillez\u00e9s logik\u00e1ja \u00e9s a k\u00e9p alapj\u00e1n tal\u00e1n teljesen vil\u00e1gos, mi a teend\u0151. Csak a Dulce de leche kapcs\u00e1n \u00e9rdemes meg\u00e1llni egy percre, am\u00fagy m\u00e1ris nekieshet\u00fcnk a dolognak, m\u00e1r ha van otthon minden hozz\u00e1val\u00f3. A karamelliz\u00e1lt tejkr\u00e9m tulajdonk\u00e9ppen j\u00f3l megcukrozott, s\u0171r\u00edtett, forralt tej, amelyet sz\u00f3dabikarb\u00f3n\u00e1val \u00e9s fah\u00e9jjal is megbolond\u00edthatunk. Ha lust\u00e1bbak vagyunk, eleve vehet\u00fcnk cukrozott s\u0171r\u00edtett tej konzervet, akkor azt\u00e1n m\u00e1r t\u00e9nyleg csak a hev\u00edt\u00e9st (majd a h\u0171t\u00e9st) kell abszolv\u00e1lnunk.\r\n\r\n\u00cdzl\u00e9s k\u00e9rd\u00e9se, hogy a t\u0171z f\u00f6l\u00f6tt megdolgozott, ragyog\u00f3 anan\u00e1sz karik\u00e1kat mennyire hagyjuk kih\u0171lni. A t\u00fal forr\u00f3 \u00e1gyon sz\u00e9tolvadna a fagylalt, de valahogy vonz\u00f3nak t\u0171nik a h\u0171v\u00f6s \u00e9s a langyos tal\u00e1lkoz\u00e1sa&#8230;\r\n\r\n<img loading=\"lazy\" decoding=\"async\" class=\"alignnone wp-image-5701\" src=\"http:\/\/hir.mediamarkt.hu\/magazin\/wp-content\/uploads\/2018\/05\/00-683x1024.jpg\" alt=\"\" width=\"480\" height=\"720\" srcset=\"https:\/\/hir.mediamarkt.hu\/magazin\/wp-content\/uploads\/2018\/05\/00-683x1024.jpg 683w, https:\/\/hir.mediamarkt.hu\/magazin\/wp-content\/uploads\/2018\/05\/00-275x413.jpg 275w, https:\/\/hir.mediamarkt.hu\/magazin\/wp-content\/uploads\/2018\/05\/00-200x300.jpg 200w, https:\/\/hir.mediamarkt.hu\/magazin\/wp-content\/uploads\/2018\/05\/00-768x1152.jpg 768w, https:\/\/hir.mediamarkt.hu\/magazin\/wp-content\/uploads\/2018\/05\/00-720x1080.jpg 720w, https:\/\/hir.mediamarkt.hu\/magazin\/wp-content\/uploads\/2018\/05\/00.jpg 980w\" sizes=\"(max-width: 480px) 100vw, 480px\" \/>\r\n\r\nAz eredeti recept\u00a0<a href=\"https:\/\/www.delish.com\/cooking\/recipe-ideas\/recipes\/a47492\/grilled-pineapple-sundaes-recipes\/\">itt<\/a>\u00a0olvashat\u00f3.\r\n<h2><\/h2>\r\n<h2>2. Nagyon ny\u00e1ri gy\u00fcm\u00f6lcs ny\u00e1rs<\/h2>\r\n<strong>Hozz\u00e1val\u00f3k:<\/strong>\r\n<ul>\r\n \t<li>barack, eper \u00e9s anan\u00e1sz kock\u00e1k\/szeletek<\/li>\r\n \t<li>ny\u00e1rs p\u00e1lcika<\/li>\r\n \t<li>extra sz\u0171z olviaolaj<\/li>\r\n \t<li>s\u00f3<\/li>\r\n \t<li>m\u00e9z<\/li>\r\n<\/ul>\r\n<strong>Elk\u00e9sz\u00edt\u00e9si id\u0151:<\/strong> 15 perc\r\n\r\n<strong>Munkafolyamat:\u00a0<\/strong>\r\n\r\nEl\u0151sz\u00f6r is kicsit, olyan 20 percre \u00e1ztassuk be a ny\u00e1rs p\u00e1lcik\u00e1kat v\u00edzbe. Am\u00edg a desszert &#8222;gerince&#8221; felk\u00e9sz\u00fcl a s\u00fct\u00e9sre, a felt\u00e9teket szeletelj\u00fck fel \u00edzl\u00e9s \u00e9s l\u00e1tv\u00e1ny szerint. Majd t\u0171zz\u00fck fel \u0151ket a kis botokra \u00e9s finoman permetezz\u00fck meg egy kis olivaolajjal \u00e9s s\u00f3val \u0151ket. Ezut\u00e1n pakoljuk a ny\u00e1rsakat a k\u00f6zepesen el\u0151meleg\u00edtett grillr\u00e1csra, majd ha a gy\u00fcm\u00f6lcs\u00f6k megpirultak (kb. 10-12 perc \u00e9s id\u0151nk\u00e9nti forgat\u00e1s ut\u00e1n), \u00e9lvezz\u00fck a ny\u00e1ri \u00edzek kavalk\u00e1dj\u00e1t! Ja igen: az \u00e9des \u00e9rint\u00e9s v\u00e9gett csurgassunk egy kis m\u00e9zet a sz\u00e9ps\u00e9gekre!\r\n\r\n<img loading=\"lazy\" decoding=\"async\" class=\"alignnone wp-image-5703\" src=\"http:\/\/hir.mediamarkt.hu\/magazin\/wp-content\/uploads\/2018\/05\/02.jpg\" alt=\"\" width=\"480\" height=\"343\" srcset=\"https:\/\/hir.mediamarkt.hu\/magazin\/wp-content\/uploads\/2018\/05\/02.jpg 980w, https:\/\/hir.mediamarkt.hu\/magazin\/wp-content\/uploads\/2018\/05\/02-275x197.jpg 275w, https:\/\/hir.mediamarkt.hu\/magazin\/wp-content\/uploads\/2018\/05\/02-300x215.jpg 300w, https:\/\/hir.mediamarkt.hu\/magazin\/wp-content\/uploads\/2018\/05\/02-768x549.jpg 768w, https:\/\/hir.mediamarkt.hu\/magazin\/wp-content\/uploads\/2018\/05\/02-720x515.jpg 720w\" sizes=\"(max-width: 480px) 100vw, 480px\" \/>\r\n\r\nAz eredeti recept\u00a0<a href=\"https:\/\/www.delish.com\/cooking\/recipe-ideas\/recipes\/a43683\/grilled-summer-fruit-kebabs-recipe\/\" target=\"_blank\">itt<\/a>\u00a0olvashat\u00f3.\r\n<h2><\/h2>\r\n<h2><strong>3. Grillezett ban\u00e1n haj\u00f3, egy kicsit Bajor Imre eml\u00e9k\u00e9re<\/strong><\/h2>\r\n<strong>Hozz\u00e1val\u00f3k:\u00a0<\/strong>\r\n<ul>\r\n \t<li>ban\u00e1n<\/li>\r\n \t<li>vaj<\/li>\r\n \t<li>van\u00edlia fagyi (vagy a saj\u00e1t, kedvenc \u00edz\u00fcnk)<\/li>\r\n \t<li>csokiszirup<\/li>\r\n \t<li>karamell\u00e1s csokiszelet<\/li>\r\n \t<li>tejsz\u00ednhab<\/li>\r\n<\/ul>\r\n<strong>Elk\u00e9sz\u00edt\u00e9si id\u0151:<\/strong>\u00a09 perc\r\n\r\n<strong>Munkafolyamat:\u00a0<\/strong>\r\n\r\nMik\u00f6zben el\u0151k\u00e9sz\u00edtj\u00fck a grill h\u0151m\u00e9rs\u00e9klet\u00e9t, olvasszunk egy kis vajat \u00e9s kenj\u00fck meg vele a f\u00e9lbev\u00e1gott\u00a0\u00e9s egyel\u0151re pucolatlan\u00a0ban\u00e1nokat. Arccal lefel\u00e9 (teh\u00e1t \u00fagy, hogy a v\u00e1g\u00e1s ment\u00e9n, h\u00fasukkal fek\u00fcdjenek a r\u00e1csra) tegy\u00fck fel a gy\u00fcm\u00f6lcs\u00f6t a forr\u00f3 grillre, majd pir\u00edtsuk \u0151ket addig, m\u00edg aranybarn\u00e1ra nem s\u00fclnek. Ez kb. 2 percet vesz ig\u00e9nybe. Ford\u00edtsuk meg a ban\u00e1nt \u00e9s s\u00fcss\u00fck \u00e1t a m\u00e1sik fel\u00e9t is, h\u00e9jon \u00e1t.\r\n\r\nHa k\u00e9sz a s\u00fct\u00e9s, \u00f3vatosan h\u00fazzuk pucoljuk meg a gy\u00fcm\u00f6lcs\u00f6ket, majd n\u00e9mi fagylalt t\u00e1rsas\u00e1g\u00e1ban helyezz\u00fck egy kehelybe \u0151ket. Ezut\u00e1n j\u00f6het a &#8222;felt\u00e9t&#8221;: ne sajn\u00e1ljuk a csokol\u00e1d\u00e9 szirupot \u00e9s az apr\u00f3ra v\u00e1gott karamell szelet morzs\u00e1kat! Hogy a tejsz\u00ednhab m\u00e9g hova f\u00e9r, rejt\u00e9ly, de j\u00f3 es\u00e9llyel mindenki megoldja majd valahogy a k\u00e9rd\u00e9st.\r\n\r\n\u00c9s hogy mi a &#8222;Bajor Imr\u00e9s&#8221; a t\u00f6rt\u00e9netben? Tal\u00e1n sokak eml\u00e9keznek\u00a0a Kicsi husz\u00e1r (\u00e9s f\u0151k\u00e9nt feles\u00e9ge) konyhai tudom\u00e1ny\u00e1ra a Heti Hetes szerepl\u0151ivel forgatott Vacsoracsata omin\u00f3zus epiz\u00f3dj\u00e1ban. A fens\u00e9ges vacsora utols\u00f3 fog\u00e1sa egy, a fentihez igen hasonl\u00f3 desszert volt, igaz, ott az alap fel\u00e1ll\u00e1s gy\u00fcm\u00f6lcssal\u00e1t\u00e1nak indult. Ennek ellen\u00e9re Bajor\u00e9k a pir\u00edtott di\u00f3val megsz\u00f3rt, j\u00f3l \u00e1ts\u00fct\u00f6tt ban\u00e1nt fagylaltra pakolt\u00e1k, \u00edgy a sz\u0151l\u0151szemek \u00e9s egy\u00e9b nyal\u00e1nks\u00e1gok ellen\u00e9re is azonnal beugrott a j\u00f3 hangulat\u00fa m\u0171sor. Hogy a mi verzi\u00f3nk kapcs\u00e1n gondolja-e majd valaki, hogy s\u00fclt szalonn\u00e1t kap fagylalttal, kider\u00fcl a grillr\u00e1cs mellett&#8230;\r\n\r\n<img loading=\"lazy\" decoding=\"async\" class=\"alignnone size-full wp-image-5705\" src=\"http:\/\/hir.mediamarkt.hu\/magazin\/wp-content\/uploads\/2018\/05\/04.jpg\" alt=\"\" width=\"400\" height=\"400\" srcset=\"https:\/\/hir.mediamarkt.hu\/magazin\/wp-content\/uploads\/2018\/05\/04.jpg 400w, https:\/\/hir.mediamarkt.hu\/magazin\/wp-content\/uploads\/2018\/05\/04-275x275.jpg 275w, https:\/\/hir.mediamarkt.hu\/magazin\/wp-content\/uploads\/2018\/05\/04-300x300.jpg 300w, https:\/\/hir.mediamarkt.hu\/magazin\/wp-content\/uploads\/2018\/05\/04-150x150.jpg 150w\" sizes=\"(max-width: 400px) 100vw, 400px\" \/>\r\n\r\nAz eredeti recept\u00a0<a href=\"https:\/\/www.delish.com\/cooking\/recipe-ideas\/recipes\/a29279\/grilled-banana-splits\/\" target=\"_blank\">itt<\/a>\u00a0olvashat\u00f3.\r\n\r\n&nbsp;\r\n<h2>4. Gy\u00f6ngy\u00f6z\u0151-vir\u00e1gz\u00f3 grillezett alma<\/h2>\r\n<strong>Hozz\u00e1val\u00f3k:\u00a0<\/strong>\r\n<ul>\r\n \t<li>s\u00fct\u00e9sre alkalmas, kisebb m\u00e9ret\u0171 alma<\/li>\r\n \t<li>juharszirup vagy karamell kr\u00e9m (ld. fent)<\/li>\r\n \t<li>pek\u00e1ndi\u00f3<\/li>\r\n \t<li>van\u00edlia fagylalt<\/li>\r\n \t<li>f\u00f3lia<\/li>\r\n<\/ul>\r\n<strong>Elk\u00e9sz\u00edt\u00e9si id\u0151:<\/strong>\u00a040 perc\r\n\r\n<strong>Munkafolyamat:\u00a0<\/strong>\r\n\r\nSkalpoljuk meg az alm\u00e1kat, majd \u00f3vatosan kanalazzuk ki a belsej\u00fcket \u00fagy, hogy kialakuljon egy kis od\u00fa a t\u00f6ltel\u00e9k sz\u00e1m\u00e1ra. H\u00e9ja ment\u00e9n vagdossuk be m\u00e9lyen a gy\u00f6m\u00f6lcs\u00f6t, \u00fcgyelve r\u00e1, hogy ne szeletelj\u00fck fel a &#8222;b\u00f6lcs\u0151t&#8221;. T\u00f6lts\u00fck meg az alm\u00e1t a juharszirup kr\u00e9mmel (ha a fent m\u00e1r eml\u00edtett recept nem tetszik, vajjal, barna cukorral, vajkr\u00e9mmel \u00e9s persze a sziruppal isteni sz\u00f3szt k\u00e9sz\u00edthet\u00fcnk, melyhez pontos receptet itt kaphatunk) \u00e9s a feldarabolt pek\u00e1ndi\u00f3val.\r\n\r\nJ\u00f3l bugyol\u00e1ljuk be az alm\u00e1kat f\u00f3li\u00e1ba, majd tegy\u00fck fel \u0151ket a r\u00e1csra, kb. 30 percre. A s\u00fct\u00e9si id\u0151 eltelt\u00e9vel, a kih\u0171l\u00e9st megv\u00e1rva \u00f3vatosan csomagoljuk ki a gy\u00fcm\u00f6lcs\u00f6ket. Vigy\u00e1zat, kapkod\u00e1s eset\u00e9n az alma a f\u00f3li\u00e1ra ragadhat, ebben az esetben pedig kanalazhatjuk kis sz\u00e9pen a desszertet a cs\u00fanya csomagol\u00e1sb\u00f3l. A felt\u00e1lalt alm\u00e1kra kanalazzunk egy kis fagylaltot, majd a l\u00e1tv\u00e1ny &#8211; \u00e9s a m\u00e9g intenz\u00edvebb \u00e9des hat\u00e1s kedv\u00e9\u00e9rt &#8211; csurrantsunk egy kis marad\u00e9k juhar sz\u00f3szt \u00e9s sz\u00f3rjunk egy kis pek\u00e1n morzsal\u00e9kot a desszert tetej\u00e9re.\r\n\r\n<img loading=\"lazy\" decoding=\"async\" class=\"alignnone size-full wp-image-5712\" src=\"http:\/\/hir.mediamarkt.hu\/magazin\/wp-content\/uploads\/2018\/05\/092.jpg\" alt=\"\" width=\"480\" height=\"719\" srcset=\"https:\/\/hir.mediamarkt.hu\/magazin\/wp-content\/uploads\/2018\/05\/092.jpg 480w, https:\/\/hir.mediamarkt.hu\/magazin\/wp-content\/uploads\/2018\/05\/092-275x412.jpg 275w, https:\/\/hir.mediamarkt.hu\/magazin\/wp-content\/uploads\/2018\/05\/092-200x300.jpg 200w\" sizes=\"(max-width: 480px) 100vw, 480px\" \/>\r\n\r\nAz eredeti recept <a href=\"https:\/\/www.thegunnysack.com\/bloomin-grilled-apples\/\" target=\"_blank\">itt<\/a> olvashat\u00f3.\r\n\r\n&nbsp;\r\n<h2>5. Balzsamecetes eperben f\u00fcrd\u0151z\u0151 &#8222;angyalok eledele&#8221; torta. Persze grillezve!<\/h2>\r\n<strong>Hozz\u00e1val\u00f3k:\u00a0<\/strong>\r\n<ul>\r\n \t<li>eper<\/li>\r\n \t<li>balzsamecet<\/li>\r\n \t<li>cukor<\/li>\r\n \t<li>&#8222;angyalok eledele&#8221;<\/li>\r\n \t<li>tejsz\u00ednhab<\/li>\r\n<\/ul>\r\n<strong>Elk\u00e9sz\u00edt\u00e9si id\u0151:<\/strong>\u00a045 perc\r\n\r\n<strong>Munkafolyamat:\u00a0<\/strong>\r\n\r\nAmennyiben az &#8222;angyali&#8221; r\u00e9szt nem magunk k\u00e9sz\u00edtj\u00fck, hanem k\u00e9szen vessz\u00fck a pisk\u00f3ta szer\u0171 alapot (szorgalmasaknak egy magyar nyelv\u0171 recept a h\u00e1zi elk\u00e9sz\u00edt\u00e9shez <a href=\"http:\/\/www.nosalty.hu\/recept\/angel-food-cake\" target=\"_blank\">itt!<\/a>), akkor az elk\u00e9sz\u00edt\u00e9s t\u00e9nyleg nem lehet t\u00f6bb, mint h\u00e1romnegyed \u00f3ra. A megmosott epret, a cukrot \u00e9s a balzsamecetet egy t\u00e1lban f\u00e9l \u00f3r\u00e1ra szoba h\u0151m\u00e9rs\u00e9kleten pihenni \u00e9s ismerkedni hagyjuk. Ezalatt a grill lassan felizz\u00edthat\u00f3. A pisk\u00f3ta alapot tortaszeletekre v\u00e1gva 3-4 percre helyezz\u00fck a forr\u00f3s\u00e1gba. Ha mindk\u00e9t oldala j\u00f3l megpirult, mehet a desszert t\u00e1ny\u00e9rra. Gusztusosan lap\u00e1toljuk mell\u00e9 a finoman el\u00e1zott epreket \u00e9s \u00edzl\u00e9s szerint adjunk hozz\u00e1 tejsz\u00ednhabot. Ne feledkezz\u00fcnk meg a gy\u00fcm\u00f6lcs\u00f6k h\u00e1tramaradt sz\u00f3sz\u00e1r\u00f3l sem!\r\n\r\n<img loading=\"lazy\" decoding=\"async\" class=\"alignnone size-full wp-image-5708\" src=\"http:\/\/hir.mediamarkt.hu\/magazin\/wp-content\/uploads\/2018\/05\/07.jpg\" alt=\"\" width=\"400\" height=\"400\" srcset=\"https:\/\/hir.mediamarkt.hu\/magazin\/wp-content\/uploads\/2018\/05\/07.jpg 400w, https:\/\/hir.mediamarkt.hu\/magazin\/wp-content\/uploads\/2018\/05\/07-275x275.jpg 275w, https:\/\/hir.mediamarkt.hu\/magazin\/wp-content\/uploads\/2018\/05\/07-300x300.jpg 300w, https:\/\/hir.mediamarkt.hu\/magazin\/wp-content\/uploads\/2018\/05\/07-150x150.jpg 150w\" sizes=\"(max-width: 400px) 100vw, 400px\" \/>\r\n\r\nAz eredeti recept\u00a0<a href=\"https:\/\/www.delish.com\/cooking\/recipe-ideas\/recipes\/a29296\/grilled-angel-cake-strawberries-balsamic-ghk\/\" target=\"_blank\">itt<\/a>\u00a0olvashat\u00f3.\r\n\r\n<strong>\u00c9s hogy min k\u00e9sz\u00fclhetnek el a finoms\u00e1gok? A <a href=\"http:\/\/www.mediamarkt.hu\/hu\/search.html?query=grill&amp;searchProfile=onlineshop&amp;channel=mmhuhu&amp;searchParams=%2FSearch.ff%3Fquery%3Dgrill%26channel%3Dmmhuhu\" target=\"_blank\">MediaMartk 329 kapcsol\u00f3d\u00f3 term\u00e9ke<\/a> k\u00f6z\u00fcl v\u00e1logathatsz!\u00a0<\/strong>","protected":false},"excerpt":{"rendered":"Ahogy arr\u00f3l m\u00e1r besz\u00e1moltunk &#8211; \u00e9s titkon rem\u00e9nyked\u00fcnk benne -, \u00faj magyar grill mozgalom sz\u00fclet\u00e9se van kil\u00e1t\u00e1sban. Mert h\u00e1t mi\u00e9rt maradn\u00e1nk ki valami eg\u00e9szen j\u00f3b\u00f3l, amit a k\u00f6rny\u00e9kbeli orsz\u00e1gokban m\u00e1r j\u00f3 ideje \u0171znek, ami nem v\u00e1gja haza a csal\u00e1di kassz\u00e1t \u00e9s ami egyszer\u0171en finom! J\u00f6jj\u00f6n egy gasztron\u00f3miai ter\u00fclet, amely kapcs\u00e1n a grillez\u00e9s tal\u00e1n nem ugrik els\u0151re, de amely kapcs\u00e1n a \u201cDolce Vita\u201d m\u00e9g forr\u00f3bb, m\u00e9g \u00e9rz\u00e9kibb felhangot kap. \u00c9dess\u00e9g \u00e9s desszert \u00e1radat, t\u00fczes felhanggal!","protected":false},"author":13,"featured_media":5701,"comment_status":"open","ping_status":"open","sticky":false,"template":"","format":"standard","meta":{"wprm-recipe-roundup-name":"","wprm-recipe-roundup-description":"","footnotes":""},"categories":[5985],"tags":[2204,2278,491,2497,2374,314,2127,2173,2541,2208,2274,2279,2542,2507],"yoast_head":"<!-- This site is optimized with the Yoast SEO plugin v22.9 - https:\/\/yoast.com\/wordpress\/plugins\/seo\/ -->\n<title>Garant\u00e1ltan felizzik a hangulat, ha ezekkel a grill desszertekkel abszolv\u00e1lod a kerti party-d! - MediaMarkt Magazin<\/title>\n<meta name=\"robots\" content=\"index, follow, max-snippet:-1, max-image-preview:large, max-video-preview:-1\" \/>\n<link rel=\"canonical\" href=\"https:\/\/hir.mediamarkt.hu\/magazin\/garantaltan-felizzik-hangulat-ha-ezekkel-grill-desszertekkel-abszolvalod-kerti-party-d\/\" \/>\n<meta property=\"og:locale\" content=\"hu_HU\" \/>\n<meta property=\"og:type\" content=\"article\" \/>\n<meta property=\"og:title\" content=\"Garant\u00e1ltan felizzik a hangulat, ha ezekkel a grill desszertekkel abszolv\u00e1lod a kerti party-d! - MediaMarkt Magazin\" \/>\n<meta property=\"og:description\" content=\"Ahogy arr\u00f3l m\u00e1r besz\u00e1moltunk &#8211; \u00e9s titkon rem\u00e9nyked\u00fcnk benne -, \u00faj magyar grill mozgalom sz\u00fclet\u00e9se van kil\u00e1t\u00e1sban. Mert h\u00e1t mi\u00e9rt maradn\u00e1nk ki valami eg\u00e9szen j\u00f3b\u00f3l, amit a k\u00f6rny\u00e9kbeli orsz\u00e1gokban m\u00e1r j\u00f3 ideje \u0171znek, ami nem v\u00e1gja haza a csal\u00e1di kassz\u00e1t \u00e9s ami egyszer\u0171en finom! J\u00f6jj\u00f6n egy gasztron\u00f3miai ter\u00fclet, amely kapcs\u00e1n a grillez\u00e9s tal\u00e1n nem ugrik els\u0151re, de amely kapcs\u00e1n a \u201cDolce Vita\u201d m\u00e9g forr\u00f3bb, m\u00e9g \u00e9rz\u00e9kibb felhangot kap. \u00c9dess\u00e9g \u00e9s desszert \u00e1radat, t\u00fczes felhanggal!\" \/>\n<meta property=\"og:url\" content=\"https:\/\/hir.mediamarkt.hu\/magazin\/garantaltan-felizzik-hangulat-ha-ezekkel-grill-desszertekkel-abszolvalod-kerti-party-d\/\" \/>\n<meta property=\"og:site_name\" content=\"MediaMarkt Magazin\" \/>\n<meta property=\"article:publisher\" content=\"https:\/\/www.facebook.com\/MediaMarktMagyarorszag\" \/>\n<meta property=\"article:published_time\" content=\"2018-06-01T15:12:00+00:00\" \/>\n<meta property=\"article:modified_time\" content=\"2018-06-08T09:44:55+00:00\" \/>\n<meta property=\"og:image\" content=\"https:\/\/hir.mediamarkt.hu\/magazin\/wp-content\/uploads\/2018\/05\/00.jpg\" \/>\n\t<meta property=\"og:image:width\" content=\"980\" \/>\n\t<meta property=\"og:image:height\" content=\"1470\" \/>\n\t<meta property=\"og:image:type\" content=\"image\/jpeg\" \/>\n<meta name=\"author\" content=\"Media Markt\" \/>\n<meta name=\"twitter:label1\" content=\"Szerz\u0151:\" \/>\n\t<meta name=\"twitter:data1\" content=\"Media Markt\" \/>\n\t<meta name=\"twitter:label2\" content=\"Becs\u00fclt olvas\u00e1si id\u0151\" \/>\n\t<meta name=\"twitter:data2\" content=\"7 perc\" \/>\n<script type=\"application\/ld+json\" class=\"yoast-schema-graph\">{\"@context\":\"https:\/\/schema.org\",\"@graph\":[{\"@type\":\"WebPage\",\"@id\":\"https:\/\/hir.mediamarkt.hu\/magazin\/garantaltan-felizzik-hangulat-ha-ezekkel-grill-desszertekkel-abszolvalod-kerti-party-d\/\",\"url\":\"https:\/\/hir.mediamarkt.hu\/magazin\/garantaltan-felizzik-hangulat-ha-ezekkel-grill-desszertekkel-abszolvalod-kerti-party-d\/\",\"name\":\"Garant\u00e1ltan felizzik a hangulat, ha ezekkel a grill desszertekkel abszolv\u00e1lod a kerti party-d! - MediaMarkt Magazin\",\"isPartOf\":{\"@id\":\"https:\/\/hir.mediamarkt.hu\/magazin\/#website\"},\"primaryImageOfPage\":{\"@id\":\"https:\/\/hir.mediamarkt.hu\/magazin\/garantaltan-felizzik-hangulat-ha-ezekkel-grill-desszertekkel-abszolvalod-kerti-party-d\/#primaryimage\"},\"image\":{\"@id\":\"https:\/\/hir.mediamarkt.hu\/magazin\/garantaltan-felizzik-hangulat-ha-ezekkel-grill-desszertekkel-abszolvalod-kerti-party-d\/#primaryimage\"},\"thumbnailUrl\":\"https:\/\/hir.mediamarkt.hu\/magazin\/wp-content\/uploads\/2018\/05\/00.jpg\",\"datePublished\":\"2018-06-01T15:12:00+00:00\",\"dateModified\":\"2018-06-08T09:44:55+00:00\",\"author\":{\"@id\":\"https:\/\/hir.mediamarkt.hu\/magazin\/#\/schema\/person\/b93b02ec1ab4d2353f8d281e171c1b0b\"},\"breadcrumb\":{\"@id\":\"https:\/\/hir.mediamarkt.hu\/magazin\/garantaltan-felizzik-hangulat-ha-ezekkel-grill-desszertekkel-abszolvalod-kerti-party-d\/#breadcrumb\"},\"inLanguage\":\"hu\",\"potentialAction\":[{\"@type\":\"ReadAction\",\"target\":[\"https:\/\/hir.mediamarkt.hu\/magazin\/garantaltan-felizzik-hangulat-ha-ezekkel-grill-desszertekkel-abszolvalod-kerti-party-d\/\"]}]},{\"@type\":\"ImageObject\",\"inLanguage\":\"hu\",\"@id\":\"https:\/\/hir.mediamarkt.hu\/magazin\/garantaltan-felizzik-hangulat-ha-ezekkel-grill-desszertekkel-abszolvalod-kerti-party-d\/#primaryimage\",\"url\":\"https:\/\/hir.mediamarkt.hu\/magazin\/wp-content\/uploads\/2018\/05\/00.jpg\",\"contentUrl\":\"https:\/\/hir.mediamarkt.hu\/magazin\/wp-content\/uploads\/2018\/05\/00.jpg\",\"width\":980,\"height\":1470},{\"@type\":\"BreadcrumbList\",\"@id\":\"https:\/\/hir.mediamarkt.hu\/magazin\/garantaltan-felizzik-hangulat-ha-ezekkel-grill-desszertekkel-abszolvalod-kerti-party-d\/#breadcrumb\",\"itemListElement\":[{\"@type\":\"ListItem\",\"position\":1,\"name\":\"Kezd\u0151lap\",\"item\":\"https:\/\/hir.mediamarkt.hu\/magazin\/\"},{\"@type\":\"ListItem\",\"position\":2,\"name\":\"Garant\u00e1ltan felizzik a hangulat, ha ezekkel a grill desszertekkel abszolv\u00e1lod a kerti party-d!\"}]},{\"@type\":\"WebSite\",\"@id\":\"https:\/\/hir.mediamarkt.hu\/magazin\/#website\",\"url\":\"https:\/\/hir.mediamarkt.hu\/magazin\/\",\"name\":\"MediaMarkt Magazin\",\"description\":\"Olvass bele magazinunkba!\",\"potentialAction\":[{\"@type\":\"SearchAction\",\"target\":{\"@type\":\"EntryPoint\",\"urlTemplate\":\"https:\/\/hir.mediamarkt.hu\/magazin\/?s={search_term_string}\"},\"query-input\":\"required name=search_term_string\"}],\"inLanguage\":\"hu\"},{\"@type\":\"Person\",\"@id\":\"https:\/\/hir.mediamarkt.hu\/magazin\/#\/schema\/person\/b93b02ec1ab4d2353f8d281e171c1b0b\",\"name\":\"Media Markt\",\"image\":{\"@type\":\"ImageObject\",\"inLanguage\":\"hu\",\"@id\":\"https:\/\/hir.mediamarkt.hu\/magazin\/#\/schema\/person\/image\/\",\"url\":\"https:\/\/secure.gravatar.com\/avatar\/602bccae8998beee472d01909f0978f1?s=96&d=mm&r=g\",\"contentUrl\":\"https:\/\/secure.gravatar.com\/avatar\/602bccae8998beee472d01909f0978f1?s=96&d=mm&r=g\",\"caption\":\"Media Markt\"}}]}<\/script>\n<!-- \/ Yoast SEO plugin. -->","yoast_head_json":{"title":"Garant\u00e1ltan felizzik a hangulat, ha ezekkel a grill desszertekkel abszolv\u00e1lod a kerti party-d! - MediaMarkt Magazin","robots":{"index":"index","follow":"follow","max-snippet":"max-snippet:-1","max-image-preview":"max-image-preview:large","max-video-preview":"max-video-preview:-1"},"canonical":"https:\/\/hir.mediamarkt.hu\/magazin\/garantaltan-felizzik-hangulat-ha-ezekkel-grill-desszertekkel-abszolvalod-kerti-party-d\/","og_locale":"hu_HU","og_type":"article","og_title":"Garant\u00e1ltan felizzik a hangulat, ha ezekkel a grill desszertekkel abszolv\u00e1lod a kerti party-d! - MediaMarkt Magazin","og_description":"Ahogy arr\u00f3l m\u00e1r besz\u00e1moltunk &#8211; \u00e9s titkon rem\u00e9nyked\u00fcnk benne -, \u00faj magyar grill mozgalom sz\u00fclet\u00e9se van kil\u00e1t\u00e1sban. Mert h\u00e1t mi\u00e9rt maradn\u00e1nk ki valami eg\u00e9szen j\u00f3b\u00f3l, amit a k\u00f6rny\u00e9kbeli orsz\u00e1gokban m\u00e1r j\u00f3 ideje \u0171znek, ami nem v\u00e1gja haza a csal\u00e1di kassz\u00e1t \u00e9s ami egyszer\u0171en finom! J\u00f6jj\u00f6n egy gasztron\u00f3miai ter\u00fclet, amely kapcs\u00e1n a grillez\u00e9s tal\u00e1n nem ugrik els\u0151re, de amely kapcs\u00e1n a \u201cDolce Vita\u201d m\u00e9g forr\u00f3bb, m\u00e9g \u00e9rz\u00e9kibb felhangot kap. \u00c9dess\u00e9g \u00e9s desszert \u00e1radat, t\u00fczes felhanggal!","og_url":"https:\/\/hir.mediamarkt.hu\/magazin\/garantaltan-felizzik-hangulat-ha-ezekkel-grill-desszertekkel-abszolvalod-kerti-party-d\/","og_site_name":"MediaMarkt Magazin","article_publisher":"https:\/\/www.facebook.com\/MediaMarktMagyarorszag","article_published_time":"2018-06-01T15:12:00+00:00","article_modified_time":"2018-06-08T09:44:55+00:00","og_image":[{"width":980,"height":1470,"url":"https:\/\/hir.mediamarkt.hu\/magazin\/wp-content\/uploads\/2018\/05\/00.jpg","type":"image\/jpeg"}],"author":"Media Markt","twitter_misc":{"Szerz\u0151:":"Media Markt","Becs\u00fclt olvas\u00e1si id\u0151":"7 perc"},"schema":{"@context":"https:\/\/schema.org","@graph":[{"@type":"WebPage","@id":"https:\/\/hir.mediamarkt.hu\/magazin\/garantaltan-felizzik-hangulat-ha-ezekkel-grill-desszertekkel-abszolvalod-kerti-party-d\/","url":"https:\/\/hir.mediamarkt.hu\/magazin\/garantaltan-felizzik-hangulat-ha-ezekkel-grill-desszertekkel-abszolvalod-kerti-party-d\/","name":"Garant\u00e1ltan felizzik a hangulat, ha ezekkel a grill desszertekkel abszolv\u00e1lod a kerti party-d! - MediaMarkt Magazin","isPartOf":{"@id":"https:\/\/hir.mediamarkt.hu\/magazin\/#website"},"primaryImageOfPage":{"@id":"https:\/\/hir.mediamarkt.hu\/magazin\/garantaltan-felizzik-hangulat-ha-ezekkel-grill-desszertekkel-abszolvalod-kerti-party-d\/#primaryimage"},"image":{"@id":"https:\/\/hir.mediamarkt.hu\/magazin\/garantaltan-felizzik-hangulat-ha-ezekkel-grill-desszertekkel-abszolvalod-kerti-party-d\/#primaryimage"},"thumbnailUrl":"https:\/\/hir.mediamarkt.hu\/magazin\/wp-content\/uploads\/2018\/05\/00.jpg","datePublished":"2018-06-01T15:12:00+00:00","dateModified":"2018-06-08T09:44:55+00:00","author":{"@id":"https:\/\/hir.mediamarkt.hu\/magazin\/#\/schema\/person\/b93b02ec1ab4d2353f8d281e171c1b0b"},"breadcrumb":{"@id":"https:\/\/hir.mediamarkt.hu\/magazin\/garantaltan-felizzik-hangulat-ha-ezekkel-grill-desszertekkel-abszolvalod-kerti-party-d\/#breadcrumb"},"inLanguage":"hu","potentialAction":[{"@type":"ReadAction","target":["https:\/\/hir.mediamarkt.hu\/magazin\/garantaltan-felizzik-hangulat-ha-ezekkel-grill-desszertekkel-abszolvalod-kerti-party-d\/"]}]},{"@type":"ImageObject","inLanguage":"hu","@id":"https:\/\/hir.mediamarkt.hu\/magazin\/garantaltan-felizzik-hangulat-ha-ezekkel-grill-desszertekkel-abszolvalod-kerti-party-d\/#primaryimage","url":"https:\/\/hir.mediamarkt.hu\/magazin\/wp-content\/uploads\/2018\/05\/00.jpg","contentUrl":"https:\/\/hir.mediamarkt.hu\/magazin\/wp-content\/uploads\/2018\/05\/00.jpg","width":980,"height":1470},{"@type":"BreadcrumbList","@id":"https:\/\/hir.mediamarkt.hu\/magazin\/garantaltan-felizzik-hangulat-ha-ezekkel-grill-desszertekkel-abszolvalod-kerti-party-d\/#breadcrumb","itemListElement":[{"@type":"ListItem","position":1,"name":"Kezd\u0151lap","item":"https:\/\/hir.mediamarkt.hu\/magazin\/"},{"@type":"ListItem","position":2,"name":"Garant\u00e1ltan felizzik a hangulat, ha ezekkel a grill desszertekkel abszolv\u00e1lod a kerti party-d!"}]},{"@type":"WebSite","@id":"https:\/\/hir.mediamarkt.hu\/magazin\/#website","url":"https:\/\/hir.mediamarkt.hu\/magazin\/","name":"MediaMarkt Magazin","description":"Olvass bele magazinunkba!","potentialAction":[{"@type":"SearchAction","target":{"@type":"EntryPoint","urlTemplate":"https:\/\/hir.mediamarkt.hu\/magazin\/?s={search_term_string}"},"query-input":"required name=search_term_string"}],"inLanguage":"hu"},{"@type":"Person","@id":"https:\/\/hir.mediamarkt.hu\/magazin\/#\/schema\/person\/b93b02ec1ab4d2353f8d281e171c1b0b","name":"Media Markt","image":{"@type":"ImageObject","inLanguage":"hu","@id":"https:\/\/hir.mediamarkt.hu\/magazin\/#\/schema\/person\/image\/","url":"https:\/\/secure.gravatar.com\/avatar\/602bccae8998beee472d01909f0978f1?s=96&d=mm&r=g","contentUrl":"https:\/\/secure.gravatar.com\/avatar\/602bccae8998beee472d01909f0978f1?s=96&d=mm&r=g","caption":"Media Markt"}}]}},"_links":{"self":[{"href":"https:\/\/hir.mediamarkt.hu\/magazin\/wp-json\/wp\/v2\/posts\/5700"}],"collection":[{"href":"https:\/\/hir.mediamarkt.hu\/magazin\/wp-json\/wp\/v2\/posts"}],"about":[{"href":"https:\/\/hir.mediamarkt.hu\/magazin\/wp-json\/wp\/v2\/types\/post"}],"author":[{"embeddable":true,"href":"https:\/\/hir.mediamarkt.hu\/magazin\/wp-json\/wp\/v2\/users\/13"}],"replies":[{"embeddable":true,"href":"https:\/\/hir.mediamarkt.hu\/magazin\/wp-json\/wp\/v2\/comments?post=5700"}],"version-history":[{"count":6,"href":"https:\/\/hir.mediamarkt.hu\/magazin\/wp-json\/wp\/v2\/posts\/5700\/revisions"}],"predecessor-version":[{"id":5773,"href":"https:\/\/hir.mediamarkt.hu\/magazin\/wp-json\/wp\/v2\/posts\/5700\/revisions\/5773"}],"wp:featuredmedia":[{"embeddable":true,"href":"https:\/\/hir.mediamarkt.hu\/magazin\/wp-json\/wp\/v2\/media\/5701"}],"wp:attachment":[{"href":"https:\/\/hir.mediamarkt.hu\/magazin\/wp-json\/wp\/v2\/media?parent=5700"}],"wp:term":[{"taxonomy":"category","embeddable":true,"href":"https:\/\/hir.mediamarkt.hu\/magazin\/wp-json\/wp\/v2\/categories?post=5700"},{"taxonomy":"post_tag","embeddable":true,"href":"https:\/\/hir.mediamarkt.hu\/magazin\/wp-json\/wp\/v2\/tags?post=5700"}],"curies":[{"name":"wp","href":"https:\/\/api.w.org\/{rel}","templated":true}]}}