{"id":5731,"date":"2018-06-05T08:00:33","date_gmt":"2018-06-05T07:00:33","guid":{"rendered":"http:\/\/hir.mediamarkt.hu\/magazin\/?p=5731"},"modified":"2018-06-08T09:08:54","modified_gmt":"2018-06-08T08:08:54","slug":"mediamarkt-foci-vb-2018-szavazas","status":"publish","type":"post","link":"https:\/\/hir.mediamarkt.hu\/magazin\/mediamarkt-foci-vb-2018-szavazas\/","title":{"rendered":"A MediaMarkt sem marad ki a foci l\u00e1zb\u00f3l! Mondd meg te, mire f\u00f3kusz\u00e1ljunk az \u00e9v legjobb h\u00f3napj\u00e1ban!"},"content":{"rendered":"<strong>Statisztika-f\u00fcgg\u0151 vagy? Vagy ink\u00e1bb a h\u00e1tt\u00e9r t\u00f6rt\u00e9netek mozgatnak meg? A lexik\u00e1lis tud\u00e1sodat gyarap\u00edtan\u00e1d, esetleg sz\u00edvesen \u00e1tl\u00e1tn\u00e1d a csapatok taktikai h\u00faz\u00e1sait? Vagy mindez hidegen hagy, jobban \u00e9rdekelnek a j\u00f3k\u00e9p\u0171 focist\u00e1k, a VB-k himnuszai, a focimez divat? \u00cdrd meg nek\u00fcnk, mire lenn\u00e9l k\u00edv\u00e1ncsi \u00e9s mi abba az ir\u00e1nyba terelj\u00fck a gondolatainkat, amerre a t\u00f6bbs\u00e9g sz\u00edve h\u00faz. Foci VB n\u0151knek, f\u00e9rfiaknak, sportrajong\u00f3knak \u00e9s koca drukkereknek. S\u0151t! M\u00e9g az is lehet, az eddig ellen\u00e1ll\u00f3knak is tal\u00e1lunk egy-k\u00e9t el\u00e9peszt\u0151 t\u00e9m\u00e1t, term\u00e9ket, \u00e9rdekess\u00e9get. <\/strong><!--more-->\r\n\r\n<span style=\"font-weight: 400;\">21. alkalommal ker\u00fcl megrendez\u00e9sre a vil\u00e1g legnagyobb futball esem\u00e9nye. Az Oroszorsz\u00e1gban zajl\u00f3 VB hamarosan elstartol, a hagyom\u00e1nyokhoz h\u00edven a h\u00e1zigazda \u00e9s egy csoport ellenfele nyit\u00f3 m\u00e9rk\u0151z\u00e9s\u00e9vel. <\/span><span style=\"font-weight: 400;\">A hivatalos versenyprogram j\u00fanius 14-\u00e9n cs\u00fct\u00f6rt\u00f6k\u00f6n az Oroszorsz\u00e1g &#8211; Sza\u00fad-Ar\u00e1bia meccsel veszi kezdet\u00e9t, de ahogy az m\u00e1r megszokott, egy kiad\u00f3s nyit\u00f3 \u00fcnneps\u00e9gre is sz\u00e1m\u00edthatunk, igaz, ennek pontos kezd\u00e9s\u00e9t m\u00e9g nem tett\u00e9k k\u00f6zz\u00e9 a FIFA oldal\u00e1n. <\/span>A csoportok \u00e9s a menetrend m\u00e1r ismert, a 32 csapatos bajnoks\u00e1g r\u00e9sztvev\u0151ivel persze \u00e9rdemes k\u00fcl\u00f6n-k\u00fcl\u00f6n foglalkozni. A k\u00e9rd\u00e9s, mire van ig\u00e9ny\u2026?\r\n<h2><img loading=\"lazy\" decoding=\"async\" class=\"alignnone size-full wp-image-5737\" src=\"http:\/\/hir.mediamarkt.hu\/magazin\/wp-content\/uploads\/2018\/06\/05.jpeg\" alt=\"\" width=\"525\" height=\"350\" srcset=\"https:\/\/hir.mediamarkt.hu\/magazin\/wp-content\/uploads\/2018\/06\/05.jpeg 525w, https:\/\/hir.mediamarkt.hu\/magazin\/wp-content\/uploads\/2018\/06\/05-275x183.jpeg 275w, https:\/\/hir.mediamarkt.hu\/magazin\/wp-content\/uploads\/2018\/06\/05-300x200.jpeg 300w\" sizes=\"(max-width: 525px) 100vw, 525px\" \/><\/h2>\r\n<h2>N\u00e9h\u00e1ny t\u00e9ma, amit a MediaMarkt sz\u00edvesen kidolgoz \u00e9s megoszt olvas\u00f3ival:<\/h2>\r\n<h3><strong>K\u00d6NNY\u0170B\u00da(L)V\u00c1R<\/strong><\/h3>\r\n<ul>\r\n \t<li style=\"font-weight: 400;\"><span style=\"font-weight: 400;\">Minden, ami a legh\u00edresebb, vagy \u00e9pp legh\u00edrhedtebb j\u00e1t\u00e9kosokhoz, sz\u00f6vets\u00e9gi kapit\u00e1nyokhoz, j\u00e1t\u00e9kvezet\u0151kh\u00f6z kapcsol\u00f3dik!<\/span><\/li>\r\n \t<li style=\"font-weight: 400;\"><span style=\"font-weight: 400;\">A legszebb 11 &#8211; VB all star v\u00e1logatott, n\u0151i szemmel<\/span><\/li>\r\n \t<li style=\"font-weight: 400;\"><span style=\"font-weight: 400;\">Focimez, frizura \u00e9s tetov\u00e1l\u00e1s evol\u00faci\u00f3<\/span><\/li>\r\n<\/ul>\r\n<h3><strong>HASZNOS<\/strong><\/h3>\r\n<ul>\r\n \t<li style=\"font-weight: 400;\"><span style=\"font-weight: 400;\">A legjobb kivet\u00edt\u0151k a Magyarorsz\u00e1gon szurkol\u00f3knak<\/span><\/li>\r\n \t<li style=\"font-weight: 400;\"><span style=\"font-weight: 400;\">A legjobb sport kocsm\u00e1k<\/span><\/li>\r\n \t<li style=\"font-weight: 400;\"><span style=\"font-weight: 400;\">TV k\u00f6zvet\u00edt\u00e9s kisokos<\/span><\/li>\r\n \t<li style=\"font-weight: 400;\"><span style=\"font-weight: 400;\">God Save The Stream &#8211; \u00edgy k\u00f6vesd a meccseket online!<\/span><\/li>\r\n<\/ul>\r\n<h3><strong>SZAKM\u00c1ZZUNK!<\/strong><\/h3>\r\n<ul>\r\n \t<li style=\"font-weight: 400;\"><span style=\"font-weight: 400;\">Es\u00e9lylatolgat\u00e1sok, favoritok, meglepet\u00e9sek<\/span><\/li>\r\n \t<li style=\"font-weight: 400;\"><span style=\"font-weight: 400;\">Vicc- \u00e9s hal\u00e1lcsoport: mondd, te kit v\u00e1lasztan\u00e1l?<\/span><\/li>\r\n \t<li style=\"font-weight: 400;\"><span style=\"font-weight: 400;\">M\u0171k\u00fcd\u0151 \u00e9s \u00e9letk\u00e9ptelen taktik\u00e1k 2018-ban<\/span><\/li>\r\n<\/ul>\r\n<h3><strong>J\u00c1RUL\u00c9KOS \u00c9RDEKESS\u00c9GEK<\/strong><\/h3>\r\n<ul>\r\n \t<li style=\"font-weight: 400;\"><span style=\"font-weight: 400;\">VB kabala t\u00f6rt\u00e9net<\/span><\/li>\r\n \t<li style=\"font-weight: 400;\"><span style=\"font-weight: 400;\">A legrosszabb \u00e9s legjobb VB himnuszok<\/span><\/li>\r\n<\/ul>\r\n<ul>\r\n \t<li style=\"font-weight: 400;\"><span style=\"font-weight: 400;\">Putyin \u00e9s a kiemelt \u00e9rdekl\u0151d\u0151k<\/span><\/li>\r\n \t<li style=\"font-weight: 400;\"><span style=\"font-weight: 400;\">Helysz\u00ednek \u00e9s egy csipet orosz kult\u00fara<\/span><\/li>\r\n \t<li style=\"font-weight: 400;\"><span style=\"font-weight: 400;\">J\u00f3s polip, vuvuzela: a legideges\u00edt\u0151bb jelens\u00e9gek a VB-k t\u00f6rt\u00e9net\u00e9ben<\/span><\/li>\r\n<\/ul>\r\n<img loading=\"lazy\" decoding=\"async\" class=\"alignnone size-full wp-image-5735\" src=\"http:\/\/hir.mediamarkt.hu\/magazin\/wp-content\/uploads\/2018\/06\/03.jpeg\" alt=\"\" width=\"515\" height=\"350\" srcset=\"https:\/\/hir.mediamarkt.hu\/magazin\/wp-content\/uploads\/2018\/06\/03.jpeg 515w, https:\/\/hir.mediamarkt.hu\/magazin\/wp-content\/uploads\/2018\/06\/03-275x187.jpeg 275w, https:\/\/hir.mediamarkt.hu\/magazin\/wp-content\/uploads\/2018\/06\/03-300x204.jpeg 300w\" sizes=\"(max-width: 515px) 100vw, 515px\" \/>\r\n\r\n<span style=\"font-weight: 400;\">A fenti t\u00e9m\u00e1k egyel\u0151re gondolat\u00e9breszt\u0151 c\u00edmk\u00e9k. Ha van k\u00f6zt\u00fck olyan, amir\u0151l sz\u00edvesen olvasn\u00e1l sz\u00f3rakoztat\u00f3 st\u00edlusban, \u00edrd meg nek\u00fcnk! Ha b\u00e1rmi m\u00e1s az eszedbe jut, ne fogd vissza magad! <strong>Minden \u00e9rtelmes k\u00e9r\u00e9st megsz\u00edvlel\u00fcnk!<\/strong> <strong>D\u00f6ntsd el te, mir\u0151l sz\u00f3ljon a MediaMarkt magazin j\u00faniusi \u00e9s j\u00faliusi sz\u00e1ma!<\/strong> A v\u00e9lem\u00e9nyeket, tippeket kommentben v\u00e1rjuk, itt a facebook posztunk alatt, <\/span>\r\n\r\n<span style=\"font-weight: 400;\"><strong>KATT IDE:<\/strong> \u00a0 <\/span>\r\n\r\n<iframe loading=\"lazy\" style=\"border: currentColor; overflow: hidden;\" src=\"https:\/\/www.facebook.com\/plugins\/post.php?href=https%3A%2F%2Fwww.facebook.com%2FMediaMarktMagyarorszag%2Fposts%2F1928812897163521&amp;width=500\" width=\"500\" height=\"530\" frameborder=\"0\" scrolling=\"no\"><\/iframe>\r\n\r\nAkkor induljon a visszasz\u00e1ml\u00e1l\u00e1s!","protected":false},"excerpt":{"rendered":"Statisztika-f\u00fcgg\u0151 vagy? Vagy ink\u00e1bb a h\u00e1tt\u00e9r t\u00f6rt\u00e9netek mozgatnak meg? A lexik\u00e1lis tud\u00e1sodat gyarap\u00edtan\u00e1d, esetleg sz\u00edvesen \u00e1tl\u00e1tn\u00e1d a csapatok taktikai h\u00faz\u00e1sait? Vagy mindez hidegen hagy, jobban \u00e9rdekelnek a j\u00f3k\u00e9p\u0171 focist\u00e1k, a VB-k himnuszai, a focimez divat? \u00cdrd meg nek\u00fcnk, mire lenn\u00e9l k\u00edv\u00e1ncsi \u00e9s mi abba az ir\u00e1nyba terelj\u00fck a gondolatainkat, amerre a t\u00f6bbs\u00e9g sz\u00edve h\u00faz. Foci VB n\u0151knek, f\u00e9rfiaknak, sportrajong\u00f3knak \u00e9s koca drukkereknek. S\u0151t! M\u00e9g az is lehet, az eddig ellen\u00e1ll\u00f3knak is tal\u00e1lunk egy-k\u00e9t el\u00e9peszt\u0151 t\u00e9m\u00e1t, term\u00e9ket, \u00e9rdekess\u00e9get.","protected":false},"author":13,"featured_media":5736,"comment_status":"open","ping_status":"open","sticky":false,"template":"","format":"standard","meta":{"wprm-recipe-roundup-name":"","wprm-recipe-roundup-description":"","footnotes":""},"categories":[5953],"tags":[2037,2251,2548,2546,2543,2545,2127,2173,67,746,185,2544,2547],"yoast_head":"<!-- This site is optimized with the Yoast SEO plugin v22.9 - https:\/\/yoast.com\/wordpress\/plugins\/seo\/ -->\n<title>A MediaMarkt sem marad ki a foci l\u00e1zb\u00f3l! Mondd meg te, mire f\u00f3kusz\u00e1ljunk az \u00e9v legjobb h\u00f3napj\u00e1ban! - MediaMarkt Magazin<\/title>\n<meta name=\"robots\" content=\"index, follow, max-snippet:-1, max-image-preview:large, max-video-preview:-1\" \/>\n<link rel=\"canonical\" href=\"https:\/\/hir.mediamarkt.hu\/magazin\/mediamarkt-foci-vb-2018-szavazas\/\" \/>\n<meta property=\"og:locale\" content=\"hu_HU\" \/>\n<meta property=\"og:type\" content=\"article\" \/>\n<meta property=\"og:title\" content=\"A MediaMarkt sem marad ki a foci l\u00e1zb\u00f3l! Mondd meg te, mire f\u00f3kusz\u00e1ljunk az \u00e9v legjobb h\u00f3napj\u00e1ban! - MediaMarkt Magazin\" \/>\n<meta property=\"og:description\" content=\"Statisztika-f\u00fcgg\u0151 vagy? Vagy ink\u00e1bb a h\u00e1tt\u00e9r t\u00f6rt\u00e9netek mozgatnak meg? A lexik\u00e1lis tud\u00e1sodat gyarap\u00edtan\u00e1d, esetleg sz\u00edvesen \u00e1tl\u00e1tn\u00e1d a csapatok taktikai h\u00faz\u00e1sait? Vagy mindez hidegen hagy, jobban \u00e9rdekelnek a j\u00f3k\u00e9p\u0171 focist\u00e1k, a VB-k himnuszai, a focimez divat? \u00cdrd meg nek\u00fcnk, mire lenn\u00e9l k\u00edv\u00e1ncsi \u00e9s mi abba az ir\u00e1nyba terelj\u00fck a gondolatainkat, amerre a t\u00f6bbs\u00e9g sz\u00edve h\u00faz. Foci VB n\u0151knek, f\u00e9rfiaknak, sportrajong\u00f3knak \u00e9s koca drukkereknek. S\u0151t! M\u00e9g az is lehet, az eddig ellen\u00e1ll\u00f3knak is tal\u00e1lunk egy-k\u00e9t el\u00e9peszt\u0151 t\u00e9m\u00e1t, term\u00e9ket, \u00e9rdekess\u00e9get.\" \/>\n<meta property=\"og:url\" content=\"https:\/\/hir.mediamarkt.hu\/magazin\/mediamarkt-foci-vb-2018-szavazas\/\" \/>\n<meta property=\"og:site_name\" content=\"MediaMarkt Magazin\" \/>\n<meta property=\"article:publisher\" content=\"https:\/\/www.facebook.com\/MediaMarktMagyarorszag\" \/>\n<meta property=\"article:published_time\" content=\"2018-06-05T07:00:33+00:00\" \/>\n<meta property=\"article:modified_time\" content=\"2018-06-08T08:08:54+00:00\" \/>\n<meta property=\"og:image\" content=\"https:\/\/hir.mediamarkt.hu\/magazin\/wp-content\/uploads\/2018\/06\/04.jpeg\" \/>\n\t<meta property=\"og:image:width\" content=\"527\" \/>\n\t<meta property=\"og:image:height\" content=\"350\" \/>\n\t<meta property=\"og:image:type\" content=\"image\/jpeg\" \/>\n<meta name=\"author\" content=\"Media Markt\" \/>\n<meta name=\"twitter:label1\" content=\"Szerz\u0151:\" \/>\n\t<meta name=\"twitter:data1\" content=\"Media Markt\" \/>\n\t<meta name=\"twitter:label2\" content=\"Becs\u00fclt olvas\u00e1si id\u0151\" \/>\n\t<meta name=\"twitter:data2\" content=\"3 perc\" \/>\n<script type=\"application\/ld+json\" class=\"yoast-schema-graph\">{\"@context\":\"https:\/\/schema.org\",\"@graph\":[{\"@type\":\"WebPage\",\"@id\":\"https:\/\/hir.mediamarkt.hu\/magazin\/mediamarkt-foci-vb-2018-szavazas\/\",\"url\":\"https:\/\/hir.mediamarkt.hu\/magazin\/mediamarkt-foci-vb-2018-szavazas\/\",\"name\":\"A MediaMarkt sem marad ki a foci l\u00e1zb\u00f3l! Mondd meg te, mire f\u00f3kusz\u00e1ljunk az \u00e9v legjobb h\u00f3napj\u00e1ban! - MediaMarkt Magazin\",\"isPartOf\":{\"@id\":\"https:\/\/hir.mediamarkt.hu\/magazin\/#website\"},\"primaryImageOfPage\":{\"@id\":\"https:\/\/hir.mediamarkt.hu\/magazin\/mediamarkt-foci-vb-2018-szavazas\/#primaryimage\"},\"image\":{\"@id\":\"https:\/\/hir.mediamarkt.hu\/magazin\/mediamarkt-foci-vb-2018-szavazas\/#primaryimage\"},\"thumbnailUrl\":\"https:\/\/hir.mediamarkt.hu\/magazin\/wp-content\/uploads\/2018\/06\/04.jpeg\",\"datePublished\":\"2018-06-05T07:00:33+00:00\",\"dateModified\":\"2018-06-08T08:08:54+00:00\",\"author\":{\"@id\":\"https:\/\/hir.mediamarkt.hu\/magazin\/#\/schema\/person\/b93b02ec1ab4d2353f8d281e171c1b0b\"},\"breadcrumb\":{\"@id\":\"https:\/\/hir.mediamarkt.hu\/magazin\/mediamarkt-foci-vb-2018-szavazas\/#breadcrumb\"},\"inLanguage\":\"hu\",\"potentialAction\":[{\"@type\":\"ReadAction\",\"target\":[\"https:\/\/hir.mediamarkt.hu\/magazin\/mediamarkt-foci-vb-2018-szavazas\/\"]}]},{\"@type\":\"ImageObject\",\"inLanguage\":\"hu\",\"@id\":\"https:\/\/hir.mediamarkt.hu\/magazin\/mediamarkt-foci-vb-2018-szavazas\/#primaryimage\",\"url\":\"https:\/\/hir.mediamarkt.hu\/magazin\/wp-content\/uploads\/2018\/06\/04.jpeg\",\"contentUrl\":\"https:\/\/hir.mediamarkt.hu\/magazin\/wp-content\/uploads\/2018\/06\/04.jpeg\",\"width\":527,\"height\":350},{\"@type\":\"BreadcrumbList\",\"@id\":\"https:\/\/hir.mediamarkt.hu\/magazin\/mediamarkt-foci-vb-2018-szavazas\/#breadcrumb\",\"itemListElement\":[{\"@type\":\"ListItem\",\"position\":1,\"name\":\"Kezd\u0151lap\",\"item\":\"https:\/\/hir.mediamarkt.hu\/magazin\/\"},{\"@type\":\"ListItem\",\"position\":2,\"name\":\"A MediaMarkt sem marad ki a foci l\u00e1zb\u00f3l! Mondd meg te, mire f\u00f3kusz\u00e1ljunk az \u00e9v legjobb h\u00f3napj\u00e1ban!\"}]},{\"@type\":\"WebSite\",\"@id\":\"https:\/\/hir.mediamarkt.hu\/magazin\/#website\",\"url\":\"https:\/\/hir.mediamarkt.hu\/magazin\/\",\"name\":\"MediaMarkt Magazin\",\"description\":\"Olvass bele magazinunkba!\",\"potentialAction\":[{\"@type\":\"SearchAction\",\"target\":{\"@type\":\"EntryPoint\",\"urlTemplate\":\"https:\/\/hir.mediamarkt.hu\/magazin\/?s={search_term_string}\"},\"query-input\":\"required name=search_term_string\"}],\"inLanguage\":\"hu\"},{\"@type\":\"Person\",\"@id\":\"https:\/\/hir.mediamarkt.hu\/magazin\/#\/schema\/person\/b93b02ec1ab4d2353f8d281e171c1b0b\",\"name\":\"Media Markt\",\"image\":{\"@type\":\"ImageObject\",\"inLanguage\":\"hu\",\"@id\":\"https:\/\/hir.mediamarkt.hu\/magazin\/#\/schema\/person\/image\/\",\"url\":\"https:\/\/secure.gravatar.com\/avatar\/602bccae8998beee472d01909f0978f1?s=96&d=mm&r=g\",\"contentUrl\":\"https:\/\/secure.gravatar.com\/avatar\/602bccae8998beee472d01909f0978f1?s=96&d=mm&r=g\",\"caption\":\"Media Markt\"}}]}<\/script>\n<!-- \/ Yoast SEO plugin. -->","yoast_head_json":{"title":"A MediaMarkt sem marad ki a foci l\u00e1zb\u00f3l! Mondd meg te, mire f\u00f3kusz\u00e1ljunk az \u00e9v legjobb h\u00f3napj\u00e1ban! - MediaMarkt Magazin","robots":{"index":"index","follow":"follow","max-snippet":"max-snippet:-1","max-image-preview":"max-image-preview:large","max-video-preview":"max-video-preview:-1"},"canonical":"https:\/\/hir.mediamarkt.hu\/magazin\/mediamarkt-foci-vb-2018-szavazas\/","og_locale":"hu_HU","og_type":"article","og_title":"A MediaMarkt sem marad ki a foci l\u00e1zb\u00f3l! Mondd meg te, mire f\u00f3kusz\u00e1ljunk az \u00e9v legjobb h\u00f3napj\u00e1ban! - MediaMarkt Magazin","og_description":"Statisztika-f\u00fcgg\u0151 vagy? Vagy ink\u00e1bb a h\u00e1tt\u00e9r t\u00f6rt\u00e9netek mozgatnak meg? A lexik\u00e1lis tud\u00e1sodat gyarap\u00edtan\u00e1d, esetleg sz\u00edvesen \u00e1tl\u00e1tn\u00e1d a csapatok taktikai h\u00faz\u00e1sait? Vagy mindez hidegen hagy, jobban \u00e9rdekelnek a j\u00f3k\u00e9p\u0171 focist\u00e1k, a VB-k himnuszai, a focimez divat? \u00cdrd meg nek\u00fcnk, mire lenn\u00e9l k\u00edv\u00e1ncsi \u00e9s mi abba az ir\u00e1nyba terelj\u00fck a gondolatainkat, amerre a t\u00f6bbs\u00e9g sz\u00edve h\u00faz. Foci VB n\u0151knek, f\u00e9rfiaknak, sportrajong\u00f3knak \u00e9s koca drukkereknek. S\u0151t! M\u00e9g az is lehet, az eddig ellen\u00e1ll\u00f3knak is tal\u00e1lunk egy-k\u00e9t el\u00e9peszt\u0151 t\u00e9m\u00e1t, term\u00e9ket, \u00e9rdekess\u00e9get.","og_url":"https:\/\/hir.mediamarkt.hu\/magazin\/mediamarkt-foci-vb-2018-szavazas\/","og_site_name":"MediaMarkt Magazin","article_publisher":"https:\/\/www.facebook.com\/MediaMarktMagyarorszag","article_published_time":"2018-06-05T07:00:33+00:00","article_modified_time":"2018-06-08T08:08:54+00:00","og_image":[{"width":527,"height":350,"url":"https:\/\/hir.mediamarkt.hu\/magazin\/wp-content\/uploads\/2018\/06\/04.jpeg","type":"image\/jpeg"}],"author":"Media Markt","twitter_misc":{"Szerz\u0151:":"Media Markt","Becs\u00fclt olvas\u00e1si id\u0151":"3 perc"},"schema":{"@context":"https:\/\/schema.org","@graph":[{"@type":"WebPage","@id":"https:\/\/hir.mediamarkt.hu\/magazin\/mediamarkt-foci-vb-2018-szavazas\/","url":"https:\/\/hir.mediamarkt.hu\/magazin\/mediamarkt-foci-vb-2018-szavazas\/","name":"A MediaMarkt sem marad ki a foci l\u00e1zb\u00f3l! Mondd meg te, mire f\u00f3kusz\u00e1ljunk az \u00e9v legjobb h\u00f3napj\u00e1ban! - MediaMarkt Magazin","isPartOf":{"@id":"https:\/\/hir.mediamarkt.hu\/magazin\/#website"},"primaryImageOfPage":{"@id":"https:\/\/hir.mediamarkt.hu\/magazin\/mediamarkt-foci-vb-2018-szavazas\/#primaryimage"},"image":{"@id":"https:\/\/hir.mediamarkt.hu\/magazin\/mediamarkt-foci-vb-2018-szavazas\/#primaryimage"},"thumbnailUrl":"https:\/\/hir.mediamarkt.hu\/magazin\/wp-content\/uploads\/2018\/06\/04.jpeg","datePublished":"2018-06-05T07:00:33+00:00","dateModified":"2018-06-08T08:08:54+00:00","author":{"@id":"https:\/\/hir.mediamarkt.hu\/magazin\/#\/schema\/person\/b93b02ec1ab4d2353f8d281e171c1b0b"},"breadcrumb":{"@id":"https:\/\/hir.mediamarkt.hu\/magazin\/mediamarkt-foci-vb-2018-szavazas\/#breadcrumb"},"inLanguage":"hu","potentialAction":[{"@type":"ReadAction","target":["https:\/\/hir.mediamarkt.hu\/magazin\/mediamarkt-foci-vb-2018-szavazas\/"]}]},{"@type":"ImageObject","inLanguage":"hu","@id":"https:\/\/hir.mediamarkt.hu\/magazin\/mediamarkt-foci-vb-2018-szavazas\/#primaryimage","url":"https:\/\/hir.mediamarkt.hu\/magazin\/wp-content\/uploads\/2018\/06\/04.jpeg","contentUrl":"https:\/\/hir.mediamarkt.hu\/magazin\/wp-content\/uploads\/2018\/06\/04.jpeg","width":527,"height":350},{"@type":"BreadcrumbList","@id":"https:\/\/hir.mediamarkt.hu\/magazin\/mediamarkt-foci-vb-2018-szavazas\/#breadcrumb","itemListElement":[{"@type":"ListItem","position":1,"name":"Kezd\u0151lap","item":"https:\/\/hir.mediamarkt.hu\/magazin\/"},{"@type":"ListItem","position":2,"name":"A MediaMarkt sem marad ki a foci l\u00e1zb\u00f3l! Mondd meg te, mire f\u00f3kusz\u00e1ljunk az \u00e9v legjobb h\u00f3napj\u00e1ban!"}]},{"@type":"WebSite","@id":"https:\/\/hir.mediamarkt.hu\/magazin\/#website","url":"https:\/\/hir.mediamarkt.hu\/magazin\/","name":"MediaMarkt Magazin","description":"Olvass bele magazinunkba!","potentialAction":[{"@type":"SearchAction","target":{"@type":"EntryPoint","urlTemplate":"https:\/\/hir.mediamarkt.hu\/magazin\/?s={search_term_string}"},"query-input":"required name=search_term_string"}],"inLanguage":"hu"},{"@type":"Person","@id":"https:\/\/hir.mediamarkt.hu\/magazin\/#\/schema\/person\/b93b02ec1ab4d2353f8d281e171c1b0b","name":"Media Markt","image":{"@type":"ImageObject","inLanguage":"hu","@id":"https:\/\/hir.mediamarkt.hu\/magazin\/#\/schema\/person\/image\/","url":"https:\/\/secure.gravatar.com\/avatar\/602bccae8998beee472d01909f0978f1?s=96&d=mm&r=g","contentUrl":"https:\/\/secure.gravatar.com\/avatar\/602bccae8998beee472d01909f0978f1?s=96&d=mm&r=g","caption":"Media Markt"}}]}},"_links":{"self":[{"href":"https:\/\/hir.mediamarkt.hu\/magazin\/wp-json\/wp\/v2\/posts\/5731"}],"collection":[{"href":"https:\/\/hir.mediamarkt.hu\/magazin\/wp-json\/wp\/v2\/posts"}],"about":[{"href":"https:\/\/hir.mediamarkt.hu\/magazin\/wp-json\/wp\/v2\/types\/post"}],"author":[{"embeddable":true,"href":"https:\/\/hir.mediamarkt.hu\/magazin\/wp-json\/wp\/v2\/users\/13"}],"replies":[{"embeddable":true,"href":"https:\/\/hir.mediamarkt.hu\/magazin\/wp-json\/wp\/v2\/comments?post=5731"}],"version-history":[{"count":4,"href":"https:\/\/hir.mediamarkt.hu\/magazin\/wp-json\/wp\/v2\/posts\/5731\/revisions"}],"predecessor-version":[{"id":5770,"href":"https:\/\/hir.mediamarkt.hu\/magazin\/wp-json\/wp\/v2\/posts\/5731\/revisions\/5770"}],"wp:featuredmedia":[{"embeddable":true,"href":"https:\/\/hir.mediamarkt.hu\/magazin\/wp-json\/wp\/v2\/media\/5736"}],"wp:attachment":[{"href":"https:\/\/hir.mediamarkt.hu\/magazin\/wp-json\/wp\/v2\/media?parent=5731"}],"wp:term":[{"taxonomy":"category","embeddable":true,"href":"https:\/\/hir.mediamarkt.hu\/magazin\/wp-json\/wp\/v2\/categories?post=5731"},{"taxonomy":"post_tag","embeddable":true,"href":"https:\/\/hir.mediamarkt.hu\/magazin\/wp-json\/wp\/v2\/tags?post=5731"}],"curies":[{"name":"wp","href":"https:\/\/api.w.org\/{rel}","templated":true}]}}