{"id":5774,"date":"2018-06-13T07:55:44","date_gmt":"2018-06-13T06:55:44","guid":{"rendered":"http:\/\/hir.mediamarkt.hu\/magazin\/?p=5774"},"modified":"2018-06-08T18:03:36","modified_gmt":"2018-06-08T17:03:36","slug":"poirot-gyilkossag-az-orient-expresszen-dvd-film","status":"publish","type":"post","link":"https:\/\/hir.mediamarkt.hu\/magazin\/poirot-gyilkossag-az-orient-expresszen-dvd-film\/","title":{"rendered":"H\u00e1rom a filmes igazs\u00e1g: v\u00e9gign\u00e9zt\u00fck Poirot gyilkos vonatoz\u00e1sait"},"content":{"rendered":"<strong>Az igen terjedelmes Agatha Christie \u00e9letm\u0171vet sokszor, sokf\u00e9le form\u00e1ban adapt\u00e1lt\u00e1k m\u00e1r filmre. A tal\u00e1n legn\u00e9pszer\u0171bb, David Suchet f\u00e9le belga nyomoz\u00f3 \u00e9s a m\u00e1r szinte klasszikusnak sz\u00e1m\u00edt\u00f3 Joan Hickson form\u00e1lta Miss Marple itthon is j\u00f3l ismert alakok. A telev\u00edzi\u00f3 csatorn\u00e1kon a k\u00e9t karakter t\u00f6rt\u00e9netei rendre felbukkannak (ut\u00f3bbit Hickson hal\u00e1la ut\u00e1n Geraldine McEwan \u00e9s Julia McKenzie szem\u00e9lyes\u00edtette meg, mindk\u00e9t esetben igen elt\u00e9r\u0151 felfog\u00e1sban), de n\u00e9ha-n\u00e9ha belebotlik az ember m\u00e1s klasszikusokba is, p\u00e9ld\u00e1ul Peter Ustivon Poirot-j\u00e1ba. <\/strong><!--more-->\r\n\r\nNem titkoljuk, mi magunk hatalmas rajong\u00f3k vagyunk, a k\u00e9t nyomoz\u00f3 karakter filmes t\u00f6rt\u00e9netei ugyanis kiv\u00e1l\u00f3an teljes\u00edtenek, ha az ember teljesen ki akar kapcsolni. Egyes epiz\u00f3dokat ak\u00e1r a v\u00e9gtelens\u00e9gig is \u00fajra lehet n\u00e9zni, r\u00e1ad\u00e1sul annyi van bel\u0151l\u00fck, hogy ha az ember a sorozatok v\u00e9g\u00e9re \u00e9r, m\u00e1r eltelt annyi id\u0151, hogy a legr\u00e9gebben l\u00e1tott epiz\u00f3dok elhalv\u00e1nyultak\u2026\u00a0A meglehet\u0151sen komor \u00e9s a megold\u00e1s ut\u00e1n k\u00fcl\u00f6n\u00f6s fordulatot hoz\u00f3 Gyilkoss\u00e1g <strong>az Orient expresszen t\u00f6rt\u00e9net h\u00e1rom verzi\u00f3j\u00e1t eleven\u00edtett\u00fck fel.<\/strong> Akad k\u00f6z\u00f6tt\u00fck csal\u00f3d\u00e1s is, de vigasztal\u00e1snak ott van a t\u00f6bbi film.\r\n\r\n&nbsp;\r\n<h2><strong>1974 &#8211; Albert Finney, a klasszikus Poirot<\/strong><\/h2>\r\n<strong>Gyilkoss\u00e1g az Orient expresszen \/Murder on the Orient Express, 1974\/, 128 perc<\/strong>\r\n\r\n&nbsp;\r\n\r\n<span style=\"font-weight: 400;\">Hi\u00e1ba telt el 44 \u00e9v a Sidney Lumet f\u00e9le verzi\u00f3 \u00f3ta, a filmnek maximum a k\u00f3pi\u00e1ja kopott meg. A mai szemmel tal\u00e1n egy leheletnyire lass\u00fanak t\u0171n\u0151, s\u00f6t\u00e9t, komor verzi\u00f3n \u00e9rezni, hogy egy rendez\u0151 zseni kezei k\u00f6z\u00f6tt sz\u00fcletett. <strong>Az \u00f6tsz\u00f6r\u00f6s Oscar jel\u00f6lt, v\u00e9g\u00fcl pedig \u00e9letm\u0171 d\u00edjjal jutalmazott amerikai direktor<\/strong> olyan filmeket alkotott, mint a <strong>Tizenk\u00e9t d\u00fch\u00f6s ember<\/strong> vagy a fiatal Al Pacino-val forgatott, val\u00f3s esem\u00e9nyeken alapul\u00f3 <strong>K\u00e1nikulai d\u00e9lut\u00e1n<\/strong>. De persze neh\u00e9z lenne megfeledkezni a <strong>H\u00e1l\u00f3zatr\u00f3l<\/strong> vagy \u00e9pp a <strong>Serpico<\/strong>-r\u00f3l. <\/span>\r\n\r\nLumet nem ny\u00falt az id\u0151h\u00f6z, t\u00e9rhez, az angol krimi \u00edr\u00f3n\u0151 m\u0171v\u00e9t egyszer\u0171en t\u00e1lalta. A fesz\u00fclts\u00e9get a ragyog\u00f3 sz\u00edn\u00e9szi j\u00e1t\u00e9k adja. Az Orient expresszek kapcs\u00e1n mindig komoly szt\u00e1r g\u00e1rd\u00e1hoz ny\u00faltak az alkot\u00f3k. <strong>Lumet n\u00e9vsor\u00e1b\u00f3l k\u00e1r lenne b\u00e1rkit kiemelni, \u00e9rdemes A-t\u00f3l Z-ig v\u00e9gign\u00e9zni a szerepl\u0151ket. \u00c9s \u00e1mulni.<\/strong>\r\n<table>\r\n<tbody>\r\n<tr>\r\n<td><b>Szerepl\u0151<\/b><\/td>\r\n<td><b>Sz\u00edn\u00e9sz<\/b><\/td>\r\n<td><b>Magyar hang<\/b><\/td>\r\n<\/tr>\r\n<tr>\r\n<td><b>Hercule Poirot<\/b><span style=\"font-weight: 400;\">, belga mag\u00e1ndetekt\u00edv<\/span><\/td>\r\n<td><a href=\"https:\/\/hu.wikipedia.org\/wiki\/Albert_Finney\"><span style=\"font-weight: 400;\">Albert Finney<\/span><\/a><\/td>\r\n<td><a href=\"https:\/\/hu.wikipedia.org\/wiki\/Cs%C3%A1k%C3%A1nyi_L%C3%A1szl%C3%B3\"><span style=\"font-weight: 400;\">Cs\u00e1k\u00e1nyi L\u00e1szl\u00f3<\/span><\/a><\/td>\r\n<\/tr>\r\n<tr>\r\n<td><b>Mrs. Harriet Belinda Hubbard<\/b><span style=\"font-weight: 400;\">, nagyhang\u00fa amerikai \u00f6zvegy<\/span><\/td>\r\n<td><a href=\"https:\/\/hu.wikipedia.org\/wiki\/Lauren_Bacall\"><span style=\"font-weight: 400;\">Lauren Bacall<\/span><\/a><\/td>\r\n<td><a href=\"https:\/\/hu.wikipedia.org\/wiki\/Ruttkai_%C3%89va\"><span style=\"font-weight: 400;\">Ruttkai \u00c9va<\/span><\/a><\/td>\r\n<\/tr>\r\n<tr>\r\n<td><b>Signor Bianchi<\/b><span style=\"font-weight: 400;\">, a vas\u00fatt\u00e1rsas\u00e1g egyik igazgat\u00f3ja, Poirot r\u00e9gi bar\u00e1tja<\/span><\/td>\r\n<td><a href=\"https:\/\/hu.wikipedia.org\/wiki\/Martin_Balsam\"><span style=\"font-weight: 400;\">Martin Balsam<\/span><\/a><\/td>\r\n<td><a href=\"https:\/\/hu.wikipedia.org\/wiki\/Szab%C3%B3_Ott%C3%B3_(sz%C3%ADnm%C5%B1v%C3%A9sz)\"><span style=\"font-weight: 400;\">Szab\u00f3 Ott\u00f3<\/span><\/a><\/td>\r\n<\/tr>\r\n<tr>\r\n<td><b>Greta Ohlsson<\/b><span style=\"font-weight: 400;\">, vall\u00e1si megsz\u00e1llott sv\u00e9d missz\u00f3sn\u0151v\u00e9r<\/span><\/td>\r\n<td><a href=\"https:\/\/hu.wikipedia.org\/wiki\/Ingrid_Bergman\"><span style=\"font-weight: 400;\">Ingrid Bergman<\/span><\/a><\/td>\r\n<td><a href=\"https:\/\/hu.wikipedia.org\/wiki\/B%C3%A9k%C3%A9s_Rita\"><span style=\"font-weight: 400;\">B\u00e9k\u00e9s Rita<\/span><\/a><\/td>\r\n<\/tr>\r\n<tr>\r\n<td><b>Pierre-Paul Michel<\/b><span style=\"font-weight: 400;\">, a h\u00e1l\u00f3kocsi kalauza<\/span><\/td>\r\n<td><a href=\"https:\/\/hu.wikipedia.org\/wiki\/Jean-Pierre_Cassel\"><span style=\"font-weight: 400;\">Jean-Pierre Cassel<\/span><\/a><\/td>\r\n<td><a href=\"https:\/\/hu.wikipedia.org\/wiki\/Garas_Dezs%C5%91\"><span style=\"font-weight: 400;\">Garas Dezs\u0151<\/span><\/a><\/td>\r\n<\/tr>\r\n<tr>\r\n<td><b>Arbuthnot ezredes<\/b><span style=\"font-weight: 400;\">, szabads\u00e1gos brit katonatiszt<\/span><\/td>\r\n<td><a href=\"https:\/\/hu.wikipedia.org\/wiki\/Sean_Connery\"><span style=\"font-weight: 400;\">Sean Connery<\/span><\/a><\/td>\r\n<td><a href=\"https:\/\/hu.wikipedia.org\/wiki\/Krist%C3%B3f_Tibor\"><span style=\"font-weight: 400;\">Krist\u00f3f Tibor<\/span><\/a><\/td>\r\n<\/tr>\r\n<tr>\r\n<td><b>Mr. Beddoes<\/b><span style=\"font-weight: 400;\">, Ratchett komornyikja<\/span><\/td>\r\n<td><a href=\"https:\/\/hu.wikipedia.org\/wiki\/John_Gielgud\"><span style=\"font-weight: 400;\">John Gielgud<\/span><\/a><\/td>\r\n<td><a href=\"https:\/\/hu.wikipedia.org\/wiki\/Benk%C5%91_Gyula\"><span style=\"font-weight: 400;\">Benk\u0151 Gyula<\/span><\/a><\/td>\r\n<\/tr>\r\n<tr>\r\n<td><b>Dragomiroff hercegn\u0151<\/b><span style=\"font-weight: 400;\">, emigr\u00e1ns orosz arisztokrata h\u00f6lgy<\/span><\/td>\r\n<td><a href=\"https:\/\/hu.wikipedia.org\/w\/index.php?title=Wendy_Hiller&amp;action=edit&amp;redlink=1\"><span style=\"font-weight: 400;\">Wendy Hiller<\/span><\/a><\/td>\r\n<td><a href=\"https:\/\/hu.wikipedia.org\/wiki\/P%C3%A1rtos_Erzsi\"><span style=\"font-weight: 400;\">P\u00e1rtos Erzsi<\/span><\/a><\/td>\r\n<\/tr>\r\n<tr>\r\n<td><b>Hector Willard MacQueen<\/b><span style=\"font-weight: 400;\">, Ratchett mag\u00e1ntitk\u00e1ra<\/span><\/td>\r\n<td><a href=\"https:\/\/hu.wikipedia.org\/wiki\/Anthony_Perkins\"><span style=\"font-weight: 400;\">Anthony Perkins<\/span><\/a><\/td>\r\n<td><a href=\"https:\/\/hu.wikipedia.org\/wiki\/Tahi_T%C3%B3th_L%C3%A1szl%C3%B3\"><span style=\"font-weight: 400;\">Tahi T\u00f3th L\u00e1szl\u00f3<\/span><\/a><\/td>\r\n<\/tr>\r\n<tr>\r\n<td><b>Mary Debenham<\/b><span style=\"font-weight: 400;\">, Bagdadb\u00f3l hazat\u00e9r\u0151 tan\u00e1rn\u0151<\/span><\/td>\r\n<td><a href=\"https:\/\/hu.wikipedia.org\/wiki\/Vanessa_Redgrave\"><span style=\"font-weight: 400;\">Vanessa Redgrave<\/span><\/a><\/td>\r\n<td><a href=\"https:\/\/hu.wikipedia.org\/wiki\/Cs%C3%A1sz%C3%A1r_Angela\"><span style=\"font-weight: 400;\">Cs\u00e1sz\u00e1r Angela<\/span><\/a><\/td>\r\n<\/tr>\r\n<tr>\r\n<td><b>Hildegarde Schmidt<\/b><span style=\"font-weight: 400;\">, a hercegn\u0151 n\u00e9met komorn\u00e1ja<\/span><\/td>\r\n<td><a href=\"https:\/\/hu.wikipedia.org\/w\/index.php?title=Rachel_Roberts&amp;action=edit&amp;redlink=1\"><span style=\"font-weight: 400;\">Rachel Roberts<\/span><\/a><\/td>\r\n<td><a href=\"https:\/\/hu.wikipedia.org\/wiki\/Szemes_Mari\"><span style=\"font-weight: 400;\">Szemes Mari<\/span><\/a><\/td>\r\n<\/tr>\r\n<tr>\r\n<td><b>Mr. Samuel Edward Ratchett \/ Cassetti<\/b><\/td>\r\n<td><a href=\"https:\/\/hu.wikipedia.org\/w\/index.php?title=Richard_Widmark&amp;action=edit&amp;redlink=1\"><span style=\"font-weight: 400;\">Richard Widmark<\/span><\/a><\/td>\r\n<td><a href=\"https:\/\/hu.wikipedia.org\/wiki\/Inke_L%C3%A1szl%C3%B3\"><span style=\"font-weight: 400;\">Inke L\u00e1szl\u00f3<\/span><\/a><\/td>\r\n<\/tr>\r\n<tr>\r\n<td><b>Andr\u00e9nyi gr\u00f3f<\/b><span style=\"font-weight: 400;\">, magyar diplomata<\/span><\/td>\r\n<td><a href=\"https:\/\/hu.wikipedia.org\/wiki\/Michael_York\"><span style=\"font-weight: 400;\">Michael York<\/span><\/a><\/td>\r\n<td><a href=\"https:\/\/hu.wikipedia.org\/wiki\/Heged%C5%B1s_D._G%C3%A9za\"><span style=\"font-weight: 400;\">Heged\u0171s D. G\u00e9za<\/span><\/a><\/td>\r\n<\/tr>\r\n<tr>\r\n<td><b>Andr\u00e9nyi gr\u00f3fn\u00e9<\/b><\/td>\r\n<td><a href=\"https:\/\/hu.wikipedia.org\/wiki\/Jacqueline_Bisset\"><span style=\"font-weight: 400;\">Jacqueline Bisset<\/span><\/a><\/td>\r\n<td><a href=\"https:\/\/hu.wikipedia.org\/wiki\/S%C3%A1f%C3%A1r_Anik%C3%B3\"><span style=\"font-weight: 400;\">S\u00e1f\u00e1r Anik\u00f3<\/span><\/a><\/td>\r\n<\/tr>\r\n<tr>\r\n<td><b>Mr. Cyrus Hardman<\/b><span style=\"font-weight: 400;\">, sz\u00ednh\u00e1zi \u00fcgyn\u00f6k<\/span><\/td>\r\n<td><a href=\"https:\/\/hu.wikipedia.org\/w\/index.php?title=Colin_Blakely&amp;action=edit&amp;redlink=1\"><span style=\"font-weight: 400;\">Colin Blakely<\/span><\/a><\/td>\r\n<td><a href=\"https:\/\/hu.wikipedia.org\/wiki\/Makay_S%C3%A1ndor\"><span style=\"font-weight: 400;\">Makay S\u00e1ndor<\/span><\/a><\/td>\r\n<\/tr>\r\n<tr>\r\n<td><b>Dr. Constantine<\/b><span style=\"font-weight: 400;\">, g\u00f6r\u00f6g orvos<\/span><\/td>\r\n<td><a href=\"https:\/\/hu.wikipedia.org\/w\/index.php?title=George_Coulouris&amp;action=edit&amp;redlink=1\"><span style=\"font-weight: 400;\">George Coulouris<\/span><\/a><\/td>\r\n<td><a href=\"https:\/\/hu.wikipedia.org\/wiki\/P%C3%A1ger_Antal_(sz%C3%ADnm%C5%B1v%C3%A9sz)\"><span style=\"font-weight: 400;\">P\u00e1ger Antal<\/span><\/a><\/td>\r\n<\/tr>\r\n<tr>\r\n<td><b>Antonio Foscarelli<\/b><span style=\"font-weight: 400;\">, aut\u00f3\u00fcgyn\u00f6k<\/span><\/td>\r\n<td><a href=\"https:\/\/hu.wikipedia.org\/w\/index.php?title=Dennis_Quilley&amp;action=edit&amp;redlink=1\"><span style=\"font-weight: 400;\">Dennis Quilley<\/span><\/a><\/td>\r\n<td><a href=\"https:\/\/hu.wikipedia.org\/wiki\/Csurka_L%C3%A1szl%C3%B3\"><span style=\"font-weight: 400;\">Csurka L\u00e1szl\u00f3<\/span><\/a><\/td>\r\n<\/tr>\r\n<\/tbody>\r\n<\/table>\r\n<span style=\"font-size: 12px;\">Forr\u00e1s: wikip\u00e9dia<\/span>\r\n\r\n<span style=\"font-weight: 400;\">A filmben ny\u00fajtott alak\u00edt\u00e1s\u00e1\u00e9rt Ingrid Bergman 1974-ben megkapta a Legjobb n\u0151i mell\u00e9kszerepl\u0151nek j\u00e1r\u00f3 Oscar-d\u00edjat. Az akcentussal besz\u00e9l\u0151, kiss\u00e9 zavart \u00e9s f\u00e9l\u00e9nk, vall\u00e1sos n\u0151 alakja mellett tal\u00e1n az Anthony Perkins form\u00e1lta MacQueen a leg\u00e9rz\u00e9kenyebb. <\/span><span style=\"font-weight: 400;\">Lumet egy\u00e9bk\u00e9nt sz\u00e1mos filmj\u00e9ben haszn\u00e1lta, a szinte csak egy helysz\u00ednen j\u00e1tsz\u00f3d\u00f3, kamarad\u00e1rmai hangulatot. \u00cdgy a figyelem t\u00e9nyleg a sz\u00edn\u00e9szeken van, semmilyen filmes \u201ctr\u00fckk \u00e9s csal\u00e1s\u201d nem vonhatja el a n\u00e9z\u0151 figyelm\u00e9t.<\/span>\r\n\r\nAz interneten sz\u00e1mos \u00e9rdekess\u00e9g kering a filmr\u0151l. Ezek k\u00f6z\u00fcl a leg\u00e9rdekesebbek:\r\n<ul>\r\n \t<li style=\"font-weight: 400;\"><span style=\"font-weight: 400;\">Az esem\u00e9nyek ind\u00edt\u00e9k\u00e1ul szolg\u00e1l\u00f3 Daisy Armstrong-\u00fcgy fordulatait a Lindbergh-b\u00e9bi elrabl\u00e1s\u00e1nak tragikus esem\u00e9nyei ihlett\u00e9k. 1932. m\u00e1rcius 1-j\u00e9n h\u00e9tv\u00e9gi h\u00e1zukb\u00f3l rejt\u00e9lyes k\u00f6r\u00fclm\u00e9nyek k\u00f6z\u00f6tt elrabolt\u00e1k Charles Lindbergh, az Atlanti-\u00f3ce\u00e1nt els\u0151k\u00e9nt \u00e1trep\u00fcl\u0151 amerikai h\u0151s 20 h\u00f3napos fi\u00fagyermek\u00e9t. A csal\u00e1d hajland\u00f3 volt kifizetni a k\u00e9rt v\u00e1lts\u00e1gd\u00edjat. Az \u00fcgylet sor\u00e1n k\u00e9tes alakok is felbukkantak. 1932. m\u00e1jus 12-\u00e9n a gyereket egy erd\u0151sz\u00e9len, nem messze otthonukt\u00f3l, holtan tal\u00e1lt\u00e1k. Noha a b\u0171ncselekm\u00e9ny elk\u00f6vet\u00e9s\u00e9\u00e9rt letart\u00f3ztattak \u00e9s kiv\u00e9geztek egy Richard Hauptmann nev\u0171 n\u00e9met sz\u00e1rmaz\u00e1s\u00fa f\u00e9rfit, sokan k\u00e9telkedtek abban, hogy a primit\u00edv alak k\u00e9pes lett volna egyed\u00fcl kitervelni \u00e9s v\u00e9grehajtani a gyerekrabl\u00e1st. Val\u00f3sz\u00edn\u0171, hogy a b\u0171n\u00fcgy t\u00e9nyleges kiagyal\u00f3j\u00e1t sosem siker\u00fclt elkapni.<\/span><\/li>\r\n \t<li style=\"font-weight: 400;\"><span style=\"font-weight: 400;\">Mivel a forgat\u00e1skor mind\u00f6ssze <\/span><span style=\"font-weight: 400;\">38 \u00e9ves Finney j\u00f3val \u00f6regebbre maszk\u00edroz\u00e1sa \u00f3r\u00e1kat vett ig\u00e9nybe, \u00e9s a sz\u00edn\u00e9sz esti sz\u00ednh\u00e1zi fell\u00e9p\u00e9sei miatt musz\u00e1j volt a maszkot mindennap elt\u00e1vol\u00edtani, a st\u00e1b megszervezte, hogy a m\u00e9g alv\u00f3 Finney-t reggelente a forgat\u00e1s helysz\u00edn\u00e9re sz\u00e1ll\u00edts\u00e1k, \u00e9s ott \u00fagy kezdj\u00e9k el kisminkelni, hogy m\u00e9g nem \u00e9bredt fel.<\/span><\/li>\r\n \t<li style=\"font-weight: 400;\"><span style=\"font-weight: 400;\">Ingrid Bergman a moziban egy sv\u00e9d misszion\u00e1riusn\u0151 figur\u00e1j\u00e1t j\u00e1tszotta. Bergman t\u00f6k\u00e9letesen besz\u00e9lt angolul, a szerep kedv\u00e9\u00e9rt azonban sv\u00e9d akcentussal mondta a sz\u00f6veg\u00e9t.<\/span><\/li>\r\n<\/ul>\r\nAki lassabb, de min\u0151s\u00e9gi sz\u00edn\u00e9szi j\u00e1t\u00e9kra, szinte klasszikus sz\u00ednh\u00e1zi \u00e9lm\u00e9nyre v\u00e1gyik, mindenk\u00e9pp n\u00e9zze meg az 1974-es verzi\u00f3t. Kiindul\u00e1snak is tal\u00e1n ez a legjobb, azt\u00e1n j\u00f6het sorr a a t\u00f6bbi v\u00e1ltozat.\r\n\r\n<strong>A film el\u00e9rhet\u0151 a <a href=\"http:\/\/www.mediamarkt.hu\/hu\/product\/_gyilkoss%C3%A1g-az-orient-expresszen-dvd-1136515.html\">MediaMarkt<\/a> polcain! A DVD \u00e1ra 999 Ft<\/strong>\r\n\r\n<img loading=\"lazy\" decoding=\"async\" class=\"alignnone size-full wp-image-5776\" src=\"http:\/\/hir.mediamarkt.hu\/magazin\/wp-content\/uploads\/2018\/06\/oe1.png\" alt=\"\" width=\"786\" height=\"587\" srcset=\"https:\/\/hir.mediamarkt.hu\/magazin\/wp-content\/uploads\/2018\/06\/oe1.png 786w, https:\/\/hir.mediamarkt.hu\/magazin\/wp-content\/uploads\/2018\/06\/oe1-275x205.png 275w, https:\/\/hir.mediamarkt.hu\/magazin\/wp-content\/uploads\/2018\/06\/oe1-300x224.png 300w, https:\/\/hir.mediamarkt.hu\/magazin\/wp-content\/uploads\/2018\/06\/oe1-768x574.png 768w, https:\/\/hir.mediamarkt.hu\/magazin\/wp-content\/uploads\/2018\/06\/oe1-720x538.png 720w\" sizes=\"(max-width: 786px) 100vw, 786px\" \/>\r\n<h2><\/h2>\r\n<h2><strong>2017- David Suchet, a legnagyobb Poirot<\/strong><\/h2>\r\n<strong>Poirot: Gyilkoss\u00e1g az Orient expresszen \/Murder on the Orient Express, 2010\/, 80 perc<\/strong>\r\n\r\n&nbsp;\r\n\r\n<span style=\"font-weight: 400;\">David Suchet belga detekt\u00edv alak\u00edt\u00e1s\u00e1nak \u00e9rt\u00e9k\u00e9hez \u00e9s min\u0151s\u00e9g\u00e9hez nem f\u00e9r k\u00e9ts\u00e9g. A t\u00f6bb \u00e9vtizeden \u00e1t tart\u00f3 \u00e1talakul\u00e1s, a karakter \u00fajra \u00e9s \u00fajra t\u00f6rt\u00e9n\u0151 megform\u00e1l\u00e1sa miatt szinte egybeforrt a n\u00e9z\u0151k sz\u00e1m\u00e1ra a m\u00e1ra 72 \u00e9ves brit sz\u00edn\u00e9sz alakja a fikt\u00edv, piperk\u0151c nyomoz\u00f3\u00e9val. <\/span>\r\n\r\n<span style=\"font-weight: 400;\">B\u00e1r az <strong>1989-t\u0151l 2013-ig fut\u00f3 Poirot sorozat<\/strong> az \u00e9vek sor\u00e1n n\u00e9mi technikai fejl\u0151d\u00e9sen ment \u00e1t (a k\u00e9sz\u00edt\u0151k a kor\u00e1bbi, r\u00f6videbb epiz\u00f3dok helyett egy id\u0151 ut\u00e1n eg\u00e9sz est\u00e9s tv filmeket szenteltek a belga nyomoz\u00f3nak \u00e9s a gyilkoss\u00e1goknak), a kezdetekt\u0151l ugyanazt a s\u00e1rmot \u00e9s profizmust hordozta.\u00a0<\/span>A rajong\u00f3k sz\u00e1m\u00e1ra \u00e9rdekes \u00e9s tal\u00e1n kiss\u00e9 szomor\u00fa jelens\u00e9g lehetett, ahogy <strong>Poirot az utols\u00f3 h\u00e1rom \u00e9vadra kiss\u00e9 meg\u00f6regedett \u00e9s valahogy kiss\u00e9 megkeseredett.<\/strong> De h\u00e1t gondoljunk bele, ha val\u00f3ban ennyi gonoszs\u00e1got \u00e9s hal\u00e1lt l\u00e1tn\u00e1nk magunk k\u00f6r\u00fcl, mi tal\u00e1n nem t\u00f6rn\u00e9nk meg egy kicsit az \u00e9vtizedek s\u00falya alatt\u2026?\r\n\r\n<span style=\"font-weight: 400;\">A 2010. december\u00e9ben bemutatott Gyilkoss\u00e1g az Orient expresszen-ben Suchet figur\u00e1ja m\u00e1r kifejezetten id\u0151s, ennek k\u00f6sz\u00f6nhet\u0151en pedig az erk\u00f6lcsi dilemma, amely el\u00e9 a t\u00f6rt\u00e9net sor\u00e1n n\u00e9z, m\u00e9g sz\u00edvbemarkol\u00f3bb\u00e1 v\u00e1lik a n\u00e9z\u0151k sz\u00e1m\u00e1ra. <strong>A film utols\u00f3 p\u00e1r kock\u00e1ja azon kev\u00e9s Poirot pillanatok k\u00f6z\u00e9 tartozik, ahol a k\u00fcls\u0151 szeml\u00e9l\u0151 is tal\u00e1n els\u00edrja mag\u00e1t. <\/strong><\/span>\r\n\r\n<span style=\"font-weight: 400;\">Aki csak egy David Suchet f\u00e9le Poriot r\u00e9szt l\u00e1tott sejtheti, mire sz\u00e1m\u00edthat: professzionalizmusra \u00e9s perfekci\u00f3ra. Nem csak az el\u0151ad\u00e1sm\u00f3dban, de a l\u00e1tv\u00e1nyvil\u00e1gban is. A sokak sz\u00e1m\u00e1ra csod\u00e1lt <strong>Art Deco<\/strong> st\u00edlus ha visszafogottabban is, de az\u00e9rt megjelenik a k\u00e9perny\u0151n. B\u00e1r a 2010-es adapt\u00e1ci\u00f3 tal\u00e1n nem sorakoztat fel annyi szt\u00e1rt, mint a kor\u00e1bbi, majd a k\u00e9s\u0151bbi verzi\u00f3, az\u00e9rt akad p\u00e1r j\u00f3csk\u00e1n ismer\u0151s n\u00e9v \u00e9s arc a vonaton utaz\u00f3k k\u00f6z\u00f6tt: a gy\u00f6ny\u00f6r\u0171 Jessica Chastain mellett a Downton Abbey rajong\u00f3k egyik kedvence, Hugh Bonneville is felt\u0171nik a filmben.<\/span>\r\n\r\n<span style=\"font-weight: 400;\">Ez a verzi\u00f3 kiker\u00fclhetetlen, m\u00e9g akkor is, ha j\u00f3 es\u00e9llyel m\u00e1r ismerj\u00fck a t\u00f6rt\u00e9netet. <strong>David Suchet n\u00e9lk\u00fcl nincs Poirot. Illetve lehet, de sosem lesz ugyanaz.<\/strong><\/span>\r\n\r\n&nbsp;\r\n\r\n<img loading=\"lazy\" decoding=\"async\" class=\"alignnone size-large wp-image-5779\" src=\"http:\/\/hir.mediamarkt.hu\/magazin\/wp-content\/uploads\/2018\/06\/oe2a-729x1024.jpg\" alt=\"\" width=\"729\" height=\"1024\" srcset=\"https:\/\/hir.mediamarkt.hu\/magazin\/wp-content\/uploads\/2018\/06\/oe2a-729x1024.jpg 729w, https:\/\/hir.mediamarkt.hu\/magazin\/wp-content\/uploads\/2018\/06\/oe2a-275x386.jpg 275w, https:\/\/hir.mediamarkt.hu\/magazin\/wp-content\/uploads\/2018\/06\/oe2a-214x300.jpg 214w, https:\/\/hir.mediamarkt.hu\/magazin\/wp-content\/uploads\/2018\/06\/oe2a-768x1079.jpg 768w, https:\/\/hir.mediamarkt.hu\/magazin\/wp-content\/uploads\/2018\/06\/oe2a-720x1011.jpg 720w, https:\/\/hir.mediamarkt.hu\/magazin\/wp-content\/uploads\/2018\/06\/oe2a.jpg 1025w\" sizes=\"(max-width: 729px) 100vw, 729px\" \/>\r\n<h2><\/h2>\r\n<h2><strong>2017 &#8211; Kenneth Branagh, az akci\u00f3h\u0151s Poirot<\/strong><\/h2>\r\n<strong>Gyilkoss\u00e1g az Orient expresszen \/Murder on the Orient Express, 2017\/, 94 perc<\/strong>\r\n\r\n&nbsp;\r\n\r\n<span style=\"font-weight: 400;\">Egyel\u0151re megoldhatatlan rejt\u00e9lynek t\u0171nik, mit akart ezzel a verzi\u00f3val a 2012-ben lovagg\u00e1 \u00fct\u00f6tt Sir Kenneth Branagh, k\u00f6zismert Shapespeare sz\u00edn\u00e9sz \u00e9s rendez\u0151. Persze az ember mindig nehezen engedi el a megszokottat, \u00e9s ha m\u00e1r k\u00e9t er\u0151s alak\u00edt\u00e1s a retin\u00e1j\u00e1ba \u00e9gett, m\u00e9g komolyabb kih\u00edv\u00e1st jelent egy \u00faj \u00e9rtelmez\u00e9s befogad\u00e1sa. <\/span>\r\n\r\n<span style=\"font-weight: 400;\">A 2017-es Gyilkoss\u00e1g az Orient expresszen verzi\u00f3j\u00e1nak azonban nem az a baja, hogy m\u00e1s. Hanem hogy Agatha Christie-idegen. Akci\u00f3 h\u0151ss\u00e9 alak\u00edtani a belga nyomoz\u00f3t teljesen \u00e9rthetetlen megold\u00e1snak t\u0171nik. \u00c9s sajnos a filmet az sem menti meg, hogy <strong>egy percig sem sajn\u00e1lt\u00e1k a p\u00e9nzt a szt\u00e1r par\u00e1d\u00e9ra.<\/strong> S\u0151t. Mintha ett\u0151l m\u00e9g nyomottabb lenne az alkot\u00e1s. Persze lehet, a nevek l\u00e1tt\u00e1n (Kenneth Branagh, Pen\u00e9lope Cruz, Willem Dafoe, Judi Dench, Johnny Depp, Josh Gad, Leslie Odom Jr., Michelle Pfeiffer, Daisy Ridley stb.) kialakul\u00f3 elv\u00e1r\u00e1sokban van a hiba. De sajnos \u00fagy fest, m\u00e9g ezt lesz\u00e1m\u00edtva is halov\u00e1nyak a karakterek. Poirot extr\u00e9m m\u00e9ret\u0171 bajsz\u00e1t pedig soha nem fogjuk meg\u00e9rteni.<\/span>\r\n\r\nA keser\u0171 sz\u00e1j\u00edz ellen\u00e9re a Christie-rajong\u00f3k sz\u00e1m\u00e1ra tal\u00e1n k\u00f6telez\u0151 a darab, m\u00e1r csak az\u00e9rt is, hogy tapasztalataik alapj\u00e1n kritiz\u00e1lhass\u00e1k a filmet.\r\n\r\n&nbsp;\r\n\r\n<strong>A film el\u00e9rhet\u0151 a <a href=\"http:\/\/www.mediamarkt.hu\/hu\/product\/_gyilkoss%C3%A1g-az-orient-expresszen-dvd-1255289.html\">MediaMarkt<\/a> polcain! A DVD\u00a0\u00e1ra 2999 Ft<\/strong>\r\n\r\n<img loading=\"lazy\" decoding=\"async\" class=\"alignnone size-full wp-image-5775\" src=\"http:\/\/hir.mediamarkt.hu\/magazin\/wp-content\/uploads\/2018\/06\/oe.png\" alt=\"\" width=\"786\" height=\"587\" srcset=\"https:\/\/hir.mediamarkt.hu\/magazin\/wp-content\/uploads\/2018\/06\/oe.png 786w, https:\/\/hir.mediamarkt.hu\/magazin\/wp-content\/uploads\/2018\/06\/oe-275x205.png 275w, https:\/\/hir.mediamarkt.hu\/magazin\/wp-content\/uploads\/2018\/06\/oe-300x224.png 300w, https:\/\/hir.mediamarkt.hu\/magazin\/wp-content\/uploads\/2018\/06\/oe-768x574.png 768w, https:\/\/hir.mediamarkt.hu\/magazin\/wp-content\/uploads\/2018\/06\/oe-720x538.png 720w\" sizes=\"(max-width: 786px) 100vw, 786px\" \/>\r\n\r\n&nbsp;\r\n\r\n<span style=\"font-weight: 400;\">\u00c9s ha m\u00e9g ez sem lenne el\u00e9g, l\u00e9tezik egy <a href=\"https:\/\/www.imdb.com\/title\/tt0279250\/\">2001-es verzi\u00f3<\/a> is. S\u0151t, Stanley Tucci nemr\u00e9giben \u00fagy nyilatkozott, hogy b\u00e1r hatalmas tisztel\u0151je David Suchet karakter\u00e9nek, maga is sz\u00edvesen a belga nyomoz\u00f3 b\u0151r\u00e9be b\u00fajna. Biztosra vessz\u00fck teh\u00e1t, hogy 2017-ben k\u00f6zel sem utolj\u00e1ra futott ki az Orient expressz szerelv\u00e9nye\u2026<\/span>","protected":false},"excerpt":{"rendered":"Az igen terjedelmes Agatha Christie \u00e9letm\u0171vet sokszor, sokf\u00e9le form\u00e1ban adapt\u00e1lt\u00e1k m\u00e1r filmre. A tal\u00e1n legn\u00e9pszer\u0171bb, David Suchet f\u00e9le belga nyomoz\u00f3 \u00e9s a m\u00e1r szinte klasszikusnak sz\u00e1m\u00edt\u00f3 Joan Hickson form\u00e1lta Miss Marple itthon is j\u00f3l ismert alakok. A telev\u00edzi\u00f3 csatorn\u00e1kon a k\u00e9t karakter t\u00f6rt\u00e9netei rendre felbukkannak (ut\u00f3bbit Hickson hal\u00e1la ut\u00e1n Geraldine McEwan \u00e9s Julia McKenzie szem\u00e9lyes\u00edtette meg, mindk\u00e9t esetben igen elt\u00e9r\u0151 felfog\u00e1sban), de n\u00e9ha-n\u00e9ha belebotlik az ember m\u00e1s klasszikusokba is, p\u00e9ld\u00e1ul Peter Ustivon Poirot-j\u00e1ba.","protected":false},"author":13,"featured_media":5781,"comment_status":"open","ping_status":"open","sticky":false,"template":"","format":"standard","meta":{"wprm-recipe-roundup-name":"","wprm-recipe-roundup-description":"","footnotes":""},"categories":[5974],"tags":[2566,2292,2186,200,2571,2567,2420,2127,2173,2569,202,2568,2565,2570],"yoast_head":"<!-- This site is optimized with the Yoast SEO plugin v22.9 - https:\/\/yoast.com\/wordpress\/plugins\/seo\/ -->\n<title>H\u00e1rom a filmes igazs\u00e1g: v\u00e9gign\u00e9zt\u00fck Poirot gyilkos vonatoz\u00e1sait - MediaMarkt Magazin<\/title>\n<meta name=\"robots\" content=\"index, follow, max-snippet:-1, max-image-preview:large, max-video-preview:-1\" \/>\n<link rel=\"canonical\" href=\"https:\/\/hir.mediamarkt.hu\/magazin\/poirot-gyilkossag-az-orient-expresszen-dvd-film\/\" \/>\n<meta property=\"og:locale\" content=\"hu_HU\" \/>\n<meta property=\"og:type\" content=\"article\" \/>\n<meta property=\"og:title\" content=\"H\u00e1rom a filmes igazs\u00e1g: v\u00e9gign\u00e9zt\u00fck Poirot gyilkos vonatoz\u00e1sait - MediaMarkt Magazin\" \/>\n<meta property=\"og:description\" content=\"Az igen terjedelmes Agatha Christie \u00e9letm\u0171vet sokszor, sokf\u00e9le form\u00e1ban adapt\u00e1lt\u00e1k m\u00e1r filmre. A tal\u00e1n legn\u00e9pszer\u0171bb, David Suchet f\u00e9le belga nyomoz\u00f3 \u00e9s a m\u00e1r szinte klasszikusnak sz\u00e1m\u00edt\u00f3 Joan Hickson form\u00e1lta Miss Marple itthon is j\u00f3l ismert alakok. A telev\u00edzi\u00f3 csatorn\u00e1kon a k\u00e9t karakter t\u00f6rt\u00e9netei rendre felbukkannak (ut\u00f3bbit Hickson hal\u00e1la ut\u00e1n Geraldine McEwan \u00e9s Julia McKenzie szem\u00e9lyes\u00edtette meg, mindk\u00e9t esetben igen elt\u00e9r\u0151 felfog\u00e1sban), de n\u00e9ha-n\u00e9ha belebotlik az ember m\u00e1s klasszikusokba is, p\u00e9ld\u00e1ul Peter Ustivon Poirot-j\u00e1ba.\" \/>\n<meta property=\"og:url\" content=\"https:\/\/hir.mediamarkt.hu\/magazin\/poirot-gyilkossag-az-orient-expresszen-dvd-film\/\" \/>\n<meta property=\"og:site_name\" content=\"MediaMarkt Magazin\" \/>\n<meta property=\"article:publisher\" content=\"https:\/\/www.facebook.com\/MediaMarktMagyarorszag\" \/>\n<meta property=\"article:published_time\" content=\"2018-06-13T06:55:44+00:00\" \/>\n<meta property=\"article:modified_time\" content=\"2018-06-08T17:03:36+00:00\" \/>\n<meta property=\"og:image\" content=\"https:\/\/hir.mediamarkt.hu\/magazin\/wp-content\/uploads\/2018\/06\/Poriot.jpg\" \/>\n\t<meta property=\"og:image:width\" content=\"1440\" \/>\n\t<meta property=\"og:image:height\" content=\"1440\" \/>\n\t<meta property=\"og:image:type\" content=\"image\/jpeg\" \/>\n<meta name=\"author\" content=\"Media Markt\" \/>\n<meta name=\"twitter:label1\" content=\"Szerz\u0151:\" \/>\n\t<meta name=\"twitter:data1\" content=\"Media Markt\" \/>\n\t<meta name=\"twitter:label2\" content=\"Becs\u00fclt olvas\u00e1si id\u0151\" \/>\n\t<meta name=\"twitter:data2\" content=\"9 perc\" \/>\n<script type=\"application\/ld+json\" class=\"yoast-schema-graph\">{\"@context\":\"https:\/\/schema.org\",\"@graph\":[{\"@type\":\"WebPage\",\"@id\":\"https:\/\/hir.mediamarkt.hu\/magazin\/poirot-gyilkossag-az-orient-expresszen-dvd-film\/\",\"url\":\"https:\/\/hir.mediamarkt.hu\/magazin\/poirot-gyilkossag-az-orient-expresszen-dvd-film\/\",\"name\":\"H\u00e1rom a filmes igazs\u00e1g: v\u00e9gign\u00e9zt\u00fck Poirot gyilkos vonatoz\u00e1sait - MediaMarkt Magazin\",\"isPartOf\":{\"@id\":\"https:\/\/hir.mediamarkt.hu\/magazin\/#website\"},\"primaryImageOfPage\":{\"@id\":\"https:\/\/hir.mediamarkt.hu\/magazin\/poirot-gyilkossag-az-orient-expresszen-dvd-film\/#primaryimage\"},\"image\":{\"@id\":\"https:\/\/hir.mediamarkt.hu\/magazin\/poirot-gyilkossag-az-orient-expresszen-dvd-film\/#primaryimage\"},\"thumbnailUrl\":\"https:\/\/hir.mediamarkt.hu\/magazin\/wp-content\/uploads\/2018\/06\/Poriot.jpg\",\"datePublished\":\"2018-06-13T06:55:44+00:00\",\"dateModified\":\"2018-06-08T17:03:36+00:00\",\"author\":{\"@id\":\"https:\/\/hir.mediamarkt.hu\/magazin\/#\/schema\/person\/b93b02ec1ab4d2353f8d281e171c1b0b\"},\"breadcrumb\":{\"@id\":\"https:\/\/hir.mediamarkt.hu\/magazin\/poirot-gyilkossag-az-orient-expresszen-dvd-film\/#breadcrumb\"},\"inLanguage\":\"hu\",\"potentialAction\":[{\"@type\":\"ReadAction\",\"target\":[\"https:\/\/hir.mediamarkt.hu\/magazin\/poirot-gyilkossag-az-orient-expresszen-dvd-film\/\"]}]},{\"@type\":\"ImageObject\",\"inLanguage\":\"hu\",\"@id\":\"https:\/\/hir.mediamarkt.hu\/magazin\/poirot-gyilkossag-az-orient-expresszen-dvd-film\/#primaryimage\",\"url\":\"https:\/\/hir.mediamarkt.hu\/magazin\/wp-content\/uploads\/2018\/06\/Poriot.jpg\",\"contentUrl\":\"https:\/\/hir.mediamarkt.hu\/magazin\/wp-content\/uploads\/2018\/06\/Poriot.jpg\",\"width\":1440,\"height\":1440},{\"@type\":\"BreadcrumbList\",\"@id\":\"https:\/\/hir.mediamarkt.hu\/magazin\/poirot-gyilkossag-az-orient-expresszen-dvd-film\/#breadcrumb\",\"itemListElement\":[{\"@type\":\"ListItem\",\"position\":1,\"name\":\"Kezd\u0151lap\",\"item\":\"https:\/\/hir.mediamarkt.hu\/magazin\/\"},{\"@type\":\"ListItem\",\"position\":2,\"name\":\"H\u00e1rom a filmes igazs\u00e1g: v\u00e9gign\u00e9zt\u00fck Poirot gyilkos vonatoz\u00e1sait\"}]},{\"@type\":\"WebSite\",\"@id\":\"https:\/\/hir.mediamarkt.hu\/magazin\/#website\",\"url\":\"https:\/\/hir.mediamarkt.hu\/magazin\/\",\"name\":\"MediaMarkt Magazin\",\"description\":\"Olvass bele magazinunkba!\",\"potentialAction\":[{\"@type\":\"SearchAction\",\"target\":{\"@type\":\"EntryPoint\",\"urlTemplate\":\"https:\/\/hir.mediamarkt.hu\/magazin\/?s={search_term_string}\"},\"query-input\":\"required name=search_term_string\"}],\"inLanguage\":\"hu\"},{\"@type\":\"Person\",\"@id\":\"https:\/\/hir.mediamarkt.hu\/magazin\/#\/schema\/person\/b93b02ec1ab4d2353f8d281e171c1b0b\",\"name\":\"Media Markt\",\"image\":{\"@type\":\"ImageObject\",\"inLanguage\":\"hu\",\"@id\":\"https:\/\/hir.mediamarkt.hu\/magazin\/#\/schema\/person\/image\/\",\"url\":\"https:\/\/secure.gravatar.com\/avatar\/602bccae8998beee472d01909f0978f1?s=96&d=mm&r=g\",\"contentUrl\":\"https:\/\/secure.gravatar.com\/avatar\/602bccae8998beee472d01909f0978f1?s=96&d=mm&r=g\",\"caption\":\"Media Markt\"}}]}<\/script>\n<!-- \/ Yoast SEO plugin. -->","yoast_head_json":{"title":"H\u00e1rom a filmes igazs\u00e1g: v\u00e9gign\u00e9zt\u00fck Poirot gyilkos vonatoz\u00e1sait - MediaMarkt Magazin","robots":{"index":"index","follow":"follow","max-snippet":"max-snippet:-1","max-image-preview":"max-image-preview:large","max-video-preview":"max-video-preview:-1"},"canonical":"https:\/\/hir.mediamarkt.hu\/magazin\/poirot-gyilkossag-az-orient-expresszen-dvd-film\/","og_locale":"hu_HU","og_type":"article","og_title":"H\u00e1rom a filmes igazs\u00e1g: v\u00e9gign\u00e9zt\u00fck Poirot gyilkos vonatoz\u00e1sait - MediaMarkt Magazin","og_description":"Az igen terjedelmes Agatha Christie \u00e9letm\u0171vet sokszor, sokf\u00e9le form\u00e1ban adapt\u00e1lt\u00e1k m\u00e1r filmre. A tal\u00e1n legn\u00e9pszer\u0171bb, David Suchet f\u00e9le belga nyomoz\u00f3 \u00e9s a m\u00e1r szinte klasszikusnak sz\u00e1m\u00edt\u00f3 Joan Hickson form\u00e1lta Miss Marple itthon is j\u00f3l ismert alakok. A telev\u00edzi\u00f3 csatorn\u00e1kon a k\u00e9t karakter t\u00f6rt\u00e9netei rendre felbukkannak (ut\u00f3bbit Hickson hal\u00e1la ut\u00e1n Geraldine McEwan \u00e9s Julia McKenzie szem\u00e9lyes\u00edtette meg, mindk\u00e9t esetben igen elt\u00e9r\u0151 felfog\u00e1sban), de n\u00e9ha-n\u00e9ha belebotlik az ember m\u00e1s klasszikusokba is, p\u00e9ld\u00e1ul Peter Ustivon Poirot-j\u00e1ba.","og_url":"https:\/\/hir.mediamarkt.hu\/magazin\/poirot-gyilkossag-az-orient-expresszen-dvd-film\/","og_site_name":"MediaMarkt Magazin","article_publisher":"https:\/\/www.facebook.com\/MediaMarktMagyarorszag","article_published_time":"2018-06-13T06:55:44+00:00","article_modified_time":"2018-06-08T17:03:36+00:00","og_image":[{"width":1440,"height":1440,"url":"https:\/\/hir.mediamarkt.hu\/magazin\/wp-content\/uploads\/2018\/06\/Poriot.jpg","type":"image\/jpeg"}],"author":"Media Markt","twitter_misc":{"Szerz\u0151:":"Media Markt","Becs\u00fclt olvas\u00e1si id\u0151":"9 perc"},"schema":{"@context":"https:\/\/schema.org","@graph":[{"@type":"WebPage","@id":"https:\/\/hir.mediamarkt.hu\/magazin\/poirot-gyilkossag-az-orient-expresszen-dvd-film\/","url":"https:\/\/hir.mediamarkt.hu\/magazin\/poirot-gyilkossag-az-orient-expresszen-dvd-film\/","name":"H\u00e1rom a filmes igazs\u00e1g: v\u00e9gign\u00e9zt\u00fck Poirot gyilkos vonatoz\u00e1sait - MediaMarkt Magazin","isPartOf":{"@id":"https:\/\/hir.mediamarkt.hu\/magazin\/#website"},"primaryImageOfPage":{"@id":"https:\/\/hir.mediamarkt.hu\/magazin\/poirot-gyilkossag-az-orient-expresszen-dvd-film\/#primaryimage"},"image":{"@id":"https:\/\/hir.mediamarkt.hu\/magazin\/poirot-gyilkossag-az-orient-expresszen-dvd-film\/#primaryimage"},"thumbnailUrl":"https:\/\/hir.mediamarkt.hu\/magazin\/wp-content\/uploads\/2018\/06\/Poriot.jpg","datePublished":"2018-06-13T06:55:44+00:00","dateModified":"2018-06-08T17:03:36+00:00","author":{"@id":"https:\/\/hir.mediamarkt.hu\/magazin\/#\/schema\/person\/b93b02ec1ab4d2353f8d281e171c1b0b"},"breadcrumb":{"@id":"https:\/\/hir.mediamarkt.hu\/magazin\/poirot-gyilkossag-az-orient-expresszen-dvd-film\/#breadcrumb"},"inLanguage":"hu","potentialAction":[{"@type":"ReadAction","target":["https:\/\/hir.mediamarkt.hu\/magazin\/poirot-gyilkossag-az-orient-expresszen-dvd-film\/"]}]},{"@type":"ImageObject","inLanguage":"hu","@id":"https:\/\/hir.mediamarkt.hu\/magazin\/poirot-gyilkossag-az-orient-expresszen-dvd-film\/#primaryimage","url":"https:\/\/hir.mediamarkt.hu\/magazin\/wp-content\/uploads\/2018\/06\/Poriot.jpg","contentUrl":"https:\/\/hir.mediamarkt.hu\/magazin\/wp-content\/uploads\/2018\/06\/Poriot.jpg","width":1440,"height":1440},{"@type":"BreadcrumbList","@id":"https:\/\/hir.mediamarkt.hu\/magazin\/poirot-gyilkossag-az-orient-expresszen-dvd-film\/#breadcrumb","itemListElement":[{"@type":"ListItem","position":1,"name":"Kezd\u0151lap","item":"https:\/\/hir.mediamarkt.hu\/magazin\/"},{"@type":"ListItem","position":2,"name":"H\u00e1rom a filmes igazs\u00e1g: v\u00e9gign\u00e9zt\u00fck Poirot gyilkos vonatoz\u00e1sait"}]},{"@type":"WebSite","@id":"https:\/\/hir.mediamarkt.hu\/magazin\/#website","url":"https:\/\/hir.mediamarkt.hu\/magazin\/","name":"MediaMarkt Magazin","description":"Olvass bele magazinunkba!","potentialAction":[{"@type":"SearchAction","target":{"@type":"EntryPoint","urlTemplate":"https:\/\/hir.mediamarkt.hu\/magazin\/?s={search_term_string}"},"query-input":"required name=search_term_string"}],"inLanguage":"hu"},{"@type":"Person","@id":"https:\/\/hir.mediamarkt.hu\/magazin\/#\/schema\/person\/b93b02ec1ab4d2353f8d281e171c1b0b","name":"Media Markt","image":{"@type":"ImageObject","inLanguage":"hu","@id":"https:\/\/hir.mediamarkt.hu\/magazin\/#\/schema\/person\/image\/","url":"https:\/\/secure.gravatar.com\/avatar\/602bccae8998beee472d01909f0978f1?s=96&d=mm&r=g","contentUrl":"https:\/\/secure.gravatar.com\/avatar\/602bccae8998beee472d01909f0978f1?s=96&d=mm&r=g","caption":"Media Markt"}}]}},"_links":{"self":[{"href":"https:\/\/hir.mediamarkt.hu\/magazin\/wp-json\/wp\/v2\/posts\/5774"}],"collection":[{"href":"https:\/\/hir.mediamarkt.hu\/magazin\/wp-json\/wp\/v2\/posts"}],"about":[{"href":"https:\/\/hir.mediamarkt.hu\/magazin\/wp-json\/wp\/v2\/types\/post"}],"author":[{"embeddable":true,"href":"https:\/\/hir.mediamarkt.hu\/magazin\/wp-json\/wp\/v2\/users\/13"}],"replies":[{"embeddable":true,"href":"https:\/\/hir.mediamarkt.hu\/magazin\/wp-json\/wp\/v2\/comments?post=5774"}],"version-history":[{"count":2,"href":"https:\/\/hir.mediamarkt.hu\/magazin\/wp-json\/wp\/v2\/posts\/5774\/revisions"}],"predecessor-version":[{"id":5783,"href":"https:\/\/hir.mediamarkt.hu\/magazin\/wp-json\/wp\/v2\/posts\/5774\/revisions\/5783"}],"wp:featuredmedia":[{"embeddable":true,"href":"https:\/\/hir.mediamarkt.hu\/magazin\/wp-json\/wp\/v2\/media\/5781"}],"wp:attachment":[{"href":"https:\/\/hir.mediamarkt.hu\/magazin\/wp-json\/wp\/v2\/media?parent=5774"}],"wp:term":[{"taxonomy":"category","embeddable":true,"href":"https:\/\/hir.mediamarkt.hu\/magazin\/wp-json\/wp\/v2\/categories?post=5774"},{"taxonomy":"post_tag","embeddable":true,"href":"https:\/\/hir.mediamarkt.hu\/magazin\/wp-json\/wp\/v2\/tags?post=5774"}],"curies":[{"name":"wp","href":"https:\/\/api.w.org\/{rel}","templated":true}]}}