{"id":5806,"date":"2018-06-18T08:00:30","date_gmt":"2018-06-18T07:00:30","guid":{"rendered":"http:\/\/hir.mediamarkt.hu\/magazin\/?p=5806"},"modified":"2018-06-25T09:07:28","modified_gmt":"2018-06-25T08:07:28","slug":"mosas-sporolas-tipp-penz","status":"publish","type":"post","link":"https:\/\/hir.mediamarkt.hu\/magazin\/mosas-sporolas-tipp-penz\/","title":{"rendered":"H\u00e1rom egyszer\u0171 l\u00e9p\u00e9s \u00e9s vagyonokat sp\u00f3rolhatsz a mos\u00e1son!"},"content":{"rendered":"<strong>Kor\u00e1bban m\u00e1r \u00edrtunk az <a href=\"http:\/\/hir.mediamarkt.hu\/magazin\/mennyi-az-annyi-bosch-mosogep-ar-kedvezmeny-tamogatat\/\">A+++ besorol\u00e1s\u00fa g\u00e9pekr\u0151l<\/a>, valamint <a href=\"http:\/\/hir.mediamarkt.hu\/magazin\/mennyi-az-annyi-bosch-mosogep-ar-kedvezmeny-tamogatat\/\">az \u00e9ves energiak\u00f6lts\u00e9g kisz\u00e1m\u00edt\u00e1s\u00e1r\u00f3l<\/a>. Aki lemaradt volna a <a href=\"http:\/\/hir.mediamarkt.hu\/magazin\/mennyi-az-annyi-bosch-mosogep-ar-kedvezmeny-tamogatat\/\">cikkr\u0151l<\/a> \u00e9s \u00e9ppen <a href=\"http:\/\/www.mediamarkt.hu\/hu\/category\/_mos%C3%B3g%C3%A9p-504636.html?view=PRODUCTGRID&amp;page=1&amp;sort=topseller\" target=\"_blank\">\u00faj mos\u00f3g\u00e9p v\u00e1s\u00e1rl\u00e1son<\/a> gondolkodik, j\u00f3l j\u00e1rhat a m\u00e1r eml\u00edtett el\u0151ny\u00f6k \u00e9s anyagiak tanulm\u00e1nyoz\u00e1sa sor\u00e1n. Ma azonban els\u0151sorban nem a g\u00e9pek\u00e9, hanem a mos\u00f3szer\u00e9 a f\u0151szerep. Egy 4 \u00e9ve folyamatosan tesztelt besz\u00e1mol\u00f3 k\u00f6vetkezik, elk\u00e9peszt\u0151 anyagi \u00e9s min\u0151s\u00e9gi k\u00fcl\u00f6nbs\u00e9gekkel!<\/strong><!--more-->\r\n\r\n\u0150szinte leszek: ez a t\u00e9ma a sz\u00edv\u00fcgyem \u00e9s eg\u00e9szen meglep, hogy m\u00e9g mindig vannak olyanok, akik nem \u00fagy mosnak, mint \u00e9n. S\u0151t. Egy, az az egyetlen ismer\u0151s\u00f6m sem t\u00e9rt \u00e1t a <strong>nem csak \u201cz\u00f6ldebb\u201d, de extr\u00e9m olcs\u00f3 megold\u00e1sra<\/strong>. Nem vagyok egy hitt\u00e9r\u00edt\u0151 t\u00edpus, \u00edgy nem vegz\u00e1lom a k\u00f6rnyezetem azzal, hogy mit hogyan csin\u00e1ljanak. Ha valaki megk\u00e9rdezi, mit\u0151l olyan j\u00f3 illat\u00faak a ruh\u00e1im, mosolyogva el\u00e1rulom. \u00c1ltal\u00e1ban ilyenkor a csod\u00e1lkoz\u00e1s ut\u00e1n k\u00e9t perccel m\u00e1r senki nem eml\u00e9kszik r\u00e1, hogy felmer\u00fclt benne a v\u00e1ltoztat\u00e1s ig\u00e9nye. Pedig a k\u00fcl\u00f6nbs\u00e9g csak annyi, hogy\u00a0nem a megszokott polcr\u00f3l emelem le a neh\u00e9z, dr\u00e1ga \u00e9s kiad\u00f3s m\u00e9ret\u0171 m\u0171anyagba csomagolt seg\u00e9deszk\u00f6z\u00f6ket.\r\n\r\nNem tudom, mennyire szerencse faktor, de nekem 5 perccel van t\u00e1volabb a k\u00f6rnyezettudatos mos\u00e1s minden kell\u00e9k\u00e9vel rendelkez\u0151 speci\u00e1lis <a href=\"https:\/\/www.zoldbolt.hu\/\">Z\u00f6ldbolt<\/a>, mint az egyik bev\u00e1s\u00e1rl\u00f3k\u00f6zpont, ahol az emberek a n\u00e9pszer\u0171 n\u00e9met dog\u00e9ri\u00e1ban, vagy \u00e9pp az egyik nagyobb \u00e9lelmiszer \u00e1ruh\u00e1z l\u00e1ncban int\u00e9zik a hasonl\u00f3 \u00fcgyeiket. Sz\u00f3val nem kell a vil\u00e1g v\u00e9g\u00e9re mennem, de ha messze is esne a dolog, a hihetetlen \u00e1r k\u00fcl\u00f6nbs\u00e9g &#8211; \u00e9s a postai rendel\u00e9s lehet\u0151s\u00e9ge &#8211; miatt akkor sem mondan\u00e9k le err\u0151l a \u201cluxusr\u00f3l\u201d.\r\n\r\n<strong>Hogy mi\u00e9rt? Egyszer\u0171:<\/strong>\r\n<ul>\r\n \t<li style=\"font-weight: 400;\"><span style=\"font-weight: 400;\">Rengeteg p\u00e9nzt sp\u00f3rolok<\/span><\/li>\r\n \t<li style=\"font-weight: 400;\"><span style=\"font-weight: 400;\">\u00c9vente el\u00e9g 1x komolyabban cipekednem<\/span><\/li>\r\n \t<li style=\"font-weight: 400;\"><span style=\"font-weight: 400;\">A mos\u00e1si hozz\u00e1val\u00f3im csomagol\u00e1sa t\u00f6red\u00e9k szemetet termel. <\/span><\/li>\r\n \t<li style=\"font-weight: 400;\"><span style=\"font-weight: 400;\">A mos\u00f3g\u00e9pen ragyog, nem kell hozz\u00e1 k\u00fcl\u00f6n pasztilla, hogy \u201ctov\u00e1bb \u00e9ljen\u201d<\/span><\/li>\r\n<\/ul>\r\n<img loading=\"lazy\" decoding=\"async\" class=\"alignnone size-large wp-image-5808\" src=\"http:\/\/hir.mediamarkt.hu\/magazin\/wp-content\/uploads\/2018\/06\/01-2-1024x731.jpeg\" alt=\"\" width=\"1024\" height=\"731\" srcset=\"https:\/\/hir.mediamarkt.hu\/magazin\/wp-content\/uploads\/2018\/06\/01-2-1024x731.jpeg 1024w, https:\/\/hir.mediamarkt.hu\/magazin\/wp-content\/uploads\/2018\/06\/01-2-275x196.jpeg 275w, https:\/\/hir.mediamarkt.hu\/magazin\/wp-content\/uploads\/2018\/06\/01-2-300x214.jpeg 300w, https:\/\/hir.mediamarkt.hu\/magazin\/wp-content\/uploads\/2018\/06\/01-2-768x548.jpeg 768w, https:\/\/hir.mediamarkt.hu\/magazin\/wp-content\/uploads\/2018\/06\/01-2-720x514.jpeg 720w, https:\/\/hir.mediamarkt.hu\/magazin\/wp-content\/uploads\/2018\/06\/01-2.jpeg 1440w\" sizes=\"(max-width: 1024px) 100vw, 1024px\" \/>\r\n\r\n<span style=\"font-weight: 400;\">\u00c9s hogy mi a h\u00e1rom titok? Miel\u0151tt el\u00e1ruln\u00e1m, egyr\u00e9szt jelzem, hogy nyilv\u00e1n sokak sz\u00e1m\u00e1ra semmi \u00fajat nem fogok mondani. M\u00e1sr\u00e9szt biztos van, amir\u0151l m\u00e1r kor\u00e1bban is hallott az olvas\u00f3. A k\u00e9rd\u00e9s az, tett-e m\u00e1r pr\u00f3b\u00e1t, illetve haszn\u00e1lta-e m\u00e1r a ezt a \u201cm\u00e1gikus h\u00e1rmas \u00f6sszetev\u0151t\u201d? <\/span>\r\n<h2><span style=\"font-weight: 400;\">A mos\u00e1s szenth\u00e1roms\u00e1ga teh\u00e1t: <\/span><\/h2>\r\n<ul>\r\n \t<li style=\"font-weight: 400;\">\r\n<blockquote><strong>mos\u00f3sz\u00f3da<\/strong><\/blockquote>\r\n<\/li>\r\n \t<li style=\"font-weight: 400;\">\r\n<blockquote><strong>mos\u00f3parf\u00fcm<\/strong><\/blockquote>\r\n<\/li>\r\n \t<li style=\"font-weight: 400;\">\r\n<blockquote><strong>ecet<\/strong><\/blockquote>\r\n<\/li>\r\n<\/ul>\r\n&nbsp;\r\n\r\n<span style=\"font-weight: 400;\">T\u00e1-d\u00e1\u00e1m!\u00a0<\/span><span style=\"font-weight: 400;\">H\u00e1t igen, a vil\u00e1g nem fordult ki a sark\u00e1b\u00f3l. De <strong>n\u00e1lam jelent\u0151s v\u00e1ltoz\u00e1sok \u00e1lltak be 4 \u00e9ve, amikor el\u0151sz\u00f6r v\u00e1ltottam sz\u00f3d\u00e1ra, majd sz\u00e9pen lassan kialakult a mai r\u00edtus<\/strong>, amellyel ragyog\u00f3 tiszt\u00e1ra tudok mosni mindent \u00e9s m\u00e9g az illatos text\u00edli\u00e1kr\u00f3l sem kell lemondanom. <\/span>\r\n\r\nSz\u00e1mos Csin\u00e1ld magad! otthoni mos\u00f3szer recept l\u00e9tezik, <strong>\u00e9n k\u00fcl\u00f6n nem f\u0151z\u0151csk\u00e9zek<\/strong>, egyszer\u0171en fogok egy kis adag sz\u00f3d\u00e1t \u00e9s beteszem a g\u00e9p megfelel\u0151 rekesz\u00e9be. Majd hozz\u00e1adok egy kis ecetet, amit\u0151l az anyag sz\u00e9pen felhabzik (nyilv\u00e1n ki lehet ezt el\u0151re keverni, de a k\u00e9nyelem faktor miatt \u00e9n nem szoktam, r\u00e1ad\u00e1sul az eredm\u00e9ny pontosan ugyanaz). Az \u00f6bl\u00edt\u0151 hely\u00e9re ker\u00fcl a kb. 10-15 csepp (!) mos\u00f3parf\u00fcm. \u00c9s k\u00e9szen is vagyunk. Innent\u0151l m\u00e1r a g\u00e9p dolgozik helyett\u00fcnk. A k\u00f6vetkez\u0151 l\u00e9p\u00e9s a tereget\u00e9s, ami sor\u00e1n a mind\u00f6ssze p\u00e1r csepp parf\u00fcm koncentr\u00e1tumt\u00f3l az <strong>eg\u00e9sz lak\u00e1s mennyei, friss illatban \u00faszik<\/strong>. Sz\u00f3val m\u00e9g ez a f\u00e1zis is aj\u00e1nd\u00e9k.\r\n\r\n<strong>A mos\u00f3sz\u00f3da egyetlen h\u00e1tr\u00e1nya, hogy a feh\u00e9r mos\u00e1st kicsit sz\u00fcrk\u00edti,<\/strong> \u00edgy \u00e9n ebben az esetben mell\u0151z\u00f6m, csak a bakt\u00e9rium\u00f6l\u0151 ecetet \u00e9s a parf\u00fcm\u00f6t teszem a g\u00e9pbe. Nyilv\u00e1n ha foltos ruh\u00e1kat kell helyretenni, vagy \u00e9pp mondjuk konyharuh\u00e1t, t\u00f6r\u00fclk\u00f6z\u0151t tiszt\u00edtok, m\u00e1s h\u0151fok\u00fa programot szabad\u00edtok r\u00e1 a szennyez\u0151d\u00e9sekre. Ezek \u00e1ltal\u00e1ban elegend\u0151k, igaz, nincs itthon kisgyerek, aki mondjuk meggyet dolgozna bele izomb\u00f3l a ruh\u00e1mba\u2026\r\n\r\nDe van helyette <strong>akt\u00edvan sportol\u00f3 f\u00e9rfi.<\/strong> Ha valaki ker\u00fclt m\u00e1r sziklam\u00e1sz\u00f3 sportruh\u00e1zat\u00e1nak k\u00f6zel\u00e9be, tudja, mi a magyarok istene. \u00c9s m\u00e9g \u00edgy is sim\u00e1n m\u0171k\u00f6dik a sz\u00f3da-ecet-parf\u00fcm szenth\u00e1roms\u00e1g! Ilyenkor minim\u00e1lisan emelem a sz\u00f3da adagot \u00e9s kicsit megl\u00f3d\u00edtom az ecetet, valamint 20 csepp k\u00f6r\u00fcl haszn\u00e1lom az illatos\u00edt\u00e1sra sz\u00e1nt szert. A v\u00e9geredm\u00e9ny t\u00f6k\u00e9letes. Mi pedig mindannyian fell\u00e9legezhet\u00fcnk.\r\n\r\n&nbsp;\r\n<h2><strong>Mennyi az annyi?<\/strong><\/h2>\r\n&nbsp;\r\n\r\n\u00c9n egy \u00e9v alatt sem vagyok k\u00e9pes egy <strong>4 kg-os mos\u00f3sz\u00f3da<\/strong> csomagot fel\u00e9lni. Ennek \u00e1ra a beszerz\u00e9si helyemen <strong>1195 Ft.<\/strong> Teh\u00e1t t\u00f6bb, mint egy \u00e9vig ennyi a befektet\u00e9s \u00e9s cipekedni is csak egyszer kell.\r\n\r\n<strong>Az ecetet mezei ABC-ben szoktam megvenni, mindig 20%-os verzi\u00f3t keresve.<\/strong> Egy litert m\u00e1r <strong>150 Ft<\/strong> k\u00f6r\u00fcl vehet\u00fcnk. Mivel ezt takar\u00edt\u00e1shoz is haszn\u00e1lom (a v\u00edzforral\u00f3 bels\u0151 tiszt\u00edt\u00e1s\u00e1t\u00f3l kezdve a k\u00e1d \u00e9s wc fert\u0151tlen\u00edt\u00e9sen \u00e1t a felmos\u00f3 v\u00edzbe hintett, kisebb mennyis\u00e9gig), \u00edgy nehezebb megmondani, \u00e9ves szinten mennyi fogy. Jelenleg 2 h\u00f3nap alatt egy, kifejezetten a mos\u00e1snak szentelt palacknak kb. az \u2153-a fogyott el. Az ut\u00e1np\u00f3tl\u00e1s itt a legs\u0171r\u0171bb, de ennek els\u0151sorban a m\u00e1r eml\u00edtett akt\u00edvan sportol\u00f3 f\u00e9rfi \u00e9s annak ruh\u00e1i az oka. Cser\u00e9be a v\u00edzk\u0151 soha t\u00f6bb\u00e9 nem jelent majd gondot, a mos\u00f3g\u00e9p dobj\u00e1ban pedig b\u00e1rmikor megcsod\u00e1lhatjuk magunkat.\r\n\r\n<strong>A mos\u00f3parf\u00fcm<\/strong> els\u0151 r\u00e1n\u00e9z\u00e9sre \u201cdr\u00e1g\u00e1nak\u201d t\u0171nhet, mivel a kiszerel\u00e9s apr\u00f3cska. De pont ez a leny\u0171g\u00f6z\u0151 benne! A 100 ml-es kiszerel\u00e9s \u00e1ra <strong>1990 Ft.<\/strong> Ez els\u0151nek soknak t\u0171nhet. De ha azt vessz\u00fck, hogy egy alkalommal kb. 1-2 mililitert haszn\u00e1lunk el, a hagyom\u00e1nyos \u00f6bl\u00edt\u0151kh\u00f6z k\u00e9pest j\u00f3val olcs\u00f3bban fog kij\u00f6nni a v\u00e9gs\u0151 kalkul\u00e1ci\u00f3. \u00c9s ami m\u00e9g fontosabb, maroknyi m\u00e9ret\u0171. Igaz, az ecethez hasonl\u00f3an mos\u00f3parf\u00fcm\u00f6t is csak m\u0171anyag csomagol\u00e1sban tal\u00e1ltunk, de tal\u00e1n nem mindegy, hogy \u00e9vente k\u00e9t mini flakont dobok-e ki (esetleg ebben viszem majd nyaral\u00e1sra a sampont, hogy ne kelljen az eg\u00e9sz, nagy adagot cipelni), vagy k\u00e9t-h\u00e1rom havonta egy nagy kancs\u00f3t\u2026\u00a0<span style=\"font-weight: 400;\">A mos\u00f3parf\u00fcm\u00f6k r\u00e1ad\u00e1sul t\u00f6bbf\u00e9le illatban kaphat\u00f3k, a n\u0151iesebb \u00e9s f\u00e9rfiasabb, valamint az \u00e9desebb \u00e9s citrusosabb hangulatot kedvel\u0151k is megtal\u00e1lj\u00e1k a maguknak val\u00f3t.\u00a0<\/span>\r\n\r\n<img loading=\"lazy\" decoding=\"async\" class=\"alignnone size-large wp-image-5814\" src=\"http:\/\/hir.mediamarkt.hu\/magazin\/wp-content\/uploads\/2018\/06\/02-1024x619.jpg\" alt=\"\" width=\"1024\" height=\"619\" srcset=\"https:\/\/hir.mediamarkt.hu\/magazin\/wp-content\/uploads\/2018\/06\/02-1024x619.jpg 1024w, https:\/\/hir.mediamarkt.hu\/magazin\/wp-content\/uploads\/2018\/06\/02-275x166.jpg 275w, https:\/\/hir.mediamarkt.hu\/magazin\/wp-content\/uploads\/2018\/06\/02-300x181.jpg 300w, https:\/\/hir.mediamarkt.hu\/magazin\/wp-content\/uploads\/2018\/06\/02-768x464.jpg 768w, https:\/\/hir.mediamarkt.hu\/magazin\/wp-content\/uploads\/2018\/06\/02-720x435.jpg 720w, https:\/\/hir.mediamarkt.hu\/magazin\/wp-content\/uploads\/2018\/06\/02.jpg 1440w\" sizes=\"(max-width: 1024px) 100vw, 1024px\" \/>\r\n\r\n<span style=\"font-weight: 400;\">Azt mondtuk m\u00e1r, hogy mindh\u00e1rom seg\u00e9deszk\u00f6z <strong>100%-ig term\u00e9szetes alapanyagokb\u00f3l<\/strong> k\u00e9sz\u00fclt? \u00cdgy az allergi\u00e1sok, ekc\u00e9m\u00e1sok is j\u00f3 es\u00e9llyel \u00faj korszak el\u00e9 n\u00e9zhetnek. Nos? Akad valaki, aki be\u00e1ll az okos, k\u00f6rnyezet- \u00e9s mos\u00f3g\u00e9pbar\u00e1t, olcs\u00f3 megold\u00e1s h\u00edvei k\u00f6z\u00e9?<\/span>\r\n\r\n&nbsp;","protected":false},"excerpt":{"rendered":"Kor\u00e1bban m\u00e1r \u00edrtunk az A+++ besorol\u00e1s\u00fa g\u00e9pekr\u0151l, valamint az \u00e9ves energiak\u00f6lts\u00e9g kisz\u00e1m\u00edt\u00e1s\u00e1r\u00f3l. Aki lemaradt volna a cikkr\u0151l \u00e9s \u00e9ppen \u00faj mos\u00f3g\u00e9p v\u00e1s\u00e1rl\u00e1son gondolkodik, j\u00f3l j\u00e1rhat a m\u00e1r eml\u00edtett el\u0151ny\u00f6k \u00e9s anyagiak tanulm\u00e1nyoz\u00e1sa sor\u00e1n. Ma azonban els\u0151sorban nem a g\u00e9pek\u00e9, hanem a mos\u00f3szer\u00e9 a f\u0151szerep. Egy 4 \u00e9ve folyamatosan tesztelt besz\u00e1mol\u00f3 k\u00f6vetkezik, elk\u00e9peszt\u0151 anyagi \u00e9s min\u0151s\u00e9gi k\u00fcl\u00f6nbs\u00e9gekkel!","protected":false},"author":13,"featured_media":5807,"comment_status":"open","ping_status":"open","sticky":false,"template":"","format":"standard","meta":{"wprm-recipe-roundup-name":"","wprm-recipe-roundup-description":"","footnotes":""},"categories":[5981,5967],"tags":[2600,2599,2596,2601,2226,2486,2127,2173,2588,2487,2594,2591,2592,2593,430,2597,2590,846,2589,2598,2595],"yoast_head":"<!-- This site is optimized with the Yoast SEO plugin v22.9 - https:\/\/yoast.com\/wordpress\/plugins\/seo\/ -->\n<title>H\u00e1rom egyszer\u0171 l\u00e9p\u00e9s \u00e9s vagyonokat sp\u00f3rolhatsz a mos\u00e1son! - MediaMarkt Magazin<\/title>\n<meta name=\"robots\" content=\"index, follow, max-snippet:-1, max-image-preview:large, max-video-preview:-1\" \/>\n<link rel=\"canonical\" href=\"https:\/\/hir.mediamarkt.hu\/magazin\/mosas-sporolas-tipp-penz\/\" \/>\n<meta property=\"og:locale\" content=\"hu_HU\" \/>\n<meta property=\"og:type\" content=\"article\" \/>\n<meta property=\"og:title\" content=\"H\u00e1rom egyszer\u0171 l\u00e9p\u00e9s \u00e9s vagyonokat sp\u00f3rolhatsz a mos\u00e1son! - MediaMarkt Magazin\" \/>\n<meta property=\"og:description\" content=\"Kor\u00e1bban m\u00e1r \u00edrtunk az A+++ besorol\u00e1s\u00fa g\u00e9pekr\u0151l, valamint az \u00e9ves energiak\u00f6lts\u00e9g kisz\u00e1m\u00edt\u00e1s\u00e1r\u00f3l. Aki lemaradt volna a cikkr\u0151l \u00e9s \u00e9ppen \u00faj mos\u00f3g\u00e9p v\u00e1s\u00e1rl\u00e1son gondolkodik, j\u00f3l j\u00e1rhat a m\u00e1r eml\u00edtett el\u0151ny\u00f6k \u00e9s anyagiak tanulm\u00e1nyoz\u00e1sa sor\u00e1n. Ma azonban els\u0151sorban nem a g\u00e9pek\u00e9, hanem a mos\u00f3szer\u00e9 a f\u0151szerep. Egy 4 \u00e9ve folyamatosan tesztelt besz\u00e1mol\u00f3 k\u00f6vetkezik, elk\u00e9peszt\u0151 anyagi \u00e9s min\u0151s\u00e9gi k\u00fcl\u00f6nbs\u00e9gekkel!\" \/>\n<meta property=\"og:url\" content=\"https:\/\/hir.mediamarkt.hu\/magazin\/mosas-sporolas-tipp-penz\/\" \/>\n<meta property=\"og:site_name\" content=\"MediaMarkt Magazin\" \/>\n<meta property=\"article:publisher\" content=\"https:\/\/www.facebook.com\/MediaMarktMagyarorszag\" \/>\n<meta property=\"article:published_time\" content=\"2018-06-18T07:00:30+00:00\" \/>\n<meta property=\"article:modified_time\" content=\"2018-06-25T08:07:28+00:00\" \/>\n<meta property=\"og:image\" content=\"https:\/\/hir.mediamarkt.hu\/magazin\/wp-content\/uploads\/2018\/06\/00-2.jpeg\" \/>\n\t<meta property=\"og:image:width\" content=\"526\" \/>\n\t<meta property=\"og:image:height\" content=\"350\" \/>\n\t<meta property=\"og:image:type\" content=\"image\/jpeg\" \/>\n<meta name=\"author\" content=\"Media Markt\" \/>\n<meta name=\"twitter:label1\" content=\"Szerz\u0151:\" \/>\n\t<meta name=\"twitter:data1\" content=\"Media Markt\" \/>\n\t<meta name=\"twitter:label2\" content=\"Becs\u00fclt olvas\u00e1si id\u0151\" \/>\n\t<meta name=\"twitter:data2\" content=\"6 perc\" \/>\n<script type=\"application\/ld+json\" class=\"yoast-schema-graph\">{\"@context\":\"https:\/\/schema.org\",\"@graph\":[{\"@type\":\"WebPage\",\"@id\":\"https:\/\/hir.mediamarkt.hu\/magazin\/mosas-sporolas-tipp-penz\/\",\"url\":\"https:\/\/hir.mediamarkt.hu\/magazin\/mosas-sporolas-tipp-penz\/\",\"name\":\"H\u00e1rom egyszer\u0171 l\u00e9p\u00e9s \u00e9s vagyonokat sp\u00f3rolhatsz a mos\u00e1son! - MediaMarkt Magazin\",\"isPartOf\":{\"@id\":\"https:\/\/hir.mediamarkt.hu\/magazin\/#website\"},\"primaryImageOfPage\":{\"@id\":\"https:\/\/hir.mediamarkt.hu\/magazin\/mosas-sporolas-tipp-penz\/#primaryimage\"},\"image\":{\"@id\":\"https:\/\/hir.mediamarkt.hu\/magazin\/mosas-sporolas-tipp-penz\/#primaryimage\"},\"thumbnailUrl\":\"https:\/\/hir.mediamarkt.hu\/magazin\/wp-content\/uploads\/2018\/06\/00-2.jpeg\",\"datePublished\":\"2018-06-18T07:00:30+00:00\",\"dateModified\":\"2018-06-25T08:07:28+00:00\",\"author\":{\"@id\":\"https:\/\/hir.mediamarkt.hu\/magazin\/#\/schema\/person\/b93b02ec1ab4d2353f8d281e171c1b0b\"},\"breadcrumb\":{\"@id\":\"https:\/\/hir.mediamarkt.hu\/magazin\/mosas-sporolas-tipp-penz\/#breadcrumb\"},\"inLanguage\":\"hu\",\"potentialAction\":[{\"@type\":\"ReadAction\",\"target\":[\"https:\/\/hir.mediamarkt.hu\/magazin\/mosas-sporolas-tipp-penz\/\"]}]},{\"@type\":\"ImageObject\",\"inLanguage\":\"hu\",\"@id\":\"https:\/\/hir.mediamarkt.hu\/magazin\/mosas-sporolas-tipp-penz\/#primaryimage\",\"url\":\"https:\/\/hir.mediamarkt.hu\/magazin\/wp-content\/uploads\/2018\/06\/00-2.jpeg\",\"contentUrl\":\"https:\/\/hir.mediamarkt.hu\/magazin\/wp-content\/uploads\/2018\/06\/00-2.jpeg\",\"width\":526,\"height\":350},{\"@type\":\"BreadcrumbList\",\"@id\":\"https:\/\/hir.mediamarkt.hu\/magazin\/mosas-sporolas-tipp-penz\/#breadcrumb\",\"itemListElement\":[{\"@type\":\"ListItem\",\"position\":1,\"name\":\"Kezd\u0151lap\",\"item\":\"https:\/\/hir.mediamarkt.hu\/magazin\/\"},{\"@type\":\"ListItem\",\"position\":2,\"name\":\"H\u00e1rom egyszer\u0171 l\u00e9p\u00e9s \u00e9s vagyonokat sp\u00f3rolhatsz a mos\u00e1son!\"}]},{\"@type\":\"WebSite\",\"@id\":\"https:\/\/hir.mediamarkt.hu\/magazin\/#website\",\"url\":\"https:\/\/hir.mediamarkt.hu\/magazin\/\",\"name\":\"MediaMarkt Magazin\",\"description\":\"Olvass bele magazinunkba!\",\"potentialAction\":[{\"@type\":\"SearchAction\",\"target\":{\"@type\":\"EntryPoint\",\"urlTemplate\":\"https:\/\/hir.mediamarkt.hu\/magazin\/?s={search_term_string}\"},\"query-input\":\"required name=search_term_string\"}],\"inLanguage\":\"hu\"},{\"@type\":\"Person\",\"@id\":\"https:\/\/hir.mediamarkt.hu\/magazin\/#\/schema\/person\/b93b02ec1ab4d2353f8d281e171c1b0b\",\"name\":\"Media Markt\",\"image\":{\"@type\":\"ImageObject\",\"inLanguage\":\"hu\",\"@id\":\"https:\/\/hir.mediamarkt.hu\/magazin\/#\/schema\/person\/image\/\",\"url\":\"https:\/\/secure.gravatar.com\/avatar\/602bccae8998beee472d01909f0978f1?s=96&d=mm&r=g\",\"contentUrl\":\"https:\/\/secure.gravatar.com\/avatar\/602bccae8998beee472d01909f0978f1?s=96&d=mm&r=g\",\"caption\":\"Media Markt\"}}]}<\/script>\n<!-- \/ Yoast SEO plugin. -->","yoast_head_json":{"title":"H\u00e1rom egyszer\u0171 l\u00e9p\u00e9s \u00e9s vagyonokat sp\u00f3rolhatsz a mos\u00e1son! - MediaMarkt Magazin","robots":{"index":"index","follow":"follow","max-snippet":"max-snippet:-1","max-image-preview":"max-image-preview:large","max-video-preview":"max-video-preview:-1"},"canonical":"https:\/\/hir.mediamarkt.hu\/magazin\/mosas-sporolas-tipp-penz\/","og_locale":"hu_HU","og_type":"article","og_title":"H\u00e1rom egyszer\u0171 l\u00e9p\u00e9s \u00e9s vagyonokat sp\u00f3rolhatsz a mos\u00e1son! - MediaMarkt Magazin","og_description":"Kor\u00e1bban m\u00e1r \u00edrtunk az A+++ besorol\u00e1s\u00fa g\u00e9pekr\u0151l, valamint az \u00e9ves energiak\u00f6lts\u00e9g kisz\u00e1m\u00edt\u00e1s\u00e1r\u00f3l. Aki lemaradt volna a cikkr\u0151l \u00e9s \u00e9ppen \u00faj mos\u00f3g\u00e9p v\u00e1s\u00e1rl\u00e1son gondolkodik, j\u00f3l j\u00e1rhat a m\u00e1r eml\u00edtett el\u0151ny\u00f6k \u00e9s anyagiak tanulm\u00e1nyoz\u00e1sa sor\u00e1n. Ma azonban els\u0151sorban nem a g\u00e9pek\u00e9, hanem a mos\u00f3szer\u00e9 a f\u0151szerep. Egy 4 \u00e9ve folyamatosan tesztelt besz\u00e1mol\u00f3 k\u00f6vetkezik, elk\u00e9peszt\u0151 anyagi \u00e9s min\u0151s\u00e9gi k\u00fcl\u00f6nbs\u00e9gekkel!","og_url":"https:\/\/hir.mediamarkt.hu\/magazin\/mosas-sporolas-tipp-penz\/","og_site_name":"MediaMarkt Magazin","article_publisher":"https:\/\/www.facebook.com\/MediaMarktMagyarorszag","article_published_time":"2018-06-18T07:00:30+00:00","article_modified_time":"2018-06-25T08:07:28+00:00","og_image":[{"width":526,"height":350,"url":"https:\/\/hir.mediamarkt.hu\/magazin\/wp-content\/uploads\/2018\/06\/00-2.jpeg","type":"image\/jpeg"}],"author":"Media Markt","twitter_misc":{"Szerz\u0151:":"Media Markt","Becs\u00fclt olvas\u00e1si id\u0151":"6 perc"},"schema":{"@context":"https:\/\/schema.org","@graph":[{"@type":"WebPage","@id":"https:\/\/hir.mediamarkt.hu\/magazin\/mosas-sporolas-tipp-penz\/","url":"https:\/\/hir.mediamarkt.hu\/magazin\/mosas-sporolas-tipp-penz\/","name":"H\u00e1rom egyszer\u0171 l\u00e9p\u00e9s \u00e9s vagyonokat sp\u00f3rolhatsz a mos\u00e1son! - MediaMarkt Magazin","isPartOf":{"@id":"https:\/\/hir.mediamarkt.hu\/magazin\/#website"},"primaryImageOfPage":{"@id":"https:\/\/hir.mediamarkt.hu\/magazin\/mosas-sporolas-tipp-penz\/#primaryimage"},"image":{"@id":"https:\/\/hir.mediamarkt.hu\/magazin\/mosas-sporolas-tipp-penz\/#primaryimage"},"thumbnailUrl":"https:\/\/hir.mediamarkt.hu\/magazin\/wp-content\/uploads\/2018\/06\/00-2.jpeg","datePublished":"2018-06-18T07:00:30+00:00","dateModified":"2018-06-25T08:07:28+00:00","author":{"@id":"https:\/\/hir.mediamarkt.hu\/magazin\/#\/schema\/person\/b93b02ec1ab4d2353f8d281e171c1b0b"},"breadcrumb":{"@id":"https:\/\/hir.mediamarkt.hu\/magazin\/mosas-sporolas-tipp-penz\/#breadcrumb"},"inLanguage":"hu","potentialAction":[{"@type":"ReadAction","target":["https:\/\/hir.mediamarkt.hu\/magazin\/mosas-sporolas-tipp-penz\/"]}]},{"@type":"ImageObject","inLanguage":"hu","@id":"https:\/\/hir.mediamarkt.hu\/magazin\/mosas-sporolas-tipp-penz\/#primaryimage","url":"https:\/\/hir.mediamarkt.hu\/magazin\/wp-content\/uploads\/2018\/06\/00-2.jpeg","contentUrl":"https:\/\/hir.mediamarkt.hu\/magazin\/wp-content\/uploads\/2018\/06\/00-2.jpeg","width":526,"height":350},{"@type":"BreadcrumbList","@id":"https:\/\/hir.mediamarkt.hu\/magazin\/mosas-sporolas-tipp-penz\/#breadcrumb","itemListElement":[{"@type":"ListItem","position":1,"name":"Kezd\u0151lap","item":"https:\/\/hir.mediamarkt.hu\/magazin\/"},{"@type":"ListItem","position":2,"name":"H\u00e1rom egyszer\u0171 l\u00e9p\u00e9s \u00e9s vagyonokat sp\u00f3rolhatsz a mos\u00e1son!"}]},{"@type":"WebSite","@id":"https:\/\/hir.mediamarkt.hu\/magazin\/#website","url":"https:\/\/hir.mediamarkt.hu\/magazin\/","name":"MediaMarkt Magazin","description":"Olvass bele magazinunkba!","potentialAction":[{"@type":"SearchAction","target":{"@type":"EntryPoint","urlTemplate":"https:\/\/hir.mediamarkt.hu\/magazin\/?s={search_term_string}"},"query-input":"required name=search_term_string"}],"inLanguage":"hu"},{"@type":"Person","@id":"https:\/\/hir.mediamarkt.hu\/magazin\/#\/schema\/person\/b93b02ec1ab4d2353f8d281e171c1b0b","name":"Media Markt","image":{"@type":"ImageObject","inLanguage":"hu","@id":"https:\/\/hir.mediamarkt.hu\/magazin\/#\/schema\/person\/image\/","url":"https:\/\/secure.gravatar.com\/avatar\/602bccae8998beee472d01909f0978f1?s=96&d=mm&r=g","contentUrl":"https:\/\/secure.gravatar.com\/avatar\/602bccae8998beee472d01909f0978f1?s=96&d=mm&r=g","caption":"Media Markt"}}]}},"_links":{"self":[{"href":"https:\/\/hir.mediamarkt.hu\/magazin\/wp-json\/wp\/v2\/posts\/5806"}],"collection":[{"href":"https:\/\/hir.mediamarkt.hu\/magazin\/wp-json\/wp\/v2\/posts"}],"about":[{"href":"https:\/\/hir.mediamarkt.hu\/magazin\/wp-json\/wp\/v2\/types\/post"}],"author":[{"embeddable":true,"href":"https:\/\/hir.mediamarkt.hu\/magazin\/wp-json\/wp\/v2\/users\/13"}],"replies":[{"embeddable":true,"href":"https:\/\/hir.mediamarkt.hu\/magazin\/wp-json\/wp\/v2\/comments?post=5806"}],"version-history":[{"count":6,"href":"https:\/\/hir.mediamarkt.hu\/magazin\/wp-json\/wp\/v2\/posts\/5806\/revisions"}],"predecessor-version":[{"id":5840,"href":"https:\/\/hir.mediamarkt.hu\/magazin\/wp-json\/wp\/v2\/posts\/5806\/revisions\/5840"}],"wp:featuredmedia":[{"embeddable":true,"href":"https:\/\/hir.mediamarkt.hu\/magazin\/wp-json\/wp\/v2\/media\/5807"}],"wp:attachment":[{"href":"https:\/\/hir.mediamarkt.hu\/magazin\/wp-json\/wp\/v2\/media?parent=5806"}],"wp:term":[{"taxonomy":"category","embeddable":true,"href":"https:\/\/hir.mediamarkt.hu\/magazin\/wp-json\/wp\/v2\/categories?post=5806"},{"taxonomy":"post_tag","embeddable":true,"href":"https:\/\/hir.mediamarkt.hu\/magazin\/wp-json\/wp\/v2\/tags?post=5806"}],"curies":[{"name":"wp","href":"https:\/\/api.w.org\/{rel}","templated":true}]}}