{"id":5822,"date":"2018-06-14T08:00:56","date_gmt":"2018-06-14T07:00:56","guid":{"rendered":"http:\/\/hir.mediamarkt.hu\/magazin\/?p=5822"},"modified":"2018-06-13T11:03:54","modified_gmt":"2018-06-13T10:03:54","slug":"foci-vb-achilles-a-jos-macska","status":"publish","type":"post","link":"https:\/\/hir.mediamarkt.hu\/magazin\/foci-vb-achilles-a-jos-macska\/","title":{"rendered":"Nan\u00e1, hogy az idei VB-nek is van egy \u00e1llati j\u00f3sa!"},"content":{"rendered":"<strong>Paul a polip ut\u00e1n itt van Achilles, a siket macska, aki el\u0151re megmondja majd a szentp\u00e9terv\u00e1ri meccsek eredm\u00e9ny\u00e9t. Hogy hogyan csin\u00e1lja? Miben \u00e1ll az ereje? Mondjuk \u00e9s mutatjuk!<\/strong><!--more-->\r\n\r\nA var\u00e1zser\u0151, a l\u00e1tnoki k\u00e9pess\u00e9g kvintesszenci\u00e1ja alapvet\u0151en h\u00e1rom sz\u00f3ban foglalhat\u00f3 \u00f6ssze: \u0151r\u00fclt emberek sokas\u00e1ga. B\u00e1r lehet, Achilles valamelyest r\u00e9szt akar\u00a0venni a cirkuszban, hiszen a j\u00f3sl\u00e1st macska eledelb\u0151l v\u00e9gzi, azt meg ugye h\u00fclye volna kihagyni, a felv\u00e9telek alapj\u00e1n n\u00e9mi k\u00e9nyszer\u00edt\u00e9st \u00e9rz\u00fcnk a dologban. A forgat\u00f3k\u00f6nyv egy\u00e9bk\u00e9nt egyszer\u0171:\r\n<blockquote>a macskafeletti k\u00e9pess\u00e9gekkel meg\u00e1ldott \u00e1llat a meccsek napj\u00e1n k\u00e9t t\u00e1l, pontosan ugyanolyan t\u00e1pot kap. Melyekbe a m\u00e9rk\u0151z\u00e9st j\u00e1tsz\u00f3 nemzetek kis z\u00e1szlaja lesz t\u0171zve. Amelyik \u00e9telre Achilles r\u00e1bukik, az a csapat nyer. \u0150r\u00fclet!<\/blockquote>\r\n<iframe loading=\"lazy\" title=\"Meet Achilles, the deaf cat predicting this year&#039;s World Cup results\" width=\"900\" height=\"506\" src=\"https:\/\/www.youtube.com\/embed\/jL9wm-N8xAM?start=65&#038;feature=oembed\" frameborder=\"0\" allow=\"accelerometer; autoplay; clipboard-write; encrypted-media; gyroscope; picture-in-picture; web-share\" referrerpolicy=\"strict-origin-when-cross-origin\" allowfullscreen><\/iframe>\r\n\r\nA n\u00e9gyl\u00e1b\u00fa egy\u00e9bk\u00e9nt \u00e1ll\u00edt\u00f3lag kor\u00e1bban m\u00e1r bizony\u00edtott. <strong>A tavalyi Konf\u00f6der\u00e1ci\u00f3s Kupa szentp\u00e9terv\u00e1ri eredm\u00e9nyeit &#8211; bemond\u00e1s alapj\u00e1n &#8211; kiv\u00e9tel n\u00e9lk\u00fcl helyesen j\u00f3solta meg.<\/strong> M\u00e9g a d\u00f6ntetlenek sem fogtak ki rajta. Azokon a napokon, amikor a csapatok ikszeltek, Achilles egyik ed\u00e9nyhez sem ny\u00falt hozz\u00e1. Ajv\u00e9.\r\n\r\nEnnyit a m\u00f3ka r\u00e9sz\u00e9r\u0151l. Ezek ut\u00e1n n\u00e9zz\u00fck meg a m\u00e1r eml\u00edtett Konf\u00f6der\u00e1ci\u00f3s Kupa d\u00f6nt\u0151je kapcs\u00e1n a macska \u201cj\u00f3s performansz\u00e1t\u201d. Ha valaki minim\u00e1lisan is \u00e9rt az \u00e1llatokhoz, esetleg kedveli \u0151ket, vil\u00e1gosan l\u00e1tja, mennyire\u00a0k\u00e9sz van szeg\u00e9ny Achilles. A testbesz\u00e9de \u00e9s a ny\u00e1vog\u00e1sa is jelzi, nagyon nem komfortos neki a felhajt\u00e1s. <strong>A voks\u00e1t pedig alapvet\u0151en nem teszi le egyik f\u00e9l\u00a0mellett sem,<\/strong> egyszer\u0171en abba az ir\u00e1nyba fordul az ablakp\u00e1rk\u00e1nyon, amerre a gondoz\u00f3ja van. Ezt pedig a minim\u00e1lis biztons\u00e1g \u00e9s megnyugtat\u00e1s keres\u00e9se \u00f6szt\u00f6nzi. Semmi m\u00e1s.\r\n\r\n<iframe loading=\"lazy\" title=\"Mystic mog! Achilles the CAT predicts a Russian victory in Confederations Cup opener\" width=\"900\" height=\"506\" src=\"https:\/\/www.youtube.com\/embed\/mLMiuSeKpmE?feature=oembed\" frameborder=\"0\" allow=\"accelerometer; autoplay; clipboard-write; encrypted-media; gyroscope; picture-in-picture; web-share\" referrerpolicy=\"strict-origin-when-cross-origin\" allowfullscreen><\/iframe>\r\n\r\nA fenti, 2018-as VB kapcs\u00e1n megjelent vide\u00f3ban Achilles kev\u00e9sb\u00e9 t\u0171nik frusztr\u00e1ltnak (mondjuk t\u00fal nagy \u00f6r\u00f6m\u00f6t sem l\u00e1tni rajta), azonban mivel a v\u00e1rhat\u00f3 m\u00e9dia \u00e9rdekl\u0151d\u00e9s nagy lesz, <strong>egyre komolyabb nyom\u00e1s lesz az or\u00e1kulumnak kiki\u00e1ltott \u00e1llat v\u00e1ll\u00e1n.<\/strong> M\u00e9g szerencse, hogy siket, \u00edgy legal\u00e1bb az \u00e1ltal\u00e1nos f\u00e9nyk\u00e9pez\u0151g\u00e9p kattog\u00e1s \u00e9s ujjong\u00e1s zaja nem zavarja meg a lelkivil\u00e1g\u00e1t. Hogy a h\u00f3feh\u00e9r, k\u00e9k szem\u0171 Achilles kap-e a <a href=\"https:\/\/www.youtube.com\/watch?v=HEnhiJRep3g\">Paul\u00e9hoz hasonl\u00f3, hal\u00e1los fenyeget\u00e9seket<\/a>, kider\u00fcl. <strong>A l\u00e9nyeg, <a href=\"http:\/\/www.mediamarkt.hu\/hu\/product\/_macskafog%C3%B3-dvd-9043491.html?ga_query=Macskafog%C3%B3\">tartsa mag\u00e1t t\u00e1vol Grabovszkyt\u00f3l<\/a> \u00e9s minden rendben lesz.<\/strong>\r\n\r\n\u00c9s hogy mit j\u00f3sol az els\u0151 meccsre Achilles? H\u00e1t s\u00e1mli legyek, ha bej\u00f6n a tippje!\r\n\r\n<a href=\"https:\/\/www.youtube.com\/watch?v=aM2VQUp8K78\">https:\/\/www.youtube.com\/watch?v=aM2VQUp8K78<\/a>\r\n\r\n&nbsp;","protected":false},"excerpt":{"rendered":"Paul a polip ut\u00e1n itt van Achilles, a siket macska, aki el\u0151re megmondja majd a szentp\u00e9terv\u00e1ri meccsek eredm\u00e9ny\u00e9t. Hogy hogyan csin\u00e1lja? Miben \u00e1ll az ereje? Mondjuk \u00e9s mutatjuk!","protected":false},"author":13,"featured_media":5823,"comment_status":"open","ping_status":"open","sticky":false,"template":"","format":"standard","meta":{"wprm-recipe-roundup-name":"","wprm-recipe-roundup-description":"","footnotes":""},"categories":[5953],"tags":[2037,2602,2605,2606,2251,2607,2603,2604,2543,944,2127,2173,67,2544],"yoast_head":"<!-- This site is optimized with the Yoast SEO plugin v22.9 - https:\/\/yoast.com\/wordpress\/plugins\/seo\/ -->\n<title>Nan\u00e1, hogy az idei VB-nek is van egy \u00e1llati j\u00f3sa! - MediaMarkt Magazin<\/title>\n<meta name=\"robots\" content=\"index, follow, max-snippet:-1, max-image-preview:large, max-video-preview:-1\" \/>\n<link rel=\"canonical\" href=\"https:\/\/hir.mediamarkt.hu\/magazin\/foci-vb-achilles-a-jos-macska\/\" \/>\n<meta property=\"og:locale\" content=\"hu_HU\" \/>\n<meta property=\"og:type\" content=\"article\" \/>\n<meta property=\"og:title\" content=\"Nan\u00e1, hogy az idei VB-nek is van egy \u00e1llati j\u00f3sa! - MediaMarkt Magazin\" \/>\n<meta property=\"og:description\" content=\"Paul a polip ut\u00e1n itt van Achilles, a siket macska, aki el\u0151re megmondja majd a szentp\u00e9terv\u00e1ri meccsek eredm\u00e9ny\u00e9t. Hogy hogyan csin\u00e1lja? Miben \u00e1ll az ereje? Mondjuk \u00e9s mutatjuk!\" \/>\n<meta property=\"og:url\" content=\"https:\/\/hir.mediamarkt.hu\/magazin\/foci-vb-achilles-a-jos-macska\/\" \/>\n<meta property=\"og:site_name\" content=\"MediaMarkt Magazin\" \/>\n<meta property=\"article:publisher\" content=\"https:\/\/www.facebook.com\/MediaMarktMagyarorszag\" \/>\n<meta property=\"article:published_time\" content=\"2018-06-14T07:00:56+00:00\" \/>\n<meta property=\"article:modified_time\" content=\"2018-06-13T10:03:54+00:00\" \/>\n<meta property=\"og:image\" content=\"https:\/\/hir.mediamarkt.hu\/magazin\/wp-content\/uploads\/2018\/06\/11.jpg\" \/>\n\t<meta property=\"og:image:width\" content=\"1050\" \/>\n\t<meta property=\"og:image:height\" content=\"700\" \/>\n\t<meta property=\"og:image:type\" content=\"image\/jpeg\" \/>\n<meta name=\"author\" content=\"Media Markt\" \/>\n<meta name=\"twitter:label1\" content=\"Szerz\u0151:\" \/>\n\t<meta name=\"twitter:data1\" content=\"Media Markt\" \/>\n\t<meta name=\"twitter:label2\" content=\"Becs\u00fclt olvas\u00e1si id\u0151\" \/>\n\t<meta name=\"twitter:data2\" content=\"3 perc\" \/>\n<script type=\"application\/ld+json\" class=\"yoast-schema-graph\">{\"@context\":\"https:\/\/schema.org\",\"@graph\":[{\"@type\":\"WebPage\",\"@id\":\"https:\/\/hir.mediamarkt.hu\/magazin\/foci-vb-achilles-a-jos-macska\/\",\"url\":\"https:\/\/hir.mediamarkt.hu\/magazin\/foci-vb-achilles-a-jos-macska\/\",\"name\":\"Nan\u00e1, hogy az idei VB-nek is van egy \u00e1llati j\u00f3sa! - MediaMarkt Magazin\",\"isPartOf\":{\"@id\":\"https:\/\/hir.mediamarkt.hu\/magazin\/#website\"},\"primaryImageOfPage\":{\"@id\":\"https:\/\/hir.mediamarkt.hu\/magazin\/foci-vb-achilles-a-jos-macska\/#primaryimage\"},\"image\":{\"@id\":\"https:\/\/hir.mediamarkt.hu\/magazin\/foci-vb-achilles-a-jos-macska\/#primaryimage\"},\"thumbnailUrl\":\"https:\/\/hir.mediamarkt.hu\/magazin\/wp-content\/uploads\/2018\/06\/11.jpg\",\"datePublished\":\"2018-06-14T07:00:56+00:00\",\"dateModified\":\"2018-06-13T10:03:54+00:00\",\"author\":{\"@id\":\"https:\/\/hir.mediamarkt.hu\/magazin\/#\/schema\/person\/b93b02ec1ab4d2353f8d281e171c1b0b\"},\"breadcrumb\":{\"@id\":\"https:\/\/hir.mediamarkt.hu\/magazin\/foci-vb-achilles-a-jos-macska\/#breadcrumb\"},\"inLanguage\":\"hu\",\"potentialAction\":[{\"@type\":\"ReadAction\",\"target\":[\"https:\/\/hir.mediamarkt.hu\/magazin\/foci-vb-achilles-a-jos-macska\/\"]}]},{\"@type\":\"ImageObject\",\"inLanguage\":\"hu\",\"@id\":\"https:\/\/hir.mediamarkt.hu\/magazin\/foci-vb-achilles-a-jos-macska\/#primaryimage\",\"url\":\"https:\/\/hir.mediamarkt.hu\/magazin\/wp-content\/uploads\/2018\/06\/11.jpg\",\"contentUrl\":\"https:\/\/hir.mediamarkt.hu\/magazin\/wp-content\/uploads\/2018\/06\/11.jpg\",\"width\":1050,\"height\":700,\"caption\":\"Forr\u00e1s: www.visit-petersburg.ru\"},{\"@type\":\"BreadcrumbList\",\"@id\":\"https:\/\/hir.mediamarkt.hu\/magazin\/foci-vb-achilles-a-jos-macska\/#breadcrumb\",\"itemListElement\":[{\"@type\":\"ListItem\",\"position\":1,\"name\":\"Kezd\u0151lap\",\"item\":\"https:\/\/hir.mediamarkt.hu\/magazin\/\"},{\"@type\":\"ListItem\",\"position\":2,\"name\":\"Nan\u00e1, hogy az idei VB-nek is van egy \u00e1llati j\u00f3sa!\"}]},{\"@type\":\"WebSite\",\"@id\":\"https:\/\/hir.mediamarkt.hu\/magazin\/#website\",\"url\":\"https:\/\/hir.mediamarkt.hu\/magazin\/\",\"name\":\"MediaMarkt Magazin\",\"description\":\"Olvass bele magazinunkba!\",\"potentialAction\":[{\"@type\":\"SearchAction\",\"target\":{\"@type\":\"EntryPoint\",\"urlTemplate\":\"https:\/\/hir.mediamarkt.hu\/magazin\/?s={search_term_string}\"},\"query-input\":\"required name=search_term_string\"}],\"inLanguage\":\"hu\"},{\"@type\":\"Person\",\"@id\":\"https:\/\/hir.mediamarkt.hu\/magazin\/#\/schema\/person\/b93b02ec1ab4d2353f8d281e171c1b0b\",\"name\":\"Media Markt\",\"image\":{\"@type\":\"ImageObject\",\"inLanguage\":\"hu\",\"@id\":\"https:\/\/hir.mediamarkt.hu\/magazin\/#\/schema\/person\/image\/\",\"url\":\"https:\/\/secure.gravatar.com\/avatar\/602bccae8998beee472d01909f0978f1?s=96&d=mm&r=g\",\"contentUrl\":\"https:\/\/secure.gravatar.com\/avatar\/602bccae8998beee472d01909f0978f1?s=96&d=mm&r=g\",\"caption\":\"Media Markt\"}}]}<\/script>\n<!-- \/ Yoast SEO plugin. -->","yoast_head_json":{"title":"Nan\u00e1, hogy az idei VB-nek is van egy \u00e1llati j\u00f3sa! - MediaMarkt Magazin","robots":{"index":"index","follow":"follow","max-snippet":"max-snippet:-1","max-image-preview":"max-image-preview:large","max-video-preview":"max-video-preview:-1"},"canonical":"https:\/\/hir.mediamarkt.hu\/magazin\/foci-vb-achilles-a-jos-macska\/","og_locale":"hu_HU","og_type":"article","og_title":"Nan\u00e1, hogy az idei VB-nek is van egy \u00e1llati j\u00f3sa! - MediaMarkt Magazin","og_description":"Paul a polip ut\u00e1n itt van Achilles, a siket macska, aki el\u0151re megmondja majd a szentp\u00e9terv\u00e1ri meccsek eredm\u00e9ny\u00e9t. Hogy hogyan csin\u00e1lja? Miben \u00e1ll az ereje? Mondjuk \u00e9s mutatjuk!","og_url":"https:\/\/hir.mediamarkt.hu\/magazin\/foci-vb-achilles-a-jos-macska\/","og_site_name":"MediaMarkt Magazin","article_publisher":"https:\/\/www.facebook.com\/MediaMarktMagyarorszag","article_published_time":"2018-06-14T07:00:56+00:00","article_modified_time":"2018-06-13T10:03:54+00:00","og_image":[{"width":1050,"height":700,"url":"https:\/\/hir.mediamarkt.hu\/magazin\/wp-content\/uploads\/2018\/06\/11.jpg","type":"image\/jpeg"}],"author":"Media Markt","twitter_misc":{"Szerz\u0151:":"Media Markt","Becs\u00fclt olvas\u00e1si id\u0151":"3 perc"},"schema":{"@context":"https:\/\/schema.org","@graph":[{"@type":"WebPage","@id":"https:\/\/hir.mediamarkt.hu\/magazin\/foci-vb-achilles-a-jos-macska\/","url":"https:\/\/hir.mediamarkt.hu\/magazin\/foci-vb-achilles-a-jos-macska\/","name":"Nan\u00e1, hogy az idei VB-nek is van egy \u00e1llati j\u00f3sa! - MediaMarkt Magazin","isPartOf":{"@id":"https:\/\/hir.mediamarkt.hu\/magazin\/#website"},"primaryImageOfPage":{"@id":"https:\/\/hir.mediamarkt.hu\/magazin\/foci-vb-achilles-a-jos-macska\/#primaryimage"},"image":{"@id":"https:\/\/hir.mediamarkt.hu\/magazin\/foci-vb-achilles-a-jos-macska\/#primaryimage"},"thumbnailUrl":"https:\/\/hir.mediamarkt.hu\/magazin\/wp-content\/uploads\/2018\/06\/11.jpg","datePublished":"2018-06-14T07:00:56+00:00","dateModified":"2018-06-13T10:03:54+00:00","author":{"@id":"https:\/\/hir.mediamarkt.hu\/magazin\/#\/schema\/person\/b93b02ec1ab4d2353f8d281e171c1b0b"},"breadcrumb":{"@id":"https:\/\/hir.mediamarkt.hu\/magazin\/foci-vb-achilles-a-jos-macska\/#breadcrumb"},"inLanguage":"hu","potentialAction":[{"@type":"ReadAction","target":["https:\/\/hir.mediamarkt.hu\/magazin\/foci-vb-achilles-a-jos-macska\/"]}]},{"@type":"ImageObject","inLanguage":"hu","@id":"https:\/\/hir.mediamarkt.hu\/magazin\/foci-vb-achilles-a-jos-macska\/#primaryimage","url":"https:\/\/hir.mediamarkt.hu\/magazin\/wp-content\/uploads\/2018\/06\/11.jpg","contentUrl":"https:\/\/hir.mediamarkt.hu\/magazin\/wp-content\/uploads\/2018\/06\/11.jpg","width":1050,"height":700,"caption":"Forr\u00e1s: www.visit-petersburg.ru"},{"@type":"BreadcrumbList","@id":"https:\/\/hir.mediamarkt.hu\/magazin\/foci-vb-achilles-a-jos-macska\/#breadcrumb","itemListElement":[{"@type":"ListItem","position":1,"name":"Kezd\u0151lap","item":"https:\/\/hir.mediamarkt.hu\/magazin\/"},{"@type":"ListItem","position":2,"name":"Nan\u00e1, hogy az idei VB-nek is van egy \u00e1llati j\u00f3sa!"}]},{"@type":"WebSite","@id":"https:\/\/hir.mediamarkt.hu\/magazin\/#website","url":"https:\/\/hir.mediamarkt.hu\/magazin\/","name":"MediaMarkt Magazin","description":"Olvass bele magazinunkba!","potentialAction":[{"@type":"SearchAction","target":{"@type":"EntryPoint","urlTemplate":"https:\/\/hir.mediamarkt.hu\/magazin\/?s={search_term_string}"},"query-input":"required name=search_term_string"}],"inLanguage":"hu"},{"@type":"Person","@id":"https:\/\/hir.mediamarkt.hu\/magazin\/#\/schema\/person\/b93b02ec1ab4d2353f8d281e171c1b0b","name":"Media Markt","image":{"@type":"ImageObject","inLanguage":"hu","@id":"https:\/\/hir.mediamarkt.hu\/magazin\/#\/schema\/person\/image\/","url":"https:\/\/secure.gravatar.com\/avatar\/602bccae8998beee472d01909f0978f1?s=96&d=mm&r=g","contentUrl":"https:\/\/secure.gravatar.com\/avatar\/602bccae8998beee472d01909f0978f1?s=96&d=mm&r=g","caption":"Media Markt"}}]}},"_links":{"self":[{"href":"https:\/\/hir.mediamarkt.hu\/magazin\/wp-json\/wp\/v2\/posts\/5822"}],"collection":[{"href":"https:\/\/hir.mediamarkt.hu\/magazin\/wp-json\/wp\/v2\/posts"}],"about":[{"href":"https:\/\/hir.mediamarkt.hu\/magazin\/wp-json\/wp\/v2\/types\/post"}],"author":[{"embeddable":true,"href":"https:\/\/hir.mediamarkt.hu\/magazin\/wp-json\/wp\/v2\/users\/13"}],"replies":[{"embeddable":true,"href":"https:\/\/hir.mediamarkt.hu\/magazin\/wp-json\/wp\/v2\/comments?post=5822"}],"version-history":[{"count":2,"href":"https:\/\/hir.mediamarkt.hu\/magazin\/wp-json\/wp\/v2\/posts\/5822\/revisions"}],"predecessor-version":[{"id":5825,"href":"https:\/\/hir.mediamarkt.hu\/magazin\/wp-json\/wp\/v2\/posts\/5822\/revisions\/5825"}],"wp:featuredmedia":[{"embeddable":true,"href":"https:\/\/hir.mediamarkt.hu\/magazin\/wp-json\/wp\/v2\/media\/5823"}],"wp:attachment":[{"href":"https:\/\/hir.mediamarkt.hu\/magazin\/wp-json\/wp\/v2\/media?parent=5822"}],"wp:term":[{"taxonomy":"category","embeddable":true,"href":"https:\/\/hir.mediamarkt.hu\/magazin\/wp-json\/wp\/v2\/categories?post=5822"},{"taxonomy":"post_tag","embeddable":true,"href":"https:\/\/hir.mediamarkt.hu\/magazin\/wp-json\/wp\/v2\/tags?post=5822"}],"curies":[{"name":"wp","href":"https:\/\/api.w.org\/{rel}","templated":true}]}}