{"id":5946,"date":"2019-07-11T09:04:59","date_gmt":"2019-07-11T08:04:59","guid":{"rendered":"http:\/\/hir.mediamarkt.hu\/magazin\/?page_id=5946"},"modified":"2024-06-11T00:05:31","modified_gmt":"2024-06-10T23:05:31","slug":"fotot-papirra-azonnal-fujifilm-instax-es-polaroid-analog-fenykepezogepek","status":"publish","type":"post","link":"https:\/\/hir.mediamarkt.hu\/magazin\/fotot-papirra-azonnal-fujifilm-instax-es-polaroid-analog-fenykepezogepek\/","title":{"rendered":"Fot\u00f3t, pap\u00edrra, azonnal: <br\/><span>Fujifilm Instax \u00e9s Polaroid anal\u00f3g f\u00e9nyk\u00e9pez\u0151g\u00e9pek<\/span>"},"content":{"rendered":"<strong>B\u00e1r azt hihetn\u00e9nk, hogy az anal\u00f3g, teh\u00e1t nem mem\u00f3riak\u00e1rty\u00e1ra vagy egy\u00e9b digit\u00e1lis adathordoz\u00f3ra dolgoz\u00f3 f\u00e9nyk\u00e9pez\u0151g\u00e9pek kora m\u00e1r \u00e9vtizedekkel ezel\u0151tt lej\u00e1rt, egy\u00e1ltal\u00e1n nem ez a helyzet: m\u00e1r kifejezetten kedvez\u0151 \u00e1ron megv\u00e1s\u00e1rolhatunk egy olyan eszk\u00f6zt\u00edpust, amely igaz\u00e1n nosztalgikus \u00e9rz\u00e9seket \u00e9breszthet. \u00c9s \u00fagy t\u0171nik, a recept m\u0171k\u00f6dik: ez a kateg\u00f3ria most, a digit\u00e1lis f\u00e9nyk\u00e9pez\u00e9s kor\u00e1ban is embertelen n\u00e9pszer\u0171s\u00e9gre tett szert, a bulik, fesztiv\u00e1lok vagy egy\u00e9b \u00f6sszej\u00f6vetelek szt\u00e1rjai az azonnali pap\u00edrk\u00e9peket k\u00e9sz\u00edt\u0151, egyszerre retr\u00f3 \u00e9s fiatalos kis g\u00e9pek<\/strong>\r\n\r\nA maguk m\u00f3dj\u00e1n az instant anal\u00f3g f\u00e9nyk\u00e9pez\u0151g\u00e9pek is \u00fajdons\u00e1gnak sz\u00e1m\u00edtottak annak idej\u00e9n. Sokan a Polaroid gy\u00e1rt\u00f3val azonos\u00edtott\u00e1k \u0151ket, \u00e9s ahogy az \u00e1tl\u00e1tsz\u00f3 ragaszt\u00f3szalagot celluxozt\u00e1k a k\u00f6znyelvben, \u00fagy lettek az ilyen fot\u00f3masin\u00e1k is egyszer\u0171en &#8222;polaroidok&#8221;.De mi is volt az \u00fajdons\u00e1guk? Az, hogy a filmes g\u00e9pekhez k\u00e9pest nem kellett a benn\u00fck l\u00e9v\u0151 filmtekercset szakemberrel el\u0151h\u00edvatni, vagy otthon, k\u00f6r\u00fclm\u00e9nyes m\u00f3dszerek k\u00f6z\u00f6tt kidolgozni a hozz\u00e1\u00e9rt\u0151knek. Ezek a jellemz\u0151en kis eszk\u00f6z\u00f6k ugyan egy\u00e1ltal\u00e1n nem voltak digit\u00e1lisak, m\u00e9gis k\u00e9pesek voltak szinte azonnal, jellemz\u0151en 10-20 m\u00e1sodperc alatt \u00f6nm\u0171k\u00f6d\u0151en el\u0151h\u00edvni a vel\u00fck k\u00e9sz\u00fclt pap\u00edrk\u00e9peket.\r\n\r\n<img loading=\"lazy\" decoding=\"async\" class=\"aligncenter size-large wp-image-5854\" style=\"background: #fff; padding: 30px;\" src=\"\/magazin\/wp-content\/uploads\/2018\/06\/cscp1300.jpg\" alt=\"\" width=\"1024\" height=\"684\" \/>\r\n\r\n\u00c9s most, a 2010-es \u00e9vek v\u00e9ge fel\u00e9 ugyan\u00fagy renesz\u00e1nszukat \u00e9lik a &#8222;polaroidok&#8221;, ahogy \u00fajra felt\u00e1madt a bakelit hanglemezek, vagy \u00e9pp a kiszaggatott farmernadr\u00e1gok sok \u00e9ve l\u00e9tezett divatja. A Polaroid m\u00e9g mindig jelen van ezen a ter\u00fcleten gy\u00e1rt\u00f3k\u00e9nt, de a Fujifilm is folyamatosan hozza ki Instaxm\u00e1rkanev\u0171 kis k\u00e9sz\u00fcl\u00e9keit. A 9-es sorozatn\u00e1l j\u00e1r\u00f3 modellek egyr\u00e9szt vid\u00e1m sz\u00ednekkel \u00e9s kerekded form\u00e1kkal, m\u00e1sr\u00e9szt pedig a hagyom\u00e1nyos fot\u00f3z\u00e1s \u00e9rzet\u00e9vel hozz\u00e1k vissza az egy (vagy lassan m\u00e1r k\u00e9t) gener\u00e1ci\u00f3val el\u0151tt\u00fcnk j\u00e1r\u00f3k \u00e9let\u00e9rz\u00e9s\u00e9t. Igen, itt m\u00e9g t\u00e9nyleg egy optikai keres\u0151be n\u00e9z\u00fcnk fot\u00f3z\u00e1skor, nem egy LCD panelt f\u00fcrk\u00e9sz\u00fcnk. Igen, itt ha elkattan a k\u00e9p, azt nem tudjuk ut\u00f3lag retus\u00e1lni, az bizony kibukkan a kiad\u00f3 ny\u00edl\u00e1son \u00e9s p\u00e1r m\u00e1sodperc m\u00falva alakot \u00f6lt &#8211; \u00e9s pont ez a dolog var\u00e1zsa. A fot\u00f3k hirtelen fontoss\u00e1 v\u00e1lnak az\u00e1ltal, hogy nincs lehet\u0151s\u00e9g &#8222;jav\u00edtani&#8221;, r\u00e1ad\u00e1sul a digit\u00e1lis sokszoros\u00edt\u00e1s n\u00e9lk\u00fcl val\u00f3ban egyedi eml\u00e9ket k\u00e9sz\u00edthet\u00fcnk \u00edgy.\r\n<div class=\"fotos_osztott\">\r\n\r\n<div class=\"left_termekes\">\r\n\r\n<img loading=\"lazy\" decoding=\"async\" class=\"alignleft size-full wp-image-5857\" src=\"https:\/\/hir.mediamarkt.hu\/magazin\/wp-content\/uploads\/2019\/07\/FUJI-FILM-Instax-MINI-9-smoky-white-1238124.png\" alt=\"\" width=\"363\" height=\"206\" \/>\r\n<h5>FUJI FILM Instax MINI 9 smoky white anal\u00f3g f\u00e9nyk\u00e9pez\u0151g\u00e9p<\/h5>\r\n<!--<strong>Apr\u00f3 fot\u00f3labor, amivel ak\u00e1r \u00fat k\u00f6zben, a fot\u00f3 elkattint\u00e1sa ut\u00e1n elk\u00e9sz\u00edtheted a pap\u00edrk\u00e9pet<\/strong>-->\r\n<div class=\"left_termekes_linkbox\"><a href=\"https:\/\/www.mediamarkt.hu\/hu\/shop\/foto-infotainment.html?rbtc=mag%7codi%7c%7c%7cp%7cfotoinfotainment20190705%7c#ex4\" target=\"_blank\" rel=\"noopener noreferrer\">Tov\u00e1bbi instant megold\u00e1sok<\/a><\/div>\r\n<\/div>\r\n\r\n\r\n<div class=\"right_szoveges\">\r\n<h4>A Polaroid legjobb \u00e1r\u00fa kis instant g\u00e9peit OneStep 2 \u00e9s 300 m\u00e1rkan\u00e9vvel l\u00e1tta el, \u00e9s ezek azt\u00e1n minden tekintetben az egy kattint\u00e1s &#8211; egy fot\u00f3 korszak\u00e1ba rep\u00edtik vissza a tulajdonosukat.<\/h4>\r\nIrt\u00f3zatosan men\u0151 tud lenni p\u00e9ld\u00e1ul, ha valaki a feh\u00e9r alapsz\u00ednen egyetlen sziv\u00e1rv\u00e1nysz\u00edn\u0171 cs\u00edkkal d\u00edsz\u00edtett, val\u00f3ban klasszikus kin\u00e9zet\u0171 darabot kapja el\u0151 egy t\u00e1rsas\u00e1gban. Igen, a hasonlat nem v\u00e9letlen, pont err\u0151l mint\u00e1zt\u00e1k az Instagram apr\u00f3 ikonj\u00e1t. \u00c9s m\u00e9gis mekkora k\u00fcl\u00f6nbs\u00e9g a mai, \u00e9rt\u00e9ktelen \u00e9s milli\u00f3sz\u00e1mra sokszoros\u00edthat\u00f3, retus\u00e1lhat\u00f3, \u00e1talak\u00edthat\u00f3 \u00e9s elcsalhat\u00f3 k\u00e9pek \u00f6z\u00f6ne helyett ez az ikonikus g\u00e9p egy egyszeri \u00e9s megism\u00e9telhetetlen fot\u00f3val aj\u00e1nd\u00e9kozza meg a k\u00e9sz\u00edt\u0151t, vagy a fot\u00f3n szerepl\u0151t!\r\n\r\n<\/div>\r\n<\/div>\r\nEgy ilyen anal\u00f3g apr\u00f3s\u00e1g vagy be\u00e9p\u00edtett akkuval, vagy b\u00e1rhol kaphat\u00f3 hagyom\u00e1nyos, illetve \u00fajrat\u00f6lthet\u0151 elemekkel m\u0171k\u00f6dik, \u00e9s term\u00e9szetesen kell bel\u00e9j\u00fck egy hozz\u00e1juk val\u00f3 film (pontosabban fot\u00f3pap\u00edr) is, amelyre elk\u00e9sz\u00edtik egyedi k\u00e9peiket.\r\n\r\n<div class=\"containersl instant\">\n<h1>Ismerkedj meg a term\u00e9kekkel<\/h1>\n<div id=\"mixedSlider\">\n<div class=\"MS-content\">\n<div class=\"item\">\n<div class=\"imgTitle\">\n<p><img decoding=\"async\" src=\"https:\/\/hir.mediamarkt.hu\/magazin\/wp-content\/uploads\/2019\/07\/POLAROID-Originals-OneStep-2-instant-1255939.png\" alt=\"POLAROID Originals OneStep 2 instant f\u00e9nyk\u00e9pez\u0151g\u00e9p - Feh\u00e9r\" \/><\/p>\n<h2 class=\"blogTitle\">POLAROID Originals OneStep 2 instant f\u00e9nyk\u00e9pez\u0151g\u00e9p &#8211; Feh\u00e9r<\/h2>\n<\/div>\n<p><!--M\u00f3k\u00e1s k\u00fcls\u0151, \u00e9s egy olyan technol\u00f3gia, ami egyszerre nosztalgikus \u00e9s a mai korban m\u00e1r meglep\u0151. K\u00e9sz\u00edts pap\u00edrk\u00e9peket azonnal, \u00e9s legyen mindegyik elkattintott fot\u00f3 egyszeri, megism\u00e9telhetetlen felv\u00e9tel!--><br \/>\n<a title=\"Tov\u00e1bbi instant fot\u00f3s megold\u00e1sok\" href=\"https:\/\/www.mediamarkt.hu\/hu\/shop\/foto-infotainment.html?rbtc=mag%7codi%7c%7c%7cp%7cfotoinfotainment20190705%7c#ex4\">Tov\u00e1bbi instant megold\u00e1sok<\/a><\/p>\n<\/div>\n<div class=\"item\">\n<div class=\"imgTitle\">\n<p><img decoding=\"async\" src=\"https:\/\/hir.mediamarkt.hu\/magazin\/wp-content\/uploads\/2019\/07\/FUJI-FILM-Instax-MINI-9-ice-blue-1238126.png\" alt=\"FUJI FILM Instax MINI 9 ice blue anal\u00f3g f\u00e9nyk\u00e9pez\u0151g\u00e9p\" \/><\/p>\n<h2 class=\"blogTitle\">FUJI FILM Instax MINI 9 ice blue anal\u00f3g f\u00e9nyk\u00e9pez\u0151g\u00e9p<\/h2>\n<\/div>\n<p><!--Mikor lesz igazi \u00e9rt\u00e9k egy elkattintott f\u00e9nyk\u00e9p? P\u00e9ld\u00e1ul akkor, ha tudjuk, hogy az a pillanat egyszeri \u00e9s megism\u00e9telhetetlen.--><br \/>\n<a title=\"Tov\u00e1bbi instant fot\u00f3s megold\u00e1sok\" href=\"https:\/\/www.mediamarkt.hu\/hu\/shop\/foto-infotainment.html?rbtc=mag%7codi%7c%7c%7cp%7cfotoinfotainment20190705%7c#ex4\">Tov\u00e1bbi instant megold\u00e1sok<\/a><\/p>\n<\/div>\n<div class=\"item\">\n<div class=\"imgTitle\">\n<p><img decoding=\"async\" src=\"https:\/\/hir.mediamarkt.hu\/magazin\/wp-content\/uploads\/2019\/07\/FUJI-FILM-Instax-MINI-9-cobalt-pink-1238125.png\" alt=\"FUJI FILM Instax MINI 9 cobalt pink f\u00e9nyk\u00e9pez\u0151g\u00e9p\" \/><\/p>\n<h2 class=\"blogTitle\">FUJI FILM Instax MINI 9 cobalt pink f\u00e9nyk\u00e9pez\u0151g\u00e9p<\/h2>\n<\/div>\n<p><!--Szeretn\u00e9l egy olyan f\u00e9nyk\u00e9pez\u0151g\u00e9pet, amely egyszerre modern \u00e9s retr\u00f3, a Snaptouch kiv\u00e1l\u00f3 v\u00e1laszt\u00e1s. A kis eszk\u00f6z egyr\u00e9szt teljes \u00e9rt\u00e9k\u0171 digit\u00e1lis kamera, de k\u00e9pes arra is, hogy ak\u00e1r a fot\u00f3 elkattint\u00e1sa ut\u00e1n azonnal pap\u00edrk\u00e9pet nyomtasson r\u00f3la.--><\/p>\n<p><a title=\"Tov\u00e1bbi instant fot\u00f3s megold\u00e1sok\" href=\"https:\/\/www.mediamarkt.hu\/hu\/shop\/foto-infotainment.html?rbtc=mag%7codi%7c%7c%7cp%7cfotoinfotainment20190705%7c#ex4\">Tov\u00e1bbi instant megold\u00e1sok<\/a><\/p>\n<\/div>\n<\/div>\n<p><!--\n\n\n<div class=\"MS-controls\"><button class=\"MS-left\"><i class=\"fa fa-angle-left\"><\/i><\/button>\n<button class=\"MS-right\"><i class=\"fa fa-angle-right\"><\/i><\/button><\/div>\n\n\n--><\/p>\n<\/div>\n<\/div>\n","protected":false},"excerpt":{"rendered":"B\u00e1r azt hihetn\u00e9nk, hogy az anal\u00f3g, teh\u00e1t nem mem\u00f3riak\u00e1rty\u00e1ra vagy egy\u00e9b digit\u00e1lis adathordoz\u00f3ra dolgoz\u00f3 f\u00e9nyk\u00e9pez\u0151g\u00e9pek kora m\u00e1r \u00e9vtizedekkel ezel\u0151tt lej\u00e1rt, egy\u00e1ltal\u00e1n nem ez a helyzet: m\u00e1r kifejezetten kedvez\u0151 \u00e1ron megv\u00e1s\u00e1rolhatunk egy olyan eszk\u00f6zt\u00edpust, amely igaz\u00e1n nosztalgikus \u00e9rz\u00e9seket \u00e9breszthet. \u00c9s \u00fagy t\u0171nik, a recept m\u0171k\u00f6dik: ez a kateg\u00f3ria most, a digit\u00e1lis f\u00e9nyk\u00e9pez\u00e9s kor\u00e1ban is embertelen n\u00e9pszer\u0171s\u00e9gre tett szert, a bulik, fesztiv\u00e1lok vagy egy\u00e9b \u00f6sszej\u00f6vetelek szt\u00e1rjai az azonnali pap\u00edrk\u00e9peket k\u00e9sz\u00edt\u0151, egyszerre retr\u00f3 \u00e9s fiatalos kis g\u00e9pek A maguk m\u00f3dj\u00e1n az instant anal\u00f3g f\u00e9nyk\u00e9pez\u0151g\u00e9pek is \u00fajdons\u00e1gnak sz\u00e1m\u00edtottak annak idej\u00e9n. Sokan a Polaroid gy\u00e1rt\u00f3val azonos\u00edtott\u00e1k \u0151ket, \u00e9s ahogy az \u00e1tl\u00e1tsz\u00f3 ragaszt\u00f3szalagot celluxozt\u00e1k a k\u00f6znyelvben, \u00fagy lettek az ilyen fot\u00f3masin\u00e1k is egyszer\u0171en &#8222;polaroidok&#8221;.De mi is volt az \u00fajdons\u00e1guk? Az, hogy a filmes g\u00e9pekhez k\u00e9pest nem &#8230;","protected":false},"author":20,"featured_media":6215,"comment_status":"closed","ping_status":"closed","sticky":false,"template":"","format":"standard","meta":{"wprm-recipe-roundup-name":"","wprm-recipe-roundup-description":"","footnotes":""},"categories":[1,5991,5960,5945],"tags":[],"yoast_head":"<!-- This site is optimized with the Yoast SEO plugin v22.9 - https:\/\/yoast.com\/wordpress\/plugins\/seo\/ -->\n<title>Fot\u00f3t, pap\u00edrra, azonnal: Fujifilm Instax \u00e9s Polaroid anal\u00f3g f\u00e9nyk\u00e9pez\u0151g\u00e9pek - MediaMarkt Magazin<\/title>\n<meta name=\"robots\" content=\"index, follow, max-snippet:-1, max-image-preview:large, max-video-preview:-1\" \/>\n<link rel=\"canonical\" href=\"https:\/\/hir.mediamarkt.hu\/magazin\/fotot-papirra-azonnal-fujifilm-instax-es-polaroid-analog-fenykepezogepek\/\" \/>\n<meta property=\"og:locale\" content=\"hu_HU\" \/>\n<meta property=\"og:type\" content=\"article\" \/>\n<meta property=\"og:title\" content=\"Fot\u00f3t, pap\u00edrra, azonnal: Fujifilm Instax \u00e9s Polaroid anal\u00f3g f\u00e9nyk\u00e9pez\u0151g\u00e9pek - MediaMarkt Magazin\" \/>\n<meta property=\"og:description\" content=\"B\u00e1r azt hihetn\u00e9nk, hogy az anal\u00f3g, teh\u00e1t nem mem\u00f3riak\u00e1rty\u00e1ra vagy egy\u00e9b digit\u00e1lis adathordoz\u00f3ra dolgoz\u00f3 f\u00e9nyk\u00e9pez\u0151g\u00e9pek kora m\u00e1r \u00e9vtizedekkel ezel\u0151tt lej\u00e1rt, egy\u00e1ltal\u00e1n nem ez a helyzet: m\u00e1r kifejezetten kedvez\u0151 \u00e1ron megv\u00e1s\u00e1rolhatunk egy olyan eszk\u00f6zt\u00edpust, amely igaz\u00e1n nosztalgikus \u00e9rz\u00e9seket \u00e9breszthet. \u00c9s \u00fagy t\u0171nik, a recept m\u0171k\u00f6dik: ez a kateg\u00f3ria most, a digit\u00e1lis f\u00e9nyk\u00e9pez\u00e9s kor\u00e1ban is embertelen n\u00e9pszer\u0171s\u00e9gre tett szert, a bulik, fesztiv\u00e1lok vagy egy\u00e9b \u00f6sszej\u00f6vetelek szt\u00e1rjai az azonnali pap\u00edrk\u00e9peket k\u00e9sz\u00edt\u0151, egyszerre retr\u00f3 \u00e9s fiatalos kis g\u00e9pek A maguk m\u00f3dj\u00e1n az instant anal\u00f3g f\u00e9nyk\u00e9pez\u0151g\u00e9pek is \u00fajdons\u00e1gnak sz\u00e1m\u00edtottak annak idej\u00e9n. Sokan a Polaroid gy\u00e1rt\u00f3val azonos\u00edtott\u00e1k \u0151ket, \u00e9s ahogy az \u00e1tl\u00e1tsz\u00f3 ragaszt\u00f3szalagot celluxozt\u00e1k a k\u00f6znyelvben, \u00fagy lettek az ilyen fot\u00f3masin\u00e1k is egyszer\u0171en &#8222;polaroidok&#8221;.De mi is volt az \u00fajdons\u00e1guk? Az, hogy a filmes g\u00e9pekhez k\u00e9pest nem ...\" \/>\n<meta property=\"og:url\" content=\"https:\/\/hir.mediamarkt.hu\/magazin\/fotot-papirra-azonnal-fujifilm-instax-es-polaroid-analog-fenykepezogepek\/\" \/>\n<meta property=\"og:site_name\" content=\"MediaMarkt Magazin\" \/>\n<meta property=\"article:publisher\" content=\"https:\/\/www.facebook.com\/MediaMarktMagyarorszag\" \/>\n<meta property=\"article:published_time\" content=\"2019-07-11T08:04:59+00:00\" \/>\n<meta property=\"article:modified_time\" content=\"2024-06-10T23:05:31+00:00\" \/>\n<meta property=\"og:image\" content=\"https:\/\/hir.mediamarkt.hu\/magazin\/wp-content\/uploads\/2018\/06\/polaroid_snaptouch.jpg\" \/>\n\t<meta property=\"og:image:width\" content=\"1440\" \/>\n\t<meta property=\"og:image:height\" content=\"538\" \/>\n\t<meta property=\"og:image:type\" content=\"image\/jpeg\" \/>\n<meta name=\"author\" content=\"Zsoca\" \/>\n<meta name=\"twitter:label1\" content=\"Szerz\u0151:\" \/>\n\t<meta name=\"twitter:data1\" content=\"Zsoca\" \/>\n\t<meta name=\"twitter:label2\" content=\"Becs\u00fclt olvas\u00e1si id\u0151\" \/>\n\t<meta name=\"twitter:data2\" content=\"3 perc\" \/>\n<script type=\"application\/ld+json\" class=\"yoast-schema-graph\">{\"@context\":\"https:\/\/schema.org\",\"@graph\":[{\"@type\":\"WebPage\",\"@id\":\"https:\/\/hir.mediamarkt.hu\/magazin\/fotot-papirra-azonnal-fujifilm-instax-es-polaroid-analog-fenykepezogepek\/\",\"url\":\"https:\/\/hir.mediamarkt.hu\/magazin\/fotot-papirra-azonnal-fujifilm-instax-es-polaroid-analog-fenykepezogepek\/\",\"name\":\"Fot\u00f3t, pap\u00edrra, azonnal: Fujifilm Instax \u00e9s Polaroid anal\u00f3g f\u00e9nyk\u00e9pez\u0151g\u00e9pek - MediaMarkt Magazin\",\"isPartOf\":{\"@id\":\"https:\/\/hir.mediamarkt.hu\/magazin\/#website\"},\"primaryImageOfPage\":{\"@id\":\"https:\/\/hir.mediamarkt.hu\/magazin\/fotot-papirra-azonnal-fujifilm-instax-es-polaroid-analog-fenykepezogepek\/#primaryimage\"},\"image\":{\"@id\":\"https:\/\/hir.mediamarkt.hu\/magazin\/fotot-papirra-azonnal-fujifilm-instax-es-polaroid-analog-fenykepezogepek\/#primaryimage\"},\"thumbnailUrl\":\"https:\/\/hir.mediamarkt.hu\/magazin\/wp-content\/uploads\/2018\/06\/polaroid_snaptouch.jpg\",\"datePublished\":\"2019-07-11T08:04:59+00:00\",\"dateModified\":\"2024-06-10T23:05:31+00:00\",\"author\":{\"@id\":\"https:\/\/hir.mediamarkt.hu\/magazin\/#\/schema\/person\/ff784ff80603a7251923c8ebb5b781a2\"},\"breadcrumb\":{\"@id\":\"https:\/\/hir.mediamarkt.hu\/magazin\/fotot-papirra-azonnal-fujifilm-instax-es-polaroid-analog-fenykepezogepek\/#breadcrumb\"},\"inLanguage\":\"hu\",\"potentialAction\":[{\"@type\":\"ReadAction\",\"target\":[\"https:\/\/hir.mediamarkt.hu\/magazin\/fotot-papirra-azonnal-fujifilm-instax-es-polaroid-analog-fenykepezogepek\/\"]}]},{\"@type\":\"ImageObject\",\"inLanguage\":\"hu\",\"@id\":\"https:\/\/hir.mediamarkt.hu\/magazin\/fotot-papirra-azonnal-fujifilm-instax-es-polaroid-analog-fenykepezogepek\/#primaryimage\",\"url\":\"https:\/\/hir.mediamarkt.hu\/magazin\/wp-content\/uploads\/2018\/06\/polaroid_snaptouch.jpg\",\"contentUrl\":\"https:\/\/hir.mediamarkt.hu\/magazin\/wp-content\/uploads\/2018\/06\/polaroid_snaptouch.jpg\",\"width\":1440,\"height\":538},{\"@type\":\"BreadcrumbList\",\"@id\":\"https:\/\/hir.mediamarkt.hu\/magazin\/fotot-papirra-azonnal-fujifilm-instax-es-polaroid-analog-fenykepezogepek\/#breadcrumb\",\"itemListElement\":[{\"@type\":\"ListItem\",\"position\":1,\"name\":\"Kezd\u0151lap\",\"item\":\"https:\/\/hir.mediamarkt.hu\/magazin\/\"},{\"@type\":\"ListItem\",\"position\":2,\"name\":\"Seg\u00edt\u00fcnk v\u00e1lasztani\",\"item\":\"https:\/\/hir.mediamarkt.hu\/magazin\/segitunk-valasztani\/\"},{\"@type\":\"ListItem\",\"position\":3,\"name\":\"Fot\u00f3 rovat\",\"item\":\"https:\/\/hir.mediamarkt.hu\/magazin\/segitunk-valasztani\/foto-rovat\/\"},{\"@type\":\"ListItem\",\"position\":4,\"name\":\"Fot\u00f3t, pap\u00edrra, azonnal: Fujifilm Instax \u00e9s Polaroid anal\u00f3g f\u00e9nyk\u00e9pez\u0151g\u00e9pek\"}]},{\"@type\":\"WebSite\",\"@id\":\"https:\/\/hir.mediamarkt.hu\/magazin\/#website\",\"url\":\"https:\/\/hir.mediamarkt.hu\/magazin\/\",\"name\":\"MediaMarkt Magazin\",\"description\":\"Olvass bele magazinunkba!\",\"potentialAction\":[{\"@type\":\"SearchAction\",\"target\":{\"@type\":\"EntryPoint\",\"urlTemplate\":\"https:\/\/hir.mediamarkt.hu\/magazin\/?s={search_term_string}\"},\"query-input\":\"required name=search_term_string\"}],\"inLanguage\":\"hu\"},{\"@type\":\"Person\",\"@id\":\"https:\/\/hir.mediamarkt.hu\/magazin\/#\/schema\/person\/ff784ff80603a7251923c8ebb5b781a2\",\"name\":\"Zsoca\",\"image\":{\"@type\":\"ImageObject\",\"inLanguage\":\"hu\",\"@id\":\"https:\/\/hir.mediamarkt.hu\/magazin\/#\/schema\/person\/image\/\",\"url\":\"https:\/\/secure.gravatar.com\/avatar\/24b8439fee7bc8c4530ef86e76a6d8f3?s=96&d=mm&r=g\",\"contentUrl\":\"https:\/\/secure.gravatar.com\/avatar\/24b8439fee7bc8c4530ef86e76a6d8f3?s=96&d=mm&r=g\",\"caption\":\"Zsoca\"}}]}<\/script>\n<!-- \/ Yoast SEO plugin. -->","yoast_head_json":{"title":"Fot\u00f3t, pap\u00edrra, azonnal: Fujifilm Instax \u00e9s Polaroid anal\u00f3g f\u00e9nyk\u00e9pez\u0151g\u00e9pek - MediaMarkt Magazin","robots":{"index":"index","follow":"follow","max-snippet":"max-snippet:-1","max-image-preview":"max-image-preview:large","max-video-preview":"max-video-preview:-1"},"canonical":"https:\/\/hir.mediamarkt.hu\/magazin\/fotot-papirra-azonnal-fujifilm-instax-es-polaroid-analog-fenykepezogepek\/","og_locale":"hu_HU","og_type":"article","og_title":"Fot\u00f3t, pap\u00edrra, azonnal: Fujifilm Instax \u00e9s Polaroid anal\u00f3g f\u00e9nyk\u00e9pez\u0151g\u00e9pek - MediaMarkt Magazin","og_description":"B\u00e1r azt hihetn\u00e9nk, hogy az anal\u00f3g, teh\u00e1t nem mem\u00f3riak\u00e1rty\u00e1ra vagy egy\u00e9b digit\u00e1lis adathordoz\u00f3ra dolgoz\u00f3 f\u00e9nyk\u00e9pez\u0151g\u00e9pek kora m\u00e1r \u00e9vtizedekkel ezel\u0151tt lej\u00e1rt, egy\u00e1ltal\u00e1n nem ez a helyzet: m\u00e1r kifejezetten kedvez\u0151 \u00e1ron megv\u00e1s\u00e1rolhatunk egy olyan eszk\u00f6zt\u00edpust, amely igaz\u00e1n nosztalgikus \u00e9rz\u00e9seket \u00e9breszthet. \u00c9s \u00fagy t\u0171nik, a recept m\u0171k\u00f6dik: ez a kateg\u00f3ria most, a digit\u00e1lis f\u00e9nyk\u00e9pez\u00e9s kor\u00e1ban is embertelen n\u00e9pszer\u0171s\u00e9gre tett szert, a bulik, fesztiv\u00e1lok vagy egy\u00e9b \u00f6sszej\u00f6vetelek szt\u00e1rjai az azonnali pap\u00edrk\u00e9peket k\u00e9sz\u00edt\u0151, egyszerre retr\u00f3 \u00e9s fiatalos kis g\u00e9pek A maguk m\u00f3dj\u00e1n az instant anal\u00f3g f\u00e9nyk\u00e9pez\u0151g\u00e9pek is \u00fajdons\u00e1gnak sz\u00e1m\u00edtottak annak idej\u00e9n. Sokan a Polaroid gy\u00e1rt\u00f3val azonos\u00edtott\u00e1k \u0151ket, \u00e9s ahogy az \u00e1tl\u00e1tsz\u00f3 ragaszt\u00f3szalagot celluxozt\u00e1k a k\u00f6znyelvben, \u00fagy lettek az ilyen fot\u00f3masin\u00e1k is egyszer\u0171en &#8222;polaroidok&#8221;.De mi is volt az \u00fajdons\u00e1guk? Az, hogy a filmes g\u00e9pekhez k\u00e9pest nem ...","og_url":"https:\/\/hir.mediamarkt.hu\/magazin\/fotot-papirra-azonnal-fujifilm-instax-es-polaroid-analog-fenykepezogepek\/","og_site_name":"MediaMarkt Magazin","article_publisher":"https:\/\/www.facebook.com\/MediaMarktMagyarorszag","article_published_time":"2019-07-11T08:04:59+00:00","article_modified_time":"2024-06-10T23:05:31+00:00","og_image":[{"width":1440,"height":538,"url":"https:\/\/hir.mediamarkt.hu\/magazin\/wp-content\/uploads\/2018\/06\/polaroid_snaptouch.jpg","type":"image\/jpeg"}],"author":"Zsoca","twitter_misc":{"Szerz\u0151:":"Zsoca","Becs\u00fclt olvas\u00e1si id\u0151":"3 perc"},"schema":{"@context":"https:\/\/schema.org","@graph":[{"@type":"WebPage","@id":"https:\/\/hir.mediamarkt.hu\/magazin\/fotot-papirra-azonnal-fujifilm-instax-es-polaroid-analog-fenykepezogepek\/","url":"https:\/\/hir.mediamarkt.hu\/magazin\/fotot-papirra-azonnal-fujifilm-instax-es-polaroid-analog-fenykepezogepek\/","name":"Fot\u00f3t, pap\u00edrra, azonnal: Fujifilm Instax \u00e9s Polaroid anal\u00f3g f\u00e9nyk\u00e9pez\u0151g\u00e9pek - MediaMarkt Magazin","isPartOf":{"@id":"https:\/\/hir.mediamarkt.hu\/magazin\/#website"},"primaryImageOfPage":{"@id":"https:\/\/hir.mediamarkt.hu\/magazin\/fotot-papirra-azonnal-fujifilm-instax-es-polaroid-analog-fenykepezogepek\/#primaryimage"},"image":{"@id":"https:\/\/hir.mediamarkt.hu\/magazin\/fotot-papirra-azonnal-fujifilm-instax-es-polaroid-analog-fenykepezogepek\/#primaryimage"},"thumbnailUrl":"https:\/\/hir.mediamarkt.hu\/magazin\/wp-content\/uploads\/2018\/06\/polaroid_snaptouch.jpg","datePublished":"2019-07-11T08:04:59+00:00","dateModified":"2024-06-10T23:05:31+00:00","author":{"@id":"https:\/\/hir.mediamarkt.hu\/magazin\/#\/schema\/person\/ff784ff80603a7251923c8ebb5b781a2"},"breadcrumb":{"@id":"https:\/\/hir.mediamarkt.hu\/magazin\/fotot-papirra-azonnal-fujifilm-instax-es-polaroid-analog-fenykepezogepek\/#breadcrumb"},"inLanguage":"hu","potentialAction":[{"@type":"ReadAction","target":["https:\/\/hir.mediamarkt.hu\/magazin\/fotot-papirra-azonnal-fujifilm-instax-es-polaroid-analog-fenykepezogepek\/"]}]},{"@type":"ImageObject","inLanguage":"hu","@id":"https:\/\/hir.mediamarkt.hu\/magazin\/fotot-papirra-azonnal-fujifilm-instax-es-polaroid-analog-fenykepezogepek\/#primaryimage","url":"https:\/\/hir.mediamarkt.hu\/magazin\/wp-content\/uploads\/2018\/06\/polaroid_snaptouch.jpg","contentUrl":"https:\/\/hir.mediamarkt.hu\/magazin\/wp-content\/uploads\/2018\/06\/polaroid_snaptouch.jpg","width":1440,"height":538},{"@type":"BreadcrumbList","@id":"https:\/\/hir.mediamarkt.hu\/magazin\/fotot-papirra-azonnal-fujifilm-instax-es-polaroid-analog-fenykepezogepek\/#breadcrumb","itemListElement":[{"@type":"ListItem","position":1,"name":"Kezd\u0151lap","item":"https:\/\/hir.mediamarkt.hu\/magazin\/"},{"@type":"ListItem","position":2,"name":"Seg\u00edt\u00fcnk v\u00e1lasztani","item":"https:\/\/hir.mediamarkt.hu\/magazin\/segitunk-valasztani\/"},{"@type":"ListItem","position":3,"name":"Fot\u00f3 rovat","item":"https:\/\/hir.mediamarkt.hu\/magazin\/segitunk-valasztani\/foto-rovat\/"},{"@type":"ListItem","position":4,"name":"Fot\u00f3t, pap\u00edrra, azonnal: Fujifilm Instax \u00e9s Polaroid anal\u00f3g f\u00e9nyk\u00e9pez\u0151g\u00e9pek"}]},{"@type":"WebSite","@id":"https:\/\/hir.mediamarkt.hu\/magazin\/#website","url":"https:\/\/hir.mediamarkt.hu\/magazin\/","name":"MediaMarkt Magazin","description":"Olvass bele magazinunkba!","potentialAction":[{"@type":"SearchAction","target":{"@type":"EntryPoint","urlTemplate":"https:\/\/hir.mediamarkt.hu\/magazin\/?s={search_term_string}"},"query-input":"required name=search_term_string"}],"inLanguage":"hu"},{"@type":"Person","@id":"https:\/\/hir.mediamarkt.hu\/magazin\/#\/schema\/person\/ff784ff80603a7251923c8ebb5b781a2","name":"Zsoca","image":{"@type":"ImageObject","inLanguage":"hu","@id":"https:\/\/hir.mediamarkt.hu\/magazin\/#\/schema\/person\/image\/","url":"https:\/\/secure.gravatar.com\/avatar\/24b8439fee7bc8c4530ef86e76a6d8f3?s=96&d=mm&r=g","contentUrl":"https:\/\/secure.gravatar.com\/avatar\/24b8439fee7bc8c4530ef86e76a6d8f3?s=96&d=mm&r=g","caption":"Zsoca"}}]}},"_links":{"self":[{"href":"https:\/\/hir.mediamarkt.hu\/magazin\/wp-json\/wp\/v2\/posts\/5946"}],"collection":[{"href":"https:\/\/hir.mediamarkt.hu\/magazin\/wp-json\/wp\/v2\/posts"}],"about":[{"href":"https:\/\/hir.mediamarkt.hu\/magazin\/wp-json\/wp\/v2\/types\/post"}],"author":[{"embeddable":true,"href":"https:\/\/hir.mediamarkt.hu\/magazin\/wp-json\/wp\/v2\/users\/20"}],"replies":[{"embeddable":true,"href":"https:\/\/hir.mediamarkt.hu\/magazin\/wp-json\/wp\/v2\/comments?post=5946"}],"version-history":[{"count":7,"href":"https:\/\/hir.mediamarkt.hu\/magazin\/wp-json\/wp\/v2\/posts\/5946\/revisions"}],"predecessor-version":[{"id":8996,"href":"https:\/\/hir.mediamarkt.hu\/magazin\/wp-json\/wp\/v2\/posts\/5946\/revisions\/8996"}],"wp:featuredmedia":[{"embeddable":true,"href":"https:\/\/hir.mediamarkt.hu\/magazin\/wp-json\/wp\/v2\/media\/6215"}],"wp:attachment":[{"href":"https:\/\/hir.mediamarkt.hu\/magazin\/wp-json\/wp\/v2\/media?parent=5946"}],"wp:term":[{"taxonomy":"category","embeddable":true,"href":"https:\/\/hir.mediamarkt.hu\/magazin\/wp-json\/wp\/v2\/categories?post=5946"},{"taxonomy":"post_tag","embeddable":true,"href":"https:\/\/hir.mediamarkt.hu\/magazin\/wp-json\/wp\/v2\/tags?post=5946"}],"curies":[{"name":"wp","href":"https:\/\/api.w.org\/{rel}","templated":true}]}}