{"id":5953,"date":"2019-07-11T11:00:23","date_gmt":"2019-07-11T10:00:23","guid":{"rendered":"http:\/\/hir.mediamarkt.hu\/magazin\/?page_id=5953"},"modified":"2024-06-11T00:05:30","modified_gmt":"2024-06-10T23:05:30","slug":"ut-egy-sokkal-szebb-vilag-fele-belepo-digitalis-tukorreflexes-fenykepezogepek","status":"publish","type":"post","link":"https:\/\/hir.mediamarkt.hu\/magazin\/ut-egy-sokkal-szebb-vilag-fele-belepo-digitalis-tukorreflexes-fenykepezogepek\/","title":{"rendered":"\u00dat egy sokkal szebb vil\u00e1g fel\u00e9: <br\/><span>bel\u00e9p\u0151 digit\u00e1lis t\u00fck\u00f6rreflexes f\u00e9nyk\u00e9pez\u0151g\u00e9pek<\/span>"},"content":{"rendered":"<strong>Amikor valaki m\u00e1r \u00fagy \u00e9rzi, kin\u0151tt az alig t\u00f6ty\u00f6g\u0151 r\u00e9gi aut\u00f3b\u00f3l, nagyobbra v\u00e1lt. Ha egy zen\u00e9sz t\u00fall\u00e9p a gyakorl\u00f3 hangszer hat\u00e1rain, profi sz\u00ednpadi instrumentumra cser\u00e9li azt, amelyen annak idej\u00e9n az els\u0151 hangokat sz\u00f3laltatta meg. \u00cdgy van ez azokkal a fot\u00f3sokkal is, akik mobilon vagy kompakt f\u00e9nyk\u00e9pez\u0151g\u00e9peken m\u00e1r a v\u00e9gletekig fejlesztett\u00e9k saj\u00e1t tud\u00e1sukat, \u00fcgyesen kapj\u00e1k el a megfelel\u0151 pillanatokat, sz\u00e9pen kompon\u00e1lj\u00e1k meg a fot\u00f3k elrendez\u00e9s\u00e9t, de valahol \u00e9rzik, hogy a technika \u00fatj\u00e1ban \u00e1ll annak, hogy igaz\u00e1n olyan k\u00e9peket k\u00e9sz\u00edthessenek, amelyeket meg\u00e1lmodtak \u00e9s a lelki szemeik el\u0151tt l\u00e1tnak.<\/strong>\r\n\r\nIlyenkor j\u00f6n el a t\u00fck\u00f6rreflexes g\u00e9pek, avagy DSLR-ek ideje. Ezek azok az eszk\u00f6z\u00f6k, amelyek alapvet\u0151 m\u0171k\u00f6d\u00e9si elv\u00fcket tekintve m\u00e1r nagyon hasonl\u00f3an m\u0171k\u00f6dnek, mint a klasszikus, cser\u00e9lhet\u0151 objekt\u00edves, bel\u00fcl bonyolult, de pontos t\u00fck\u00f6rrendszerekkel f\u00e9nyt manipul\u00e1l\u00f3 kamer\u00e1k.\r\n\r\nPersze a \u201ebonyolult\u201d sz\u00f3 ne riasszon el senkit: t\u00fck\u00f6rreflexes g\u00e9pekre v\u00e1ltani ak\u00e1r folyamatosan, \u00e9s ez\u00e1ltal k\u00f6nnyen is lehet. Pont annak k\u00f6sz\u00f6nhet\u0151en, hogy ezekn\u00e9l a f\u00e9nyk\u00e9pez\u0151g\u00e9pekn\u00e9l k\u00fcl\u00f6n v\u00e1laszthatunk g\u00e9pv\u00e1zat \u00e9s a hozz\u00e1 kapcsolhat\u00f3 objekt\u00edveket, megtehetj\u00fck azt, hogy a kompakt g\u00e9pek vagy mobilos fot\u00f3z\u00e1s els\u0151k\u00e9nt egy bel\u00e9p\u0151 szint\u0171, vagy k\u00f6z\u00e9pkateg\u00f3ri\u00e1s v\u00e1zat szerz\u00fcnk be a nek\u00fcnk legszimpatikusabb objekt\u00edvekkel. Ezut\u00e1n pedig a v\u00e1zat k\u00e9s\u0151bb is lecser\u00e9lhetj\u00fck komolyabbra, csak arra kell figyeln\u00fcnk, hogy az optik\u00e1kkal tov\u00e1bbra is kompatibilis maradjon.\r\n<h3>Mire j\u00f3 egy bel\u00e9p\u0151 szint\u0171 DSLR f\u00e9nyk\u00e9pez\u0151g\u00e9p?<\/h3>\r\n<div class=\"fotos_osztott\">\r\n<div class=\"left_termekes\">\r\n\r\n<img loading=\"lazy\" decoding=\"async\" class=\"alignleft size-full wp-image-5857\" src=\"https:\/\/hir.mediamarkt.hu\/magazin\/wp-content\/uploads\/2019\/07\/CANON-EOS-2000D-DSLR-kit-275x205.png\" alt=\"CANON EOS 2000D DSLR f\u00e9nyk\u00e9pez\u0151g\u00e9p + EF-S 18-55mm f\/3.5-5.6 DC III + SB130 t\u00e1ska + 16GB SD k\u00e1rtya\" width=\"363\" height=\"206\" \/>\r\n<h5>CANON EOS 2000D DSLR f\u00e9nyk\u00e9pez\u0151g\u00e9p + EF-S 18-55mm f\/3.5-5.6 DC III + SB130 t\u00e1ska + 16GB SD k\u00e1rtya<\/h5>\r\n<div class=\"left_termekes_linkbox\"><a href=\"https:\/\/www.mediamarkt.hu\/hu\/shop\/foto-infotainment.html?rbtc=mag%7codi%7c%7c%7cp%7cfotoinfotainment20190705%7c#ex1\" target=\"_blank\" rel=\"noopener noreferrer\" title=\"Tov\u00e1bbi DSLR f\u00e9nyk\u00e9pez\u0151g\u00e9pek\">Tov\u00e1bbi DSLR f\u00e9nyk\u00e9pez\u0151g\u00e9pek<\/a><\/div>\r\n<\/div>\r\n<div class=\"right_szoveges\">\r\n<h4>A seg\u00edts\u00e9g\u00e9vel k\u00f6nnyen \u00e9s felhaszn\u00e1l\u00f3bar\u00e1t m\u00f3don tanulhatjuk meg a \u201enagyg\u00e9pes\u201d fot\u00f3z\u00e1s tr\u00fckkjeit, hiszen ezeken a g\u00e9peken a legnagyobb modellekhez k\u00e9pest m\u00e9g kevesebb gomb \u00e9s t\u00e1rcsa tal\u00e1lhat\u00f3, a manu\u00e1lis funkci\u00f3k be\u00e1ll\u00edt\u00e1s\u00e1t k\u00f6nny\u0171re \u00e9s k\u00f6z\u00e9rthet\u0151re szabt\u00e1k.<\/h4>\r\nLegink\u00e1bb arra, hogy a seg\u00edts\u00e9g\u00e9vel k\u00f6nnyen \u00e9s felhaszn\u00e1l\u00f3bar\u00e1t m\u00f3don tanulhassuk meg a \u201enagyg\u00e9pes\u201d fot\u00f3z\u00e1s tr\u00fckkjeit, hiszen ezeken a g\u00e9peken a legnagyobb modellekhez k\u00e9pest m\u00e9g kevesebb gomb \u00e9s t\u00e1rcsa tal\u00e1lhat\u00f3, a manu\u00e1lis funkci\u00f3k be\u00e1ll\u00edt\u00e1s\u00e1t k\u00f6nny\u0171re \u00e9s k\u00f6z\u00e9rthet\u0151re szabt\u00e1k. A kevesebb vez\u00e9rl\u0151 elem miatt egy\u00e9bk\u00e9nt maga a f\u00e9nyk\u00e9pez\u0151g\u00e9p is valamivel kisebb \u00e9s k\u00f6nnyebb mint a komolyabb \u201enagytes\u00f3k\u201d, viszont funkci\u00f3it tekintve 99 sz\u00e1zal\u00e9kban m\u00e1r tudj\u00e1k mindazt, amit a legnagyobbak.\r\n\r\n<\/div>\r\n<\/div>\r\n<div style=\"clear: both;\"><\/div>\r\nA megfelel\u0151 objekt\u00edvek kiv\u00e1laszt\u00e1sa ut\u00e1n kezd\u0151dhet a fot\u00f3z\u00e1s, \u00e9s ennek sor\u00e1n b\u00e1rki gyorsan felfedezheti, mennyivel t\u00f6bb kreat\u00edv szabads\u00e1got ad ez a f\u00e9nyk\u00e9pez\u00e9si m\u00f3dszer. Nem csak abban seg\u00edt, hogy a t\u00f6megek \u00e1ltal haszn\u00e1lt, arctalan, jellegtelen megold\u00e1sok helyett saj\u00e1t l\u00e1t\u00e1sm\u00f3dot alak\u00edthassunk ki, de m\u00e9g azt is lehet\u0151v\u00e9 teszi, hogy kil\u00e9phess\u00fcnk a k\u00e9tdimenzi\u00f3s fot\u00f3z\u00e1s keretei k\u00f6z\u00fcl. Hiszen egy k\u00e9p akkor adja igaz\u00e1n vissza a val\u00f3di vil\u00e1got, ha a t\u00e9ma v\u00edzszintes \u00e9s f\u00fcgg\u0151leges elhelyez\u00e9se mellett a teret is \u00e9rz\u00e9keltetni tudjuk: ezt ugyan a modern mobilos megold\u00e1sok pr\u00f3b\u00e1lj\u00e1k emul\u00e1lni a k\u00e9tkamer\u00e1s fel\u00e9p\u00edt\u00e9ssel \u00e9s a szoftveres, h\u00e1tt\u00e9relmos\u00e1sostr\u00fckk\u00f6z\u00e9ssel, de a DSLR-ekkel m\u00e1r val\u00f3ban j\u00e1tszhatunk a m\u00e9lys\u00e9g\u00e9less\u00e9ggel, elv\u00e1lasztva modell\u00fcnket a k\u00f6rnyezett\u0151l, vagy pontosan elhelyezve a f\u00f3kuszba \u00e1ll\u00edtott t\u00e9m\u00e1t a t\u00e9rben.\r\n\r\n<div class=\"containersl\">\n<h1>Ismerkedj meg a term\u00e9kekkel<\/h1>\n<div id=\"mixedSlider\">\n<div class=\"MS-content dslr3\">\n<div class=\"item\">\n<div class=\"imgTitle\">\n<p><img decoding=\"async\" src=\"https:\/\/hir.mediamarkt.hu\/magazin\/wp-content\/uploads\/2019\/07\/NIKON-D3500-AF-P-18-55-VR-kit-1274025.png\" alt=\"NIKON D3500 + AF-P 18-55 VR + T\u00e1ska + 16GB mem\u00f3riak\u00e1rtya\" \/><\/p>\n<h2 class=\"blogTitle\">NIKON D3500 + AF-P 18-55 VR + T\u00e1ska + 16GB mem\u00f3riak\u00e1rtya<\/h2>\n<\/div>\n<p><a title=\"Tov\u00e1bbi DSLR f\u00e9nyk\u00e9pez\u0151g\u00e9pek\" href=\"https:\/\/www.mediamarkt.hu\/hu\/shop\/foto-infotainment.html?rbtc=mag%7codi%7c%7c%7cp%7cfotoinfotainment20190705%7c#ex1\">Tov\u00e1bbi DSLR f\u00e9nyk\u00e9pez\u0151g\u00e9pek<\/a><\/p>\n<\/div>\n<div class=\"item\">\n<div class=\"imgTitle\">\n<p><img decoding=\"async\" src=\"https:\/\/hir.mediamarkt.hu\/magazin\/wp-content\/uploads\/2019\/07\/CANON-EOS-2000D-DSLR-kit-1257861.png\" alt=\"CANON EOS 2000D DSLR f\u00e9nyk\u00e9pez\u0151g\u00e9p + 18-55 mm IS II + LP-E10 akkumul\u00e1tor\" \/><\/p>\n<h2 class=\"blogTitle\">CANON EOS 2000D DSLR f\u00e9nyk\u00e9pez\u0151g\u00e9p + 18-55 mm IS II + LP-E10 akkumul\u00e1tor<\/h2>\n<\/div>\n<p><a title=\"Tov\u00e1bbi DSLR f\u00e9nyk\u00e9pez\u0151g\u00e9pek\" href=\"https:\/\/www.mediamarkt.hu\/hu\/shop\/foto-infotainment.html?rbtc=mag%7codi%7c%7c%7cp%7cfotoinfotainment20190705%7c#ex1\">Tov\u00e1bbi DSLR f\u00e9nyk\u00e9pez\u0151g\u00e9pek<\/a><\/p>\n<\/div>\n<div class=\"item\">\n<div class=\"imgTitle\">\n<p><img decoding=\"async\" src=\"https:\/\/hir.mediamarkt.hu\/magazin\/wp-content\/uploads\/2019\/07\/NIKON-D3500-AF-S-18-140-mm-VR-Kit-1270778.png\" alt=\"NIKON D3500 + AF-S 18-140 mm VR Kit fekete\" \/><\/p>\n<h2 class=\"blogTitle\">NIKON D3500 + AF-S 18-140 mm VR Kit fekete<\/h2>\n<\/div>\n<p><a title=\"Tov\u00e1bbi DSLR f\u00e9nyk\u00e9pez\u0151g\u00e9pek\" href=\"https:\/\/www.mediamarkt.hu\/hu\/shop\/foto-infotainment.html?rbtc=mag%7codi%7c%7c%7cp%7cfotoinfotainment20190705%7c#ex1\">Tov\u00e1bbi DSLR f\u00e9nyk\u00e9pez\u0151g\u00e9pek<\/a><\/p>\n<\/div>\n<\/div>\n<div class=\"MS-controls\"><button class=\"MS-left\"><i class=\"fa fa-angle-left\"><\/i><\/button><br \/>\n<button class=\"MS-right\"><i class=\"fa fa-angle-right\"><\/i><\/button><\/div>\n<\/div>\n<\/div>\n","protected":false},"excerpt":{"rendered":"Amikor valaki m\u00e1r \u00fagy \u00e9rzi, kin\u0151tt az alig t\u00f6ty\u00f6g\u0151 r\u00e9gi aut\u00f3b\u00f3l, nagyobbra v\u00e1lt. Ha egy zen\u00e9sz t\u00fall\u00e9p a gyakorl\u00f3 hangszer hat\u00e1rain, profi sz\u00ednpadi instrumentumra cser\u00e9li azt, amelyen annak idej\u00e9n az els\u0151 hangokat sz\u00f3laltatta meg. \u00cdgy van ez azokkal a fot\u00f3sokkal is, akik mobilon vagy kompakt f\u00e9nyk\u00e9pez\u0151g\u00e9peken m\u00e1r a v\u00e9gletekig fejlesztett\u00e9k saj\u00e1t tud\u00e1sukat, \u00fcgyesen kapj\u00e1k el a megfelel\u0151 pillanatokat, sz\u00e9pen kompon\u00e1lj\u00e1k meg a fot\u00f3k elrendez\u00e9s\u00e9t, de valahol \u00e9rzik, hogy a technika \u00fatj\u00e1ban \u00e1ll annak, hogy igaz\u00e1n olyan k\u00e9peket k\u00e9sz\u00edthessenek, amelyeket meg\u00e1lmodtak \u00e9s a lelki szemeik el\u0151tt l\u00e1tnak. Ilyenkor j\u00f6n el a t\u00fck\u00f6rreflexes g\u00e9pek, avagy DSLR-ek ideje. Ezek azok az eszk\u00f6z\u00f6k, amelyek alapvet\u0151 m\u0171k\u00f6d\u00e9si elv\u00fcket tekintve m\u00e1r nagyon hasonl\u00f3an m\u0171k\u00f6dnek, mint a klasszikus, cser\u00e9lhet\u0151 objekt\u00edves, bel\u00fcl bonyolult, de pontos t\u00fck\u00f6rrendszerekkel f\u00e9nyt manipul\u00e1l\u00f3 &#8230;","protected":false},"author":20,"featured_media":6226,"comment_status":"closed","ping_status":"closed","sticky":false,"template":"","format":"standard","meta":{"wprm-recipe-roundup-name":"","wprm-recipe-roundup-description":"","footnotes":""},"categories":[1,5991,5960,5945],"tags":[],"yoast_head":"<!-- This site is optimized with the Yoast SEO plugin v22.9 - https:\/\/yoast.com\/wordpress\/plugins\/seo\/ -->\n<title>\u00dat egy sokkal szebb vil\u00e1g fel\u00e9: bel\u00e9p\u0151 digit\u00e1lis t\u00fck\u00f6rreflexes f\u00e9nyk\u00e9pez\u0151g\u00e9pek - MediaMarkt Magazin<\/title>\n<meta name=\"robots\" content=\"index, follow, max-snippet:-1, max-image-preview:large, max-video-preview:-1\" \/>\n<link rel=\"canonical\" href=\"https:\/\/hir.mediamarkt.hu\/magazin\/ut-egy-sokkal-szebb-vilag-fele-belepo-digitalis-tukorreflexes-fenykepezogepek\/\" \/>\n<meta property=\"og:locale\" content=\"hu_HU\" \/>\n<meta property=\"og:type\" content=\"article\" \/>\n<meta property=\"og:title\" content=\"\u00dat egy sokkal szebb vil\u00e1g fel\u00e9: bel\u00e9p\u0151 digit\u00e1lis t\u00fck\u00f6rreflexes f\u00e9nyk\u00e9pez\u0151g\u00e9pek - MediaMarkt Magazin\" \/>\n<meta property=\"og:description\" content=\"Amikor valaki m\u00e1r \u00fagy \u00e9rzi, kin\u0151tt az alig t\u00f6ty\u00f6g\u0151 r\u00e9gi aut\u00f3b\u00f3l, nagyobbra v\u00e1lt. Ha egy zen\u00e9sz t\u00fall\u00e9p a gyakorl\u00f3 hangszer hat\u00e1rain, profi sz\u00ednpadi instrumentumra cser\u00e9li azt, amelyen annak idej\u00e9n az els\u0151 hangokat sz\u00f3laltatta meg. \u00cdgy van ez azokkal a fot\u00f3sokkal is, akik mobilon vagy kompakt f\u00e9nyk\u00e9pez\u0151g\u00e9peken m\u00e1r a v\u00e9gletekig fejlesztett\u00e9k saj\u00e1t tud\u00e1sukat, \u00fcgyesen kapj\u00e1k el a megfelel\u0151 pillanatokat, sz\u00e9pen kompon\u00e1lj\u00e1k meg a fot\u00f3k elrendez\u00e9s\u00e9t, de valahol \u00e9rzik, hogy a technika \u00fatj\u00e1ban \u00e1ll annak, hogy igaz\u00e1n olyan k\u00e9peket k\u00e9sz\u00edthessenek, amelyeket meg\u00e1lmodtak \u00e9s a lelki szemeik el\u0151tt l\u00e1tnak. Ilyenkor j\u00f6n el a t\u00fck\u00f6rreflexes g\u00e9pek, avagy DSLR-ek ideje. Ezek azok az eszk\u00f6z\u00f6k, amelyek alapvet\u0151 m\u0171k\u00f6d\u00e9si elv\u00fcket tekintve m\u00e1r nagyon hasonl\u00f3an m\u0171k\u00f6dnek, mint a klasszikus, cser\u00e9lhet\u0151 objekt\u00edves, bel\u00fcl bonyolult, de pontos t\u00fck\u00f6rrendszerekkel f\u00e9nyt manipul\u00e1l\u00f3 ...\" \/>\n<meta property=\"og:url\" content=\"https:\/\/hir.mediamarkt.hu\/magazin\/ut-egy-sokkal-szebb-vilag-fele-belepo-digitalis-tukorreflexes-fenykepezogepek\/\" \/>\n<meta property=\"og:site_name\" content=\"MediaMarkt Magazin\" \/>\n<meta property=\"article:publisher\" content=\"https:\/\/www.facebook.com\/MediaMarktMagyarorszag\" \/>\n<meta property=\"article:published_time\" content=\"2019-07-11T10:00:23+00:00\" \/>\n<meta property=\"article:modified_time\" content=\"2024-06-10T23:05:30+00:00\" \/>\n<meta property=\"og:image\" content=\"https:\/\/hir.mediamarkt.hu\/magazin\/wp-content\/uploads\/2018\/06\/700d.jpg\" \/>\n\t<meta property=\"og:image:width\" content=\"1440\" \/>\n\t<meta property=\"og:image:height\" content=\"540\" \/>\n\t<meta property=\"og:image:type\" content=\"image\/jpeg\" \/>\n<meta name=\"author\" content=\"Zsoca\" \/>\n<meta name=\"twitter:label1\" content=\"Szerz\u0151:\" \/>\n\t<meta name=\"twitter:data1\" content=\"Zsoca\" \/>\n\t<meta name=\"twitter:label2\" content=\"Becs\u00fclt olvas\u00e1si id\u0151\" \/>\n\t<meta name=\"twitter:data2\" content=\"4 perc\" \/>\n<script type=\"application\/ld+json\" class=\"yoast-schema-graph\">{\"@context\":\"https:\/\/schema.org\",\"@graph\":[{\"@type\":\"WebPage\",\"@id\":\"https:\/\/hir.mediamarkt.hu\/magazin\/ut-egy-sokkal-szebb-vilag-fele-belepo-digitalis-tukorreflexes-fenykepezogepek\/\",\"url\":\"https:\/\/hir.mediamarkt.hu\/magazin\/ut-egy-sokkal-szebb-vilag-fele-belepo-digitalis-tukorreflexes-fenykepezogepek\/\",\"name\":\"\u00dat egy sokkal szebb vil\u00e1g fel\u00e9: bel\u00e9p\u0151 digit\u00e1lis t\u00fck\u00f6rreflexes f\u00e9nyk\u00e9pez\u0151g\u00e9pek - MediaMarkt Magazin\",\"isPartOf\":{\"@id\":\"https:\/\/hir.mediamarkt.hu\/magazin\/#website\"},\"primaryImageOfPage\":{\"@id\":\"https:\/\/hir.mediamarkt.hu\/magazin\/ut-egy-sokkal-szebb-vilag-fele-belepo-digitalis-tukorreflexes-fenykepezogepek\/#primaryimage\"},\"image\":{\"@id\":\"https:\/\/hir.mediamarkt.hu\/magazin\/ut-egy-sokkal-szebb-vilag-fele-belepo-digitalis-tukorreflexes-fenykepezogepek\/#primaryimage\"},\"thumbnailUrl\":\"https:\/\/hir.mediamarkt.hu\/magazin\/wp-content\/uploads\/2018\/06\/700d.jpg\",\"datePublished\":\"2019-07-11T10:00:23+00:00\",\"dateModified\":\"2024-06-10T23:05:30+00:00\",\"author\":{\"@id\":\"https:\/\/hir.mediamarkt.hu\/magazin\/#\/schema\/person\/ff784ff80603a7251923c8ebb5b781a2\"},\"breadcrumb\":{\"@id\":\"https:\/\/hir.mediamarkt.hu\/magazin\/ut-egy-sokkal-szebb-vilag-fele-belepo-digitalis-tukorreflexes-fenykepezogepek\/#breadcrumb\"},\"inLanguage\":\"hu\",\"potentialAction\":[{\"@type\":\"ReadAction\",\"target\":[\"https:\/\/hir.mediamarkt.hu\/magazin\/ut-egy-sokkal-szebb-vilag-fele-belepo-digitalis-tukorreflexes-fenykepezogepek\/\"]}]},{\"@type\":\"ImageObject\",\"inLanguage\":\"hu\",\"@id\":\"https:\/\/hir.mediamarkt.hu\/magazin\/ut-egy-sokkal-szebb-vilag-fele-belepo-digitalis-tukorreflexes-fenykepezogepek\/#primaryimage\",\"url\":\"https:\/\/hir.mediamarkt.hu\/magazin\/wp-content\/uploads\/2018\/06\/700d.jpg\",\"contentUrl\":\"https:\/\/hir.mediamarkt.hu\/magazin\/wp-content\/uploads\/2018\/06\/700d.jpg\",\"width\":1440,\"height\":540},{\"@type\":\"BreadcrumbList\",\"@id\":\"https:\/\/hir.mediamarkt.hu\/magazin\/ut-egy-sokkal-szebb-vilag-fele-belepo-digitalis-tukorreflexes-fenykepezogepek\/#breadcrumb\",\"itemListElement\":[{\"@type\":\"ListItem\",\"position\":1,\"name\":\"Kezd\u0151lap\",\"item\":\"https:\/\/hir.mediamarkt.hu\/magazin\/\"},{\"@type\":\"ListItem\",\"position\":2,\"name\":\"Seg\u00edt\u00fcnk v\u00e1lasztani\",\"item\":\"https:\/\/hir.mediamarkt.hu\/magazin\/segitunk-valasztani\/\"},{\"@type\":\"ListItem\",\"position\":3,\"name\":\"Fot\u00f3 rovat\",\"item\":\"https:\/\/hir.mediamarkt.hu\/magazin\/segitunk-valasztani\/foto-rovat\/\"},{\"@type\":\"ListItem\",\"position\":4,\"name\":\"\u00dat egy sokkal szebb vil\u00e1g fel\u00e9: bel\u00e9p\u0151 digit\u00e1lis t\u00fck\u00f6rreflexes f\u00e9nyk\u00e9pez\u0151g\u00e9pek\"}]},{\"@type\":\"WebSite\",\"@id\":\"https:\/\/hir.mediamarkt.hu\/magazin\/#website\",\"url\":\"https:\/\/hir.mediamarkt.hu\/magazin\/\",\"name\":\"MediaMarkt Magazin\",\"description\":\"Olvass bele magazinunkba!\",\"potentialAction\":[{\"@type\":\"SearchAction\",\"target\":{\"@type\":\"EntryPoint\",\"urlTemplate\":\"https:\/\/hir.mediamarkt.hu\/magazin\/?s={search_term_string}\"},\"query-input\":\"required name=search_term_string\"}],\"inLanguage\":\"hu\"},{\"@type\":\"Person\",\"@id\":\"https:\/\/hir.mediamarkt.hu\/magazin\/#\/schema\/person\/ff784ff80603a7251923c8ebb5b781a2\",\"name\":\"Zsoca\",\"image\":{\"@type\":\"ImageObject\",\"inLanguage\":\"hu\",\"@id\":\"https:\/\/hir.mediamarkt.hu\/magazin\/#\/schema\/person\/image\/\",\"url\":\"https:\/\/secure.gravatar.com\/avatar\/24b8439fee7bc8c4530ef86e76a6d8f3?s=96&d=mm&r=g\",\"contentUrl\":\"https:\/\/secure.gravatar.com\/avatar\/24b8439fee7bc8c4530ef86e76a6d8f3?s=96&d=mm&r=g\",\"caption\":\"Zsoca\"}}]}<\/script>\n<!-- \/ Yoast SEO plugin. -->","yoast_head_json":{"title":"\u00dat egy sokkal szebb vil\u00e1g fel\u00e9: bel\u00e9p\u0151 digit\u00e1lis t\u00fck\u00f6rreflexes f\u00e9nyk\u00e9pez\u0151g\u00e9pek - MediaMarkt Magazin","robots":{"index":"index","follow":"follow","max-snippet":"max-snippet:-1","max-image-preview":"max-image-preview:large","max-video-preview":"max-video-preview:-1"},"canonical":"https:\/\/hir.mediamarkt.hu\/magazin\/ut-egy-sokkal-szebb-vilag-fele-belepo-digitalis-tukorreflexes-fenykepezogepek\/","og_locale":"hu_HU","og_type":"article","og_title":"\u00dat egy sokkal szebb vil\u00e1g fel\u00e9: bel\u00e9p\u0151 digit\u00e1lis t\u00fck\u00f6rreflexes f\u00e9nyk\u00e9pez\u0151g\u00e9pek - MediaMarkt Magazin","og_description":"Amikor valaki m\u00e1r \u00fagy \u00e9rzi, kin\u0151tt az alig t\u00f6ty\u00f6g\u0151 r\u00e9gi aut\u00f3b\u00f3l, nagyobbra v\u00e1lt. Ha egy zen\u00e9sz t\u00fall\u00e9p a gyakorl\u00f3 hangszer hat\u00e1rain, profi sz\u00ednpadi instrumentumra cser\u00e9li azt, amelyen annak idej\u00e9n az els\u0151 hangokat sz\u00f3laltatta meg. \u00cdgy van ez azokkal a fot\u00f3sokkal is, akik mobilon vagy kompakt f\u00e9nyk\u00e9pez\u0151g\u00e9peken m\u00e1r a v\u00e9gletekig fejlesztett\u00e9k saj\u00e1t tud\u00e1sukat, \u00fcgyesen kapj\u00e1k el a megfelel\u0151 pillanatokat, sz\u00e9pen kompon\u00e1lj\u00e1k meg a fot\u00f3k elrendez\u00e9s\u00e9t, de valahol \u00e9rzik, hogy a technika \u00fatj\u00e1ban \u00e1ll annak, hogy igaz\u00e1n olyan k\u00e9peket k\u00e9sz\u00edthessenek, amelyeket meg\u00e1lmodtak \u00e9s a lelki szemeik el\u0151tt l\u00e1tnak. Ilyenkor j\u00f6n el a t\u00fck\u00f6rreflexes g\u00e9pek, avagy DSLR-ek ideje. Ezek azok az eszk\u00f6z\u00f6k, amelyek alapvet\u0151 m\u0171k\u00f6d\u00e9si elv\u00fcket tekintve m\u00e1r nagyon hasonl\u00f3an m\u0171k\u00f6dnek, mint a klasszikus, cser\u00e9lhet\u0151 objekt\u00edves, bel\u00fcl bonyolult, de pontos t\u00fck\u00f6rrendszerekkel f\u00e9nyt manipul\u00e1l\u00f3 ...","og_url":"https:\/\/hir.mediamarkt.hu\/magazin\/ut-egy-sokkal-szebb-vilag-fele-belepo-digitalis-tukorreflexes-fenykepezogepek\/","og_site_name":"MediaMarkt Magazin","article_publisher":"https:\/\/www.facebook.com\/MediaMarktMagyarorszag","article_published_time":"2019-07-11T10:00:23+00:00","article_modified_time":"2024-06-10T23:05:30+00:00","og_image":[{"width":1440,"height":540,"url":"https:\/\/hir.mediamarkt.hu\/magazin\/wp-content\/uploads\/2018\/06\/700d.jpg","type":"image\/jpeg"}],"author":"Zsoca","twitter_misc":{"Szerz\u0151:":"Zsoca","Becs\u00fclt olvas\u00e1si id\u0151":"4 perc"},"schema":{"@context":"https:\/\/schema.org","@graph":[{"@type":"WebPage","@id":"https:\/\/hir.mediamarkt.hu\/magazin\/ut-egy-sokkal-szebb-vilag-fele-belepo-digitalis-tukorreflexes-fenykepezogepek\/","url":"https:\/\/hir.mediamarkt.hu\/magazin\/ut-egy-sokkal-szebb-vilag-fele-belepo-digitalis-tukorreflexes-fenykepezogepek\/","name":"\u00dat egy sokkal szebb vil\u00e1g fel\u00e9: bel\u00e9p\u0151 digit\u00e1lis t\u00fck\u00f6rreflexes f\u00e9nyk\u00e9pez\u0151g\u00e9pek - MediaMarkt Magazin","isPartOf":{"@id":"https:\/\/hir.mediamarkt.hu\/magazin\/#website"},"primaryImageOfPage":{"@id":"https:\/\/hir.mediamarkt.hu\/magazin\/ut-egy-sokkal-szebb-vilag-fele-belepo-digitalis-tukorreflexes-fenykepezogepek\/#primaryimage"},"image":{"@id":"https:\/\/hir.mediamarkt.hu\/magazin\/ut-egy-sokkal-szebb-vilag-fele-belepo-digitalis-tukorreflexes-fenykepezogepek\/#primaryimage"},"thumbnailUrl":"https:\/\/hir.mediamarkt.hu\/magazin\/wp-content\/uploads\/2018\/06\/700d.jpg","datePublished":"2019-07-11T10:00:23+00:00","dateModified":"2024-06-10T23:05:30+00:00","author":{"@id":"https:\/\/hir.mediamarkt.hu\/magazin\/#\/schema\/person\/ff784ff80603a7251923c8ebb5b781a2"},"breadcrumb":{"@id":"https:\/\/hir.mediamarkt.hu\/magazin\/ut-egy-sokkal-szebb-vilag-fele-belepo-digitalis-tukorreflexes-fenykepezogepek\/#breadcrumb"},"inLanguage":"hu","potentialAction":[{"@type":"ReadAction","target":["https:\/\/hir.mediamarkt.hu\/magazin\/ut-egy-sokkal-szebb-vilag-fele-belepo-digitalis-tukorreflexes-fenykepezogepek\/"]}]},{"@type":"ImageObject","inLanguage":"hu","@id":"https:\/\/hir.mediamarkt.hu\/magazin\/ut-egy-sokkal-szebb-vilag-fele-belepo-digitalis-tukorreflexes-fenykepezogepek\/#primaryimage","url":"https:\/\/hir.mediamarkt.hu\/magazin\/wp-content\/uploads\/2018\/06\/700d.jpg","contentUrl":"https:\/\/hir.mediamarkt.hu\/magazin\/wp-content\/uploads\/2018\/06\/700d.jpg","width":1440,"height":540},{"@type":"BreadcrumbList","@id":"https:\/\/hir.mediamarkt.hu\/magazin\/ut-egy-sokkal-szebb-vilag-fele-belepo-digitalis-tukorreflexes-fenykepezogepek\/#breadcrumb","itemListElement":[{"@type":"ListItem","position":1,"name":"Kezd\u0151lap","item":"https:\/\/hir.mediamarkt.hu\/magazin\/"},{"@type":"ListItem","position":2,"name":"Seg\u00edt\u00fcnk v\u00e1lasztani","item":"https:\/\/hir.mediamarkt.hu\/magazin\/segitunk-valasztani\/"},{"@type":"ListItem","position":3,"name":"Fot\u00f3 rovat","item":"https:\/\/hir.mediamarkt.hu\/magazin\/segitunk-valasztani\/foto-rovat\/"},{"@type":"ListItem","position":4,"name":"\u00dat egy sokkal szebb vil\u00e1g fel\u00e9: bel\u00e9p\u0151 digit\u00e1lis t\u00fck\u00f6rreflexes f\u00e9nyk\u00e9pez\u0151g\u00e9pek"}]},{"@type":"WebSite","@id":"https:\/\/hir.mediamarkt.hu\/magazin\/#website","url":"https:\/\/hir.mediamarkt.hu\/magazin\/","name":"MediaMarkt Magazin","description":"Olvass bele magazinunkba!","potentialAction":[{"@type":"SearchAction","target":{"@type":"EntryPoint","urlTemplate":"https:\/\/hir.mediamarkt.hu\/magazin\/?s={search_term_string}"},"query-input":"required name=search_term_string"}],"inLanguage":"hu"},{"@type":"Person","@id":"https:\/\/hir.mediamarkt.hu\/magazin\/#\/schema\/person\/ff784ff80603a7251923c8ebb5b781a2","name":"Zsoca","image":{"@type":"ImageObject","inLanguage":"hu","@id":"https:\/\/hir.mediamarkt.hu\/magazin\/#\/schema\/person\/image\/","url":"https:\/\/secure.gravatar.com\/avatar\/24b8439fee7bc8c4530ef86e76a6d8f3?s=96&d=mm&r=g","contentUrl":"https:\/\/secure.gravatar.com\/avatar\/24b8439fee7bc8c4530ef86e76a6d8f3?s=96&d=mm&r=g","caption":"Zsoca"}}]}},"_links":{"self":[{"href":"https:\/\/hir.mediamarkt.hu\/magazin\/wp-json\/wp\/v2\/posts\/5953"}],"collection":[{"href":"https:\/\/hir.mediamarkt.hu\/magazin\/wp-json\/wp\/v2\/posts"}],"about":[{"href":"https:\/\/hir.mediamarkt.hu\/magazin\/wp-json\/wp\/v2\/types\/post"}],"author":[{"embeddable":true,"href":"https:\/\/hir.mediamarkt.hu\/magazin\/wp-json\/wp\/v2\/users\/20"}],"replies":[{"embeddable":true,"href":"https:\/\/hir.mediamarkt.hu\/magazin\/wp-json\/wp\/v2\/comments?post=5953"}],"version-history":[{"count":7,"href":"https:\/\/hir.mediamarkt.hu\/magazin\/wp-json\/wp\/v2\/posts\/5953\/revisions"}],"predecessor-version":[{"id":9051,"href":"https:\/\/hir.mediamarkt.hu\/magazin\/wp-json\/wp\/v2\/posts\/5953\/revisions\/9051"}],"wp:featuredmedia":[{"embeddable":true,"href":"https:\/\/hir.mediamarkt.hu\/magazin\/wp-json\/wp\/v2\/media\/6226"}],"wp:attachment":[{"href":"https:\/\/hir.mediamarkt.hu\/magazin\/wp-json\/wp\/v2\/media?parent=5953"}],"wp:term":[{"taxonomy":"category","embeddable":true,"href":"https:\/\/hir.mediamarkt.hu\/magazin\/wp-json\/wp\/v2\/categories?post=5953"},{"taxonomy":"post_tag","embeddable":true,"href":"https:\/\/hir.mediamarkt.hu\/magazin\/wp-json\/wp\/v2\/tags?post=5953"}],"curies":[{"name":"wp","href":"https:\/\/api.w.org\/{rel}","templated":true}]}}