{"id":5963,"date":"2019-07-11T11:30:57","date_gmt":"2019-07-11T10:30:57","guid":{"rendered":"http:\/\/hir.mediamarkt.hu\/magazin\/?page_id=5963"},"modified":"2024-06-11T00:05:30","modified_gmt":"2024-06-10T23:05:30","slug":"szabalyozd-fenyt-kozep-es-felso-kategorias-milc-fenykepezogepek","status":"publish","type":"post","link":"https:\/\/hir.mediamarkt.hu\/magazin\/szabalyozd-fenyt-kozep-es-felso-kategorias-milc-fenykepezogepek\/","title":{"rendered":"Szab\u00e1lyozd a f\u00e9nyt:  <br\/><span>k\u00f6z\u00e9p- \u00e9s fels\u0151 kateg\u00f3ri\u00e1s MILC f\u00e9nyk\u00e9pez\u0151g\u00e9pek<\/span>"},"content":{"rendered":"<strong>A t\u00fck\u00f6r n\u00e9lk\u00fcli, cser\u00e9lhet\u0151 objekt\u00edves modellekre m\u00e9g mindig sokan tekintenek \u00fagy, mint a kompakt f\u00e9nyk\u00e9pez\u0151g\u00e9pek kicsit okosabb nagytestv\u00e9reire, amelyek a v\u00e1ltoztathat\u00f3 optik\u00e1val \u00e9s a nagyobb szenzorokkal t\u00f6bbet adnak, de m\u00e9gis kompakt vez\u00e9rl\u00e9s mellett. De mi a helyzet azokkal, akik m\u00e1r teljesen a saj\u00e1t vil\u00e1gukat szeretn\u00e9k bemutatni a fot\u00f3kon kereszt\u00fcl? Nos, \u0151k m\u00e9g egy, vagy t\u00f6bb szinttel feljebb l\u00e9phetnek.<\/strong>\r\n\r\nAki m\u00e1r kitanulta a bel\u00e9p\u0151 szint\u0171 cser\u00e9lhet\u0151 objekt\u00edves f\u00e9nyk\u00e9pez\u0151g\u00e9pek kezel\u00e9s\u00e9t, b\u00e1tran k\u00eds\u00e9rletezhet azzal, hogy a MILC-ek k\u00f6z\u00e9pkateg\u00f3ri\u00e1j\u00e1ban, vagy ak\u00e1r cs\u00facsk\u00f6zelben keresg\u00e9l mag\u00e1nak \u00faj eszk\u00f6zt. Ezek ugyanis tov\u00e1bb t\u00e1g\u00edtj\u00e1k a lehet\u0151s\u00e9gek hat\u00e1rait, hiszen a sokf\u00e9le objekt\u00edv \u00e1ltal biztos\u00edtott v\u00e1ltozatoss\u00e1g \u00e9s testreszabhat\u00f3s\u00e1g mellett megjelennek rajtuk extra funkci\u00f3k \u00e9s m\u00e9g r\u00e9szletesebb vez\u00e9rl\u0151eszk\u00f6z\u00f6k.\r\n\r\n<img loading=\"lazy\" decoding=\"async\" class=\"aligncenter size-large wp-image-5854\" src=\"\/magazin\/wp-content\/uploads\/2018\/06\/pen.jpg\" alt=\"\" width=\"1024\" height=\"684\" \/>\r\n\r\n\u00c9rdemes p\u00e9ld\u00e1ul kiemelni az elektronikus keres\u0151t (EVF), amely kieg\u00e9sz\u00edt\u00e9sk\u00e9nt jelenik meg a kompakt g\u00e9peken is megismert h\u00e1toldali kijelz\u0151 mellett. Kin\u00e9zetre ugyanazt a \u201ekukucsk\u00e1l\u00f3t\u201d l\u00e1tjuk, mint a nagy, t\u00fck\u00f6rreflexes g\u00e9peken, ebbe belen\u00e9zve sokkal jobban kivehet\u0151 az objekt\u00edv \u00e1ltal mutatott k\u00e9p \u2013 a hagyom\u00e1nyos kijelz\u0151t ugyanis sokszor nem l\u00e1tjuk j\u00f3l p\u00e9ld\u00e1ul t\u0171z\u0151 napf\u00e9nyben vagy a t\u00fckr\u00f6z\u0151d\u00e9sek miatt. Ugyan az EVF, ahogy neve is jelzi, nem val\u00f3s \u00e1tn\u00e9zeti k\u00e9pet ad, hanem ez is egy apr\u00f3 elektronikus kijelz\u0151, a min\u0151s\u00e9g\u00e9re azonban nem lehet panasz, hiszen kifejezetten \u00e9les, kontrasztos, sz\u00edngazdag \u00e9s nagyfelbont\u00e1s\u00fa panelek ker\u00fclnek bele, az \u00fajabb modellek eset\u00e9ben r\u00e1ad\u00e1sul az LCD technol\u00f3gia helyett m\u00e1r az OLED-et haszn\u00e1lj\u00e1k a gy\u00e1rt\u00f3k.\r\n<div class=\"fotos_osztott\">\r\n<div class=\"left_termekes\">\r\n\r\n<img loading=\"lazy\" decoding=\"async\" class=\"alignleft size-full wp-image-5857\" src=\"https:\/\/hir.mediamarkt.hu\/magazin\/wp-content\/uploads\/2019\/07\/SONY-ALPHA-ILCE-7-MIII-1259048.png\" alt=\"\" width=\"363\" height=\"206\" \/>\r\n<h5>SONY ALPHA ILCE-7 MIII v\u00e1z<\/h5>\r\n<!--<strong>A modern design, az egyszer\u0171 kezelhet\u0151s\u00e9g, valamint a klasszikus vonalak, a b\u0151r fel\u00fcletek \u00e9s a min\u0151s\u00e9gi f\u00e9m elemek kontrasztj\u00e1val egy\u00fctt az E-PL8 egyszer\u0171en ragyog\u00f3 - csak\u00fagy, mint te. <\/strong>-->\r\n<div class=\"left_termekes_linkbox\"><a href=\"https:\/\/www.mediamarkt.hu\/hu\/shop\/foto-infotainment.html?rbtc=mag%7codi%7c%7c%7cp%7cfotoinfotainment20190705%7c#ex3\" target=\"_blank\" rel=\"noopener noreferrer\" title=\"Tov\u00e1bbi MILC f\u00e9nyk\u00e9pez\u0151g\u00e9pek\">Tov\u00e1bbi MILC f\u00e9nyk\u00e9pez\u0151g\u00e9pek<\/a><\/div>\r\n<\/div>\r\n<div class=\"right_szoveges\">\r\n<h4>A bel\u00e9p\u0151 szint\u0171 MILC-ekhez k\u00e9pest az er\u0151sebb kateg\u00f3ri\u00e1j\u00fa modelleken m\u00e1r t\u00f6bb k\u00fcl\u00f6n\u00e1ll\u00f3 vez\u00e9rl\u0151gombot \u00e9s -t\u00e1rcs\u00e1t is tal\u00e1lhatunk, melyekkel a legapr\u00f3bb r\u00e9szletekig testre szabhat\u00f3 az adott k\u00e9p minden param\u00e9tere.<\/h4>\r\nItt m\u00e1r r\u00e1bukkanhatunk full-frame szenzoros modellekre is \u2013 ezekben a k\u00e9p\u00e9rz\u00e9kel\u0151k m\u00e9rete megegyezik a hagyom\u00e1nyos negat\u00edv filmek kock\u00e1j\u00e1nak m\u00e9ret\u00e9vel.\r\n\r\n<\/div>\r\n<\/div>\r\nEmellett olyan fejlett technol\u00f3gi\u00e1kat is tal\u00e1lhatunk a halad\u00f3knak sz\u00e1nt MILC g\u00e9pekben, mint a full HD feletti felbont\u00e1s\u00fa vide\u00f3felv\u00e9tel, vakupapucs \u00e9s vakuszinkron csatlakoz\u00f3, t\u00f6bb mem\u00f3riak\u00e1rtya egyszeri haszn\u00e1lata, ak\u00e1r folyamatos \u00e9less\u00e9g\u00e1ll\u00edt\u00e1ssal t\u00e1mogatott sorozatk\u00e9p-k\u00e9sz\u00edt\u00e9s illetve timelapse funkci\u00f3, k\u00fcls\u0151 mikrofon csatlakoz\u00f3, k\u00fcls\u0151 vaku vezet\u00e9k n\u00e9lk\u00fcli vez\u00e9rl\u00e9se, vagy \u00e9pp HDMI csatlakoz\u00f3 (term\u00e9szetesen az, hogy ezek k\u00f6z\u00fcl melyik van jelen \u00e9s milyen form\u00e1ban, az gy\u00e1rt\u00f3nk\u00e9nt \u00e9s modellenk\u00e9nt is v\u00e1ltozik).\r\n\r\nB\u00e1r a MILC kateg\u00f3ria viszonylag \u00fajnak sz\u00e1m\u00edt, t\u00f6bb gy\u00e1rt\u00f3 m\u00e1r olyan cs\u00facskateg\u00f3ri\u00e1j\u00fa modelleket is kiadott, amelyek ak\u00e1r a legkomolyabb feladatokra, munk\u00e1ra, m\u0171termi felv\u00e9telekre is t\u00f6k\u00e9letesek: a hat\u00e1r teh\u00e1t a csillagos \u00e9g, amit egy j\u00f3l kiv\u00e1lasztott f\u00e9nyk\u00e9pez\u0151g\u00e9ppel meg is \u00f6r\u00f6k\u00edthet\u00fcnk.\r\n\r\n<div class=\"containersl\">\n<h1>Ismerkedj meg a term\u00e9kekkel<\/h1>\n<div id=\"mixedSlider\">\n<div class=\"MS-content milc2\">\n<div class=\"item\">\n<div class=\"imgTitle\">\n<p><img decoding=\"async\" src=\"https:\/\/hir.mediamarkt.hu\/magazin\/wp-content\/uploads\/2019\/07\/NIKON-Z-6-24-70-mm-1270769.png\" alt=\"NIKON Z 6 + 24-70 mm + FTZ bajonettadapter Kit\" \/><\/p>\n<h2 class=\"blogTitle\">NIKON Z 6 + 24-70 mm + FTZ bajonettadapter Kit<\/h2>\n<\/div>\n<p><a title=\"Tov\u00e1bbi MILC f\u00e9nyk\u00e9pez\u0151g\u00e9pek\" href=\"https:\/\/www.mediamarkt.hu\/hu\/shop\/foto-infotainment.html?rbtc=mag%7codi%7c%7c%7cp%7cfotoinfotainment20190705%7c#ex3\">Tov\u00e1bbi MILC f\u00e9nyk\u00e9pez\u0151g\u00e9pek<\/a><\/p>\n<\/div>\n<div class=\"item\">\n<div class=\"imgTitle\">\n<p><img decoding=\"async\" src=\"https:\/\/hir.mediamarkt.hu\/magazin\/wp-content\/uploads\/2019\/07\/CANON-EOS-R-BODY-MOUNT-ADAPTER-1278435.png\" alt=\"CANON EOS R BODY + MOUNT ADAPTER EF-EOS R KIT (3075C023)\" \/><\/p>\n<h2 class=\"blogTitle\">CANON EOS R BODY + MOUNT ADAPTER EF-EOS R KIT (3075C023)<\/h2>\n<\/div>\n<p><a title=\"Tov\u00e1bbi MILC f\u00e9nyk\u00e9pez\u0151g\u00e9pek\" href=\"https:\/\/www.mediamarkt.hu\/hu\/shop\/foto-infotainment.html?rbtc=mag%7codi%7c%7c%7cp%7cfotoinfotainment20190705%7c#ex3\">Tov\u00e1bbi MILC f\u00e9nyk\u00e9pez\u0151g\u00e9pek<\/a><\/p>\n<\/div>\n<div class=\"item\">\n<div class=\"imgTitle\">\n<p><img decoding=\"async\" src=\"https:\/\/hir.mediamarkt.hu\/magazin\/wp-content\/uploads\/2019\/07\/CANON-EOS-RP-BODY-1284687.png\" alt=\"CANON EOS RP BODY + MOUNT ADAPTER EF-EOS R KIT (3380C023)\" \/><\/p>\n<h2 class=\"blogTitle\">CANON EOS RP BODY + MOUNT ADAPTER EF-EOS R KIT (3380C023)<\/h2>\n<\/div>\n<p><a title=\"Tov\u00e1bbi MILC f\u00e9nyk\u00e9pez\u0151g\u00e9pek\" href=\"https:\/\/www.mediamarkt.hu\/hu\/shop\/foto-infotainment.html?rbtc=mag%7codi%7c%7c%7cp%7cfotoinfotainment20190705%7c#ex3\">Tov\u00e1bbi MILC f\u00e9nyk\u00e9pez\u0151g\u00e9pek<\/a><\/p>\n<\/div>\n<\/div>\n<div class=\"MS-controls\"><button class=\"MS-left\"><i class=\"fa fa-angle-left\"><\/i><\/button><br \/>\n<button class=\"MS-right\"><i class=\"fa fa-angle-right\"><\/i><\/button><\/div>\n<\/div>\n<\/div>\n\r\n","protected":false},"excerpt":{"rendered":"A t\u00fck\u00f6r n\u00e9lk\u00fcli, cser\u00e9lhet\u0151 objekt\u00edves modellekre m\u00e9g mindig sokan tekintenek \u00fagy, mint a kompakt f\u00e9nyk\u00e9pez\u0151g\u00e9pek kicsit okosabb nagytestv\u00e9reire, amelyek a v\u00e1ltoztathat\u00f3 optik\u00e1val \u00e9s a nagyobb szenzorokkal t\u00f6bbet adnak, de m\u00e9gis kompakt vez\u00e9rl\u00e9s mellett. De mi a helyzet azokkal, akik m\u00e1r teljesen a saj\u00e1t vil\u00e1gukat szeretn\u00e9k bemutatni a fot\u00f3kon kereszt\u00fcl? Nos, \u0151k m\u00e9g egy, vagy t\u00f6bb szinttel feljebb l\u00e9phetnek. Aki m\u00e1r kitanulta a bel\u00e9p\u0151 szint\u0171 cser\u00e9lhet\u0151 objekt\u00edves f\u00e9nyk\u00e9pez\u0151g\u00e9pek kezel\u00e9s\u00e9t, b\u00e1tran k\u00eds\u00e9rletezhet azzal, hogy a MILC-ek k\u00f6z\u00e9pkateg\u00f3ri\u00e1j\u00e1ban, vagy ak\u00e1r cs\u00facsk\u00f6zelben keresg\u00e9l mag\u00e1nak \u00faj eszk\u00f6zt. Ezek ugyanis tov\u00e1bb t\u00e1g\u00edtj\u00e1k a lehet\u0151s\u00e9gek hat\u00e1rait, hiszen a sokf\u00e9le objekt\u00edv \u00e1ltal biztos\u00edtott v\u00e1ltozatoss\u00e1g \u00e9s testreszabhat\u00f3s\u00e1g mellett megjelennek rajtuk extra funkci\u00f3k \u00e9s m\u00e9g r\u00e9szletesebb vez\u00e9rl\u0151eszk\u00f6z\u00f6k. \u00c9rdemes p\u00e9ld\u00e1ul kiemelni az elektronikus keres\u0151t (EVF), amely kieg\u00e9sz\u00edt\u00e9sk\u00e9nt jelenik meg a kompakt &#8230;","protected":false},"author":20,"featured_media":5851,"comment_status":"closed","ping_status":"closed","sticky":false,"template":"","format":"standard","meta":{"wprm-recipe-roundup-name":"","wprm-recipe-roundup-description":"","footnotes":""},"categories":[1,5991,5960,5945],"tags":[],"yoast_head":"<!-- This site is optimized with the Yoast SEO plugin v22.9 - https:\/\/yoast.com\/wordpress\/plugins\/seo\/ -->\n<title>Szab\u00e1lyozd a f\u00e9nyt: k\u00f6z\u00e9p- \u00e9s fels\u0151 kateg\u00f3ri\u00e1s MILC f\u00e9nyk\u00e9pez\u0151g\u00e9pek - MediaMarkt Magazin<\/title>\n<meta name=\"robots\" content=\"index, follow, max-snippet:-1, max-image-preview:large, max-video-preview:-1\" \/>\n<link rel=\"canonical\" href=\"https:\/\/hir.mediamarkt.hu\/magazin\/szabalyozd-fenyt-kozep-es-felso-kategorias-milc-fenykepezogepek\/\" \/>\n<meta property=\"og:locale\" content=\"hu_HU\" \/>\n<meta property=\"og:type\" content=\"article\" \/>\n<meta property=\"og:title\" content=\"Szab\u00e1lyozd a f\u00e9nyt: k\u00f6z\u00e9p- \u00e9s fels\u0151 kateg\u00f3ri\u00e1s MILC f\u00e9nyk\u00e9pez\u0151g\u00e9pek - MediaMarkt Magazin\" \/>\n<meta property=\"og:description\" content=\"A t\u00fck\u00f6r n\u00e9lk\u00fcli, cser\u00e9lhet\u0151 objekt\u00edves modellekre m\u00e9g mindig sokan tekintenek \u00fagy, mint a kompakt f\u00e9nyk\u00e9pez\u0151g\u00e9pek kicsit okosabb nagytestv\u00e9reire, amelyek a v\u00e1ltoztathat\u00f3 optik\u00e1val \u00e9s a nagyobb szenzorokkal t\u00f6bbet adnak, de m\u00e9gis kompakt vez\u00e9rl\u00e9s mellett. De mi a helyzet azokkal, akik m\u00e1r teljesen a saj\u00e1t vil\u00e1gukat szeretn\u00e9k bemutatni a fot\u00f3kon kereszt\u00fcl? Nos, \u0151k m\u00e9g egy, vagy t\u00f6bb szinttel feljebb l\u00e9phetnek. Aki m\u00e1r kitanulta a bel\u00e9p\u0151 szint\u0171 cser\u00e9lhet\u0151 objekt\u00edves f\u00e9nyk\u00e9pez\u0151g\u00e9pek kezel\u00e9s\u00e9t, b\u00e1tran k\u00eds\u00e9rletezhet azzal, hogy a MILC-ek k\u00f6z\u00e9pkateg\u00f3ri\u00e1j\u00e1ban, vagy ak\u00e1r cs\u00facsk\u00f6zelben keresg\u00e9l mag\u00e1nak \u00faj eszk\u00f6zt. Ezek ugyanis tov\u00e1bb t\u00e1g\u00edtj\u00e1k a lehet\u0151s\u00e9gek hat\u00e1rait, hiszen a sokf\u00e9le objekt\u00edv \u00e1ltal biztos\u00edtott v\u00e1ltozatoss\u00e1g \u00e9s testreszabhat\u00f3s\u00e1g mellett megjelennek rajtuk extra funkci\u00f3k \u00e9s m\u00e9g r\u00e9szletesebb vez\u00e9rl\u0151eszk\u00f6z\u00f6k. \u00c9rdemes p\u00e9ld\u00e1ul kiemelni az elektronikus keres\u0151t (EVF), amely kieg\u00e9sz\u00edt\u00e9sk\u00e9nt jelenik meg a kompakt ...\" \/>\n<meta property=\"og:url\" content=\"https:\/\/hir.mediamarkt.hu\/magazin\/szabalyozd-fenyt-kozep-es-felso-kategorias-milc-fenykepezogepek\/\" \/>\n<meta property=\"og:site_name\" content=\"MediaMarkt Magazin\" \/>\n<meta property=\"article:publisher\" content=\"https:\/\/www.facebook.com\/MediaMarktMagyarorszag\" \/>\n<meta property=\"article:published_time\" content=\"2019-07-11T10:30:57+00:00\" \/>\n<meta property=\"article:modified_time\" content=\"2024-06-10T23:05:30+00:00\" \/>\n<meta property=\"og:image\" content=\"https:\/\/hir.mediamarkt.hu\/magazin\/wp-content\/uploads\/2018\/06\/AUDIO_LS-P1_OM-D_E-M10_Mark_III_EZ-M1442EZ__Mood_009-1.jpg\" \/>\n\t<meta property=\"og:image:width\" content=\"1600\" \/>\n\t<meta property=\"og:image:height\" content=\"595\" \/>\n\t<meta property=\"og:image:type\" content=\"image\/jpeg\" \/>\n<meta name=\"author\" content=\"Zsoca\" \/>\n<meta name=\"twitter:label1\" content=\"Szerz\u0151:\" \/>\n\t<meta name=\"twitter:data1\" content=\"Zsoca\" \/>\n\t<meta name=\"twitter:label2\" content=\"Becs\u00fclt olvas\u00e1si id\u0151\" \/>\n\t<meta name=\"twitter:data2\" content=\"3 perc\" \/>\n<script type=\"application\/ld+json\" class=\"yoast-schema-graph\">{\"@context\":\"https:\/\/schema.org\",\"@graph\":[{\"@type\":\"WebPage\",\"@id\":\"https:\/\/hir.mediamarkt.hu\/magazin\/szabalyozd-fenyt-kozep-es-felso-kategorias-milc-fenykepezogepek\/\",\"url\":\"https:\/\/hir.mediamarkt.hu\/magazin\/szabalyozd-fenyt-kozep-es-felso-kategorias-milc-fenykepezogepek\/\",\"name\":\"Szab\u00e1lyozd a f\u00e9nyt: k\u00f6z\u00e9p- \u00e9s fels\u0151 kateg\u00f3ri\u00e1s MILC f\u00e9nyk\u00e9pez\u0151g\u00e9pek - MediaMarkt Magazin\",\"isPartOf\":{\"@id\":\"https:\/\/hir.mediamarkt.hu\/magazin\/#website\"},\"primaryImageOfPage\":{\"@id\":\"https:\/\/hir.mediamarkt.hu\/magazin\/szabalyozd-fenyt-kozep-es-felso-kategorias-milc-fenykepezogepek\/#primaryimage\"},\"image\":{\"@id\":\"https:\/\/hir.mediamarkt.hu\/magazin\/szabalyozd-fenyt-kozep-es-felso-kategorias-milc-fenykepezogepek\/#primaryimage\"},\"thumbnailUrl\":\"https:\/\/hir.mediamarkt.hu\/magazin\/wp-content\/uploads\/2018\/06\/AUDIO_LS-P1_OM-D_E-M10_Mark_III_EZ-M1442EZ__Mood_009-1.jpg\",\"datePublished\":\"2019-07-11T10:30:57+00:00\",\"dateModified\":\"2024-06-10T23:05:30+00:00\",\"author\":{\"@id\":\"https:\/\/hir.mediamarkt.hu\/magazin\/#\/schema\/person\/ff784ff80603a7251923c8ebb5b781a2\"},\"breadcrumb\":{\"@id\":\"https:\/\/hir.mediamarkt.hu\/magazin\/szabalyozd-fenyt-kozep-es-felso-kategorias-milc-fenykepezogepek\/#breadcrumb\"},\"inLanguage\":\"hu\",\"potentialAction\":[{\"@type\":\"ReadAction\",\"target\":[\"https:\/\/hir.mediamarkt.hu\/magazin\/szabalyozd-fenyt-kozep-es-felso-kategorias-milc-fenykepezogepek\/\"]}]},{\"@type\":\"ImageObject\",\"inLanguage\":\"hu\",\"@id\":\"https:\/\/hir.mediamarkt.hu\/magazin\/szabalyozd-fenyt-kozep-es-felso-kategorias-milc-fenykepezogepek\/#primaryimage\",\"url\":\"https:\/\/hir.mediamarkt.hu\/magazin\/wp-content\/uploads\/2018\/06\/AUDIO_LS-P1_OM-D_E-M10_Mark_III_EZ-M1442EZ__Mood_009-1.jpg\",\"contentUrl\":\"https:\/\/hir.mediamarkt.hu\/magazin\/wp-content\/uploads\/2018\/06\/AUDIO_LS-P1_OM-D_E-M10_Mark_III_EZ-M1442EZ__Mood_009-1.jpg\",\"width\":1600,\"height\":595},{\"@type\":\"BreadcrumbList\",\"@id\":\"https:\/\/hir.mediamarkt.hu\/magazin\/szabalyozd-fenyt-kozep-es-felso-kategorias-milc-fenykepezogepek\/#breadcrumb\",\"itemListElement\":[{\"@type\":\"ListItem\",\"position\":1,\"name\":\"Kezd\u0151lap\",\"item\":\"https:\/\/hir.mediamarkt.hu\/magazin\/\"},{\"@type\":\"ListItem\",\"position\":2,\"name\":\"Seg\u00edt\u00fcnk v\u00e1lasztani\",\"item\":\"https:\/\/hir.mediamarkt.hu\/magazin\/segitunk-valasztani\/\"},{\"@type\":\"ListItem\",\"position\":3,\"name\":\"Fot\u00f3 rovat\",\"item\":\"https:\/\/hir.mediamarkt.hu\/magazin\/segitunk-valasztani\/foto-rovat\/\"},{\"@type\":\"ListItem\",\"position\":4,\"name\":\"Szab\u00e1lyozd a f\u00e9nyt: k\u00f6z\u00e9p- \u00e9s fels\u0151 kateg\u00f3ri\u00e1s MILC f\u00e9nyk\u00e9pez\u0151g\u00e9pek\"}]},{\"@type\":\"WebSite\",\"@id\":\"https:\/\/hir.mediamarkt.hu\/magazin\/#website\",\"url\":\"https:\/\/hir.mediamarkt.hu\/magazin\/\",\"name\":\"MediaMarkt Magazin\",\"description\":\"Olvass bele magazinunkba!\",\"potentialAction\":[{\"@type\":\"SearchAction\",\"target\":{\"@type\":\"EntryPoint\",\"urlTemplate\":\"https:\/\/hir.mediamarkt.hu\/magazin\/?s={search_term_string}\"},\"query-input\":\"required name=search_term_string\"}],\"inLanguage\":\"hu\"},{\"@type\":\"Person\",\"@id\":\"https:\/\/hir.mediamarkt.hu\/magazin\/#\/schema\/person\/ff784ff80603a7251923c8ebb5b781a2\",\"name\":\"Zsoca\",\"image\":{\"@type\":\"ImageObject\",\"inLanguage\":\"hu\",\"@id\":\"https:\/\/hir.mediamarkt.hu\/magazin\/#\/schema\/person\/image\/\",\"url\":\"https:\/\/secure.gravatar.com\/avatar\/24b8439fee7bc8c4530ef86e76a6d8f3?s=96&d=mm&r=g\",\"contentUrl\":\"https:\/\/secure.gravatar.com\/avatar\/24b8439fee7bc8c4530ef86e76a6d8f3?s=96&d=mm&r=g\",\"caption\":\"Zsoca\"}}]}<\/script>\n<!-- \/ Yoast SEO plugin. -->","yoast_head_json":{"title":"Szab\u00e1lyozd a f\u00e9nyt: k\u00f6z\u00e9p- \u00e9s fels\u0151 kateg\u00f3ri\u00e1s MILC f\u00e9nyk\u00e9pez\u0151g\u00e9pek - MediaMarkt Magazin","robots":{"index":"index","follow":"follow","max-snippet":"max-snippet:-1","max-image-preview":"max-image-preview:large","max-video-preview":"max-video-preview:-1"},"canonical":"https:\/\/hir.mediamarkt.hu\/magazin\/szabalyozd-fenyt-kozep-es-felso-kategorias-milc-fenykepezogepek\/","og_locale":"hu_HU","og_type":"article","og_title":"Szab\u00e1lyozd a f\u00e9nyt: k\u00f6z\u00e9p- \u00e9s fels\u0151 kateg\u00f3ri\u00e1s MILC f\u00e9nyk\u00e9pez\u0151g\u00e9pek - MediaMarkt Magazin","og_description":"A t\u00fck\u00f6r n\u00e9lk\u00fcli, cser\u00e9lhet\u0151 objekt\u00edves modellekre m\u00e9g mindig sokan tekintenek \u00fagy, mint a kompakt f\u00e9nyk\u00e9pez\u0151g\u00e9pek kicsit okosabb nagytestv\u00e9reire, amelyek a v\u00e1ltoztathat\u00f3 optik\u00e1val \u00e9s a nagyobb szenzorokkal t\u00f6bbet adnak, de m\u00e9gis kompakt vez\u00e9rl\u00e9s mellett. De mi a helyzet azokkal, akik m\u00e1r teljesen a saj\u00e1t vil\u00e1gukat szeretn\u00e9k bemutatni a fot\u00f3kon kereszt\u00fcl? Nos, \u0151k m\u00e9g egy, vagy t\u00f6bb szinttel feljebb l\u00e9phetnek. Aki m\u00e1r kitanulta a bel\u00e9p\u0151 szint\u0171 cser\u00e9lhet\u0151 objekt\u00edves f\u00e9nyk\u00e9pez\u0151g\u00e9pek kezel\u00e9s\u00e9t, b\u00e1tran k\u00eds\u00e9rletezhet azzal, hogy a MILC-ek k\u00f6z\u00e9pkateg\u00f3ri\u00e1j\u00e1ban, vagy ak\u00e1r cs\u00facsk\u00f6zelben keresg\u00e9l mag\u00e1nak \u00faj eszk\u00f6zt. Ezek ugyanis tov\u00e1bb t\u00e1g\u00edtj\u00e1k a lehet\u0151s\u00e9gek hat\u00e1rait, hiszen a sokf\u00e9le objekt\u00edv \u00e1ltal biztos\u00edtott v\u00e1ltozatoss\u00e1g \u00e9s testreszabhat\u00f3s\u00e1g mellett megjelennek rajtuk extra funkci\u00f3k \u00e9s m\u00e9g r\u00e9szletesebb vez\u00e9rl\u0151eszk\u00f6z\u00f6k. \u00c9rdemes p\u00e9ld\u00e1ul kiemelni az elektronikus keres\u0151t (EVF), amely kieg\u00e9sz\u00edt\u00e9sk\u00e9nt jelenik meg a kompakt ...","og_url":"https:\/\/hir.mediamarkt.hu\/magazin\/szabalyozd-fenyt-kozep-es-felso-kategorias-milc-fenykepezogepek\/","og_site_name":"MediaMarkt Magazin","article_publisher":"https:\/\/www.facebook.com\/MediaMarktMagyarorszag","article_published_time":"2019-07-11T10:30:57+00:00","article_modified_time":"2024-06-10T23:05:30+00:00","og_image":[{"width":1600,"height":595,"url":"https:\/\/hir.mediamarkt.hu\/magazin\/wp-content\/uploads\/2018\/06\/AUDIO_LS-P1_OM-D_E-M10_Mark_III_EZ-M1442EZ__Mood_009-1.jpg","type":"image\/jpeg"}],"author":"Zsoca","twitter_misc":{"Szerz\u0151:":"Zsoca","Becs\u00fclt olvas\u00e1si id\u0151":"3 perc"},"schema":{"@context":"https:\/\/schema.org","@graph":[{"@type":"WebPage","@id":"https:\/\/hir.mediamarkt.hu\/magazin\/szabalyozd-fenyt-kozep-es-felso-kategorias-milc-fenykepezogepek\/","url":"https:\/\/hir.mediamarkt.hu\/magazin\/szabalyozd-fenyt-kozep-es-felso-kategorias-milc-fenykepezogepek\/","name":"Szab\u00e1lyozd a f\u00e9nyt: k\u00f6z\u00e9p- \u00e9s fels\u0151 kateg\u00f3ri\u00e1s MILC f\u00e9nyk\u00e9pez\u0151g\u00e9pek - MediaMarkt Magazin","isPartOf":{"@id":"https:\/\/hir.mediamarkt.hu\/magazin\/#website"},"primaryImageOfPage":{"@id":"https:\/\/hir.mediamarkt.hu\/magazin\/szabalyozd-fenyt-kozep-es-felso-kategorias-milc-fenykepezogepek\/#primaryimage"},"image":{"@id":"https:\/\/hir.mediamarkt.hu\/magazin\/szabalyozd-fenyt-kozep-es-felso-kategorias-milc-fenykepezogepek\/#primaryimage"},"thumbnailUrl":"https:\/\/hir.mediamarkt.hu\/magazin\/wp-content\/uploads\/2018\/06\/AUDIO_LS-P1_OM-D_E-M10_Mark_III_EZ-M1442EZ__Mood_009-1.jpg","datePublished":"2019-07-11T10:30:57+00:00","dateModified":"2024-06-10T23:05:30+00:00","author":{"@id":"https:\/\/hir.mediamarkt.hu\/magazin\/#\/schema\/person\/ff784ff80603a7251923c8ebb5b781a2"},"breadcrumb":{"@id":"https:\/\/hir.mediamarkt.hu\/magazin\/szabalyozd-fenyt-kozep-es-felso-kategorias-milc-fenykepezogepek\/#breadcrumb"},"inLanguage":"hu","potentialAction":[{"@type":"ReadAction","target":["https:\/\/hir.mediamarkt.hu\/magazin\/szabalyozd-fenyt-kozep-es-felso-kategorias-milc-fenykepezogepek\/"]}]},{"@type":"ImageObject","inLanguage":"hu","@id":"https:\/\/hir.mediamarkt.hu\/magazin\/szabalyozd-fenyt-kozep-es-felso-kategorias-milc-fenykepezogepek\/#primaryimage","url":"https:\/\/hir.mediamarkt.hu\/magazin\/wp-content\/uploads\/2018\/06\/AUDIO_LS-P1_OM-D_E-M10_Mark_III_EZ-M1442EZ__Mood_009-1.jpg","contentUrl":"https:\/\/hir.mediamarkt.hu\/magazin\/wp-content\/uploads\/2018\/06\/AUDIO_LS-P1_OM-D_E-M10_Mark_III_EZ-M1442EZ__Mood_009-1.jpg","width":1600,"height":595},{"@type":"BreadcrumbList","@id":"https:\/\/hir.mediamarkt.hu\/magazin\/szabalyozd-fenyt-kozep-es-felso-kategorias-milc-fenykepezogepek\/#breadcrumb","itemListElement":[{"@type":"ListItem","position":1,"name":"Kezd\u0151lap","item":"https:\/\/hir.mediamarkt.hu\/magazin\/"},{"@type":"ListItem","position":2,"name":"Seg\u00edt\u00fcnk v\u00e1lasztani","item":"https:\/\/hir.mediamarkt.hu\/magazin\/segitunk-valasztani\/"},{"@type":"ListItem","position":3,"name":"Fot\u00f3 rovat","item":"https:\/\/hir.mediamarkt.hu\/magazin\/segitunk-valasztani\/foto-rovat\/"},{"@type":"ListItem","position":4,"name":"Szab\u00e1lyozd a f\u00e9nyt: k\u00f6z\u00e9p- \u00e9s fels\u0151 kateg\u00f3ri\u00e1s MILC f\u00e9nyk\u00e9pez\u0151g\u00e9pek"}]},{"@type":"WebSite","@id":"https:\/\/hir.mediamarkt.hu\/magazin\/#website","url":"https:\/\/hir.mediamarkt.hu\/magazin\/","name":"MediaMarkt Magazin","description":"Olvass bele magazinunkba!","potentialAction":[{"@type":"SearchAction","target":{"@type":"EntryPoint","urlTemplate":"https:\/\/hir.mediamarkt.hu\/magazin\/?s={search_term_string}"},"query-input":"required name=search_term_string"}],"inLanguage":"hu"},{"@type":"Person","@id":"https:\/\/hir.mediamarkt.hu\/magazin\/#\/schema\/person\/ff784ff80603a7251923c8ebb5b781a2","name":"Zsoca","image":{"@type":"ImageObject","inLanguage":"hu","@id":"https:\/\/hir.mediamarkt.hu\/magazin\/#\/schema\/person\/image\/","url":"https:\/\/secure.gravatar.com\/avatar\/24b8439fee7bc8c4530ef86e76a6d8f3?s=96&d=mm&r=g","contentUrl":"https:\/\/secure.gravatar.com\/avatar\/24b8439fee7bc8c4530ef86e76a6d8f3?s=96&d=mm&r=g","caption":"Zsoca"}}]}},"_links":{"self":[{"href":"https:\/\/hir.mediamarkt.hu\/magazin\/wp-json\/wp\/v2\/posts\/5963"}],"collection":[{"href":"https:\/\/hir.mediamarkt.hu\/magazin\/wp-json\/wp\/v2\/posts"}],"about":[{"href":"https:\/\/hir.mediamarkt.hu\/magazin\/wp-json\/wp\/v2\/types\/post"}],"author":[{"embeddable":true,"href":"https:\/\/hir.mediamarkt.hu\/magazin\/wp-json\/wp\/v2\/users\/20"}],"replies":[{"embeddable":true,"href":"https:\/\/hir.mediamarkt.hu\/magazin\/wp-json\/wp\/v2\/comments?post=5963"}],"version-history":[{"count":6,"href":"https:\/\/hir.mediamarkt.hu\/magazin\/wp-json\/wp\/v2\/posts\/5963\/revisions"}],"predecessor-version":[{"id":9077,"href":"https:\/\/hir.mediamarkt.hu\/magazin\/wp-json\/wp\/v2\/posts\/5963\/revisions\/9077"}],"wp:featuredmedia":[{"embeddable":true,"href":"https:\/\/hir.mediamarkt.hu\/magazin\/wp-json\/wp\/v2\/media\/5851"}],"wp:attachment":[{"href":"https:\/\/hir.mediamarkt.hu\/magazin\/wp-json\/wp\/v2\/media?parent=5963"}],"wp:term":[{"taxonomy":"category","embeddable":true,"href":"https:\/\/hir.mediamarkt.hu\/magazin\/wp-json\/wp\/v2\/categories?post=5963"},{"taxonomy":"post_tag","embeddable":true,"href":"https:\/\/hir.mediamarkt.hu\/magazin\/wp-json\/wp\/v2\/tags?post=5963"}],"curies":[{"name":"wp","href":"https:\/\/api.w.org\/{rel}","templated":true}]}}