{"id":5969,"date":"2019-07-11T13:04:08","date_gmt":"2019-07-11T12:04:08","guid":{"rendered":"http:\/\/hir.mediamarkt.hu\/magazin\/?page_id=5969"},"modified":"2024-06-11T00:05:30","modified_gmt":"2024-06-10T23:05:30","slug":"ragadd-meg-pillanatot-erre-jo-egy-sportkamera","status":"publish","type":"post","link":"https:\/\/hir.mediamarkt.hu\/magazin\/ragadd-meg-pillanatot-erre-jo-egy-sportkamera\/","title":{"rendered":"Ragadd meg a pillanatot: <br\/><span>erre j\u00f3 egy sportkamera<\/span>"},"content":{"rendered":"<strong>Egyre t\u00f6bbsz\u00f6r tal\u00e1lkozni olyan furcsa emberk\u00e9kkel, akik a biciklis v\u00e9d\u0151sisakjukon, esetleg az ejt\u0151erny\u0151s szettj\u00fck p\u00e1ntj\u00e1ra er\u0151s\u00edtve, vagy \u00e9pp a motor korm\u00e1ny\u00e1ra er\u0151s\u00edtve apr\u00f3 kis &#8222;kock\u00e1kat&#8221; haszn\u00e1lnak. Az ilyen par\u00e1nyi kamer\u00e1k m\u00e9rete ne t\u00e9vesszen meg senkit, hiszen hihetetlen\u00fcl sokr\u00e9t\u0171en felhaszn\u00e1lhat\u00f3, j\u00f3 k\u00e9pmin\u0151s\u00e9g\u0171, \u00e9s legf\u0151k\u00e9ppen gyors reag\u00e1l\u00e1s\u00fa akci\u00f3kamer\u00e1kr\u00f3l van sz\u00f3, amelyeket kifejezetten a sebess\u00e9g, az \u00f3ri\u00e1si terek, a nagy\u00edv\u0171 mozg\u00e1sok t\u00f6k\u00e9letes r\u00f6gz\u00edt\u00e9s\u00e9re tal\u00e1ltak ki.<\/strong>\r\n\r\nA kateg\u00f3ria kir\u00e1lya egy\u00e9rtelm\u0171en az akci\u00f3kamer\u00e1k fogalm\u00e1t kital\u00e1l\u00f3 GoPro, de manaps\u00e1g m\u00e1r egyre t\u00f6bb gy\u00e1rt\u00f3 jelenik meg hasonl\u00f3 c\u00e9lokra sz\u00e1nt apr\u00f3 kamer\u00e1kkal, amelyeket \u00e9rtelemszer\u0171en teljesen m\u00e1shogy kell haszn\u00e1lni, mint egy hagyom\u00e1nyos f\u00e9nyk\u00e9pez\u0151g\u00e9pet vagy vide\u00f3kamer\u00e1t. Az \u00f6tlet a sz\u00f6rf\u00f6s\u00f6kt\u0151l sz\u00e1rmazik, akik szerett\u00e9k volna saj\u00e1t szemsz\u00f6g\u00fckb\u0151l meg\u00f6r\u00f6k\u00edteni, ahogy a leg\u0151r\u00fcltebb tr\u00fckk\u00f6ket mutatj\u00e1k be a hull\u00e1mok h\u00e1t\u00e1n (vagy \u00e9pp alattuk), de egyszer\u0171en nem tal\u00e1ltak olyan kamer\u00e1t, amelyet k\u00e9nyelmesen \u00e9s biztons\u00e1gosan r\u00f6gz\u00edteni tudtak volna saj\u00e1t magukra vagy a sz\u00f6rfdeszk\u00e1ra, r\u00e1ad\u00e1sul v\u00edzhatlan lett volna, \u00e9s m\u00e9g a legr\u00e1ngat\u00f3sabb, \u00f6sszevissza r\u00e1zk\u00f3d\u00f3 k\u00f6r\u00fclm\u00e9nyeknek is ellen\u00e1ll. Szerencs\u00e9re a m\u00e9ret m\u00e1r nem akad\u00e1ly, teh\u00e1t az igaz\u00e1n apr\u00f3 akci\u00f3kamer\u00e1k m\u00e1r akkor\u00e1k, hogy k\u00f6nnyen r\u00f6gz\u00edthetj\u00fck \u0151ket b\u00e1rhov\u00e1, bels\u0151 fel\u00e9p\u00edt\u00e9s\u00fck pedig ugyan\u00edgy igazodott az extr\u00e9m k\u00f6r\u00fclm\u00e9nyekhez.\r\n\r\n<img loading=\"lazy\" decoding=\"async\" class=\"aligncenter size-large wp-image-5854\" src=\"\/magazin\/wp-content\/uploads\/2018\/06\/tg_tracker.jpg\" alt=\"\" width=\"1024\" height=\"684\" \/>\r\n\r\nEgy sportkamera \u00e1ltal\u00e1ban k\u00e9pes valamilyen vezet\u00e9k n\u00e9lk\u00fcli kommunik\u00e1ci\u00f3ra, \u00e9s ez\u00e9rt k\u00fcls\u0151 eszk\u00f6zzel vez\u00e9relhet\u0151. Ez jelent\u0151sen megk\u00f6nny\u00edti azt, hogy a r\u00e9szletes be\u00e1ll\u00edt\u00e1sokat, vagy a felv\u00e9telek elind\u00edt\u00e1s\u00e1t, sz\u00fcneteltet\u00e9s\u00e9t \u00e9s le\u00e1ll\u00edt\u00e1s\u00e1t ne a par\u00e1nyi k\u00e9sz\u00fcl\u00e9k n\u00e9h\u00e1ny kis gombj\u00e1val kelljen ki\u00fcgyeskedni. Egy ilyen akci\u00f3kamer\u00e1t ez\u00e9rt \u00fagy haszn\u00e1lhatunk, mintha p\u00e9ld\u00e1ul a telefonunk k\u00fcls\u0151 alkatr\u00e9sze lenne: a mobilos app seg\u00edts\u00e9g\u00e9vel k\u00f6zvetlen\u00fcl l\u00e1thatjuk, amit a kamera is l\u00e1t, \u00e9s belem\u00e1szhatunk a legr\u00e9szletesebb testreszab\u00e1si lehet\u0151s\u00e9gek k\u00f6z\u00e9 is.\r\n<div class=\"fotos_osztott\">\r\n<div class=\"left_termekes\">\r\n\r\n<img loading=\"lazy\" decoding=\"async\" class=\"alignleft size-full wp-image-5857\" src=\"https:\/\/hir.mediamarkt.hu\/magazin\/wp-content\/uploads\/2019\/07\/GOPRO-HERO-7-Black-sportkamera-1271150.png\" alt=\"\" width=\"363\" height=\"206\" \/>\r\n<h5>GOPRO HERO 7 Black sportkamera<\/h5>\r\n<!--<strong>\u00d6r\u00f6k\u00edtsd \u00e9s oszd meg \u00e9lm\u00e9nyeidet az SJCAM SJ4000 Plus WiFi v\u00edz\u00e1ll\u00f3 sportkamer\u00e1kkal! Legyen sz\u00f3 s\u00edel\u00e9sr\u0151l, ker\u00e9kp\u00e1roz\u00e1sr\u00f3l, hegym\u00e1sz\u00e1sr\u00f3l, snowboardoz\u00e1sr\u00f3l, g\u00f6rkorcsoly\u00e1z\u00e1sr\u00f3l, motoroz\u00e1sr\u00f3l, b\u00fav\u00e1rkod\u00e1sr\u00f3l, wakeboardoz\u00e1sr\u00f3l, v\u00edzi sportokr\u00f3l, az SJCAM kompakt m\u00e9ret\u0171 akci\u00f3kamera mindig Veled lehet.<\/strong>-->\r\n<div class=\"left_termekes_linkbox\"><a title=\"Tov\u00e1bbi sportkamer\u00e1k\" href=\"https:\/\/www.mediamarkt.hu\/hu\/shop\/foto-infotainment.html?rbtc=mag%7codi%7c%7c%7cp%7cfotoinfotainment20190705%7c#ex5\" target=\"_blank\" rel=\"noopener noreferrer\">Tov\u00e1bbi sportkamer\u00e1k<\/a><\/div>\r\n<\/div>\r\n<div class=\"right_szoveges\">\r\n<h4>Maga a kamera ek\u00f6zben biztons\u00e1gosan cs\u00fccs\u00fclhet ott, ahov\u00e1 feler\u0151s\u00edtett\u00fck: ehhez t\u00f6bb esetben kapunk \u00e1llv\u00e1nyokat, felragaszthat\u00f3 vagy csavarozhat\u00f3 tart\u00f3kat, p\u00e1ntokat \u00e9s egy\u00e9b r\u00f6gz\u00edt\u0151ket, hogy ker\u00e9kp\u00e1tr\u00f3l buk\u00f3sisakon \u00e1t a test\u00fcnkre tekert hevederekig b\u00e1rhov\u00e1 felpattinthassuk.<\/h4>\r\nT\u00f6bb modell k\u00edn\u00e1l kifejezetten sportra vagy egy\u00e9b mozg\u00e1sra kihegyezett tev\u00e9kenys\u00e9gre kifejlesztett l\u00e1t\u00f3sz\u00f6geket, ak\u00e1r halszemoptik\u00e1t is, \u00edgy olyan szemsz\u00f6gb\u0151l mutathatunk meg m\u00e1soknak egy \u00e1ltalunk v\u00e9grehajtott s\u00edugr\u00e1st, motoros tr\u00fckk\u00f6t, ejt\u0151erny\u0151s ugr\u00e1st vagy b\u00e1rmilyen egy\u00e9b tr\u00fckk\u00f6t, mintha a n\u00e9z\u0151 a mi szem\u00fcnk\u00f6n kereszt\u00fcl k\u00f6vetn\u00e9 az esem\u00e9nyeket.\r\n\r\n<\/div>\r\n<\/div>\r\n<div style=\"clear: both;\"><\/div>\r\nTerm\u00e9szetesen ezekben az apr\u00f3s\u00e1goknak is sok esetben el\u00e9rhet\u0151 a vide\u00f3z\u00e1s mellett t\u00f6bb egy\u00e9b \u00fczemm\u00f3d, p\u00e9ld\u00e1ul f\u00e9nyk\u00e9p, sorozatk\u00e9p (timelapse), vagy \u00e9jszakai felv\u00e9telek k\u00e9sz\u00edt\u00e9se is. Ha pedig t\u00e9nyleg igaz\u00e1n extr\u00e9m kik\u00e9pz\u00e9sre v\u00e1gyunk, ak\u00e1r olyan tokot is beszerezhet\u00fcnk hozz\u00e1juk, amely egy \u00e1tl\u00e1tsz\u00f3 v\u00e9d\u0151burkot k\u00e9pez k\u00f6r\u00fcl\u00f6tt\u00fck, de m\u00e9g \u00edgy is hozz\u00e1f\u00e9rhet\u00fcnk a vez\u00e9rl\u0151gombokhoz &#8211; ez\u00e1ltal p\u00e9ld\u00e1ul vesz\u00e9lyesebb terepekre, s\u0151t m\u00e9g a v\u00edz al\u00e1 is elvihetj\u00fck, hogy azt\u00e1n kiv\u00e1l\u00f3 tisztas\u00e1g\u00fa b\u00fav\u00e1r-felv\u00e9telekkel arassuk le a dics\u0151s\u00e9get.\r\n\r\n<div class=\"containersl\">\n<h1>Ismerkedj meg a term\u00e9kekkel<\/h1>\n<div id=\"mixedSlider\">\n<div class=\"MS-content\">\n<div class=\"item\">\n<div class=\"imgTitle\">\n<p><img decoding=\"async\" src=\"https:\/\/hir.mediamarkt.hu\/magazin\/wp-content\/uploads\/2021\/12\/LAMAX-X91-Akciokamera-2.png\" alt=\"LAMAX X9.1 Akci\u00f3kamera\" \/><\/p>\n<h2 class=\"blogTitle\">LAMAX X9.1 Akci\u00f3kamera<\/h2>\n<\/div>\n<p><a title=\"Tov\u00e1bbi sportkamer\u00e1k\" href=\"https:\/\/www.mediamarkt.hu\/hu\/shop\/foto-infotainment.html?rbtc=mag%7codi%7c%7c%7cp%7cfotoinfotainment20190705%7c#ex5\">Tov\u00e1bbi sportkamer\u00e1k<\/a>\n<\/div>\n<div class=\"item\">\n<div class=\"imgTitle\">\n<p><img decoding=\"async\" src=\"https:\/\/hir.mediamarkt.hu\/magazin\/wp-content\/uploads\/2019\/07\/SJCAM-SJ4000-Wifi-ez%C3%BCst-sportkamera-1198022.png\" alt=\"SJCAM SJ4000 Wifi ez\u00fcst sportkamera\" \/><\/p>\n<h2 class=\"blogTitle\">SJCAM SJ4000 Wifi ez\u00fcst sportkamera<\/h2>\n<\/div>\n<p><a title=\"Tov\u00e1bbi sportkamer\u00e1k\" href=\"https:\/\/www.mediamarkt.hu\/hu\/shop\/foto-infotainment.html?rbtc=mag%7codi%7c%7c%7cp%7cfotoinfotainment20190705%7c#ex5\">Tov\u00e1bbi sportkamer\u00e1k<\/a><\/p>\n<\/div>\n<div class=\"item\">\n<div class=\"imgTitle\">\n<p><img decoding=\"async\" src=\"https:\/\/hir.mediamarkt.hu\/magazin\/wp-content\/uploads\/2019\/07\/GOPRO-FUSION-360-fokos-sportkamera-1271463.png\" alt=\"GOPRO FUSION 360 fokos sportkamera\" \/><\/p>\n<h2 class=\"blogTitle\">GOPRO FUSION 360 fokos sportkamera<\/h2>\n<\/div>\n<p><a title=\"Tov\u00e1bbi sportkamer\u00e1k\" href=\"https:\/\/www.mediamarkt.hu\/hu\/shop\/foto-infotainment.html?rbtc=mag%7codi%7c%7c%7cp%7cfotoinfotainment20190705%7c#ex5\">Tov\u00e1bbi sportkamer\u00e1k<\/a><\/p>\n<\/div>\n<div class=\"item\">\n<div class=\"imgTitle\">\n<p><img decoding=\"async\" src=\"https:\/\/hir.mediamarkt.hu\/magazin\/wp-content\/uploads\/2019\/07\/GOPRO-HERO-7-Black-sportkamera-1271150.png\" alt=\"GOPRO HERO 7 Black sportkamera\" \/><\/p>\n<h2 class=\"blogTitle\">GOPRO HERO 7 Black sportkamera<\/h2>\n<\/div>\n<p><a title=\"Tov\u00e1bbi sportkamer\u00e1k\" href=\"https:\/\/www.mediamarkt.hu\/hu\/shop\/foto-infotainment.html?rbtc=mag%7codi%7c%7c%7cp%7cfotoinfotainment20190705%7c#ex5\">Tov\u00e1bbi sportkamer\u00e1k<\/a><\/p>\n<\/div>\n<\/div>\n<div class=\"MS-controls\"><button class=\"MS-left\"><i class=\"fa fa-angle-left\"><\/i><\/button><br \/>\n<button class=\"MS-right\"><i class=\"fa fa-angle-right\"><\/i><\/button><\/div>\n<\/div>\n<\/div>\n","protected":false},"excerpt":{"rendered":"Egyre t\u00f6bbsz\u00f6r tal\u00e1lkozni olyan furcsa emberk\u00e9kkel, akik a biciklis v\u00e9d\u0151sisakjukon, esetleg az ejt\u0151erny\u0151s szettj\u00fck p\u00e1ntj\u00e1ra er\u0151s\u00edtve, vagy \u00e9pp a motor korm\u00e1ny\u00e1ra er\u0151s\u00edtve apr\u00f3 kis &#8222;kock\u00e1kat&#8221; haszn\u00e1lnak. Az ilyen par\u00e1nyi kamer\u00e1k m\u00e9rete ne t\u00e9vesszen meg senkit, hiszen hihetetlen\u00fcl sokr\u00e9t\u0171en felhaszn\u00e1lhat\u00f3, j\u00f3 k\u00e9pmin\u0151s\u00e9g\u0171, \u00e9s legf\u0151k\u00e9ppen gyors reag\u00e1l\u00e1s\u00fa akci\u00f3kamer\u00e1kr\u00f3l van sz\u00f3, amelyeket kifejezetten a sebess\u00e9g, az \u00f3ri\u00e1si terek, a nagy\u00edv\u0171 mozg\u00e1sok t\u00f6k\u00e9letes r\u00f6gz\u00edt\u00e9s\u00e9re tal\u00e1ltak ki. A kateg\u00f3ria kir\u00e1lya egy\u00e9rtelm\u0171en az akci\u00f3kamer\u00e1k fogalm\u00e1t kital\u00e1l\u00f3 GoPro, de manaps\u00e1g m\u00e1r egyre t\u00f6bb gy\u00e1rt\u00f3 jelenik meg hasonl\u00f3 c\u00e9lokra sz\u00e1nt apr\u00f3 kamer\u00e1kkal, amelyeket \u00e9rtelemszer\u0171en teljesen m\u00e1shogy kell haszn\u00e1lni, mint egy hagyom\u00e1nyos f\u00e9nyk\u00e9pez\u0151g\u00e9pet vagy vide\u00f3kamer\u00e1t. Az \u00f6tlet a sz\u00f6rf\u00f6s\u00f6kt\u0151l sz\u00e1rmazik, akik szerett\u00e9k volna saj\u00e1t szemsz\u00f6g\u00fckb\u0151l meg\u00f6r\u00f6k\u00edteni, ahogy a leg\u0151r\u00fcltebb tr\u00fckk\u00f6ket mutatj\u00e1k be a hull\u00e1mok h\u00e1t\u00e1n (vagy \u00e9pp alattuk), de &#8230;","protected":false},"author":20,"featured_media":6152,"comment_status":"closed","ping_status":"closed","sticky":false,"template":"","format":"standard","meta":{"wprm-recipe-roundup-name":"","wprm-recipe-roundup-description":"","footnotes":""},"categories":[1,5991,5960,5945],"tags":[],"yoast_head":"<!-- This site is optimized with the Yoast SEO plugin v22.9 - https:\/\/yoast.com\/wordpress\/plugins\/seo\/ -->\n<title>Ragadd meg a pillanatot: erre j\u00f3 egy sportkamera - MediaMarkt Magazin<\/title>\n<meta name=\"robots\" content=\"index, follow, max-snippet:-1, max-image-preview:large, max-video-preview:-1\" \/>\n<link rel=\"canonical\" href=\"https:\/\/hir.mediamarkt.hu\/magazin\/ragadd-meg-pillanatot-erre-jo-egy-sportkamera\/\" \/>\n<meta property=\"og:locale\" content=\"hu_HU\" \/>\n<meta property=\"og:type\" content=\"article\" \/>\n<meta property=\"og:title\" content=\"Ragadd meg a pillanatot: erre j\u00f3 egy sportkamera - MediaMarkt Magazin\" \/>\n<meta property=\"og:description\" content=\"Egyre t\u00f6bbsz\u00f6r tal\u00e1lkozni olyan furcsa emberk\u00e9kkel, akik a biciklis v\u00e9d\u0151sisakjukon, esetleg az ejt\u0151erny\u0151s szettj\u00fck p\u00e1ntj\u00e1ra er\u0151s\u00edtve, vagy \u00e9pp a motor korm\u00e1ny\u00e1ra er\u0151s\u00edtve apr\u00f3 kis &#8222;kock\u00e1kat&#8221; haszn\u00e1lnak. Az ilyen par\u00e1nyi kamer\u00e1k m\u00e9rete ne t\u00e9vesszen meg senkit, hiszen hihetetlen\u00fcl sokr\u00e9t\u0171en felhaszn\u00e1lhat\u00f3, j\u00f3 k\u00e9pmin\u0151s\u00e9g\u0171, \u00e9s legf\u0151k\u00e9ppen gyors reag\u00e1l\u00e1s\u00fa akci\u00f3kamer\u00e1kr\u00f3l van sz\u00f3, amelyeket kifejezetten a sebess\u00e9g, az \u00f3ri\u00e1si terek, a nagy\u00edv\u0171 mozg\u00e1sok t\u00f6k\u00e9letes r\u00f6gz\u00edt\u00e9s\u00e9re tal\u00e1ltak ki. A kateg\u00f3ria kir\u00e1lya egy\u00e9rtelm\u0171en az akci\u00f3kamer\u00e1k fogalm\u00e1t kital\u00e1l\u00f3 GoPro, de manaps\u00e1g m\u00e1r egyre t\u00f6bb gy\u00e1rt\u00f3 jelenik meg hasonl\u00f3 c\u00e9lokra sz\u00e1nt apr\u00f3 kamer\u00e1kkal, amelyeket \u00e9rtelemszer\u0171en teljesen m\u00e1shogy kell haszn\u00e1lni, mint egy hagyom\u00e1nyos f\u00e9nyk\u00e9pez\u0151g\u00e9pet vagy vide\u00f3kamer\u00e1t. Az \u00f6tlet a sz\u00f6rf\u00f6s\u00f6kt\u0151l sz\u00e1rmazik, akik szerett\u00e9k volna saj\u00e1t szemsz\u00f6g\u00fckb\u0151l meg\u00f6r\u00f6k\u00edteni, ahogy a leg\u0151r\u00fcltebb tr\u00fckk\u00f6ket mutatj\u00e1k be a hull\u00e1mok h\u00e1t\u00e1n (vagy \u00e9pp alattuk), de ...\" \/>\n<meta property=\"og:url\" content=\"https:\/\/hir.mediamarkt.hu\/magazin\/ragadd-meg-pillanatot-erre-jo-egy-sportkamera\/\" \/>\n<meta property=\"og:site_name\" content=\"MediaMarkt Magazin\" \/>\n<meta property=\"article:publisher\" content=\"https:\/\/www.facebook.com\/MediaMarktMagyarorszag\" \/>\n<meta property=\"article:published_time\" content=\"2019-07-11T12:04:08+00:00\" \/>\n<meta property=\"article:modified_time\" content=\"2024-06-10T23:05:30+00:00\" \/>\n<meta property=\"og:image\" content=\"https:\/\/hir.mediamarkt.hu\/magazin\/wp-content\/uploads\/2018\/06\/gopro_header.jpg\" \/>\n\t<meta property=\"og:image:width\" content=\"1440\" \/>\n\t<meta property=\"og:image:height\" content=\"540\" \/>\n\t<meta property=\"og:image:type\" content=\"image\/jpeg\" \/>\n<meta name=\"author\" content=\"Zsoca\" \/>\n<meta name=\"twitter:label1\" content=\"Szerz\u0151:\" \/>\n\t<meta name=\"twitter:data1\" content=\"Zsoca\" \/>\n\t<meta name=\"twitter:label2\" content=\"Becs\u00fclt olvas\u00e1si id\u0151\" \/>\n\t<meta name=\"twitter:data2\" content=\"4 perc\" \/>\n<script type=\"application\/ld+json\" class=\"yoast-schema-graph\">{\"@context\":\"https:\/\/schema.org\",\"@graph\":[{\"@type\":\"WebPage\",\"@id\":\"https:\/\/hir.mediamarkt.hu\/magazin\/ragadd-meg-pillanatot-erre-jo-egy-sportkamera\/\",\"url\":\"https:\/\/hir.mediamarkt.hu\/magazin\/ragadd-meg-pillanatot-erre-jo-egy-sportkamera\/\",\"name\":\"Ragadd meg a pillanatot: erre j\u00f3 egy sportkamera - MediaMarkt Magazin\",\"isPartOf\":{\"@id\":\"https:\/\/hir.mediamarkt.hu\/magazin\/#website\"},\"primaryImageOfPage\":{\"@id\":\"https:\/\/hir.mediamarkt.hu\/magazin\/ragadd-meg-pillanatot-erre-jo-egy-sportkamera\/#primaryimage\"},\"image\":{\"@id\":\"https:\/\/hir.mediamarkt.hu\/magazin\/ragadd-meg-pillanatot-erre-jo-egy-sportkamera\/#primaryimage\"},\"thumbnailUrl\":\"https:\/\/hir.mediamarkt.hu\/magazin\/wp-content\/uploads\/2018\/06\/gopro_header.jpg\",\"datePublished\":\"2019-07-11T12:04:08+00:00\",\"dateModified\":\"2024-06-10T23:05:30+00:00\",\"author\":{\"@id\":\"https:\/\/hir.mediamarkt.hu\/magazin\/#\/schema\/person\/ff784ff80603a7251923c8ebb5b781a2\"},\"breadcrumb\":{\"@id\":\"https:\/\/hir.mediamarkt.hu\/magazin\/ragadd-meg-pillanatot-erre-jo-egy-sportkamera\/#breadcrumb\"},\"inLanguage\":\"hu\",\"potentialAction\":[{\"@type\":\"ReadAction\",\"target\":[\"https:\/\/hir.mediamarkt.hu\/magazin\/ragadd-meg-pillanatot-erre-jo-egy-sportkamera\/\"]}]},{\"@type\":\"ImageObject\",\"inLanguage\":\"hu\",\"@id\":\"https:\/\/hir.mediamarkt.hu\/magazin\/ragadd-meg-pillanatot-erre-jo-egy-sportkamera\/#primaryimage\",\"url\":\"https:\/\/hir.mediamarkt.hu\/magazin\/wp-content\/uploads\/2018\/06\/gopro_header.jpg\",\"contentUrl\":\"https:\/\/hir.mediamarkt.hu\/magazin\/wp-content\/uploads\/2018\/06\/gopro_header.jpg\",\"width\":1440,\"height\":540},{\"@type\":\"BreadcrumbList\",\"@id\":\"https:\/\/hir.mediamarkt.hu\/magazin\/ragadd-meg-pillanatot-erre-jo-egy-sportkamera\/#breadcrumb\",\"itemListElement\":[{\"@type\":\"ListItem\",\"position\":1,\"name\":\"Kezd\u0151lap\",\"item\":\"https:\/\/hir.mediamarkt.hu\/magazin\/\"},{\"@type\":\"ListItem\",\"position\":2,\"name\":\"Seg\u00edt\u00fcnk v\u00e1lasztani\",\"item\":\"https:\/\/hir.mediamarkt.hu\/magazin\/segitunk-valasztani\/\"},{\"@type\":\"ListItem\",\"position\":3,\"name\":\"Fot\u00f3 rovat\",\"item\":\"https:\/\/hir.mediamarkt.hu\/magazin\/segitunk-valasztani\/foto-rovat\/\"},{\"@type\":\"ListItem\",\"position\":4,\"name\":\"Ragadd meg a pillanatot: erre j\u00f3 egy sportkamera\"}]},{\"@type\":\"WebSite\",\"@id\":\"https:\/\/hir.mediamarkt.hu\/magazin\/#website\",\"url\":\"https:\/\/hir.mediamarkt.hu\/magazin\/\",\"name\":\"MediaMarkt Magazin\",\"description\":\"Olvass bele magazinunkba!\",\"potentialAction\":[{\"@type\":\"SearchAction\",\"target\":{\"@type\":\"EntryPoint\",\"urlTemplate\":\"https:\/\/hir.mediamarkt.hu\/magazin\/?s={search_term_string}\"},\"query-input\":\"required name=search_term_string\"}],\"inLanguage\":\"hu\"},{\"@type\":\"Person\",\"@id\":\"https:\/\/hir.mediamarkt.hu\/magazin\/#\/schema\/person\/ff784ff80603a7251923c8ebb5b781a2\",\"name\":\"Zsoca\",\"image\":{\"@type\":\"ImageObject\",\"inLanguage\":\"hu\",\"@id\":\"https:\/\/hir.mediamarkt.hu\/magazin\/#\/schema\/person\/image\/\",\"url\":\"https:\/\/secure.gravatar.com\/avatar\/24b8439fee7bc8c4530ef86e76a6d8f3?s=96&d=mm&r=g\",\"contentUrl\":\"https:\/\/secure.gravatar.com\/avatar\/24b8439fee7bc8c4530ef86e76a6d8f3?s=96&d=mm&r=g\",\"caption\":\"Zsoca\"}}]}<\/script>\n<!-- \/ Yoast SEO plugin. -->","yoast_head_json":{"title":"Ragadd meg a pillanatot: erre j\u00f3 egy sportkamera - MediaMarkt Magazin","robots":{"index":"index","follow":"follow","max-snippet":"max-snippet:-1","max-image-preview":"max-image-preview:large","max-video-preview":"max-video-preview:-1"},"canonical":"https:\/\/hir.mediamarkt.hu\/magazin\/ragadd-meg-pillanatot-erre-jo-egy-sportkamera\/","og_locale":"hu_HU","og_type":"article","og_title":"Ragadd meg a pillanatot: erre j\u00f3 egy sportkamera - MediaMarkt Magazin","og_description":"Egyre t\u00f6bbsz\u00f6r tal\u00e1lkozni olyan furcsa emberk\u00e9kkel, akik a biciklis v\u00e9d\u0151sisakjukon, esetleg az ejt\u0151erny\u0151s szettj\u00fck p\u00e1ntj\u00e1ra er\u0151s\u00edtve, vagy \u00e9pp a motor korm\u00e1ny\u00e1ra er\u0151s\u00edtve apr\u00f3 kis &#8222;kock\u00e1kat&#8221; haszn\u00e1lnak. Az ilyen par\u00e1nyi kamer\u00e1k m\u00e9rete ne t\u00e9vesszen meg senkit, hiszen hihetetlen\u00fcl sokr\u00e9t\u0171en felhaszn\u00e1lhat\u00f3, j\u00f3 k\u00e9pmin\u0151s\u00e9g\u0171, \u00e9s legf\u0151k\u00e9ppen gyors reag\u00e1l\u00e1s\u00fa akci\u00f3kamer\u00e1kr\u00f3l van sz\u00f3, amelyeket kifejezetten a sebess\u00e9g, az \u00f3ri\u00e1si terek, a nagy\u00edv\u0171 mozg\u00e1sok t\u00f6k\u00e9letes r\u00f6gz\u00edt\u00e9s\u00e9re tal\u00e1ltak ki. A kateg\u00f3ria kir\u00e1lya egy\u00e9rtelm\u0171en az akci\u00f3kamer\u00e1k fogalm\u00e1t kital\u00e1l\u00f3 GoPro, de manaps\u00e1g m\u00e1r egyre t\u00f6bb gy\u00e1rt\u00f3 jelenik meg hasonl\u00f3 c\u00e9lokra sz\u00e1nt apr\u00f3 kamer\u00e1kkal, amelyeket \u00e9rtelemszer\u0171en teljesen m\u00e1shogy kell haszn\u00e1lni, mint egy hagyom\u00e1nyos f\u00e9nyk\u00e9pez\u0151g\u00e9pet vagy vide\u00f3kamer\u00e1t. Az \u00f6tlet a sz\u00f6rf\u00f6s\u00f6kt\u0151l sz\u00e1rmazik, akik szerett\u00e9k volna saj\u00e1t szemsz\u00f6g\u00fckb\u0151l meg\u00f6r\u00f6k\u00edteni, ahogy a leg\u0151r\u00fcltebb tr\u00fckk\u00f6ket mutatj\u00e1k be a hull\u00e1mok h\u00e1t\u00e1n (vagy \u00e9pp alattuk), de ...","og_url":"https:\/\/hir.mediamarkt.hu\/magazin\/ragadd-meg-pillanatot-erre-jo-egy-sportkamera\/","og_site_name":"MediaMarkt Magazin","article_publisher":"https:\/\/www.facebook.com\/MediaMarktMagyarorszag","article_published_time":"2019-07-11T12:04:08+00:00","article_modified_time":"2024-06-10T23:05:30+00:00","og_image":[{"width":1440,"height":540,"url":"https:\/\/hir.mediamarkt.hu\/magazin\/wp-content\/uploads\/2018\/06\/gopro_header.jpg","type":"image\/jpeg"}],"author":"Zsoca","twitter_misc":{"Szerz\u0151:":"Zsoca","Becs\u00fclt olvas\u00e1si id\u0151":"4 perc"},"schema":{"@context":"https:\/\/schema.org","@graph":[{"@type":"WebPage","@id":"https:\/\/hir.mediamarkt.hu\/magazin\/ragadd-meg-pillanatot-erre-jo-egy-sportkamera\/","url":"https:\/\/hir.mediamarkt.hu\/magazin\/ragadd-meg-pillanatot-erre-jo-egy-sportkamera\/","name":"Ragadd meg a pillanatot: erre j\u00f3 egy sportkamera - MediaMarkt Magazin","isPartOf":{"@id":"https:\/\/hir.mediamarkt.hu\/magazin\/#website"},"primaryImageOfPage":{"@id":"https:\/\/hir.mediamarkt.hu\/magazin\/ragadd-meg-pillanatot-erre-jo-egy-sportkamera\/#primaryimage"},"image":{"@id":"https:\/\/hir.mediamarkt.hu\/magazin\/ragadd-meg-pillanatot-erre-jo-egy-sportkamera\/#primaryimage"},"thumbnailUrl":"https:\/\/hir.mediamarkt.hu\/magazin\/wp-content\/uploads\/2018\/06\/gopro_header.jpg","datePublished":"2019-07-11T12:04:08+00:00","dateModified":"2024-06-10T23:05:30+00:00","author":{"@id":"https:\/\/hir.mediamarkt.hu\/magazin\/#\/schema\/person\/ff784ff80603a7251923c8ebb5b781a2"},"breadcrumb":{"@id":"https:\/\/hir.mediamarkt.hu\/magazin\/ragadd-meg-pillanatot-erre-jo-egy-sportkamera\/#breadcrumb"},"inLanguage":"hu","potentialAction":[{"@type":"ReadAction","target":["https:\/\/hir.mediamarkt.hu\/magazin\/ragadd-meg-pillanatot-erre-jo-egy-sportkamera\/"]}]},{"@type":"ImageObject","inLanguage":"hu","@id":"https:\/\/hir.mediamarkt.hu\/magazin\/ragadd-meg-pillanatot-erre-jo-egy-sportkamera\/#primaryimage","url":"https:\/\/hir.mediamarkt.hu\/magazin\/wp-content\/uploads\/2018\/06\/gopro_header.jpg","contentUrl":"https:\/\/hir.mediamarkt.hu\/magazin\/wp-content\/uploads\/2018\/06\/gopro_header.jpg","width":1440,"height":540},{"@type":"BreadcrumbList","@id":"https:\/\/hir.mediamarkt.hu\/magazin\/ragadd-meg-pillanatot-erre-jo-egy-sportkamera\/#breadcrumb","itemListElement":[{"@type":"ListItem","position":1,"name":"Kezd\u0151lap","item":"https:\/\/hir.mediamarkt.hu\/magazin\/"},{"@type":"ListItem","position":2,"name":"Seg\u00edt\u00fcnk v\u00e1lasztani","item":"https:\/\/hir.mediamarkt.hu\/magazin\/segitunk-valasztani\/"},{"@type":"ListItem","position":3,"name":"Fot\u00f3 rovat","item":"https:\/\/hir.mediamarkt.hu\/magazin\/segitunk-valasztani\/foto-rovat\/"},{"@type":"ListItem","position":4,"name":"Ragadd meg a pillanatot: erre j\u00f3 egy sportkamera"}]},{"@type":"WebSite","@id":"https:\/\/hir.mediamarkt.hu\/magazin\/#website","url":"https:\/\/hir.mediamarkt.hu\/magazin\/","name":"MediaMarkt Magazin","description":"Olvass bele magazinunkba!","potentialAction":[{"@type":"SearchAction","target":{"@type":"EntryPoint","urlTemplate":"https:\/\/hir.mediamarkt.hu\/magazin\/?s={search_term_string}"},"query-input":"required name=search_term_string"}],"inLanguage":"hu"},{"@type":"Person","@id":"https:\/\/hir.mediamarkt.hu\/magazin\/#\/schema\/person\/ff784ff80603a7251923c8ebb5b781a2","name":"Zsoca","image":{"@type":"ImageObject","inLanguage":"hu","@id":"https:\/\/hir.mediamarkt.hu\/magazin\/#\/schema\/person\/image\/","url":"https:\/\/secure.gravatar.com\/avatar\/24b8439fee7bc8c4530ef86e76a6d8f3?s=96&d=mm&r=g","contentUrl":"https:\/\/secure.gravatar.com\/avatar\/24b8439fee7bc8c4530ef86e76a6d8f3?s=96&d=mm&r=g","caption":"Zsoca"}}]}},"_links":{"self":[{"href":"https:\/\/hir.mediamarkt.hu\/magazin\/wp-json\/wp\/v2\/posts\/5969"}],"collection":[{"href":"https:\/\/hir.mediamarkt.hu\/magazin\/wp-json\/wp\/v2\/posts"}],"about":[{"href":"https:\/\/hir.mediamarkt.hu\/magazin\/wp-json\/wp\/v2\/types\/post"}],"author":[{"embeddable":true,"href":"https:\/\/hir.mediamarkt.hu\/magazin\/wp-json\/wp\/v2\/users\/20"}],"replies":[{"embeddable":true,"href":"https:\/\/hir.mediamarkt.hu\/magazin\/wp-json\/wp\/v2\/comments?post=5969"}],"version-history":[{"count":7,"href":"https:\/\/hir.mediamarkt.hu\/magazin\/wp-json\/wp\/v2\/posts\/5969\/revisions"}],"predecessor-version":[{"id":9105,"href":"https:\/\/hir.mediamarkt.hu\/magazin\/wp-json\/wp\/v2\/posts\/5969\/revisions\/9105"}],"wp:featuredmedia":[{"embeddable":true,"href":"https:\/\/hir.mediamarkt.hu\/magazin\/wp-json\/wp\/v2\/media\/6152"}],"wp:attachment":[{"href":"https:\/\/hir.mediamarkt.hu\/magazin\/wp-json\/wp\/v2\/media?parent=5969"}],"wp:term":[{"taxonomy":"category","embeddable":true,"href":"https:\/\/hir.mediamarkt.hu\/magazin\/wp-json\/wp\/v2\/categories?post=5969"},{"taxonomy":"post_tag","embeddable":true,"href":"https:\/\/hir.mediamarkt.hu\/magazin\/wp-json\/wp\/v2\/tags?post=5969"}],"curies":[{"name":"wp","href":"https:\/\/api.w.org\/{rel}","templated":true}]}}