{"id":5971,"date":"2019-07-11T13:13:16","date_gmt":"2019-07-11T12:13:16","guid":{"rendered":"http:\/\/hir.mediamarkt.hu\/magazin\/?page_id=5971"},"modified":"2024-06-11T00:05:29","modified_gmt":"2024-06-10T23:05:29","slug":"es-megis-mozog-kep-ezert-jo-meg-mindig-videokamera","status":"publish","type":"post","link":"https:\/\/hir.mediamarkt.hu\/magazin\/es-megis-mozog-kep-ezert-jo-meg-mindig-videokamera\/","title":{"rendered":"\u00c9s m\u00e9gis mozog a k\u00e9p: <br\/><span>ez\u00e9rt j\u00f3 m\u00e9g mindig a vide\u00f3kamera<\/span>"},"content":{"rendered":"<strong>Manaps\u00e1g ak\u00e1r jogosnak is hihetn\u00e9nk azokat a v\u00e9lem\u00e9nyeket, amelyek szerint a kiv\u00e1l\u00f3 vide\u00f3felv\u00e9teleket k\u00e9sz\u00edt\u0151 okostelefonok vagy a kompakt f\u00e9nyk\u00e9pez\u0151g\u00e9pek kor\u00e1ban m\u00e1r feleslegesek a kifejezetten vide\u00f3z\u00e1sra k\u00e9sz\u00edtett kamer\u00e1k. Pedig ez a &#8222;cip\u0151t a cip\u0151boltb\u00f3l&#8221; tipikus esete: ha val\u00f3ban ig\u00e9nyes mozg\u00f3k\u00e9peket szeretn\u00e9nk k\u00e9sz\u00edteni, m\u00e9g mindig egy vide\u00f3kamera a legjobb v\u00e1laszt\u00e1s.<\/strong>\r\n\r\nHa tudjuk, hogy legink\u00e1bb mozg\u00f3k\u00e9peket szeretn\u00e9nk k\u00e9sz\u00edteni, a f\u00e9nyk\u00e9pez\u0151g\u00e9pek \u00e9s a mobilok megold\u00e1sai sokszor gyeng\u00e9bb eredm\u00e9nyt adnak, egyszer\u0171en az\u00e9rt, mert nem erre val\u00f3k. N\u00e9zz\u00fcnk meg jobban egy mobillal r\u00f6gz\u00edtett vide\u00f3t: a gyorsabb mozg\u00e1sok elmos\u00f3dottak, a t\u00e1rgyak \u00e9s emberek kont\u00farjai elnagyoltak, \u00e9s persze a felv\u00e9tel k\u00f6zben \u00fagy r\u00e1zk\u00f3dik a k\u00e9p, mintha csak egy f\u00f6ldreng\u00e9s kell\u0151s k\u00f6zep\u00e9n pr\u00f3b\u00e1ltunk volna talpon maradni.\r\n\r\n<img loading=\"lazy\" decoding=\"async\" class=\"aligncenter size-large wp-image-5854\" src=\"http:\/\/hir.mediamarkt.hu\/magazin\/wp-content\/uploads\/2018\/06\/FDR-AX53.jpg\" alt=\"\" width=\"1024\" height=\"684\" \/>\r\n\r\nA vide\u00f3kamer\u00e1kban egyr\u00e9szt olyan k\u00e9p\u00e9rz\u00e9kel\u0151 dolgozik, amely a gyors mozg\u00e1sokat is r\u00e9szletesen, tiszt\u00e1n k\u00e9pes r\u00f6gz\u00edteni, mik\u00f6zben t\u00f6bb modell rendelkezik fejlett optikai k\u00e9pstabiliz\u00e1torral, amely egyenesen tartja a k\u00e9pet m\u00e9g akkor is, ha p\u00e9ld\u00e1ul gyalogl\u00e1s k\u00f6zben vide\u00f3zunk, vagy gyors mozdulatokkal k\u00f6vetj\u00fck a filmezni k\u00edv\u00e1nt esem\u00e9nyeket &#8211; aki kisgyereket vagy macsk\u00e1t pr\u00f3b\u00e1lt vide\u00f3zni, minden bizonnyal tudja, mir\u0151l besz\u00e9l\u00fcnk.\r\n<div class=\"fotos_osztott\">\r\n<div class=\"left_termekes\">\r\n\r\n<img loading=\"lazy\" decoding=\"async\" class=\"alignleft size-full wp-image-5857\" src=\"https:\/\/hir.mediamarkt.hu\/magazin\/wp-content\/uploads\/2019\/07\/CANON-Legria-HF-R806-videokamera-1224315.png\" alt=\"CANON Legria HF R806 videokamera, feh\u00e9r + t\u00e1ska + 8GB SD k\u00e1rtya\" width=\"363\" height=\"206\" \/>\r\n<h5>CANON Legria HF R806 videokamera, feh\u00e9r + t\u00e1ska + 8GB SD k\u00e1rtya<\/h5>\r\n<!--<strong>A magas szint\u0171 k\u00e9pstabiliz\u00e1l\u00e1s gondoskodik r\u00f3la, hogy akkor se mozduljon be a k\u00e9p, ha a k\u00e9sz\u00fcl\u00e9k felv\u00e9tel k\u00f6zben a haszn\u00e1l\u00f3 remeg\u0151 keze vagy egy\u00e9b k\u00f6r\u00fclm\u00e9nyek miatt r\u00e1zk\u00f3d\u00e1snak van kit\u00e9ve<\/strong>-->\r\n<div class=\"left_termekes_linkbox\"><a href=\"https:\/\/www.mediamarkt.hu\/hu\/shop\/foto-infotainment.html?rbtc=mag%7codi%7c%7c%7cp%7cfotoinfotainment20190705%7c#ex6\" target=\"_blank\" rel=\"noopener noreferrer\" title=\"Tov\u00e1bbi videokamer\u00e1k\">Tov\u00e1bbi videokamer\u00e1k<\/a><\/div>\r\n<\/div>\r\n<div class=\"right_szoveges\">\r\n<h4>Ugyan\u00edgy a vide\u00f3z\u00e1st seg\u00edti az, hogy a vide\u00f3kamer\u00e1kon sokkal \u00e9rz\u00e9kenyebben m\u0171k\u00f6dik a zoom, mint a f\u00e9nyk\u00e9pez\u0151g\u00e9peken.<\/h4>\r\nAk\u00e1r a filmk\u00e9sz\u00edt\u00e9s k\u00f6zben is r\u00e1k\u00f6zel\u00edthet\u00fcnk a t\u00e9m\u00e1ra, egyes modellek eset\u00e9ben nyom\u00e1s\u00e9rz\u00e9keny gombok seg\u00edts\u00e9g\u00e9vel gyorsabban vagy lassabban, hogy a n\u00e9z\u0151 k\u00e9s\u0151bb ne azt \u00e9rezze, hogy &#8222;beszippantja&#8221; a felv\u00e9tel.\r\n\r\n<\/div>\r\n<\/div>\r\nAmi pedig tal\u00e1n a legfontosabb: k\u00fcl\u00f6nf\u00e9le limit\u00e1ci\u00f3k miatt a f\u00e9nyk\u00e9pez\u0151g\u00e9pekkel nem lehet bizonyos sz\u0171k id\u0151kereteken t\u00fall\u00e9pve a v\u00e9gtelens\u00e9gig vide\u00f3zni. Az pedig kifejezetten frusztr\u00e1l\u00f3 lehet, amikor egy sportesem\u00e9ny, sz\u00ednh\u00e1zi el\u0151ad\u00e1s, vagy ak\u00e1r egy hosszabb l\u00e9legzet\u0171 csal\u00e1di esem\u00e9ny, esk\u00fcv\u0151 kell\u0151s k\u00f6zep\u00e9n marad ki a legfontosabb p\u00e1r pillanat az\u00e9rt, mert egy f\u00e9nyk\u00e9pez\u0151g\u00e9pen 15 vagy 30 perc ut\u00e1n kikapcsol a vide\u00f3, \u00e9s \u00fajra kell ind\u00edtanunk a felv\u00e9telt. A vide\u00f3kamer\u00e1kn\u00e1l nincs ilyen korl\u00e1toz\u00e1s, itt a felv\u00e9tel hossz\u00e1t legfeljebb a mem\u00f3riak\u00e1rtya nagys\u00e1ga, vagy az akku lemer\u00fcl\u00e9se szabhatja meg.\r\n\r\nV\u00e1s\u00e1rl\u00e1s el\u0151tt \u00e9rdemes azt is megn\u00e9zni, milyen form\u00e1tumban szeretn\u00e9nk r\u00f6gz\u00edteni a vide\u00f3kat. Ha p\u00e9ld\u00e1ul azonnal, szerkeszt\u00e9s n\u00e9lk\u00fcl szeretn\u00e9nk viszonylag kis m\u00e9ret\u0171 f\u00e1jlokat kapni, amelyeket k\u00f6zvetlen\u00fcl felt\u00f6lthet\u00fcnk YouTube-ra vagy Facebookra, az mp4 lesz a bar\u00e1tunk, de ha komolyabb szerkeszt\u00e9sre, profi felhaszn\u00e1l\u00e1sra k\u00e9sz\u00edtj\u00fck a filmeket, keress\u00fcnk olyan kamer\u00e1t, amely AVCHD form\u00e1tumot is k\u00e9pes k\u00e9sz\u00edteni a nagy felbont\u00e1s\u00fa, vesztes\u00e9gmentes min\u0151s\u00e9g\u00e9rt.\r\n\r\nAzt is \u00e9rdemes kipr\u00f3b\u00e1lni, hogy a kiv\u00e1lasztott kamera hogyan &#8222;\u00e1ll a k\u00e9zben&#8221;. Mozg\u00f3k\u00e9pet ugyanis m\u00e1shogy r\u00f6gz\u00edt\u00fcnk, mint fot\u00f3t, ehhez m\u00e1r jobban sz\u00fcks\u00e9g\u00fcnk van arra, hogy rugalmasan mozoghassunk a felv\u00e9tel k\u00e9sz\u00edt\u00e9se k\u00f6zben, \u00e9s nem \u00e1rt, ha a kis kijelz\u0151t is t\u00f6bb ir\u00e1nyban elforgathatjuk, hogy b\u00e1rmilyen kitekert p\u00f3zban is filmez\u00fcnk, mindig j\u00f3l l\u00e1ssuk a k\u00e9sz\u00fcl\u0151 k\u00e9peket. V\u00e9g\u00fcl pedig n\u00e9zz\u00fck meg, meddig b\u00edrja az eszk\u00f6z akkumul\u00e1tora, hiszen az is t\u00f6nkre tudja tenni a k\u00e9sz\u00fcl\u0151 film\u00fcnket, ha l\u00e9pten-nyomon meg kell szak\u00edtanunk a felv\u00e9teleket az \u00e1ramforr\u00e1s kif\u00e1rad\u00e1sa miatt.\r\n\r\n<div class=\"containersl kamerak\">\n<h1>Ismerkedj meg a term\u00e9kekkel<\/h1>\n<div id=\"mixedSlider\">\n<div class=\"MS-content\">\n<div class=\"item\">\n<div class=\"imgTitle\">\n<p><img decoding=\"async\" src=\"https:\/\/hir.mediamarkt.hu\/magazin\/wp-content\/uploads\/2019\/07\/SONY-HDR-CX405-fekete-videokamera-1164397.png\" alt=\"SONY HDR-CX405 fekete videokamera\" \/><\/p>\n<h2 class=\"blogTitle\">SONY HDR-CX405 fekete videokamera<\/h2>\n<\/div>\n<p><a title=\"Tov\u00e1bbi videokamer\u00e1k\" href=\"https:\/\/www.mediamarkt.hu\/hu\/shop\/foto-infotainment.html?rbtc=mag%7codi%7c%7c%7cp%7cfotoinfotainment20190705%7c#ex6\">Tov\u00e1bbi videokamer\u00e1k<\/a><\/p>\n<\/div>\n<div class=\"item\">\n<div class=\"imgTitle\">\n<p><img decoding=\"async\" src=\"https:\/\/hir.mediamarkt.hu\/magazin\/wp-content\/uploads\/2019\/07\/PANASONIC-HC-V380EP-K-videokamera-1196190.png\" alt=\"PANASONIC HC-V380EP-K videokamera\" \/><\/p>\n<h2 class=\"blogTitle\">PANASONIC HC-V380EP-K videokamera<\/h2>\n<\/div>\n<p><a title=\"Tov\u00e1bbi videokamer\u00e1k\" href=\"https:\/\/www.mediamarkt.hu\/hu\/shop\/foto-infotainment.html?rbtc=mag%7codi%7c%7c%7cp%7cfotoinfotainment20190705%7c#ex6\">Tov\u00e1bbi videokamer\u00e1k<\/a><\/p>\n<\/div>\n<div class=\"item\">\n<div class=\"imgTitle\">\n<p><img decoding=\"async\" src=\"https:\/\/hir.mediamarkt.hu\/magazin\/wp-content\/uploads\/2019\/07\/CANON-Legria-HF-R806-videokamera-1224315.png\" alt=\"CANON Legria HF R806 videokamera, feh\u00e9r + t\u00e1ska + 8GB SD k\u00e1rtya\" \/><\/p>\n<h2 class=\"blogTitle\">CANON Legria HF R806 videokamera, feh\u00e9r + t\u00e1ska + 8GB SD k\u00e1rtya<\/h2>\n<\/div>\n<p><a title=\"Tov\u00e1bbi videokamer\u00e1k\" href=\"https:\/\/www.mediamarkt.hu\/hu\/shop\/foto-infotainment.html?rbtc=mag%7codi%7c%7c%7cp%7cfotoinfotainment20190705%7c#ex6\">Tov\u00e1bbi videokamer\u00e1k<\/a><\/p>\n<\/div>\n<\/div>\n<div class=\"MS-controls\"><button class=\"MS-left\"><i class=\"fa fa-angle-left\"><\/i><\/button><br \/>\n<button class=\"MS-right\"><i class=\"fa fa-angle-right\"><\/i><\/button><\/div>\n<\/div>\n<\/div>\n","protected":false},"excerpt":{"rendered":"Manaps\u00e1g ak\u00e1r jogosnak is hihetn\u00e9nk azokat a v\u00e9lem\u00e9nyeket, amelyek szerint a kiv\u00e1l\u00f3 vide\u00f3felv\u00e9teleket k\u00e9sz\u00edt\u0151 okostelefonok vagy a kompakt f\u00e9nyk\u00e9pez\u0151g\u00e9pek kor\u00e1ban m\u00e1r feleslegesek a kifejezetten vide\u00f3z\u00e1sra k\u00e9sz\u00edtett kamer\u00e1k. Pedig ez a &#8222;cip\u0151t a cip\u0151boltb\u00f3l&#8221; tipikus esete: ha val\u00f3ban ig\u00e9nyes mozg\u00f3k\u00e9peket szeretn\u00e9nk k\u00e9sz\u00edteni, m\u00e9g mindig egy vide\u00f3kamera a legjobb v\u00e1laszt\u00e1s. Ha tudjuk, hogy legink\u00e1bb mozg\u00f3k\u00e9peket szeretn\u00e9nk k\u00e9sz\u00edteni, a f\u00e9nyk\u00e9pez\u0151g\u00e9pek \u00e9s a mobilok megold\u00e1sai sokszor gyeng\u00e9bb eredm\u00e9nyt adnak, egyszer\u0171en az\u00e9rt, mert nem erre val\u00f3k. N\u00e9zz\u00fcnk meg jobban egy mobillal r\u00f6gz\u00edtett vide\u00f3t: a gyorsabb mozg\u00e1sok elmos\u00f3dottak, a t\u00e1rgyak \u00e9s emberek kont\u00farjai elnagyoltak, \u00e9s persze a felv\u00e9tel k\u00f6zben \u00fagy r\u00e1zk\u00f3dik a k\u00e9p, mintha csak egy f\u00f6ldreng\u00e9s kell\u0151s k\u00f6zep\u00e9n pr\u00f3b\u00e1ltunk volna talpon maradni. A vide\u00f3kamer\u00e1kban egyr\u00e9szt olyan k\u00e9p\u00e9rz\u00e9kel\u0151 dolgozik, amely a gyors mozg\u00e1sokat is r\u00e9szletesen, tiszt\u00e1n &#8230;","protected":false},"author":20,"featured_media":6179,"comment_status":"closed","ping_status":"closed","sticky":false,"template":"","format":"standard","meta":{"wprm-recipe-roundup-name":"","wprm-recipe-roundup-description":"","footnotes":""},"categories":[1,5991,5960,5945],"tags":[],"yoast_head":"<!-- This site is optimized with the Yoast SEO plugin v22.9 - https:\/\/yoast.com\/wordpress\/plugins\/seo\/ -->\n<title>\u00c9s m\u00e9gis mozog a k\u00e9p: ez\u00e9rt j\u00f3 m\u00e9g mindig a vide\u00f3kamera - MediaMarkt Magazin<\/title>\n<meta name=\"robots\" content=\"index, follow, max-snippet:-1, max-image-preview:large, max-video-preview:-1\" \/>\n<link rel=\"canonical\" href=\"https:\/\/hir.mediamarkt.hu\/magazin\/es-megis-mozog-kep-ezert-jo-meg-mindig-videokamera\/\" \/>\n<meta property=\"og:locale\" content=\"hu_HU\" \/>\n<meta property=\"og:type\" content=\"article\" \/>\n<meta property=\"og:title\" content=\"\u00c9s m\u00e9gis mozog a k\u00e9p: ez\u00e9rt j\u00f3 m\u00e9g mindig a vide\u00f3kamera - MediaMarkt Magazin\" \/>\n<meta property=\"og:description\" content=\"Manaps\u00e1g ak\u00e1r jogosnak is hihetn\u00e9nk azokat a v\u00e9lem\u00e9nyeket, amelyek szerint a kiv\u00e1l\u00f3 vide\u00f3felv\u00e9teleket k\u00e9sz\u00edt\u0151 okostelefonok vagy a kompakt f\u00e9nyk\u00e9pez\u0151g\u00e9pek kor\u00e1ban m\u00e1r feleslegesek a kifejezetten vide\u00f3z\u00e1sra k\u00e9sz\u00edtett kamer\u00e1k. Pedig ez a &#8222;cip\u0151t a cip\u0151boltb\u00f3l&#8221; tipikus esete: ha val\u00f3ban ig\u00e9nyes mozg\u00f3k\u00e9peket szeretn\u00e9nk k\u00e9sz\u00edteni, m\u00e9g mindig egy vide\u00f3kamera a legjobb v\u00e1laszt\u00e1s. Ha tudjuk, hogy legink\u00e1bb mozg\u00f3k\u00e9peket szeretn\u00e9nk k\u00e9sz\u00edteni, a f\u00e9nyk\u00e9pez\u0151g\u00e9pek \u00e9s a mobilok megold\u00e1sai sokszor gyeng\u00e9bb eredm\u00e9nyt adnak, egyszer\u0171en az\u00e9rt, mert nem erre val\u00f3k. N\u00e9zz\u00fcnk meg jobban egy mobillal r\u00f6gz\u00edtett vide\u00f3t: a gyorsabb mozg\u00e1sok elmos\u00f3dottak, a t\u00e1rgyak \u00e9s emberek kont\u00farjai elnagyoltak, \u00e9s persze a felv\u00e9tel k\u00f6zben \u00fagy r\u00e1zk\u00f3dik a k\u00e9p, mintha csak egy f\u00f6ldreng\u00e9s kell\u0151s k\u00f6zep\u00e9n pr\u00f3b\u00e1ltunk volna talpon maradni. A vide\u00f3kamer\u00e1kban egyr\u00e9szt olyan k\u00e9p\u00e9rz\u00e9kel\u0151 dolgozik, amely a gyors mozg\u00e1sokat is r\u00e9szletesen, tiszt\u00e1n ...\" \/>\n<meta property=\"og:url\" content=\"https:\/\/hir.mediamarkt.hu\/magazin\/es-megis-mozog-kep-ezert-jo-meg-mindig-videokamera\/\" \/>\n<meta property=\"og:site_name\" content=\"MediaMarkt Magazin\" \/>\n<meta property=\"article:publisher\" content=\"https:\/\/www.facebook.com\/MediaMarktMagyarorszag\" \/>\n<meta property=\"article:published_time\" content=\"2019-07-11T12:13:16+00:00\" \/>\n<meta property=\"article:modified_time\" content=\"2024-06-10T23:05:29+00:00\" \/>\n<meta property=\"og:image\" content=\"https:\/\/hir.mediamarkt.hu\/magazin\/wp-content\/uploads\/2018\/06\/FDR-AX53_2.jpg\" \/>\n\t<meta property=\"og:image:width\" content=\"1440\" \/>\n\t<meta property=\"og:image:height\" content=\"540\" \/>\n\t<meta property=\"og:image:type\" content=\"image\/jpeg\" \/>\n<meta name=\"author\" content=\"Zsoca\" \/>\n<meta name=\"twitter:label1\" content=\"Szerz\u0151:\" \/>\n\t<meta name=\"twitter:data1\" content=\"Zsoca\" \/>\n\t<meta name=\"twitter:label2\" content=\"Becs\u00fclt olvas\u00e1si id\u0151\" \/>\n\t<meta name=\"twitter:data2\" content=\"4 perc\" \/>\n<script type=\"application\/ld+json\" class=\"yoast-schema-graph\">{\"@context\":\"https:\/\/schema.org\",\"@graph\":[{\"@type\":\"WebPage\",\"@id\":\"https:\/\/hir.mediamarkt.hu\/magazin\/es-megis-mozog-kep-ezert-jo-meg-mindig-videokamera\/\",\"url\":\"https:\/\/hir.mediamarkt.hu\/magazin\/es-megis-mozog-kep-ezert-jo-meg-mindig-videokamera\/\",\"name\":\"\u00c9s m\u00e9gis mozog a k\u00e9p: ez\u00e9rt j\u00f3 m\u00e9g mindig a vide\u00f3kamera - MediaMarkt Magazin\",\"isPartOf\":{\"@id\":\"https:\/\/hir.mediamarkt.hu\/magazin\/#website\"},\"primaryImageOfPage\":{\"@id\":\"https:\/\/hir.mediamarkt.hu\/magazin\/es-megis-mozog-kep-ezert-jo-meg-mindig-videokamera\/#primaryimage\"},\"image\":{\"@id\":\"https:\/\/hir.mediamarkt.hu\/magazin\/es-megis-mozog-kep-ezert-jo-meg-mindig-videokamera\/#primaryimage\"},\"thumbnailUrl\":\"https:\/\/hir.mediamarkt.hu\/magazin\/wp-content\/uploads\/2018\/06\/FDR-AX53_2.jpg\",\"datePublished\":\"2019-07-11T12:13:16+00:00\",\"dateModified\":\"2024-06-10T23:05:29+00:00\",\"author\":{\"@id\":\"https:\/\/hir.mediamarkt.hu\/magazin\/#\/schema\/person\/ff784ff80603a7251923c8ebb5b781a2\"},\"breadcrumb\":{\"@id\":\"https:\/\/hir.mediamarkt.hu\/magazin\/es-megis-mozog-kep-ezert-jo-meg-mindig-videokamera\/#breadcrumb\"},\"inLanguage\":\"hu\",\"potentialAction\":[{\"@type\":\"ReadAction\",\"target\":[\"https:\/\/hir.mediamarkt.hu\/magazin\/es-megis-mozog-kep-ezert-jo-meg-mindig-videokamera\/\"]}]},{\"@type\":\"ImageObject\",\"inLanguage\":\"hu\",\"@id\":\"https:\/\/hir.mediamarkt.hu\/magazin\/es-megis-mozog-kep-ezert-jo-meg-mindig-videokamera\/#primaryimage\",\"url\":\"https:\/\/hir.mediamarkt.hu\/magazin\/wp-content\/uploads\/2018\/06\/FDR-AX53_2.jpg\",\"contentUrl\":\"https:\/\/hir.mediamarkt.hu\/magazin\/wp-content\/uploads\/2018\/06\/FDR-AX53_2.jpg\",\"width\":1440,\"height\":540},{\"@type\":\"BreadcrumbList\",\"@id\":\"https:\/\/hir.mediamarkt.hu\/magazin\/es-megis-mozog-kep-ezert-jo-meg-mindig-videokamera\/#breadcrumb\",\"itemListElement\":[{\"@type\":\"ListItem\",\"position\":1,\"name\":\"Kezd\u0151lap\",\"item\":\"https:\/\/hir.mediamarkt.hu\/magazin\/\"},{\"@type\":\"ListItem\",\"position\":2,\"name\":\"Seg\u00edt\u00fcnk v\u00e1lasztani\",\"item\":\"https:\/\/hir.mediamarkt.hu\/magazin\/segitunk-valasztani\/\"},{\"@type\":\"ListItem\",\"position\":3,\"name\":\"Fot\u00f3 rovat\",\"item\":\"https:\/\/hir.mediamarkt.hu\/magazin\/segitunk-valasztani\/foto-rovat\/\"},{\"@type\":\"ListItem\",\"position\":4,\"name\":\"\u00c9s m\u00e9gis mozog a k\u00e9p: ez\u00e9rt j\u00f3 m\u00e9g mindig a vide\u00f3kamera\"}]},{\"@type\":\"WebSite\",\"@id\":\"https:\/\/hir.mediamarkt.hu\/magazin\/#website\",\"url\":\"https:\/\/hir.mediamarkt.hu\/magazin\/\",\"name\":\"MediaMarkt Magazin\",\"description\":\"Olvass bele magazinunkba!\",\"potentialAction\":[{\"@type\":\"SearchAction\",\"target\":{\"@type\":\"EntryPoint\",\"urlTemplate\":\"https:\/\/hir.mediamarkt.hu\/magazin\/?s={search_term_string}\"},\"query-input\":\"required name=search_term_string\"}],\"inLanguage\":\"hu\"},{\"@type\":\"Person\",\"@id\":\"https:\/\/hir.mediamarkt.hu\/magazin\/#\/schema\/person\/ff784ff80603a7251923c8ebb5b781a2\",\"name\":\"Zsoca\",\"image\":{\"@type\":\"ImageObject\",\"inLanguage\":\"hu\",\"@id\":\"https:\/\/hir.mediamarkt.hu\/magazin\/#\/schema\/person\/image\/\",\"url\":\"https:\/\/secure.gravatar.com\/avatar\/24b8439fee7bc8c4530ef86e76a6d8f3?s=96&d=mm&r=g\",\"contentUrl\":\"https:\/\/secure.gravatar.com\/avatar\/24b8439fee7bc8c4530ef86e76a6d8f3?s=96&d=mm&r=g\",\"caption\":\"Zsoca\"}}]}<\/script>\n<!-- \/ Yoast SEO plugin. -->","yoast_head_json":{"title":"\u00c9s m\u00e9gis mozog a k\u00e9p: ez\u00e9rt j\u00f3 m\u00e9g mindig a vide\u00f3kamera - MediaMarkt Magazin","robots":{"index":"index","follow":"follow","max-snippet":"max-snippet:-1","max-image-preview":"max-image-preview:large","max-video-preview":"max-video-preview:-1"},"canonical":"https:\/\/hir.mediamarkt.hu\/magazin\/es-megis-mozog-kep-ezert-jo-meg-mindig-videokamera\/","og_locale":"hu_HU","og_type":"article","og_title":"\u00c9s m\u00e9gis mozog a k\u00e9p: ez\u00e9rt j\u00f3 m\u00e9g mindig a vide\u00f3kamera - MediaMarkt Magazin","og_description":"Manaps\u00e1g ak\u00e1r jogosnak is hihetn\u00e9nk azokat a v\u00e9lem\u00e9nyeket, amelyek szerint a kiv\u00e1l\u00f3 vide\u00f3felv\u00e9teleket k\u00e9sz\u00edt\u0151 okostelefonok vagy a kompakt f\u00e9nyk\u00e9pez\u0151g\u00e9pek kor\u00e1ban m\u00e1r feleslegesek a kifejezetten vide\u00f3z\u00e1sra k\u00e9sz\u00edtett kamer\u00e1k. Pedig ez a &#8222;cip\u0151t a cip\u0151boltb\u00f3l&#8221; tipikus esete: ha val\u00f3ban ig\u00e9nyes mozg\u00f3k\u00e9peket szeretn\u00e9nk k\u00e9sz\u00edteni, m\u00e9g mindig egy vide\u00f3kamera a legjobb v\u00e1laszt\u00e1s. Ha tudjuk, hogy legink\u00e1bb mozg\u00f3k\u00e9peket szeretn\u00e9nk k\u00e9sz\u00edteni, a f\u00e9nyk\u00e9pez\u0151g\u00e9pek \u00e9s a mobilok megold\u00e1sai sokszor gyeng\u00e9bb eredm\u00e9nyt adnak, egyszer\u0171en az\u00e9rt, mert nem erre val\u00f3k. N\u00e9zz\u00fcnk meg jobban egy mobillal r\u00f6gz\u00edtett vide\u00f3t: a gyorsabb mozg\u00e1sok elmos\u00f3dottak, a t\u00e1rgyak \u00e9s emberek kont\u00farjai elnagyoltak, \u00e9s persze a felv\u00e9tel k\u00f6zben \u00fagy r\u00e1zk\u00f3dik a k\u00e9p, mintha csak egy f\u00f6ldreng\u00e9s kell\u0151s k\u00f6zep\u00e9n pr\u00f3b\u00e1ltunk volna talpon maradni. A vide\u00f3kamer\u00e1kban egyr\u00e9szt olyan k\u00e9p\u00e9rz\u00e9kel\u0151 dolgozik, amely a gyors mozg\u00e1sokat is r\u00e9szletesen, tiszt\u00e1n ...","og_url":"https:\/\/hir.mediamarkt.hu\/magazin\/es-megis-mozog-kep-ezert-jo-meg-mindig-videokamera\/","og_site_name":"MediaMarkt Magazin","article_publisher":"https:\/\/www.facebook.com\/MediaMarktMagyarorszag","article_published_time":"2019-07-11T12:13:16+00:00","article_modified_time":"2024-06-10T23:05:29+00:00","og_image":[{"width":1440,"height":540,"url":"https:\/\/hir.mediamarkt.hu\/magazin\/wp-content\/uploads\/2018\/06\/FDR-AX53_2.jpg","type":"image\/jpeg"}],"author":"Zsoca","twitter_misc":{"Szerz\u0151:":"Zsoca","Becs\u00fclt olvas\u00e1si id\u0151":"4 perc"},"schema":{"@context":"https:\/\/schema.org","@graph":[{"@type":"WebPage","@id":"https:\/\/hir.mediamarkt.hu\/magazin\/es-megis-mozog-kep-ezert-jo-meg-mindig-videokamera\/","url":"https:\/\/hir.mediamarkt.hu\/magazin\/es-megis-mozog-kep-ezert-jo-meg-mindig-videokamera\/","name":"\u00c9s m\u00e9gis mozog a k\u00e9p: ez\u00e9rt j\u00f3 m\u00e9g mindig a vide\u00f3kamera - MediaMarkt Magazin","isPartOf":{"@id":"https:\/\/hir.mediamarkt.hu\/magazin\/#website"},"primaryImageOfPage":{"@id":"https:\/\/hir.mediamarkt.hu\/magazin\/es-megis-mozog-kep-ezert-jo-meg-mindig-videokamera\/#primaryimage"},"image":{"@id":"https:\/\/hir.mediamarkt.hu\/magazin\/es-megis-mozog-kep-ezert-jo-meg-mindig-videokamera\/#primaryimage"},"thumbnailUrl":"https:\/\/hir.mediamarkt.hu\/magazin\/wp-content\/uploads\/2018\/06\/FDR-AX53_2.jpg","datePublished":"2019-07-11T12:13:16+00:00","dateModified":"2024-06-10T23:05:29+00:00","author":{"@id":"https:\/\/hir.mediamarkt.hu\/magazin\/#\/schema\/person\/ff784ff80603a7251923c8ebb5b781a2"},"breadcrumb":{"@id":"https:\/\/hir.mediamarkt.hu\/magazin\/es-megis-mozog-kep-ezert-jo-meg-mindig-videokamera\/#breadcrumb"},"inLanguage":"hu","potentialAction":[{"@type":"ReadAction","target":["https:\/\/hir.mediamarkt.hu\/magazin\/es-megis-mozog-kep-ezert-jo-meg-mindig-videokamera\/"]}]},{"@type":"ImageObject","inLanguage":"hu","@id":"https:\/\/hir.mediamarkt.hu\/magazin\/es-megis-mozog-kep-ezert-jo-meg-mindig-videokamera\/#primaryimage","url":"https:\/\/hir.mediamarkt.hu\/magazin\/wp-content\/uploads\/2018\/06\/FDR-AX53_2.jpg","contentUrl":"https:\/\/hir.mediamarkt.hu\/magazin\/wp-content\/uploads\/2018\/06\/FDR-AX53_2.jpg","width":1440,"height":540},{"@type":"BreadcrumbList","@id":"https:\/\/hir.mediamarkt.hu\/magazin\/es-megis-mozog-kep-ezert-jo-meg-mindig-videokamera\/#breadcrumb","itemListElement":[{"@type":"ListItem","position":1,"name":"Kezd\u0151lap","item":"https:\/\/hir.mediamarkt.hu\/magazin\/"},{"@type":"ListItem","position":2,"name":"Seg\u00edt\u00fcnk v\u00e1lasztani","item":"https:\/\/hir.mediamarkt.hu\/magazin\/segitunk-valasztani\/"},{"@type":"ListItem","position":3,"name":"Fot\u00f3 rovat","item":"https:\/\/hir.mediamarkt.hu\/magazin\/segitunk-valasztani\/foto-rovat\/"},{"@type":"ListItem","position":4,"name":"\u00c9s m\u00e9gis mozog a k\u00e9p: ez\u00e9rt j\u00f3 m\u00e9g mindig a vide\u00f3kamera"}]},{"@type":"WebSite","@id":"https:\/\/hir.mediamarkt.hu\/magazin\/#website","url":"https:\/\/hir.mediamarkt.hu\/magazin\/","name":"MediaMarkt Magazin","description":"Olvass bele magazinunkba!","potentialAction":[{"@type":"SearchAction","target":{"@type":"EntryPoint","urlTemplate":"https:\/\/hir.mediamarkt.hu\/magazin\/?s={search_term_string}"},"query-input":"required name=search_term_string"}],"inLanguage":"hu"},{"@type":"Person","@id":"https:\/\/hir.mediamarkt.hu\/magazin\/#\/schema\/person\/ff784ff80603a7251923c8ebb5b781a2","name":"Zsoca","image":{"@type":"ImageObject","inLanguage":"hu","@id":"https:\/\/hir.mediamarkt.hu\/magazin\/#\/schema\/person\/image\/","url":"https:\/\/secure.gravatar.com\/avatar\/24b8439fee7bc8c4530ef86e76a6d8f3?s=96&d=mm&r=g","contentUrl":"https:\/\/secure.gravatar.com\/avatar\/24b8439fee7bc8c4530ef86e76a6d8f3?s=96&d=mm&r=g","caption":"Zsoca"}}]}},"_links":{"self":[{"href":"https:\/\/hir.mediamarkt.hu\/magazin\/wp-json\/wp\/v2\/posts\/5971"}],"collection":[{"href":"https:\/\/hir.mediamarkt.hu\/magazin\/wp-json\/wp\/v2\/posts"}],"about":[{"href":"https:\/\/hir.mediamarkt.hu\/magazin\/wp-json\/wp\/v2\/types\/post"}],"author":[{"embeddable":true,"href":"https:\/\/hir.mediamarkt.hu\/magazin\/wp-json\/wp\/v2\/users\/20"}],"replies":[{"embeddable":true,"href":"https:\/\/hir.mediamarkt.hu\/magazin\/wp-json\/wp\/v2\/comments?post=5971"}],"version-history":[{"count":14,"href":"https:\/\/hir.mediamarkt.hu\/magazin\/wp-json\/wp\/v2\/posts\/5971\/revisions"}],"predecessor-version":[{"id":9117,"href":"https:\/\/hir.mediamarkt.hu\/magazin\/wp-json\/wp\/v2\/posts\/5971\/revisions\/9117"}],"wp:featuredmedia":[{"embeddable":true,"href":"https:\/\/hir.mediamarkt.hu\/magazin\/wp-json\/wp\/v2\/media\/6179"}],"wp:attachment":[{"href":"https:\/\/hir.mediamarkt.hu\/magazin\/wp-json\/wp\/v2\/media?parent=5971"}],"wp:term":[{"taxonomy":"category","embeddable":true,"href":"https:\/\/hir.mediamarkt.hu\/magazin\/wp-json\/wp\/v2\/categories?post=5971"},{"taxonomy":"post_tag","embeddable":true,"href":"https:\/\/hir.mediamarkt.hu\/magazin\/wp-json\/wp\/v2\/tags?post=5971"}],"curies":[{"name":"wp","href":"https:\/\/api.w.org\/{rel}","templated":true}]}}