{"id":5981,"date":"2019-07-15T10:25:23","date_gmt":"2019-07-15T09:25:23","guid":{"rendered":"http:\/\/hir.mediamarkt.hu\/magazin\/?page_id=5981"},"modified":"2024-06-11T00:05:29","modified_gmt":"2024-06-10T23:05:29","slug":"digitalis-tukorreflexes-fenykepezogepek","status":"publish","type":"post","link":"https:\/\/hir.mediamarkt.hu\/magazin\/digitalis-tukorreflexes-fenykepezogepek\/","title":{"rendered":"Digit\u00e1lis t\u00fck\u00f6rreflexes f\u00e9nyk\u00e9pez\u0151g\u00e9pek"},"content":{"rendered":"<strong>Ahogy a kompakt f\u00e9nyk\u00e9pez\u0151g\u00e9pek szerep\u00e9t m\u00e1ra szinte teljesen \u00e1tvett\u00e9k a mobiltelefonok, \u00fagy lett a fot\u00f3z\u00e1s \u201et\u00f6megcikk\u201d. M\u00e1r szinte nem is \u00edrunk bejegyz\u00e9seket, ink\u00e1bb gyorsan lefot\u00f3zzuk, amit l\u00e1tunk, \u00e9s persze haszn\u00e1ljuk a mindenki \u00e1ltal el\u00e9rhet\u0151 kamer\u00e1s appokat, egyen-effekteket. Ez\u00e1ltal viszont azt l\u00e1thatjuk, hogy minden egyes t\u00e1jk\u00e9p, portr\u00e9, koncertk\u00e9p vagy sportfot\u00f3, ami szembej\u00f6n vel\u00fcnk az interneten, szinte ugyanolyan. A fot\u00f3s szem\u00e9lye, l\u00e1t\u00e1sm\u00f3dja, egy\u00e9nis\u00e9ge nincs sehol, elt\u0171nik a t\u00f6megek \u00e1ltal haszn\u00e1lt, el\u0151re be\u00e1ll\u00edtott, \u201egyors\u00e9ttermi\u201d k\u00e9pk\u00e9sz\u00edt\u00e9s d\u00f6mpingj\u00e9ben. Sz\u00f3val mit tegyen az, aki t\u00e9nyleg valami saj\u00e1tot szeretne elmes\u00e9lni a k\u00e9peivel, megmutatni azt, hogyan l\u00e1tja \u0151 a vil\u00e1got?<\/strong>\r\n\r\nIlyenkor j\u00f6n el a t\u00fck\u00f6rreflexes g\u00e9pek, avagy DSLR-ek ideje. Ezek azok az eszk\u00f6z\u00f6k, amelyek alapvet\u0151 m\u0171k\u00f6d\u00e9si elv\u00fcket tekintve m\u00e1r nagyon hasonl\u00f3an m\u0171k\u00f6dnek, mint a klasszikus, cser\u00e9lhet\u0151 objekt\u00edves, bel\u00fcl bonyolult, de pontos t\u00fck\u00f6rrendszerekkel f\u00e9nyt manipul\u00e1l\u00f3 kamer\u00e1k.\r\n\r\nA DSLR jelent\u00e9se Digital SingleLens Reflex, amely szint\u00e9n ezt a m\u0171k\u00f6d\u00e9si elvet jellemzi: a g\u00e9p optik\u00e1ja m\u00f6g\u00f6tt egy t\u00fck\u00f6r tal\u00e1lhat\u00f3, melyr\u0151l a f\u00e9ny egyenesen a keres\u0151be jut, el\u0151seg\u00edtend\u0151 a k\u00e9p megkompon\u00e1l\u00e1s\u00e1t. Abban az esetben, ha az expon\u00e1l\u00f3gombot megnyomjuk, a t\u00fck\u00f6r felcsap\u00f3dik (ezalatt nem is l\u00e1tunk semmit a keres\u0151ben) \u00e9s \u00e1tengedi az optika \u00e1ltal rajzolt k\u00e9pet a k\u00e9p\u00e9rz\u00e9kel\u0151 szenzornak, amely r\u00f6gz\u00edti azt \u00e9s tov\u00e1bb\u00edtja a k\u00e9pfeldolgoz\u00f3 \u00e1ramk\u00f6r\u00f6k fel\u00e9.\r\n<div class=\"fotos_osztott\">\r\n<div class=\"left_termekes\">\r\n\r\n<img loading=\"lazy\" decoding=\"async\" class=\"alignleft size-full wp-image-5857\" src=\"https:\/\/hir.mediamarkt.hu\/magazin\/wp-content\/uploads\/2019\/07\/CANON-EOS-2000D-DSLR-kit.png\" alt=\"CANON EOS 2000D DSLR f\u00e9nyk\u00e9pez\u0151g\u00e9p + EF-S 18-55mm f\/3.5-5.6 DC III + SB130 t\u00e1ska + 16GB SD k\u00e1rtya\" width=\"363\" height=\"206\" \/>\r\n<h5>CANON EOS 2000D DSLR f\u00e9nyk\u00e9pez\u0151g\u00e9p + EF-S 18-55mm f\/3.5-5.6 DC III + SB130 t\u00e1ska + 16GB SD k\u00e1rtya<\/h5>\r\n<div class=\"left_termekes_linkbox\"><a title=\"Tov\u00e1bbi DSLR f\u00e9nyk\u00e9pez\u0151g\u00e9pek\" href=\"https:\/\/www.mediamarkt.hu\/hu\/shop\/foto-infotainment.html?rbtc=mag%7codi%7c%7c%7cp%7cfotoinfotainment20190705%7c#ex1\" target=\"_blank\" rel=\"noopener noreferrer\">Tov\u00e1bbi DSLR f\u00e9nyk\u00e9pez\u0151g\u00e9pek<\/a><\/div>\r\n<\/div>\r\n<div class=\"right_szoveges\">Neh\u00e9z terep, mondhatni, m\u00e9lyv\u00edz, csak \u00fasz\u00f3knak \u2013 de ahogy az \u00fasz\u00e1st is meg lehet tanulni, ut\u00e1na pedig m\u00e1r el sem tudja k\u00e9pzelni az ember, milyen volt a parton \u00e1csorogni, a DSLR g\u00e9pek haszn\u00e1lata is megh\u00e1l\u00e1lja a bel\u00e9j\u00fck fektetett tanul\u00e1si folyamatot. Nem is csak az\u00e9rt, mert egy t\u00fck\u00f6rreflexes rendszer minden egy\u00e9bn\u00e9l jobban a fot\u00f3s val\u00f3di k\u00e9pess\u00e9geit &#8222;t\u00fckr\u00f6zi&#8221;, de ezeken a g\u00e9peken a funkci\u00f3k gazdags\u00e1ga is egy sok\u00e1ig tanulhat\u00f3 \u00e9s tanuland\u00f3, ezerf\u00e9lek\u00e9ppen be\u00e1ll\u00edthat\u00f3 rendszert k\u00e9pez.<\/div>\r\n<\/div>\r\n<div style=\"clear: both;\"><\/div>\r\nEzt tal\u00e1n ahhoz hasonl\u00edthatn\u00e1nk, mint amikor valaki automata v\u00e1lt\u00f3s aut\u00f3b\u00f3l kuplungosba \u00fcl \u00e1t &#8211; csak itt egy helyett h\u00fasz kuplungot tal\u00e1l \u00e9s legal\u00e1bb sz\u00e1z sebess\u00e9get. Egy ilyen g\u00e9pen ugyanis m\u00e1r manu\u00e1lisan szab\u00e1lyozhatjuk ak\u00e1r a legapr\u00f3bb r\u00e9szleteket is a z\u00e1rsebess\u00e9gt\u0151l az ISO \u00e9rt\u00e9ken \u00e1t a feh\u00e9regyens\u00falyig, \u00e9s b\u00e1r term\u00e9szetesen az \u00f6sszes modern t\u00fck\u00f6rreflexes g\u00e9pben is vannak automata vagy el\u0151re be\u00e1ll\u00edtott lehet\u0151s\u00e9gek, az igazi tud\u00e1sukat akkor mutatj\u00e1k meg, amikor \u00e1tadj\u00e1k a teljes vez\u00e9rl\u00e9st a tulajdonosuknak.\r\n\r\nA t\u00fck\u00f6rreflexes g\u00e9pek term\u00e9szetesen \u00f6nmagukban nem is k\u00e9pesek felv\u00e9teleket k\u00e9sz\u00edteni, hiszen a f\u00e9nyk\u00e9pez\u0151g\u00e9p az eset\u00fckben a g\u00e9pv\u00e1zat jelenti (teh\u00e1t az \u00e9rz\u00e9kel\u0151 szenzort \u00e9s a vez\u00e9rl\u0151 eszk\u00f6z\u00f6ket tartalmaz\u00f3 egys\u00e9get). Ehhez v\u00e1laszthatjuk ki a megfelel\u0151 objekt\u00edvet, vagy ink\u00e1bb objekt\u00edveket, hiszen ezeket szabadon cser\u00e9lgethetj\u00fck (term\u00e9szetesen az\u00e9rt arra figyeln\u00fcnk kell, hogy mindig a g\u00e9pv\u00e1zzal kompatibilis optik\u00e1kat szerezz\u00fcnk be). Ezekb\u0151l lehet ak\u00e1r sokszoros zoomra k\u00e9pes modell\u00fcnk, vagy portr\u00e9k\u00e9sz\u00edt\u00e9sre val\u00f3 kisebb, esetleg a legapr\u00f3bb dolgokat meg\u00f6r\u00f6k\u00edteni k\u00e9pes makr\u00f3, vagy olyan speci\u00e1lis darabok, mint a k\u00fcl\u00f6nleges effektet ad\u00f3 halszem-lencse. A DSLR g\u00e9peket a cser\u00e9lhet\u0151 objekt\u00edvekkel az \u00e1ltal\u00e1nosabb, \u201emindenre j\u00f3 valamilyen szinten\u201d elvet k\u00f6vet\u0151 kompakt g\u00e9pekkel ellent\u00e9tben olyan felhaszn\u00e1l\u00e1sra faraghatjuk, amilyenre csak sz\u00fcks\u00e9g\u00fcnk van a f\u00e9nyk\u00e9pezni k\u00edv\u00e1nt t\u00e9ma, a k\u00f6rnyezet, vagy \u00e9pp saj\u00e1t l\u00e1t\u00e1sm\u00f3dunk k\u00edv\u00e1nalmai szerint. Igaz, minden egyes gy\u00e1rt\u00f3 v\u00e1z\u00e1nak saj\u00e1t rendszercsatlakoz\u00f3ja, bajonettje van, \u00edgy p\u00e9ld\u00e1ul egy Nikon optik\u00e1t nem tehet\u00fcnk egy Canon g\u00e9pre. Ez mindemellett nem jelenti azt, hogy Canonra csak Canon optika illik, mert sz\u00e1mos optikagy\u00e1rt\u00f3, k\u00f6zt\u00fck a Sigma, vagy a Tamron is k\u00edn\u00e1l majdnem mindegyik rendszerhez megold\u00e1sokat.\r\n<div class=\"fotos_osztott\">\r\n<div class=\"left_termekes\">\r\n\r\n<img loading=\"lazy\" decoding=\"async\" class=\"alignleft size-full wp-image-5857\" src=\"https:\/\/hir.mediamarkt.hu\/magazin\/wp-content\/uploads\/2019\/07\/NIKON-D3500-AF-P-18-55-mm-VR-Kit-fekete-1270777-275x190.png\" alt=\"NIKON D3500 + AF-P 18-55 mm VR Kit fekete\" width=\"363\" height=\"206\" \/>\r\n<h5>NIKON D3500 + AF-P 18-55 mm VR Kit fekete<\/h5>\r\n<div class=\"left_termekes_linkbox\"><a href=\"https:\/\/www.mediamarkt.hu\/hu\/shop\/foto-infotainment.html?rbtc=mag%7codi%7c%7c%7cp%7cfotoinfotainment20190705%7c#ex1\" target=\"_blank\" rel=\"noopener noreferrer\">Tov\u00e1bbi DSLR f\u00e9nyk\u00e9pez\u0151g\u00e9pek<\/a><\/div>\r\n<\/div>\r\n<div class=\"right_szoveges\">A kateg\u00f3ria tov\u00e1bbi el\u0151nye a kis m\u00e9lys\u00e9g\u00e9less\u00e9g be\u00e1ll\u00edt\u00e1s\u00e1nak lehet\u0151s\u00e9ge, amely a nagy szenzorm\u00e9retnek k\u00f6sz\u00f6nhet\u0151. Egy kompaktg\u00e9p eset\u00e9ben a k\u00f6r\u00f6mnyi \u00e9rz\u00e9kel\u0151 miatt nagyobb a m\u00e9lys\u00e9g\u00e9less\u00e9g \u00e9s ez komoly gondot jelenthet p\u00e9ld\u00e1ul egy port\u00e9 k\u00e9sz\u00edt\u00e9se k\u00f6zben. A DSLR g\u00e9pek \u00e1ltal\u00e1ban gyorsabb autof\u00f3kusz rendszerrel, r\u00f6videbb expoz\u00edci\u00f3 k\u00e9sleltet\u00e9ssel, \u00e9s sorozatfelv\u00e9tel eset\u00e9n nagyobb k\u00f6ztes t\u00e1rol\u00f3val rendelkeznek (a sorozat t\u00f6bb k\u00e9pb\u0151l \u00e1llhat, miel\u0151tt megszakadna az adatok k\u00e1rty\u00e1ra ment\u00e9s\u00e9nek idej\u00e9re).<\/div>\r\n<\/div>\r\nEbben a f\u00e9nyk\u00e9pez\u0151g\u00e9p-kateg\u00f3ri\u00e1ban is megk\u00fcl\u00f6nb\u00f6ztethet\u00fcnk bel\u00e9p\u0151, k\u00f6z\u00e9pkateg\u00f3ri\u00e1s \u00e9s cs\u00facs-szint\u0171 eszk\u00f6z\u00f6ket. Itt azonban m\u00e1r nem olyan \u00e9les \u00e9s egy\u00e9rtelm\u0171 a hat\u00e1r, mint a kompakt g\u00e9pekn\u00e9l, ahol n\u00e9h\u00e1ny alapfunkci\u00f3 megl\u00e9t\u00e9b\u0151l m\u00e1ris eld\u00f6nthetj\u00fck, milyen komoly modellel van dolgunk. A bel\u00e9p\u0151 szint\u0171 t\u00fck\u00f6rreflexes g\u00e9pek \u00e1ltal\u00e1ban olcs\u00f3bbak, ami pontosan azoknak j\u00f3, akik mostan\u00e1ban v\u00e1ltanak ilyenfajta eszk\u00f6zre valami egyszer\u0171bbr\u0151l, \u00e9s az \u00e1tszok\u00e1s \u00edgy nem ker\u00fcl olyan fajs\u00falyos \u00f6sszegbe. Emellett az ilyen modellek m\u00e9g t\u00f6bb automata vagy seg\u00edtett be\u00e1ll\u00edt\u00e1ssal &#8222;vezetik a kez\u00e9t&#8221; a technol\u00f3gi\u00e1kat tanul\u00f3 fot\u00f3soknak, de persze ez\u00e9rt a manu\u00e1lis be\u00e1ll\u00edt\u00e1sokb\u00f3l ezeken m\u00e9g kevesebb \u00e9rhet\u0151 el.\r\n\r\nAzt\u00e1n ahogy haladunk a komolyabb g\u00e9pek fel\u00e9, ann\u00e1l t\u00f6bb az \u00e1ltalunk kitekergethet\u0151, v\u00e9gigmolyolgathat\u00f3, apr\u00f3l\u00e9kosan kitapasztalhat\u00f3 be\u00e1ll\u00edt\u00e1si lehet\u0151s\u00e9g, \u00e9s persze ann\u00e1l t\u00f6bbf\u00e9le objekt\u00edvet, k\u00fcls\u0151 eszk\u00f6zt (p\u00e9ld\u00e1ul a f\u00e9nyk\u00e9pez\u0151g\u00e9ppel szinkroniz\u00e1lhat\u00f3 st\u00fadi\u00f3vaku-rendszereket, t\u00e1vir\u00e1ny\u00edt\u00f3kat) kapcsolhatunk hozz\u00e1juk. Szint\u00e9n \u00e9rdemes tudni, hogy manaps\u00e1g a komoly vide\u00f3sok, p\u00e9ld\u00e1ul a vide\u00f3klipeket, rekl\u00e1mfilmeket k\u00e9sz\u00edt\u0151k k\u00f6z\u00f6tt is egyre t\u00f6bben haszn\u00e1lnak t\u00fck\u00f6rreflexes f\u00e9nyk\u00e9pez\u0151g\u00e9peket is a mozg\u00f3k\u00e9pek k\u00e9sz\u00edt\u00e9s\u00e9hez, ugyanis m\u00e1r ezek is nagyon fejlett vide\u00f3s lehet\u0151s\u00e9geket k\u00edn\u00e1lnak, viszont a j\u00f3l megv\u00e1lasztott fot\u00f3s optik\u00e1k r\u00e9szletess\u00e9ge \u00e9s tisztas\u00e1ga miatt ak\u00e1r le is k\u00f6r\u00f6zhetik a vide\u00f3kamer\u00e1kat egyes be\u00e1ll\u00edt\u00e1sok \u00e9s funkci\u00f3k eset\u00e9n.\r\n\r\n\u00c9rdemes p\u00e9ld\u00e1ul megn\u00e9zni, milyen k\u00e9p\u00e9rz\u00e9kel\u0151 dolgozik az \u00e1ltalunk kiszemelt f\u00e9nyk\u00e9pez\u0151g\u00e9pben. A CCD (charged-coupleddevice) tradicion\u00e1lisan a legelterjedtebb szenzort\u00edpus, nagy dinamikatartom\u00e1ny, j\u00f3 kontraszt\u00e1tfog\u00e1s jellemzi a nagy fogyaszt\u00e1s \u00e9s a zaj\u00e9rz\u00e9kenys\u00e9g mellett. Ilyen \u00e9rz\u00e9kel\u0151t \u00e9p\u00edt a g\u00e9peibe a Nikon, az Olympus, a Pentax, vagy a Sony. A m\u00e1sik t\u00edpus a Canon saj\u00e1t fejleszt\u00e9s\u0171 CMOS (complementary metal-oxidesemiconductor) lapk\u00e1ja, amelyek el\u0151\u00e1ll\u00edt\u00e1sa olcs\u00f3bb, tizedannyit fogyaszt, mint egy CCD \u00e9s seg\u00edts\u00e9g\u00e9vel zajszeg\u00e9nyebb k\u00e9peket kapunk.\r\n\r\nV\u00e9g\u00fcl pedig m\u00e9g egy fontos el\u0151ny a profi g\u00e9pek mellett: a vesztes\u00e9gmentes f\u00e1jlform\u00e1tumok haszn\u00e1lat\u00e1nak lehet\u0151s\u00e9ge. A kis kamer\u00e1k \u00e1ltal haszn\u00e1lt, legelterjedtebb vesztes\u00e9ges t\u00f6m\u00f6r\u00edt\u00e9si elj\u00e1r\u00e1st alkalmaz\u00f3 JPEG f\u00e1jlform\u00e1tum nem ad nagy szabads\u00e1got ilyen t\u00e9ren, b\u00e1r nem elhanyagolhat\u00f3, hogy a m\u00e9rete a t\u00f6m\u00f6r\u00edt\u00e9snek k\u00f6sz\u00f6nhet\u0151en igen kicsi, \u00edgy egy adott kapacit\u00e1s\u00fa mem\u00f3riak\u00e1rty\u00e1ra igen sokat fot\u00f3zhatunk, igaz az erre \u00e9rz\u00e9keny k\u00e9pr\u00e9szleteken a t\u00f6m\u00f6r\u00edt\u00e9sb\u0151l ad\u00f3d\u00f3 hib\u00e1kat is \u00e9szrevehetj\u00fck. A t\u00f6m\u00f6r\u00edtetlen, vesztes\u00e9gmentes form\u00e1tumok eset\u00e9ben viszont a k\u00e9p\u00e9rz\u00e9kel\u0151 \u00e1ltal vett k\u00e9pinform\u00e1ci\u00f3 csak minim\u00e1lisan m\u00f3dosul a f\u00e9nyk\u00e9pez\u0151g\u00e9p elektronik\u00e1ja \u00e1ltal, szinte nyersen ker\u00fcl t\u00e1rol\u00e1sra. Egy sokoldal\u00fa RAW-szerkeszt\u0151 programmal a feh\u00e9regyens\u00faly v\u00e1ltoztat\u00e1s\u00e1n k\u00edv\u00fcl m\u00e9g az expoz\u00edci\u00f3s \u00e9rt\u00e9kekre is lehet r\u00e1hat\u00e1sunk.\r\n\r\nAzt szok\u00e1s mondani, hogy aki t\u00fck\u00f6rreflexes f\u00e9nyk\u00e9pez\u0151g\u00e9pet szeretne, besz\u00e9lgessen profikkal. Fot\u00f3sokkal, az \u00e1ruh\u00e1zak sokf\u00e9lek\u00e9ppen k\u00e9pzett szakembereivel, vagy \u00e9pp olyanokkal, akik nem sokkal kor\u00e1bban tanult\u00e1k maguk is a komoly f\u00e9nyk\u00e9pez\u00e9st \u00e9s ismerik az \u00e1t\u00e1ll\u00e1s f\u00e1zisait. Ahogy komoly aut\u00f3t, \u00fagy profi f\u00e9nyk\u00e9pez\u0151g\u00e9pet sem v\u00e1laszt az ember &#8222;l\u00e1ttamra&#8221;, de ha egyszer megtal\u00e1lja a sz\u00e1m\u00e1ra megfelel\u0151t, abb\u00f3l ak\u00e1r \u00f6r\u00f6k szerelem is lehet.\r\n\r\n<div class=\"containersl\">\n<h1>Ismerkedj meg a term\u00e9kekkel<\/h1>\n<div id=\"mixedSlider\">\n<div class=\"MS-content\">\n<div class=\"item\">\n<div class=\"imgTitle\">\n<p><img decoding=\"async\" src=\"https:\/\/hir.mediamarkt.hu\/magazin\/wp-content\/uploads\/2019\/07\/CANON-EF-50-mm-f-18-STM-1174194.png\" alt=\"CANON EF 50 mm f\/1.8 STM objekt\u00edv\" \/><\/p>\n<h2 class=\"blogTitle\">CANON EF 50 mm f\/1.8 STM objekt\u00edv<\/h2>\n<\/div>\n<p><a title=\"Tov\u00e1bbi objekt\u00edvek\" href=\"https:\/\/www.mediamarkt.hu\/hu\/category\/-504711.html?rbtc=mag%7codi%7c%7c%7cp%7cfotoinfotainment20190705%7c\">Tov\u00e1bbi objekt\u00edvek<\/a><\/p>\n<\/div>\n<div class=\"item\">\n<div class=\"imgTitle\">\n<p><img decoding=\"async\" src=\"https:\/\/hir.mediamarkt.hu\/magazin\/wp-content\/uploads\/2019\/07\/NIKON-35mm-f-1-1048310.png\" alt=\"NIKON 35mm f\/1.8 G AF-S DX objekt\u00edv\" \/><\/p>\n<h2 class=\"blogTitle\">NIKON 35mm f\/1.8 G AF-S DX objekt\u00edv<\/h2>\n<\/div>\n<p><a title=\"Tov\u00e1bbi objekt\u00edvek\" href=\"https:\/\/www.mediamarkt.hu\/hu\/category\/-504711.html?rbtc=mag%7codi%7c%7c%7cp%7cfotoinfotainment20190705%7c\">Tov\u00e1bbi objekt\u00edvek<\/a><\/p>\n<\/div>\n<div class=\"item\">\n<div class=\"imgTitle\">\n<p><img decoding=\"async\" src=\"https:\/\/hir.mediamarkt.hu\/magazin\/wp-content\/uploads\/2019\/07\/TAMRON-70-300-mm-f-4.0-5-1011487.png\" alt=\"TAMRON 70-300 mm f\/4.0-5.6 Di LD (Canon)\" \/><\/p>\n<h2 class=\"blogTitle\">TAMRON 70-300 mm f\/4.0-5.6 Di LD (Canon)<\/h2>\n<\/div>\n<p><a title=\"Tov\u00e1bbi objekt\u00edvek\" href=\"https:\/\/www.mediamarkt.hu\/hu\/category\/-504711.html?rbtc=mag%7codi%7c%7c%7cp%7cfotoinfotainment20190705%7c\">Tov\u00e1bbi objekt\u00edvek<\/a><\/p>\n<\/div>\n<div class=\"item\">\n<div class=\"imgTitle\">\n<p><img decoding=\"async\" src=\"https:\/\/hir.mediamarkt.hu\/magazin\/wp-content\/uploads\/2019\/07\/NIKON-85mm-f-1-1091859.png\" alt=\"NIKON 85mm f\/1.8 G AF-S objekt\u00edv\" \/><\/p>\n<h2 class=\"blogTitle\">NIKON 85mm f\/1.8 G AF-S objekt\u00edv<\/h2>\n<\/div>\n<p><a title=\"Tov\u00e1bbi objekt\u00edvek\" href=\"https:\/\/www.mediamarkt.hu\/hu\/category\/-504711.html?rbtc=mag%7codi%7c%7c%7cp%7cfotoinfotainment20190705%7c\">Tov\u00e1bbi objekt\u00edvek<\/a><\/p>\n<\/div>\n<div class=\"item\">\n<div class=\"imgTitle\">\n<p><img decoding=\"async\" src=\"https:\/\/hir.mediamarkt.hu\/magazin\/wp-content\/uploads\/2019\/07\/CANON-EOS-6D-MARK-II-vaz-1240433.png\" alt=\"CANON EOS 6D MARK II v\u00e1z\" \/><\/p>\n<h2 class=\"blogTitle\">CANON EOS 6D MARK II v\u00e1z<\/h2>\n<\/div>\n<p><a title=\"Tov\u00e1bbi DSLR f\u00e9nyk\u00e9pez\u0151g\u00e9pek\" href=\"https:\/\/www.mediamarkt.hu\/hu\/shop\/foto-infotainment.html?rbtc=mag%7codi%7c%7c%7cp%7cfotoinfotainment20190705%7c#ex1\">Tov\u00e1bbi DSLR f\u00e9nyk\u00e9pez\u0151g\u00e9pek<br \/>\n<\/a><\/p>\n<\/div>\n<div class=\"item\">\n<div class=\"imgTitle\">\n<p><img decoding=\"async\" src=\"https:\/\/hir.mediamarkt.hu\/magazin\/wp-content\/uploads\/2019\/07\/CANON-EOS-5D-MARK-IV-vaz-1213357.png\" alt=\"CANON EOS 5D MARK IV v\u00e1z\" \/><\/p>\n<h2 class=\"blogTitle\">CANON EOS 5D MARK IV v\u00e1z<\/h2>\n<\/div>\n<p><a title=\"Tov\u00e1bbi DSLR f\u00e9nyk\u00e9pez\u0151g\u00e9pek\" href=\"https:\/\/www.mediamarkt.hu\/hu\/shop\/foto-infotainment.html?rbtc=mag%7codi%7c%7c%7cp%7cfotoinfotainment20190705%7c#ex1\">Tov\u00e1bbi DSLR f\u00e9nyk\u00e9pez\u0151g\u00e9pek<br \/>\n<\/a><\/p>\n<\/div>\n<div class=\"item\">\n<div class=\"imgTitle\">\n<p><img decoding=\"async\" src=\"\/magazin\/wp-content\/uploads\/2018\/06\/d7500.png\" alt=\"NIKON D7500 v\u00e1z\" \/><\/p>\n<h2 class=\"blogTitle\">NIKON D7500 v\u00e1z<\/h2>\n<\/div>\n<p><a title=\"Tov\u00e1bbi DSLR f\u00e9nyk\u00e9pez\u0151g\u00e9pek\" href=\"https:\/\/www.mediamarkt.hu\/hu\/shop\/foto-infotainment.html?rbtc=mag%7codi%7c%7c%7cp%7cfotoinfotainment20190705%7c#ex1\">Tov\u00e1bbi DSLR f\u00e9nyk\u00e9pez\u0151g\u00e9pek<br \/>\n<\/a><\/p>\n<\/div>\n<div class=\"item\">\n<div class=\"imgTitle\">\n<p><img decoding=\"async\" src=\"https:\/\/hir.mediamarkt.hu\/magazin\/wp-content\/uploads\/2019\/07\/CANON-EOS-2000D-DSLR-kit.png\" alt=\"CANON EOS 2000D DSLR f\u00e9nyk\u00e9pez\u0151g\u00e9p + EF-S 18-55mm f\/3.5-5.6 DC III + SB130 t\u00e1ska + 16GB SD k\u00e1rtya\" \/><\/p>\n<h2 class=\"blogTitle\">CANON EOS 2000D DSLR f\u00e9nyk\u00e9pez\u0151g\u00e9p + EF-S 18-55mm f\/3.5-5.6 DC III + SB130 t\u00e1ska + 16GB SD k\u00e1rtya<\/h2>\n<\/div>\n<p><a title=\"Tov\u00e1bbi DSLR f\u00e9nyk\u00e9pez\u0151g\u00e9pek\" href=\"https:\/\/www.mediamarkt.hu\/hu\/shop\/foto-infotainment.html?rbtc=mag%7codi%7c%7c%7cp%7cfotoinfotainment20190705%7c#ex1\">Tov\u00e1bbi DSLR f\u00e9nyk\u00e9pez\u0151g\u00e9pek<\/a><\/p>\n<\/div>\n<div class=\"item\">\n<div class=\"imgTitle\">\n<p><img decoding=\"async\" src=\"https:\/\/hir.mediamarkt.hu\/magazin\/wp-content\/uploads\/2019\/07\/NIKON-D3500-AF-P-18-55-VR-kit-1274025.png\" alt=\"NIKON D3500 + AF-P 18-55 VR + T\u00e1ska + 16GB mem\u00f3riak\u00e1rtya\" \/><\/p>\n<h2 class=\"blogTitle\">NIKON D3500 + AF-P 18-55 VR + T\u00e1ska + 16GB mem\u00f3riak\u00e1rtya<\/h2>\n<\/div>\n<p><a title=\"Tov\u00e1bbi DSLR f\u00e9nyk\u00e9pez\u0151g\u00e9pek\" href=\"https:\/\/www.mediamarkt.hu\/hu\/shop\/foto-infotainment.html?rbtc=mag%7codi%7c%7c%7cp%7cfotoinfotainment20190705%7c#ex1\">Tov\u00e1bbi DSLR f\u00e9nyk\u00e9pez\u0151g\u00e9pek<\/a><\/p>\n<\/div>\n<div class=\"item\">\n<div class=\"imgTitle\">\n<p><img decoding=\"async\" src=\"https:\/\/hir.mediamarkt.hu\/magazin\/wp-content\/uploads\/2019\/07\/CANON-EOS-2000D-DSLR-kit-1257861.png\" alt=\"CANON EOS 2000D DSLR f\u00e9nyk\u00e9pez\u0151g\u00e9p + 18-55 mm IS II + LP-E10 akkumul\u00e1tor\" \/><\/p>\n<h2 class=\"blogTitle\">CANON EOS 2000D DSLR f\u00e9nyk\u00e9pez\u0151g\u00e9p + 18-55 mm IS II + LP-E10 akkumul\u00e1tor<\/h2>\n<\/div>\n<p><a title=\"Tov\u00e1bbi DSLR f\u00e9nyk\u00e9pez\u0151g\u00e9pek\" href=\"https:\/\/www.mediamarkt.hu\/hu\/shop\/foto-infotainment.html?rbtc=mag%7codi%7c%7c%7cp%7cfotoinfotainment20190705%7c#ex1\">Tov\u00e1bbi DSLR f\u00e9nyk\u00e9pez\u0151g\u00e9pek<\/a><\/p>\n<\/div>\n<div class=\"item\">\n<div class=\"imgTitle\">\n<p><img decoding=\"async\" src=\"https:\/\/hir.mediamarkt.hu\/magazin\/wp-content\/uploads\/2019\/07\/NIKON-D3500-AF-S-18-140-mm-VR-Kit-1270778.png\" alt=\"NIKON D3500 + AF-S 18-140 mm VR Kit fekete\" \/><\/p>\n<h2 class=\"blogTitle\">NIKON D3500 + AF-S 18-140 mm VR Kit fekete<\/h2>\n<\/div>\n<p><a title=\"Tov\u00e1bbi DSLR f\u00e9nyk\u00e9pez\u0151g\u00e9pek\" href=\"https:\/\/www.mediamarkt.hu\/hu\/shop\/foto-infotainment.html?rbtc=mag%7codi%7c%7c%7cp%7cfotoinfotainment20190705%7c#ex1\">Tov\u00e1bbi DSLR f\u00e9nyk\u00e9pez\u0151g\u00e9pek<\/a><\/p>\n<\/div>\n<\/div>\n<div class=\"MS-controls\"><button class=\"MS-left\"><i class=\"fa fa-angle-left\"><\/i><\/button><br \/>\n<button class=\"MS-right\"><i class=\"fa fa-angle-right\"><\/i><\/button><\/div>\n<\/div>\n<\/div>\n","protected":false},"excerpt":{"rendered":"Ahogy a kompakt f\u00e9nyk\u00e9pez\u0151g\u00e9pek szerep\u00e9t m\u00e1ra szinte teljesen \u00e1tvett\u00e9k a mobiltelefonok, \u00fagy lett a fot\u00f3z\u00e1s \u201et\u00f6megcikk\u201d. M\u00e1r szinte nem is \u00edrunk bejegyz\u00e9seket, ink\u00e1bb gyorsan lefot\u00f3zzuk, amit l\u00e1tunk, \u00e9s persze haszn\u00e1ljuk a mindenki \u00e1ltal el\u00e9rhet\u0151 kamer\u00e1s appokat, egyen-effekteket. Ez\u00e1ltal viszont azt l\u00e1thatjuk, hogy minden egyes t\u00e1jk\u00e9p, portr\u00e9, koncertk\u00e9p vagy sportfot\u00f3, ami szembej\u00f6n vel\u00fcnk az interneten, szinte ugyanolyan. A fot\u00f3s szem\u00e9lye, l\u00e1t\u00e1sm\u00f3dja, egy\u00e9nis\u00e9ge nincs sehol, elt\u0171nik a t\u00f6megek \u00e1ltal haszn\u00e1lt, el\u0151re be\u00e1ll\u00edtott, \u201egyors\u00e9ttermi\u201d k\u00e9pk\u00e9sz\u00edt\u00e9s d\u00f6mpingj\u00e9ben. Sz\u00f3val mit tegyen az, aki t\u00e9nyleg valami saj\u00e1tot szeretne elmes\u00e9lni a k\u00e9peivel, megmutatni azt, hogyan l\u00e1tja \u0151 a vil\u00e1got? Ilyenkor j\u00f6n el a t\u00fck\u00f6rreflexes g\u00e9pek, avagy DSLR-ek ideje. Ezek azok az eszk\u00f6z\u00f6k, amelyek alapvet\u0151 m\u0171k\u00f6d\u00e9si elv\u00fcket tekintve m\u00e1r nagyon hasonl\u00f3an m\u0171k\u00f6dnek, mint a klasszikus, cser\u00e9lhet\u0151 objekt\u00edves, bel\u00fcl &#8230;","protected":false},"author":20,"featured_media":6226,"comment_status":"closed","ping_status":"closed","sticky":false,"template":"","format":"standard","meta":{"wprm-recipe-roundup-name":"","wprm-recipe-roundup-description":"","footnotes":""},"categories":[1,5991,5960,5945],"tags":[],"yoast_head":"<!-- This site is optimized with the Yoast SEO plugin v22.9 - https:\/\/yoast.com\/wordpress\/plugins\/seo\/ -->\n<title>Digit\u00e1lis t\u00fck\u00f6rreflexes f\u00e9nyk\u00e9pez\u0151g\u00e9pek - MediaMarkt Magazin<\/title>\n<meta name=\"robots\" content=\"index, follow, max-snippet:-1, max-image-preview:large, max-video-preview:-1\" \/>\n<link rel=\"canonical\" href=\"https:\/\/hir.mediamarkt.hu\/magazin\/digitalis-tukorreflexes-fenykepezogepek\/\" \/>\n<meta property=\"og:locale\" content=\"hu_HU\" \/>\n<meta property=\"og:type\" content=\"article\" \/>\n<meta property=\"og:title\" content=\"Digit\u00e1lis t\u00fck\u00f6rreflexes f\u00e9nyk\u00e9pez\u0151g\u00e9pek - MediaMarkt Magazin\" \/>\n<meta property=\"og:description\" content=\"Ahogy a kompakt f\u00e9nyk\u00e9pez\u0151g\u00e9pek szerep\u00e9t m\u00e1ra szinte teljesen \u00e1tvett\u00e9k a mobiltelefonok, \u00fagy lett a fot\u00f3z\u00e1s \u201et\u00f6megcikk\u201d. M\u00e1r szinte nem is \u00edrunk bejegyz\u00e9seket, ink\u00e1bb gyorsan lefot\u00f3zzuk, amit l\u00e1tunk, \u00e9s persze haszn\u00e1ljuk a mindenki \u00e1ltal el\u00e9rhet\u0151 kamer\u00e1s appokat, egyen-effekteket. Ez\u00e1ltal viszont azt l\u00e1thatjuk, hogy minden egyes t\u00e1jk\u00e9p, portr\u00e9, koncertk\u00e9p vagy sportfot\u00f3, ami szembej\u00f6n vel\u00fcnk az interneten, szinte ugyanolyan. A fot\u00f3s szem\u00e9lye, l\u00e1t\u00e1sm\u00f3dja, egy\u00e9nis\u00e9ge nincs sehol, elt\u0171nik a t\u00f6megek \u00e1ltal haszn\u00e1lt, el\u0151re be\u00e1ll\u00edtott, \u201egyors\u00e9ttermi\u201d k\u00e9pk\u00e9sz\u00edt\u00e9s d\u00f6mpingj\u00e9ben. Sz\u00f3val mit tegyen az, aki t\u00e9nyleg valami saj\u00e1tot szeretne elmes\u00e9lni a k\u00e9peivel, megmutatni azt, hogyan l\u00e1tja \u0151 a vil\u00e1got? Ilyenkor j\u00f6n el a t\u00fck\u00f6rreflexes g\u00e9pek, avagy DSLR-ek ideje. Ezek azok az eszk\u00f6z\u00f6k, amelyek alapvet\u0151 m\u0171k\u00f6d\u00e9si elv\u00fcket tekintve m\u00e1r nagyon hasonl\u00f3an m\u0171k\u00f6dnek, mint a klasszikus, cser\u00e9lhet\u0151 objekt\u00edves, bel\u00fcl ...\" \/>\n<meta property=\"og:url\" content=\"https:\/\/hir.mediamarkt.hu\/magazin\/digitalis-tukorreflexes-fenykepezogepek\/\" \/>\n<meta property=\"og:site_name\" content=\"MediaMarkt Magazin\" \/>\n<meta property=\"article:publisher\" content=\"https:\/\/www.facebook.com\/MediaMarktMagyarorszag\" \/>\n<meta property=\"article:published_time\" content=\"2019-07-15T09:25:23+00:00\" \/>\n<meta property=\"article:modified_time\" content=\"2024-06-10T23:05:29+00:00\" \/>\n<meta property=\"og:image\" content=\"https:\/\/hir.mediamarkt.hu\/magazin\/wp-content\/uploads\/2018\/06\/700d.jpg\" \/>\n\t<meta property=\"og:image:width\" content=\"1440\" \/>\n\t<meta property=\"og:image:height\" content=\"540\" \/>\n\t<meta property=\"og:image:type\" content=\"image\/jpeg\" \/>\n<meta name=\"author\" content=\"Zsoca\" \/>\n<meta name=\"twitter:label1\" content=\"Szerz\u0151:\" \/>\n\t<meta name=\"twitter:data1\" content=\"Zsoca\" \/>\n\t<meta name=\"twitter:label2\" content=\"Becs\u00fclt olvas\u00e1si id\u0151\" \/>\n\t<meta name=\"twitter:data2\" content=\"8 perc\" \/>\n<script type=\"application\/ld+json\" class=\"yoast-schema-graph\">{\"@context\":\"https:\/\/schema.org\",\"@graph\":[{\"@type\":\"WebPage\",\"@id\":\"https:\/\/hir.mediamarkt.hu\/magazin\/digitalis-tukorreflexes-fenykepezogepek\/\",\"url\":\"https:\/\/hir.mediamarkt.hu\/magazin\/digitalis-tukorreflexes-fenykepezogepek\/\",\"name\":\"Digit\u00e1lis t\u00fck\u00f6rreflexes f\u00e9nyk\u00e9pez\u0151g\u00e9pek - MediaMarkt Magazin\",\"isPartOf\":{\"@id\":\"https:\/\/hir.mediamarkt.hu\/magazin\/#website\"},\"primaryImageOfPage\":{\"@id\":\"https:\/\/hir.mediamarkt.hu\/magazin\/digitalis-tukorreflexes-fenykepezogepek\/#primaryimage\"},\"image\":{\"@id\":\"https:\/\/hir.mediamarkt.hu\/magazin\/digitalis-tukorreflexes-fenykepezogepek\/#primaryimage\"},\"thumbnailUrl\":\"https:\/\/hir.mediamarkt.hu\/magazin\/wp-content\/uploads\/2018\/06\/700d.jpg\",\"datePublished\":\"2019-07-15T09:25:23+00:00\",\"dateModified\":\"2024-06-10T23:05:29+00:00\",\"author\":{\"@id\":\"https:\/\/hir.mediamarkt.hu\/magazin\/#\/schema\/person\/ff784ff80603a7251923c8ebb5b781a2\"},\"breadcrumb\":{\"@id\":\"https:\/\/hir.mediamarkt.hu\/magazin\/digitalis-tukorreflexes-fenykepezogepek\/#breadcrumb\"},\"inLanguage\":\"hu\",\"potentialAction\":[{\"@type\":\"ReadAction\",\"target\":[\"https:\/\/hir.mediamarkt.hu\/magazin\/digitalis-tukorreflexes-fenykepezogepek\/\"]}]},{\"@type\":\"ImageObject\",\"inLanguage\":\"hu\",\"@id\":\"https:\/\/hir.mediamarkt.hu\/magazin\/digitalis-tukorreflexes-fenykepezogepek\/#primaryimage\",\"url\":\"https:\/\/hir.mediamarkt.hu\/magazin\/wp-content\/uploads\/2018\/06\/700d.jpg\",\"contentUrl\":\"https:\/\/hir.mediamarkt.hu\/magazin\/wp-content\/uploads\/2018\/06\/700d.jpg\",\"width\":1440,\"height\":540},{\"@type\":\"BreadcrumbList\",\"@id\":\"https:\/\/hir.mediamarkt.hu\/magazin\/digitalis-tukorreflexes-fenykepezogepek\/#breadcrumb\",\"itemListElement\":[{\"@type\":\"ListItem\",\"position\":1,\"name\":\"Kezd\u0151lap\",\"item\":\"https:\/\/hir.mediamarkt.hu\/magazin\/\"},{\"@type\":\"ListItem\",\"position\":2,\"name\":\"Seg\u00edt\u00fcnk v\u00e1lasztani\",\"item\":\"https:\/\/hir.mediamarkt.hu\/magazin\/segitunk-valasztani\/\"},{\"@type\":\"ListItem\",\"position\":3,\"name\":\"Fot\u00f3 rovat\",\"item\":\"https:\/\/hir.mediamarkt.hu\/magazin\/segitunk-valasztani\/foto-rovat\/\"},{\"@type\":\"ListItem\",\"position\":4,\"name\":\"Digit\u00e1lis t\u00fck\u00f6rreflexes f\u00e9nyk\u00e9pez\u0151g\u00e9pek\"}]},{\"@type\":\"WebSite\",\"@id\":\"https:\/\/hir.mediamarkt.hu\/magazin\/#website\",\"url\":\"https:\/\/hir.mediamarkt.hu\/magazin\/\",\"name\":\"MediaMarkt Magazin\",\"description\":\"Olvass bele magazinunkba!\",\"potentialAction\":[{\"@type\":\"SearchAction\",\"target\":{\"@type\":\"EntryPoint\",\"urlTemplate\":\"https:\/\/hir.mediamarkt.hu\/magazin\/?s={search_term_string}\"},\"query-input\":\"required name=search_term_string\"}],\"inLanguage\":\"hu\"},{\"@type\":\"Person\",\"@id\":\"https:\/\/hir.mediamarkt.hu\/magazin\/#\/schema\/person\/ff784ff80603a7251923c8ebb5b781a2\",\"name\":\"Zsoca\",\"image\":{\"@type\":\"ImageObject\",\"inLanguage\":\"hu\",\"@id\":\"https:\/\/hir.mediamarkt.hu\/magazin\/#\/schema\/person\/image\/\",\"url\":\"https:\/\/secure.gravatar.com\/avatar\/24b8439fee7bc8c4530ef86e76a6d8f3?s=96&d=mm&r=g\",\"contentUrl\":\"https:\/\/secure.gravatar.com\/avatar\/24b8439fee7bc8c4530ef86e76a6d8f3?s=96&d=mm&r=g\",\"caption\":\"Zsoca\"}}]}<\/script>\n<!-- \/ Yoast SEO plugin. -->","yoast_head_json":{"title":"Digit\u00e1lis t\u00fck\u00f6rreflexes f\u00e9nyk\u00e9pez\u0151g\u00e9pek - MediaMarkt Magazin","robots":{"index":"index","follow":"follow","max-snippet":"max-snippet:-1","max-image-preview":"max-image-preview:large","max-video-preview":"max-video-preview:-1"},"canonical":"https:\/\/hir.mediamarkt.hu\/magazin\/digitalis-tukorreflexes-fenykepezogepek\/","og_locale":"hu_HU","og_type":"article","og_title":"Digit\u00e1lis t\u00fck\u00f6rreflexes f\u00e9nyk\u00e9pez\u0151g\u00e9pek - MediaMarkt Magazin","og_description":"Ahogy a kompakt f\u00e9nyk\u00e9pez\u0151g\u00e9pek szerep\u00e9t m\u00e1ra szinte teljesen \u00e1tvett\u00e9k a mobiltelefonok, \u00fagy lett a fot\u00f3z\u00e1s \u201et\u00f6megcikk\u201d. M\u00e1r szinte nem is \u00edrunk bejegyz\u00e9seket, ink\u00e1bb gyorsan lefot\u00f3zzuk, amit l\u00e1tunk, \u00e9s persze haszn\u00e1ljuk a mindenki \u00e1ltal el\u00e9rhet\u0151 kamer\u00e1s appokat, egyen-effekteket. Ez\u00e1ltal viszont azt l\u00e1thatjuk, hogy minden egyes t\u00e1jk\u00e9p, portr\u00e9, koncertk\u00e9p vagy sportfot\u00f3, ami szembej\u00f6n vel\u00fcnk az interneten, szinte ugyanolyan. A fot\u00f3s szem\u00e9lye, l\u00e1t\u00e1sm\u00f3dja, egy\u00e9nis\u00e9ge nincs sehol, elt\u0171nik a t\u00f6megek \u00e1ltal haszn\u00e1lt, el\u0151re be\u00e1ll\u00edtott, \u201egyors\u00e9ttermi\u201d k\u00e9pk\u00e9sz\u00edt\u00e9s d\u00f6mpingj\u00e9ben. Sz\u00f3val mit tegyen az, aki t\u00e9nyleg valami saj\u00e1tot szeretne elmes\u00e9lni a k\u00e9peivel, megmutatni azt, hogyan l\u00e1tja \u0151 a vil\u00e1got? Ilyenkor j\u00f6n el a t\u00fck\u00f6rreflexes g\u00e9pek, avagy DSLR-ek ideje. Ezek azok az eszk\u00f6z\u00f6k, amelyek alapvet\u0151 m\u0171k\u00f6d\u00e9si elv\u00fcket tekintve m\u00e1r nagyon hasonl\u00f3an m\u0171k\u00f6dnek, mint a klasszikus, cser\u00e9lhet\u0151 objekt\u00edves, bel\u00fcl ...","og_url":"https:\/\/hir.mediamarkt.hu\/magazin\/digitalis-tukorreflexes-fenykepezogepek\/","og_site_name":"MediaMarkt Magazin","article_publisher":"https:\/\/www.facebook.com\/MediaMarktMagyarorszag","article_published_time":"2019-07-15T09:25:23+00:00","article_modified_time":"2024-06-10T23:05:29+00:00","og_image":[{"width":1440,"height":540,"url":"https:\/\/hir.mediamarkt.hu\/magazin\/wp-content\/uploads\/2018\/06\/700d.jpg","type":"image\/jpeg"}],"author":"Zsoca","twitter_misc":{"Szerz\u0151:":"Zsoca","Becs\u00fclt olvas\u00e1si id\u0151":"8 perc"},"schema":{"@context":"https:\/\/schema.org","@graph":[{"@type":"WebPage","@id":"https:\/\/hir.mediamarkt.hu\/magazin\/digitalis-tukorreflexes-fenykepezogepek\/","url":"https:\/\/hir.mediamarkt.hu\/magazin\/digitalis-tukorreflexes-fenykepezogepek\/","name":"Digit\u00e1lis t\u00fck\u00f6rreflexes f\u00e9nyk\u00e9pez\u0151g\u00e9pek - MediaMarkt Magazin","isPartOf":{"@id":"https:\/\/hir.mediamarkt.hu\/magazin\/#website"},"primaryImageOfPage":{"@id":"https:\/\/hir.mediamarkt.hu\/magazin\/digitalis-tukorreflexes-fenykepezogepek\/#primaryimage"},"image":{"@id":"https:\/\/hir.mediamarkt.hu\/magazin\/digitalis-tukorreflexes-fenykepezogepek\/#primaryimage"},"thumbnailUrl":"https:\/\/hir.mediamarkt.hu\/magazin\/wp-content\/uploads\/2018\/06\/700d.jpg","datePublished":"2019-07-15T09:25:23+00:00","dateModified":"2024-06-10T23:05:29+00:00","author":{"@id":"https:\/\/hir.mediamarkt.hu\/magazin\/#\/schema\/person\/ff784ff80603a7251923c8ebb5b781a2"},"breadcrumb":{"@id":"https:\/\/hir.mediamarkt.hu\/magazin\/digitalis-tukorreflexes-fenykepezogepek\/#breadcrumb"},"inLanguage":"hu","potentialAction":[{"@type":"ReadAction","target":["https:\/\/hir.mediamarkt.hu\/magazin\/digitalis-tukorreflexes-fenykepezogepek\/"]}]},{"@type":"ImageObject","inLanguage":"hu","@id":"https:\/\/hir.mediamarkt.hu\/magazin\/digitalis-tukorreflexes-fenykepezogepek\/#primaryimage","url":"https:\/\/hir.mediamarkt.hu\/magazin\/wp-content\/uploads\/2018\/06\/700d.jpg","contentUrl":"https:\/\/hir.mediamarkt.hu\/magazin\/wp-content\/uploads\/2018\/06\/700d.jpg","width":1440,"height":540},{"@type":"BreadcrumbList","@id":"https:\/\/hir.mediamarkt.hu\/magazin\/digitalis-tukorreflexes-fenykepezogepek\/#breadcrumb","itemListElement":[{"@type":"ListItem","position":1,"name":"Kezd\u0151lap","item":"https:\/\/hir.mediamarkt.hu\/magazin\/"},{"@type":"ListItem","position":2,"name":"Seg\u00edt\u00fcnk v\u00e1lasztani","item":"https:\/\/hir.mediamarkt.hu\/magazin\/segitunk-valasztani\/"},{"@type":"ListItem","position":3,"name":"Fot\u00f3 rovat","item":"https:\/\/hir.mediamarkt.hu\/magazin\/segitunk-valasztani\/foto-rovat\/"},{"@type":"ListItem","position":4,"name":"Digit\u00e1lis t\u00fck\u00f6rreflexes f\u00e9nyk\u00e9pez\u0151g\u00e9pek"}]},{"@type":"WebSite","@id":"https:\/\/hir.mediamarkt.hu\/magazin\/#website","url":"https:\/\/hir.mediamarkt.hu\/magazin\/","name":"MediaMarkt Magazin","description":"Olvass bele magazinunkba!","potentialAction":[{"@type":"SearchAction","target":{"@type":"EntryPoint","urlTemplate":"https:\/\/hir.mediamarkt.hu\/magazin\/?s={search_term_string}"},"query-input":"required name=search_term_string"}],"inLanguage":"hu"},{"@type":"Person","@id":"https:\/\/hir.mediamarkt.hu\/magazin\/#\/schema\/person\/ff784ff80603a7251923c8ebb5b781a2","name":"Zsoca","image":{"@type":"ImageObject","inLanguage":"hu","@id":"https:\/\/hir.mediamarkt.hu\/magazin\/#\/schema\/person\/image\/","url":"https:\/\/secure.gravatar.com\/avatar\/24b8439fee7bc8c4530ef86e76a6d8f3?s=96&d=mm&r=g","contentUrl":"https:\/\/secure.gravatar.com\/avatar\/24b8439fee7bc8c4530ef86e76a6d8f3?s=96&d=mm&r=g","caption":"Zsoca"}}]}},"_links":{"self":[{"href":"https:\/\/hir.mediamarkt.hu\/magazin\/wp-json\/wp\/v2\/posts\/5981"}],"collection":[{"href":"https:\/\/hir.mediamarkt.hu\/magazin\/wp-json\/wp\/v2\/posts"}],"about":[{"href":"https:\/\/hir.mediamarkt.hu\/magazin\/wp-json\/wp\/v2\/types\/post"}],"author":[{"embeddable":true,"href":"https:\/\/hir.mediamarkt.hu\/magazin\/wp-json\/wp\/v2\/users\/20"}],"replies":[{"embeddable":true,"href":"https:\/\/hir.mediamarkt.hu\/magazin\/wp-json\/wp\/v2\/comments?post=5981"}],"version-history":[{"count":9,"href":"https:\/\/hir.mediamarkt.hu\/magazin\/wp-json\/wp\/v2\/posts\/5981\/revisions"}],"predecessor-version":[{"id":9197,"href":"https:\/\/hir.mediamarkt.hu\/magazin\/wp-json\/wp\/v2\/posts\/5981\/revisions\/9197"}],"wp:featuredmedia":[{"embeddable":true,"href":"https:\/\/hir.mediamarkt.hu\/magazin\/wp-json\/wp\/v2\/media\/6226"}],"wp:attachment":[{"href":"https:\/\/hir.mediamarkt.hu\/magazin\/wp-json\/wp\/v2\/media?parent=5981"}],"wp:term":[{"taxonomy":"category","embeddable":true,"href":"https:\/\/hir.mediamarkt.hu\/magazin\/wp-json\/wp\/v2\/categories?post=5981"},{"taxonomy":"post_tag","embeddable":true,"href":"https:\/\/hir.mediamarkt.hu\/magazin\/wp-json\/wp\/v2\/tags?post=5981"}],"curies":[{"name":"wp","href":"https:\/\/api.w.org\/{rel}","templated":true}]}}