{"id":5991,"date":"2019-07-15T12:46:42","date_gmt":"2019-07-15T11:46:42","guid":{"rendered":"http:\/\/hir.mediamarkt.hu\/magazin\/?page_id=5991"},"modified":"2024-06-11T00:05:29","modified_gmt":"2024-06-10T23:05:29","slug":"videokamerak","status":"publish","type":"post","link":"https:\/\/hir.mediamarkt.hu\/magazin\/videokamerak\/","title":{"rendered":"VIDE\u00d3KAMER\u00c1K"},"content":{"rendered":"<strong>B\u00e1r vide\u00f3t r\u00f6gz\u00edthet\u00fcnk mobiltelefonnal vagy kompakt f\u00e9nyk\u00e9pez\u0151g\u00e9ppel is, a vide\u00f3kamer\u00e1k kora m\u00e9g egy\u00e1ltal\u00e1n nem j\u00e1rt le, s\u0151t! A mobilos vide\u00f3k gyakran elmos\u00f3dottak vagy m\u00e1s min\u0151s\u00e9gi probl\u00e9m\u00e1kkal k\u00fcszk\u00f6dnek, m\u00edg a nagyobb lencs\u00e9kkel, k\u00fcl\u00f6nleges szenzorokkal kifejlesztett vide\u00f3kamer\u00e1kat egy\u00e9rtelm\u0171en a mozg\u00f3k\u00e9pek legsz\u00ednvonalasabb r\u00f6gz\u00edt\u00e9s\u00e9re tal\u00e1lt\u00e1k ki.<\/strong>\r\n\r\n<img loading=\"lazy\" decoding=\"async\" class=\"aligncenter size-large wp-image-5854\" src=\"http:\/\/hir.mediamarkt.hu\/magazin\/wp-content\/uploads\/2018\/06\/FDR-AX53.jpg\" alt=\"\" width=\"1024\" height=\"684\" \/>\r\n\r\nM\u00e9g egy olyan fontos ter\u00fclet van, amiben a vide\u00f3kamer\u00e1k jobbak, mint a vide\u00f3z\u00e1sra k\u00e9pes f\u00e9nyk\u00e9pez\u0151g\u00e9pek: ez pedig a felv\u00e9tel ideje. M\u00edg a fot\u00f3z\u00e1sra kihegyezett eszk\u00f6z\u00f6kben egyszerre 15 vagy maximum 30 perces kisfilmek k\u00e9sz\u00fclhetnek, a vide\u00f3kamer\u00e1kkal nem kell f\u00e9lni att\u00f3l, hogy egy sportm\u00e9rk\u0151z\u00e9s, sz\u00ednh\u00e1zi el\u0151ad\u00e1s vagy esk\u00fcv\u0151 legfontosabb pillanatain\u00e1l szakad meg a r\u00f6gz\u00edt\u00e9s menete, hogy azt\u00e1n \u00fajra kelljen ind\u00edtanunk a felv\u00e9telt.\r\n<div class=\"fotos_osztott\">\r\n<div class=\"left_termekes\">\r\n\r\n<img loading=\"lazy\" decoding=\"async\" class=\"alignleft size-full wp-image-5857\" src=\"http:\/\/hir.mediamarkt.hu\/magazin\/wp-content\/uploads\/2018\/06\/cx405.png\" alt=\"\" width=\"363\" height=\"206\" \/>\r\n<h5>SONY HDR-CX405 vide\u00f3kamera<\/h5>\r\n<strong>A magas szint\u0171 k\u00e9pstabiliz\u00e1l\u00e1s gondoskodik r\u00f3la, hogy akkor se mozduljon be a k\u00e9p, ha a k\u00e9sz\u00fcl\u00e9k felv\u00e9tel k\u00f6zben a haszn\u00e1l\u00f3 remeg\u0151 keze vagy egy\u00e9b k\u00f6r\u00fclm\u00e9nyek miatt r\u00e1zk\u00f3d\u00e1snak van kit\u00e9ve<\/strong>\r\n<div class=\"left_termekes_linkbox\"><a href=\"https:\/\/www.mediamarkt.hu\/hu\/shop\/foto-infotainment.html?rbtc=mag%7codi%7c%7c%7cp%7cfotoinfotainment20190705%7c#ex6\" target=\"_blank\" rel=\"noopener noreferrer\">Tov\u00e1bbi videokamer\u00e1k<\/a><\/div>\r\n<\/div>\r\n<div class=\"right_szoveges\">\r\n<h4>T\u00f6bb modell rendelkezik k\u00e9pstabiliz\u00e1torral is, amely a k\u00e9zremeg\u00e9sb\u0151l vagy gyors mozg\u00e1sokb\u00f3l ered\u0151 r\u00e1zk\u00f3d\u00e1st igyekszik kik\u00fcsz\u00f6b\u00f6lni.<\/h4>\r\nSzint\u00e9n a vide\u00f3s felhaszn\u00e1l\u00e1st seg\u00edti, hogy a vide\u00f3kamer\u00e1kon sokkal \u00e9rz\u00e9kenyebben m\u0171k\u00f6dik a zoom, mint a f\u00e9nyk\u00e9pez\u0151g\u00e9peken. Ak\u00e1r a filmk\u00e9sz\u00edt\u00e9s k\u00f6zben is r\u00e1k\u00f6zel\u00edthet\u00fcnk a t\u00e9m\u00e1ra, egyes modellek eset\u00e9ben nyom\u00e1s\u00e9rz\u00e9keny gombok seg\u00edts\u00e9g\u00e9vel gyorsabban vagy lassabban, hogy a n\u00e9z\u0151 k\u00e9s\u0151bb ne azt \u00e9rezze, hogy &#8222;beszippantja&#8221; a felv\u00e9tel.\r\n\r\n<\/div>\r\n<\/div>\r\nA vide\u00f3kamer\u00e1kat eleve m\u00e1shogy tartjuk haszn\u00e1lat k\u00f6zben, mint a f\u00e9nyk\u00e9pez\u0151g\u00e9peket vagy mobilokat, \u00e9s sokat seg\u00edt a t\u00f6k\u00e9letes felv\u00e9telek k\u00e9sz\u00edt\u00e9s\u00e9ben az is, hogy a nagy kijelz\u0151ket b\u00e1rmilyen poz\u00edci\u00f3ban magunk fel\u00e9 ford\u00edthatjuk. A vide\u00f3kamer\u00e1k akkumul\u00e1tora szint\u00e9n a folyamatos haszn\u00e1latot seg\u00edti, \u00edgy nem fordulhat el\u0151, hogy egy t\u00f6k\u00e9letes felv\u00e9telt meg kell szak\u00edtanunk az\u00e9rt, hogy akkut cser\u00e9lj\u00fcnk a mer\u00fcl\u0151 eszk\u00f6zben.\r\n\r\n<div class=\"containersl kamerak\">\n<h1>Ismerkedj meg a term\u00e9kekkel<\/h1>\n<div id=\"mixedSlider\">\n<div class=\"MS-content\">\n<div class=\"item\">\n<div class=\"imgTitle\">\n<p><img decoding=\"async\" src=\"https:\/\/hir.mediamarkt.hu\/magazin\/wp-content\/uploads\/2019\/07\/SONY-HDR-CX405-fekete-videokamera-1164397.png\" alt=\"SONY HDR-CX405 fekete videokamera\" \/><\/p>\n<h2 class=\"blogTitle\">SONY HDR-CX405 fekete videokamera<\/h2>\n<\/div>\n<p><a title=\"Tov\u00e1bbi videokamer\u00e1k\" href=\"https:\/\/www.mediamarkt.hu\/hu\/shop\/foto-infotainment.html?rbtc=mag%7codi%7c%7c%7cp%7cfotoinfotainment20190705%7c#ex6\">Tov\u00e1bbi videokamer\u00e1k<\/a><\/p>\n<\/div>\n<div class=\"item\">\n<div class=\"imgTitle\">\n<p><img decoding=\"async\" src=\"https:\/\/hir.mediamarkt.hu\/magazin\/wp-content\/uploads\/2019\/07\/PANASONIC-HC-V380EP-K-videokamera-1196190.png\" alt=\"PANASONIC HC-V380EP-K videokamera\" \/><\/p>\n<h2 class=\"blogTitle\">PANASONIC HC-V380EP-K videokamera<\/h2>\n<\/div>\n<p><a title=\"Tov\u00e1bbi videokamer\u00e1k\" href=\"https:\/\/www.mediamarkt.hu\/hu\/shop\/foto-infotainment.html?rbtc=mag%7codi%7c%7c%7cp%7cfotoinfotainment20190705%7c#ex6\">Tov\u00e1bbi videokamer\u00e1k<\/a><\/p>\n<\/div>\n<div class=\"item\">\n<div class=\"imgTitle\">\n<p><img decoding=\"async\" src=\"https:\/\/hir.mediamarkt.hu\/magazin\/wp-content\/uploads\/2019\/07\/CANON-Legria-HF-R806-videokamera-1224315.png\" alt=\"CANON Legria HF R806 videokamera, feh\u00e9r + t\u00e1ska + 8GB SD k\u00e1rtya\" \/><\/p>\n<h2 class=\"blogTitle\">CANON Legria HF R806 videokamera, feh\u00e9r + t\u00e1ska + 8GB SD k\u00e1rtya<\/h2>\n<\/div>\n<p><a title=\"Tov\u00e1bbi videokamer\u00e1k\" href=\"https:\/\/www.mediamarkt.hu\/hu\/shop\/foto-infotainment.html?rbtc=mag%7codi%7c%7c%7cp%7cfotoinfotainment20190705%7c#ex6\">Tov\u00e1bbi videokamer\u00e1k<\/a><\/p>\n<\/div>\n<\/div>\n<div class=\"MS-controls\"><button class=\"MS-left\"><i class=\"fa fa-angle-left\"><\/i><\/button><br \/>\n<button class=\"MS-right\"><i class=\"fa fa-angle-right\"><\/i><\/button><\/div>\n<\/div>\n<\/div>\n","protected":false},"excerpt":{"rendered":"B\u00e1r vide\u00f3t r\u00f6gz\u00edthet\u00fcnk mobiltelefonnal vagy kompakt f\u00e9nyk\u00e9pez\u0151g\u00e9ppel is, a vide\u00f3kamer\u00e1k kora m\u00e9g egy\u00e1ltal\u00e1n nem j\u00e1rt le, s\u0151t! A mobilos vide\u00f3k gyakran elmos\u00f3dottak vagy m\u00e1s min\u0151s\u00e9gi probl\u00e9m\u00e1kkal k\u00fcszk\u00f6dnek, m\u00edg a nagyobb lencs\u00e9kkel, k\u00fcl\u00f6nleges szenzorokkal kifejlesztett vide\u00f3kamer\u00e1kat egy\u00e9rtelm\u0171en a mozg\u00f3k\u00e9pek legsz\u00ednvonalasabb r\u00f6gz\u00edt\u00e9s\u00e9re tal\u00e1lt\u00e1k ki. M\u00e9g egy olyan fontos ter\u00fclet van, amiben a vide\u00f3kamer\u00e1k jobbak, mint a vide\u00f3z\u00e1sra k\u00e9pes f\u00e9nyk\u00e9pez\u0151g\u00e9pek: ez pedig a felv\u00e9tel ideje. M\u00edg a fot\u00f3z\u00e1sra kihegyezett eszk\u00f6z\u00f6kben egyszerre 15 vagy maximum 30 perces kisfilmek k\u00e9sz\u00fclhetnek, a vide\u00f3kamer\u00e1kkal nem kell f\u00e9lni att\u00f3l, hogy egy sportm\u00e9rk\u0151z\u00e9s, sz\u00ednh\u00e1zi el\u0151ad\u00e1s vagy esk\u00fcv\u0151 legfontosabb pillanatain\u00e1l szakad meg a r\u00f6gz\u00edt\u00e9s menete, hogy azt\u00e1n \u00fajra kelljen ind\u00edtanunk a felv\u00e9telt. SONY HDR-CX405 vide\u00f3kamera A magas szint\u0171 k\u00e9pstabiliz\u00e1l\u00e1s gondoskodik r\u00f3la, hogy akkor se mozduljon be a k\u00e9p, ha a &#8230;","protected":false},"author":20,"featured_media":6179,"comment_status":"closed","ping_status":"closed","sticky":false,"template":"","format":"standard","meta":{"wprm-recipe-roundup-name":"","wprm-recipe-roundup-description":"","footnotes":""},"categories":[1,5991,5960,5945],"tags":[],"yoast_head":"<!-- This site is optimized with the Yoast SEO plugin v22.9 - https:\/\/yoast.com\/wordpress\/plugins\/seo\/ -->\n<title>VIDE\u00d3KAMER\u00c1K - MediaMarkt Magazin<\/title>\n<meta name=\"robots\" content=\"index, follow, max-snippet:-1, max-image-preview:large, max-video-preview:-1\" \/>\n<link rel=\"canonical\" href=\"https:\/\/hir.mediamarkt.hu\/magazin\/videokamerak\/\" \/>\n<meta property=\"og:locale\" content=\"hu_HU\" \/>\n<meta property=\"og:type\" content=\"article\" \/>\n<meta property=\"og:title\" content=\"VIDE\u00d3KAMER\u00c1K - MediaMarkt Magazin\" \/>\n<meta property=\"og:description\" content=\"B\u00e1r vide\u00f3t r\u00f6gz\u00edthet\u00fcnk mobiltelefonnal vagy kompakt f\u00e9nyk\u00e9pez\u0151g\u00e9ppel is, a vide\u00f3kamer\u00e1k kora m\u00e9g egy\u00e1ltal\u00e1n nem j\u00e1rt le, s\u0151t! A mobilos vide\u00f3k gyakran elmos\u00f3dottak vagy m\u00e1s min\u0151s\u00e9gi probl\u00e9m\u00e1kkal k\u00fcszk\u00f6dnek, m\u00edg a nagyobb lencs\u00e9kkel, k\u00fcl\u00f6nleges szenzorokkal kifejlesztett vide\u00f3kamer\u00e1kat egy\u00e9rtelm\u0171en a mozg\u00f3k\u00e9pek legsz\u00ednvonalasabb r\u00f6gz\u00edt\u00e9s\u00e9re tal\u00e1lt\u00e1k ki. M\u00e9g egy olyan fontos ter\u00fclet van, amiben a vide\u00f3kamer\u00e1k jobbak, mint a vide\u00f3z\u00e1sra k\u00e9pes f\u00e9nyk\u00e9pez\u0151g\u00e9pek: ez pedig a felv\u00e9tel ideje. M\u00edg a fot\u00f3z\u00e1sra kihegyezett eszk\u00f6z\u00f6kben egyszerre 15 vagy maximum 30 perces kisfilmek k\u00e9sz\u00fclhetnek, a vide\u00f3kamer\u00e1kkal nem kell f\u00e9lni att\u00f3l, hogy egy sportm\u00e9rk\u0151z\u00e9s, sz\u00ednh\u00e1zi el\u0151ad\u00e1s vagy esk\u00fcv\u0151 legfontosabb pillanatain\u00e1l szakad meg a r\u00f6gz\u00edt\u00e9s menete, hogy azt\u00e1n \u00fajra kelljen ind\u00edtanunk a felv\u00e9telt. SONY HDR-CX405 vide\u00f3kamera A magas szint\u0171 k\u00e9pstabiliz\u00e1l\u00e1s gondoskodik r\u00f3la, hogy akkor se mozduljon be a k\u00e9p, ha a ...\" \/>\n<meta property=\"og:url\" content=\"https:\/\/hir.mediamarkt.hu\/magazin\/videokamerak\/\" \/>\n<meta property=\"og:site_name\" content=\"MediaMarkt Magazin\" \/>\n<meta property=\"article:publisher\" content=\"https:\/\/www.facebook.com\/MediaMarktMagyarorszag\" \/>\n<meta property=\"article:published_time\" content=\"2019-07-15T11:46:42+00:00\" \/>\n<meta property=\"article:modified_time\" content=\"2024-06-10T23:05:29+00:00\" \/>\n<meta property=\"og:image\" content=\"https:\/\/hir.mediamarkt.hu\/magazin\/wp-content\/uploads\/2018\/06\/FDR-AX53_2.jpg\" \/>\n\t<meta property=\"og:image:width\" content=\"1440\" \/>\n\t<meta property=\"og:image:height\" content=\"540\" \/>\n\t<meta property=\"og:image:type\" content=\"image\/jpeg\" \/>\n<meta name=\"author\" content=\"Zsoca\" \/>\n<meta name=\"twitter:label1\" content=\"Szerz\u0151:\" \/>\n\t<meta name=\"twitter:data1\" content=\"Zsoca\" \/>\n\t<meta name=\"twitter:label2\" content=\"Becs\u00fclt olvas\u00e1si id\u0151\" \/>\n\t<meta name=\"twitter:data2\" content=\"2 perc\" \/>\n<script type=\"application\/ld+json\" class=\"yoast-schema-graph\">{\"@context\":\"https:\/\/schema.org\",\"@graph\":[{\"@type\":\"WebPage\",\"@id\":\"https:\/\/hir.mediamarkt.hu\/magazin\/videokamerak\/\",\"url\":\"https:\/\/hir.mediamarkt.hu\/magazin\/videokamerak\/\",\"name\":\"VIDE\u00d3KAMER\u00c1K - MediaMarkt Magazin\",\"isPartOf\":{\"@id\":\"https:\/\/hir.mediamarkt.hu\/magazin\/#website\"},\"primaryImageOfPage\":{\"@id\":\"https:\/\/hir.mediamarkt.hu\/magazin\/videokamerak\/#primaryimage\"},\"image\":{\"@id\":\"https:\/\/hir.mediamarkt.hu\/magazin\/videokamerak\/#primaryimage\"},\"thumbnailUrl\":\"https:\/\/hir.mediamarkt.hu\/magazin\/wp-content\/uploads\/2018\/06\/FDR-AX53_2.jpg\",\"datePublished\":\"2019-07-15T11:46:42+00:00\",\"dateModified\":\"2024-06-10T23:05:29+00:00\",\"author\":{\"@id\":\"https:\/\/hir.mediamarkt.hu\/magazin\/#\/schema\/person\/ff784ff80603a7251923c8ebb5b781a2\"},\"breadcrumb\":{\"@id\":\"https:\/\/hir.mediamarkt.hu\/magazin\/videokamerak\/#breadcrumb\"},\"inLanguage\":\"hu\",\"potentialAction\":[{\"@type\":\"ReadAction\",\"target\":[\"https:\/\/hir.mediamarkt.hu\/magazin\/videokamerak\/\"]}]},{\"@type\":\"ImageObject\",\"inLanguage\":\"hu\",\"@id\":\"https:\/\/hir.mediamarkt.hu\/magazin\/videokamerak\/#primaryimage\",\"url\":\"https:\/\/hir.mediamarkt.hu\/magazin\/wp-content\/uploads\/2018\/06\/FDR-AX53_2.jpg\",\"contentUrl\":\"https:\/\/hir.mediamarkt.hu\/magazin\/wp-content\/uploads\/2018\/06\/FDR-AX53_2.jpg\",\"width\":1440,\"height\":540},{\"@type\":\"BreadcrumbList\",\"@id\":\"https:\/\/hir.mediamarkt.hu\/magazin\/videokamerak\/#breadcrumb\",\"itemListElement\":[{\"@type\":\"ListItem\",\"position\":1,\"name\":\"Kezd\u0151lap\",\"item\":\"https:\/\/hir.mediamarkt.hu\/magazin\/\"},{\"@type\":\"ListItem\",\"position\":2,\"name\":\"Seg\u00edt\u00fcnk v\u00e1lasztani\",\"item\":\"https:\/\/hir.mediamarkt.hu\/magazin\/segitunk-valasztani\/\"},{\"@type\":\"ListItem\",\"position\":3,\"name\":\"Fot\u00f3 rovat\",\"item\":\"https:\/\/hir.mediamarkt.hu\/magazin\/segitunk-valasztani\/foto-rovat\/\"},{\"@type\":\"ListItem\",\"position\":4,\"name\":\"VIDE\u00d3KAMER\u00c1K\"}]},{\"@type\":\"WebSite\",\"@id\":\"https:\/\/hir.mediamarkt.hu\/magazin\/#website\",\"url\":\"https:\/\/hir.mediamarkt.hu\/magazin\/\",\"name\":\"MediaMarkt Magazin\",\"description\":\"Olvass bele magazinunkba!\",\"potentialAction\":[{\"@type\":\"SearchAction\",\"target\":{\"@type\":\"EntryPoint\",\"urlTemplate\":\"https:\/\/hir.mediamarkt.hu\/magazin\/?s={search_term_string}\"},\"query-input\":\"required name=search_term_string\"}],\"inLanguage\":\"hu\"},{\"@type\":\"Person\",\"@id\":\"https:\/\/hir.mediamarkt.hu\/magazin\/#\/schema\/person\/ff784ff80603a7251923c8ebb5b781a2\",\"name\":\"Zsoca\",\"image\":{\"@type\":\"ImageObject\",\"inLanguage\":\"hu\",\"@id\":\"https:\/\/hir.mediamarkt.hu\/magazin\/#\/schema\/person\/image\/\",\"url\":\"https:\/\/secure.gravatar.com\/avatar\/24b8439fee7bc8c4530ef86e76a6d8f3?s=96&d=mm&r=g\",\"contentUrl\":\"https:\/\/secure.gravatar.com\/avatar\/24b8439fee7bc8c4530ef86e76a6d8f3?s=96&d=mm&r=g\",\"caption\":\"Zsoca\"}}]}<\/script>\n<!-- \/ Yoast SEO plugin. -->","yoast_head_json":{"title":"VIDE\u00d3KAMER\u00c1K - MediaMarkt Magazin","robots":{"index":"index","follow":"follow","max-snippet":"max-snippet:-1","max-image-preview":"max-image-preview:large","max-video-preview":"max-video-preview:-1"},"canonical":"https:\/\/hir.mediamarkt.hu\/magazin\/videokamerak\/","og_locale":"hu_HU","og_type":"article","og_title":"VIDE\u00d3KAMER\u00c1K - MediaMarkt Magazin","og_description":"B\u00e1r vide\u00f3t r\u00f6gz\u00edthet\u00fcnk mobiltelefonnal vagy kompakt f\u00e9nyk\u00e9pez\u0151g\u00e9ppel is, a vide\u00f3kamer\u00e1k kora m\u00e9g egy\u00e1ltal\u00e1n nem j\u00e1rt le, s\u0151t! A mobilos vide\u00f3k gyakran elmos\u00f3dottak vagy m\u00e1s min\u0151s\u00e9gi probl\u00e9m\u00e1kkal k\u00fcszk\u00f6dnek, m\u00edg a nagyobb lencs\u00e9kkel, k\u00fcl\u00f6nleges szenzorokkal kifejlesztett vide\u00f3kamer\u00e1kat egy\u00e9rtelm\u0171en a mozg\u00f3k\u00e9pek legsz\u00ednvonalasabb r\u00f6gz\u00edt\u00e9s\u00e9re tal\u00e1lt\u00e1k ki. M\u00e9g egy olyan fontos ter\u00fclet van, amiben a vide\u00f3kamer\u00e1k jobbak, mint a vide\u00f3z\u00e1sra k\u00e9pes f\u00e9nyk\u00e9pez\u0151g\u00e9pek: ez pedig a felv\u00e9tel ideje. M\u00edg a fot\u00f3z\u00e1sra kihegyezett eszk\u00f6z\u00f6kben egyszerre 15 vagy maximum 30 perces kisfilmek k\u00e9sz\u00fclhetnek, a vide\u00f3kamer\u00e1kkal nem kell f\u00e9lni att\u00f3l, hogy egy sportm\u00e9rk\u0151z\u00e9s, sz\u00ednh\u00e1zi el\u0151ad\u00e1s vagy esk\u00fcv\u0151 legfontosabb pillanatain\u00e1l szakad meg a r\u00f6gz\u00edt\u00e9s menete, hogy azt\u00e1n \u00fajra kelljen ind\u00edtanunk a felv\u00e9telt. SONY HDR-CX405 vide\u00f3kamera A magas szint\u0171 k\u00e9pstabiliz\u00e1l\u00e1s gondoskodik r\u00f3la, hogy akkor se mozduljon be a k\u00e9p, ha a ...","og_url":"https:\/\/hir.mediamarkt.hu\/magazin\/videokamerak\/","og_site_name":"MediaMarkt Magazin","article_publisher":"https:\/\/www.facebook.com\/MediaMarktMagyarorszag","article_published_time":"2019-07-15T11:46:42+00:00","article_modified_time":"2024-06-10T23:05:29+00:00","og_image":[{"width":1440,"height":540,"url":"https:\/\/hir.mediamarkt.hu\/magazin\/wp-content\/uploads\/2018\/06\/FDR-AX53_2.jpg","type":"image\/jpeg"}],"author":"Zsoca","twitter_misc":{"Szerz\u0151:":"Zsoca","Becs\u00fclt olvas\u00e1si id\u0151":"2 perc"},"schema":{"@context":"https:\/\/schema.org","@graph":[{"@type":"WebPage","@id":"https:\/\/hir.mediamarkt.hu\/magazin\/videokamerak\/","url":"https:\/\/hir.mediamarkt.hu\/magazin\/videokamerak\/","name":"VIDE\u00d3KAMER\u00c1K - MediaMarkt Magazin","isPartOf":{"@id":"https:\/\/hir.mediamarkt.hu\/magazin\/#website"},"primaryImageOfPage":{"@id":"https:\/\/hir.mediamarkt.hu\/magazin\/videokamerak\/#primaryimage"},"image":{"@id":"https:\/\/hir.mediamarkt.hu\/magazin\/videokamerak\/#primaryimage"},"thumbnailUrl":"https:\/\/hir.mediamarkt.hu\/magazin\/wp-content\/uploads\/2018\/06\/FDR-AX53_2.jpg","datePublished":"2019-07-15T11:46:42+00:00","dateModified":"2024-06-10T23:05:29+00:00","author":{"@id":"https:\/\/hir.mediamarkt.hu\/magazin\/#\/schema\/person\/ff784ff80603a7251923c8ebb5b781a2"},"breadcrumb":{"@id":"https:\/\/hir.mediamarkt.hu\/magazin\/videokamerak\/#breadcrumb"},"inLanguage":"hu","potentialAction":[{"@type":"ReadAction","target":["https:\/\/hir.mediamarkt.hu\/magazin\/videokamerak\/"]}]},{"@type":"ImageObject","inLanguage":"hu","@id":"https:\/\/hir.mediamarkt.hu\/magazin\/videokamerak\/#primaryimage","url":"https:\/\/hir.mediamarkt.hu\/magazin\/wp-content\/uploads\/2018\/06\/FDR-AX53_2.jpg","contentUrl":"https:\/\/hir.mediamarkt.hu\/magazin\/wp-content\/uploads\/2018\/06\/FDR-AX53_2.jpg","width":1440,"height":540},{"@type":"BreadcrumbList","@id":"https:\/\/hir.mediamarkt.hu\/magazin\/videokamerak\/#breadcrumb","itemListElement":[{"@type":"ListItem","position":1,"name":"Kezd\u0151lap","item":"https:\/\/hir.mediamarkt.hu\/magazin\/"},{"@type":"ListItem","position":2,"name":"Seg\u00edt\u00fcnk v\u00e1lasztani","item":"https:\/\/hir.mediamarkt.hu\/magazin\/segitunk-valasztani\/"},{"@type":"ListItem","position":3,"name":"Fot\u00f3 rovat","item":"https:\/\/hir.mediamarkt.hu\/magazin\/segitunk-valasztani\/foto-rovat\/"},{"@type":"ListItem","position":4,"name":"VIDE\u00d3KAMER\u00c1K"}]},{"@type":"WebSite","@id":"https:\/\/hir.mediamarkt.hu\/magazin\/#website","url":"https:\/\/hir.mediamarkt.hu\/magazin\/","name":"MediaMarkt Magazin","description":"Olvass bele magazinunkba!","potentialAction":[{"@type":"SearchAction","target":{"@type":"EntryPoint","urlTemplate":"https:\/\/hir.mediamarkt.hu\/magazin\/?s={search_term_string}"},"query-input":"required name=search_term_string"}],"inLanguage":"hu"},{"@type":"Person","@id":"https:\/\/hir.mediamarkt.hu\/magazin\/#\/schema\/person\/ff784ff80603a7251923c8ebb5b781a2","name":"Zsoca","image":{"@type":"ImageObject","inLanguage":"hu","@id":"https:\/\/hir.mediamarkt.hu\/magazin\/#\/schema\/person\/image\/","url":"https:\/\/secure.gravatar.com\/avatar\/24b8439fee7bc8c4530ef86e76a6d8f3?s=96&d=mm&r=g","contentUrl":"https:\/\/secure.gravatar.com\/avatar\/24b8439fee7bc8c4530ef86e76a6d8f3?s=96&d=mm&r=g","caption":"Zsoca"}}]}},"_links":{"self":[{"href":"https:\/\/hir.mediamarkt.hu\/magazin\/wp-json\/wp\/v2\/posts\/5991"}],"collection":[{"href":"https:\/\/hir.mediamarkt.hu\/magazin\/wp-json\/wp\/v2\/posts"}],"about":[{"href":"https:\/\/hir.mediamarkt.hu\/magazin\/wp-json\/wp\/v2\/types\/post"}],"author":[{"embeddable":true,"href":"https:\/\/hir.mediamarkt.hu\/magazin\/wp-json\/wp\/v2\/users\/20"}],"replies":[{"embeddable":true,"href":"https:\/\/hir.mediamarkt.hu\/magazin\/wp-json\/wp\/v2\/comments?post=5991"}],"version-history":[{"count":15,"href":"https:\/\/hir.mediamarkt.hu\/magazin\/wp-json\/wp\/v2\/posts\/5991\/revisions"}],"predecessor-version":[{"id":9211,"href":"https:\/\/hir.mediamarkt.hu\/magazin\/wp-json\/wp\/v2\/posts\/5991\/revisions\/9211"}],"wp:featuredmedia":[{"embeddable":true,"href":"https:\/\/hir.mediamarkt.hu\/magazin\/wp-json\/wp\/v2\/media\/6179"}],"wp:attachment":[{"href":"https:\/\/hir.mediamarkt.hu\/magazin\/wp-json\/wp\/v2\/media?parent=5991"}],"wp:term":[{"taxonomy":"category","embeddable":true,"href":"https:\/\/hir.mediamarkt.hu\/magazin\/wp-json\/wp\/v2\/categories?post=5991"},{"taxonomy":"post_tag","embeddable":true,"href":"https:\/\/hir.mediamarkt.hu\/magazin\/wp-json\/wp\/v2\/tags?post=5991"}],"curies":[{"name":"wp","href":"https:\/\/api.w.org\/{rel}","templated":true}]}}