{"id":6287,"date":"2018-07-16T07:55:11","date_gmt":"2018-07-16T06:55:11","guid":{"rendered":"http:\/\/hir.mediamarkt.hu\/magazin\/?p=6287"},"modified":"2018-07-24T11:08:19","modified_gmt":"2018-07-24T10:08:19","slug":"enni-enni-enni-igy-strandol-magyar","status":"publish","type":"post","link":"https:\/\/hir.mediamarkt.hu\/magazin\/enni-enni-enni-igy-strandol-magyar\/","title":{"rendered":"Enni, enni, enni! \u00cdgy strandol a magyar!"},"content":{"rendered":"<strong>A vonatra val\u00f3 felsz\u00e1ll\u00e1s ut\u00e1ni nett\u00f3 30. m\u00e1sodpercben t\u00f6rt\u00e9n\u0151 r\u00e1ntott h\u00fas marcangol\u00e1son fel\u00fcl a Balaton \u00e9s egy\u00e9b v\u00edzparti helysz\u00edneken abszolv\u00e1lt j\u00f3 \u00edz\u0171 \u00e9s nagyj\u00e1b\u00f3l konstans \u00e9lelmez\u00e9s igazi hungarikum. Szendvicsek, r\u00e1gcs\u00e1k, pattint\u00f3 s\u00f6r\u00f6k \u00e9s gourmand csal\u00e1dok eset\u00e9ben eg\u00e9sz sv\u00e9dasztalok ker\u00fclnek ki a pokr\u00f3cokra, t\u00f6r\u00fclk\u00f6z\u0151kre. L\u00e1ssuk, mi mindent cipel\u00fcnk magunkkal a strandra egy \u00e1tlagos napon!<\/strong><!--more-->\r\n<h2><strong>Alapoz\u00e1s, k\u00e9nyelem: a takar\u00f3nyi priv\u00e1t t\u00e9r<\/strong><\/h2>\r\nHogy t\u00f6r\u00fclk\u00f6z\u0151vel vagy pl\u00e9ddel jel\u00f6lj\u00fck-e ki a falka sz\u00e1m\u00e1ra a helyet, egy\u00e9nileg elt\u00e9rhet. Mindenesetre az els\u0151 \u00e9s legfontosabb m\u0171velet a b\u00e1zis kiszemel\u00e9se, megh\u00f3d\u00edt\u00e1sa \u00e9s k\u00e9nyelmess\u00e9 t\u00e9tele.\r\n\r\n<span style=\"font-weight: 400;\">M\u00e1ra egyre gyakrabban l\u00e1tni a napf\u00e9nyt\u0151l \u00f3v\u00f3, kinyithat\u00f3 kis s\u00e1trakat, amelyek \u00e1rny\u00e9kot adnak, az esetleges lombkorona hi\u00e1ny mellett is. Az \u00f6sszecsukhat\u00f3 kissz\u00e9kek \u00e9s a felf\u00fajhat\u00f3 fotelek kor\u00e1ban egyre komolyabb k\u00e9nyelemben \u00e9s luxusban \u00e9lvezhetj\u00fck az \u00e9des \u00e9letet. A felszerelts\u00e9g nyilv\u00e1n f\u00fcgg a helysz\u00edn megk\u00f6zel\u00edt\u00e9s\u00e9nek m\u00f3dj\u00e1t\u00f3l: az aut\u00f3s csal\u00e1dok fullra felpakolt j\u00e1rm\u0171veikbe szinte minden fontos eszk\u00f6zt be tudnak pr\u00e9selni. A vonattal \u00e9rkez\u0151k viszont val\u00f3sz\u00edn\u0171leg csak az alapdarabokat \u00e9s a legkisebb, legk\u00f6nnyebb elemeket v\u00e1lasztj\u00e1k. <\/span>\r\n<blockquote><em><span style=\"font-weight: 400;\"><strong>TIPP!<\/strong> B\u00e1r ehhez a megold\u00e1shoz sz\u00fcks\u00e9ges k\u00e9t, ide\u00e1lis t\u00e1vols\u00e1gra l\u00e9v\u0151 f\u00e1t tal\u00e1lnunk, az ejt\u0151erny\u0151 selyemb\u0151l k\u00e9sz\u00fclt f\u00fcgg\u0151\u00e1gyak 5 csillagos sz\u00e1llod\u00e1v\u00e1 v\u00e1ltoztathatj\u00e1k a mezei strandokat. K\u00e9t k\u00f6t\u00e9l, egy eg\u00e9szen kicsire \u00f6sszecsomagolhat\u00f3 f\u00fcgg\u0151\u00e1gy, k\u00e9t fa, \u00e9s m\u00e1r szinte \u00e1lomba is ringathatjuk magunkat a v\u00edzparton. Arr\u00f3l nem is besz\u00e9lve, hogy \u00edgy meg\u00fasszuk az esetleges hangya inv\u00e1zi\u00f3t!<\/span><\/em><\/blockquote>\r\n<img loading=\"lazy\" decoding=\"async\" class=\"alignnone size-large wp-image-6288\" src=\"http:\/\/hir.mediamarkt.hu\/magazin\/wp-content\/uploads\/2018\/07\/000-1024x683.jpeg\" alt=\"\" width=\"1024\" height=\"683\" srcset=\"https:\/\/hir.mediamarkt.hu\/magazin\/wp-content\/uploads\/2018\/07\/000-1024x683.jpeg 1024w, https:\/\/hir.mediamarkt.hu\/magazin\/wp-content\/uploads\/2018\/07\/000-275x183.jpeg 275w, https:\/\/hir.mediamarkt.hu\/magazin\/wp-content\/uploads\/2018\/07\/000-300x200.jpeg 300w, https:\/\/hir.mediamarkt.hu\/magazin\/wp-content\/uploads\/2018\/07\/000-768x512.jpeg 768w, https:\/\/hir.mediamarkt.hu\/magazin\/wp-content\/uploads\/2018\/07\/000.jpeg 1440w\" sizes=\"(max-width: 1024px) 100vw, 1024px\" \/>\r\n<h2><\/h2>\r\n<h2><strong>Minden, ami a f\u00fcrd\u00e9shez kell<\/strong><\/h2>\r\nEml\u00e9kszem, gyerekkoromban elszorul\u00f3 sz\u00edvvel n\u00e9zegettem a tehet\u0151s n\u00e9met csal\u00e1dok felf\u00fajhat\u00f3 mini szigeteit, amelyen m\u00e9g p\u00e1lmafa is volt. Sosem teljes\u00fclt az \u00e1lom, hogy saj\u00e1t, priv\u00e1t m\u0171anyag \u00fasz\u00f3 f\u00f6ldr\u00e9szem legyen, de az\u00e9rt nem panaszkodhatok, volt p\u00e1r men\u0151 kar\u00fasz\u00f3m\u2026\r\n\r\n<span style=\"font-weight: 400;\">Az idei sl\u00e1ger, a \u201cm\u00e9retar\u00e1nyos\u201d, felf\u00fajhat\u00f3 unikornis is val\u00f3sz\u00edn\u0171leg csak a kiv\u00e1lts\u00e1gosok csomagjai k\u00f6z\u00f6tt lapul. De a piac sz\u00ednes \u00e9s sz\u00e9les k\u00edn\u00e1lata miatt j\u00f3 es\u00e9llyel mindenki tal\u00e1l kedv\u00e9re &#8211; \u00e9s testm\u00e9ret\u00e9hez &#8211; val\u00f3 lebeg\u0151 j\u00e1tsz\u00f3 \u00e9s pihen\u0151 eszk\u00f6zt.<\/span>\r\n\r\nAz \u00fasz\u00f3gumi nem csak gyerekkori sz\u00fcks\u00e9glet. Egy j\u00f3 kis \u00fasz\u00e1s ut\u00e1n feln\u0151tt fejjel is j\u00f3l esik kicsit ringat\u00f3zni a v\u00edzen. A gumimatracok, kishaj\u00f3k \u00e9s egy\u00e9b nyal\u00e1nks\u00e1gok teh\u00e1t szint\u00e9n alapfelszerel\u00e9sk\u00e9nt megtal\u00e1lhat\u00f3 az \u00e1tlag magyar f\u00fcrd\u0151z\u0151n\u00e9l. A v\u00edzipisztoly, kislabda, nagy labda, szivacs- \u00e9s m\u0171anyag labda m\u00e1r opcion\u00e1lisabb v\u00e1laszt\u00e1s. Ahogy az \u00fasz\u00f3szem\u00fcveg \u00e9s a b\u00e9katalp is, el\u0151bbi haszn\u00e1lata f\u0151leg az\u00e9rt, mert a hazai tavakban nem sok mindent l\u00e1thatunk. Legal\u00e1bbis a part k\u00f6zel\u00e9ben.\r\n\r\n<img loading=\"lazy\" decoding=\"async\" class=\"alignnone size-large wp-image-6296\" src=\"http:\/\/hir.mediamarkt.hu\/magazin\/wp-content\/uploads\/2018\/07\/000a-1024x683.jpeg\" alt=\"\" width=\"1024\" height=\"683\" srcset=\"https:\/\/hir.mediamarkt.hu\/magazin\/wp-content\/uploads\/2018\/07\/000a-1024x683.jpeg 1024w, https:\/\/hir.mediamarkt.hu\/magazin\/wp-content\/uploads\/2018\/07\/000a-275x183.jpeg 275w, https:\/\/hir.mediamarkt.hu\/magazin\/wp-content\/uploads\/2018\/07\/000a-300x200.jpeg 300w, https:\/\/hir.mediamarkt.hu\/magazin\/wp-content\/uploads\/2018\/07\/000a-768x512.jpeg 768w, https:\/\/hir.mediamarkt.hu\/magazin\/wp-content\/uploads\/2018\/07\/000a.jpeg 1440w\" sizes=\"(max-width: 1024px) 100vw, 1024px\" \/>\r\n<h2><\/h2>\r\n<h2><strong>Az origo: az \u00e9tkez\u00e9s<\/strong><\/h2>\r\n&nbsp;\r\n\r\n<span style=\"font-weight: 400;\">A csal\u00e1dok \u00e1ltal\u00e1ban k\u00e9t hull\u00e1mban sz\u00e1llj\u00e1k meg a strandokat: reggeli ut\u00e1n, valamint az eb\u00e9det k\u00f6vet\u0151 szieszta v\u00e9gezt\u00e9vel. \u00cdgy azt gondolhatn\u00e1nk, az ev\u00e9s nem kell, hogy k\u00f6zponti szerepet j\u00e1tsszon a pakol\u00e1s sor\u00e1n. <\/span>\r\n\r\n<span style=\"font-weight: 400;\">Nos, aki csak egyszer is nyaralt m\u00e1r itthon, tudja, hogy valami t\u00f6megpszich\u00f3zis, na meg a j\u00f3 leveg\u0151-napf\u00e9ny-v\u00edz h\u00e1rmas\u00e1nak k\u00f6sz\u00f6nhet\u0151en egyszer\u0171en folyamatosan enn\u00fcnk kell. <\/span>\r\n<blockquote><strong>Dinny\u00e9t, k\u00f6lesgoly\u00f3t, j\u00e9gkr\u00e9met: egyre megy. Csak valami legyen a kez\u00fcnk \u00fcgy\u00e9ben!<\/strong><\/blockquote>\r\n<img loading=\"lazy\" decoding=\"async\" class=\"alignnone size-full wp-image-6289\" src=\"http:\/\/hir.mediamarkt.hu\/magazin\/wp-content\/uploads\/2018\/07\/00.jpeg\" alt=\"\" width=\"525\" height=\"350\" srcset=\"https:\/\/hir.mediamarkt.hu\/magazin\/wp-content\/uploads\/2018\/07\/00.jpeg 525w, https:\/\/hir.mediamarkt.hu\/magazin\/wp-content\/uploads\/2018\/07\/00-275x183.jpeg 275w, https:\/\/hir.mediamarkt.hu\/magazin\/wp-content\/uploads\/2018\/07\/00-300x200.jpeg 300w\" sizes=\"(max-width: 525px) 100vw, 525px\" \/>\r\n\r\nAz igaz\u00e1n profi, fekete \u00f6ves csal\u00e1dfenntart\u00f3k \u00e9s anyuk\u00e1k h\u0171t\u0151t\u00e1sk\u00e1kba pakolt, gondosan v\u00e1logatott \u00e9lelmiszerekkel \u00e9s italokkal \u00e9rkeznek. Manaps\u00e1g m\u00e1r a cipeked\u00e9s sem okozhat gondot, a gurul\u00f3s h\u0171t\u0151t\u00e1sk\u00e1nak h\u00e1la a f\u00e9l fridzsidert kivihetj\u00fck magunkkal a partra!\r\n\r\n<span style=\"font-weight: 400;\">Egy j\u00f3l beh\u0171t\u00f6tt s\u00f6r \u00e9s fr\u00f6ccs, egy h\u0171v\u00f6s nektarin, p\u00e1r liter friss, hideg uborka, paradicsom vagy paprika sal\u00e1ta mennyei \u00f6r\u00f6m\u00f6ket okozhat! A hideg s\u00fcltek is j\u00f3 szolg\u00e1latot tehetnek, egy profi h\u0171t\u0151t\u00e1sk\u00e1ban t\u00e1rolva pedig nem okozhat probl\u00e9m\u00e1t a frissen tart\u00e1suk sem.\u00a0<\/span>\r\n\r\n<span style=\"font-weight: 400;\">A szorosabb k\u00f6lts\u00e9gvet\u00e9ssel oper\u00e1l\u00f3 csal\u00e1dok r\u00e1ad\u00e1sul \u00edgy meg\u00faszhatj\u00e1k a helysz\u00edni fel\u00e1rat, m\u00e9gsem kell \u00fagy \u00e9rezni\u00fck, hogy a d\u0151zs\u00f6l\u0151 t\u00f6megben n\u00e9lk\u00fcl\u00f6zn\u00e9nek. <\/span>\r\n<blockquote><em><span style=\"font-weight: 400;\"><strong>TIPP!<\/strong> Kock\u00e1zzunk fel otthon p\u00e1r citrusf\u00e9l\u00e9t (narancsot, piros grapefruitot, citromot, lime-ot), ha van otthon menta vagy citromf\u0171 pal\u00e1nt\u00e1nk, sz\u00fcretelj\u00fcnk r\u00f3la p\u00e1r levelet, tegy\u00fck mindezt a hideg \u00e1sv\u00e1nyv\u00edz vagy sz\u00f3da mell\u00e9 a h\u0171t\u0151t\u00e1sk\u00e1ba \u00e9s csod\u00e1latosan, r\u00e1ad\u00e1sul st\u00edlusosan \u00e9s eg\u00e9szs\u00e9gesen friss\u00fclhet\u00fcnk fel a tikkaszt\u00f3 melegben.\u00a0<\/span><span style=\"font-weight: 400;\">A piros gy\u00fcm\u00f6lcs\u00f6k szerelmesei m\u00e1ln\u00e1t vagy ribizlit is haszn\u00e1lhatnak, de a k\u00edgy\u00f3 uborka is elk\u00e9peszt\u0151en j\u00f3l feldobhatja az italunkat! (Ut\u00f3bbihoz a nagykor\u00faak egy kis gint \u00e9s tonikot is \u00f6nthetnek\u2026)<\/span><\/em>\r\n\r\n<img loading=\"lazy\" decoding=\"async\" class=\"alignnone size-full wp-image-6290\" src=\"http:\/\/hir.mediamarkt.hu\/magazin\/wp-content\/uploads\/2018\/07\/00a.jpeg\" alt=\"\" width=\"525\" height=\"350\" srcset=\"https:\/\/hir.mediamarkt.hu\/magazin\/wp-content\/uploads\/2018\/07\/00a.jpeg 525w, https:\/\/hir.mediamarkt.hu\/magazin\/wp-content\/uploads\/2018\/07\/00a-275x183.jpeg 275w, https:\/\/hir.mediamarkt.hu\/magazin\/wp-content\/uploads\/2018\/07\/00a-300x200.jpeg 300w\" sizes=\"(max-width: 525px) 100vw, 525px\" \/><\/blockquote>\r\nHa nem egy szakajt\u00f3nyi gyerekkel \u00e9s\/vagy hatalmas \u00e9tv\u00e1ggyal indulunk a strandra, ha nincs sz\u00fcks\u00e9g\u00fcnk 45 literes egys\u00e9gre, a kisebb, v\u00e1llra akaszthat\u00f3 \u00e9s egyre divatosabb diz\u00e1jnnal k\u00e9sz\u00fcl\u0151 h\u0171t\u0151t\u00e1sk\u00e1k k\u00f6z\u00fcl is v\u00e1logathatunk. K\u00e9t-h\u00e1rom s\u00f6r \u00e9s p\u00e1r t\u00far\u00f3 rudi, egy-k\u00e9t szendvics \u00e9s minden a legnagyobb rendben lehet.\r\n<blockquote><em><span style=\"font-weight: 400;\"><strong>TIPP!<\/strong> Tegy\u00fck a naptejet is a h\u0171v\u00f6s t\u00e1rol\u00f3 egys\u00e9gbe, \u00edgy a v\u00e9delem mellett kellemesen simogat\u00f3 \u00e9rz\u00e9s lesz maga a felvitel is! Emellett az elektromos k\u00e9sz\u00fcl\u00e9kek (telefon, tablet) is h\u00e1l\u00e1s lesz, ha a 35 fok helyett megfelel\u0151bb kl\u00edm\u00e1ban pihenhet. Ebben az esetben \u00e9rdemes v\u00edzhatlan zacsk\u00f3ba tenni a h\u0171s\u00f6l\u0151 k\u00fcty\u00fcket \u00e9s persze elker\u00fclni a fagyaszt\u00e1st!<\/span><\/em>\r\n\r\n<img loading=\"lazy\" decoding=\"async\" class=\"alignnone wp-image-6299\" src=\"http:\/\/hir.mediamarkt.hu\/magazin\/wp-content\/uploads\/2018\/07\/11-1.jpg\" alt=\"\" width=\"372\" height=\"372\" srcset=\"https:\/\/hir.mediamarkt.hu\/magazin\/wp-content\/uploads\/2018\/07\/11-1.jpg 800w, https:\/\/hir.mediamarkt.hu\/magazin\/wp-content\/uploads\/2018\/07\/11-1-275x275.jpg 275w, https:\/\/hir.mediamarkt.hu\/magazin\/wp-content\/uploads\/2018\/07\/11-1-300x300.jpg 300w, https:\/\/hir.mediamarkt.hu\/magazin\/wp-content\/uploads\/2018\/07\/11-1-768x768.jpg 768w, https:\/\/hir.mediamarkt.hu\/magazin\/wp-content\/uploads\/2018\/07\/11-1-150x150.jpg 150w\" sizes=\"(max-width: 372px) 100vw, 372px\" \/>\r\n\r\n<em><span style=\"font-size: 14px;\">A sz\u00ednes h\u0171t\u0151t\u00e1sk\u00e1kr\u00f3l b\u0151vebb inform\u00e1ci\u00f3k a <a href=\"http:\/\/www.mediamarkt.hu\/hu\/category\/_h%C5%B1t%C5%91t%C3%A1ska-659512.html\">MediaMarkt<\/a> oldal\u00e1n \u00e9rhet\u0151k el!<\/span><\/em><\/blockquote>\r\n&nbsp;\r\n<h2><strong>Sz\u00e1razf\u00f6ldi sz\u00f3rakoz\u00e1s: rejtv\u00e9ny \u00e9s irodalom, t\u00e1rsas \u00e9s k\u00e1rtya<\/strong><\/h2>\r\nSzerencs\u00e9re m\u00e9g mindig azt l\u00e1tni a magyar strandokon, hogy a pihenni v\u00e1gy\u00f3k a hagyom\u00e1nyosabb kikapcsol\u00f3d\u00e1s eszk\u00f6zeihez ny\u00falnak. Ha m\u00e1r eg\u00e9sz \u00e9vben a neten l\u00f3gunk, haszn\u00e1ljuk ki a \u201cnom\u00e1d\u201d pillanatokat \u00e9s kicsit felejts\u00fck el a vil\u00e1gh\u00e1l\u00f3t \u00e9s a digit\u00e1lis j\u00e1t\u00e9kokat.\u00a0<span style=\"font-weight: 400;\">Az olcs\u00f3n beszerezhet\u0151 rejtv\u00e9ny\u00fajs\u00e1gok, a sudoku kiadv\u00e1nyok b\u00edrj\u00e1k a gy\u0171r\u0151d\u00e9st. A vizet kev\u00e9sb\u00e9, de p\u00e1r csepp Balaton vizet \u0151k is kib\u00edrnak. <\/span><span style=\"font-weight: 400;\">A k\u00e1rty\u00e1k t\u00f6bbs\u00e9ge szint\u00e9n strapab\u00edr\u00f3, h\u00e1t m\u00e9g a dob\u00f3kock\u00e1k. Gyerekkorom sl\u00e1gere a kockap\u00f3ker b\u00e1rmikor feldobhatja az id\u0151t\u00f6lt\u00e9st.<\/span>\r\n\r\n<img loading=\"lazy\" decoding=\"async\" class=\"alignnone size-full wp-image-6294\" src=\"http:\/\/hir.mediamarkt.hu\/magazin\/wp-content\/uploads\/2018\/07\/00e.jpeg\" alt=\"\" width=\"467\" height=\"350\" srcset=\"https:\/\/hir.mediamarkt.hu\/magazin\/wp-content\/uploads\/2018\/07\/00e.jpeg 467w, https:\/\/hir.mediamarkt.hu\/magazin\/wp-content\/uploads\/2018\/07\/00e-275x206.jpeg 275w, https:\/\/hir.mediamarkt.hu\/magazin\/wp-content\/uploads\/2018\/07\/00e-300x225.jpeg 300w\" sizes=\"(max-width: 467px) 100vw, 467px\" \/>\r\n\r\nAz olvas\u00e1s a strandon m\u00e1r \u00e9rdekesebb \u00e9s macer\u00e1sabb \u00fcgy. \u00c9rdemes k\u00f6nnyen em\u00e9szthet\u0151 m\u0171vet v\u00e1lasztani. Egy Agatha Christie vagy Rejt\u0151 Jen\u0151 kiadv\u00e1ny m\u00e9g mindig top sl\u00e1ger lehet a r\u00f6videbb, bele-belealv\u00f3s olvas\u00e1sok sor\u00e1n. A \u201cponyva\u201d kiadv\u00e1nyokat r\u00e1ad\u00e1sul nem f\u00e9ltj\u00fck annyira a r\u00e1csorg\u00f3 fagylaltt\u00f3l, a fr\u00f6ccsen\u0151 s\u00f6rt\u0151l \u00e9s a hajunkb\u00f3l csepeg\u0151 v\u00edzt\u0151l.\r\n\r\n<span style=\"font-weight: 400;\">Ham\u00e1r k\u00fcty\u00fc, akkor egy v\u00edzhatlan e-book olvas\u00f3 j\u00f3 t\u00e1rsunk lehet, ak\u00e1r a m\u00e1r eml\u00edtett matracon, vagy egy\u00e9b felf\u00fajhat\u00f3 egys\u00e9gen lebegve, kiss\u00e9 t\u00e1volabb a sivalkod\u00f3 t\u00f6megt\u0151l\u2026<\/span>\r\n\r\n<span style=\"font-weight: 400;\">B\u00e1r j\u00f3 es\u00e9llyel nem adtunk szociol\u00f3giailag 100%-osan \u00e1tfog\u00f3 k\u00e9pet a magyar nyaral\u00e1si szok\u00e1sokr\u00f3l, b\u00edzunk benne, hogy sokan magukra ismernek \u00e9s esetleg n\u00e9h\u00e1ny \u00faj tippel gazdagodva m\u00e9g k\u00e9nyelmesebben t\u00f6ltik a nyaral\u00e1sukat valamelyik v\u00edzparton. Addig is <\/span>\r\n<blockquote><span style=\"font-size: 32px;\"><strong>MAIS, BITTE!<\/strong><\/span><\/blockquote>\r\n&nbsp;","protected":false},"excerpt":{"rendered":"A vonatra val\u00f3 felsz\u00e1ll\u00e1s ut\u00e1ni nett\u00f3 30. m\u00e1sodpercben t\u00f6rt\u00e9n\u0151 r\u00e1ntott h\u00fas marcangol\u00e1son fel\u00fcl a Balaton \u00e9s egy\u00e9b v\u00edzparti helysz\u00edneken abszolv\u00e1lt j\u00f3 \u00edz\u0171 \u00e9s nagyj\u00e1b\u00f3l konstans \u00e9lelmez\u00e9s igazi hungarikum. Szendvicsek, r\u00e1gcs\u00e1k, pattint\u00f3 s\u00f6r\u00f6k \u00e9s gourmand csal\u00e1dok eset\u00e9ben eg\u00e9sz sv\u00e9dasztalok ker\u00fclnek ki a pokr\u00f3cokra, t\u00f6r\u00fclk\u00f6z\u0151kre. L\u00e1ssuk, mi mindent cipel\u00fcnk magunkkal a strandra egy \u00e1tlagos napon!","protected":false},"author":13,"featured_media":6293,"comment_status":"open","ping_status":"open","sticky":false,"template":"","format":"standard","meta":{"wprm-recipe-roundup-name":"","wprm-recipe-roundup-description":"","footnotes":""},"categories":[5967],"tags":[2200,2606,741,1367,514,2470,2626,2429,2628,260,2127,2541,2623,170,765,2624,2625,2627],"yoast_head":"<!-- This site is optimized with the Yoast SEO plugin v22.9 - https:\/\/yoast.com\/wordpress\/plugins\/seo\/ -->\n<title>Enni, enni, enni! \u00cdgy strandol a magyar! - MediaMarkt Magazin<\/title>\n<meta name=\"robots\" content=\"index, follow, max-snippet:-1, max-image-preview:large, max-video-preview:-1\" \/>\n<link rel=\"canonical\" href=\"https:\/\/hir.mediamarkt.hu\/magazin\/enni-enni-enni-igy-strandol-magyar\/\" \/>\n<meta property=\"og:locale\" content=\"hu_HU\" \/>\n<meta property=\"og:type\" content=\"article\" \/>\n<meta property=\"og:title\" content=\"Enni, enni, enni! \u00cdgy strandol a magyar! - MediaMarkt Magazin\" \/>\n<meta property=\"og:description\" content=\"A vonatra val\u00f3 felsz\u00e1ll\u00e1s ut\u00e1ni nett\u00f3 30. m\u00e1sodpercben t\u00f6rt\u00e9n\u0151 r\u00e1ntott h\u00fas marcangol\u00e1son fel\u00fcl a Balaton \u00e9s egy\u00e9b v\u00edzparti helysz\u00edneken abszolv\u00e1lt j\u00f3 \u00edz\u0171 \u00e9s nagyj\u00e1b\u00f3l konstans \u00e9lelmez\u00e9s igazi hungarikum. Szendvicsek, r\u00e1gcs\u00e1k, pattint\u00f3 s\u00f6r\u00f6k \u00e9s gourmand csal\u00e1dok eset\u00e9ben eg\u00e9sz sv\u00e9dasztalok ker\u00fclnek ki a pokr\u00f3cokra, t\u00f6r\u00fclk\u00f6z\u0151kre. L\u00e1ssuk, mi mindent cipel\u00fcnk magunkkal a strandra egy \u00e1tlagos napon!\" \/>\n<meta property=\"og:url\" content=\"https:\/\/hir.mediamarkt.hu\/magazin\/enni-enni-enni-igy-strandol-magyar\/\" \/>\n<meta property=\"og:site_name\" content=\"MediaMarkt Magazin\" \/>\n<meta property=\"article:publisher\" content=\"https:\/\/www.facebook.com\/MediaMarktMagyarorszag\" \/>\n<meta property=\"article:published_time\" content=\"2018-07-16T06:55:11+00:00\" \/>\n<meta property=\"article:modified_time\" content=\"2018-07-24T10:08:19+00:00\" \/>\n<meta property=\"og:image\" content=\"https:\/\/hir.mediamarkt.hu\/magazin\/wp-content\/uploads\/2018\/07\/00d.jpeg\" \/>\n\t<meta property=\"og:image:width\" content=\"525\" \/>\n\t<meta property=\"og:image:height\" content=\"350\" \/>\n\t<meta property=\"og:image:type\" content=\"image\/jpeg\" \/>\n<meta name=\"author\" content=\"Media Markt\" \/>\n<meta name=\"twitter:label1\" content=\"Szerz\u0151:\" \/>\n\t<meta name=\"twitter:data1\" content=\"Media Markt\" \/>\n\t<meta name=\"twitter:label2\" content=\"Becs\u00fclt olvas\u00e1si id\u0151\" \/>\n\t<meta name=\"twitter:data2\" content=\"7 perc\" \/>\n<script type=\"application\/ld+json\" class=\"yoast-schema-graph\">{\"@context\":\"https:\/\/schema.org\",\"@graph\":[{\"@type\":\"WebPage\",\"@id\":\"https:\/\/hir.mediamarkt.hu\/magazin\/enni-enni-enni-igy-strandol-magyar\/\",\"url\":\"https:\/\/hir.mediamarkt.hu\/magazin\/enni-enni-enni-igy-strandol-magyar\/\",\"name\":\"Enni, enni, enni! \u00cdgy strandol a magyar! - MediaMarkt Magazin\",\"isPartOf\":{\"@id\":\"https:\/\/hir.mediamarkt.hu\/magazin\/#website\"},\"primaryImageOfPage\":{\"@id\":\"https:\/\/hir.mediamarkt.hu\/magazin\/enni-enni-enni-igy-strandol-magyar\/#primaryimage\"},\"image\":{\"@id\":\"https:\/\/hir.mediamarkt.hu\/magazin\/enni-enni-enni-igy-strandol-magyar\/#primaryimage\"},\"thumbnailUrl\":\"https:\/\/hir.mediamarkt.hu\/magazin\/wp-content\/uploads\/2018\/07\/00d.jpeg\",\"datePublished\":\"2018-07-16T06:55:11+00:00\",\"dateModified\":\"2018-07-24T10:08:19+00:00\",\"author\":{\"@id\":\"https:\/\/hir.mediamarkt.hu\/magazin\/#\/schema\/person\/b93b02ec1ab4d2353f8d281e171c1b0b\"},\"breadcrumb\":{\"@id\":\"https:\/\/hir.mediamarkt.hu\/magazin\/enni-enni-enni-igy-strandol-magyar\/#breadcrumb\"},\"inLanguage\":\"hu\",\"potentialAction\":[{\"@type\":\"ReadAction\",\"target\":[\"https:\/\/hir.mediamarkt.hu\/magazin\/enni-enni-enni-igy-strandol-magyar\/\"]}]},{\"@type\":\"ImageObject\",\"inLanguage\":\"hu\",\"@id\":\"https:\/\/hir.mediamarkt.hu\/magazin\/enni-enni-enni-igy-strandol-magyar\/#primaryimage\",\"url\":\"https:\/\/hir.mediamarkt.hu\/magazin\/wp-content\/uploads\/2018\/07\/00d.jpeg\",\"contentUrl\":\"https:\/\/hir.mediamarkt.hu\/magazin\/wp-content\/uploads\/2018\/07\/00d.jpeg\",\"width\":525,\"height\":350},{\"@type\":\"BreadcrumbList\",\"@id\":\"https:\/\/hir.mediamarkt.hu\/magazin\/enni-enni-enni-igy-strandol-magyar\/#breadcrumb\",\"itemListElement\":[{\"@type\":\"ListItem\",\"position\":1,\"name\":\"Kezd\u0151lap\",\"item\":\"https:\/\/hir.mediamarkt.hu\/magazin\/\"},{\"@type\":\"ListItem\",\"position\":2,\"name\":\"Enni, enni, enni! \u00cdgy strandol a magyar!\"}]},{\"@type\":\"WebSite\",\"@id\":\"https:\/\/hir.mediamarkt.hu\/magazin\/#website\",\"url\":\"https:\/\/hir.mediamarkt.hu\/magazin\/\",\"name\":\"MediaMarkt Magazin\",\"description\":\"Olvass bele magazinunkba!\",\"potentialAction\":[{\"@type\":\"SearchAction\",\"target\":{\"@type\":\"EntryPoint\",\"urlTemplate\":\"https:\/\/hir.mediamarkt.hu\/magazin\/?s={search_term_string}\"},\"query-input\":\"required name=search_term_string\"}],\"inLanguage\":\"hu\"},{\"@type\":\"Person\",\"@id\":\"https:\/\/hir.mediamarkt.hu\/magazin\/#\/schema\/person\/b93b02ec1ab4d2353f8d281e171c1b0b\",\"name\":\"Media Markt\",\"image\":{\"@type\":\"ImageObject\",\"inLanguage\":\"hu\",\"@id\":\"https:\/\/hir.mediamarkt.hu\/magazin\/#\/schema\/person\/image\/\",\"url\":\"https:\/\/secure.gravatar.com\/avatar\/602bccae8998beee472d01909f0978f1?s=96&d=mm&r=g\",\"contentUrl\":\"https:\/\/secure.gravatar.com\/avatar\/602bccae8998beee472d01909f0978f1?s=96&d=mm&r=g\",\"caption\":\"Media Markt\"}}]}<\/script>\n<!-- \/ Yoast SEO plugin. -->","yoast_head_json":{"title":"Enni, enni, enni! \u00cdgy strandol a magyar! - MediaMarkt Magazin","robots":{"index":"index","follow":"follow","max-snippet":"max-snippet:-1","max-image-preview":"max-image-preview:large","max-video-preview":"max-video-preview:-1"},"canonical":"https:\/\/hir.mediamarkt.hu\/magazin\/enni-enni-enni-igy-strandol-magyar\/","og_locale":"hu_HU","og_type":"article","og_title":"Enni, enni, enni! \u00cdgy strandol a magyar! - MediaMarkt Magazin","og_description":"A vonatra val\u00f3 felsz\u00e1ll\u00e1s ut\u00e1ni nett\u00f3 30. m\u00e1sodpercben t\u00f6rt\u00e9n\u0151 r\u00e1ntott h\u00fas marcangol\u00e1son fel\u00fcl a Balaton \u00e9s egy\u00e9b v\u00edzparti helysz\u00edneken abszolv\u00e1lt j\u00f3 \u00edz\u0171 \u00e9s nagyj\u00e1b\u00f3l konstans \u00e9lelmez\u00e9s igazi hungarikum. Szendvicsek, r\u00e1gcs\u00e1k, pattint\u00f3 s\u00f6r\u00f6k \u00e9s gourmand csal\u00e1dok eset\u00e9ben eg\u00e9sz sv\u00e9dasztalok ker\u00fclnek ki a pokr\u00f3cokra, t\u00f6r\u00fclk\u00f6z\u0151kre. L\u00e1ssuk, mi mindent cipel\u00fcnk magunkkal a strandra egy \u00e1tlagos napon!","og_url":"https:\/\/hir.mediamarkt.hu\/magazin\/enni-enni-enni-igy-strandol-magyar\/","og_site_name":"MediaMarkt Magazin","article_publisher":"https:\/\/www.facebook.com\/MediaMarktMagyarorszag","article_published_time":"2018-07-16T06:55:11+00:00","article_modified_time":"2018-07-24T10:08:19+00:00","og_image":[{"width":525,"height":350,"url":"https:\/\/hir.mediamarkt.hu\/magazin\/wp-content\/uploads\/2018\/07\/00d.jpeg","type":"image\/jpeg"}],"author":"Media Markt","twitter_misc":{"Szerz\u0151:":"Media Markt","Becs\u00fclt olvas\u00e1si id\u0151":"7 perc"},"schema":{"@context":"https:\/\/schema.org","@graph":[{"@type":"WebPage","@id":"https:\/\/hir.mediamarkt.hu\/magazin\/enni-enni-enni-igy-strandol-magyar\/","url":"https:\/\/hir.mediamarkt.hu\/magazin\/enni-enni-enni-igy-strandol-magyar\/","name":"Enni, enni, enni! \u00cdgy strandol a magyar! - MediaMarkt Magazin","isPartOf":{"@id":"https:\/\/hir.mediamarkt.hu\/magazin\/#website"},"primaryImageOfPage":{"@id":"https:\/\/hir.mediamarkt.hu\/magazin\/enni-enni-enni-igy-strandol-magyar\/#primaryimage"},"image":{"@id":"https:\/\/hir.mediamarkt.hu\/magazin\/enni-enni-enni-igy-strandol-magyar\/#primaryimage"},"thumbnailUrl":"https:\/\/hir.mediamarkt.hu\/magazin\/wp-content\/uploads\/2018\/07\/00d.jpeg","datePublished":"2018-07-16T06:55:11+00:00","dateModified":"2018-07-24T10:08:19+00:00","author":{"@id":"https:\/\/hir.mediamarkt.hu\/magazin\/#\/schema\/person\/b93b02ec1ab4d2353f8d281e171c1b0b"},"breadcrumb":{"@id":"https:\/\/hir.mediamarkt.hu\/magazin\/enni-enni-enni-igy-strandol-magyar\/#breadcrumb"},"inLanguage":"hu","potentialAction":[{"@type":"ReadAction","target":["https:\/\/hir.mediamarkt.hu\/magazin\/enni-enni-enni-igy-strandol-magyar\/"]}]},{"@type":"ImageObject","inLanguage":"hu","@id":"https:\/\/hir.mediamarkt.hu\/magazin\/enni-enni-enni-igy-strandol-magyar\/#primaryimage","url":"https:\/\/hir.mediamarkt.hu\/magazin\/wp-content\/uploads\/2018\/07\/00d.jpeg","contentUrl":"https:\/\/hir.mediamarkt.hu\/magazin\/wp-content\/uploads\/2018\/07\/00d.jpeg","width":525,"height":350},{"@type":"BreadcrumbList","@id":"https:\/\/hir.mediamarkt.hu\/magazin\/enni-enni-enni-igy-strandol-magyar\/#breadcrumb","itemListElement":[{"@type":"ListItem","position":1,"name":"Kezd\u0151lap","item":"https:\/\/hir.mediamarkt.hu\/magazin\/"},{"@type":"ListItem","position":2,"name":"Enni, enni, enni! \u00cdgy strandol a magyar!"}]},{"@type":"WebSite","@id":"https:\/\/hir.mediamarkt.hu\/magazin\/#website","url":"https:\/\/hir.mediamarkt.hu\/magazin\/","name":"MediaMarkt Magazin","description":"Olvass bele magazinunkba!","potentialAction":[{"@type":"SearchAction","target":{"@type":"EntryPoint","urlTemplate":"https:\/\/hir.mediamarkt.hu\/magazin\/?s={search_term_string}"},"query-input":"required name=search_term_string"}],"inLanguage":"hu"},{"@type":"Person","@id":"https:\/\/hir.mediamarkt.hu\/magazin\/#\/schema\/person\/b93b02ec1ab4d2353f8d281e171c1b0b","name":"Media Markt","image":{"@type":"ImageObject","inLanguage":"hu","@id":"https:\/\/hir.mediamarkt.hu\/magazin\/#\/schema\/person\/image\/","url":"https:\/\/secure.gravatar.com\/avatar\/602bccae8998beee472d01909f0978f1?s=96&d=mm&r=g","contentUrl":"https:\/\/secure.gravatar.com\/avatar\/602bccae8998beee472d01909f0978f1?s=96&d=mm&r=g","caption":"Media Markt"}}]}},"_links":{"self":[{"href":"https:\/\/hir.mediamarkt.hu\/magazin\/wp-json\/wp\/v2\/posts\/6287"}],"collection":[{"href":"https:\/\/hir.mediamarkt.hu\/magazin\/wp-json\/wp\/v2\/posts"}],"about":[{"href":"https:\/\/hir.mediamarkt.hu\/magazin\/wp-json\/wp\/v2\/types\/post"}],"author":[{"embeddable":true,"href":"https:\/\/hir.mediamarkt.hu\/magazin\/wp-json\/wp\/v2\/users\/13"}],"replies":[{"embeddable":true,"href":"https:\/\/hir.mediamarkt.hu\/magazin\/wp-json\/wp\/v2\/comments?post=6287"}],"version-history":[{"count":4,"href":"https:\/\/hir.mediamarkt.hu\/magazin\/wp-json\/wp\/v2\/posts\/6287\/revisions"}],"predecessor-version":[{"id":6304,"href":"https:\/\/hir.mediamarkt.hu\/magazin\/wp-json\/wp\/v2\/posts\/6287\/revisions\/6304"}],"wp:featuredmedia":[{"embeddable":true,"href":"https:\/\/hir.mediamarkt.hu\/magazin\/wp-json\/wp\/v2\/media\/6293"}],"wp:attachment":[{"href":"https:\/\/hir.mediamarkt.hu\/magazin\/wp-json\/wp\/v2\/media?parent=6287"}],"wp:term":[{"taxonomy":"category","embeddable":true,"href":"https:\/\/hir.mediamarkt.hu\/magazin\/wp-json\/wp\/v2\/categories?post=6287"},{"taxonomy":"post_tag","embeddable":true,"href":"https:\/\/hir.mediamarkt.hu\/magazin\/wp-json\/wp\/v2\/tags?post=6287"}],"curies":[{"name":"wp","href":"https:\/\/api.w.org\/{rel}","templated":true}]}}