{"id":6312,"date":"2018-08-07T10:42:46","date_gmt":"2018-08-07T09:42:46","guid":{"rendered":"http:\/\/hir.mediamarkt.hu\/magazin\/?p=6312"},"modified":"2018-08-07T10:44:14","modified_gmt":"2018-08-07T09:44:14","slug":"fel-fejjel-ismet-nyakunkon-az-augusztusi-csillaghullas-orulet","status":"publish","type":"post","link":"https:\/\/hir.mediamarkt.hu\/magazin\/fel-fejjel-ismet-nyakunkon-az-augusztusi-csillaghullas-orulet\/","title":{"rendered":"Fel a fejjel! Ism\u00e9t nyakunkon az augusztusi csillaghull\u00e1s \u0151r\u00fclet!"},"content":{"rendered":"<strong>Szombaton \u00e9rdemes felfel\u00e9 n\u00e9zni. Augusztus 12-\u00e9n j\u00f6nnek a Perseid\u00e1k! Persze m\u00e1r 9-t\u0151l beindul a \u201cszezon\u201d, \u00fagyhogy ak\u00e1r t\u00f6bb est\u00e9t, \u00e9jszak\u00e1t is a l\u00e1tv\u00e1nyos cik\u00e1z\u00e1snak, szikr\u00e1z\u00e1snak szentelhet\u00fcnk. Hiedelmek \u00e9s babon\u00e1k, meg egy kis tudom\u00e1nyos magyar\u00e1zat a Perseid\u00e1k \u00e1mokfut\u00e1s\u00e1r\u00f3l, r\u00f6viden!<\/strong><!--more-->\r\n<h2><strong>Hullanak-e a csillagok? Ha igen, t\u00fal\u00e9lj\u00fck?<\/strong><\/h2>\r\nH\u00e1l\u2019istennek id\u00e9n sem kell v\u00e9g\u00edt\u00e9letre sz\u00e1m\u00edtani, a k\u00f6znyelvi elnevez\u00e9ssel ellent\u00e9tben ugyanis 2018-ban sem csillagok (ld. a Nap) hullanak al\u00e1, hanem egy \u00e1rtalmatlan meteorraj l\u00e9p be a F\u00f6ld l\u00e9gk\u00f6rbe. A l\u00e9gk\u00f6ri s\u00farl\u00f3d\u00e1st\u00f3l f\u00f6lhev\u00fclt meteordarabk\u00e1k el sem \u00e9rik el a F\u00f6ld felsz\u00edn\u00e9t, az apr\u00f3 porszemcs\u00e9b\u0151l \u00e1ll\u00f3 raj ugyanis a nagy sebess\u00e9g k\u00f6vetkezt\u00e9ben azonnal el\u00e9g. Ahogy azt szabad szemmel is l\u00e1thatjuk, az eg\u00e9sz olyan, mintha egy gyuf\u00e1t gy\u00fajtan\u00e1nk meg, amely fellobban \u00e9s ki is alszik nyomban.\r\n\r\n<span style=\"font-weight: 400;\">A hull\u00f3csillagok &#8211; amelyek teh\u00e1t nem csillagok &#8211; \u00e1rtalmatlan jelens\u00e9gek. L\u00e9legzetel\u00e1ll\u00edt\u00f3 sz\u00e9ps\u00e9g\u00fck k\u00f6vetkezt\u00e9ben az\u00f3ta r\u00e9g\u00f3ta kedvelt l\u00e1tv\u00e1nyoss\u00e1gai az emberis\u00e9gnek, amelyhez sz\u00e1mos hiedelem kapcsol\u00f3dik.<\/span>\r\n\r\n<img loading=\"lazy\" decoding=\"async\" class=\"alignnone size-full wp-image-6322\" src=\"http:\/\/hir.mediamarkt.hu\/magazin\/wp-content\/uploads\/2018\/08\/000.jpg\" alt=\"\" width=\"676\" height=\"350\" srcset=\"https:\/\/hir.mediamarkt.hu\/magazin\/wp-content\/uploads\/2018\/08\/000.jpg 676w, https:\/\/hir.mediamarkt.hu\/magazin\/wp-content\/uploads\/2018\/08\/000-275x142.jpg 275w, https:\/\/hir.mediamarkt.hu\/magazin\/wp-content\/uploads\/2018\/08\/000-300x155.jpg 300w\" sizes=\"(max-width: 676px) 100vw, 676px\" \/>\r\n<h2><strong>Sz\u00fczess\u00e9g-mutat\u00f3, hal\u00e1l-el\u0151rejelz\u0151 vagy k\u00edv\u00e1ns\u00e1g-teljes\u00edt\u0151 eszk\u00f6z?<\/strong><\/h2>\r\nA hull\u00f3csillagok extr\u00e9m romantikus felhangjuk mellett sz\u00e1mos m\u00e1s tulajdons\u00e1gokkal is fel vannak ruh\u00e1zva. A legismertebb, sz\u00e9lesk\u00f6rben elterjedt babon\u00e1nk, hogy ha l\u00e1tunk egy sebes f\u00e9nycs\u00f3v\u00e1t, k\u00edv\u00e1nhatunk valamit. Persze a titkos v\u00e1gy csak akkor teljes\u00fcl, ha nem \u00e1ruljuk el, mit is k\u00e9rt\u00fcnk a kis meteordarabk\u00e1t\u00f3l\u2026\r\n\r\nR\u00e9gi hiedelem szerint a f\u00e9nyjelens\u00e9g az \u00e9ppen a sz\u00fczess\u00e9g\u00fcket elvesz\u00edt\u0151 l\u00e1nyok sz\u00e1m\u00e1t mutatt\u00e1k. Ezalapj\u00e1n a \u201cn\u0151v\u00e9 v\u00e1l\u00e1s\u201d f\u0151szezonja egy\u00e9rtelm\u0171en az augusztus. De az egy-egy elkapott, m\u00e1s h\u00f3napban kisz\u00fart \u00e9gi jelens\u00e9g is mind-mind erre a t\u00e9m\u00e1ra utal. Pontos statisztikai sz\u00e1madatok nem \u00e1llnak rendelkez\u00e9s\u00fcnkre a t\u00e9m\u00e1ban, de gyan\u00fas, hogy lehetnek elt\u00e9r\u00e9sek a f\u00f6ldi \u00e9s az \u00e9gi adatok k\u00f6z\u00f6tt\u2026\r\n\r\nA hull\u00f3csillagok sz\u00e1mos kult\u00far\u00e1ban a hal\u00e1lhoz kapcsol\u00f3dnak. K\u00fcl\u00f6nb\u00f6z\u0151 verzi\u00f3ban \u00e9lnek hiedelmek, Erd\u00e9lyben pl. \u00fagy v\u00e9lik, aki hull\u00f3csillagot l\u00e1t, az hamarosan elveszti egy rokon\u00e1t. Sz\u00e1mos kult\u00far\u00e1ban \u00fagy v\u00e9lik, minden embernek megvan a maga csillaga. A litv\u00e1nok szerint mindenki \u00e9lete egy l\u00e1thatatlan fon\u00e1llal egy csillaghoz van k\u00f6tve. Amikor elj\u00f6n a hal\u00e1l ideje, a fon\u00e1l elszakad, a f\u00e9ny pedig kih\u00fany. A mai T\u00f6r\u00f6korsz\u00e1g ter\u00fclet\u00e9n tal\u00e1lhat\u00f3 Anat\u00f3li\u00e1ban, Kis-\u00c1zsi\u00e1ban is \u00e9l ez a n\u00e9zet, itt azonban konkr\u00e9t id\u0151t, 40 napot adnak m\u00e9g a hull\u00f3csillag tulajdonos\u00e1nak az \u00e9letre.\r\n\r\n<span style=\"font-weight: 400;\">Egyes n\u00e9zetek szerint a hull\u00f3csillagok egy-egy elhunyt lelk\u00e9nek ragyog\u00e1s\u00e1t jelk\u00e9pezik. Amikor kihuny egy f\u00e9ny, az adott l\u00e9lek kiszabadul a tiszt\u00edt\u00f3t\u0171zb\u0151l.\u00a0<\/span><span style=\"font-weight: 400;\">A skandin\u00e1v kult\u00far\u00e1ban a csillagok m\u00e1r \u00f6n\u00e1ll\u00f3 l\u00e9tet kapnak: az ottani hiedelemvil\u00e1g szerint a csillagok egyszer mind \u00f6ssze-vissza sz\u00e1guldoztak az \u00e9gen. Az istenek azonban r\u00e1untak az \u0151r\u00fclt rode\u00f3ra \u00e9s hogy v\u00e9gre rend legyen, mindegyik\u00fck sz\u00e1m\u00e1ra kijel\u00f6ltek egy helyet \u00e9s egy p\u00e1ly\u00e1t. N\u00e9h\u00e1ny renitens csillag azonban id\u0151nk\u00e9nt fell\u00e1zad \u00e9s elszabadul. Ezt a sz\u00e1guldoz\u00e1st l\u00e1tjuk hull\u00f3csillag form\u00e1j\u00e1ban az \u00e9gen\u2026<\/span>\r\n\r\n<span style=\"font-weight: 400;\">A kereszt\u00e9ny vil\u00e1gban \u201cSzent L\u0151rinc k\u00f6nnyeik\u00e9nt\u201d is emlegetett jelens\u00e9g az i.sz. 258 augusztus 10-\u00e9n v\u00e9rtan\u00fahal\u00e1lt halt szenthez is k\u00f6thet\u0151.<\/span>\r\n\r\n<img loading=\"lazy\" decoding=\"async\" class=\"alignnone size-large wp-image-6325\" src=\"http:\/\/hir.mediamarkt.hu\/magazin\/wp-content\/uploads\/2018\/08\/000c-1024x683.jpeg\" alt=\"\" width=\"1024\" height=\"683\" srcset=\"https:\/\/hir.mediamarkt.hu\/magazin\/wp-content\/uploads\/2018\/08\/000c-1024x683.jpeg 1024w, https:\/\/hir.mediamarkt.hu\/magazin\/wp-content\/uploads\/2018\/08\/000c-275x183.jpeg 275w, https:\/\/hir.mediamarkt.hu\/magazin\/wp-content\/uploads\/2018\/08\/000c-300x200.jpeg 300w, https:\/\/hir.mediamarkt.hu\/magazin\/wp-content\/uploads\/2018\/08\/000c-768x512.jpeg 768w, https:\/\/hir.mediamarkt.hu\/magazin\/wp-content\/uploads\/2018\/08\/000c.jpeg 1440w\" sizes=\"(max-width: 1024px) 100vw, 1024px\" \/>\r\n<h2><strong>Az a bizonyos tudom\u00e1nyos h\u00e1tt\u00e9r&#8230;<\/strong><\/h2>\r\nA Perseid\u00e1k az egyik legismertebb, f\u00e9nyes meteorokat \u00e9s s\u0171r\u0171 hull\u00e1st produk\u00e1l\u00f3 meteorraj, melynek sz\u00fcl\u0151\u00e9gitestje a 109P\/Swift-Tuttle \u00fcst\u00f6k\u00f6s. \u00a0Els\u0151 megfigyel\u00e9s\u00fck Kr.u. 36-ban, K\u00edn\u00e1ban t\u00f6rt\u00e9nt, de pontosabb le\u00edr\u00e1st csak viszonylag k\u00e9s\u0151n, 1835-ben a belga csillag\u00e1sz, polihisztor, Adolphe Quetelet eszk\u00f6z\u00f6lt. \u00a0\u0150 figyelte meg \u00e9s \u00edrta le a ciklikuss\u00e1got, a kiindul\u00e1s pontos ir\u00e1ny\u00e1t \u00e9s a Perseid\u00e1k elnevez\u00e9s is innent\u0151l l\u00e9p haszn\u00e1latba.\r\n\r\n&nbsp;\r\n<h2><strong>Hol \u00e9s mikor \u00e9rdemes n\u00e9zel\u0151dni? <\/strong><\/h2>\r\nUgyan m\u00e1r j\u00faliusban megfigyelhet\u0151 egy-egy hull\u00f3csillag a ny\u00e1ri \u00e9jszak\u00e1ban, a f\u00e9nyes meteorok ar\u00e1nya augusztus 8-a k\u00f6r\u00fcl a legnagyobb, mik\u00f6zben a legt\u00f6bb meteor augusztus 12-\u00e9n jelentkezik.\u00a0<span style=\"font-weight: 400;\">A meteorok szabad szemmel is j\u00f3l l\u00e1that\u00f3ak, a l\u00e9nyeg, hogy min\u00e9l kevesebb f\u00e9nyszennyez\u0151d\u00e9s \u00e9rjen minket. A megfigyel\u00e9s\u00e9hez nincs sz\u00fcks\u00e9g t\u00e1vcs\u0151re, sokkal ink\u00e1bb egy k\u00e9nyelmes, d\u00f6nthet\u0151 t\u00e1ml\u00e1j\u00fa kerti sz\u00e9kre, esetleg n\u00e9h\u00e1ny meleg pokr\u00f3cra. <\/span>\r\n\r\n<span style=\"font-weight: 400;\">Fontos! Ne a fej\u00fcnk feletti \u00e9gboltot b\u00e1muljuk, ink\u00e1bb valahova a horizont f\u00f6l\u00e9, \u00fagy 45 fok magasra n\u00e9zz\u00fcnk! Kit\u00fcntetett ir\u00e1ny sincs, a hull\u00f3csillagok az \u00e9g b\u00e1rmely r\u00e9sz\u00e9n felt\u0171nhetnek, a d\u00e9li vagy az \u00e9szaki ir\u00e1ny viszont valamivel kedvez\u0151bb lehet.\u00a0<\/span><span style=\"font-weight: 400;\">Ha az id\u0151j\u00e1r\u00e1s kedvez\u0151 az esti \u00f3r\u00e1kban 10-20, a hajnali \u00f3r\u00e1kban viszont ak\u00e1r 30-40 meteort is l\u00e1thatunk egy \u00f3ra alatt. Az ide\u00e1lis id\u0151szak \u00e9jf\u00e9l ut\u00e1nra esik, \u00edgy \u00e9rdemes ak\u00e1r termoszokkal, k\u00e1v\u00e9 hordoz\u00f3kkal is k\u00e9sz\u00fclni. Fontos a t\u00fcrelem. Gyakran el\u0151fordul ugyanis, hogy percekig nem hullik egyetlen meteor sem, azt\u00e1n hirtelen egy percen bel\u00fcl j\u00f6n 3-4 is!<\/span>\r\n\r\n<img loading=\"lazy\" decoding=\"async\" class=\"alignnone size-full wp-image-6326\" src=\"http:\/\/hir.mediamarkt.hu\/magazin\/wp-content\/uploads\/2018\/08\/000d.jpeg\" alt=\"\" width=\"525\" height=\"350\" srcset=\"https:\/\/hir.mediamarkt.hu\/magazin\/wp-content\/uploads\/2018\/08\/000d.jpeg 525w, https:\/\/hir.mediamarkt.hu\/magazin\/wp-content\/uploads\/2018\/08\/000d-275x183.jpeg 275w, https:\/\/hir.mediamarkt.hu\/magazin\/wp-content\/uploads\/2018\/08\/000d-300x200.jpeg 300w\" sizes=\"(max-width: 525px) 100vw, 525px\" \/>\r\n\r\n&nbsp;\r\n<h2><strong>MediaMarkt eszk\u00f6z\u00f6k a m\u00e9g teljesebb Perseid\u00e1k \u00e9lm\u00e9nyhez!<\/strong><\/h2>\r\n&nbsp;\r\n\r\n<a href=\"http:\/\/www.mediamarkt.hu\/hu\/product\/_fieldmann-fdzn-8012-f%C3%A9mv%C3%A1zas-kerti-napoz%C3%B3-%C3%A1gy-1261287.html\"><span style=\"font-weight: 400;\">f\u00e9mv\u00e1zas, kerti napoz\u00f3 \u00e1gy<\/span><\/a><span style=\"font-weight: 400;\">, <strong>17 999 Ft <\/strong><\/span>\r\n\r\n<a href=\"http:\/\/www.mediamarkt.hu\/hu\/product\/_fieldmann-fdzn-5016-f%C3%A9mv%C3%A1zas-d%C3%B6nthet%C5%91-kerti-sz%C3%A9k-1261295.html\"><span style=\"font-weight: 400;\">f\u00e9mv\u00e1zas, d\u00f6nthet\u0151 kerti sz\u00e9k<\/span><\/a><span style=\"font-weight: 400;\">, <strong>23 999 Ft<\/strong><\/span>\r\n\r\n<a href=\"http:\/\/www.mediamarkt.hu\/hu\/product\/_fieldmann-fdzn-4001-d%C3%B6nthet%C5%91-kerti-sz%C3%A9k-2-db-1261228.html\"><span style=\"font-weight: 400;\">fav\u00e1zas d\u00f6nthet\u0151 kerti sz\u00e9kek (2 db)<\/span><\/a><span style=\"font-weight: 400;\">, <strong>28 999 Ft<\/strong><\/span>\r\n\r\n<a href=\"http:\/\/www.mediamarkt.hu\/hu\/product\/_lamart-lt4027-termosz-0-4l-s%C3%A1rga-1216488.html\"><span style=\"font-weight: 400;\">rozsdamentesac\u00e9l termosz<\/span><\/a><span style=\"font-weight: 400;\">,<strong> 2999 Ft<\/strong><\/span>\r\n\r\n<a href=\"http:\/\/www.mediamarkt.hu\/hu\/product\/_ecoffee-cup-norweaven-k%C3%A1v%C3%A9spoh%C3%A1r-fed%C5%91vel-400ml-1201720.html\"><span style=\"font-weight: 400;\">ECOFFEE CUP NORWEAVEN k\u00e1v\u00e9spoh\u00e1r fed\u0151vel<\/span><\/a><span style=\"font-weight: 400;\">, <strong>2999 Ft<\/strong><\/span>\r\n\r\n<a href=\"http:\/\/www.mediamarkt.hu\/hu\/product\/_ezetil-h%C5%B1t%C5%91-mini-coca-cola%C2%AE-f25-1262508.html\"><span style=\"font-weight: 400;\">mini h\u0171t\u0151<\/span><\/a><span style=\"font-weight: 400;\">, <strong>65 999 Ft<\/strong><\/span>\r\n\r\n<img loading=\"lazy\" decoding=\"async\" class=\"alignnone size-full wp-image-6313\" src=\"http:\/\/hir.mediamarkt.hu\/magazin\/wp-content\/uploads\/2018\/08\/00.png\" alt=\"\" width=\"786\" height=\"587\" srcset=\"https:\/\/hir.mediamarkt.hu\/magazin\/wp-content\/uploads\/2018\/08\/00.png 786w, https:\/\/hir.mediamarkt.hu\/magazin\/wp-content\/uploads\/2018\/08\/00-275x205.png 275w, https:\/\/hir.mediamarkt.hu\/magazin\/wp-content\/uploads\/2018\/08\/00-300x224.png 300w, https:\/\/hir.mediamarkt.hu\/magazin\/wp-content\/uploads\/2018\/08\/00-768x574.png 768w\" sizes=\"(max-width: 786px) 100vw, 786px\" \/> <img loading=\"lazy\" decoding=\"async\" class=\"alignnone size-large wp-image-6314\" src=\"http:\/\/hir.mediamarkt.hu\/magazin\/wp-content\/uploads\/2018\/08\/01.png\" alt=\"\" width=\"786\" height=\"587\" srcset=\"https:\/\/hir.mediamarkt.hu\/magazin\/wp-content\/uploads\/2018\/08\/01.png 786w, https:\/\/hir.mediamarkt.hu\/magazin\/wp-content\/uploads\/2018\/08\/01-275x205.png 275w, https:\/\/hir.mediamarkt.hu\/magazin\/wp-content\/uploads\/2018\/08\/01-300x224.png 300w, https:\/\/hir.mediamarkt.hu\/magazin\/wp-content\/uploads\/2018\/08\/01-768x574.png 768w\" sizes=\"(max-width: 786px) 100vw, 786px\" \/> <img loading=\"lazy\" decoding=\"async\" class=\"alignnone size-large wp-image-6315\" src=\"http:\/\/hir.mediamarkt.hu\/magazin\/wp-content\/uploads\/2018\/08\/01a.png\" alt=\"\" width=\"786\" height=\"587\" srcset=\"https:\/\/hir.mediamarkt.hu\/magazin\/wp-content\/uploads\/2018\/08\/01a.png 786w, https:\/\/hir.mediamarkt.hu\/magazin\/wp-content\/uploads\/2018\/08\/01a-275x205.png 275w, https:\/\/hir.mediamarkt.hu\/magazin\/wp-content\/uploads\/2018\/08\/01a-300x224.png 300w, https:\/\/hir.mediamarkt.hu\/magazin\/wp-content\/uploads\/2018\/08\/01a-768x574.png 768w\" sizes=\"(max-width: 786px) 100vw, 786px\" \/> <img loading=\"lazy\" decoding=\"async\" class=\"alignnone size-large wp-image-6316\" src=\"http:\/\/hir.mediamarkt.hu\/magazin\/wp-content\/uploads\/2018\/08\/02.png\" alt=\"\" width=\"786\" height=\"587\" srcset=\"https:\/\/hir.mediamarkt.hu\/magazin\/wp-content\/uploads\/2018\/08\/02.png 786w, https:\/\/hir.mediamarkt.hu\/magazin\/wp-content\/uploads\/2018\/08\/02-275x205.png 275w, https:\/\/hir.mediamarkt.hu\/magazin\/wp-content\/uploads\/2018\/08\/02-300x224.png 300w, https:\/\/hir.mediamarkt.hu\/magazin\/wp-content\/uploads\/2018\/08\/02-768x574.png 768w\" sizes=\"(max-width: 786px) 100vw, 786px\" \/> <img loading=\"lazy\" decoding=\"async\" class=\"alignnone size-large wp-image-6317\" src=\"http:\/\/hir.mediamarkt.hu\/magazin\/wp-content\/uploads\/2018\/08\/02a.png\" alt=\"\" width=\"786\" height=\"587\" srcset=\"https:\/\/hir.mediamarkt.hu\/magazin\/wp-content\/uploads\/2018\/08\/02a.png 786w, https:\/\/hir.mediamarkt.hu\/magazin\/wp-content\/uploads\/2018\/08\/02a-275x205.png 275w, https:\/\/hir.mediamarkt.hu\/magazin\/wp-content\/uploads\/2018\/08\/02a-300x224.png 300w, https:\/\/hir.mediamarkt.hu\/magazin\/wp-content\/uploads\/2018\/08\/02a-768x574.png 768w\" sizes=\"(max-width: 786px) 100vw, 786px\" \/> <img loading=\"lazy\" decoding=\"async\" class=\"alignnone size-large wp-image-6318\" src=\"http:\/\/hir.mediamarkt.hu\/magazin\/wp-content\/uploads\/2018\/08\/03.png\" alt=\"\" width=\"786\" height=\"587\" srcset=\"https:\/\/hir.mediamarkt.hu\/magazin\/wp-content\/uploads\/2018\/08\/03.png 786w, https:\/\/hir.mediamarkt.hu\/magazin\/wp-content\/uploads\/2018\/08\/03-275x205.png 275w, https:\/\/hir.mediamarkt.hu\/magazin\/wp-content\/uploads\/2018\/08\/03-300x224.png 300w, https:\/\/hir.mediamarkt.hu\/magazin\/wp-content\/uploads\/2018\/08\/03-768x574.png 768w\" sizes=\"(max-width: 786px) 100vw, 786px\" \/>\r\n<h2><\/h2>\r\n<h2><strong>\u00c9s ha megj\u00f6nne a kedve a csillag\u00e1szathoz, elk\u00e9peszt\u0151 t\u00e1vcs\u0151 k\u00edn\u00e1latunknak h\u00e1la azonnal belev\u00e1ghat a v\u00e9gtelen \u0171r tanulm\u00e1nyoz\u00e1s\u00e1ba!<\/strong><\/h2>\r\n&nbsp;\r\n\r\n<a href=\"http:\/\/www.mediamarkt.hu\/hu\/product\/_d%C3%B6rr-pro-lux-10x25-dcf-ga-binokul%C3%A1ris-t%C3%A1vcs%C5%91-fekete-1208133.html\"><span style=\"font-weight: 400;\">D\u00d6RR Pro-Lux 10&#215;25 DCF GA binokul\u00e1ris t\u00e1vcs\u0151, fekete<\/span><\/a><span style=\"font-weight: 400;\">, <strong>4289 Ft<\/strong><\/span>\r\n\r\n<a href=\"http:\/\/www.mediamarkt.hu\/hu\/product\/_d%C3%B6rr-pluto-refractor-csillag%C3%A1szati-t%C3%A1vcs%C5%91-50-600-1250702.html\"><span style=\"font-weight: 400;\">D\u00d6RR Pluto Refractor csillag\u00e1szati t\u00e1vcs\u0151 (50\/600)<\/span><\/a><span style=\"font-weight: 400;\">, <strong>17 589 Ft<\/strong><\/span>\r\n\r\n<a href=\"http:\/\/www.mediamarkt.hu\/hu\/product\/_d%C3%B6rr-orion-200-reflector-csillag%C3%A1szati-t%C3%A1vcs%C5%91-200-1000-1250713.html\"><span style=\"font-weight: 400;\">D\u00d6RR Orion 200 Reflector csillag\u00e1szati t\u00e1vcs\u0151 (200\/1000)<\/span><\/a><span style=\"font-weight: 400;\">, <strong>274 899 Ft<\/strong><\/span>\r\n<img loading=\"lazy\" decoding=\"async\" class=\"alignnone size-full wp-image-6319\" src=\"http:\/\/hir.mediamarkt.hu\/magazin\/wp-content\/uploads\/2018\/08\/04a.png\" alt=\"\" width=\"786\" height=\"587\" srcset=\"https:\/\/hir.mediamarkt.hu\/magazin\/wp-content\/uploads\/2018\/08\/04a.png 786w, https:\/\/hir.mediamarkt.hu\/magazin\/wp-content\/uploads\/2018\/08\/04a-275x205.png 275w, https:\/\/hir.mediamarkt.hu\/magazin\/wp-content\/uploads\/2018\/08\/04a-300x224.png 300w, https:\/\/hir.mediamarkt.hu\/magazin\/wp-content\/uploads\/2018\/08\/04a-768x574.png 768w\" sizes=\"(max-width: 786px) 100vw, 786px\" \/>\r\n\r\n<img loading=\"lazy\" decoding=\"async\" class=\"alignnone size-full wp-image-6320\" src=\"http:\/\/hir.mediamarkt.hu\/magazin\/wp-content\/uploads\/2018\/08\/04.png\" alt=\"\" width=\"786\" height=\"587\" srcset=\"https:\/\/hir.mediamarkt.hu\/magazin\/wp-content\/uploads\/2018\/08\/04.png 786w, https:\/\/hir.mediamarkt.hu\/magazin\/wp-content\/uploads\/2018\/08\/04-275x205.png 275w, https:\/\/hir.mediamarkt.hu\/magazin\/wp-content\/uploads\/2018\/08\/04-300x224.png 300w, https:\/\/hir.mediamarkt.hu\/magazin\/wp-content\/uploads\/2018\/08\/04-768x574.png 768w\" sizes=\"(max-width: 786px) 100vw, 786px\" \/>\r\n\r\n<img loading=\"lazy\" decoding=\"async\" class=\"alignnone size-large wp-image-6321\" src=\"http:\/\/hir.mediamarkt.hu\/magazin\/wp-content\/uploads\/2018\/08\/04b.png\" alt=\"\" width=\"786\" height=\"587\" srcset=\"https:\/\/hir.mediamarkt.hu\/magazin\/wp-content\/uploads\/2018\/08\/04b.png 786w, https:\/\/hir.mediamarkt.hu\/magazin\/wp-content\/uploads\/2018\/08\/04b-275x205.png 275w, https:\/\/hir.mediamarkt.hu\/magazin\/wp-content\/uploads\/2018\/08\/04b-300x224.png 300w, https:\/\/hir.mediamarkt.hu\/magazin\/wp-content\/uploads\/2018\/08\/04b-768x574.png 768w\" sizes=\"(max-width: 786px) 100vw, 786px\" \/>","protected":false},"excerpt":{"rendered":"Szombaton \u00e9rdemes felfel\u00e9 n\u00e9zni. Augusztus 12-\u00e9n j\u00f6nnek a Perseid\u00e1k! Persze m\u00e1r 9-t\u0151l beindul a \u201cszezon\u201d, \u00fagyhogy ak\u00e1r t\u00f6bb est\u00e9t, \u00e9jszak\u00e1t is a l\u00e1tv\u00e1nyos cik\u00e1z\u00e1snak, szikr\u00e1z\u00e1snak szentelhet\u00fcnk. Hiedelmek \u00e9s babon\u00e1k, meg egy kis tudom\u00e1nyos magyar\u00e1zat a Perseid\u00e1k \u00e1mokfut\u00e1s\u00e1r\u00f3l, r\u00f6viden!","protected":false},"author":13,"featured_media":6323,"comment_status":"open","ping_status":"open","sticky":false,"template":"","format":"standard","meta":{"wprm-recipe-roundup-name":"","wprm-recipe-roundup-description":"","footnotes":""},"categories":[5967],"tags":[2635,2631,2636,2637,2099,314,2632,2127,2173,2638,2634,2633,2629,2630],"yoast_head":"<!-- This site is optimized with the Yoast SEO plugin v22.9 - https:\/\/yoast.com\/wordpress\/plugins\/seo\/ -->\n<title>Fel a fejjel! Ism\u00e9t nyakunkon az augusztusi csillaghull\u00e1s \u0151r\u00fclet! - MediaMarkt Magazin<\/title>\n<meta name=\"robots\" content=\"index, follow, max-snippet:-1, max-image-preview:large, max-video-preview:-1\" \/>\n<link rel=\"canonical\" href=\"https:\/\/hir.mediamarkt.hu\/magazin\/fel-fejjel-ismet-nyakunkon-az-augusztusi-csillaghullas-orulet\/\" \/>\n<meta property=\"og:locale\" content=\"hu_HU\" \/>\n<meta property=\"og:type\" content=\"article\" \/>\n<meta property=\"og:title\" content=\"Fel a fejjel! Ism\u00e9t nyakunkon az augusztusi csillaghull\u00e1s \u0151r\u00fclet! - MediaMarkt Magazin\" \/>\n<meta property=\"og:description\" content=\"Szombaton \u00e9rdemes felfel\u00e9 n\u00e9zni. Augusztus 12-\u00e9n j\u00f6nnek a Perseid\u00e1k! Persze m\u00e1r 9-t\u0151l beindul a \u201cszezon\u201d, \u00fagyhogy ak\u00e1r t\u00f6bb est\u00e9t, \u00e9jszak\u00e1t is a l\u00e1tv\u00e1nyos cik\u00e1z\u00e1snak, szikr\u00e1z\u00e1snak szentelhet\u00fcnk. Hiedelmek \u00e9s babon\u00e1k, meg egy kis tudom\u00e1nyos magyar\u00e1zat a Perseid\u00e1k \u00e1mokfut\u00e1s\u00e1r\u00f3l, r\u00f6viden!\" \/>\n<meta property=\"og:url\" content=\"https:\/\/hir.mediamarkt.hu\/magazin\/fel-fejjel-ismet-nyakunkon-az-augusztusi-csillaghullas-orulet\/\" \/>\n<meta property=\"og:site_name\" content=\"MediaMarkt Magazin\" \/>\n<meta property=\"article:publisher\" content=\"https:\/\/www.facebook.com\/MediaMarktMagyarorszag\" \/>\n<meta property=\"article:published_time\" content=\"2018-08-07T09:42:46+00:00\" \/>\n<meta property=\"article:modified_time\" content=\"2018-08-07T09:44:14+00:00\" \/>\n<meta property=\"og:image\" content=\"https:\/\/hir.mediamarkt.hu\/magazin\/wp-content\/uploads\/2018\/08\/000a.jpeg\" \/>\n\t<meta property=\"og:image:width\" content=\"525\" \/>\n\t<meta property=\"og:image:height\" content=\"350\" \/>\n\t<meta property=\"og:image:type\" content=\"image\/jpeg\" \/>\n<meta name=\"author\" content=\"Media Markt\" \/>\n<meta name=\"twitter:label1\" content=\"Szerz\u0151:\" \/>\n\t<meta name=\"twitter:data1\" content=\"Media Markt\" \/>\n\t<meta name=\"twitter:label2\" content=\"Becs\u00fclt olvas\u00e1si id\u0151\" \/>\n\t<meta name=\"twitter:data2\" content=\"6 perc\" \/>\n<script type=\"application\/ld+json\" class=\"yoast-schema-graph\">{\"@context\":\"https:\/\/schema.org\",\"@graph\":[{\"@type\":\"WebPage\",\"@id\":\"https:\/\/hir.mediamarkt.hu\/magazin\/fel-fejjel-ismet-nyakunkon-az-augusztusi-csillaghullas-orulet\/\",\"url\":\"https:\/\/hir.mediamarkt.hu\/magazin\/fel-fejjel-ismet-nyakunkon-az-augusztusi-csillaghullas-orulet\/\",\"name\":\"Fel a fejjel! Ism\u00e9t nyakunkon az augusztusi csillaghull\u00e1s \u0151r\u00fclet! - MediaMarkt Magazin\",\"isPartOf\":{\"@id\":\"https:\/\/hir.mediamarkt.hu\/magazin\/#website\"},\"primaryImageOfPage\":{\"@id\":\"https:\/\/hir.mediamarkt.hu\/magazin\/fel-fejjel-ismet-nyakunkon-az-augusztusi-csillaghullas-orulet\/#primaryimage\"},\"image\":{\"@id\":\"https:\/\/hir.mediamarkt.hu\/magazin\/fel-fejjel-ismet-nyakunkon-az-augusztusi-csillaghullas-orulet\/#primaryimage\"},\"thumbnailUrl\":\"https:\/\/hir.mediamarkt.hu\/magazin\/wp-content\/uploads\/2018\/08\/000a.jpeg\",\"datePublished\":\"2018-08-07T09:42:46+00:00\",\"dateModified\":\"2018-08-07T09:44:14+00:00\",\"author\":{\"@id\":\"https:\/\/hir.mediamarkt.hu\/magazin\/#\/schema\/person\/b93b02ec1ab4d2353f8d281e171c1b0b\"},\"breadcrumb\":{\"@id\":\"https:\/\/hir.mediamarkt.hu\/magazin\/fel-fejjel-ismet-nyakunkon-az-augusztusi-csillaghullas-orulet\/#breadcrumb\"},\"inLanguage\":\"hu\",\"potentialAction\":[{\"@type\":\"ReadAction\",\"target\":[\"https:\/\/hir.mediamarkt.hu\/magazin\/fel-fejjel-ismet-nyakunkon-az-augusztusi-csillaghullas-orulet\/\"]}]},{\"@type\":\"ImageObject\",\"inLanguage\":\"hu\",\"@id\":\"https:\/\/hir.mediamarkt.hu\/magazin\/fel-fejjel-ismet-nyakunkon-az-augusztusi-csillaghullas-orulet\/#primaryimage\",\"url\":\"https:\/\/hir.mediamarkt.hu\/magazin\/wp-content\/uploads\/2018\/08\/000a.jpeg\",\"contentUrl\":\"https:\/\/hir.mediamarkt.hu\/magazin\/wp-content\/uploads\/2018\/08\/000a.jpeg\",\"width\":525,\"height\":350},{\"@type\":\"BreadcrumbList\",\"@id\":\"https:\/\/hir.mediamarkt.hu\/magazin\/fel-fejjel-ismet-nyakunkon-az-augusztusi-csillaghullas-orulet\/#breadcrumb\",\"itemListElement\":[{\"@type\":\"ListItem\",\"position\":1,\"name\":\"Kezd\u0151lap\",\"item\":\"https:\/\/hir.mediamarkt.hu\/magazin\/\"},{\"@type\":\"ListItem\",\"position\":2,\"name\":\"Fel a fejjel! Ism\u00e9t nyakunkon az augusztusi csillaghull\u00e1s \u0151r\u00fclet!\"}]},{\"@type\":\"WebSite\",\"@id\":\"https:\/\/hir.mediamarkt.hu\/magazin\/#website\",\"url\":\"https:\/\/hir.mediamarkt.hu\/magazin\/\",\"name\":\"MediaMarkt Magazin\",\"description\":\"Olvass bele magazinunkba!\",\"potentialAction\":[{\"@type\":\"SearchAction\",\"target\":{\"@type\":\"EntryPoint\",\"urlTemplate\":\"https:\/\/hir.mediamarkt.hu\/magazin\/?s={search_term_string}\"},\"query-input\":\"required name=search_term_string\"}],\"inLanguage\":\"hu\"},{\"@type\":\"Person\",\"@id\":\"https:\/\/hir.mediamarkt.hu\/magazin\/#\/schema\/person\/b93b02ec1ab4d2353f8d281e171c1b0b\",\"name\":\"Media Markt\",\"image\":{\"@type\":\"ImageObject\",\"inLanguage\":\"hu\",\"@id\":\"https:\/\/hir.mediamarkt.hu\/magazin\/#\/schema\/person\/image\/\",\"url\":\"https:\/\/secure.gravatar.com\/avatar\/602bccae8998beee472d01909f0978f1?s=96&d=mm&r=g\",\"contentUrl\":\"https:\/\/secure.gravatar.com\/avatar\/602bccae8998beee472d01909f0978f1?s=96&d=mm&r=g\",\"caption\":\"Media Markt\"}}]}<\/script>\n<!-- \/ Yoast SEO plugin. -->","yoast_head_json":{"title":"Fel a fejjel! Ism\u00e9t nyakunkon az augusztusi csillaghull\u00e1s \u0151r\u00fclet! - MediaMarkt Magazin","robots":{"index":"index","follow":"follow","max-snippet":"max-snippet:-1","max-image-preview":"max-image-preview:large","max-video-preview":"max-video-preview:-1"},"canonical":"https:\/\/hir.mediamarkt.hu\/magazin\/fel-fejjel-ismet-nyakunkon-az-augusztusi-csillaghullas-orulet\/","og_locale":"hu_HU","og_type":"article","og_title":"Fel a fejjel! Ism\u00e9t nyakunkon az augusztusi csillaghull\u00e1s \u0151r\u00fclet! - MediaMarkt Magazin","og_description":"Szombaton \u00e9rdemes felfel\u00e9 n\u00e9zni. Augusztus 12-\u00e9n j\u00f6nnek a Perseid\u00e1k! Persze m\u00e1r 9-t\u0151l beindul a \u201cszezon\u201d, \u00fagyhogy ak\u00e1r t\u00f6bb est\u00e9t, \u00e9jszak\u00e1t is a l\u00e1tv\u00e1nyos cik\u00e1z\u00e1snak, szikr\u00e1z\u00e1snak szentelhet\u00fcnk. Hiedelmek \u00e9s babon\u00e1k, meg egy kis tudom\u00e1nyos magyar\u00e1zat a Perseid\u00e1k \u00e1mokfut\u00e1s\u00e1r\u00f3l, r\u00f6viden!","og_url":"https:\/\/hir.mediamarkt.hu\/magazin\/fel-fejjel-ismet-nyakunkon-az-augusztusi-csillaghullas-orulet\/","og_site_name":"MediaMarkt Magazin","article_publisher":"https:\/\/www.facebook.com\/MediaMarktMagyarorszag","article_published_time":"2018-08-07T09:42:46+00:00","article_modified_time":"2018-08-07T09:44:14+00:00","og_image":[{"width":525,"height":350,"url":"https:\/\/hir.mediamarkt.hu\/magazin\/wp-content\/uploads\/2018\/08\/000a.jpeg","type":"image\/jpeg"}],"author":"Media Markt","twitter_misc":{"Szerz\u0151:":"Media Markt","Becs\u00fclt olvas\u00e1si id\u0151":"6 perc"},"schema":{"@context":"https:\/\/schema.org","@graph":[{"@type":"WebPage","@id":"https:\/\/hir.mediamarkt.hu\/magazin\/fel-fejjel-ismet-nyakunkon-az-augusztusi-csillaghullas-orulet\/","url":"https:\/\/hir.mediamarkt.hu\/magazin\/fel-fejjel-ismet-nyakunkon-az-augusztusi-csillaghullas-orulet\/","name":"Fel a fejjel! Ism\u00e9t nyakunkon az augusztusi csillaghull\u00e1s \u0151r\u00fclet! - MediaMarkt Magazin","isPartOf":{"@id":"https:\/\/hir.mediamarkt.hu\/magazin\/#website"},"primaryImageOfPage":{"@id":"https:\/\/hir.mediamarkt.hu\/magazin\/fel-fejjel-ismet-nyakunkon-az-augusztusi-csillaghullas-orulet\/#primaryimage"},"image":{"@id":"https:\/\/hir.mediamarkt.hu\/magazin\/fel-fejjel-ismet-nyakunkon-az-augusztusi-csillaghullas-orulet\/#primaryimage"},"thumbnailUrl":"https:\/\/hir.mediamarkt.hu\/magazin\/wp-content\/uploads\/2018\/08\/000a.jpeg","datePublished":"2018-08-07T09:42:46+00:00","dateModified":"2018-08-07T09:44:14+00:00","author":{"@id":"https:\/\/hir.mediamarkt.hu\/magazin\/#\/schema\/person\/b93b02ec1ab4d2353f8d281e171c1b0b"},"breadcrumb":{"@id":"https:\/\/hir.mediamarkt.hu\/magazin\/fel-fejjel-ismet-nyakunkon-az-augusztusi-csillaghullas-orulet\/#breadcrumb"},"inLanguage":"hu","potentialAction":[{"@type":"ReadAction","target":["https:\/\/hir.mediamarkt.hu\/magazin\/fel-fejjel-ismet-nyakunkon-az-augusztusi-csillaghullas-orulet\/"]}]},{"@type":"ImageObject","inLanguage":"hu","@id":"https:\/\/hir.mediamarkt.hu\/magazin\/fel-fejjel-ismet-nyakunkon-az-augusztusi-csillaghullas-orulet\/#primaryimage","url":"https:\/\/hir.mediamarkt.hu\/magazin\/wp-content\/uploads\/2018\/08\/000a.jpeg","contentUrl":"https:\/\/hir.mediamarkt.hu\/magazin\/wp-content\/uploads\/2018\/08\/000a.jpeg","width":525,"height":350},{"@type":"BreadcrumbList","@id":"https:\/\/hir.mediamarkt.hu\/magazin\/fel-fejjel-ismet-nyakunkon-az-augusztusi-csillaghullas-orulet\/#breadcrumb","itemListElement":[{"@type":"ListItem","position":1,"name":"Kezd\u0151lap","item":"https:\/\/hir.mediamarkt.hu\/magazin\/"},{"@type":"ListItem","position":2,"name":"Fel a fejjel! Ism\u00e9t nyakunkon az augusztusi csillaghull\u00e1s \u0151r\u00fclet!"}]},{"@type":"WebSite","@id":"https:\/\/hir.mediamarkt.hu\/magazin\/#website","url":"https:\/\/hir.mediamarkt.hu\/magazin\/","name":"MediaMarkt Magazin","description":"Olvass bele magazinunkba!","potentialAction":[{"@type":"SearchAction","target":{"@type":"EntryPoint","urlTemplate":"https:\/\/hir.mediamarkt.hu\/magazin\/?s={search_term_string}"},"query-input":"required name=search_term_string"}],"inLanguage":"hu"},{"@type":"Person","@id":"https:\/\/hir.mediamarkt.hu\/magazin\/#\/schema\/person\/b93b02ec1ab4d2353f8d281e171c1b0b","name":"Media Markt","image":{"@type":"ImageObject","inLanguage":"hu","@id":"https:\/\/hir.mediamarkt.hu\/magazin\/#\/schema\/person\/image\/","url":"https:\/\/secure.gravatar.com\/avatar\/602bccae8998beee472d01909f0978f1?s=96&d=mm&r=g","contentUrl":"https:\/\/secure.gravatar.com\/avatar\/602bccae8998beee472d01909f0978f1?s=96&d=mm&r=g","caption":"Media Markt"}}]}},"_links":{"self":[{"href":"https:\/\/hir.mediamarkt.hu\/magazin\/wp-json\/wp\/v2\/posts\/6312"}],"collection":[{"href":"https:\/\/hir.mediamarkt.hu\/magazin\/wp-json\/wp\/v2\/posts"}],"about":[{"href":"https:\/\/hir.mediamarkt.hu\/magazin\/wp-json\/wp\/v2\/types\/post"}],"author":[{"embeddable":true,"href":"https:\/\/hir.mediamarkt.hu\/magazin\/wp-json\/wp\/v2\/users\/13"}],"replies":[{"embeddable":true,"href":"https:\/\/hir.mediamarkt.hu\/magazin\/wp-json\/wp\/v2\/comments?post=6312"}],"version-history":[{"count":1,"href":"https:\/\/hir.mediamarkt.hu\/magazin\/wp-json\/wp\/v2\/posts\/6312\/revisions"}],"predecessor-version":[{"id":6327,"href":"https:\/\/hir.mediamarkt.hu\/magazin\/wp-json\/wp\/v2\/posts\/6312\/revisions\/6327"}],"wp:featuredmedia":[{"embeddable":true,"href":"https:\/\/hir.mediamarkt.hu\/magazin\/wp-json\/wp\/v2\/media\/6323"}],"wp:attachment":[{"href":"https:\/\/hir.mediamarkt.hu\/magazin\/wp-json\/wp\/v2\/media?parent=6312"}],"wp:term":[{"taxonomy":"category","embeddable":true,"href":"https:\/\/hir.mediamarkt.hu\/magazin\/wp-json\/wp\/v2\/categories?post=6312"},{"taxonomy":"post_tag","embeddable":true,"href":"https:\/\/hir.mediamarkt.hu\/magazin\/wp-json\/wp\/v2\/tags?post=6312"}],"curies":[{"name":"wp","href":"https:\/\/api.w.org\/{rel}","templated":true}]}}