{"id":6417,"date":"2018-08-16T07:55:59","date_gmt":"2018-08-16T06:55:59","guid":{"rendered":"http:\/\/hir.mediamarkt.hu\/magazin\/?p=6417"},"modified":"2018-08-14T15:32:55","modified_gmt":"2018-08-14T14:32:55","slug":"megtalaltuk-legorultebb-es-legvidamabb-party-keszulekeket-sajat-polcainkon-vigyazat-szezonalis-ajanlat","status":"publish","type":"post","link":"https:\/\/hir.mediamarkt.hu\/magazin\/megtalaltuk-legorultebb-es-legvidamabb-party-keszulekeket-sajat-polcainkon-vigyazat-szezonalis-ajanlat\/","title":{"rendered":"Megtal\u00e1ltuk a leg\u0151r\u00fcltebb \u00e9s legvid\u00e1mabb party k\u00e9sz\u00fcl\u00e9keket. A saj\u00e1t polcainkon! Vigy\u00e1zat: szezon\u00e1lis aj\u00e1nlat!"},"content":{"rendered":"<strong>Az \u201caki lemarad, kimarad\u201d k\u00f6zkelet\u0171 mond\u00e1s ez\u00fattal halmozottan \u00e9rv\u00e9nyes. A MediaMarkt szuper party k\u00e9sz\u00fcl\u00e9kei ugyanis rendre cser\u00e9l\u0151dnek, k\u00f6vetve a v\u00e1s\u00e1rl\u00f3i ig\u00e9nyeket \u00e9s persze az \u00e9vszakokat is. Persze ki mondta, hogy t\u00e9len ne j\u00f6nne j\u00f3l egy retro j\u00e9gk\u00e1sa k\u00e9sz\u00edt\u0151? Gondoljunk csak bele, milyen bulit rendezhetn\u00e9nk Szilveszterkor az \u00fczembe \u00e1ll\u00edt\u00e1s\u00e1val. Sz\u00f3val \u00e9rdemes m\u00e9g most lecsapni a ny\u00e1lelv\u00e1lszt\u00e1st beind\u00edt\u00f3 eszk\u00f6z\u00f6kre!<\/strong><!--more--><span style=\"font-weight: 400;\">Kor\u00e1bban m\u00e1r t\u00f6bbsz\u00f6r elmer\u00fclt\u00fcnk az \u00e9des \u00e9lvezetek \u00e9s a s\u00f3s ropogtatni val\u00f3k vil\u00e1g\u00e1ban. Volt m\u00e1r cikk\u00fcnk a <\/span><a href=\"http:\/\/hir.mediamarkt.hu\/magazin\/edes-elet-edes-csabitasok-vattacukorral-es-csokival-folyo-kanaan-otthon\/\"><span style=\"font-weight: 400;\">h\u00e1zi vattacukor k\u00e9sz\u00edt\u00e9sr\u0151l \u00e9s csokisz\u00f6k\u0151kutakr\u00f3l<\/span><\/a><span style=\"font-weight: 400;\">, k\u00f6rben\u00e9zt\u00fcnk a <\/span><a href=\"http:\/\/hir.mediamarkt.hu\/magazin\/husveti-alap-felszereles-italozos-jatekok-gyermeteg-lelku-nagykoruaknak\/\"><span style=\"font-weight: 400;\">MediaMarkt italoz\u00f3s j\u00e1t\u00e9kai<\/span><\/a><span style=\"font-weight: 400;\"> k\u00f6z\u00f6tt is \u00e9s persze <\/span><a href=\"http:\/\/hir.mediamarkt.hu\/magazin\/grill-szezon-magyaros-recept-nemzeti-konyha\/\"><span style=\"font-weight: 400;\">a grill szezont<\/span><\/a><span style=\"font-weight: 400;\"> sem hagytuk sz\u00f3 n\u00e9lk\u00fcl. Legut\u00f3bb pedig a <a href=\"http:\/\/hir.mediamarkt.hu\/magazin\/a-leggusztusosabb-gofri-amit-muszaj-otthon-mindenkinek-elkeszitenie\/\">gofrik kir\u00e1lyn\u0151j\u00e9r\u0151l<\/a> \u00e1lmodoztunk. Itt az id\u0151, hogy ism\u00e9t sz\u00e9tn\u00e9zz\u00fcnk a polcokon, ugyanis m\u00e1r megint egy rak\u00e1s k\u00fcl\u00f6n\u00f6s k\u00e9sz\u00fcl\u00e9k v\u00e1rja azokat, akik szeretik \u00f6sszek\u00f6tni a kellemest a kellemessel. Retro j\u00e9gk\u00e1sa, hot dog \u00e9s tov\u00e1bbi \u0151r\u00fclet!<\/span>\r\n\r\n&nbsp;\r\n<h2><strong>Forr\u00f3 kuty\u00e1kat minden k\u00e9zbe!<\/strong><\/h2>\r\nA hot-dog a maga egyszer\u0171s\u00e9g\u00e9ben nagyszer\u0171. Mi m\u00e1sra is lenne gusztusunk n\u00e9ha, mint egy j\u00f3 puha kifli, egy ropog\u00f3s-reccsen\u0151s virsli \u00e9s n\u00e9mi \u00f6ntet. Persze m\u00e1ra egyre divatosabbak a pir\u00edtott hagym\u00e1s, sajtos, mindenf\u00e9le extr\u00e1kkal megbolond\u00edtott \u201ckuty\u00e1k\u201d. K\u00f6vess\u00fck mi is b\u00e1tran a trendeket \u00e9s persze a gyomrunk h\u00edv\u00f3szav\u00e1t. Hot-dog k\u00e9sz\u00edt\u0151 k\u00e9sz\u00fcl\u00e9kek kisebb \u00e9s nagyobb h\u00e1ztart\u00e1sokba, nagy v\u00e1laszt\u00e9kban beszerezhet\u0151ek a <a href=\"http:\/\/www.mediamarkt.hu\/\">MediaMarkt<\/a> \u00fczleteiben, vagy ak\u00e1r online!\r\n\r\n&nbsp;\r\n\r\n<a href=\"http:\/\/www.mediamarkt.hu\/hu\/product\/_sencor-shm-4210-hot-dog-k%C3%A9sz%C3%ADt%C5%91-1-sz%C3%A1ras-1066179.html\"><span style=\"font-weight: 400;\">SENCOR SHM 4210 Hot-Dog k\u00e9sz\u00edt\u0151 1 sz\u00e1ras<\/span><\/a><span style=\"font-weight: 400;\">, 6389 Ft<\/span>\r\n\r\n<a href=\"http:\/\/www.mediamarkt.hu\/hu\/product\/_sencor-shm-4220-hot-dog-k%C3%A9sz%C3%ADt%C5%91-2-sz%C3%A1ras-1066178.html\"><span style=\"font-weight: 400;\">SENCOR SHM 4220 Hot-Dog k\u00e9sz\u00edt\u0151 2 sz\u00e1ras<\/span><\/a><span style=\"font-weight: 400;\">, 6989 Ft<\/span>\r\n\r\n<a href=\"http:\/\/www.mediamarkt.hu\/hu\/product\/_ariete-186-retro-hot-dog-k%C3%A9sz%C3%ADt%C5%91-1128022.html\"><span style=\"font-weight: 400;\">ARIETE 186 retro hot dog k\u00e9sz\u00edt\u0151<\/span><\/a><span style=\"font-weight: 400;\">, 8489 Ft<\/span>\r\n\r\n<img loading=\"lazy\" decoding=\"async\" class=\"alignnone size-full wp-image-6418\" src=\"http:\/\/hir.mediamarkt.hu\/magazin\/wp-content\/uploads\/2018\/08\/00-1.png\" alt=\"\" width=\"786\" height=\"587\" srcset=\"https:\/\/hir.mediamarkt.hu\/magazin\/wp-content\/uploads\/2018\/08\/00-1.png 786w, https:\/\/hir.mediamarkt.hu\/magazin\/wp-content\/uploads\/2018\/08\/00-1-275x205.png 275w, https:\/\/hir.mediamarkt.hu\/magazin\/wp-content\/uploads\/2018\/08\/00-1-300x224.png 300w, https:\/\/hir.mediamarkt.hu\/magazin\/wp-content\/uploads\/2018\/08\/00-1-768x574.png 768w\" sizes=\"(max-width: 786px) 100vw, 786px\" \/> <img loading=\"lazy\" decoding=\"async\" class=\"alignnone size-full wp-image-6419\" src=\"http:\/\/hir.mediamarkt.hu\/magazin\/wp-content\/uploads\/2018\/08\/00a.png\" alt=\"\" width=\"786\" height=\"587\" srcset=\"https:\/\/hir.mediamarkt.hu\/magazin\/wp-content\/uploads\/2018\/08\/00a.png 786w, https:\/\/hir.mediamarkt.hu\/magazin\/wp-content\/uploads\/2018\/08\/00a-275x205.png 275w, https:\/\/hir.mediamarkt.hu\/magazin\/wp-content\/uploads\/2018\/08\/00a-300x224.png 300w, https:\/\/hir.mediamarkt.hu\/magazin\/wp-content\/uploads\/2018\/08\/00a-768x574.png 768w\" sizes=\"(max-width: 786px) 100vw, 786px\" \/> <img loading=\"lazy\" decoding=\"async\" class=\"alignnone size-full wp-image-6420\" src=\"http:\/\/hir.mediamarkt.hu\/magazin\/wp-content\/uploads\/2018\/08\/00b.png\" alt=\"\" width=\"786\" height=\"587\" srcset=\"https:\/\/hir.mediamarkt.hu\/magazin\/wp-content\/uploads\/2018\/08\/00b.png 786w, https:\/\/hir.mediamarkt.hu\/magazin\/wp-content\/uploads\/2018\/08\/00b-275x205.png 275w, https:\/\/hir.mediamarkt.hu\/magazin\/wp-content\/uploads\/2018\/08\/00b-300x224.png 300w, https:\/\/hir.mediamarkt.hu\/magazin\/wp-content\/uploads\/2018\/08\/00b-768x574.png 768w\" sizes=\"(max-width: 786px) 100vw, 786px\" \/>\r\n<h2><\/h2>\r\n<h2><strong>Kokt\u00e9lba \u00e9s a gyerek kez\u00e9be is val\u00f3. Mi az? <\/strong><\/h2>\r\nA j\u00e9gk\u00e1sa k\u00e9sz\u00edt\u0151 k\u00e9sz\u00fcl\u00e9kek \u00fagy fest, renesz\u00e1nszukat \u00e9lik. A term\u00e9szetes anyagokkal sz\u00ednezett, adal\u00e9kmentes szirupoknak h\u00e1la ellen\u0151rizhet\u0151 \u00e9s \u00e1rtalmatlan ny\u00e1ri \u00e9dess\u00e9gekkel halmozhatjuk el a k\u00f6lyk\u00f6ket. De persze feldobhatjuk a h\u0171v\u00f6s granul\u00e1tumokkal a feln\u0151ttek italait is! Egy sokoldal\u00faan haszn\u00e1lhat\u00f3 eszk\u00f6z, kreat\u00edv agyaknak!\r\n\r\n&nbsp;\r\n\r\n<a href=\"http:\/\/www.mediamarkt.hu\/hu\/product\/_ariete-78-party-time-garantia-retro-j%C3%A9gk%C3%A1sa-k%C3%A9sz%C3%ADt%C5%91-1157356.html\"><span style=\"font-weight: 400;\">ARIETE 78 PARTY TIME GARANTIA retro j\u00e9gk\u00e1sa k\u00e9sz\u00edt\u0151<\/span><\/a><span style=\"font-weight: 400;\">, 9989 Ft<\/span>\r\n\r\n<a href=\"http:\/\/www.mediamarkt.hu\/hu\/product\/_ariete-632-party-time-sorbet-retro-szorbet-k%C3%A9sz%C3%ADt%C5%91-1169859.html\"><span style=\"font-weight: 400;\">ARIETE 632-PARTY TIME SORBET retro szorbet k\u00e9sz\u00edt\u0151<\/span><\/a><span style=\"font-weight: 400;\">, 16 999 Ft<\/span>\r\n\r\n&nbsp;\r\n<h2><strong><img loading=\"lazy\" decoding=\"async\" class=\"alignnone size-full wp-image-6421\" src=\"http:\/\/hir.mediamarkt.hu\/magazin\/wp-content\/uploads\/2018\/08\/01-1.png\" alt=\"\" width=\"786\" height=\"587\" srcset=\"https:\/\/hir.mediamarkt.hu\/magazin\/wp-content\/uploads\/2018\/08\/01-1.png 786w, https:\/\/hir.mediamarkt.hu\/magazin\/wp-content\/uploads\/2018\/08\/01-1-275x205.png 275w, https:\/\/hir.mediamarkt.hu\/magazin\/wp-content\/uploads\/2018\/08\/01-1-300x224.png 300w, https:\/\/hir.mediamarkt.hu\/magazin\/wp-content\/uploads\/2018\/08\/01-1-768x574.png 768w\" sizes=\"(max-width: 786px) 100vw, 786px\" \/> <img loading=\"lazy\" decoding=\"async\" class=\"alignnone size-full wp-image-6422\" src=\"http:\/\/hir.mediamarkt.hu\/magazin\/wp-content\/uploads\/2018\/08\/01a-1.png\" alt=\"\" width=\"786\" height=\"587\" srcset=\"https:\/\/hir.mediamarkt.hu\/magazin\/wp-content\/uploads\/2018\/08\/01a-1.png 786w, https:\/\/hir.mediamarkt.hu\/magazin\/wp-content\/uploads\/2018\/08\/01a-1-275x205.png 275w, https:\/\/hir.mediamarkt.hu\/magazin\/wp-content\/uploads\/2018\/08\/01a-1-300x224.png 300w, https:\/\/hir.mediamarkt.hu\/magazin\/wp-content\/uploads\/2018\/08\/01a-1-768x574.png 768w\" sizes=\"(max-width: 786px) 100vw, 786px\" \/> <img loading=\"lazy\" decoding=\"async\" class=\"alignnone size-full wp-image-6423\" src=\"http:\/\/hir.mediamarkt.hu\/magazin\/wp-content\/uploads\/2018\/08\/01a0.png\" alt=\"\" width=\"786\" height=\"587\" srcset=\"https:\/\/hir.mediamarkt.hu\/magazin\/wp-content\/uploads\/2018\/08\/01a0.png 786w, https:\/\/hir.mediamarkt.hu\/magazin\/wp-content\/uploads\/2018\/08\/01a0-275x205.png 275w, https:\/\/hir.mediamarkt.hu\/magazin\/wp-content\/uploads\/2018\/08\/01a0-300x224.png 300w, https:\/\/hir.mediamarkt.hu\/magazin\/wp-content\/uploads\/2018\/08\/01a0-768x574.png 768w\" sizes=\"(max-width: 786px) 100vw, 786px\" \/><\/strong><\/h2>\r\n<h2><\/h2>\r\n<h2><strong>Kortalan kedvenc: a fagyi!<\/strong><\/h2>\r\nB\u00e1r t\u00e9ny, nagyobb es\u00e9llyel kapunk n\u00e9mi torokgyullad\u00e1st t\u00e9len egy-egy utcai fagyiz\u00e1s sor\u00e1n, a j\u00f3l f\u0171t\u00f6tt lak\u00e1sban minden \u00e9vszakban biztons\u00e1gban lehet\u00fcnk. A h\u00e1zi fagyik nagy el\u0151nye a m\u00e1r eml\u00edtett biztons\u00e1g, vagyis hogy pontosan tudjuk, mit is fogyasztunk. A kreativit\u00e1s itt is elengedhetetlen, hiszen a \u201cj\u00f3b\u00f3l sohasem el\u00e9g\u201d t\u00e9tele a fagyi kapcs\u00e1n \u00e1lland\u00f3. A kr\u00e9mes, hideg anyag \u00edzes\u00edt\u00e9se \u00e9s sz\u00f3r\u00e1sa mesterfokra fejleszthet\u0151. Ne feledj\u00fck azonban: \u00e9rdemes min\u0151s\u00e9gi alapanyagokkal dolgozni!\r\n\r\n&nbsp;\r\n\r\n<a href=\"http:\/\/www.mediamarkt.hu\/hu\/product\/_ariete-631-party-time-twin-ice-retro-fagylaltk%C3%A9sz%C3%ADt%C5%91-1169858.html\"><span style=\"font-weight: 400;\">ARIETE 631-PARTY TIME TWIN ICE retro fagylaltk\u00e9sz\u00edt\u0151<\/span><\/a><span style=\"font-weight: 400;\">, 15 789 Ft<\/span>\r\n\r\n<a href=\"http:\/\/www.mediamarkt.hu\/hu\/product\/_orion-ofg-150-lcd-kijelz%C5%91s-fagylaltg%C3%A9p-1148146.html\"><span style=\"font-weight: 400;\">ORION OFG-150 LCD kijelz\u0151s fagylaltg\u00e9p<\/span><\/a><span style=\"font-weight: 400;\">, 9999 Ft<\/span>\r\n\r\n<a href=\"http:\/\/www.mediamarkt.hu\/hu\/product\/_ariete-693-kompresszoros-fagylaltg%C3%A9p-1117964.html\"><span style=\"font-weight: 400;\">ARIETE 693 kompresszoros fagylaltg\u00e9p<\/span><\/a><span style=\"font-weight: 400;\">, 64 989 Ft<\/span>\r\n\r\n<img loading=\"lazy\" decoding=\"async\" class=\"alignnone size-full wp-image-6424\" src=\"http:\/\/hir.mediamarkt.hu\/magazin\/wp-content\/uploads\/2018\/08\/02-1.png\" alt=\"\" width=\"786\" height=\"587\" srcset=\"https:\/\/hir.mediamarkt.hu\/magazin\/wp-content\/uploads\/2018\/08\/02-1.png 786w, https:\/\/hir.mediamarkt.hu\/magazin\/wp-content\/uploads\/2018\/08\/02-1-275x205.png 275w, https:\/\/hir.mediamarkt.hu\/magazin\/wp-content\/uploads\/2018\/08\/02-1-300x224.png 300w, https:\/\/hir.mediamarkt.hu\/magazin\/wp-content\/uploads\/2018\/08\/02-1-768x574.png 768w\" sizes=\"(max-width: 786px) 100vw, 786px\" \/> <img loading=\"lazy\" decoding=\"async\" class=\"alignnone size-full wp-image-6425\" src=\"http:\/\/hir.mediamarkt.hu\/magazin\/wp-content\/uploads\/2018\/08\/02a-1.png\" alt=\"\" width=\"786\" height=\"587\" srcset=\"https:\/\/hir.mediamarkt.hu\/magazin\/wp-content\/uploads\/2018\/08\/02a-1.png 786w, https:\/\/hir.mediamarkt.hu\/magazin\/wp-content\/uploads\/2018\/08\/02a-1-275x205.png 275w, https:\/\/hir.mediamarkt.hu\/magazin\/wp-content\/uploads\/2018\/08\/02a-1-300x224.png 300w, https:\/\/hir.mediamarkt.hu\/magazin\/wp-content\/uploads\/2018\/08\/02a-1-768x574.png 768w\" sizes=\"(max-width: 786px) 100vw, 786px\" \/> <img loading=\"lazy\" decoding=\"async\" class=\"alignnone size-full wp-image-6426\" src=\"http:\/\/hir.mediamarkt.hu\/magazin\/wp-content\/uploads\/2018\/08\/02b.png\" alt=\"\" width=\"786\" height=\"587\" srcset=\"https:\/\/hir.mediamarkt.hu\/magazin\/wp-content\/uploads\/2018\/08\/02b.png 786w, https:\/\/hir.mediamarkt.hu\/magazin\/wp-content\/uploads\/2018\/08\/02b-275x205.png 275w, https:\/\/hir.mediamarkt.hu\/magazin\/wp-content\/uploads\/2018\/08\/02b-300x224.png 300w, https:\/\/hir.mediamarkt.hu\/magazin\/wp-content\/uploads\/2018\/08\/02b-768x574.png 768w\" sizes=\"(max-width: 786px) 100vw, 786px\" \/>\r\n<h2><\/h2>\r\n<h2><strong>M\u00e9g t\u00f6bb t\u00e9szt\u00e1t a szervezetbe!<\/strong><\/h2>\r\nB\u00e1r a cukros t\u00e9szta nem \u00e9ppen az eg\u00e9szs\u00e9ges \u00e9letm\u00f3d alapja, n\u00e9ha-n\u00e9ha elcs\u00e1bulhatunk egy \u00a0j\u00f3 kis muffin vagy palacsinta kapcs\u00e1n. Az otthoni \u00edzek am\u00fagy is meg\u00e9rik az \u201c\u00e1ldozatot\u201d. Azt\u00e1n persze j\u00f6het egy j\u00f3 kis kocog\u00e1s, bicikliz\u00e9s vagy b\u00e1rmilyen mozg\u00e1sforma, hogy ledolgozzuk a b\u0171n\u00f6s kal\u00f3ri\u00e1kat.\r\n\r\n<span style=\"font-weight: 400;\">Addig is j\u00f6jj\u00f6n k\u00e9t szuper kisg\u00e9p, amelyek a zs\u00farok \u00e9s \u00f6sszej\u00f6vetelek szt\u00e1rjai lehetnek!<\/span>\r\n\r\n&nbsp;\r\n\r\n<a href=\"http:\/\/www.mediamarkt.hu\/hu\/product\/_ariete-183-palacsinta-k%C3%A9sz%C3%ADt%C5%91-1169851.html\"><span style=\"font-weight: 400;\">ARIETE 183 palacsinta k\u00e9sz\u00edt\u0151<\/span><\/a><span style=\"font-weight: 400;\">, 8599 Ft<\/span>\r\n\r\n<a href=\"http:\/\/www.mediamarkt.hu\/hu\/product\/_steba-cm3-3-az-1-ben-muffin-s%C3%BCtigoly%C3%B3-f%C3%A1nk-s%C3%BCt%C5%91-1220330.html\"><span style=\"font-weight: 400;\">STEBA CM3 3 az 1 ben muffin, s\u00fctigoly\u00f3, f\u00e1nk s\u00fct\u0151<\/span><\/a><span style=\"font-weight: 400;\">, 16 999 Ft<\/span>\r\n\r\n<img loading=\"lazy\" decoding=\"async\" class=\"alignnone size-full wp-image-6427\" src=\"http:\/\/hir.mediamarkt.hu\/magazin\/wp-content\/uploads\/2018\/08\/03-1.png\" alt=\"\" width=\"786\" height=\"587\" srcset=\"https:\/\/hir.mediamarkt.hu\/magazin\/wp-content\/uploads\/2018\/08\/03-1.png 786w, https:\/\/hir.mediamarkt.hu\/magazin\/wp-content\/uploads\/2018\/08\/03-1-275x205.png 275w, https:\/\/hir.mediamarkt.hu\/magazin\/wp-content\/uploads\/2018\/08\/03-1-300x224.png 300w, https:\/\/hir.mediamarkt.hu\/magazin\/wp-content\/uploads\/2018\/08\/03-1-768x574.png 768w\" sizes=\"(max-width: 786px) 100vw, 786px\" \/> <img loading=\"lazy\" decoding=\"async\" class=\"alignnone size-full wp-image-6428\" src=\"http:\/\/hir.mediamarkt.hu\/magazin\/wp-content\/uploads\/2018\/08\/03a.png\" alt=\"\" width=\"786\" height=\"587\" srcset=\"https:\/\/hir.mediamarkt.hu\/magazin\/wp-content\/uploads\/2018\/08\/03a.png 786w, https:\/\/hir.mediamarkt.hu\/magazin\/wp-content\/uploads\/2018\/08\/03a-275x205.png 275w, https:\/\/hir.mediamarkt.hu\/magazin\/wp-content\/uploads\/2018\/08\/03a-300x224.png 300w, https:\/\/hir.mediamarkt.hu\/magazin\/wp-content\/uploads\/2018\/08\/03a-768x574.png 768w\" sizes=\"(max-width: 786px) 100vw, 786px\" \/> <img loading=\"lazy\" decoding=\"async\" class=\"alignnone size-full wp-image-6429\" src=\"http:\/\/hir.mediamarkt.hu\/magazin\/wp-content\/uploads\/2018\/08\/03a0.png\" alt=\"\" width=\"786\" height=\"587\" srcset=\"https:\/\/hir.mediamarkt.hu\/magazin\/wp-content\/uploads\/2018\/08\/03a0.png 786w, https:\/\/hir.mediamarkt.hu\/magazin\/wp-content\/uploads\/2018\/08\/03a0-275x205.png 275w, https:\/\/hir.mediamarkt.hu\/magazin\/wp-content\/uploads\/2018\/08\/03a0-300x224.png 300w, https:\/\/hir.mediamarkt.hu\/magazin\/wp-content\/uploads\/2018\/08\/03a0-768x574.png 768w\" sizes=\"(max-width: 786px) 100vw, 786px\" \/>\r\n\r\n&nbsp;\r\n<h2><\/h2>\r\n<h2><strong>\u00c9s ha m\u00e9g ez sem lenne el\u00e9g, n\u00e9zzen sz\u00e9t a <a href=\"http:\/\/www.mediamarkt.hu\/hu\/category\/_party-k%C3%A9sz%C3%BCl%C3%A9kek-679030.html\">MediaMartk party k\u00e9sz\u00fcl\u00e9kei <\/a>k\u00f6z\u00f6tt, a h\u00e1ztart\u00e1si kisg\u00e9pek h\u00e1zat\u00e1j\u00e1n!<\/strong><\/h2>","protected":false},"excerpt":{"rendered":"Az \u201caki lemarad, kimarad\u201d k\u00f6zkelet\u0171 mond\u00e1s ez\u00fattal halmozottan \u00e9rv\u00e9nyes. A MediaMarkt szuper party k\u00e9sz\u00fcl\u00e9kei ugyanis rendre cser\u00e9l\u0151dnek, k\u00f6vetve a v\u00e1s\u00e1rl\u00f3i ig\u00e9nyeket \u00e9s persze az \u00e9vszakokat is. Persze ki mondta, hogy t\u00e9len ne j\u00f6nne j\u00f3l egy retro j\u00e9gk\u00e1sa k\u00e9sz\u00edt\u0151? Gondoljunk csak bele, milyen bulit rendezhetn\u00e9nk Szilveszterkor az \u00fczembe \u00e1ll\u00edt\u00e1s\u00e1val. Sz\u00f3val \u00e9rdemes m\u00e9g most lecsapni a ny\u00e1lelv\u00e1lszt\u00e1st beind\u00edt\u00f3 eszk\u00f6z\u00f6kre!","protected":false},"author":13,"featured_media":6431,"comment_status":"open","ping_status":"open","sticky":false,"template":"","format":"standard","meta":{"wprm-recipe-roundup-name":"","wprm-recipe-roundup-description":"","footnotes":""},"categories":[5967],"tags":[2209,2440,2673,2204,2606,2665,2664,2671,2675,2180,2668,514,2225,2135,2669,2429,2314,2667,2305,2127,2173,2674,2663,2672,2208,2677,2670,2666,2676,2662],"yoast_head":"<!-- This site is optimized with the Yoast SEO plugin v22.9 - https:\/\/yoast.com\/wordpress\/plugins\/seo\/ -->\n<title>Megtal\u00e1ltuk a leg\u0151r\u00fcltebb \u00e9s legvid\u00e1mabb party k\u00e9sz\u00fcl\u00e9keket. A saj\u00e1t polcainkon! Vigy\u00e1zat: szezon\u00e1lis aj\u00e1nlat! - MediaMarkt Magazin<\/title>\n<meta name=\"robots\" content=\"index, follow, max-snippet:-1, max-image-preview:large, max-video-preview:-1\" \/>\n<link rel=\"canonical\" href=\"https:\/\/hir.mediamarkt.hu\/magazin\/megtalaltuk-legorultebb-es-legvidamabb-party-keszulekeket-sajat-polcainkon-vigyazat-szezonalis-ajanlat\/\" \/>\n<meta property=\"og:locale\" content=\"hu_HU\" \/>\n<meta property=\"og:type\" content=\"article\" \/>\n<meta property=\"og:title\" content=\"Megtal\u00e1ltuk a leg\u0151r\u00fcltebb \u00e9s legvid\u00e1mabb party k\u00e9sz\u00fcl\u00e9keket. A saj\u00e1t polcainkon! Vigy\u00e1zat: szezon\u00e1lis aj\u00e1nlat! - MediaMarkt Magazin\" \/>\n<meta property=\"og:description\" content=\"Az \u201caki lemarad, kimarad\u201d k\u00f6zkelet\u0171 mond\u00e1s ez\u00fattal halmozottan \u00e9rv\u00e9nyes. A MediaMarkt szuper party k\u00e9sz\u00fcl\u00e9kei ugyanis rendre cser\u00e9l\u0151dnek, k\u00f6vetve a v\u00e1s\u00e1rl\u00f3i ig\u00e9nyeket \u00e9s persze az \u00e9vszakokat is. Persze ki mondta, hogy t\u00e9len ne j\u00f6nne j\u00f3l egy retro j\u00e9gk\u00e1sa k\u00e9sz\u00edt\u0151? Gondoljunk csak bele, milyen bulit rendezhetn\u00e9nk Szilveszterkor az \u00fczembe \u00e1ll\u00edt\u00e1s\u00e1val. Sz\u00f3val \u00e9rdemes m\u00e9g most lecsapni a ny\u00e1lelv\u00e1lszt\u00e1st beind\u00edt\u00f3 eszk\u00f6z\u00f6kre!\" \/>\n<meta property=\"og:url\" content=\"https:\/\/hir.mediamarkt.hu\/magazin\/megtalaltuk-legorultebb-es-legvidamabb-party-keszulekeket-sajat-polcainkon-vigyazat-szezonalis-ajanlat\/\" \/>\n<meta property=\"og:site_name\" content=\"MediaMarkt Magazin\" \/>\n<meta property=\"article:publisher\" content=\"https:\/\/www.facebook.com\/MediaMarktMagyarorszag\" \/>\n<meta property=\"article:published_time\" content=\"2018-08-16T06:55:59+00:00\" \/>\n<meta property=\"article:modified_time\" content=\"2018-08-14T14:32:55+00:00\" \/>\n<meta property=\"og:image\" content=\"https:\/\/hir.mediamarkt.hu\/magazin\/wp-content\/uploads\/2018\/08\/000a-1.jpeg\" \/>\n\t<meta property=\"og:image:width\" content=\"1440\" \/>\n\t<meta property=\"og:image:height\" content=\"960\" \/>\n\t<meta property=\"og:image:type\" content=\"image\/jpeg\" \/>\n<meta name=\"author\" content=\"Media Markt\" \/>\n<meta name=\"twitter:label1\" content=\"Szerz\u0151:\" \/>\n\t<meta name=\"twitter:data1\" content=\"Media Markt\" \/>\n\t<meta name=\"twitter:label2\" content=\"Becs\u00fclt olvas\u00e1si id\u0151\" \/>\n\t<meta name=\"twitter:data2\" content=\"4 perc\" \/>\n<script type=\"application\/ld+json\" class=\"yoast-schema-graph\">{\"@context\":\"https:\/\/schema.org\",\"@graph\":[{\"@type\":\"WebPage\",\"@id\":\"https:\/\/hir.mediamarkt.hu\/magazin\/megtalaltuk-legorultebb-es-legvidamabb-party-keszulekeket-sajat-polcainkon-vigyazat-szezonalis-ajanlat\/\",\"url\":\"https:\/\/hir.mediamarkt.hu\/magazin\/megtalaltuk-legorultebb-es-legvidamabb-party-keszulekeket-sajat-polcainkon-vigyazat-szezonalis-ajanlat\/\",\"name\":\"Megtal\u00e1ltuk a leg\u0151r\u00fcltebb \u00e9s legvid\u00e1mabb party k\u00e9sz\u00fcl\u00e9keket. A saj\u00e1t polcainkon! Vigy\u00e1zat: szezon\u00e1lis aj\u00e1nlat! - MediaMarkt Magazin\",\"isPartOf\":{\"@id\":\"https:\/\/hir.mediamarkt.hu\/magazin\/#website\"},\"primaryImageOfPage\":{\"@id\":\"https:\/\/hir.mediamarkt.hu\/magazin\/megtalaltuk-legorultebb-es-legvidamabb-party-keszulekeket-sajat-polcainkon-vigyazat-szezonalis-ajanlat\/#primaryimage\"},\"image\":{\"@id\":\"https:\/\/hir.mediamarkt.hu\/magazin\/megtalaltuk-legorultebb-es-legvidamabb-party-keszulekeket-sajat-polcainkon-vigyazat-szezonalis-ajanlat\/#primaryimage\"},\"thumbnailUrl\":\"https:\/\/hir.mediamarkt.hu\/magazin\/wp-content\/uploads\/2018\/08\/000a-1.jpeg\",\"datePublished\":\"2018-08-16T06:55:59+00:00\",\"dateModified\":\"2018-08-14T14:32:55+00:00\",\"author\":{\"@id\":\"https:\/\/hir.mediamarkt.hu\/magazin\/#\/schema\/person\/b93b02ec1ab4d2353f8d281e171c1b0b\"},\"breadcrumb\":{\"@id\":\"https:\/\/hir.mediamarkt.hu\/magazin\/megtalaltuk-legorultebb-es-legvidamabb-party-keszulekeket-sajat-polcainkon-vigyazat-szezonalis-ajanlat\/#breadcrumb\"},\"inLanguage\":\"hu\",\"potentialAction\":[{\"@type\":\"ReadAction\",\"target\":[\"https:\/\/hir.mediamarkt.hu\/magazin\/megtalaltuk-legorultebb-es-legvidamabb-party-keszulekeket-sajat-polcainkon-vigyazat-szezonalis-ajanlat\/\"]}]},{\"@type\":\"ImageObject\",\"inLanguage\":\"hu\",\"@id\":\"https:\/\/hir.mediamarkt.hu\/magazin\/megtalaltuk-legorultebb-es-legvidamabb-party-keszulekeket-sajat-polcainkon-vigyazat-szezonalis-ajanlat\/#primaryimage\",\"url\":\"https:\/\/hir.mediamarkt.hu\/magazin\/wp-content\/uploads\/2018\/08\/000a-1.jpeg\",\"contentUrl\":\"https:\/\/hir.mediamarkt.hu\/magazin\/wp-content\/uploads\/2018\/08\/000a-1.jpeg\",\"width\":1440,\"height\":960},{\"@type\":\"BreadcrumbList\",\"@id\":\"https:\/\/hir.mediamarkt.hu\/magazin\/megtalaltuk-legorultebb-es-legvidamabb-party-keszulekeket-sajat-polcainkon-vigyazat-szezonalis-ajanlat\/#breadcrumb\",\"itemListElement\":[{\"@type\":\"ListItem\",\"position\":1,\"name\":\"Kezd\u0151lap\",\"item\":\"https:\/\/hir.mediamarkt.hu\/magazin\/\"},{\"@type\":\"ListItem\",\"position\":2,\"name\":\"Megtal\u00e1ltuk a leg\u0151r\u00fcltebb \u00e9s legvid\u00e1mabb party k\u00e9sz\u00fcl\u00e9keket. A saj\u00e1t polcainkon! Vigy\u00e1zat: szezon\u00e1lis aj\u00e1nlat!\"}]},{\"@type\":\"WebSite\",\"@id\":\"https:\/\/hir.mediamarkt.hu\/magazin\/#website\",\"url\":\"https:\/\/hir.mediamarkt.hu\/magazin\/\",\"name\":\"MediaMarkt Magazin\",\"description\":\"Olvass bele magazinunkba!\",\"potentialAction\":[{\"@type\":\"SearchAction\",\"target\":{\"@type\":\"EntryPoint\",\"urlTemplate\":\"https:\/\/hir.mediamarkt.hu\/magazin\/?s={search_term_string}\"},\"query-input\":\"required name=search_term_string\"}],\"inLanguage\":\"hu\"},{\"@type\":\"Person\",\"@id\":\"https:\/\/hir.mediamarkt.hu\/magazin\/#\/schema\/person\/b93b02ec1ab4d2353f8d281e171c1b0b\",\"name\":\"Media Markt\",\"image\":{\"@type\":\"ImageObject\",\"inLanguage\":\"hu\",\"@id\":\"https:\/\/hir.mediamarkt.hu\/magazin\/#\/schema\/person\/image\/\",\"url\":\"https:\/\/secure.gravatar.com\/avatar\/602bccae8998beee472d01909f0978f1?s=96&d=mm&r=g\",\"contentUrl\":\"https:\/\/secure.gravatar.com\/avatar\/602bccae8998beee472d01909f0978f1?s=96&d=mm&r=g\",\"caption\":\"Media Markt\"}}]}<\/script>\n<!-- \/ Yoast SEO plugin. -->","yoast_head_json":{"title":"Megtal\u00e1ltuk a leg\u0151r\u00fcltebb \u00e9s legvid\u00e1mabb party k\u00e9sz\u00fcl\u00e9keket. A saj\u00e1t polcainkon! Vigy\u00e1zat: szezon\u00e1lis aj\u00e1nlat! - MediaMarkt Magazin","robots":{"index":"index","follow":"follow","max-snippet":"max-snippet:-1","max-image-preview":"max-image-preview:large","max-video-preview":"max-video-preview:-1"},"canonical":"https:\/\/hir.mediamarkt.hu\/magazin\/megtalaltuk-legorultebb-es-legvidamabb-party-keszulekeket-sajat-polcainkon-vigyazat-szezonalis-ajanlat\/","og_locale":"hu_HU","og_type":"article","og_title":"Megtal\u00e1ltuk a leg\u0151r\u00fcltebb \u00e9s legvid\u00e1mabb party k\u00e9sz\u00fcl\u00e9keket. A saj\u00e1t polcainkon! Vigy\u00e1zat: szezon\u00e1lis aj\u00e1nlat! - MediaMarkt Magazin","og_description":"Az \u201caki lemarad, kimarad\u201d k\u00f6zkelet\u0171 mond\u00e1s ez\u00fattal halmozottan \u00e9rv\u00e9nyes. A MediaMarkt szuper party k\u00e9sz\u00fcl\u00e9kei ugyanis rendre cser\u00e9l\u0151dnek, k\u00f6vetve a v\u00e1s\u00e1rl\u00f3i ig\u00e9nyeket \u00e9s persze az \u00e9vszakokat is. Persze ki mondta, hogy t\u00e9len ne j\u00f6nne j\u00f3l egy retro j\u00e9gk\u00e1sa k\u00e9sz\u00edt\u0151? Gondoljunk csak bele, milyen bulit rendezhetn\u00e9nk Szilveszterkor az \u00fczembe \u00e1ll\u00edt\u00e1s\u00e1val. Sz\u00f3val \u00e9rdemes m\u00e9g most lecsapni a ny\u00e1lelv\u00e1lszt\u00e1st beind\u00edt\u00f3 eszk\u00f6z\u00f6kre!","og_url":"https:\/\/hir.mediamarkt.hu\/magazin\/megtalaltuk-legorultebb-es-legvidamabb-party-keszulekeket-sajat-polcainkon-vigyazat-szezonalis-ajanlat\/","og_site_name":"MediaMarkt Magazin","article_publisher":"https:\/\/www.facebook.com\/MediaMarktMagyarorszag","article_published_time":"2018-08-16T06:55:59+00:00","article_modified_time":"2018-08-14T14:32:55+00:00","og_image":[{"width":1440,"height":960,"url":"https:\/\/hir.mediamarkt.hu\/magazin\/wp-content\/uploads\/2018\/08\/000a-1.jpeg","type":"image\/jpeg"}],"author":"Media Markt","twitter_misc":{"Szerz\u0151:":"Media Markt","Becs\u00fclt olvas\u00e1si id\u0151":"4 perc"},"schema":{"@context":"https:\/\/schema.org","@graph":[{"@type":"WebPage","@id":"https:\/\/hir.mediamarkt.hu\/magazin\/megtalaltuk-legorultebb-es-legvidamabb-party-keszulekeket-sajat-polcainkon-vigyazat-szezonalis-ajanlat\/","url":"https:\/\/hir.mediamarkt.hu\/magazin\/megtalaltuk-legorultebb-es-legvidamabb-party-keszulekeket-sajat-polcainkon-vigyazat-szezonalis-ajanlat\/","name":"Megtal\u00e1ltuk a leg\u0151r\u00fcltebb \u00e9s legvid\u00e1mabb party k\u00e9sz\u00fcl\u00e9keket. A saj\u00e1t polcainkon! Vigy\u00e1zat: szezon\u00e1lis aj\u00e1nlat! - MediaMarkt Magazin","isPartOf":{"@id":"https:\/\/hir.mediamarkt.hu\/magazin\/#website"},"primaryImageOfPage":{"@id":"https:\/\/hir.mediamarkt.hu\/magazin\/megtalaltuk-legorultebb-es-legvidamabb-party-keszulekeket-sajat-polcainkon-vigyazat-szezonalis-ajanlat\/#primaryimage"},"image":{"@id":"https:\/\/hir.mediamarkt.hu\/magazin\/megtalaltuk-legorultebb-es-legvidamabb-party-keszulekeket-sajat-polcainkon-vigyazat-szezonalis-ajanlat\/#primaryimage"},"thumbnailUrl":"https:\/\/hir.mediamarkt.hu\/magazin\/wp-content\/uploads\/2018\/08\/000a-1.jpeg","datePublished":"2018-08-16T06:55:59+00:00","dateModified":"2018-08-14T14:32:55+00:00","author":{"@id":"https:\/\/hir.mediamarkt.hu\/magazin\/#\/schema\/person\/b93b02ec1ab4d2353f8d281e171c1b0b"},"breadcrumb":{"@id":"https:\/\/hir.mediamarkt.hu\/magazin\/megtalaltuk-legorultebb-es-legvidamabb-party-keszulekeket-sajat-polcainkon-vigyazat-szezonalis-ajanlat\/#breadcrumb"},"inLanguage":"hu","potentialAction":[{"@type":"ReadAction","target":["https:\/\/hir.mediamarkt.hu\/magazin\/megtalaltuk-legorultebb-es-legvidamabb-party-keszulekeket-sajat-polcainkon-vigyazat-szezonalis-ajanlat\/"]}]},{"@type":"ImageObject","inLanguage":"hu","@id":"https:\/\/hir.mediamarkt.hu\/magazin\/megtalaltuk-legorultebb-es-legvidamabb-party-keszulekeket-sajat-polcainkon-vigyazat-szezonalis-ajanlat\/#primaryimage","url":"https:\/\/hir.mediamarkt.hu\/magazin\/wp-content\/uploads\/2018\/08\/000a-1.jpeg","contentUrl":"https:\/\/hir.mediamarkt.hu\/magazin\/wp-content\/uploads\/2018\/08\/000a-1.jpeg","width":1440,"height":960},{"@type":"BreadcrumbList","@id":"https:\/\/hir.mediamarkt.hu\/magazin\/megtalaltuk-legorultebb-es-legvidamabb-party-keszulekeket-sajat-polcainkon-vigyazat-szezonalis-ajanlat\/#breadcrumb","itemListElement":[{"@type":"ListItem","position":1,"name":"Kezd\u0151lap","item":"https:\/\/hir.mediamarkt.hu\/magazin\/"},{"@type":"ListItem","position":2,"name":"Megtal\u00e1ltuk a leg\u0151r\u00fcltebb \u00e9s legvid\u00e1mabb party k\u00e9sz\u00fcl\u00e9keket. A saj\u00e1t polcainkon! Vigy\u00e1zat: szezon\u00e1lis aj\u00e1nlat!"}]},{"@type":"WebSite","@id":"https:\/\/hir.mediamarkt.hu\/magazin\/#website","url":"https:\/\/hir.mediamarkt.hu\/magazin\/","name":"MediaMarkt Magazin","description":"Olvass bele magazinunkba!","potentialAction":[{"@type":"SearchAction","target":{"@type":"EntryPoint","urlTemplate":"https:\/\/hir.mediamarkt.hu\/magazin\/?s={search_term_string}"},"query-input":"required name=search_term_string"}],"inLanguage":"hu"},{"@type":"Person","@id":"https:\/\/hir.mediamarkt.hu\/magazin\/#\/schema\/person\/b93b02ec1ab4d2353f8d281e171c1b0b","name":"Media Markt","image":{"@type":"ImageObject","inLanguage":"hu","@id":"https:\/\/hir.mediamarkt.hu\/magazin\/#\/schema\/person\/image\/","url":"https:\/\/secure.gravatar.com\/avatar\/602bccae8998beee472d01909f0978f1?s=96&d=mm&r=g","contentUrl":"https:\/\/secure.gravatar.com\/avatar\/602bccae8998beee472d01909f0978f1?s=96&d=mm&r=g","caption":"Media Markt"}}]}},"_links":{"self":[{"href":"https:\/\/hir.mediamarkt.hu\/magazin\/wp-json\/wp\/v2\/posts\/6417"}],"collection":[{"href":"https:\/\/hir.mediamarkt.hu\/magazin\/wp-json\/wp\/v2\/posts"}],"about":[{"href":"https:\/\/hir.mediamarkt.hu\/magazin\/wp-json\/wp\/v2\/types\/post"}],"author":[{"embeddable":true,"href":"https:\/\/hir.mediamarkt.hu\/magazin\/wp-json\/wp\/v2\/users\/13"}],"replies":[{"embeddable":true,"href":"https:\/\/hir.mediamarkt.hu\/magazin\/wp-json\/wp\/v2\/comments?post=6417"}],"version-history":[{"count":2,"href":"https:\/\/hir.mediamarkt.hu\/magazin\/wp-json\/wp\/v2\/posts\/6417\/revisions"}],"predecessor-version":[{"id":6437,"href":"https:\/\/hir.mediamarkt.hu\/magazin\/wp-json\/wp\/v2\/posts\/6417\/revisions\/6437"}],"wp:featuredmedia":[{"embeddable":true,"href":"https:\/\/hir.mediamarkt.hu\/magazin\/wp-json\/wp\/v2\/media\/6431"}],"wp:attachment":[{"href":"https:\/\/hir.mediamarkt.hu\/magazin\/wp-json\/wp\/v2\/media?parent=6417"}],"wp:term":[{"taxonomy":"category","embeddable":true,"href":"https:\/\/hir.mediamarkt.hu\/magazin\/wp-json\/wp\/v2\/categories?post=6417"},{"taxonomy":"post_tag","embeddable":true,"href":"https:\/\/hir.mediamarkt.hu\/magazin\/wp-json\/wp\/v2\/tags?post=6417"}],"curies":[{"name":"wp","href":"https:\/\/api.w.org\/{rel}","templated":true}]}}