{"id":6439,"date":"2018-08-17T07:55:23","date_gmt":"2018-08-17T06:55:23","guid":{"rendered":"http:\/\/hir.mediamarkt.hu\/magazin\/?p=6439"},"modified":"2018-08-15T14:14:51","modified_gmt":"2018-08-15T13:14:51","slug":"van-amin-nem-fog-az-ido-felujitott-dargay-rajzfilmek-felett-nosztalgiaztunk","status":"publish","type":"post","link":"https:\/\/hir.mediamarkt.hu\/magazin\/van-amin-nem-fog-az-ido-felujitott-dargay-rajzfilmek-felett-nosztalgiaztunk\/","title":{"rendered":"Van, amin nem fog az id\u0151: a fel\u00faj\u00edtott Dargay rajzfilmek felett nosztalgi\u00e1ztunk"},"content":{"rendered":"<strong>B\u00e1r egy\u00e1ltal\u00e1n nem tartozunk a \u201cr\u00e9gen minden jobb volt\u201d mond\u00e1st szajk\u00f3z\u00f3k k\u00f6z\u00e9, sz\u00edvesen eml\u00e9ksz\u00fcnk vissza gyerekkori eml\u00e9kekre. B\u00e1r a most k\u00f6vetkez\u0151, val\u00f3sz\u00edn\u0171leg szinte mindenki sz\u00e1m\u00e1ra ismer\u0151s mes\u00e9k kapcs\u00e1n nem is az a l\u00e9nyeg, mikor sz\u00fclettek. Hanem hogy mennyire, de mennyire szerethet\u0151ek! Az imm\u00e1r 9 \u00e9ve elhunyt Dargay Attil\u00e1ra, na \u00e9s persze Vuk\u00e9kra, Szaffi\u00e9kra \u00e9s a t\u00f6bbi gy\u00f6ny\u00f6r\u0171 \u00e9s kajla rajzfilmfigur\u00e1kra eml\u00e9kez\u00fcnk.<\/strong><!--more-->\r\n\r\n<span style=\"font-weight: 400;\">Dargay Attila n\u00e9gy, eg\u00e9sz est\u00e9s mozifilmje, a <strong>L\u00fadas Matyi (1977)<\/strong>, a <strong>Vuk (1981)<\/strong>, a <strong>Szaffi (1985)<\/strong> \u00e9s <strong>Az erd\u0151 kapit\u00e1nya\u00a0(1988)<\/strong> fel\u00faj\u00edtott v\u00e1ltozata k\u00f6zel egy \u00e9ve, 2017 kar\u00e1csonya el\u0151tt jelent meg, az alkot\u00f3 sz\u00fclet\u00e9s\u00e9nek 90. \u00e9vfordul\u00f3j\u00e1nak \u00e9v\u00e9ben. A meg\u00fajult, kitiszt\u00edtott k\u00f3pi\u00e1k mellett a kiadv\u00e1ny extra lemeze csupa unikummal is szolg\u00e1lt: <\/span>\r\n<p style=\"padding-left: 30px;\"><span style=\"font-weight: 400;\"><strong>15 fel\u00faj\u00edtott r\u00f6vidfilm \u00e9s 19 eddig m\u00e9g ismeretlen, 1955\u201363 k\u00f6z\u00f6tt k\u00e9sz\u00fclt, most el\u0151ker\u00fclt \u00e9s fel\u00faj\u00edtott rekl\u00e1mfilm ker\u00fclt a v\u00e1logat\u00e1sba.<\/strong> <\/span><\/p>\r\n<span style=\"font-weight: 400;\">Egysz\u00f3val olyan csemeg\u00e9k is napvil\u00e1got l\u00e1ttak, amiket a rajong\u00f3k eddig nem ismerhettek. Illetve \u00faj oldal\u00e1r\u00f3l is bemutatt\u00e1k a Bal\u00e1zs B\u00e9la-d\u00edjas, egykori rajzfilmrendez\u0151-k\u00e9preg\u00e9nyrajzol\u00f3-k\u00f6nyvillusztr\u00e1tor-rekl\u00e1mgrafikust.<\/span>\r\n\r\nDargay Attila figur\u00e1i persze lassan-lassan elvileg \u201ckimennek a divatb\u00f3l\u201d, m\u00e1r ami a technol\u00f3gi\u00e1t illeti. A gyerekek szeme \u00e1tszokott a digit\u00e1lis anim\u00e1ci\u00f3ra, a 3D hat\u00e1sra, \u00e9s a mes\u00e9k temp\u00f3ja is eg\u00e9szen m\u00e1s, mint mondjuk a 80-as \u00e9vekben. Nincs ezzel baj, hiszen valaha a Vuk is \u00faj \u00e9s modern volt, mondjuk az els\u0151 magyar rajzfilmk\u00e9nt sz\u00e1montartott, Macsk\u00e1ssy Gyula f\u00e9le &#8222;A kiskakas gy\u00e9m\u00e1nt f\u00e9lkrajc\u00e1rja&#8221; c\u00edm\u0171 mozihoz k\u00e9pest.\r\n\r\n&nbsp;\r\n\r\n<a href=\"https:\/\/www.youtube.com\/watch?v=uF8hJpVtDn8\">https:\/\/www.youtube.com\/watch?v=uF8hJpVtDn8<\/a>\r\n\r\n&nbsp;\r\n\r\nA b\u00e1b technik\u00e1n\u00a0szocializ\u00e1l\u00f3dott n\u00e9z\u0151knek a\u00a0Mazsola \u00e9s T\u00e1d\u00e9, valamint a Futrinka utca lak\u00f3i ut\u00e1n eg\u00e9szen \u00fajszer\u0171 lehetett egy-egy m\u00edvesen megrajzolt \u00e9s kidolgozott Dargay rajzfilm. A legjobb az eg\u00e9szben, hogy egyik sem rossz, vagy j\u00f3. M\u00e1r ha a val\u00f3ban \u00e9rt\u00e9kes alkot\u00e1sokat hasonl\u00edtjuk \u00f6ssze. <strong>Mik\u00f6zben a szocializmus \u00e1rny\u00e9k\u00e1ban, a vasf\u00fcgg\u00f6ny m\u00f6g\u00f6tt sz\u00e9pen sorra k\u00e9sz\u00fclte a mes\u00e9k, Amerik\u00e1ban m\u00e1r r\u00e9g d\u00fcb\u00f6rg\u00f6tt a Walt Disney-f\u00e9le \u00e1lomgy\u00e1r.<\/strong> Mickey Mouse 1928-ban t\u0171nt fel a v\u00e1sznakon, 1932-ben pedig m\u00e1r Oscar-d\u00edjat is bezsebelt a Vir\u00e1gok \u00e9s F\u00e1k (Flowers and Trees) c\u00edm\u0171, imm\u00e1r sz\u00ednes mes\u00e9\u00e9rt a chicagoi sz\u00fclet\u00e9s\u0171 rajzfilmes. 1938-ban a sokak \u00e1ltal j\u00f3l ismert H\u00f3feh\u00e9rke \u00e9s a h\u00e9t t\u00f6rpe rendhagy\u00f3 m\u00f3don egy nagy \u00e9s h\u00e9t kisebb m\u00e9ret\u0171 Oscar-d\u00edjat vehetett \u00e1t. Ezek azonban csak t\u00f6red\u00e9kei voltak a Disney birodalom eddigi sikereinek.\r\n\r\nB\u00e1r a magyar rajzfilmek sem anyagiakban, sem infrastrukt\u00far\u00e1ban nem vehett\u00e9k fel a versenyt a tengeren t\u00fali ipar\u00e1ggal, m\u00e9gis olyan, \u00e9rt\u00e9k \u00e9s id\u0151t\u00e1ll\u00f3 alkot\u00e1sok sz\u00fclettek itthon, amelyeket m\u00e9g j\u00f3 n\u00e9h\u00e1ny gener\u00e1ci\u00f3 \u00e9lvezhet.\r\n<h2 style=\"padding-left: 30px;\"><strong>Dargay Attila munk\u00e1ss\u00e1g\u00e1nak l\u00e9nyege egy\u00e9rtelm\u0171en a szeretet. Minden egyes karakteren l\u00e1tszik, csupasz\u00edv ember \u00e1lmodta \u00e9s rajzolta meg. <\/strong><\/h2>\r\n\u00c9s b\u00e1r nyilv\u00e1n az ikonikus Dargay rajzfilmek sem csak egy ember munk\u00e1j\u00e1t dics\u00e9rik (elvitathatatlan \u00e9rdeme volt minden k\u00f6z\u00f6s alkot\u00e1s sor\u00e1n feles\u00e9g\u00e9nek \u00e9s \u00e1lland\u00f3 munkat\u00e1rs\u00e1nak, <strong>Henrik Ir\u00e9nnek<\/strong>, a Pann\u00f3nia Filmst\u00fadi\u00f3 egykori operat\u0151r\u00e9nek), a rendez\u0151-grafikus szem\u00e9lyis\u00e9ge n\u00e9lk\u00fcl semmi sem lehetne ugyanaz.\r\n\r\n&nbsp;\r\n\r\n<iframe loading=\"lazy\" title=\"Dargay Attila: Vari\u00e1ci\u00f3k egy s\u00e1rk\u00e1nyra - r\u00e9szlet\" width=\"900\" height=\"675\" src=\"https:\/\/www.youtube.com\/embed\/NYaAtpz9cKY?feature=oembed\" frameborder=\"0\" allow=\"accelerometer; autoplay; clipboard-write; encrypted-media; gyroscope; picture-in-picture; web-share\" referrerpolicy=\"strict-origin-when-cross-origin\" allowfullscreen><\/iframe>\r\n\r\n&nbsp;\r\n\r\nR\u00e1ad\u00e1sul a \u201cnagy klasszikusok\u201d m\u00e9g egy <strong>olyan id\u0151szakban k\u00e9sz\u00fcltek, amikor a magyar szinkron a vir\u00e1gkor\u00e1t \u00e9lte.<\/strong> Val\u00f3di sz\u00edn\u00e9szek k\u00f6lcs\u00f6n\u00f6zt\u00e9k a hangjukat a legutols\u00f3 mell\u00e9kszerepl\u0151nek is, \u00e9s ami m\u00e9g fontosabb, a gy\u00e1rt\u00e1sra volt id\u0151 \u00e9s energia. A k\u00f6z\u00f6s film n\u00e9z\u00e9s ut\u00e1n a szinkronrendez\u0151vel komoly pr\u00f3b\u00e1k zajlottak, \u00edgy mire egy J\u00f3n\u00e1s vagy egy G\u00f3li\u00e1t \u00fcgyn\u00f6k a mikrofon el\u00e9 ker\u00fclt, k\u00e9sz karakterekkel, szerep form\u00e1l\u00e1ssal v\u00e1gott bele a munk\u00e1ba. Ma a szinkronsz\u00edn\u00e9szek sokszor el\u0151zetes forgat\u00f3k\u00f6nyvet sem kapnak, csak be\u00e1llnak a st\u00fadi\u00f3ba \u00e9s olvass\u00e1k, amit el\u00e9j\u00fck tesznek.\u00a0<span style=\"font-weight: 400;\">A szint\u00e9n ikonikus z\u00f6rej m\u0171helyek \u00e9s szakemberek \u201ckihal\u00e1sa\u201d is j\u00f3csk\u00e1n ront a min\u0151s\u00e9gen, b\u00e1r t\u00e9ny, tal\u00e1n a mes\u00e9k kapcs\u00e1n m\u00e9g mindig valahogy t\u00f6bb figyelem jut, erre a k\u00e9t kulcsfontoss\u00e1g\u00fa munkafolyamatra. Hiszen a rajz- \u00e9s anim\u00e1ci\u00f3film h\u0151s\u00f6k &#8211; a siket k\u00f6z\u00f6ss\u00e9get nem sz\u00e1m\u00edtva &#8211; a hangok kavalk\u00e1dj\u00e1val v\u00e1lnak \u00e9l\u0151v\u00e9. <\/span>\r\n\r\nA fel\u00faj\u00edtott Dargay-n\u00e9gyes eset\u00e9ben viszont m\u00e9g minden a hely\u00e9n volt: a hangok, a po\u00e9nok, a zene, a z\u00f6rejek \u00e9s persze maguk a figur\u00e1k. A gyermeki l\u00e9leknek \u00e9s idegrendszernek m\u00e9g fontos naivit\u00e1s, kedvess\u00e9g, \u0151szintes\u00e9g \u00e9s sok-sok humor sz\u00f6vi \u00e1t a Vuk, a Szaffi, a L\u00fadas Matyi \u00e9s Az erd\u0151 kapit\u00e1nya minden egyes k\u00e9pkock\u00e1j\u00e1t.\r\n<h2 style=\"padding-left: 30px;\"><strong>A szeretet, a gyeng\u00e9ds\u00e9g, a kajlas\u00e1g pedig nem megy ki a divatb\u00f3l.<\/strong><\/h2>\r\nMeglehet, ezek a mes\u00e9k m\u00e1ra ink\u00e1bb a kisebb koroszt\u00e1lynak sz\u00f3lnak, mint anno, bemutat\u00e1sukkor. Egy-egy interneten nevelked\u0151 kisiskol\u00e1s lehet, lassan nem \u00e9rti, mi\u00e9rt csordog\u00e1l ilyen lassan a t\u00f6rt\u00e9net sz\u00e1l\u2026 Hiszen folyamatosan robban\u00e1shoz, v\u00e1ltoz\u00e1shoz, \u0151r\u00fclethez van szokva a szeme \u00e9s az agya. Hogy tartani tudja a gyerek a l\u00e9p\u00e9st a vil\u00e1ggal, nem baj,\u00a0ha \u201cfelz\u00e1rk\u00f3zik\u201d az \u00e1tlag temp\u00f3hoz. De tal\u00e1n \u00e9rdemes a vill\u00f3dz\u00f3, agressz\u00edvebb tartalmakkal legal\u00e1bb a 8-9 \u00e9ves kort megv\u00e1rni.\r\n\r\nA Dargay filmek fordulatoss\u00e1ga nem a mai akci\u00f3kon alapul, b\u00e1r Az erd\u0151 kapit\u00e1ny\u00e1ban tulajdonk\u00e9ppen el\u0151fordul \u00fcld\u00f6z\u00e9s. <strong>Az ink\u00e1bb az \u00e9rzelmi intelligenci\u00e1ra hat\u00f3 t\u00f6rt\u00e9netek (emp\u00e1tia, nyitotts\u00e1g, m\u00e1ss\u00e1g elfogad\u00e1sa) bels\u0151leg mozgatj\u00e1k meg a n\u00e9z\u0151t.<\/strong> A k\u00f6nnyek n\u00e9ha nem maradnak el, de az \u00e9letigenl\u00e9s \u00e9s a b\u00e1jos, humoros gegeknek k\u00f6sz\u00f6nhet\u0151en minden egyes film vid\u00e1m.\r\n\r\n&nbsp;\r\n\r\n<iframe loading=\"lazy\" title=\"Dargay Attila eml\u00e9kei a Vuk-r\u00f3l\" width=\"900\" height=\"675\" src=\"https:\/\/www.youtube.com\/embed\/FkZtD7by9A4?feature=oembed\" frameborder=\"0\" allow=\"accelerometer; autoplay; clipboard-write; encrypted-media; gyroscope; picture-in-picture; web-share\" referrerpolicy=\"strict-origin-when-cross-origin\" allowfullscreen><\/iframe>\r\n\r\n&nbsp;\r\n\r\nMik\u00f6zben az ember nevet \u00e9s csod\u00e1lja a kedves rajzokat,<strong> \u00e9rdemes elgondolkodni a t\u00f6rt\u00e9netek m\u00e9lys\u00e9gein \u00e9s a ki-kikacsint\u00f3, a feln\u0151ttek sz\u00e1m\u00e1ra \u00e9rdekes elemeken: <\/strong>az elnyom\u00f3 gazdagok, a kirekesztettek, a magyar t\u00f6rt\u00e9nelem szeletk\u00e9inek kritikusabb id\u0151szakainak t\u00e1lal\u00e1s\u00e1n. Dargay egy\u00e9rtelm\u0171en a gyereknek \u00e9s a gyerekek\u00e9rt dolgozott, de tal\u00e1n azok, akik m\u00e1ra az \u0151 mes\u00e9it n\u00e9zve n\u0151ttek fel, \u00e9rz\u00e9kenyebb, jobb emberek lettek az\u00e1ltal, hogy egy-egy \u00f3r\u00e1ra r\u00e1\u00e1lltak a zseni\u00e1lis alkot\u00f3 pozit\u00edv hull\u00e1maira. B\u00edzunk benne, a Dargay-\u00f6r\u00f6ks\u00e9g, a gondolkod\u00e1sm\u00f3d folytat\u00f3lagosan \u00f6r\u00f6kre fennmarad\u2026\r\n\r\n&nbsp;\r\n<h2><strong>Kapcsol\u00f3d\u00f3 MediaMarkt term\u00e9kek: <\/strong><\/h2>\r\n&nbsp;\r\n<h3><a href=\"http:\/\/www.mediamarkt.hu\/hu\/product\/_dargay-attila-gy%C5%B1jtem%C3%A9nyes-kiad%C3%A1s-dvd-1251431.html\"><span style=\"font-weight: 400;\">Dargay Attila gy\u0171jtem\u00e9nyes kiad\u00e1s (DVD)<\/span><\/a><span style=\"font-weight: 400;\">, 7999 Ft<\/span><\/h3>\r\n<h3><a href=\"http:\/\/www.mediamarkt.hu\/hu\/product\/_fekete-istv%C3%A1n-dargay-attila-vuk-ceruzaforgat%C3%B3-foglalkoztat%C3%B3f%C3%BCzet-1170271.html\"><span style=\"font-weight: 400;\">Fekete Istv\u00e1n &#8211; Dargay Attila &#8211; Vuk ceruzaforgat\u00f3 &#8211; Foglalkoztat\u00f3f\u00fczet<\/span><\/a><span style=\"font-weight: 400;\">, 599 Ft<\/span><\/h3>\r\n<h3><a href=\"http:\/\/www.mediamarkt.hu\/hu\/product\/_vuk-dvd-1237169.html\"><span style=\"font-weight: 400;\">Vuk (DVD)<\/span><\/a><span style=\"font-weight: 400;\">, 999 Ft<\/span><\/h3>\r\n<h3><a href=\"http:\/\/www.mediamarkt.hu\/hu\/product\/_rig%C3%B3-b%C3%A9la-vuk-k%C3%A9pesk%C3%B6nyv-1140045.html\"><span style=\"font-weight: 400;\">Rig\u00f3 B\u00e9la &#8211; Vuk k\u00e9pesk\u00f6nyv<\/span><\/a><span style=\"font-weight: 400;\">, 2499 Ft<\/span><\/h3>\r\n<h3><a href=\"http:\/\/www.mediamarkt.hu\/hu\/product\/_szaffi-dvd-9125912.html\"><span style=\"font-weight: 400;\">Szaffi (DVD)<\/span><\/a><span style=\"font-weight: 400;\">, 999 Ft<\/span><\/h3>\r\n<h3><a href=\"http:\/\/www.mediamarkt.hu\/hu\/product\/_l%C3%BAdas-matyi-rajzfilm-dvd-1237170.html\"><span style=\"font-weight: 400;\">L\u00fadas Matyi (rajzfilm) (DVD)<\/span><\/a><span style=\"font-weight: 400;\">, 999 Ft<\/span><\/h3>\r\n<h3><a href=\"http:\/\/www.mediamarkt.hu\/hu\/product\/_az-erd%C5%91-kapit%C3%A1nya-dvd-9125958.html\"><span style=\"font-weight: 400;\">Az erd\u0151 kapit\u00e1nya (DVD)<\/span><\/a><span style=\"font-weight: 400;\">, 999 Ft<\/span><\/h3>\r\n<img loading=\"lazy\" decoding=\"async\" class=\"alignnone size-full wp-image-6441\" src=\"http:\/\/hir.mediamarkt.hu\/magazin\/wp-content\/uploads\/2018\/08\/Dargay-Attila-gy\u0171jtem\u00e9nyes-kiad\u00e1s-DVD.png\" alt=\"\" width=\"786\" height=\"587\" srcset=\"https:\/\/hir.mediamarkt.hu\/magazin\/wp-content\/uploads\/2018\/08\/Dargay-Attila-gy\u0171jtem\u00e9nyes-kiad\u00e1s-DVD.png 786w, https:\/\/hir.mediamarkt.hu\/magazin\/wp-content\/uploads\/2018\/08\/Dargay-Attila-gy\u0171jtem\u00e9nyes-kiad\u00e1s-DVD-275x205.png 275w, https:\/\/hir.mediamarkt.hu\/magazin\/wp-content\/uploads\/2018\/08\/Dargay-Attila-gy\u0171jtem\u00e9nyes-kiad\u00e1s-DVD-300x224.png 300w, https:\/\/hir.mediamarkt.hu\/magazin\/wp-content\/uploads\/2018\/08\/Dargay-Attila-gy\u0171jtem\u00e9nyes-kiad\u00e1s-DVD-768x574.png 768w\" sizes=\"(max-width: 786px) 100vw, 786px\" \/>\r\n\r\n<img loading=\"lazy\" decoding=\"async\" class=\"alignnone size-full wp-image-6442\" src=\"http:\/\/hir.mediamarkt.hu\/magazin\/wp-content\/uploads\/2018\/08\/fee_786_587_png-1.png\" alt=\"\" width=\"786\" height=\"587\" srcset=\"https:\/\/hir.mediamarkt.hu\/magazin\/wp-content\/uploads\/2018\/08\/fee_786_587_png-1.png 786w, https:\/\/hir.mediamarkt.hu\/magazin\/wp-content\/uploads\/2018\/08\/fee_786_587_png-1-275x205.png 275w, https:\/\/hir.mediamarkt.hu\/magazin\/wp-content\/uploads\/2018\/08\/fee_786_587_png-1-300x224.png 300w, https:\/\/hir.mediamarkt.hu\/magazin\/wp-content\/uploads\/2018\/08\/fee_786_587_png-1-768x574.png 768w\" sizes=\"(max-width: 786px) 100vw, 786px\" \/>\r\n\r\n<img loading=\"lazy\" decoding=\"async\" class=\"alignnone size-full wp-image-6447\" src=\"http:\/\/hir.mediamarkt.hu\/magazin\/wp-content\/uploads\/2018\/08\/fee_786_587_png.png\" alt=\"\" width=\"786\" height=\"587\" srcset=\"https:\/\/hir.mediamarkt.hu\/magazin\/wp-content\/uploads\/2018\/08\/fee_786_587_png.png 786w, https:\/\/hir.mediamarkt.hu\/magazin\/wp-content\/uploads\/2018\/08\/fee_786_587_png-275x205.png 275w, https:\/\/hir.mediamarkt.hu\/magazin\/wp-content\/uploads\/2018\/08\/fee_786_587_png-300x224.png 300w, https:\/\/hir.mediamarkt.hu\/magazin\/wp-content\/uploads\/2018\/08\/fee_786_587_png-768x574.png 768w\" sizes=\"(max-width: 786px) 100vw, 786px\" \/><img loading=\"lazy\" decoding=\"async\" class=\"alignnone size-full wp-image-6443\" src=\"http:\/\/hir.mediamarkt.hu\/magazin\/wp-content\/uploads\/2018\/08\/fee_786_587_png-2.png\" alt=\"\" width=\"786\" height=\"587\" srcset=\"https:\/\/hir.mediamarkt.hu\/magazin\/wp-content\/uploads\/2018\/08\/fee_786_587_png-2.png 786w, https:\/\/hir.mediamarkt.hu\/magazin\/wp-content\/uploads\/2018\/08\/fee_786_587_png-2-275x205.png 275w, https:\/\/hir.mediamarkt.hu\/magazin\/wp-content\/uploads\/2018\/08\/fee_786_587_png-2-300x224.png 300w, https:\/\/hir.mediamarkt.hu\/magazin\/wp-content\/uploads\/2018\/08\/fee_786_587_png-2-768x574.png 768w\" sizes=\"(max-width: 786px) 100vw, 786px\" \/> <img loading=\"lazy\" decoding=\"async\" class=\"alignnone size-full wp-image-6444\" src=\"http:\/\/hir.mediamarkt.hu\/magazin\/wp-content\/uploads\/2018\/08\/fee_786_587_png-3.png\" alt=\"\" width=\"786\" height=\"587\" srcset=\"https:\/\/hir.mediamarkt.hu\/magazin\/wp-content\/uploads\/2018\/08\/fee_786_587_png-3.png 786w, https:\/\/hir.mediamarkt.hu\/magazin\/wp-content\/uploads\/2018\/08\/fee_786_587_png-3-275x205.png 275w, https:\/\/hir.mediamarkt.hu\/magazin\/wp-content\/uploads\/2018\/08\/fee_786_587_png-3-300x224.png 300w, https:\/\/hir.mediamarkt.hu\/magazin\/wp-content\/uploads\/2018\/08\/fee_786_587_png-3-768x574.png 768w\" sizes=\"(max-width: 786px) 100vw, 786px\" \/> <img loading=\"lazy\" decoding=\"async\" class=\"alignnone size-full wp-image-6445\" src=\"http:\/\/hir.mediamarkt.hu\/magazin\/wp-content\/uploads\/2018\/08\/fee_786_587_png-4.png\" alt=\"\" width=\"786\" height=\"587\" srcset=\"https:\/\/hir.mediamarkt.hu\/magazin\/wp-content\/uploads\/2018\/08\/fee_786_587_png-4.png 786w, https:\/\/hir.mediamarkt.hu\/magazin\/wp-content\/uploads\/2018\/08\/fee_786_587_png-4-275x205.png 275w, https:\/\/hir.mediamarkt.hu\/magazin\/wp-content\/uploads\/2018\/08\/fee_786_587_png-4-300x224.png 300w, https:\/\/hir.mediamarkt.hu\/magazin\/wp-content\/uploads\/2018\/08\/fee_786_587_png-4-768x574.png 768w\" sizes=\"(max-width: 786px) 100vw, 786px\" \/> <img loading=\"lazy\" decoding=\"async\" class=\"alignnone size-full wp-image-6446\" src=\"http:\/\/hir.mediamarkt.hu\/magazin\/wp-content\/uploads\/2018\/08\/fee_786_587_png-5.png\" alt=\"\" width=\"786\" height=\"587\" srcset=\"https:\/\/hir.mediamarkt.hu\/magazin\/wp-content\/uploads\/2018\/08\/fee_786_587_png-5.png 786w, https:\/\/hir.mediamarkt.hu\/magazin\/wp-content\/uploads\/2018\/08\/fee_786_587_png-5-275x205.png 275w, https:\/\/hir.mediamarkt.hu\/magazin\/wp-content\/uploads\/2018\/08\/fee_786_587_png-5-300x224.png 300w, https:\/\/hir.mediamarkt.hu\/magazin\/wp-content\/uploads\/2018\/08\/fee_786_587_png-5-768x574.png 768w\" sizes=\"(max-width: 786px) 100vw, 786px\" \/>","protected":false},"excerpt":{"rendered":"B\u00e1r egy\u00e1ltal\u00e1n nem tartozunk a \u201cr\u00e9gen minden jobb volt\u201d mond\u00e1st szajk\u00f3z\u00f3k k\u00f6z\u00e9, sz\u00edvesen eml\u00e9ksz\u00fcnk vissza gyerekkori eml\u00e9kekre. B\u00e1r a most k\u00f6vetkez\u0151, val\u00f3sz\u00edn\u0171leg szinte mindenki sz\u00e1m\u00e1ra ismer\u0151s mes\u00e9k kapcs\u00e1n nem is az a l\u00e9nyeg, mikor sz\u00fclettek. Hanem hogy mennyire, de mennyire szerethet\u0151ek! Az imm\u00e1r 9 \u00e9ve elhunyt Dargay Attil\u00e1ra, na \u00e9s persze Vuk\u00e9kra, Szaffi\u00e9kra \u00e9s a t\u00f6bbi gy\u00f6ny\u00f6r\u0171 \u00e9s kajla rajzfilmfigur\u00e1kra eml\u00e9kez\u00fcnk.","protected":false},"author":13,"featured_media":6440,"comment_status":"open","ping_status":"open","sticky":false,"template":"","format":"standard","meta":{"wprm-recipe-roundup-name":"","wprm-recipe-roundup-description":"","footnotes":""},"categories":[5974],"tags":[2292,2686,2679,2200,2680,2683,2186,200,2678,514,2688,2169,2687,556,2127,2173,2681,202,2682,2685,290,2684],"yoast_head":"<!-- This site is optimized with the Yoast SEO plugin v22.9 - https:\/\/yoast.com\/wordpress\/plugins\/seo\/ -->\n<title>Van, amin nem fog az id\u0151: a fel\u00faj\u00edtott Dargay rajzfilmek felett nosztalgi\u00e1ztunk - MediaMarkt Magazin<\/title>\n<meta name=\"robots\" content=\"index, follow, max-snippet:-1, max-image-preview:large, max-video-preview:-1\" \/>\n<link rel=\"canonical\" href=\"https:\/\/hir.mediamarkt.hu\/magazin\/van-amin-nem-fog-az-ido-felujitott-dargay-rajzfilmek-felett-nosztalgiaztunk\/\" \/>\n<meta property=\"og:locale\" content=\"hu_HU\" \/>\n<meta property=\"og:type\" content=\"article\" \/>\n<meta property=\"og:title\" content=\"Van, amin nem fog az id\u0151: a fel\u00faj\u00edtott Dargay rajzfilmek felett nosztalgi\u00e1ztunk - MediaMarkt Magazin\" \/>\n<meta property=\"og:description\" content=\"B\u00e1r egy\u00e1ltal\u00e1n nem tartozunk a \u201cr\u00e9gen minden jobb volt\u201d mond\u00e1st szajk\u00f3z\u00f3k k\u00f6z\u00e9, sz\u00edvesen eml\u00e9ksz\u00fcnk vissza gyerekkori eml\u00e9kekre. B\u00e1r a most k\u00f6vetkez\u0151, val\u00f3sz\u00edn\u0171leg szinte mindenki sz\u00e1m\u00e1ra ismer\u0151s mes\u00e9k kapcs\u00e1n nem is az a l\u00e9nyeg, mikor sz\u00fclettek. Hanem hogy mennyire, de mennyire szerethet\u0151ek! Az imm\u00e1r 9 \u00e9ve elhunyt Dargay Attil\u00e1ra, na \u00e9s persze Vuk\u00e9kra, Szaffi\u00e9kra \u00e9s a t\u00f6bbi gy\u00f6ny\u00f6r\u0171 \u00e9s kajla rajzfilmfigur\u00e1kra eml\u00e9kez\u00fcnk.\" \/>\n<meta property=\"og:url\" content=\"https:\/\/hir.mediamarkt.hu\/magazin\/van-amin-nem-fog-az-ido-felujitott-dargay-rajzfilmek-felett-nosztalgiaztunk\/\" \/>\n<meta property=\"og:site_name\" content=\"MediaMarkt Magazin\" \/>\n<meta property=\"article:publisher\" content=\"https:\/\/www.facebook.com\/MediaMarktMagyarorszag\" \/>\n<meta property=\"article:published_time\" content=\"2018-08-17T06:55:23+00:00\" \/>\n<meta property=\"article:modified_time\" content=\"2018-08-15T13:14:51+00:00\" \/>\n<meta property=\"og:image\" content=\"https:\/\/hir.mediamarkt.hu\/magazin\/wp-content\/uploads\/2018\/08\/Dargay-Attila-gy\u0171jtem\u00e9nyes-kiad\u00e1s-DVD-1.png\" \/>\n\t<meta property=\"og:image:width\" content=\"786\" \/>\n\t<meta property=\"og:image:height\" content=\"587\" \/>\n\t<meta property=\"og:image:type\" content=\"image\/png\" \/>\n<meta name=\"author\" content=\"Media Markt\" \/>\n<meta name=\"twitter:label1\" content=\"Szerz\u0151:\" \/>\n\t<meta name=\"twitter:data1\" content=\"Media Markt\" \/>\n\t<meta name=\"twitter:label2\" content=\"Becs\u00fclt olvas\u00e1si id\u0151\" \/>\n\t<meta name=\"twitter:data2\" content=\"7 perc\" \/>\n<script type=\"application\/ld+json\" class=\"yoast-schema-graph\">{\"@context\":\"https:\/\/schema.org\",\"@graph\":[{\"@type\":\"WebPage\",\"@id\":\"https:\/\/hir.mediamarkt.hu\/magazin\/van-amin-nem-fog-az-ido-felujitott-dargay-rajzfilmek-felett-nosztalgiaztunk\/\",\"url\":\"https:\/\/hir.mediamarkt.hu\/magazin\/van-amin-nem-fog-az-ido-felujitott-dargay-rajzfilmek-felett-nosztalgiaztunk\/\",\"name\":\"Van, amin nem fog az id\u0151: a fel\u00faj\u00edtott Dargay rajzfilmek felett nosztalgi\u00e1ztunk - MediaMarkt Magazin\",\"isPartOf\":{\"@id\":\"https:\/\/hir.mediamarkt.hu\/magazin\/#website\"},\"primaryImageOfPage\":{\"@id\":\"https:\/\/hir.mediamarkt.hu\/magazin\/van-amin-nem-fog-az-ido-felujitott-dargay-rajzfilmek-felett-nosztalgiaztunk\/#primaryimage\"},\"image\":{\"@id\":\"https:\/\/hir.mediamarkt.hu\/magazin\/van-amin-nem-fog-az-ido-felujitott-dargay-rajzfilmek-felett-nosztalgiaztunk\/#primaryimage\"},\"thumbnailUrl\":\"https:\/\/hir.mediamarkt.hu\/magazin\/wp-content\/uploads\/2018\/08\/Dargay-Attila-gy\u0171jtem\u00e9nyes-kiad\u00e1s-DVD-1.png\",\"datePublished\":\"2018-08-17T06:55:23+00:00\",\"dateModified\":\"2018-08-15T13:14:51+00:00\",\"author\":{\"@id\":\"https:\/\/hir.mediamarkt.hu\/magazin\/#\/schema\/person\/b93b02ec1ab4d2353f8d281e171c1b0b\"},\"breadcrumb\":{\"@id\":\"https:\/\/hir.mediamarkt.hu\/magazin\/van-amin-nem-fog-az-ido-felujitott-dargay-rajzfilmek-felett-nosztalgiaztunk\/#breadcrumb\"},\"inLanguage\":\"hu\",\"potentialAction\":[{\"@type\":\"ReadAction\",\"target\":[\"https:\/\/hir.mediamarkt.hu\/magazin\/van-amin-nem-fog-az-ido-felujitott-dargay-rajzfilmek-felett-nosztalgiaztunk\/\"]}]},{\"@type\":\"ImageObject\",\"inLanguage\":\"hu\",\"@id\":\"https:\/\/hir.mediamarkt.hu\/magazin\/van-amin-nem-fog-az-ido-felujitott-dargay-rajzfilmek-felett-nosztalgiaztunk\/#primaryimage\",\"url\":\"https:\/\/hir.mediamarkt.hu\/magazin\/wp-content\/uploads\/2018\/08\/Dargay-Attila-gy\u0171jtem\u00e9nyes-kiad\u00e1s-DVD-1.png\",\"contentUrl\":\"https:\/\/hir.mediamarkt.hu\/magazin\/wp-content\/uploads\/2018\/08\/Dargay-Attila-gy\u0171jtem\u00e9nyes-kiad\u00e1s-DVD-1.png\",\"width\":786,\"height\":587},{\"@type\":\"BreadcrumbList\",\"@id\":\"https:\/\/hir.mediamarkt.hu\/magazin\/van-amin-nem-fog-az-ido-felujitott-dargay-rajzfilmek-felett-nosztalgiaztunk\/#breadcrumb\",\"itemListElement\":[{\"@type\":\"ListItem\",\"position\":1,\"name\":\"Kezd\u0151lap\",\"item\":\"https:\/\/hir.mediamarkt.hu\/magazin\/\"},{\"@type\":\"ListItem\",\"position\":2,\"name\":\"Van, amin nem fog az id\u0151: a fel\u00faj\u00edtott Dargay rajzfilmek felett nosztalgi\u00e1ztunk\"}]},{\"@type\":\"WebSite\",\"@id\":\"https:\/\/hir.mediamarkt.hu\/magazin\/#website\",\"url\":\"https:\/\/hir.mediamarkt.hu\/magazin\/\",\"name\":\"MediaMarkt Magazin\",\"description\":\"Olvass bele magazinunkba!\",\"potentialAction\":[{\"@type\":\"SearchAction\",\"target\":{\"@type\":\"EntryPoint\",\"urlTemplate\":\"https:\/\/hir.mediamarkt.hu\/magazin\/?s={search_term_string}\"},\"query-input\":\"required name=search_term_string\"}],\"inLanguage\":\"hu\"},{\"@type\":\"Person\",\"@id\":\"https:\/\/hir.mediamarkt.hu\/magazin\/#\/schema\/person\/b93b02ec1ab4d2353f8d281e171c1b0b\",\"name\":\"Media Markt\",\"image\":{\"@type\":\"ImageObject\",\"inLanguage\":\"hu\",\"@id\":\"https:\/\/hir.mediamarkt.hu\/magazin\/#\/schema\/person\/image\/\",\"url\":\"https:\/\/secure.gravatar.com\/avatar\/602bccae8998beee472d01909f0978f1?s=96&d=mm&r=g\",\"contentUrl\":\"https:\/\/secure.gravatar.com\/avatar\/602bccae8998beee472d01909f0978f1?s=96&d=mm&r=g\",\"caption\":\"Media Markt\"}}]}<\/script>\n<!-- \/ Yoast SEO plugin. -->","yoast_head_json":{"title":"Van, amin nem fog az id\u0151: a fel\u00faj\u00edtott Dargay rajzfilmek felett nosztalgi\u00e1ztunk - MediaMarkt Magazin","robots":{"index":"index","follow":"follow","max-snippet":"max-snippet:-1","max-image-preview":"max-image-preview:large","max-video-preview":"max-video-preview:-1"},"canonical":"https:\/\/hir.mediamarkt.hu\/magazin\/van-amin-nem-fog-az-ido-felujitott-dargay-rajzfilmek-felett-nosztalgiaztunk\/","og_locale":"hu_HU","og_type":"article","og_title":"Van, amin nem fog az id\u0151: a fel\u00faj\u00edtott Dargay rajzfilmek felett nosztalgi\u00e1ztunk - MediaMarkt Magazin","og_description":"B\u00e1r egy\u00e1ltal\u00e1n nem tartozunk a \u201cr\u00e9gen minden jobb volt\u201d mond\u00e1st szajk\u00f3z\u00f3k k\u00f6z\u00e9, sz\u00edvesen eml\u00e9ksz\u00fcnk vissza gyerekkori eml\u00e9kekre. B\u00e1r a most k\u00f6vetkez\u0151, val\u00f3sz\u00edn\u0171leg szinte mindenki sz\u00e1m\u00e1ra ismer\u0151s mes\u00e9k kapcs\u00e1n nem is az a l\u00e9nyeg, mikor sz\u00fclettek. Hanem hogy mennyire, de mennyire szerethet\u0151ek! Az imm\u00e1r 9 \u00e9ve elhunyt Dargay Attil\u00e1ra, na \u00e9s persze Vuk\u00e9kra, Szaffi\u00e9kra \u00e9s a t\u00f6bbi gy\u00f6ny\u00f6r\u0171 \u00e9s kajla rajzfilmfigur\u00e1kra eml\u00e9kez\u00fcnk.","og_url":"https:\/\/hir.mediamarkt.hu\/magazin\/van-amin-nem-fog-az-ido-felujitott-dargay-rajzfilmek-felett-nosztalgiaztunk\/","og_site_name":"MediaMarkt Magazin","article_publisher":"https:\/\/www.facebook.com\/MediaMarktMagyarorszag","article_published_time":"2018-08-17T06:55:23+00:00","article_modified_time":"2018-08-15T13:14:51+00:00","og_image":[{"width":786,"height":587,"url":"https:\/\/hir.mediamarkt.hu\/magazin\/wp-content\/uploads\/2018\/08\/Dargay-Attila-gy\u0171jtem\u00e9nyes-kiad\u00e1s-DVD-1.png","type":"image\/png"}],"author":"Media Markt","twitter_misc":{"Szerz\u0151:":"Media Markt","Becs\u00fclt olvas\u00e1si id\u0151":"7 perc"},"schema":{"@context":"https:\/\/schema.org","@graph":[{"@type":"WebPage","@id":"https:\/\/hir.mediamarkt.hu\/magazin\/van-amin-nem-fog-az-ido-felujitott-dargay-rajzfilmek-felett-nosztalgiaztunk\/","url":"https:\/\/hir.mediamarkt.hu\/magazin\/van-amin-nem-fog-az-ido-felujitott-dargay-rajzfilmek-felett-nosztalgiaztunk\/","name":"Van, amin nem fog az id\u0151: a fel\u00faj\u00edtott Dargay rajzfilmek felett nosztalgi\u00e1ztunk - MediaMarkt Magazin","isPartOf":{"@id":"https:\/\/hir.mediamarkt.hu\/magazin\/#website"},"primaryImageOfPage":{"@id":"https:\/\/hir.mediamarkt.hu\/magazin\/van-amin-nem-fog-az-ido-felujitott-dargay-rajzfilmek-felett-nosztalgiaztunk\/#primaryimage"},"image":{"@id":"https:\/\/hir.mediamarkt.hu\/magazin\/van-amin-nem-fog-az-ido-felujitott-dargay-rajzfilmek-felett-nosztalgiaztunk\/#primaryimage"},"thumbnailUrl":"https:\/\/hir.mediamarkt.hu\/magazin\/wp-content\/uploads\/2018\/08\/Dargay-Attila-gy\u0171jtem\u00e9nyes-kiad\u00e1s-DVD-1.png","datePublished":"2018-08-17T06:55:23+00:00","dateModified":"2018-08-15T13:14:51+00:00","author":{"@id":"https:\/\/hir.mediamarkt.hu\/magazin\/#\/schema\/person\/b93b02ec1ab4d2353f8d281e171c1b0b"},"breadcrumb":{"@id":"https:\/\/hir.mediamarkt.hu\/magazin\/van-amin-nem-fog-az-ido-felujitott-dargay-rajzfilmek-felett-nosztalgiaztunk\/#breadcrumb"},"inLanguage":"hu","potentialAction":[{"@type":"ReadAction","target":["https:\/\/hir.mediamarkt.hu\/magazin\/van-amin-nem-fog-az-ido-felujitott-dargay-rajzfilmek-felett-nosztalgiaztunk\/"]}]},{"@type":"ImageObject","inLanguage":"hu","@id":"https:\/\/hir.mediamarkt.hu\/magazin\/van-amin-nem-fog-az-ido-felujitott-dargay-rajzfilmek-felett-nosztalgiaztunk\/#primaryimage","url":"https:\/\/hir.mediamarkt.hu\/magazin\/wp-content\/uploads\/2018\/08\/Dargay-Attila-gy\u0171jtem\u00e9nyes-kiad\u00e1s-DVD-1.png","contentUrl":"https:\/\/hir.mediamarkt.hu\/magazin\/wp-content\/uploads\/2018\/08\/Dargay-Attila-gy\u0171jtem\u00e9nyes-kiad\u00e1s-DVD-1.png","width":786,"height":587},{"@type":"BreadcrumbList","@id":"https:\/\/hir.mediamarkt.hu\/magazin\/van-amin-nem-fog-az-ido-felujitott-dargay-rajzfilmek-felett-nosztalgiaztunk\/#breadcrumb","itemListElement":[{"@type":"ListItem","position":1,"name":"Kezd\u0151lap","item":"https:\/\/hir.mediamarkt.hu\/magazin\/"},{"@type":"ListItem","position":2,"name":"Van, amin nem fog az id\u0151: a fel\u00faj\u00edtott Dargay rajzfilmek felett nosztalgi\u00e1ztunk"}]},{"@type":"WebSite","@id":"https:\/\/hir.mediamarkt.hu\/magazin\/#website","url":"https:\/\/hir.mediamarkt.hu\/magazin\/","name":"MediaMarkt Magazin","description":"Olvass bele magazinunkba!","potentialAction":[{"@type":"SearchAction","target":{"@type":"EntryPoint","urlTemplate":"https:\/\/hir.mediamarkt.hu\/magazin\/?s={search_term_string}"},"query-input":"required name=search_term_string"}],"inLanguage":"hu"},{"@type":"Person","@id":"https:\/\/hir.mediamarkt.hu\/magazin\/#\/schema\/person\/b93b02ec1ab4d2353f8d281e171c1b0b","name":"Media Markt","image":{"@type":"ImageObject","inLanguage":"hu","@id":"https:\/\/hir.mediamarkt.hu\/magazin\/#\/schema\/person\/image\/","url":"https:\/\/secure.gravatar.com\/avatar\/602bccae8998beee472d01909f0978f1?s=96&d=mm&r=g","contentUrl":"https:\/\/secure.gravatar.com\/avatar\/602bccae8998beee472d01909f0978f1?s=96&d=mm&r=g","caption":"Media Markt"}}]}},"_links":{"self":[{"href":"https:\/\/hir.mediamarkt.hu\/magazin\/wp-json\/wp\/v2\/posts\/6439"}],"collection":[{"href":"https:\/\/hir.mediamarkt.hu\/magazin\/wp-json\/wp\/v2\/posts"}],"about":[{"href":"https:\/\/hir.mediamarkt.hu\/magazin\/wp-json\/wp\/v2\/types\/post"}],"author":[{"embeddable":true,"href":"https:\/\/hir.mediamarkt.hu\/magazin\/wp-json\/wp\/v2\/users\/13"}],"replies":[{"embeddable":true,"href":"https:\/\/hir.mediamarkt.hu\/magazin\/wp-json\/wp\/v2\/comments?post=6439"}],"version-history":[{"count":2,"href":"https:\/\/hir.mediamarkt.hu\/magazin\/wp-json\/wp\/v2\/posts\/6439\/revisions"}],"predecessor-version":[{"id":6449,"href":"https:\/\/hir.mediamarkt.hu\/magazin\/wp-json\/wp\/v2\/posts\/6439\/revisions\/6449"}],"wp:featuredmedia":[{"embeddable":true,"href":"https:\/\/hir.mediamarkt.hu\/magazin\/wp-json\/wp\/v2\/media\/6440"}],"wp:attachment":[{"href":"https:\/\/hir.mediamarkt.hu\/magazin\/wp-json\/wp\/v2\/media?parent=6439"}],"wp:term":[{"taxonomy":"category","embeddable":true,"href":"https:\/\/hir.mediamarkt.hu\/magazin\/wp-json\/wp\/v2\/categories?post=6439"},{"taxonomy":"post_tag","embeddable":true,"href":"https:\/\/hir.mediamarkt.hu\/magazin\/wp-json\/wp\/v2\/tags?post=6439"}],"curies":[{"name":"wp","href":"https:\/\/api.w.org\/{rel}","templated":true}]}}