{"id":6450,"date":"2018-08-20T07:55:43","date_gmt":"2018-08-20T06:55:43","guid":{"rendered":"http:\/\/hir.mediamarkt.hu\/magazin\/?p=6450"},"modified":"2018-08-24T15:55:56","modified_gmt":"2018-08-24T14:55:56","slug":"nem-lenne-fair-ha-csak-macskaknak-keszitenenk-butort-jojjon-nehany-diy-kutyaagy","status":"publish","type":"post","link":"https:\/\/hir.mediamarkt.hu\/magazin\/nem-lenne-fair-ha-csak-macskaknak-keszitenenk-butort-jojjon-nehany-diy-kutyaagy\/","title":{"rendered":"Nem lenne fair, ha csak macsk\u00e1knak k\u00e9sz\u00edten\u00e9nk b\u00fatort. J\u00f6jj\u00f6n n\u00e9h\u00e1ny DIY kutya\u00e1gy!"},"content":{"rendered":"<strong>Miut\u00e1n <a href=\"http:\/\/hir.mediamarkt.hu\/magazin\/meno-diy-macska-sator-minden-idok-legelegansabb-individualista-lenyeinek\/\" target=\"_blank\">s\u00e1torlak\u00f3v\u00e1 tett\u00fcnk n\u00e9h\u00e1ny n\u00e9gyl\u00e1b\u00fat<\/a> (kirekeszt\u00e9s n\u00e9lk\u00fcl, a macsk\u00e1kon fel\u00fcl ak\u00e1r \u00f6lebek, vagy b\u00e1rmely, m\u00e9ret\u00fckben erre alkalmas l\u00e9nyek is haszn\u00e1lhatj\u00e1k a h\u00e1zi k\u00e9sz\u00edt\u00e9s\u0171 tipit!), itt az ideje, hogy az ember legh\u0171s\u00e9gesebb t\u00e1rsainak is kijusson a j\u00f3b\u00f3l. Kutya \u00e1gyak olcs\u00f3n, ak\u00e1r a semmib\u0151l, az \u00fajrahasznos\u00edt\u00e1s \u00e9s persze a kreativit\u00e1s jegy\u00e9ben!<\/strong><!--more-->\r\n\r\n&nbsp;\r\n<h2><strong>Az alapok: lomiz\u00e1s \u00e9s kutat\u00e1s a padl\u00e1son, pinc\u00e9ben<\/strong><\/h2>\r\nNem tudom, mennyire egyedi jelens\u00e9g, de gyerek koromban minden lomtalan\u00edt\u00e1s sor\u00e1n vad\u00e1sztam a r\u00e9gi utaz\u00f3 t\u00e1sk\u00e1kra \u00e9s b\u0151r\u00f6nd\u00f6kre. Ennek k\u00f6sz\u00f6nhet\u0151en &#8211; teljesen ingyen &#8211; m\u00e1ra 7 gy\u00f6ny\u00f6r\u0171 b\u0151r\u00f6nd \u00e9s egy hatalmas l\u00e1da tulajdonosa vagyok. B\u00e1r jelenleg ezek ink\u00e1bb t\u00e1rol\u00e1sra szolg\u00e1lnak, az al\u00e1bbi kuty\u00e1s megold\u00e1sok kisebb test\u0171 \u00e1llat eset\u00e9n egy\u00e9rtelm\u0171en megval\u00f3suln\u00e1nak otthon. Extravag\u00e1ns matracot, \u00e1gybels\u0151t m\u00e9g \u00edgy is vehet\u00fcnk, nem is besz\u00e9lve a bor\u00edt\u00e1sr\u00f3l, a takar\u00f3r\u00f3l. Persze ha k\u00f6lts\u00e9ghat\u00e9konyak akarunk lenne, a fekhely puh\u00e1bb r\u00e9sze is kivitelezhet\u0151 h\u00e1zilag. Arra az\u00e9rt mindenk\u00e9pp figyelj\u00fcnk &#8211; \u00e9s ez minden, az oldalon felsorol\u00e1sra ker\u00fcl\u0151 \u00e1gyra igaz -, mi felel meg a kutya eg\u00e9szs\u00e9gi \u00e1llapot\u00e1nak, kor\u00e1nak, tests\u00faly\u00e1nak. Ha kell, konzult\u00e1ljunk az \u00e1llatorvosunkkal \u00e9s igen, figyelj\u00fcnk az anti-allerg\u00e9n anyagok haszn\u00e1lat\u00e1ra!\r\n\r\nA koffereken k\u00edv\u00fcl egy r\u00e9gi fi\u00f3k, vagy b\u00e1rmilyen l\u00e1da is megfelel\u0151 lehet, persze csak olyan magass\u00e1gig, amit m\u00e9g k\u00e9nyelmesen \u201cmeg tud ugrani\u201d a v\u00e9reb. Mi sem akarn\u00e1nk minden lefekv\u00e9skor atl\u00e9tak\u00e9nt magasugr\u00e1si versenyen r\u00e9szt venni&#8230;\r\n\r\n<img loading=\"lazy\" decoding=\"async\" class=\"alignnone size-large wp-image-6454\" src=\"http:\/\/hir.mediamarkt.hu\/magazin\/wp-content\/uploads\/2018\/08\/03-4.jpg\" alt=\"\" width=\"650\" height=\"408\" srcset=\"https:\/\/hir.mediamarkt.hu\/magazin\/wp-content\/uploads\/2018\/08\/03-4.jpg 650w, https:\/\/hir.mediamarkt.hu\/magazin\/wp-content\/uploads\/2018\/08\/03-4-275x173.jpg 275w, https:\/\/hir.mediamarkt.hu\/magazin\/wp-content\/uploads\/2018\/08\/03-4-300x188.jpg 300w\" sizes=\"(max-width: 650px) 100vw, 650px\" \/>\r\n\r\n<img loading=\"lazy\" decoding=\"async\" class=\"alignnone wp-image-6455\" src=\"http:\/\/hir.mediamarkt.hu\/magazin\/wp-content\/uploads\/2018\/08\/03a-1.jpg\" alt=\"\" width=\"646\" height=\"323\" srcset=\"https:\/\/hir.mediamarkt.hu\/magazin\/wp-content\/uploads\/2018\/08\/03a-1.jpg 554w, https:\/\/hir.mediamarkt.hu\/magazin\/wp-content\/uploads\/2018\/08\/03a-1-275x138.jpg 275w, https:\/\/hir.mediamarkt.hu\/magazin\/wp-content\/uploads\/2018\/08\/03a-1-300x150.jpg 300w\" sizes=\"(max-width: 646px) 100vw, 646px\" \/>\r\n\r\n<img loading=\"lazy\" decoding=\"async\" class=\"alignnone wp-image-6457\" src=\"http:\/\/hir.mediamarkt.hu\/magazin\/wp-content\/uploads\/2018\/08\/04-3.jpg\" alt=\"\" width=\"638\" height=\"319\" srcset=\"https:\/\/hir.mediamarkt.hu\/magazin\/wp-content\/uploads\/2018\/08\/04-3.jpg 768w, https:\/\/hir.mediamarkt.hu\/magazin\/wp-content\/uploads\/2018\/08\/04-3-275x138.jpg 275w, https:\/\/hir.mediamarkt.hu\/magazin\/wp-content\/uploads\/2018\/08\/04-3-300x150.jpg 300w\" sizes=\"(max-width: 638px) 100vw, 638px\" \/>\r\n\r\n<img loading=\"lazy\" decoding=\"async\" class=\"alignnone wp-image-6453\" src=\"http:\/\/hir.mediamarkt.hu\/magazin\/wp-content\/uploads\/2018\/08\/02-3.jpg\" alt=\"\" width=\"637\" height=\"400\" srcset=\"https:\/\/hir.mediamarkt.hu\/magazin\/wp-content\/uploads\/2018\/08\/02-3.jpg 650w, https:\/\/hir.mediamarkt.hu\/magazin\/wp-content\/uploads\/2018\/08\/02-3-275x173.jpg 275w, https:\/\/hir.mediamarkt.hu\/magazin\/wp-content\/uploads\/2018\/08\/02-3-300x188.jpg 300w\" sizes=\"(max-width: 637px) 100vw, 637px\" \/>\r\n\r\n&nbsp;\r\n<h2><strong>Ha m\u00e1r nem kell a gumi\u2026<\/strong><\/h2>\r\nA megunt, elkopott, elhaszn\u00e1l\u00f3dott, m\u00e1ra nem biztons\u00e1gos aut\u00f3 ker\u00e9k kiv\u00e1l\u00f3an megfelelhet kutya \u00e1gynak. B\u00e1r a zsin\u00f3rzat, a bor\u00edt\u00e1s nem lesz k\u00e9t fill\u00e9r, kin\u00e9zet szempontj\u00e1b\u00f3l ez a tal\u00e1n legmen\u0151bb megold\u00e1s mind k\u00f6z\u00fcl.\r\n\r\n<span style=\"font-weight: 400;\">Ha szeretn\u00e9nk r\u00e1ghat\u00f3 fel\u00fcletet is hagyni a kuty\u00e1nak, egyszer\u0171en hagyjuk szabadon az \u00e1gy fels\u0151 perem\u00e9t. Ha fest\u00e9sen gondolkodn\u00e1nk, mindenk\u00e9pp \u00fcgyelj\u00fcnk arra, hogy kapar\u00e1s, r\u00e1gcs\u00e1l\u00e1s eset\u00e9n a fest\u00e9k lepattoghat. \u00c9s h\u00e1t nyilv\u00e1n nem szeretn\u00e9nk megm\u00e9rgezni a felnyalt darabokkal a Bodrit. <\/span>A matrac r\u00e9sz itt is sokf\u00e9le lehet, ahogy minden \u00e1gyn\u00e1l, itt is javasoljuk a k\u00f6nnyen levehet\u0151 \u00e9s moshat\u00f3 huzatot. Ha vatelines t\u00f6m\u00edt\u00e9st k\u00e9sz\u00edt\u00fcnk, \u00e9rdemes az alap-huzat f\u00f6l\u00e9 plusz, diz\u00e1jn huzatot is varrni, v\u00e1s\u00e1rolni. \u00cdgy nem kell mindig bajl\u00f3dni a vatelinnel, mikor tiszt\u00edt\u00e1sra ker\u00fcl a sor.\r\n\r\n<img loading=\"lazy\" decoding=\"async\" class=\"alignnone size-full wp-image-6452\" src=\"http:\/\/hir.mediamarkt.hu\/magazin\/wp-content\/uploads\/2018\/08\/01-3.jpg\" alt=\"\" width=\"600\" height=\"449\" srcset=\"https:\/\/hir.mediamarkt.hu\/magazin\/wp-content\/uploads\/2018\/08\/01-3.jpg 600w, https:\/\/hir.mediamarkt.hu\/magazin\/wp-content\/uploads\/2018\/08\/01-3-275x206.jpg 275w, https:\/\/hir.mediamarkt.hu\/magazin\/wp-content\/uploads\/2018\/08\/01-3-300x225.jpg 300w\" sizes=\"(max-width: 600px) 100vw, 600px\" \/>\r\n\r\n&nbsp;\r\n<h2><strong>A DIY pul\u00f3ver tr\u00fckk<\/strong><\/h2>\r\nA macska s\u00e1torhoz hasonl\u00f3an ez is egy helyes, saj\u00e1t k\u00e9sz\u00edt\u00e9s\u0171 aj\u00e1nd\u00e9k lehet a kedvenc sz\u00e1m\u00e1ra. Kuty\u00e1k eset\u00e9n tal\u00e1n m\u00e9gink\u00e1bb aj\u00e1nlott, hogy a felhaszn\u00e1lt fels\u0151 a mi\u00e9nk legyen. \u00c9s persze viselt szag\u00fa, nem frissen mosott. Szorong\u00f3, szepar\u00e1ci\u00f3s probl\u00e9m\u00e1kkal k\u00fczd\u0151 kuty\u00e1kn\u00e1l ez kifejezetten j\u00f3 megold\u00e1s lehet az egyed\u00fcll\u00e9t tanul\u00e1sa folyam\u00e1n.\r\n\r\n&nbsp;\r\n\r\n<strong>Amire sz\u00fcks\u00e9g\u00fcnk lesz: <\/strong>\r\n\r\n&nbsp;\r\n<ul>\r\n \t<li style=\"padding-left: 30px;\"><em>egy kutya<\/em><\/li>\r\n \t<li style=\"padding-left: 30px;\"><em>egy r\u00e9gi, megunt pul\u00f3ver<\/em><\/li>\r\n \t<li style=\"padding-left: 30px;\"><em>t\u00f6m\u00edt\u0151 anyag (a r\u00f6vid\u00e1ru \u00e1ruh\u00e1zakban k\u00f6nnyed\u00e9n beszerezhet\u0151 vatelin)<\/em><\/li>\r\n \t<li style=\"padding-left: 30px;\"><em>egy megunt p\u00e1rna (a m\u00e9ret itt fontos lehet, illetve ha van r\u00e1 m\u00f3d, \u00e9rdemes profibb eszk\u00f6zt beszerezni, hogy a felhaszn\u00e1l\u00f3 gerince \u00e9s csigoly\u00e1i sok\u00e1ig \u00e9pek maradhassanak)<\/em><\/li>\r\n \t<li style=\"padding-left: 30px;\"><em>nagyobb t\u0171<\/em><\/li>\r\n \t<li style=\"padding-left: 30px;\"><em>varr\u00f3 fon\u00e1l<\/em><\/li>\r\n \t<li style=\"padding-left: 30px;\"><em>oll\u00f3<\/em><\/li>\r\n \t<li style=\"padding-left: 30px;\"><em>egy kis darab kieg\u00e9sz\u00edt\u0151 anyag (sz\u00ednben, st\u00edlus\u00e1ban a pul\u00f3verhez passzol\u00f3)<\/em><\/li>\r\n \t<li style=\"padding-left: 30px;\"><em>norm\u00e1l t\u0171<\/em><\/li>\r\n \t<li style=\"padding-left: 30px;\"><em>c\u00e9rna<\/em><\/li>\r\n<\/ul>\r\n&nbsp;\r\n\r\n<strong>Persze profik <a href=\"http:\/\/www.mediamarkt.hu\/hu\/search.html?query=varrogep&amp;searchProfile=onlineshop&amp;channel=mmhuhu&amp;searchParams=%2FSearch.ff%3Fquery%3Dvarrogep%26filterCategoriesROOT%3DH%25C3%25A1ztart%25C3%25A1si%2Bkisg%25C3%25A9p%25C2%25A7MediaHUhuc504601%26channel%3Dmmhuhu\">varr\u00f3g\u00e9ppel<\/a> is dolgozhatnak! A kiv\u00e1l\u00f3 seg\u00e9deszk\u00f6z bevon\u00e1sa semmit sem von le az \u00e1gy \u00e9rt\u00e9k\u00e9b\u0151l!<\/strong>\r\n\r\n&nbsp;\r\n\r\n<strong>1. l\u00e9p\u00e9s<\/strong>\r\n\r\nFord\u00edtsuk ki a fels\u0151t \u00e9s a k\u00e9pek alapj\u00e1n kezdj\u00fck el \u00f6sszevarrni a megfelel\u0151 r\u00e9szeket. Els\u0151nek a nyakr\u00e9szt varrjuk \u00f6ssze.\r\n\r\n<img loading=\"lazy\" decoding=\"async\" class=\"alignnone size-large wp-image-6460\" src=\"http:\/\/hir.mediamarkt.hu\/magazin\/wp-content\/uploads\/2018\/08\/01-4.jpg\" alt=\"\" width=\"656\" height=\"653\" srcset=\"https:\/\/hir.mediamarkt.hu\/magazin\/wp-content\/uploads\/2018\/08\/01-4.jpg 656w, https:\/\/hir.mediamarkt.hu\/magazin\/wp-content\/uploads\/2018\/08\/01-4-275x274.jpg 275w, https:\/\/hir.mediamarkt.hu\/magazin\/wp-content\/uploads\/2018\/08\/01-4-300x300.jpg 300w, https:\/\/hir.mediamarkt.hu\/magazin\/wp-content\/uploads\/2018\/08\/01-4-150x150.jpg 150w\" sizes=\"(max-width: 656px) 100vw, 656px\" \/>\r\n\r\n&nbsp;\r\n\r\n<strong>2.l\u00e9p\u00e9s<\/strong>\r\n\r\nMajd h\u00f3naljt\u00f3l h\u00f3naljig (plusz egy-k\u00e9t cm) varrjunk a fels\u0151be egy egyenes vonalat. Szab\u00f3kr\u00e9t\u00e1val ak\u00e1r kiv\u00e1lthatjuk a k\u00e9pen l\u00e1tha\u00f3, egyenest jelz\u0151 gombost\u0171ket.\r\n\r\n<img loading=\"lazy\" decoding=\"async\" class=\"alignnone size-full wp-image-6461\" src=\"http:\/\/hir.mediamarkt.hu\/magazin\/wp-content\/uploads\/2018\/08\/02-4.jpg\" alt=\"\" width=\"656\" height=\"653\" srcset=\"https:\/\/hir.mediamarkt.hu\/magazin\/wp-content\/uploads\/2018\/08\/02-4.jpg 656w, https:\/\/hir.mediamarkt.hu\/magazin\/wp-content\/uploads\/2018\/08\/02-4-275x274.jpg 275w, https:\/\/hir.mediamarkt.hu\/magazin\/wp-content\/uploads\/2018\/08\/02-4-300x300.jpg 300w, https:\/\/hir.mediamarkt.hu\/magazin\/wp-content\/uploads\/2018\/08\/02-4-150x150.jpg 150w\" sizes=\"(max-width: 656px) 100vw, 656px\" \/>\r\n\r\n&nbsp;\r\n\r\n<strong>3.l\u00e9p\u00e9s<\/strong>\r\n\r\nFord\u00edtsuk vissza a fels\u0151t \u00e9s varrjuk a pulcsi karjait annak oldal\u00e1hoz. B\u00e1r apr\u00f3s\u00e1g, a k\u00e9ppel ellent\u00e9tben \u00e9rdemes a ruhadarabbal nagyj\u00e1b\u00f3l azonos sz\u00edn\u0171 c\u00e9rn\u00e1t, fonalat haszn\u00e1lni.\r\n\r\n<img loading=\"lazy\" decoding=\"async\" class=\"alignnone size-full wp-image-6462\" src=\"http:\/\/hir.mediamarkt.hu\/magazin\/wp-content\/uploads\/2018\/08\/03-5.jpg\" alt=\"\" width=\"656\" height=\"653\" srcset=\"https:\/\/hir.mediamarkt.hu\/magazin\/wp-content\/uploads\/2018\/08\/03-5.jpg 656w, https:\/\/hir.mediamarkt.hu\/magazin\/wp-content\/uploads\/2018\/08\/03-5-275x274.jpg 275w, https:\/\/hir.mediamarkt.hu\/magazin\/wp-content\/uploads\/2018\/08\/03-5-300x300.jpg 300w, https:\/\/hir.mediamarkt.hu\/magazin\/wp-content\/uploads\/2018\/08\/03-5-150x150.jpg 150w\" sizes=\"(max-width: 656px) 100vw, 656px\" \/>\r\n\r\n&nbsp;\r\n\r\n<strong>4.l\u00e9p\u00e9s<\/strong>\r\n\r\nJ\u00f6het a peremek t\u00f6m\u00edt\u00e9se! Ha akad otthon darabjaira szaggatott pl\u00fcss \u00e1llat, foszl\u00f3 p\u00e1rna bels\u0151, egy rak\u00e1s lyukas nylon harisnya, mind mehet a karokba \u00e9s a lev\u00e1lasztott r\u00e9szbe! De vehet\u00fcnk \u00fajonnan is vatelint vagy egy\u00e9b t\u00f6m\u00edt\u0151 anyagot.\r\n\r\n<img loading=\"lazy\" decoding=\"async\" class=\"alignnone size-full wp-image-6463\" src=\"http:\/\/hir.mediamarkt.hu\/magazin\/wp-content\/uploads\/2018\/08\/04-4.jpg\" alt=\"\" width=\"656\" height=\"653\" srcset=\"https:\/\/hir.mediamarkt.hu\/magazin\/wp-content\/uploads\/2018\/08\/04-4.jpg 656w, https:\/\/hir.mediamarkt.hu\/magazin\/wp-content\/uploads\/2018\/08\/04-4-275x274.jpg 275w, https:\/\/hir.mediamarkt.hu\/magazin\/wp-content\/uploads\/2018\/08\/04-4-300x300.jpg 300w, https:\/\/hir.mediamarkt.hu\/magazin\/wp-content\/uploads\/2018\/08\/04-4-150x150.jpg 150w\" sizes=\"(max-width: 656px) 100vw, 656px\" \/>\r\n\r\n&nbsp;\r\n\r\n<strong>5.l\u00e9p\u00e9s<\/strong>\r\n\r\nHelyezz\u00fck be a \u201cf\u0151\u201d p\u00e1rn\u00e1t a pul\u00f3verbe, majd varrjuk \u00f6ssze a pul\u00f3ver als\u00f3, der\u00e9k szakaszi r\u00e9sz\u00e9t. Nyilv\u00e1n el\u0151zetes m\u00e9r\u00e9sekkel, a fels\u0151 m\u00e9ret\u00e9t\u0151l f\u00fcgg\u0151en itt lehetnek elt\u00e9r\u00e9sek. Egy nagyobb, XL-es f\u00e9rfi pulcsiba ak\u00e1r egy klasszikus kisp\u00e1rna is bef\u00e9r. A k\u00e9pen l\u00e1that\u00f3, n\u00e9gyzet alak\u00fa egy kisebb d\u00edszp\u00e1rn\u00e1nak t\u0171nik. \u00c9s ahogy eml\u00edtett\u00fck, profibb, ak\u00e1r mem\u00f3ria habos szivacsokat is beszerezhet\u00fcnk. A l\u00e9nyeg, m\u00e9rj\u00fcnk! Az sem baj, ha ov\u00e1lis lesz a fekhely, vagy ha plusz anyagot kell betoldani a v\u00e9gs\u0151 perem-illeszt\u00e9sn\u00e9l. A f\u0151, hogy a kuty\u00e1nak j\u00f3 legyen!\r\n\r\n<img loading=\"lazy\" decoding=\"async\" class=\"alignnone size-full wp-image-6464\" src=\"http:\/\/hir.mediamarkt.hu\/magazin\/wp-content\/uploads\/2018\/08\/05-2.jpg\" alt=\"\" width=\"656\" height=\"653\" srcset=\"https:\/\/hir.mediamarkt.hu\/magazin\/wp-content\/uploads\/2018\/08\/05-2.jpg 656w, https:\/\/hir.mediamarkt.hu\/magazin\/wp-content\/uploads\/2018\/08\/05-2-275x274.jpg 275w, https:\/\/hir.mediamarkt.hu\/magazin\/wp-content\/uploads\/2018\/08\/05-2-300x300.jpg 300w, https:\/\/hir.mediamarkt.hu\/magazin\/wp-content\/uploads\/2018\/08\/05-2-150x150.jpg 150w\" sizes=\"(max-width: 656px) 100vw, 656px\" \/> <img loading=\"lazy\" decoding=\"async\" class=\"alignnone size-full wp-image-6465\" src=\"http:\/\/hir.mediamarkt.hu\/magazin\/wp-content\/uploads\/2018\/08\/05a-1.jpg\" alt=\"\" width=\"656\" height=\"653\" srcset=\"https:\/\/hir.mediamarkt.hu\/magazin\/wp-content\/uploads\/2018\/08\/05a-1.jpg 656w, https:\/\/hir.mediamarkt.hu\/magazin\/wp-content\/uploads\/2018\/08\/05a-1-275x274.jpg 275w, https:\/\/hir.mediamarkt.hu\/magazin\/wp-content\/uploads\/2018\/08\/05a-1-300x300.jpg 300w, https:\/\/hir.mediamarkt.hu\/magazin\/wp-content\/uploads\/2018\/08\/05a-1-150x150.jpg 150w\" sizes=\"(max-width: 656px) 100vw, 656px\" \/>\r\n\r\n&nbsp;\r\n\r\n<strong>6.l\u00e9p\u00e9s<\/strong>\r\n\r\nVarrjuk \u00f6ssze a fels\u0151 ujjait. \u00cdzl\u00e9s szerint ak\u00e1r plusz r\u00e1t\u00e9tet is illeszthet\u00fcnk a perem befejez\u0151 szakasz\u00e1ra. Vesz\u00e9lyes vegyianyag mentes foly\u00e9kony ragaszt\u00f3val \u00e9s ragaszt\u00f3 pisztollyal is dolgozhatunk \u00e9s persze d\u00edsz\u00edthetj\u00fck is az \u00e1gyat. A gombot, a kisebb t\u00e1rgyakat nem aj\u00e1nljuk, hiszen ler\u00e1g\u00e1s eset\u00e9n egy rossz mozdulat ut\u00e1n fullad\u00e1shoz vezethet. De egy nagyobb masni &#8211; vagy apa megunt csokornyakkend\u0151je! &#8211; j\u00f3l mutathat az \u00e1gyon, m\u00e1r ha passzol a kutya szem\u00e9lyis\u00e9g\u00e9hez.\r\n\r\n<span style=\"font-weight: 400;\">Ha egy nat\u00far, feh\u00e9r anyagdarabot v\u00e1lasztunk a lez\u00e1r\u00e1s elfed\u00e9s\u00e9hez, textil filccel vagy felvasalhat\u00f3 mint\u00e1kkal, bet\u0171kkel ak\u00e1r a tulajdonos nev\u00e9t is megjelen\u00edthetj\u00fck a fekhelyen!<\/span>\r\n\r\n<img loading=\"lazy\" decoding=\"async\" class=\"alignnone wp-image-6466\" src=\"http:\/\/hir.mediamarkt.hu\/magazin\/wp-content\/uploads\/2018\/08\/05b.jpg\" alt=\"\" width=\"656\" height=\"653\" srcset=\"https:\/\/hir.mediamarkt.hu\/magazin\/wp-content\/uploads\/2018\/08\/05b.jpg 800w, https:\/\/hir.mediamarkt.hu\/magazin\/wp-content\/uploads\/2018\/08\/05b-275x274.jpg 275w, https:\/\/hir.mediamarkt.hu\/magazin\/wp-content\/uploads\/2018\/08\/05b-300x300.jpg 300w, https:\/\/hir.mediamarkt.hu\/magazin\/wp-content\/uploads\/2018\/08\/05b-768x764.jpg 768w, https:\/\/hir.mediamarkt.hu\/magazin\/wp-content\/uploads\/2018\/08\/05b-150x150.jpg 150w\" sizes=\"(max-width: 656px) 100vw, 656px\" \/> <img loading=\"lazy\" decoding=\"async\" class=\"alignnone size-full wp-image-6467\" src=\"http:\/\/hir.mediamarkt.hu\/magazin\/wp-content\/uploads\/2018\/08\/06-3.jpg\" alt=\"\" width=\"656\" height=\"653\" srcset=\"https:\/\/hir.mediamarkt.hu\/magazin\/wp-content\/uploads\/2018\/08\/06-3.jpg 656w, https:\/\/hir.mediamarkt.hu\/magazin\/wp-content\/uploads\/2018\/08\/06-3-275x274.jpg 275w, https:\/\/hir.mediamarkt.hu\/magazin\/wp-content\/uploads\/2018\/08\/06-3-300x300.jpg 300w, https:\/\/hir.mediamarkt.hu\/magazin\/wp-content\/uploads\/2018\/08\/06-3-150x150.jpg 150w\" sizes=\"(max-width: 656px) 100vw, 656px\" \/>\r\n\r\n&nbsp;\r\n\r\n<strong>7.l\u00e9p\u00e9s<\/strong>\r\n\r\nAdjuk \u00e1t az \u00e1gyat az \u00faj tulajdonos\u00e1nak \u00e9s n\u00e9zz\u00fck a fetreng\u00e9st!\r\n\r\n<img loading=\"lazy\" decoding=\"async\" class=\"alignnone size-full wp-image-6468\" src=\"http:\/\/hir.mediamarkt.hu\/magazin\/wp-content\/uploads\/2018\/08\/06a.jpg\" alt=\"\" width=\"656\" height=\"653\" srcset=\"https:\/\/hir.mediamarkt.hu\/magazin\/wp-content\/uploads\/2018\/08\/06a.jpg 656w, https:\/\/hir.mediamarkt.hu\/magazin\/wp-content\/uploads\/2018\/08\/06a-275x274.jpg 275w, https:\/\/hir.mediamarkt.hu\/magazin\/wp-content\/uploads\/2018\/08\/06a-300x300.jpg 300w, https:\/\/hir.mediamarkt.hu\/magazin\/wp-content\/uploads\/2018\/08\/06a-150x150.jpg 150w\" sizes=\"(max-width: 656px) 100vw, 656px\" \/>\r\n\r\n<img loading=\"lazy\" decoding=\"async\" class=\"alignnone size-full wp-image-6469\" src=\"http:\/\/hir.mediamarkt.hu\/magazin\/wp-content\/uploads\/2018\/08\/07-2.jpg\" alt=\"\" width=\"594\" height=\"751\" srcset=\"https:\/\/hir.mediamarkt.hu\/magazin\/wp-content\/uploads\/2018\/08\/07-2.jpg 594w, https:\/\/hir.mediamarkt.hu\/magazin\/wp-content\/uploads\/2018\/08\/07-2-275x348.jpg 275w, https:\/\/hir.mediamarkt.hu\/magazin\/wp-content\/uploads\/2018\/08\/07-2-237x300.jpg 237w\" sizes=\"(max-width: 594px) 100vw, 594px\" \/>\r\n\r\n<span style=\"font-weight: 400;\">Forr\u00e1s: <\/span><a href=\"https:\/\/www.handimania.com\/diy\/sweatshirt-pet-bed.html\"><span style=\"font-weight: 400;\">handymania.com<\/span><\/a>\r\n\r\n&nbsp;\r\n<h2><strong>Egy hasonl\u00f3 \u00e1gy kivitelez\u00e9se vide\u00f3n <a href=\"https:\/\/www.youtube.com\/watch?v=GupRDFz9e-Q\">itt<\/a> n\u00e9zhet\u0151 meg. Tov\u00e1bbi inspir\u00e1l\u00f3 k\u00e9pek\u00e9rt pedig csak lejjebb kell g\u00f6rgetni. Nos, indulhat a <a href=\"http:\/\/www.mediamarkt.hu\/hu\/category\/_bark%C3%A1cs-kert-676049.html\">bark\u00e1csol\u00e1s<\/a>, szab\u00e1s-varr\u00e1s?<\/strong><\/h2>\r\n<img loading=\"lazy\" decoding=\"async\" class=\"alignnone wp-image-6458\" src=\"http:\/\/hir.mediamarkt.hu\/magazin\/wp-content\/uploads\/2018\/08\/06-2.jpg\" alt=\"\" width=\"681\" height=\"511\" srcset=\"https:\/\/hir.mediamarkt.hu\/magazin\/wp-content\/uploads\/2018\/08\/06-2.jpg 480w, https:\/\/hir.mediamarkt.hu\/magazin\/wp-content\/uploads\/2018\/08\/06-2-275x206.jpg 275w, https:\/\/hir.mediamarkt.hu\/magazin\/wp-content\/uploads\/2018\/08\/06-2-300x225.jpg 300w\" sizes=\"(max-width: 681px) 100vw, 681px\" \/>\r\n\r\n<img loading=\"lazy\" decoding=\"async\" class=\"alignnone size-large wp-image-6470\" src=\"http:\/\/hir.mediamarkt.hu\/magazin\/wp-content\/uploads\/2018\/08\/Diy-Dog-Bed-Ideas-34-683x1024.jpg\" alt=\"\" width=\"683\" height=\"1024\" srcset=\"https:\/\/hir.mediamarkt.hu\/magazin\/wp-content\/uploads\/2018\/08\/Diy-Dog-Bed-Ideas-34-683x1024.jpg 683w, https:\/\/hir.mediamarkt.hu\/magazin\/wp-content\/uploads\/2018\/08\/Diy-Dog-Bed-Ideas-34-275x413.jpg 275w, https:\/\/hir.mediamarkt.hu\/magazin\/wp-content\/uploads\/2018\/08\/Diy-Dog-Bed-Ideas-34-200x300.jpg 200w, https:\/\/hir.mediamarkt.hu\/magazin\/wp-content\/uploads\/2018\/08\/Diy-Dog-Bed-Ideas-34-768x1152.jpg 768w, https:\/\/hir.mediamarkt.hu\/magazin\/wp-content\/uploads\/2018\/08\/Diy-Dog-Bed-Ideas-34.jpg 800w\" sizes=\"(max-width: 683px) 100vw, 683px\" \/> <img loading=\"lazy\" decoding=\"async\" class=\"alignnone wp-image-6471\" src=\"http:\/\/hir.mediamarkt.hu\/magazin\/wp-content\/uploads\/2018\/08\/DIY-Farmhouse-Dog-Bed-1024x768-1024x768.jpg\" alt=\"\" width=\"683\" height=\"512\" srcset=\"https:\/\/hir.mediamarkt.hu\/magazin\/wp-content\/uploads\/2018\/08\/DIY-Farmhouse-Dog-Bed-1024x768.jpg 1024w, https:\/\/hir.mediamarkt.hu\/magazin\/wp-content\/uploads\/2018\/08\/DIY-Farmhouse-Dog-Bed-1024x768-275x206.jpg 275w, https:\/\/hir.mediamarkt.hu\/magazin\/wp-content\/uploads\/2018\/08\/DIY-Farmhouse-Dog-Bed-1024x768-300x225.jpg 300w, https:\/\/hir.mediamarkt.hu\/magazin\/wp-content\/uploads\/2018\/08\/DIY-Farmhouse-Dog-Bed-1024x768-768x576.jpg 768w\" sizes=\"(max-width: 683px) 100vw, 683px\" \/> <img loading=\"lazy\" decoding=\"async\" class=\"alignnone wp-image-6472\" src=\"http:\/\/hir.mediamarkt.hu\/magazin\/wp-content\/uploads\/2018\/08\/DIY-Wooden-Custom-Dog-Bed-14.jpg\" alt=\"\" width=\"682\" height=\"422\" srcset=\"https:\/\/hir.mediamarkt.hu\/magazin\/wp-content\/uploads\/2018\/08\/DIY-Wooden-Custom-Dog-Bed-14.jpg 950w, https:\/\/hir.mediamarkt.hu\/magazin\/wp-content\/uploads\/2018\/08\/DIY-Wooden-Custom-Dog-Bed-14-275x170.jpg 275w, https:\/\/hir.mediamarkt.hu\/magazin\/wp-content\/uploads\/2018\/08\/DIY-Wooden-Custom-Dog-Bed-14-300x186.jpg 300w, https:\/\/hir.mediamarkt.hu\/magazin\/wp-content\/uploads\/2018\/08\/DIY-Wooden-Custom-Dog-Bed-14-768x475.jpg 768w\" sizes=\"(max-width: 682px) 100vw, 682px\" \/> <img loading=\"lazy\" decoding=\"async\" class=\"alignnone wp-image-6473\" src=\"http:\/\/hir.mediamarkt.hu\/magazin\/wp-content\/uploads\/2018\/08\/farmhouse-style-dog-bed-e1509954784422.jpg\" alt=\"\" width=\"684\" height=\"430\" srcset=\"https:\/\/hir.mediamarkt.hu\/magazin\/wp-content\/uploads\/2018\/08\/farmhouse-style-dog-bed-e1509954784422.jpg 700w, https:\/\/hir.mediamarkt.hu\/magazin\/wp-content\/uploads\/2018\/08\/farmhouse-style-dog-bed-e1509954784422-275x173.jpg 275w, https:\/\/hir.mediamarkt.hu\/magazin\/wp-content\/uploads\/2018\/08\/farmhouse-style-dog-bed-e1509954784422-300x189.jpg 300w\" sizes=\"(max-width: 684px) 100vw, 684px\" \/>\r\n\r\n<img loading=\"lazy\" decoding=\"async\" class=\"alignnone wp-image-6475\" src=\"http:\/\/hir.mediamarkt.hu\/magazin\/wp-content\/uploads\/2018\/08\/eski-cekmeceden-kedi-kopek-yatagi-1.png\" alt=\"\" width=\"683\" height=\"511\" srcset=\"https:\/\/hir.mediamarkt.hu\/magazin\/wp-content\/uploads\/2018\/08\/eski-cekmeceden-kedi-kopek-yatagi-1.png 650w, https:\/\/hir.mediamarkt.hu\/magazin\/wp-content\/uploads\/2018\/08\/eski-cekmeceden-kedi-kopek-yatagi-1-275x206.png 275w, https:\/\/hir.mediamarkt.hu\/magazin\/wp-content\/uploads\/2018\/08\/eski-cekmeceden-kedi-kopek-yatagi-1-300x224.png 300w\" sizes=\"(max-width: 683px) 100vw, 683px\" \/>\r\n\r\nForr\u00e1s: <a href=\"https:\/\/homebnc.com\/best-diy-pet-bed-ideas\/\">homebnc.com<\/a>","protected":false},"excerpt":{"rendered":"Miut\u00e1n s\u00e1torlak\u00f3v\u00e1 tett\u00fcnk n\u00e9h\u00e1ny n\u00e9gyl\u00e1b\u00fat (kirekeszt\u00e9s n\u00e9lk\u00fcl, a macsk\u00e1kon fel\u00fcl ak\u00e1r \u00f6lebek, vagy b\u00e1rmely, m\u00e9ret\u00fckben erre alkalmas l\u00e9nyek is haszn\u00e1lhatj\u00e1k a h\u00e1zi k\u00e9sz\u00edt\u00e9s\u0171 tipit!), itt az ideje, hogy az ember legh\u0171s\u00e9gesebb t\u00e1rsainak is kijusson a j\u00f3b\u00f3l. Kutya \u00e1gyak olcs\u00f3n, ak\u00e1r a semmib\u0151l, az \u00fajrahasznos\u00edt\u00e1s \u00e9s persze a kreativit\u00e1s jegy\u00e9ben!","protected":false},"author":13,"featured_media":6476,"comment_status":"open","ping_status":"open","sticky":false,"template":"","format":"standard","meta":{"wprm-recipe-roundup-name":"","wprm-recipe-roundup-description":"","footnotes":""},"categories":[5961],"tags":[2380,616,1429,2657,706,2694,2607,2693,2618,2540,944,2127,2173,2691,2381,2692,2689,2690],"yoast_head":"<!-- This site is optimized with the Yoast SEO plugin v22.9 - https:\/\/yoast.com\/wordpress\/plugins\/seo\/ -->\n<title>Nem lenne fair, ha csak macsk\u00e1knak k\u00e9sz\u00edten\u00e9nk b\u00fatort. J\u00f6jj\u00f6n n\u00e9h\u00e1ny DIY kutya\u00e1gy! - MediaMarkt Magazin<\/title>\n<meta name=\"robots\" content=\"index, follow, max-snippet:-1, max-image-preview:large, max-video-preview:-1\" \/>\n<link rel=\"canonical\" href=\"https:\/\/hir.mediamarkt.hu\/magazin\/nem-lenne-fair-ha-csak-macskaknak-keszitenenk-butort-jojjon-nehany-diy-kutyaagy\/\" \/>\n<meta property=\"og:locale\" content=\"hu_HU\" \/>\n<meta property=\"og:type\" content=\"article\" \/>\n<meta property=\"og:title\" content=\"Nem lenne fair, ha csak macsk\u00e1knak k\u00e9sz\u00edten\u00e9nk b\u00fatort. J\u00f6jj\u00f6n n\u00e9h\u00e1ny DIY kutya\u00e1gy! - MediaMarkt Magazin\" \/>\n<meta property=\"og:description\" content=\"Miut\u00e1n s\u00e1torlak\u00f3v\u00e1 tett\u00fcnk n\u00e9h\u00e1ny n\u00e9gyl\u00e1b\u00fat (kirekeszt\u00e9s n\u00e9lk\u00fcl, a macsk\u00e1kon fel\u00fcl ak\u00e1r \u00f6lebek, vagy b\u00e1rmely, m\u00e9ret\u00fckben erre alkalmas l\u00e9nyek is haszn\u00e1lhatj\u00e1k a h\u00e1zi k\u00e9sz\u00edt\u00e9s\u0171 tipit!), itt az ideje, hogy az ember legh\u0171s\u00e9gesebb t\u00e1rsainak is kijusson a j\u00f3b\u00f3l. Kutya \u00e1gyak olcs\u00f3n, ak\u00e1r a semmib\u0151l, az \u00fajrahasznos\u00edt\u00e1s \u00e9s persze a kreativit\u00e1s jegy\u00e9ben!\" \/>\n<meta property=\"og:url\" content=\"https:\/\/hir.mediamarkt.hu\/magazin\/nem-lenne-fair-ha-csak-macskaknak-keszitenenk-butort-jojjon-nehany-diy-kutyaagy\/\" \/>\n<meta property=\"og:site_name\" content=\"MediaMarkt Magazin\" \/>\n<meta property=\"article:publisher\" content=\"https:\/\/www.facebook.com\/MediaMarktMagyarorszag\" \/>\n<meta property=\"article:published_time\" content=\"2018-08-20T06:55:43+00:00\" \/>\n<meta property=\"article:modified_time\" content=\"2018-08-24T14:55:56+00:00\" \/>\n<meta property=\"og:image\" content=\"https:\/\/hir.mediamarkt.hu\/magazin\/wp-content\/uploads\/2018\/08\/00-6.jpg\" \/>\n\t<meta property=\"og:image:width\" content=\"650\" \/>\n\t<meta property=\"og:image:height\" content=\"408\" \/>\n\t<meta property=\"og:image:type\" content=\"image\/jpeg\" \/>\n<meta name=\"author\" content=\"Media Markt\" \/>\n<meta name=\"twitter:label1\" content=\"Szerz\u0151:\" \/>\n\t<meta name=\"twitter:data1\" content=\"Media Markt\" \/>\n\t<meta name=\"twitter:label2\" content=\"Becs\u00fclt olvas\u00e1si id\u0151\" \/>\n\t<meta name=\"twitter:data2\" content=\"6 perc\" \/>\n<script type=\"application\/ld+json\" class=\"yoast-schema-graph\">{\"@context\":\"https:\/\/schema.org\",\"@graph\":[{\"@type\":\"WebPage\",\"@id\":\"https:\/\/hir.mediamarkt.hu\/magazin\/nem-lenne-fair-ha-csak-macskaknak-keszitenenk-butort-jojjon-nehany-diy-kutyaagy\/\",\"url\":\"https:\/\/hir.mediamarkt.hu\/magazin\/nem-lenne-fair-ha-csak-macskaknak-keszitenenk-butort-jojjon-nehany-diy-kutyaagy\/\",\"name\":\"Nem lenne fair, ha csak macsk\u00e1knak k\u00e9sz\u00edten\u00e9nk b\u00fatort. J\u00f6jj\u00f6n n\u00e9h\u00e1ny DIY kutya\u00e1gy! - MediaMarkt Magazin\",\"isPartOf\":{\"@id\":\"https:\/\/hir.mediamarkt.hu\/magazin\/#website\"},\"primaryImageOfPage\":{\"@id\":\"https:\/\/hir.mediamarkt.hu\/magazin\/nem-lenne-fair-ha-csak-macskaknak-keszitenenk-butort-jojjon-nehany-diy-kutyaagy\/#primaryimage\"},\"image\":{\"@id\":\"https:\/\/hir.mediamarkt.hu\/magazin\/nem-lenne-fair-ha-csak-macskaknak-keszitenenk-butort-jojjon-nehany-diy-kutyaagy\/#primaryimage\"},\"thumbnailUrl\":\"https:\/\/hir.mediamarkt.hu\/magazin\/wp-content\/uploads\/2018\/08\/00-6.jpg\",\"datePublished\":\"2018-08-20T06:55:43+00:00\",\"dateModified\":\"2018-08-24T14:55:56+00:00\",\"author\":{\"@id\":\"https:\/\/hir.mediamarkt.hu\/magazin\/#\/schema\/person\/b93b02ec1ab4d2353f8d281e171c1b0b\"},\"breadcrumb\":{\"@id\":\"https:\/\/hir.mediamarkt.hu\/magazin\/nem-lenne-fair-ha-csak-macskaknak-keszitenenk-butort-jojjon-nehany-diy-kutyaagy\/#breadcrumb\"},\"inLanguage\":\"hu\",\"potentialAction\":[{\"@type\":\"ReadAction\",\"target\":[\"https:\/\/hir.mediamarkt.hu\/magazin\/nem-lenne-fair-ha-csak-macskaknak-keszitenenk-butort-jojjon-nehany-diy-kutyaagy\/\"]}]},{\"@type\":\"ImageObject\",\"inLanguage\":\"hu\",\"@id\":\"https:\/\/hir.mediamarkt.hu\/magazin\/nem-lenne-fair-ha-csak-macskaknak-keszitenenk-butort-jojjon-nehany-diy-kutyaagy\/#primaryimage\",\"url\":\"https:\/\/hir.mediamarkt.hu\/magazin\/wp-content\/uploads\/2018\/08\/00-6.jpg\",\"contentUrl\":\"https:\/\/hir.mediamarkt.hu\/magazin\/wp-content\/uploads\/2018\/08\/00-6.jpg\",\"width\":650,\"height\":408},{\"@type\":\"BreadcrumbList\",\"@id\":\"https:\/\/hir.mediamarkt.hu\/magazin\/nem-lenne-fair-ha-csak-macskaknak-keszitenenk-butort-jojjon-nehany-diy-kutyaagy\/#breadcrumb\",\"itemListElement\":[{\"@type\":\"ListItem\",\"position\":1,\"name\":\"Kezd\u0151lap\",\"item\":\"https:\/\/hir.mediamarkt.hu\/magazin\/\"},{\"@type\":\"ListItem\",\"position\":2,\"name\":\"Nem lenne fair, ha csak macsk\u00e1knak k\u00e9sz\u00edten\u00e9nk b\u00fatort. J\u00f6jj\u00f6n n\u00e9h\u00e1ny DIY kutya\u00e1gy!\"}]},{\"@type\":\"WebSite\",\"@id\":\"https:\/\/hir.mediamarkt.hu\/magazin\/#website\",\"url\":\"https:\/\/hir.mediamarkt.hu\/magazin\/\",\"name\":\"MediaMarkt Magazin\",\"description\":\"Olvass bele magazinunkba!\",\"potentialAction\":[{\"@type\":\"SearchAction\",\"target\":{\"@type\":\"EntryPoint\",\"urlTemplate\":\"https:\/\/hir.mediamarkt.hu\/magazin\/?s={search_term_string}\"},\"query-input\":\"required name=search_term_string\"}],\"inLanguage\":\"hu\"},{\"@type\":\"Person\",\"@id\":\"https:\/\/hir.mediamarkt.hu\/magazin\/#\/schema\/person\/b93b02ec1ab4d2353f8d281e171c1b0b\",\"name\":\"Media Markt\",\"image\":{\"@type\":\"ImageObject\",\"inLanguage\":\"hu\",\"@id\":\"https:\/\/hir.mediamarkt.hu\/magazin\/#\/schema\/person\/image\/\",\"url\":\"https:\/\/secure.gravatar.com\/avatar\/602bccae8998beee472d01909f0978f1?s=96&d=mm&r=g\",\"contentUrl\":\"https:\/\/secure.gravatar.com\/avatar\/602bccae8998beee472d01909f0978f1?s=96&d=mm&r=g\",\"caption\":\"Media Markt\"}}]}<\/script>\n<!-- \/ Yoast SEO plugin. -->","yoast_head_json":{"title":"Nem lenne fair, ha csak macsk\u00e1knak k\u00e9sz\u00edten\u00e9nk b\u00fatort. J\u00f6jj\u00f6n n\u00e9h\u00e1ny DIY kutya\u00e1gy! - MediaMarkt Magazin","robots":{"index":"index","follow":"follow","max-snippet":"max-snippet:-1","max-image-preview":"max-image-preview:large","max-video-preview":"max-video-preview:-1"},"canonical":"https:\/\/hir.mediamarkt.hu\/magazin\/nem-lenne-fair-ha-csak-macskaknak-keszitenenk-butort-jojjon-nehany-diy-kutyaagy\/","og_locale":"hu_HU","og_type":"article","og_title":"Nem lenne fair, ha csak macsk\u00e1knak k\u00e9sz\u00edten\u00e9nk b\u00fatort. J\u00f6jj\u00f6n n\u00e9h\u00e1ny DIY kutya\u00e1gy! - MediaMarkt Magazin","og_description":"Miut\u00e1n s\u00e1torlak\u00f3v\u00e1 tett\u00fcnk n\u00e9h\u00e1ny n\u00e9gyl\u00e1b\u00fat (kirekeszt\u00e9s n\u00e9lk\u00fcl, a macsk\u00e1kon fel\u00fcl ak\u00e1r \u00f6lebek, vagy b\u00e1rmely, m\u00e9ret\u00fckben erre alkalmas l\u00e9nyek is haszn\u00e1lhatj\u00e1k a h\u00e1zi k\u00e9sz\u00edt\u00e9s\u0171 tipit!), itt az ideje, hogy az ember legh\u0171s\u00e9gesebb t\u00e1rsainak is kijusson a j\u00f3b\u00f3l. Kutya \u00e1gyak olcs\u00f3n, ak\u00e1r a semmib\u0151l, az \u00fajrahasznos\u00edt\u00e1s \u00e9s persze a kreativit\u00e1s jegy\u00e9ben!","og_url":"https:\/\/hir.mediamarkt.hu\/magazin\/nem-lenne-fair-ha-csak-macskaknak-keszitenenk-butort-jojjon-nehany-diy-kutyaagy\/","og_site_name":"MediaMarkt Magazin","article_publisher":"https:\/\/www.facebook.com\/MediaMarktMagyarorszag","article_published_time":"2018-08-20T06:55:43+00:00","article_modified_time":"2018-08-24T14:55:56+00:00","og_image":[{"width":650,"height":408,"url":"https:\/\/hir.mediamarkt.hu\/magazin\/wp-content\/uploads\/2018\/08\/00-6.jpg","type":"image\/jpeg"}],"author":"Media Markt","twitter_misc":{"Szerz\u0151:":"Media Markt","Becs\u00fclt olvas\u00e1si id\u0151":"6 perc"},"schema":{"@context":"https:\/\/schema.org","@graph":[{"@type":"WebPage","@id":"https:\/\/hir.mediamarkt.hu\/magazin\/nem-lenne-fair-ha-csak-macskaknak-keszitenenk-butort-jojjon-nehany-diy-kutyaagy\/","url":"https:\/\/hir.mediamarkt.hu\/magazin\/nem-lenne-fair-ha-csak-macskaknak-keszitenenk-butort-jojjon-nehany-diy-kutyaagy\/","name":"Nem lenne fair, ha csak macsk\u00e1knak k\u00e9sz\u00edten\u00e9nk b\u00fatort. J\u00f6jj\u00f6n n\u00e9h\u00e1ny DIY kutya\u00e1gy! - MediaMarkt Magazin","isPartOf":{"@id":"https:\/\/hir.mediamarkt.hu\/magazin\/#website"},"primaryImageOfPage":{"@id":"https:\/\/hir.mediamarkt.hu\/magazin\/nem-lenne-fair-ha-csak-macskaknak-keszitenenk-butort-jojjon-nehany-diy-kutyaagy\/#primaryimage"},"image":{"@id":"https:\/\/hir.mediamarkt.hu\/magazin\/nem-lenne-fair-ha-csak-macskaknak-keszitenenk-butort-jojjon-nehany-diy-kutyaagy\/#primaryimage"},"thumbnailUrl":"https:\/\/hir.mediamarkt.hu\/magazin\/wp-content\/uploads\/2018\/08\/00-6.jpg","datePublished":"2018-08-20T06:55:43+00:00","dateModified":"2018-08-24T14:55:56+00:00","author":{"@id":"https:\/\/hir.mediamarkt.hu\/magazin\/#\/schema\/person\/b93b02ec1ab4d2353f8d281e171c1b0b"},"breadcrumb":{"@id":"https:\/\/hir.mediamarkt.hu\/magazin\/nem-lenne-fair-ha-csak-macskaknak-keszitenenk-butort-jojjon-nehany-diy-kutyaagy\/#breadcrumb"},"inLanguage":"hu","potentialAction":[{"@type":"ReadAction","target":["https:\/\/hir.mediamarkt.hu\/magazin\/nem-lenne-fair-ha-csak-macskaknak-keszitenenk-butort-jojjon-nehany-diy-kutyaagy\/"]}]},{"@type":"ImageObject","inLanguage":"hu","@id":"https:\/\/hir.mediamarkt.hu\/magazin\/nem-lenne-fair-ha-csak-macskaknak-keszitenenk-butort-jojjon-nehany-diy-kutyaagy\/#primaryimage","url":"https:\/\/hir.mediamarkt.hu\/magazin\/wp-content\/uploads\/2018\/08\/00-6.jpg","contentUrl":"https:\/\/hir.mediamarkt.hu\/magazin\/wp-content\/uploads\/2018\/08\/00-6.jpg","width":650,"height":408},{"@type":"BreadcrumbList","@id":"https:\/\/hir.mediamarkt.hu\/magazin\/nem-lenne-fair-ha-csak-macskaknak-keszitenenk-butort-jojjon-nehany-diy-kutyaagy\/#breadcrumb","itemListElement":[{"@type":"ListItem","position":1,"name":"Kezd\u0151lap","item":"https:\/\/hir.mediamarkt.hu\/magazin\/"},{"@type":"ListItem","position":2,"name":"Nem lenne fair, ha csak macsk\u00e1knak k\u00e9sz\u00edten\u00e9nk b\u00fatort. J\u00f6jj\u00f6n n\u00e9h\u00e1ny DIY kutya\u00e1gy!"}]},{"@type":"WebSite","@id":"https:\/\/hir.mediamarkt.hu\/magazin\/#website","url":"https:\/\/hir.mediamarkt.hu\/magazin\/","name":"MediaMarkt Magazin","description":"Olvass bele magazinunkba!","potentialAction":[{"@type":"SearchAction","target":{"@type":"EntryPoint","urlTemplate":"https:\/\/hir.mediamarkt.hu\/magazin\/?s={search_term_string}"},"query-input":"required name=search_term_string"}],"inLanguage":"hu"},{"@type":"Person","@id":"https:\/\/hir.mediamarkt.hu\/magazin\/#\/schema\/person\/b93b02ec1ab4d2353f8d281e171c1b0b","name":"Media Markt","image":{"@type":"ImageObject","inLanguage":"hu","@id":"https:\/\/hir.mediamarkt.hu\/magazin\/#\/schema\/person\/image\/","url":"https:\/\/secure.gravatar.com\/avatar\/602bccae8998beee472d01909f0978f1?s=96&d=mm&r=g","contentUrl":"https:\/\/secure.gravatar.com\/avatar\/602bccae8998beee472d01909f0978f1?s=96&d=mm&r=g","caption":"Media Markt"}}]}},"_links":{"self":[{"href":"https:\/\/hir.mediamarkt.hu\/magazin\/wp-json\/wp\/v2\/posts\/6450"}],"collection":[{"href":"https:\/\/hir.mediamarkt.hu\/magazin\/wp-json\/wp\/v2\/posts"}],"about":[{"href":"https:\/\/hir.mediamarkt.hu\/magazin\/wp-json\/wp\/v2\/types\/post"}],"author":[{"embeddable":true,"href":"https:\/\/hir.mediamarkt.hu\/magazin\/wp-json\/wp\/v2\/users\/13"}],"replies":[{"embeddable":true,"href":"https:\/\/hir.mediamarkt.hu\/magazin\/wp-json\/wp\/v2\/comments?post=6450"}],"version-history":[{"count":4,"href":"https:\/\/hir.mediamarkt.hu\/magazin\/wp-json\/wp\/v2\/posts\/6450\/revisions"}],"predecessor-version":[{"id":6499,"href":"https:\/\/hir.mediamarkt.hu\/magazin\/wp-json\/wp\/v2\/posts\/6450\/revisions\/6499"}],"wp:featuredmedia":[{"embeddable":true,"href":"https:\/\/hir.mediamarkt.hu\/magazin\/wp-json\/wp\/v2\/media\/6476"}],"wp:attachment":[{"href":"https:\/\/hir.mediamarkt.hu\/magazin\/wp-json\/wp\/v2\/media?parent=6450"}],"wp:term":[{"taxonomy":"category","embeddable":true,"href":"https:\/\/hir.mediamarkt.hu\/magazin\/wp-json\/wp\/v2\/categories?post=6450"},{"taxonomy":"post_tag","embeddable":true,"href":"https:\/\/hir.mediamarkt.hu\/magazin\/wp-json\/wp\/v2\/tags?post=6450"}],"curies":[{"name":"wp","href":"https:\/\/api.w.org\/{rel}","templated":true}]}}