{"id":6480,"date":"2018-08-22T07:55:37","date_gmt":"2018-08-22T06:55:37","guid":{"rendered":"http:\/\/hir.mediamarkt.hu\/magazin\/?p=6480"},"modified":"2018-08-27T14:02:09","modified_gmt":"2018-08-27T13:02:09","slug":"az-iskolakezdes-margojara-gondolatok-az-olvasasrol-es-annak-egeto-hianyarol","status":"publish","type":"post","link":"https:\/\/hir.mediamarkt.hu\/magazin\/az-iskolakezdes-margojara-gondolatok-az-olvasasrol-es-annak-egeto-hianyarol\/","title":{"rendered":"Az iskolakezd\u00e9s marg\u00f3j\u00e1ra: gondolatok az olvas\u00e1sr\u00f3l \u00e9s annak \u00e9get\u0151 hi\u00e1ny\u00e1r\u00f3l"},"content":{"rendered":"<strong>K\u00f6zel egy \u00e9ve <a href=\"http:\/\/hir.mediamarkt.hu\/magazin\/olvasni-szexi-170-grammba-minden-tudast-felhalmozni-extrem-szexi\/\" target=\"_blank\">\u00e1tfog\u00f3 cikket \u00edrtunk a PocketBook e-k\u00f6nyv olvas\u00f3r\u00f3l<\/a>. Akkor m\u00e1r kiemelt\u00fck (nem, nem kiz\u00e1r\u00f3lag csak a saj\u00e1t v\u00e9lem\u00e9ny\u00fcnk alapj\u00e1n), hogy az olvas\u00e1s \u00e9s \u00fagy \u00e1ltal\u00e1ban v\u00e9ve a t\u00e1j\u00e9koz\u00f3d\u00e1s, a tud\u00e1s bizony szexi. De mit tegy\u00fcnk, ha a gyerek &#8211; vagy \u00e9pp mi magunk &#8211; nem b\u00edrunk koncentr\u00e1lni? Hogyan fogjuk meg a fiatalabbak figyelm\u00e9t? Egy\u00e1ltal\u00e1n, van m\u00e9g rem\u00e9ny a teljes elh\u00fcly\u00fcl\u00e9ssel szemben? Vagy lehet, minden rendben, csak a tipikus, \u201cr\u00e9gen minden jobb volt\u201d elve kapcsol be automatikusan egy bizonyos kor felett? Gondolkodjunk kicsit egy\u00fctt magunkr\u00f3l, nevel\u00e9sr\u0151l, ut\u00f3korr\u00f3l\u2026<\/strong>\r\n<!--more-->\r\n\r\n&nbsp;\r\n<h2><strong>Ki a hib\u00e1s, ha a gyerek nem akar olvasni?<\/strong><\/h2>\r\nEgy alapvet\u0151, k\u00f6zk\u00e9zen forg\u00f3 k\u00e9rd\u00e9s. Szeret mindenki m\u00e1sra mutogatni. A pedag\u00f3gusok a sz\u00fcl\u0151kre, a sz\u00fcl\u0151k meg persze a tan\u00e1rokra. Esetleg mind egy\u00fctt a gyerekekre. Nos, b\u00e1r a jelens\u00e9g \u00f6sszetett, egy biztos:\r\n\r\n&nbsp;\r\n<h2 style=\"padding-left: 30px;\"><strong>ha \u00fagy n\u0151 fel egy gyerek, hogy sosem olvastak otthon neki, nem lesz a bet\u0171k bar\u00e1tja.<\/strong><\/h2>\r\n&nbsp;\r\n\r\n<span style=\"font-weight: 400;\">A k\u00f6z\u00f6s k\u00f6nyv lapozgat\u00e1st\u00f3l a lass\u00fa, egy\u00fctt v\u00e9gzett bet\u0171zget\u00e9sen \u00e1t a m\u00e1r komolyabb egy\u00fctt olvas\u00e1sokig sok-sok zseni\u00e1lis \u00e9lm\u00e9ny\u00fcnk lehet a gyerek\u00fcnkkel. Persze ehhez <strong>id\u0151 \u00e9s energia is kell.<\/strong> Ha mindenki rohan, hogy \u00f6nmegval\u00f3s\u00edtson, p\u00e9nzt keressen, \u00f6sszerakja a h\u00e1ztart\u00e1st \u00e9s \u00e9letben tartson minden \u00e9l\u0151l\u00e9nyt maga k\u00f6r\u00fcl, neh\u00e9z az ilyen apr\u00f3, de ann\u00e1l fontosabb r\u00e9szletekre koncentr\u00e1lni. Nyilv\u00e1n egy csonka csal\u00e1dban, vagy ahol extr\u00e9m neh\u00e9z helyzettel \u00e1ll szemben egy, vagy ak\u00e1r mindk\u00e9t sz\u00fcl\u0151 (kr\u00f3nikus betegs\u00e9g, neh\u00e9z anyagi k\u00f6r\u00fclm\u00e9nyek, ab\u00fazus stb.), nem az olvas\u00e1s lesz a legfontosabb t\u00e9ma. Jelen esetben maradjunk az \u201c\u00e1tlag\u201d magyar csal\u00e1dn\u00e1l, ak\u00e1r csonka, ak\u00e1r nem.<\/span>\r\n\r\n<img loading=\"lazy\" decoding=\"async\" class=\"alignnone size-large wp-image-6489\" src=\"http:\/\/hir.mediamarkt.hu\/magazin\/wp-content\/uploads\/2018\/08\/07-1024x682.jpeg\" alt=\"\" width=\"1024\" height=\"682\" srcset=\"https:\/\/hir.mediamarkt.hu\/magazin\/wp-content\/uploads\/2018\/08\/07-1024x682.jpeg 1024w, https:\/\/hir.mediamarkt.hu\/magazin\/wp-content\/uploads\/2018\/08\/07-275x183.jpeg 275w, https:\/\/hir.mediamarkt.hu\/magazin\/wp-content\/uploads\/2018\/08\/07-300x200.jpeg 300w, https:\/\/hir.mediamarkt.hu\/magazin\/wp-content\/uploads\/2018\/08\/07-768x512.jpeg 768w, https:\/\/hir.mediamarkt.hu\/magazin\/wp-content\/uploads\/2018\/08\/07.jpeg 1440w\" sizes=\"(max-width: 1024px) 100vw, 1024px\" \/>\r\n\r\n\u00c9n magam pl. apa n\u00e9lk\u00fcl n\u0151ttem fel, egy meglehet\u0151sen \u201ck\u00f6nyvmoly\u201d anya t\u00edpussal. Aki nem \u00e1tallott minden este egy kicsit j\u00e1tszani velem, majd diavet\u00edt\u0151zni (hopp, h\u00e1t m\u00e1r az is olvas\u00e1s!), majd m\u00e9g mes\u00e9lni is nekem. B\u00e1r a mesekazett\u00e1k komoly szerepet t\u00f6lt\u00f6ttek be a gyerekkoromban (rajong\u00e1sig szerettem egy-k\u00e9t mesej\u00e1t\u00e9kot), <strong>a k\u00f6nyvek forgat\u00e1sa pont olyan term\u00e9szetes volt, mint az, hogy vacsor\u00e1zunk vagy mondjuk f\u00fcrd\u00fcnk.<\/strong>\r\n\r\n<span style=\"font-weight: 400;\">Hogy mi\u00e9rt alakult ki bennem 4 \u00e9vesen m\u00e1r az \u00e9rdekl\u0151d\u00e9s a bet\u0171k ir\u00e1nt, nem tudom. Itt az\u00e9rt komoly egy\u00e9ni elt\u00e9r\u00e9sek lehetnek. F\u0151leg egy esetleg fel nem fedezett hall\u00e1si- vagy l\u00e1t\u00e1si zavar, esetleg figyelemzavar eset\u00e9n. <\/span><strong>Egy biztos, mindig r\u00e1b\u00f6ktem a nagy kezd\u0151bet\u0171kre (tudj\u00e1k, azokra a cir\u00e1d\u00e1sokra egy-egy fejezet kezdet\u00e9n) \u00e9s megk\u00e9rdeztem, ez melyik? Any\u00e1m meg t\u00fcrelmesen megmondta.<\/strong> Azt\u00e1n m\u00e1r \u00e9rdekeltek a kisebb bet\u0171k is \u00e9s puszt\u00e1n \u00edgy vizu\u00e1lisan befalva \u0151ket, egyszer\u0171en megtanultam olvasni. 5 \u00e9vesen \u00edgy m\u00e1r k\u00e9pes voltam ak\u00e1r \u00f6nmagamat is elsz\u00f3rakoztatni egy-egy k\u00f6nyvvel, igaz, az nem hasonl\u00edtott az \u00f6sszeb\u00faj\u00f3s mes\u00e9l\u00e9sekhez&#8230;\r\n\r\n<span style=\"font-weight: 400;\">Az iskol\u00e1ban azt\u00e1n k\u00fcl\u00f6n \u00fcltem, sz\u00f6veg\u00e9rt\u00e9si feladatokat v\u00e9geztem, am\u00edg a t\u00f6bbiek megtanultak a bet\u0171kkel b\u00e1nni. Kifejezetten kellemes \u00e9lm\u00e9nyk\u00e9nt eml\u00e9kszem erre, semmi negat\u00edv felhangja nem volt a dolognak: a t\u00f6bbiek a koruknak megfelel\u0151en, sz\u00e9pen haladtak, \u00e9n meg ahelyett, hogy unatkoztam volna, elsz\u00f3rakoztam a r\u00f6videbb-hosszabb sz\u00f6vegekkel. Azt\u00e1n a tud\u00e1s \u00f6ssze\u00e9rt \u00e9s vissza\u00fcltem el\u0151re. <\/span><strong>Eml\u00e9kszem, mennyire meglepett, hogy egy-egy \u00e1ltal\u00e1nos iskol\u00e1s oszt\u00e1lyt\u00e1rsamnak milyen komoly neh\u00e9zs\u00e9geket okozott a hangos olvas\u00e1s.<\/strong> Azt\u00e1n feln\u0151tt fejjel azzal szembes\u00fcltem, hogy tv m\u0171sorok szerepl\u0151i alig tudnak kibet\u0171zni egy-egy sz\u00f6veget. Valahogy\r\n<h2 style=\"padding-left: 30px;\"><strong>azt hittem, az olvas\u00e1s mindenkinek pont olyan k\u00f6nny\u0171 \u00e9s sz\u00f3rakoztat\u00f3, mint nekem.\u00a0<\/strong><\/h2>\r\n<span style=\"font-weight: 400;\">Az felt\u0171nt, hogy nem mindenki rajongott a k\u00f6telez\u0151 olvasm\u00e1nyok\u00e9rt (h\u00e1t m\u00e9g az olvas\u00f3 napl\u00f3k\u00e9rt), de gondoltam, hogy \u00e1h, f\u0151leg a fi\u00fak l\u00e1zadnak, az meg term\u00e9szetes. Meg h\u00e1t ugye \u201ck\u00f6telez\u0151\u201d a dolog, \u00fagyhogy sokakat zavar az elv\u00e1r\u00e1s, az er\u0151ltet\u00e9s.<\/span>\r\n\r\n<img loading=\"lazy\" decoding=\"async\" class=\"alignnone size-full wp-image-6481\" src=\"http:\/\/hir.mediamarkt.hu\/magazin\/wp-content\/uploads\/2018\/08\/00.jpeg\" alt=\"\" width=\"528\" height=\"350\" srcset=\"https:\/\/hir.mediamarkt.hu\/magazin\/wp-content\/uploads\/2018\/08\/00.jpeg 528w, https:\/\/hir.mediamarkt.hu\/magazin\/wp-content\/uploads\/2018\/08\/00-275x182.jpeg 275w, https:\/\/hir.mediamarkt.hu\/magazin\/wp-content\/uploads\/2018\/08\/00-300x199.jpeg 300w\" sizes=\"(max-width: 528px) 100vw, 528px\" \/>\r\n\r\nSz\u00f3val valahogy mindig faltam a k\u00f6nyveket \u00e9s fel sem t\u0171nt, ezzel egy eg\u00e9szen apr\u00f3 kisebbs\u00e9ghez tartozom. Amikor kiker\u00fcltem a k\u00f6z\u00e9piskol\u00e1b\u00f3l, a b\u00f6lcs\u00e9szkaron <strong>eg\u00e9szen megr\u00e1z\u00f3 \u00e9lm\u00e9ny volt, mennyire nem olvasnak a leend\u0151 tan\u00e1rok.<\/strong> Mindez 2001 k\u00f6rny\u00e9k\u00e9n volt, sz\u00f3val m\u00e9g nem mer\u00fclt\u00fcnk el ennyire a k\u00f6z\u00f6ss\u00e9gi oldalak, internetes kih\u00edv\u00e1sok \u00e9s youtuberek vil\u00e1g\u00e1ban. Elvileg az a gener\u00e1ci\u00f3 m\u00e9g k\u00e9pes volt figyelni \u00e9s pap\u00edr alap\u00fa jegyzetekb\u0151l, k\u00f6nyvekb\u0151l tanulni.\u00a0<span style=\"font-weight: 400;\">A k\u00f6telez\u0151n fel\u00fcl r\u00e1ad\u00e1sul <strong>\u00fagy gondoltam, egy j\u00f6vend\u0151beli pedag\u00f3gusnak MUSZ\u00c1J lenne olvasnia, \u00e9rdekl\u0151dnie a vil\u00e1g \u00e9s a kult\u00fara ir\u00e1nt.<\/strong> A keser\u0171 tapasztalatok azt\u00e1n teljesen m\u00e1s ir\u00e1nyba tereltek. <\/span>\r\n\r\nNekem szerencs\u00e9m volt, az irodalomhoz minden iskolat\u00edpusban meghozt\u00e1k a kedvem, \u00edgy az, amit otthonr\u00f3l hoztam, tov\u00e1bb fejl\u0151d\u00f6tt, kamatozott. Tulajdonk\u00e9ppen j\u00f3 befektet\u00e9s volt, hiszen a szavakb\u00f3l \u00e9lek. \u00cdrni pedig nem az tud, aki \u00fajs\u00e1g\u00edr\u00f3 iskol\u00e1ba vagy hasonl\u00f3 kurzusokra j\u00e1r. Hanem aki olvas.\r\n\r\n<strong>A tud\u00e1sszomj gyerekkorban &#8211; ism\u00e9t tekints\u00fcnk el a speci\u00e1lis, \u00f6sszetettebb esetekt\u0151l &#8211; eg\u00e9szen elk\u00e9peszt\u0151.<\/strong> Mi\u00e9rt fosztan\u00e1nk meg a gyerek\u00fcnket att\u00f3l, hogy a j\u00f6v\u0151je nyitottabb, nagyobb perspekt\u00edv\u00e1n mozogjon?\r\n<h2 style=\"padding-left: 30px;\"><strong>Az otthoni mes\u00e9l\u00e9s, felolvas\u00e1s, a k\u00f6nyvek szeretete, egy\u00e1ltal\u00e1n az elm\u00e9ly\u00fclt figyelem \u201cgyakorl\u00e1sa\u201d \u00e9rt\u00e9k.<\/strong><\/h2>\r\nKonkr\u00e9tan egy <strong>olyan befektet\u00e9s, ami sokszorosan megt\u00e9r\u00fclhet majd a feln\u0151tt korban.\u00a0<\/strong><span style=\"font-weight: 400;\"><strong>R\u00e1ad\u00e1sul vesz\u00e9lytelen. \u00c9s nem foszt meg semmit\u0151l.<\/strong> Mert egy, a k\u00f6nyveket, a tud\u00e1st szeret\u0151 gyerek m\u00e9g lehet balerina \u00e9s rend\u0151r \u00e9s asztalos. Egy funkcion\u00e1lis analfab\u00e9ta viszont j\u00f3 es\u00e9llyel nem lehet orvos vagy jog\u00e1sz vagy pedag\u00f3gus. De tal\u00e1n m\u00e9g j\u00f3 \u00fczletember sem. (Persze ha anyu, apu megveszi neki a c\u00e9get, a karriert, az megint m\u00e1s.)<\/span>\r\n\r\nM\u00e9g a ma olyan n\u00e9pszer\u0171, gyors meggazdagod\u00e1shoz is kell \u00e9sz, m\u00e1r ha tart\u00f3s eredm\u00e9nyt akarunk. Az olvas\u00e1s pedig mindennek a legstabilabb alapja. <strong>A bet\u0171k, a sz\u00e1mok, a kognit\u00edv \u00e9s logikus k\u00e9pess\u00e9gek fejleszt\u00e9se pont annyira fontos, mint a test \u00e9s a l\u00e9lek karbantart\u00e1sa.<\/strong> Ahhoz, hogy egy gyerek a legjobbat kapja t\u0151l\u00fcnk, nem a leg\u00fajabb k\u00fcty\u00fc, a legdiz\u00e1jnosabb g\u00f6nc, a legexkluz\u00edvabb nyaral\u00e1s kell. Hanem\r\n<h2 style=\"padding-left: 30px;\"><strong>a min\u0151s\u00e9gi egy\u00fctt t\u00f6lt\u00f6tt id\u0151.<\/strong><\/h2>\r\n<img loading=\"lazy\" decoding=\"async\" class=\"alignnone size-large wp-image-6487\" src=\"http:\/\/hir.mediamarkt.hu\/magazin\/wp-content\/uploads\/2018\/08\/05-768x1024.jpeg\" alt=\"\" width=\"768\" height=\"1024\" srcset=\"https:\/\/hir.mediamarkt.hu\/magazin\/wp-content\/uploads\/2018\/08\/05-768x1024.jpeg 768w, https:\/\/hir.mediamarkt.hu\/magazin\/wp-content\/uploads\/2018\/08\/05-275x367.jpeg 275w, https:\/\/hir.mediamarkt.hu\/magazin\/wp-content\/uploads\/2018\/08\/05-225x300.jpeg 225w, https:\/\/hir.mediamarkt.hu\/magazin\/wp-content\/uploads\/2018\/08\/05.jpeg 975w\" sizes=\"(max-width: 768px) 100vw, 768px\" \/>\r\n\r\n<strong>A legkisebb korban ennek az alapja a mes\u00e9l\u00e9s. Ami, ha szok\u00e1ss\u00e1 v\u00e1lik, mindig biztos, megnyugtat\u00f3 pont lehet, k\u00e9s\u0151bb pedig az \u00f6n\u00e1ll\u00f3v\u00e1 v\u00e1l\u00e1s ut\u00e1n a sz\u00fcl\u0151k szabadidej\u00e9nek z\u00e1loga is. <\/strong>\r\n\r\nPersze odaadhatjuk m\u00e1r a totyog\u00f3snak a tabletet, hiszen att\u00f3l csendben lesz. De ha az \u00f6l\u00fcnkbe vonjuk, ha valamivel t\u00f6bbsz\u00f6r odafigyel\u00fcnk r\u00e1, nem csak hallgatni fog, hanem fejl\u0151dni is. <strong>Neh\u00e9z a XXI. sz\u00e1zadban sz\u00fcl\u0151k\u00e9nt minden fronton helyt\u00e1llni:<\/strong> a munkahelyen, a p\u00e1rkapcsolatban, a gyerek pedag\u00f3gusai el\u0151tt, a v\u00e9d\u0151n\u0151 \u00e9s a gyerekorvos el\u0151tt, a k\u00f6z\u00f6ss\u00e9gi oldalak minta anyuk\u00e1i el\u0151tt. Nem \u00e1ll\u00edtjuk, hogy a min\u0151s\u00e9gi v\u00e1llal\u00e1s k\u00f6nny\u0171. \u00c9s nem is \u00edt\u00e9lj\u00fck el azokat, akiknek m\u00e1r egyszer\u0171en nincs ereje ilyesmire. Ott van erre az eg\u00e9sz vil\u00e1g, amely jelenleg minden fronton \u00edt\u00e9lkezik: online \u00e9s offline egyar\u00e1nt.\r\n\r\n<span style=\"font-weight: 400;\">De ha van id\u0151 meg\u00e1llni, elgondolkodni azon, <strong>vajon mi a fontosabb, az, hogy rend legyen a lak\u00e1sban (\u00e9s akkor az any\u00f3s nem sz\u00f3l meg a h\u00e9tv\u00e9gi raporton), vagy az, hogy f\u00e9l \u00f3ra elm\u00e9ly\u00fclt csendet, szeretetet tapasztalok meg a gyereke(i)mmel, tal\u00e1n mind tudni fogjuk, hogyan d\u00f6nts\u00fcnk.<\/strong><\/span>\r\n<h2 style=\"padding-left: 30px;\"><strong>Az olvas\u00e1s els\u0151sorban vel\u00fcnk, sz\u00fcl\u0151kkel kezd\u0151dik.<\/strong><\/h2>\r\nA terep nem egyszer\u0171, a figyelem elforg\u00e1csol\u00f3d\u00e1s soha ilyen m\u00e9rt\u00e9k\u0171 nem volt m\u00e9g. De meg tudjuk csin\u00e1lni. Magunk\u00e9rt, meg \u00e9rt\u00fck is. <strong>A gondolkod\u00e1s \u00e9s tanul\u00e1s szabads\u00e1g\u00e1t &#8211; ez\u00e1ltal pedig egy nyitottabb j\u00f6v\u0151t &#8211; ugyanis anyagi helyzett\u0151l f\u00fcggetlen\u00fcl mind meg tudjuk adni a gyerekeinknek. H\u00e1t mi m\u00e1s lenne jobb hozom\u00e1ny, \u00f6r\u00f6ks\u00e9g enn\u00e9l?<\/strong>\r\n\r\n<img loading=\"lazy\" decoding=\"async\" class=\"alignnone size-full wp-image-6483\" src=\"http:\/\/hir.mediamarkt.hu\/magazin\/wp-content\/uploads\/2018\/08\/02.jpeg\" alt=\"\" width=\"525\" height=\"350\" srcset=\"https:\/\/hir.mediamarkt.hu\/magazin\/wp-content\/uploads\/2018\/08\/02.jpeg 525w, https:\/\/hir.mediamarkt.hu\/magazin\/wp-content\/uploads\/2018\/08\/02-275x183.jpeg 275w, https:\/\/hir.mediamarkt.hu\/magazin\/wp-content\/uploads\/2018\/08\/02-300x200.jpeg 300w\" sizes=\"(max-width: 525px) 100vw, 525px\" \/>\r\n<h2>A MediaMarkt fontosnak tartja a feln\u00f6v\u0151, gondolkod\u00f3 nemzed\u00e9k sors\u00e1t.<a href=\"http:\/\/www.mediamarkt.hu\/hu\/category\/_k%C3%B6nyv-648012.html\" target=\"_blank\">1659 lapoz\u00f3, foglalkoztat\u00f3f\u00fczet, k\u00f6nyv, atlasz \u00e9s egy\u00e9b irodalomhoz, tudom\u00e1nyhoz, kultur\u00e1hoz kapcsol\u00f3d\u00f3, olvashat\u00f3 term\u00e9k<\/a> v\u00e1rja az \u00e9rdekl\u0151d\u0151ket. Emellett jelenleg <a href=\"http:\/\/www.mediamarkt.hu\/hu\/search.html?searchParams=%2FSearch.ff%3Fquery%3Debook%2Bolvaso%26filterCategoriesROOT%3DSz%25C3%25A1m%25C3%25ADt%25C3%25A1stechnika%2B%2526%2BIroda%25C2%25A7MediaHUhuc504818%26filterTabbedCategory%3Donlineshop%26filteravailability%3D1%26channel%3Dmmhuhu%26productsPerPage%3D25%26followSearch%3D9810&amp;searchProfile=onlineshop&amp;query=ebook+olvaso&amp;sort=price&amp;page=&amp;sourceRef=INVALID\" target=\"_blank\">27 k\u00fcl\u00f6nb\u00f6z\u0151 ebook olvas\u00f3<\/a> is megtal\u00e1lhat\u00f3 az \u00e1ruh\u00e1z k\u00edn\u00e1lat\u00e1ban. Kinek mi a k\u00e9nyelmesebb?<\/h2>\r\n<img loading=\"lazy\" decoding=\"async\" class=\"alignnone size-full wp-image-6486\" src=\"http:\/\/hir.mediamarkt.hu\/magazin\/wp-content\/uploads\/2018\/08\/04a.jpeg\" alt=\"\" width=\"527\" height=\"350\" srcset=\"https:\/\/hir.mediamarkt.hu\/magazin\/wp-content\/uploads\/2018\/08\/04a.jpeg 527w, https:\/\/hir.mediamarkt.hu\/magazin\/wp-content\/uploads\/2018\/08\/04a-275x183.jpeg 275w, https:\/\/hir.mediamarkt.hu\/magazin\/wp-content\/uploads\/2018\/08\/04a-300x199.jpeg 300w\" sizes=\"(max-width: 527px) 100vw, 527px\" \/>\r\n\r\n<img loading=\"lazy\" decoding=\"async\" class=\"alignnone size-full wp-image-6482\" src=\"http:\/\/hir.mediamarkt.hu\/magazin\/wp-content\/uploads\/2018\/08\/01.jpeg\" alt=\"\" width=\"525\" height=\"350\" srcset=\"https:\/\/hir.mediamarkt.hu\/magazin\/wp-content\/uploads\/2018\/08\/01.jpeg 525w, https:\/\/hir.mediamarkt.hu\/magazin\/wp-content\/uploads\/2018\/08\/01-275x183.jpeg 275w, https:\/\/hir.mediamarkt.hu\/magazin\/wp-content\/uploads\/2018\/08\/01-300x200.jpeg 300w\" sizes=\"(max-width: 525px) 100vw, 525px\" \/>","protected":false},"excerpt":{"rendered":"K\u00f6zel egy \u00e9ve \u00e1tfog\u00f3 cikket \u00edrtunk a PocketBook e-k\u00f6nyv olvas\u00f3r\u00f3l. Akkor m\u00e1r kiemelt\u00fck (nem, nem kiz\u00e1r\u00f3lag csak a saj\u00e1t v\u00e9lem\u00e9ny\u00fcnk alapj\u00e1n), hogy az olvas\u00e1s \u00e9s \u00fagy \u00e1ltal\u00e1ban v\u00e9ve a t\u00e1j\u00e9koz\u00f3d\u00e1s, a tud\u00e1s bizony szexi. De mit tegy\u00fcnk, ha a gyerek &#8211; vagy \u00e9pp mi magunk &#8211; nem b\u00edrunk koncentr\u00e1lni? Hogyan fogjuk meg a fiatalabbak figyelm\u00e9t? Egy\u00e1ltal\u00e1n, van m\u00e9g rem\u00e9ny a teljes elh\u00fcly\u00fcl\u00e9ssel szemben? Vagy lehet, minden rendben, csak a tipikus, \u201cr\u00e9gen minden jobb volt\u201d elve kapcsol be automatikusan egy bizonyos kor felett? Gondolkodjunk kicsit egy\u00fctt magunkr\u00f3l, nevel\u00e9sr\u0151l, ut\u00f3korr\u00f3l\u2026","protected":false},"author":13,"featured_media":6485,"comment_status":"open","ping_status":"open","sticky":false,"template":"","format":"standard","meta":{"wprm-recipe-roundup-name":"","wprm-recipe-roundup-description":"","footnotes":""},"categories":[5975],"tags":[2492,2696,2679,2200,1416,2168,2695,2697,2701,514,2702,1143,2700,2703,2169,2127,2173,2699,2624,2619,2698],"yoast_head":"<!-- This site is optimized with the Yoast SEO plugin v22.9 - https:\/\/yoast.com\/wordpress\/plugins\/seo\/ -->\n<title>Az iskolakezd\u00e9s marg\u00f3j\u00e1ra: gondolatok az olvas\u00e1sr\u00f3l \u00e9s annak \u00e9get\u0151 hi\u00e1ny\u00e1r\u00f3l - MediaMarkt Magazin<\/title>\n<meta name=\"robots\" content=\"index, follow, max-snippet:-1, max-image-preview:large, max-video-preview:-1\" \/>\n<link rel=\"canonical\" href=\"https:\/\/hir.mediamarkt.hu\/magazin\/az-iskolakezdes-margojara-gondolatok-az-olvasasrol-es-annak-egeto-hianyarol\/\" \/>\n<meta property=\"og:locale\" content=\"hu_HU\" \/>\n<meta property=\"og:type\" content=\"article\" \/>\n<meta property=\"og:title\" content=\"Az iskolakezd\u00e9s marg\u00f3j\u00e1ra: gondolatok az olvas\u00e1sr\u00f3l \u00e9s annak \u00e9get\u0151 hi\u00e1ny\u00e1r\u00f3l - MediaMarkt Magazin\" \/>\n<meta property=\"og:description\" content=\"K\u00f6zel egy \u00e9ve \u00e1tfog\u00f3 cikket \u00edrtunk a PocketBook e-k\u00f6nyv olvas\u00f3r\u00f3l. Akkor m\u00e1r kiemelt\u00fck (nem, nem kiz\u00e1r\u00f3lag csak a saj\u00e1t v\u00e9lem\u00e9ny\u00fcnk alapj\u00e1n), hogy az olvas\u00e1s \u00e9s \u00fagy \u00e1ltal\u00e1ban v\u00e9ve a t\u00e1j\u00e9koz\u00f3d\u00e1s, a tud\u00e1s bizony szexi. De mit tegy\u00fcnk, ha a gyerek &#8211; vagy \u00e9pp mi magunk &#8211; nem b\u00edrunk koncentr\u00e1lni? Hogyan fogjuk meg a fiatalabbak figyelm\u00e9t? Egy\u00e1ltal\u00e1n, van m\u00e9g rem\u00e9ny a teljes elh\u00fcly\u00fcl\u00e9ssel szemben? Vagy lehet, minden rendben, csak a tipikus, \u201cr\u00e9gen minden jobb volt\u201d elve kapcsol be automatikusan egy bizonyos kor felett? Gondolkodjunk kicsit egy\u00fctt magunkr\u00f3l, nevel\u00e9sr\u0151l, ut\u00f3korr\u00f3l\u2026\" \/>\n<meta property=\"og:url\" content=\"https:\/\/hir.mediamarkt.hu\/magazin\/az-iskolakezdes-margojara-gondolatok-az-olvasasrol-es-annak-egeto-hianyarol\/\" \/>\n<meta property=\"og:site_name\" content=\"MediaMarkt Magazin\" \/>\n<meta property=\"article:publisher\" content=\"https:\/\/www.facebook.com\/MediaMarktMagyarorszag\" \/>\n<meta property=\"article:published_time\" content=\"2018-08-22T06:55:37+00:00\" \/>\n<meta property=\"article:modified_time\" content=\"2018-08-27T13:02:09+00:00\" \/>\n<meta property=\"og:image\" content=\"https:\/\/hir.mediamarkt.hu\/magazin\/wp-content\/uploads\/2018\/08\/04.jpeg\" \/>\n\t<meta property=\"og:image:width\" content=\"525\" \/>\n\t<meta property=\"og:image:height\" content=\"350\" \/>\n\t<meta property=\"og:image:type\" content=\"image\/jpeg\" \/>\n<meta name=\"author\" content=\"Media Markt\" \/>\n<meta name=\"twitter:label1\" content=\"Szerz\u0151:\" \/>\n\t<meta name=\"twitter:data1\" content=\"Media Markt\" \/>\n\t<meta name=\"twitter:label2\" content=\"Becs\u00fclt olvas\u00e1si id\u0151\" \/>\n\t<meta name=\"twitter:data2\" content=\"8 perc\" \/>\n<script type=\"application\/ld+json\" class=\"yoast-schema-graph\">{\"@context\":\"https:\/\/schema.org\",\"@graph\":[{\"@type\":\"WebPage\",\"@id\":\"https:\/\/hir.mediamarkt.hu\/magazin\/az-iskolakezdes-margojara-gondolatok-az-olvasasrol-es-annak-egeto-hianyarol\/\",\"url\":\"https:\/\/hir.mediamarkt.hu\/magazin\/az-iskolakezdes-margojara-gondolatok-az-olvasasrol-es-annak-egeto-hianyarol\/\",\"name\":\"Az iskolakezd\u00e9s marg\u00f3j\u00e1ra: gondolatok az olvas\u00e1sr\u00f3l \u00e9s annak \u00e9get\u0151 hi\u00e1ny\u00e1r\u00f3l - MediaMarkt Magazin\",\"isPartOf\":{\"@id\":\"https:\/\/hir.mediamarkt.hu\/magazin\/#website\"},\"primaryImageOfPage\":{\"@id\":\"https:\/\/hir.mediamarkt.hu\/magazin\/az-iskolakezdes-margojara-gondolatok-az-olvasasrol-es-annak-egeto-hianyarol\/#primaryimage\"},\"image\":{\"@id\":\"https:\/\/hir.mediamarkt.hu\/magazin\/az-iskolakezdes-margojara-gondolatok-az-olvasasrol-es-annak-egeto-hianyarol\/#primaryimage\"},\"thumbnailUrl\":\"https:\/\/hir.mediamarkt.hu\/magazin\/wp-content\/uploads\/2018\/08\/04.jpeg\",\"datePublished\":\"2018-08-22T06:55:37+00:00\",\"dateModified\":\"2018-08-27T13:02:09+00:00\",\"author\":{\"@id\":\"https:\/\/hir.mediamarkt.hu\/magazin\/#\/schema\/person\/b93b02ec1ab4d2353f8d281e171c1b0b\"},\"breadcrumb\":{\"@id\":\"https:\/\/hir.mediamarkt.hu\/magazin\/az-iskolakezdes-margojara-gondolatok-az-olvasasrol-es-annak-egeto-hianyarol\/#breadcrumb\"},\"inLanguage\":\"hu\",\"potentialAction\":[{\"@type\":\"ReadAction\",\"target\":[\"https:\/\/hir.mediamarkt.hu\/magazin\/az-iskolakezdes-margojara-gondolatok-az-olvasasrol-es-annak-egeto-hianyarol\/\"]}]},{\"@type\":\"ImageObject\",\"inLanguage\":\"hu\",\"@id\":\"https:\/\/hir.mediamarkt.hu\/magazin\/az-iskolakezdes-margojara-gondolatok-az-olvasasrol-es-annak-egeto-hianyarol\/#primaryimage\",\"url\":\"https:\/\/hir.mediamarkt.hu\/magazin\/wp-content\/uploads\/2018\/08\/04.jpeg\",\"contentUrl\":\"https:\/\/hir.mediamarkt.hu\/magazin\/wp-content\/uploads\/2018\/08\/04.jpeg\",\"width\":525,\"height\":350},{\"@type\":\"BreadcrumbList\",\"@id\":\"https:\/\/hir.mediamarkt.hu\/magazin\/az-iskolakezdes-margojara-gondolatok-az-olvasasrol-es-annak-egeto-hianyarol\/#breadcrumb\",\"itemListElement\":[{\"@type\":\"ListItem\",\"position\":1,\"name\":\"Kezd\u0151lap\",\"item\":\"https:\/\/hir.mediamarkt.hu\/magazin\/\"},{\"@type\":\"ListItem\",\"position\":2,\"name\":\"Az iskolakezd\u00e9s marg\u00f3j\u00e1ra: gondolatok az olvas\u00e1sr\u00f3l \u00e9s annak \u00e9get\u0151 hi\u00e1ny\u00e1r\u00f3l\"}]},{\"@type\":\"WebSite\",\"@id\":\"https:\/\/hir.mediamarkt.hu\/magazin\/#website\",\"url\":\"https:\/\/hir.mediamarkt.hu\/magazin\/\",\"name\":\"MediaMarkt Magazin\",\"description\":\"Olvass bele magazinunkba!\",\"potentialAction\":[{\"@type\":\"SearchAction\",\"target\":{\"@type\":\"EntryPoint\",\"urlTemplate\":\"https:\/\/hir.mediamarkt.hu\/magazin\/?s={search_term_string}\"},\"query-input\":\"required name=search_term_string\"}],\"inLanguage\":\"hu\"},{\"@type\":\"Person\",\"@id\":\"https:\/\/hir.mediamarkt.hu\/magazin\/#\/schema\/person\/b93b02ec1ab4d2353f8d281e171c1b0b\",\"name\":\"Media Markt\",\"image\":{\"@type\":\"ImageObject\",\"inLanguage\":\"hu\",\"@id\":\"https:\/\/hir.mediamarkt.hu\/magazin\/#\/schema\/person\/image\/\",\"url\":\"https:\/\/secure.gravatar.com\/avatar\/602bccae8998beee472d01909f0978f1?s=96&d=mm&r=g\",\"contentUrl\":\"https:\/\/secure.gravatar.com\/avatar\/602bccae8998beee472d01909f0978f1?s=96&d=mm&r=g\",\"caption\":\"Media Markt\"}}]}<\/script>\n<!-- \/ Yoast SEO plugin. -->","yoast_head_json":{"title":"Az iskolakezd\u00e9s marg\u00f3j\u00e1ra: gondolatok az olvas\u00e1sr\u00f3l \u00e9s annak \u00e9get\u0151 hi\u00e1ny\u00e1r\u00f3l - MediaMarkt Magazin","robots":{"index":"index","follow":"follow","max-snippet":"max-snippet:-1","max-image-preview":"max-image-preview:large","max-video-preview":"max-video-preview:-1"},"canonical":"https:\/\/hir.mediamarkt.hu\/magazin\/az-iskolakezdes-margojara-gondolatok-az-olvasasrol-es-annak-egeto-hianyarol\/","og_locale":"hu_HU","og_type":"article","og_title":"Az iskolakezd\u00e9s marg\u00f3j\u00e1ra: gondolatok az olvas\u00e1sr\u00f3l \u00e9s annak \u00e9get\u0151 hi\u00e1ny\u00e1r\u00f3l - MediaMarkt Magazin","og_description":"K\u00f6zel egy \u00e9ve \u00e1tfog\u00f3 cikket \u00edrtunk a PocketBook e-k\u00f6nyv olvas\u00f3r\u00f3l. Akkor m\u00e1r kiemelt\u00fck (nem, nem kiz\u00e1r\u00f3lag csak a saj\u00e1t v\u00e9lem\u00e9ny\u00fcnk alapj\u00e1n), hogy az olvas\u00e1s \u00e9s \u00fagy \u00e1ltal\u00e1ban v\u00e9ve a t\u00e1j\u00e9koz\u00f3d\u00e1s, a tud\u00e1s bizony szexi. De mit tegy\u00fcnk, ha a gyerek &#8211; vagy \u00e9pp mi magunk &#8211; nem b\u00edrunk koncentr\u00e1lni? Hogyan fogjuk meg a fiatalabbak figyelm\u00e9t? Egy\u00e1ltal\u00e1n, van m\u00e9g rem\u00e9ny a teljes elh\u00fcly\u00fcl\u00e9ssel szemben? Vagy lehet, minden rendben, csak a tipikus, \u201cr\u00e9gen minden jobb volt\u201d elve kapcsol be automatikusan egy bizonyos kor felett? Gondolkodjunk kicsit egy\u00fctt magunkr\u00f3l, nevel\u00e9sr\u0151l, ut\u00f3korr\u00f3l\u2026","og_url":"https:\/\/hir.mediamarkt.hu\/magazin\/az-iskolakezdes-margojara-gondolatok-az-olvasasrol-es-annak-egeto-hianyarol\/","og_site_name":"MediaMarkt Magazin","article_publisher":"https:\/\/www.facebook.com\/MediaMarktMagyarorszag","article_published_time":"2018-08-22T06:55:37+00:00","article_modified_time":"2018-08-27T13:02:09+00:00","og_image":[{"width":525,"height":350,"url":"https:\/\/hir.mediamarkt.hu\/magazin\/wp-content\/uploads\/2018\/08\/04.jpeg","type":"image\/jpeg"}],"author":"Media Markt","twitter_misc":{"Szerz\u0151:":"Media Markt","Becs\u00fclt olvas\u00e1si id\u0151":"8 perc"},"schema":{"@context":"https:\/\/schema.org","@graph":[{"@type":"WebPage","@id":"https:\/\/hir.mediamarkt.hu\/magazin\/az-iskolakezdes-margojara-gondolatok-az-olvasasrol-es-annak-egeto-hianyarol\/","url":"https:\/\/hir.mediamarkt.hu\/magazin\/az-iskolakezdes-margojara-gondolatok-az-olvasasrol-es-annak-egeto-hianyarol\/","name":"Az iskolakezd\u00e9s marg\u00f3j\u00e1ra: gondolatok az olvas\u00e1sr\u00f3l \u00e9s annak \u00e9get\u0151 hi\u00e1ny\u00e1r\u00f3l - MediaMarkt Magazin","isPartOf":{"@id":"https:\/\/hir.mediamarkt.hu\/magazin\/#website"},"primaryImageOfPage":{"@id":"https:\/\/hir.mediamarkt.hu\/magazin\/az-iskolakezdes-margojara-gondolatok-az-olvasasrol-es-annak-egeto-hianyarol\/#primaryimage"},"image":{"@id":"https:\/\/hir.mediamarkt.hu\/magazin\/az-iskolakezdes-margojara-gondolatok-az-olvasasrol-es-annak-egeto-hianyarol\/#primaryimage"},"thumbnailUrl":"https:\/\/hir.mediamarkt.hu\/magazin\/wp-content\/uploads\/2018\/08\/04.jpeg","datePublished":"2018-08-22T06:55:37+00:00","dateModified":"2018-08-27T13:02:09+00:00","author":{"@id":"https:\/\/hir.mediamarkt.hu\/magazin\/#\/schema\/person\/b93b02ec1ab4d2353f8d281e171c1b0b"},"breadcrumb":{"@id":"https:\/\/hir.mediamarkt.hu\/magazin\/az-iskolakezdes-margojara-gondolatok-az-olvasasrol-es-annak-egeto-hianyarol\/#breadcrumb"},"inLanguage":"hu","potentialAction":[{"@type":"ReadAction","target":["https:\/\/hir.mediamarkt.hu\/magazin\/az-iskolakezdes-margojara-gondolatok-az-olvasasrol-es-annak-egeto-hianyarol\/"]}]},{"@type":"ImageObject","inLanguage":"hu","@id":"https:\/\/hir.mediamarkt.hu\/magazin\/az-iskolakezdes-margojara-gondolatok-az-olvasasrol-es-annak-egeto-hianyarol\/#primaryimage","url":"https:\/\/hir.mediamarkt.hu\/magazin\/wp-content\/uploads\/2018\/08\/04.jpeg","contentUrl":"https:\/\/hir.mediamarkt.hu\/magazin\/wp-content\/uploads\/2018\/08\/04.jpeg","width":525,"height":350},{"@type":"BreadcrumbList","@id":"https:\/\/hir.mediamarkt.hu\/magazin\/az-iskolakezdes-margojara-gondolatok-az-olvasasrol-es-annak-egeto-hianyarol\/#breadcrumb","itemListElement":[{"@type":"ListItem","position":1,"name":"Kezd\u0151lap","item":"https:\/\/hir.mediamarkt.hu\/magazin\/"},{"@type":"ListItem","position":2,"name":"Az iskolakezd\u00e9s marg\u00f3j\u00e1ra: gondolatok az olvas\u00e1sr\u00f3l \u00e9s annak \u00e9get\u0151 hi\u00e1ny\u00e1r\u00f3l"}]},{"@type":"WebSite","@id":"https:\/\/hir.mediamarkt.hu\/magazin\/#website","url":"https:\/\/hir.mediamarkt.hu\/magazin\/","name":"MediaMarkt Magazin","description":"Olvass bele magazinunkba!","potentialAction":[{"@type":"SearchAction","target":{"@type":"EntryPoint","urlTemplate":"https:\/\/hir.mediamarkt.hu\/magazin\/?s={search_term_string}"},"query-input":"required name=search_term_string"}],"inLanguage":"hu"},{"@type":"Person","@id":"https:\/\/hir.mediamarkt.hu\/magazin\/#\/schema\/person\/b93b02ec1ab4d2353f8d281e171c1b0b","name":"Media Markt","image":{"@type":"ImageObject","inLanguage":"hu","@id":"https:\/\/hir.mediamarkt.hu\/magazin\/#\/schema\/person\/image\/","url":"https:\/\/secure.gravatar.com\/avatar\/602bccae8998beee472d01909f0978f1?s=96&d=mm&r=g","contentUrl":"https:\/\/secure.gravatar.com\/avatar\/602bccae8998beee472d01909f0978f1?s=96&d=mm&r=g","caption":"Media Markt"}}]}},"_links":{"self":[{"href":"https:\/\/hir.mediamarkt.hu\/magazin\/wp-json\/wp\/v2\/posts\/6480"}],"collection":[{"href":"https:\/\/hir.mediamarkt.hu\/magazin\/wp-json\/wp\/v2\/posts"}],"about":[{"href":"https:\/\/hir.mediamarkt.hu\/magazin\/wp-json\/wp\/v2\/types\/post"}],"author":[{"embeddable":true,"href":"https:\/\/hir.mediamarkt.hu\/magazin\/wp-json\/wp\/v2\/users\/13"}],"replies":[{"embeddable":true,"href":"https:\/\/hir.mediamarkt.hu\/magazin\/wp-json\/wp\/v2\/comments?post=6480"}],"version-history":[{"count":6,"href":"https:\/\/hir.mediamarkt.hu\/magazin\/wp-json\/wp\/v2\/posts\/6480\/revisions"}],"predecessor-version":[{"id":6497,"href":"https:\/\/hir.mediamarkt.hu\/magazin\/wp-json\/wp\/v2\/posts\/6480\/revisions\/6497"}],"wp:featuredmedia":[{"embeddable":true,"href":"https:\/\/hir.mediamarkt.hu\/magazin\/wp-json\/wp\/v2\/media\/6485"}],"wp:attachment":[{"href":"https:\/\/hir.mediamarkt.hu\/magazin\/wp-json\/wp\/v2\/media?parent=6480"}],"wp:term":[{"taxonomy":"category","embeddable":true,"href":"https:\/\/hir.mediamarkt.hu\/magazin\/wp-json\/wp\/v2\/categories?post=6480"},{"taxonomy":"post_tag","embeddable":true,"href":"https:\/\/hir.mediamarkt.hu\/magazin\/wp-json\/wp\/v2\/tags?post=6480"}],"curies":[{"name":"wp","href":"https:\/\/api.w.org\/{rel}","templated":true}]}}