{"id":6569,"date":"2018-08-31T07:55:21","date_gmt":"2018-08-31T06:55:21","guid":{"rendered":"http:\/\/hir.mediamarkt.hu\/magazin\/?p=6569"},"modified":"2018-08-30T21:16:47","modified_gmt":"2018-08-30T20:16:47","slug":"nosztalgia-retro-tanszerek-es-iskola-felszerelesek-suli","status":"publish","type":"post","link":"https:\/\/hir.mediamarkt.hu\/magazin\/nosztalgia-retro-tanszerek-es-iskola-felszerelesek-suli\/","title":{"rendered":"Nosztalgia-percek: azok a r\u00e9gi, j\u00f3 retro tanszerek \u00e9s iskola felszerel\u00e9sek\u2026"},"content":{"rendered":"<b>Mekkora dolog volt egykor \u201ca szagos rad\u00edr\u201d \u00e9s a Budmil t\u00e1ska! Hirtelen, szinte \u00e9szrev\u00e9tlen\u00fcl ugrottunk \u00e1t az egyen, s\u00f6t\u00e9tk\u00e9k f\u00fczet bek\u00f6t\u0151k \u00e9s piros-feh\u00e9r vinyett\u00e1k vil\u00e1g\u00e1b\u00f3l az \u00c1PISZ-ok v\u00e9gtelennek t\u0171n\u0151, rendszerv\u00e1lt\u00e1s ut\u00e1ni k\u00edn\u00e1lat\u00e1ba. A 80-as \u00e9vek retro iskolai holmijai felett nosztalgi\u00e1ztunk. \u00c9s persze megn\u00e9zt\u00fck, mi lapul a MediaMarkt polcain 2018-ban, a t\u00e9m\u00e1ban!<\/b>\r\n<!--more-->\r\n<h2><b>Az a fr\u00e1nya k\u00f6peny!<\/b><\/h2>\r\nB\u00e1r j\u00f3 magam csak k\u00e9t \u00e9vig voltam \u201ck\u00f6peny-k\u00f6teles\u201d, r\u00e1ad\u00e1sul semmi bajom nem volt a viselettel, sokak sz\u00e1m\u00e1ra lehet, a szem\u00e9lyi szabads\u00e1g korl\u00e1toz\u00e1s\u00e1t jelentette a k\u00e9k sz\u00edn\u0171, n\u00e9ha pamut, n\u00e9ha teljesen m\u0171sz\u00e1las fels\u0151ruh\u00e1zati darab. B\u00e1r az angolsz\u00e1sz kult\u00far\u00e1ban m\u00e9g ma is teljesen bevett dolog az iskolai egyenruha haszn\u00e1lata, sokan az \u00f6nkifejez\u00e9s megcsonk\u00edt\u00e1s\u00e1t l\u00e1tj\u00e1k benne.\r\n\r\nM\u00edg itthon a tot\u00e1lis uniformisokkal oper\u00e1l\u00f3 tanint\u00e9zm\u00e9nyek feh\u00e9rholl\u00f3 ritk\u00e1k, m\u00e1shol term\u00e9szetes r\u00e9sze a di\u00e1kok \u00e9let\u00e9nek az azonos \u00f6lt\u00f6z\u00e9k. Amely ugyeb\u00e1r elfedi az anyagi h\u00e1tt\u00e9r beli k\u00fcl\u00f6nbs\u00e9geket, hogy azt\u00e1n a tanul\u00f3 ink\u00e1bb a szem\u00e9lyis\u00e9g\u00e9vel \u00e9s tud\u00e1s\u00e1val t\u0171nj\u00f6n ki a t\u00f6megb\u0151l. Igaz, am\u00edg az egyenruh\u00e1k mellett az okos k\u00e9sz\u00fcl\u00e9kek haszn\u00e1lata pl. enged\u00e9lyezett egy iskol\u00e1ban, az\u00e9rt csak kib\u00fajik a sz\u00f6g a zs\u00e1kb\u00f3l. A sminkr\u0151l nem is besz\u00e9lve, de ez m\u00e1r egy m\u00e1s t\u00e9ma \u00e9s feltehet\u0151en er\u0151sen szubjekt\u00edv.\r\n\r\n<strong>Egy biztos, a mai 35+ &#8211; os koroszt\u00e1lyn\u00e1l id\u0151sebb magyar \u00e1llampolg\u00e1r tal\u00e1lkozott a k\u00f6peny int\u00e9zm\u00e9ny\u00e9vel.<\/strong> N\u00e1lunk a csal\u00e1dban kifejezetten k\u00f6zkedvelt az emleget\u00e9se, l\u00e9v\u00e9n egyszer any\u00e1m nadr\u00e1g \u00e9s szoknya n\u00e9lk\u00fcl, puszt\u00e1n a harisnya \u00e9s az ing f\u00f6l\u00e9 h\u00fazott k\u00f6penyben ment gimn\u00e1ziumba. B\u00e1r a mini akkor m\u00e1r divatban volt, v\u00e9rt izzadt eg\u00e9sz nap a padban (nem volt m\u00e9g tantermi v\u00e1ndorl\u00e1s, az oszt\u00e1lyoknak saj\u00e1t termeik voltak, a pedag\u00f3gusok m\u00e1szk\u00e1ltak a sz\u00fcnetek elej\u00e9n \u00e9s v\u00e9g\u00e9n), \u00e9s azon foh\u00e1szkodott, csak ki ne h\u00edvj\u00e1k felelni. Szerencs\u00e9je volt, a megsz\u00e9gyen\u00fcl\u00e9s elmaradt, a hosszabb szab\u00e1s\u00fa kab\u00e1tja pedig haz\u00e1ig sz\u00f3 szerint bev\u00e9dte a \u2026 De ezt m\u00e1r mindenki k\u00e9pzelje maga oda.\r\n\r\nAz \u00e9n els\u0151 \u00e9s egyetlen k\u00f6penyem nagy becsben el van t\u00e9ve. Any\u00e1m varrta, \u00edgy legal\u00e1bb az izzaszt\u00f3 m\u0171sz\u00e1lt\u00f3l megmenek\u00fcltem. R\u00e1ad\u00e1sul \u00fagy szabta ki, hogy mindk\u00e9t oldal\u00e1n, a karok alatt legyen egy-egy kis megk\u00f6t\u0151 madzag, m\u00edg v\u00e1lln\u00e1l ujjatlan volt. Sz\u00f3val nem volt t\u00fal meleg, nem kellett bonyolultan ki-beb\u00fajni. A nyak r\u00e9sz \u00e9s az als\u00f3 szeg\u00e9lyhez pedig egy kis feh\u00e9r cs\u00edk is jutott. Na meg k\u00e9t kis zseb, amibe nagyj\u00e1b\u00f3l csak a rad\u00edrom f\u00e9rt, de az\u00e9rt szerettem. L\u00e1tni id\u0151nk\u00e9nt, hogy n\u00e9h\u00e1ny iskol\u00e1ban vissza-vissza t\u00e9r a viselet. Egyr\u00e9szt valamelyest \u00f3vja a gyerekek ruh\u00e1j\u00e1t, m\u00e1sr\u00e9szt k\u00f6lcs\u00f6n\u00f6z egy fajta \u201cegyenl\u0151s\u00e9get\u201d a di\u00e1kok k\u00f6z\u00f6tt. M\u00e9g ha csak r\u00e9szlegesen \u00e9s l\u00e1tszatra is.\r\n\r\n<img loading=\"lazy\" decoding=\"async\" class=\"alignnone size-full wp-image-6582\" src=\"http:\/\/hir.mediamarkt.hu\/magazin\/wp-content\/uploads\/2018\/08\/is03.jpg\" alt=\"\" width=\"630\" height=\"315\" srcset=\"https:\/\/hir.mediamarkt.hu\/magazin\/wp-content\/uploads\/2018\/08\/is03.jpg 630w, https:\/\/hir.mediamarkt.hu\/magazin\/wp-content\/uploads\/2018\/08\/is03-275x138.jpg 275w, https:\/\/hir.mediamarkt.hu\/magazin\/wp-content\/uploads\/2018\/08\/is03-300x150.jpg 300w\" sizes=\"(max-width: 630px) 100vw, 630px\" \/>\r\n<h2><\/h2>\r\n<h2>Egyen f\u00fczet, egyen vinyetta<\/h2>\r\n\u00c9n a magam r\u00e9sz\u00e9r\u0151l kifejezetten szerettem az indig\u00f3 k\u00e9k bek\u00f6t\u0151t \u00e9s a lekerek\u00edtett sark\u00fa kis piros-feh\u00e9r ragacsot, amelyre a nevemet \u00e9s az oszt\u00e1lyomat kellett \u00edrni. Sz\u00e1momra passzolt a diz\u00e1jn. De t\u00e9ny, amikor m\u00e1r saj\u00e1t magam dekor\u00e1lhattam a f\u00fczeteimet (amelyek m\u00e1r jobb min\u0151s\u00e9g\u0171 pap\u00edrb\u00f3l, \u00faj kin\u00e9zettel k\u00e9sz\u00fcltek), \u00faj dimenzi\u00f3k ny\u00edltak meg. Pont a rendszer v\u00e1ltoz\u00e1s \u00e9v\u00e9ben kezdtem az iskol\u00e1t, a K\u00e1d\u00e1r-rendszer elpuhult v\u00e9g\u00e9nek szerencs\u00e9s gyermeke voltam, azt\u00e1n meg j\u00f6tt ugye az \u00faj \u00e9ra, \u00e9s vele egy\u00fctt az \u00faj fajta tanszerek \u00e9s mindenf\u00e9le csecsebecs\u00e9k.\r\n\r\nValahogy jobban \u00e9rdekeltek az egy\u00e9ni megold\u00e1sok, mint a gy\u00e1ri f\u00fczet bek\u00f6t\u0151k, \u00edgy hamar kialakult, hogy ink\u00e1bb valami nat\u00far, \u00e1ltal\u00e1ban vil\u00e1gos barna pap\u00edrral bor\u00edtom be a k\u00f6nyveimet \u00e9s f\u00fczeteimet, majd azokra r\u00e1ragasztok, vagy \u00edrok mindenf\u00e9l\u00e9t. A koll\u00e1zsok \u0151r\u00fclete v\u00e9g\u00fcl a gimn\u00e1ziumban teljesedett ki, ahol azt\u00e1n \u00e1tt\u00e9rtem a f\u00fczetekr\u0151l a dosszi\u00e9s megold\u00e1sra \u00e9s a k\u00fcl\u00f6n\u00e1ll\u00f3 lapokra.\r\n\r\nDe szerettem az egysz\u00edn\u0171, olasz, az addigin\u00e1l vastagabb f\u00fczeteket is, amiket sz\u00e9pen sziv\u00e1rv\u00e1nysz\u00ednbe rendezve t\u00e1roltam, mindenf\u00e9le csomagol\u00f3pap\u00edr n\u00e9lk\u00fcl. Vinyetta t\u00e9ren nem nagyon tal\u00e1ltam meg a sz\u00e1m\u00edt\u00e1saimat, \u00e9s a koszol\u00f3d\u00e1s, lehorzsol\u00f3d\u00e1s miatt ink\u00e1bb csak a nyit\u00f3 lapra \u00edrtam r\u00e1 a nevem \u00e9s az oszt\u00e1lyom. Mekkora punk-s\u00e1g!\r\n\r\n<img loading=\"lazy\" decoding=\"async\" class=\"size-large wp-image-6585\" src=\"http:\/\/hir.mediamarkt.hu\/magazin\/wp-content\/uploads\/2018\/08\/is06-1024x768.jpg\" alt=\"\" width=\"1024\" height=\"768\" srcset=\"https:\/\/hir.mediamarkt.hu\/magazin\/wp-content\/uploads\/2018\/08\/is06-1024x768.jpg 1024w, https:\/\/hir.mediamarkt.hu\/magazin\/wp-content\/uploads\/2018\/08\/is06-275x206.jpg 275w, https:\/\/hir.mediamarkt.hu\/magazin\/wp-content\/uploads\/2018\/08\/is06-300x225.jpg 300w, https:\/\/hir.mediamarkt.hu\/magazin\/wp-content\/uploads\/2018\/08\/is06-768x576.jpg 768w, https:\/\/hir.mediamarkt.hu\/magazin\/wp-content\/uploads\/2018\/08\/is06.jpg 1440w\" sizes=\"(max-width: 1024px) 100vw, 1024px\" \/>\r\n<h2><img loading=\"lazy\" decoding=\"async\" class=\"alignnone size-large wp-image-6590\" src=\"http:\/\/hir.mediamarkt.hu\/magazin\/wp-content\/uploads\/2018\/08\/is09-1024x576.jpg\" alt=\"\" width=\"1024\" height=\"576\" srcset=\"https:\/\/hir.mediamarkt.hu\/magazin\/wp-content\/uploads\/2018\/08\/is09-1024x576.jpg 1024w, https:\/\/hir.mediamarkt.hu\/magazin\/wp-content\/uploads\/2018\/08\/is09-275x155.jpg 275w, https:\/\/hir.mediamarkt.hu\/magazin\/wp-content\/uploads\/2018\/08\/is09-300x169.jpg 300w, https:\/\/hir.mediamarkt.hu\/magazin\/wp-content\/uploads\/2018\/08\/is09-768x432.jpg 768w, https:\/\/hir.mediamarkt.hu\/magazin\/wp-content\/uploads\/2018\/08\/is09.jpg 1440w\" sizes=\"(max-width: 1024px) 100vw, 1024px\" \/><\/h2>\r\n<h2>\u00a0<img loading=\"lazy\" decoding=\"async\" class=\"alignnone size-large wp-image-6592\" src=\"http:\/\/hir.mediamarkt.hu\/magazin\/wp-content\/uploads\/2018\/08\/000a.jpg\" alt=\"\" width=\"779\" height=\"625\" srcset=\"https:\/\/hir.mediamarkt.hu\/magazin\/wp-content\/uploads\/2018\/08\/000a.jpg 779w, https:\/\/hir.mediamarkt.hu\/magazin\/wp-content\/uploads\/2018\/08\/000a-275x221.jpg 275w, https:\/\/hir.mediamarkt.hu\/magazin\/wp-content\/uploads\/2018\/08\/000a-300x241.jpg 300w, https:\/\/hir.mediamarkt.hu\/magazin\/wp-content\/uploads\/2018\/08\/000a-768x616.jpg 768w\" sizes=\"(max-width: 779px) 100vw, 779px\" \/><\/h2>\r\n&nbsp;\r\n<h2><b>Enyhe fokozat\u00fa, de beteges \u00edr\u00f3szer m\u00e1nia\u2026<\/b><\/h2>\r\nNem tudom, pontosan honnan ered a dolog, de m\u00e9g a mai napig is remegni kezdek az iskola- (\u00e9s iroda-) szer \u00e1rus\u00edt\u00f3 boltokban. Elk\u00e9peszt\u0151 m\u00e1morral t\u00f6ltenek el a tollak, a post it-ek, a kis \u00e9s nagyobb f\u00fczetek, de ak\u00e1r a vonalz\u00f3k is. A rad\u00edr\u2026 az pedig \u00f6r\u00f6k kedvenc. De h\u00e1t kinek nem?Tal\u00e1n ennek is k\u00f6sz\u00f6nhet\u0151, hogy tiszt\u00e1n eml\u00e9kszem a r\u00e9gi \u00edr\u00f3szereimre, amiknek nagy r\u00e9sze ma is megvan: az any\u00e1mt\u00f3l meg\u00f6r\u00f6k\u00f6lt b\u0151r tolltart\u00f3ra, az \u00f6sszeguber\u00e1lt, r\u00e9gi rostironokra \u00e9s Rottring ceruz\u00e1kra.\r\n\r\n<span style=\"font-weight: 400;\">De \u00e9l\u00e9nken \u00e9l a fejemben a m\u00e1gnesen tolltart\u00f3m k\u00e9pe is. Ahogy a \u201cfelsz\u00edv\u00f3 tint\u00e1s\u201d t\u00f6lt\u0151tollam\u00e9 is. Igaz, ez mai napig megvan \u00e9s m\u0171k\u00f6dik. Ott fekszik a \u201ck\u00e9pv\u00e1lt\u00f3s\u201d vonalz\u00f3 mellett, amelyen mindenf\u00e9le sz\u00ednes figur\u00e1k mozognak, ha megd\u00f6ntj\u00fck a t\u00e1rgyat. \u0150r\u00fclet! A<\/span>\u00a0szebbn\u00e9l-szebb ceruz\u00e1k, filcek, rad\u00edrok mellett azonban a k\u00f6telez\u0151 iskolai felszerel\u00e9sek is vonzottak. A sz\u00e1mol\u00f3 p\u00e1lc\u00e1k, a vil\u00e1gosk\u00e9k dob\u00f3kock\u00e1ba rejtett, v\u00f6r\u00f6s-k\u00e9k korongok, a m\u0171anyag kis \u00f3raszerkezet, a pap\u00edr bet\u0171 \u00e9s sz\u00e1m k\u00e9szlet, vagy a gumis \u00e1l-h\u0151m\u00e9r\u0151, mind-mind kedves eml\u00e9k.\r\n\r\n<img loading=\"lazy\" decoding=\"async\" class=\"alignnone size-full wp-image-6577\" src=\"http:\/\/hir.mediamarkt.hu\/magazin\/wp-content\/uploads\/2018\/08\/is01.jpg\" alt=\"\" width=\"424\" height=\"500\" srcset=\"https:\/\/hir.mediamarkt.hu\/magazin\/wp-content\/uploads\/2018\/08\/is01.jpg 424w, https:\/\/hir.mediamarkt.hu\/magazin\/wp-content\/uploads\/2018\/08\/is01-275x324.jpg 275w, https:\/\/hir.mediamarkt.hu\/magazin\/wp-content\/uploads\/2018\/08\/is01-254x300.jpg 254w\" sizes=\"(max-width: 424px) 100vw, 424px\" \/> <img loading=\"lazy\" decoding=\"async\" class=\"alignnone size-full wp-image-6578\" src=\"http:\/\/hir.mediamarkt.hu\/magazin\/wp-content\/uploads\/2018\/08\/is02.jpg\" alt=\"\" width=\"427\" height=\"353\" srcset=\"https:\/\/hir.mediamarkt.hu\/magazin\/wp-content\/uploads\/2018\/08\/is02.jpg 427w, https:\/\/hir.mediamarkt.hu\/magazin\/wp-content\/uploads\/2018\/08\/is02-275x227.jpg 275w, https:\/\/hir.mediamarkt.hu\/magazin\/wp-content\/uploads\/2018\/08\/is02-300x248.jpg 300w\" sizes=\"(max-width: 427px) 100vw, 427px\" \/> <img loading=\"lazy\" decoding=\"async\" class=\"alignnone size-full wp-image-6581\" src=\"http:\/\/hir.mediamarkt.hu\/magazin\/wp-content\/uploads\/2018\/08\/is02b.jpg\" alt=\"\" width=\"600\" height=\"408\" srcset=\"https:\/\/hir.mediamarkt.hu\/magazin\/wp-content\/uploads\/2018\/08\/is02b.jpg 600w, https:\/\/hir.mediamarkt.hu\/magazin\/wp-content\/uploads\/2018\/08\/is02b-275x187.jpg 275w, https:\/\/hir.mediamarkt.hu\/magazin\/wp-content\/uploads\/2018\/08\/is02b-300x204.jpg 300w\" sizes=\"(max-width: 600px) 100vw, 600px\" \/>\r\n\r\n<img loading=\"lazy\" decoding=\"async\" class=\"alignnone size-full wp-image-6586\" src=\"http:\/\/hir.mediamarkt.hu\/magazin\/wp-content\/uploads\/2018\/08\/is07.jpg\" alt=\"\" width=\"498\" height=\"370\" srcset=\"https:\/\/hir.mediamarkt.hu\/magazin\/wp-content\/uploads\/2018\/08\/is07.jpg 498w, https:\/\/hir.mediamarkt.hu\/magazin\/wp-content\/uploads\/2018\/08\/is07-275x204.jpg 275w, https:\/\/hir.mediamarkt.hu\/magazin\/wp-content\/uploads\/2018\/08\/is07-300x223.jpg 300w\" sizes=\"(max-width: 498px) 100vw, 498px\" \/>\r\n\r\n<img loading=\"lazy\" decoding=\"async\" class=\"alignnone size-full wp-image-6583\" src=\"http:\/\/hir.mediamarkt.hu\/magazin\/wp-content\/uploads\/2018\/08\/is04.jpg\" alt=\"\" width=\"922\" height=\"694\" srcset=\"https:\/\/hir.mediamarkt.hu\/magazin\/wp-content\/uploads\/2018\/08\/is04.jpg 922w, https:\/\/hir.mediamarkt.hu\/magazin\/wp-content\/uploads\/2018\/08\/is04-275x207.jpg 275w, https:\/\/hir.mediamarkt.hu\/magazin\/wp-content\/uploads\/2018\/08\/is04-300x226.jpg 300w, https:\/\/hir.mediamarkt.hu\/magazin\/wp-content\/uploads\/2018\/08\/is04-768x578.jpg 768w\" sizes=\"(max-width: 922px) 100vw, 922px\" \/><img loading=\"lazy\" decoding=\"async\" class=\"alignnone size-full wp-image-6584\" src=\"http:\/\/hir.mediamarkt.hu\/magazin\/wp-content\/uploads\/2018\/08\/is05.jpg\" alt=\"\" width=\"692\" height=\"557\" srcset=\"https:\/\/hir.mediamarkt.hu\/magazin\/wp-content\/uploads\/2018\/08\/is05.jpg 692w, https:\/\/hir.mediamarkt.hu\/magazin\/wp-content\/uploads\/2018\/08\/is05-275x221.jpg 275w, https:\/\/hir.mediamarkt.hu\/magazin\/wp-content\/uploads\/2018\/08\/is05-300x241.jpg 300w\" sizes=\"(max-width: 692px) 100vw, 692px\" \/>\r\n<h2><\/h2>\r\n<h2><b>De neh\u00e9z az iskolat\u00e1ska&#8230; <\/b><\/h2>\r\nMerev \u00e9s k\u00e9nyelmetlen iskolat\u00e1sk\u00e1m csak egy pillanat erej\u00e9ig volt. Kin\u00e9ztem ugyanis egy citroms\u00e1rga, csehszlov\u00e1k h\u00e1tizs\u00e1kot a trafikban, amelyre gondosan \u00f6sszesp\u00f3roltam a p\u00e9nzt. A t\u00e1ska \u00e1ra 400 Ft volt, \u00e9n heti 20 Ft-tal gazd\u00e1lkodhattam. Any\u00e1m \u00e9s nagyany\u00e1m, l\u00e1tva az elsz\u00e1nts\u00e1got \u00a0\u00e9s az aszketikus \u00e9letm\u00f3dot (se cigir\u00e1g\u00f3, se matrica, csak a gy\u0171jt\u00e9s!) v\u00e9g\u00fcl \u00fagy d\u00f6nt\u00f6ttek, f\u00e9lt\u00e1vn\u00e1l kiseg\u00edtenek. Jutalmul, ami\u00e9rt sz\u00e9pen sp\u00f3roltam, k\u00e9t \u00e9s f\u00e9l h\u00f3nap ut\u00e1n megvehettem a t\u00e1sk\u00e1t. Ki nem tal\u00e1ln\u00e1k: m\u00e9g mindig megvan\u2026\r\n\r\nAzt\u00e1n volt egy eg\u00e9szen kicsi, s\u00f6t\u00e9tk\u00e9k, a mai, n\u00e9pszer\u0171 francia sport\u00e1ruh\u00e1z gyerek h\u00e1tizs\u00e1kjaira hasonl\u00edt\u00f3 t\u00e1sk\u00e1m is. Igaz, a sz\u00edne nem volt olyan men\u0151, mint a mai darabok\u00e9, de megfelel\u0151 mennyis\u00e9g\u0171 kit\u0171z\u0151vel siker\u00fclt az\u00e9rt felt\u0171n\u0151v\u00e9 var\u00e1zsolni. Hogy hogyan f\u00e9rt bele minden abba a kis t\u00e1sk\u00e1ba, nem \u00e9rtem. A tornazs\u00e1kot k\u00fcl\u00f6n l\u00f3b\u00e1ltam, az biztos. De m\u00e9g \u00edgy is rejt\u00e9ly, hogy hol volt pl. az uzsonna. Mert alig volt hely a k\u00f6nyveknek \u00e9s f\u00fczeteknek.\r\n\r\nM\u00e1ra v\u00e9gk\u00e9pp v\u00e1laszt\u00e9k d\u00f6mping van, az \u00e9g legyen irgalmas ahhoz, aki most k\u00fcldi iskol\u00e1ba a gyerek\u00e9t. \u00c9n magam biztosan nehezen v\u00e1lasztan\u00e9k (m\u00e9g ak\u00e1r als\u00f3 \u00e1rkateg\u00f3ri\u00e1ban is akad b\u0151ven k\u00edn\u00e1lat). \u00c9s h\u00e1t nyilv\u00e1n a gyerek \u00edzl\u00e9se \u00e9s karaktere a fontos.Egy \u00f6ntudatos 6 \u00e9ves pedig nem egyszer\u0171 fogyaszt\u00f3. B\u00edzunk benne, nincs nagyon k\u00f6zt\u00fcnk p\u00e1nik-v\u00e1s\u00e1rl\u00f3, aki az utols\u00f3 pillanatra hagyta volna a tolltart\u00f3 \u00e9s h\u00e1tizs\u00e1k beszerz\u00e9st. Ha m\u00e9gis \u00e9s nem akarunk a t\u00f6bbi feled\u00e9keny sz\u00fcl\u0151vel csat\u00e1zni, <a href=\"https:\/\/www.mediamarkt.hu\/hu\/search.html?searchParams=%2FSearch.ff%3Fquery%3Dksz_0ttsz4_15k0l41-k13g3521t0k_180810%26filterTabbedCategory%3Donlineshop%26filteravailability%3D1%26channel%3Dmmhuhu%26productsPerPage%3D25&amp;searchProfile=onlineshop&amp;query=ksz_0ttsz4_15k0l41-k13g3521t0k_180810&amp;sort=&amp;page=1&amp;sourceRef=INVALID\">ir\u00e1ny a MediaMarkt, ahol ezeket az iskolai alapfelszerel\u00e9seket (valamint asztali l\u00e1mp\u00e1kat \u00e9s ak\u00e1r uzsonn\u00e1s dobozokat, kulacsokat) is megtal\u00e1ljuk!<\/a>\r\n\r\n<img loading=\"lazy\" decoding=\"async\" class=\"alignnone size-full wp-image-6575\" src=\"http:\/\/hir.mediamarkt.hu\/magazin\/wp-content\/uploads\/2018\/08\/is00.jpg\" alt=\"\" width=\"600\" height=\"450\" srcset=\"https:\/\/hir.mediamarkt.hu\/magazin\/wp-content\/uploads\/2018\/08\/is00.jpg 600w, https:\/\/hir.mediamarkt.hu\/magazin\/wp-content\/uploads\/2018\/08\/is00-275x206.jpg 275w, https:\/\/hir.mediamarkt.hu\/magazin\/wp-content\/uploads\/2018\/08\/is00-300x225.jpg 300w\" sizes=\"(max-width: 600px) 100vw, 600px\" \/> <img loading=\"lazy\" decoding=\"async\" class=\"alignnone size-large wp-image-6576\" src=\"http:\/\/hir.mediamarkt.hu\/magazin\/wp-content\/uploads\/2018\/08\/is00a-1024x768.jpg\" alt=\"\" width=\"1024\" height=\"768\" srcset=\"https:\/\/hir.mediamarkt.hu\/magazin\/wp-content\/uploads\/2018\/08\/is00a-1024x768.jpg 1024w, https:\/\/hir.mediamarkt.hu\/magazin\/wp-content\/uploads\/2018\/08\/is00a-275x206.jpg 275w, https:\/\/hir.mediamarkt.hu\/magazin\/wp-content\/uploads\/2018\/08\/is00a-300x225.jpg 300w, https:\/\/hir.mediamarkt.hu\/magazin\/wp-content\/uploads\/2018\/08\/is00a-768x576.jpg 768w, https:\/\/hir.mediamarkt.hu\/magazin\/wp-content\/uploads\/2018\/08\/is00a.jpg 1440w\" sizes=\"(max-width: 1024px) 100vw, 1024px\" \/>\r\n<h2><\/h2>\r\n<h2><strong>MediaMarkt kedvencek:<\/strong><\/h2>\r\n<a href=\"https:\/\/www.mediamarkt.hu\/hu\/product\/_coocazoo-129913-tolltart%C3%B3-ii-magic-polka-p%C3%B6tty%C3%B6s-1268928.html\">COOCAZOO 129913 Tolltart\u00f3 II, magic polka, p\u00f6tty\u00f6s<\/a>, 4999 Ft\r\n\r\n<a href=\"https:\/\/www.mediamarkt.hu\/hu\/product\/_coocazoo-139271-raydayh%C3%A1tizs%C3%A1k-magic-polka-p%C3%B6tty%C3%B6s-1268933.html\">COOCAZOO 139271 RAYDAYH\u00e1tizs\u00e1k, magic polka, p\u00f6tty\u00f6s<\/a>, 23 999 Ft\r\n\r\n<a href=\"https:\/\/www.mediamarkt.hu\/hu\/search.html?searchParams=%2FSearch.ff%3Fquery%3Dksz_0ttsz4_15k0l41-k13g3521t0k_180810%26filterTabbedCategory%3Donlineshop%26filteravailability%3D1%26channel%3Dmmhuhu%26productsPerPage%3D25&amp;searchProfile=onlineshop&amp;query=ksz_0ttsz4_15k0l41-k13g3521t0k_180810&amp;sort=&amp;page=1&amp;sourceRef=INVALID\">Iskolaszerek, l\u00e1mp\u00e1k, tolltart\u00f3k, t\u00e1sk\u00e1k<\/a>\r\n\r\n<a href=\"https:\/\/www.mediamarkt.hu\/hu\/product\/_lamart-lt4027-termosz-0-4l-s%C3%A1rga-1216488.html\">LAMART LT4027 Termosz 0,4l s\u00e1rga<\/a>, 2999 Ft\r\n\r\n<a href=\"https:\/\/www.mediamarkt.hu\/hu\/product\/_snips-000140-t%C3%A1rol%C3%B3-doboz-1171773.html\">SNIPS 000140 t\u00e1rol\u00f3 doboz<\/a>, 1999 Ft\r\n\r\n<img loading=\"lazy\" decoding=\"async\" class=\"alignnone size-full wp-image-6570\" src=\"http:\/\/hir.mediamarkt.hu\/magazin\/wp-content\/uploads\/2018\/08\/su.png\" alt=\"\" width=\"786\" height=\"587\" srcset=\"https:\/\/hir.mediamarkt.hu\/magazin\/wp-content\/uploads\/2018\/08\/su.png 786w, https:\/\/hir.mediamarkt.hu\/magazin\/wp-content\/uploads\/2018\/08\/su-275x205.png 275w, https:\/\/hir.mediamarkt.hu\/magazin\/wp-content\/uploads\/2018\/08\/su-300x224.png 300w, https:\/\/hir.mediamarkt.hu\/magazin\/wp-content\/uploads\/2018\/08\/su-768x574.png 768w\" sizes=\"(max-width: 786px) 100vw, 786px\" \/> <img loading=\"lazy\" decoding=\"async\" class=\"alignnone size-large wp-image-6571\" src=\"http:\/\/hir.mediamarkt.hu\/magazin\/wp-content\/uploads\/2018\/08\/su1.png\" alt=\"\" width=\"786\" height=\"587\" srcset=\"https:\/\/hir.mediamarkt.hu\/magazin\/wp-content\/uploads\/2018\/08\/su1.png 786w, https:\/\/hir.mediamarkt.hu\/magazin\/wp-content\/uploads\/2018\/08\/su1-275x205.png 275w, https:\/\/hir.mediamarkt.hu\/magazin\/wp-content\/uploads\/2018\/08\/su1-300x224.png 300w, https:\/\/hir.mediamarkt.hu\/magazin\/wp-content\/uploads\/2018\/08\/su1-768x574.png 768w\" sizes=\"(max-width: 786px) 100vw, 786px\" \/> <img loading=\"lazy\" decoding=\"async\" class=\"alignnone size-large wp-image-6572\" src=\"http:\/\/hir.mediamarkt.hu\/magazin\/wp-content\/uploads\/2018\/08\/su2.png\" alt=\"\" width=\"786\" height=\"587\" srcset=\"https:\/\/hir.mediamarkt.hu\/magazin\/wp-content\/uploads\/2018\/08\/su2.png 786w, https:\/\/hir.mediamarkt.hu\/magazin\/wp-content\/uploads\/2018\/08\/su2-275x205.png 275w, https:\/\/hir.mediamarkt.hu\/magazin\/wp-content\/uploads\/2018\/08\/su2-300x224.png 300w, https:\/\/hir.mediamarkt.hu\/magazin\/wp-content\/uploads\/2018\/08\/su2-768x574.png 768w\" sizes=\"(max-width: 786px) 100vw, 786px\" \/> <img loading=\"lazy\" decoding=\"async\" class=\"alignnone size-large wp-image-6573\" src=\"http:\/\/hir.mediamarkt.hu\/magazin\/wp-content\/uploads\/2018\/08\/su3.png\" alt=\"\" width=\"786\" height=\"587\" srcset=\"https:\/\/hir.mediamarkt.hu\/magazin\/wp-content\/uploads\/2018\/08\/su3.png 786w, https:\/\/hir.mediamarkt.hu\/magazin\/wp-content\/uploads\/2018\/08\/su3-275x205.png 275w, https:\/\/hir.mediamarkt.hu\/magazin\/wp-content\/uploads\/2018\/08\/su3-300x224.png 300w, https:\/\/hir.mediamarkt.hu\/magazin\/wp-content\/uploads\/2018\/08\/su3-768x574.png 768w\" sizes=\"(max-width: 786px) 100vw, 786px\" \/>","protected":false},"excerpt":{"rendered":"Mekkora dolog volt egykor \u201ca szagos rad\u00edr\u201d \u00e9s a Budmil t\u00e1ska! Hirtelen, szinte \u00e9szrev\u00e9tlen\u00fcl ugrottunk \u00e1t az egyen, s\u00f6t\u00e9tk\u00e9k f\u00fczet bek\u00f6t\u0151k \u00e9s piros-feh\u00e9r vinyett\u00e1k vil\u00e1g\u00e1b\u00f3l az \u00c1PISZ-ok v\u00e9gtelennek t\u0171n\u0151, rendszerv\u00e1lt\u00e1s ut\u00e1ni k\u00edn\u00e1lat\u00e1ba. A 80-as \u00e9vek retro iskolai holmijai felett nosztalgi\u00e1ztunk. \u00c9s persze megn\u00e9zt\u00fck, mi lapul a MediaMarkt polcain 2018-ban, a t\u00e9m\u00e1ban!","protected":false},"author":13,"featured_media":6591,"comment_status":"open","ping_status":"open","sticky":false,"template":"","format":"standard","meta":{"wprm-recipe-roundup-name":"","wprm-recipe-roundup-description":"","footnotes":""},"categories":[5967],"tags":[2726,2211,2719,2606,2720,2718,2722,514,2724,2135,1143,2723,2147,2127,2173,2727,670,470,2581,2721,2725,797],"yoast_head":"<!-- This site is optimized with the Yoast SEO plugin v22.9 - https:\/\/yoast.com\/wordpress\/plugins\/seo\/ -->\n<title>Nosztalgia-percek: azok a r\u00e9gi, j\u00f3 retro tanszerek \u00e9s iskola felszerel\u00e9sek\u2026 - MediaMarkt Magazin<\/title>\n<meta name=\"robots\" content=\"index, follow, max-snippet:-1, max-image-preview:large, max-video-preview:-1\" \/>\n<link rel=\"canonical\" href=\"https:\/\/hir.mediamarkt.hu\/magazin\/nosztalgia-retro-tanszerek-es-iskola-felszerelesek-suli\/\" \/>\n<meta property=\"og:locale\" content=\"hu_HU\" \/>\n<meta property=\"og:type\" content=\"article\" \/>\n<meta property=\"og:title\" content=\"Nosztalgia-percek: azok a r\u00e9gi, j\u00f3 retro tanszerek \u00e9s iskola felszerel\u00e9sek\u2026 - MediaMarkt Magazin\" \/>\n<meta property=\"og:description\" content=\"Mekkora dolog volt egykor \u201ca szagos rad\u00edr\u201d \u00e9s a Budmil t\u00e1ska! Hirtelen, szinte \u00e9szrev\u00e9tlen\u00fcl ugrottunk \u00e1t az egyen, s\u00f6t\u00e9tk\u00e9k f\u00fczet bek\u00f6t\u0151k \u00e9s piros-feh\u00e9r vinyett\u00e1k vil\u00e1g\u00e1b\u00f3l az \u00c1PISZ-ok v\u00e9gtelennek t\u0171n\u0151, rendszerv\u00e1lt\u00e1s ut\u00e1ni k\u00edn\u00e1lat\u00e1ba. A 80-as \u00e9vek retro iskolai holmijai felett nosztalgi\u00e1ztunk. \u00c9s persze megn\u00e9zt\u00fck, mi lapul a MediaMarkt polcain 2018-ban, a t\u00e9m\u00e1ban!\" \/>\n<meta property=\"og:url\" content=\"https:\/\/hir.mediamarkt.hu\/magazin\/nosztalgia-retro-tanszerek-es-iskola-felszerelesek-suli\/\" \/>\n<meta property=\"og:site_name\" content=\"MediaMarkt Magazin\" \/>\n<meta property=\"article:publisher\" content=\"https:\/\/www.facebook.com\/MediaMarktMagyarorszag\" \/>\n<meta property=\"article:published_time\" content=\"2018-08-31T06:55:21+00:00\" \/>\n<meta property=\"article:modified_time\" content=\"2018-08-30T20:16:47+00:00\" \/>\n<meta property=\"og:image\" content=\"https:\/\/hir.mediamarkt.hu\/magazin\/wp-content\/uploads\/2018\/08\/000-1.jpg\" \/>\n\t<meta property=\"og:image:width\" content=\"665\" \/>\n\t<meta property=\"og:image:height\" content=\"603\" \/>\n\t<meta property=\"og:image:type\" content=\"image\/jpeg\" \/>\n<meta name=\"author\" content=\"Media Markt\" \/>\n<meta name=\"twitter:label1\" content=\"Szerz\u0151:\" \/>\n\t<meta name=\"twitter:data1\" content=\"Media Markt\" \/>\n\t<meta name=\"twitter:label2\" content=\"Becs\u00fclt olvas\u00e1si id\u0151\" \/>\n\t<meta name=\"twitter:data2\" content=\"8 perc\" \/>\n<script type=\"application\/ld+json\" class=\"yoast-schema-graph\">{\"@context\":\"https:\/\/schema.org\",\"@graph\":[{\"@type\":\"WebPage\",\"@id\":\"https:\/\/hir.mediamarkt.hu\/magazin\/nosztalgia-retro-tanszerek-es-iskola-felszerelesek-suli\/\",\"url\":\"https:\/\/hir.mediamarkt.hu\/magazin\/nosztalgia-retro-tanszerek-es-iskola-felszerelesek-suli\/\",\"name\":\"Nosztalgia-percek: azok a r\u00e9gi, j\u00f3 retro tanszerek \u00e9s iskola felszerel\u00e9sek\u2026 - MediaMarkt Magazin\",\"isPartOf\":{\"@id\":\"https:\/\/hir.mediamarkt.hu\/magazin\/#website\"},\"primaryImageOfPage\":{\"@id\":\"https:\/\/hir.mediamarkt.hu\/magazin\/nosztalgia-retro-tanszerek-es-iskola-felszerelesek-suli\/#primaryimage\"},\"image\":{\"@id\":\"https:\/\/hir.mediamarkt.hu\/magazin\/nosztalgia-retro-tanszerek-es-iskola-felszerelesek-suli\/#primaryimage\"},\"thumbnailUrl\":\"https:\/\/hir.mediamarkt.hu\/magazin\/wp-content\/uploads\/2018\/08\/000-1.jpg\",\"datePublished\":\"2018-08-31T06:55:21+00:00\",\"dateModified\":\"2018-08-30T20:16:47+00:00\",\"author\":{\"@id\":\"https:\/\/hir.mediamarkt.hu\/magazin\/#\/schema\/person\/b93b02ec1ab4d2353f8d281e171c1b0b\"},\"breadcrumb\":{\"@id\":\"https:\/\/hir.mediamarkt.hu\/magazin\/nosztalgia-retro-tanszerek-es-iskola-felszerelesek-suli\/#breadcrumb\"},\"inLanguage\":\"hu\",\"potentialAction\":[{\"@type\":\"ReadAction\",\"target\":[\"https:\/\/hir.mediamarkt.hu\/magazin\/nosztalgia-retro-tanszerek-es-iskola-felszerelesek-suli\/\"]}]},{\"@type\":\"ImageObject\",\"inLanguage\":\"hu\",\"@id\":\"https:\/\/hir.mediamarkt.hu\/magazin\/nosztalgia-retro-tanszerek-es-iskola-felszerelesek-suli\/#primaryimage\",\"url\":\"https:\/\/hir.mediamarkt.hu\/magazin\/wp-content\/uploads\/2018\/08\/000-1.jpg\",\"contentUrl\":\"https:\/\/hir.mediamarkt.hu\/magazin\/wp-content\/uploads\/2018\/08\/000-1.jpg\",\"width\":665,\"height\":603},{\"@type\":\"BreadcrumbList\",\"@id\":\"https:\/\/hir.mediamarkt.hu\/magazin\/nosztalgia-retro-tanszerek-es-iskola-felszerelesek-suli\/#breadcrumb\",\"itemListElement\":[{\"@type\":\"ListItem\",\"position\":1,\"name\":\"Kezd\u0151lap\",\"item\":\"https:\/\/hir.mediamarkt.hu\/magazin\/\"},{\"@type\":\"ListItem\",\"position\":2,\"name\":\"Nosztalgia-percek: azok a r\u00e9gi, j\u00f3 retro tanszerek \u00e9s iskola felszerel\u00e9sek\u2026\"}]},{\"@type\":\"WebSite\",\"@id\":\"https:\/\/hir.mediamarkt.hu\/magazin\/#website\",\"url\":\"https:\/\/hir.mediamarkt.hu\/magazin\/\",\"name\":\"MediaMarkt Magazin\",\"description\":\"Olvass bele magazinunkba!\",\"potentialAction\":[{\"@type\":\"SearchAction\",\"target\":{\"@type\":\"EntryPoint\",\"urlTemplate\":\"https:\/\/hir.mediamarkt.hu\/magazin\/?s={search_term_string}\"},\"query-input\":\"required name=search_term_string\"}],\"inLanguage\":\"hu\"},{\"@type\":\"Person\",\"@id\":\"https:\/\/hir.mediamarkt.hu\/magazin\/#\/schema\/person\/b93b02ec1ab4d2353f8d281e171c1b0b\",\"name\":\"Media Markt\",\"image\":{\"@type\":\"ImageObject\",\"inLanguage\":\"hu\",\"@id\":\"https:\/\/hir.mediamarkt.hu\/magazin\/#\/schema\/person\/image\/\",\"url\":\"https:\/\/secure.gravatar.com\/avatar\/602bccae8998beee472d01909f0978f1?s=96&d=mm&r=g\",\"contentUrl\":\"https:\/\/secure.gravatar.com\/avatar\/602bccae8998beee472d01909f0978f1?s=96&d=mm&r=g\",\"caption\":\"Media Markt\"}}]}<\/script>\n<!-- \/ Yoast SEO plugin. -->","yoast_head_json":{"title":"Nosztalgia-percek: azok a r\u00e9gi, j\u00f3 retro tanszerek \u00e9s iskola felszerel\u00e9sek\u2026 - MediaMarkt Magazin","robots":{"index":"index","follow":"follow","max-snippet":"max-snippet:-1","max-image-preview":"max-image-preview:large","max-video-preview":"max-video-preview:-1"},"canonical":"https:\/\/hir.mediamarkt.hu\/magazin\/nosztalgia-retro-tanszerek-es-iskola-felszerelesek-suli\/","og_locale":"hu_HU","og_type":"article","og_title":"Nosztalgia-percek: azok a r\u00e9gi, j\u00f3 retro tanszerek \u00e9s iskola felszerel\u00e9sek\u2026 - MediaMarkt Magazin","og_description":"Mekkora dolog volt egykor \u201ca szagos rad\u00edr\u201d \u00e9s a Budmil t\u00e1ska! Hirtelen, szinte \u00e9szrev\u00e9tlen\u00fcl ugrottunk \u00e1t az egyen, s\u00f6t\u00e9tk\u00e9k f\u00fczet bek\u00f6t\u0151k \u00e9s piros-feh\u00e9r vinyett\u00e1k vil\u00e1g\u00e1b\u00f3l az \u00c1PISZ-ok v\u00e9gtelennek t\u0171n\u0151, rendszerv\u00e1lt\u00e1s ut\u00e1ni k\u00edn\u00e1lat\u00e1ba. A 80-as \u00e9vek retro iskolai holmijai felett nosztalgi\u00e1ztunk. \u00c9s persze megn\u00e9zt\u00fck, mi lapul a MediaMarkt polcain 2018-ban, a t\u00e9m\u00e1ban!","og_url":"https:\/\/hir.mediamarkt.hu\/magazin\/nosztalgia-retro-tanszerek-es-iskola-felszerelesek-suli\/","og_site_name":"MediaMarkt Magazin","article_publisher":"https:\/\/www.facebook.com\/MediaMarktMagyarorszag","article_published_time":"2018-08-31T06:55:21+00:00","article_modified_time":"2018-08-30T20:16:47+00:00","og_image":[{"width":665,"height":603,"url":"https:\/\/hir.mediamarkt.hu\/magazin\/wp-content\/uploads\/2018\/08\/000-1.jpg","type":"image\/jpeg"}],"author":"Media Markt","twitter_misc":{"Szerz\u0151:":"Media Markt","Becs\u00fclt olvas\u00e1si id\u0151":"8 perc"},"schema":{"@context":"https:\/\/schema.org","@graph":[{"@type":"WebPage","@id":"https:\/\/hir.mediamarkt.hu\/magazin\/nosztalgia-retro-tanszerek-es-iskola-felszerelesek-suli\/","url":"https:\/\/hir.mediamarkt.hu\/magazin\/nosztalgia-retro-tanszerek-es-iskola-felszerelesek-suli\/","name":"Nosztalgia-percek: azok a r\u00e9gi, j\u00f3 retro tanszerek \u00e9s iskola felszerel\u00e9sek\u2026 - MediaMarkt Magazin","isPartOf":{"@id":"https:\/\/hir.mediamarkt.hu\/magazin\/#website"},"primaryImageOfPage":{"@id":"https:\/\/hir.mediamarkt.hu\/magazin\/nosztalgia-retro-tanszerek-es-iskola-felszerelesek-suli\/#primaryimage"},"image":{"@id":"https:\/\/hir.mediamarkt.hu\/magazin\/nosztalgia-retro-tanszerek-es-iskola-felszerelesek-suli\/#primaryimage"},"thumbnailUrl":"https:\/\/hir.mediamarkt.hu\/magazin\/wp-content\/uploads\/2018\/08\/000-1.jpg","datePublished":"2018-08-31T06:55:21+00:00","dateModified":"2018-08-30T20:16:47+00:00","author":{"@id":"https:\/\/hir.mediamarkt.hu\/magazin\/#\/schema\/person\/b93b02ec1ab4d2353f8d281e171c1b0b"},"breadcrumb":{"@id":"https:\/\/hir.mediamarkt.hu\/magazin\/nosztalgia-retro-tanszerek-es-iskola-felszerelesek-suli\/#breadcrumb"},"inLanguage":"hu","potentialAction":[{"@type":"ReadAction","target":["https:\/\/hir.mediamarkt.hu\/magazin\/nosztalgia-retro-tanszerek-es-iskola-felszerelesek-suli\/"]}]},{"@type":"ImageObject","inLanguage":"hu","@id":"https:\/\/hir.mediamarkt.hu\/magazin\/nosztalgia-retro-tanszerek-es-iskola-felszerelesek-suli\/#primaryimage","url":"https:\/\/hir.mediamarkt.hu\/magazin\/wp-content\/uploads\/2018\/08\/000-1.jpg","contentUrl":"https:\/\/hir.mediamarkt.hu\/magazin\/wp-content\/uploads\/2018\/08\/000-1.jpg","width":665,"height":603},{"@type":"BreadcrumbList","@id":"https:\/\/hir.mediamarkt.hu\/magazin\/nosztalgia-retro-tanszerek-es-iskola-felszerelesek-suli\/#breadcrumb","itemListElement":[{"@type":"ListItem","position":1,"name":"Kezd\u0151lap","item":"https:\/\/hir.mediamarkt.hu\/magazin\/"},{"@type":"ListItem","position":2,"name":"Nosztalgia-percek: azok a r\u00e9gi, j\u00f3 retro tanszerek \u00e9s iskola felszerel\u00e9sek\u2026"}]},{"@type":"WebSite","@id":"https:\/\/hir.mediamarkt.hu\/magazin\/#website","url":"https:\/\/hir.mediamarkt.hu\/magazin\/","name":"MediaMarkt Magazin","description":"Olvass bele magazinunkba!","potentialAction":[{"@type":"SearchAction","target":{"@type":"EntryPoint","urlTemplate":"https:\/\/hir.mediamarkt.hu\/magazin\/?s={search_term_string}"},"query-input":"required name=search_term_string"}],"inLanguage":"hu"},{"@type":"Person","@id":"https:\/\/hir.mediamarkt.hu\/magazin\/#\/schema\/person\/b93b02ec1ab4d2353f8d281e171c1b0b","name":"Media Markt","image":{"@type":"ImageObject","inLanguage":"hu","@id":"https:\/\/hir.mediamarkt.hu\/magazin\/#\/schema\/person\/image\/","url":"https:\/\/secure.gravatar.com\/avatar\/602bccae8998beee472d01909f0978f1?s=96&d=mm&r=g","contentUrl":"https:\/\/secure.gravatar.com\/avatar\/602bccae8998beee472d01909f0978f1?s=96&d=mm&r=g","caption":"Media Markt"}}]}},"_links":{"self":[{"href":"https:\/\/hir.mediamarkt.hu\/magazin\/wp-json\/wp\/v2\/posts\/6569"}],"collection":[{"href":"https:\/\/hir.mediamarkt.hu\/magazin\/wp-json\/wp\/v2\/posts"}],"about":[{"href":"https:\/\/hir.mediamarkt.hu\/magazin\/wp-json\/wp\/v2\/types\/post"}],"author":[{"embeddable":true,"href":"https:\/\/hir.mediamarkt.hu\/magazin\/wp-json\/wp\/v2\/users\/13"}],"replies":[{"embeddable":true,"href":"https:\/\/hir.mediamarkt.hu\/magazin\/wp-json\/wp\/v2\/comments?post=6569"}],"version-history":[{"count":3,"href":"https:\/\/hir.mediamarkt.hu\/magazin\/wp-json\/wp\/v2\/posts\/6569\/revisions"}],"predecessor-version":[{"id":6595,"href":"https:\/\/hir.mediamarkt.hu\/magazin\/wp-json\/wp\/v2\/posts\/6569\/revisions\/6595"}],"wp:featuredmedia":[{"embeddable":true,"href":"https:\/\/hir.mediamarkt.hu\/magazin\/wp-json\/wp\/v2\/media\/6591"}],"wp:attachment":[{"href":"https:\/\/hir.mediamarkt.hu\/magazin\/wp-json\/wp\/v2\/media?parent=6569"}],"wp:term":[{"taxonomy":"category","embeddable":true,"href":"https:\/\/hir.mediamarkt.hu\/magazin\/wp-json\/wp\/v2\/categories?post=6569"},{"taxonomy":"post_tag","embeddable":true,"href":"https:\/\/hir.mediamarkt.hu\/magazin\/wp-json\/wp\/v2\/tags?post=6569"}],"curies":[{"name":"wp","href":"https:\/\/api.w.org\/{rel}","templated":true}]}}