{"id":6984,"date":"2018-10-19T07:55:46","date_gmt":"2018-10-19T06:55:46","guid":{"rendered":"http:\/\/hir.mediamarkt.hu\/magazin\/?p=6984"},"modified":"2018-10-18T13:22:27","modified_gmt":"2018-10-18T12:22:27","slug":"infralampa-teli-natha-influenza-gyogymod-retro-emlek","status":"publish","type":"post","link":"https:\/\/hir.mediamarkt.hu\/magazin\/infralampa-teli-natha-influenza-gyogymod-retro-emlek\/","title":{"rendered":"Gyerekkorunk eml\u00e9kei: az \u201cinfr\u00e1z\u00e1s\u201d"},"content":{"rendered":"<b>\u00c9n tipikusan az a gyerek voltam, akit ha csak kicsit megf\u00fajt a sz\u00e9l, m\u00e1r \u00e1gyba ker\u00fcltem \u00e9s napokig beteg voltam. A f\u00e9l \u00f3vod\u00e1s \u00e9s kisiskol\u00e1s korom egy infral\u00e1mpa alatt t\u00f6lt\u00f6ttem, de ezt nem igaz\u00e1n b\u00e1ntam. Akkor m\u00e9g nem tudtam, hogy a \u2018tr\u00f3pusi\u2019 hangulat\u00fa f\u00e9ny \u00e9s h\u0151 hat\u00e1s a ked\u00e9ly\u00e1llapotomat is jav\u00edtotta. Nem csak a folyamatos orrf\u00faly\u00e1son seg\u00edtett. J\u00f6jj\u00f6n az eszk\u00f6z, ami gener\u00e1ci\u00f3kon \u00e1t kiseg\u00edt a bajb\u00f3l!<\/b><!--more-->\r\n\r\n&nbsp;\r\n\r\n<span style=\"font-weight: 400;\">M\u00edg a 80-as \u00e9vek infral\u00e1mp\u00e1ja neh\u00e9z, el\u00e9g ronda vasl\u00e1bakon \u00e1ll\u00f3 szerkezet volt, amelybe a speci\u00e1lis \u00e9g\u0151 ker\u00fclt, minden b\u00fara vagy v\u00e9d\u0151fel\u00fclet n\u00e9lk\u00fcl, addig a mai \u201ckistestv\u00e9rek\u201d m\u00e1r mutat\u00f3sabb \u00e9s val\u00f3sz\u00edn\u0171leg biztons\u00e1gosabb darabok. <\/span>\r\n\r\n<span style=\"font-weight: 400;\">B\u00e1r az \u00e9n esetemben am\u00fagy sem igaz\u00e1n az el\u0151\u00edr\u00e1soknak megfelel\u0151en ment a haszn\u00e1lat. <strong>Any\u00e1m, hogy nyugodtan pihenhessek a j\u00f3t\u00e9kony sugarak alatt, a l\u00e1mp\u00e1t a zsin\u00f3rj\u00e1val az \u00e1gyam felett \u00edvel\u0151 gal\u00e9ria l\u00e9pcs\u0151re tekerte, majd a k\u00e9sz\u00fcl\u00e9ket sz\u00e9pen bedugta.<\/strong> Ha szerencs\u00e9m volt, m\u00e9g h\u0171v\u00f6s \u00e1llapotban be\u00e1ll\u00edtottuk a megfelel\u0151 k\u00e1bel hosszt \u00e9s magass\u00e1got. De \u00edgy is, \u00fagy is h\u00e1ton kellett bek\u00fasznom a szerkezet al\u00e1.\u00a0<\/span><span style=\"font-weight: 400;\">A minim\u00e1lisan vesz\u00e9lyes megold\u00e1s ellen\u00e9re eszm\u00e9letlen\u00fcl k\u00e9nyelmes volt a dolog, h\u00e1ton fekve \u201cs\u00fctk\u00e9rezhettem\u201d a saj\u00e1t \u00e1gyamban, csak \u00e9pp a fejem ilyenkor a m\u00e1sik ir\u00e1nyban pihent, mint \u00e9jszak\u00e1nk\u00e9nt. <\/span>\r\n\r\n<span style=\"font-weight: 400;\">Sokszor azt k\u00e9pzeltem, hogy ny\u00e1r van, lent vagyunk a Balatonon (hol volt akkor nekem m\u00e9g ismeretem a tengerr\u0151l \u00e9s az \u00f3ce\u00e1nr\u00f3l?!) \u00e9s hamarosan fagylalt id\u0151 lesz. Sz\u00f3val <strong>egy\u00e1ltal\u00e1n nem viselt meg az \u201cinfr\u00e1z\u00e1s\u201d<\/strong>, \u00e9s b\u00e1r kifejezetten szerettem \u00f3vod\u00e1ba \u00e9s iskol\u00e1ba j\u00e1rni, ezeket a d\u00e9lut\u00e1nokat semmi\u00e9rt sem cser\u00e9ltem volna el.<\/span>\r\n\r\n<img loading=\"lazy\" decoding=\"async\" class=\"alignnone size-large wp-image-6994\" src=\"https:\/\/hir.mediamarkt.hu\/magazin\/wp-content\/uploads\/2018\/10\/pexels-photo-386000-1024x683.jpeg\" alt=\"\" width=\"1024\" height=\"683\" srcset=\"https:\/\/hir.mediamarkt.hu\/magazin\/wp-content\/uploads\/2018\/10\/pexels-photo-386000-1024x683.jpeg 1024w, https:\/\/hir.mediamarkt.hu\/magazin\/wp-content\/uploads\/2018\/10\/pexels-photo-386000-275x183.jpeg 275w, https:\/\/hir.mediamarkt.hu\/magazin\/wp-content\/uploads\/2018\/10\/pexels-photo-386000-300x200.jpeg 300w, https:\/\/hir.mediamarkt.hu\/magazin\/wp-content\/uploads\/2018\/10\/pexels-photo-386000-768x512.jpeg 768w, https:\/\/hir.mediamarkt.hu\/magazin\/wp-content\/uploads\/2018\/10\/pexels-photo-386000.jpeg 1440w\" sizes=\"(max-width: 1024px) 100vw, 1024px\" \/>\r\n\r\n<span style=\"font-weight: 400;\">Valami hatalmas szerencs\u00e9nek h\u00e1la r\u00e1ad\u00e1sul olyan gyermekorvosom volt, aki csak \u201cv\u00e9gs\u0151 esetben\u201d \u00edrt fel antibiotikumot. \u00cdgy <strong>a gy\u00f3gy\u00edt\u00f3 meleg f\u00e9nyt \u00e1ltal\u00e1ban csak kalmopyrinnel, orrcseppel \u00e9s persze hektoliternyi m\u00e9zes te\u00e1val abszolv\u00e1ltam<\/strong> (plusz j\u00e1rt a kanalas vas orvoss\u00e1g, amit a Marry Poppins vonatkoz\u00f3 jelenete ut\u00e1n sem szerettem meg jobban, lehet az\u00e9rt, mert nem volt nevel\u0151n\u0151m, aki \u00e1tv\u00e1ltoztathatta volna a feket\u00e9s l\u00f6tty\u00f6t valami \u00edzes szirupp\u00e1). Sz\u00f3val a \u201cn\u00e9pi gy\u00f3gym\u00f3dnak\u201d elkeresztelt met\u00f3dusokkal l\u00e1badoztam.<\/span>\r\n\r\n<span style=\"font-weight: 400;\">Itt persze gondolhatn\u00e1nk, a sokszor felbukkan\u00f3 betegs\u00e9g h\u00e1tter\u00e9ben a l\u00f3r\u00fag\u00e1s szer\u0171 antibiotikumok hi\u00e1nya \u00e1llt. Nos, b\u00e1r egy\u00e1ltal\u00e1n nem vagyok a nyugati orvosl\u00e1s ellen, biztos vagyok benne, hogy a k\u00e9t l\u00e1bon j\u00e1r\u00f3 szentnek t\u0171n\u0151, angyali h\u00e1ziorvosom (aki sosem dugott spatul\u00e1t a gyerekek sz\u00e1j\u00e1ba \u00e9s mindig adott egy kis, saj\u00e1t k\u00e9zzel k\u00e9sz\u00edtett rajzot a rendel\u00e9s v\u00e9g\u00e9n!) j\u00f3l d\u00f6nt\u00f6tt. <strong>A betegs\u00e9geim nagy r\u00e9sze pszich\u00e9s alapon j\u00f6tt ki \u00fajra \u00e9s \u00fajra<\/strong> (els\u0151sorban a v\u00e1l\u00e1s ut\u00e1n, a h\u00e9tv\u00e9gi vid\u00e9ki l\u00e1togat\u00e1sokn\u00e1l, ap\u00e1mn\u00e1l), meg azt\u00e1n az sem volt mindegy, hogy mindig l\u00fadtoll dunyh\u00e1ba dugtak ilyenkor, amire, mint kider\u00fclt allergi\u00e1s voltam\u2026<\/span>\r\n\r\n<img loading=\"lazy\" decoding=\"async\" class=\"alignnone size-large wp-image-6991\" src=\"https:\/\/hir.mediamarkt.hu\/magazin\/wp-content\/uploads\/2018\/10\/inf-1024x683.jpeg\" alt=\"\" width=\"1024\" height=\"683\" srcset=\"https:\/\/hir.mediamarkt.hu\/magazin\/wp-content\/uploads\/2018\/10\/inf-1024x683.jpeg 1024w, https:\/\/hir.mediamarkt.hu\/magazin\/wp-content\/uploads\/2018\/10\/inf-275x183.jpeg 275w, https:\/\/hir.mediamarkt.hu\/magazin\/wp-content\/uploads\/2018\/10\/inf-300x200.jpeg 300w, https:\/\/hir.mediamarkt.hu\/magazin\/wp-content\/uploads\/2018\/10\/inf-768x512.jpeg 768w, https:\/\/hir.mediamarkt.hu\/magazin\/wp-content\/uploads\/2018\/10\/inf.jpeg 1440w\" sizes=\"(max-width: 1024px) 100vw, 1024px\" \/>\r\n\r\n&nbsp;\r\n\r\n<span style=\"font-weight: 400;\">V\u00e9g\u00fcl szerencs\u00e9vel feln\u0151ttem, komolyabb betegs\u00e9g n\u00e9lk\u00fcl (mind\u00f6ssze a szok\u00e1sos mandula m\u0171t\u00e9teken estem \u00e1t). <strong>Az infral\u00e1mpa szerep\u00e9nek nagy jelent\u0151s\u00e9get tulajdon\u00edtok, ahogy nagyany\u00e1m gondoskod\u00e1sa, any\u00e1m munkaid\u0151 ut\u00e1ni extra figyelme is mindig felgyors\u00edtotta a gy\u00f3gyul\u00e1st. <\/strong><\/span><span style=\"font-weight: 400;\">Az internetes (\u00f6n)gy\u00f3gy\u00edt\u00e1st &#8211; f\u0151leg bab\u00e1k \u00e9s gyerekek eset\u00e9ben &#8211; \u00e9n sem p\u00e1rtolom. De a mezei n\u00e1tha, a tipikus megf\u00e1z\u00e1sok \u00e9s a m\u00e1r j\u00f3l ismert influenz\u00e1k eset\u00e9n az\u00e9rt hagyatkozhatunk a j\u00f3l bev\u00e1lt, r\u00e9gi tr\u00fckk\u00f6kre. Ha szerencs\u00e9nk van, a h\u00e1zi- \u00e9s gyermekorvos is ezt aj\u00e1nlja majd, \u00e9s \u00f6tv\u00f6zi a gy\u00f3gyszereket a hagyom\u00e1nyos elj\u00e1r\u00e1sokkal. Hogy ma h\u00e1nyan \u201c\u00edrnak fel\u201d infral\u00e1mp\u00e1t, nem tudom. Mindenesetre, mint egykori kehes kis 20 kil\u00f3s, j\u00f3 sz\u00edvvel aj\u00e1nlom. A biztons\u00e1gra pedig \u00fcgyelj\u00fcnk, de nagyon! Feln\u0151tt fejjel is!<\/span>\r\n\r\n&nbsp;\r\n\r\n<a href=\"https:\/\/www.youtube.com\/watch?v=3LO6iC59K70\">https:\/\/www.youtube.com\/watch?v=3LO6iC59K70<\/a>\r\n\r\n&nbsp;\r\n<h2><b>Kapcsol\u00f3d\u00f3 MediaMarkt term\u00e9kek: <\/b><\/h2>\r\n&nbsp;\r\n\r\n<strong>12 db k\u00fcl\u00f6nb\u00f6z\u0151 <a href=\"https:\/\/www.mediamarkt.hu\/hu\/category\/_f%C3%A9nyter%C3%A1pi%C3%A1s-k%C3%A9sz%C3%BCl%C3%A9k-679032.html?searchParams=&amp;sort=price&amp;view=&amp;page=\">f\u00e9nyter\u00e1pi\u00e1s k\u00e9sz\u00fcl\u00e9k<\/a><\/strong>\r\n\r\n<strong><a href=\"https:\/\/www.mediamarkt.hu\/hu\/product\/_momert-3000-infral%C3%A1mpa-1067034.html\">MOMERT 3000 infral\u00e1mpa<\/a>, 4999 Ft<\/strong>\r\n\r\n<strong><a href=\"https:\/\/www.mediamarkt.hu\/hu\/product\/_momert-3002-infral%C3%A1mpa-1104117.html\">MOMERT 3002 infral\u00e1mpa<\/a>, 5499 Ft<\/strong>\r\n\r\n<strong><a href=\"https:\/\/www.mediamarkt.hu\/hu\/product\/_beurer-il-11-infral%C3%A1mpa-1017990.html\">BEURER IL 11 infral\u00e1mpa<\/a>, 6599 Ft<\/strong>\r\n\r\n<strong><a href=\"https:\/\/www.mediamarkt.hu\/hu\/product\/_beurer-il-35-infrav%C3%B6r%C3%B6s-l%C3%A1mpa-1225596.html\">BEURER IL 35 Infrav\u00f6r\u00f6s l\u00e1mpa<\/a>, 14 999 Ft<\/strong>\r\n\r\n<strong><a href=\"https:\/\/www.mediamarkt.hu\/hu\/product\/_medisana-ir-885-infral%C3%A1mpa-300-watt-1156262.html\">MEDISANA IR 885 Infral\u00e1mpa 300 watt<\/a>, 33 599 Ft<\/strong>\r\n\r\n<img loading=\"lazy\" decoding=\"async\" class=\"alignnone size-full wp-image-6985\" src=\"https:\/\/hir.mediamarkt.hu\/magazin\/wp-content\/uploads\/2018\/10\/in.png\" alt=\"\" width=\"786\" height=\"587\" srcset=\"https:\/\/hir.mediamarkt.hu\/magazin\/wp-content\/uploads\/2018\/10\/in.png 786w, https:\/\/hir.mediamarkt.hu\/magazin\/wp-content\/uploads\/2018\/10\/in-275x205.png 275w, https:\/\/hir.mediamarkt.hu\/magazin\/wp-content\/uploads\/2018\/10\/in-300x224.png 300w, https:\/\/hir.mediamarkt.hu\/magazin\/wp-content\/uploads\/2018\/10\/in-768x574.png 768w\" sizes=\"(max-width: 786px) 100vw, 786px\" \/> <img loading=\"lazy\" decoding=\"async\" class=\"alignnone size-large wp-image-6986\" src=\"https:\/\/hir.mediamarkt.hu\/magazin\/wp-content\/uploads\/2018\/10\/in1.png\" alt=\"\" width=\"786\" height=\"587\" srcset=\"https:\/\/hir.mediamarkt.hu\/magazin\/wp-content\/uploads\/2018\/10\/in1.png 786w, https:\/\/hir.mediamarkt.hu\/magazin\/wp-content\/uploads\/2018\/10\/in1-275x205.png 275w, https:\/\/hir.mediamarkt.hu\/magazin\/wp-content\/uploads\/2018\/10\/in1-300x224.png 300w, https:\/\/hir.mediamarkt.hu\/magazin\/wp-content\/uploads\/2018\/10\/in1-768x574.png 768w\" sizes=\"(max-width: 786px) 100vw, 786px\" \/> <img loading=\"lazy\" decoding=\"async\" class=\"alignnone size-large wp-image-6987\" src=\"https:\/\/hir.mediamarkt.hu\/magazin\/wp-content\/uploads\/2018\/10\/in2.png\" alt=\"\" width=\"786\" height=\"587\" srcset=\"https:\/\/hir.mediamarkt.hu\/magazin\/wp-content\/uploads\/2018\/10\/in2.png 786w, https:\/\/hir.mediamarkt.hu\/magazin\/wp-content\/uploads\/2018\/10\/in2-275x205.png 275w, https:\/\/hir.mediamarkt.hu\/magazin\/wp-content\/uploads\/2018\/10\/in2-300x224.png 300w, https:\/\/hir.mediamarkt.hu\/magazin\/wp-content\/uploads\/2018\/10\/in2-768x574.png 768w\" sizes=\"(max-width: 786px) 100vw, 786px\" \/> <img loading=\"lazy\" decoding=\"async\" class=\"alignnone size-large wp-image-6988\" src=\"https:\/\/hir.mediamarkt.hu\/magazin\/wp-content\/uploads\/2018\/10\/in2a.png\" alt=\"\" width=\"786\" height=\"587\" srcset=\"https:\/\/hir.mediamarkt.hu\/magazin\/wp-content\/uploads\/2018\/10\/in2a.png 786w, https:\/\/hir.mediamarkt.hu\/magazin\/wp-content\/uploads\/2018\/10\/in2a-275x205.png 275w, https:\/\/hir.mediamarkt.hu\/magazin\/wp-content\/uploads\/2018\/10\/in2a-300x224.png 300w, https:\/\/hir.mediamarkt.hu\/magazin\/wp-content\/uploads\/2018\/10\/in2a-768x574.png 768w\" sizes=\"(max-width: 786px) 100vw, 786px\" \/> <img loading=\"lazy\" decoding=\"async\" class=\"alignnone size-large wp-image-6989\" src=\"https:\/\/hir.mediamarkt.hu\/magazin\/wp-content\/uploads\/2018\/10\/in3.png\" alt=\"\" width=\"786\" height=\"587\" srcset=\"https:\/\/hir.mediamarkt.hu\/magazin\/wp-content\/uploads\/2018\/10\/in3.png 786w, https:\/\/hir.mediamarkt.hu\/magazin\/wp-content\/uploads\/2018\/10\/in3-275x205.png 275w, https:\/\/hir.mediamarkt.hu\/magazin\/wp-content\/uploads\/2018\/10\/in3-300x224.png 300w, https:\/\/hir.mediamarkt.hu\/magazin\/wp-content\/uploads\/2018\/10\/in3-768x574.png 768w\" sizes=\"(max-width: 786px) 100vw, 786px\" \/>","protected":false},"excerpt":{"rendered":"\u00c9n tipikusan az a gyerek voltam, akit ha csak kicsit megf\u00fajt a sz\u00e9l, m\u00e1r \u00e1gyba ker\u00fcltem \u00e9s napokig beteg voltam. A f\u00e9l \u00f3vod\u00e1s \u00e9s kisiskol\u00e1s korom egy infral\u00e1mpa alatt t\u00f6lt\u00f6ttem, de ezt nem igaz\u00e1n b\u00e1ntam. Akkor m\u00e9g nem tudtam, hogy a \u2018tr\u00f3pusi\u2019 hangulat\u00fa f\u00e9ny \u00e9s h\u0151 hat\u00e1s a ked\u00e9ly\u00e1llapotomat is jav\u00edtotta. Nem csak a folyamatos orrf\u00faly\u00e1son seg\u00edtett. J\u00f6jj\u00f6n az eszk\u00f6z, ami gener\u00e1ci\u00f3kon \u00e1t kiseg\u00edt a bajb\u00f3l!","protected":false},"author":13,"featured_media":6992,"comment_status":"open","ping_status":"open","sticky":false,"template":"","format":"standard","meta":{"wprm-recipe-roundup-name":"","wprm-recipe-roundup-description":"","footnotes":""},"categories":[5968],"tags":[2851,1176,2363,2852,287,2849,2799,2848,2127,2173,2850],"yoast_head":"<!-- This site is optimized with the Yoast SEO plugin v22.9 - https:\/\/yoast.com\/wordpress\/plugins\/seo\/ -->\n<title>Gyerekkorunk eml\u00e9kei: az \u201cinfr\u00e1z\u00e1s\u201d - MediaMarkt Magazin<\/title>\n<meta name=\"description\" content=\"J\u00f6n a t\u00e9l \u00e9s vele egy\u00fctt az influenza szezon. \u00d6tv\u00f6zz\u00fck a biztons\u00e1gos, nyugati gy\u00f3gyszereket \u00e9s a hagyom\u00e1nyos, &quot;n\u00e9pi gy\u00f3gym\u00f3dokat&quot;! Kezdj\u00fck az infral\u00e1mp\u00e1val!\" \/>\n<meta name=\"robots\" content=\"index, follow, max-snippet:-1, max-image-preview:large, max-video-preview:-1\" \/>\n<link rel=\"canonical\" href=\"https:\/\/hir.mediamarkt.hu\/magazin\/infralampa-teli-natha-influenza-gyogymod-retro-emlek\/\" \/>\n<meta property=\"og:locale\" content=\"hu_HU\" \/>\n<meta property=\"og:type\" content=\"article\" \/>\n<meta property=\"og:title\" content=\"Gyerekkorunk eml\u00e9kei: az \u201cinfr\u00e1z\u00e1s\u201d - MediaMarkt Magazin\" \/>\n<meta property=\"og:description\" content=\"J\u00f6n a t\u00e9l \u00e9s vele egy\u00fctt az influenza szezon. \u00d6tv\u00f6zz\u00fck a biztons\u00e1gos, nyugati gy\u00f3gyszereket \u00e9s a hagyom\u00e1nyos, &quot;n\u00e9pi gy\u00f3gym\u00f3dokat&quot;! Kezdj\u00fck az infral\u00e1mp\u00e1val!\" \/>\n<meta property=\"og:url\" content=\"https:\/\/hir.mediamarkt.hu\/magazin\/infralampa-teli-natha-influenza-gyogymod-retro-emlek\/\" \/>\n<meta property=\"og:site_name\" content=\"MediaMarkt Magazin\" \/>\n<meta property=\"article:publisher\" content=\"https:\/\/www.facebook.com\/MediaMarktMagyarorszag\" \/>\n<meta property=\"article:published_time\" content=\"2018-10-19T06:55:46+00:00\" \/>\n<meta property=\"article:modified_time\" content=\"2018-10-18T12:22:27+00:00\" \/>\n<meta property=\"og:image\" content=\"https:\/\/hir.mediamarkt.hu\/magazin\/wp-content\/uploads\/2018\/10\/inf1.jpeg\" \/>\n\t<meta property=\"og:image:width\" content=\"1440\" \/>\n\t<meta property=\"og:image:height\" content=\"1029\" \/>\n\t<meta property=\"og:image:type\" content=\"image\/jpeg\" \/>\n<meta name=\"author\" content=\"Media Markt\" \/>\n<meta name=\"twitter:label1\" content=\"Szerz\u0151:\" \/>\n\t<meta name=\"twitter:data1\" content=\"Media Markt\" \/>\n\t<meta name=\"twitter:label2\" content=\"Becs\u00fclt olvas\u00e1si id\u0151\" \/>\n\t<meta name=\"twitter:data2\" content=\"4 perc\" \/>\n<script type=\"application\/ld+json\" class=\"yoast-schema-graph\">{\"@context\":\"https:\/\/schema.org\",\"@graph\":[{\"@type\":\"WebPage\",\"@id\":\"https:\/\/hir.mediamarkt.hu\/magazin\/infralampa-teli-natha-influenza-gyogymod-retro-emlek\/\",\"url\":\"https:\/\/hir.mediamarkt.hu\/magazin\/infralampa-teli-natha-influenza-gyogymod-retro-emlek\/\",\"name\":\"Gyerekkorunk eml\u00e9kei: az \u201cinfr\u00e1z\u00e1s\u201d - MediaMarkt Magazin\",\"isPartOf\":{\"@id\":\"https:\/\/hir.mediamarkt.hu\/magazin\/#website\"},\"primaryImageOfPage\":{\"@id\":\"https:\/\/hir.mediamarkt.hu\/magazin\/infralampa-teli-natha-influenza-gyogymod-retro-emlek\/#primaryimage\"},\"image\":{\"@id\":\"https:\/\/hir.mediamarkt.hu\/magazin\/infralampa-teli-natha-influenza-gyogymod-retro-emlek\/#primaryimage\"},\"thumbnailUrl\":\"https:\/\/hir.mediamarkt.hu\/magazin\/wp-content\/uploads\/2018\/10\/inf1.jpeg\",\"datePublished\":\"2018-10-19T06:55:46+00:00\",\"dateModified\":\"2018-10-18T12:22:27+00:00\",\"author\":{\"@id\":\"https:\/\/hir.mediamarkt.hu\/magazin\/#\/schema\/person\/b93b02ec1ab4d2353f8d281e171c1b0b\"},\"description\":\"J\u00f6n a t\u00e9l \u00e9s vele egy\u00fctt az influenza szezon. \u00d6tv\u00f6zz\u00fck a biztons\u00e1gos, nyugati gy\u00f3gyszereket \u00e9s a hagyom\u00e1nyos, \\\"n\u00e9pi gy\u00f3gym\u00f3dokat\\\"! Kezdj\u00fck az infral\u00e1mp\u00e1val!\",\"breadcrumb\":{\"@id\":\"https:\/\/hir.mediamarkt.hu\/magazin\/infralampa-teli-natha-influenza-gyogymod-retro-emlek\/#breadcrumb\"},\"inLanguage\":\"hu\",\"potentialAction\":[{\"@type\":\"ReadAction\",\"target\":[\"https:\/\/hir.mediamarkt.hu\/magazin\/infralampa-teli-natha-influenza-gyogymod-retro-emlek\/\"]}]},{\"@type\":\"ImageObject\",\"inLanguage\":\"hu\",\"@id\":\"https:\/\/hir.mediamarkt.hu\/magazin\/infralampa-teli-natha-influenza-gyogymod-retro-emlek\/#primaryimage\",\"url\":\"https:\/\/hir.mediamarkt.hu\/magazin\/wp-content\/uploads\/2018\/10\/inf1.jpeg\",\"contentUrl\":\"https:\/\/hir.mediamarkt.hu\/magazin\/wp-content\/uploads\/2018\/10\/inf1.jpeg\",\"width\":1440,\"height\":1029},{\"@type\":\"BreadcrumbList\",\"@id\":\"https:\/\/hir.mediamarkt.hu\/magazin\/infralampa-teli-natha-influenza-gyogymod-retro-emlek\/#breadcrumb\",\"itemListElement\":[{\"@type\":\"ListItem\",\"position\":1,\"name\":\"Kezd\u0151lap\",\"item\":\"https:\/\/hir.mediamarkt.hu\/magazin\/\"},{\"@type\":\"ListItem\",\"position\":2,\"name\":\"Gyerekkorunk eml\u00e9kei: az \u201cinfr\u00e1z\u00e1s\u201d\"}]},{\"@type\":\"WebSite\",\"@id\":\"https:\/\/hir.mediamarkt.hu\/magazin\/#website\",\"url\":\"https:\/\/hir.mediamarkt.hu\/magazin\/\",\"name\":\"MediaMarkt Magazin\",\"description\":\"Olvass bele magazinunkba!\",\"potentialAction\":[{\"@type\":\"SearchAction\",\"target\":{\"@type\":\"EntryPoint\",\"urlTemplate\":\"https:\/\/hir.mediamarkt.hu\/magazin\/?s={search_term_string}\"},\"query-input\":\"required name=search_term_string\"}],\"inLanguage\":\"hu\"},{\"@type\":\"Person\",\"@id\":\"https:\/\/hir.mediamarkt.hu\/magazin\/#\/schema\/person\/b93b02ec1ab4d2353f8d281e171c1b0b\",\"name\":\"Media Markt\",\"image\":{\"@type\":\"ImageObject\",\"inLanguage\":\"hu\",\"@id\":\"https:\/\/hir.mediamarkt.hu\/magazin\/#\/schema\/person\/image\/\",\"url\":\"https:\/\/secure.gravatar.com\/avatar\/602bccae8998beee472d01909f0978f1?s=96&d=mm&r=g\",\"contentUrl\":\"https:\/\/secure.gravatar.com\/avatar\/602bccae8998beee472d01909f0978f1?s=96&d=mm&r=g\",\"caption\":\"Media Markt\"}}]}<\/script>\n<!-- \/ Yoast SEO plugin. -->","yoast_head_json":{"title":"Gyerekkorunk eml\u00e9kei: az \u201cinfr\u00e1z\u00e1s\u201d - MediaMarkt Magazin","description":"J\u00f6n a t\u00e9l \u00e9s vele egy\u00fctt az influenza szezon. \u00d6tv\u00f6zz\u00fck a biztons\u00e1gos, nyugati gy\u00f3gyszereket \u00e9s a hagyom\u00e1nyos, \"n\u00e9pi gy\u00f3gym\u00f3dokat\"! Kezdj\u00fck az infral\u00e1mp\u00e1val!","robots":{"index":"index","follow":"follow","max-snippet":"max-snippet:-1","max-image-preview":"max-image-preview:large","max-video-preview":"max-video-preview:-1"},"canonical":"https:\/\/hir.mediamarkt.hu\/magazin\/infralampa-teli-natha-influenza-gyogymod-retro-emlek\/","og_locale":"hu_HU","og_type":"article","og_title":"Gyerekkorunk eml\u00e9kei: az \u201cinfr\u00e1z\u00e1s\u201d - MediaMarkt Magazin","og_description":"J\u00f6n a t\u00e9l \u00e9s vele egy\u00fctt az influenza szezon. \u00d6tv\u00f6zz\u00fck a biztons\u00e1gos, nyugati gy\u00f3gyszereket \u00e9s a hagyom\u00e1nyos, \"n\u00e9pi gy\u00f3gym\u00f3dokat\"! Kezdj\u00fck az infral\u00e1mp\u00e1val!","og_url":"https:\/\/hir.mediamarkt.hu\/magazin\/infralampa-teli-natha-influenza-gyogymod-retro-emlek\/","og_site_name":"MediaMarkt Magazin","article_publisher":"https:\/\/www.facebook.com\/MediaMarktMagyarorszag","article_published_time":"2018-10-19T06:55:46+00:00","article_modified_time":"2018-10-18T12:22:27+00:00","og_image":[{"width":1440,"height":1029,"url":"https:\/\/hir.mediamarkt.hu\/magazin\/wp-content\/uploads\/2018\/10\/inf1.jpeg","type":"image\/jpeg"}],"author":"Media Markt","twitter_misc":{"Szerz\u0151:":"Media Markt","Becs\u00fclt olvas\u00e1si id\u0151":"4 perc"},"schema":{"@context":"https:\/\/schema.org","@graph":[{"@type":"WebPage","@id":"https:\/\/hir.mediamarkt.hu\/magazin\/infralampa-teli-natha-influenza-gyogymod-retro-emlek\/","url":"https:\/\/hir.mediamarkt.hu\/magazin\/infralampa-teli-natha-influenza-gyogymod-retro-emlek\/","name":"Gyerekkorunk eml\u00e9kei: az \u201cinfr\u00e1z\u00e1s\u201d - MediaMarkt Magazin","isPartOf":{"@id":"https:\/\/hir.mediamarkt.hu\/magazin\/#website"},"primaryImageOfPage":{"@id":"https:\/\/hir.mediamarkt.hu\/magazin\/infralampa-teli-natha-influenza-gyogymod-retro-emlek\/#primaryimage"},"image":{"@id":"https:\/\/hir.mediamarkt.hu\/magazin\/infralampa-teli-natha-influenza-gyogymod-retro-emlek\/#primaryimage"},"thumbnailUrl":"https:\/\/hir.mediamarkt.hu\/magazin\/wp-content\/uploads\/2018\/10\/inf1.jpeg","datePublished":"2018-10-19T06:55:46+00:00","dateModified":"2018-10-18T12:22:27+00:00","author":{"@id":"https:\/\/hir.mediamarkt.hu\/magazin\/#\/schema\/person\/b93b02ec1ab4d2353f8d281e171c1b0b"},"description":"J\u00f6n a t\u00e9l \u00e9s vele egy\u00fctt az influenza szezon. \u00d6tv\u00f6zz\u00fck a biztons\u00e1gos, nyugati gy\u00f3gyszereket \u00e9s a hagyom\u00e1nyos, \"n\u00e9pi gy\u00f3gym\u00f3dokat\"! Kezdj\u00fck az infral\u00e1mp\u00e1val!","breadcrumb":{"@id":"https:\/\/hir.mediamarkt.hu\/magazin\/infralampa-teli-natha-influenza-gyogymod-retro-emlek\/#breadcrumb"},"inLanguage":"hu","potentialAction":[{"@type":"ReadAction","target":["https:\/\/hir.mediamarkt.hu\/magazin\/infralampa-teli-natha-influenza-gyogymod-retro-emlek\/"]}]},{"@type":"ImageObject","inLanguage":"hu","@id":"https:\/\/hir.mediamarkt.hu\/magazin\/infralampa-teli-natha-influenza-gyogymod-retro-emlek\/#primaryimage","url":"https:\/\/hir.mediamarkt.hu\/magazin\/wp-content\/uploads\/2018\/10\/inf1.jpeg","contentUrl":"https:\/\/hir.mediamarkt.hu\/magazin\/wp-content\/uploads\/2018\/10\/inf1.jpeg","width":1440,"height":1029},{"@type":"BreadcrumbList","@id":"https:\/\/hir.mediamarkt.hu\/magazin\/infralampa-teli-natha-influenza-gyogymod-retro-emlek\/#breadcrumb","itemListElement":[{"@type":"ListItem","position":1,"name":"Kezd\u0151lap","item":"https:\/\/hir.mediamarkt.hu\/magazin\/"},{"@type":"ListItem","position":2,"name":"Gyerekkorunk eml\u00e9kei: az \u201cinfr\u00e1z\u00e1s\u201d"}]},{"@type":"WebSite","@id":"https:\/\/hir.mediamarkt.hu\/magazin\/#website","url":"https:\/\/hir.mediamarkt.hu\/magazin\/","name":"MediaMarkt Magazin","description":"Olvass bele magazinunkba!","potentialAction":[{"@type":"SearchAction","target":{"@type":"EntryPoint","urlTemplate":"https:\/\/hir.mediamarkt.hu\/magazin\/?s={search_term_string}"},"query-input":"required name=search_term_string"}],"inLanguage":"hu"},{"@type":"Person","@id":"https:\/\/hir.mediamarkt.hu\/magazin\/#\/schema\/person\/b93b02ec1ab4d2353f8d281e171c1b0b","name":"Media Markt","image":{"@type":"ImageObject","inLanguage":"hu","@id":"https:\/\/hir.mediamarkt.hu\/magazin\/#\/schema\/person\/image\/","url":"https:\/\/secure.gravatar.com\/avatar\/602bccae8998beee472d01909f0978f1?s=96&d=mm&r=g","contentUrl":"https:\/\/secure.gravatar.com\/avatar\/602bccae8998beee472d01909f0978f1?s=96&d=mm&r=g","caption":"Media Markt"}}]}},"_links":{"self":[{"href":"https:\/\/hir.mediamarkt.hu\/magazin\/wp-json\/wp\/v2\/posts\/6984"}],"collection":[{"href":"https:\/\/hir.mediamarkt.hu\/magazin\/wp-json\/wp\/v2\/posts"}],"about":[{"href":"https:\/\/hir.mediamarkt.hu\/magazin\/wp-json\/wp\/v2\/types\/post"}],"author":[{"embeddable":true,"href":"https:\/\/hir.mediamarkt.hu\/magazin\/wp-json\/wp\/v2\/users\/13"}],"replies":[{"embeddable":true,"href":"https:\/\/hir.mediamarkt.hu\/magazin\/wp-json\/wp\/v2\/comments?post=6984"}],"version-history":[{"count":1,"href":"https:\/\/hir.mediamarkt.hu\/magazin\/wp-json\/wp\/v2\/posts\/6984\/revisions"}],"predecessor-version":[{"id":6995,"href":"https:\/\/hir.mediamarkt.hu\/magazin\/wp-json\/wp\/v2\/posts\/6984\/revisions\/6995"}],"wp:featuredmedia":[{"embeddable":true,"href":"https:\/\/hir.mediamarkt.hu\/magazin\/wp-json\/wp\/v2\/media\/6992"}],"wp:attachment":[{"href":"https:\/\/hir.mediamarkt.hu\/magazin\/wp-json\/wp\/v2\/media?parent=6984"}],"wp:term":[{"taxonomy":"category","embeddable":true,"href":"https:\/\/hir.mediamarkt.hu\/magazin\/wp-json\/wp\/v2\/categories?post=6984"},{"taxonomy":"post_tag","embeddable":true,"href":"https:\/\/hir.mediamarkt.hu\/magazin\/wp-json\/wp\/v2\/tags?post=6984"}],"curies":[{"name":"wp","href":"https:\/\/api.w.org\/{rel}","templated":true}]}}