{"id":7091,"date":"2018-10-31T18:29:57","date_gmt":"2018-10-31T17:29:57","guid":{"rendered":"http:\/\/hir.mediamarkt.hu\/magazin\/?p=7091"},"modified":"2018-10-31T18:31:59","modified_gmt":"2018-10-31T17:31:59","slug":"sapka-szezon-tippek-telviz-idejere-hogy-ne-ugy-fess-mint-egy-madarijeszto","status":"publish","type":"post","link":"https:\/\/hir.mediamarkt.hu\/magazin\/sapka-szezon-tippek-telviz-idejere-hogy-ne-ugy-fess-mint-egy-madarijeszto\/","title":{"rendered":"Sapka szezon? Tippek t\u00e9lv\u00edz idej\u00e9re, hogy ne \u00fagy fess, mint egy mad\u00e1rijeszt\u0151!"},"content":{"rendered":"<strong>B\u00e1r a f\u00fclv\u00e9d\u0151k p\u00e1r \u00e9ve a feln\u0151tt koroszt\u00e1ly k\u00f6r\u00e9ben is elterjedtek (fiatalabbaknak: anno csak a gyerekeket riogatt\u00e1k ezzel a term\u00e9kkel), a t\u00f6bbs\u00e9g az\u00e9rt sapk\u00e1s. Jobb is \u00edgy, kell a v\u00e9delem a hidegben a hajt\u00f6veknek \u00e9s hajsz\u00e1laknak. A szezon h\u00e1tr\u00e1nya azonban egy\u00e9rtelm\u0171: folyamatosan k\u00f3cosak vagyunk, a szok\u00e1sos frizur\u00e1inkat pedig agyonnyomja a gyapj\u00fa. Mit tehet\u00fcnk az elfogadhat\u00f3, s\u0151t, a divatos kin\u00e9zet\u00e9rt? M\u00e1ris mondjuk!<\/strong><!--more-->\r\n\r\n&nbsp;\r\n<h2><strong>Az Eisntein-effektus<\/strong><\/h2>\r\n&nbsp;\r\n\r\n<span style=\"font-weight: 400;\">Az elektrosztatik\u00e1nak h\u00e1la egy-egy sapka lev\u00e9tel ut\u00e1n az ember \u00fagy n\u00e9z ki, mint aki beleny\u00falt a 220-ba. A lapogat\u00e1s sokszor csak \u00e1rt a dolognak, a meleg pul\u00f3verek ujja tov\u00e1bb fokozhatja az elektromos t\u00f6lt\u00e9st. A finoman bevizezett haj meg h\u00e1t&#8230;n\u00e9ha k\u00fcl\u00f6n\u00f6sen n\u00e9z ki. <\/span><span style=\"font-weight: 400;\">Na most vagy marad az, hogy le sem vessz\u00fck a sapk\u00e1t (ez is egyre nagyobb divat, nem csak a f\u00fclv\u00e9d\u0151), vagy megpr\u00f3b\u00e1lunk tenni valamit a k\u00e9nyelmetlens\u00e9gek ellen.<\/span>\r\n\r\n&nbsp;\r\n<h2><strong>A lapulev\u00e9l-effektus<\/strong><\/h2>\r\n&nbsp;\r\n\r\n<span style=\"font-weight: 400;\">A sapk\u00e1k m\u00e1sik irrit\u00e1l\u00f3, v\u00e9gletes hat\u00e1sa a tot\u00e1lisan lelap\u00edtott haj lehet. F\u00e9rfiak eset\u00e9ben ez k\u00fcl\u00f6n\u00f6sen sz\u00f3rakoztat\u00f3, de a n\u0151k sem k\u00f6nnyen \u00fassz\u00e1k meg a dolgot, bizonyos t\u00edpus\u00fa fejfed\u0151k eset\u00e9n.\u00a0<\/span><span style=\"font-weight: 400;\">A t\u00edz ujjal turk\u00e1l\u00e1s \u00e9s hajdob\u00e1l\u00e1s ugyan valamicsk\u00e9t seg\u00edt, de k\u00f6zel sem olyan gusztusos, mondjuk egy \u00e9tteremben, munkahelyi kif\u0151zd\u00e9ben, vagy ak\u00e1r egy randin (b\u00e1rmennyire is ezt sugallja n\u00e9h\u00e1ny filmjelenet). Az \u00e9telb\u0151l, k\u00e1v\u00e9b\u00f3l, vagy csak a ruh\u00e1nk v\u00e1ll\u00e1r\u00f3l szedegetett hajsz\u00e1lak nem keltenek vonz\u00f3 benyom\u00e1st, r\u00e1ad\u00e1sul ez a tr\u00fckk nem vezet tart\u00f3s sikerhez. <\/span>\r\n\r\n<img loading=\"lazy\" decoding=\"async\" class=\"alignnone size-large wp-image-7102\" src=\"https:\/\/hir.mediamarkt.hu\/magazin\/wp-content\/uploads\/2018\/10\/ha000-1024x682.jpeg\" alt=\"\" width=\"1024\" height=\"682\" srcset=\"https:\/\/hir.mediamarkt.hu\/magazin\/wp-content\/uploads\/2018\/10\/ha000-1024x682.jpeg 1024w, https:\/\/hir.mediamarkt.hu\/magazin\/wp-content\/uploads\/2018\/10\/ha000-275x183.jpeg 275w, https:\/\/hir.mediamarkt.hu\/magazin\/wp-content\/uploads\/2018\/10\/ha000-300x200.jpeg 300w, https:\/\/hir.mediamarkt.hu\/magazin\/wp-content\/uploads\/2018\/10\/ha000-768x512.jpeg 768w, https:\/\/hir.mediamarkt.hu\/magazin\/wp-content\/uploads\/2018\/10\/ha000.jpeg 1440w\" sizes=\"(max-width: 1024px) 100vw, 1024px\" \/>\r\n<h2><\/h2>\r\n<h2><strong>Akkor mit tehetek\u2026?<\/strong><\/h2>\r\n&nbsp;\r\n\r\n<span style=\"font-weight: 400;\">B\u00e1r a st\u00edlusunkhoz, arcform\u00e1nkhoz legjobban passzol\u00f3 frizura nem biztos, hogy beleesik az al\u00e1bbi kateg\u00f3ri\u00e1kba, nem \u00e1rt n\u00e9ha kicsit nyitni \u00e9s megtal\u00e1lni az adapt\u00e1lhat\u00f3 hajszerkezeteket.\u00a0<\/span><span style=\"font-weight: 400;\">A t\u00e9li sapk\u00e1k okoztak sz\u00f6rny\u0171 frizur\u00e1k ellen h\u00e1rom tr\u00fckkel is szolg\u00e1lhatunk. A legjobb mindh\u00e1rommal k\u00eds\u00e9rletezni, \u00edgy a kin\u00e9zeted v\u00e1ltozatos \u00e9s st\u00edlusos maradhat! \u00c9s hogy mik ezek?<\/span>\r\n\r\n&nbsp;\r\n<ul>\r\n \t<li><strong>Fonatok, minden mennyis\u00e9gben<\/strong><\/li>\r\n<\/ul>\r\n<span style=\"font-weight: 400;\">A fonott copfok, asszimetrikus megold\u00e1sok, a kiragadott tincsek \u00e1tv\u00e1ltoztat\u00e1sa j\u00f3 ideje egyre nagyobb hangs\u00falyt kap a divat vil\u00e1g\u00e1ban. A romantikus, l\u00e1gy fonatokat sz\u00e9t zil\u00e1lhatja a sapka, de er\u0151sebb hajform\u00e1z\u00f3kkal ezt a hat\u00e1st is el tudjuk \u00e9rni.\u00a0<\/span><span style=\"font-weight: 400;\">A szorosabb, er\u0151sebb fonatok jobban b\u00edrj\u00e1k a gyapj\u00faval val\u00f3 \u00e9rintkez\u00e9s ny\u0171g\u00e9t. A klasszikus, k\u00e9t kisebb copfba lefut\u00f3 \u201cparketta\u201d fon\u00e1sok a vag\u00e1nyabb, punk st\u00edlus kedvel\u0151inek \u00e9pp \u00fagy j\u00f3l \u00e1llhat, mint a hagyom\u00e1nyos magyar n\u00e9pt\u00e1nc szerelmeseinek.\u00a0<\/span>A f\u00e9loldalon lefut\u00f3 nagyobb copfok m\u00e1ra sokszor halsz\u00e1lka mint\u00e1ban v\u00e9gz\u0151dnek. De gyakori az arc\u00e9l k\u00f6r\u00fcl k\u00e9sz\u00fcl\u0151, kisebb fonatok \u00edve is.\r\n\r\n<span style=\"font-weight: 400;\">B\u00e1r a haj szerkezete t\u00e9len a szok\u00e1sosn\u00e1l is t\u00f6bb k\u00f6rnyezeti \u00e1rtalomnak van kit\u00e9ve, a fon\u00e1s megold\u00e1s lehet a sapka probl\u00e9m\u00e1ra, igaz, cser\u00e9be t\u00f6bb t\u00f6r\u0151d\u00e9s j\u00e1r a hajunknak, els\u0151sorban a v\u00e9geknek. <\/span>\r\n\r\n<img loading=\"lazy\" decoding=\"async\" class=\"alignnone size-large wp-image-7108\" src=\"https:\/\/hir.mediamarkt.hu\/magazin\/wp-content\/uploads\/2018\/10\/pexels-photo-1229835-1024x683.jpeg\" alt=\"\" width=\"1024\" height=\"683\" srcset=\"https:\/\/hir.mediamarkt.hu\/magazin\/wp-content\/uploads\/2018\/10\/pexels-photo-1229835-1024x683.jpeg 1024w, https:\/\/hir.mediamarkt.hu\/magazin\/wp-content\/uploads\/2018\/10\/pexels-photo-1229835-275x183.jpeg 275w, https:\/\/hir.mediamarkt.hu\/magazin\/wp-content\/uploads\/2018\/10\/pexels-photo-1229835-300x200.jpeg 300w, https:\/\/hir.mediamarkt.hu\/magazin\/wp-content\/uploads\/2018\/10\/pexels-photo-1229835-768x512.jpeg 768w, https:\/\/hir.mediamarkt.hu\/magazin\/wp-content\/uploads\/2018\/10\/pexels-photo-1229835.jpeg 1440w\" sizes=\"(max-width: 1024px) 100vw, 1024px\" \/>\r\n\r\n&nbsp;\r\n<ul>\r\n \t<li><strong>Loknik \u00e9s hull\u00e1mok<\/strong><\/li>\r\n<\/ul>\r\n<span style=\"font-weight: 400;\">A trendy kin\u00e9zetet k\u00f6lcs\u00f6nz\u0151 frizur\u00e1k nem csak az \u00fan. \u201cbeach wave\u201d id\u0151szakban \u00e1llj\u00e1k meg a hely\u00fcket. A tal\u00e1n valamivel romantikusabb, t\u00e9li verzi\u00f3t k\u00f6nnyen elk\u00e9sz\u00edthetj\u00fck egy-egy kiv\u00e1l\u00f3 s\u00fct\u0151vassal \u00e9s g\u00f6nd\u00f6r\u00edt\u0151 eszk\u00f6zzel. De ha a fonatokat nem vetett\u00fck meg, a m\u00e1sodik, harmadik napra, amikorra m\u00e1r az\u00e9rt kezd sz\u00e9tesni a hajkorona, p\u00e1r mozdulattal hull\u00e1mos, d\u00fas hat\u00e1st \u00e9rhet\u00fcnk el. Mivel a legt\u00f6bb ember haja ilyenkorra m\u00e1r kezd lassan zs\u00edrosodni, j\u00f3 es\u00e9llyel a text\u00fara lesz annyira neh\u00e9z, hogy nem adja meg mag\u00e1t olyan k\u00f6nnyen a sapka \u201cvonz\u00e1s\u00e1nak\u201d.\u00a0<\/span><span style=\"font-weight: 400;\">A hajform\u00e1z\u00f3kkal csak cs\u00ednj\u00e1n b\u00e1njunk \u00e9s figyelj\u00fcnk oda a hidegnek kitett haj \u00e9s a sapka alatt kev\u00e9sb\u00e9 l\u00e9legz\u0151 fejb\u0151r ig\u00e9nyeire!<\/span>\r\n\r\n<span style=\"font-weight: 400;\">A loknis frizur\u00e1k egy\u00e9bk\u00e9nt kiv\u00e1l\u00f3an mutatnak sapk\u00e1val is, \u00edgy, amennyiben az \u00f6lt\u00f6z\u00e9k\u00fcnk passzol a sapk\u00e1nkhoz &#8211; \u00e9s amennyiben alapvet\u0151en j\u00f3l szell\u0151zik a fejb\u0151r\u00fcnk -, b\u00e1tran a fej\u00fcnk\u00f6n hagyhatjuk a v\u00e9d\u0151 egys\u00e9get belt\u00e9ren is. A romantikus k\u00f6t\u00f6tt sapk\u00e1k egy-egy poncho-val p\u00e9ld\u00e1ul kiv\u00e1l\u00f3an mutathatnak!<\/span>\r\n\r\n<img loading=\"lazy\" decoding=\"async\" class=\"alignnone size-large wp-image-7110\" src=\"https:\/\/hir.mediamarkt.hu\/magazin\/wp-content\/uploads\/2018\/10\/11-1024x683.jpeg\" alt=\"\" width=\"1024\" height=\"683\" srcset=\"https:\/\/hir.mediamarkt.hu\/magazin\/wp-content\/uploads\/2018\/10\/11-1024x683.jpeg 1024w, https:\/\/hir.mediamarkt.hu\/magazin\/wp-content\/uploads\/2018\/10\/11-275x183.jpeg 275w, https:\/\/hir.mediamarkt.hu\/magazin\/wp-content\/uploads\/2018\/10\/11-300x200.jpeg 300w, https:\/\/hir.mediamarkt.hu\/magazin\/wp-content\/uploads\/2018\/10\/11-768x512.jpeg 768w, https:\/\/hir.mediamarkt.hu\/magazin\/wp-content\/uploads\/2018\/10\/11.jpeg 1440w\" sizes=\"(max-width: 1024px) 100vw, 1024px\" \/>\r\n<ul>\r\n \t<li><strong>Egy \u00e9letment\u0151 anyag: a selyem!<\/strong><\/li>\r\n<\/ul>\r\n<span style=\"font-weight: 400;\">Ha van otthon selyem kend\u0151nk, b\u00e1tran haszn\u00e1ljuk a t\u00e9li id\u0151szakban! Ak\u00e1r \u00f6nmag\u00e1ban, ak\u00e1r sapka alatt kit\u0171n\u0151 kieg\u00e9sz\u00edt\u0151 lehet, ez\u00fattal nem csak l\u00e1tv\u00e1ny szempontj\u00e1b\u00f3l. A selyem t\u00f6k\u00e9letes v\u00e9delmet biztos\u00edthat hajsz\u00e1lainknak a hideg ellen \u00e9s seg\u00edthet megel\u0151zni a gyapj\u00fa okozta elektromos t\u00f6lt\u0151d\u00e9st. B\u00e1r maga a selyem is \u201cvonzza\u201d a hajsz\u00e1lakat, a k\u00fcl\u00f6nbs\u00e9g jelent\u0151s. Egy-egy divatosabb darabot pedig le sem kell venni! Egy j\u00f3l felhelyezett, ak\u00e1r a kontyot, copfot is k\u00f6r\u00fcl\u00f6lel\u0151 kend\u0151re pedig ak\u00e1r el\u00e9g egy divatos kalapot feltenn\u00fcnk! A f\u00fcl\u00fcnk \u00e9s a fej\u00fcnk sem f\u00e1zik meg, mik\u00f6zben elk\u00e9peszt\u0151 divatot dikt\u00e1lhatunk!<\/span>\r\n\r\n&nbsp;\r\n\r\n<span style=\"font-weight: 400;\"><strong>Fontos!<\/strong> Figyelj\u00fcnk oda hajunkra a t\u00e9li id\u0151szakban, b\u00e1njunk vele az \u00e9vszaknak megfelel\u0151en. K\u00f6vess\u00fck a hajsz\u00e1lak, a fejb\u0151r v\u00e1ltoz\u00e1sait \u00e9s igaz\u00edtsuk hozz\u00e1juk haj\u00e1pol\u00f3 szereinket \u00e9s szok\u00e1sainkat!<\/span>\r\n\r\n<img loading=\"lazy\" decoding=\"async\" class=\"alignnone size-large wp-image-7105\" src=\"https:\/\/hir.mediamarkt.hu\/magazin\/wp-content\/uploads\/2018\/10\/ha00a-1024x682.jpeg\" alt=\"\" width=\"1024\" height=\"682\" srcset=\"https:\/\/hir.mediamarkt.hu\/magazin\/wp-content\/uploads\/2018\/10\/ha00a-1024x682.jpeg 1024w, https:\/\/hir.mediamarkt.hu\/magazin\/wp-content\/uploads\/2018\/10\/ha00a-275x183.jpeg 275w, https:\/\/hir.mediamarkt.hu\/magazin\/wp-content\/uploads\/2018\/10\/ha00a-300x200.jpeg 300w, https:\/\/hir.mediamarkt.hu\/magazin\/wp-content\/uploads\/2018\/10\/ha00a-768x512.jpeg 768w, https:\/\/hir.mediamarkt.hu\/magazin\/wp-content\/uploads\/2018\/10\/ha00a.jpeg 1440w\" sizes=\"(max-width: 1024px) 100vw, 1024px\" \/>\r\n<h2><\/h2>\r\n<h2><strong>Kapcsol\u00f3d\u00f3 MediaMarkt term\u00e9kek:<\/strong><\/h2>\r\n117 db k\u00fcl\u00f6nb\u00f6z\u0151, <a href=\"https:\/\/www.mediamarkt.hu\/hu\/category\/_hajform%C3%A1z%C3%B3-504764.html\">min\u0151s\u00e9gi hajform\u00e1z\u00f3 term\u00e9k<\/a>\r\n\r\n<a href=\"https:\/\/www.mediamarkt.hu\/hu\/product\/_babyliss-st330e-diamond-ceramic-hajvasal%C3%B3-%C3%A9s-g%C3%B6nd%C3%B6r%C3%ADt%C5%91-2in1-intense-protect-1149294.html\">BABYLISS ST330E Diamond Ceramic hajvasal\u00f3 \u00e9s g\u00f6nd\u00f6r\u00edt\u0151 2in1 Intense Protect<\/a>, 11 999 Ft\r\n\r\n<a href=\"https:\/\/www.mediamarkt.hu\/hu\/product\/_remington-ci83v6-keratin-protect-k%C3%BApvas-1242423.html\">REMINGTON CI83V6 Keratin Protect k\u00fapvas<\/a>, 11 799 Ft\r\n\r\n<a href=\"https:\/\/www.mediamarkt.hu\/hu\/product\/_babyliss-ms21e-multi-hajform%C3%A1z%C3%B3-10-in-1-t%C3%A1sk%C3%A1val-1107031.html\">BABYLISS MS21E Multi hajform\u00e1z\u00f3 10 in 1, t\u00e1sk\u00e1val<\/a>, 11 899 Ft\r\n\r\n<a href=\"https:\/\/www.mediamarkt.hu\/hu\/product\/_babyliss-tw1000e-twist-secret-automata-hajfon%C3%B3-k%C3%A9sz%C3%BCl%C3%A9k-1173883.html\">BABYLISS TW1000E Twist Secret automata hajfon\u00f3 k\u00e9sz\u00fcl\u00e9k<\/a>, 8999 Ft\r\n\r\n<a href=\"https:\/\/www.mediamarkt.hu\/hu\/product\/_babyliss-c1300e-curl-secret-2-ionic-cser%C3%A9lhet%C5%91-fejes-automata-hajg%C3%B6nd%C3%B6r%C3%ADt%C5%91-1225084.html\">BABYLISS C1300E Curl Secret 2 ionic cser\u00e9lhet\u0151 fejes automata hajg\u00f6nd\u00f6r\u00edt\u0151<\/a>, 44 999 Ft\r\n\r\n<a href=\"https:\/\/www.mediamarkt.hu\/hu\/product\/_philips-bhb878-00-moistureprotect-automatikus-hajg%C3%B6nd%C3%B6r%C3%ADt%C5%91-1270531.html\">PHILIPS BHB878\/00 MoistureProtect automatikus hajg\u00f6nd\u00f6r\u00edt\u0151<\/a>, 54 999 Ft\r\n\r\n&nbsp;\r\n\r\n<img loading=\"lazy\" decoding=\"async\" class=\"alignnone size-full wp-image-7092\" src=\"https:\/\/hir.mediamarkt.hu\/magazin\/wp-content\/uploads\/2018\/10\/ha.png\" alt=\"\" width=\"786\" height=\"587\" srcset=\"https:\/\/hir.mediamarkt.hu\/magazin\/wp-content\/uploads\/2018\/10\/ha.png 786w, https:\/\/hir.mediamarkt.hu\/magazin\/wp-content\/uploads\/2018\/10\/ha-275x205.png 275w, https:\/\/hir.mediamarkt.hu\/magazin\/wp-content\/uploads\/2018\/10\/ha-300x224.png 300w, https:\/\/hir.mediamarkt.hu\/magazin\/wp-content\/uploads\/2018\/10\/ha-768x574.png 768w\" sizes=\"(max-width: 786px) 100vw, 786px\" \/> <img loading=\"lazy\" decoding=\"async\" class=\"alignnone size-large wp-image-7093\" src=\"https:\/\/hir.mediamarkt.hu\/magazin\/wp-content\/uploads\/2018\/10\/ha1.png\" alt=\"\" width=\"786\" height=\"587\" srcset=\"https:\/\/hir.mediamarkt.hu\/magazin\/wp-content\/uploads\/2018\/10\/ha1.png 786w, https:\/\/hir.mediamarkt.hu\/magazin\/wp-content\/uploads\/2018\/10\/ha1-275x205.png 275w, https:\/\/hir.mediamarkt.hu\/magazin\/wp-content\/uploads\/2018\/10\/ha1-300x224.png 300w, https:\/\/hir.mediamarkt.hu\/magazin\/wp-content\/uploads\/2018\/10\/ha1-768x574.png 768w\" sizes=\"(max-width: 786px) 100vw, 786px\" \/> <img loading=\"lazy\" decoding=\"async\" class=\"alignnone size-large wp-image-7094\" src=\"https:\/\/hir.mediamarkt.hu\/magazin\/wp-content\/uploads\/2018\/10\/ha1a.png\" alt=\"\" width=\"786\" height=\"587\" srcset=\"https:\/\/hir.mediamarkt.hu\/magazin\/wp-content\/uploads\/2018\/10\/ha1a.png 786w, https:\/\/hir.mediamarkt.hu\/magazin\/wp-content\/uploads\/2018\/10\/ha1a-275x205.png 275w, https:\/\/hir.mediamarkt.hu\/magazin\/wp-content\/uploads\/2018\/10\/ha1a-300x224.png 300w, https:\/\/hir.mediamarkt.hu\/magazin\/wp-content\/uploads\/2018\/10\/ha1a-768x574.png 768w\" sizes=\"(max-width: 786px) 100vw, 786px\" \/> <img loading=\"lazy\" decoding=\"async\" class=\"alignnone size-large wp-image-7095\" src=\"https:\/\/hir.mediamarkt.hu\/magazin\/wp-content\/uploads\/2018\/10\/ha1b.png\" alt=\"\" width=\"786\" height=\"587\" srcset=\"https:\/\/hir.mediamarkt.hu\/magazin\/wp-content\/uploads\/2018\/10\/ha1b.png 786w, https:\/\/hir.mediamarkt.hu\/magazin\/wp-content\/uploads\/2018\/10\/ha1b-275x205.png 275w, https:\/\/hir.mediamarkt.hu\/magazin\/wp-content\/uploads\/2018\/10\/ha1b-300x224.png 300w, https:\/\/hir.mediamarkt.hu\/magazin\/wp-content\/uploads\/2018\/10\/ha1b-768x574.png 768w\" sizes=\"(max-width: 786px) 100vw, 786px\" \/> <img loading=\"lazy\" decoding=\"async\" class=\"alignnone size-large wp-image-7096\" src=\"https:\/\/hir.mediamarkt.hu\/magazin\/wp-content\/uploads\/2018\/10\/ha2.png\" alt=\"\" width=\"786\" height=\"587\" srcset=\"https:\/\/hir.mediamarkt.hu\/magazin\/wp-content\/uploads\/2018\/10\/ha2.png 786w, https:\/\/hir.mediamarkt.hu\/magazin\/wp-content\/uploads\/2018\/10\/ha2-275x205.png 275w, https:\/\/hir.mediamarkt.hu\/magazin\/wp-content\/uploads\/2018\/10\/ha2-300x224.png 300w, https:\/\/hir.mediamarkt.hu\/magazin\/wp-content\/uploads\/2018\/10\/ha2-768x574.png 768w\" sizes=\"(max-width: 786px) 100vw, 786px\" \/> <img loading=\"lazy\" decoding=\"async\" class=\"alignnone size-large wp-image-7097\" src=\"https:\/\/hir.mediamarkt.hu\/magazin\/wp-content\/uploads\/2018\/10\/ha3.png\" alt=\"\" width=\"786\" height=\"587\" srcset=\"https:\/\/hir.mediamarkt.hu\/magazin\/wp-content\/uploads\/2018\/10\/ha3.png 786w, https:\/\/hir.mediamarkt.hu\/magazin\/wp-content\/uploads\/2018\/10\/ha3-275x205.png 275w, https:\/\/hir.mediamarkt.hu\/magazin\/wp-content\/uploads\/2018\/10\/ha3-300x224.png 300w, https:\/\/hir.mediamarkt.hu\/magazin\/wp-content\/uploads\/2018\/10\/ha3-768x574.png 768w\" sizes=\"(max-width: 786px) 100vw, 786px\" \/> <img loading=\"lazy\" decoding=\"async\" class=\"alignnone size-large wp-image-7098\" src=\"https:\/\/hir.mediamarkt.hu\/magazin\/wp-content\/uploads\/2018\/10\/ha3a.png\" alt=\"\" width=\"786\" height=\"587\" srcset=\"https:\/\/hir.mediamarkt.hu\/magazin\/wp-content\/uploads\/2018\/10\/ha3a.png 786w, https:\/\/hir.mediamarkt.hu\/magazin\/wp-content\/uploads\/2018\/10\/ha3a-275x205.png 275w, https:\/\/hir.mediamarkt.hu\/magazin\/wp-content\/uploads\/2018\/10\/ha3a-300x224.png 300w, https:\/\/hir.mediamarkt.hu\/magazin\/wp-content\/uploads\/2018\/10\/ha3a-768x574.png 768w\" sizes=\"(max-width: 786px) 100vw, 786px\" \/> <img loading=\"lazy\" decoding=\"async\" class=\"alignnone size-large wp-image-7099\" src=\"https:\/\/hir.mediamarkt.hu\/magazin\/wp-content\/uploads\/2018\/10\/ha4.png\" alt=\"\" width=\"786\" height=\"587\" srcset=\"https:\/\/hir.mediamarkt.hu\/magazin\/wp-content\/uploads\/2018\/10\/ha4.png 786w, https:\/\/hir.mediamarkt.hu\/magazin\/wp-content\/uploads\/2018\/10\/ha4-275x205.png 275w, https:\/\/hir.mediamarkt.hu\/magazin\/wp-content\/uploads\/2018\/10\/ha4-300x224.png 300w, https:\/\/hir.mediamarkt.hu\/magazin\/wp-content\/uploads\/2018\/10\/ha4-768x574.png 768w\" sizes=\"(max-width: 786px) 100vw, 786px\" \/> <img loading=\"lazy\" decoding=\"async\" class=\"alignnone size-large wp-image-7100\" src=\"https:\/\/hir.mediamarkt.hu\/magazin\/wp-content\/uploads\/2018\/10\/ha4a.png\" alt=\"\" width=\"786\" height=\"587\" srcset=\"https:\/\/hir.mediamarkt.hu\/magazin\/wp-content\/uploads\/2018\/10\/ha4a.png 786w, https:\/\/hir.mediamarkt.hu\/magazin\/wp-content\/uploads\/2018\/10\/ha4a-275x205.png 275w, https:\/\/hir.mediamarkt.hu\/magazin\/wp-content\/uploads\/2018\/10\/ha4a-300x224.png 300w, https:\/\/hir.mediamarkt.hu\/magazin\/wp-content\/uploads\/2018\/10\/ha4a-768x574.png 768w\" sizes=\"(max-width: 786px) 100vw, 786px\" \/> <img loading=\"lazy\" decoding=\"async\" class=\"alignnone size-large wp-image-7101\" src=\"https:\/\/hir.mediamarkt.hu\/magazin\/wp-content\/uploads\/2018\/10\/ha5.png\" alt=\"\" width=\"786\" height=\"587\" srcset=\"https:\/\/hir.mediamarkt.hu\/magazin\/wp-content\/uploads\/2018\/10\/ha5.png 786w, https:\/\/hir.mediamarkt.hu\/magazin\/wp-content\/uploads\/2018\/10\/ha5-275x205.png 275w, https:\/\/hir.mediamarkt.hu\/magazin\/wp-content\/uploads\/2018\/10\/ha5-300x224.png 300w, https:\/\/hir.mediamarkt.hu\/magazin\/wp-content\/uploads\/2018\/10\/ha5-768x574.png 768w\" sizes=\"(max-width: 786px) 100vw, 786px\" \/>","protected":false},"excerpt":{"rendered":"B\u00e1r a f\u00fclv\u00e9d\u0151k p\u00e1r \u00e9ve a feln\u0151tt koroszt\u00e1ly k\u00f6r\u00e9ben is elterjedtek (fiatalabbaknak: anno csak a gyerekeket riogatt\u00e1k ezzel a term\u00e9kkel), a t\u00f6bbs\u00e9g az\u00e9rt sapk\u00e1s. Jobb is \u00edgy, kell a v\u00e9delem a hidegben a hajt\u00f6veknek \u00e9s hajsz\u00e1laknak. A szezon h\u00e1tr\u00e1nya azonban egy\u00e9rtelm\u0171: folyamatosan k\u00f3cosak vagyunk, a szok\u00e1sos frizur\u00e1inkat pedig agyonnyomja a gyapj\u00fa. Mit tehet\u00fcnk az elfogadhat\u00f3, s\u0151t, a divatos kin\u00e9zet\u00e9rt? M\u00e1ris mondjuk!","protected":false},"author":13,"featured_media":7106,"comment_status":"open","ping_status":"open","sticky":false,"template":"","format":"standard","meta":{"wprm-recipe-roundup-name":"","wprm-recipe-roundup-description":"","footnotes":""},"categories":[5968],"tags":[144,2141,2874,226,2363,2473,2455,2871,2137,2869,2131,2870,2127,2173,2401,2465,2872,2873,2562,2133,2249,846,2454,847],"yoast_head":"<!-- This site is optimized with the Yoast SEO plugin v22.9 - https:\/\/yoast.com\/wordpress\/plugins\/seo\/ -->\n<title>Sapka szezon? Tippek t\u00e9lv\u00edz idej\u00e9re, hogy ne \u00fagy fess, mint egy mad\u00e1rijeszt\u0151! - MediaMarkt Magazin<\/title>\n<meta name=\"description\" content=\"Unod, hogy a hajad t\u00e9len sosem n\u00e9z ki j\u00f3l? S\u0151t, r\u00e9mesen fest? Ezzel a h\u00e1rom tr\u00fckkel nem kell lemondanod a st\u00edlusodr\u00f3l \u00e9s az eg\u00e9szs\u00e9ged is meg\u0151rz\u00f6d!\" \/>\n<meta name=\"robots\" content=\"index, follow, max-snippet:-1, max-image-preview:large, max-video-preview:-1\" \/>\n<link rel=\"canonical\" href=\"https:\/\/hir.mediamarkt.hu\/magazin\/sapka-szezon-tippek-telviz-idejere-hogy-ne-ugy-fess-mint-egy-madarijeszto\/\" \/>\n<meta property=\"og:locale\" content=\"hu_HU\" \/>\n<meta property=\"og:type\" content=\"article\" \/>\n<meta property=\"og:title\" content=\"Sapka szezon? Tippek t\u00e9lv\u00edz idej\u00e9re, hogy ne \u00fagy fess, mint egy mad\u00e1rijeszt\u0151! - MediaMarkt Magazin\" \/>\n<meta property=\"og:description\" content=\"Unod, hogy a hajad t\u00e9len sosem n\u00e9z ki j\u00f3l? S\u0151t, r\u00e9mesen fest? Ezzel a h\u00e1rom tr\u00fckkel nem kell lemondanod a st\u00edlusodr\u00f3l \u00e9s az eg\u00e9szs\u00e9ged is meg\u0151rz\u00f6d!\" \/>\n<meta property=\"og:url\" content=\"https:\/\/hir.mediamarkt.hu\/magazin\/sapka-szezon-tippek-telviz-idejere-hogy-ne-ugy-fess-mint-egy-madarijeszto\/\" \/>\n<meta property=\"og:site_name\" content=\"MediaMarkt Magazin\" \/>\n<meta property=\"article:publisher\" content=\"https:\/\/www.facebook.com\/MediaMarktMagyarorszag\" \/>\n<meta property=\"article:published_time\" content=\"2018-10-31T17:29:57+00:00\" \/>\n<meta property=\"article:modified_time\" content=\"2018-10-31T17:31:59+00:00\" \/>\n<meta property=\"og:image\" content=\"https:\/\/hir.mediamarkt.hu\/magazin\/wp-content\/uploads\/2018\/10\/ha00b.jpeg\" \/>\n\t<meta property=\"og:image:width\" content=\"1440\" \/>\n\t<meta property=\"og:image:height\" content=\"780\" \/>\n\t<meta property=\"og:image:type\" content=\"image\/jpeg\" \/>\n<meta name=\"author\" content=\"Media Markt\" \/>\n<meta name=\"twitter:label1\" content=\"Szerz\u0151:\" \/>\n\t<meta name=\"twitter:data1\" content=\"Media Markt\" \/>\n\t<meta name=\"twitter:label2\" content=\"Becs\u00fclt olvas\u00e1si id\u0151\" \/>\n\t<meta name=\"twitter:data2\" content=\"5 perc\" \/>\n<script type=\"application\/ld+json\" class=\"yoast-schema-graph\">{\"@context\":\"https:\/\/schema.org\",\"@graph\":[{\"@type\":\"WebPage\",\"@id\":\"https:\/\/hir.mediamarkt.hu\/magazin\/sapka-szezon-tippek-telviz-idejere-hogy-ne-ugy-fess-mint-egy-madarijeszto\/\",\"url\":\"https:\/\/hir.mediamarkt.hu\/magazin\/sapka-szezon-tippek-telviz-idejere-hogy-ne-ugy-fess-mint-egy-madarijeszto\/\",\"name\":\"Sapka szezon? Tippek t\u00e9lv\u00edz idej\u00e9re, hogy ne \u00fagy fess, mint egy mad\u00e1rijeszt\u0151! - MediaMarkt Magazin\",\"isPartOf\":{\"@id\":\"https:\/\/hir.mediamarkt.hu\/magazin\/#website\"},\"primaryImageOfPage\":{\"@id\":\"https:\/\/hir.mediamarkt.hu\/magazin\/sapka-szezon-tippek-telviz-idejere-hogy-ne-ugy-fess-mint-egy-madarijeszto\/#primaryimage\"},\"image\":{\"@id\":\"https:\/\/hir.mediamarkt.hu\/magazin\/sapka-szezon-tippek-telviz-idejere-hogy-ne-ugy-fess-mint-egy-madarijeszto\/#primaryimage\"},\"thumbnailUrl\":\"https:\/\/hir.mediamarkt.hu\/magazin\/wp-content\/uploads\/2018\/10\/ha00b.jpeg\",\"datePublished\":\"2018-10-31T17:29:57+00:00\",\"dateModified\":\"2018-10-31T17:31:59+00:00\",\"author\":{\"@id\":\"https:\/\/hir.mediamarkt.hu\/magazin\/#\/schema\/person\/b93b02ec1ab4d2353f8d281e171c1b0b\"},\"description\":\"Unod, hogy a hajad t\u00e9len sosem n\u00e9z ki j\u00f3l? S\u0151t, r\u00e9mesen fest? Ezzel a h\u00e1rom tr\u00fckkel nem kell lemondanod a st\u00edlusodr\u00f3l \u00e9s az eg\u00e9szs\u00e9ged is meg\u0151rz\u00f6d!\",\"breadcrumb\":{\"@id\":\"https:\/\/hir.mediamarkt.hu\/magazin\/sapka-szezon-tippek-telviz-idejere-hogy-ne-ugy-fess-mint-egy-madarijeszto\/#breadcrumb\"},\"inLanguage\":\"hu\",\"potentialAction\":[{\"@type\":\"ReadAction\",\"target\":[\"https:\/\/hir.mediamarkt.hu\/magazin\/sapka-szezon-tippek-telviz-idejere-hogy-ne-ugy-fess-mint-egy-madarijeszto\/\"]}]},{\"@type\":\"ImageObject\",\"inLanguage\":\"hu\",\"@id\":\"https:\/\/hir.mediamarkt.hu\/magazin\/sapka-szezon-tippek-telviz-idejere-hogy-ne-ugy-fess-mint-egy-madarijeszto\/#primaryimage\",\"url\":\"https:\/\/hir.mediamarkt.hu\/magazin\/wp-content\/uploads\/2018\/10\/ha00b.jpeg\",\"contentUrl\":\"https:\/\/hir.mediamarkt.hu\/magazin\/wp-content\/uploads\/2018\/10\/ha00b.jpeg\",\"width\":1440,\"height\":780},{\"@type\":\"BreadcrumbList\",\"@id\":\"https:\/\/hir.mediamarkt.hu\/magazin\/sapka-szezon-tippek-telviz-idejere-hogy-ne-ugy-fess-mint-egy-madarijeszto\/#breadcrumb\",\"itemListElement\":[{\"@type\":\"ListItem\",\"position\":1,\"name\":\"Kezd\u0151lap\",\"item\":\"https:\/\/hir.mediamarkt.hu\/magazin\/\"},{\"@type\":\"ListItem\",\"position\":2,\"name\":\"Sapka szezon? Tippek t\u00e9lv\u00edz idej\u00e9re, hogy ne \u00fagy fess, mint egy mad\u00e1rijeszt\u0151!\"}]},{\"@type\":\"WebSite\",\"@id\":\"https:\/\/hir.mediamarkt.hu\/magazin\/#website\",\"url\":\"https:\/\/hir.mediamarkt.hu\/magazin\/\",\"name\":\"MediaMarkt Magazin\",\"description\":\"Olvass bele magazinunkba!\",\"potentialAction\":[{\"@type\":\"SearchAction\",\"target\":{\"@type\":\"EntryPoint\",\"urlTemplate\":\"https:\/\/hir.mediamarkt.hu\/magazin\/?s={search_term_string}\"},\"query-input\":\"required name=search_term_string\"}],\"inLanguage\":\"hu\"},{\"@type\":\"Person\",\"@id\":\"https:\/\/hir.mediamarkt.hu\/magazin\/#\/schema\/person\/b93b02ec1ab4d2353f8d281e171c1b0b\",\"name\":\"Media Markt\",\"image\":{\"@type\":\"ImageObject\",\"inLanguage\":\"hu\",\"@id\":\"https:\/\/hir.mediamarkt.hu\/magazin\/#\/schema\/person\/image\/\",\"url\":\"https:\/\/secure.gravatar.com\/avatar\/602bccae8998beee472d01909f0978f1?s=96&d=mm&r=g\",\"contentUrl\":\"https:\/\/secure.gravatar.com\/avatar\/602bccae8998beee472d01909f0978f1?s=96&d=mm&r=g\",\"caption\":\"Media Markt\"}}]}<\/script>\n<!-- \/ Yoast SEO plugin. -->","yoast_head_json":{"title":"Sapka szezon? Tippek t\u00e9lv\u00edz idej\u00e9re, hogy ne \u00fagy fess, mint egy mad\u00e1rijeszt\u0151! - MediaMarkt Magazin","description":"Unod, hogy a hajad t\u00e9len sosem n\u00e9z ki j\u00f3l? S\u0151t, r\u00e9mesen fest? Ezzel a h\u00e1rom tr\u00fckkel nem kell lemondanod a st\u00edlusodr\u00f3l \u00e9s az eg\u00e9szs\u00e9ged is meg\u0151rz\u00f6d!","robots":{"index":"index","follow":"follow","max-snippet":"max-snippet:-1","max-image-preview":"max-image-preview:large","max-video-preview":"max-video-preview:-1"},"canonical":"https:\/\/hir.mediamarkt.hu\/magazin\/sapka-szezon-tippek-telviz-idejere-hogy-ne-ugy-fess-mint-egy-madarijeszto\/","og_locale":"hu_HU","og_type":"article","og_title":"Sapka szezon? Tippek t\u00e9lv\u00edz idej\u00e9re, hogy ne \u00fagy fess, mint egy mad\u00e1rijeszt\u0151! - MediaMarkt Magazin","og_description":"Unod, hogy a hajad t\u00e9len sosem n\u00e9z ki j\u00f3l? S\u0151t, r\u00e9mesen fest? Ezzel a h\u00e1rom tr\u00fckkel nem kell lemondanod a st\u00edlusodr\u00f3l \u00e9s az eg\u00e9szs\u00e9ged is meg\u0151rz\u00f6d!","og_url":"https:\/\/hir.mediamarkt.hu\/magazin\/sapka-szezon-tippek-telviz-idejere-hogy-ne-ugy-fess-mint-egy-madarijeszto\/","og_site_name":"MediaMarkt Magazin","article_publisher":"https:\/\/www.facebook.com\/MediaMarktMagyarorszag","article_published_time":"2018-10-31T17:29:57+00:00","article_modified_time":"2018-10-31T17:31:59+00:00","og_image":[{"width":1440,"height":780,"url":"https:\/\/hir.mediamarkt.hu\/magazin\/wp-content\/uploads\/2018\/10\/ha00b.jpeg","type":"image\/jpeg"}],"author":"Media Markt","twitter_misc":{"Szerz\u0151:":"Media Markt","Becs\u00fclt olvas\u00e1si id\u0151":"5 perc"},"schema":{"@context":"https:\/\/schema.org","@graph":[{"@type":"WebPage","@id":"https:\/\/hir.mediamarkt.hu\/magazin\/sapka-szezon-tippek-telviz-idejere-hogy-ne-ugy-fess-mint-egy-madarijeszto\/","url":"https:\/\/hir.mediamarkt.hu\/magazin\/sapka-szezon-tippek-telviz-idejere-hogy-ne-ugy-fess-mint-egy-madarijeszto\/","name":"Sapka szezon? Tippek t\u00e9lv\u00edz idej\u00e9re, hogy ne \u00fagy fess, mint egy mad\u00e1rijeszt\u0151! - MediaMarkt Magazin","isPartOf":{"@id":"https:\/\/hir.mediamarkt.hu\/magazin\/#website"},"primaryImageOfPage":{"@id":"https:\/\/hir.mediamarkt.hu\/magazin\/sapka-szezon-tippek-telviz-idejere-hogy-ne-ugy-fess-mint-egy-madarijeszto\/#primaryimage"},"image":{"@id":"https:\/\/hir.mediamarkt.hu\/magazin\/sapka-szezon-tippek-telviz-idejere-hogy-ne-ugy-fess-mint-egy-madarijeszto\/#primaryimage"},"thumbnailUrl":"https:\/\/hir.mediamarkt.hu\/magazin\/wp-content\/uploads\/2018\/10\/ha00b.jpeg","datePublished":"2018-10-31T17:29:57+00:00","dateModified":"2018-10-31T17:31:59+00:00","author":{"@id":"https:\/\/hir.mediamarkt.hu\/magazin\/#\/schema\/person\/b93b02ec1ab4d2353f8d281e171c1b0b"},"description":"Unod, hogy a hajad t\u00e9len sosem n\u00e9z ki j\u00f3l? S\u0151t, r\u00e9mesen fest? Ezzel a h\u00e1rom tr\u00fckkel nem kell lemondanod a st\u00edlusodr\u00f3l \u00e9s az eg\u00e9szs\u00e9ged is meg\u0151rz\u00f6d!","breadcrumb":{"@id":"https:\/\/hir.mediamarkt.hu\/magazin\/sapka-szezon-tippek-telviz-idejere-hogy-ne-ugy-fess-mint-egy-madarijeszto\/#breadcrumb"},"inLanguage":"hu","potentialAction":[{"@type":"ReadAction","target":["https:\/\/hir.mediamarkt.hu\/magazin\/sapka-szezon-tippek-telviz-idejere-hogy-ne-ugy-fess-mint-egy-madarijeszto\/"]}]},{"@type":"ImageObject","inLanguage":"hu","@id":"https:\/\/hir.mediamarkt.hu\/magazin\/sapka-szezon-tippek-telviz-idejere-hogy-ne-ugy-fess-mint-egy-madarijeszto\/#primaryimage","url":"https:\/\/hir.mediamarkt.hu\/magazin\/wp-content\/uploads\/2018\/10\/ha00b.jpeg","contentUrl":"https:\/\/hir.mediamarkt.hu\/magazin\/wp-content\/uploads\/2018\/10\/ha00b.jpeg","width":1440,"height":780},{"@type":"BreadcrumbList","@id":"https:\/\/hir.mediamarkt.hu\/magazin\/sapka-szezon-tippek-telviz-idejere-hogy-ne-ugy-fess-mint-egy-madarijeszto\/#breadcrumb","itemListElement":[{"@type":"ListItem","position":1,"name":"Kezd\u0151lap","item":"https:\/\/hir.mediamarkt.hu\/magazin\/"},{"@type":"ListItem","position":2,"name":"Sapka szezon? Tippek t\u00e9lv\u00edz idej\u00e9re, hogy ne \u00fagy fess, mint egy mad\u00e1rijeszt\u0151!"}]},{"@type":"WebSite","@id":"https:\/\/hir.mediamarkt.hu\/magazin\/#website","url":"https:\/\/hir.mediamarkt.hu\/magazin\/","name":"MediaMarkt Magazin","description":"Olvass bele magazinunkba!","potentialAction":[{"@type":"SearchAction","target":{"@type":"EntryPoint","urlTemplate":"https:\/\/hir.mediamarkt.hu\/magazin\/?s={search_term_string}"},"query-input":"required name=search_term_string"}],"inLanguage":"hu"},{"@type":"Person","@id":"https:\/\/hir.mediamarkt.hu\/magazin\/#\/schema\/person\/b93b02ec1ab4d2353f8d281e171c1b0b","name":"Media Markt","image":{"@type":"ImageObject","inLanguage":"hu","@id":"https:\/\/hir.mediamarkt.hu\/magazin\/#\/schema\/person\/image\/","url":"https:\/\/secure.gravatar.com\/avatar\/602bccae8998beee472d01909f0978f1?s=96&d=mm&r=g","contentUrl":"https:\/\/secure.gravatar.com\/avatar\/602bccae8998beee472d01909f0978f1?s=96&d=mm&r=g","caption":"Media Markt"}}]}},"_links":{"self":[{"href":"https:\/\/hir.mediamarkt.hu\/magazin\/wp-json\/wp\/v2\/posts\/7091"}],"collection":[{"href":"https:\/\/hir.mediamarkt.hu\/magazin\/wp-json\/wp\/v2\/posts"}],"about":[{"href":"https:\/\/hir.mediamarkt.hu\/magazin\/wp-json\/wp\/v2\/types\/post"}],"author":[{"embeddable":true,"href":"https:\/\/hir.mediamarkt.hu\/magazin\/wp-json\/wp\/v2\/users\/13"}],"replies":[{"embeddable":true,"href":"https:\/\/hir.mediamarkt.hu\/magazin\/wp-json\/wp\/v2\/comments?post=7091"}],"version-history":[{"count":2,"href":"https:\/\/hir.mediamarkt.hu\/magazin\/wp-json\/wp\/v2\/posts\/7091\/revisions"}],"predecessor-version":[{"id":7111,"href":"https:\/\/hir.mediamarkt.hu\/magazin\/wp-json\/wp\/v2\/posts\/7091\/revisions\/7111"}],"wp:featuredmedia":[{"embeddable":true,"href":"https:\/\/hir.mediamarkt.hu\/magazin\/wp-json\/wp\/v2\/media\/7106"}],"wp:attachment":[{"href":"https:\/\/hir.mediamarkt.hu\/magazin\/wp-json\/wp\/v2\/media?parent=7091"}],"wp:term":[{"taxonomy":"category","embeddable":true,"href":"https:\/\/hir.mediamarkt.hu\/magazin\/wp-json\/wp\/v2\/categories?post=7091"},{"taxonomy":"post_tag","embeddable":true,"href":"https:\/\/hir.mediamarkt.hu\/magazin\/wp-json\/wp\/v2\/tags?post=7091"}],"curies":[{"name":"wp","href":"https:\/\/api.w.org\/{rel}","templated":true}]}}