{"id":7340,"date":"2018-12-06T08:00:50","date_gmt":"2018-12-06T07:00:50","guid":{"rendered":"http:\/\/hir.mediamarkt.hu\/magazin\/?p=7340"},"modified":"2018-12-04T19:47:46","modified_gmt":"2018-12-04T18:47:46","slug":"a-nagy-hitvallas-mufenyo-vs-valodi-fenyo","status":"publish","type":"post","link":"https:\/\/hir.mediamarkt.hu\/magazin\/a-nagy-hitvallas-mufenyo-vs-valodi-fenyo\/","title":{"rendered":"A nagy hitvall\u00e1s: m\u0171feny\u0151 vs. val\u00f3di feny\u0151&#8230;"},"content":{"rendered":"<strong>Ha valaki eml\u00e9kszik m\u00e9g, a Heti Hetes egyik r\u00e9ges-r\u00e9gi ad\u00e1s\u00e1ban Hern\u00e1di Judit \u201cnekiment\u201d a val\u00f3di feny\u0151knek. A f\u00e1k, akiket egy m\u00e1sik epiz\u00f3dban \u201cegyl\u00e1b\u00fa bar\u00e1tainknak\u201d h\u00edvott val\u00f3ban \u00e9lnek, s\u0151t kommunik\u00e1lnak is! A v\u00e1s\u00e1rokban \u00e1rult darabok viszont csak a piaci elv\u00e1r\u00e1sok miatt l\u00e9teznek. Most akkor kegyetlen dolog a feny\u0151fa v\u00e1s\u00e1rl\u00e1s? \u00c9s mennyire k\u00f6rnyezetszennyez\u0151 a m\u0171anyag verzi\u00f3? Egy\u00e1ltal\u00e1n: melyik az \u201c\u00fcnnepibb\u201d? Pro \u00e9s kontra \u00e9rvek az \u00e9v legfontosabb szobai l\u00e1tv\u00e1nyoss\u00e1ga k\u00f6r\u00fcl!<\/strong><!--more-->\r\n\r\n&nbsp;\r\n\r\n<span style=\"font-weight: 400;\">Nem k\u00e9rd\u00e9s, hogy a gyanta illat\u00e1n\u00e1l kellemesebb, \u00fcnnepibb esszencia nincs t\u00e9len. A friss, erdei hangulat persze csak bizonyos fajt\u00e1kn\u00e1l j\u00f6n el\u0151. Ahogy a t\u0171levelek \u201ctart\u00f3ss\u00e1ga\u201d, \u00fagy az illat intenzit\u00e1s kapcs\u00e1n is nagy a sz\u00f3r\u00e1s a kifejezetten kar\u00e1csonyra nevelt feny\u0151k ter\u00e9n. A v\u00e1rosok szerte \u00e1llom\u00e1soz\u00f3 ideiglenes feny\u0151 lerakatok v\u00e1laszt\u00e9ka el\u00e9g sz\u00e9les, akadnak kisebb \u00e9s gigantom\u00e1nabb darabok, hossz\u00fa \u00e9s r\u00f6vid t\u0171level\u0171 n\u00f6v\u00e9nyek, ez\u00fcst \u00e9s v\u00f6r\u00f6sfeny\u0151k. Meg ami m\u00e9g a cs\u00f6v\u00f6n kif\u00e9r. Csak a p\u00e9nzt\u00e1rca \u00e9s a belmagass\u00e1g szab hat\u00e1rt a v\u00e9gs\u0151 v\u00e1laszt\u00e1snak. <\/span>\r\n\r\n<img loading=\"lazy\" decoding=\"async\" class=\"alignnone size-large wp-image-7346\" src=\"https:\/\/hir.mediamarkt.hu\/magazin\/wp-content\/uploads\/2018\/12\/pexels-photo-704218-1024x682.jpeg\" alt=\"\" width=\"1024\" height=\"682\" srcset=\"https:\/\/hir.mediamarkt.hu\/magazin\/wp-content\/uploads\/2018\/12\/pexels-photo-704218-1024x682.jpeg 1024w, https:\/\/hir.mediamarkt.hu\/magazin\/wp-content\/uploads\/2018\/12\/pexels-photo-704218-275x183.jpeg 275w, https:\/\/hir.mediamarkt.hu\/magazin\/wp-content\/uploads\/2018\/12\/pexels-photo-704218-300x200.jpeg 300w, https:\/\/hir.mediamarkt.hu\/magazin\/wp-content\/uploads\/2018\/12\/pexels-photo-704218-768x512.jpeg 768w, https:\/\/hir.mediamarkt.hu\/magazin\/wp-content\/uploads\/2018\/12\/pexels-photo-704218.jpeg 1440w\" sizes=\"(max-width: 1024px) 100vw, 1024px\" \/>\r\n<h2><\/h2>\r\n<h2><b>R\u00e9gen len\u00e9zett darab volt, m\u00e1ra trend<\/b><\/h2>\r\n<span style=\"font-weight: 400;\">A m\u0171feny\u0151k vil\u00e1ga rengeteget fejl\u0151d\u00f6tt a kor\u00e1bban tal\u00e1n csak a panelekben divatos, t\u00e9nyleg el\u00e9g ronda verzi\u00f3k t\u00e9rh\u00f3d\u00edt\u00e1sa \u00f3ta. Az egyre ink\u00e1bb re\u00e1lis \u00e9s val\u00f3ban sz\u00e9p darabok egy r\u00e9sze m\u00e9g a t\u00e1rol\u00e1s ter\u00e9n is alkalmazkodott a kor k\u00e9nyelm\u00e9hez \u00e9s kisebb darabokra sz\u00e9tszedhet\u0151 \u201cpuzzle kar\u00e1csonyf\u00e1v\u00e1\u201d v\u00e1lt. B\u00e1r egy m\u0171feny\u0151 sosem lesz \u201cval\u00f3di\u201d, lehet, m\u00e1ra ez a szempont csak m\u00e1sodlagos.<\/span>\r\n\r\n<span style=\"font-weight: 400;\">Az \u00fcnnepi fa \u00e1rak elk\u00e9peszt\u0151ek, egy \u00e1tlag kereset\u0171 ember k\u00e9ptelen ekkora \u00f6sszeget kiadni egy mind\u00f6ssze p\u00e1r napig (j\u00f3 esetben p\u00e1r h\u00e9tig) n\u00e9zegetett szobad\u00edszben. Persze lehet az olcs\u00f3bb, s\u00e9r\u00fclt darabokra vad\u00e1szni, esetleg december 24-\u00e9n kora d\u00e9lut\u00e1n, a z\u00e1r\u00e1skor lecsapni a marad\u00e9k \u00e1rura, nyilv\u00e1n er\u0151s alkuk\u00e9pess\u00e9g mellett. \u00c9n ezt kor\u00e1bban k\u00e9tszer is megtettem \u00e9s direkt a legrond\u00e1bb \u00e1rut k\u00e9rtem, azt, amit csak Phoebe Buffay vitt volna haza&#8230;<\/span>\r\n\r\n&nbsp;\r\n\r\n<iframe loading=\"lazy\" title=\"Friends - Night of the Living dead Christmas Trees\" width=\"900\" height=\"506\" src=\"https:\/\/www.youtube.com\/embed\/UwV0tWKTSDc?feature=oembed\" frameborder=\"0\" allow=\"accelerometer; autoplay; clipboard-write; encrypted-media; gyroscope; picture-in-picture; web-share\" referrerpolicy=\"strict-origin-when-cross-origin\" allowfullscreen><\/iframe>\r\n\r\n&nbsp;\r\n\r\n<span style=\"font-weight: 400;\">Ha jut is a b\u00fcdzs\u00e9b\u0151l 10-20 ezres f\u00e1ra, az ember n\u00e9ha elgondolkodik: van \u00e9rtelme ennyi p\u00e9nzt kiadni valamire, ami azt\u00e1n az utc\u00e1ra ker\u00fcl (ahol egy\u00e9bk\u00e9nt plusz munk\u00e1t okoz a szemeteseknek \u00e9s az utc\u00e1t takar\u00edt\u00f3knak, a l\u00e9pcs\u0151h\u00e1zban v\u00e9gigh\u00fazott \u201c\u00e1ldozatok\u201d t\u0171leveleir\u0151l nem is besz\u00e9lve)? Nem lenne okosabb valami \u00fajrahasznos\u00edthat\u00f3t venni?<\/span>\r\n\r\n&nbsp;\r\n<h2><b>F\u00f6ldlabda, cser\u00e9p, m\u0171anyag<\/b><\/h2>\r\n&nbsp;\r\n\r\n<span style=\"font-weight: 400;\">Ha valaki ragaszkodik az \u00e9l\u0151 n\u00f6v\u00e9nyhez, m\u00e1ra sz\u00e1mos helyen beszerezhet\u0151ek az \u00e1t\u00fcltethet\u0151 \u00e9s \u00faj \u00e9lettel megaj\u00e1nd\u00e9kozhat\u00f3 verzi\u00f3k. Sajnos a legt\u00f6bb v\u00e1s\u00e1rl\u00f3 ezt a gesztust m\u00e1r nem tudja, vagy nem akarja megtenni (hi\u00e1ba, nem olyan egyszer\u0171 helyet keresni egy f\u00e1nak!), \u00edgy v\u00e9g\u00fcl ezeknek a sz\u00e9ps\u00e9geknek egy r\u00e9sze is kuk\u00e1ba ker\u00fcl. Van persze lerakat is, ahov\u00e1 visszasz\u00e1ll\u00edthatjuk az ideiglenes lak\u00f3t\u00e1rsat. B\u00edzunk benne, hogy az ezt a verzi\u00f3t v\u00e1laszt\u00f3k nem restek ezt a l\u00e9p\u00e9st megtenni. Na meg abban is, hogy ut\u00e1na nem z\u00fazz\u00e1k be a f\u00e1kat. Mert ezen sem lep\u0151dn\u00e9nk meg. <\/span>\r\n\r\n<span style=\"font-weight: 400;\">A m\u0171feny\u0151k ezzel szemben ak\u00e1r egy eg\u00e9sz ember\u00f6lt\u0151t kib\u00edrhatnak, csak a t\u00e1rol\u00e1sr\u00f3l kell gondoskodni. B\u00e1r az \u00e1rak itt is borsosak lehetnek, gondoljunk csak bele, hogy ezt a befektet\u00e9st hossz\u00fa t\u00e1von tessz\u00fck\u2026\u00a0<\/span><span style=\"font-weight: 400;\">Ami fontos: mivel a m\u0171feny\u0151k anyaga nem \u00e9pp a legk\u00f6rnyezetbar\u00e1tabb, t\u00e9nyleg akkor \u00e9rdemes beszerezni, ha \u00fagy d\u00f6nt\u00fcnk, kitartunk a kar\u00e1csonyf\u00e1nk mellett. Ha esetleg m\u00e9gis leselejtezn\u00e9nk, fontos, hogy ne csak \u00fagy kidobjuk a semmibe! Arr\u00f3l nem is besz\u00e9lve, hogy ami egyik\u00fcnknek kacat, m\u00e1snak kincs. Van, aki \u00f6r\u00fclne egy ingyen \u201chozz\u00e1v\u00e1gott\u201d, kopottabb m\u0171feny\u0151nek.<\/span>\r\n\r\n<img loading=\"lazy\" decoding=\"async\" class=\"alignnone size-large wp-image-7347\" src=\"https:\/\/hir.mediamarkt.hu\/magazin\/wp-content\/uploads\/2018\/12\/pexels-photo-713148-1024x682.jpeg\" alt=\"\" width=\"1024\" height=\"682\" srcset=\"https:\/\/hir.mediamarkt.hu\/magazin\/wp-content\/uploads\/2018\/12\/pexels-photo-713148-1024x682.jpeg 1024w, https:\/\/hir.mediamarkt.hu\/magazin\/wp-content\/uploads\/2018\/12\/pexels-photo-713148-275x183.jpeg 275w, https:\/\/hir.mediamarkt.hu\/magazin\/wp-content\/uploads\/2018\/12\/pexels-photo-713148-300x200.jpeg 300w, https:\/\/hir.mediamarkt.hu\/magazin\/wp-content\/uploads\/2018\/12\/pexels-photo-713148-768x512.jpeg 768w, https:\/\/hir.mediamarkt.hu\/magazin\/wp-content\/uploads\/2018\/12\/pexels-photo-713148.jpeg 1440w\" sizes=\"(max-width: 1024px) 100vw, 1024px\" \/>\r\n<h2><\/h2>\r\n<h2><b>A v\u00e9g\u00e9n a gyerek \u00f6r\u00f6me d\u00f6nt\u2026<\/b><\/h2>\r\n<span style=\"font-weight: 400;\">A kar\u00e1csonyfa egy\u00e9rtelm\u0171en a gyerekek sz\u00e1m\u00e1ra jelentik az igazi var\u00e1zslatot. A meghitt f\u00e9nyek, a bar\u00e1ts\u00e1gos illatok m\u00e1gikus id\u0151szakot teremtenek. Van, amikor m\u00e9g t\u00fal kicsik az \u00e9lm\u00e9ny val\u00f3di felfog\u00e1s\u00e1hoz, de ez nem jelenti azt, ne rak\u00e1roz\u00f3dna el valami eml\u00e9k az agyukban. \u00c9s persze van az, amikor \u00e9pp tinik \u00e9s minden \u201ct\u00f6k mindegy\u201d, a kar\u00e1csony b\u00e9na \u00e9s k\u00fcl\u00f6nben is, hagyjuk m\u00e1r \u0151ket b\u00e9k\u00e9n. A k\u00e9t id\u0151szakot lesz\u00e1m\u00edtva a fa l\u00e1tv\u00e1nya a legt\u00f6bb sz\u00fcl\u0151 sz\u00e1m\u00e1ra fontos, hiszen ki ne szeretn\u00e9 eml\u00e9kezetess\u00e9 \u00e9s boldogg\u00e1 tenni a gyermeke \u00e9s szerettei \u00e9let\u00e9t. A praktikuss\u00e1g azonban fel\u00fcl\u00edrhat sokmindent. \u00c9s azon is t\u00fal l\u00e9phet\u00fcnk, amit anno, 30-40 \u00e9vig mi magunk \u00e9lt\u00fcnk \u00e1t. A m\u0171feny\u0151ket v\u00e1laszt\u00f3k pl. sz\u00e9p fah\u00e9j rudakkal, vagy ak\u00e1r szegf\u0151szeggel \u00e9s narancsh\u00e9jjal t\u00f6lt\u00f6tt zs\u00e1kocsk\u00e1kkal, filc figur\u00e1kkal is tele aggathatj\u00e1k a f\u00e1t. \u00cdgy az illat kavalk\u00e1d nem marad el. De persze p\u00e1r \u00e1gacsk\u00e1t is beszerezhet\u00fcnk, ahogy toboz is akad b\u0151ven, f\u0151leg, ha elmegy\u00fcnk kir\u00e1ndulni \u00e9s felszedj\u00fck a f\u00f6ldr\u0151l, ami m\u00e1r lehullott (nem, nem t\u00e9p\u00fcnk, nem v\u00e1gunk, csak marad\u00e9kot szed\u00fcnk!). Ennek h\u00e1la a gyanta illat is meglesz. <\/span>\r\n\r\n<span style=\"font-weight: 400;\">A l\u00e9nyeg persze, <\/span>\r\n<h2 style=\"padding-left: 30px;\"><strong>hogy egy\u00fctt legy\u00fcnk, hogy ne d\u00fch\u00f6ngj\u00fcnk, ne stresszelj\u00fcnk, ne \u00fagy\u00e9lj\u00fck meg a kar\u00e1csonyt, mint terhet (musz\u00e1j k\u00f6lteni, musz\u00e1j fogyasztani, musz\u00e1j bele\u0151r\u00fclni!). Egyszer\u0171en alak\u00edtsuk ki a saj\u00e1t, k\u00e9nyelmes \u00e9s \u00f6r\u00f6met okoz\u00f3 szok\u00e1sainkat. Ak\u00e1r val\u00f3di, ak\u00e1r m\u0171feny\u0151vel!<\/strong><\/h2>\r\n<img loading=\"lazy\" decoding=\"async\" class=\"alignnone size-large wp-image-7342\" src=\"https:\/\/hir.mediamarkt.hu\/magazin\/wp-content\/uploads\/2018\/12\/pexels-photo-254054-1024x721.jpeg\" alt=\"\" width=\"1024\" height=\"721\" srcset=\"https:\/\/hir.mediamarkt.hu\/magazin\/wp-content\/uploads\/2018\/12\/pexels-photo-254054-1024x721.jpeg 1024w, https:\/\/hir.mediamarkt.hu\/magazin\/wp-content\/uploads\/2018\/12\/pexels-photo-254054-275x194.jpeg 275w, https:\/\/hir.mediamarkt.hu\/magazin\/wp-content\/uploads\/2018\/12\/pexels-photo-254054-300x211.jpeg 300w, https:\/\/hir.mediamarkt.hu\/magazin\/wp-content\/uploads\/2018\/12\/pexels-photo-254054-768x541.jpeg 768w, https:\/\/hir.mediamarkt.hu\/magazin\/wp-content\/uploads\/2018\/12\/pexels-photo-254054.jpeg 1440w\" sizes=\"(max-width: 1024px) 100vw, 1024px\" \/>\r\n\r\n&nbsp;\r\n<h2><strong>Kapcsol\u00f3d\u00f3 MediaMarkt term\u00e9kek: <\/strong><\/h2>\r\n&nbsp;\r\n\r\n<a href=\"https:\/\/www.mediamarkt.hu\/hu\/product\/_family-christmas-mini-m%C5%B1feny%C5%91-arany-d%C3%ADszekkel-30-cm-1271807.html#\"><span style=\"font-weight: 400;\">FAMILY CHRISTMAS Mini m\u0171feny\u0151 arany d\u00edszekkel &#8211; 30 cm<\/span><\/a><span style=\"font-weight: 400;\">, 1299 Ft<\/span>\r\n\r\n<a href=\"https:\/\/www.mediamarkt.hu\/hu\/product\/_family-christmas-55892r-m%C5%B1feny%C5%91-mini-piros-d%C3%ADszekkel-30-cm-1271806.html\"><span style=\"font-weight: 400;\">FAMILY CHRISTMAS 55892R M\u0171feny\u0151, mini, piros d\u00edszekkel, 30 cm<\/span><\/a><span style=\"font-weight: 400;\">, 1299 Ft<\/span>\r\n\r\n<a href=\"https:\/\/www.mediamarkt.hu\/hu\/product\/_christmas-light-kmk-50-m%C5%B1koszor%C3%BA-1275012.html\"><span style=\"font-weight: 400;\">CHRISTMAS LIGHT KMK 50 M\u0171koszor\u00fa<\/span><\/a><span style=\"font-weight: 400;\">, 6999 Ft<\/span>\r\n\r\n<a href=\"https:\/\/www.mediamarkt.hu\/hu\/product\/_christmas-light-kmf-60-led-m%C5%B1feny%C5%91-led-vil%C3%A1g%C3%ADt%C3%A1ssal-1275013.html\"><span style=\"font-weight: 400;\">CHRISTMAS LIGHT KMF 60 LED M\u0171feny\u0151 LED vil\u00e1g\u00edt\u00e1ssal<\/span><\/a><span style=\"font-weight: 400;\">, 7499 Ft<\/span>\r\n\r\n<a href=\"https:\/\/www.mediamarkt.hu\/hu\/product\/_met-nadleen-m%C5%B1feny%C5%91-165-cm-1249080.html\"><span style=\"font-weight: 400;\">MET Nadleen m\u0171feny\u0151 165 cm<\/span><\/a><span style=\"font-weight: 400;\">, 9149 Ft<\/span>\r\n\r\n<a href=\"https:\/\/www.mediamarkt.hu\/hu\/product\/_christmas-light-kix-150-optikai-sz%C3%A1las-m%C5%B1feny%C5%91-150-cm-1243475.html\"><span style=\"font-weight: 400;\">CHRISTMAS LIGHT KIX 150 Optikai sz\u00e1las m\u0171feny\u0151 150 cm<\/span><\/a><span style=\"font-weight: 400;\">, 18 399 Ft<\/span>\r\n\r\n<a href=\"https:\/\/www.mediamarkt.hu\/hu\/product\/_christmas-light-kmf-5-150-m%C5%B1feny%C5%91-150-cm-1275014.html\"><span style=\"font-weight: 400;\">CHRISTMAS LIGHT KMF 5\/150 M\u0171feny\u0151, 150 cm<\/span><\/a><span style=\"font-weight: 400;\">, 39 999 Ft<\/span>\r\n\r\n&nbsp;\r\n\r\n<img loading=\"lazy\" decoding=\"async\" class=\"alignnone size-full wp-image-7351\" src=\"https:\/\/hir.mediamarkt.hu\/magazin\/wp-content\/uploads\/2018\/12\/fe.png\" alt=\"\" width=\"786\" height=\"587\" srcset=\"https:\/\/hir.mediamarkt.hu\/magazin\/wp-content\/uploads\/2018\/12\/fe.png 786w, https:\/\/hir.mediamarkt.hu\/magazin\/wp-content\/uploads\/2018\/12\/fe-275x205.png 275w, https:\/\/hir.mediamarkt.hu\/magazin\/wp-content\/uploads\/2018\/12\/fe-300x224.png 300w, https:\/\/hir.mediamarkt.hu\/magazin\/wp-content\/uploads\/2018\/12\/fe-768x574.png 768w\" sizes=\"(max-width: 786px) 100vw, 786px\" \/>\r\n\r\n<img loading=\"lazy\" decoding=\"async\" class=\"alignnone size-large wp-image-7352\" src=\"https:\/\/hir.mediamarkt.hu\/magazin\/wp-content\/uploads\/2018\/12\/fe1.png\" alt=\"\" width=\"786\" height=\"587\" srcset=\"https:\/\/hir.mediamarkt.hu\/magazin\/wp-content\/uploads\/2018\/12\/fe1.png 786w, https:\/\/hir.mediamarkt.hu\/magazin\/wp-content\/uploads\/2018\/12\/fe1-275x205.png 275w, https:\/\/hir.mediamarkt.hu\/magazin\/wp-content\/uploads\/2018\/12\/fe1-300x224.png 300w, https:\/\/hir.mediamarkt.hu\/magazin\/wp-content\/uploads\/2018\/12\/fe1-768x574.png 768w\" sizes=\"(max-width: 786px) 100vw, 786px\" \/>\r\n\r\n<img loading=\"lazy\" decoding=\"async\" class=\"alignnone size-large wp-image-7354\" src=\"https:\/\/hir.mediamarkt.hu\/magazin\/wp-content\/uploads\/2018\/12\/fe2.png\" alt=\"\" width=\"786\" height=\"587\" srcset=\"https:\/\/hir.mediamarkt.hu\/magazin\/wp-content\/uploads\/2018\/12\/fe2.png 786w, https:\/\/hir.mediamarkt.hu\/magazin\/wp-content\/uploads\/2018\/12\/fe2-275x205.png 275w, https:\/\/hir.mediamarkt.hu\/magazin\/wp-content\/uploads\/2018\/12\/fe2-300x224.png 300w, https:\/\/hir.mediamarkt.hu\/magazin\/wp-content\/uploads\/2018\/12\/fe2-768x574.png 768w\" sizes=\"(max-width: 786px) 100vw, 786px\" \/>\r\n\r\n<img loading=\"lazy\" decoding=\"async\" class=\"alignnone size-large wp-image-7355\" src=\"https:\/\/hir.mediamarkt.hu\/magazin\/wp-content\/uploads\/2018\/12\/fe3.png\" alt=\"\" width=\"786\" height=\"587\" srcset=\"https:\/\/hir.mediamarkt.hu\/magazin\/wp-content\/uploads\/2018\/12\/fe3.png 786w, https:\/\/hir.mediamarkt.hu\/magazin\/wp-content\/uploads\/2018\/12\/fe3-275x205.png 275w, https:\/\/hir.mediamarkt.hu\/magazin\/wp-content\/uploads\/2018\/12\/fe3-300x224.png 300w, https:\/\/hir.mediamarkt.hu\/magazin\/wp-content\/uploads\/2018\/12\/fe3-768x574.png 768w\" sizes=\"(max-width: 786px) 100vw, 786px\" \/>\r\n\r\n<img loading=\"lazy\" decoding=\"async\" class=\"alignnone size-large wp-image-7356\" src=\"https:\/\/hir.mediamarkt.hu\/magazin\/wp-content\/uploads\/2018\/12\/fe4.png\" alt=\"\" width=\"786\" height=\"587\" srcset=\"https:\/\/hir.mediamarkt.hu\/magazin\/wp-content\/uploads\/2018\/12\/fe4.png 786w, https:\/\/hir.mediamarkt.hu\/magazin\/wp-content\/uploads\/2018\/12\/fe4-275x205.png 275w, https:\/\/hir.mediamarkt.hu\/magazin\/wp-content\/uploads\/2018\/12\/fe4-300x224.png 300w, https:\/\/hir.mediamarkt.hu\/magazin\/wp-content\/uploads\/2018\/12\/fe4-768x574.png 768w\" sizes=\"(max-width: 786px) 100vw, 786px\" \/>\r\n\r\n<img loading=\"lazy\" decoding=\"async\" class=\"alignnone size-large wp-image-7357\" src=\"https:\/\/hir.mediamarkt.hu\/magazin\/wp-content\/uploads\/2018\/12\/fe5.png\" alt=\"\" width=\"786\" height=\"587\" srcset=\"https:\/\/hir.mediamarkt.hu\/magazin\/wp-content\/uploads\/2018\/12\/fe5.png 786w, https:\/\/hir.mediamarkt.hu\/magazin\/wp-content\/uploads\/2018\/12\/fe5-275x205.png 275w, https:\/\/hir.mediamarkt.hu\/magazin\/wp-content\/uploads\/2018\/12\/fe5-300x224.png 300w, https:\/\/hir.mediamarkt.hu\/magazin\/wp-content\/uploads\/2018\/12\/fe5-768x574.png 768w\" sizes=\"(max-width: 786px) 100vw, 786px\" \/>\r\n\r\n<img loading=\"lazy\" decoding=\"async\" class=\"alignnone size-large wp-image-7358\" src=\"https:\/\/hir.mediamarkt.hu\/magazin\/wp-content\/uploads\/2018\/12\/fe5a.png\" alt=\"\" width=\"786\" height=\"587\" srcset=\"https:\/\/hir.mediamarkt.hu\/magazin\/wp-content\/uploads\/2018\/12\/fe5a.png 786w, https:\/\/hir.mediamarkt.hu\/magazin\/wp-content\/uploads\/2018\/12\/fe5a-275x205.png 275w, https:\/\/hir.mediamarkt.hu\/magazin\/wp-content\/uploads\/2018\/12\/fe5a-300x224.png 300w, https:\/\/hir.mediamarkt.hu\/magazin\/wp-content\/uploads\/2018\/12\/fe5a-768x574.png 768w\" sizes=\"(max-width: 786px) 100vw, 786px\" \/>\r\n\r\n<img loading=\"lazy\" decoding=\"async\" class=\"alignnone size-large wp-image-7359\" src=\"https:\/\/hir.mediamarkt.hu\/magazin\/wp-content\/uploads\/2018\/12\/fe6.png\" alt=\"\" width=\"786\" height=\"587\" srcset=\"https:\/\/hir.mediamarkt.hu\/magazin\/wp-content\/uploads\/2018\/12\/fe6.png 786w, https:\/\/hir.mediamarkt.hu\/magazin\/wp-content\/uploads\/2018\/12\/fe6-275x205.png 275w, https:\/\/hir.mediamarkt.hu\/magazin\/wp-content\/uploads\/2018\/12\/fe6-300x224.png 300w, https:\/\/hir.mediamarkt.hu\/magazin\/wp-content\/uploads\/2018\/12\/fe6-768x574.png 768w\" sizes=\"(max-width: 786px) 100vw, 786px\" \/>\r\n\r\n<img loading=\"lazy\" decoding=\"async\" class=\"alignnone size-large wp-image-7360\" src=\"https:\/\/hir.mediamarkt.hu\/magazin\/wp-content\/uploads\/2018\/12\/fe6a.png\" alt=\"\" width=\"786\" height=\"587\" srcset=\"https:\/\/hir.mediamarkt.hu\/magazin\/wp-content\/uploads\/2018\/12\/fe6a.png 786w, https:\/\/hir.mediamarkt.hu\/magazin\/wp-content\/uploads\/2018\/12\/fe6a-275x205.png 275w, https:\/\/hir.mediamarkt.hu\/magazin\/wp-content\/uploads\/2018\/12\/fe6a-300x224.png 300w, https:\/\/hir.mediamarkt.hu\/magazin\/wp-content\/uploads\/2018\/12\/fe6a-768x574.png 768w\" sizes=\"(max-width: 786px) 100vw, 786px\" \/>","protected":false},"excerpt":{"rendered":"Ha valaki eml\u00e9kszik m\u00e9g, a Heti Hetes egyik r\u00e9ges-r\u00e9gi ad\u00e1s\u00e1ban Hern\u00e1di Judit \u201cnekiment\u201d a val\u00f3di feny\u0151knek. A f\u00e1k, akiket egy m\u00e1sik epiz\u00f3dban \u201cegyl\u00e1b\u00fa bar\u00e1tainknak\u201d h\u00edvott val\u00f3ban \u00e9lnek, s\u0151t kommunik\u00e1lnak is! A v\u00e1s\u00e1rokban \u00e1rult darabok viszont csak a piaci elv\u00e1r\u00e1sok miatt l\u00e9teznek. Most akkor kegyetlen dolog a feny\u0151fa v\u00e1s\u00e1rl\u00e1s? \u00c9s mennyire k\u00f6rnyezetszennyez\u0151 a m\u0171anyag verzi\u00f3? Egy\u00e1ltal\u00e1n: melyik az \u201c\u00fcnnepibb\u201d? Pro \u00e9s kontra \u00e9rvek az \u00e9v legfontosabb szobai l\u00e1tv\u00e1nyoss\u00e1ga k\u00f6r\u00fcl!","protected":false},"author":13,"featured_media":7348,"comment_status":"open","ping_status":"open","sticky":false,"template":"","format":"standard","meta":{"wprm-recipe-roundup-name":"","wprm-recipe-roundup-description":"","footnotes":""},"categories":[5967],"tags":[2037,2200,2312,2965,52,514,51,2964,54,2127,2173,2966,2249,2281],"yoast_head":"<!-- This site is optimized with the Yoast SEO plugin v22.9 - https:\/\/yoast.com\/wordpress\/plugins\/seo\/ -->\n<title>A nagy hitvall\u00e1s: m\u0171feny\u0151 vs. val\u00f3di feny\u0151... - MediaMarkt Magazin<\/title>\n<meta name=\"description\" content=\"B\u00e1r a v\u00e9g\u00e9n egy a l\u00e9nyeg, hogy a gyerek boldog legyen, az\u00e9rt k\u00f6rbej\u00e1rtuk a nagy feny\u0151 k\u00e9rd\u00e9st. Pro \u00e9s kontra \u00e9rvek a szeretet \u00fcnnepe el\u0151tti v\u00e1s\u00e1rl\u00e1shoz!\" \/>\n<meta name=\"robots\" content=\"index, follow, max-snippet:-1, max-image-preview:large, max-video-preview:-1\" \/>\n<link rel=\"canonical\" href=\"https:\/\/hir.mediamarkt.hu\/magazin\/a-nagy-hitvallas-mufenyo-vs-valodi-fenyo\/\" \/>\n<meta property=\"og:locale\" content=\"hu_HU\" \/>\n<meta property=\"og:type\" content=\"article\" \/>\n<meta property=\"og:title\" content=\"A nagy hitvall\u00e1s: m\u0171feny\u0151 vs. val\u00f3di feny\u0151... - MediaMarkt Magazin\" \/>\n<meta property=\"og:description\" content=\"B\u00e1r a v\u00e9g\u00e9n egy a l\u00e9nyeg, hogy a gyerek boldog legyen, az\u00e9rt k\u00f6rbej\u00e1rtuk a nagy feny\u0151 k\u00e9rd\u00e9st. Pro \u00e9s kontra \u00e9rvek a szeretet \u00fcnnepe el\u0151tti v\u00e1s\u00e1rl\u00e1shoz!\" \/>\n<meta property=\"og:url\" content=\"https:\/\/hir.mediamarkt.hu\/magazin\/a-nagy-hitvallas-mufenyo-vs-valodi-fenyo\/\" \/>\n<meta property=\"og:site_name\" content=\"MediaMarkt Magazin\" \/>\n<meta property=\"article:publisher\" content=\"https:\/\/www.facebook.com\/MediaMarktMagyarorszag\" \/>\n<meta property=\"article:published_time\" content=\"2018-12-06T07:00:50+00:00\" \/>\n<meta property=\"article:modified_time\" content=\"2018-12-04T18:47:46+00:00\" \/>\n<meta property=\"og:image\" content=\"https:\/\/hir.mediamarkt.hu\/magazin\/wp-content\/uploads\/2018\/12\/pexels-photo-751241.jpeg\" \/>\n\t<meta property=\"og:image:width\" content=\"1440\" \/>\n\t<meta property=\"og:image:height\" content=\"835\" \/>\n\t<meta property=\"og:image:type\" content=\"image\/jpeg\" \/>\n<meta name=\"author\" content=\"Media Markt\" \/>\n<meta name=\"twitter:label1\" content=\"Szerz\u0151:\" \/>\n\t<meta name=\"twitter:data1\" content=\"Media Markt\" \/>\n\t<meta name=\"twitter:label2\" content=\"Becs\u00fclt olvas\u00e1si id\u0151\" \/>\n\t<meta name=\"twitter:data2\" content=\"6 perc\" \/>\n<script type=\"application\/ld+json\" class=\"yoast-schema-graph\">{\"@context\":\"https:\/\/schema.org\",\"@graph\":[{\"@type\":\"WebPage\",\"@id\":\"https:\/\/hir.mediamarkt.hu\/magazin\/a-nagy-hitvallas-mufenyo-vs-valodi-fenyo\/\",\"url\":\"https:\/\/hir.mediamarkt.hu\/magazin\/a-nagy-hitvallas-mufenyo-vs-valodi-fenyo\/\",\"name\":\"A nagy hitvall\u00e1s: m\u0171feny\u0151 vs. val\u00f3di feny\u0151... - MediaMarkt Magazin\",\"isPartOf\":{\"@id\":\"https:\/\/hir.mediamarkt.hu\/magazin\/#website\"},\"primaryImageOfPage\":{\"@id\":\"https:\/\/hir.mediamarkt.hu\/magazin\/a-nagy-hitvallas-mufenyo-vs-valodi-fenyo\/#primaryimage\"},\"image\":{\"@id\":\"https:\/\/hir.mediamarkt.hu\/magazin\/a-nagy-hitvallas-mufenyo-vs-valodi-fenyo\/#primaryimage\"},\"thumbnailUrl\":\"https:\/\/hir.mediamarkt.hu\/magazin\/wp-content\/uploads\/2018\/12\/pexels-photo-751241.jpeg\",\"datePublished\":\"2018-12-06T07:00:50+00:00\",\"dateModified\":\"2018-12-04T18:47:46+00:00\",\"author\":{\"@id\":\"https:\/\/hir.mediamarkt.hu\/magazin\/#\/schema\/person\/b93b02ec1ab4d2353f8d281e171c1b0b\"},\"description\":\"B\u00e1r a v\u00e9g\u00e9n egy a l\u00e9nyeg, hogy a gyerek boldog legyen, az\u00e9rt k\u00f6rbej\u00e1rtuk a nagy feny\u0151 k\u00e9rd\u00e9st. Pro \u00e9s kontra \u00e9rvek a szeretet \u00fcnnepe el\u0151tti v\u00e1s\u00e1rl\u00e1shoz!\",\"breadcrumb\":{\"@id\":\"https:\/\/hir.mediamarkt.hu\/magazin\/a-nagy-hitvallas-mufenyo-vs-valodi-fenyo\/#breadcrumb\"},\"inLanguage\":\"hu\",\"potentialAction\":[{\"@type\":\"ReadAction\",\"target\":[\"https:\/\/hir.mediamarkt.hu\/magazin\/a-nagy-hitvallas-mufenyo-vs-valodi-fenyo\/\"]}]},{\"@type\":\"ImageObject\",\"inLanguage\":\"hu\",\"@id\":\"https:\/\/hir.mediamarkt.hu\/magazin\/a-nagy-hitvallas-mufenyo-vs-valodi-fenyo\/#primaryimage\",\"url\":\"https:\/\/hir.mediamarkt.hu\/magazin\/wp-content\/uploads\/2018\/12\/pexels-photo-751241.jpeg\",\"contentUrl\":\"https:\/\/hir.mediamarkt.hu\/magazin\/wp-content\/uploads\/2018\/12\/pexels-photo-751241.jpeg\",\"width\":1440,\"height\":835},{\"@type\":\"BreadcrumbList\",\"@id\":\"https:\/\/hir.mediamarkt.hu\/magazin\/a-nagy-hitvallas-mufenyo-vs-valodi-fenyo\/#breadcrumb\",\"itemListElement\":[{\"@type\":\"ListItem\",\"position\":1,\"name\":\"Kezd\u0151lap\",\"item\":\"https:\/\/hir.mediamarkt.hu\/magazin\/\"},{\"@type\":\"ListItem\",\"position\":2,\"name\":\"A nagy hitvall\u00e1s: m\u0171feny\u0151 vs. val\u00f3di feny\u0151&#8230;\"}]},{\"@type\":\"WebSite\",\"@id\":\"https:\/\/hir.mediamarkt.hu\/magazin\/#website\",\"url\":\"https:\/\/hir.mediamarkt.hu\/magazin\/\",\"name\":\"MediaMarkt Magazin\",\"description\":\"Olvass bele magazinunkba!\",\"potentialAction\":[{\"@type\":\"SearchAction\",\"target\":{\"@type\":\"EntryPoint\",\"urlTemplate\":\"https:\/\/hir.mediamarkt.hu\/magazin\/?s={search_term_string}\"},\"query-input\":\"required name=search_term_string\"}],\"inLanguage\":\"hu\"},{\"@type\":\"Person\",\"@id\":\"https:\/\/hir.mediamarkt.hu\/magazin\/#\/schema\/person\/b93b02ec1ab4d2353f8d281e171c1b0b\",\"name\":\"Media Markt\",\"image\":{\"@type\":\"ImageObject\",\"inLanguage\":\"hu\",\"@id\":\"https:\/\/hir.mediamarkt.hu\/magazin\/#\/schema\/person\/image\/\",\"url\":\"https:\/\/secure.gravatar.com\/avatar\/602bccae8998beee472d01909f0978f1?s=96&d=mm&r=g\",\"contentUrl\":\"https:\/\/secure.gravatar.com\/avatar\/602bccae8998beee472d01909f0978f1?s=96&d=mm&r=g\",\"caption\":\"Media Markt\"}}]}<\/script>\n<!-- \/ Yoast SEO plugin. -->","yoast_head_json":{"title":"A nagy hitvall\u00e1s: m\u0171feny\u0151 vs. val\u00f3di feny\u0151... - MediaMarkt Magazin","description":"B\u00e1r a v\u00e9g\u00e9n egy a l\u00e9nyeg, hogy a gyerek boldog legyen, az\u00e9rt k\u00f6rbej\u00e1rtuk a nagy feny\u0151 k\u00e9rd\u00e9st. Pro \u00e9s kontra \u00e9rvek a szeretet \u00fcnnepe el\u0151tti v\u00e1s\u00e1rl\u00e1shoz!","robots":{"index":"index","follow":"follow","max-snippet":"max-snippet:-1","max-image-preview":"max-image-preview:large","max-video-preview":"max-video-preview:-1"},"canonical":"https:\/\/hir.mediamarkt.hu\/magazin\/a-nagy-hitvallas-mufenyo-vs-valodi-fenyo\/","og_locale":"hu_HU","og_type":"article","og_title":"A nagy hitvall\u00e1s: m\u0171feny\u0151 vs. val\u00f3di feny\u0151... - MediaMarkt Magazin","og_description":"B\u00e1r a v\u00e9g\u00e9n egy a l\u00e9nyeg, hogy a gyerek boldog legyen, az\u00e9rt k\u00f6rbej\u00e1rtuk a nagy feny\u0151 k\u00e9rd\u00e9st. Pro \u00e9s kontra \u00e9rvek a szeretet \u00fcnnepe el\u0151tti v\u00e1s\u00e1rl\u00e1shoz!","og_url":"https:\/\/hir.mediamarkt.hu\/magazin\/a-nagy-hitvallas-mufenyo-vs-valodi-fenyo\/","og_site_name":"MediaMarkt Magazin","article_publisher":"https:\/\/www.facebook.com\/MediaMarktMagyarorszag","article_published_time":"2018-12-06T07:00:50+00:00","article_modified_time":"2018-12-04T18:47:46+00:00","og_image":[{"width":1440,"height":835,"url":"https:\/\/hir.mediamarkt.hu\/magazin\/wp-content\/uploads\/2018\/12\/pexels-photo-751241.jpeg","type":"image\/jpeg"}],"author":"Media Markt","twitter_misc":{"Szerz\u0151:":"Media Markt","Becs\u00fclt olvas\u00e1si id\u0151":"6 perc"},"schema":{"@context":"https:\/\/schema.org","@graph":[{"@type":"WebPage","@id":"https:\/\/hir.mediamarkt.hu\/magazin\/a-nagy-hitvallas-mufenyo-vs-valodi-fenyo\/","url":"https:\/\/hir.mediamarkt.hu\/magazin\/a-nagy-hitvallas-mufenyo-vs-valodi-fenyo\/","name":"A nagy hitvall\u00e1s: m\u0171feny\u0151 vs. val\u00f3di feny\u0151... - MediaMarkt Magazin","isPartOf":{"@id":"https:\/\/hir.mediamarkt.hu\/magazin\/#website"},"primaryImageOfPage":{"@id":"https:\/\/hir.mediamarkt.hu\/magazin\/a-nagy-hitvallas-mufenyo-vs-valodi-fenyo\/#primaryimage"},"image":{"@id":"https:\/\/hir.mediamarkt.hu\/magazin\/a-nagy-hitvallas-mufenyo-vs-valodi-fenyo\/#primaryimage"},"thumbnailUrl":"https:\/\/hir.mediamarkt.hu\/magazin\/wp-content\/uploads\/2018\/12\/pexels-photo-751241.jpeg","datePublished":"2018-12-06T07:00:50+00:00","dateModified":"2018-12-04T18:47:46+00:00","author":{"@id":"https:\/\/hir.mediamarkt.hu\/magazin\/#\/schema\/person\/b93b02ec1ab4d2353f8d281e171c1b0b"},"description":"B\u00e1r a v\u00e9g\u00e9n egy a l\u00e9nyeg, hogy a gyerek boldog legyen, az\u00e9rt k\u00f6rbej\u00e1rtuk a nagy feny\u0151 k\u00e9rd\u00e9st. Pro \u00e9s kontra \u00e9rvek a szeretet \u00fcnnepe el\u0151tti v\u00e1s\u00e1rl\u00e1shoz!","breadcrumb":{"@id":"https:\/\/hir.mediamarkt.hu\/magazin\/a-nagy-hitvallas-mufenyo-vs-valodi-fenyo\/#breadcrumb"},"inLanguage":"hu","potentialAction":[{"@type":"ReadAction","target":["https:\/\/hir.mediamarkt.hu\/magazin\/a-nagy-hitvallas-mufenyo-vs-valodi-fenyo\/"]}]},{"@type":"ImageObject","inLanguage":"hu","@id":"https:\/\/hir.mediamarkt.hu\/magazin\/a-nagy-hitvallas-mufenyo-vs-valodi-fenyo\/#primaryimage","url":"https:\/\/hir.mediamarkt.hu\/magazin\/wp-content\/uploads\/2018\/12\/pexels-photo-751241.jpeg","contentUrl":"https:\/\/hir.mediamarkt.hu\/magazin\/wp-content\/uploads\/2018\/12\/pexels-photo-751241.jpeg","width":1440,"height":835},{"@type":"BreadcrumbList","@id":"https:\/\/hir.mediamarkt.hu\/magazin\/a-nagy-hitvallas-mufenyo-vs-valodi-fenyo\/#breadcrumb","itemListElement":[{"@type":"ListItem","position":1,"name":"Kezd\u0151lap","item":"https:\/\/hir.mediamarkt.hu\/magazin\/"},{"@type":"ListItem","position":2,"name":"A nagy hitvall\u00e1s: m\u0171feny\u0151 vs. val\u00f3di feny\u0151&#8230;"}]},{"@type":"WebSite","@id":"https:\/\/hir.mediamarkt.hu\/magazin\/#website","url":"https:\/\/hir.mediamarkt.hu\/magazin\/","name":"MediaMarkt Magazin","description":"Olvass bele magazinunkba!","potentialAction":[{"@type":"SearchAction","target":{"@type":"EntryPoint","urlTemplate":"https:\/\/hir.mediamarkt.hu\/magazin\/?s={search_term_string}"},"query-input":"required name=search_term_string"}],"inLanguage":"hu"},{"@type":"Person","@id":"https:\/\/hir.mediamarkt.hu\/magazin\/#\/schema\/person\/b93b02ec1ab4d2353f8d281e171c1b0b","name":"Media Markt","image":{"@type":"ImageObject","inLanguage":"hu","@id":"https:\/\/hir.mediamarkt.hu\/magazin\/#\/schema\/person\/image\/","url":"https:\/\/secure.gravatar.com\/avatar\/602bccae8998beee472d01909f0978f1?s=96&d=mm&r=g","contentUrl":"https:\/\/secure.gravatar.com\/avatar\/602bccae8998beee472d01909f0978f1?s=96&d=mm&r=g","caption":"Media Markt"}}]}},"_links":{"self":[{"href":"https:\/\/hir.mediamarkt.hu\/magazin\/wp-json\/wp\/v2\/posts\/7340"}],"collection":[{"href":"https:\/\/hir.mediamarkt.hu\/magazin\/wp-json\/wp\/v2\/posts"}],"about":[{"href":"https:\/\/hir.mediamarkt.hu\/magazin\/wp-json\/wp\/v2\/types\/post"}],"author":[{"embeddable":true,"href":"https:\/\/hir.mediamarkt.hu\/magazin\/wp-json\/wp\/v2\/users\/13"}],"replies":[{"embeddable":true,"href":"https:\/\/hir.mediamarkt.hu\/magazin\/wp-json\/wp\/v2\/comments?post=7340"}],"version-history":[{"count":3,"href":"https:\/\/hir.mediamarkt.hu\/magazin\/wp-json\/wp\/v2\/posts\/7340\/revisions"}],"predecessor-version":[{"id":7353,"href":"https:\/\/hir.mediamarkt.hu\/magazin\/wp-json\/wp\/v2\/posts\/7340\/revisions\/7353"}],"wp:featuredmedia":[{"embeddable":true,"href":"https:\/\/hir.mediamarkt.hu\/magazin\/wp-json\/wp\/v2\/media\/7348"}],"wp:attachment":[{"href":"https:\/\/hir.mediamarkt.hu\/magazin\/wp-json\/wp\/v2\/media?parent=7340"}],"wp:term":[{"taxonomy":"category","embeddable":true,"href":"https:\/\/hir.mediamarkt.hu\/magazin\/wp-json\/wp\/v2\/categories?post=7340"},{"taxonomy":"post_tag","embeddable":true,"href":"https:\/\/hir.mediamarkt.hu\/magazin\/wp-json\/wp\/v2\/tags?post=7340"}],"curies":[{"name":"wp","href":"https:\/\/api.w.org\/{rel}","templated":true}]}}