{"id":7388,"date":"2018-12-10T08:00:23","date_gmt":"2018-12-10T07:00:23","guid":{"rendered":"http:\/\/hir.mediamarkt.hu\/magazin\/?p=7388"},"modified":"2018-12-05T12:37:53","modified_gmt":"2018-12-05T11:37:53","slug":"csomagolopapir-mentes-karacsony-diy-tippek","status":"publish","type":"post","link":"https:\/\/hir.mediamarkt.hu\/magazin\/csomagolopapir-mentes-karacsony-diy-tippek\/","title":{"rendered":"Csomagol\u00f3pap\u00edr mentes Kar\u00e1csony? Igen!"},"content":{"rendered":"<strong>A zero waste, vagyis a hullad\u00e9k mentes \u00e9letm\u00f3d, ha nem is extr\u00e9m neh\u00e9z, nem egyszer\u0171. Az \u00fcnnepek k\u00f6r\u00fcl m\u00e9g a feszesebb szab\u00e1lyokat tart\u00f3k is enged\u00e9kenyebbek. Hiszen mit \u00e9r a k\u00f6rnyezettudatos \u00e9letm\u00f3d, ha az \u00f6r\u00f6m \u00e9s a kar\u00e1csony elveszik? F\u0151leg gyerekkel fontos, hogy megtal\u00e1ljuk az egyens\u00falyt az \u00e9rtelmetlen fogyaszt\u00e1s \u00e9s a szeretettel teli aj\u00e1nd\u00e9koz\u00e1s \u00e9s v\u00e1s\u00e1rl\u00e1s k\u00f6z\u00f6tt. Ha valamin kreat\u00edvan, izgalmasan \u00e9s pof\u00e1san tudunk v\u00e1ltoztatni, az a csomagol\u00e1s! L\u00e1ssuk, milyen lehet a kar\u00e1csony teljesen \u00e9rtelmetlen pazarl\u00e1s n\u00e9lk\u00fcl!<\/strong><!--more-->\r\n\r\n&nbsp;\r\n<h2><strong>Le az egyszer haszn\u00e1latos holmikkal!<\/strong><\/h2>\r\n<strong>2019. janu\u00e1r 1-t\u0151l K\u00edna nem veszi \u00e1t t\u00f6bb\u00e9 Eur\u00f3pa mocsk\u00e1t, szemet\u00e9t.<\/strong> Ennek ellen\u00e9re az orsz\u00e1gok \u00e9s a k\u00fcl\u00f6nb\u00f6z\u0151 ipar\u00e1gak vezet\u0151i, valamint a nagyv\u00e1llalatok sem f\u00fajtak m\u00e9g riad\u00f3t. Pedig a probl\u00e9ma teljesen egyszer\u0171, nem kell hozz\u00e1 \u00f6sszeesk\u00fcv\u00e9s elm\u00e9leteket gy\u00e1rtani: amit eddig elvitt a \u201cnagy k\u00ednai kuk\u00e1saut\u00f3\u201d, az mostant\u00f3l a port\u00e1n marad. Nem kell hozz\u00e1, csak egy-k\u00e9t \u00e9v \u00e9s sz\u00f3 szerint szem\u00e9tdombokon fogunk \u00e9lni.\u00a0<span style=\"font-weight: 400;\">A p\u00e1nikhangulat persze nem vezet semmire, de a tudatos fogyaszt\u00f3i attit\u0171d m\u00e1r ann\u00e1l hasznosabb lehet a k\u00e9rd\u00e9sben. <\/span>\r\n\r\n<span style=\"font-weight: 400;\">B\u00e1r a k\u00e9rd\u00e9s \u00f6sszetett \u00e9s a mai napig sokak sz\u00e1m\u00e1ra nem egy\u00e9rtelm\u0171, alulr\u00f3l, vagy fel\u00fclr\u0151l j\u00f6v\u0151 v\u00e1ltoz\u00e1sokra van-e ink\u00e1bb sz\u00fcks\u00e9g (v\u00e9lem\u00e9nyem szerint a kett\u0151 egy\u00fctt m\u0171k\u00f6dhet csak hat\u00e9konyan), egy biztos, minden ember mag\u00e1\u00e9rt \u00e9s a saj\u00e1t tettei\u00e9rt felel. A mikrok\u00f6rnyezet\u00fcnkben eszk\u00f6z\u00f6lt v\u00e1ltoz\u00e1sok pedig ha nem is ford\u00edtj\u00e1k ki a Vil\u00e1got a sark\u00e1b\u00f3l, igenis sokat sz\u00e1m\u00edthatnak. F\u0151leg, ha hiteles, pozit\u00edv k\u00e9pvisel\u0151i vagyunk a t\u00e9m\u00e1nak, ami nyom\u00e1n a csal\u00e1dtagjaink, bar\u00e1taink, szomsz\u00e9daink is sz\u00e9pen lassan \u00e1tveszik a helyes attit\u0171d\u00f6t.<\/span>\r\n\r\n<img loading=\"lazy\" decoding=\"async\" class=\"alignnone size-large wp-image-7399\" src=\"https:\/\/hir.mediamarkt.hu\/magazin\/wp-content\/uploads\/2018\/12\/00-1024x683.jpg\" alt=\"\" width=\"1024\" height=\"683\" srcset=\"https:\/\/hir.mediamarkt.hu\/magazin\/wp-content\/uploads\/2018\/12\/00-1024x683.jpg 1024w, https:\/\/hir.mediamarkt.hu\/magazin\/wp-content\/uploads\/2018\/12\/00-275x183.jpg 275w, https:\/\/hir.mediamarkt.hu\/magazin\/wp-content\/uploads\/2018\/12\/00-300x200.jpg 300w, https:\/\/hir.mediamarkt.hu\/magazin\/wp-content\/uploads\/2018\/12\/00-768x512.jpg 768w, https:\/\/hir.mediamarkt.hu\/magazin\/wp-content\/uploads\/2018\/12\/00.jpg 1440w\" sizes=\"(max-width: 1024px) 100vw, 1024px\" \/>\r\n\r\n&nbsp;\r\n\r\n<span style=\"font-weight: 400;\"><strong>A legegyszer\u0171bb v\u00e1ltoz\u00e1st az egyszer haszn\u00e1latos m\u0171anyagokkal \u00e9rdemes kezdeni.<\/strong> <strong>De azonnal kiterjeszthetj\u00fck a dolgot minden egyszer haszn\u00e1latos t\u00e1rgyra. Ilyenek pl.: <\/strong><\/span>\r\n\r\n&nbsp;\r\n<ul>\r\n \t<li style=\"font-weight: 400;\">\r\n<h3><span style=\"font-weight: 400;\">m\u0171anyag sz\u00edv\u00f3sz\u00e1l<\/span><\/h3>\r\n<\/li>\r\n \t<li style=\"font-weight: 400;\">\r\n<h3><span style=\"font-weight: 400;\">m\u0171anyag poh\u00e1r<\/span><\/h3>\r\n<\/li>\r\n \t<li style=\"font-weight: 400;\">\r\n<h3><span style=\"font-weight: 400;\">eldobhat\u00f3 k\u00e1v\u00e9s poh\u00e1r<\/span><\/h3>\r\n<\/li>\r\n \t<li style=\"font-weight: 400;\">\r\n<h3><span style=\"font-weight: 400;\">v\u00e9kony nylon zacsk\u00f3<\/span><\/h3>\r\n<\/li>\r\n \t<li style=\"font-weight: 400;\">\r\n<h3><span style=\"font-weight: 400;\">pap\u00edrszalv\u00e9ta<\/span><\/h3>\r\n<\/li>\r\n \t<li style=\"font-weight: 400;\">\r\n<h3><span style=\"font-weight: 400;\">pap\u00edrzsebkend\u0151<\/span><\/h3>\r\n<\/li>\r\n \t<li style=\"font-weight: 400;\">\r\n<h3><span style=\"font-weight: 400;\">sz\u00f3r\u00f3lapok<\/span><\/h3>\r\n<\/li>\r\n \t<li style=\"font-weight: 400;\">\r\n<h3><span style=\"font-weight: 400;\">csomagol\u00f3pap\u00edrok<\/span><\/h3>\r\n<\/li>\r\n<\/ul>\r\n<span style=\"font-weight: 400;\"><strong>Nagyon kev\u00e9s v\u00e1ltoztat\u00e1ssal \u00e9s energia befektet\u00e9ssel ezek a felesleges hullad\u00e9kot k\u00e9pez\u0151 anyagok percek alatt kiiktathat\u00f3ak az \u00e9let\u00fcnkb\u0151l.<\/strong> R\u00e1ad\u00e1sul az alternat\u00edv, \u00fajrahasznos\u00edthat\u00f3 alternat\u00edv\u00e1ik sokszor sokkal egyedibbek \u00e9s men\u0151bbek. Mivel a t\u00e9m\u00e1val m\u00e1ra sz\u00e1mos oldal \u00e9s cikk foglalkozik, nem megy\u00fcnk most bele az \u00f6sszes tipp kifejt\u00e9s\u00e9be. A fenti list\u00e1hoz azonban k\u00e9sz\u00edtett\u00fcnk egy \u201cellen-list\u00e1t\u201d:<\/span>\r\n<ul>\r\n \t<li style=\"font-weight: 400;\">\r\n<h3><span style=\"font-weight: 400;\">m\u0171anyag sz\u00edv\u00f3sz\u00e1l \u21cd f\u00e9m sz\u00edv\u00f3sz\u00e1l, t\u00e9szta sz\u00edv\u00f3sz\u00e1l, elmoshat\u00f3 m\u0171anyag verzi\u00f3<\/span><\/h3>\r\n<\/li>\r\n \t<li style=\"font-weight: 400;\">\r\n<h3><span style=\"font-weight: 400;\">m\u0171anyag poh\u00e1r \u21cd f\u00e9m poh\u00e1r<\/span><\/h3>\r\n<\/li>\r\n \t<li style=\"font-weight: 400;\">\r\n<h3><span style=\"font-weight: 400;\">eldobhat\u00f3 k\u00e1v\u00e9s poh\u00e1r \u21cd hordozhat\u00f3 saj\u00e1t k\u00e1v\u00e9s szett <\/span><\/h3>\r\n<\/li>\r\n \t<li style=\"font-weight: 400;\">\r\n<h3><span style=\"font-weight: 400;\">v\u00e9kony nylon zacsk\u00f3 \u21cd v\u00e1szonzs\u00e1kok, pamut zs\u00e1kok, r\u00e9gi f\u00fcgg\u00f6nyb\u0151l varrt h\u00e1l\u00f3s zs\u00e1kok<\/span><\/h3>\r\n<\/li>\r\n \t<li style=\"font-weight: 400;\">\r\n<h3><span style=\"font-weight: 400;\">pap\u00edrszalv\u00e9ta \u21cd damaszt szalv\u00e9ta<\/span><\/h3>\r\n<\/li>\r\n \t<li style=\"font-weight: 400;\">\r\n<h3><span style=\"font-weight: 400;\">pap\u00edrzsebkend\u0151 \u21cd textil zsebkend\u0151<\/span><\/h3>\r\n<\/li>\r\n \t<li style=\"font-weight: 400;\">\r\n<h3><span style=\"font-weight: 400;\">sz\u00f3r\u00f3lapok \u21cd online akci\u00f3k k\u00f6vet\u00e9se<\/span><\/h3>\r\n<\/li>\r\n<\/ul>\r\n&nbsp;\r\n<h2><strong>Na \u00e9s a csomagol\u00f3pap\u00edrok?<\/strong><\/h2>\r\n&nbsp;\r\n\r\n<span style=\"font-weight: 400;\">Nos, err\u0151l besz\u00e9l\u00fcnk b\u0151vebben is! Az aj\u00e1nd\u00e9kok bebugyol\u00e1l\u00e1sa nem \u00f6rd\u00f6gt\u0151l val\u00f3 dolog, hiszen olyan j\u00f3 \u00e9rz\u00e9s, hogy nem l\u00e1tja r\u00f6gt\u00f6n a megaj\u00e1nd\u00e9kozott, mit kap. A bontogat\u00e1s izgalma k\u00fcl\u00f6n \u201cm\u0171sorsz\u00e1m\u201d kar\u00e1csonykor. De a szanasz\u00e9t t\u00e9pett t\u00e9li mot\u00edvumos csomagol\u00f3pap\u00edrok, a k\u00f6t\u00f6z\u0151 szalagok, amik azonnal a kuk\u00e1ba ker\u00fclnek (j\u00f3 esetben legal\u00e1bb szelekt\u00edven sz\u00e9tv\u00e1logatva!), m\u00e1r a teljesen felesleges \u0151r\u00fclet kateg\u00f3ri\u00e1j\u00e1ba esnek. A csomagol\u00f3pap\u00edr egy\u00e9bk\u00e9nt els\u0151k\u00e9nt K\u00edn\u00e1ban jelent meg, a II. sz\u00e1zadban. A rizsszalm\u00e1b\u00f3l \u00e9s bambuszrostokb\u00f3l k\u00e9sz\u00fclt bor\u00edt\u00e9kokba az emberek p\u00e9nzt rejtettek el egym\u00e1s sz\u00e1m\u00e1ra. A dekor\u00e1ci\u00f3s c\u00e9l\u00fa csomagol\u00e1s viszont sokkal k\u00e9s\u0151bb, 1917-ben \u00fct\u00f6tte fel a fej\u00e9t, amikoris az amerikai Hallmark alap\u00edt\u00f3i, Rollie \u00e9s Joyce Hall kifogytak a hagyom\u00e1nyos csomagol\u00f3pap\u00edrb\u00f3l \u00e9s jobb h\u00edj\u00e1n a bor\u00edt\u00e9kok b\u00e9l\u00e9sek\u00e9nt szolg\u00e1l\u00f3 selyempap\u00edrokat tett\u00e9k a kirakatba. Ez v\u00e9g\u00fcl olyan sikert aratott, hogy 1918-ban a p\u00e1r megpr\u00f3b\u00e1lkozott a sz\u00ednes selyempap\u00edrral is, melyeket szint\u00e9n egyt\u0151l-egyig elkapkodtak a v\u00e1s\u00e1rl\u00f3k. Ennek k\u00f6sz\u00f6nhet\u0151en a testv\u00e9rp\u00e1r 1919-ben saj\u00e1t tervez\u00e9s\u0171 csomagol\u00f3anyagokat kezdett forgalmazni, elind\u00edtva ezzel egy teljesen \u00faj ipar\u00e1gat.<\/span>\r\n\r\n&nbsp;\r\n\r\n<iframe loading=\"lazy\" title=\"Napoleon tearing up wrapping paper.\" width=\"900\" height=\"506\" src=\"https:\/\/www.youtube.com\/embed\/BPbTX83teeE?feature=oembed\" frameborder=\"0\" allow=\"accelerometer; autoplay; clipboard-write; encrypted-media; gyroscope; picture-in-picture; web-share\" referrerpolicy=\"strict-origin-when-cross-origin\" allowfullscreen><\/iframe>\r\n\r\n&nbsp;\r\n\r\n<span style=\"font-weight: 400;\">J\u00f6jj\u00f6n most p\u00e1r alternat\u00edva, amik kiv\u00e1lthatj\u00e1k a felesleges p\u00e9nzk\u00f6lt\u00e9st \u00e9s az indokolatlan, t\u00e9nyleg csak p\u00e1r perc erej\u00e9ig haszn\u00e1lt hullad\u00e9k termel\u00e9s\u00e9t!<\/span>\r\n\r\n&nbsp;\r\n<ul>\r\n \t<li><b>Az \u00fan. barna csomagol\u00f3pap\u00edr, avagy a h\u00e1ztart\u00e1si pap\u00edr<\/b><\/li>\r\n<\/ul>\r\n<span style=\"font-weight: 400;\">B\u00e1r ez is leker\u00fcl az aj\u00e1nd\u00e9kr\u00f3l, tov\u00e1bbi j\u00e1t\u00e9kra, rajzol\u00e1sra hasznos\u00edthat\u00f3. A minimalista diz\u00e1jn szerelmesei \u00e1ltal\u00e1ban nyersen hagyj\u00e1k \u00e9s sima madzaggal k\u00f6tik \u00e1t, \u00edgy a pap\u00edr mindk\u00e9t oldala v\u00e9g\u00fcl felhaszn\u00e1lhat\u00f3. A d\u00edsz\u00edt\u00e9sek szerelmesei apr\u00f3 t\u00e9li \u00e1gacsk\u00e1kat, t\u0171leveleket, tobozokat is a csomaghoz er\u0151s\u00edthetnek. De nyilv\u00e1n filccel, zs\u00edrkr\u00e9t\u00e1val, ceruz\u00e1val, fest\u00e9kkel a v\u00e9gtelens\u00e9gig dekor\u00e1lhat\u00f3 a pap\u00edr k\u00fcls\u0151 fel\u00fclete.<\/span>\r\n\r\n&nbsp;\r\n<ul>\r\n \t<li><b>\u00dajs\u00e1gpap\u00edr, k\u00e9preg\u00e9ny \u00e9s megunt kott\u00e1k!<\/b><\/li>\r\n<\/ul>\r\n<span style=\"font-weight: 400;\">A h\u00e1ztart\u00e1sban kall\u00f3d\u00f3 nyomtatott sajt\u00f3term\u00e9kek \u00e9s a megunt, \u00e9rt\u00e9ktelen k\u00e9preg\u00e9nyek kit\u0171n\u0151en feldobhatj\u00e1k a csomagol\u00e1st! Ut\u00f3bbi eset\u00e9ben a teljes bor\u00edt\u00e1st megoldhatjuk a k\u00e9preg\u00e9ny lapjaib\u00f3l, fekete-feh\u00e9r \u00fajs\u00e1g eset\u00e9n \u00e9rdemes n\u00e9h\u00e1ny kiv\u00e1gott cs\u00edkot elegy\u00edteni a m\u00e1r eml\u00edtett barna pap\u00edrral. <\/span>\r\n\r\n<span style=\"font-weight: 400;\">Romantikus kin\u00e9zete lehet egy-egy csomagnak a megs\u00e1rgult, r\u00e9gi kott\u00e1k \u00fajrahasznos\u00edt\u00e1s\u00e1val is. Ha valakinek csak feh\u00e9r verzi\u00f3ja akad otthon, n\u00e9mi te\u00e1val sz\u00e9pen megsz\u00ednezheti az \u00edveket. Ugyanezzel a technik\u00e1val r\u00e9gi jegyzetek, nyomtatv\u00e1nyok is \u00fcnnepiv\u00e9 var\u00e1zsolhat\u00f3ak! Persze \u00e9rdemes okosan szelekt\u00e1lni, m\u00e9gse haszn\u00e1ljuk fel a sz\u00fclet\u00e9si anyak\u00f6nyvi kivonatot, vagy a lak\u00e1s ad\u00e1s-v\u00e9teli szerz\u0151d\u00e9s\u00e9t\u2026<\/span>\r\n\r\n&nbsp;\r\n\r\n\n\t\t<style type=\"text\/css\">\n\t\t\t#gallery-1 {\n\t\t\t\tmargin: auto;\n\t\t\t}\n\t\t\t#gallery-1 .gallery-item {\n\t\t\t\tfloat: left;\n\t\t\t\tmargin-top: 10px;\n\t\t\t\ttext-align: center;\n\t\t\t\twidth: 33%;\n\t\t\t}\n\t\t\t#gallery-1 img {\n\t\t\t\tborder: 2px solid #cfcfcf;\n\t\t\t}\n\t\t\t#gallery-1 .gallery-caption {\n\t\t\t\tmargin-left: 0;\n\t\t\t}\n\t\t\t\/* see gallery_shortcode() in wp-includes\/media.php *\/\n\t\t<\/style>\n\t\t<div id='gallery-1' class='gallery galleryid-7388 gallery-columns-3 gallery-size-thumbnail'><dl class='gallery-item'>\n\t\t\t<dt class='gallery-icon landscape'>\n\t\t\t\t<a href='https:\/\/hir.mediamarkt.hu\/magazin\/csomagolopapir-mentes-karacsony-diy-tippek\/01-30\/'><img loading=\"lazy\" decoding=\"async\" width=\"275\" height=\"197\" src=\"https:\/\/hir.mediamarkt.hu\/magazin\/wp-content\/uploads\/2018\/12\/01-275x197.jpeg\" class=\"attachment-thumbnail size-thumbnail\" alt=\"\" aria-describedby=\"gallery-1-7390\" srcset=\"https:\/\/hir.mediamarkt.hu\/magazin\/wp-content\/uploads\/2018\/12\/01-275x197.jpeg 275w, https:\/\/hir.mediamarkt.hu\/magazin\/wp-content\/uploads\/2018\/12\/01-300x215.jpeg 300w, https:\/\/hir.mediamarkt.hu\/magazin\/wp-content\/uploads\/2018\/12\/01-768x549.jpeg 768w, https:\/\/hir.mediamarkt.hu\/magazin\/wp-content\/uploads\/2018\/12\/01-1024x733.jpeg 1024w, https:\/\/hir.mediamarkt.hu\/magazin\/wp-content\/uploads\/2018\/12\/01.jpeg 1440w\" sizes=\"(max-width: 275px) 100vw, 275px\" \/><\/a>\n\t\t\t<\/dt>\n\t\t\t\t<dd class='wp-caption-text gallery-caption' id='gallery-1-7390'>\n\t\t\t\tBarna pap\u00edr csod\u00e1k&#8230;\n\t\t\t\t<\/dd><\/dl><dl class='gallery-item'>\n\t\t\t<dt class='gallery-icon landscape'>\n\t\t\t\t<a href='https:\/\/hir.mediamarkt.hu\/magazin\/csomagolopapir-mentes-karacsony-diy-tippek\/02-30\/'><img loading=\"lazy\" decoding=\"async\" width=\"275\" height=\"184\" src=\"https:\/\/hir.mediamarkt.hu\/magazin\/wp-content\/uploads\/2018\/12\/02-275x184.jpeg\" class=\"attachment-thumbnail size-thumbnail\" alt=\"\" srcset=\"https:\/\/hir.mediamarkt.hu\/magazin\/wp-content\/uploads\/2018\/12\/02-275x184.jpeg 275w, https:\/\/hir.mediamarkt.hu\/magazin\/wp-content\/uploads\/2018\/12\/02-300x200.jpeg 300w, https:\/\/hir.mediamarkt.hu\/magazin\/wp-content\/uploads\/2018\/12\/02-768x513.jpeg 768w, https:\/\/hir.mediamarkt.hu\/magazin\/wp-content\/uploads\/2018\/12\/02-1024x684.jpeg 1024w, https:\/\/hir.mediamarkt.hu\/magazin\/wp-content\/uploads\/2018\/12\/02.jpeg 1440w\" sizes=\"(max-width: 275px) 100vw, 275px\" \/><\/a>\n\t\t\t<\/dt><\/dl><dl class='gallery-item'>\n\t\t\t<dt class='gallery-icon landscape'>\n\t\t\t\t<a href='https:\/\/hir.mediamarkt.hu\/magazin\/csomagolopapir-mentes-karacsony-diy-tippek\/02a-9\/'><img loading=\"lazy\" decoding=\"async\" width=\"275\" height=\"188\" src=\"https:\/\/hir.mediamarkt.hu\/magazin\/wp-content\/uploads\/2018\/12\/02a-275x188.jpeg\" class=\"attachment-thumbnail size-thumbnail\" alt=\"\" srcset=\"https:\/\/hir.mediamarkt.hu\/magazin\/wp-content\/uploads\/2018\/12\/02a-275x188.jpeg 275w, https:\/\/hir.mediamarkt.hu\/magazin\/wp-content\/uploads\/2018\/12\/02a-300x205.jpeg 300w, https:\/\/hir.mediamarkt.hu\/magazin\/wp-content\/uploads\/2018\/12\/02a-768x525.jpeg 768w, https:\/\/hir.mediamarkt.hu\/magazin\/wp-content\/uploads\/2018\/12\/02a-1024x699.jpeg 1024w, https:\/\/hir.mediamarkt.hu\/magazin\/wp-content\/uploads\/2018\/12\/02a.jpeg 1440w\" sizes=\"(max-width: 275px) 100vw, 275px\" \/><\/a>\n\t\t\t<\/dt><\/dl><br style=\"clear: both\" \/><dl class='gallery-item'>\n\t\t\t<dt class='gallery-icon landscape'>\n\t\t\t\t<a href='https:\/\/hir.mediamarkt.hu\/magazin\/csomagolopapir-mentes-karacsony-diy-tippek\/02b-5\/'><img loading=\"lazy\" decoding=\"async\" width=\"275\" height=\"183\" src=\"https:\/\/hir.mediamarkt.hu\/magazin\/wp-content\/uploads\/2018\/12\/02b-275x183.jpeg\" class=\"attachment-thumbnail size-thumbnail\" alt=\"\" srcset=\"https:\/\/hir.mediamarkt.hu\/magazin\/wp-content\/uploads\/2018\/12\/02b-275x183.jpeg 275w, https:\/\/hir.mediamarkt.hu\/magazin\/wp-content\/uploads\/2018\/12\/02b-300x200.jpeg 300w, https:\/\/hir.mediamarkt.hu\/magazin\/wp-content\/uploads\/2018\/12\/02b-768x512.jpeg 768w, https:\/\/hir.mediamarkt.hu\/magazin\/wp-content\/uploads\/2018\/12\/02b-1024x682.jpeg 1024w, https:\/\/hir.mediamarkt.hu\/magazin\/wp-content\/uploads\/2018\/12\/02b.jpeg 1440w\" sizes=\"(max-width: 275px) 100vw, 275px\" \/><\/a>\n\t\t\t<\/dt><\/dl><dl class='gallery-item'>\n\t\t\t<dt class='gallery-icon landscape'>\n\t\t\t\t<a href='https:\/\/hir.mediamarkt.hu\/magazin\/csomagolopapir-mentes-karacsony-diy-tippek\/03-30\/'><img loading=\"lazy\" decoding=\"async\" width=\"275\" height=\"184\" src=\"https:\/\/hir.mediamarkt.hu\/magazin\/wp-content\/uploads\/2018\/12\/03-275x184.jpeg\" class=\"attachment-thumbnail size-thumbnail\" alt=\"\" srcset=\"https:\/\/hir.mediamarkt.hu\/magazin\/wp-content\/uploads\/2018\/12\/03-275x184.jpeg 275w, https:\/\/hir.mediamarkt.hu\/magazin\/wp-content\/uploads\/2018\/12\/03-300x200.jpeg 300w, https:\/\/hir.mediamarkt.hu\/magazin\/wp-content\/uploads\/2018\/12\/03-768x513.jpeg 768w, https:\/\/hir.mediamarkt.hu\/magazin\/wp-content\/uploads\/2018\/12\/03-1024x684.jpeg 1024w, https:\/\/hir.mediamarkt.hu\/magazin\/wp-content\/uploads\/2018\/12\/03.jpeg 1440w\" sizes=\"(max-width: 275px) 100vw, 275px\" \/><\/a>\n\t\t\t<\/dt><\/dl><dl class='gallery-item'>\n\t\t\t<dt class='gallery-icon landscape'>\n\t\t\t\t<a href='https:\/\/hir.mediamarkt.hu\/magazin\/csomagolopapir-mentes-karacsony-diy-tippek\/04-26\/'><img loading=\"lazy\" decoding=\"async\" width=\"275\" height=\"189\" src=\"https:\/\/hir.mediamarkt.hu\/magazin\/wp-content\/uploads\/2018\/12\/04-275x189.jpeg\" class=\"attachment-thumbnail size-thumbnail\" alt=\"\" srcset=\"https:\/\/hir.mediamarkt.hu\/magazin\/wp-content\/uploads\/2018\/12\/04-275x189.jpeg 275w, https:\/\/hir.mediamarkt.hu\/magazin\/wp-content\/uploads\/2018\/12\/04-300x206.jpeg 300w, https:\/\/hir.mediamarkt.hu\/magazin\/wp-content\/uploads\/2018\/12\/04-768x528.jpeg 768w, https:\/\/hir.mediamarkt.hu\/magazin\/wp-content\/uploads\/2018\/12\/04-1024x704.jpeg 1024w, https:\/\/hir.mediamarkt.hu\/magazin\/wp-content\/uploads\/2018\/12\/04.jpeg 1440w\" sizes=\"(max-width: 275px) 100vw, 275px\" \/><\/a>\n\t\t\t<\/dt><\/dl><br style=\"clear: both\" \/>\n\t\t<\/div>\n\r\n\r\n&nbsp;\r\n<ul>\r\n \t<li><b>V\u00e1szon kavalk\u00e1d!<\/b><\/li>\r\n<\/ul>\r\n<span style=\"font-weight: 400;\">Haszn\u00e1laton k\u00edv\u00fcli text\u00edlia minden h\u00e1ztart\u00e1sban akad: megunt, elny\u0171tt p\u00f3l\u00f3k, r\u00e9gi, itt-ott ak\u00e1r foltos p\u00e1rnahuzatok, leped\u0151k\u2026 Ezekb\u0151l sz\u00e9pen beszegett, \u00fajrahasznos\u00edthat\u00f3 csomagol\u00f3anyagokat k\u00e9sz\u00edthet\u00fcnk. De ak\u00e1r kis tasakk\u00e1 is \u00e1tszabhatjuk \u0151ket. El\u00e9g a mezei, \u00e1ltal\u00e1nos iskolai varr\u00e1s tudom\u00e1ny hozz\u00e1 \u00e9s gy\u00f6ny\u00f6r\u0171 csomagokat tehet\u00fcnk a fa al\u00e1! Ha valakinek kedve \u00e9s ideje engedi, h\u00e1zilag be is festhetj\u00fck az anyagokat, vagy ha semmi izgalmas anyag nincs otthon, k\u00f6rbe n\u00e9zhet\u00fcnk a turk\u00e1l\u00f3k k\u00edn\u00e1lat\u00e1ban. De ha igaz\u00e1n hullad\u00e9k mentesek akarunk lenni, mindig jobb a h\u00e1ztart\u00e1sban kutakodni. <\/span>\r\n\r\n<span style=\"font-weight: 400;\">A v\u00e1szon zs\u00e1kok eset\u00e9n is m\u0171k\u00f6dhetnek a nat\u00far madzagok, de ak\u00e1r r\u00e9gi cip\u0151f\u0171z\u0151kkel is j\u00e1tszhatunk (ha van t\u00f6bb is, esetleg elt\u00e9r\u0151 sz\u00edn\u0171ek, izgalmas fonatokat k\u00e9sz\u00edthet\u00fcnk bel\u0151l\u00fck, vagy csak sodorjuk \u0151ket \u00f6ssze \u00e9s csom\u00f3zzuk meg a v\u00e9g\u00fcket!). Persze a textil csomagol\u00f3anyagokhoz tal\u00e1n a legszebb, ha anyag alap\u00fa k\u00f6t\u00f6z\u0151ket v\u00e1lasztunk. Ezeket magunk is elk\u00e9sz\u00edthetj\u00fck a saj\u00e1t anyagainkb\u00f3l, vagy beszerezhet\u00fcnk p\u00e1r sz\u00e9p szalagot is.\u00a0<\/span><span style=\"font-weight: 400;\">\u00dcgyesebbek j\u00e1tszhatnak a gombokkal \u00e9s a r\u00e1tekerhet\u0151 gumi p\u00e1ntokkal!<\/span>\r\n\r\n\n\t\t<style type=\"text\/css\">\n\t\t\t#gallery-2 {\n\t\t\t\tmargin: auto;\n\t\t\t}\n\t\t\t#gallery-2 .gallery-item {\n\t\t\t\tfloat: left;\n\t\t\t\tmargin-top: 10px;\n\t\t\t\ttext-align: center;\n\t\t\t\twidth: 33%;\n\t\t\t}\n\t\t\t#gallery-2 img {\n\t\t\t\tborder: 2px solid #cfcfcf;\n\t\t\t}\n\t\t\t#gallery-2 .gallery-caption {\n\t\t\t\tmargin-left: 0;\n\t\t\t}\n\t\t\t\/* see gallery_shortcode() in wp-includes\/media.php *\/\n\t\t<\/style>\n\t\t<div id='gallery-2' class='gallery galleryid-7388 gallery-columns-3 gallery-size-thumbnail'><dl class='gallery-item'>\n\t\t\t<dt class='gallery-icon landscape'>\n\t\t\t\t<a href='https:\/\/hir.mediamarkt.hu\/magazin\/csomagolopapir-mentes-karacsony-diy-tippek\/05-22\/'><img loading=\"lazy\" decoding=\"async\" width=\"275\" height=\"183\" src=\"https:\/\/hir.mediamarkt.hu\/magazin\/wp-content\/uploads\/2018\/12\/05-275x183.jpeg\" class=\"attachment-thumbnail size-thumbnail\" alt=\"\" aria-describedby=\"gallery-2-7396\" srcset=\"https:\/\/hir.mediamarkt.hu\/magazin\/wp-content\/uploads\/2018\/12\/05-275x183.jpeg 275w, https:\/\/hir.mediamarkt.hu\/magazin\/wp-content\/uploads\/2018\/12\/05-300x200.jpeg 300w, https:\/\/hir.mediamarkt.hu\/magazin\/wp-content\/uploads\/2018\/12\/05-768x512.jpeg 768w, https:\/\/hir.mediamarkt.hu\/magazin\/wp-content\/uploads\/2018\/12\/05-1024x682.jpeg 1024w, https:\/\/hir.mediamarkt.hu\/magazin\/wp-content\/uploads\/2018\/12\/05.jpeg 1440w\" sizes=\"(max-width: 275px) 100vw, 275px\" \/><\/a>\n\t\t\t<\/dt>\n\t\t\t\t<dd class='wp-caption-text gallery-caption' id='gallery-2-7396'>\n\t\t\t\tTextil csomagol\u00e1s&#8230;\n\t\t\t\t<\/dd><\/dl><dl class='gallery-item'>\n\t\t\t<dt class='gallery-icon landscape'>\n\t\t\t\t<a href='https:\/\/hir.mediamarkt.hu\/magazin\/csomagolopapir-mentes-karacsony-diy-tippek\/05a-10\/'><img loading=\"lazy\" decoding=\"async\" width=\"275\" height=\"183\" src=\"https:\/\/hir.mediamarkt.hu\/magazin\/wp-content\/uploads\/2018\/12\/05a-275x183.jpeg\" class=\"attachment-thumbnail size-thumbnail\" alt=\"\" srcset=\"https:\/\/hir.mediamarkt.hu\/magazin\/wp-content\/uploads\/2018\/12\/05a-275x183.jpeg 275w, https:\/\/hir.mediamarkt.hu\/magazin\/wp-content\/uploads\/2018\/12\/05a-300x200.jpeg 300w, https:\/\/hir.mediamarkt.hu\/magazin\/wp-content\/uploads\/2018\/12\/05a-768x512.jpeg 768w, https:\/\/hir.mediamarkt.hu\/magazin\/wp-content\/uploads\/2018\/12\/05a-1024x683.jpeg 1024w, https:\/\/hir.mediamarkt.hu\/magazin\/wp-content\/uploads\/2018\/12\/05a.jpeg 1440w\" sizes=\"(max-width: 275px) 100vw, 275px\" \/><\/a>\n\t\t\t<\/dt><\/dl><dl class='gallery-item'>\n\t\t\t<dt class='gallery-icon landscape'>\n\t\t\t\t<a href='https:\/\/hir.mediamarkt.hu\/magazin\/csomagolopapir-mentes-karacsony-diy-tippek\/06-19\/'><img loading=\"lazy\" decoding=\"async\" width=\"275\" height=\"155\" src=\"https:\/\/hir.mediamarkt.hu\/magazin\/wp-content\/uploads\/2018\/12\/06-275x155.jpeg\" class=\"attachment-thumbnail size-thumbnail\" alt=\"\" srcset=\"https:\/\/hir.mediamarkt.hu\/magazin\/wp-content\/uploads\/2018\/12\/06-275x155.jpeg 275w, https:\/\/hir.mediamarkt.hu\/magazin\/wp-content\/uploads\/2018\/12\/06-300x169.jpeg 300w, https:\/\/hir.mediamarkt.hu\/magazin\/wp-content\/uploads\/2018\/12\/06-768x432.jpeg 768w, https:\/\/hir.mediamarkt.hu\/magazin\/wp-content\/uploads\/2018\/12\/06-1024x576.jpeg 1024w, https:\/\/hir.mediamarkt.hu\/magazin\/wp-content\/uploads\/2018\/12\/06.jpeg 1440w\" sizes=\"(max-width: 275px) 100vw, 275px\" \/><\/a>\n\t\t\t<\/dt><\/dl><br style=\"clear: both\" \/>\n\t\t<\/div>\n\r\n\r\n&nbsp;\r\n<ul>\r\n \t<li><b>\u00d3, azok a r\u00e9gi dobozok&#8230;<\/b><\/li>\r\n<\/ul>\r\n<span style=\"font-weight: 400;\">Aki vett m\u00e1r valaha h\u00e1ztart\u00e1si kisg\u00e9pet, k\u00fcty\u00fcket, esetleg c\u00edp\u0151t, biztos, hogy halmoz otthon n\u00e9h\u00e1ny k\u00fcl\u00f6nb\u00f6z\u0151 m\u00e9ret\u0171 dobozt. Ezek kifest\u00e9se, kidekor\u00e1l\u00e1sa, kincsesl\u00e1d\u00e1v\u00e1 v\u00e1ltoztat\u00e1sa szint\u00e9n j\u00f3 megold\u00e1s lehet. Ha sz\u00e9pen dolgozunk, maga a doboz is aj\u00e1nd\u00e9knak fog min\u0151s\u00fclni! <\/span>\r\n\r\n<span style=\"font-weight: 400;\">Haszn\u00e1ljuk fel ez\u00fattal is a textil marad\u00e9kokat, fess\u00fcnk, ragasszunk, dekor\u00e1ljunk! R\u00e9gi fot\u00f3k, de ak\u00e1r a felhalmozott ev\u0151p\u00e1lc\u00e1k is sz\u00e9p fel\u00fcletet k\u00e9pezhetnek a dobozokon. Pr\u00f3b\u00e1ljunk egy min\u00e9l k\u00f6nnyebben, lehet\u0151leg fel\u00fcl kinyithat\u00f3 t\u00e1rol\u00f3t l\u00e9trehozni, amiben a megaj\u00e1nd\u00e9kozott k\u00e9s\u0151bb b\u00e1rmilyen kincs\u00e9t elrejtheti\u2026<\/span>\r\n\r\n&nbsp;\r\n<h2><strong>Aj\u00e1nd\u00e9kban gazdag,\u00a0egyszer haszn\u00e1latos, eldobhat\u00f3 csomagol\u00f3pap\u00edrban szeg\u00e9ny \u00fcnnepeket k\u00edv\u00e1n a MediaMarkt!<\/strong><\/h2>","protected":false},"excerpt":{"rendered":"A zero waste, vagyis a hullad\u00e9k mentes \u00e9letm\u00f3d, ha nem is extr\u00e9m neh\u00e9z, nem egyszer\u0171. Az \u00fcnnepek k\u00f6r\u00fcl m\u00e9g a feszesebb szab\u00e1lyokat tart\u00f3k is enged\u00e9kenyebbek. Hiszen mit \u00e9r a k\u00f6rnyezettudatos \u00e9letm\u00f3d, ha az \u00f6r\u00f6m \u00e9s a kar\u00e1csony elveszik? F\u0151leg gyerekkel fontos, hogy megtal\u00e1ljuk az egyens\u00falyt az \u00e9rtelmetlen fogyaszt\u00e1s \u00e9s a szeretettel teli aj\u00e1nd\u00e9koz\u00e1s \u00e9s v\u00e1s\u00e1rl\u00e1s k\u00f6z\u00f6tt. Ha valamin kreat\u00edvan, izgalmasan \u00e9s pof\u00e1san tudunk v\u00e1ltoztatni, az a csomagol\u00e1s! L\u00e1ssuk, milyen lehet a kar\u00e1csony teljesen \u00e9rtelmetlen pazarl\u00e1s n\u00e9lk\u00fcl!","protected":false},"author":13,"featured_media":7390,"comment_status":"open","ping_status":"open","sticky":false,"template":"","format":"standard","meta":{"wprm-recipe-roundup-name":"","wprm-recipe-roundup-description":"","footnotes":""},"categories":[5955],"tags":[980,2657,2980,2981,706,2719,2984,2180,514,51,2486,2644,2645,813,2127,2173,2781,2982,469,2983,846],"yoast_head":"<!-- This site is optimized with the Yoast SEO plugin v22.9 - https:\/\/yoast.com\/wordpress\/plugins\/seo\/ -->\n<title>Csomagol\u00f3pap\u00edr mentes Kar\u00e1csony? Igen! - MediaMarkt Magazin<\/title>\n<meta name=\"description\" content=\"Nem kell, hogy az \u00fcnnep vesz\u00edtsen a f\u00e9ny\u00e9b\u0151l. De a v\u00e1ltoz\u00e1s rajtunk m\u00falik, \u00e9s \u00fagy fest, musz\u00e1j lesz l\u00e9pni! Alternat\u00edv, szuper kar\u00e1csonyi tippek!\" \/>\n<meta name=\"robots\" content=\"index, follow, max-snippet:-1, max-image-preview:large, max-video-preview:-1\" \/>\n<link rel=\"canonical\" href=\"https:\/\/hir.mediamarkt.hu\/magazin\/csomagolopapir-mentes-karacsony-diy-tippek\/\" \/>\n<meta property=\"og:locale\" content=\"hu_HU\" \/>\n<meta property=\"og:type\" content=\"article\" \/>\n<meta property=\"og:title\" content=\"Csomagol\u00f3pap\u00edr mentes Kar\u00e1csony? Igen! - MediaMarkt Magazin\" \/>\n<meta property=\"og:description\" content=\"Nem kell, hogy az \u00fcnnep vesz\u00edtsen a f\u00e9ny\u00e9b\u0151l. De a v\u00e1ltoz\u00e1s rajtunk m\u00falik, \u00e9s \u00fagy fest, musz\u00e1j lesz l\u00e9pni! Alternat\u00edv, szuper kar\u00e1csonyi tippek!\" \/>\n<meta property=\"og:url\" content=\"https:\/\/hir.mediamarkt.hu\/magazin\/csomagolopapir-mentes-karacsony-diy-tippek\/\" \/>\n<meta property=\"og:site_name\" content=\"MediaMarkt Magazin\" \/>\n<meta property=\"article:publisher\" content=\"https:\/\/www.facebook.com\/MediaMarktMagyarorszag\" \/>\n<meta property=\"article:published_time\" content=\"2018-12-10T07:00:23+00:00\" \/>\n<meta property=\"article:modified_time\" content=\"2018-12-05T11:37:53+00:00\" \/>\n<meta property=\"og:image\" content=\"https:\/\/hir.mediamarkt.hu\/magazin\/wp-content\/uploads\/2018\/12\/01.jpeg\" \/>\n\t<meta property=\"og:image:width\" content=\"1440\" \/>\n\t<meta property=\"og:image:height\" content=\"1030\" \/>\n\t<meta property=\"og:image:type\" content=\"image\/jpeg\" \/>\n<meta name=\"author\" content=\"Media Markt\" \/>\n<meta name=\"twitter:label1\" content=\"Szerz\u0151:\" \/>\n\t<meta name=\"twitter:data1\" content=\"Media Markt\" \/>\n\t<meta name=\"twitter:label2\" content=\"Becs\u00fclt olvas\u00e1si id\u0151\" \/>\n\t<meta name=\"twitter:data2\" content=\"8 perc\" \/>\n<script type=\"application\/ld+json\" class=\"yoast-schema-graph\">{\"@context\":\"https:\/\/schema.org\",\"@graph\":[{\"@type\":\"WebPage\",\"@id\":\"https:\/\/hir.mediamarkt.hu\/magazin\/csomagolopapir-mentes-karacsony-diy-tippek\/\",\"url\":\"https:\/\/hir.mediamarkt.hu\/magazin\/csomagolopapir-mentes-karacsony-diy-tippek\/\",\"name\":\"Csomagol\u00f3pap\u00edr mentes Kar\u00e1csony? Igen! - MediaMarkt Magazin\",\"isPartOf\":{\"@id\":\"https:\/\/hir.mediamarkt.hu\/magazin\/#website\"},\"primaryImageOfPage\":{\"@id\":\"https:\/\/hir.mediamarkt.hu\/magazin\/csomagolopapir-mentes-karacsony-diy-tippek\/#primaryimage\"},\"image\":{\"@id\":\"https:\/\/hir.mediamarkt.hu\/magazin\/csomagolopapir-mentes-karacsony-diy-tippek\/#primaryimage\"},\"thumbnailUrl\":\"https:\/\/hir.mediamarkt.hu\/magazin\/wp-content\/uploads\/2018\/12\/01.jpeg\",\"datePublished\":\"2018-12-10T07:00:23+00:00\",\"dateModified\":\"2018-12-05T11:37:53+00:00\",\"author\":{\"@id\":\"https:\/\/hir.mediamarkt.hu\/magazin\/#\/schema\/person\/b93b02ec1ab4d2353f8d281e171c1b0b\"},\"description\":\"Nem kell, hogy az \u00fcnnep vesz\u00edtsen a f\u00e9ny\u00e9b\u0151l. De a v\u00e1ltoz\u00e1s rajtunk m\u00falik, \u00e9s \u00fagy fest, musz\u00e1j lesz l\u00e9pni! Alternat\u00edv, szuper kar\u00e1csonyi tippek!\",\"breadcrumb\":{\"@id\":\"https:\/\/hir.mediamarkt.hu\/magazin\/csomagolopapir-mentes-karacsony-diy-tippek\/#breadcrumb\"},\"inLanguage\":\"hu\",\"potentialAction\":[{\"@type\":\"ReadAction\",\"target\":[\"https:\/\/hir.mediamarkt.hu\/magazin\/csomagolopapir-mentes-karacsony-diy-tippek\/\"]}]},{\"@type\":\"ImageObject\",\"inLanguage\":\"hu\",\"@id\":\"https:\/\/hir.mediamarkt.hu\/magazin\/csomagolopapir-mentes-karacsony-diy-tippek\/#primaryimage\",\"url\":\"https:\/\/hir.mediamarkt.hu\/magazin\/wp-content\/uploads\/2018\/12\/01.jpeg\",\"contentUrl\":\"https:\/\/hir.mediamarkt.hu\/magazin\/wp-content\/uploads\/2018\/12\/01.jpeg\",\"width\":1440,\"height\":1030,\"caption\":\"Barna pap\u00edr csod\u00e1k...\"},{\"@type\":\"BreadcrumbList\",\"@id\":\"https:\/\/hir.mediamarkt.hu\/magazin\/csomagolopapir-mentes-karacsony-diy-tippek\/#breadcrumb\",\"itemListElement\":[{\"@type\":\"ListItem\",\"position\":1,\"name\":\"Kezd\u0151lap\",\"item\":\"https:\/\/hir.mediamarkt.hu\/magazin\/\"},{\"@type\":\"ListItem\",\"position\":2,\"name\":\"Csomagol\u00f3pap\u00edr mentes Kar\u00e1csony? Igen!\"}]},{\"@type\":\"WebSite\",\"@id\":\"https:\/\/hir.mediamarkt.hu\/magazin\/#website\",\"url\":\"https:\/\/hir.mediamarkt.hu\/magazin\/\",\"name\":\"MediaMarkt Magazin\",\"description\":\"Olvass bele magazinunkba!\",\"potentialAction\":[{\"@type\":\"SearchAction\",\"target\":{\"@type\":\"EntryPoint\",\"urlTemplate\":\"https:\/\/hir.mediamarkt.hu\/magazin\/?s={search_term_string}\"},\"query-input\":\"required name=search_term_string\"}],\"inLanguage\":\"hu\"},{\"@type\":\"Person\",\"@id\":\"https:\/\/hir.mediamarkt.hu\/magazin\/#\/schema\/person\/b93b02ec1ab4d2353f8d281e171c1b0b\",\"name\":\"Media Markt\",\"image\":{\"@type\":\"ImageObject\",\"inLanguage\":\"hu\",\"@id\":\"https:\/\/hir.mediamarkt.hu\/magazin\/#\/schema\/person\/image\/\",\"url\":\"https:\/\/secure.gravatar.com\/avatar\/602bccae8998beee472d01909f0978f1?s=96&d=mm&r=g\",\"contentUrl\":\"https:\/\/secure.gravatar.com\/avatar\/602bccae8998beee472d01909f0978f1?s=96&d=mm&r=g\",\"caption\":\"Media Markt\"}}]}<\/script>\n<!-- \/ Yoast SEO plugin. -->","yoast_head_json":{"title":"Csomagol\u00f3pap\u00edr mentes Kar\u00e1csony? Igen! - MediaMarkt Magazin","description":"Nem kell, hogy az \u00fcnnep vesz\u00edtsen a f\u00e9ny\u00e9b\u0151l. De a v\u00e1ltoz\u00e1s rajtunk m\u00falik, \u00e9s \u00fagy fest, musz\u00e1j lesz l\u00e9pni! Alternat\u00edv, szuper kar\u00e1csonyi tippek!","robots":{"index":"index","follow":"follow","max-snippet":"max-snippet:-1","max-image-preview":"max-image-preview:large","max-video-preview":"max-video-preview:-1"},"canonical":"https:\/\/hir.mediamarkt.hu\/magazin\/csomagolopapir-mentes-karacsony-diy-tippek\/","og_locale":"hu_HU","og_type":"article","og_title":"Csomagol\u00f3pap\u00edr mentes Kar\u00e1csony? Igen! - MediaMarkt Magazin","og_description":"Nem kell, hogy az \u00fcnnep vesz\u00edtsen a f\u00e9ny\u00e9b\u0151l. De a v\u00e1ltoz\u00e1s rajtunk m\u00falik, \u00e9s \u00fagy fest, musz\u00e1j lesz l\u00e9pni! Alternat\u00edv, szuper kar\u00e1csonyi tippek!","og_url":"https:\/\/hir.mediamarkt.hu\/magazin\/csomagolopapir-mentes-karacsony-diy-tippek\/","og_site_name":"MediaMarkt Magazin","article_publisher":"https:\/\/www.facebook.com\/MediaMarktMagyarorszag","article_published_time":"2018-12-10T07:00:23+00:00","article_modified_time":"2018-12-05T11:37:53+00:00","og_image":[{"width":1440,"height":1030,"url":"https:\/\/hir.mediamarkt.hu\/magazin\/wp-content\/uploads\/2018\/12\/01.jpeg","type":"image\/jpeg"}],"author":"Media Markt","twitter_misc":{"Szerz\u0151:":"Media Markt","Becs\u00fclt olvas\u00e1si id\u0151":"8 perc"},"schema":{"@context":"https:\/\/schema.org","@graph":[{"@type":"WebPage","@id":"https:\/\/hir.mediamarkt.hu\/magazin\/csomagolopapir-mentes-karacsony-diy-tippek\/","url":"https:\/\/hir.mediamarkt.hu\/magazin\/csomagolopapir-mentes-karacsony-diy-tippek\/","name":"Csomagol\u00f3pap\u00edr mentes Kar\u00e1csony? Igen! - MediaMarkt Magazin","isPartOf":{"@id":"https:\/\/hir.mediamarkt.hu\/magazin\/#website"},"primaryImageOfPage":{"@id":"https:\/\/hir.mediamarkt.hu\/magazin\/csomagolopapir-mentes-karacsony-diy-tippek\/#primaryimage"},"image":{"@id":"https:\/\/hir.mediamarkt.hu\/magazin\/csomagolopapir-mentes-karacsony-diy-tippek\/#primaryimage"},"thumbnailUrl":"https:\/\/hir.mediamarkt.hu\/magazin\/wp-content\/uploads\/2018\/12\/01.jpeg","datePublished":"2018-12-10T07:00:23+00:00","dateModified":"2018-12-05T11:37:53+00:00","author":{"@id":"https:\/\/hir.mediamarkt.hu\/magazin\/#\/schema\/person\/b93b02ec1ab4d2353f8d281e171c1b0b"},"description":"Nem kell, hogy az \u00fcnnep vesz\u00edtsen a f\u00e9ny\u00e9b\u0151l. De a v\u00e1ltoz\u00e1s rajtunk m\u00falik, \u00e9s \u00fagy fest, musz\u00e1j lesz l\u00e9pni! Alternat\u00edv, szuper kar\u00e1csonyi tippek!","breadcrumb":{"@id":"https:\/\/hir.mediamarkt.hu\/magazin\/csomagolopapir-mentes-karacsony-diy-tippek\/#breadcrumb"},"inLanguage":"hu","potentialAction":[{"@type":"ReadAction","target":["https:\/\/hir.mediamarkt.hu\/magazin\/csomagolopapir-mentes-karacsony-diy-tippek\/"]}]},{"@type":"ImageObject","inLanguage":"hu","@id":"https:\/\/hir.mediamarkt.hu\/magazin\/csomagolopapir-mentes-karacsony-diy-tippek\/#primaryimage","url":"https:\/\/hir.mediamarkt.hu\/magazin\/wp-content\/uploads\/2018\/12\/01.jpeg","contentUrl":"https:\/\/hir.mediamarkt.hu\/magazin\/wp-content\/uploads\/2018\/12\/01.jpeg","width":1440,"height":1030,"caption":"Barna pap\u00edr csod\u00e1k..."},{"@type":"BreadcrumbList","@id":"https:\/\/hir.mediamarkt.hu\/magazin\/csomagolopapir-mentes-karacsony-diy-tippek\/#breadcrumb","itemListElement":[{"@type":"ListItem","position":1,"name":"Kezd\u0151lap","item":"https:\/\/hir.mediamarkt.hu\/magazin\/"},{"@type":"ListItem","position":2,"name":"Csomagol\u00f3pap\u00edr mentes Kar\u00e1csony? Igen!"}]},{"@type":"WebSite","@id":"https:\/\/hir.mediamarkt.hu\/magazin\/#website","url":"https:\/\/hir.mediamarkt.hu\/magazin\/","name":"MediaMarkt Magazin","description":"Olvass bele magazinunkba!","potentialAction":[{"@type":"SearchAction","target":{"@type":"EntryPoint","urlTemplate":"https:\/\/hir.mediamarkt.hu\/magazin\/?s={search_term_string}"},"query-input":"required name=search_term_string"}],"inLanguage":"hu"},{"@type":"Person","@id":"https:\/\/hir.mediamarkt.hu\/magazin\/#\/schema\/person\/b93b02ec1ab4d2353f8d281e171c1b0b","name":"Media Markt","image":{"@type":"ImageObject","inLanguage":"hu","@id":"https:\/\/hir.mediamarkt.hu\/magazin\/#\/schema\/person\/image\/","url":"https:\/\/secure.gravatar.com\/avatar\/602bccae8998beee472d01909f0978f1?s=96&d=mm&r=g","contentUrl":"https:\/\/secure.gravatar.com\/avatar\/602bccae8998beee472d01909f0978f1?s=96&d=mm&r=g","caption":"Media Markt"}}]}},"_links":{"self":[{"href":"https:\/\/hir.mediamarkt.hu\/magazin\/wp-json\/wp\/v2\/posts\/7388"}],"collection":[{"href":"https:\/\/hir.mediamarkt.hu\/magazin\/wp-json\/wp\/v2\/posts"}],"about":[{"href":"https:\/\/hir.mediamarkt.hu\/magazin\/wp-json\/wp\/v2\/types\/post"}],"author":[{"embeddable":true,"href":"https:\/\/hir.mediamarkt.hu\/magazin\/wp-json\/wp\/v2\/users\/13"}],"replies":[{"embeddable":true,"href":"https:\/\/hir.mediamarkt.hu\/magazin\/wp-json\/wp\/v2\/comments?post=7388"}],"version-history":[{"count":1,"href":"https:\/\/hir.mediamarkt.hu\/magazin\/wp-json\/wp\/v2\/posts\/7388\/revisions"}],"predecessor-version":[{"id":7400,"href":"https:\/\/hir.mediamarkt.hu\/magazin\/wp-json\/wp\/v2\/posts\/7388\/revisions\/7400"}],"wp:featuredmedia":[{"embeddable":true,"href":"https:\/\/hir.mediamarkt.hu\/magazin\/wp-json\/wp\/v2\/media\/7390"}],"wp:attachment":[{"href":"https:\/\/hir.mediamarkt.hu\/magazin\/wp-json\/wp\/v2\/media?parent=7388"}],"wp:term":[{"taxonomy":"category","embeddable":true,"href":"https:\/\/hir.mediamarkt.hu\/magazin\/wp-json\/wp\/v2\/categories?post=7388"},{"taxonomy":"post_tag","embeddable":true,"href":"https:\/\/hir.mediamarkt.hu\/magazin\/wp-json\/wp\/v2\/tags?post=7388"}],"curies":[{"name":"wp","href":"https:\/\/api.w.org\/{rel}","templated":true}]}}