{"id":7447,"date":"2018-12-14T10:37:15","date_gmt":"2018-12-14T09:37:15","guid":{"rendered":"http:\/\/hir.mediamarkt.hu\/magazin\/?p=7447"},"modified":"2018-12-17T16:57:34","modified_gmt":"2018-12-17T15:57:34","slug":"kisiskolas-gyerekes-szulok-figyelem-ez-nektek-szol","status":"publish","type":"post","link":"https:\/\/hir.mediamarkt.hu\/magazin\/kisiskolas-gyerekes-szulok-figyelem-ez-nektek-szol\/","title":{"rendered":"Kisiskol\u00e1s gyerekes sz\u00fcl\u0151k, figyelem: ez nektek sz\u00f3l!"},"content":{"rendered":"<span style=\"font-size: 20px;\"><strong>Tudd biztons\u00e1gban gyermeked! Akkor is, ha nem veled van!<\/strong><\/span>\r\n\r\n<strong>Az \u00f3voda kisz\u00e1m\u00edthat\u00f3s\u00e1ga ut\u00e1n az iskola m\u00e1r t\u00f6bb k\u00f6telezetts\u00e9ggel, megoldand\u00f3 helyzettel j\u00e1r. Ez nemcsak a gyerekeket, de a sz\u00fcl\u0151ket is megviselheti: az agg\u00f3d\u00e1sfaktor m\u00e9g az arra kev\u00e9sb\u00e9 \u00e9rz\u00e9keny sz\u00fcl\u0151kn\u00e9l (jellemz\u0151en anyuk\u00e1kn\u00e1l) is er\u0151sen megugorhat az elej\u00e9n. J\u00f3 h\u00edr, hogy egyes technikai \u00fajdons\u00e1gokkal ez helyzet enyh\u00edthet\u0151!<\/strong>\r\n\r\n<img loading=\"lazy\" decoding=\"async\" class=\"alignleft wp-image-7453 size-medium\" src=\"https:\/\/hir.mediamarkt.hu\/magazin\/wp-content\/uploads\/2018\/12\/MykiTouch_main_blue-300x300.jpg\" alt=\"\" width=\"300\" height=\"300\" srcset=\"https:\/\/hir.mediamarkt.hu\/magazin\/wp-content\/uploads\/2018\/12\/MykiTouch_main_blue-300x300.jpg 300w, https:\/\/hir.mediamarkt.hu\/magazin\/wp-content\/uploads\/2018\/12\/MykiTouch_main_blue-275x275.jpg 275w, https:\/\/hir.mediamarkt.hu\/magazin\/wp-content\/uploads\/2018\/12\/MykiTouch_main_blue-768x768.jpg 768w, https:\/\/hir.mediamarkt.hu\/magazin\/wp-content\/uploads\/2018\/12\/MykiTouch_main_blue-1024x1024.jpg 1024w, https:\/\/hir.mediamarkt.hu\/magazin\/wp-content\/uploads\/2018\/12\/MykiTouch_main_blue-150x150.jpg 150w, https:\/\/hir.mediamarkt.hu\/magazin\/wp-content\/uploads\/2018\/12\/MykiTouch_main_blue.jpg 1200w\" sizes=\"(max-width: 300px) 100vw, 300px\" \/>\r\n\r\nGondoljunk csak bele: a gyerek \u00faj k\u00f6rnyezetbe ker\u00fcl, sz\u00e1mos \u00faj programra j\u00e1r innent\u0151l, szorosabb id\u0151beoszt\u00e1s szerint \u00e9li a h\u00e9tk\u00f6znapjait. De mi van, ha pl. a gyerek szakk\u00f6re tov\u00e1bb tart, \u00e9s szeretne sz\u00f3lni any\u00e1nak, hogy k\u00e9s\u0151bb j\u00f6jj\u00f6n \u00e9rte. Olyan is el\u0151fordulhat, hogy a sz\u00fcl\u0151 dug\u00f3ba \u00fcl, \u00e9s nem tud sz\u00f3lni a csemet\u00e9nek, hogy k\u00e9sik, a gyerek pedig agg\u00f3dik.\r\n\r\nAdn\u00e1 mag\u00e1t a lehet\u0151s\u00e9g, hogy mobiltelefont adjunk a kez\u00e9be, de ett\u0151l a legt\u00f6bb kisiskol\u00e1s gyereket nevel\u0151 sz\u00fcl\u0151 m\u00e9g \u00f3dzkodik, t\u00f6bb okb\u00f3l is: egyr\u00e9szt mondhatja, t\u00fal korai egy kisgyereknek, nem tud r\u00e1 vigy\u00e1zni, elveszik, ellopj\u00e1k, t\u00fals\u00e1gosan hozz\u00e1szokik\u2026stb.\u00a0 Ezek mind re\u00e1lis \u00e9rvek.\r\n\r\nM\u00e1sr\u00e9szt a dilemma az iskolai szab\u00e1lyoz\u00e1s miatt is lehet: b\u00e1r Magyarorsz\u00e1gon nincs t\u00f6rv\u00e9ny a mobilok tilt\u00e1s\u00e1ra, a szab\u00e1lyoz\u00e1s viszont lehet\u0151s\u00e9get ad arra, hogy a h\u00e1zirendben az iskola maga szab\u00e1lyozza a haszn\u00e1latukat. A bevett gyakorlat szerint a tan\u00f3r\u00e1k alatt tilos bekapcsolva tartani a mobiltelefont, &#8211; ilyenkor ak\u00e1r ideiglenesen el is vehetik a gyerekt\u0151l a k\u00e9sz\u00fcl\u00e9ket, &#8211; a sz\u00fcnetekben viszont haszn\u00e1lhatj\u00e1k telefonjukat a di\u00e1kok.\r\n\r\nNem kisebb s\u00faly\u00fa azonban az a sz\u00fcl\u0151i ig\u00e9ny sem, hogy iskolaid\u0151ben \u00e9s az ut\u00e1ni id\u0151szakban is biztons\u00e1gban akarj\u00e1k tudni a gyermeket. Ehhez eddig a mobil volt a legide\u00e1lisabb eszk\u00f6z, hogy a csal\u00e1dtagok el\u00e9rhess\u00e9k egym\u00e1st. Most bemutatkozik\u00a0egy \u00faj, egyre nagyobb n\u00e9pszer\u0171s\u00e9gnek \u00f6rvend\u0151 megold\u00e1s, ami hidat jelenhet az er\u0151s szab\u00e1lyoz\u00e1s \u00e9s a sz\u00fcl\u0151i fel\u00fcgyelet megold\u00e1s\u00e1ra, ez pedig a gyerek okos\u00f3ra.\r\n\r\n<img loading=\"lazy\" decoding=\"async\" class=\"alignleft wp-image-7452 size-medium\" src=\"https:\/\/hir.mediamarkt.hu\/magazin\/wp-content\/uploads\/2018\/12\/MykiTouch_location_B_W-300x300.jpg\" alt=\"\" width=\"300\" height=\"300\" srcset=\"https:\/\/hir.mediamarkt.hu\/magazin\/wp-content\/uploads\/2018\/12\/MykiTouch_location_B_W-300x300.jpg 300w, https:\/\/hir.mediamarkt.hu\/magazin\/wp-content\/uploads\/2018\/12\/MykiTouch_location_B_W-275x275.jpg 275w, https:\/\/hir.mediamarkt.hu\/magazin\/wp-content\/uploads\/2018\/12\/MykiTouch_location_B_W-768x768.jpg 768w, https:\/\/hir.mediamarkt.hu\/magazin\/wp-content\/uploads\/2018\/12\/MykiTouch_location_B_W-1024x1024.jpg 1024w, https:\/\/hir.mediamarkt.hu\/magazin\/wp-content\/uploads\/2018\/12\/MykiTouch_location_B_W-150x150.jpg 150w, https:\/\/hir.mediamarkt.hu\/magazin\/wp-content\/uploads\/2018\/12\/MykiTouch_location_B_W.jpg 1200w\" sizes=\"(max-width: 300px) 100vw, 300px\" \/>\r\n\r\nAz \u00fajgener\u00e1ci\u00f3s eszk\u00f6z, a\u00a0<a href=\"https:\/\/www.mediamarkt.hu\/hu\/search.html?searchParams=%2FSearch.ff%3Fquery%3Dmyki%26filterTabbedCategory%3Donlineshop%26filteravailability%3D1%26filterbrand%3DMYKI%26channel%3Dmmhuhu%26productsPerPage%3D25%26followSearch%3D9801&amp;searchProfile=onlineshop&amp;query=myki&amp;sort=&amp;page=&amp;sourceRef=INVALID\" target=\"_blank\" rel=\"noopener\">MyKi Touch gyerek okos\u00f3ra<\/a> megadja a f\u00fcggetlens\u00e9g \u00e9rzet\u00e9t a gyereknek, mik\u00f6zben biztos\u00edtja, hogy a sz\u00fcl\u0151k a t\u00e1vol l\u00e9v\u0151 gyermek\u00fck\u00f6n is rajta tarthass\u00e1k szem\u00fcket egy ingyenesen let\u00f6lthet\u0151 mobilapplik\u00e1ci\u00f3 seg\u00edts\u00e9g\u00e9vel. Az \u00f3r\u00e1ba GPS technol\u00f3gia van be\u00e9p\u00edtve, amely <strong>5 m\u00e1sodpercenk\u00e9nt friss\u00edti az inform\u00e1ci\u00f3t a gyermek tart\u00f3zkod\u00e1si hely\u00e9r\u0151l.<\/strong>\r\n\r\nAz \u00f3r\u00e1ban riaszt\u00f3 rendszer is tal\u00e1lhat\u00f3: a sz\u00fcl\u0151k l\u00e9trehozhatnak k\u00fcl\u00f6nb\u00f6z\u0151 \u201cbiztons\u00e1gi z\u00f3n\u00e1kat\u201d azokb\u00f3l a szok\u00e1sos \u00fatvonalakb\u00f3l, amerre a gyermek\u00fck rendszeresen k\u00f6zlekedik. A riaszt\u00f3 funkci\u00f3 akkor l\u00e9p \u00e9letbe, <strong>ha pl. gyermeknek reggel 8 \u00f3ra \u00e9s 16 \u00f3ra k\u00f6z\u00f6tt az iskol\u00e1ban kellene lennie, de \u0151 m\u00e9gsem ott tart\u00f3zkodik: ilyenkor az \u00f3ra \u00e9rtes\u00edt\u00e9st k\u00fcld a sz\u00fcl\u0151knek. <\/strong>\r\n\r\n&nbsp;\r\n\r\n&nbsp;\r\n\r\n<strong>Az okos be\u00e1ll\u00edt\u00e1sokon kereszt\u00fcl a sz\u00fcl\u0151k arr\u00f3l is \u00e9rtes\u00fclhetnek, ha a gyermek a m<\/strong><strong>egszokottn\u00e1l nagyobb sebess\u00e9ggel k\u00f6zlekedik, vagy ha leveszi mag\u00e1r\u00f3l az \u00f3r\u00e1t.<\/strong>\r\n\r\n<img loading=\"lazy\" decoding=\"async\" class=\"alignleft wp-image-7450 size-medium\" src=\"https:\/\/hir.mediamarkt.hu\/magazin\/wp-content\/uploads\/2018\/12\/MykiTouch_functions_red-300x300.jpg\" alt=\"\" width=\"300\" height=\"300\" srcset=\"https:\/\/hir.mediamarkt.hu\/magazin\/wp-content\/uploads\/2018\/12\/MykiTouch_functions_red-300x300.jpg 300w, https:\/\/hir.mediamarkt.hu\/magazin\/wp-content\/uploads\/2018\/12\/MykiTouch_functions_red-275x275.jpg 275w, https:\/\/hir.mediamarkt.hu\/magazin\/wp-content\/uploads\/2018\/12\/MykiTouch_functions_red-768x768.jpg 768w, https:\/\/hir.mediamarkt.hu\/magazin\/wp-content\/uploads\/2018\/12\/MykiTouch_functions_red-1024x1024.jpg 1024w, https:\/\/hir.mediamarkt.hu\/magazin\/wp-content\/uploads\/2018\/12\/MykiTouch_functions_red-150x150.jpg 150w, https:\/\/hir.mediamarkt.hu\/magazin\/wp-content\/uploads\/2018\/12\/MykiTouch_functions_red.jpg 1200w\" sizes=\"(max-width: 300px) 100vw, 300px\" \/>\r\n\r\nA MyKi Touch \u00f3ra telefonk\u00f6nyv\u00e9b\u0151l 18 sz\u00e1m h\u00edvhat\u00f3, melyeket kiz\u00e1r\u00f3lag a sz\u00fcl\u0151 \u00e1ll\u00edthat be \u00e9s adhat az eszk\u00f6zh\u00f6z a MyKi Watch alkalmaz\u00e1s seg\u00edts\u00e9g\u00e9vel, \u00edgy a gyermek &#8211; nem mellesleg a men\u0151 &#8211; \u00f3ra seg\u00edts\u00e9g\u00e9vel fel is h\u00edvhatja sz\u00fcleit. A telefonos alkalmaz\u00e1sb\u00f3l a sz\u00fcl\u0151 hang- \u00e9s sz\u00f6veges \u00fczeneteket k\u00fcldhet az \u00f3r\u00e1ra, ill. hang\u00fczeneteket fogadhat a k\u00e9sz\u00fcl\u00e9kr\u0151l. J\u00f3 tudni, hogy a gyermek biztons\u00e1ga \u00e9rdek\u00e9ben az \u00f3r\u00e1t csak a sz\u00fcl\u0151 \u00e1ltal el\u0151re be\u00e1ll\u00edtott sz\u00e1mok h\u00edvhatj\u00e1k!\r\n\r\n&nbsp;\r\n\r\n<strong>Ezen fel\u00fcl az okos\u00f3ra egy SOS gombbal is rendelkezik, hogy a gyermek jelezni tudjon a sz\u00fcl\u0151knek v\u00e9szhelyzet eset\u00e9n.<\/strong> Az SOS gomb megnyom\u00e1sa ut\u00e1n az \u00f3ra automatikusan elkezdeni h\u00edvni az el\u0151re be\u00e1ll\u00edtott, v\u00e9szhelyzetben h\u00edvhat\u00f3 telefonsz\u00e1mokat.\r\n\r\n&nbsp;\r\n\r\n&nbsp;\r\n\r\nA tem\u00e9ket a MediaMarkt \u00e1ruh\u00e1zakban v\u00e1s\u00e1rolhatod meg, vagy a web\u00e1ruh\u00e1zban: <a href=\"https:\/\/www.mediamarkt.hu\/hu\/search.html?searchParams=%2FSearch.ff%3Fquery%3Dmyki%26filterTabbedCategory%3Donlineshop%26filteravailability%3D1%26filterbrand%3DMYKI%26channel%3Dmmhuhu%26productsPerPage%3D25%26followSearch%3D9801&amp;searchProfile=onlineshop&amp;query=myki&amp;sort=&amp;page=&amp;sourceRef=INVALID\" target=\"_blank\" rel=\"noopener\">MyKi Touch gyerek okos\u00f3ra<\/a>\r\n\r\n<em>Ne feledj\u00fck: az int\u00e9zm\u00e9nyek egy\u00e9nileg szab\u00e1lyozhatj\u00e1k a mobileszk\u00f6z\u00f6k haszn\u00e1lat\u00e1t, v\u00e1s\u00e1rl\u00e1s el\u0151tt \u00e9rdemes egyeztetni az iskol\u00e1val, lesz-e lehet\u0151s\u00e9ge gyermek\u00fcnkek napk\u00f6zben az \u00f3r\u00e1t viselni, sz\u00fcks\u00e9g eset\u00e9n pedig haszn\u00e1lni is.\u00a0<\/em>\r\n\r\n<img loading=\"lazy\" decoding=\"async\" class=\"aligncenter size-large wp-image-7455\" src=\"https:\/\/hir.mediamarkt.hu\/magazin\/wp-content\/uploads\/2018\/12\/MyKiTouch-1200x628-20171009-02-1024x536.png\" alt=\"\" width=\"1024\" height=\"536\" srcset=\"https:\/\/hir.mediamarkt.hu\/magazin\/wp-content\/uploads\/2018\/12\/MyKiTouch-1200x628-20171009-02-1024x536.png 1024w, https:\/\/hir.mediamarkt.hu\/magazin\/wp-content\/uploads\/2018\/12\/MyKiTouch-1200x628-20171009-02-275x144.png 275w, https:\/\/hir.mediamarkt.hu\/magazin\/wp-content\/uploads\/2018\/12\/MyKiTouch-1200x628-20171009-02-300x157.png 300w, https:\/\/hir.mediamarkt.hu\/magazin\/wp-content\/uploads\/2018\/12\/MyKiTouch-1200x628-20171009-02-768x402.png 768w, https:\/\/hir.mediamarkt.hu\/magazin\/wp-content\/uploads\/2018\/12\/MyKiTouch-1200x628-20171009-02.png 1200w\" sizes=\"(max-width: 1024px) 100vw, 1024px\" \/>","protected":false},"excerpt":{"rendered":"Egy \u00fajgener\u00e1ci\u00f3s eszk\u00f6z, a MyKi Touch gyerek okos\u00f3ra megadja a f\u00fcggetlens\u00e9g \u00e9rzet\u00e9t a gyereknek, mik\u00f6zben biztos\u00edtja, hogy a sz\u00fcl\u0151k a t\u00e1vol l\u00e9v\u0151 gyermek\u00fck\u00f6n is rajta tarthass\u00e1k szem\u00fcket egy ingyenesen let\u00f6lthet\u0151 mobilapplik\u00e1ci\u00f3 seg\u00edts\u00e9g\u00e9vel. Az \u00f3r\u00e1ba GPS technol\u00f3gia van be\u00e9p\u00edtve, amely 5 m\u00e1sodpercenk\u00e9nt friss\u00edti az inform\u00e1ci\u00f3t a gyermek tart\u00f3zkod\u00e1si hely\u00e9r\u0151l.","protected":false},"author":13,"featured_media":7477,"comment_status":"open","ping_status":"open","sticky":false,"template":"","format":"standard","meta":{"wprm-recipe-roundup-name":"","wprm-recipe-roundup-description":"","footnotes":""},"categories":[5949,5967],"tags":[445,198,2998,1143,2127,2173,2999,2520,89,705],"yoast_head":"<!-- This site is optimized with the Yoast SEO plugin v22.9 - https:\/\/yoast.com\/wordpress\/plugins\/seo\/ -->\n<title>Kisiskol\u00e1s gyerekes sz\u00fcl\u0151k, figyelem: ez nektek sz\u00f3l! - MediaMarkt Magazin<\/title>\n<meta name=\"robots\" content=\"index, follow, max-snippet:-1, max-image-preview:large, max-video-preview:-1\" \/>\n<link rel=\"canonical\" href=\"https:\/\/hir.mediamarkt.hu\/magazin\/kisiskolas-gyerekes-szulok-figyelem-ez-nektek-szol\/\" \/>\n<meta property=\"og:locale\" content=\"hu_HU\" \/>\n<meta property=\"og:type\" content=\"article\" \/>\n<meta property=\"og:title\" content=\"Kisiskol\u00e1s gyerekes sz\u00fcl\u0151k, figyelem: ez nektek sz\u00f3l! - MediaMarkt Magazin\" \/>\n<meta property=\"og:description\" content=\"Egy \u00fajgener\u00e1ci\u00f3s eszk\u00f6z, a MyKi Touch gyerek okos\u00f3ra megadja a f\u00fcggetlens\u00e9g \u00e9rzet\u00e9t a gyereknek, mik\u00f6zben biztos\u00edtja, hogy a sz\u00fcl\u0151k a t\u00e1vol l\u00e9v\u0151 gyermek\u00fck\u00f6n is rajta tarthass\u00e1k szem\u00fcket egy ingyenesen let\u00f6lthet\u0151 mobilapplik\u00e1ci\u00f3 seg\u00edts\u00e9g\u00e9vel. Az \u00f3r\u00e1ba GPS technol\u00f3gia van be\u00e9p\u00edtve, amely 5 m\u00e1sodpercenk\u00e9nt friss\u00edti az inform\u00e1ci\u00f3t a gyermek tart\u00f3zkod\u00e1si hely\u00e9r\u0151l.\" \/>\n<meta property=\"og:url\" content=\"https:\/\/hir.mediamarkt.hu\/magazin\/kisiskolas-gyerekes-szulok-figyelem-ez-nektek-szol\/\" \/>\n<meta property=\"og:site_name\" content=\"MediaMarkt Magazin\" \/>\n<meta property=\"article:publisher\" content=\"https:\/\/www.facebook.com\/MediaMarktMagyarorszag\" \/>\n<meta property=\"article:published_time\" content=\"2018-12-14T09:37:15+00:00\" \/>\n<meta property=\"article:modified_time\" content=\"2018-12-17T15:57:34+00:00\" \/>\n<meta property=\"og:image\" content=\"https:\/\/hir.mediamarkt.hu\/magazin\/wp-content\/uploads\/2018\/12\/MyKi_touch.png\" \/>\n\t<meta property=\"og:image:width\" content=\"1365\" \/>\n\t<meta property=\"og:image:height\" content=\"825\" \/>\n\t<meta property=\"og:image:type\" content=\"image\/png\" \/>\n<meta name=\"author\" content=\"Media Markt\" \/>\n<meta name=\"twitter:label1\" content=\"Szerz\u0151:\" \/>\n\t<meta name=\"twitter:data1\" content=\"Media Markt\" \/>\n\t<meta name=\"twitter:label2\" content=\"Becs\u00fclt olvas\u00e1si id\u0151\" \/>\n\t<meta name=\"twitter:data2\" content=\"4 perc\" \/>\n<script type=\"application\/ld+json\" class=\"yoast-schema-graph\">{\"@context\":\"https:\/\/schema.org\",\"@graph\":[{\"@type\":\"WebPage\",\"@id\":\"https:\/\/hir.mediamarkt.hu\/magazin\/kisiskolas-gyerekes-szulok-figyelem-ez-nektek-szol\/\",\"url\":\"https:\/\/hir.mediamarkt.hu\/magazin\/kisiskolas-gyerekes-szulok-figyelem-ez-nektek-szol\/\",\"name\":\"Kisiskol\u00e1s gyerekes sz\u00fcl\u0151k, figyelem: ez nektek sz\u00f3l! - MediaMarkt Magazin\",\"isPartOf\":{\"@id\":\"https:\/\/hir.mediamarkt.hu\/magazin\/#website\"},\"primaryImageOfPage\":{\"@id\":\"https:\/\/hir.mediamarkt.hu\/magazin\/kisiskolas-gyerekes-szulok-figyelem-ez-nektek-szol\/#primaryimage\"},\"image\":{\"@id\":\"https:\/\/hir.mediamarkt.hu\/magazin\/kisiskolas-gyerekes-szulok-figyelem-ez-nektek-szol\/#primaryimage\"},\"thumbnailUrl\":\"https:\/\/hir.mediamarkt.hu\/magazin\/wp-content\/uploads\/2018\/12\/MyKi_touch.png\",\"datePublished\":\"2018-12-14T09:37:15+00:00\",\"dateModified\":\"2018-12-17T15:57:34+00:00\",\"author\":{\"@id\":\"https:\/\/hir.mediamarkt.hu\/magazin\/#\/schema\/person\/b93b02ec1ab4d2353f8d281e171c1b0b\"},\"breadcrumb\":{\"@id\":\"https:\/\/hir.mediamarkt.hu\/magazin\/kisiskolas-gyerekes-szulok-figyelem-ez-nektek-szol\/#breadcrumb\"},\"inLanguage\":\"hu\",\"potentialAction\":[{\"@type\":\"ReadAction\",\"target\":[\"https:\/\/hir.mediamarkt.hu\/magazin\/kisiskolas-gyerekes-szulok-figyelem-ez-nektek-szol\/\"]}]},{\"@type\":\"ImageObject\",\"inLanguage\":\"hu\",\"@id\":\"https:\/\/hir.mediamarkt.hu\/magazin\/kisiskolas-gyerekes-szulok-figyelem-ez-nektek-szol\/#primaryimage\",\"url\":\"https:\/\/hir.mediamarkt.hu\/magazin\/wp-content\/uploads\/2018\/12\/MyKi_touch.png\",\"contentUrl\":\"https:\/\/hir.mediamarkt.hu\/magazin\/wp-content\/uploads\/2018\/12\/MyKi_touch.png\",\"width\":1365,\"height\":825},{\"@type\":\"BreadcrumbList\",\"@id\":\"https:\/\/hir.mediamarkt.hu\/magazin\/kisiskolas-gyerekes-szulok-figyelem-ez-nektek-szol\/#breadcrumb\",\"itemListElement\":[{\"@type\":\"ListItem\",\"position\":1,\"name\":\"Kezd\u0151lap\",\"item\":\"https:\/\/hir.mediamarkt.hu\/magazin\/\"},{\"@type\":\"ListItem\",\"position\":2,\"name\":\"Kisiskol\u00e1s gyerekes sz\u00fcl\u0151k, figyelem: ez nektek sz\u00f3l!\"}]},{\"@type\":\"WebSite\",\"@id\":\"https:\/\/hir.mediamarkt.hu\/magazin\/#website\",\"url\":\"https:\/\/hir.mediamarkt.hu\/magazin\/\",\"name\":\"MediaMarkt Magazin\",\"description\":\"Olvass bele magazinunkba!\",\"potentialAction\":[{\"@type\":\"SearchAction\",\"target\":{\"@type\":\"EntryPoint\",\"urlTemplate\":\"https:\/\/hir.mediamarkt.hu\/magazin\/?s={search_term_string}\"},\"query-input\":\"required name=search_term_string\"}],\"inLanguage\":\"hu\"},{\"@type\":\"Person\",\"@id\":\"https:\/\/hir.mediamarkt.hu\/magazin\/#\/schema\/person\/b93b02ec1ab4d2353f8d281e171c1b0b\",\"name\":\"Media Markt\",\"image\":{\"@type\":\"ImageObject\",\"inLanguage\":\"hu\",\"@id\":\"https:\/\/hir.mediamarkt.hu\/magazin\/#\/schema\/person\/image\/\",\"url\":\"https:\/\/secure.gravatar.com\/avatar\/602bccae8998beee472d01909f0978f1?s=96&d=mm&r=g\",\"contentUrl\":\"https:\/\/secure.gravatar.com\/avatar\/602bccae8998beee472d01909f0978f1?s=96&d=mm&r=g\",\"caption\":\"Media Markt\"}}]}<\/script>\n<!-- \/ Yoast SEO plugin. -->","yoast_head_json":{"title":"Kisiskol\u00e1s gyerekes sz\u00fcl\u0151k, figyelem: ez nektek sz\u00f3l! - MediaMarkt Magazin","robots":{"index":"index","follow":"follow","max-snippet":"max-snippet:-1","max-image-preview":"max-image-preview:large","max-video-preview":"max-video-preview:-1"},"canonical":"https:\/\/hir.mediamarkt.hu\/magazin\/kisiskolas-gyerekes-szulok-figyelem-ez-nektek-szol\/","og_locale":"hu_HU","og_type":"article","og_title":"Kisiskol\u00e1s gyerekes sz\u00fcl\u0151k, figyelem: ez nektek sz\u00f3l! - MediaMarkt Magazin","og_description":"Egy \u00fajgener\u00e1ci\u00f3s eszk\u00f6z, a MyKi Touch gyerek okos\u00f3ra megadja a f\u00fcggetlens\u00e9g \u00e9rzet\u00e9t a gyereknek, mik\u00f6zben biztos\u00edtja, hogy a sz\u00fcl\u0151k a t\u00e1vol l\u00e9v\u0151 gyermek\u00fck\u00f6n is rajta tarthass\u00e1k szem\u00fcket egy ingyenesen let\u00f6lthet\u0151 mobilapplik\u00e1ci\u00f3 seg\u00edts\u00e9g\u00e9vel. Az \u00f3r\u00e1ba GPS technol\u00f3gia van be\u00e9p\u00edtve, amely 5 m\u00e1sodpercenk\u00e9nt friss\u00edti az inform\u00e1ci\u00f3t a gyermek tart\u00f3zkod\u00e1si hely\u00e9r\u0151l.","og_url":"https:\/\/hir.mediamarkt.hu\/magazin\/kisiskolas-gyerekes-szulok-figyelem-ez-nektek-szol\/","og_site_name":"MediaMarkt Magazin","article_publisher":"https:\/\/www.facebook.com\/MediaMarktMagyarorszag","article_published_time":"2018-12-14T09:37:15+00:00","article_modified_time":"2018-12-17T15:57:34+00:00","og_image":[{"width":1365,"height":825,"url":"https:\/\/hir.mediamarkt.hu\/magazin\/wp-content\/uploads\/2018\/12\/MyKi_touch.png","type":"image\/png"}],"author":"Media Markt","twitter_misc":{"Szerz\u0151:":"Media Markt","Becs\u00fclt olvas\u00e1si id\u0151":"4 perc"},"schema":{"@context":"https:\/\/schema.org","@graph":[{"@type":"WebPage","@id":"https:\/\/hir.mediamarkt.hu\/magazin\/kisiskolas-gyerekes-szulok-figyelem-ez-nektek-szol\/","url":"https:\/\/hir.mediamarkt.hu\/magazin\/kisiskolas-gyerekes-szulok-figyelem-ez-nektek-szol\/","name":"Kisiskol\u00e1s gyerekes sz\u00fcl\u0151k, figyelem: ez nektek sz\u00f3l! - MediaMarkt Magazin","isPartOf":{"@id":"https:\/\/hir.mediamarkt.hu\/magazin\/#website"},"primaryImageOfPage":{"@id":"https:\/\/hir.mediamarkt.hu\/magazin\/kisiskolas-gyerekes-szulok-figyelem-ez-nektek-szol\/#primaryimage"},"image":{"@id":"https:\/\/hir.mediamarkt.hu\/magazin\/kisiskolas-gyerekes-szulok-figyelem-ez-nektek-szol\/#primaryimage"},"thumbnailUrl":"https:\/\/hir.mediamarkt.hu\/magazin\/wp-content\/uploads\/2018\/12\/MyKi_touch.png","datePublished":"2018-12-14T09:37:15+00:00","dateModified":"2018-12-17T15:57:34+00:00","author":{"@id":"https:\/\/hir.mediamarkt.hu\/magazin\/#\/schema\/person\/b93b02ec1ab4d2353f8d281e171c1b0b"},"breadcrumb":{"@id":"https:\/\/hir.mediamarkt.hu\/magazin\/kisiskolas-gyerekes-szulok-figyelem-ez-nektek-szol\/#breadcrumb"},"inLanguage":"hu","potentialAction":[{"@type":"ReadAction","target":["https:\/\/hir.mediamarkt.hu\/magazin\/kisiskolas-gyerekes-szulok-figyelem-ez-nektek-szol\/"]}]},{"@type":"ImageObject","inLanguage":"hu","@id":"https:\/\/hir.mediamarkt.hu\/magazin\/kisiskolas-gyerekes-szulok-figyelem-ez-nektek-szol\/#primaryimage","url":"https:\/\/hir.mediamarkt.hu\/magazin\/wp-content\/uploads\/2018\/12\/MyKi_touch.png","contentUrl":"https:\/\/hir.mediamarkt.hu\/magazin\/wp-content\/uploads\/2018\/12\/MyKi_touch.png","width":1365,"height":825},{"@type":"BreadcrumbList","@id":"https:\/\/hir.mediamarkt.hu\/magazin\/kisiskolas-gyerekes-szulok-figyelem-ez-nektek-szol\/#breadcrumb","itemListElement":[{"@type":"ListItem","position":1,"name":"Kezd\u0151lap","item":"https:\/\/hir.mediamarkt.hu\/magazin\/"},{"@type":"ListItem","position":2,"name":"Kisiskol\u00e1s gyerekes sz\u00fcl\u0151k, figyelem: ez nektek sz\u00f3l!"}]},{"@type":"WebSite","@id":"https:\/\/hir.mediamarkt.hu\/magazin\/#website","url":"https:\/\/hir.mediamarkt.hu\/magazin\/","name":"MediaMarkt Magazin","description":"Olvass bele magazinunkba!","potentialAction":[{"@type":"SearchAction","target":{"@type":"EntryPoint","urlTemplate":"https:\/\/hir.mediamarkt.hu\/magazin\/?s={search_term_string}"},"query-input":"required name=search_term_string"}],"inLanguage":"hu"},{"@type":"Person","@id":"https:\/\/hir.mediamarkt.hu\/magazin\/#\/schema\/person\/b93b02ec1ab4d2353f8d281e171c1b0b","name":"Media Markt","image":{"@type":"ImageObject","inLanguage":"hu","@id":"https:\/\/hir.mediamarkt.hu\/magazin\/#\/schema\/person\/image\/","url":"https:\/\/secure.gravatar.com\/avatar\/602bccae8998beee472d01909f0978f1?s=96&d=mm&r=g","contentUrl":"https:\/\/secure.gravatar.com\/avatar\/602bccae8998beee472d01909f0978f1?s=96&d=mm&r=g","caption":"Media Markt"}}]}},"_links":{"self":[{"href":"https:\/\/hir.mediamarkt.hu\/magazin\/wp-json\/wp\/v2\/posts\/7447"}],"collection":[{"href":"https:\/\/hir.mediamarkt.hu\/magazin\/wp-json\/wp\/v2\/posts"}],"about":[{"href":"https:\/\/hir.mediamarkt.hu\/magazin\/wp-json\/wp\/v2\/types\/post"}],"author":[{"embeddable":true,"href":"https:\/\/hir.mediamarkt.hu\/magazin\/wp-json\/wp\/v2\/users\/13"}],"replies":[{"embeddable":true,"href":"https:\/\/hir.mediamarkt.hu\/magazin\/wp-json\/wp\/v2\/comments?post=7447"}],"version-history":[{"count":5,"href":"https:\/\/hir.mediamarkt.hu\/magazin\/wp-json\/wp\/v2\/posts\/7447\/revisions"}],"predecessor-version":[{"id":7507,"href":"https:\/\/hir.mediamarkt.hu\/magazin\/wp-json\/wp\/v2\/posts\/7447\/revisions\/7507"}],"wp:featuredmedia":[{"embeddable":true,"href":"https:\/\/hir.mediamarkt.hu\/magazin\/wp-json\/wp\/v2\/media\/7477"}],"wp:attachment":[{"href":"https:\/\/hir.mediamarkt.hu\/magazin\/wp-json\/wp\/v2\/media?parent=7447"}],"wp:term":[{"taxonomy":"category","embeddable":true,"href":"https:\/\/hir.mediamarkt.hu\/magazin\/wp-json\/wp\/v2\/categories?post=7447"},{"taxonomy":"post_tag","embeddable":true,"href":"https:\/\/hir.mediamarkt.hu\/magazin\/wp-json\/wp\/v2\/tags?post=7447"}],"curies":[{"name":"wp","href":"https:\/\/api.w.org\/{rel}","templated":true}]}}