{"id":7478,"date":"2018-12-17T17:06:08","date_gmt":"2018-12-17T16:06:08","guid":{"rendered":"http:\/\/hir.mediamarkt.hu\/magazin\/?p=7478"},"modified":"2018-12-17T17:06:45","modified_gmt":"2018-12-17T16:06:45","slug":"ha-csinalnad-es-nem-venned-diy-karacsonyfak-kreativ-elmeknek-szinte-ingyen","status":"publish","type":"post","link":"https:\/\/hir.mediamarkt.hu\/magazin\/ha-csinalnad-es-nem-venned-diy-karacsonyfak-kreativ-elmeknek-szinte-ingyen\/","title":{"rendered":"Ha csin\u00e1ln\u00e1d \u00e9s nem venn\u00e9d: DIY kar\u00e1csonyf\u00e1k kreat\u00edv elm\u00e9knek, szinte ingyen!"},"content":{"rendered":"<strong>P\u00e1r \u00e9ves hagyom\u00e1ny a h\u00e1ztart\u00e1somban, hogy feny\u0151 helyett valami m\u00e1s helyettes\u00edtse a kar\u00e1csonyf\u00e1t. Mivel nincs gyerek otthon, \u00edgy marad az \u00f6nfeledt agyal\u00e1s \u00e9s alkot\u00e1s, nem s\u00e9r\u00fcl senki \u201clelke\u201d, csak mert nincs gyanta illat. \u00c9s hogy mi nincs m\u00e9g? Egy f\u00e1j\u00f3an magas \u00f6sszeg kiad\u00e1sa, harc a fa \u00e1rusokkal \u00e9s vev\u0151kkel, fa dugdos\u00e1s, irrit\u00e1l\u00f3 t\u00f6rzs farag\u00e1s, t\u0171lev\u00e9l halmok a sz\u0151nyegen \u00e9s a l\u00e9pcs\u0151h\u00e1zban, na meg a p\u00e1r napig (esetleg h\u00e9tig) szolg\u00e1l\u00f3 \u00e9l\u0151l\u00e9ny \u201chull\u00e1j\u00e1nak\u201d kivonszol\u00e1sa az utc\u00e1ra. Egysz\u00f3val: az \u00e9let egyszer\u0171bb lett feny\u0151 n\u00e9lk\u00fcl. K\u00e9rd\u00e9s, vajon lehet-e igaz\u00e1n \u00fcnnepi a hangulat \u00edgy is?<\/strong><!--more-->\r\n\r\n&nbsp;\r\n\r\n<span style=\"font-weight: 400;\">A v\u00e1lasz: igen. B\u00e1r ez rajtunk m\u00falik. A feny\u0151v\u00e1s\u00e1rl\u00e1st egy\u00e9bk\u00e9nt nem tartom \u00f6rd\u00f6gt\u0151l val\u00f3 cselekedetnek, \u00e9n magam is sz\u00edvesen id\u00e9zem fel a gyerekkori eml\u00e9keket, de ha csak feln\u0151ttek vannak a h\u00e1ztart\u00e1sban, esetleg m\u00e1r nagyok az ut\u00f3dok \u00e9s bevonhat\u00f3ak a \u201cj\u00e1t\u00e9kba\u201d, mi\u00e9rt ne lehetne saj\u00e1t, szem\u00e9lyre szabott, egyedi \u00fcnnepi szobad\u00edsz\u00fcnk? Az internet roskad\u00e1sig tele van \u00f6tletekkel, fot\u00f3kkal, de ak\u00e1r l\u00e9p\u00e9sr\u0151l l\u00e9p\u00e9sre bemutatott seg\u00e9dletekkel is. Most j\u00f6jj\u00f6n p\u00e1r kedvenc, illetve n\u00e9h\u00e1ny saj\u00e1t gy\u00e1rtm\u00e1ny. A c\u00e9l n\u00e1lunk mindig az: <\/span>\r\n<ul>\r\n \t<li style=\"font-weight: 400;\">\r\n<blockquote><span style=\"font-weight: 400;\">hogy \u00faj technik\u00e1val dolgozzunk<\/span><\/blockquote>\r\n<\/li>\r\n \t<li style=\"font-weight: 400;\">\r\n<blockquote><span style=\"font-weight: 400;\">hogy az \u00fajrahasznos\u00edt\u00e1s jegy\u00e9ben a lehet\u0151 legkevesebb \u00faj alapanyagot v\u00e1s\u00e1roljuk meg<\/span><\/blockquote>\r\n<\/li>\r\n \t<li style=\"font-weight: 400;\">\r\n<blockquote><span style=\"font-weight: 400;\">hogy a l\u00e1tv\u00e1ny mosolyt csaljon az arcokra<\/span><\/blockquote>\r\n<\/li>\r\n<\/ul>\r\n&nbsp;\r\n\r\n&nbsp;\r\n<h2><strong>\u201cNyesed\u00e9k\u201d f\u00e1k<\/strong><\/h2>\r\n<span style=\"font-weight: 400;\">A f\u00f6ld\u00f6n tal\u00e1lt (teh\u00e1t nem az \u00e9l\u0151 f\u00e1kr\u00f3l let\u00e9pett!) feny\u0151\u00e1gak \u00e9s tobozok t\u00f6k\u00e9letes alapot adhatnak egy-egy DIY f\u00e1hoz. Az \u00fcvegbe tett \u201ccsokor\u201d alapt\u00f3l a l\u00f3gat\u00e1sig, dr\u00f3toz\u00e1sig b\u00e1rmi el\u0151fordulhat. \u00dcgyesebb kez\u0171ek nyilv\u00e1n mini feny\u0151fa alakot is l\u00e9tre tudnak hozni, ha c\u00e9l a hiteles kin\u00e9zet. De alkothatunk rusztikusabb darabokat is, amelyek ink\u00e1bb illatukban, text\u00far\u00e1jukban hajaznak a klasszikus kar\u00e1csonyf\u00e1ra-<\/span>\r\n\r\n<div id=\"attachment_7481\" style=\"width: 285px\" class=\"wp-caption alignnone\"><img loading=\"lazy\" decoding=\"async\" aria-describedby=\"caption-attachment-7481\" class=\"wp-image-7481 size-thumbnail\" src=\"https:\/\/hir.mediamarkt.hu\/magazin\/wp-content\/uploads\/2018\/12\/06b-275x343.jpg\" alt=\"\" width=\"275\" height=\"343\" srcset=\"https:\/\/hir.mediamarkt.hu\/magazin\/wp-content\/uploads\/2018\/12\/06b-275x343.jpg 275w, https:\/\/hir.mediamarkt.hu\/magazin\/wp-content\/uploads\/2018\/12\/06b-240x300.jpg 240w, https:\/\/hir.mediamarkt.hu\/magazin\/wp-content\/uploads\/2018\/12\/06b.jpg 480w\" sizes=\"(max-width: 275px) 100vw, 275px\" \/><p id=\"caption-attachment-7481\" class=\"wp-caption-text\">Forr\u00e1s: Pinterest<\/p><\/div>\r\n\r\n<div id=\"attachment_7480\" style=\"width: 285px\" class=\"wp-caption alignnone\"><img loading=\"lazy\" decoding=\"async\" aria-describedby=\"caption-attachment-7480\" class=\"wp-image-7480 size-thumbnail\" src=\"https:\/\/hir.mediamarkt.hu\/magazin\/wp-content\/uploads\/2018\/12\/06a-275x428.jpg\" alt=\"\" width=\"275\" height=\"428\" srcset=\"https:\/\/hir.mediamarkt.hu\/magazin\/wp-content\/uploads\/2018\/12\/06a-275x428.jpg 275w, https:\/\/hir.mediamarkt.hu\/magazin\/wp-content\/uploads\/2018\/12\/06a-193x300.jpg 193w, https:\/\/hir.mediamarkt.hu\/magazin\/wp-content\/uploads\/2018\/12\/06a.jpg 450w\" sizes=\"(max-width: 275px) 100vw, 275px\" \/><p id=\"caption-attachment-7480\" class=\"wp-caption-text\">Forr\u00e1s: Pinterest<\/p><\/div>\r\n\r\n<div id=\"attachment_7479\" style=\"width: 385px\" class=\"wp-caption alignnone\"><img loading=\"lazy\" decoding=\"async\" aria-describedby=\"caption-attachment-7479\" class=\"wp-image-7479 size-full\" src=\"https:\/\/hir.mediamarkt.hu\/magazin\/wp-content\/uploads\/2018\/12\/06.jpg\" alt=\"\" width=\"375\" height=\"500\" srcset=\"https:\/\/hir.mediamarkt.hu\/magazin\/wp-content\/uploads\/2018\/12\/06.jpg 375w, https:\/\/hir.mediamarkt.hu\/magazin\/wp-content\/uploads\/2018\/12\/06-275x367.jpg 275w, https:\/\/hir.mediamarkt.hu\/magazin\/wp-content\/uploads\/2018\/12\/06-225x300.jpg 225w\" sizes=\"(max-width: 375px) 100vw, 375px\" \/><p id=\"caption-attachment-7479\" class=\"wp-caption-text\">Forr\u00e1s: Pinterest<\/p><\/div>\r\n<h2><\/h2>\r\n<h2><strong>Kopasz \u00e1gak &#8211; a minimalista vonal<\/strong><\/h2>\r\n<span style=\"font-weight: 400;\">A term\u00e9szetben megtal\u00e1lhat\u00f3 botok, \u00e1gak m\u00e1ra k\u00f6zkedvelt alapanyagai az eg\u00e9szen letisztult enteri\u00f3r\u00f6kh\u00f6z igaz\u00edtott f\u00e1knak. A sok esetben csak egy \u00e9g\u0151sorral feldobott darabok csod\u00e1latosan tudnak mutatni. Egy eleve t\u00falzs\u00fafolt lak\u00e1sban persze \u00e9rtelm\u00fcket veszten\u00e9k. De ezt a verzi\u00f3t j\u00f3 es\u00e9llyel t\u00e9nyleg csak a minimalizmus h\u00edvei keltik \u00e9letre.<\/span>\r\n\r\n<div id=\"attachment_7485\" style=\"width: 285px\" class=\"wp-caption alignnone\"><img loading=\"lazy\" decoding=\"async\" aria-describedby=\"caption-attachment-7485\" class=\"wp-image-7485 size-thumbnail\" src=\"https:\/\/hir.mediamarkt.hu\/magazin\/wp-content\/uploads\/2018\/12\/01a-275x413.jpg\" alt=\"\" width=\"275\" height=\"413\" srcset=\"https:\/\/hir.mediamarkt.hu\/magazin\/wp-content\/uploads\/2018\/12\/01a-275x413.jpg 275w, https:\/\/hir.mediamarkt.hu\/magazin\/wp-content\/uploads\/2018\/12\/01a-200x300.jpg 200w, https:\/\/hir.mediamarkt.hu\/magazin\/wp-content\/uploads\/2018\/12\/01a.jpg 564w\" sizes=\"(max-width: 275px) 100vw, 275px\" \/><p id=\"caption-attachment-7485\" class=\"wp-caption-text\">Forr\u00e1s: Pinterest<\/p><\/div>\r\n\r\n<div id=\"attachment_7486\" style=\"width: 285px\" class=\"wp-caption alignnone\"><img loading=\"lazy\" decoding=\"async\" aria-describedby=\"caption-attachment-7486\" class=\"wp-image-7486 size-thumbnail\" src=\"https:\/\/hir.mediamarkt.hu\/magazin\/wp-content\/uploads\/2018\/12\/01b-275x415.jpg\" alt=\"\" width=\"275\" height=\"415\" srcset=\"https:\/\/hir.mediamarkt.hu\/magazin\/wp-content\/uploads\/2018\/12\/01b-275x415.jpg 275w, https:\/\/hir.mediamarkt.hu\/magazin\/wp-content\/uploads\/2018\/12\/01b-199x300.jpg 199w, https:\/\/hir.mediamarkt.hu\/magazin\/wp-content\/uploads\/2018\/12\/01b.jpg 424w\" sizes=\"(max-width: 275px) 100vw, 275px\" \/><p id=\"caption-attachment-7486\" class=\"wp-caption-text\">Forr\u00e1s: Pinterest<\/p><\/div>\r\n\r\n<div id=\"attachment_7487\" style=\"width: 223px\" class=\"wp-caption alignnone\"><img loading=\"lazy\" decoding=\"async\" aria-describedby=\"caption-attachment-7487\" class=\"wp-image-7487 size-thumbnail\" src=\"https:\/\/hir.mediamarkt.hu\/magazin\/wp-content\/uploads\/2018\/12\/02-213x500.jpg\" alt=\"\" width=\"213\" height=\"500\" srcset=\"https:\/\/hir.mediamarkt.hu\/magazin\/wp-content\/uploads\/2018\/12\/02-213x500.jpg 213w, https:\/\/hir.mediamarkt.hu\/magazin\/wp-content\/uploads\/2018\/12\/02-128x300.jpg 128w, https:\/\/hir.mediamarkt.hu\/magazin\/wp-content\/uploads\/2018\/12\/02.jpg 273w\" sizes=\"(max-width: 213px) 100vw, 213px\" \/><p id=\"caption-attachment-7487\" class=\"wp-caption-text\">Forr\u00e1s: Pinterest<\/p><\/div>\r\n\r\n<img loading=\"lazy\" decoding=\"async\" class=\"alignnone size-large wp-image-7482\" src=\"https:\/\/hir.mediamarkt.hu\/magazin\/wp-content\/uploads\/2018\/12\/00-671x1024.jpeg\" alt=\"\" width=\"671\" height=\"1024\" srcset=\"https:\/\/hir.mediamarkt.hu\/magazin\/wp-content\/uploads\/2018\/12\/00-671x1024.jpeg 671w, https:\/\/hir.mediamarkt.hu\/magazin\/wp-content\/uploads\/2018\/12\/00-275x420.jpeg 275w, https:\/\/hir.mediamarkt.hu\/magazin\/wp-content\/uploads\/2018\/12\/00-197x300.jpeg 197w, https:\/\/hir.mediamarkt.hu\/magazin\/wp-content\/uploads\/2018\/12\/00-768x1172.jpeg 768w, https:\/\/hir.mediamarkt.hu\/magazin\/wp-content\/uploads\/2018\/12\/00.jpeg 983w\" sizes=\"(max-width: 671px) 100vw, 671px\" \/>\r\n\r\n&nbsp;\r\n<h2><strong>Ha \u00fagyis csak a helyet foglalja, dobd be a l\u00e9tra tr\u00fckk\u00f6t!<\/strong><\/h2>\r\n<span style=\"font-weight: 400;\">Az egyik legmen\u0151bb \u00e9s legjobban fel\u00f6lt\u00f6ztethet\u0151 darab! Sajnos n\u00e1lunk nincs a h\u00e1ztart\u00e1sban hatalmas, nyithat\u00f3 l\u00e9tra, \u00edgy ez eddig m\u00e9g kimaradt a sz\u00f3r\u00e1sb\u00f3l. De lehet, egyszer elk\u00e9rj\u00fck a szomsz\u00e9dok seg\u00e9deszk\u00f6z\u00e9t\u2026<\/span>\r\n\r\n<div id=\"attachment_7490\" style=\"width: 285px\" class=\"wp-caption alignnone\"><img loading=\"lazy\" decoding=\"async\" aria-describedby=\"caption-attachment-7490\" class=\"wp-image-7490 size-thumbnail\" src=\"https:\/\/hir.mediamarkt.hu\/magazin\/wp-content\/uploads\/2018\/12\/04a-275x413.jpg\" alt=\"\" width=\"275\" height=\"413\" srcset=\"https:\/\/hir.mediamarkt.hu\/magazin\/wp-content\/uploads\/2018\/12\/04a-275x413.jpg 275w, https:\/\/hir.mediamarkt.hu\/magazin\/wp-content\/uploads\/2018\/12\/04a-200x300.jpg 200w, https:\/\/hir.mediamarkt.hu\/magazin\/wp-content\/uploads\/2018\/12\/04a.jpg 564w\" sizes=\"(max-width: 275px) 100vw, 275px\" \/><p id=\"caption-attachment-7490\" class=\"wp-caption-text\">Forr\u00e1s: Pinterest<\/p><\/div>\r\n\r\n<div id=\"attachment_7489\" style=\"width: 310px\" class=\"wp-caption alignnone\"><img loading=\"lazy\" decoding=\"async\" aria-describedby=\"caption-attachment-7489\" class=\"wp-image-7489 size-full\" src=\"https:\/\/hir.mediamarkt.hu\/magazin\/wp-content\/uploads\/2018\/12\/04.jpg\" alt=\"\" width=\"300\" height=\"400\" srcset=\"https:\/\/hir.mediamarkt.hu\/magazin\/wp-content\/uploads\/2018\/12\/04.jpg 300w, https:\/\/hir.mediamarkt.hu\/magazin\/wp-content\/uploads\/2018\/12\/04-275x367.jpg 275w, https:\/\/hir.mediamarkt.hu\/magazin\/wp-content\/uploads\/2018\/12\/04-225x300.jpg 225w\" sizes=\"(max-width: 300px) 100vw, 300px\" \/><p id=\"caption-attachment-7489\" class=\"wp-caption-text\">Forr\u00e1s: Pinterest<\/p><\/div>\r\n<h2><\/h2>\r\n<h2><strong>Minden, ami z\u00f6ld vagy megtetszik!<\/strong><\/h2>\r\n<span style=\"font-weight: 400;\">K\u00f6nyvek, DVD-k, CD-k, LP-k, de ak\u00e1r a hivatalos okm\u00e1nyok, esetleg marad\u00e9k dobozok, l\u00e1d\u00e1k is alkothatj\u00e1k a \u201cmindent bele\u201d f\u00e1t. A l\u00e9nyeg: minden darab z\u00f6ld, vagy passzentos sz\u00edn\u0171 legyen. Ha m\u00e1r mindent \u00f6sszehalmoztunk, m\u00e9ret szerint cs\u00f6kkentve sz\u00e9p g\u00fal\u00e1ba emelhetj\u00fck a haszn\u00e1lati t\u00e1rgyainkat. Mondjuk olyasmit ne \u00e9p\u00edts\u00fcnk be a f\u00e1ba, ami az \u00fcnnepek alatt is kellhet.<\/span>\r\n\r\n<div id=\"attachment_7491\" style=\"width: 435px\" class=\"wp-caption alignnone\"><img loading=\"lazy\" decoding=\"async\" aria-describedby=\"caption-attachment-7491\" class=\"wp-image-7491 size-full\" src=\"https:\/\/hir.mediamarkt.hu\/magazin\/wp-content\/uploads\/2018\/12\/07.jpg\" alt=\"\" width=\"425\" height=\"600\" srcset=\"https:\/\/hir.mediamarkt.hu\/magazin\/wp-content\/uploads\/2018\/12\/07.jpg 425w, https:\/\/hir.mediamarkt.hu\/magazin\/wp-content\/uploads\/2018\/12\/07-275x388.jpg 275w, https:\/\/hir.mediamarkt.hu\/magazin\/wp-content\/uploads\/2018\/12\/07-213x300.jpg 213w\" sizes=\"(max-width: 425px) 100vw, 425px\" \/><p id=\"caption-attachment-7491\" class=\"wp-caption-text\">Forr\u00e1s: Pinterest<\/p><\/div>\r\n\r\n<div id=\"attachment_7492\" style=\"width: 285px\" class=\"wp-caption alignnone\"><img loading=\"lazy\" decoding=\"async\" aria-describedby=\"caption-attachment-7492\" class=\"wp-image-7492 size-thumbnail\" src=\"https:\/\/hir.mediamarkt.hu\/magazin\/wp-content\/uploads\/2018\/12\/07a-275x448.jpg\" alt=\"\" width=\"275\" height=\"448\" srcset=\"https:\/\/hir.mediamarkt.hu\/magazin\/wp-content\/uploads\/2018\/12\/07a-275x448.jpg 275w, https:\/\/hir.mediamarkt.hu\/magazin\/wp-content\/uploads\/2018\/12\/07a-184x300.jpg 184w, https:\/\/hir.mediamarkt.hu\/magazin\/wp-content\/uploads\/2018\/12\/07a.jpg 378w\" sizes=\"(max-width: 275px) 100vw, 275px\" \/><p id=\"caption-attachment-7492\" class=\"wp-caption-text\">Forr\u00e1s: Pinterest<\/p><\/div>\r\n<h2><\/h2>\r\n<h2><strong>N\u00e9h\u00e1ny \u00fct\u0151s \u00f6tlet a netr\u0151l, vegyesen<\/strong><\/h2>\r\n<span style=\"font-weight: 400;\">Az al\u00e1bbi k\u00e9pek mindegyike kiv\u00e1l\u00f3 inspir\u00e1ci\u00f3 lehet. Sajnos akad olyan verzi\u00f3, amihez el\u0151re fel kell k\u00e9sz\u00fclni. De h\u00e1t ha minden igaz, j\u00f6v\u0151re is lesz kar\u00e1csony&#8230;<\/span>\r\n\r\n<div id=\"attachment_7495\" style=\"width: 285px\" class=\"wp-caption alignnone\"><img loading=\"lazy\" decoding=\"async\" aria-describedby=\"caption-attachment-7495\" class=\"wp-image-7495 size-thumbnail\" src=\"https:\/\/hir.mediamarkt.hu\/magazin\/wp-content\/uploads\/2018\/12\/08b-275x367.jpg\" alt=\"\" width=\"275\" height=\"367\" srcset=\"https:\/\/hir.mediamarkt.hu\/magazin\/wp-content\/uploads\/2018\/12\/08b-275x367.jpg 275w, https:\/\/hir.mediamarkt.hu\/magazin\/wp-content\/uploads\/2018\/12\/08b-225x300.jpg 225w, https:\/\/hir.mediamarkt.hu\/magazin\/wp-content\/uploads\/2018\/12\/08b.jpg 564w\" sizes=\"(max-width: 275px) 100vw, 275px\" \/><p id=\"caption-attachment-7495\" class=\"wp-caption-text\">Forr\u00e1s: Pinterest<\/p><\/div>\r\n\r\n<div id=\"attachment_7493\" style=\"width: 360px\" class=\"wp-caption alignnone\"><img loading=\"lazy\" decoding=\"async\" aria-describedby=\"caption-attachment-7493\" class=\"wp-image-7493 size-full\" src=\"https:\/\/hir.mediamarkt.hu\/magazin\/wp-content\/uploads\/2018\/12\/08.jpg\" alt=\"\" width=\"350\" height=\"350\" srcset=\"https:\/\/hir.mediamarkt.hu\/magazin\/wp-content\/uploads\/2018\/12\/08.jpg 350w, https:\/\/hir.mediamarkt.hu\/magazin\/wp-content\/uploads\/2018\/12\/08-275x275.jpg 275w, https:\/\/hir.mediamarkt.hu\/magazin\/wp-content\/uploads\/2018\/12\/08-300x300.jpg 300w, https:\/\/hir.mediamarkt.hu\/magazin\/wp-content\/uploads\/2018\/12\/08-150x150.jpg 150w\" sizes=\"(max-width: 350px) 100vw, 350px\" \/><p id=\"caption-attachment-7493\" class=\"wp-caption-text\">Forr\u00e1s: Pinterest<\/p><\/div>\r\n\r\n<div id=\"attachment_7494\" style=\"width: 285px\" class=\"wp-caption alignnone\"><img loading=\"lazy\" decoding=\"async\" aria-describedby=\"caption-attachment-7494\" class=\"wp-image-7494 size-thumbnail\" src=\"https:\/\/hir.mediamarkt.hu\/magazin\/wp-content\/uploads\/2018\/12\/08a-275x367.jpg\" alt=\"\" width=\"275\" height=\"367\" srcset=\"https:\/\/hir.mediamarkt.hu\/magazin\/wp-content\/uploads\/2018\/12\/08a-275x367.jpg 275w, https:\/\/hir.mediamarkt.hu\/magazin\/wp-content\/uploads\/2018\/12\/08a-225x300.jpg 225w, https:\/\/hir.mediamarkt.hu\/magazin\/wp-content\/uploads\/2018\/12\/08a.jpg 564w\" sizes=\"(max-width: 275px) 100vw, 275px\" \/><p id=\"caption-attachment-7494\" class=\"wp-caption-text\">Forr\u00e1s: Pinterest<\/p><\/div>\r\n\r\n<div id=\"attachment_7496\" style=\"width: 285px\" class=\"wp-caption alignnone\"><img loading=\"lazy\" decoding=\"async\" aria-describedby=\"caption-attachment-7496\" class=\"wp-image-7496 size-thumbnail\" src=\"https:\/\/hir.mediamarkt.hu\/magazin\/wp-content\/uploads\/2018\/12\/08c-275x363.jpg\" alt=\"\" width=\"275\" height=\"363\" srcset=\"https:\/\/hir.mediamarkt.hu\/magazin\/wp-content\/uploads\/2018\/12\/08c-275x363.jpg 275w, https:\/\/hir.mediamarkt.hu\/magazin\/wp-content\/uploads\/2018\/12\/08c-227x300.jpg 227w, https:\/\/hir.mediamarkt.hu\/magazin\/wp-content\/uploads\/2018\/12\/08c.jpg 564w\" sizes=\"(max-width: 275px) 100vw, 275px\" \/><p id=\"caption-attachment-7496\" class=\"wp-caption-text\">Forr\u00e1s: Pinterest<\/p><\/div>\r\n\r\n<div id=\"attachment_7497\" style=\"width: 285px\" class=\"wp-caption alignnone\"><img loading=\"lazy\" decoding=\"async\" aria-describedby=\"caption-attachment-7497\" class=\"wp-image-7497 size-thumbnail\" src=\"https:\/\/hir.mediamarkt.hu\/magazin\/wp-content\/uploads\/2018\/12\/08d-275x421.jpg\" alt=\"\" width=\"275\" height=\"421\" srcset=\"https:\/\/hir.mediamarkt.hu\/magazin\/wp-content\/uploads\/2018\/12\/08d-275x421.jpg 275w, https:\/\/hir.mediamarkt.hu\/magazin\/wp-content\/uploads\/2018\/12\/08d-196x300.jpg 196w, https:\/\/hir.mediamarkt.hu\/magazin\/wp-content\/uploads\/2018\/12\/08d.jpg 564w\" sizes=\"(max-width: 275px) 100vw, 275px\" \/><p id=\"caption-attachment-7497\" class=\"wp-caption-text\">Forr\u00e1s: Pinterest<\/p><\/div>\r\n\r\n<div id=\"attachment_7498\" style=\"width: 285px\" class=\"wp-caption alignnone\"><img loading=\"lazy\" decoding=\"async\" aria-describedby=\"caption-attachment-7498\" class=\"wp-image-7498 size-thumbnail\" src=\"https:\/\/hir.mediamarkt.hu\/magazin\/wp-content\/uploads\/2018\/12\/08e-275x489.jpg\" alt=\"\" width=\"275\" height=\"489\" srcset=\"https:\/\/hir.mediamarkt.hu\/magazin\/wp-content\/uploads\/2018\/12\/08e-275x489.jpg 275w, https:\/\/hir.mediamarkt.hu\/magazin\/wp-content\/uploads\/2018\/12\/08e-169x300.jpg 169w, https:\/\/hir.mediamarkt.hu\/magazin\/wp-content\/uploads\/2018\/12\/08e.jpg 564w\" sizes=\"(max-width: 275px) 100vw, 275px\" \/><p id=\"caption-attachment-7498\" class=\"wp-caption-text\">Forr\u00e1s: Pinterest<\/p><\/div>\r\n\r\n&nbsp;\r\n<h2><strong>\u00c9s a saj\u00e1t term\u00e9s<\/strong><\/h2>\r\n&nbsp;\r\n\r\n<span style=\"font-weight: 400;\">A visszafogottabb &#8211; \u00e9s f\u0151k\u00e9nt szer\u00e9nyebben befot\u00f3zott &#8211; darabok minden \u00e9vben sikert arattak. \u00dagyhogy egy percig sem kell lesajn\u00e1lni a csal\u00e1dtagokat, minden \u00e9vben nagyon v\u00e1rj\u00e1k, mi lesz az idei \u0151r\u00fclet. \u00c9s mindig j\u00f3t r\u00f6h\u00f6g\u00fcnk az adott darabon. Ha a kar\u00e1csonyt stressz faktor, k\u00f6telez\u0151 fogyaszt\u00e1si \u0151r\u00fclet helyett, mint \u00f6r\u00f6mforr\u00e1st tekintj\u00fck, akkor v\u00e9g\u00fclis ezek a f\u00e1k el\u00e9rik a c\u00e9ljukat!<\/span>\r\n\r\n<div id=\"attachment_7500\" style=\"width: 650px\" class=\"wp-caption alignnone\"><img loading=\"lazy\" decoding=\"async\" aria-describedby=\"caption-attachment-7500\" class=\"wp-image-7500 size-full\" src=\"https:\/\/hir.mediamarkt.hu\/magazin\/wp-content\/uploads\/2018\/12\/11.jpg\" alt=\"\" width=\"640\" height=\"480\" srcset=\"https:\/\/hir.mediamarkt.hu\/magazin\/wp-content\/uploads\/2018\/12\/11.jpg 640w, https:\/\/hir.mediamarkt.hu\/magazin\/wp-content\/uploads\/2018\/12\/11-275x206.jpg 275w, https:\/\/hir.mediamarkt.hu\/magazin\/wp-content\/uploads\/2018\/12\/11-300x225.jpg 300w\" sizes=\"(max-width: 640px) 100vw, 640px\" \/><p id=\"caption-attachment-7500\" class=\"wp-caption-text\">2013: Aj\u00e1nd\u00e9kba kapott, k\u00e9nyszerb\u0151l kiv\u00e1gott fa. Annyira nagy volt, hogy csak fektetve f\u00e9rt be (nem, nem d\u0151lt el). \u00dagyhogy \u00edgy d\u00edsz\u00edtettem fel. Akkor kezd\u0151d\u00f6tt minden&#8230;<\/p><\/div>\r\n\r\n<div id=\"attachment_7501\" style=\"width: 285px\" class=\"wp-caption alignnone\"><img loading=\"lazy\" decoding=\"async\" aria-describedby=\"caption-attachment-7501\" class=\"wp-image-7501 size-thumbnail\" src=\"https:\/\/hir.mediamarkt.hu\/magazin\/wp-content\/uploads\/2018\/12\/12-275x367.jpg\" alt=\"\" width=\"275\" height=\"367\" srcset=\"https:\/\/hir.mediamarkt.hu\/magazin\/wp-content\/uploads\/2018\/12\/12-275x367.jpg 275w, https:\/\/hir.mediamarkt.hu\/magazin\/wp-content\/uploads\/2018\/12\/12-225x300.jpg 225w, https:\/\/hir.mediamarkt.hu\/magazin\/wp-content\/uploads\/2018\/12\/12.jpg 600w\" sizes=\"(max-width: 275px) 100vw, 275px\" \/><p id=\"caption-attachment-7501\" class=\"wp-caption-text\">2014: A z\u00f6ldre festett reszel\u0151, az\u00f3ta a f\u00fclbeval\u00f3k t\u00e1rhelye.<\/p><\/div>\r\n\r\n<div id=\"attachment_7502\" style=\"width: 285px\" class=\"wp-caption alignnone\"><img loading=\"lazy\" decoding=\"async\" aria-describedby=\"caption-attachment-7502\" class=\"wp-image-7502 size-thumbnail\" src=\"https:\/\/hir.mediamarkt.hu\/magazin\/wp-content\/uploads\/2018\/12\/13-275x407.jpg\" alt=\"\" width=\"275\" height=\"407\" srcset=\"https:\/\/hir.mediamarkt.hu\/magazin\/wp-content\/uploads\/2018\/12\/13-275x407.jpg 275w, https:\/\/hir.mediamarkt.hu\/magazin\/wp-content\/uploads\/2018\/12\/13-203x300.jpg 203w, https:\/\/hir.mediamarkt.hu\/magazin\/wp-content\/uploads\/2018\/12\/13.jpg 536w\" sizes=\"(max-width: 275px) 100vw, 275px\" \/><p id=\"caption-attachment-7502\" class=\"wp-caption-text\">2015: Z\u00f6ld mini gy\u0171jtem\u00e9ny cseh sz\u00f3t\u00e1rral, lengyel index-szel \u00e9s egy\u00e9b csod\u00e1kkal.<\/p><\/div>\r\n\r\n<div id=\"attachment_7505\" style=\"width: 285px\" class=\"wp-caption alignnone\"><img loading=\"lazy\" decoding=\"async\" aria-describedby=\"caption-attachment-7505\" class=\"wp-image-7505 size-thumbnail\" src=\"https:\/\/hir.mediamarkt.hu\/magazin\/wp-content\/uploads\/2018\/12\/13a-275x185.jpg\" alt=\"\" width=\"275\" height=\"185\" srcset=\"https:\/\/hir.mediamarkt.hu\/magazin\/wp-content\/uploads\/2018\/12\/13a-275x185.jpg 275w, https:\/\/hir.mediamarkt.hu\/magazin\/wp-content\/uploads\/2018\/12\/13a-300x202.jpg 300w, https:\/\/hir.mediamarkt.hu\/magazin\/wp-content\/uploads\/2018\/12\/13a.jpg 400w\" sizes=\"(max-width: 275px) 100vw, 275px\" \/><p id=\"caption-attachment-7505\" class=\"wp-caption-text\">2016: A b\u00e9rh\u00e1z udvar\u00e1n \u00e1ll\u00f3 f\u00e1t a kar\u00e1csonyi muri programjak\u00e9nt k\u00f6z\u00f6sen d\u00edsz\u00edtett\u00fck fel. A f\u00e1t id\u00e9n tavasszal valaki \u00f6nk\u00e9nyesen kiv\u00e1gta, a hely\u00e9re egy m\u0171anyag cs\u00faszda ker\u00fclt. Az udvar nagyj\u00e1b\u00f3l 10x akkora, mint a k\u00e9pen l\u00e1that\u00f3 szelet. Lett volna hely a gyerekeknek m\u00e1shol is&#8230;<\/p><\/div>\r\n\r\n<div id=\"attachment_7503\" style=\"width: 526px\" class=\"wp-caption alignnone\"><img loading=\"lazy\" decoding=\"async\" aria-describedby=\"caption-attachment-7503\" class=\"wp-image-7503 size-full\" src=\"https:\/\/hir.mediamarkt.hu\/magazin\/wp-content\/uploads\/2018\/12\/14.jpg\" alt=\"\" width=\"516\" height=\"918\" srcset=\"https:\/\/hir.mediamarkt.hu\/magazin\/wp-content\/uploads\/2018\/12\/14.jpg 516w, https:\/\/hir.mediamarkt.hu\/magazin\/wp-content\/uploads\/2018\/12\/14-275x489.jpg 275w, https:\/\/hir.mediamarkt.hu\/magazin\/wp-content\/uploads\/2018\/12\/14-169x300.jpg 169w\" sizes=\"(max-width: 516px) 100vw, 516px\" \/><p id=\"caption-attachment-7503\" class=\"wp-caption-text\">2017: L\u00e1bt\u00f6rl\u0151 kar\u00e1csonyfa. A d\u00edszek (melyek az akkori Magyar Filmh\u00e9t programf\u00fczet\u00e9b\u0151l k\u00e9sz\u00fcltek) h\u00e1tulj\u00e1ra az \u00e9v pozit\u00edv eml\u00e9keit kellett az \u00f6sszegy\u0171lteknek felv\u00e9sni\u00fck. Az \u00fcnnepek ut\u00e1n az \u00faj l\u00e1bt\u00f6rl\u0151 munk\u00e1ba \u00e1llt. M\u00e1r el\u00e9gg\u00e9 sz\u00fcks\u00e9g volt r\u00e1, a r\u00e9gi r\u00e9mes \u00e1llapotban volt a k\u00f6zel 30 \u00e9v haszn\u00e1lat ut\u00e1n.<\/p><\/div>\r\n\r\n<img loading=\"lazy\" decoding=\"async\" class=\"alignnone size-full wp-image-7504\" src=\"https:\/\/hir.mediamarkt.hu\/magazin\/wp-content\/uploads\/2018\/12\/14a.jpg\" alt=\"\" width=\"516\" height=\"918\" srcset=\"https:\/\/hir.mediamarkt.hu\/magazin\/wp-content\/uploads\/2018\/12\/14a.jpg 516w, https:\/\/hir.mediamarkt.hu\/magazin\/wp-content\/uploads\/2018\/12\/14a-275x489.jpg 275w, https:\/\/hir.mediamarkt.hu\/magazin\/wp-content\/uploads\/2018\/12\/14a-169x300.jpg 169w\" sizes=\"(max-width: 516px) 100vw, 516px\" \/>\r\n<h2><\/h2>\r\n<h2><strong>Tov\u00e1bbi inspir\u00e1ci\u00f3k a <a href=\"https:\/\/hu.pinterest.com\/thehandmadefair\/alternative-christmas-trees\/?lp=true\">Pinterest<\/a> oldal\u00e1n \u00e9s a saj\u00e1t fejekben! A f\u00e1k kivitelez\u00e9s\u00e9hez haszn\u00e1lhat\u00f3 szersz\u00e1mok \u00e9s kieg\u00e9sz\u00edt\u0151k pedig m\u00e9g el\u00e9rhet\u0151ek a MediaMarkt polcain, t\u00f6bbek k\u00f6z\u00f6tt a <a href=\"https:\/\/www.mediamarkt.hu\/hu\/category\/_bark%C3%A1cs-kert-676049.html\">Bark\u00e1cs<\/a>\u00a0\u00e9s az <a href=\"https:\/\/www.mediamarkt.hu\/hu\/category\/_otthon-szabadid%C5%91-675526.html\">Otthon &amp; Szabadid\u0151<\/a> szekci\u00f3ban!<\/strong><\/h2>","protected":false},"excerpt":{"rendered":"P\u00e1r \u00e9ves hagyom\u00e1ny a h\u00e1ztart\u00e1somban, hogy feny\u0151 helyett valami m\u00e1s helyettes\u00edtse a kar\u00e1csonyf\u00e1t. Mivel nincs gyerek otthon, \u00edgy marad az \u00f6nfeledt agyal\u00e1s \u00e9s alkot\u00e1s, nem s\u00e9r\u00fcl senki \u201clelke\u201d, csak mert nincs gyanta illat. \u00c9s hogy mi nincs m\u00e9g? Egy f\u00e1j\u00f3an magas \u00f6sszeg kiad\u00e1sa, harc a fa \u00e1rusokkal \u00e9s vev\u0151kkel, fa dugdos\u00e1s, irrit\u00e1l\u00f3 t\u00f6rzs farag\u00e1s, t\u0171lev\u00e9l halmok a sz\u0151nyegen \u00e9s a l\u00e9pcs\u0151h\u00e1zban, na meg a p\u00e1r napig (esetleg h\u00e9tig) szolg\u00e1l\u00f3 \u00e9l\u0151l\u00e9ny \u201chull\u00e1j\u00e1nak\u201d kivonszol\u00e1sa az utc\u00e1ra. Egysz\u00f3val: az \u00e9let egyszer\u0171bb lett feny\u0151 n\u00e9lk\u00fcl. K\u00e9rd\u00e9s, vajon lehet-e igaz\u00e1n \u00fcnnepi a hangulat \u00edgy is?","protected":false},"author":13,"featured_media":7505,"comment_status":"open","ping_status":"open","sticky":false,"template":"","format":"standard","meta":{"wprm-recipe-roundup-name":"","wprm-recipe-roundup-description":"","footnotes":""},"categories":[5967],"tags":[3000,616,2200,2657,706,2180,2146,514,260,51,2964,2644,54,2127,2173,430,2781,2499,1839,1840,846,523,2281],"yoast_head":"<!-- This site is optimized with the Yoast SEO plugin v22.9 - https:\/\/yoast.com\/wordpress\/plugins\/seo\/ -->\n<title>Ha csin\u00e1ln\u00e1d \u00e9s nem venn\u00e9d: DIY kar\u00e1csonyf\u00e1k kreat\u00edv elm\u00e9knek, szinte ingyen! - MediaMarkt Magazin<\/title>\n<meta name=\"description\" content=\"Unod az egyen, kommersz kar\u00e1csonyf\u00e1kat? Szeretn\u00e9l valami egy\u00e9nivel \u00e9s olcs\u00f3val el\u0151rukkolni? Elhoztuk neked az \u00e9v legjobb \u00f6tleteit! Kar\u00e1csonyf\u00e1ra fel!\" \/>\n<meta name=\"robots\" content=\"index, follow, max-snippet:-1, max-image-preview:large, max-video-preview:-1\" \/>\n<link rel=\"canonical\" href=\"https:\/\/hir.mediamarkt.hu\/magazin\/ha-csinalnad-es-nem-venned-diy-karacsonyfak-kreativ-elmeknek-szinte-ingyen\/\" \/>\n<meta property=\"og:locale\" content=\"hu_HU\" \/>\n<meta property=\"og:type\" content=\"article\" \/>\n<meta property=\"og:title\" content=\"Ha csin\u00e1ln\u00e1d \u00e9s nem venn\u00e9d: DIY kar\u00e1csonyf\u00e1k kreat\u00edv elm\u00e9knek, szinte ingyen! - MediaMarkt Magazin\" \/>\n<meta property=\"og:description\" content=\"Unod az egyen, kommersz kar\u00e1csonyf\u00e1kat? Szeretn\u00e9l valami egy\u00e9nivel \u00e9s olcs\u00f3val el\u0151rukkolni? Elhoztuk neked az \u00e9v legjobb \u00f6tleteit! Kar\u00e1csonyf\u00e1ra fel!\" \/>\n<meta property=\"og:url\" content=\"https:\/\/hir.mediamarkt.hu\/magazin\/ha-csinalnad-es-nem-venned-diy-karacsonyfak-kreativ-elmeknek-szinte-ingyen\/\" \/>\n<meta property=\"og:site_name\" content=\"MediaMarkt Magazin\" \/>\n<meta property=\"article:publisher\" content=\"https:\/\/www.facebook.com\/MediaMarktMagyarorszag\" \/>\n<meta property=\"article:published_time\" content=\"2018-12-17T16:06:08+00:00\" \/>\n<meta property=\"article:modified_time\" content=\"2018-12-17T16:06:45+00:00\" \/>\n<meta property=\"og:image\" content=\"https:\/\/hir.mediamarkt.hu\/magazin\/wp-content\/uploads\/2018\/12\/13a.jpg\" \/>\n\t<meta property=\"og:image:width\" content=\"400\" \/>\n\t<meta property=\"og:image:height\" content=\"269\" \/>\n\t<meta property=\"og:image:type\" content=\"image\/jpeg\" \/>\n<meta name=\"author\" content=\"Media Markt\" \/>\n<meta name=\"twitter:label1\" content=\"Szerz\u0151:\" \/>\n\t<meta name=\"twitter:data1\" content=\"Media Markt\" \/>\n\t<meta name=\"twitter:label2\" content=\"Becs\u00fclt olvas\u00e1si id\u0151\" \/>\n\t<meta name=\"twitter:data2\" content=\"6 perc\" \/>\n<script type=\"application\/ld+json\" class=\"yoast-schema-graph\">{\"@context\":\"https:\/\/schema.org\",\"@graph\":[{\"@type\":\"WebPage\",\"@id\":\"https:\/\/hir.mediamarkt.hu\/magazin\/ha-csinalnad-es-nem-venned-diy-karacsonyfak-kreativ-elmeknek-szinte-ingyen\/\",\"url\":\"https:\/\/hir.mediamarkt.hu\/magazin\/ha-csinalnad-es-nem-venned-diy-karacsonyfak-kreativ-elmeknek-szinte-ingyen\/\",\"name\":\"Ha csin\u00e1ln\u00e1d \u00e9s nem venn\u00e9d: DIY kar\u00e1csonyf\u00e1k kreat\u00edv elm\u00e9knek, szinte ingyen! - MediaMarkt Magazin\",\"isPartOf\":{\"@id\":\"https:\/\/hir.mediamarkt.hu\/magazin\/#website\"},\"primaryImageOfPage\":{\"@id\":\"https:\/\/hir.mediamarkt.hu\/magazin\/ha-csinalnad-es-nem-venned-diy-karacsonyfak-kreativ-elmeknek-szinte-ingyen\/#primaryimage\"},\"image\":{\"@id\":\"https:\/\/hir.mediamarkt.hu\/magazin\/ha-csinalnad-es-nem-venned-diy-karacsonyfak-kreativ-elmeknek-szinte-ingyen\/#primaryimage\"},\"thumbnailUrl\":\"https:\/\/hir.mediamarkt.hu\/magazin\/wp-content\/uploads\/2018\/12\/13a.jpg\",\"datePublished\":\"2018-12-17T16:06:08+00:00\",\"dateModified\":\"2018-12-17T16:06:45+00:00\",\"author\":{\"@id\":\"https:\/\/hir.mediamarkt.hu\/magazin\/#\/schema\/person\/b93b02ec1ab4d2353f8d281e171c1b0b\"},\"description\":\"Unod az egyen, kommersz kar\u00e1csonyf\u00e1kat? Szeretn\u00e9l valami egy\u00e9nivel \u00e9s olcs\u00f3val el\u0151rukkolni? Elhoztuk neked az \u00e9v legjobb \u00f6tleteit! Kar\u00e1csonyf\u00e1ra fel!\",\"breadcrumb\":{\"@id\":\"https:\/\/hir.mediamarkt.hu\/magazin\/ha-csinalnad-es-nem-venned-diy-karacsonyfak-kreativ-elmeknek-szinte-ingyen\/#breadcrumb\"},\"inLanguage\":\"hu\",\"potentialAction\":[{\"@type\":\"ReadAction\",\"target\":[\"https:\/\/hir.mediamarkt.hu\/magazin\/ha-csinalnad-es-nem-venned-diy-karacsonyfak-kreativ-elmeknek-szinte-ingyen\/\"]}]},{\"@type\":\"ImageObject\",\"inLanguage\":\"hu\",\"@id\":\"https:\/\/hir.mediamarkt.hu\/magazin\/ha-csinalnad-es-nem-venned-diy-karacsonyfak-kreativ-elmeknek-szinte-ingyen\/#primaryimage\",\"url\":\"https:\/\/hir.mediamarkt.hu\/magazin\/wp-content\/uploads\/2018\/12\/13a.jpg\",\"contentUrl\":\"https:\/\/hir.mediamarkt.hu\/magazin\/wp-content\/uploads\/2018\/12\/13a.jpg\",\"width\":400,\"height\":269},{\"@type\":\"BreadcrumbList\",\"@id\":\"https:\/\/hir.mediamarkt.hu\/magazin\/ha-csinalnad-es-nem-venned-diy-karacsonyfak-kreativ-elmeknek-szinte-ingyen\/#breadcrumb\",\"itemListElement\":[{\"@type\":\"ListItem\",\"position\":1,\"name\":\"Kezd\u0151lap\",\"item\":\"https:\/\/hir.mediamarkt.hu\/magazin\/\"},{\"@type\":\"ListItem\",\"position\":2,\"name\":\"Ha csin\u00e1ln\u00e1d \u00e9s nem venn\u00e9d: DIY kar\u00e1csonyf\u00e1k kreat\u00edv elm\u00e9knek, szinte ingyen!\"}]},{\"@type\":\"WebSite\",\"@id\":\"https:\/\/hir.mediamarkt.hu\/magazin\/#website\",\"url\":\"https:\/\/hir.mediamarkt.hu\/magazin\/\",\"name\":\"MediaMarkt Magazin\",\"description\":\"Olvass bele magazinunkba!\",\"potentialAction\":[{\"@type\":\"SearchAction\",\"target\":{\"@type\":\"EntryPoint\",\"urlTemplate\":\"https:\/\/hir.mediamarkt.hu\/magazin\/?s={search_term_string}\"},\"query-input\":\"required name=search_term_string\"}],\"inLanguage\":\"hu\"},{\"@type\":\"Person\",\"@id\":\"https:\/\/hir.mediamarkt.hu\/magazin\/#\/schema\/person\/b93b02ec1ab4d2353f8d281e171c1b0b\",\"name\":\"Media Markt\",\"image\":{\"@type\":\"ImageObject\",\"inLanguage\":\"hu\",\"@id\":\"https:\/\/hir.mediamarkt.hu\/magazin\/#\/schema\/person\/image\/\",\"url\":\"https:\/\/secure.gravatar.com\/avatar\/602bccae8998beee472d01909f0978f1?s=96&d=mm&r=g\",\"contentUrl\":\"https:\/\/secure.gravatar.com\/avatar\/602bccae8998beee472d01909f0978f1?s=96&d=mm&r=g\",\"caption\":\"Media Markt\"}}]}<\/script>\n<!-- \/ Yoast SEO plugin. -->","yoast_head_json":{"title":"Ha csin\u00e1ln\u00e1d \u00e9s nem venn\u00e9d: DIY kar\u00e1csonyf\u00e1k kreat\u00edv elm\u00e9knek, szinte ingyen! - MediaMarkt Magazin","description":"Unod az egyen, kommersz kar\u00e1csonyf\u00e1kat? Szeretn\u00e9l valami egy\u00e9nivel \u00e9s olcs\u00f3val el\u0151rukkolni? Elhoztuk neked az \u00e9v legjobb \u00f6tleteit! Kar\u00e1csonyf\u00e1ra fel!","robots":{"index":"index","follow":"follow","max-snippet":"max-snippet:-1","max-image-preview":"max-image-preview:large","max-video-preview":"max-video-preview:-1"},"canonical":"https:\/\/hir.mediamarkt.hu\/magazin\/ha-csinalnad-es-nem-venned-diy-karacsonyfak-kreativ-elmeknek-szinte-ingyen\/","og_locale":"hu_HU","og_type":"article","og_title":"Ha csin\u00e1ln\u00e1d \u00e9s nem venn\u00e9d: DIY kar\u00e1csonyf\u00e1k kreat\u00edv elm\u00e9knek, szinte ingyen! - MediaMarkt Magazin","og_description":"Unod az egyen, kommersz kar\u00e1csonyf\u00e1kat? Szeretn\u00e9l valami egy\u00e9nivel \u00e9s olcs\u00f3val el\u0151rukkolni? Elhoztuk neked az \u00e9v legjobb \u00f6tleteit! Kar\u00e1csonyf\u00e1ra fel!","og_url":"https:\/\/hir.mediamarkt.hu\/magazin\/ha-csinalnad-es-nem-venned-diy-karacsonyfak-kreativ-elmeknek-szinte-ingyen\/","og_site_name":"MediaMarkt Magazin","article_publisher":"https:\/\/www.facebook.com\/MediaMarktMagyarorszag","article_published_time":"2018-12-17T16:06:08+00:00","article_modified_time":"2018-12-17T16:06:45+00:00","og_image":[{"width":400,"height":269,"url":"https:\/\/hir.mediamarkt.hu\/magazin\/wp-content\/uploads\/2018\/12\/13a.jpg","type":"image\/jpeg"}],"author":"Media Markt","twitter_misc":{"Szerz\u0151:":"Media Markt","Becs\u00fclt olvas\u00e1si id\u0151":"6 perc"},"schema":{"@context":"https:\/\/schema.org","@graph":[{"@type":"WebPage","@id":"https:\/\/hir.mediamarkt.hu\/magazin\/ha-csinalnad-es-nem-venned-diy-karacsonyfak-kreativ-elmeknek-szinte-ingyen\/","url":"https:\/\/hir.mediamarkt.hu\/magazin\/ha-csinalnad-es-nem-venned-diy-karacsonyfak-kreativ-elmeknek-szinte-ingyen\/","name":"Ha csin\u00e1ln\u00e1d \u00e9s nem venn\u00e9d: DIY kar\u00e1csonyf\u00e1k kreat\u00edv elm\u00e9knek, szinte ingyen! - MediaMarkt Magazin","isPartOf":{"@id":"https:\/\/hir.mediamarkt.hu\/magazin\/#website"},"primaryImageOfPage":{"@id":"https:\/\/hir.mediamarkt.hu\/magazin\/ha-csinalnad-es-nem-venned-diy-karacsonyfak-kreativ-elmeknek-szinte-ingyen\/#primaryimage"},"image":{"@id":"https:\/\/hir.mediamarkt.hu\/magazin\/ha-csinalnad-es-nem-venned-diy-karacsonyfak-kreativ-elmeknek-szinte-ingyen\/#primaryimage"},"thumbnailUrl":"https:\/\/hir.mediamarkt.hu\/magazin\/wp-content\/uploads\/2018\/12\/13a.jpg","datePublished":"2018-12-17T16:06:08+00:00","dateModified":"2018-12-17T16:06:45+00:00","author":{"@id":"https:\/\/hir.mediamarkt.hu\/magazin\/#\/schema\/person\/b93b02ec1ab4d2353f8d281e171c1b0b"},"description":"Unod az egyen, kommersz kar\u00e1csonyf\u00e1kat? Szeretn\u00e9l valami egy\u00e9nivel \u00e9s olcs\u00f3val el\u0151rukkolni? Elhoztuk neked az \u00e9v legjobb \u00f6tleteit! Kar\u00e1csonyf\u00e1ra fel!","breadcrumb":{"@id":"https:\/\/hir.mediamarkt.hu\/magazin\/ha-csinalnad-es-nem-venned-diy-karacsonyfak-kreativ-elmeknek-szinte-ingyen\/#breadcrumb"},"inLanguage":"hu","potentialAction":[{"@type":"ReadAction","target":["https:\/\/hir.mediamarkt.hu\/magazin\/ha-csinalnad-es-nem-venned-diy-karacsonyfak-kreativ-elmeknek-szinte-ingyen\/"]}]},{"@type":"ImageObject","inLanguage":"hu","@id":"https:\/\/hir.mediamarkt.hu\/magazin\/ha-csinalnad-es-nem-venned-diy-karacsonyfak-kreativ-elmeknek-szinte-ingyen\/#primaryimage","url":"https:\/\/hir.mediamarkt.hu\/magazin\/wp-content\/uploads\/2018\/12\/13a.jpg","contentUrl":"https:\/\/hir.mediamarkt.hu\/magazin\/wp-content\/uploads\/2018\/12\/13a.jpg","width":400,"height":269},{"@type":"BreadcrumbList","@id":"https:\/\/hir.mediamarkt.hu\/magazin\/ha-csinalnad-es-nem-venned-diy-karacsonyfak-kreativ-elmeknek-szinte-ingyen\/#breadcrumb","itemListElement":[{"@type":"ListItem","position":1,"name":"Kezd\u0151lap","item":"https:\/\/hir.mediamarkt.hu\/magazin\/"},{"@type":"ListItem","position":2,"name":"Ha csin\u00e1ln\u00e1d \u00e9s nem venn\u00e9d: DIY kar\u00e1csonyf\u00e1k kreat\u00edv elm\u00e9knek, szinte ingyen!"}]},{"@type":"WebSite","@id":"https:\/\/hir.mediamarkt.hu\/magazin\/#website","url":"https:\/\/hir.mediamarkt.hu\/magazin\/","name":"MediaMarkt Magazin","description":"Olvass bele magazinunkba!","potentialAction":[{"@type":"SearchAction","target":{"@type":"EntryPoint","urlTemplate":"https:\/\/hir.mediamarkt.hu\/magazin\/?s={search_term_string}"},"query-input":"required name=search_term_string"}],"inLanguage":"hu"},{"@type":"Person","@id":"https:\/\/hir.mediamarkt.hu\/magazin\/#\/schema\/person\/b93b02ec1ab4d2353f8d281e171c1b0b","name":"Media Markt","image":{"@type":"ImageObject","inLanguage":"hu","@id":"https:\/\/hir.mediamarkt.hu\/magazin\/#\/schema\/person\/image\/","url":"https:\/\/secure.gravatar.com\/avatar\/602bccae8998beee472d01909f0978f1?s=96&d=mm&r=g","contentUrl":"https:\/\/secure.gravatar.com\/avatar\/602bccae8998beee472d01909f0978f1?s=96&d=mm&r=g","caption":"Media Markt"}}]}},"_links":{"self":[{"href":"https:\/\/hir.mediamarkt.hu\/magazin\/wp-json\/wp\/v2\/posts\/7478"}],"collection":[{"href":"https:\/\/hir.mediamarkt.hu\/magazin\/wp-json\/wp\/v2\/posts"}],"about":[{"href":"https:\/\/hir.mediamarkt.hu\/magazin\/wp-json\/wp\/v2\/types\/post"}],"author":[{"embeddable":true,"href":"https:\/\/hir.mediamarkt.hu\/magazin\/wp-json\/wp\/v2\/users\/13"}],"replies":[{"embeddable":true,"href":"https:\/\/hir.mediamarkt.hu\/magazin\/wp-json\/wp\/v2\/comments?post=7478"}],"version-history":[{"count":2,"href":"https:\/\/hir.mediamarkt.hu\/magazin\/wp-json\/wp\/v2\/posts\/7478\/revisions"}],"predecessor-version":[{"id":7508,"href":"https:\/\/hir.mediamarkt.hu\/magazin\/wp-json\/wp\/v2\/posts\/7478\/revisions\/7508"}],"wp:featuredmedia":[{"embeddable":true,"href":"https:\/\/hir.mediamarkt.hu\/magazin\/wp-json\/wp\/v2\/media\/7505"}],"wp:attachment":[{"href":"https:\/\/hir.mediamarkt.hu\/magazin\/wp-json\/wp\/v2\/media?parent=7478"}],"wp:term":[{"taxonomy":"category","embeddable":true,"href":"https:\/\/hir.mediamarkt.hu\/magazin\/wp-json\/wp\/v2\/categories?post=7478"},{"taxonomy":"post_tag","embeddable":true,"href":"https:\/\/hir.mediamarkt.hu\/magazin\/wp-json\/wp\/v2\/tags?post=7478"}],"curies":[{"name":"wp","href":"https:\/\/api.w.org\/{rel}","templated":true}]}}