{"id":7509,"date":"2018-12-18T08:00:12","date_gmt":"2018-12-18T07:00:12","guid":{"rendered":"http:\/\/hir.mediamarkt.hu\/magazin\/?p=7509"},"modified":"2018-12-21T11:15:25","modified_gmt":"2018-12-21T10:15:25","slug":"szingli-karacsony-unnepi-film-mozi-buli","status":"publish","type":"post","link":"https:\/\/hir.mediamarkt.hu\/magazin\/szingli-karacsony-unnepi-film-mozi-buli\/","title":{"rendered":"Egyed\u00fcl kar\u00e1csonyozol? Sebaj! Itt vannak a megfelel\u0151 filmek az \u00fcnnepi alkalomra!"},"content":{"rendered":"<strong>Zokogni v\u00e1gysz? Esetleg pont, hogy kir\u00f6h\u00f6gn\u00e9d magadb\u00f3l a stresszt? Alapvet\u0151en teljesen j\u00f3l vagy, de a t\u00e1rsadalom bel\u00e9d besz\u00e9lte, hogy szinglik\u00e9nt ilyenkor szenvedned kell? Kirep\u00fcltek a gyerekek \u00e9s r\u00e1d\u00f6bbent\u00e9l, hogy teljes csend honol a lak\u00e1sban? Semmi gond. Mindenre van megold\u00e1s. Ez\u00fattal 2D-ben.\u00a0De ha bar\u00e1tokkal, vagy csal\u00e1ddal kar\u00e1csonyozol, akkor sem fogod megb\u00e1nni, ha megn\u00e9zed ezeket a filmeket. Egy teljesen komolytalan aj\u00e1nl\u00f3, Szentest\u00e9re!<\/strong><!--more-->\r\n\r\n&nbsp;\r\n<h2><b>V\u00e1lassz zs\u00e1nert!<\/b><\/h2>\r\n<span style=\"font-weight: 400;\">Az egyed\u00fcl kar\u00e1csonyoz\u00f3k alapvet\u0151en k\u00e9t t\u00edpusra oszthat\u00f3ak: akik megszenvedik a mag\u00e1nyt \u00e9s akik \u00fagy tesznek, mintha minden rendben lenne, de az\u00e9rt kicsit kapar a torkuk estefel\u00e9. Az ut\u00f3bbi t\u00edpus kapcs\u00e1n minden tisztelet a megfesz\u00edtett akar\u00e1s\u00e9rt, hogy az \u00e9v egy\u00e9bk\u00e9nt val\u00f3j\u00e1ban a t\u00f6bbit\u0151l semmiben sem k\u00fcl\u00f6nb\u00f6z\u0151 napj\u00e1n megpr\u00f3b\u00e1lj\u00e1k j\u00f3l \u00e9rezni magukat. P\u00e1r \u00e9ve \u00e9n is \u00e1testem ezen az \u00e9lm\u00e9nyen \u00e9s v\u00e9g\u00fcl teljesen j\u00f3l s\u00fclt el a kar\u00e1csony este. Ehhez az is kellett, hogy ha m\u00e1r m\u00e1s nem tette meg, gondosan kiv\u00e1lasztottam magam sz\u00e1m\u00e1ra a legmegfelel\u0151bb aj\u00e1nd\u00e9kot. Majd \u00fcnnep\u00e9lyes keretek k\u00f6z\u00f6tt \u00e1t is adtam magamnak Szenteste. \u00d6r\u00fcltem is, mint majom a fark\u00e1nak \u00e9s t\u00e9nyleg csak egy eg\u00e9szen kicsit voltam spicces a szint\u00e9n \u00f6nj\u00e1r\u00f3an v\u00e1s\u00e1rolt kedvenc feh\u00e9rbort\u00f3l. <\/span>\r\n\r\n<span style=\"font-weight: 400;\">Ak\u00e1rhogy is, az egyed\u00fcl \u00fcnnepl\u0151k vagy ki\u00fctik magukat \u00e9s ink\u00e1bb \u00e1talussz\u00e1k az omin\u00f3zus december 24-\u00e9t, vagy megpr\u00f3b\u00e1lj\u00e1k n\u00e9mi priv\u00e1t party keret\u00e9n bel\u00fcl, \u00fcnnep\u00e9lyesen elt\u00f6lteni azt a p\u00e1r, k\u00fcl\u00f6n\u00f6s er\u0151vel b\u00edr\u00f3 \u00f3r\u00e1t. Ennek k\u00e9t m\u00f3dj\u00e1t v\u00e1laszthatjuk: <\/span>\r\n<blockquote><span style=\"font-weight: 400;\">megn\u00e9zhetj\u00fck az Igaz\u00e1b\u00f3l szerelmet\u00a0<\/span><span style=\"font-weight: 400;\">vagy v\u00e1laszthatunk egy m\u00e1sik, t\u00e9m\u00e1ba v\u00e1g\u00f3 mozit, amit\u0151l nem kapunk azonnal h\u00e1nyingert, mint a fenti, un\u00e1sig ismert verzi\u00f3t\u00f3l<\/span><\/blockquote>\r\n<img loading=\"lazy\" decoding=\"async\" class=\"alignnone size-full wp-image-7521\" src=\"https:\/\/hir.mediamarkt.hu\/magazin\/wp-content\/uploads\/2018\/12\/03-1.jpeg\" alt=\"\" width=\"940\" height=\"627\" srcset=\"https:\/\/hir.mediamarkt.hu\/magazin\/wp-content\/uploads\/2018\/12\/03-1.jpeg 940w, https:\/\/hir.mediamarkt.hu\/magazin\/wp-content\/uploads\/2018\/12\/03-1-275x183.jpeg 275w, https:\/\/hir.mediamarkt.hu\/magazin\/wp-content\/uploads\/2018\/12\/03-1-300x200.jpeg 300w, https:\/\/hir.mediamarkt.hu\/magazin\/wp-content\/uploads\/2018\/12\/03-1-768x512.jpeg 768w\" sizes=\"(max-width: 940px) 100vw, 940px\" \/>\r\n\r\n&nbsp;\r\n\r\n<span style=\"font-weight: 400;\">M\u00edg a 90-es \u00e9vekben a Reszkessetek bet\u00f6r\u0151k! t\u00f6lt\u00f6tte be a f\u00e1jdalmas, folyton ism\u00e9telt kar\u00e1csonyi film szerep\u00e9t, 2003 \u00f3ta a sok sz\u00e1lon fut\u00f3 romantikus mozi\u00e9 ez a (meg\u00e9rdemelten) h\u00e1l\u00e1tlan szerep. Mit \u00e9rdemes n\u00e9zni, ha nem akarunk ekkora \u00f6ng\u00f3lt r\u00fagni? Els\u0151 k\u00f6rben d\u00f6nts\u00fck el a m\u0171fajt: <\/span>\r\n<ul>\r\n \t<li style=\"font-weight: 400;\">\r\n<blockquote><b>horror<\/b><span style=\"font-weight: 400;\">, ami ut\u00e1n minden jobbnak t\u0171nik<\/span><\/blockquote>\r\n<\/li>\r\n \t<li style=\"font-weight: 400;\">\r\n<blockquote><span style=\"font-weight: 400;\">s\u00edr\u00f3s, a f\u0151h\u0151s hal\u00e1l\u00e1val v\u00e9gz\u0151d\u0151 <\/span><b>dr\u00e1ma<\/b><span style=\"font-weight: 400;\">, ami ut\u00e1n szint\u00e9n minden jobbnak t\u0171nik<\/span><\/blockquote>\r\n<\/li>\r\n \t<li style=\"font-weight: 400;\">\r\n<blockquote><span style=\"font-weight: 400;\">egy elk\u00e9peszt\u0151en sek\u00e9lyes <\/span><b>akci\u00f3film<\/b><span style=\"font-weight: 400;\">, ami \u00f3r\u00e1kra lek\u00f6t az effektekkel (ezt pr\u00f3b\u00e1ltam, egy szak\u00edt\u00e1s ut\u00e1ni k\u00e9ts\u00e9gbees\u00e9sn\u00e9l egyszer kiv\u00e1l\u00f3an bev\u00e1lt)<\/span><\/blockquote>\r\n<\/li>\r\n \t<li style=\"font-weight: 400;\">\r\n<blockquote><span style=\"font-weight: 400;\">egy egetrenget\u0151en sz\u00f3rakoztat\u00f3, esetleg egy kiss\u00e9 alp\u00e1ri <\/span><b>v\u00edgj\u00e1t\u00e9k<\/b><span style=\"font-weight: 400;\">, hiszen a nevet\u00e9s gy\u00f3gy\u00edr<\/span><\/blockquote>\r\n<\/li>\r\n \t<li style=\"font-weight: 400;\">\r\n<blockquote><span style=\"font-weight: 400;\">egy k\u00f6nnyed <\/span><b>klasszikus<\/b><span style=\"font-weight: 400;\">, amit m\u00e1r k\u00edv\u00fclr\u0151l tudunk, de mindig a r\u00e9gi, boldog id\u0151ket eleven\u00edti fel<\/span><\/blockquote>\r\n<\/li>\r\n \t<li style=\"font-weight: 400;\">\r\n<blockquote><b>sorozatok <\/b><span style=\"font-weight: 400;\">vonatkoz\u00f3 epiz\u00f3djai<\/span><\/blockquote>\r\n<\/li>\r\n<\/ul>\r\n&nbsp;\r\n\r\n<span style=\"font-weight: 400;\">Hogy ezeken bel\u00fcl ragaszkodsz-e a kar\u00e1csonyi vonalhoz, m\u00e1r a te d\u00f6nt\u00e9sed. De mi\u00e9rt is ne? Elv\u00e9gre mindenkinek kij\u00e1r a j\u00f3b\u00f3l. <\/span>\r\n\r\n<img loading=\"lazy\" decoding=\"async\" class=\"alignnone size-full wp-image-7520\" src=\"https:\/\/hir.mediamarkt.hu\/magazin\/wp-content\/uploads\/2018\/12\/02-1.jpg\" alt=\"\" width=\"940\" height=\"627\" srcset=\"https:\/\/hir.mediamarkt.hu\/magazin\/wp-content\/uploads\/2018\/12\/02-1.jpg 940w, https:\/\/hir.mediamarkt.hu\/magazin\/wp-content\/uploads\/2018\/12\/02-1-275x183.jpg 275w, https:\/\/hir.mediamarkt.hu\/magazin\/wp-content\/uploads\/2018\/12\/02-1-300x200.jpg 300w, https:\/\/hir.mediamarkt.hu\/magazin\/wp-content\/uploads\/2018\/12\/02-1-768x512.jpg 768w\" sizes=\"(max-width: 940px) 100vw, 940px\" \/>\r\n<h2><\/h2>\r\n<h2><strong>Horror<\/strong><\/h2>\r\n<span style=\"font-weight: 400;\">A Kar\u00e1csonyi lid\u00e9rcnyom\u00e1s, Tim Burton imm\u00e1r negyed \u00e9vsz\u00e1zados (!) klasszikusa m\u00e9g mindig tartogat egy kis borzong\u00e1st. Meg persze sok mosolyt. Mert annyira az\u00e9rt nem v\u00e9szes a mozi. M\u00edg a Krampusz 2015-\u00f6s \u0151r\u00fclete m\u00e1r sokkal komolyabb (nem). Az \u00e1ltalunk is nagyon aj\u00e1nlott Hatalmas kis hazugs\u00e1gok egyik f\u0151szerepl\u0151j\u00e9nek \u00e1mokfut\u00e1sa <\/span><span style=\"font-weight: 400;\">a hitetleneket megb\u0171ntet\u0151 gonosz l\u00e9nnyel, aki t\u00e1mad\u00e1sba lend\u00fcl \u00e9s megsz\u00e1ll egy b\u00e9k\u00e9snek eddig sem mondhat\u00f3 otthont.<\/span>\r\n\r\n&nbsp;\r\n\r\nVedd meg n\u00e1lunk:\r\n\r\n<span style=\"font-weight: 400;\"><a href=\"https:\/\/www.mediamarkt.hu\/hu\/product\/_kar%C3%A1csonyi-lid%C3%A9rcnyom%C3%A1s-dvd-1118378.html\">Kar\u00e1csonyi lid\u00e9rcnyom\u00e1s (DVD)<\/a>, 799 Ft<\/span>\r\n\r\n<span style=\"font-weight: 400;\"><a href=\"https:\/\/www.mediamarkt.hu\/hu\/product\/_krampusz-dvd-1197259.html\">Krampusz (DVD)<\/a>, 1199 Ft<\/span>\r\n\r\n<iframe loading=\"lazy\" title=\"The Nightmare Before Christmas (1993) Official Trailer #1 - Animated Movie\" width=\"900\" height=\"506\" src=\"https:\/\/www.youtube.com\/embed\/wr6N_hZyBCk?feature=oembed\" frameborder=\"0\" allow=\"accelerometer; autoplay; clipboard-write; encrypted-media; gyroscope; picture-in-picture; web-share\" referrerpolicy=\"strict-origin-when-cross-origin\" allowfullscreen><\/iframe>\r\n\r\n&nbsp;\r\n\r\n<iframe loading=\"lazy\" title=\"Krampusz - el\u0151zetes\" width=\"900\" height=\"506\" src=\"https:\/\/www.youtube.com\/embed\/1mPNwPNgKdc?feature=oembed\" frameborder=\"0\" allow=\"accelerometer; autoplay; clipboard-write; encrypted-media; gyroscope; picture-in-picture; web-share\" referrerpolicy=\"strict-origin-when-cross-origin\" allowfullscreen><\/iframe>\r\n\r\n&nbsp;\r\n\r\n<strong>Dr\u00e1ma<\/strong>\r\n\r\n&nbsp;\r\n\r\n<span style=\"font-weight: 400;\">Mi lehetne szebb, mint Cate Blanchett \u00e9s Rooney Mara 2015-\u00f6s hatalmas alak\u00edt\u00e1sa a Carole-ban! N\u0151i szempontok \u00e9s persze kar\u00e1csony egy m\u00e9g mindig frissen hat\u00f3 dr\u00e1m\u00e1ban. Ha nem volt meg moziban, mindenk\u00e9pp k\u00f6telez\u0151 darab! De minden id\u0151k egyik leg\u00e9rz\u00e9kenyebb rendez\u0151j\u00e9nek, Francois Truffaut-nak a mozija, A vad gyerek sem maradhat ki egy ember \u00e9let\u00e9b\u0151l. Az is igaz, hogy ezut\u00e1n a film ut\u00e1n alapvet\u0151en megk\u00e9rd\u0151jelez\u0151dik n\u00e9h\u00e1ny dolog a fej\u00fcnkben.\u00a0<\/span>\r\n\r\n&nbsp;\r\n\r\nVedd meg n\u00e1lunk:\r\n\r\n<a href=\"https:\/\/www.mediamarkt.hu\/hu\/product\/_carol-dvd-1221167.html\">Carol (DVD)<\/a>, 999 Ft\r\n\r\n<a href=\"https:\/\/www.mediamarkt.hu\/hu\/product\/_a-vad-gyerek-dvd-9206548.html\">A vad gyerek (DVD)<\/a>, 499 Ft\r\n\r\n<a href=\"https:\/\/www.youtube.com\/watch?v=aYkwJbfHxvI\">https:\/\/www.youtube.com\/watch?v=aYkwJbfHxvI<\/a>\r\n\r\n<iframe loading=\"lazy\" title=\"L&#039;Enfant Sauvage 1970 Trailer\" width=\"900\" height=\"506\" src=\"https:\/\/www.youtube.com\/embed\/OSg4S4F5bio?feature=oembed\" frameborder=\"0\" allow=\"accelerometer; autoplay; clipboard-write; encrypted-media; gyroscope; picture-in-picture; web-share\" referrerpolicy=\"strict-origin-when-cross-origin\" allowfullscreen><\/iframe>\r\n\r\n&nbsp;\r\n\r\n<strong>Akci\u00f3film<\/strong>\r\n\r\nHa kar\u00e1csony, akkor DIE HAAAARD! B\u00e1r John McClane t\u00f6rt\u00e9netei az unalomig ism\u00e9telt klasszikusok k\u00f6z\u00e9 is lassan bef\u00e9rn\u00e9nek, a Dr\u00e1g\u00e1n add az \u00e9leted els\u0151 r\u00e9sze egyszer\u0171en kihagyhatatlan az \u00fcnnepek k\u00f6rny\u00e9k\u00e9n. Ho-ho-ho&#8230; \u00c9s ha m\u00e1r egy sokszor l\u00e1tott, C-kateg\u00f3ri\u00e1s mozi, nem maradhat ki a ma m\u00e1r egyszer megid\u00e9zett Burton\u00a0Batman visszat\u00e9rje sem!\r\n\r\n&nbsp;\r\n\r\nVedd meg n\u00e1lunk:\r\n\r\n<a href=\"https:\/\/www.mediamarkt.hu\/hu\/product\/_die-hard-dr%C3%A1g%C3%A1n-add-az-%C3%A9leted-blu-ray-1195723.html\">Die Hard &#8211; Dr\u00e1g\u00e1n add az \u00e9leted! (Blu-ray)<\/a>, 2999 Ft\r\n\r\n<a href=\"https:\/\/www.mediamarkt.hu\/hu\/product\/_die-hard-dr%C3%A1g%C3%A1n-add-az-%C3%A9leted-dvd-1195724.html\">Die Hard &#8211; Dr\u00e1g\u00e1n add az \u00e9leted! (DVD)<\/a>, 999 Ft\r\n\r\n<a href=\"https:\/\/www.mediamarkt.hu\/hu\/product\/_die-hard-1-%E2%80%93-dr%C3%A1g%C3%A1n-add-az-%C3%A9leted-limit%C3%A1lt-kiad%C3%A1s-steelbook-blu-ray-1260704.html\">Die Hard 1. \u2013 Dr\u00e1g\u00e1n add az \u00e9leted (Limit\u00e1lt kiad\u00e1s) (Steelbook) (Blu-ray)<\/a>, 4999 Ft\r\n\r\n<a href=\"https:\/\/www.mediamarkt.hu\/hu\/product\/_batman-visszat%C3%A9r-extra-v%C3%A1ltozat-dvd-1194290.html\">Batman visszat\u00e9r &#8211; extra v\u00e1ltozat (DVD)<\/a>, 999 Ft\r\n\r\n<iframe loading=\"lazy\" title=\"Dr\u00e1g\u00e1n add az \u00e9leted - magyar el\u0151zetes [HD]\" width=\"900\" height=\"506\" src=\"https:\/\/www.youtube.com\/embed\/bwLbCAGvNbs?feature=oembed\" frameborder=\"0\" allow=\"accelerometer; autoplay; clipboard-write; encrypted-media; gyroscope; picture-in-picture; web-share\" referrerpolicy=\"strict-origin-when-cross-origin\" allowfullscreen><\/iframe>\r\n\r\n<iframe loading=\"lazy\" title=\"Batman Returns - Trailer\" width=\"900\" height=\"506\" src=\"https:\/\/www.youtube.com\/embed\/IPKZl6P89u0?feature=oembed\" frameborder=\"0\" allow=\"accelerometer; autoplay; clipboard-write; encrypted-media; gyroscope; picture-in-picture; web-share\" referrerpolicy=\"strict-origin-when-cross-origin\" allowfullscreen><\/iframe>\r\n\r\n&nbsp;\r\n\r\n<strong>V\u00edgj\u00e1t\u00e9k<\/strong>\r\n\r\nTavaly m\u00e1r hosszabban is kifejtett\u00fck, mi\u00e9rt KELL megn\u00e9zni a Rossz any\u00e1kat \u00e9s a Rossz any\u00e1k kar\u00e1csony\u00e1t. A filmek nem lettek rosszabbak egy \u00e9v eltelt\u00e9vel sem. Alapdarab, persze a Tapl\u00f3 T\u00e9lap\u00f3 mellett, aki n\u00e9lk\u00fcl neh\u00e9z meglenni.\r\n\r\n&nbsp;\r\n\r\nVedd meg n\u00e1lunk:\r\n\r\n<a href=\"https:\/\/www.mediamarkt.hu\/hu\/product\/_rossz-any%C3%A1k-dvd-1220728.html\">Rossz any\u00e1k (DVD)<\/a>, 999 Ft\r\n\r\n<a href=\"https:\/\/www.mediamarkt.hu\/hu\/product\/_rossz-any%C3%A1k-kar%C3%A1csonya-dvd-1255004.html\">Rossz any\u00e1k kar\u00e1csonya (DVD)<\/a>, 1199 Ft\r\n\r\n<a href=\"https:\/\/www.mediamarkt.hu\/hu\/product\/_k%C3%BCl%C3%B6nb%C3%B6z%C5%91-el%C5%91ad%C3%B3k-bad-moms-rossz-any%C3%A1k-high-quality-vinyl-lp-nagylemez-1234949.html\">K\u00fcl\u00f6nb\u00f6z\u0151 el\u0151ad\u00f3k &#8211; Bad Moms (Rossz any\u00e1k) (High Quality) (Vinyl LP (nagylemez)<\/a>, 8199 Ft\r\n\r\n<a href=\"https:\/\/www.mediamarkt.hu\/hu\/product\/_tapl%C3%B3-t%C3%A9lap%C3%B3-dvd-9190158.html\">Tapl\u00f3 T\u00e9lap\u00f3 (DVD)<\/a>, 499 Ft\r\n\r\n<a href=\"https:\/\/www.mediamarkt.hu\/hu\/product\/_tapl%C3%B3-t%C3%A9lap%C3%B3-2-dvd-1228521.html\">Tapl\u00f3 t\u00e9lap\u00f3 2. (DVD)<\/a>, 999 Ft\r\n\r\n<iframe loading=\"lazy\" title=\"Rossz any\u00e1k kar\u00e1csonya - Szinkronos el\u0151zetes (16E)\" width=\"900\" height=\"506\" src=\"https:\/\/www.youtube.com\/embed\/cNHLXEhr1kY?feature=oembed\" frameborder=\"0\" allow=\"accelerometer; autoplay; clipboard-write; encrypted-media; gyroscope; picture-in-picture; web-share\" referrerpolicy=\"strict-origin-when-cross-origin\" allowfullscreen><\/iframe>\r\n\r\n<a href=\"https:\/\/www.youtube.com\/watch?v=-Eu4l2pfzps\">https:\/\/www.youtube.com\/watch?v=-Eu4l2pfzps<\/a>\r\n\r\n&nbsp;\r\n\r\n<strong>Klasszikus<\/strong>\r\n\r\n&nbsp;\r\n\r\nB\u00e1r a mi sz\u00edv\u00fcnk ink\u00e1bb a r\u00e9gi, hollywoodi musicalekhez h\u00faz, a t\u00e9m\u00e1ban kev\u00e9s film \u00e9rhet\u0151 el DVD-n. Sok r\u00e9gi klasszikust csak online, eredeti nyelven n\u00e9zhet\u0151 meg. Ami nem baj, de ha nincs kedv\u00fcnk feliratot olvasni, vagy komolyabban koncentr\u00e1lni, maradjunk a szinkroniz\u00e1lt, k\u00f6nnyen em\u00e9szthet\u0151 mozikn\u00e1l. Mint p\u00e9ld\u00e1ul a Kar\u00e1csonyi vak\u00e1ci\u00f3. De ha moh\u00f3k vagyunk, h\u00e1rom j\u00f3l ismert filmet is \u00fajra v\u00e9gigsz\u00f3rakozhatunk egy este\/\u00e9jszaka. A jelsz\u00f3: Csal\u00e1di kar\u00e1csony! \u00c9s hogy mit tartalmaz a csomag? Nan\u00e1, hogy egy Bud Spencer filmet is!\r\n\r\n&nbsp;\r\n\r\nVedd meg n\u00e1lunk:\r\n\r\n<a href=\"https:\/\/www.mediamarkt.hu\/hu\/product\/_kar%C3%A1csonyi-vak%C3%A1ci%C3%B3-dvd-9187914.html\">Kar\u00e1csonyi vak\u00e1ci\u00f3 (DVD)<\/a>, 1199 Ft\r\n\r\n<a href=\"https:\/\/www.mediamarkt.hu\/hu\/product\/_csal%C3%A1di-kar%C3%A1csony-t%C3%A9lbraty%C3%B3-a-kar%C3%A1csony-t%C3%B6rt%C3%A9nete-aladdin-dvd-1158679.html\">Csal\u00e1di kar\u00e1csony &#8211; T\u00e9lbraty\u00f3 \/ A kar\u00e1csony t\u00f6rt\u00e9nete \/ Aladdin (DVD)<\/a>, 1999 Ft\r\n\r\n<iframe loading=\"lazy\" title=\"Kar\u00e1csonyi Vak\u00e1ci\u00f3 - M\u00d3\u00d3KUS!!!\" width=\"900\" height=\"506\" src=\"https:\/\/www.youtube.com\/embed\/1u9hvv9MTOo?feature=oembed\" frameborder=\"0\" allow=\"accelerometer; autoplay; clipboard-write; encrypted-media; gyroscope; picture-in-picture; web-share\" referrerpolicy=\"strict-origin-when-cross-origin\" allowfullscreen><\/iframe>\r\n\r\n<iframe loading=\"lazy\" title=\"Bud Spencer Trailer Aladin\" width=\"900\" height=\"675\" src=\"https:\/\/www.youtube.com\/embed\/VZV0xXH_gxI?feature=oembed\" frameborder=\"0\" allow=\"accelerometer; autoplay; clipboard-write; encrypted-media; gyroscope; picture-in-picture; web-share\" referrerpolicy=\"strict-origin-when-cross-origin\" allowfullscreen><\/iframe>\r\n\r\n&nbsp;\r\n\r\nSorozat\r\n\r\nJ\u00f3bar\u00e1tok \u00e9s A hivatal. K\u00e9t kiv\u00e1l\u00f3, kedvenc sorozat, amelyben \u00fajra \u00e9s \u00fajra el\u0151j\u00f6n a kar\u00e1csony t\u00e9ma. A k\u00f6nnyedebb amerikai sit com mellett a kiss\u00e9 zavarba ejt\u0151bb munkahelyi bulik epiz\u00f3djai mindig garant\u00e1ltan lekapcsolj\u00e1k az embert a stressz \u00fczemm\u00f3dr\u00f3l. Persze ny\u00falhatunk a Family Guy vagy a South Park r\u00e9szeihez is. Esetleg seg\u00edts\u00e9g\u00fcl h\u00edvhatjuk minden id\u0151k leghelyesebb \u00e9s legs\u00e1rg\u00e1bb csal\u00e1dj\u00e1t, Simpson\u00e9kat. De ha nagyon m\u00e9lyre \u00e1sunk, a Szomsz\u00e9dok h\u00e1zat\u00e1j\u00e1n is akad vonatkoz\u00f3 tartalom&#8230;\r\n\r\n&nbsp;\r\n\r\nVedd meg n\u00e1lunk:\r\n\r\n<a href=\"https:\/\/www.mediamarkt.hu\/hu\/search.html?query=j%C3%B3bar%C3%A1tok&amp;searchProfile=onlineshop&amp;channel=mmhuhu&amp;searchParams=%2FSearch.ff%3Fquery%3Dj%25C3%25B3bar%25C3%25A1tok%26filterCategoriesROOT%3DFilm%25C2%25A7MediaHUhuc648010%26filterCategoriesROOT%252FFilm%25C2%25A7MediaHUhuc648010%3DTV-sorozatok%25C2%25A7MediaHUhuc677058%26channel%3Dmmhuhu\">J\u00f3bar\u00e1tok 3., 4., 8. \u00e9vad,<\/a> 999 Ft\/db\r\n\r\n&nbsp;\r\n\r\n<iframe loading=\"lazy\" title=\"Ilyen az igazi Kar\u00e1csony :) - J\u00f3bar\u00e1tok\" width=\"900\" height=\"675\" src=\"https:\/\/www.youtube.com\/embed\/QpbR9zxu_Os?feature=oembed\" frameborder=\"0\" allow=\"accelerometer; autoplay; clipboard-write; encrypted-media; gyroscope; picture-in-picture; web-share\" referrerpolicy=\"strict-origin-when-cross-origin\" allowfullscreen><\/iframe>\r\n\r\n<iframe loading=\"lazy\" title=\"J\u00f3bar\u00e1tok- Joey \u00e9s Chandler kar\u00e1csonyi aj\u00e1nd\u00e9kai\" width=\"900\" height=\"675\" src=\"https:\/\/www.youtube.com\/embed\/mvTW-orSm4w?feature=oembed\" frameborder=\"0\" allow=\"accelerometer; autoplay; clipboard-write; encrypted-media; gyroscope; picture-in-picture; web-share\" referrerpolicy=\"strict-origin-when-cross-origin\" allowfullscreen><\/iframe>\r\n\r\n<iframe loading=\"lazy\" title=\"South Park - A Kar\u00e1csony Szelleme - J\u00e9zus vs. Mikul\u00e1s - 1995. (HUN)\" width=\"900\" height=\"506\" src=\"https:\/\/www.youtube.com\/embed\/Fel6P2pk9oE?feature=oembed\" frameborder=\"0\" allow=\"accelerometer; autoplay; clipboard-write; encrypted-media; gyroscope; picture-in-picture; web-share\" referrerpolicy=\"strict-origin-when-cross-origin\" allowfullscreen><\/iframe>","protected":false},"excerpt":{"rendered":"Zokogni v\u00e1gysz? Esetleg pont, hogy kir\u00f6h\u00f6gn\u00e9d magadb\u00f3l a stresszt? Alapvet\u0151en teljesen j\u00f3l vagy, de a t\u00e1rsadalom bel\u00e9d besz\u00e9lte, hogy szinglik\u00e9nt ilyenkor szenvedned kell? Kirep\u00fcltek a gyerekek \u00e9s r\u00e1d\u00f6bbent\u00e9l, hogy teljes csend honol a lak\u00e1sban? Semmi gond. Mindenre van megold\u00e1s. Ez\u00fattal 2D-ben.\u00a0De ha bar\u00e1tokkal, vagy csal\u00e1ddal kar\u00e1csonyozol, akkor sem fogod megb\u00e1nni, ha megn\u00e9zed ezeket a filmeket. Egy teljesen komolytalan aj\u00e1nl\u00f3, Szentest\u00e9re!","protected":false},"author":13,"featured_media":7522,"comment_status":"open","ping_status":"open","sticky":false,"template":"","format":"standard","meta":{"wprm-recipe-roundup-name":"","wprm-recipe-roundup-description":"","footnotes":""},"categories":[5974],"tags":[3005,920,2399,2186,3003,3001,2473,200,2867,51,3006,2127,2173,202,2401,343,3002,3004,1840,846,2281,2404],"yoast_head":"<!-- This site is optimized with the Yoast SEO plugin v22.9 - https:\/\/yoast.com\/wordpress\/plugins\/seo\/ -->\n<title>Egyed\u00fcl kar\u00e1csonyozol? Sebaj! Itt vannak a megfelel\u0151 filmek az \u00fcnnepi alkalomra! - MediaMarkt Magazin<\/title>\n<meta name=\"description\" content=\"Nincs m\u00e9g t\u00e1rsas\u00e1god kar\u00e1csony est\u00e9re? T\u00f6ltsd a december 24-\u00e9t a legnagyobb (vagy az un\u00e1sig ismert) filmszt\u00e1rokkal! Tippek a horrort\u00f3l a sorozatig.\" \/>\n<meta name=\"robots\" content=\"index, follow, max-snippet:-1, max-image-preview:large, max-video-preview:-1\" \/>\n<link rel=\"canonical\" href=\"https:\/\/hir.mediamarkt.hu\/magazin\/szingli-karacsony-unnepi-film-mozi-buli\/\" \/>\n<meta property=\"og:locale\" content=\"hu_HU\" \/>\n<meta property=\"og:type\" content=\"article\" \/>\n<meta property=\"og:title\" content=\"Egyed\u00fcl kar\u00e1csonyozol? Sebaj! Itt vannak a megfelel\u0151 filmek az \u00fcnnepi alkalomra! - MediaMarkt Magazin\" \/>\n<meta property=\"og:description\" content=\"Nincs m\u00e9g t\u00e1rsas\u00e1god kar\u00e1csony est\u00e9re? T\u00f6ltsd a december 24-\u00e9t a legnagyobb (vagy az un\u00e1sig ismert) filmszt\u00e1rokkal! Tippek a horrort\u00f3l a sorozatig.\" \/>\n<meta property=\"og:url\" content=\"https:\/\/hir.mediamarkt.hu\/magazin\/szingli-karacsony-unnepi-film-mozi-buli\/\" \/>\n<meta property=\"og:site_name\" content=\"MediaMarkt Magazin\" \/>\n<meta property=\"article:publisher\" content=\"https:\/\/www.facebook.com\/MediaMarktMagyarorszag\" \/>\n<meta property=\"article:published_time\" content=\"2018-12-18T07:00:12+00:00\" \/>\n<meta property=\"article:modified_time\" content=\"2018-12-21T10:15:25+00:00\" \/>\n<meta property=\"og:image\" content=\"https:\/\/hir.mediamarkt.hu\/magazin\/wp-content\/uploads\/2018\/12\/00-2.jpeg\" \/>\n\t<meta property=\"og:image:width\" content=\"1440\" \/>\n\t<meta property=\"og:image:height\" content=\"1080\" \/>\n\t<meta property=\"og:image:type\" content=\"image\/jpeg\" \/>\n<meta name=\"author\" content=\"Media Markt\" \/>\n<meta name=\"twitter:label1\" content=\"Szerz\u0151:\" \/>\n\t<meta name=\"twitter:data1\" content=\"Media Markt\" \/>\n\t<meta name=\"twitter:label2\" content=\"Becs\u00fclt olvas\u00e1si id\u0151\" \/>\n\t<meta name=\"twitter:data2\" content=\"7 perc\" \/>\n<script type=\"application\/ld+json\" class=\"yoast-schema-graph\">{\"@context\":\"https:\/\/schema.org\",\"@graph\":[{\"@type\":\"WebPage\",\"@id\":\"https:\/\/hir.mediamarkt.hu\/magazin\/szingli-karacsony-unnepi-film-mozi-buli\/\",\"url\":\"https:\/\/hir.mediamarkt.hu\/magazin\/szingli-karacsony-unnepi-film-mozi-buli\/\",\"name\":\"Egyed\u00fcl kar\u00e1csonyozol? Sebaj! Itt vannak a megfelel\u0151 filmek az \u00fcnnepi alkalomra! - MediaMarkt Magazin\",\"isPartOf\":{\"@id\":\"https:\/\/hir.mediamarkt.hu\/magazin\/#website\"},\"primaryImageOfPage\":{\"@id\":\"https:\/\/hir.mediamarkt.hu\/magazin\/szingli-karacsony-unnepi-film-mozi-buli\/#primaryimage\"},\"image\":{\"@id\":\"https:\/\/hir.mediamarkt.hu\/magazin\/szingli-karacsony-unnepi-film-mozi-buli\/#primaryimage\"},\"thumbnailUrl\":\"https:\/\/hir.mediamarkt.hu\/magazin\/wp-content\/uploads\/2018\/12\/00-2.jpeg\",\"datePublished\":\"2018-12-18T07:00:12+00:00\",\"dateModified\":\"2018-12-21T10:15:25+00:00\",\"author\":{\"@id\":\"https:\/\/hir.mediamarkt.hu\/magazin\/#\/schema\/person\/b93b02ec1ab4d2353f8d281e171c1b0b\"},\"description\":\"Nincs m\u00e9g t\u00e1rsas\u00e1god kar\u00e1csony est\u00e9re? T\u00f6ltsd a december 24-\u00e9t a legnagyobb (vagy az un\u00e1sig ismert) filmszt\u00e1rokkal! Tippek a horrort\u00f3l a sorozatig.\",\"breadcrumb\":{\"@id\":\"https:\/\/hir.mediamarkt.hu\/magazin\/szingli-karacsony-unnepi-film-mozi-buli\/#breadcrumb\"},\"inLanguage\":\"hu\",\"potentialAction\":[{\"@type\":\"ReadAction\",\"target\":[\"https:\/\/hir.mediamarkt.hu\/magazin\/szingli-karacsony-unnepi-film-mozi-buli\/\"]}]},{\"@type\":\"ImageObject\",\"inLanguage\":\"hu\",\"@id\":\"https:\/\/hir.mediamarkt.hu\/magazin\/szingli-karacsony-unnepi-film-mozi-buli\/#primaryimage\",\"url\":\"https:\/\/hir.mediamarkt.hu\/magazin\/wp-content\/uploads\/2018\/12\/00-2.jpeg\",\"contentUrl\":\"https:\/\/hir.mediamarkt.hu\/magazin\/wp-content\/uploads\/2018\/12\/00-2.jpeg\",\"width\":1440,\"height\":1080},{\"@type\":\"BreadcrumbList\",\"@id\":\"https:\/\/hir.mediamarkt.hu\/magazin\/szingli-karacsony-unnepi-film-mozi-buli\/#breadcrumb\",\"itemListElement\":[{\"@type\":\"ListItem\",\"position\":1,\"name\":\"Kezd\u0151lap\",\"item\":\"https:\/\/hir.mediamarkt.hu\/magazin\/\"},{\"@type\":\"ListItem\",\"position\":2,\"name\":\"Egyed\u00fcl kar\u00e1csonyozol? Sebaj! Itt vannak a megfelel\u0151 filmek az \u00fcnnepi alkalomra!\"}]},{\"@type\":\"WebSite\",\"@id\":\"https:\/\/hir.mediamarkt.hu\/magazin\/#website\",\"url\":\"https:\/\/hir.mediamarkt.hu\/magazin\/\",\"name\":\"MediaMarkt Magazin\",\"description\":\"Olvass bele magazinunkba!\",\"potentialAction\":[{\"@type\":\"SearchAction\",\"target\":{\"@type\":\"EntryPoint\",\"urlTemplate\":\"https:\/\/hir.mediamarkt.hu\/magazin\/?s={search_term_string}\"},\"query-input\":\"required name=search_term_string\"}],\"inLanguage\":\"hu\"},{\"@type\":\"Person\",\"@id\":\"https:\/\/hir.mediamarkt.hu\/magazin\/#\/schema\/person\/b93b02ec1ab4d2353f8d281e171c1b0b\",\"name\":\"Media Markt\",\"image\":{\"@type\":\"ImageObject\",\"inLanguage\":\"hu\",\"@id\":\"https:\/\/hir.mediamarkt.hu\/magazin\/#\/schema\/person\/image\/\",\"url\":\"https:\/\/secure.gravatar.com\/avatar\/602bccae8998beee472d01909f0978f1?s=96&d=mm&r=g\",\"contentUrl\":\"https:\/\/secure.gravatar.com\/avatar\/602bccae8998beee472d01909f0978f1?s=96&d=mm&r=g\",\"caption\":\"Media Markt\"}}]}<\/script>\n<!-- \/ Yoast SEO plugin. -->","yoast_head_json":{"title":"Egyed\u00fcl kar\u00e1csonyozol? Sebaj! Itt vannak a megfelel\u0151 filmek az \u00fcnnepi alkalomra! - MediaMarkt Magazin","description":"Nincs m\u00e9g t\u00e1rsas\u00e1god kar\u00e1csony est\u00e9re? T\u00f6ltsd a december 24-\u00e9t a legnagyobb (vagy az un\u00e1sig ismert) filmszt\u00e1rokkal! Tippek a horrort\u00f3l a sorozatig.","robots":{"index":"index","follow":"follow","max-snippet":"max-snippet:-1","max-image-preview":"max-image-preview:large","max-video-preview":"max-video-preview:-1"},"canonical":"https:\/\/hir.mediamarkt.hu\/magazin\/szingli-karacsony-unnepi-film-mozi-buli\/","og_locale":"hu_HU","og_type":"article","og_title":"Egyed\u00fcl kar\u00e1csonyozol? Sebaj! Itt vannak a megfelel\u0151 filmek az \u00fcnnepi alkalomra! - MediaMarkt Magazin","og_description":"Nincs m\u00e9g t\u00e1rsas\u00e1god kar\u00e1csony est\u00e9re? T\u00f6ltsd a december 24-\u00e9t a legnagyobb (vagy az un\u00e1sig ismert) filmszt\u00e1rokkal! Tippek a horrort\u00f3l a sorozatig.","og_url":"https:\/\/hir.mediamarkt.hu\/magazin\/szingli-karacsony-unnepi-film-mozi-buli\/","og_site_name":"MediaMarkt Magazin","article_publisher":"https:\/\/www.facebook.com\/MediaMarktMagyarorszag","article_published_time":"2018-12-18T07:00:12+00:00","article_modified_time":"2018-12-21T10:15:25+00:00","og_image":[{"width":1440,"height":1080,"url":"https:\/\/hir.mediamarkt.hu\/magazin\/wp-content\/uploads\/2018\/12\/00-2.jpeg","type":"image\/jpeg"}],"author":"Media Markt","twitter_misc":{"Szerz\u0151:":"Media Markt","Becs\u00fclt olvas\u00e1si id\u0151":"7 perc"},"schema":{"@context":"https:\/\/schema.org","@graph":[{"@type":"WebPage","@id":"https:\/\/hir.mediamarkt.hu\/magazin\/szingli-karacsony-unnepi-film-mozi-buli\/","url":"https:\/\/hir.mediamarkt.hu\/magazin\/szingli-karacsony-unnepi-film-mozi-buli\/","name":"Egyed\u00fcl kar\u00e1csonyozol? Sebaj! Itt vannak a megfelel\u0151 filmek az \u00fcnnepi alkalomra! - MediaMarkt Magazin","isPartOf":{"@id":"https:\/\/hir.mediamarkt.hu\/magazin\/#website"},"primaryImageOfPage":{"@id":"https:\/\/hir.mediamarkt.hu\/magazin\/szingli-karacsony-unnepi-film-mozi-buli\/#primaryimage"},"image":{"@id":"https:\/\/hir.mediamarkt.hu\/magazin\/szingli-karacsony-unnepi-film-mozi-buli\/#primaryimage"},"thumbnailUrl":"https:\/\/hir.mediamarkt.hu\/magazin\/wp-content\/uploads\/2018\/12\/00-2.jpeg","datePublished":"2018-12-18T07:00:12+00:00","dateModified":"2018-12-21T10:15:25+00:00","author":{"@id":"https:\/\/hir.mediamarkt.hu\/magazin\/#\/schema\/person\/b93b02ec1ab4d2353f8d281e171c1b0b"},"description":"Nincs m\u00e9g t\u00e1rsas\u00e1god kar\u00e1csony est\u00e9re? T\u00f6ltsd a december 24-\u00e9t a legnagyobb (vagy az un\u00e1sig ismert) filmszt\u00e1rokkal! Tippek a horrort\u00f3l a sorozatig.","breadcrumb":{"@id":"https:\/\/hir.mediamarkt.hu\/magazin\/szingli-karacsony-unnepi-film-mozi-buli\/#breadcrumb"},"inLanguage":"hu","potentialAction":[{"@type":"ReadAction","target":["https:\/\/hir.mediamarkt.hu\/magazin\/szingli-karacsony-unnepi-film-mozi-buli\/"]}]},{"@type":"ImageObject","inLanguage":"hu","@id":"https:\/\/hir.mediamarkt.hu\/magazin\/szingli-karacsony-unnepi-film-mozi-buli\/#primaryimage","url":"https:\/\/hir.mediamarkt.hu\/magazin\/wp-content\/uploads\/2018\/12\/00-2.jpeg","contentUrl":"https:\/\/hir.mediamarkt.hu\/magazin\/wp-content\/uploads\/2018\/12\/00-2.jpeg","width":1440,"height":1080},{"@type":"BreadcrumbList","@id":"https:\/\/hir.mediamarkt.hu\/magazin\/szingli-karacsony-unnepi-film-mozi-buli\/#breadcrumb","itemListElement":[{"@type":"ListItem","position":1,"name":"Kezd\u0151lap","item":"https:\/\/hir.mediamarkt.hu\/magazin\/"},{"@type":"ListItem","position":2,"name":"Egyed\u00fcl kar\u00e1csonyozol? Sebaj! Itt vannak a megfelel\u0151 filmek az \u00fcnnepi alkalomra!"}]},{"@type":"WebSite","@id":"https:\/\/hir.mediamarkt.hu\/magazin\/#website","url":"https:\/\/hir.mediamarkt.hu\/magazin\/","name":"MediaMarkt Magazin","description":"Olvass bele magazinunkba!","potentialAction":[{"@type":"SearchAction","target":{"@type":"EntryPoint","urlTemplate":"https:\/\/hir.mediamarkt.hu\/magazin\/?s={search_term_string}"},"query-input":"required name=search_term_string"}],"inLanguage":"hu"},{"@type":"Person","@id":"https:\/\/hir.mediamarkt.hu\/magazin\/#\/schema\/person\/b93b02ec1ab4d2353f8d281e171c1b0b","name":"Media Markt","image":{"@type":"ImageObject","inLanguage":"hu","@id":"https:\/\/hir.mediamarkt.hu\/magazin\/#\/schema\/person\/image\/","url":"https:\/\/secure.gravatar.com\/avatar\/602bccae8998beee472d01909f0978f1?s=96&d=mm&r=g","contentUrl":"https:\/\/secure.gravatar.com\/avatar\/602bccae8998beee472d01909f0978f1?s=96&d=mm&r=g","caption":"Media Markt"}}]}},"_links":{"self":[{"href":"https:\/\/hir.mediamarkt.hu\/magazin\/wp-json\/wp\/v2\/posts\/7509"}],"collection":[{"href":"https:\/\/hir.mediamarkt.hu\/magazin\/wp-json\/wp\/v2\/posts"}],"about":[{"href":"https:\/\/hir.mediamarkt.hu\/magazin\/wp-json\/wp\/v2\/types\/post"}],"author":[{"embeddable":true,"href":"https:\/\/hir.mediamarkt.hu\/magazin\/wp-json\/wp\/v2\/users\/13"}],"replies":[{"embeddable":true,"href":"https:\/\/hir.mediamarkt.hu\/magazin\/wp-json\/wp\/v2\/comments?post=7509"}],"version-history":[{"count":7,"href":"https:\/\/hir.mediamarkt.hu\/magazin\/wp-json\/wp\/v2\/posts\/7509\/revisions"}],"predecessor-version":[{"id":7610,"href":"https:\/\/hir.mediamarkt.hu\/magazin\/wp-json\/wp\/v2\/posts\/7509\/revisions\/7610"}],"wp:featuredmedia":[{"embeddable":true,"href":"https:\/\/hir.mediamarkt.hu\/magazin\/wp-json\/wp\/v2\/media\/7522"}],"wp:attachment":[{"href":"https:\/\/hir.mediamarkt.hu\/magazin\/wp-json\/wp\/v2\/media?parent=7509"}],"wp:term":[{"taxonomy":"category","embeddable":true,"href":"https:\/\/hir.mediamarkt.hu\/magazin\/wp-json\/wp\/v2\/categories?post=7509"},{"taxonomy":"post_tag","embeddable":true,"href":"https:\/\/hir.mediamarkt.hu\/magazin\/wp-json\/wp\/v2\/tags?post=7509"}],"curies":[{"name":"wp","href":"https:\/\/api.w.org\/{rel}","templated":true}]}}