{"id":7552,"date":"2018-12-19T12:03:05","date_gmt":"2018-12-19T11:03:05","guid":{"rendered":"http:\/\/hir.mediamarkt.hu\/magazin\/?p=7552"},"modified":"2018-12-19T14:41:48","modified_gmt":"2018-12-19T13:41:48","slug":"ha-meg-nincs-otleted-szilveszterre-sztriptiz-darts-jatek-a-mediamarktbol","status":"publish","type":"post","link":"https:\/\/hir.mediamarkt.hu\/magazin\/ha-meg-nincs-otleted-szilveszterre-sztriptiz-darts-jatek-a-mediamarktbol\/","title":{"rendered":"Ha m\u00e9g nincs \u00f6tleted Szilveszterre: sztript\u00edz darts j\u00e1t\u00e9k a MediaMarktb\u00f3l!"},"content":{"rendered":"<strong>B\u00e1r kiss\u00e9 h\u0171v\u00f6s az id\u0151 odakint, egy j\u00f3l bef\u0171t\u00f6tt lak\u00e1sban, egy h\u00e1zibuli m\u00e9ly\u00e9n nem okozhat gondot a textil levet\u00e9se. Nyilv\u00e1n nem szeretn\u00e9nk orgi\u00e1k szervez\u00e9s\u00e9t \u00f6szt\u00f6n\u00f6zni, a j\u00e1t\u00e9k ink\u00e1bb a vicces, egym\u00e1son r\u00f6h\u00f6g\u0151s este f\u00e9nypontja lehet. De p\u00e1rocsk\u00e1k ak\u00e1r komolyan is vehetik a dolgot. Figyelem, a j\u00e1t\u00e9k az eg\u00e9szs\u00e9gre megf\u00e1z\u00e1s szempontj\u00e1b\u00f3l vesz\u00e9lyes lehet, gyermekek el\u0151l elz\u00e1rva tartand\u00f3!<\/strong><!--more-->\r\n\r\n&nbsp;\r\n\r\n<img loading=\"lazy\" decoding=\"async\" class=\"alignnone size-large wp-image-7558\" src=\"https:\/\/hir.mediamarkt.hu\/magazin\/wp-content\/uploads\/2018\/12\/05-2-1024x682.jpeg\" alt=\"\" width=\"1024\" height=\"682\" srcset=\"https:\/\/hir.mediamarkt.hu\/magazin\/wp-content\/uploads\/2018\/12\/05-2-1024x682.jpeg 1024w, https:\/\/hir.mediamarkt.hu\/magazin\/wp-content\/uploads\/2018\/12\/05-2-275x183.jpeg 275w, https:\/\/hir.mediamarkt.hu\/magazin\/wp-content\/uploads\/2018\/12\/05-2-300x200.jpeg 300w, https:\/\/hir.mediamarkt.hu\/magazin\/wp-content\/uploads\/2018\/12\/05-2-768x512.jpeg 768w, https:\/\/hir.mediamarkt.hu\/magazin\/wp-content\/uploads\/2018\/12\/05-2.jpeg 1440w\" sizes=\"(max-width: 1024px) 100vw, 1024px\" \/>\r\n\r\n<span style=\"font-weight: 400;\">A darts komoly sport, Nagy-Britanni\u00e1ban p\u00e9ld\u00e1ul komoly hagyom\u00e1nya van, \u00e9s b\u00e1r els\u0151sorban kocsm\u00e1kban d\u00edvik, a val\u00f3ban profi j\u00e1t\u00e9kosok t\u00e9nyleg leny\u0171g\u00f6z\u0151 dolgokra k\u00e9pesek. Ha j\u00f3l tudunk c\u00e9lozni, gyors gy\u0151zelemre &#8211; vagyis az ellenf\u00e9l lecsupasz\u00edt\u00e1s\u00e1ra &#8211; sz\u00e1m\u00edthatunk. Persze k\u00e9rd\u00e9s, nem jobb-e elny\u00fajtani az \u00e9lvezeteket\u2026?<\/span>\r\n\r\n<span style=\"font-weight: 400;\">T\u00e1rsas\u00e1gban is el\u0151kaphat\u00f3 a MediaMarktban is beszerezhet\u0151 <a href=\"https:\/\/www.mediamarkt.hu\/hu\/product\/_perfect-home-10153-sztript%C3%ADz-darts-j%C3%A1t%C3%A9k-1222653.html\"><strong>PERFECT HOME 10153 sztript\u00edz darts j\u00e1t\u00e9k<\/strong><\/a>. Tal\u00e1n \u00e9rdemes el\u0151re jelezni a r\u00e9sztvev\u0151knek, mire sz\u00e1m\u00edtsanak, \u00edgy ak\u00e1r sz\u00f3rakoztat\u00f3 \u201cal\u00e1\u00f6lt\u00f6zeteket\u201d is szem\u00fcgyre vehet\u00fcnk a buli sor\u00e1n. Azt az\u00e9rt mindenk\u00e9pp lesz\u00f6gezn\u00e9nk, a j\u00e1t\u00e9kot <\/span>\r\n<ul>\r\n \t<li style=\"font-weight: 400;\"><span style=\"font-weight: 400;\">sose k\u00e9nyszer\u00edts\u00fck r\u00e1 senkire (se n\u0151re, se f\u00e9rfira)!<\/span><\/li>\r\n \t<li style=\"font-weight: 400;\"><span style=\"font-weight: 400;\">ha valaki bele is megy a darts-oz\u00e1sba, leker\u00fcl r\u00f3la n\u00e9h\u00e1ny, esetleg sok-sok r\u00e9teg ruha, az m\u00e9g nem jelent \u201cegyenes felh\u00edv\u00e1st kering\u0151re\u201d; ut\u00f3j\u00e1t\u00e9kr\u00f3l csak akkor lehet sz\u00f3, ha azt mindk\u00e9t f\u00e9l, lehet\u0151leg nem teljesen ki\u00fctve akarja!<\/span><\/li>\r\n<\/ul>\r\n<img loading=\"lazy\" decoding=\"async\" class=\"alignnone size-large wp-image-7557\" src=\"https:\/\/hir.mediamarkt.hu\/magazin\/wp-content\/uploads\/2018\/12\/03-1-1024x683.jpg\" alt=\"\" width=\"1024\" height=\"683\" srcset=\"https:\/\/hir.mediamarkt.hu\/magazin\/wp-content\/uploads\/2018\/12\/03-1-1024x683.jpg 1024w, https:\/\/hir.mediamarkt.hu\/magazin\/wp-content\/uploads\/2018\/12\/03-1-275x183.jpg 275w, https:\/\/hir.mediamarkt.hu\/magazin\/wp-content\/uploads\/2018\/12\/03-1-300x200.jpg 300w, https:\/\/hir.mediamarkt.hu\/magazin\/wp-content\/uploads\/2018\/12\/03-1-768x512.jpg 768w, https:\/\/hir.mediamarkt.hu\/magazin\/wp-content\/uploads\/2018\/12\/03-1.jpg 1440w\" sizes=\"(max-width: 1024px) 100vw, 1024px\" \/>\r\n\r\n&nbsp;\r\n\r\n<span style=\"font-weight: 400;\">V\u00e9rm\u00e9rs\u00e9klett\u0151l f\u00fcgg\u0151en vehetj\u00fck komolyan a j\u00e1t\u00e9kot, csapatokat alkothatunk (n\u0151k-f\u00e9rfiak, az exek p\u00e1rban stb.) \u00e9s persze vissza is vonulhatunk a p\u00e1runkkal, egy kis c\u00e9lba dob\u00e1sra. \u00c9s ha lement az \u00e9jszakai l\u00e1z, nappal a mez\u0151ket a h\u00e1zimunk\u00e1kkal c\u00edmk\u00e9zhetj\u00fck fel. Elv\u00e9gre mi demokratikusabb, mint darts \u00fatj\u00e1n eld\u00f6nteni, ki viszi le a szemete, vagy ki tereget ki. \u00c9s ha m\u00e1r t\u00fal forr\u00f3 a hangulat, egy <a href=\"https:\/\/www.mediamarkt.hu\/hu\/product\/_perfect-home-t%C5%B1zolt%C3%B3-italadagol%C3%B3-1205023.html\"><strong>PERFECT HOME T\u0171zolt\u00f3 italadagol\u00f3val<\/strong><\/a> lecsillap\u00edthatjuk a ked\u00e9lyeket. Vagy pillanat, pont hogy ett\u0151l lobban l\u00e1ngra a j\u00e1t\u00e9kkedv\u2026? Kider\u00fcl!<\/span>\r\n\r\n&nbsp;\r\n<h2><strong>Kapcsol\u00f3d\u00f3 MediaMarkt term\u00e9kek:\u00a0<\/strong><\/h2>\r\n<strong><a href=\"https:\/\/www.mediamarkt.hu\/hu\/product\/_perfect-home-10153-sztript%C3%ADz-darts-j%C3%A1t%C3%A9k-1222653.html\">PERFECT HOME 10153 sztript\u00edz darts j\u00e1t\u00e9k<\/a>, 3149 Ft, vagy gyere \u00e1ruh\u00e1zaunkba<\/strong>\r\n\r\n<strong><a href=\"https:\/\/www.mediamarkt.hu\/hu\/product\/_perfect-home-t%C5%B1zolt%C3%B3-italadagol%C3%B3-1205023.html\">PERFECT HOME T\u0171zolt\u00f3 italadagol\u00f3<\/a>, 3349 Ft vagy gyere \u00e1ruh\u00e1zaunkba<\/strong>\r\n\r\n&nbsp;\r\n\r\n<img loading=\"lazy\" decoding=\"async\" class=\"alignnone size-full wp-image-7553\" src=\"https:\/\/hir.mediamarkt.hu\/magazin\/wp-content\/uploads\/2018\/12\/01.png\" alt=\"\" width=\"786\" height=\"587\" srcset=\"https:\/\/hir.mediamarkt.hu\/magazin\/wp-content\/uploads\/2018\/12\/01.png 786w, https:\/\/hir.mediamarkt.hu\/magazin\/wp-content\/uploads\/2018\/12\/01-275x205.png 275w, https:\/\/hir.mediamarkt.hu\/magazin\/wp-content\/uploads\/2018\/12\/01-300x224.png 300w, https:\/\/hir.mediamarkt.hu\/magazin\/wp-content\/uploads\/2018\/12\/01-768x574.png 768w\" sizes=\"(max-width: 786px) 100vw, 786px\" \/>\r\n\r\n<img loading=\"lazy\" decoding=\"async\" class=\"alignnone size-large wp-image-7554\" src=\"https:\/\/hir.mediamarkt.hu\/magazin\/wp-content\/uploads\/2018\/12\/02.png\" alt=\"\" width=\"786\" height=\"587\" srcset=\"https:\/\/hir.mediamarkt.hu\/magazin\/wp-content\/uploads\/2018\/12\/02.png 786w, https:\/\/hir.mediamarkt.hu\/magazin\/wp-content\/uploads\/2018\/12\/02-275x205.png 275w, https:\/\/hir.mediamarkt.hu\/magazin\/wp-content\/uploads\/2018\/12\/02-300x224.png 300w, https:\/\/hir.mediamarkt.hu\/magazin\/wp-content\/uploads\/2018\/12\/02-768x574.png 768w\" sizes=\"(max-width: 786px) 100vw, 786px\" \/> <img loading=\"lazy\" decoding=\"async\" class=\"alignnone size-large wp-image-7555\" src=\"https:\/\/hir.mediamarkt.hu\/magazin\/wp-content\/uploads\/2018\/12\/02a.png\" alt=\"\" width=\"786\" height=\"587\" srcset=\"https:\/\/hir.mediamarkt.hu\/magazin\/wp-content\/uploads\/2018\/12\/02a.png 786w, https:\/\/hir.mediamarkt.hu\/magazin\/wp-content\/uploads\/2018\/12\/02a-275x205.png 275w, https:\/\/hir.mediamarkt.hu\/magazin\/wp-content\/uploads\/2018\/12\/02a-300x224.png 300w, https:\/\/hir.mediamarkt.hu\/magazin\/wp-content\/uploads\/2018\/12\/02a-768x574.png 768w\" sizes=\"(max-width: 786px) 100vw, 786px\" \/> <img loading=\"lazy\" decoding=\"async\" class=\"alignnone size-large wp-image-7556\" src=\"https:\/\/hir.mediamarkt.hu\/magazin\/wp-content\/uploads\/2018\/12\/02b.png\" alt=\"\" width=\"786\" height=\"587\" srcset=\"https:\/\/hir.mediamarkt.hu\/magazin\/wp-content\/uploads\/2018\/12\/02b.png 786w, https:\/\/hir.mediamarkt.hu\/magazin\/wp-content\/uploads\/2018\/12\/02b-275x205.png 275w, https:\/\/hir.mediamarkt.hu\/magazin\/wp-content\/uploads\/2018\/12\/02b-300x224.png 300w, https:\/\/hir.mediamarkt.hu\/magazin\/wp-content\/uploads\/2018\/12\/02b-768x574.png 768w\" sizes=\"(max-width: 786px) 100vw, 786px\" \/>","protected":false},"excerpt":{"rendered":"B\u00e1r kiss\u00e9 h\u0171v\u00f6s az id\u0151 odakint, egy j\u00f3l bef\u0171t\u00f6tt lak\u00e1sban, egy h\u00e1zibuli m\u00e9ly\u00e9n nem okozhat gondot a textil levet\u00e9se. Nyilv\u00e1n nem szeretn\u00e9nk orgi\u00e1k szervez\u00e9s\u00e9t \u00f6szt\u00f6n\u00f6zni, a j\u00e1t\u00e9k ink\u00e1bb a vicces, egym\u00e1son r\u00f6h\u00f6g\u0151s este f\u00e9nypontja lehet. De p\u00e1rocsk\u00e1k ak\u00e1r komolyan is vehetik a dolgot. Figyelem, a j\u00e1t\u00e9k az eg\u00e9szs\u00e9gre megf\u00e1z\u00e1s szempontj\u00e1b\u00f3l vesz\u00e9lyes lehet, gyermekek el\u0151l elz\u00e1rva tartand\u00f3!","protected":false},"author":13,"featured_media":7565,"comment_status":"open","ping_status":"open","sticky":false,"template":"","format":"standard","meta":{"wprm-recipe-roundup-name":"","wprm-recipe-roundup-description":"","footnotes":""},"categories":[5967],"tags":[3024,2209,3022,2180,3026,260,2127,2173,3027,2208,3023,2232,2297,3025,204,2423],"yoast_head":"<!-- This site is optimized with the Yoast SEO plugin v22.9 - https:\/\/yoast.com\/wordpress\/plugins\/seo\/ -->\n<title>Ha m\u00e9g nincs \u00f6tleted Szilveszterre: sztript\u00edz darts j\u00e1t\u00e9k a MediaMarktb\u00f3l! - MediaMarkt Magazin<\/title>\n<meta name=\"description\" content=\"Feln\u0151ttes bulira v\u00e1gysz? J\u00f3t nevetn\u00e9l, esetleg a p\u00e1roddal komolyabban is felforr\u00f3s\u00edtan\u00e1tok a hangulatot? J\u00f6jj\u00f6n egy izgalmas kis c\u00e9lbadob\u00e1s!\" \/>\n<meta name=\"robots\" content=\"index, follow, max-snippet:-1, max-image-preview:large, max-video-preview:-1\" \/>\n<link rel=\"canonical\" href=\"https:\/\/hir.mediamarkt.hu\/magazin\/ha-meg-nincs-otleted-szilveszterre-sztriptiz-darts-jatek-a-mediamarktbol\/\" \/>\n<meta property=\"og:locale\" content=\"hu_HU\" \/>\n<meta property=\"og:type\" content=\"article\" \/>\n<meta property=\"og:title\" content=\"Ha m\u00e9g nincs \u00f6tleted Szilveszterre: sztript\u00edz darts j\u00e1t\u00e9k a MediaMarktb\u00f3l! - MediaMarkt Magazin\" \/>\n<meta property=\"og:description\" content=\"Feln\u0151ttes bulira v\u00e1gysz? J\u00f3t nevetn\u00e9l, esetleg a p\u00e1roddal komolyabban is felforr\u00f3s\u00edtan\u00e1tok a hangulatot? J\u00f6jj\u00f6n egy izgalmas kis c\u00e9lbadob\u00e1s!\" \/>\n<meta property=\"og:url\" content=\"https:\/\/hir.mediamarkt.hu\/magazin\/ha-meg-nincs-otleted-szilveszterre-sztriptiz-darts-jatek-a-mediamarktbol\/\" \/>\n<meta property=\"og:site_name\" content=\"MediaMarkt Magazin\" \/>\n<meta property=\"article:publisher\" content=\"https:\/\/www.facebook.com\/MediaMarktMagyarorszag\" \/>\n<meta property=\"article:published_time\" content=\"2018-12-19T11:03:05+00:00\" \/>\n<meta property=\"article:modified_time\" content=\"2018-12-19T13:41:48+00:00\" \/>\n<meta property=\"og:image\" content=\"https:\/\/hir.mediamarkt.hu\/magazin\/wp-content\/uploads\/2018\/12\/sztript\u00edz-darts.jpg\" \/>\n\t<meta property=\"og:image:width\" content=\"1004\" \/>\n\t<meta property=\"og:image:height\" content=\"614\" \/>\n\t<meta property=\"og:image:type\" content=\"image\/jpeg\" \/>\n<meta name=\"author\" content=\"Media Markt\" \/>\n<meta name=\"twitter:label1\" content=\"Szerz\u0151:\" \/>\n\t<meta name=\"twitter:data1\" content=\"Media Markt\" \/>\n\t<meta name=\"twitter:label2\" content=\"Becs\u00fclt olvas\u00e1si id\u0151\" \/>\n\t<meta name=\"twitter:data2\" content=\"2 perc\" \/>\n<script type=\"application\/ld+json\" class=\"yoast-schema-graph\">{\"@context\":\"https:\/\/schema.org\",\"@graph\":[{\"@type\":\"WebPage\",\"@id\":\"https:\/\/hir.mediamarkt.hu\/magazin\/ha-meg-nincs-otleted-szilveszterre-sztriptiz-darts-jatek-a-mediamarktbol\/\",\"url\":\"https:\/\/hir.mediamarkt.hu\/magazin\/ha-meg-nincs-otleted-szilveszterre-sztriptiz-darts-jatek-a-mediamarktbol\/\",\"name\":\"Ha m\u00e9g nincs \u00f6tleted Szilveszterre: sztript\u00edz darts j\u00e1t\u00e9k a MediaMarktb\u00f3l! - MediaMarkt Magazin\",\"isPartOf\":{\"@id\":\"https:\/\/hir.mediamarkt.hu\/magazin\/#website\"},\"primaryImageOfPage\":{\"@id\":\"https:\/\/hir.mediamarkt.hu\/magazin\/ha-meg-nincs-otleted-szilveszterre-sztriptiz-darts-jatek-a-mediamarktbol\/#primaryimage\"},\"image\":{\"@id\":\"https:\/\/hir.mediamarkt.hu\/magazin\/ha-meg-nincs-otleted-szilveszterre-sztriptiz-darts-jatek-a-mediamarktbol\/#primaryimage\"},\"thumbnailUrl\":\"https:\/\/hir.mediamarkt.hu\/magazin\/wp-content\/uploads\/2018\/12\/sztript\u00edz-darts.jpg\",\"datePublished\":\"2018-12-19T11:03:05+00:00\",\"dateModified\":\"2018-12-19T13:41:48+00:00\",\"author\":{\"@id\":\"https:\/\/hir.mediamarkt.hu\/magazin\/#\/schema\/person\/b93b02ec1ab4d2353f8d281e171c1b0b\"},\"description\":\"Feln\u0151ttes bulira v\u00e1gysz? J\u00f3t nevetn\u00e9l, esetleg a p\u00e1roddal komolyabban is felforr\u00f3s\u00edtan\u00e1tok a hangulatot? J\u00f6jj\u00f6n egy izgalmas kis c\u00e9lbadob\u00e1s!\",\"breadcrumb\":{\"@id\":\"https:\/\/hir.mediamarkt.hu\/magazin\/ha-meg-nincs-otleted-szilveszterre-sztriptiz-darts-jatek-a-mediamarktbol\/#breadcrumb\"},\"inLanguage\":\"hu\",\"potentialAction\":[{\"@type\":\"ReadAction\",\"target\":[\"https:\/\/hir.mediamarkt.hu\/magazin\/ha-meg-nincs-otleted-szilveszterre-sztriptiz-darts-jatek-a-mediamarktbol\/\"]}]},{\"@type\":\"ImageObject\",\"inLanguage\":\"hu\",\"@id\":\"https:\/\/hir.mediamarkt.hu\/magazin\/ha-meg-nincs-otleted-szilveszterre-sztriptiz-darts-jatek-a-mediamarktbol\/#primaryimage\",\"url\":\"https:\/\/hir.mediamarkt.hu\/magazin\/wp-content\/uploads\/2018\/12\/sztript\u00edz-darts.jpg\",\"contentUrl\":\"https:\/\/hir.mediamarkt.hu\/magazin\/wp-content\/uploads\/2018\/12\/sztript\u00edz-darts.jpg\",\"width\":1004,\"height\":614},{\"@type\":\"BreadcrumbList\",\"@id\":\"https:\/\/hir.mediamarkt.hu\/magazin\/ha-meg-nincs-otleted-szilveszterre-sztriptiz-darts-jatek-a-mediamarktbol\/#breadcrumb\",\"itemListElement\":[{\"@type\":\"ListItem\",\"position\":1,\"name\":\"Kezd\u0151lap\",\"item\":\"https:\/\/hir.mediamarkt.hu\/magazin\/\"},{\"@type\":\"ListItem\",\"position\":2,\"name\":\"Ha m\u00e9g nincs \u00f6tleted Szilveszterre: sztript\u00edz darts j\u00e1t\u00e9k a MediaMarktb\u00f3l!\"}]},{\"@type\":\"WebSite\",\"@id\":\"https:\/\/hir.mediamarkt.hu\/magazin\/#website\",\"url\":\"https:\/\/hir.mediamarkt.hu\/magazin\/\",\"name\":\"MediaMarkt Magazin\",\"description\":\"Olvass bele magazinunkba!\",\"potentialAction\":[{\"@type\":\"SearchAction\",\"target\":{\"@type\":\"EntryPoint\",\"urlTemplate\":\"https:\/\/hir.mediamarkt.hu\/magazin\/?s={search_term_string}\"},\"query-input\":\"required name=search_term_string\"}],\"inLanguage\":\"hu\"},{\"@type\":\"Person\",\"@id\":\"https:\/\/hir.mediamarkt.hu\/magazin\/#\/schema\/person\/b93b02ec1ab4d2353f8d281e171c1b0b\",\"name\":\"Media Markt\",\"image\":{\"@type\":\"ImageObject\",\"inLanguage\":\"hu\",\"@id\":\"https:\/\/hir.mediamarkt.hu\/magazin\/#\/schema\/person\/image\/\",\"url\":\"https:\/\/secure.gravatar.com\/avatar\/602bccae8998beee472d01909f0978f1?s=96&d=mm&r=g\",\"contentUrl\":\"https:\/\/secure.gravatar.com\/avatar\/602bccae8998beee472d01909f0978f1?s=96&d=mm&r=g\",\"caption\":\"Media Markt\"}}]}<\/script>\n<!-- \/ Yoast SEO plugin. -->","yoast_head_json":{"title":"Ha m\u00e9g nincs \u00f6tleted Szilveszterre: sztript\u00edz darts j\u00e1t\u00e9k a MediaMarktb\u00f3l! - MediaMarkt Magazin","description":"Feln\u0151ttes bulira v\u00e1gysz? J\u00f3t nevetn\u00e9l, esetleg a p\u00e1roddal komolyabban is felforr\u00f3s\u00edtan\u00e1tok a hangulatot? J\u00f6jj\u00f6n egy izgalmas kis c\u00e9lbadob\u00e1s!","robots":{"index":"index","follow":"follow","max-snippet":"max-snippet:-1","max-image-preview":"max-image-preview:large","max-video-preview":"max-video-preview:-1"},"canonical":"https:\/\/hir.mediamarkt.hu\/magazin\/ha-meg-nincs-otleted-szilveszterre-sztriptiz-darts-jatek-a-mediamarktbol\/","og_locale":"hu_HU","og_type":"article","og_title":"Ha m\u00e9g nincs \u00f6tleted Szilveszterre: sztript\u00edz darts j\u00e1t\u00e9k a MediaMarktb\u00f3l! - MediaMarkt Magazin","og_description":"Feln\u0151ttes bulira v\u00e1gysz? J\u00f3t nevetn\u00e9l, esetleg a p\u00e1roddal komolyabban is felforr\u00f3s\u00edtan\u00e1tok a hangulatot? J\u00f6jj\u00f6n egy izgalmas kis c\u00e9lbadob\u00e1s!","og_url":"https:\/\/hir.mediamarkt.hu\/magazin\/ha-meg-nincs-otleted-szilveszterre-sztriptiz-darts-jatek-a-mediamarktbol\/","og_site_name":"MediaMarkt Magazin","article_publisher":"https:\/\/www.facebook.com\/MediaMarktMagyarorszag","article_published_time":"2018-12-19T11:03:05+00:00","article_modified_time":"2018-12-19T13:41:48+00:00","og_image":[{"width":1004,"height":614,"url":"https:\/\/hir.mediamarkt.hu\/magazin\/wp-content\/uploads\/2018\/12\/sztript\u00edz-darts.jpg","type":"image\/jpeg"}],"author":"Media Markt","twitter_misc":{"Szerz\u0151:":"Media Markt","Becs\u00fclt olvas\u00e1si id\u0151":"2 perc"},"schema":{"@context":"https:\/\/schema.org","@graph":[{"@type":"WebPage","@id":"https:\/\/hir.mediamarkt.hu\/magazin\/ha-meg-nincs-otleted-szilveszterre-sztriptiz-darts-jatek-a-mediamarktbol\/","url":"https:\/\/hir.mediamarkt.hu\/magazin\/ha-meg-nincs-otleted-szilveszterre-sztriptiz-darts-jatek-a-mediamarktbol\/","name":"Ha m\u00e9g nincs \u00f6tleted Szilveszterre: sztript\u00edz darts j\u00e1t\u00e9k a MediaMarktb\u00f3l! - MediaMarkt Magazin","isPartOf":{"@id":"https:\/\/hir.mediamarkt.hu\/magazin\/#website"},"primaryImageOfPage":{"@id":"https:\/\/hir.mediamarkt.hu\/magazin\/ha-meg-nincs-otleted-szilveszterre-sztriptiz-darts-jatek-a-mediamarktbol\/#primaryimage"},"image":{"@id":"https:\/\/hir.mediamarkt.hu\/magazin\/ha-meg-nincs-otleted-szilveszterre-sztriptiz-darts-jatek-a-mediamarktbol\/#primaryimage"},"thumbnailUrl":"https:\/\/hir.mediamarkt.hu\/magazin\/wp-content\/uploads\/2018\/12\/sztript\u00edz-darts.jpg","datePublished":"2018-12-19T11:03:05+00:00","dateModified":"2018-12-19T13:41:48+00:00","author":{"@id":"https:\/\/hir.mediamarkt.hu\/magazin\/#\/schema\/person\/b93b02ec1ab4d2353f8d281e171c1b0b"},"description":"Feln\u0151ttes bulira v\u00e1gysz? J\u00f3t nevetn\u00e9l, esetleg a p\u00e1roddal komolyabban is felforr\u00f3s\u00edtan\u00e1tok a hangulatot? J\u00f6jj\u00f6n egy izgalmas kis c\u00e9lbadob\u00e1s!","breadcrumb":{"@id":"https:\/\/hir.mediamarkt.hu\/magazin\/ha-meg-nincs-otleted-szilveszterre-sztriptiz-darts-jatek-a-mediamarktbol\/#breadcrumb"},"inLanguage":"hu","potentialAction":[{"@type":"ReadAction","target":["https:\/\/hir.mediamarkt.hu\/magazin\/ha-meg-nincs-otleted-szilveszterre-sztriptiz-darts-jatek-a-mediamarktbol\/"]}]},{"@type":"ImageObject","inLanguage":"hu","@id":"https:\/\/hir.mediamarkt.hu\/magazin\/ha-meg-nincs-otleted-szilveszterre-sztriptiz-darts-jatek-a-mediamarktbol\/#primaryimage","url":"https:\/\/hir.mediamarkt.hu\/magazin\/wp-content\/uploads\/2018\/12\/sztript\u00edz-darts.jpg","contentUrl":"https:\/\/hir.mediamarkt.hu\/magazin\/wp-content\/uploads\/2018\/12\/sztript\u00edz-darts.jpg","width":1004,"height":614},{"@type":"BreadcrumbList","@id":"https:\/\/hir.mediamarkt.hu\/magazin\/ha-meg-nincs-otleted-szilveszterre-sztriptiz-darts-jatek-a-mediamarktbol\/#breadcrumb","itemListElement":[{"@type":"ListItem","position":1,"name":"Kezd\u0151lap","item":"https:\/\/hir.mediamarkt.hu\/magazin\/"},{"@type":"ListItem","position":2,"name":"Ha m\u00e9g nincs \u00f6tleted Szilveszterre: sztript\u00edz darts j\u00e1t\u00e9k a MediaMarktb\u00f3l!"}]},{"@type":"WebSite","@id":"https:\/\/hir.mediamarkt.hu\/magazin\/#website","url":"https:\/\/hir.mediamarkt.hu\/magazin\/","name":"MediaMarkt Magazin","description":"Olvass bele magazinunkba!","potentialAction":[{"@type":"SearchAction","target":{"@type":"EntryPoint","urlTemplate":"https:\/\/hir.mediamarkt.hu\/magazin\/?s={search_term_string}"},"query-input":"required name=search_term_string"}],"inLanguage":"hu"},{"@type":"Person","@id":"https:\/\/hir.mediamarkt.hu\/magazin\/#\/schema\/person\/b93b02ec1ab4d2353f8d281e171c1b0b","name":"Media Markt","image":{"@type":"ImageObject","inLanguage":"hu","@id":"https:\/\/hir.mediamarkt.hu\/magazin\/#\/schema\/person\/image\/","url":"https:\/\/secure.gravatar.com\/avatar\/602bccae8998beee472d01909f0978f1?s=96&d=mm&r=g","contentUrl":"https:\/\/secure.gravatar.com\/avatar\/602bccae8998beee472d01909f0978f1?s=96&d=mm&r=g","caption":"Media Markt"}}]}},"_links":{"self":[{"href":"https:\/\/hir.mediamarkt.hu\/magazin\/wp-json\/wp\/v2\/posts\/7552"}],"collection":[{"href":"https:\/\/hir.mediamarkt.hu\/magazin\/wp-json\/wp\/v2\/posts"}],"about":[{"href":"https:\/\/hir.mediamarkt.hu\/magazin\/wp-json\/wp\/v2\/types\/post"}],"author":[{"embeddable":true,"href":"https:\/\/hir.mediamarkt.hu\/magazin\/wp-json\/wp\/v2\/users\/13"}],"replies":[{"embeddable":true,"href":"https:\/\/hir.mediamarkt.hu\/magazin\/wp-json\/wp\/v2\/comments?post=7552"}],"version-history":[{"count":3,"href":"https:\/\/hir.mediamarkt.hu\/magazin\/wp-json\/wp\/v2\/posts\/7552\/revisions"}],"predecessor-version":[{"id":7566,"href":"https:\/\/hir.mediamarkt.hu\/magazin\/wp-json\/wp\/v2\/posts\/7552\/revisions\/7566"}],"wp:featuredmedia":[{"embeddable":true,"href":"https:\/\/hir.mediamarkt.hu\/magazin\/wp-json\/wp\/v2\/media\/7565"}],"wp:attachment":[{"href":"https:\/\/hir.mediamarkt.hu\/magazin\/wp-json\/wp\/v2\/media?parent=7552"}],"wp:term":[{"taxonomy":"category","embeddable":true,"href":"https:\/\/hir.mediamarkt.hu\/magazin\/wp-json\/wp\/v2\/categories?post=7552"},{"taxonomy":"post_tag","embeddable":true,"href":"https:\/\/hir.mediamarkt.hu\/magazin\/wp-json\/wp\/v2\/tags?post=7552"}],"curies":[{"name":"wp","href":"https:\/\/api.w.org\/{rel}","templated":true}]}}