{"id":7663,"date":"2019-01-09T16:35:15","date_gmt":"2019-01-09T15:35:15","guid":{"rendered":"http:\/\/hir.mediamarkt.hu\/magazin\/?p=7663"},"modified":"2019-01-16T14:34:50","modified_gmt":"2019-01-16T13:34:50","slug":"remalmok-fulladasos-kohoges-ekcema-nehany-a-hazi-penesz-karos-hatasai-kozul","status":"publish","type":"post","link":"https:\/\/hir.mediamarkt.hu\/magazin\/remalmok-fulladasos-kohoges-ekcema-nehany-a-hazi-penesz-karos-hatasai-kozul\/","title":{"rendered":"R\u00e9m\u00e1lmok, fullad\u00e1sos k\u00f6h\u00f6g\u00e9s, ekc\u00e9ma: n\u00e9h\u00e1ny, a h\u00e1zi pen\u00e9sz k\u00e1ros hat\u00e1sai k\u00f6z\u00fcl"},"content":{"rendered":"<strong>Ak\u00e1rmilyen sz\u00e9p is egy otthon, ha a p\u00e1ratartalom nem megfelel\u0151, a dolog sz\u00e1mos komoly k\u00f6vetkezm\u00e9nnyel j\u00e1rhat. A modern ny\u00edl\u00e1sz\u00e1r\u00f3k hatalmas el\u0151nye, hogy \u201cnem szelelnek\u201d, \u00edgy javar\u00e9szt nem az utc\u00e1t f\u0171tj\u00fck ilyenkor, t\u00e9len. H\u00e1tr\u00e1nyuk azonban, hogy a t\u00f6k\u00e9letes z\u00e1r\u00f3d\u00e1s miatt az ellenkez\u0151 ir\u00e1nyban sincs l\u00e9g\u00e1raml\u00e1s. Hidegben pedig sokkal kevesebbet szell\u0151ztet\u00fcnk. Egy, a fenti t\u00fcneteket mind produk\u00e1l\u00f3 h\u00e1ztart\u00e1s tapasztalatai j\u00f6nnek.<\/strong><!--more-->\r\n\r\n&nbsp;\r\n\r\n<span style=\"font-weight: 400;\">Ketten \u00e9l\u00fcnk egy csod\u00e1s, modern, ragyog\u00f3an kin\u00e9z\u0151, legfels\u0151 emeleti alb\u00e9rletben. A bek\u00f6lt\u00f6z\u00e9s \u00e1prilisban volt, \u00e9s mint szell\u0151ztet\u00e9s m\u00e1ni\u00e1s, eg\u00e9szen okt\u00f3berig nem vettem \u00e9szre, hogy valami gond lenne a lak\u00e1ssal. A tulajdonos jelezte, hogy figyelj\u00fcnk oda az ablakok t\u00e9li p\u00e1r\u00e1sod\u00e1s\u00e1ra, de m\u00e1s egy\u00e9b, gyakorlati tan\u00e1ccsal nem l\u00e1tott el. A h\u00f3feh\u00e9r falakon \u00e9s szint\u00e9n feh\u00e9r design b\u00fatorokon sehol egy folt nem volt, most sincs. Elj\u00f6tt azonban a pillanat, amikor alaposabban szem\u00fcgyre kellett venni az otthonunkat.<\/span>\r\n\r\n&nbsp;\r\n<h2><strong>Egyre s\u00falyosabb ekc\u00e9ma \u00e9s egy m\u00falni nem akar\u00f3 k\u00f6h\u00f6g\u00e9s<\/strong><\/h2>\r\n&nbsp;\r\n\r\n<span style=\"font-weight: 400;\">B\u00e1r a jobb kezemen l\u00e9v\u0151 ekc\u00e9m\u00e1m m\u00f6g\u00f6tt eddig szinte mindig valamilyen pszich\u00e9s ok \u00e1llt (csak olyankor j\u00f6tt ki, ha bizonytalan volt az anyagi helyzetem, es\u00e9ly volt a munkahelyem felsz\u00e1mol\u00e1s\u00e1ra stb.), az \u0151sz bek\u00f6sz\u00f6nt\u00e9vel egyre s\u00falyosabb m\u00e9reteket kezdett \u00f6lteni, \u00e9s a kor\u00e1bbi, mindig bev\u00e1l\u00f3 ellenszerek (csal\u00e1ntea \u00e9s vazelin) m\u00e1r nem seg\u00edtettek. A kar\u00e1csonyt p\u00e9ld\u00e1ul f\u00e9l p\u00e1r keszty\u0171ben t\u00f6lt\u00f6ttem, olyan borzaszt\u00f3 volt m\u00e1r a helyzet. Ek\u00f6zben a k\u00e9t \u00e9ve folyamatosan eg\u00e9szs\u00e9ges p\u00e1rom hirtelen beteg lett \u00e9s t\u00f6bb alkalommal fullad\u00e1sos k\u00f6h\u00f6g\u00e9si rohammal \u00e9bresztett az \u00e9jszaka k\u00f6zep\u00e9n. Ha valamit\u0151l be lehet p\u00e1nikolni, az ez. Emellett folyamatos rossz \u00e1lmok gy\u00f6t\u00f6rtek, egy id\u0151 ut\u00e1n nem csak engem, de a bar\u00e1tomat is. <\/span>\r\n\r\n<span style=\"font-weight: 400;\">Majd hirtelen az egyik koked\u00e1m\u00e1nk elpusztult, a mohabor\u00edt\u00e1s \u00e9s a n\u00f6v\u00e9ny sz\u00e1r\u00e1nak t\u00f6v\u00e9ben pen\u00e9szt fedezt\u00fcnk fel. P\u00e1r nappal k\u00e9s\u0151bb egy m\u00e1sik, cserepes n\u0151v\u00e9ny f\u00f6ldj\u00e9n is megjelent a pen\u00e9sz, majd t\u00f6bb, f\u00e1b\u00f3l k\u00e9sz\u00fclt h\u00e1ztart\u00e1si eszk\u00f6z\u00f6n is fekete foltokat kezdt\u00fcnk \u00e9szrevenni. V\u00e9g\u00fcl a j\u00f3l z\u00e1r\u00f3d\u00f3, m\u0171anyag ny\u00edl\u00e1sz\u00e1r\u00f3k alatt, egy eg\u00e9szen sz\u0171k kis peremen is el\u0151bukkant a pen\u00e9sz.<\/span>\r\n\r\n<img loading=\"lazy\" decoding=\"async\" class=\"alignnone size-large wp-image-7667\" src=\"https:\/\/hir.mediamarkt.hu\/magazin\/wp-content\/uploads\/2019\/01\/wooden-laundry-washing-clothes-line-1024x682.jpg\" alt=\"\" width=\"1024\" height=\"682\" srcset=\"https:\/\/hir.mediamarkt.hu\/magazin\/wp-content\/uploads\/2019\/01\/wooden-laundry-washing-clothes-line-1024x682.jpg 1024w, https:\/\/hir.mediamarkt.hu\/magazin\/wp-content\/uploads\/2019\/01\/wooden-laundry-washing-clothes-line-275x183.jpg 275w, https:\/\/hir.mediamarkt.hu\/magazin\/wp-content\/uploads\/2019\/01\/wooden-laundry-washing-clothes-line-300x200.jpg 300w, https:\/\/hir.mediamarkt.hu\/magazin\/wp-content\/uploads\/2019\/01\/wooden-laundry-washing-clothes-line-768x512.jpg 768w, https:\/\/hir.mediamarkt.hu\/magazin\/wp-content\/uploads\/2019\/01\/wooden-laundry-washing-clothes-line.jpg 1440w\" sizes=\"(max-width: 1024px) 100vw, 1024px\" \/>\r\n<h2><\/h2>\r\n<h2><strong>Az els\u0151 l\u00e9p\u00e9s, m\u00e1r a kiborul\u00e1s ut\u00e1n<\/strong><\/h2>\r\n&nbsp;\r\n\r\n<span style=\"font-weight: 400;\">Mivel er\u0151sen benne voltunk m\u00e1r a t\u00e9lben \u00e9s az ablakok rendszeresen csukva voltak, gyorsan \u00f6ssze\u00e1llt a k\u00e9p, hogy a dolog h\u00e1tter\u00e9ben a p\u00e1ratartalom \u00e9s a leveg\u0151 min\u0151s\u00e9ge \u00e1llhat. Am\u00edg enyh\u00e9bb volt az id\u0151 (kar\u00e1csony k\u00f6rny\u00e9k\u00e9n p\u00e9ld\u00e1ul), nyitott ablakn\u00e1l aludtunk \u00e9s nap k\u00f6zben is legal\u00e1bb 1-1 \u2155 \u00f3r\u00e1t nyitva hagytuk az ablakokat. A reggelek \u00e9s est\u00e9k is nagy szell\u0151ztet\u00e9sekkel voltak tele, minden egyes helyis\u00e9gre odafigyelve. Emellett, minden tereget\u00e9skor k\u00fcl\u00f6n odafigyelt\u00fcnk a szobah\u0151m\u00e9rs\u00e9ketre \u00e9s a l\u00e9g\u00e1ramra. Majd j\u00f6tt a kutat\u00e1s, mivel lehetne felvenni a harcot, hogyan tudn\u00e1nk biztons\u00e1goss\u00e1 tenni, az egy\u00e9bk\u00e9nt kedvelt alb\u00e9rletet\u2026<\/span>\r\n\r\n&nbsp;\r\n<h2><strong>Sz\u00e1r\u00edt\u00f3g\u00e9p, p\u00e1raelsz\u00edv\u00f3, SAVO<\/strong><\/h2>\r\n&nbsp;\r\n\r\n<span style=\"font-weight: 400;\">H\u00e1rom komolyabb megold\u00e1st tal\u00e1ltunk, ebb\u0151l b\u00edzunk benne, legal\u00e1bb egyet a tulajdonos \u00e1ll majd, hiszen neki sem \u00e9rdeke, hogy eg\u00e9szs\u00e9gtelenn\u00e9 v\u00e1ljon a lak\u00e1sa. M\u00e1rpedig a pen\u00e9sz, ak\u00e1rmennyire is kicsi, komoly hat\u00e1ssal b\u00edrhat, ki\u00edrt\u00e1sa pedig k\u00f6zel sem egyszer\u0171. Mivel jelenleg j\u00f3l l\u00e1that\u00f3, melyek n\u00e1lunk a g\u00f3cpontok (csak az ablakok alatti r\u00e9sek probl\u00e9m\u00e1sak tart\u00f3san), ezeket \u201ct\u00e1madtuk meg\u201d \u00e9s fert\u0151tlen\u00edtett\u00fck le SAVO-val. A hat\u00e1s l\u00e1tv\u00e1nyos, a pen\u00e9sz azonnal elt\u0171nik a mar\u00f3 sav hat\u00e1s\u00e1ra. M\u00e1s k\u00e9rd\u00e9s, hogy a fa fel\u00fcletet hogy fogjuk t\u00f6k\u00e9letesen helyrehozni, hiszen halv\u00e1nyodott a sz\u00edne, ami\u00f3ta lekezelt\u00fck. <\/span>\r\n\r\n<span style=\"font-weight: 400;\">A leveg\u0151ben sz\u00e1ll\u00f3 \u00e9s a p\u00e1r\u00e1s otthonokban tobz\u00f3d\u00f3 sp\u00f3r\u00e1k ellen azonban enn\u00e9l t\u00f6bb kell. \u00cdgy beszerezt\u00fcnk egy p\u00e1raelsz\u00edv\u00f3t (napi 2 liter vizet vont el \u00e1tlagban a leveg\u0151b\u0151l) \u00e9s szeretn\u00e9nk venni egy sz\u00e1r\u00edt\u00f3s mos\u00f3g\u00e9pet, esetleg egy k\u00fcl\u00f6n\u00e1ll\u00f3 sz\u00e1r\u00edt\u00f3t. Emellett tov\u00e1bbra is nagyon odafigyel\u00fcnk a szell\u0151ztet\u00e9sre \u00e9s ami apr\u00f3s\u00e1gnak t\u0171nhet, de fontos: f\u0151z\u00e9sn\u00e9l fed\u0151t haszn\u00e1lunk, illetve id\u0151nk\u00e9nt bekapcsoljuk az elsz\u00edv\u00f3 berendez\u00e9st is.<\/span>\r\n\r\n<span style=\"font-weight: 400;\">\u00c9n magam a mos\u00e1st j\u00f3 ideje mindig ecettel \u00e9s sz\u00f3d\u00e1val (valamit fantasztikus illat\u00fa mos\u00f3parf\u00fcmmel) v\u00e9gzem, emellett a takar\u00edt\u00e1sn\u00e1l is folyamatosan k\u00e9zn\u00e9l van a magas antibakteri\u00e1lis hat\u00e1sfok\u00fa ecetsav. Ami\u00f3ta tudatosan v\u00e1ltoztattunk, az ekc\u00e9ma elkezdett visszah\u00faz\u00f3dni \u00e9s b\u00e1r m\u00e9g nem makul\u00e1tlan a jobb kezem, m\u00e1r csak alig l\u00e1that\u00f3 sz\u00e1razs\u00e1g van rajta. <\/span>\r\n\r\n<img loading=\"lazy\" decoding=\"async\" class=\"alignnone size-large wp-image-7666\" src=\"https:\/\/hir.mediamarkt.hu\/magazin\/wp-content\/uploads\/2019\/01\/pexels-photo-1368692-1024x682.jpeg\" alt=\"\" width=\"1024\" height=\"682\" srcset=\"https:\/\/hir.mediamarkt.hu\/magazin\/wp-content\/uploads\/2019\/01\/pexels-photo-1368692-1024x682.jpeg 1024w, https:\/\/hir.mediamarkt.hu\/magazin\/wp-content\/uploads\/2019\/01\/pexels-photo-1368692-275x183.jpeg 275w, https:\/\/hir.mediamarkt.hu\/magazin\/wp-content\/uploads\/2019\/01\/pexels-photo-1368692-300x200.jpeg 300w, https:\/\/hir.mediamarkt.hu\/magazin\/wp-content\/uploads\/2019\/01\/pexels-photo-1368692-768x512.jpeg 768w, https:\/\/hir.mediamarkt.hu\/magazin\/wp-content\/uploads\/2019\/01\/pexels-photo-1368692.jpeg 1440w\" sizes=\"(max-width: 1024px) 100vw, 1024px\" \/>\r\n<h2><\/h2>\r\n<h2><strong>Tanuls\u00e1g<\/strong><\/h2>\r\n&nbsp;\r\n\r\n<span style=\"font-weight: 400;\">Amennyiben b\u00e1rmilyen fizikai (vagy \u00e9pp fiziol\u00f3giai) jel\u00e9t l\u00e1tjuk a pen\u00e9sznek, azonnal l\u00e9pj\u00fcnk. Kicsit mi is elbambultunk, hiszen \u00f6sszerakhattuk volna az els\u0151 jelek ut\u00e1n, hogy mi a gond. Vagy megel\u0151zhett\u00fck volna, amikor legel\u0151sz\u00f6r \u00fagy \u00e9rt\u00fcnk haza, hogy megcsapott a \u201cdzsungel hangulat\u201d a bef\u0171t\u00f6tt, roskadoz\u00f3 sz\u00e1r\u00edt\u00f3val sp\u00e9kelt lak\u00e1sban. Akkor csak nevett\u00fcnk, hogy milyen j\u00f3l \u00e9rezn\u00e9 itt mag\u00e1t egy gekk\u00f3. Azt\u00e1n egyszer csak arra \u00e9bredtem, hogy a p\u00e1rom nem kap leveg\u0151t, kapaszkodik az \u00e1gy sz\u00e9l\u00e9be, h\u00f6r\u00f6g, \u00e9n meg nem tudom, mit csin\u00e1ljak, h\u00edvjam-e a ment\u0151ket a keszty\u0171s kezemmel, vagy sem?<\/span>\r\n\r\n<span style=\"font-weight: 400;\">Sose sajn\u00e1ljuk a plusz kiad\u00e1st az eg\u00e9szs\u00e9ges k\u00f6rnyezet\u00fcnkre. Ink\u00e1bb legyen eggyel kevesebb men\u0151 b\u00fatorunk, de a leveg\u0151 min\u0151s\u00e9ge \u00e9s p\u00e1ratartalma legyen rendben. Gyerekkel, kr\u00f3nikus beteggel, id\u0151s emberrel v\u00e9gk\u00e9pp fontos, hogy k\u00f6r\u00fcltekint\u0151ek legy\u00fcnk. \u00c9s b\u00e1r hideg van, esetleg hangos a v\u00e1ros vagy szomsz\u00e9d, minden nap nyissunk ablakot, reggel \u00e9s este is, lehet\u0151leg hosszan. <\/span>\r\n\r\n<span style=\"font-weight: 400;\">Az otthonok megfelel\u0151 p\u00e1ratartalm\u00e1nak be\u00e1ll\u00edt\u00e1s\u00e1val kapcsolatban \u00e9rdemes elolvasni a p\u00e1raelsz\u00edv\u00f3k (\u00e9s a p\u00e1r\u00e1s\u00edt\u00f3) berendez\u00e9sek t\u00e1j\u00e9koztat\u00f3it. Addig is, figyelj\u00fcnk oda az ide\u00e1lis h\u0151m\u00e9rs\u00e9kletre \u00e9s probl\u00e9m\u00e1s lak\u00e1s eset\u00e9n &#8211; lehet\u0151s\u00e9geink szerint &#8211; haszn\u00e1ljunk sz\u00e1r\u00edt\u00f3 funkci\u00f3t is a mos\u00e1s ut\u00e1n. Valamint nyissunk ablakot! \u00dagyis olyan sz\u00e9pen esik a h\u00f3!<\/span>\r\n\r\n&nbsp;\r\n<h2><strong>Kapcsol\u00f3d\u00f3 MediaMarkt term\u00e9kek: <\/strong><\/h2>\r\n<a href=\"https:\/\/www.mediamarkt.hu\/hu\/search.html?query=paraelszivo&amp;searchProfile=onlineshop&amp;channel=mmhuhu&amp;searchParams=%2FSearch.ff%3Fquery%3Dparaelszivo%26channel%3Dmmhuhu\"><span style=\"font-weight: 400;\">218 p\u00e1raelsz\u00edv\u00f3 berendez\u00e9s \u00e9s tartoz\u00e9k<\/span><\/a>\r\n\r\n<a href=\"https:\/\/www.mediamarkt.hu\/hu\/product\/_tosot-tdn10ay-k4eba1a-p%C3%A1r%C3%A1tlan%C3%ADt%C3%B3-1214321.html\"><span style=\"font-weight: 400;\">TOSOT TDN10AY-K4EBA1A p\u00e1r\u00e1tlan\u00edt\u00f3<\/span><\/a><span style=\"font-weight: 400;\">, 45 799 Ft<\/span>\r\n\r\n<a href=\"https:\/\/www.mediamarkt.hu\/hu\/product\/_tosot-tdn40au-k3eba1a-p%C3%A1r%C3%A1tlan%C3%ADt%C3%B3-40-literes-1275643.html\"><span style=\"font-weight: 400;\">TOSOT TDN40AU-K3EBA1A P\u00e1r\u00e1tlan\u00edt\u00f3, 40 literes<\/span><\/a><span style=\"font-weight: 400;\">, 103 999 Ft<\/span>\r\n\r\n<a href=\"https:\/\/www.mediamarkt.hu\/hu\/product\/_hauser-dh-3500-p%C3%A1ramentes%C3%ADt%C5%91-1266820.html\"><span style=\"font-weight: 400;\">HAUSER DH-3500 P\u00e1ramentes\u00edt\u0151<\/span><\/a><span style=\"font-weight: 400;\">, 57 199 Ft<\/span>\r\n\r\n<a href=\"https:\/\/www.mediamarkt.hu\/hu\/product\/_gorenje-whi-643-e6xgb-fali-p%C3%A1raelsz%C3%ADv%C3%B3-1264700.html\"><span style=\"font-weight: 400;\">GORENJE WHI 643 E6XGB fali p\u00e1raelsz\u00edv\u00f3<\/span><\/a><span style=\"font-weight: 400;\">, 89 999 Ft<\/span>\r\n\r\n<a href=\"https:\/\/www.mediamarkt.hu\/hu\/product\/_gorenje-bhp-623-e10x-p%C3%A1raelsz%C3%ADv%C3%B3-1194412.html\"><span style=\"font-weight: 400;\">GORENJE BHP 623 E10X p\u00e1raelsz\u00edv\u00f3<\/span><\/a><span style=\"font-weight: 400;\">, 23 999 Ft<\/span>\r\n\r\n<a href=\"https:\/\/www.mediamarkt.hu\/hu\/search.html?query=szaritogep&amp;searchProfile=onlineshop&amp;channel=mmhuhu&amp;searchParams=%2FSearch.ff%3Fquery%3Dszaritogep%26channel%3Dmmhuhu\"><span style=\"font-weight: 400;\">95 k\u00fcl\u00f6nb\u00f6z\u0151 sz\u00e1r\u00edt\u00f3g\u00e9p<\/span><\/a>\r\n\r\n<a href=\"https:\/\/www.mediamarkt.hu\/hu\/product\/_beko-db-7101-pa-kondenz%C3%A1ci%C3%B3s-sz%C3%A1r%C3%ADt%C3%B3g%C3%A9p-1216826.html\"><span style=\"font-weight: 400;\">BEKO DB-7101 PA kondenz\u00e1ci\u00f3s sz\u00e1r\u00edt\u00f3g\u00e9p<\/span><\/a><span style=\"font-weight: 400;\">, 88 999 Ft<\/span>\r\n\r\n<a href=\"https:\/\/www.mediamarkt.hu\/hu\/product\/_aeg-t8dbg48s-h%C5%91szivatty%C3%BAs-sz%C3%A1r%C3%ADt%C3%B3g%C3%A9p-10-%C3%A9v-motor-garancia-1204922.html\"><span style=\"font-weight: 400;\">AEG T8DBG48S h\u0151szivatty\u00fas sz\u00e1r\u00edt\u00f3g\u00e9p + 10 \u00e9v motor garancia<\/span><\/a><span style=\"font-weight: 400;\">, 179 999 Ft<\/span>\r\n\r\n<a href=\"https:\/\/www.mediamarkt.hu\/hu\/product\/_whirlpool-fwdg86148w-eu-mos%C3%B3-%C3%A9s-sz%C3%A1r%C3%ADt%C3%B3g%C3%A9p-1261468.html\"><span style=\"font-weight: 400;\">WHIRLPOOL FWDG86148W EU mos\u00f3- \u00e9s sz\u00e1r\u00edt\u00f3g\u00e9p<\/span><\/a><span style=\"font-weight: 400;\">, 146 999 Ft<\/span>\r\n\r\n&nbsp;\r\n\r\n<img loading=\"lazy\" decoding=\"async\" class=\"alignnone size-full wp-image-7668\" src=\"https:\/\/hir.mediamarkt.hu\/magazin\/wp-content\/uploads\/2019\/01\/00.png\" alt=\"\" width=\"786\" height=\"587\" srcset=\"https:\/\/hir.mediamarkt.hu\/magazin\/wp-content\/uploads\/2019\/01\/00.png 786w, https:\/\/hir.mediamarkt.hu\/magazin\/wp-content\/uploads\/2019\/01\/00-275x205.png 275w, https:\/\/hir.mediamarkt.hu\/magazin\/wp-content\/uploads\/2019\/01\/00-300x224.png 300w, https:\/\/hir.mediamarkt.hu\/magazin\/wp-content\/uploads\/2019\/01\/00-768x574.png 768w\" sizes=\"(max-width: 786px) 100vw, 786px\" \/>\r\n\r\n<img loading=\"lazy\" decoding=\"async\" class=\"alignnone size-large wp-image-7669\" src=\"https:\/\/hir.mediamarkt.hu\/magazin\/wp-content\/uploads\/2019\/01\/01.png\" alt=\"\" width=\"786\" height=\"587\" srcset=\"https:\/\/hir.mediamarkt.hu\/magazin\/wp-content\/uploads\/2019\/01\/01.png 786w, https:\/\/hir.mediamarkt.hu\/magazin\/wp-content\/uploads\/2019\/01\/01-275x205.png 275w, https:\/\/hir.mediamarkt.hu\/magazin\/wp-content\/uploads\/2019\/01\/01-300x224.png 300w, https:\/\/hir.mediamarkt.hu\/magazin\/wp-content\/uploads\/2019\/01\/01-768x574.png 768w\" sizes=\"(max-width: 786px) 100vw, 786px\" \/>\r\n\r\n<img loading=\"lazy\" decoding=\"async\" class=\"alignnone size-large wp-image-7670\" src=\"https:\/\/hir.mediamarkt.hu\/magazin\/wp-content\/uploads\/2019\/01\/02.png\" alt=\"\" width=\"786\" height=\"587\" srcset=\"https:\/\/hir.mediamarkt.hu\/magazin\/wp-content\/uploads\/2019\/01\/02.png 786w, https:\/\/hir.mediamarkt.hu\/magazin\/wp-content\/uploads\/2019\/01\/02-275x205.png 275w, https:\/\/hir.mediamarkt.hu\/magazin\/wp-content\/uploads\/2019\/01\/02-300x224.png 300w, https:\/\/hir.mediamarkt.hu\/magazin\/wp-content\/uploads\/2019\/01\/02-768x574.png 768w\" sizes=\"(max-width: 786px) 100vw, 786px\" \/>\r\n\r\n<img loading=\"lazy\" decoding=\"async\" class=\"alignnone size-large wp-image-7671\" src=\"https:\/\/hir.mediamarkt.hu\/magazin\/wp-content\/uploads\/2019\/01\/04.png\" alt=\"\" width=\"786\" height=\"587\" srcset=\"https:\/\/hir.mediamarkt.hu\/magazin\/wp-content\/uploads\/2019\/01\/04.png 786w, https:\/\/hir.mediamarkt.hu\/magazin\/wp-content\/uploads\/2019\/01\/04-275x205.png 275w, https:\/\/hir.mediamarkt.hu\/magazin\/wp-content\/uploads\/2019\/01\/04-300x224.png 300w, https:\/\/hir.mediamarkt.hu\/magazin\/wp-content\/uploads\/2019\/01\/04-768x574.png 768w\" sizes=\"(max-width: 786px) 100vw, 786px\" \/> <img loading=\"lazy\" decoding=\"async\" class=\"alignnone size-large wp-image-7672\" src=\"https:\/\/hir.mediamarkt.hu\/magazin\/wp-content\/uploads\/2019\/01\/05.png\" alt=\"\" width=\"786\" height=\"587\" srcset=\"https:\/\/hir.mediamarkt.hu\/magazin\/wp-content\/uploads\/2019\/01\/05.png 786w, https:\/\/hir.mediamarkt.hu\/magazin\/wp-content\/uploads\/2019\/01\/05-275x205.png 275w, https:\/\/hir.mediamarkt.hu\/magazin\/wp-content\/uploads\/2019\/01\/05-300x224.png 300w, https:\/\/hir.mediamarkt.hu\/magazin\/wp-content\/uploads\/2019\/01\/05-768x574.png 768w\" sizes=\"(max-width: 786px) 100vw, 786px\" \/> <img loading=\"lazy\" decoding=\"async\" class=\"alignnone size-large wp-image-7673\" src=\"https:\/\/hir.mediamarkt.hu\/magazin\/wp-content\/uploads\/2019\/01\/06.png\" alt=\"\" width=\"786\" height=\"587\" srcset=\"https:\/\/hir.mediamarkt.hu\/magazin\/wp-content\/uploads\/2019\/01\/06.png 786w, https:\/\/hir.mediamarkt.hu\/magazin\/wp-content\/uploads\/2019\/01\/06-275x205.png 275w, https:\/\/hir.mediamarkt.hu\/magazin\/wp-content\/uploads\/2019\/01\/06-300x224.png 300w, https:\/\/hir.mediamarkt.hu\/magazin\/wp-content\/uploads\/2019\/01\/06-768x574.png 768w\" sizes=\"(max-width: 786px) 100vw, 786px\" \/> <img loading=\"lazy\" decoding=\"async\" class=\"alignnone size-large wp-image-7674\" src=\"https:\/\/hir.mediamarkt.hu\/magazin\/wp-content\/uploads\/2019\/01\/07.png\" alt=\"\" width=\"786\" height=\"587\" srcset=\"https:\/\/hir.mediamarkt.hu\/magazin\/wp-content\/uploads\/2019\/01\/07.png 786w, https:\/\/hir.mediamarkt.hu\/magazin\/wp-content\/uploads\/2019\/01\/07-275x205.png 275w, https:\/\/hir.mediamarkt.hu\/magazin\/wp-content\/uploads\/2019\/01\/07-300x224.png 300w, https:\/\/hir.mediamarkt.hu\/magazin\/wp-content\/uploads\/2019\/01\/07-768x574.png 768w\" sizes=\"(max-width: 786px) 100vw, 786px\" \/> <img loading=\"lazy\" decoding=\"async\" class=\"alignnone size-large wp-image-7675\" src=\"https:\/\/hir.mediamarkt.hu\/magazin\/wp-content\/uploads\/2019\/01\/08.png\" alt=\"\" width=\"786\" height=\"587\" srcset=\"https:\/\/hir.mediamarkt.hu\/magazin\/wp-content\/uploads\/2019\/01\/08.png 786w, https:\/\/hir.mediamarkt.hu\/magazin\/wp-content\/uploads\/2019\/01\/08-275x205.png 275w, https:\/\/hir.mediamarkt.hu\/magazin\/wp-content\/uploads\/2019\/01\/08-300x224.png 300w, https:\/\/hir.mediamarkt.hu\/magazin\/wp-content\/uploads\/2019\/01\/08-768x574.png 768w\" sizes=\"(max-width: 786px) 100vw, 786px\" \/>","protected":false},"excerpt":{"rendered":"Ak\u00e1rmilyen sz\u00e9p is egy otthon, ha a p\u00e1ratartalom nem megfelel\u0151, a dolog sz\u00e1mos komoly k\u00f6vetkezm\u00e9nnyel j\u00e1rhat. A modern ny\u00edl\u00e1sz\u00e1r\u00f3k hatalmas el\u0151nye, hogy \u201cnem szelelnek\u201d, \u00edgy javar\u00e9szt nem az utc\u00e1t f\u0171tj\u00fck ilyenkor, t\u00e9len. H\u00e1tr\u00e1nyuk azonban, hogy a t\u00f6k\u00e9letes z\u00e1r\u00f3d\u00e1s miatt az ellenkez\u0151 ir\u00e1nyban sincs l\u00e9g\u00e1raml\u00e1s. Hidegben pedig sokkal kevesebbet szell\u0151ztet\u00fcnk. Egy, a fenti t\u00fcneteket mind produk\u00e1l\u00f3 h\u00e1ztart\u00e1s tapasztalatai j\u00f6nnek.","protected":false},"author":13,"featured_media":7664,"comment_status":"open","ping_status":"open","sticky":false,"template":"","format":"standard","meta":{"wprm-recipe-roundup-name":"","wprm-recipe-roundup-description":"","footnotes":""},"categories":[5968,5967],"tags":[3042,1176,2363,2601,3037,120,2127,2173,2487,2499,3038,3039,3040,3041,2763],"yoast_head":"<!-- This site is optimized with the Yoast SEO plugin v22.9 - https:\/\/yoast.com\/wordpress\/plugins\/seo\/ -->\n<title>R\u00e9m\u00e1lmok, fullad\u00e1sos k\u00f6h\u00f6g\u00e9s, ekc\u00e9ma: n\u00e9h\u00e1ny, a h\u00e1zi pen\u00e9sz k\u00e1ros hat\u00e1sai k\u00f6z\u00fcl - MediaMarkt Magazin<\/title>\n<meta name=\"description\" content=\"Asztm\u00e1s, ekc\u00e9m\u00e1s t\u00fcnetek, rossz k\u00f6z\u00e9rzet. \u00c9s egyre t\u00f6bb, kidob\u00e1sra \u00edt\u00e9lt t\u00e1rgy. A pen\u00e9sz: a csendes gyilkos. \u00cdgy k\u00fczd\u00f6tt\u00fcnk meg vele!\" \/>\n<meta name=\"robots\" content=\"index, follow, max-snippet:-1, max-image-preview:large, max-video-preview:-1\" \/>\n<link rel=\"canonical\" href=\"https:\/\/hir.mediamarkt.hu\/magazin\/remalmok-fulladasos-kohoges-ekcema-nehany-a-hazi-penesz-karos-hatasai-kozul\/\" \/>\n<meta property=\"og:locale\" content=\"hu_HU\" \/>\n<meta property=\"og:type\" content=\"article\" \/>\n<meta property=\"og:title\" content=\"R\u00e9m\u00e1lmok, fullad\u00e1sos k\u00f6h\u00f6g\u00e9s, ekc\u00e9ma: n\u00e9h\u00e1ny, a h\u00e1zi pen\u00e9sz k\u00e1ros hat\u00e1sai k\u00f6z\u00fcl - MediaMarkt Magazin\" \/>\n<meta property=\"og:description\" content=\"Asztm\u00e1s, ekc\u00e9m\u00e1s t\u00fcnetek, rossz k\u00f6z\u00e9rzet. \u00c9s egyre t\u00f6bb, kidob\u00e1sra \u00edt\u00e9lt t\u00e1rgy. A pen\u00e9sz: a csendes gyilkos. \u00cdgy k\u00fczd\u00f6tt\u00fcnk meg vele!\" \/>\n<meta property=\"og:url\" content=\"https:\/\/hir.mediamarkt.hu\/magazin\/remalmok-fulladasos-kohoges-ekcema-nehany-a-hazi-penesz-karos-hatasai-kozul\/\" \/>\n<meta property=\"og:site_name\" content=\"MediaMarkt Magazin\" \/>\n<meta property=\"article:publisher\" content=\"https:\/\/www.facebook.com\/MediaMarktMagyarorszag\" \/>\n<meta property=\"article:published_time\" content=\"2019-01-09T15:35:15+00:00\" \/>\n<meta property=\"article:modified_time\" content=\"2019-01-16T13:34:50+00:00\" \/>\n<meta property=\"og:image\" content=\"https:\/\/hir.mediamarkt.hu\/magazin\/wp-content\/uploads\/2019\/01\/pexels-photo-975771.jpeg\" \/>\n\t<meta property=\"og:image:width\" content=\"1440\" \/>\n\t<meta property=\"og:image:height\" content=\"807\" \/>\n\t<meta property=\"og:image:type\" content=\"image\/jpeg\" \/>\n<meta name=\"author\" content=\"Media Markt\" \/>\n<meta name=\"twitter:label1\" content=\"Szerz\u0151:\" \/>\n\t<meta name=\"twitter:data1\" content=\"Media Markt\" \/>\n\t<meta name=\"twitter:label2\" content=\"Becs\u00fclt olvas\u00e1si id\u0151\" \/>\n\t<meta name=\"twitter:data2\" content=\"7 perc\" \/>\n<script type=\"application\/ld+json\" class=\"yoast-schema-graph\">{\"@context\":\"https:\/\/schema.org\",\"@graph\":[{\"@type\":\"WebPage\",\"@id\":\"https:\/\/hir.mediamarkt.hu\/magazin\/remalmok-fulladasos-kohoges-ekcema-nehany-a-hazi-penesz-karos-hatasai-kozul\/\",\"url\":\"https:\/\/hir.mediamarkt.hu\/magazin\/remalmok-fulladasos-kohoges-ekcema-nehany-a-hazi-penesz-karos-hatasai-kozul\/\",\"name\":\"R\u00e9m\u00e1lmok, fullad\u00e1sos k\u00f6h\u00f6g\u00e9s, ekc\u00e9ma: n\u00e9h\u00e1ny, a h\u00e1zi pen\u00e9sz k\u00e1ros hat\u00e1sai k\u00f6z\u00fcl - MediaMarkt Magazin\",\"isPartOf\":{\"@id\":\"https:\/\/hir.mediamarkt.hu\/magazin\/#website\"},\"primaryImageOfPage\":{\"@id\":\"https:\/\/hir.mediamarkt.hu\/magazin\/remalmok-fulladasos-kohoges-ekcema-nehany-a-hazi-penesz-karos-hatasai-kozul\/#primaryimage\"},\"image\":{\"@id\":\"https:\/\/hir.mediamarkt.hu\/magazin\/remalmok-fulladasos-kohoges-ekcema-nehany-a-hazi-penesz-karos-hatasai-kozul\/#primaryimage\"},\"thumbnailUrl\":\"https:\/\/hir.mediamarkt.hu\/magazin\/wp-content\/uploads\/2019\/01\/pexels-photo-975771.jpeg\",\"datePublished\":\"2019-01-09T15:35:15+00:00\",\"dateModified\":\"2019-01-16T13:34:50+00:00\",\"author\":{\"@id\":\"https:\/\/hir.mediamarkt.hu\/magazin\/#\/schema\/person\/b93b02ec1ab4d2353f8d281e171c1b0b\"},\"description\":\"Asztm\u00e1s, ekc\u00e9m\u00e1s t\u00fcnetek, rossz k\u00f6z\u00e9rzet. \u00c9s egyre t\u00f6bb, kidob\u00e1sra \u00edt\u00e9lt t\u00e1rgy. A pen\u00e9sz: a csendes gyilkos. \u00cdgy k\u00fczd\u00f6tt\u00fcnk meg vele!\",\"breadcrumb\":{\"@id\":\"https:\/\/hir.mediamarkt.hu\/magazin\/remalmok-fulladasos-kohoges-ekcema-nehany-a-hazi-penesz-karos-hatasai-kozul\/#breadcrumb\"},\"inLanguage\":\"hu\",\"potentialAction\":[{\"@type\":\"ReadAction\",\"target\":[\"https:\/\/hir.mediamarkt.hu\/magazin\/remalmok-fulladasos-kohoges-ekcema-nehany-a-hazi-penesz-karos-hatasai-kozul\/\"]}]},{\"@type\":\"ImageObject\",\"inLanguage\":\"hu\",\"@id\":\"https:\/\/hir.mediamarkt.hu\/magazin\/remalmok-fulladasos-kohoges-ekcema-nehany-a-hazi-penesz-karos-hatasai-kozul\/#primaryimage\",\"url\":\"https:\/\/hir.mediamarkt.hu\/magazin\/wp-content\/uploads\/2019\/01\/pexels-photo-975771.jpeg\",\"contentUrl\":\"https:\/\/hir.mediamarkt.hu\/magazin\/wp-content\/uploads\/2019\/01\/pexels-photo-975771.jpeg\",\"width\":1440,\"height\":807},{\"@type\":\"BreadcrumbList\",\"@id\":\"https:\/\/hir.mediamarkt.hu\/magazin\/remalmok-fulladasos-kohoges-ekcema-nehany-a-hazi-penesz-karos-hatasai-kozul\/#breadcrumb\",\"itemListElement\":[{\"@type\":\"ListItem\",\"position\":1,\"name\":\"Kezd\u0151lap\",\"item\":\"https:\/\/hir.mediamarkt.hu\/magazin\/\"},{\"@type\":\"ListItem\",\"position\":2,\"name\":\"R\u00e9m\u00e1lmok, fullad\u00e1sos k\u00f6h\u00f6g\u00e9s, ekc\u00e9ma: n\u00e9h\u00e1ny, a h\u00e1zi pen\u00e9sz k\u00e1ros hat\u00e1sai k\u00f6z\u00fcl\"}]},{\"@type\":\"WebSite\",\"@id\":\"https:\/\/hir.mediamarkt.hu\/magazin\/#website\",\"url\":\"https:\/\/hir.mediamarkt.hu\/magazin\/\",\"name\":\"MediaMarkt Magazin\",\"description\":\"Olvass bele magazinunkba!\",\"potentialAction\":[{\"@type\":\"SearchAction\",\"target\":{\"@type\":\"EntryPoint\",\"urlTemplate\":\"https:\/\/hir.mediamarkt.hu\/magazin\/?s={search_term_string}\"},\"query-input\":\"required name=search_term_string\"}],\"inLanguage\":\"hu\"},{\"@type\":\"Person\",\"@id\":\"https:\/\/hir.mediamarkt.hu\/magazin\/#\/schema\/person\/b93b02ec1ab4d2353f8d281e171c1b0b\",\"name\":\"Media Markt\",\"image\":{\"@type\":\"ImageObject\",\"inLanguage\":\"hu\",\"@id\":\"https:\/\/hir.mediamarkt.hu\/magazin\/#\/schema\/person\/image\/\",\"url\":\"https:\/\/secure.gravatar.com\/avatar\/602bccae8998beee472d01909f0978f1?s=96&d=mm&r=g\",\"contentUrl\":\"https:\/\/secure.gravatar.com\/avatar\/602bccae8998beee472d01909f0978f1?s=96&d=mm&r=g\",\"caption\":\"Media Markt\"}}]}<\/script>\n<!-- \/ Yoast SEO plugin. -->","yoast_head_json":{"title":"R\u00e9m\u00e1lmok, fullad\u00e1sos k\u00f6h\u00f6g\u00e9s, ekc\u00e9ma: n\u00e9h\u00e1ny, a h\u00e1zi pen\u00e9sz k\u00e1ros hat\u00e1sai k\u00f6z\u00fcl - MediaMarkt Magazin","description":"Asztm\u00e1s, ekc\u00e9m\u00e1s t\u00fcnetek, rossz k\u00f6z\u00e9rzet. \u00c9s egyre t\u00f6bb, kidob\u00e1sra \u00edt\u00e9lt t\u00e1rgy. A pen\u00e9sz: a csendes gyilkos. \u00cdgy k\u00fczd\u00f6tt\u00fcnk meg vele!","robots":{"index":"index","follow":"follow","max-snippet":"max-snippet:-1","max-image-preview":"max-image-preview:large","max-video-preview":"max-video-preview:-1"},"canonical":"https:\/\/hir.mediamarkt.hu\/magazin\/remalmok-fulladasos-kohoges-ekcema-nehany-a-hazi-penesz-karos-hatasai-kozul\/","og_locale":"hu_HU","og_type":"article","og_title":"R\u00e9m\u00e1lmok, fullad\u00e1sos k\u00f6h\u00f6g\u00e9s, ekc\u00e9ma: n\u00e9h\u00e1ny, a h\u00e1zi pen\u00e9sz k\u00e1ros hat\u00e1sai k\u00f6z\u00fcl - MediaMarkt Magazin","og_description":"Asztm\u00e1s, ekc\u00e9m\u00e1s t\u00fcnetek, rossz k\u00f6z\u00e9rzet. \u00c9s egyre t\u00f6bb, kidob\u00e1sra \u00edt\u00e9lt t\u00e1rgy. A pen\u00e9sz: a csendes gyilkos. \u00cdgy k\u00fczd\u00f6tt\u00fcnk meg vele!","og_url":"https:\/\/hir.mediamarkt.hu\/magazin\/remalmok-fulladasos-kohoges-ekcema-nehany-a-hazi-penesz-karos-hatasai-kozul\/","og_site_name":"MediaMarkt Magazin","article_publisher":"https:\/\/www.facebook.com\/MediaMarktMagyarorszag","article_published_time":"2019-01-09T15:35:15+00:00","article_modified_time":"2019-01-16T13:34:50+00:00","og_image":[{"width":1440,"height":807,"url":"https:\/\/hir.mediamarkt.hu\/magazin\/wp-content\/uploads\/2019\/01\/pexels-photo-975771.jpeg","type":"image\/jpeg"}],"author":"Media Markt","twitter_misc":{"Szerz\u0151:":"Media Markt","Becs\u00fclt olvas\u00e1si id\u0151":"7 perc"},"schema":{"@context":"https:\/\/schema.org","@graph":[{"@type":"WebPage","@id":"https:\/\/hir.mediamarkt.hu\/magazin\/remalmok-fulladasos-kohoges-ekcema-nehany-a-hazi-penesz-karos-hatasai-kozul\/","url":"https:\/\/hir.mediamarkt.hu\/magazin\/remalmok-fulladasos-kohoges-ekcema-nehany-a-hazi-penesz-karos-hatasai-kozul\/","name":"R\u00e9m\u00e1lmok, fullad\u00e1sos k\u00f6h\u00f6g\u00e9s, ekc\u00e9ma: n\u00e9h\u00e1ny, a h\u00e1zi pen\u00e9sz k\u00e1ros hat\u00e1sai k\u00f6z\u00fcl - MediaMarkt Magazin","isPartOf":{"@id":"https:\/\/hir.mediamarkt.hu\/magazin\/#website"},"primaryImageOfPage":{"@id":"https:\/\/hir.mediamarkt.hu\/magazin\/remalmok-fulladasos-kohoges-ekcema-nehany-a-hazi-penesz-karos-hatasai-kozul\/#primaryimage"},"image":{"@id":"https:\/\/hir.mediamarkt.hu\/magazin\/remalmok-fulladasos-kohoges-ekcema-nehany-a-hazi-penesz-karos-hatasai-kozul\/#primaryimage"},"thumbnailUrl":"https:\/\/hir.mediamarkt.hu\/magazin\/wp-content\/uploads\/2019\/01\/pexels-photo-975771.jpeg","datePublished":"2019-01-09T15:35:15+00:00","dateModified":"2019-01-16T13:34:50+00:00","author":{"@id":"https:\/\/hir.mediamarkt.hu\/magazin\/#\/schema\/person\/b93b02ec1ab4d2353f8d281e171c1b0b"},"description":"Asztm\u00e1s, ekc\u00e9m\u00e1s t\u00fcnetek, rossz k\u00f6z\u00e9rzet. \u00c9s egyre t\u00f6bb, kidob\u00e1sra \u00edt\u00e9lt t\u00e1rgy. A pen\u00e9sz: a csendes gyilkos. \u00cdgy k\u00fczd\u00f6tt\u00fcnk meg vele!","breadcrumb":{"@id":"https:\/\/hir.mediamarkt.hu\/magazin\/remalmok-fulladasos-kohoges-ekcema-nehany-a-hazi-penesz-karos-hatasai-kozul\/#breadcrumb"},"inLanguage":"hu","potentialAction":[{"@type":"ReadAction","target":["https:\/\/hir.mediamarkt.hu\/magazin\/remalmok-fulladasos-kohoges-ekcema-nehany-a-hazi-penesz-karos-hatasai-kozul\/"]}]},{"@type":"ImageObject","inLanguage":"hu","@id":"https:\/\/hir.mediamarkt.hu\/magazin\/remalmok-fulladasos-kohoges-ekcema-nehany-a-hazi-penesz-karos-hatasai-kozul\/#primaryimage","url":"https:\/\/hir.mediamarkt.hu\/magazin\/wp-content\/uploads\/2019\/01\/pexels-photo-975771.jpeg","contentUrl":"https:\/\/hir.mediamarkt.hu\/magazin\/wp-content\/uploads\/2019\/01\/pexels-photo-975771.jpeg","width":1440,"height":807},{"@type":"BreadcrumbList","@id":"https:\/\/hir.mediamarkt.hu\/magazin\/remalmok-fulladasos-kohoges-ekcema-nehany-a-hazi-penesz-karos-hatasai-kozul\/#breadcrumb","itemListElement":[{"@type":"ListItem","position":1,"name":"Kezd\u0151lap","item":"https:\/\/hir.mediamarkt.hu\/magazin\/"},{"@type":"ListItem","position":2,"name":"R\u00e9m\u00e1lmok, fullad\u00e1sos k\u00f6h\u00f6g\u00e9s, ekc\u00e9ma: n\u00e9h\u00e1ny, a h\u00e1zi pen\u00e9sz k\u00e1ros hat\u00e1sai k\u00f6z\u00fcl"}]},{"@type":"WebSite","@id":"https:\/\/hir.mediamarkt.hu\/magazin\/#website","url":"https:\/\/hir.mediamarkt.hu\/magazin\/","name":"MediaMarkt Magazin","description":"Olvass bele magazinunkba!","potentialAction":[{"@type":"SearchAction","target":{"@type":"EntryPoint","urlTemplate":"https:\/\/hir.mediamarkt.hu\/magazin\/?s={search_term_string}"},"query-input":"required name=search_term_string"}],"inLanguage":"hu"},{"@type":"Person","@id":"https:\/\/hir.mediamarkt.hu\/magazin\/#\/schema\/person\/b93b02ec1ab4d2353f8d281e171c1b0b","name":"Media Markt","image":{"@type":"ImageObject","inLanguage":"hu","@id":"https:\/\/hir.mediamarkt.hu\/magazin\/#\/schema\/person\/image\/","url":"https:\/\/secure.gravatar.com\/avatar\/602bccae8998beee472d01909f0978f1?s=96&d=mm&r=g","contentUrl":"https:\/\/secure.gravatar.com\/avatar\/602bccae8998beee472d01909f0978f1?s=96&d=mm&r=g","caption":"Media Markt"}}]}},"_links":{"self":[{"href":"https:\/\/hir.mediamarkt.hu\/magazin\/wp-json\/wp\/v2\/posts\/7663"}],"collection":[{"href":"https:\/\/hir.mediamarkt.hu\/magazin\/wp-json\/wp\/v2\/posts"}],"about":[{"href":"https:\/\/hir.mediamarkt.hu\/magazin\/wp-json\/wp\/v2\/types\/post"}],"author":[{"embeddable":true,"href":"https:\/\/hir.mediamarkt.hu\/magazin\/wp-json\/wp\/v2\/users\/13"}],"replies":[{"embeddable":true,"href":"https:\/\/hir.mediamarkt.hu\/magazin\/wp-json\/wp\/v2\/comments?post=7663"}],"version-history":[{"count":1,"href":"https:\/\/hir.mediamarkt.hu\/magazin\/wp-json\/wp\/v2\/posts\/7663\/revisions"}],"predecessor-version":[{"id":7676,"href":"https:\/\/hir.mediamarkt.hu\/magazin\/wp-json\/wp\/v2\/posts\/7663\/revisions\/7676"}],"wp:featuredmedia":[{"embeddable":true,"href":"https:\/\/hir.mediamarkt.hu\/magazin\/wp-json\/wp\/v2\/media\/7664"}],"wp:attachment":[{"href":"https:\/\/hir.mediamarkt.hu\/magazin\/wp-json\/wp\/v2\/media?parent=7663"}],"wp:term":[{"taxonomy":"category","embeddable":true,"href":"https:\/\/hir.mediamarkt.hu\/magazin\/wp-json\/wp\/v2\/categories?post=7663"},{"taxonomy":"post_tag","embeddable":true,"href":"https:\/\/hir.mediamarkt.hu\/magazin\/wp-json\/wp\/v2\/tags?post=7663"}],"curies":[{"name":"wp","href":"https:\/\/api.w.org\/{rel}","templated":true}]}}