{"id":7677,"date":"2019-01-09T17:19:06","date_gmt":"2019-01-09T16:19:06","guid":{"rendered":"http:\/\/hir.mediamarkt.hu\/magazin\/?p=7677"},"modified":"2019-01-16T14:04:50","modified_gmt":"2019-01-16T13:04:50","slug":"a-januhairy-kihivasrol-szormenten","status":"publish","type":"post","link":"https:\/\/hir.mediamarkt.hu\/magazin\/a-januhairy-kihivasrol-szormenten\/","title":{"rendered":"A megoszt\u00f3 Januhairy kih\u00edv\u00e1sr\u00f3l, sz\u0151rment\u00e9n"},"content":{"rendered":"<strong>Nem biztos, hogy mindenkihez eljutott a h\u00edr, mindenesetre a f\u00e9rfiaknak sz\u00f3l\u00f3, a r\u00e1kos megbeteged\u00e9sek elleni k\u00fczdelem jelk\u00e9pek\u00e9nt elterjedt Movemberhez hasonl\u00f3an janu\u00e1r 1-vel \u00fatj\u00e1nak indult egy \u00e9rdekes \u00e9s fontos mozgalom. A r\u00e9sztvev\u0151 h\u00f6lgyeknek nincs m\u00e1s dolguk, csak \u00e9rintetlen\u00fcl hagyni a test\u00fck\u00f6n n\u00f6vekv\u0151 sz\u0151rsz\u00e1lakat. Hogy milyen \u00fczenet \u00e1ll az eg\u00e9sz m\u00f6g\u00f6tt, \u00e9s hogy mit gondolunk mi az atavista jamboree-r\u00f3l, kider\u00fcl cikk\u00fcnkb\u0151l!<\/strong><!--more-->\r\n\r\n&nbsp;\r\n<h2><strong>Minden egy egyetemista l\u00e1nnyal kezd\u0151d\u00f6tt\u2026<\/strong><\/h2>\r\n&nbsp;\r\n\r\n<span style=\"font-weight: 400;\">Vagy tal\u00e1n nem is. Minden azzal kezd\u0151d\u00f6tt, hogy a folyamatosan jelenl\u00e9v\u0151 sz\u00e9ps\u00e9gide\u00e1lok \u00e9s a h\u00e1tt\u00e9rben akt\u00edvan tev\u00e9kenyked\u0151 sz\u00e9ps\u00e9gipar kiki\u00e1ltotta a sz\u0151rt ellens\u00e9gnek. Ennek egy\u00e9bk\u00e9nt bizonyos szempontb\u00f3l van l\u00e9tjogosults\u00e1ga, azonban az, hogy az emberek fej\u00e9ben \u00edt\u00e9lkez\u00e9s j\u00f6tt l\u00e9tre a t\u00e9ma kapcs\u00e1n, m\u00e1r kor\u00e1ntsem korrekt. <strong>Mert h\u00e1t mi\u00e9rt ne lehetne az adott egy\u00e9n szent \u00e9s elidegen\u00edthetetlen joga, hogy az egy\u00e9bk\u00e9nt &#8211; \u00edzl\u00e9s szerint a j\u00f3 isten vagy a term\u00e9szet \u00e1ltal alkotott &#8211; \u00f6nmag\u00e1t\u00f3l n\u00f6v\u0151 sz\u0151rsz\u00e1lakat \u00fagy hagyja, ahogy azok vannak.<\/strong> B\u00e1r ezen sorok \u00edr\u00f3ja alapvet\u0151en l\u00e9nyegesen jobban \u00e9rzi mag\u00e1t akkor, amikor a l\u00e1ba olyan, mint az a bizonyos \u201cbabapopsi\u201d, fel sem mer\u00fcl benne, hogy k\u00fcl\u00f6n\u00f6sebb v\u00e9lem\u00e9nyt alkosson azokr\u00f3l, akik sz\u00e1m\u00e1ra a komfort\u00e9rzet m\u00e1shol van. <\/span>\r\n\r\n<span style=\"font-weight: 400;\">Mindenesetre t\u00e9ny, hogy a <strong>Januhairy n\u00e9vre hallgat\u00f3, Instagramon fut\u00f3 kih\u00edv\u00e1st a 21 \u00e9ves Laura Jackson ind\u00edtotta \u00fatj\u00e1ra.<\/strong> Az angol egyetemista mozgalm\u00e1val a l\u00e1nyokat, n\u0151ket arra pr\u00f3b\u00e1lja buzd\u00edtani, hogy fogadj\u00e1k el test\u00fcket \u00e9s \u00f6nmagukat, m\u00e9ghozz\u00e1 a term\u00e9szetes val\u00f3jukban. A mozgalommal Laura a <strong>Body Gossip<\/strong> nev\u0171 j\u00f3t\u00e9konys\u00e1gi szervezet is t\u00e1mogatni k\u00edv\u00e1njam a kit\u0171z\u00f6tt c\u00e9l 1000 angol font (kb. 360 000 forint) \u00f6sszegy\u0171jt\u00e9se. Az alap\u00edtv\u00e1ny testk\u00e9ppel foglalkoz\u00f3 oktat\u00e1si programmal rendelkezik, \u00edgy \u00e9rthet\u0151 a kapcsol\u00f3d\u00e1s. <\/span>\r\n\r\n<img loading=\"lazy\" decoding=\"async\" class=\"alignnone size-large wp-image-7683\" src=\"https:\/\/hir.mediamarkt.hu\/magazin\/wp-content\/uploads\/2019\/01\/06-1024x655.jpg\" alt=\"\" width=\"1024\" height=\"655\" srcset=\"https:\/\/hir.mediamarkt.hu\/magazin\/wp-content\/uploads\/2019\/01\/06-1024x655.jpg 1024w, https:\/\/hir.mediamarkt.hu\/magazin\/wp-content\/uploads\/2019\/01\/06-275x176.jpg 275w, https:\/\/hir.mediamarkt.hu\/magazin\/wp-content\/uploads\/2019\/01\/06-300x192.jpg 300w, https:\/\/hir.mediamarkt.hu\/magazin\/wp-content\/uploads\/2019\/01\/06-768x491.jpg 768w, https:\/\/hir.mediamarkt.hu\/magazin\/wp-content\/uploads\/2019\/01\/06.jpg 1167w\" sizes=\"(max-width: 1024px) 100vw, 1024px\" \/>\r\n<h2><\/h2>\r\n<h2><strong>Mi a l\u00e9nyeg?<\/strong><\/h2>\r\n&nbsp;\r\n\r\n<span style=\"font-weight: 400;\"><strong>A l\u00e9nyeg a szabads\u00e1g, a felszabadults\u00e1g, a test\u00fcnk szeretete.<\/strong> B\u00e1r \u00e9n magam nem \u00e9rtek teljesen egyet azzal, hogy mindenki mindig azt szajk\u00f3zza, \u00fagy vagyok j\u00f3, ahogy vagyok (nem, az elh\u00edz\u00e1s vagy a k\u00f3ros sov\u00e1nys\u00e1g nem j\u00f3 dolog, mert rettent\u0151 sok k\u00e1ros k\u00f6vetkezm\u00e9nnyel j\u00e1r), t\u00e9ny, hogy m\u00e1sok megsz\u00e9gyen\u00edt\u00e9s\u00e9hez senkinek sincs joga. Sem a test\u00falya, sem a kin\u00e9zete, sem a testsz\u0151rzete kapcs\u00e1n. <strong>A mai t\u00e1rsadalom vil\u00e1gszerte folyamatos \u00edt\u00e9lkez\u00e9st gyakorol. B\u00e1r nem volt r\u00e9gen minden jobb, t\u00e9ny, hogy egy arctalan kommentek \u00e9s k\u00f6vetkezm\u00e9nyek n\u00e9lk\u00fcli vil\u00e1gban egyszer\u0171en elvesztett\u00fck a kontrollt a j\u00f3zan \u00edt\u00e9l\u0151k\u00e9pess\u00e9g \u00e9s a szabad v\u00e9lem\u00e9nynyilv\u00e1n\u00edt\u00e1s joga felett. Az ugyanis, hogy folyton mindenkit kritiz\u00e1lunk, becsm\u00e9rl\u00fcnk elvileg nem j\u00e1rt a sz\u00f3l\u00e1sszabads\u00e1ggal. <\/strong><\/span>\r\n\r\n<span style=\"font-weight: 400;\">Mindenesetre, am\u00edg megtanuljuk elfogadni egym\u00e1st \u00e9s 100%-ig pozit\u00edvan haszn\u00e1lni a szabad vil\u00e1g adta el\u0151ny\u00f6ket, n\u00e9h\u00e1nyan k\u00e9nytelenek kih\u00edv\u00e1sokat, mozgalmakat ind\u00edtani olyan \u00fcgyek\u00e9rt is, amelyek, valljuk be, az\u00e9rt nem vil\u00e1grenget\u0151ek. Ennek ellen\u00e9re a Januhairy mozgalom kifejezetten szimpatikus kezdem\u00e9nyez\u00e9s, mert pontosan arra vil\u00e1g\u00edt r\u00e1, ami ma a legnehezebb: hogy szabadon d\u00f6nthess\u00fcnk. <\/span>\r\n\r\n<span style=\"font-weight: 400;\">Hogy valaki csatlakozik-e az egyre duzzad\u00f3 t\u00e1borhoz, vagy m\u00e1r eleve sz\u0151rrel \u00e9l, mag\u00e1n\u00fcgy.<\/span>\r\n<blockquote>\r\n<h2><span style=\"font-weight: 400;\"><strong>A jelens\u00e9g l\u00e9nyege nem az, hogy 30 napon \u00e1t visszafogjuk-e a borotv\u00e1t, az epil\u00e1tort, a gyant\u00e1t, vagy \u00e9pp a villan\u00f3f\u00e9nyes k\u00e9sz\u00fcl\u00e9ket. Hanem hogy k\u00e9pesek vagyunk-e \u00edt\u00e9lkez\u00e9s n\u00e9lk\u00fcl r\u00e1n\u00e9zni valakire, akinek m\u00e1smilyen a b\u0151re, akin t\u00f6bb &#8211; vagy m\u00e1smilyen &#8211; a sz\u0151r.<\/strong><\/span><\/h2>\r\n<\/blockquote>\r\n<span style=\"font-weight: 400;\">Ha \u00f6nazonos, boldog embert l\u00e1tunk, mi magunk is gazdagabbak lesz\u00fcnk a pozit\u00edv kisug\u00e1rz\u00e1s\u00e1val. Ha ehhez valakinek a sz\u0151r n\u00f6veszt\u00e9s szabads\u00e1ga kell, \u00e9ljen vele! Mi pedig kezdj\u00fcnk el hozz\u00e1szokni a l\u00e1tv\u00e1nyhoz, mert nem is olyan r\u00e9g m\u00e9g nem volt ekkora \u0151r\u00fclet a sz\u0151rtelen\u00edt\u00e9s. Ki tudja, hogy a sz\u00e9ps\u00e9gipar mikor hozza \u00fajra divatba a pelyheket?<\/span>\r\n\r\n<img loading=\"lazy\" decoding=\"async\" class=\"alignnone size-full wp-image-7679\" src=\"https:\/\/hir.mediamarkt.hu\/magazin\/wp-content\/uploads\/2019\/01\/02.jpg\" alt=\"\" width=\"1011\" height=\"749\" srcset=\"https:\/\/hir.mediamarkt.hu\/magazin\/wp-content\/uploads\/2019\/01\/02.jpg 1011w, https:\/\/hir.mediamarkt.hu\/magazin\/wp-content\/uploads\/2019\/01\/02-275x204.jpg 275w, https:\/\/hir.mediamarkt.hu\/magazin\/wp-content\/uploads\/2019\/01\/02-300x222.jpg 300w, https:\/\/hir.mediamarkt.hu\/magazin\/wp-content\/uploads\/2019\/01\/02-768x569.jpg 768w\" sizes=\"(max-width: 1011px) 100vw, 1011px\" \/>\r\n\r\n&nbsp;\r\n\r\n&nbsp;\r\n\r\n&nbsp;","protected":false},"excerpt":{"rendered":"A megoszt\u00f3 Januhairy kih\u00edv\u00e1sr\u00f3l, mozgalomr\u00f3l sz\u0151rment\u00e9n. A jelens\u00e9g l\u00e9nyege nem az, hogy 30 napon \u00e1t visszafogjuk-e a borotv\u00e1t. Hanem hogy k\u00e9pesek vagyunk-e \u00edt\u00e9lkez\u00e9s n\u00e9lk\u00fcl r\u00e1n\u00e9zni valakire, akinek m\u00e1smilyen a b\u0151re, akin t\u00f6bb &#8211; vagy m\u00e1smilyen &#8211; a sz\u0151r.","protected":false},"author":13,"featured_media":7706,"comment_status":"open","ping_status":"open","sticky":false,"template":"","format":"standard","meta":{"wprm-recipe-roundup-name":"","wprm-recipe-roundup-description":"","footnotes":""},"categories":[5968],"tags":[3048,3049,2363,2407,3046,3047,2408,3043,2127,2173,3044,2834,3045],"yoast_head":"<!-- This site is optimized with the Yoast SEO plugin v22.9 - https:\/\/yoast.com\/wordpress\/plugins\/seo\/ -->\n<title>A megoszt\u00f3 Januhairy kih\u00edv\u00e1sr\u00f3l, sz\u0151rment\u00e9n - MediaMarkt Magazin<\/title>\n<meta name=\"description\" content=\"Egy 21 \u00e9ves l\u00e1ny mozgalmat ind\u00edtott \u00e9s arra buzd\u00edtja a n\u0151ket vil\u00e1gszerte, hogy ne sz\u0151rtelen\u00edtsenek. Mi az \u00e9rtelme az eg\u00e9sznek? Mondjuk m\u00e1ris!\" \/>\n<meta name=\"robots\" content=\"index, follow, max-snippet:-1, max-image-preview:large, max-video-preview:-1\" \/>\n<link rel=\"canonical\" href=\"https:\/\/hir.mediamarkt.hu\/magazin\/a-januhairy-kihivasrol-szormenten\/\" \/>\n<meta property=\"og:locale\" content=\"hu_HU\" \/>\n<meta property=\"og:type\" content=\"article\" \/>\n<meta property=\"og:title\" content=\"A megoszt\u00f3 Januhairy kih\u00edv\u00e1sr\u00f3l, sz\u0151rment\u00e9n - MediaMarkt Magazin\" \/>\n<meta property=\"og:description\" content=\"Egy 21 \u00e9ves l\u00e1ny mozgalmat ind\u00edtott \u00e9s arra buzd\u00edtja a n\u0151ket vil\u00e1gszerte, hogy ne sz\u0151rtelen\u00edtsenek. Mi az \u00e9rtelme az eg\u00e9sznek? Mondjuk m\u00e1ris!\" \/>\n<meta property=\"og:url\" content=\"https:\/\/hir.mediamarkt.hu\/magazin\/a-januhairy-kihivasrol-szormenten\/\" \/>\n<meta property=\"og:site_name\" content=\"MediaMarkt Magazin\" \/>\n<meta property=\"article:publisher\" content=\"https:\/\/www.facebook.com\/MediaMarktMagyarorszag\" \/>\n<meta property=\"article:published_time\" content=\"2019-01-09T16:19:06+00:00\" \/>\n<meta property=\"article:modified_time\" content=\"2019-01-16T13:04:50+00:00\" \/>\n<meta property=\"og:image\" content=\"https:\/\/hir.mediamarkt.hu\/magazin\/wp-content\/uploads\/2019\/01\/januhairy-1.jpg\" \/>\n\t<meta property=\"og:image:width\" content=\"1080\" \/>\n\t<meta property=\"og:image:height\" content=\"540\" \/>\n\t<meta property=\"og:image:type\" content=\"image\/jpeg\" \/>\n<meta name=\"author\" content=\"Media Markt\" \/>\n<meta name=\"twitter:label1\" content=\"Szerz\u0151:\" \/>\n\t<meta name=\"twitter:data1\" content=\"Media Markt\" \/>\n\t<meta name=\"twitter:label2\" content=\"Becs\u00fclt olvas\u00e1si id\u0151\" \/>\n\t<meta name=\"twitter:data2\" content=\"4 perc\" \/>\n<script type=\"application\/ld+json\" class=\"yoast-schema-graph\">{\"@context\":\"https:\/\/schema.org\",\"@graph\":[{\"@type\":\"WebPage\",\"@id\":\"https:\/\/hir.mediamarkt.hu\/magazin\/a-januhairy-kihivasrol-szormenten\/\",\"url\":\"https:\/\/hir.mediamarkt.hu\/magazin\/a-januhairy-kihivasrol-szormenten\/\",\"name\":\"A megoszt\u00f3 Januhairy kih\u00edv\u00e1sr\u00f3l, sz\u0151rment\u00e9n - MediaMarkt Magazin\",\"isPartOf\":{\"@id\":\"https:\/\/hir.mediamarkt.hu\/magazin\/#website\"},\"primaryImageOfPage\":{\"@id\":\"https:\/\/hir.mediamarkt.hu\/magazin\/a-januhairy-kihivasrol-szormenten\/#primaryimage\"},\"image\":{\"@id\":\"https:\/\/hir.mediamarkt.hu\/magazin\/a-januhairy-kihivasrol-szormenten\/#primaryimage\"},\"thumbnailUrl\":\"https:\/\/hir.mediamarkt.hu\/magazin\/wp-content\/uploads\/2019\/01\/januhairy-1.jpg\",\"datePublished\":\"2019-01-09T16:19:06+00:00\",\"dateModified\":\"2019-01-16T13:04:50+00:00\",\"author\":{\"@id\":\"https:\/\/hir.mediamarkt.hu\/magazin\/#\/schema\/person\/b93b02ec1ab4d2353f8d281e171c1b0b\"},\"description\":\"Egy 21 \u00e9ves l\u00e1ny mozgalmat ind\u00edtott \u00e9s arra buzd\u00edtja a n\u0151ket vil\u00e1gszerte, hogy ne sz\u0151rtelen\u00edtsenek. Mi az \u00e9rtelme az eg\u00e9sznek? Mondjuk m\u00e1ris!\",\"breadcrumb\":{\"@id\":\"https:\/\/hir.mediamarkt.hu\/magazin\/a-januhairy-kihivasrol-szormenten\/#breadcrumb\"},\"inLanguage\":\"hu\",\"potentialAction\":[{\"@type\":\"ReadAction\",\"target\":[\"https:\/\/hir.mediamarkt.hu\/magazin\/a-januhairy-kihivasrol-szormenten\/\"]}]},{\"@type\":\"ImageObject\",\"inLanguage\":\"hu\",\"@id\":\"https:\/\/hir.mediamarkt.hu\/magazin\/a-januhairy-kihivasrol-szormenten\/#primaryimage\",\"url\":\"https:\/\/hir.mediamarkt.hu\/magazin\/wp-content\/uploads\/2019\/01\/januhairy-1.jpg\",\"contentUrl\":\"https:\/\/hir.mediamarkt.hu\/magazin\/wp-content\/uploads\/2019\/01\/januhairy-1.jpg\",\"width\":1080,\"height\":540},{\"@type\":\"BreadcrumbList\",\"@id\":\"https:\/\/hir.mediamarkt.hu\/magazin\/a-januhairy-kihivasrol-szormenten\/#breadcrumb\",\"itemListElement\":[{\"@type\":\"ListItem\",\"position\":1,\"name\":\"Kezd\u0151lap\",\"item\":\"https:\/\/hir.mediamarkt.hu\/magazin\/\"},{\"@type\":\"ListItem\",\"position\":2,\"name\":\"A megoszt\u00f3 Januhairy kih\u00edv\u00e1sr\u00f3l, sz\u0151rment\u00e9n\"}]},{\"@type\":\"WebSite\",\"@id\":\"https:\/\/hir.mediamarkt.hu\/magazin\/#website\",\"url\":\"https:\/\/hir.mediamarkt.hu\/magazin\/\",\"name\":\"MediaMarkt Magazin\",\"description\":\"Olvass bele magazinunkba!\",\"potentialAction\":[{\"@type\":\"SearchAction\",\"target\":{\"@type\":\"EntryPoint\",\"urlTemplate\":\"https:\/\/hir.mediamarkt.hu\/magazin\/?s={search_term_string}\"},\"query-input\":\"required name=search_term_string\"}],\"inLanguage\":\"hu\"},{\"@type\":\"Person\",\"@id\":\"https:\/\/hir.mediamarkt.hu\/magazin\/#\/schema\/person\/b93b02ec1ab4d2353f8d281e171c1b0b\",\"name\":\"Media Markt\",\"image\":{\"@type\":\"ImageObject\",\"inLanguage\":\"hu\",\"@id\":\"https:\/\/hir.mediamarkt.hu\/magazin\/#\/schema\/person\/image\/\",\"url\":\"https:\/\/secure.gravatar.com\/avatar\/602bccae8998beee472d01909f0978f1?s=96&d=mm&r=g\",\"contentUrl\":\"https:\/\/secure.gravatar.com\/avatar\/602bccae8998beee472d01909f0978f1?s=96&d=mm&r=g\",\"caption\":\"Media Markt\"}}]}<\/script>\n<!-- \/ Yoast SEO plugin. -->","yoast_head_json":{"title":"A megoszt\u00f3 Januhairy kih\u00edv\u00e1sr\u00f3l, sz\u0151rment\u00e9n - MediaMarkt Magazin","description":"Egy 21 \u00e9ves l\u00e1ny mozgalmat ind\u00edtott \u00e9s arra buzd\u00edtja a n\u0151ket vil\u00e1gszerte, hogy ne sz\u0151rtelen\u00edtsenek. Mi az \u00e9rtelme az eg\u00e9sznek? Mondjuk m\u00e1ris!","robots":{"index":"index","follow":"follow","max-snippet":"max-snippet:-1","max-image-preview":"max-image-preview:large","max-video-preview":"max-video-preview:-1"},"canonical":"https:\/\/hir.mediamarkt.hu\/magazin\/a-januhairy-kihivasrol-szormenten\/","og_locale":"hu_HU","og_type":"article","og_title":"A megoszt\u00f3 Januhairy kih\u00edv\u00e1sr\u00f3l, sz\u0151rment\u00e9n - MediaMarkt Magazin","og_description":"Egy 21 \u00e9ves l\u00e1ny mozgalmat ind\u00edtott \u00e9s arra buzd\u00edtja a n\u0151ket vil\u00e1gszerte, hogy ne sz\u0151rtelen\u00edtsenek. Mi az \u00e9rtelme az eg\u00e9sznek? Mondjuk m\u00e1ris!","og_url":"https:\/\/hir.mediamarkt.hu\/magazin\/a-januhairy-kihivasrol-szormenten\/","og_site_name":"MediaMarkt Magazin","article_publisher":"https:\/\/www.facebook.com\/MediaMarktMagyarorszag","article_published_time":"2019-01-09T16:19:06+00:00","article_modified_time":"2019-01-16T13:04:50+00:00","og_image":[{"width":1080,"height":540,"url":"https:\/\/hir.mediamarkt.hu\/magazin\/wp-content\/uploads\/2019\/01\/januhairy-1.jpg","type":"image\/jpeg"}],"author":"Media Markt","twitter_misc":{"Szerz\u0151:":"Media Markt","Becs\u00fclt olvas\u00e1si id\u0151":"4 perc"},"schema":{"@context":"https:\/\/schema.org","@graph":[{"@type":"WebPage","@id":"https:\/\/hir.mediamarkt.hu\/magazin\/a-januhairy-kihivasrol-szormenten\/","url":"https:\/\/hir.mediamarkt.hu\/magazin\/a-januhairy-kihivasrol-szormenten\/","name":"A megoszt\u00f3 Januhairy kih\u00edv\u00e1sr\u00f3l, sz\u0151rment\u00e9n - MediaMarkt Magazin","isPartOf":{"@id":"https:\/\/hir.mediamarkt.hu\/magazin\/#website"},"primaryImageOfPage":{"@id":"https:\/\/hir.mediamarkt.hu\/magazin\/a-januhairy-kihivasrol-szormenten\/#primaryimage"},"image":{"@id":"https:\/\/hir.mediamarkt.hu\/magazin\/a-januhairy-kihivasrol-szormenten\/#primaryimage"},"thumbnailUrl":"https:\/\/hir.mediamarkt.hu\/magazin\/wp-content\/uploads\/2019\/01\/januhairy-1.jpg","datePublished":"2019-01-09T16:19:06+00:00","dateModified":"2019-01-16T13:04:50+00:00","author":{"@id":"https:\/\/hir.mediamarkt.hu\/magazin\/#\/schema\/person\/b93b02ec1ab4d2353f8d281e171c1b0b"},"description":"Egy 21 \u00e9ves l\u00e1ny mozgalmat ind\u00edtott \u00e9s arra buzd\u00edtja a n\u0151ket vil\u00e1gszerte, hogy ne sz\u0151rtelen\u00edtsenek. Mi az \u00e9rtelme az eg\u00e9sznek? Mondjuk m\u00e1ris!","breadcrumb":{"@id":"https:\/\/hir.mediamarkt.hu\/magazin\/a-januhairy-kihivasrol-szormenten\/#breadcrumb"},"inLanguage":"hu","potentialAction":[{"@type":"ReadAction","target":["https:\/\/hir.mediamarkt.hu\/magazin\/a-januhairy-kihivasrol-szormenten\/"]}]},{"@type":"ImageObject","inLanguage":"hu","@id":"https:\/\/hir.mediamarkt.hu\/magazin\/a-januhairy-kihivasrol-szormenten\/#primaryimage","url":"https:\/\/hir.mediamarkt.hu\/magazin\/wp-content\/uploads\/2019\/01\/januhairy-1.jpg","contentUrl":"https:\/\/hir.mediamarkt.hu\/magazin\/wp-content\/uploads\/2019\/01\/januhairy-1.jpg","width":1080,"height":540},{"@type":"BreadcrumbList","@id":"https:\/\/hir.mediamarkt.hu\/magazin\/a-januhairy-kihivasrol-szormenten\/#breadcrumb","itemListElement":[{"@type":"ListItem","position":1,"name":"Kezd\u0151lap","item":"https:\/\/hir.mediamarkt.hu\/magazin\/"},{"@type":"ListItem","position":2,"name":"A megoszt\u00f3 Januhairy kih\u00edv\u00e1sr\u00f3l, sz\u0151rment\u00e9n"}]},{"@type":"WebSite","@id":"https:\/\/hir.mediamarkt.hu\/magazin\/#website","url":"https:\/\/hir.mediamarkt.hu\/magazin\/","name":"MediaMarkt Magazin","description":"Olvass bele magazinunkba!","potentialAction":[{"@type":"SearchAction","target":{"@type":"EntryPoint","urlTemplate":"https:\/\/hir.mediamarkt.hu\/magazin\/?s={search_term_string}"},"query-input":"required name=search_term_string"}],"inLanguage":"hu"},{"@type":"Person","@id":"https:\/\/hir.mediamarkt.hu\/magazin\/#\/schema\/person\/b93b02ec1ab4d2353f8d281e171c1b0b","name":"Media Markt","image":{"@type":"ImageObject","inLanguage":"hu","@id":"https:\/\/hir.mediamarkt.hu\/magazin\/#\/schema\/person\/image\/","url":"https:\/\/secure.gravatar.com\/avatar\/602bccae8998beee472d01909f0978f1?s=96&d=mm&r=g","contentUrl":"https:\/\/secure.gravatar.com\/avatar\/602bccae8998beee472d01909f0978f1?s=96&d=mm&r=g","caption":"Media Markt"}}]}},"_links":{"self":[{"href":"https:\/\/hir.mediamarkt.hu\/magazin\/wp-json\/wp\/v2\/posts\/7677"}],"collection":[{"href":"https:\/\/hir.mediamarkt.hu\/magazin\/wp-json\/wp\/v2\/posts"}],"about":[{"href":"https:\/\/hir.mediamarkt.hu\/magazin\/wp-json\/wp\/v2\/types\/post"}],"author":[{"embeddable":true,"href":"https:\/\/hir.mediamarkt.hu\/magazin\/wp-json\/wp\/v2\/users\/13"}],"replies":[{"embeddable":true,"href":"https:\/\/hir.mediamarkt.hu\/magazin\/wp-json\/wp\/v2\/comments?post=7677"}],"version-history":[{"count":7,"href":"https:\/\/hir.mediamarkt.hu\/magazin\/wp-json\/wp\/v2\/posts\/7677\/revisions"}],"predecessor-version":[{"id":7688,"href":"https:\/\/hir.mediamarkt.hu\/magazin\/wp-json\/wp\/v2\/posts\/7677\/revisions\/7688"}],"wp:featuredmedia":[{"embeddable":true,"href":"https:\/\/hir.mediamarkt.hu\/magazin\/wp-json\/wp\/v2\/media\/7706"}],"wp:attachment":[{"href":"https:\/\/hir.mediamarkt.hu\/magazin\/wp-json\/wp\/v2\/media?parent=7677"}],"wp:term":[{"taxonomy":"category","embeddable":true,"href":"https:\/\/hir.mediamarkt.hu\/magazin\/wp-json\/wp\/v2\/categories?post=7677"},{"taxonomy":"post_tag","embeddable":true,"href":"https:\/\/hir.mediamarkt.hu\/magazin\/wp-json\/wp\/v2\/tags?post=7677"}],"curies":[{"name":"wp","href":"https:\/\/api.w.org\/{rel}","templated":true}]}}