{"id":7789,"date":"2019-01-25T14:37:47","date_gmt":"2019-01-25T13:37:47","guid":{"rendered":"http:\/\/hir.mediamarkt.hu\/magazin\/?p=7789"},"modified":"2019-02-13T22:47:08","modified_gmt":"2019-02-13T21:47:08","slug":"bosch-home-connect-otthon-kenyelem-2019","status":"publish","type":"post","link":"https:\/\/hir.mediamarkt.hu\/magazin\/bosch-home-connect-otthon-kenyelem-2019\/","title":{"rendered":"M\u00e9g t\u00f6bb \u201crobots\u00e1g\u201d a Bosch Home Connect j\u00f3volt\u00e1b\u00f3l!"},"content":{"rendered":"<strong>Nemr\u00e9g kicsit <a href=\"https:\/\/hir.mediamarkt.hu\/magazin\/okos-eszkozok-utopia-vagy-lassan-tenyleg-onmukodo-lakasokban-elhetunk\/\">\u00e9rtekezt\u00fcnk a robotok m\u00faltj\u00e1r\u00f3l \u00e9s a 2019-es okos g\u00e9pek trendjeir\u0151l<\/a>. A t\u00e9ma kapcs\u00e1n azonban nem mehett\u00fcnk el sz\u00f3 n\u00e9lk\u00fcl a Bosch innovat\u00edv szeml\u00e9lete \u00e9s a felhaszn\u00e1l\u00f3k \u00e9let\u00e9nek k\u00f6nnyebb\u00e9 t\u00e9tel\u00e9t szolg\u00e1l\u00f3 eszk\u00f6zei mellett. A c\u00e9g annyira sz\u00e9p munk\u00e1t v\u00e9gzett, hogy egy k\u00fcl\u00f6n bejegyz\u00e9st \u00e9rdemeltek. \u00d6r\u00f6m n\u00e9zni, milyen h\u00e1ztart\u00e1si kis- \u00e9s nagyg\u00e9pek szabad\u00edthatj\u00e1k fel az energi\u00e1inkat, na meg azt is, milyen \u00fajdons\u00e1gokkal k\u00e9nyezteti a m\u00e1rka a h\u00e1ztart\u00e1st egyben tartani v\u00e1gy\u00f3 h\u00e1zi t\u00fcnd\u00e9reket. Legyenek \u00e9pp n\u0151k vagy f\u00e9rfiak. S\u00fct\u0151, k\u00e1v\u00e9f\u0151z\u0151g\u00e9p, h\u0171t\u0151, mosogat\u00f3g\u00e9p, mos\u00f3g\u00e9p, sz\u00e1r\u00edt\u00f3g\u00e9p? Egyre megy! Mind okos!<\/strong><!--more-->\r\n\r\n&nbsp;\r\n<h2><b>Mivel is kezdj\u00fck? Mondjuk egy app-pal mind felett!<\/b><\/h2>\r\n&nbsp;\r\n\r\n<span style=\"font-weight: 400;\">A <\/span><span style=\"font-weight: 400;\">Home Connect applik\u00e1ci\u00f3<\/span><span style=\"font-weight: 400;\"> \u201cIntelligens jelen. Intelligens j\u00f6v\u0151.\u201d szlongenje pontosan k\u00f6r\u00fcl\u00edrja a term\u00e9ket. Azaz az eg\u00e9sz term\u00e9k-birodalmat. Mert hogy a 2017 eleje \u00f3ta a Bosch valamennyi term\u00e9kkateg\u00f3ri\u00e1j\u00e1nak h\u00e1ztart\u00e1si k\u00e9sz\u00fcl\u00e9kei k\u00f6z\u00f6tt jelen l\u00e9v\u0151, a Home Connect funkci\u00f3val ell\u00e1tott darabjai egyre csak fejl\u0151dve \u00f6sszekapcsol\u00f3dnak.<\/span>\r\n\r\n<span style=\"font-weight: 400;\">A c\u00e9g elmond\u00e1sa szerint a Home Connect applik\u00e1ci\u00f3 \u201ct\u00f6bb, mint t\u00e1vir\u00e1ny\u00edt\u00f3\u201d. Nem csak azt teszi lehet\u0151v\u00e9, hogy fel\u00fcgyelj\u00fck \u00e9s vez\u00e9relj\u00fck Bosch h\u00e1ztart\u00e1si k\u00e9sz\u00fcl\u00e9keinket, hanem ingyenes hozz\u00e1f\u00e9r\u00e9st is biztos\u00edt a folyamatosan n\u00f6vekv\u0151 sz\u00e1m\u00fa szolg\u00e1ltat\u00e1shoz, tartoz\u00e9kaj\u00e1nl\u00e1shoz, \u00f6tletekhez \u00e9s h\u00e1ztart\u00e1si k\u00e9sz\u00fcl\u00e9keink \u00e1llapotfriss\u00edt\u00e9seihez. S\u0151t, biztos, ami biztos: \u00fcgyf\u00e9lszolg\u00e1latuk t\u00e1vdiagnosztik\u00e1t is k\u00edn\u00e1l s\u00fct\u0151re, mosogat\u00f3g\u00e9pre \u00e9s be\u00e9p\u00edthet\u0151 k\u00e1v\u00e9f\u0151z\u0151g\u00e9pre.<\/span>\r\n\r\n&nbsp;\r\n\r\n<iframe loading=\"lazy\" title=\"Bosch Home Appliances with Home Connect: Smart today. Smart tomorrow.\" width=\"900\" height=\"506\" src=\"https:\/\/www.youtube.com\/embed\/2CsPRnqCSBs?feature=oembed\" frameborder=\"0\" allow=\"accelerometer; autoplay; clipboard-write; encrypted-media; gyroscope; picture-in-picture; web-share\" referrerpolicy=\"strict-origin-when-cross-origin\" allowfullscreen><\/iframe>\r\n\r\n&nbsp;\r\n<h2><b>A hogyanr\u00f3l<\/b><\/h2>\r\n&nbsp;\r\n\r\n<span style=\"font-weight: 400;\">A valamennyi Bosch h\u00e1ztart\u00e1si k\u00e9sz\u00fcl\u00e9ket okoseszk\u00f6zeivel \u00f6sszek\u00f6t\u0151 Home Connect az otthoni Wifi-h\u00e1l\u00f3zatot haszn\u00e1lja, \u00edgy nincsen sz\u00fcks\u00e9g tov\u00e1bbi hardvereszk\u00f6z\u00f6kre. A c\u00e9gn\u00e9l m\u00e1r most messzebbre tekintenek az intelligens k\u00e9sz\u00fcl\u00e9kekn\u00e9l, eg\u00e9szen a <\/span><b>teljesen integr\u00e1lt intelligens otthonig. <\/b><span style=\"font-weight: 400;\">\u00c9pp ez\u00e9rt a rendszert egy felh\u0151alap\u00fa, fejleszt\u0151bar\u00e1t platformon fut, amely nagy m\u00e9rt\u00e9kben kompatibilis \u00e9s interoper\u00e1bilis m\u00e1s intelligens technol\u00f3gi\u00e1kkal. Ez az, amit \u00fagy h\u00edvnak teh\u00e1t: Intelligens jelen. Intelligens j\u00f6v\u0151. De hogy fest ez a gyakorlatban? El\u00e9g j\u00f3l\u2026<\/span>\r\n\r\n&nbsp;\r\n<h2><b>S\u00fct, f\u0151z, nem szak\u00e1cs: mi az? Bosch Home Connect s\u00fct\u0151!<\/b><\/h2>\r\n&nbsp;\r\n\r\n<span style=\"font-weight: 400;\">Az app t\u00f6bbek k\u00f6z\u00f6tt olyan nyal\u00e1nks\u00e1gokat k\u00edn\u00e1l, mint: <\/span>\r\n<ul>\r\n \t<li style=\"font-weight: 400;\"><span style=\"font-weight: 400;\">egy receptgy\u0171jtem\u00e9ny<\/span><\/li>\r\n \t<li style=\"font-weight: 400;\"><span style=\"font-weight: 400;\">\u00e9lelmiszerek felhaszn\u00e1l\u00e1sr\u00f3l, t\u00e1rol\u00e1s\u00e1r\u00f3l sz\u00f3l\u00f3 inform\u00e1ci\u00f3k (pl. t\u00e1rol\u00e1si tan\u00e1csok, id\u0151, t\u00e1panyag\u00e9rt\u00e9kek stb.)<\/span><\/li>\r\n \t<li style=\"font-weight: 400;\"><span style=\"font-weight: 400;\">t\u00e1vfel\u00fcgyelet \u00e9s be\u00e1ll\u00edt\u00e1s, ak\u00e1r gyerekz\u00e1rral<\/span><\/li>\r\n \t<li style=\"font-weight: 400;\"><span style=\"font-weight: 400;\">\u00e9rtes\u00edt\u00e9sek, inform\u00e1ci\u00f3k (pl. s\u00fct\u00e9si praktik\u00e1k, alapanyagok, \u00e9rtes\u00edt\u00e9s, ha elk\u00e9sz\u00fclt az \u00e9tel, vagy ha \u00e9pp \u00fcres a v\u00edztart\u00e1ly)<\/span><\/li>\r\n<\/ul>\r\n<span style=\"font-weight: 400;\">Az egyik kedvenc lehet\u0151s\u00e9g\u00fcnk, a Seg\u00e9d f\u00fcl alatt kiv\u00e1laszthat\u00f3 \u00e9telek list\u00e1ja. Az app ezut\u00e1n a konkr\u00e9t fog\u00e1s elk\u00e9sz\u00edt\u00e9s\u00e9hez ny\u00fajt seg\u00edts\u00e9get \u00e9s megadja a megfelel\u0151 programot az elk\u00e9sz\u00edt\u00e9shez. \u00cdgy ak\u00e1r c\u00e9kl\u00e1t, ak\u00e1r eg\u00e9sz halat k\u00e9sz\u00edt\u00fcnk, tudni fogjuk, hogy g\u0151zzel, vagy an\u00e9lk\u00fcl kell-e ropog\u00f3ss\u00e1-olvad\u00f3ss\u00e1 var\u00e1zsolnunk a finoms\u00e1got. Na \u00e9s persze azt is, h\u00e1ny percig kell s\u00fctn\u00fcnk, p\u00e1rolnunk! De komoly seg\u00edts\u00e9gnek t\u0171nik a tiszt\u00edt\u00e1s r\u00e9szn\u00e9l be\u00e1ll\u00edthat\u00f3 v\u00edzk\u0151 elt\u00e1vol\u00edt\u00e1s \u00e9s sz\u00e1r\u00edt\u00e1si funkci\u00f3 is.\u00a0<\/span><span style=\"font-weight: 400;\">A virtu\u00e1lis receptk\u00f6nyvvel m\u00e1r t\u00e9nyleg csak az nem tud f\u0151zni, aki nem akar. A vil\u00e1gszint\u0171 recept oldalt 150 orsz\u00e1gban t\u00f6bb mint 15 milli\u00f3 alkalommal t\u00f6lt\u00f6tt\u00e9k le. A\u00a0<\/span><span style=\"font-weight: 400;\">felhaszn\u00e1l\u00f3bar\u00e1t receptek vide\u00f3kat \u00e9s l\u00e9p\u00e9sr\u0151l-l\u00e9p\u00e9sre k\u00e9sz\u00fclt fot\u00f3kat is k\u00edn\u00e1lnak, ami sok kezd\u0151 sz\u00e1m\u00e1ra nagy seg\u00edts\u00e9g lehet!<\/span>\r\n\r\n<img loading=\"lazy\" decoding=\"async\" class=\"alignnone size-full wp-image-7800\" src=\"https:\/\/hir.mediamarkt.hu\/magazin\/wp-content\/uploads\/2019\/01\/12.jpg\" alt=\"\" width=\"600\" height=\"413\" srcset=\"https:\/\/hir.mediamarkt.hu\/magazin\/wp-content\/uploads\/2019\/01\/12.jpg 600w, https:\/\/hir.mediamarkt.hu\/magazin\/wp-content\/uploads\/2019\/01\/12-275x189.jpg 275w, https:\/\/hir.mediamarkt.hu\/magazin\/wp-content\/uploads\/2019\/01\/12-300x207.jpg 300w\" sizes=\"(max-width: 600px) 100vw, 600px\" \/>\r\n\r\n&nbsp;\r\n<h2><b>Cool down! A Bosch Home Connect h\u0171t\u0151 rejtelmei!<\/b><\/h2>\r\n&nbsp;\r\n\r\n<span style=\"font-weight: 400;\">Szeretn\u00e9d l\u00e1tni b\u00e1rhonnan, mi van otthon a h\u0171t\u0151dben? Mit faltak fel a t\u00f6bbiek, am\u00edg t\u00e1vol volt\u00e1l? A k\u00e9t, a h\u0171t\u0151ben tal\u00e1lhat\u00f3 kamera minden alkalommal k\u00e9peket csin\u00e1l, mikor a k\u00e9sz\u00fcl\u00e9k ajtaja becsuk\u00f3dik. Mindez persze felhaszn\u00e1lhat\u00f3 ellened is, m\u00e1r ha zug-ev\u0151 vagy. De az alapvet\u0151 funkci\u00f3 persze nem erre j\u00f6tt l\u00e9tre (meg nyilv\u00e1n neked sincsenek akarater\u0151 probl\u00e9m\u00e1id). Ennek k\u00f6sz\u00f6nhet\u0151en a felhaszn\u00e1l\u00f3 mindig tudja, mi van a h\u0171t\u0151ben, vagyis azt is, mi az, ami hi\u00e1nyzik. \u00cdgy az \u00fatba es\u0151 v\u00e1s\u00e1rl\u00e1s sor\u00e1n p\u00f3tolhatja a f\u00e1j\u00f3 hi\u00e1nyt.<\/span>\r\n\r\n<span style=\"font-weight: 400;\">Az app emellett t\u00e1rol\u00e1si \u00fatmutat\u00f3val, \u00e9lelmiszer t\u00e1rol\u00e1si inform\u00e1ci\u00f3kkal is szolg\u00e1l \u00e9s tippeket ad, hogy melyik \u00e9lelmiszert hol kell t\u00e1rolni: esetleg a fagyaszt\u00f3ban, vagy ink\u00e1bb a hagyom\u00e1nyos \u201crakt\u00e9rben\u201d. A Smart food management 60 z\u00f6lds\u00e9get \u00e9s gy\u00fcm\u00f6lcs\u00f6t ismer fel, meghaladva ezzel j\u00f3n\u00e9h\u00e1nyunk tud\u00e1s\u00e1t. Majd a felismert term\u00e9khez recepteket is aj\u00e1nl. Magyar\u00e1n: ha kell, ak\u00e1r megtervezi sz\u00e1munkra a men\u00fct! Hab a tort\u00e1n, hogy az applik\u00e1ci\u00f3 jelez, ha az \u00e9lelmiszereink szavatoss\u00e1gi idej\u00e9t vesz\u00e9ly fenyegeti, amivel elker\u00fclhet\u0151 az \u00e9lelmiszerpazarl\u00e1s.<\/span>\r\n\r\n<img loading=\"lazy\" decoding=\"async\" class=\"alignnone size-full wp-image-7802\" src=\"https:\/\/hir.mediamarkt.hu\/magazin\/wp-content\/uploads\/2019\/01\/13.jpg\" alt=\"\" width=\"600\" height=\"413\" srcset=\"https:\/\/hir.mediamarkt.hu\/magazin\/wp-content\/uploads\/2019\/01\/13.jpg 600w, https:\/\/hir.mediamarkt.hu\/magazin\/wp-content\/uploads\/2019\/01\/13-275x189.jpg 275w, https:\/\/hir.mediamarkt.hu\/magazin\/wp-content\/uploads\/2019\/01\/13-300x207.jpg 300w\" sizes=\"(max-width: 600px) 100vw, 600px\" \/>\r\n\r\n&nbsp;\r\n<h2><b>Reggeli \u00f6r\u00f6m\u00f6k: a Bosch Home Connect be\u00e9p\u00edthet\u0151 k\u00e1v\u00e9f\u0151z\u0151i<\/b><\/h2>\r\n&nbsp;\r\n\r\n<span style=\"font-weight: 400;\">A k\u00e9sz\u00fcl\u00e9k \u00e9s az applik\u00e1ci\u00f3 boldog tulajdonosa 19 \u00faj nemzetk\u00f6zi k\u00e1v\u00e9 specialit\u00e1s k\u00f6z\u00fcl v\u00e1laszthat az ausztr\u00e1l Flat White-t\u00f3l a spanyol Caf\u00e9 Cortado-ig, majd egy p\u00e1r p\u00f6ttyint\u00e9ssel megrendelheti k\u00edv\u00e1ns\u00e1g\u00e1t. B\u00e1rhonnan! Ak\u00e1r az \u00e1gyb\u00f3l vagy \u00e9pp az erk\u00e9lyr\u0151l is.\u00a0 A g\u00e9p m\u0171k\u00f6d\u00e9sbe lend\u00fcl \u00e9s m\u00e1r \u00e1rad is az elk\u00e9peszt\u0151 k\u00e1v\u00e9 illat. A k\u00e9sz\u00fcl\u00e9k\u00fcnk egy\u00e9bk\u00e9nt amolyan \u201c k\u00e1v\u00e9 lej\u00e1tsz\u00e1si list\u00e1t\u201d is \u00f6ssze tud \u00e1ll\u00edtani, aminek h\u00e1la a g\u00e9p\u00a0egym\u00e1s ut\u00e1n sz\u00e9p sorj\u00e1ban elk\u00e9sz\u00edti a k\u00e9rt kedvenceket. Az app fel\u00fclet\u00e9n a poh\u00e1r m\u00e9rete \u00e9s a vend\u00e9g neve is megjelenik. H\u00e1t nem aranyos?<\/span>\r\n\r\n<span style=\"font-weight: 400;\">\u00c9s ha valaki nem csak inn\u00e1, de tanulm\u00e1nyozn\u00e1 is a k\u00e1v\u00e9fogyaszt\u00e1s vil\u00e1g\u00e1t a \u201cKnow How\u201d szekci\u00f3ban olyan inform\u00e1ci\u00f3khoz juthat, mint pl. a k\u00e1v\u00e9 p\u00f6rk\u00f6l\u00e9s, k\u00e1v\u00e9 betakar\u00edt\u00e1s, vagy az eg\u00e9szs\u00e9ges k\u00e1v\u00e9z\u00e1s ism\u00e9rvei. Emellett &#8211; \u00e9s ez tal\u00e1n m\u00e1r mag\u00e1t\u00f3l \u00e9rtet\u0151d\u0151 &#8211; a felhaszn\u00e1l\u00f3 egy adag recepttel is gazdagszik, amely tartalmazza a k\u00fcl\u00f6nb\u00f6z\u0151 italokhoz tartoz\u00f3 k\u00e1v\u00e9 \u00f6sszetev\u0151ket \u00e9s a k\u00e9sz\u00fcl\u00e9k adott be\u00e1ll\u00edt\u00e1sait is.\u00a0<\/span><span style=\"font-weight: 400;\">A kedvenc \u201cfeature\u201d-\u00fcnk egy\u00e9bk\u00e9nt, hogy amennyiben elfelejtett\u00fck kivenni a tejes dobozt a g\u00e9pb\u0151l, a k\u00e9sz\u00fcl\u00e9k eml\u00e9keztet minket, tegy\u00fck be azt a h\u0171t\u0151be. Egyszer\u0171en nem lehet \u00edgy hib\u00e1zni!<\/span>\r\n\r\n<img loading=\"lazy\" decoding=\"async\" class=\"alignnone size-full wp-image-7803\" src=\"https:\/\/hir.mediamarkt.hu\/magazin\/wp-content\/uploads\/2019\/01\/14.jpg\" alt=\"\" width=\"600\" height=\"413\" srcset=\"https:\/\/hir.mediamarkt.hu\/magazin\/wp-content\/uploads\/2019\/01\/14.jpg 600w, https:\/\/hir.mediamarkt.hu\/magazin\/wp-content\/uploads\/2019\/01\/14-275x189.jpg 275w, https:\/\/hir.mediamarkt.hu\/magazin\/wp-content\/uploads\/2019\/01\/14-300x207.jpg 300w\" sizes=\"(max-width: 600px) 100vw, 600px\" \/>\r\n<h2><b>\u00c9s ha m\u00e1r mindent megett\u00fcnk, megittunk, j\u00f6het a Bosch Home Connect mosogat\u00f3g\u00e9p<\/b><\/h2>\r\n&nbsp;\r\n\r\n<span style=\"font-weight: 400;\">A funkcionalit\u00e1s mellett a Bosch a designra is nagyon \u00fcgyel, \u00edgy \u201cEmotion Light Pro\u201d fejleszt\u00e9s\u00e9nek h\u00e1la be\u00e1ll\u00edthatjuk a szoba hangulat\u00e1hoz passzol\u00f3, a mosogat\u00f3g\u00e9p belsej\u00e9t meghat\u00e1roz\u00f3 megvil\u00e1g\u00edt\u00e1st. A h\u0151n \u00e1h\u00edtott sz\u00ednt azut\u00e1n p\u00e9ld\u00e1ul az elsz\u00edv\u00f3val is harmoniz\u00e1lhatjuk.\u00a0<\/span><span style=\"font-weight: 400;\">Hogy a k\u00e9sz\u00fcl\u00e9k sok\u00e1ig b\u00edrja a gy\u0171r\u0151d\u00e9st, a program &#8222;\u00fcresj\u00e1rat eset\u00e9n&#8221; minden 30. ciklus ut\u00e1n felk\u00edn\u00e1lja a tart\u00e1ly tiszt\u00edt\u00e1s\u00e1t. Tov\u00e1bb\u00e1 t\u00e1j\u00e9koztatja a tabletta kifogy\u00e1s\u00e1r\u00f3l, hogy m\u00e9g id\u0151ben \u00fajat tudjunk v\u00e1s\u00e1rolni. A \u201ck\u00e9zi\u201d \u00e9s az \u201cegyszer\u0171\u201d ir\u00e1ny\u00edt\u00e1si funkci\u00f3kkal a kezd\u0151k \u00e9s a m\u00e1r fekete \u00f6ves felhaszn\u00e1l\u00f3k \u00e9let\u00e9t k\u00edv\u00e1nja a Bosch m\u00e9g kellemesebb\u00e9 \u00e9s k\u00f6nnyebb\u00e9 tenni.<\/span>\r\n\r\n&nbsp;\r\n<h2><strong>El\u0151 a szennyessel, induljon be a Bosch Home Connect mos\u00f3-sz\u00e1r\u00edt\u00f3g\u00e9p!<\/strong><\/h2>\r\n&nbsp;\r\n\r\n<span style=\"font-weight: 400;\">B\u00e1r a ruh\u00e1kat m\u00e9g mindig nek\u00fcnk kell a g\u00e9pbe betenni \u00e9s abb\u00f3l kivenni, az applik\u00e1ci\u00f3 megtal\u00e1lja a hozz\u00e1juk legjobban ill\u0151 programot \u00e9s opci\u00f3kat, ellen\u0151rzi, hogy bekapcsoltuk-e a k\u00e9sz\u00fcl\u00e9ket \u00e9s be\u00e1ll\u00edtottuk-e a t\u00e1voli ir\u00e1ny\u00edt\u00e1s funkci\u00f3t, valamint \u00e9rtes\u00edt\u00e9st k\u00fcld, ha v\u00e9gzett a munk\u00e1val.\u00a0<\/span>\r\n\r\n<img loading=\"lazy\" decoding=\"async\" class=\"alignnone size-full wp-image-7801\" src=\"https:\/\/hir.mediamarkt.hu\/magazin\/wp-content\/uploads\/2019\/01\/12a.jpg\" alt=\"\" width=\"600\" height=\"413\" srcset=\"https:\/\/hir.mediamarkt.hu\/magazin\/wp-content\/uploads\/2019\/01\/12a.jpg 600w, https:\/\/hir.mediamarkt.hu\/magazin\/wp-content\/uploads\/2019\/01\/12a-275x189.jpg 275w, https:\/\/hir.mediamarkt.hu\/magazin\/wp-content\/uploads\/2019\/01\/12a-300x207.jpg 300w\" sizes=\"(max-width: 600px) 100vw, 600px\" \/>\r\n<h2><\/h2>\r\n<h2><b>Hogy mindenki boldogan l\u00e9legezhessen fel a nap v\u00e9g\u00e9n : a Bosch Home Connect p\u00e1raelsz\u00edv\u00f3<\/b><\/h2>\r\n&nbsp;\r\n\r\n<span style=\"font-weight: 400;\">Az alap hangulaton az \u00e1ll\u00edthat\u00f3 h\u00e1tt\u00e9rvil\u00e1g\u00edt\u00e1s is jav\u00edt, amelyet szinkroniz\u00e1lva pl. a tv azonos funkci\u00f3j\u00e1val m\u00e9g t\u00f6k\u00e9letesebb\u00e9 tehet\u00fcnk.\u00a0 A l\u00e9nyeg azonban, hogy a<\/span><span style=\"font-weight: 400;\">\u00a0biztons\u00e1gi \u00e9rtes\u00edt\u00e9sek \u00e9s eml\u00e9keztet\u0151k, a sz\u0171r\u0151 tel\u00edtetts\u00e9g, a karbantart\u00e1si \u00fatmutat\u00f3 \u00e9s a t\u00e1voli be\u00e1ll\u00edt\u00e1s \u00e9s fel\u00fcgyelet sokat seg\u00edthet a h\u00e9tk\u00f6znapok biztons\u00e1gosabb\u00e1 t\u00e9tel\u00e9ben.\u00a0<\/span>\r\n\r\n&nbsp;\r\n\r\n<strong>R\u00f6viden \u00f6sszefoglalva: akad minden, mi szem, sz\u00e1jnak ingere. Cs\u00f6kkenthet\u0151 a hibasz\u00e1zal\u00e9k (ld. kidob\u00e1sra \u00edt\u00e9lt \u00e9telek) \u00e9s maxim\u00e1lisra n\u00f6velhet\u0151 a komfort\u00e9rzet (pl. \u00e9bred\u00e9sre elk\u00e9sz\u00fcl\u0151 k\u00e1v\u00e9).\u00a0<\/strong>\r\n\r\n&nbsp;\r\n<h2><strong>Kapcsol\u00f3d\u00f3 MediaMarkt term\u00e9kek:\u00a0<\/strong><\/h2>\r\n<strong>Bosch HOME CONNECT k\u00e9sz\u00fcl\u00e9kek:<\/strong>\r\n\r\n<a href=\"https:\/\/www.mediamarkt.hu\/hu\/product\/_bosch-hsg636xs6-be%C3%A9p%C3%ADthet%C5%91-s%C3%BCt%C5%91-1233328.html?ga_query=HSG636XS6\" target=\"_blank\" rel=\"noopener\">BOSCH HSG636XS6 be\u00e9p\u00edthet\u0151 s\u00fct\u0151<\/a>\r\n\r\n<a href=\"https:\/\/www.mediamarkt.hu\/hu\/product\/_bosch-pxv975dv1e-be%C3%A9p%C3%ADthet%C5%91-ker%C3%A1mia-f%C5%91z%C5%91lap-1244927.html?ga_query=PXV975DV1E\" target=\"_blank\" rel=\"noopener\">BOSCH PXV975DV1E be\u00e9p\u00edthet\u0151 ker\u00e1mia f\u0151z\u0151lap<\/a>\r\n\r\n<a href=\"https:\/\/www.mediamarkt.hu\/hu\/product\/_bosch-pxy875kw1e-be%C3%A9p%C3%ADthet%C5%91-ker%C3%A1mia-f%C5%91z%C5%91lap-1244928.html?ga_query=PXY875KW1E\" target=\"_blank\" rel=\"noopener\">BOSCH PXY875KW1E be\u00e9p\u00edthet\u0151 ker\u00e1mia f\u0151z\u0151lap<\/a>\r\n\r\n<a href=\"https:\/\/www.mediamarkt.hu\/hu\/product\/_bosch-dwk98pr60-k%C3%BCrt%C5%91be-%C3%A9p%C3%ADthet%C5%91-p%C3%A1raelsz%C3%ADv%C3%B3-1230632.html?ga_query=DWK98PR60\" target=\"_blank\" rel=\"noopener\">BOSCH DWK98PR60 K\u00fcrt\u0151be \u00e9p\u00edthet\u0151 p\u00e1raelsz\u00edv\u00f3<\/a>\r\n\r\n<a href=\"https:\/\/www.mediamarkt.hu\/hu\/product\/_bosch-sms68ti06e-mosogat%C3%B3g%C3%A9p-1229027.html?ga_query=SMS68TI06E\" target=\"_blank\" rel=\"noopener\">BOSCH SMS68TI06E mosogat\u00f3g\u00e9p<\/a>\r\n\r\n<a href=\"https:\/\/www.mediamarkt.hu\/hu\/product\/_bosch-sms88ti36e-mosogat%C3%B3g%C3%A9p-1229028.html?ga_query=SMS88TI36E\" target=\"_blank\" rel=\"noopener\">BOSCH SMS88TI36E mosogat\u00f3g\u00e9p<\/a>\r\n<div class=\"sidebar-form hide\">\r\n<div class=\"ee-wrapper\"><a href=\"https:\/\/www.mediamarkt.hu\/hu\/product\/_bosch-smi68ts06e-be%C3%A9p%C3%ADthet%C5%91-mosogat%C3%B3g%C3%A9p-1229031.html?ga_query=SMI68TS06E\" target=\"_blank\" rel=\"noopener\">BOSCH SMI68TS06E be\u00e9p\u00edthet\u0151 mosogat\u00f3g\u00e9p<\/a><\/div>\r\n<div><\/div>\r\n<div><a href=\"https:\/\/www.mediamarkt.hu\/hu\/product\/_bosch-waw326h0eu-mos%C3%B3g%C3%A9p-1233309.html?ga_query=WAW326H0EU\" target=\"_blank\" rel=\"noopener\">BOSCH WAW326H0EU mos\u00f3g\u00e9p<\/a><\/div>\r\n<div><\/div>\r\n<div><a href=\"https:\/\/www.mediamarkt.hu\/hu\/product\/_bosch-way328h0eu-mos%C3%B3g%C3%A9p-1233310.html?ga_query=WAY328H0EU\" target=\"_blank\" rel=\"noopener\">BOSCH WAY328H0EU mos\u00f3g\u00e9p<\/a><\/div>\r\n<\/div>\r\n<div><\/div>\r\n<div>BOSCH WTW855H0BY h\u0151szivatty\u00fas sz\u00e1r\u00edt\u00f3g\u00e9p<\/div>\r\n<div class=\"sidebar-form hide\">\r\n<div><\/div>\r\n<\/div>\r\n&nbsp;\r\n\r\n<strong>Tov\u00e1bbi 777 db Bosch k\u00e9sz\u00fcl\u00e9k<\/strong>\r\n\r\n<a href=\"https:\/\/www.mediamarkt.hu\/hu\/product\/_bosch-wan20260by-el%C3%B6lt%C3%B6lt%C5%91s-mos%C3%B3g%C3%A9p-1274494.html\">BOSCH WAN20260BY el\u00f6lt\u00f6lt\u0151s mos\u00f3g\u00e9p<\/a>, 84 987 Ft\r\n\r\n<a href=\"https:\/\/www.mediamarkt.hu\/hu\/product\/_bosch-wtw85540eu-h%C5%91szivatty%C3%BAs-sz%C3%A1r%C3%ADt%C3%B3g%C3%A9p-1244925.html\">BOSCH WTW85540EU h\u0151szivatty\u00fas sz\u00e1r\u00edt\u00f3g\u00e9p<\/a>, 239 987 Ft\r\n\r\n<a href=\"https:\/\/www.mediamarkt.hu\/hu\/product\/_bosch-smv46ax04e-be%C3%A9p%C3%ADthet%C5%91-mosogat%C3%B3g%C3%A9p-1245279.html\">BOSCH SMV46AX04E be\u00e9p\u00edthet\u0151 mosogat\u00f3g\u00e9p<\/a>, 106 387 Ft\r\n\r\n<a href=\"https:\/\/www.mediamarkt.hu\/hu\/product\/_bosch-dfm064w50-p%C3%A1raelsz%C3%ADv%C3%B3-1196534.html\">BOSCH DFM064W50 p\u00e1raelsz\u00edv\u00f3<\/a>, 49 987 Ft\r\n\r\n<a href=\"https:\/\/www.mediamarkt.hu\/hu\/product\/_bosch-tis30321rw-automata-k%C3%A1v%C3%A9f%C5%91z%C5%91-1243022.html\">BOSCH TIS30321RW Automata k\u00e1v\u00e9f\u0151z\u0151<\/a>, 180 699 Ft\r\n\r\n<a href=\"https:\/\/www.mediamarkt.hu\/hu\/product\/_bosch-tka6a643-filteres-k%C3%A1v%C3%A9f%C5%91z%C5%91-fekete-1219587.html\">BOSCH TKA6A643 Filteres k\u00e1v\u00e9f\u0151z\u0151, fekete<\/a>, 17 499 Ft\r\n\r\n<a href=\"https:\/\/www.mediamarkt.hu\/hu\/product\/_bosch-tas1252-tassimo-kapszul%C3%A1s-k%C3%A1v%C3%A9f%C5%91z%C5%91-1194326.html\">BOSCH TAS1252 Tassimo kapszul\u00e1s k\u00e1v\u00e9f\u0151z\u0151<\/a>, 18 499 Ft\r\n\r\n&nbsp;\r\n<h2><strong>Kapcsol\u00f3d\u00f3 cikkek:\u00a0<\/strong><\/h2>\r\n<a href=\"https:\/\/hir.mediamarkt.hu\/magazin\/okos-es-szep-es-meg-a-sorunket-is-tokeletesen-huti-be-mi-az\/\">OKOS \u00c9S SZ\u00c9P \u00c9S M\u00c9G A S\u00d6R\u00dcNKET IS T\u00d6K\u00c9LETESEN H\u0170TI BE! MI AZ?<\/a>\r\n\r\n&nbsp;\r\n\r\n<img loading=\"lazy\" decoding=\"async\" class=\"alignnone size-full wp-image-7790\" src=\"https:\/\/hir.mediamarkt.hu\/magazin\/wp-content\/uploads\/2019\/01\/00-3.png\" alt=\"\" width=\"786\" height=\"587\" srcset=\"https:\/\/hir.mediamarkt.hu\/magazin\/wp-content\/uploads\/2019\/01\/00-3.png 786w, https:\/\/hir.mediamarkt.hu\/magazin\/wp-content\/uploads\/2019\/01\/00-3-275x205.png 275w, https:\/\/hir.mediamarkt.hu\/magazin\/wp-content\/uploads\/2019\/01\/00-3-300x224.png 300w, https:\/\/hir.mediamarkt.hu\/magazin\/wp-content\/uploads\/2019\/01\/00-3-768x574.png 768w\" sizes=\"(max-width: 786px) 100vw, 786px\" \/> <img loading=\"lazy\" decoding=\"async\" class=\"alignnone size-large wp-image-7791\" src=\"https:\/\/hir.mediamarkt.hu\/magazin\/wp-content\/uploads\/2019\/01\/00a-2.png\" alt=\"\" width=\"786\" height=\"587\" srcset=\"https:\/\/hir.mediamarkt.hu\/magazin\/wp-content\/uploads\/2019\/01\/00a-2.png 786w, https:\/\/hir.mediamarkt.hu\/magazin\/wp-content\/uploads\/2019\/01\/00a-2-275x205.png 275w, https:\/\/hir.mediamarkt.hu\/magazin\/wp-content\/uploads\/2019\/01\/00a-2-300x224.png 300w, https:\/\/hir.mediamarkt.hu\/magazin\/wp-content\/uploads\/2019\/01\/00a-2-768x574.png 768w\" sizes=\"(max-width: 786px) 100vw, 786px\" \/> <img loading=\"lazy\" decoding=\"async\" class=\"alignnone size-large wp-image-7792\" src=\"https:\/\/hir.mediamarkt.hu\/magazin\/wp-content\/uploads\/2019\/01\/01-3.png\" alt=\"\" width=\"786\" height=\"587\" srcset=\"https:\/\/hir.mediamarkt.hu\/magazin\/wp-content\/uploads\/2019\/01\/01-3.png 786w, https:\/\/hir.mediamarkt.hu\/magazin\/wp-content\/uploads\/2019\/01\/01-3-275x205.png 275w, https:\/\/hir.mediamarkt.hu\/magazin\/wp-content\/uploads\/2019\/01\/01-3-300x224.png 300w, https:\/\/hir.mediamarkt.hu\/magazin\/wp-content\/uploads\/2019\/01\/01-3-768x574.png 768w\" sizes=\"(max-width: 786px) 100vw, 786px\" \/> <img loading=\"lazy\" decoding=\"async\" class=\"alignnone size-large wp-image-7793\" src=\"https:\/\/hir.mediamarkt.hu\/magazin\/wp-content\/uploads\/2019\/01\/02-3.png\" alt=\"\" width=\"786\" height=\"587\" srcset=\"https:\/\/hir.mediamarkt.hu\/magazin\/wp-content\/uploads\/2019\/01\/02-3.png 786w, https:\/\/hir.mediamarkt.hu\/magazin\/wp-content\/uploads\/2019\/01\/02-3-275x205.png 275w, https:\/\/hir.mediamarkt.hu\/magazin\/wp-content\/uploads\/2019\/01\/02-3-300x224.png 300w, https:\/\/hir.mediamarkt.hu\/magazin\/wp-content\/uploads\/2019\/01\/02-3-768x574.png 768w\" sizes=\"(max-width: 786px) 100vw, 786px\" \/> <img loading=\"lazy\" decoding=\"async\" class=\"alignnone size-large wp-image-7794\" src=\"https:\/\/hir.mediamarkt.hu\/magazin\/wp-content\/uploads\/2019\/01\/03-2.png\" alt=\"\" width=\"786\" height=\"587\" srcset=\"https:\/\/hir.mediamarkt.hu\/magazin\/wp-content\/uploads\/2019\/01\/03-2.png 786w, https:\/\/hir.mediamarkt.hu\/magazin\/wp-content\/uploads\/2019\/01\/03-2-275x205.png 275w, https:\/\/hir.mediamarkt.hu\/magazin\/wp-content\/uploads\/2019\/01\/03-2-300x224.png 300w, https:\/\/hir.mediamarkt.hu\/magazin\/wp-content\/uploads\/2019\/01\/03-2-768x574.png 768w\" sizes=\"(max-width: 786px) 100vw, 786px\" \/> <img loading=\"lazy\" decoding=\"async\" class=\"alignnone size-large wp-image-7795\" src=\"https:\/\/hir.mediamarkt.hu\/magazin\/wp-content\/uploads\/2019\/01\/04-3.png\" alt=\"\" width=\"786\" height=\"587\" srcset=\"https:\/\/hir.mediamarkt.hu\/magazin\/wp-content\/uploads\/2019\/01\/04-3.png 786w, https:\/\/hir.mediamarkt.hu\/magazin\/wp-content\/uploads\/2019\/01\/04-3-275x205.png 275w, https:\/\/hir.mediamarkt.hu\/magazin\/wp-content\/uploads\/2019\/01\/04-3-300x224.png 300w, https:\/\/hir.mediamarkt.hu\/magazin\/wp-content\/uploads\/2019\/01\/04-3-768x574.png 768w\" sizes=\"(max-width: 786px) 100vw, 786px\" \/> <img loading=\"lazy\" decoding=\"async\" class=\"alignnone size-large wp-image-7796\" src=\"https:\/\/hir.mediamarkt.hu\/magazin\/wp-content\/uploads\/2019\/01\/05-1.png\" alt=\"\" width=\"786\" height=\"587\" srcset=\"https:\/\/hir.mediamarkt.hu\/magazin\/wp-content\/uploads\/2019\/01\/05-1.png 786w, https:\/\/hir.mediamarkt.hu\/magazin\/wp-content\/uploads\/2019\/01\/05-1-275x205.png 275w, https:\/\/hir.mediamarkt.hu\/magazin\/wp-content\/uploads\/2019\/01\/05-1-300x224.png 300w, https:\/\/hir.mediamarkt.hu\/magazin\/wp-content\/uploads\/2019\/01\/05-1-768x574.png 768w\" sizes=\"(max-width: 786px) 100vw, 786px\" \/> <img loading=\"lazy\" decoding=\"async\" class=\"alignnone size-large wp-image-7797\" src=\"https:\/\/hir.mediamarkt.hu\/magazin\/wp-content\/uploads\/2019\/01\/05a.png\" alt=\"\" width=\"786\" height=\"587\" srcset=\"https:\/\/hir.mediamarkt.hu\/magazin\/wp-content\/uploads\/2019\/01\/05a.png 786w, https:\/\/hir.mediamarkt.hu\/magazin\/wp-content\/uploads\/2019\/01\/05a-275x205.png 275w, https:\/\/hir.mediamarkt.hu\/magazin\/wp-content\/uploads\/2019\/01\/05a-300x224.png 300w, https:\/\/hir.mediamarkt.hu\/magazin\/wp-content\/uploads\/2019\/01\/05a-768x574.png 768w\" sizes=\"(max-width: 786px) 100vw, 786px\" \/> <img loading=\"lazy\" decoding=\"async\" class=\"alignnone size-large wp-image-7798\" src=\"https:\/\/hir.mediamarkt.hu\/magazin\/wp-content\/uploads\/2019\/01\/05b.png\" alt=\"\" width=\"786\" height=\"587\" srcset=\"https:\/\/hir.mediamarkt.hu\/magazin\/wp-content\/uploads\/2019\/01\/05b.png 786w, https:\/\/hir.mediamarkt.hu\/magazin\/wp-content\/uploads\/2019\/01\/05b-275x205.png 275w, https:\/\/hir.mediamarkt.hu\/magazin\/wp-content\/uploads\/2019\/01\/05b-300x224.png 300w, https:\/\/hir.mediamarkt.hu\/magazin\/wp-content\/uploads\/2019\/01\/05b-768x574.png 768w\" sizes=\"(max-width: 786px) 100vw, 786px\" \/>","protected":false},"excerpt":{"rendered":"Nemr\u00e9g kicsit \u00e9rtekezt\u00fcnk a robotok m\u00faltj\u00e1r\u00f3l \u00e9s a 2019-es okos g\u00e9pek trendjeir\u0151l. A t\u00e9ma kapcs\u00e1n azonban nem mehett\u00fcnk el sz\u00f3 n\u00e9lk\u00fcl a Bosch innovat\u00edv szeml\u00e9lete \u00e9s a felhaszn\u00e1l\u00f3k \u00e9let\u00e9nek k\u00f6nnyebb\u00e9 t\u00e9tel\u00e9t szolg\u00e1l\u00f3 eszk\u00f6zei mellett. A c\u00e9g annyira sz\u00e9p munk\u00e1t v\u00e9gzett, hogy egy k\u00fcl\u00f6n bejegyz\u00e9st \u00e9rdemeltek. \u00d6r\u00f6m n\u00e9zni, milyen h\u00e1ztart\u00e1si kis- \u00e9s nagyg\u00e9pek szabad\u00edthatj\u00e1k fel az energi\u00e1inkat, na meg azt is, milyen \u00fajdons\u00e1gokkal k\u00e9nyezteti a m\u00e1rka a h\u00e1ztart\u00e1st egyben tartani v\u00e1gy\u00f3 h\u00e1zi t\u00fcnd\u00e9reket. Legyenek \u00e9pp n\u0151k vagy f\u00e9rfiak. S\u00fct\u0151, k\u00e1v\u00e9f\u0151z\u0151g\u00e9p, h\u0171t\u0151, mosogat\u00f3g\u00e9p, mos\u00f3g\u00e9p, sz\u00e1r\u00edt\u00f3g\u00e9p? Egyre megy! Mind okos!","protected":false},"author":13,"featured_media":7799,"comment_status":"open","ping_status":"open","sticky":false,"template":"","format":"standard","meta":{"wprm-recipe-roundup-name":"","wprm-recipe-roundup-description":"","footnotes":""},"categories":[5964],"tags":[2600,162,205,1176,2150,2152,2363,2601,2606,2134,2154,2181,2472,2099,3081,3086,510,984,1068,3037,120,2127,2173,3085,2588,2471,2487,2215,106,2499,3039,2763,470,3084,3082,3083],"yoast_head":"<!-- This site is optimized with the Yoast SEO plugin v22.9 - https:\/\/yoast.com\/wordpress\/plugins\/seo\/ -->\n<title>M\u00e9g t\u00f6bb \u201crobots\u00e1g\u201d a Bosch Home Connect j\u00f3volt\u00e1b\u00f3l! - MediaMarkt Magazin<\/title>\n<meta name=\"description\" content=\"Sci-fi hangulatot id\u00e9z a Bosch Home Connect intelligens, egyre csak fejl\u0151d\u0151 rendszere, amely \u00e9let\u00fcnket egyre k\u00e9nyelmesebb\u00e9 \u00e9s jobb\u00e1 teszi.\" \/>\n<meta name=\"robots\" content=\"index, follow, max-snippet:-1, max-image-preview:large, max-video-preview:-1\" \/>\n<link rel=\"canonical\" href=\"https:\/\/hir.mediamarkt.hu\/magazin\/bosch-home-connect-otthon-kenyelem-2019\/\" \/>\n<meta property=\"og:locale\" content=\"hu_HU\" \/>\n<meta property=\"og:type\" content=\"article\" \/>\n<meta property=\"og:title\" content=\"M\u00e9g t\u00f6bb \u201crobots\u00e1g\u201d a Bosch Home Connect j\u00f3volt\u00e1b\u00f3l! - MediaMarkt Magazin\" \/>\n<meta property=\"og:description\" content=\"Sci-fi hangulatot id\u00e9z a Bosch Home Connect intelligens, egyre csak fejl\u0151d\u0151 rendszere, amely \u00e9let\u00fcnket egyre k\u00e9nyelmesebb\u00e9 \u00e9s jobb\u00e1 teszi.\" \/>\n<meta property=\"og:url\" content=\"https:\/\/hir.mediamarkt.hu\/magazin\/bosch-home-connect-otthon-kenyelem-2019\/\" \/>\n<meta property=\"og:site_name\" content=\"MediaMarkt Magazin\" \/>\n<meta property=\"article:publisher\" content=\"https:\/\/www.facebook.com\/MediaMarktMagyarorszag\" \/>\n<meta property=\"article:published_time\" content=\"2019-01-25T13:37:47+00:00\" \/>\n<meta property=\"article:modified_time\" content=\"2019-02-13T21:47:08+00:00\" \/>\n<meta property=\"og:image\" content=\"https:\/\/hir.mediamarkt.hu\/magazin\/wp-content\/uploads\/2019\/01\/11.jpg\" \/>\n\t<meta property=\"og:image:width\" content=\"1440\" \/>\n\t<meta property=\"og:image:height\" content=\"624\" \/>\n\t<meta property=\"og:image:type\" content=\"image\/jpeg\" \/>\n<meta name=\"author\" content=\"Media Markt\" \/>\n<meta name=\"twitter:label1\" content=\"Szerz\u0151:\" \/>\n\t<meta name=\"twitter:data1\" content=\"Media Markt\" \/>\n\t<meta name=\"twitter:label2\" content=\"Becs\u00fclt olvas\u00e1si id\u0151\" \/>\n\t<meta name=\"twitter:data2\" content=\"10 perc\" \/>\n<script type=\"application\/ld+json\" class=\"yoast-schema-graph\">{\"@context\":\"https:\/\/schema.org\",\"@graph\":[{\"@type\":\"WebPage\",\"@id\":\"https:\/\/hir.mediamarkt.hu\/magazin\/bosch-home-connect-otthon-kenyelem-2019\/\",\"url\":\"https:\/\/hir.mediamarkt.hu\/magazin\/bosch-home-connect-otthon-kenyelem-2019\/\",\"name\":\"M\u00e9g t\u00f6bb \u201crobots\u00e1g\u201d a Bosch Home Connect j\u00f3volt\u00e1b\u00f3l! - MediaMarkt Magazin\",\"isPartOf\":{\"@id\":\"https:\/\/hir.mediamarkt.hu\/magazin\/#website\"},\"primaryImageOfPage\":{\"@id\":\"https:\/\/hir.mediamarkt.hu\/magazin\/bosch-home-connect-otthon-kenyelem-2019\/#primaryimage\"},\"image\":{\"@id\":\"https:\/\/hir.mediamarkt.hu\/magazin\/bosch-home-connect-otthon-kenyelem-2019\/#primaryimage\"},\"thumbnailUrl\":\"https:\/\/hir.mediamarkt.hu\/magazin\/wp-content\/uploads\/2019\/01\/11.jpg\",\"datePublished\":\"2019-01-25T13:37:47+00:00\",\"dateModified\":\"2019-02-13T21:47:08+00:00\",\"author\":{\"@id\":\"https:\/\/hir.mediamarkt.hu\/magazin\/#\/schema\/person\/b93b02ec1ab4d2353f8d281e171c1b0b\"},\"description\":\"Sci-fi hangulatot id\u00e9z a Bosch Home Connect intelligens, egyre csak fejl\u0151d\u0151 rendszere, amely \u00e9let\u00fcnket egyre k\u00e9nyelmesebb\u00e9 \u00e9s jobb\u00e1 teszi.\",\"breadcrumb\":{\"@id\":\"https:\/\/hir.mediamarkt.hu\/magazin\/bosch-home-connect-otthon-kenyelem-2019\/#breadcrumb\"},\"inLanguage\":\"hu\",\"potentialAction\":[{\"@type\":\"ReadAction\",\"target\":[\"https:\/\/hir.mediamarkt.hu\/magazin\/bosch-home-connect-otthon-kenyelem-2019\/\"]}]},{\"@type\":\"ImageObject\",\"inLanguage\":\"hu\",\"@id\":\"https:\/\/hir.mediamarkt.hu\/magazin\/bosch-home-connect-otthon-kenyelem-2019\/#primaryimage\",\"url\":\"https:\/\/hir.mediamarkt.hu\/magazin\/wp-content\/uploads\/2019\/01\/11.jpg\",\"contentUrl\":\"https:\/\/hir.mediamarkt.hu\/magazin\/wp-content\/uploads\/2019\/01\/11.jpg\",\"width\":1440,\"height\":624},{\"@type\":\"BreadcrumbList\",\"@id\":\"https:\/\/hir.mediamarkt.hu\/magazin\/bosch-home-connect-otthon-kenyelem-2019\/#breadcrumb\",\"itemListElement\":[{\"@type\":\"ListItem\",\"position\":1,\"name\":\"Kezd\u0151lap\",\"item\":\"https:\/\/hir.mediamarkt.hu\/magazin\/\"},{\"@type\":\"ListItem\",\"position\":2,\"name\":\"M\u00e9g t\u00f6bb \u201crobots\u00e1g\u201d a Bosch Home Connect j\u00f3volt\u00e1b\u00f3l!\"}]},{\"@type\":\"WebSite\",\"@id\":\"https:\/\/hir.mediamarkt.hu\/magazin\/#website\",\"url\":\"https:\/\/hir.mediamarkt.hu\/magazin\/\",\"name\":\"MediaMarkt Magazin\",\"description\":\"Olvass bele magazinunkba!\",\"potentialAction\":[{\"@type\":\"SearchAction\",\"target\":{\"@type\":\"EntryPoint\",\"urlTemplate\":\"https:\/\/hir.mediamarkt.hu\/magazin\/?s={search_term_string}\"},\"query-input\":\"required name=search_term_string\"}],\"inLanguage\":\"hu\"},{\"@type\":\"Person\",\"@id\":\"https:\/\/hir.mediamarkt.hu\/magazin\/#\/schema\/person\/b93b02ec1ab4d2353f8d281e171c1b0b\",\"name\":\"Media Markt\",\"image\":{\"@type\":\"ImageObject\",\"inLanguage\":\"hu\",\"@id\":\"https:\/\/hir.mediamarkt.hu\/magazin\/#\/schema\/person\/image\/\",\"url\":\"https:\/\/secure.gravatar.com\/avatar\/602bccae8998beee472d01909f0978f1?s=96&d=mm&r=g\",\"contentUrl\":\"https:\/\/secure.gravatar.com\/avatar\/602bccae8998beee472d01909f0978f1?s=96&d=mm&r=g\",\"caption\":\"Media Markt\"}}]}<\/script>\n<!-- \/ Yoast SEO plugin. -->","yoast_head_json":{"title":"M\u00e9g t\u00f6bb \u201crobots\u00e1g\u201d a Bosch Home Connect j\u00f3volt\u00e1b\u00f3l! - MediaMarkt Magazin","description":"Sci-fi hangulatot id\u00e9z a Bosch Home Connect intelligens, egyre csak fejl\u0151d\u0151 rendszere, amely \u00e9let\u00fcnket egyre k\u00e9nyelmesebb\u00e9 \u00e9s jobb\u00e1 teszi.","robots":{"index":"index","follow":"follow","max-snippet":"max-snippet:-1","max-image-preview":"max-image-preview:large","max-video-preview":"max-video-preview:-1"},"canonical":"https:\/\/hir.mediamarkt.hu\/magazin\/bosch-home-connect-otthon-kenyelem-2019\/","og_locale":"hu_HU","og_type":"article","og_title":"M\u00e9g t\u00f6bb \u201crobots\u00e1g\u201d a Bosch Home Connect j\u00f3volt\u00e1b\u00f3l! - MediaMarkt Magazin","og_description":"Sci-fi hangulatot id\u00e9z a Bosch Home Connect intelligens, egyre csak fejl\u0151d\u0151 rendszere, amely \u00e9let\u00fcnket egyre k\u00e9nyelmesebb\u00e9 \u00e9s jobb\u00e1 teszi.","og_url":"https:\/\/hir.mediamarkt.hu\/magazin\/bosch-home-connect-otthon-kenyelem-2019\/","og_site_name":"MediaMarkt Magazin","article_publisher":"https:\/\/www.facebook.com\/MediaMarktMagyarorszag","article_published_time":"2019-01-25T13:37:47+00:00","article_modified_time":"2019-02-13T21:47:08+00:00","og_image":[{"width":1440,"height":624,"url":"https:\/\/hir.mediamarkt.hu\/magazin\/wp-content\/uploads\/2019\/01\/11.jpg","type":"image\/jpeg"}],"author":"Media Markt","twitter_misc":{"Szerz\u0151:":"Media Markt","Becs\u00fclt olvas\u00e1si id\u0151":"10 perc"},"schema":{"@context":"https:\/\/schema.org","@graph":[{"@type":"WebPage","@id":"https:\/\/hir.mediamarkt.hu\/magazin\/bosch-home-connect-otthon-kenyelem-2019\/","url":"https:\/\/hir.mediamarkt.hu\/magazin\/bosch-home-connect-otthon-kenyelem-2019\/","name":"M\u00e9g t\u00f6bb \u201crobots\u00e1g\u201d a Bosch Home Connect j\u00f3volt\u00e1b\u00f3l! - MediaMarkt Magazin","isPartOf":{"@id":"https:\/\/hir.mediamarkt.hu\/magazin\/#website"},"primaryImageOfPage":{"@id":"https:\/\/hir.mediamarkt.hu\/magazin\/bosch-home-connect-otthon-kenyelem-2019\/#primaryimage"},"image":{"@id":"https:\/\/hir.mediamarkt.hu\/magazin\/bosch-home-connect-otthon-kenyelem-2019\/#primaryimage"},"thumbnailUrl":"https:\/\/hir.mediamarkt.hu\/magazin\/wp-content\/uploads\/2019\/01\/11.jpg","datePublished":"2019-01-25T13:37:47+00:00","dateModified":"2019-02-13T21:47:08+00:00","author":{"@id":"https:\/\/hir.mediamarkt.hu\/magazin\/#\/schema\/person\/b93b02ec1ab4d2353f8d281e171c1b0b"},"description":"Sci-fi hangulatot id\u00e9z a Bosch Home Connect intelligens, egyre csak fejl\u0151d\u0151 rendszere, amely \u00e9let\u00fcnket egyre k\u00e9nyelmesebb\u00e9 \u00e9s jobb\u00e1 teszi.","breadcrumb":{"@id":"https:\/\/hir.mediamarkt.hu\/magazin\/bosch-home-connect-otthon-kenyelem-2019\/#breadcrumb"},"inLanguage":"hu","potentialAction":[{"@type":"ReadAction","target":["https:\/\/hir.mediamarkt.hu\/magazin\/bosch-home-connect-otthon-kenyelem-2019\/"]}]},{"@type":"ImageObject","inLanguage":"hu","@id":"https:\/\/hir.mediamarkt.hu\/magazin\/bosch-home-connect-otthon-kenyelem-2019\/#primaryimage","url":"https:\/\/hir.mediamarkt.hu\/magazin\/wp-content\/uploads\/2019\/01\/11.jpg","contentUrl":"https:\/\/hir.mediamarkt.hu\/magazin\/wp-content\/uploads\/2019\/01\/11.jpg","width":1440,"height":624},{"@type":"BreadcrumbList","@id":"https:\/\/hir.mediamarkt.hu\/magazin\/bosch-home-connect-otthon-kenyelem-2019\/#breadcrumb","itemListElement":[{"@type":"ListItem","position":1,"name":"Kezd\u0151lap","item":"https:\/\/hir.mediamarkt.hu\/magazin\/"},{"@type":"ListItem","position":2,"name":"M\u00e9g t\u00f6bb \u201crobots\u00e1g\u201d a Bosch Home Connect j\u00f3volt\u00e1b\u00f3l!"}]},{"@type":"WebSite","@id":"https:\/\/hir.mediamarkt.hu\/magazin\/#website","url":"https:\/\/hir.mediamarkt.hu\/magazin\/","name":"MediaMarkt Magazin","description":"Olvass bele magazinunkba!","potentialAction":[{"@type":"SearchAction","target":{"@type":"EntryPoint","urlTemplate":"https:\/\/hir.mediamarkt.hu\/magazin\/?s={search_term_string}"},"query-input":"required name=search_term_string"}],"inLanguage":"hu"},{"@type":"Person","@id":"https:\/\/hir.mediamarkt.hu\/magazin\/#\/schema\/person\/b93b02ec1ab4d2353f8d281e171c1b0b","name":"Media Markt","image":{"@type":"ImageObject","inLanguage":"hu","@id":"https:\/\/hir.mediamarkt.hu\/magazin\/#\/schema\/person\/image\/","url":"https:\/\/secure.gravatar.com\/avatar\/602bccae8998beee472d01909f0978f1?s=96&d=mm&r=g","contentUrl":"https:\/\/secure.gravatar.com\/avatar\/602bccae8998beee472d01909f0978f1?s=96&d=mm&r=g","caption":"Media Markt"}}]}},"_links":{"self":[{"href":"https:\/\/hir.mediamarkt.hu\/magazin\/wp-json\/wp\/v2\/posts\/7789"}],"collection":[{"href":"https:\/\/hir.mediamarkt.hu\/magazin\/wp-json\/wp\/v2\/posts"}],"about":[{"href":"https:\/\/hir.mediamarkt.hu\/magazin\/wp-json\/wp\/v2\/types\/post"}],"author":[{"embeddable":true,"href":"https:\/\/hir.mediamarkt.hu\/magazin\/wp-json\/wp\/v2\/users\/13"}],"replies":[{"embeddable":true,"href":"https:\/\/hir.mediamarkt.hu\/magazin\/wp-json\/wp\/v2\/comments?post=7789"}],"version-history":[{"count":10,"href":"https:\/\/hir.mediamarkt.hu\/magazin\/wp-json\/wp\/v2\/posts\/7789\/revisions"}],"predecessor-version":[{"id":7922,"href":"https:\/\/hir.mediamarkt.hu\/magazin\/wp-json\/wp\/v2\/posts\/7789\/revisions\/7922"}],"wp:featuredmedia":[{"embeddable":true,"href":"https:\/\/hir.mediamarkt.hu\/magazin\/wp-json\/wp\/v2\/media\/7799"}],"wp:attachment":[{"href":"https:\/\/hir.mediamarkt.hu\/magazin\/wp-json\/wp\/v2\/media?parent=7789"}],"wp:term":[{"taxonomy":"category","embeddable":true,"href":"https:\/\/hir.mediamarkt.hu\/magazin\/wp-json\/wp\/v2\/categories?post=7789"},{"taxonomy":"post_tag","embeddable":true,"href":"https:\/\/hir.mediamarkt.hu\/magazin\/wp-json\/wp\/v2\/tags?post=7789"}],"curies":[{"name":"wp","href":"https:\/\/api.w.org\/{rel}","templated":true}]}}