{"id":7818,"date":"2019-01-28T11:41:25","date_gmt":"2019-01-28T10:41:25","guid":{"rendered":"http:\/\/hir.mediamarkt.hu\/magazin\/?p=7818"},"modified":"2019-01-28T11:43:49","modified_gmt":"2019-01-28T10:43:49","slug":"neveles-vs-technologia-mindketto-tippek-es-egy-okosora-kisiskolasok-szuleinek","status":"publish","type":"post","link":"https:\/\/hir.mediamarkt.hu\/magazin\/neveles-vs-technologia-mindketto-tippek-es-egy-okosora-kisiskolasok-szuleinek\/","title":{"rendered":"Nevel\u00e9s vs. technol\u00f3gia? Mindkett\u0151! Tippek \u00e9s egy okos\u00f3ra agg\u00f3d\u00f3 sz\u00fcl\u0151knek"},"content":{"rendered":"<b>K\u00fcl\u00f6n\u00f6s, mik\u00e9nt v\u00e1ltozik a vil\u00e1g. Mik\u00f6zben \u00e9pp egy el\u00e9g r\u00e9g\u00f3ta tart\u00f3, b\u00e9k\u00e9s id\u0151szakot \u00e9l\u00fcnk \u00e1t Eur\u00f3p\u00e1ban, a gyerekeink biztons\u00e1g\u00e1\u00e9rt egyre t\u00f6bben agg\u00f3dnak. A 80-as \u00e9vek v\u00e9g\u00e9n, amikor j\u00f3 magam iskol\u00e1s kor\u00fa lettem, m\u00e9g teljesen norm\u00e1lis volt, hogy \u201ckimer\u00e9szkedj\u00fcnk\u201d az utc\u00e1ra. Nyilv\u00e1n ehhez kellett a j\u00f3 k\u00f6rny\u00e9k \u00e9s a biztos tudat, a gyerek semmi h\u00fclyes\u00e9get nem csin\u00e1l. Mi v\u00e1ltozott \u00e9s mi seg\u00edthet, ha f\u00e9ltj\u00fck az ut\u00f3dainkat? Egy-k\u00e9t gondolat \u00e9s egy kifejezetten a kisiskol\u00e1sokra fejlesztett okos\u00f3ra k\u00f6vetkezik!<\/b><!--more-->\r\n\r\n&nbsp;\r\n<h2><b>K\u00e9t dolog, ami mellett musz\u00e1j sz\u00f3t emeln\u00fcnk!<\/b><\/h2>\r\n<span style=\"font-weight: 400\">Senki sem vitatja el, hogy az id\u0151k v\u00e1ltoznak, a temp\u00f3, az esetleges vesz\u00e9lyek n\u00f6velik a gyerekek \u00e9ps\u00e9g\u00e9nek kock\u00e1zat\u00e1t. Azonban valamit szeret\u00fcnk mi, feln\u0151ttek \u00e9s sz\u00fcl\u0151k elfelejteni:<strong> a gyereknevel\u00e9s a mi feladatunk, a k\u00f6ly\u00f6k biztons\u00e1ga &#8211; \u00e9s biztons\u00e1g\u00e9rzete &#8211; pedig els\u0151sorban t\u0151l\u00fcnk f\u00fcgg.<\/strong> Ma, amikor m\u00e1r a bab\u00e1k kez\u00e9ben is tableteket l\u00e1tni (mert akkor ugye csendben van), valahogy mintha kimaradna a klasszikus gyereknevel\u00e9s met\u00f3dus. Azon bel\u00fcl is a <strong>\u201cnem\u201d sz\u00f3cska<\/strong> haszn\u00e1lata. K\u00fcl\u00f6nb\u00f6z\u0151, sajnos t\u00e9vesen elterjedt pszichol\u00f3giai iskol\u00e1k szerint k\u00e1ros, ha a gyereknek nemet mondunk. Ha ezt valaki j\u00f3zanul, logikusan \u00e1tgondolja, tudhatja, hogy nem igaz. A feny\u00edt\u00e9s, a megsz\u00e9gyen\u00edt\u00e9s, a m\u00falt sz\u00e1zadban m\u00e9g divatos lekezel\u00e9se a gyereknek t\u00e9nyleg \u00e1rtalmas. Az viszont, ha nem adunk kereteket, nem csak a mi \u00e9let\u00fcnket nehez\u00edti meg (hiszen a fiunk\/l\u00e1nyunk kezelhetetlen \u00e9s j\u00f3 es\u00e9llyel k\u00f6vetel\u0151z\u0151, esetleg hisztis lesz), de komoly bizonytalans\u00e1got \u00e9s bels\u0151 szorong\u00e1st okoz a kicsik sz\u00e1m\u00e1ra. <\/span>\r\n\r\n<span style=\"font-weight: 400\">A l\u00e9nyeg a tilt\u00e1s eset\u00e9n nem az, hogy nekem, feln\u0151ttnek van igazam, vagy hogy az lesz, amit \u00e9n mondok. Hanem hogy a j\u00f3zan \u00e9sz hat\u00e1rain bel\u00fcl maradjunk, valamint hogy a gyermek tudja, biztons\u00e1gban van. Ha egy sz\u00fcl\u0151 szeretettel, de magabiztosan mer nemet mondani a szeme f\u00e9ny\u00e9nek, a kicsi b\u00edzni fog benne, a vil\u00e1gk\u00e9p\u00e9ben pedig lesz egy (j\u00f3 esetben t\u00f6bb hasonl\u00f3) biztos pont. Sz\u00f3val ha ezt a k\u00e9t feladatot (ld. gyereknevel\u00e9s \u00e9s az \u00e9rtelmes hat\u00e1rok fel\u00e1ll\u00edt\u00e1sa) k\u00e9pesek vagyunk ell\u00e1tni, j\u00f3 sz\u00fcl\u0151k vagyunk. \u00c9s m\u00e9g \u00edgy is sz\u00fcks\u00e9g\u00fcnk lehet seg\u00edts\u00e9gre. <\/span>\r\n\r\n<img loading=\"lazy\" decoding=\"async\" class=\"alignnone size-large wp-image-7824\" src=\"https:\/\/hir.mediamarkt.hu\/magazin\/wp-content\/uploads\/2019\/01\/pexels-photo-11523-1024x618.jpeg\" alt=\"\" width=\"1024\" height=\"618\" srcset=\"https:\/\/hir.mediamarkt.hu\/magazin\/wp-content\/uploads\/2019\/01\/pexels-photo-11523-1024x618.jpeg 1024w, https:\/\/hir.mediamarkt.hu\/magazin\/wp-content\/uploads\/2019\/01\/pexels-photo-11523-275x166.jpeg 275w, https:\/\/hir.mediamarkt.hu\/magazin\/wp-content\/uploads\/2019\/01\/pexels-photo-11523-300x181.jpeg 300w, https:\/\/hir.mediamarkt.hu\/magazin\/wp-content\/uploads\/2019\/01\/pexels-photo-11523-768x464.jpeg 768w, https:\/\/hir.mediamarkt.hu\/magazin\/wp-content\/uploads\/2019\/01\/pexels-photo-11523.jpeg 1440w\" sizes=\"(max-width: 1024px) 100vw, 1024px\" \/>\r\n<h2><\/h2>\r\n<h2><b>Technol\u00f3gi\u00e1val vagy an\u00e9lk\u00fcl?<\/b><\/h2>\r\n&nbsp;\r\n\r\n<span style=\"font-weight: 400\">Sok friss sz\u00fcl\u0151 dilemm\u00e1ja a k\u00fcty\u00fck beenged\u00e9se a gyerekek \u00e9let\u00e9be, fejl\u0151d\u00e9s\u00e9be. Mit \u00e9s mikor adjak a gyerekem kez\u00e9be? Mi seg\u00edt \u00e9s mi nehez\u00edti meg az \u00e9let\u00e9t: a szellemi fejl\u0151d\u00e9s\u00e9t \u00e9s szocializ\u00e1ci\u00f3j\u00e1t? M\u00edg a sz\u00f3rakoz\u00e1shoz kapcsol\u00f3d\u00f3 eszk\u00f6z\u00f6k kapcs\u00e1n tal\u00e1n j\u00f3val szubjekt\u00edvebb a meg\u00edt\u00e9l\u00e9s, a gyerek biztons\u00e1g\u00e1t szolg\u00e1l\u00f3 berendez\u00e9sek ter\u00e9n kisebb a sz\u00f3r\u00e1s. Ki tartan\u00e1 k\u00fcl\u00f6n\u00f6snek egy b\u00e9bi\u0151r haszn\u00e1lat\u00e1t p\u00e9ld\u00e1ul? Ahogy telik-m\u00falik az id\u0151 \u00e9s a biztons\u00e1gos \u00f3vodai keretek k\u00f6z\u00fcl kiszabadul a kicsi, egyre n\u0151 a sz\u00fcl\u0151k aggodalma. Egyr\u00e9szt sokan nem akarnak\/tudnak telefont adni a friss kisiskol\u00e1suk kez\u00e9be (elvesz\u00edti, nem tud r\u00e1 vigy\u00e1zni, nem akarjuk, hogy egy k\u00fcty\u00fcvel j\u00e1tsszon a t\u00e1rsai helyett stb.), m\u00e1sr\u00e9szt a tanint\u00e9zm\u00e9nyekben is elt\u00e9r az ezekhez kapcsol\u00f3d\u00f3 rend. B\u00e1r Magyarorsz\u00e1gon nincs t\u00f6rv\u00e9ny a mobilok tilt\u00e1s\u00e1ra, a szab\u00e1lyoz\u00e1s viszont lehet\u0151s\u00e9get ad arra, hogy a h\u00e1zirendben az iskola maga szab\u00e1lyozza a haszn\u00e1latukat. A bevett gyakorlat szerint a tan\u00f3r\u00e1k alatt tilos bekapcsolva tartani a mobiltelefont, &#8211; ilyenkor ak\u00e1r ideiglenesen el is vehetik a gyerekt\u0151l a k\u00e9sz\u00fcl\u00e9ket, &#8211; a sz\u00fcnetekben viszont haszn\u00e1lhatj\u00e1k telefonjukat a di\u00e1kok.<\/span>\r\n\r\n<span style=\"font-weight: 400\">2019-et \u00edrunk \u00e9s b\u00e1r egyre t\u00f6bben ismerik fel, hogy a mai temp\u00f3 \u00e9s fogyaszt\u00f3i szeml\u00e9let tarthatatlan, k\u00e9nyelmetlen, k\u00e1ros, nem hagyhatjuk figyelmen k\u00edv\u00fcl a vil\u00e1got, ami k\u00f6r\u00fclvesz minket. \u00c9s ami sok hasznos dolgot is mag\u00e1ba rejt. A k\u00e9nyes egyens\u00faly megtal\u00e1l\u00e1sa nem egyszer\u0171, k\u00e9nytelenek vagyunk az intu\u00edci\u00f3nkra &#8211; \u00e9s j\u00f3 es\u00e9llyel a gyermek\u00fcnk karakter\u00e9re &#8211; t\u00e1maszkodni. Egy biztos, a sok-sok elt\u00e9r\u0151 \u201ciskola\u201d, a k\u00fcl\u00f6nb\u00f6z\u0151 vil\u00e1gszeml\u00e9let, vall\u00e1s \u00e9s politikai be\u00e1ll\u00edtotts\u00e1g mellett is mind egyet akarunk: a gyerekeinket boldog biztons\u00e1gban tudni. Ha ehhez hozz\u00e1j\u00e1rulhatunk egy okos eszk\u00f6zzel, akkor nincs min t\u00e9pel\u0151dni.<\/span>\r\n\r\n&nbsp;\r\n\r\n<img loading=\"lazy\" decoding=\"async\" class=\"alignnone size-large wp-image-7823\" src=\"https:\/\/hir.mediamarkt.hu\/magazin\/wp-content\/uploads\/2019\/01\/01c-1024x551.jpg\" alt=\"\" width=\"1024\" height=\"551\" srcset=\"https:\/\/hir.mediamarkt.hu\/magazin\/wp-content\/uploads\/2019\/01\/01c-1024x551.jpg 1024w, https:\/\/hir.mediamarkt.hu\/magazin\/wp-content\/uploads\/2019\/01\/01c-275x148.jpg 275w, https:\/\/hir.mediamarkt.hu\/magazin\/wp-content\/uploads\/2019\/01\/01c-300x162.jpg 300w, https:\/\/hir.mediamarkt.hu\/magazin\/wp-content\/uploads\/2019\/01\/01c-768x414.jpg 768w, https:\/\/hir.mediamarkt.hu\/magazin\/wp-content\/uploads\/2019\/01\/01c.jpg 1170w\" sizes=\"(max-width: 1024px) 100vw, 1024px\" \/>\r\n\r\n&nbsp;\r\n<h2><b>Egy alternat\u00edva: a MyKi okos\u00f3ra<\/b><\/h2>\r\n&nbsp;\r\n\r\n<span style=\"font-weight: 400\">Az \u00fajgener\u00e1ci\u00f3s eszk\u00f6z, a <\/span><a href=\"https:\/\/myki.watch\/hu\/gyakori-kerdesek\/\"><span style=\"font-weight: 400\">MyKi Touch<\/span><\/a><span style=\"font-weight: 400\"> gyerek okos\u00f3ra megadja a f\u00fcggetlens\u00e9g \u00e9rzet\u00e9t a\u00a0<\/span><span style=\"font-weight: 400\">gyereknek, mik\u00f6zben biztos\u00edtja, hogy a sz\u00fcl\u0151k a t\u00e1vol l\u00e9v\u0151 gyermek\u00fck\u00f6n is rajta tarthass\u00e1k\u00a0<\/span><span style=\"font-weight: 400\">szem\u00fcket egy ingyenesen let\u00f6lthet\u0151 mobilapplik\u00e1ci\u00f3 seg\u00edts\u00e9g\u00e9vel. Az \u00f3r\u00e1ba GPS technol\u00f3gia van be\u00e9p\u00edtve, amely 5 m\u00e1sodpercenk\u00e9nt friss\u00edti az inform\u00e1ci\u00f3t a gyermek tart\u00f3zkod\u00e1si hely\u00e9r\u0151l. Az \u00f3r\u00e1ban riaszt\u00f3 rendszer is tal\u00e1lhat\u00f3: a sz\u00fcl\u0151k l\u00e9trehozhatnak k\u00fcl\u00f6nb\u00f6z\u0151 \u201cbiztons\u00e1gi z\u00f3n\u00e1kat\u201d azokb\u00f3l a szok\u00e1sos \u00fatvonalakb\u00f3l, amerre a gyermek\u00fck rendszeresen k\u00f6zlekedik. A riaszt\u00f3 funkci\u00f3 akkor l\u00e9p \u00e9letbe, ha pl. gyermeknek reggel 8 \u00f3ra \u00e9s 16 \u00f3ra k\u00f6z\u00f6tt az iskol\u00e1ban kellene lennie, de \u0151 m\u00e9gsem ott tart\u00f3zkodik: ilyenkor az \u00f3ra \u00e9rtes\u00edt\u00e9st k\u00fcld a sz\u00fcl\u0151knek. Az okos be\u00e1ll\u00edt\u00e1sokon kereszt\u00fcl a sz\u00fcl\u0151k arr\u00f3l is \u00e9rtes\u00fclhetnek, ha a gyermek a megszokottn\u00e1l nagyobb sebess\u00e9ggel k\u00f6zlekedik, vagy ha leveszi mag\u00e1r\u00f3l az \u00f3r\u00e1t.\u00a0<\/span>\r\n\r\n<span style=\"font-weight: 400\">A MyKi Touch \u00f3ra telefonk\u00f6nyv\u00e9b\u0151l 18 sz\u00e1m h\u00edvhat\u00f3, melyeket kiz\u00e1r\u00f3lag a sz\u00fcl\u0151 \u00e1ll\u00edthat be \u00e9s adhat az eszk\u00f6zh\u00f6z a MyKi Watch alkalmaz\u00e1s seg\u00edts\u00e9g\u00e9vel, \u00edgy a gyermek &#8211; nem mellesleg a men\u0151 &#8211; \u00f3ra seg\u00edts\u00e9g\u00e9vel fel is h\u00edvhatja sz\u00fcleit. A telefonos alkalmaz\u00e1sb\u00f3l a sz\u00fcl\u0151 hang- \u00e9s sz\u00f6veges \u00fczeneteket k\u00fcldhet az \u00f3r\u00e1ra, ill. hang\u00fczeneteket fogadhat a k\u00e9sz\u00fcl\u00e9kr\u0151l. J\u00f3 tudni, hogy a gyermek biztons\u00e1ga \u00e9rdek\u00e9ben az \u00f3r\u00e1t csak a sz\u00fcl\u0151 \u00e1ltal el\u0151re be\u00e1ll\u00edtott sz\u00e1mok h\u00edvhatj\u00e1k! Ezen fel\u00fcl az okos\u00f3ra egy SOS gombbal is rendelkezik, hogy a gyermek jelezni tudjon a sz\u00fcl\u0151knek v\u00e9szhelyzet eset\u00e9n. Az SOS gomb megnyom\u00e1sa ut\u00e1n az \u00f3ra automatikusan elkezdeni h\u00edvni az el\u0151re be\u00e1ll\u00edtott, v\u00e9szhelyzetben h\u00edvhat\u00f3 telefonsz\u00e1mokat.\u00a0<\/span><span style=\"font-weight: 400\">Ne feledj\u00fck: <strong>az int\u00e9zm\u00e9nyek egy\u00e9nileg szab\u00e1lyozz\u00e1k a mobiltelefon haszn\u00e1lat\u00e1t, v\u00e1s\u00e1rl\u00e1s el\u0151tt \u00e9rdemes egyeztetni az iskol\u00e1val, lesz-e lehet\u0151s\u00e9ge gyermek\u00fcnknek napk\u00f6zben az \u00f3r\u00e1t viselni, sz\u00fcks\u00e9g eset\u00e9n pedig haszn\u00e1lni is.<\/strong><\/span>\r\n\r\n&nbsp;\r\n\r\n<iframe loading=\"lazy\" title=\"How to register Myki watch\" width=\"900\" height=\"506\" src=\"https:\/\/www.youtube.com\/embed\/qTLsr9O_XC4?feature=oembed\" frameborder=\"0\" allow=\"accelerometer; autoplay; clipboard-write; encrypted-media; gyroscope; picture-in-picture; web-share\" referrerpolicy=\"strict-origin-when-cross-origin\" allowfullscreen><\/iframe>\r\n<h2><\/h2>\r\n<h2><b>R\u00e9szletek \u00e9s hasznos k\u00e9rd\u00e9sfelvet\u00e9sek a MyKi fejleszt\u0151it\u0151l<\/b><\/h2>\r\n&nbsp;\r\n\r\n<span style=\"font-weight: 400\">A gy\u00e1rt\u00f3 \u00e1tl\u00e1that\u00f3an, pontokba szedve foglalja \u00f6ssze a k\u00e9sz\u00fcl\u00e9k el\u0151nyeit. Sz\u00e1munkra els\u0151sorban az szimpatikus, hogy \u00edgy rendszerezve v\u00e9gig gondolhatunk olyan t\u00e9m\u00e1kat \u00e9s k\u00e9rd\u00e9seket, amelyek \u00e9rintett sz\u00fcl\u0151kk\u00e9nt felmer\u00fclnek benn\u00fcnk, de nem alkotnak ilyen kerek eg\u00e9szet. \u00c1tolvasva a le\u00edr\u00e1st r\u00f6gt\u00f6n beugrik, milyen nagyszer\u0171 lenne egy sz\u00fcl\u0151kkel folytatott megbesz\u00e9l\u00e9sen, vagy egy iskolai pedag\u00f3gus-sz\u00fcl\u0151 kerekasztaln\u00e1l \u00e1tr\u00e1gni magunkat a pontokon. Ennek az oktat\u00e1si int\u00e9zm\u00e9ny szab\u00e1lyoz\u00e1sa kapcs\u00e1n is nagy haszna lehet, de puszt\u00e1n \u201ccsak\u201d egy gondolat\u00e9breszt\u0151 besz\u00e9lget\u00e9st is gener\u00e1lhat. J\u00f6jjenek teh\u00e1t a MyKi \u00f3ra el\u0151nyei, jellemz\u0151i: <\/span>\r\n\r\n&nbsp;\r\n<ul>\r\n \t<li style=\"font-weight: 400\"><span style=\"font-weight: 400\">Milyen koroszt\u00e1ly a c\u00e9lcsoport?<\/span>\r\n<ul>\r\n \t<li style=\"font-weight: 400\"><span style=\"font-weight: 400\">Els\u0151sorban a 7-11 \u00e9ves koroszt\u00e1ly<\/span><\/li>\r\n \t<li style=\"font-weight: 400\"><span style=\"font-weight: 400\">akik m\u00e1r iskol\u00e1n k\u00edv\u00fcli programokra j\u00e1rnak (uszoda, s\u00edel\u00e9s, egy\u00e9b iskol\u00e1n k\u00edv\u00fcli foglalkoz\u00e1sok)<\/span><\/li>\r\n \t<li style=\"font-weight: 400\"><span style=\"font-weight: 400\">tavasszal-ny\u00e1ron esetleg t\u00e1borokon vesznek r\u00e9szt<\/span><\/li>\r\n \t<li style=\"font-weight: 400\"><span style=\"font-weight: 400\">viszont m\u00e9g nem alkalmasak a mobiltelefon c\u00e9ltudatos haszn\u00e1lat\u00e1ra (csak j\u00e1tszanak rajta, ill. neteznek)<\/span><\/li>\r\n<\/ul>\r\n<\/li>\r\n<\/ul>\r\n<ul>\r\n \t<li style=\"font-weight: 400\"><span style=\"font-weight: 400\">Mi\u00e9rt \u00f3ra, mi\u00e9rt nem telefon?<\/span>\r\n<ul>\r\n \t<li style=\"font-weight: 400\"><span style=\"font-weight: 400\">nem felt\u0171n\u0151, nem foglalja le a gyermeket, elfogadj\u00e1k az iskol\u00e1k<\/span><\/li>\r\n \t<li style=\"font-weight: 400\"><span style=\"font-weight: 400\">nem j\u00e1tszik vele, illetve a j\u00e1t\u00e9kos verzi\u00f3n\u00e1l mi mondhatjuk meg, hogy mikor enged\u00e9lyezz\u00fck a j\u00e1t\u00e9kot<\/span><\/li>\r\n \t<li style=\"font-weight: 400\"><span style=\"font-weight: 400\">nincs \u00e9rtelme ellopni<\/span><\/li>\r\n \t<li style=\"font-weight: 400\"><span style=\"font-weight: 400\">nem mer\u00fcl le \u2013 n\u00e1lunk jelzi az \u00f3ra, ha le fog mer\u00fclni<\/span><\/li>\r\n<\/ul>\r\n<\/li>\r\n<\/ul>\r\n<ul>\r\n \t<li style=\"font-weight: 400\"><span style=\"font-weight: 400\">Hogyan m\u0171k\u00f6dik?<\/span>\r\n<ul>\r\n \t<li style=\"font-weight: 400\"><span style=\"font-weight: 400\">a k\u00e9sz\u00fcl\u00e9kbe valamelyik mobilszolg\u00e1ltat\u00f3 SIM k\u00e1rty\u00e1j\u00e1t kell elhelyezni, amelyen akt\u00edv adat \u00e9s hang szolg\u00e1ltat\u00e1s van<\/span><\/li>\r\n \t<li style=\"font-weight: 400\"><span style=\"font-weight: 400\">k\u00fclt\u00e9ren a GPS \u00e9s Glonass m\u0171holdak seg\u00edts\u00e9g\u00e9vel hat\u00e1rozza meg az \u00f3r\u00e1t haszn\u00e1l\u00f3 gyermek pontos helyzet\u00e9t<\/span><\/li>\r\n \t<li style=\"font-weight: 400\"><span style=\"font-weight: 400\">belt\u00e9ren, ahol nincs GPS lefedetts\u00e9g, az aktu\u00e1lis mobilszolg\u00e1ltat\u00f3 cellainform\u00e1ci\u00f3ja alapj\u00e1n adja meg a pontos helyzetet<\/span><\/li>\r\n \t<li style=\"font-weight: 400\"><span style=\"font-weight: 400\">a gyermek helyzet\u00e9nek nyomon-k\u00f6vet\u00e9se mind\u00f6ssze n\u00e9h\u00e1ny MB-nyi adatot em\u00e9szt fel havi szinten<\/span><\/li>\r\n<\/ul>\r\n<\/li>\r\n<\/ul>\r\n<ul>\r\n \t<li style=\"font-weight: 400\"><span style=\"font-weight: 400\">Kell agg\u00f3dni, hogy h\u00edv\u00f3sz\u00e1m ismeret\u00e9vel idegenek vissza\u00e9lhetnek? Nem, mert:<\/span>\r\n<ul>\r\n \t<li style=\"font-weight: 400\"><span style=\"font-weight: 400\">a sz\u00fcl\u0151 \u00e1ll\u00edtja be, hogy a gyermeket ki h\u00edvhatja \u00e9s a gyermek kit h\u00edvhat ill. a gyermek helyzet\u00e9t ki l\u00e1thatja<\/span><\/li>\r\n \t<li style=\"font-weight: 400\"><span style=\"font-weight: 400\">a be\u00e1ll\u00edtott sz\u00e1mokon fel\u00fcl m\u00e1s h\u00edv\u00e1s nem fog kics\u00f6r\u00f6gni az \u00f3r\u00e1n \u2013 v\u00e9letlen h\u00edv\u00e1sok sem lehetnek<\/span><\/li>\r\n<\/ul>\r\n<\/li>\r\n<\/ul>\r\n<ul>\r\n \t<li style=\"font-weight: 400\"><span style=\"font-weight: 400\">Milyen fajta kommunik\u00e1ci\u00f3t tudunk folytatni a gyerekkel?<\/span>\r\n<ul>\r\n \t<li style=\"font-weight: 400\"><span style=\"font-weight: 400\">sz\u00fcl\u0151 \u00e9s a gyermek fel tudja h\u00edvni egym\u00e1st, bizonyos t\u00edpusn\u00e1l ez lehet vide\u00f3 h\u00edv\u00e1s is<\/span><\/li>\r\n \t<li style=\"font-weight: 400\"><span style=\"font-weight: 400\">\u00fczenetet tudnak k\u00fcldeni, a gyerek hang \u00fczenetet, a sz\u00fcl\u0151 sz\u00f6vegeset is. Bizonyos t\u00edpusn\u00e1l emoji k\u00fcld\u00e9s\u00e9re is van m\u00f3d az applik\u00e1ci\u00f3b\u00f3l<\/span><\/li>\r\n \t<li style=\"font-weight: 400\"><span style=\"font-weight: 400\">v\u00e9sz eset\u00e9n SOS h\u00edv\u00e1st tud kezdem\u00e9nyezni, egy gombnyom\u00e1sra<\/span><\/li>\r\n<\/ul>\r\n<\/li>\r\n<\/ul>\r\n<ul>\r\n \t<li style=\"font-weight: 400\"><span style=\"font-weight: 400\">Mit mutat sz\u00e1munkra a telefonos applik\u00e1ci\u00f3?<\/span>\r\n<ul>\r\n \t<li style=\"font-weight: 400\"><span style=\"font-weight: 400\">megmutatja a gyerek aktu\u00e1lis helyzet\u00e9t (Google Maps alkalmaz\u00e1s k\u00f6rnyezetben)<\/span><\/li>\r\n \t<li style=\"font-weight: 400\"><span style=\"font-weight: 400\">un. Biztons\u00e1gos Z\u00f3n\u00e1k meghat\u00e1roz\u00e1sa \u00e1ltal jelz\u00e9st kapunk, ha a gyermek elhagyta azt (p\u00e9ld\u00e1ul iskola ter\u00fclete, otthon,&#8230;)<\/span><\/li>\r\n \t<li style=\"font-weight: 400\"><span style=\"font-weight: 400\">ezen fel\u00fcl sz\u00e1mos esem\u00e9nyr\u0151l kaphatunk \u00e9rtes\u00edt\u00e9st, amelyet az applik\u00e1ci\u00f3ban mi hat\u00e1rozunk meg. Ilyenek p\u00e9ld\u00e1ul:<\/span>\r\n<ul>\r\n \t<li style=\"font-weight: 400\"><span style=\"font-weight: 400\">jelz\u00e9st kapunk, ha a gyermek levette a kez\u00e9r\u0151l az \u00f3r\u00e1t vagy az \u00f3ra le fog mer\u00fclni<\/span><\/li>\r\n \t<li style=\"font-weight: 400\"><span style=\"font-weight: 400\">m\u00e9ri a gyermek napi aktivit\u00e1s\u00e1t, napi c\u00e9lokat t\u0171zhet\u00fcnk ki a sz\u00e1m\u00e1ra<\/span><\/li>\r\n \t<li style=\"font-weight: 400\"><span style=\"font-weight: 400\">sebess\u00e9get is m\u00e9r \u00e9s jelz\u00e9st kapunk, ha a gyermek t\u00fal gyorsan k\u00f6zlekedik<\/span><\/li>\r\n<\/ul>\r\n<\/li>\r\n \t<li style=\"font-weight: 400\"><span style=\"font-weight: 400\">t\u00e1rolja tov\u00e1bb\u00e1 az el\u0151z\u0151 30 nap megtett \u00fatvonalait is<\/span><\/li>\r\n<\/ul>\r\n<\/li>\r\n<\/ul>\r\n<ul>\r\n \t<li style=\"font-weight: 400\"><span style=\"font-weight: 400\">Mit mutat az \u00f3ra, hisz el\u00e9g kis m\u00e9ret\u0171?<\/span>\r\n<ul>\r\n \t<li style=\"font-weight: 400\"><span style=\"font-weight: 400\">csak a legfontosabb funkci\u00f3kat (id\u0151, telefon k\u00f6nyv, \u00fczenetek, SOS)<\/span><\/li>\r\n \t<li style=\"font-weight: 400\"><span style=\"font-weight: 400\">ezen fel\u00fcl a sz\u00fcl\u0151kr\u0151l tudunk kitenni egy-egy k\u00e9pet, hogy arra r\u00e1nyomva azonnal tudjuk \u0151ket h\u00edvni<\/span><\/li>\r\n \t<li style=\"font-weight: 400\"><span style=\"font-weight: 400\">az \u00f3ra nem vagy nagyon nehezen kikapcsolhat\u00f3 (okkal), m\u00e9ret\u00e9b\u0151l ad\u00f3d\u00f3an kis akkumul\u00e1torral rendelkezik, ez\u00e9rt a sz\u00fcl\u0151 felel\u0151ss\u00e9ge a folyamatos t\u00f6lt\u00f6tts\u00e9g biztos\u00edt\u00e1sa<\/span><\/li>\r\n<\/ul>\r\n<\/li>\r\n<\/ul>\r\n<strong>Ak\u00e1r az \u00f3ra mellett d\u00f6nt\u00fcnk, ak\u00e1r nem, egyet t\u00e9nyleg ne felejts\u00fcnk el. Az odaad\u00f3, gondos nevel\u00e9ssel sok baj megel\u0151zhet\u0151. Ne v\u00e1rjuk a technikai innov\u00e1ci\u00f3kt\u00f3l, hogy ell\u00e1ss\u00e1k a feladatunkat, amit az esetek jelent\u0151s r\u00e9sz\u00e9ben \u00f6nk\u00e9nt, boldogan v\u00e1llaltunk a gyerekv\u00e1llal\u00e1s sor\u00e1n. Mindenki boldogabb lesz, ha a k\u00fcty\u00fc-gyerek helyett a sz\u00fcl\u0151-gyerek kapcsolat az uralkod\u00f3. Haszn\u00e1ljuk fel okosan a technol\u00f3gi\u00e1t, de ne v\u00e1rjuk el, hogy helyett\u00fcnk &#8222;dolgozzon&#8221;. A jutalmunk a nehezebb id\u0151szakok ut\u00e1n is megfizethetetlen \u00e9s p\u00f3tolhatatlan: a puszit este az \u00e1gyban mi kapjuk. Nem a k\u00fcty\u00fc!<\/strong>\r\n\r\n&nbsp;\r\n\r\n<b>Kapcsol\u00f3d\u00f3 MediaMarkt term\u00e9kek: <\/b>\r\n\r\n<a href=\"https:\/\/www.mediamarkt.hu\/hu\/product\/_myki-touch-gsm-gps-nyomk%C3%B6vet%C5%91s-piros-s%C3%A1rga-okos%C3%B3ra-1275747.html?ga_query=myki\"><span style=\"font-weight: 400\">MYKI Touch GSM\/GPS nyomk\u00f6vet\u0151s Piros\/S\u00e1rga okos\u00f3ra<\/span><\/a><span style=\"font-weight: 400\">, 37 999 Ft<\/span>\r\n\r\n&nbsp;\r\n\r\n<img loading=\"lazy\" decoding=\"async\" class=\"alignnone size-full wp-image-7819\" src=\"https:\/\/hir.mediamarkt.hu\/magazin\/wp-content\/uploads\/2019\/01\/00-4.png\" alt=\"\" width=\"786\" height=\"587\" srcset=\"https:\/\/hir.mediamarkt.hu\/magazin\/wp-content\/uploads\/2019\/01\/00-4.png 786w, https:\/\/hir.mediamarkt.hu\/magazin\/wp-content\/uploads\/2019\/01\/00-4-275x205.png 275w, https:\/\/hir.mediamarkt.hu\/magazin\/wp-content\/uploads\/2019\/01\/00-4-300x224.png 300w, https:\/\/hir.mediamarkt.hu\/magazin\/wp-content\/uploads\/2019\/01\/00-4-768x574.png 768w\" sizes=\"(max-width: 786px) 100vw, 786px\" \/>\r\n\r\n<img loading=\"lazy\" decoding=\"async\" class=\"alignnone size-large wp-image-7820\" src=\"https:\/\/hir.mediamarkt.hu\/magazin\/wp-content\/uploads\/2019\/01\/01-4-1024x551.png\" alt=\"\" width=\"1024\" height=\"551\" srcset=\"https:\/\/hir.mediamarkt.hu\/magazin\/wp-content\/uploads\/2019\/01\/01-4-1024x551.png 1024w, https:\/\/hir.mediamarkt.hu\/magazin\/wp-content\/uploads\/2019\/01\/01-4-275x148.png 275w, https:\/\/hir.mediamarkt.hu\/magazin\/wp-content\/uploads\/2019\/01\/01-4-300x162.png 300w, https:\/\/hir.mediamarkt.hu\/magazin\/wp-content\/uploads\/2019\/01\/01-4-768x414.png 768w, https:\/\/hir.mediamarkt.hu\/magazin\/wp-content\/uploads\/2019\/01\/01-4.png 1170w\" sizes=\"(max-width: 1024px) 100vw, 1024px\" \/>","protected":false},"excerpt":{"rendered":"K\u00fcl\u00f6n\u00f6s, mik\u00e9nt v\u00e1ltozik a vil\u00e1g. Mik\u00f6zben \u00e9pp egy el\u00e9g r\u00e9g\u00f3ta tart\u00f3, b\u00e9k\u00e9s id\u0151szakot \u00e9l\u00fcnk \u00e1t Eur\u00f3p\u00e1ban, a gyerekeink biztons\u00e1g\u00e1\u00e9rt egyre t\u00f6bben agg\u00f3dnak. A 80-as \u00e9vek v\u00e9g\u00e9n, amikor j\u00f3 magam iskol\u00e1s kor\u00fa lettem, m\u00e9g teljesen norm\u00e1lis volt, hogy \u201ckimer\u00e9szkedj\u00fcnk\u201d az utc\u00e1ra. Nyilv\u00e1n ehhez kellett a j\u00f3 k\u00f6rny\u00e9k \u00e9s a biztos tudat, a gyerek semmi h\u00fclyes\u00e9get nem csin\u00e1l. Mi v\u00e1ltozott \u00e9s mi seg\u00edthet, ha f\u00e9ltj\u00fck az ut\u00f3dainkat? Egy-k\u00e9t gondolat \u00e9s egy kifejezetten a kisiskol\u00e1sokra fejlesztett okos\u00f3ra k\u00f6vetkezik!","protected":false},"author":13,"featured_media":7822,"comment_status":"open","ping_status":"open","sticky":false,"template":"","format":"standard","meta":{"wprm-recipe-roundup-name":"","wprm-recipe-roundup-description":"","footnotes":""},"categories":[5949,5967],"tags":[445,514,1143,2155,2127,2173,3094,2999,2823,89,170,3095,3096,2619,240,107],"yoast_head":"<!-- This site is optimized with the Yoast SEO plugin v22.9 - https:\/\/yoast.com\/wordpress\/plugins\/seo\/ -->\n<title>Nevel\u00e9s vs. technol\u00f3gia? Mindkett\u0151! Tippek \u00e9s egy okos\u00f3ra agg\u00f3d\u00f3 sz\u00fcl\u0151knek - MediaMarkt Magazin<\/title>\n<meta name=\"description\" content=\"Sok mindenben hihet\u00fcnk, sz\u00fcl\u0151k\u00e9nt t\u00f6bbf\u00e9l nevel\u00e9si ir\u00e1nyt v\u00e1laszthatunk. A gyerekeink biztons\u00e1ga viszont mindannyiunk sz\u00e1m\u00e1ra a legfontosabb!\" \/>\n<meta name=\"robots\" content=\"index, follow, max-snippet:-1, max-image-preview:large, max-video-preview:-1\" \/>\n<link rel=\"canonical\" href=\"https:\/\/hir.mediamarkt.hu\/magazin\/neveles-vs-technologia-mindketto-tippek-es-egy-okosora-kisiskolasok-szuleinek\/\" \/>\n<meta property=\"og:locale\" content=\"hu_HU\" \/>\n<meta property=\"og:type\" content=\"article\" \/>\n<meta property=\"og:title\" content=\"Nevel\u00e9s vs. technol\u00f3gia? Mindkett\u0151! Tippek \u00e9s egy okos\u00f3ra agg\u00f3d\u00f3 sz\u00fcl\u0151knek - MediaMarkt Magazin\" \/>\n<meta property=\"og:description\" content=\"Sok mindenben hihet\u00fcnk, sz\u00fcl\u0151k\u00e9nt t\u00f6bbf\u00e9l nevel\u00e9si ir\u00e1nyt v\u00e1laszthatunk. A gyerekeink biztons\u00e1ga viszont mindannyiunk sz\u00e1m\u00e1ra a legfontosabb!\" \/>\n<meta property=\"og:url\" content=\"https:\/\/hir.mediamarkt.hu\/magazin\/neveles-vs-technologia-mindketto-tippek-es-egy-okosora-kisiskolasok-szuleinek\/\" \/>\n<meta property=\"og:site_name\" content=\"MediaMarkt Magazin\" \/>\n<meta property=\"article:publisher\" content=\"https:\/\/www.facebook.com\/MediaMarktMagyarorszag\" \/>\n<meta property=\"article:published_time\" content=\"2019-01-28T10:41:25+00:00\" \/>\n<meta property=\"article:modified_time\" content=\"2019-01-28T10:43:49+00:00\" \/>\n<meta property=\"og:image\" content=\"https:\/\/hir.mediamarkt.hu\/magazin\/wp-content\/uploads\/2019\/01\/01b.jpg\" \/>\n\t<meta property=\"og:image:width\" content=\"1170\" \/>\n\t<meta property=\"og:image:height\" content=\"630\" \/>\n\t<meta property=\"og:image:type\" content=\"image\/jpeg\" \/>\n<meta name=\"author\" content=\"Media Markt\" \/>\n<meta name=\"twitter:label1\" content=\"Szerz\u0151:\" \/>\n\t<meta name=\"twitter:data1\" content=\"Media Markt\" \/>\n\t<meta name=\"twitter:label2\" content=\"Becs\u00fclt olvas\u00e1si id\u0151\" \/>\n\t<meta name=\"twitter:data2\" content=\"11 perc\" \/>\n<script type=\"application\/ld+json\" class=\"yoast-schema-graph\">{\"@context\":\"https:\/\/schema.org\",\"@graph\":[{\"@type\":\"WebPage\",\"@id\":\"https:\/\/hir.mediamarkt.hu\/magazin\/neveles-vs-technologia-mindketto-tippek-es-egy-okosora-kisiskolasok-szuleinek\/\",\"url\":\"https:\/\/hir.mediamarkt.hu\/magazin\/neveles-vs-technologia-mindketto-tippek-es-egy-okosora-kisiskolasok-szuleinek\/\",\"name\":\"Nevel\u00e9s vs. technol\u00f3gia? Mindkett\u0151! Tippek \u00e9s egy okos\u00f3ra agg\u00f3d\u00f3 sz\u00fcl\u0151knek - MediaMarkt Magazin\",\"isPartOf\":{\"@id\":\"https:\/\/hir.mediamarkt.hu\/magazin\/#website\"},\"primaryImageOfPage\":{\"@id\":\"https:\/\/hir.mediamarkt.hu\/magazin\/neveles-vs-technologia-mindketto-tippek-es-egy-okosora-kisiskolasok-szuleinek\/#primaryimage\"},\"image\":{\"@id\":\"https:\/\/hir.mediamarkt.hu\/magazin\/neveles-vs-technologia-mindketto-tippek-es-egy-okosora-kisiskolasok-szuleinek\/#primaryimage\"},\"thumbnailUrl\":\"https:\/\/hir.mediamarkt.hu\/magazin\/wp-content\/uploads\/2019\/01\/01b.jpg\",\"datePublished\":\"2019-01-28T10:41:25+00:00\",\"dateModified\":\"2019-01-28T10:43:49+00:00\",\"author\":{\"@id\":\"https:\/\/hir.mediamarkt.hu\/magazin\/#\/schema\/person\/b93b02ec1ab4d2353f8d281e171c1b0b\"},\"description\":\"Sok mindenben hihet\u00fcnk, sz\u00fcl\u0151k\u00e9nt t\u00f6bbf\u00e9l nevel\u00e9si ir\u00e1nyt v\u00e1laszthatunk. A gyerekeink biztons\u00e1ga viszont mindannyiunk sz\u00e1m\u00e1ra a legfontosabb!\",\"breadcrumb\":{\"@id\":\"https:\/\/hir.mediamarkt.hu\/magazin\/neveles-vs-technologia-mindketto-tippek-es-egy-okosora-kisiskolasok-szuleinek\/#breadcrumb\"},\"inLanguage\":\"hu\",\"potentialAction\":[{\"@type\":\"ReadAction\",\"target\":[\"https:\/\/hir.mediamarkt.hu\/magazin\/neveles-vs-technologia-mindketto-tippek-es-egy-okosora-kisiskolasok-szuleinek\/\"]}]},{\"@type\":\"ImageObject\",\"inLanguage\":\"hu\",\"@id\":\"https:\/\/hir.mediamarkt.hu\/magazin\/neveles-vs-technologia-mindketto-tippek-es-egy-okosora-kisiskolasok-szuleinek\/#primaryimage\",\"url\":\"https:\/\/hir.mediamarkt.hu\/magazin\/wp-content\/uploads\/2019\/01\/01b.jpg\",\"contentUrl\":\"https:\/\/hir.mediamarkt.hu\/magazin\/wp-content\/uploads\/2019\/01\/01b.jpg\",\"width\":1170,\"height\":630},{\"@type\":\"BreadcrumbList\",\"@id\":\"https:\/\/hir.mediamarkt.hu\/magazin\/neveles-vs-technologia-mindketto-tippek-es-egy-okosora-kisiskolasok-szuleinek\/#breadcrumb\",\"itemListElement\":[{\"@type\":\"ListItem\",\"position\":1,\"name\":\"Kezd\u0151lap\",\"item\":\"https:\/\/hir.mediamarkt.hu\/magazin\/\"},{\"@type\":\"ListItem\",\"position\":2,\"name\":\"Nevel\u00e9s vs. technol\u00f3gia? Mindkett\u0151! Tippek \u00e9s egy okos\u00f3ra agg\u00f3d\u00f3 sz\u00fcl\u0151knek\"}]},{\"@type\":\"WebSite\",\"@id\":\"https:\/\/hir.mediamarkt.hu\/magazin\/#website\",\"url\":\"https:\/\/hir.mediamarkt.hu\/magazin\/\",\"name\":\"MediaMarkt Magazin\",\"description\":\"Olvass bele magazinunkba!\",\"potentialAction\":[{\"@type\":\"SearchAction\",\"target\":{\"@type\":\"EntryPoint\",\"urlTemplate\":\"https:\/\/hir.mediamarkt.hu\/magazin\/?s={search_term_string}\"},\"query-input\":\"required name=search_term_string\"}],\"inLanguage\":\"hu\"},{\"@type\":\"Person\",\"@id\":\"https:\/\/hir.mediamarkt.hu\/magazin\/#\/schema\/person\/b93b02ec1ab4d2353f8d281e171c1b0b\",\"name\":\"Media Markt\",\"image\":{\"@type\":\"ImageObject\",\"inLanguage\":\"hu\",\"@id\":\"https:\/\/hir.mediamarkt.hu\/magazin\/#\/schema\/person\/image\/\",\"url\":\"https:\/\/secure.gravatar.com\/avatar\/602bccae8998beee472d01909f0978f1?s=96&d=mm&r=g\",\"contentUrl\":\"https:\/\/secure.gravatar.com\/avatar\/602bccae8998beee472d01909f0978f1?s=96&d=mm&r=g\",\"caption\":\"Media Markt\"}}]}<\/script>\n<!-- \/ Yoast SEO plugin. -->","yoast_head_json":{"title":"Nevel\u00e9s vs. technol\u00f3gia? Mindkett\u0151! Tippek \u00e9s egy okos\u00f3ra agg\u00f3d\u00f3 sz\u00fcl\u0151knek - MediaMarkt Magazin","description":"Sok mindenben hihet\u00fcnk, sz\u00fcl\u0151k\u00e9nt t\u00f6bbf\u00e9l nevel\u00e9si ir\u00e1nyt v\u00e1laszthatunk. A gyerekeink biztons\u00e1ga viszont mindannyiunk sz\u00e1m\u00e1ra a legfontosabb!","robots":{"index":"index","follow":"follow","max-snippet":"max-snippet:-1","max-image-preview":"max-image-preview:large","max-video-preview":"max-video-preview:-1"},"canonical":"https:\/\/hir.mediamarkt.hu\/magazin\/neveles-vs-technologia-mindketto-tippek-es-egy-okosora-kisiskolasok-szuleinek\/","og_locale":"hu_HU","og_type":"article","og_title":"Nevel\u00e9s vs. technol\u00f3gia? Mindkett\u0151! Tippek \u00e9s egy okos\u00f3ra agg\u00f3d\u00f3 sz\u00fcl\u0151knek - MediaMarkt Magazin","og_description":"Sok mindenben hihet\u00fcnk, sz\u00fcl\u0151k\u00e9nt t\u00f6bbf\u00e9l nevel\u00e9si ir\u00e1nyt v\u00e1laszthatunk. A gyerekeink biztons\u00e1ga viszont mindannyiunk sz\u00e1m\u00e1ra a legfontosabb!","og_url":"https:\/\/hir.mediamarkt.hu\/magazin\/neveles-vs-technologia-mindketto-tippek-es-egy-okosora-kisiskolasok-szuleinek\/","og_site_name":"MediaMarkt Magazin","article_publisher":"https:\/\/www.facebook.com\/MediaMarktMagyarorszag","article_published_time":"2019-01-28T10:41:25+00:00","article_modified_time":"2019-01-28T10:43:49+00:00","og_image":[{"width":1170,"height":630,"url":"https:\/\/hir.mediamarkt.hu\/magazin\/wp-content\/uploads\/2019\/01\/01b.jpg","type":"image\/jpeg"}],"author":"Media Markt","twitter_misc":{"Szerz\u0151:":"Media Markt","Becs\u00fclt olvas\u00e1si id\u0151":"11 perc"},"schema":{"@context":"https:\/\/schema.org","@graph":[{"@type":"WebPage","@id":"https:\/\/hir.mediamarkt.hu\/magazin\/neveles-vs-technologia-mindketto-tippek-es-egy-okosora-kisiskolasok-szuleinek\/","url":"https:\/\/hir.mediamarkt.hu\/magazin\/neveles-vs-technologia-mindketto-tippek-es-egy-okosora-kisiskolasok-szuleinek\/","name":"Nevel\u00e9s vs. technol\u00f3gia? Mindkett\u0151! Tippek \u00e9s egy okos\u00f3ra agg\u00f3d\u00f3 sz\u00fcl\u0151knek - MediaMarkt Magazin","isPartOf":{"@id":"https:\/\/hir.mediamarkt.hu\/magazin\/#website"},"primaryImageOfPage":{"@id":"https:\/\/hir.mediamarkt.hu\/magazin\/neveles-vs-technologia-mindketto-tippek-es-egy-okosora-kisiskolasok-szuleinek\/#primaryimage"},"image":{"@id":"https:\/\/hir.mediamarkt.hu\/magazin\/neveles-vs-technologia-mindketto-tippek-es-egy-okosora-kisiskolasok-szuleinek\/#primaryimage"},"thumbnailUrl":"https:\/\/hir.mediamarkt.hu\/magazin\/wp-content\/uploads\/2019\/01\/01b.jpg","datePublished":"2019-01-28T10:41:25+00:00","dateModified":"2019-01-28T10:43:49+00:00","author":{"@id":"https:\/\/hir.mediamarkt.hu\/magazin\/#\/schema\/person\/b93b02ec1ab4d2353f8d281e171c1b0b"},"description":"Sok mindenben hihet\u00fcnk, sz\u00fcl\u0151k\u00e9nt t\u00f6bbf\u00e9l nevel\u00e9si ir\u00e1nyt v\u00e1laszthatunk. A gyerekeink biztons\u00e1ga viszont mindannyiunk sz\u00e1m\u00e1ra a legfontosabb!","breadcrumb":{"@id":"https:\/\/hir.mediamarkt.hu\/magazin\/neveles-vs-technologia-mindketto-tippek-es-egy-okosora-kisiskolasok-szuleinek\/#breadcrumb"},"inLanguage":"hu","potentialAction":[{"@type":"ReadAction","target":["https:\/\/hir.mediamarkt.hu\/magazin\/neveles-vs-technologia-mindketto-tippek-es-egy-okosora-kisiskolasok-szuleinek\/"]}]},{"@type":"ImageObject","inLanguage":"hu","@id":"https:\/\/hir.mediamarkt.hu\/magazin\/neveles-vs-technologia-mindketto-tippek-es-egy-okosora-kisiskolasok-szuleinek\/#primaryimage","url":"https:\/\/hir.mediamarkt.hu\/magazin\/wp-content\/uploads\/2019\/01\/01b.jpg","contentUrl":"https:\/\/hir.mediamarkt.hu\/magazin\/wp-content\/uploads\/2019\/01\/01b.jpg","width":1170,"height":630},{"@type":"BreadcrumbList","@id":"https:\/\/hir.mediamarkt.hu\/magazin\/neveles-vs-technologia-mindketto-tippek-es-egy-okosora-kisiskolasok-szuleinek\/#breadcrumb","itemListElement":[{"@type":"ListItem","position":1,"name":"Kezd\u0151lap","item":"https:\/\/hir.mediamarkt.hu\/magazin\/"},{"@type":"ListItem","position":2,"name":"Nevel\u00e9s vs. technol\u00f3gia? Mindkett\u0151! Tippek \u00e9s egy okos\u00f3ra agg\u00f3d\u00f3 sz\u00fcl\u0151knek"}]},{"@type":"WebSite","@id":"https:\/\/hir.mediamarkt.hu\/magazin\/#website","url":"https:\/\/hir.mediamarkt.hu\/magazin\/","name":"MediaMarkt Magazin","description":"Olvass bele magazinunkba!","potentialAction":[{"@type":"SearchAction","target":{"@type":"EntryPoint","urlTemplate":"https:\/\/hir.mediamarkt.hu\/magazin\/?s={search_term_string}"},"query-input":"required name=search_term_string"}],"inLanguage":"hu"},{"@type":"Person","@id":"https:\/\/hir.mediamarkt.hu\/magazin\/#\/schema\/person\/b93b02ec1ab4d2353f8d281e171c1b0b","name":"Media Markt","image":{"@type":"ImageObject","inLanguage":"hu","@id":"https:\/\/hir.mediamarkt.hu\/magazin\/#\/schema\/person\/image\/","url":"https:\/\/secure.gravatar.com\/avatar\/602bccae8998beee472d01909f0978f1?s=96&d=mm&r=g","contentUrl":"https:\/\/secure.gravatar.com\/avatar\/602bccae8998beee472d01909f0978f1?s=96&d=mm&r=g","caption":"Media Markt"}}]}},"_links":{"self":[{"href":"https:\/\/hir.mediamarkt.hu\/magazin\/wp-json\/wp\/v2\/posts\/7818"}],"collection":[{"href":"https:\/\/hir.mediamarkt.hu\/magazin\/wp-json\/wp\/v2\/posts"}],"about":[{"href":"https:\/\/hir.mediamarkt.hu\/magazin\/wp-json\/wp\/v2\/types\/post"}],"author":[{"embeddable":true,"href":"https:\/\/hir.mediamarkt.hu\/magazin\/wp-json\/wp\/v2\/users\/13"}],"replies":[{"embeddable":true,"href":"https:\/\/hir.mediamarkt.hu\/magazin\/wp-json\/wp\/v2\/comments?post=7818"}],"version-history":[{"count":3,"href":"https:\/\/hir.mediamarkt.hu\/magazin\/wp-json\/wp\/v2\/posts\/7818\/revisions"}],"predecessor-version":[{"id":7827,"href":"https:\/\/hir.mediamarkt.hu\/magazin\/wp-json\/wp\/v2\/posts\/7818\/revisions\/7827"}],"wp:featuredmedia":[{"embeddable":true,"href":"https:\/\/hir.mediamarkt.hu\/magazin\/wp-json\/wp\/v2\/media\/7822"}],"wp:attachment":[{"href":"https:\/\/hir.mediamarkt.hu\/magazin\/wp-json\/wp\/v2\/media?parent=7818"}],"wp:term":[{"taxonomy":"category","embeddable":true,"href":"https:\/\/hir.mediamarkt.hu\/magazin\/wp-json\/wp\/v2\/categories?post=7818"},{"taxonomy":"post_tag","embeddable":true,"href":"https:\/\/hir.mediamarkt.hu\/magazin\/wp-json\/wp\/v2\/tags?post=7818"}],"curies":[{"name":"wp","href":"https:\/\/api.w.org\/{rel}","templated":true}]}}