{"id":7877,"date":"2019-02-05T07:38:53","date_gmt":"2019-02-05T06:38:53","guid":{"rendered":"http:\/\/hir.mediamarkt.hu\/magazin\/?p=7877"},"modified":"2019-02-14T10:52:24","modified_gmt":"2019-02-14T09:52:24","slug":"bluetooth-fejhallgato-teszt","status":"publish","type":"post","link":"https:\/\/hir.mediamarkt.hu\/magazin\/bluetooth-fejhallgato-teszt\/","title":{"rendered":"A t\u00f6k\u00e9letes f\u00fclmeleg\u00edt\u0151, amin mellesleg zen\u00e9t is hallgatsz &#8211; alternat\u00edv fejhallgat\u00f3teszt"},"content":{"rendered":"<strong>T\u00e9li cikk a fejhallgat\u00f3k egyik tagadhatatlan el\u0151ny\u00e9r\u0151l, amelyr\u0151l valahogy m\u00e9gsem besz\u00e9l senki: arr\u00f3l, hogy nagyszer\u0171en v\u00e9dik a f\u00fclet a m\u00ednuszokban. Vagy m\u00e9gsem? \u00c9s mi van, ha egy\u00e9bk\u00e9nt zen\u00e9t is hallgatn\u00e1nk?<\/strong>\r\n\r\nB\u00e1r szokatlanul meleg van, a t\u00e9lnek az\u00e9rt kor\u00e1nt sincs v\u00e9ge, a sapka-s\u00e1l-keszty\u0171 alap, f\u0151leg \u00e9jjel. Vagy, ha sapka nem is, a f\u00fclmeleg\u00edt\u0151 minimum. Vagy, ha az nem&#8230; \u00e9s ezzel a nagyon r\u00f6vid felvezet\u00e9ssel el is \u00e9rkezt\u00fcnk rendhagy\u00f3 teszt\u00fcnk velej\u00e9hez.\r\n\r\nBiztosan sokan k\u00f6z\u00fcletek k\u00fczdenek \u00e9vek \u00f3ta az \u00e1lland\u00f3 t\u00e9li dilemm\u00e1val, hogy egyszer\u0171en nincsenek el\u00e9g men\u0151 sapk\u00e1k, vagy ha vannak is, sz\u00e9tbarmolj\u00e1k az ember frizur\u00e1j\u00e1t, ez\u00e9rt ink\u00e1bb hanyagolj\u00e1tok \u0151ket, azt pedig nem kell r\u00e9szletezn\u00fcnk, micsoda kock\u00e1zat ez ilyenkor. Na j\u00f3, lehet, hogy nem sokan k\u00fczdt\u00f6k ezzel, de ett\u0151l f\u00fcggetlen\u00fcl most m\u00e1r meg\u00edrjuk ezt a cikket. Alternat\u00edv megold\u00e1sk\u00e9nt ott vannak ugye a f\u00fclmeleg\u00edt\u0151k, ez azonban el\u00e9g b\u00e9na kompromisszum, mert l\u00e1ssuk be, t\u00f6bbs\u00e9g\u00fck el\u00e9g h\u00fcly\u00e9n n\u00e9z ki, az ilyesmit a l\u00e1nyok is ink\u00e1bb ironikusan hordanak, a fi\u00fak meg egy\u00e1ltal\u00e1n nem. Adja mag\u00e1t az enn\u00e9l egy kicsit dr\u00e1g\u00e1bb, \u00e1m sokkal id\u0151t\u00e1ll\u00f3bb, hasznosabb, t\u00f6bbfunkci\u00f3s megold\u00e1s:\r\n\r\n<strong>A fejhallgat\u00f3!<\/strong>\r\n\r\nMindenkinek esz\u00e9be jutott m\u00e1r, hogy egy j\u00f3l p\u00e1rn\u00e1zott \u00e9s stabilan \u00f6sszerakott, min\u0151s\u00e9gi fejhallgat\u00f3val v\u00e9dje a f\u00fcl\u00e9t t\u00e9len, ugye? Nem? Csak nek\u00fcnk? Nem baj, akkor is meg\u00edrjuk ezt a cikket.\r\n\r\nSz\u00f3val l\u00e1ssuk, mi a v\u00e1lasz a k\u00e9rd\u00e9sre, amit mindenki v\u00e1rt:\r\n\r\n<strong>V\u00e9di-e a f\u00fclet t\u00e9len a fejhallgat\u00f3?<\/strong>\r\n\r\nAz alap\u00e1ll\u00e1s az volt, hogy az els\u0151dleges szempont a f\u00fcl melege \u00e9s v\u00e9delme, csak ut\u00e1na j\u00f6nnek ezek a piszlics\u00e1r\u00e9 semmis\u00e9gek, mint a herzek, ellen\u00e1ll\u00e1s, hangmin\u0151s\u00e9g \u00e9s a kapcsolat stabilit\u00e1sa. Igen, a kapcsolat\u00e9, ugyanis ahhoz, hogy m\u00e9g ink\u00e1bb kiv\u00e1ltsuk a f\u00fclv\u00e9d\u0151t, \u00fagy d\u00f6nt\u00f6tt\u00fcnk, nem vagyunk hajland\u00f3k holmi k\u00e1belekkel szenvedni \u00e9s r\u00e1ment\u00fcnk az als\u00f3- \u00e9s k\u00f6z\u00e9pkateg\u00f3ri\u00e1s, azaz mindenki \u00e1ltal megfizethet\u0151 Bluetooth-f\u00fclesekre. K\u00e9t modellt pr\u00f3b\u00e1ltunk ki: egy on-ear kialak\u00edt\u00e1s\u00fat, azaz egy olyat, amely nem fedi be teljesen a f\u00fclet, ink\u00e1bb puh\u00e1n, de &#8211; rem\u00e9lhet\u0151leg &#8211; stabilan r\u00e1simul, egy over-ear darabot, amely teljesen k\u00f6rbe\u00f6leli a f\u00fclet. A tesztk\u00f6rnyezet v\u00e1ltozatos volt: utcai s\u00e9ta, bicikli, t\u00f6megk\u00f6zleked\u00e9s \u00e9s hosszabb t\u00fara. L\u00e1ssuk is!\r\n<h2>Marley Positive Vibration<\/h2>\r\nVagy sokkal ismertebb \u00e9s szexibb nev\u00e9n: <a href=\"https:\/\/www.mediamarkt.hu\/hu\/product\/_marley-em-jh133-sv-bluetooth-fejhallgat%C3%B3-1241051.html\">Marley EM-JH133-SV<\/a>. B\u00e1r a fant\u00e1zian\u00e9v a nyarat id\u00e9zi (meg, ha m\u00e1r itt tartunk, mondjuk Jamaic\u00e1t), ne rugaszkodjunk el a val\u00f3s\u00e1gt\u00f3l \u00e9s ragaszkodjunk csak a mi megszokott, otthonos, sz\u00fcrke-ny\u00e1lk\u00e1s magyar tel\u00fcnkh\u00f6z! A Positive Vibration az on-ear, teh\u00e1t a f\u00fclet nem lefed\u0151 (ink\u00e1bb szel\u00edden a kopony\u00e1nkhoz szor\u00edt\u00f3) s\u00falycsoport k\u00e9pvisel\u0151je, azaz r\u00f6gt\u00f6n fel is mer\u00fcl a k\u00e9rd\u00e9s: el\u00e9g ez ahhoz, hogy legal\u00e1bb nagyj\u00e1b\u00f3l melegen tartsa k\u00fcls\u0151-bels\u0151 hall\u00f3szerv\u00fcnk? Lel\u00f6v\u00f6m a po\u00e9nt: igen, de el\u0151bb l\u00e1ssuk, mit is tud a f\u00fclhallgat\u00f3.\r\n\r\n<img loading=\"lazy\" decoding=\"async\" class=\"alignnone size-full wp-image-7882\" src=\"https:\/\/hir.mediamarkt.hu\/magazin\/wp-content\/uploads\/2019\/02\/fulhallg1_.png\" alt=\"\" width=\"786\" height=\"587\" srcset=\"https:\/\/hir.mediamarkt.hu\/magazin\/wp-content\/uploads\/2019\/02\/fulhallg1_.png 786w, https:\/\/hir.mediamarkt.hu\/magazin\/wp-content\/uploads\/2019\/02\/fulhallg1_-275x205.png 275w, https:\/\/hir.mediamarkt.hu\/magazin\/wp-content\/uploads\/2019\/02\/fulhallg1_-300x224.png 300w, https:\/\/hir.mediamarkt.hu\/magazin\/wp-content\/uploads\/2019\/02\/fulhallg1_-768x574.png 768w\" sizes=\"(max-width: 786px) 100vw, 786px\" \/>\r\n\r\nAz on-ear kateg\u00f3ria legal\u00e1bb olyan v\u00e1ltozatos, mint a nagyobb testv\u00e9reik, viszont \u00e1ltal\u00e1ban olcs\u00f3bb, \u00e9s persze kisebb, azaz k\u00f6nnyebben sz\u00e1ll\u00edthat\u00f3, ha \u00e9ppen nem hordjuk. A House of Marley (igen, AZ a Marley) ennek megfelel\u0151en a fiatalokat c\u00e9lozta meg, amit el\u00e1rul a j\u00e1t\u00e9kos, lekerek\u00edtett, de szerencs\u00e9re nem felt\u0171n\u0151sk\u00f6d\u0151 formatervez\u00e9s, a t\u00e9ny, hogy n\u00e9gy sz\u00ednben kaphat\u00f3 (m\u00e9g r\u00f3zsasz\u00ednben is), illetve az egy forint h\u00edj\u00e1n 17 ezres \u00e1r, ami a Bluetooth-f\u00fclesek k\u00f6zt nagyon, szinte gyan\u00fasan olcs\u00f3. A Media Makrtban a vezet\u00e9k n\u00e9lk\u00fcli v\u00e1ltozat jelenleg csak k\u00e9t sz\u00ednben kaphat\u00f3, a k\u00e9k valami\u00e9rt dr\u00e1g\u00e1bb, mint a sokkal men\u0151bb feh\u00e9r, de levad\u00e1szhatjuk a m\u00e1r eml\u00edtett r\u00f3zsasz\u00ednt is \u00e9s az \u00f6regsulis feket\u00e9t &#8211; mi term\u00e9szetesen ez ut\u00f3bbit pr\u00f3b\u00e1ltuk.\r\n\r\nA Marley m\u00e1r els\u0151re szimpatikus: nagyszer\u0171 csomagol\u00e1s, sz\u00f6vettel v\u00e9dett k\u00e1belek (mell\u00e9kelve, illetve mag\u00e1n a fejhallgat\u00f3n is), semmi fakszni, az \u00e1ra ellen\u00e9re r\u00e1ad\u00e1sul f\u00e9mb\u0151l van, ez azonnal kider\u00fcl, ahogy hozz\u00e1\u00e9r\u00fcnk, forgatni, nyomorgatni kezdj\u00fck: egy reccsen\u00e9s nem hallik, atomstabil az eg\u00e9sz. \u00cdzl\u00e9s k\u00e9rd\u00e9se, persze, de a mindk\u00e9t oldalra be\u00fcltetett, log\u00f3val ell\u00e1tott bambuszdarab csak megkoron\u00e1zza az eg\u00e9szet, sz\u00f3val fashion statementk\u00e9nt m\u00e1r m\u0171k\u00f6dik az eg\u00e9sz, p\u00e9ld\u00e1ul azt \u00fczeni, hogy k\u00f6rnyezetbar\u00e1t gy\u00e1rt\u00e1si felt\u00e9telek mellett k\u00e9sz\u00fclt f\u00fclest hordunk. Mindennek sajnos az az \u00e1ra, hogy a fest\u00e9s nagyon k\u00e9nyes, m\u00e1r egy-k\u00e9t \u00f6sszecsuk\u00e1s (ja, mert \u00f6sszecsukhat\u00f3) ut\u00e1n is l\u00e1that\u00f3 volt a kop\u00e1s, sz\u00f3val csak akkor vedd meg, ha el tudod engedni az \u00fajt\u00e1rgy-f\u00e9tist \u00e9s v\u00e1llalod, hogy ezen a f\u00fclesen bizony l\u00e1tszik majd, hogy haszn\u00e1lod. Ha m\u00e1r negat\u00edvumok: a m\u0171anyag vez\u00e9rl\u0151gombok kifejezetten l\u00f6ty\u00f6g\u0151s, olcs\u00f3 hat\u00e1st keltenek (de az\u00e9rt szerencs\u00e9re m\u0171k\u00f6dnek), igaz, ink\u00e1bb a f\u00e9mtesthez k\u00e9pest, mint \u00f6nmagukban.\r\n\r\nLs nem csak fashion statementk\u00e9nt m\u0171k\u00f6dik, hanem minden m\u00e1sk\u00e9nt is. A Marley-f\u00fcles ugyanis nem csak pap\u00edron hangzik j\u00f3l (16 Ohm ellen\u00e1ll\u00e1s, 115 decibel hanger\u0151, 20-20000 herzes \u00e1tvitel, azaz kifejezetten hangzik), hanem akci\u00f3 k\u00f6zben is. Nem tolja t\u00fal a basszust (\u00edgy kompenz\u00e1l ugye sok als\u00f3 kateg\u00f3ri\u00e1s k\u00fcty\u00fc), a k\u00f6z\u00e9p- \u00e9s a fels\u0151 tartom\u00e1ny is kiegyens\u00falyozott, a house-t\u00f3l a klasszikusig megbirk\u00f3zik mindennel. Term\u00e9szetesen reggae-re, dubra, dancehallre optimaliz\u00e1lt\u00e1k az eg\u00e9szet, tekerj\u00fck fel nyugodtan maxra a Toots &amp; The Maytalls-bestofot (tal\u00e1n m\u00e9gse r\u00f6gt\u00f6n Bob Marley-t, az milyen snassz m\u00e1r), \u00e9s (a Media Markt Magazin szerkeszt\u0151s\u00e9ge \u00e1ltal egy\u00e9bk\u00e9nt is hat\u00e1rozottan ellenzett!) l\u00e1gydrogok fogyaszt\u00e1sa n\u00e9lk\u00fcl is \u00fagy \u00e9rezz\u00fck majd, hogy ny\u00e1r van, sunshine, one love, one planet!\r\n\r\nOk\u00e9, ez mind sz\u00e9p, de mi a helyzet cikk\u00fcnk t\u00e1rgy\u00e1val, a f\u00fclv\u00e9d\u0151-funkcionalit\u00e1ssal? Nos, a helyzet az, hogy itt is meglep\u0151 eredm\u00e9ny sz\u00fcletett: az on-ear kialak\u00edt\u00e1s \u00e9s a hideget csod\u00e1san vezet\u0151 f\u00e9mtest ellen\u00e9re a Marley szinte t\u00f6k\u00e9letesen megv\u00e9dte a f\u00fcl\u00fcnket mindent\u0151l, amit\u0151l ilyenkor meg kell, legfeljebb a biciklin (ahol term\u00e9szetesen csak \u00fagy rajtunk volt, nem hallgattunk zen\u00e9t) \u00e9rezt\u00fck kicsit, hogy bef\u00faj, de ez sem volt v\u00e9szes. Az ellensz\u00e9l viszont el\u00e9g durva zajjal j\u00e1r, sz\u00f3val a biciklin zenehallgat\u00e1snak egy\u00e9bk\u00e9nt sem sok \u00e9rtelme lenne.A k\u00e9nyeg, hogy minusz egy-k\u00e9t fokig b\u00e1tran elindulhatunk b\u00e1rhova.\r\n\r\n<img loading=\"lazy\" decoding=\"async\" class=\"size-full wp-image-7883\" src=\"https:\/\/hir.mediamarkt.hu\/magazin\/wp-content\/uploads\/2019\/02\/fulhallg2.jpg\" alt=\"\" width=\"2000\" height=\"1500\" srcset=\"https:\/\/hir.mediamarkt.hu\/magazin\/wp-content\/uploads\/2019\/02\/fulhallg2.jpg 1440w, https:\/\/hir.mediamarkt.hu\/magazin\/wp-content\/uploads\/2019\/02\/fulhallg2-275x206.jpg 275w, https:\/\/hir.mediamarkt.hu\/magazin\/wp-content\/uploads\/2019\/02\/fulhallg2-300x225.jpg 300w, https:\/\/hir.mediamarkt.hu\/magazin\/wp-content\/uploads\/2019\/02\/fulhallg2-768x576.jpg 768w, https:\/\/hir.mediamarkt.hu\/magazin\/wp-content\/uploads\/2019\/02\/fulhallg2-1024x768.jpg 1024w\" sizes=\"(max-width: 2000px) 100vw, 2000px\" \/>\r\n\r\nAz viszont, hogy nyomja a f\u00fcl\u00fcnket, egy \u00f3ra ut\u00e1n bizony el\u00e9g kellemetlen; ez a m\u0171faj saj\u00e1toss\u00e1ga, nem a Marley hib\u00e1ja. Azaz tudjunk r\u00f3la, hogy nem eg\u00e9sznapos munk\u00e1hoz, zenehallgat\u00e1shoz, filmn\u00e9z\u00e9shez tal\u00e1lt\u00e1k ki, hanem r\u00f6videbb utakhoz. Egy-egy LP-t az\u00e9rt gond n\u00e9lkd\u00fcl v\u00e9gig lehet ugr\u00e1lni itthon, a lak\u00e1sban, a szerencs\u00e9re el\u00e9g j\u00f3 min\u0151s\u00e9g\u0171 \u00e9s csak egy-egy pillanatra megszakad\u00f3 Bluetooth-\u00fczemm\u00f3dban.\r\n\r\nEgy j\u00f3 esetben korrekt\u00fcl sz\u00f3l\u00f3, cuki (de nem cukiskod\u00f3) megjelen\u00e9s\u0171, de az\u00e9rt (az \u00e1r\u00e1b\u00f3l ad\u00f3d\u00f3an) kompromisszumokkal terhelt f\u00fclhallgat\u00f3ra sz\u00e1m\u00edtottunk, ehhez k\u00e9pest azonnal beleszerett\u00fcnk. Sz\u00e9p, bar\u00e1ts\u00e1gos, \u00fagy sz\u00f3l, mint az egy kateg\u00f3ri\u00e1val komolyabb koll\u00e9g\u00e1i, k\u00f6rnyezetbar\u00e1t \u00e9s ami a legfontosabb: v\u00e9di a f\u00fclet!\r\n<h2>PANASONIC RP-HTX80BE-K<\/h2>\r\nAzon gondolkodtunk, felmer\u00fclt-e valaha egy term\u00e9kmenedzsment-m\u00edtingen a Panasonicn\u00e1l, hogy ha m\u00e1r fiataloknak sz\u00f3l\u00f3 viszonylag olcs\u00f3 Bluetooth-fejhallgatt gy\u00e1rtanak, nem lenne-e \u00e9rtelme valami fant\u00e1zianevet is kital\u00e1lni neki. Ha nem, mi\u00e9rt nem? Ha igen, mi t\u00f6rt\u00e9nt? Leszavazt\u00e1k?\r\n\r\nAk\u00e1rhogy is, a Marley ut\u00e1n nagy \u00e9lm\u00e9nyt v\u00e1rtunk, hiszen ha egy 17 ezres, kis fejhallgat\u00f3 ennyit tud, mire k\u00e9pes egy ismertebb gy\u00e1rt\u00f3 \u00e1ltal piacra dobott, j\u00f3val nagyobb, majdnem dupla annyiba ker\u00fcl\u0151 (jelenleg 29 ezer forintos) term\u00e9k? Biztosan dobunk egy h\u00e1tast, ugye? Nos, dobtunk is meg nem is.\r\n\r\n<img loading=\"lazy\" decoding=\"async\" class=\"alignnone size-full wp-image-7884\" src=\"https:\/\/hir.mediamarkt.hu\/magazin\/wp-content\/uploads\/2019\/02\/fulhallg2_.png\" alt=\"\" width=\"786\" height=\"587\" srcset=\"https:\/\/hir.mediamarkt.hu\/magazin\/wp-content\/uploads\/2019\/02\/fulhallg2_.png 786w, https:\/\/hir.mediamarkt.hu\/magazin\/wp-content\/uploads\/2019\/02\/fulhallg2_-275x205.png 275w, https:\/\/hir.mediamarkt.hu\/magazin\/wp-content\/uploads\/2019\/02\/fulhallg2_-300x224.png 300w, https:\/\/hir.mediamarkt.hu\/magazin\/wp-content\/uploads\/2019\/02\/fulhallg2_-768x574.png 768w\" sizes=\"(max-width: 786px) 100vw, 786px\" \/>\r\n\r\nAz biztos, hogy nagyon sz\u00e9p! A Marley is tetszet\u0151s, de a Panasonic massz\u00edv, az eg\u00e9sz f\u00fclet befed\u0151, szuperk\u00e9nyelmes fejhallgat\u00f3ja konkr\u00e9tan visszarep\u00edtett a gyerekkorba, amikor ap\u00e1ink AKAI-hifije mellett p\u00f6rgett\u00fck a S\u00fcs\u00fc-bakeliteket az akkori fej\u00fcnkh\u00f6z k\u00e9pest orm\u00f3tlan, csavart k\u00e1beles fejhallgat\u00f3n. Komolyan, ilyen retrodiz\u00e1jnt legfeljebb a cs\u00facskateg\u00f3ri\u00e1ban l\u00e1tni, igaz, azon nem m\u0171anyagb\u00f3l vannak, vagy ha igen, enn\u00e9l jobb m\u0171anyagb\u00f3l. (\u00c9s p\u00e9ld\u00e1ul adnak mell\u00e9 kieg\u00e9sz\u00edt\u0151ket az egy sz\u00e1l t\u00f6lt\u0151k\u00e1belen k\u00edv\u00fcl.)\r\n\r\nAz <a href=\"https:\/\/www.mediamarkt.hu\/hu\/product\/_panasonic-rp-htx80be-k-vezet%C3%A9k-n%C3%A9lk%C3%BCli-bluetooth-fejhallgat%C3%B3-fekete-1254802.html\">RP-HTX80BE-K<\/a> (t\u00f6bbsz\u00f6r nem \u00edrjuk le, esk\u00fc) meggy\u0151z\u0151 bemutatkoz\u00e1sa akkor bicsaklik meg el\u0151sz\u00f6r, amikor el\u0151sz\u00f6r k\u00e9zbe vessz\u00fck: meglep\u0151en k\u00f6nny\u0171, \u00e9s kell\u0151en strapab\u00edr\u00f3nak t\u0171nik, de m\u00e9giscsak egy kicsit olcs\u00f3 hat\u00e1s\u00fa m\u0171anyag. A fejp\u00e1nt viszont nagyszer\u0171, stabil, \u00e9ppen el\u00e9gg\u00e9 szor\u00edt ahhoz, hogy kiz\u00e1rja a k\u00f6rnyezetet, de m\u00e9g ne legyen k\u00e9nyelmetlen. Azt\u00e1n bekapcsoltuk \u00e9s elind\u00edtottunk egy viszonylag \u00e1rtalmatlan tesztdalt a Spotify-on. Annyit mondhatunk: rendben van.\r\n\r\nA m\u00e9ly \u00e9s a magas hangokat is sz\u00e9pen visszaadja, a kett\u0151 k\u00f6z\u00f6tt, a k\u00f6z\u00e9ptartom\u00e1nyban viszont valahogy nem az igazi. A membr\u00e1n m\u00e9rs\u00e9kelten birk\u00f3zik meg a finoms\u00e1gokkal \u00e9s egy kicsit \u00f6bl\u00f6sen sz\u00f3l. S\u00falyosabb ez le\u00edrva, mint \u00e9l\u0151ben, m\u00e9gis: a gy\u00e1rt\u00f3 \u00e1ltal \u00edg\u00e9rt (\u00e9s t\u00f6bb\u00e9-kev\u00e9sb\u00e9 hozott) min\u0151s\u00e9gi, tiszta hangz\u00e1sba vegy\u00fcl n\u00e9mi mell\u00e9kz\u00f6nge. Arr\u00f3l nem is besz\u00e9lve, hogy a Bluetooth-kapcsolat sokszor instabil volt, a fejhallgat\u00f3 pedig egyszer\u0171 megszak\u00edt\u00e1s helyett a hangmin\u0151s\u00e9g hirtelen cs\u00f6kkent\u00e9s\u00e9vel kompenz\u00e1l, teh\u00e1t v\u00e9letlenszer\u0171 pillanatokban olyan volt, mintha hirtelen Szokol r\u00e1di\u00f3v\u00e1 v\u00e1ltozna az am\u00fagy high-tech k\u00fcty\u00fc &#8211; igaz, ez lehetett a mobilnet hib\u00e1ja, \u00e9s \u00edgy tal\u00e1n jobb is, mintha egyszer\u0171en kiesett volna az a p\u00e1r-p\u00e1r m\u00e1sodperc. Pozit\u00edvum viszont a Marleyhez k\u00e9pest dupla, 20-25 \u00f3r\u00e1s \u00fczemid\u0151. Ennek ellen\u00e9re akkor is ink\u00e1bb a Marley-fejhallgat\u00f3t aj\u00e1nlan\u00e1nk, ha a kett\u0151 ugyanannyiba ker\u00fclne. Ami ink\u00e1bb dics\u00e9ret a Marley-nek, mint fekete pont a Panasonicnak.\r\n\r\n<img loading=\"lazy\" decoding=\"async\" class=\"size-full wp-image-7881\" src=\"https:\/\/hir.mediamarkt.hu\/magazin\/wp-content\/uploads\/2019\/02\/fulhallg1.jpg\" alt=\"\" width=\"2000\" height=\"1500\" srcset=\"https:\/\/hir.mediamarkt.hu\/magazin\/wp-content\/uploads\/2019\/02\/fulhallg1.jpg 1440w, https:\/\/hir.mediamarkt.hu\/magazin\/wp-content\/uploads\/2019\/02\/fulhallg1-275x206.jpg 275w, https:\/\/hir.mediamarkt.hu\/magazin\/wp-content\/uploads\/2019\/02\/fulhallg1-300x225.jpg 300w, https:\/\/hir.mediamarkt.hu\/magazin\/wp-content\/uploads\/2019\/02\/fulhallg1-768x576.jpg 768w, https:\/\/hir.mediamarkt.hu\/magazin\/wp-content\/uploads\/2019\/02\/fulhallg1-1024x768.jpg 1024w\" sizes=\"(max-width: 2000px) 100vw, 2000px\" \/>\r\n\r\nAmiben a term\u00e9k nagyon er\u0151s, az pont nem szerepel a gy\u00e1rt\u00f3 le\u00edr\u00e1s\u00e1ban, de szerencs\u00e9re jelen cikk\u00fcnk \u00e9ppen err\u0151l sz\u00f3l: nagyszer\u0171en v\u00e9di a f\u00fclet! Ahogy eml\u00edtett\u00fck, az over-ear kialak\u00edt\u00e1s az eg\u00e9sz f\u00fclkagyl\u00f3t k\u00e9nyelmesen k\u00f6rbeker\u00edti, nem nyom, nem szor\u00edt, hagy neki leveg\u0151t \u00fagy, hogy a hideget k\u00f6zben nem engedi be. A fejhallgat\u00f3 p\u00e1rn\u00e1i ugyanis el\u00e9g s\u0171r\u0171ek, \u00e9s a m\u0171b\u0151r bor\u00edt\u00e1s is strapab\u00edr\u00f3 ahhoz, hogy teljes \u00e9rt\u00e9k\u0171 f\u00fclv\u00e9d\u0151k\u00e9nt m\u0171k\u00f6dj\u00f6n. Biciklin sem izzadtunk bele (igaz, a menetsz\u00e9l szinte f\u00fcls\u00fcket\u00edt\u0151 volt), gyalog \u00e9s BKV-n pl\u00e1ne nem, arr\u00f3l nem is besz\u00e9lve, hogy ak\u00e1r eg\u00e9sz nap viselhetj\u00fck, annyira k\u00e9nyelmes. \u00c9s, mint a mell\u00e9kelt \u00e1bra mutatja, m\u00e9g nagyon sz\u00e9p is.\r\n\r\nM\u00e1s k\u00e9rd\u00e9s, hogy egy f\u00fclv\u00e9d\u0151\u00e9rt \u00e9rdemes-e kiadni ennyit. Mert ha zen\u00e9t is szeretn\u00e9nk hallgatni, akadnak enn\u00e9l sokkal jobb aj\u00e1nlatok is.","protected":false},"excerpt":{"rendered":"T\u00e9li cikk a fejhallgat\u00f3k egyik tagadhatatlan el\u0151ny\u00e9r\u0151l, amelyr\u0151l valahogy m\u00e9gsem besz\u00e9l senki: arr\u00f3l, hogy nagyszer\u0171en v\u00e9dik a f\u00fclet a m\u00ednuszokban. Vagy m\u00e9gsem? \u00c9s mi van, ha egy\u00e9bk\u00e9nt zen\u00e9t is hallgatn\u00e1nk?","protected":false},"author":22,"featured_media":7886,"comment_status":"open","ping_status":"open","sticky":false,"template":"","format":"standard","meta":{"wprm-recipe-roundup-name":"","wprm-recipe-roundup-description":"","footnotes":""},"categories":[5948,5946],"tags":[108,400,3103,3102,3101,1263,82,2223],"yoast_head":"<!-- This site is optimized with the Yoast SEO plugin v22.9 - https:\/\/yoast.com\/wordpress\/plugins\/seo\/ -->\n<title>A t\u00f6k\u00e9letes f\u00fclmeleg\u00edt\u0151, amin mellesleg zen\u00e9t is hallgatsz - alternat\u00edv fejhallgat\u00f3teszt - MediaMarkt Magazin<\/title>\n<meta name=\"description\" content=\"bluetooth fejhallgat\u00f3 teszt\" \/>\n<meta name=\"robots\" content=\"index, follow, max-snippet:-1, max-image-preview:large, max-video-preview:-1\" \/>\n<link rel=\"canonical\" href=\"https:\/\/hir.mediamarkt.hu\/magazin\/bluetooth-fejhallgato-teszt\/\" \/>\n<meta property=\"og:locale\" content=\"hu_HU\" \/>\n<meta property=\"og:type\" content=\"article\" \/>\n<meta property=\"og:title\" content=\"A t\u00f6k\u00e9letes f\u00fclmeleg\u00edt\u0151, amin mellesleg zen\u00e9t is hallgatsz - alternat\u00edv fejhallgat\u00f3teszt - MediaMarkt Magazin\" \/>\n<meta property=\"og:description\" content=\"bluetooth fejhallgat\u00f3 teszt\" \/>\n<meta property=\"og:url\" content=\"https:\/\/hir.mediamarkt.hu\/magazin\/bluetooth-fejhallgato-teszt\/\" \/>\n<meta property=\"og:site_name\" content=\"MediaMarkt Magazin\" \/>\n<meta property=\"article:publisher\" content=\"https:\/\/www.facebook.com\/MediaMarktMagyarorszag\" \/>\n<meta property=\"article:published_time\" content=\"2019-02-05T06:38:53+00:00\" \/>\n<meta property=\"article:modified_time\" content=\"2019-02-14T09:52:24+00:00\" \/>\n<meta property=\"og:image\" content=\"https:\/\/hir.mediamarkt.hu\/magazin\/wp-content\/uploads\/2019\/02\/F\u00fclhallgat\u00f3_teszt.png\" \/>\n\t<meta property=\"og:image:width\" content=\"1365\" \/>\n\t<meta property=\"og:image:height\" content=\"825\" \/>\n\t<meta property=\"og:image:type\" content=\"image\/png\" \/>\n<meta name=\"author\" content=\"Nemenyi\" \/>\n<meta name=\"twitter:label1\" content=\"Szerz\u0151:\" \/>\n\t<meta name=\"twitter:data1\" content=\"Nemenyi\" \/>\n\t<meta name=\"twitter:label2\" content=\"Becs\u00fclt olvas\u00e1si id\u0151\" \/>\n\t<meta name=\"twitter:data2\" content=\"11 perc\" \/>\n<script type=\"application\/ld+json\" class=\"yoast-schema-graph\">{\"@context\":\"https:\/\/schema.org\",\"@graph\":[{\"@type\":\"WebPage\",\"@id\":\"https:\/\/hir.mediamarkt.hu\/magazin\/bluetooth-fejhallgato-teszt\/\",\"url\":\"https:\/\/hir.mediamarkt.hu\/magazin\/bluetooth-fejhallgato-teszt\/\",\"name\":\"A t\u00f6k\u00e9letes f\u00fclmeleg\u00edt\u0151, amin mellesleg zen\u00e9t is hallgatsz - alternat\u00edv fejhallgat\u00f3teszt - MediaMarkt Magazin\",\"isPartOf\":{\"@id\":\"https:\/\/hir.mediamarkt.hu\/magazin\/#website\"},\"primaryImageOfPage\":{\"@id\":\"https:\/\/hir.mediamarkt.hu\/magazin\/bluetooth-fejhallgato-teszt\/#primaryimage\"},\"image\":{\"@id\":\"https:\/\/hir.mediamarkt.hu\/magazin\/bluetooth-fejhallgato-teszt\/#primaryimage\"},\"thumbnailUrl\":\"https:\/\/hir.mediamarkt.hu\/magazin\/wp-content\/uploads\/2019\/02\/F\u00fclhallgat\u00f3_teszt.png\",\"datePublished\":\"2019-02-05T06:38:53+00:00\",\"dateModified\":\"2019-02-14T09:52:24+00:00\",\"author\":{\"@id\":\"https:\/\/hir.mediamarkt.hu\/magazin\/#\/schema\/person\/f4a17b2dc97f2e2bf1b88a89d4ef7d05\"},\"description\":\"bluetooth fejhallgat\u00f3 teszt\",\"breadcrumb\":{\"@id\":\"https:\/\/hir.mediamarkt.hu\/magazin\/bluetooth-fejhallgato-teszt\/#breadcrumb\"},\"inLanguage\":\"hu\",\"potentialAction\":[{\"@type\":\"ReadAction\",\"target\":[\"https:\/\/hir.mediamarkt.hu\/magazin\/bluetooth-fejhallgato-teszt\/\"]}]},{\"@type\":\"ImageObject\",\"inLanguage\":\"hu\",\"@id\":\"https:\/\/hir.mediamarkt.hu\/magazin\/bluetooth-fejhallgato-teszt\/#primaryimage\",\"url\":\"https:\/\/hir.mediamarkt.hu\/magazin\/wp-content\/uploads\/2019\/02\/F\u00fclhallgat\u00f3_teszt.png\",\"contentUrl\":\"https:\/\/hir.mediamarkt.hu\/magazin\/wp-content\/uploads\/2019\/02\/F\u00fclhallgat\u00f3_teszt.png\",\"width\":1365,\"height\":825},{\"@type\":\"BreadcrumbList\",\"@id\":\"https:\/\/hir.mediamarkt.hu\/magazin\/bluetooth-fejhallgato-teszt\/#breadcrumb\",\"itemListElement\":[{\"@type\":\"ListItem\",\"position\":1,\"name\":\"Kezd\u0151lap\",\"item\":\"https:\/\/hir.mediamarkt.hu\/magazin\/\"},{\"@type\":\"ListItem\",\"position\":2,\"name\":\"Tesztelt\u00fck\",\"item\":\"https:\/\/hir.mediamarkt.hu\/magazin\/teszteltuk\/\"},{\"@type\":\"ListItem\",\"position\":3,\"name\":\"A t\u00f6k\u00e9letes f\u00fclmeleg\u00edt\u0151, amin mellesleg zen\u00e9t is hallgatsz &#8211; alternat\u00edv fejhallgat\u00f3teszt\"}]},{\"@type\":\"WebSite\",\"@id\":\"https:\/\/hir.mediamarkt.hu\/magazin\/#website\",\"url\":\"https:\/\/hir.mediamarkt.hu\/magazin\/\",\"name\":\"MediaMarkt Magazin\",\"description\":\"Olvass bele magazinunkba!\",\"potentialAction\":[{\"@type\":\"SearchAction\",\"target\":{\"@type\":\"EntryPoint\",\"urlTemplate\":\"https:\/\/hir.mediamarkt.hu\/magazin\/?s={search_term_string}\"},\"query-input\":\"required name=search_term_string\"}],\"inLanguage\":\"hu\"},{\"@type\":\"Person\",\"@id\":\"https:\/\/hir.mediamarkt.hu\/magazin\/#\/schema\/person\/f4a17b2dc97f2e2bf1b88a89d4ef7d05\",\"name\":\"Nemenyi\",\"image\":{\"@type\":\"ImageObject\",\"inLanguage\":\"hu\",\"@id\":\"https:\/\/hir.mediamarkt.hu\/magazin\/#\/schema\/person\/image\/\",\"url\":\"https:\/\/secure.gravatar.com\/avatar\/9470b3223c723142e66adcad803b24fe?s=96&d=mm&r=g\",\"contentUrl\":\"https:\/\/secure.gravatar.com\/avatar\/9470b3223c723142e66adcad803b24fe?s=96&d=mm&r=g\",\"caption\":\"Nemenyi\"}}]}<\/script>\n<!-- \/ Yoast SEO plugin. -->","yoast_head_json":{"title":"A t\u00f6k\u00e9letes f\u00fclmeleg\u00edt\u0151, amin mellesleg zen\u00e9t is hallgatsz - alternat\u00edv fejhallgat\u00f3teszt - MediaMarkt Magazin","description":"bluetooth fejhallgat\u00f3 teszt","robots":{"index":"index","follow":"follow","max-snippet":"max-snippet:-1","max-image-preview":"max-image-preview:large","max-video-preview":"max-video-preview:-1"},"canonical":"https:\/\/hir.mediamarkt.hu\/magazin\/bluetooth-fejhallgato-teszt\/","og_locale":"hu_HU","og_type":"article","og_title":"A t\u00f6k\u00e9letes f\u00fclmeleg\u00edt\u0151, amin mellesleg zen\u00e9t is hallgatsz - alternat\u00edv fejhallgat\u00f3teszt - MediaMarkt Magazin","og_description":"bluetooth fejhallgat\u00f3 teszt","og_url":"https:\/\/hir.mediamarkt.hu\/magazin\/bluetooth-fejhallgato-teszt\/","og_site_name":"MediaMarkt Magazin","article_publisher":"https:\/\/www.facebook.com\/MediaMarktMagyarorszag","article_published_time":"2019-02-05T06:38:53+00:00","article_modified_time":"2019-02-14T09:52:24+00:00","og_image":[{"width":1365,"height":825,"url":"https:\/\/hir.mediamarkt.hu\/magazin\/wp-content\/uploads\/2019\/02\/F\u00fclhallgat\u00f3_teszt.png","type":"image\/png"}],"author":"Nemenyi","twitter_misc":{"Szerz\u0151:":"Nemenyi","Becs\u00fclt olvas\u00e1si id\u0151":"11 perc"},"schema":{"@context":"https:\/\/schema.org","@graph":[{"@type":"WebPage","@id":"https:\/\/hir.mediamarkt.hu\/magazin\/bluetooth-fejhallgato-teszt\/","url":"https:\/\/hir.mediamarkt.hu\/magazin\/bluetooth-fejhallgato-teszt\/","name":"A t\u00f6k\u00e9letes f\u00fclmeleg\u00edt\u0151, amin mellesleg zen\u00e9t is hallgatsz - alternat\u00edv fejhallgat\u00f3teszt - MediaMarkt Magazin","isPartOf":{"@id":"https:\/\/hir.mediamarkt.hu\/magazin\/#website"},"primaryImageOfPage":{"@id":"https:\/\/hir.mediamarkt.hu\/magazin\/bluetooth-fejhallgato-teszt\/#primaryimage"},"image":{"@id":"https:\/\/hir.mediamarkt.hu\/magazin\/bluetooth-fejhallgato-teszt\/#primaryimage"},"thumbnailUrl":"https:\/\/hir.mediamarkt.hu\/magazin\/wp-content\/uploads\/2019\/02\/F\u00fclhallgat\u00f3_teszt.png","datePublished":"2019-02-05T06:38:53+00:00","dateModified":"2019-02-14T09:52:24+00:00","author":{"@id":"https:\/\/hir.mediamarkt.hu\/magazin\/#\/schema\/person\/f4a17b2dc97f2e2bf1b88a89d4ef7d05"},"description":"bluetooth fejhallgat\u00f3 teszt","breadcrumb":{"@id":"https:\/\/hir.mediamarkt.hu\/magazin\/bluetooth-fejhallgato-teszt\/#breadcrumb"},"inLanguage":"hu","potentialAction":[{"@type":"ReadAction","target":["https:\/\/hir.mediamarkt.hu\/magazin\/bluetooth-fejhallgato-teszt\/"]}]},{"@type":"ImageObject","inLanguage":"hu","@id":"https:\/\/hir.mediamarkt.hu\/magazin\/bluetooth-fejhallgato-teszt\/#primaryimage","url":"https:\/\/hir.mediamarkt.hu\/magazin\/wp-content\/uploads\/2019\/02\/F\u00fclhallgat\u00f3_teszt.png","contentUrl":"https:\/\/hir.mediamarkt.hu\/magazin\/wp-content\/uploads\/2019\/02\/F\u00fclhallgat\u00f3_teszt.png","width":1365,"height":825},{"@type":"BreadcrumbList","@id":"https:\/\/hir.mediamarkt.hu\/magazin\/bluetooth-fejhallgato-teszt\/#breadcrumb","itemListElement":[{"@type":"ListItem","position":1,"name":"Kezd\u0151lap","item":"https:\/\/hir.mediamarkt.hu\/magazin\/"},{"@type":"ListItem","position":2,"name":"Tesztelt\u00fck","item":"https:\/\/hir.mediamarkt.hu\/magazin\/teszteltuk\/"},{"@type":"ListItem","position":3,"name":"A t\u00f6k\u00e9letes f\u00fclmeleg\u00edt\u0151, amin mellesleg zen\u00e9t is hallgatsz &#8211; alternat\u00edv fejhallgat\u00f3teszt"}]},{"@type":"WebSite","@id":"https:\/\/hir.mediamarkt.hu\/magazin\/#website","url":"https:\/\/hir.mediamarkt.hu\/magazin\/","name":"MediaMarkt Magazin","description":"Olvass bele magazinunkba!","potentialAction":[{"@type":"SearchAction","target":{"@type":"EntryPoint","urlTemplate":"https:\/\/hir.mediamarkt.hu\/magazin\/?s={search_term_string}"},"query-input":"required name=search_term_string"}],"inLanguage":"hu"},{"@type":"Person","@id":"https:\/\/hir.mediamarkt.hu\/magazin\/#\/schema\/person\/f4a17b2dc97f2e2bf1b88a89d4ef7d05","name":"Nemenyi","image":{"@type":"ImageObject","inLanguage":"hu","@id":"https:\/\/hir.mediamarkt.hu\/magazin\/#\/schema\/person\/image\/","url":"https:\/\/secure.gravatar.com\/avatar\/9470b3223c723142e66adcad803b24fe?s=96&d=mm&r=g","contentUrl":"https:\/\/secure.gravatar.com\/avatar\/9470b3223c723142e66adcad803b24fe?s=96&d=mm&r=g","caption":"Nemenyi"}}]}},"_links":{"self":[{"href":"https:\/\/hir.mediamarkt.hu\/magazin\/wp-json\/wp\/v2\/posts\/7877"}],"collection":[{"href":"https:\/\/hir.mediamarkt.hu\/magazin\/wp-json\/wp\/v2\/posts"}],"about":[{"href":"https:\/\/hir.mediamarkt.hu\/magazin\/wp-json\/wp\/v2\/types\/post"}],"author":[{"embeddable":true,"href":"https:\/\/hir.mediamarkt.hu\/magazin\/wp-json\/wp\/v2\/users\/22"}],"replies":[{"embeddable":true,"href":"https:\/\/hir.mediamarkt.hu\/magazin\/wp-json\/wp\/v2\/comments?post=7877"}],"version-history":[{"count":4,"href":"https:\/\/hir.mediamarkt.hu\/magazin\/wp-json\/wp\/v2\/posts\/7877\/revisions"}],"predecessor-version":[{"id":7888,"href":"https:\/\/hir.mediamarkt.hu\/magazin\/wp-json\/wp\/v2\/posts\/7877\/revisions\/7888"}],"wp:featuredmedia":[{"embeddable":true,"href":"https:\/\/hir.mediamarkt.hu\/magazin\/wp-json\/wp\/v2\/media\/7886"}],"wp:attachment":[{"href":"https:\/\/hir.mediamarkt.hu\/magazin\/wp-json\/wp\/v2\/media?parent=7877"}],"wp:term":[{"taxonomy":"category","embeddable":true,"href":"https:\/\/hir.mediamarkt.hu\/magazin\/wp-json\/wp\/v2\/categories?post=7877"},{"taxonomy":"post_tag","embeddable":true,"href":"https:\/\/hir.mediamarkt.hu\/magazin\/wp-json\/wp\/v2\/tags?post=7877"}],"curies":[{"name":"wp","href":"https:\/\/api.w.org\/{rel}","templated":true}]}}