{"id":7889,"date":"2019-02-08T08:00:08","date_gmt":"2019-02-08T07:00:08","guid":{"rendered":"http:\/\/hir.mediamarkt.hu\/magazin\/?p=7889"},"modified":"2019-02-08T21:35:05","modified_gmt":"2019-02-08T20:35:05","slug":"ezt-ne-add-nekem-valentin-napon-es-meguszod-a-balhet-women-edition","status":"publish","type":"post","link":"https:\/\/hir.mediamarkt.hu\/magazin\/ezt-ne-add-nekem-valentin-napon-es-meguszod-a-balhet-women-edition\/","title":{"rendered":"Ezt ne add nekem Valentin napon \u00e9s meg\u00faszod a balh\u00e9t! &#8211; WOMEN EDITION"},"content":{"rendered":"<strong>Csak az\u00e9rt, mert n\u0151 vagyok, nem biztos, hogy a gy\u00e9m\u00e1nt a legkedvesebb bar\u00e1tom. A sz\u0151rm\u00e9re sem bukunk mind. Ahogy csokol\u00e1d\u00e9t, bonbont sem felt\u00e9tlen\u00fcl akarunk enni. A celof\u00e1nos r\u00f3zs\u00e1t v\u00e9gk\u00e9pp felejtsd el! S\u0151t, mindent, ami arr\u00f3l \u00e1rulkodik, csak ny\u0171g sz\u00e1modra a szerelm\u00fcnk meg\u00fcnnepl\u00e9se.<\/strong><!--more-->\r\n\r\n<span style=\"font-family: georgia, palatino, serif\">\u00a0<\/span>\r\n\r\n<span style=\"font-weight: 400\">A Valentin vagy B\u00e1lint-nap k\u00f6r\u00fcli felhajt\u00e1s j\u00f3 ideje tart m\u00e1r haz\u00e1nkban, de m\u00e9g mindig &#8211; vagy egyre ink\u00e1bb? &#8211; van egy kis ny\u00f6gve-nyel\u0151s \u00e9rz\u00e9s\u00fcnk, ha sz\u00f3ba ker\u00fcl febru\u00e1r 14-e. Ennek k\u00e9t oka van: <\/span>\r\n<ul>\r\n \t<li style=\"font-weight: 400\"><strong>az \u00edzl\u00e9stelen \u00e9s\/vagy haszontalan holmik<\/strong><\/li>\r\n \t<li style=\"font-weight: 400\"><strong>\u00e9s a tucat \u00e1ruk<\/strong><\/li>\r\n<\/ul>\r\n<span style=\"font-weight: 400\">fogyaszt\u00f3kra val\u00f3 l\u0151cs\u00f6l\u00e9se. A Valentin napot er\u0151sen \u00e1tj\u00e1rja a piaci szeml\u00e9let, \u00edgy a keresked\u0151i szf\u00e9ra minden lehet\u0151s\u00e9get megragad arra, hogy az \u00e9v egy adott napj\u00e1n kiugr\u00f3 bev\u00e9telre tegyen szert. <strong>A magyar f\u00e9rfi \u00e1ltal\u00e1ban v\u00e9ve vir\u00e1gban gondolkodik, esetleg egy szem\u00e9lyesnek t\u0171n\u0151 (nem, nem az) \u00fczenetekkel ell\u00e1tott falatnyi \u00e9dess\u00e9ges dobozk\u00e1t kap le sebtiben a polcr\u00f3l.<\/strong> \u00c9s akkor r\u00f6gt\u00f6n el is \u00e9rkez\u00fcnk egy fontos k\u00e9rd\u00e9shez: <\/span>\r\n\r\n<span style=\"font-family: georgia, palatino, serif\">\u00a0<\/span>\r\n<blockquote>\r\n<h2 style=\"text-align: center\"><strong>Mi a fene a Valentin nap l\u00e9nyege? <\/strong><\/h2>\r\n<\/blockquote>\r\n<span style=\"font-family: georgia, palatino, serif\">\u00a0<\/span>\r\n\r\n<span style=\"font-weight: 400\">A p\u00e9nzk\u00f6lt\u00e9s? A \u201cb\u00e1rmit, csak gyorsan \u00e9s f\u00e1jdalommentesen szerezz\u00fcnk be\u201d strat\u00e9gia kipip\u00e1l\u00e1sa? Vagy esetleg egy olyan izgalmas \u00e9s meghitt nap, amikor egy kicsit lelass\u00edtunk \u00e9s egym\u00e1sra koncentr\u00e1lunk. Arra, amit a m\u00e1sik igaz\u00e1n szeret, ami igaz\u00e1n boldogg\u00e1 tesz. Legyen sz\u00f3 fizikai aj\u00e1nd\u00e9kr\u00f3l, vagy olyan figyelmess\u00e9gr\u0151l, amelyhez p\u00e9nz sem kell.<\/span>\r\n\r\n&nbsp;\r\n\r\n<span style=\"font-family: georgia, palatino, serif\"><img loading=\"lazy\" decoding=\"async\" class=\"alignnone size-large wp-image-7895\" src=\"https:\/\/hir.mediamarkt.hu\/magazin\/wp-content\/uploads\/2019\/02\/person-couple-love-romantic-1024x624.jpg\" alt=\"\" width=\"1024\" height=\"624\" srcset=\"https:\/\/hir.mediamarkt.hu\/magazin\/wp-content\/uploads\/2019\/02\/person-couple-love-romantic-1024x624.jpg 1024w, https:\/\/hir.mediamarkt.hu\/magazin\/wp-content\/uploads\/2019\/02\/person-couple-love-romantic-275x167.jpg 275w, https:\/\/hir.mediamarkt.hu\/magazin\/wp-content\/uploads\/2019\/02\/person-couple-love-romantic-300x183.jpg 300w, https:\/\/hir.mediamarkt.hu\/magazin\/wp-content\/uploads\/2019\/02\/person-couple-love-romantic-768x468.jpg 768w, https:\/\/hir.mediamarkt.hu\/magazin\/wp-content\/uploads\/2019\/02\/person-couple-love-romantic.jpg 1440w\" sizes=\"(max-width: 1024px) 100vw, 1024px\" \/><\/span>\r\n<h2><\/h2>\r\n<h2><b>Tippek egy\u00fctt \u00e9l\u0151knek<\/b><\/h2>\r\n<span style=\"font-family: georgia, palatino, serif\">\u00a0<\/span>\r\n\r\n<span style=\"font-weight: 400\">B\u00e1r az egyenjog\u00fas\u00e1g rem\u00e9lhet\u0151leg a h\u00e1ztart\u00e1sokban is egyre ink\u00e1bb terjed, bizony\u00e1ra akadnak olyan <strong>apr\u00f3s\u00e1gok, amelyet egyik\u00fcnk vagy m\u00e1sikunk v\u00e9gez el.<\/strong> Ld. a szem\u00e9t kivitel, a n\u00f6v\u00e9ny locsol\u00e1s, a mosogat\u00e1s, a tereget\u00e9s, a reggeli elk\u00e9sz\u00edt\u00e9s k\u00e9rd\u00e9st. \u00c9s hasonl\u00f3k. A legkedvesebb meglepet\u00e9sek v\u00e1ratlanok, teh\u00e1t a szok\u00e1sos, gyors \u201cnapirendhez\u201d k\u00e9pest t\u00f6rt\u00e9n\u0151 elt\u00e9r\u00e9s sz\u00edvmelenget\u0151 lehet. Tea, k\u00e1v\u00e9 az \u00e1gyban, a k\u00f6lyk\u00f6k uzsonn\u00e1j\u00e1nak elk\u00e9sz\u00edt\u00e9se anya helyett, \u00e1gyaz\u00e1s, kiv\u00e9telesen f\u00e9rfi m\u00f3dra stb. <\/span>\r\n\r\n<span style=\"font-weight: 400\">B\u00e1r a reggel csal\u00e1dosokn\u00e1l bonyolultabb k\u00e9rd\u00e9s, itt megvan az az el\u0151nye a f\u00e9rfinak, hogy <strong>bevonhatja a gyerekeket, \u00edgy multiplik\u00e1l\u00f3dik a figyelmess\u00e9g<\/strong>, amivel, ha csak p\u00e1r percre is, de anyut k\u00e9nyeztethetj\u00fck.\u00a0<\/span><span style=\"font-weight: 400\">Kettesben \u00e9l\u0151 p\u00e1rokn\u00e1l tal\u00e1n nagyobb a mozg\u00e1st\u00e9r. A csendben kisurranni k\u00e9pes f\u00e9rfiak igazi <strong>\u00e1lom reggelit<\/strong> k\u00e9sz\u00edthetnek a p\u00e1rjuknak, \u00e9s ha id\u0151 engedi, a jutalmuk sem marad el\u2026<\/span>\r\n\r\n<span style=\"font-family: georgia, palatino, serif\">\u00a0<\/span>\r\n\r\n<img loading=\"lazy\" decoding=\"async\" class=\"alignnone size-large wp-image-7900\" src=\"https:\/\/hir.mediamarkt.hu\/magazin\/wp-content\/uploads\/2019\/02\/pexels-photo-898323-683x1024.jpeg\" alt=\"\" width=\"683\" height=\"1024\" srcset=\"https:\/\/hir.mediamarkt.hu\/magazin\/wp-content\/uploads\/2019\/02\/pexels-photo-898323-683x1024.jpeg 683w, https:\/\/hir.mediamarkt.hu\/magazin\/wp-content\/uploads\/2019\/02\/pexels-photo-898323-275x412.jpeg 275w, https:\/\/hir.mediamarkt.hu\/magazin\/wp-content\/uploads\/2019\/02\/pexels-photo-898323-200x300.jpeg 200w, https:\/\/hir.mediamarkt.hu\/magazin\/wp-content\/uploads\/2019\/02\/pexels-photo-898323-768x1152.jpeg 768w, https:\/\/hir.mediamarkt.hu\/magazin\/wp-content\/uploads\/2019\/02\/pexels-photo-898323.jpeg 867w\" sizes=\"(max-width: 683px) 100vw, 683px\" \/>\r\n<h2><\/h2>\r\n<h2><b>Ha m\u00e9g nem k\u00f6lt\u00f6ztetek \u00f6ssze<\/b><\/h2>\r\n<span style=\"font-family: georgia, palatino, serif\">\u00a0<\/span>\r\n\r\n<span style=\"font-weight: 400\">A h\u00edvatlan vend\u00e9gnek kevesen \u00f6r\u00fclnek, jobb ker\u00fclni a drasztikus \u201cajt\u00f3stul a h\u00e1zba\u201d m\u00f3dszert, de nyilv\u00e1n ha az ember j\u00f3l ismeri a p\u00e1rj\u00e1t, akkor tudja, mennyire rugalmas az illet\u0151. Mindenesetre az \u201carctalan\u201d meglepet\u00e9s nagyon romantikus lehet, \u00edgy nem k\u00e9nyszer\u00edtj\u00fck r\u00e1 magunkat a k\u00f3cos-kialvatlan szerelm\u00fcnkre, aki lehet, pont tegnap akart rendet rakni, de v\u00e9g\u00fcl kid\u0151lve elaludt\u2026<\/span>\r\n\r\n<span style=\"font-weight: 400\"><strong>Az ajt\u00f3 kilincsen, ablakban hagyott figyelmess\u00e9g, a postal\u00e1d\u00e1ba tett (de l\u00e1that\u00f3!) apr\u00f3s\u00e1g mind-mind elvar\u00e1zsolhatja a n\u0151i sz\u00edvet.<\/strong> Nyilv\u00e1n el\u0151ny, ha tudjuk a kapuk\u00f3dot \u00e9s az nem jelez odafent, hogy valaki bej\u00f6tt hozz\u00e1nk. Esetleg v\u00e1rhatunk, am\u00edg valaki beenged a f\u0151 kapun \u00e9s \u00e9szrev\u00e9tlen\u00fcl felsurranhatunk. Majd a meglepet\u00e9s elhelyez\u00e9se ut\u00e1n csengethet\u00fcnk \u00e9s elrohanhatunk. Ennek abban az esetben van \u00e9rtelme, ha pl. reggelit, k\u00e1v\u00e9t, valami frisset szeretn\u00e9nk adni a p\u00e1runknak. Ha el\u00e9g, hogy munk\u00e1ba\/kutya s\u00e9t\u00e1ltat\u00e1skor stb. tal\u00e1lja meg a l\u00e1ny az aj\u00e1nd\u00e9kot, elmaradhat a menek\u00fcl\u00e9si jelenet.<\/span>\r\n\r\n&nbsp;\r\n\r\n<span style=\"font-family: georgia, palatino, serif\"><img loading=\"lazy\" decoding=\"async\" class=\"alignnone size-large wp-image-7905\" src=\"https:\/\/hir.mediamarkt.hu\/magazin\/wp-content\/uploads\/2019\/02\/pexels-photo-1803920-1024x341.jpeg\" alt=\"\" width=\"1024\" height=\"341\" srcset=\"https:\/\/hir.mediamarkt.hu\/magazin\/wp-content\/uploads\/2019\/02\/pexels-photo-1803920-1024x341.jpeg 1024w, https:\/\/hir.mediamarkt.hu\/magazin\/wp-content\/uploads\/2019\/02\/pexels-photo-1803920-275x92.jpeg 275w, https:\/\/hir.mediamarkt.hu\/magazin\/wp-content\/uploads\/2019\/02\/pexels-photo-1803920-300x100.jpeg 300w, https:\/\/hir.mediamarkt.hu\/magazin\/wp-content\/uploads\/2019\/02\/pexels-photo-1803920-768x256.jpeg 768w, https:\/\/hir.mediamarkt.hu\/magazin\/wp-content\/uploads\/2019\/02\/pexels-photo-1803920.jpeg 1440w\" sizes=\"(max-width: 1024px) 100vw, 1024px\" \/><\/span>\r\n\r\n&nbsp;\r\n<h2><b>Ink\u00e1bb sz\u00f3ljon nekem a dolog, mint a k\u00fclvil\u00e1gnak!<\/b><\/h2>\r\n<span style=\"font-family: georgia, palatino, serif\">\u00a0<\/span>\r\n\r\n<span style=\"font-weight: 400\">A munkahelyekre k\u00fcld\u00f6tt csokrok, hatalmas pl\u00fcss figur\u00e1k \u00e9s \u00e9nekegy\u00fcttesek persze lehet, hogy sok n\u0151 sz\u00edv\u00e9t megdobogtatj\u00e1k. Azonban <strong>vannak olyanok is, akik sz\u00e1m\u00e1ra az intimit\u00e1s m\u00e9g t\u00e9nyleg hordozza a r\u00e9gi \u00e9rt\u00e9k\u00e9t.<\/strong> \u00c9s nem tartj\u00e1k fontosnak, hogy minden koll\u00e9gan\u0151 \u00e1rgus szemekkel figyelje, mivel lepik meg \u0151ket. Az aj\u00e1nd\u00e9kok felett \u00e9rzet \u00f6r\u00f6m\u00f6t \u00edgy is sokszor szeretj\u00fck megosztani. De hagy d\u00f6ntsem el \u00e9n, hogy kivel \u00e9s milyen m\u00f3don k\u00f6zl\u00f6m, hogy id\u00e9n (is) mennyire szuper a p\u00e1rom!<\/span>\r\n\r\n<span style=\"font-family: georgia, palatino, serif\">\u00a0<\/span>\r\n<h2><b>Csak semmi klis\u00e9!<\/b><\/h2>\r\n<span style=\"font-family: georgia, palatino, serif\">\u00a0<\/span>\r\n\r\n<span style=\"font-weight: 400\">Azt hiszem, ez a legf\u00e1j\u00f3bb \u00e9s legf\u00e1raszt\u00f3bb k\u00e9rd\u00e9s. Amikor egy f\u00e9rfi k\u00e9ptelen 5 perc gondolkod\u00e1snyi id\u0151t \u00e9s esetleg m\u00e9g plusz egy kev\u00e9s id\u0151t r\u00e1nk sz\u00e1nni. Aki ismeri a szerelm\u00e9t, pontosan tudja, mi az, aminek \u00f6r\u00fcl. <strong>A Valentin nap az \u00e1tlag ember sz\u00e1m\u00e1ra az apr\u00f3 figyelmess\u00e9g(ek)r\u0151l \u00e9s nem a gigantikus aj\u00e1nd\u00e9koz\u00e1sr\u00f3l sz\u00f3l.<\/strong> <strong>Ehhez nem \u00e1rt egy pillanatra \u00e1tgondolnunk, kinek is k\u00e9sz\u00fcl\u00fcnk valamit adni.<\/strong> Illetve ha m\u00e1r tudjuk, mi a c\u00e9l, milyen legyen az a valami? Mert lehet, hogy valaki egy\u00e9bk\u00e9nt t\u00e9nyleg vir\u00e1g \u00e9s n\u00f6v\u00e9ny bonbon \u00e9s sosem fogunk mell\u00e9, ha ilyesmivel k\u00e9sz\u00fcl\u00fcnk, de nyilv\u00e1n ennek a n\u0151nek is van kedvenc fajt\u00e1ja, esetleg sz\u00edne is! Ha nem v\u00f6r\u00f6s p\u00e1rti, csak az\u00e9rt, mert az harsog minden\u00fctt az \u00fcnnep kapcs\u00e1n, ne er\u0151ltess\u00fck a v\u00f6r\u00f6set! Ahogy a r\u00f3zsa sem felt\u00e9tlen\u00fcl k\u00f6telez\u0151 elem. <\/span>\r\n\r\n<span style=\"font-weight: 400\">Minden aj\u00e1nd\u00e9k, amit egy\u00e9rtelm\u0171, hogy ezernyi m\u00e1s n\u0151 is ugyanazzal a kiss\u00e9 hamis <em>\u201c\u00f3\u00f3\u00f3&#8230;h\u00e1t ezt igaz\u00e1n nem kellett volna\u201d<\/em> s\u00f3hajjal bont ki, vesz \u00e1t, t\u00e9v\u00fat. A szerelmes \u00fczenetekkel ell\u00e1tott, de fut\u00f3szalagon k\u00e9sz\u00fcl\u0151 csokik helyett <strong>szerezz\u00fcnk be ink\u00e1bb egy kedvenc szelet tort\u00e1t.<\/strong> Vagy ak\u00e1r egy mezei t\u00e1bl\u00e1s csokit, azt, amelyiket az asszony \u00fagy im\u00e1d \u00e9s <strong>dekor\u00e1ljuk ki kicsit.<\/strong> El\u00e9g egy pap\u00edr a nyomtat\u00f3b\u00f3l, egy filc \u00e9s n\u00e9h\u00e1ny szem\u00e9lyes gondolat. A profik hamis csomagol\u00e1st is nyomtathatnak!<\/span>\r\n\r\n&nbsp;\r\n\r\n<span style=\"font-family: georgia, palatino, serif\"><img loading=\"lazy\" decoding=\"async\" class=\"alignnone size-large wp-image-7901\" src=\"https:\/\/hir.mediamarkt.hu\/magazin\/wp-content\/uploads\/2019\/02\/pexels-photo-931158-768x1024.jpeg\" alt=\"\" width=\"768\" height=\"1024\" srcset=\"https:\/\/hir.mediamarkt.hu\/magazin\/wp-content\/uploads\/2019\/02\/pexels-photo-931158-768x1024.jpeg 768w, https:\/\/hir.mediamarkt.hu\/magazin\/wp-content\/uploads\/2019\/02\/pexels-photo-931158-275x367.jpeg 275w, https:\/\/hir.mediamarkt.hu\/magazin\/wp-content\/uploads\/2019\/02\/pexels-photo-931158-225x300.jpeg 225w, https:\/\/hir.mediamarkt.hu\/magazin\/wp-content\/uploads\/2019\/02\/pexels-photo-931158.jpeg 975w\" sizes=\"(max-width: 768px) 100vw, 768px\" \/>\u00a0<\/span>\r\n\r\n<img loading=\"lazy\" decoding=\"async\" class=\"alignnone size-large wp-image-7896\" src=\"https:\/\/hir.mediamarkt.hu\/magazin\/wp-content\/uploads\/2019\/02\/pexels-photo-205961-1024x682.jpeg\" alt=\"\" width=\"1024\" height=\"682\" srcset=\"https:\/\/hir.mediamarkt.hu\/magazin\/wp-content\/uploads\/2019\/02\/pexels-photo-205961-1024x682.jpeg 1024w, https:\/\/hir.mediamarkt.hu\/magazin\/wp-content\/uploads\/2019\/02\/pexels-photo-205961-275x183.jpeg 275w, https:\/\/hir.mediamarkt.hu\/magazin\/wp-content\/uploads\/2019\/02\/pexels-photo-205961-300x200.jpeg 300w, https:\/\/hir.mediamarkt.hu\/magazin\/wp-content\/uploads\/2019\/02\/pexels-photo-205961-768x512.jpeg 768w, https:\/\/hir.mediamarkt.hu\/magazin\/wp-content\/uploads\/2019\/02\/pexels-photo-205961.jpeg 1440w\" sizes=\"(max-width: 1024px) 100vw, 1024px\" \/>\r\n<h2><\/h2>\r\n<h2><b>\u00c9s hogy mi a l\u00e9nyeg?<\/b><\/h2>\r\n<span style=\"font-family: georgia, palatino, serif\">\u00a0<\/span>\r\n\r\n<span style=\"font-weight: 400\"><strong>Az aj\u00e1nd\u00e9knak nem az a l\u00e9nyege, hogy micsoda vagy mennyit \u00e9r. Hanem hogy mit fejez ki!<\/strong> Van, aki el\u0151bb fog egy f\u00e9rfi nyak\u00e1ba omlani egy lak\u00e1skulcs m\u00e1solat miatt, mint egy nyakl\u00e1nc\u00e9rt. El\u0151bb s\u00edrja el mag\u00e1t egy kiad\u00f3s massz\u00e1zst\u00f3l, mint egy kert\u00e9szetnyi vir\u00e1gt\u00f3l. Sz\u00f3val uraim, v\u00e9gre haszn\u00e1ljuk az agyunkat \u00e9s a sz\u00edv\u00fcnket! A j\u00f3tett jutalma pedig nem marad el&#8230;<\/span>\r\n\r\n&nbsp;\r\n<h2><strong>Kapcsol\u00f3d\u00f3 MediaMarkt term\u00e9kek:\u00a0<\/strong><\/h2>\r\n<strong>B\u00e1rmi, aminek a szeretted t\u00e9nyleg \u00f6r\u00fclne! A b\u00f6ng\u00e9sz\u00e9shez kattints a <a href=\"https:\/\/www.mediamarkt.hu\/\">MediaMarkt oldal\u00e1ra!<\/a> Azt\u00e1n hallgass a sz\u00edvedre (meg kicsit az eszedre is)! TIPP!\u00a0A n\u0151k nagyon nem szeretn\u00e9k h\u00e1ztart\u00e1ssal \u00e9s h\u00e1zi munk\u00e1val kapcsolatos t\u00e1rgyakat kapni szerelmi z\u00e1logk\u00e9nt. A <a href=\"https:\/\/www.mediamarkt.hu\/hu\/category\/_sz%C3%A9ps%C3%A9g%C3%A1pol%C3%A1s-504761.html\">sz\u00e9ps\u00e9g\u00e1pol\u00e1si term\u00e9kek<\/a>, esetleg\u00a0a <a href=\"https:\/\/www.mediamarkt.hu\/hu\/category\/_szexu%C3%A1lis-term%C3%A9kek-18-675527.html\">feln\u0151tt j\u00e1t\u00e9kok<\/a> k\u00f6z\u00f6tt azonban biztosan tal\u00e1lsz valami egyedit! A <a href=\"https:\/\/www.mediamarkt.hu\/hu\/category\/_zene-648011.html\">zene<\/a> \u00e9s <a href=\"https:\/\/www.mediamarkt.hu\/hu\/category\/_k%C3%B6nyv-648012.html\">k\u00f6nyv<\/a> is sokunknak kedvence. De te tudod, h\u00e1tha az asszony <a href=\"https:\/\/www.mediamarkt.hu\/hu\/category\/_bark%C3%A1cs-kert-676049.html\">bark\u00e1csolni<\/a> szeret&#8230;<\/strong>\r\n\r\n&nbsp;\r\n\r\n&nbsp;\r\n\r\n<img loading=\"lazy\" decoding=\"async\" class=\"alignnone size-large wp-image-7912\" src=\"https:\/\/hir.mediamarkt.hu\/magazin\/wp-content\/uploads\/2019\/02\/00-1024x683.jpg\" alt=\"\" width=\"1024\" height=\"683\" srcset=\"https:\/\/hir.mediamarkt.hu\/magazin\/wp-content\/uploads\/2019\/02\/00-1024x683.jpg 1024w, https:\/\/hir.mediamarkt.hu\/magazin\/wp-content\/uploads\/2019\/02\/00-275x183.jpg 275w, https:\/\/hir.mediamarkt.hu\/magazin\/wp-content\/uploads\/2019\/02\/00-300x200.jpg 300w, https:\/\/hir.mediamarkt.hu\/magazin\/wp-content\/uploads\/2019\/02\/00-768x512.jpg 768w, https:\/\/hir.mediamarkt.hu\/magazin\/wp-content\/uploads\/2019\/02\/00.jpg 1440w\" sizes=\"(max-width: 1024px) 100vw, 1024px\" \/>","protected":false},"excerpt":{"rendered":"Csak az\u00e9rt, mert n\u0151 vagyok, nem biztos, hogy a gy\u00e9m\u00e1nt a legkedvesebb bar\u00e1tom. A sz\u0151rm\u00e9re sem bukunk mind. Ahogy csokol\u00e1d\u00e9t, bonbont sem felt\u00e9tlen\u00fcl akarunk enni. A celof\u00e1nos r\u00f3zs\u00e1t v\u00e9gk\u00e9pp felejtsd el! S\u0151t, mindent, ami arr\u00f3l \u00e1rulkodik, csak ny\u0171g sz\u00e1modra a szerelm\u00fcnk meg\u00fcnnepl\u00e9se.","protected":false},"author":13,"featured_media":7890,"comment_status":"open","ping_status":"open","sticky":false,"template":"","format":"standard","meta":{"wprm-recipe-roundup-name":"","wprm-recipe-roundup-description":"","footnotes":""},"categories":[5975],"tags":[980,3104,2473,2413,3105,2127,2173,2401,2412,2394,3106,846,2387],"yoast_head":"<!-- This site is optimized with the Yoast SEO plugin v22.9 - https:\/\/yoast.com\/wordpress\/plugins\/seo\/ -->\n<title>Ezt ne add nekem Valentin napon \u00e9s meg\u00faszod a balh\u00e9t! - WOMEN EDITION - MediaMarkt Magazin<\/title>\n<meta name=\"description\" content=\"\u00dczenet egy n\u0151t\u0151l a f\u00e1rfiaknak. Klis\u00e9k, giccs \u00e9s stressz helyett v\u00e1laszd a meghitt Valentin napot! \u00c9s a jutalmad nem marad el!\" \/>\n<meta name=\"robots\" content=\"index, follow, max-snippet:-1, max-image-preview:large, max-video-preview:-1\" \/>\n<link rel=\"canonical\" href=\"https:\/\/hir.mediamarkt.hu\/magazin\/ezt-ne-add-nekem-valentin-napon-es-meguszod-a-balhet-women-edition\/\" \/>\n<meta property=\"og:locale\" content=\"hu_HU\" \/>\n<meta property=\"og:type\" content=\"article\" \/>\n<meta property=\"og:title\" content=\"Ezt ne add nekem Valentin napon \u00e9s meg\u00faszod a balh\u00e9t! - WOMEN EDITION - MediaMarkt Magazin\" \/>\n<meta property=\"og:description\" content=\"\u00dczenet egy n\u0151t\u0151l a f\u00e1rfiaknak. Klis\u00e9k, giccs \u00e9s stressz helyett v\u00e1laszd a meghitt Valentin napot! \u00c9s a jutalmad nem marad el!\" \/>\n<meta property=\"og:url\" content=\"https:\/\/hir.mediamarkt.hu\/magazin\/ezt-ne-add-nekem-valentin-napon-es-meguszod-a-balhet-women-edition\/\" \/>\n<meta property=\"og:site_name\" content=\"MediaMarkt Magazin\" \/>\n<meta property=\"article:publisher\" content=\"https:\/\/www.facebook.com\/MediaMarktMagyarorszag\" \/>\n<meta property=\"article:published_time\" content=\"2019-02-08T07:00:08+00:00\" \/>\n<meta property=\"article:modified_time\" content=\"2019-02-08T20:35:05+00:00\" \/>\n<meta property=\"og:image\" content=\"https:\/\/hir.mediamarkt.hu\/magazin\/wp-content\/uploads\/2019\/02\/man-couple-people-woman.jpg\" \/>\n\t<meta property=\"og:image:width\" content=\"1440\" \/>\n\t<meta property=\"og:image:height\" content=\"960\" \/>\n\t<meta property=\"og:image:type\" content=\"image\/jpeg\" \/>\n<meta name=\"author\" content=\"Media Markt\" \/>\n<meta name=\"twitter:label1\" content=\"Szerz\u0151:\" \/>\n\t<meta name=\"twitter:data1\" content=\"Media Markt\" \/>\n\t<meta name=\"twitter:label2\" content=\"Becs\u00fclt olvas\u00e1si id\u0151\" \/>\n\t<meta name=\"twitter:data2\" content=\"6 perc\" \/>\n<script type=\"application\/ld+json\" class=\"yoast-schema-graph\">{\"@context\":\"https:\/\/schema.org\",\"@graph\":[{\"@type\":\"WebPage\",\"@id\":\"https:\/\/hir.mediamarkt.hu\/magazin\/ezt-ne-add-nekem-valentin-napon-es-meguszod-a-balhet-women-edition\/\",\"url\":\"https:\/\/hir.mediamarkt.hu\/magazin\/ezt-ne-add-nekem-valentin-napon-es-meguszod-a-balhet-women-edition\/\",\"name\":\"Ezt ne add nekem Valentin napon \u00e9s meg\u00faszod a balh\u00e9t! - WOMEN EDITION - MediaMarkt Magazin\",\"isPartOf\":{\"@id\":\"https:\/\/hir.mediamarkt.hu\/magazin\/#website\"},\"primaryImageOfPage\":{\"@id\":\"https:\/\/hir.mediamarkt.hu\/magazin\/ezt-ne-add-nekem-valentin-napon-es-meguszod-a-balhet-women-edition\/#primaryimage\"},\"image\":{\"@id\":\"https:\/\/hir.mediamarkt.hu\/magazin\/ezt-ne-add-nekem-valentin-napon-es-meguszod-a-balhet-women-edition\/#primaryimage\"},\"thumbnailUrl\":\"https:\/\/hir.mediamarkt.hu\/magazin\/wp-content\/uploads\/2019\/02\/man-couple-people-woman.jpg\",\"datePublished\":\"2019-02-08T07:00:08+00:00\",\"dateModified\":\"2019-02-08T20:35:05+00:00\",\"author\":{\"@id\":\"https:\/\/hir.mediamarkt.hu\/magazin\/#\/schema\/person\/b93b02ec1ab4d2353f8d281e171c1b0b\"},\"description\":\"\u00dczenet egy n\u0151t\u0151l a f\u00e1rfiaknak. Klis\u00e9k, giccs \u00e9s stressz helyett v\u00e1laszd a meghitt Valentin napot! \u00c9s a jutalmad nem marad el!\",\"breadcrumb\":{\"@id\":\"https:\/\/hir.mediamarkt.hu\/magazin\/ezt-ne-add-nekem-valentin-napon-es-meguszod-a-balhet-women-edition\/#breadcrumb\"},\"inLanguage\":\"hu\",\"potentialAction\":[{\"@type\":\"ReadAction\",\"target\":[\"https:\/\/hir.mediamarkt.hu\/magazin\/ezt-ne-add-nekem-valentin-napon-es-meguszod-a-balhet-women-edition\/\"]}]},{\"@type\":\"ImageObject\",\"inLanguage\":\"hu\",\"@id\":\"https:\/\/hir.mediamarkt.hu\/magazin\/ezt-ne-add-nekem-valentin-napon-es-meguszod-a-balhet-women-edition\/#primaryimage\",\"url\":\"https:\/\/hir.mediamarkt.hu\/magazin\/wp-content\/uploads\/2019\/02\/man-couple-people-woman.jpg\",\"contentUrl\":\"https:\/\/hir.mediamarkt.hu\/magazin\/wp-content\/uploads\/2019\/02\/man-couple-people-woman.jpg\",\"width\":1440,\"height\":960},{\"@type\":\"BreadcrumbList\",\"@id\":\"https:\/\/hir.mediamarkt.hu\/magazin\/ezt-ne-add-nekem-valentin-napon-es-meguszod-a-balhet-women-edition\/#breadcrumb\",\"itemListElement\":[{\"@type\":\"ListItem\",\"position\":1,\"name\":\"Kezd\u0151lap\",\"item\":\"https:\/\/hir.mediamarkt.hu\/magazin\/\"},{\"@type\":\"ListItem\",\"position\":2,\"name\":\"Ezt ne add nekem Valentin napon \u00e9s meg\u00faszod a balh\u00e9t! &#8211; WOMEN EDITION\"}]},{\"@type\":\"WebSite\",\"@id\":\"https:\/\/hir.mediamarkt.hu\/magazin\/#website\",\"url\":\"https:\/\/hir.mediamarkt.hu\/magazin\/\",\"name\":\"MediaMarkt Magazin\",\"description\":\"Olvass bele magazinunkba!\",\"potentialAction\":[{\"@type\":\"SearchAction\",\"target\":{\"@type\":\"EntryPoint\",\"urlTemplate\":\"https:\/\/hir.mediamarkt.hu\/magazin\/?s={search_term_string}\"},\"query-input\":\"required name=search_term_string\"}],\"inLanguage\":\"hu\"},{\"@type\":\"Person\",\"@id\":\"https:\/\/hir.mediamarkt.hu\/magazin\/#\/schema\/person\/b93b02ec1ab4d2353f8d281e171c1b0b\",\"name\":\"Media Markt\",\"image\":{\"@type\":\"ImageObject\",\"inLanguage\":\"hu\",\"@id\":\"https:\/\/hir.mediamarkt.hu\/magazin\/#\/schema\/person\/image\/\",\"url\":\"https:\/\/secure.gravatar.com\/avatar\/602bccae8998beee472d01909f0978f1?s=96&d=mm&r=g\",\"contentUrl\":\"https:\/\/secure.gravatar.com\/avatar\/602bccae8998beee472d01909f0978f1?s=96&d=mm&r=g\",\"caption\":\"Media Markt\"}}]}<\/script>\n<!-- \/ Yoast SEO plugin. -->","yoast_head_json":{"title":"Ezt ne add nekem Valentin napon \u00e9s meg\u00faszod a balh\u00e9t! - WOMEN EDITION - MediaMarkt Magazin","description":"\u00dczenet egy n\u0151t\u0151l a f\u00e1rfiaknak. Klis\u00e9k, giccs \u00e9s stressz helyett v\u00e1laszd a meghitt Valentin napot! \u00c9s a jutalmad nem marad el!","robots":{"index":"index","follow":"follow","max-snippet":"max-snippet:-1","max-image-preview":"max-image-preview:large","max-video-preview":"max-video-preview:-1"},"canonical":"https:\/\/hir.mediamarkt.hu\/magazin\/ezt-ne-add-nekem-valentin-napon-es-meguszod-a-balhet-women-edition\/","og_locale":"hu_HU","og_type":"article","og_title":"Ezt ne add nekem Valentin napon \u00e9s meg\u00faszod a balh\u00e9t! - WOMEN EDITION - MediaMarkt Magazin","og_description":"\u00dczenet egy n\u0151t\u0151l a f\u00e1rfiaknak. Klis\u00e9k, giccs \u00e9s stressz helyett v\u00e1laszd a meghitt Valentin napot! \u00c9s a jutalmad nem marad el!","og_url":"https:\/\/hir.mediamarkt.hu\/magazin\/ezt-ne-add-nekem-valentin-napon-es-meguszod-a-balhet-women-edition\/","og_site_name":"MediaMarkt Magazin","article_publisher":"https:\/\/www.facebook.com\/MediaMarktMagyarorszag","article_published_time":"2019-02-08T07:00:08+00:00","article_modified_time":"2019-02-08T20:35:05+00:00","og_image":[{"width":1440,"height":960,"url":"https:\/\/hir.mediamarkt.hu\/magazin\/wp-content\/uploads\/2019\/02\/man-couple-people-woman.jpg","type":"image\/jpeg"}],"author":"Media Markt","twitter_misc":{"Szerz\u0151:":"Media Markt","Becs\u00fclt olvas\u00e1si id\u0151":"6 perc"},"schema":{"@context":"https:\/\/schema.org","@graph":[{"@type":"WebPage","@id":"https:\/\/hir.mediamarkt.hu\/magazin\/ezt-ne-add-nekem-valentin-napon-es-meguszod-a-balhet-women-edition\/","url":"https:\/\/hir.mediamarkt.hu\/magazin\/ezt-ne-add-nekem-valentin-napon-es-meguszod-a-balhet-women-edition\/","name":"Ezt ne add nekem Valentin napon \u00e9s meg\u00faszod a balh\u00e9t! - WOMEN EDITION - MediaMarkt Magazin","isPartOf":{"@id":"https:\/\/hir.mediamarkt.hu\/magazin\/#website"},"primaryImageOfPage":{"@id":"https:\/\/hir.mediamarkt.hu\/magazin\/ezt-ne-add-nekem-valentin-napon-es-meguszod-a-balhet-women-edition\/#primaryimage"},"image":{"@id":"https:\/\/hir.mediamarkt.hu\/magazin\/ezt-ne-add-nekem-valentin-napon-es-meguszod-a-balhet-women-edition\/#primaryimage"},"thumbnailUrl":"https:\/\/hir.mediamarkt.hu\/magazin\/wp-content\/uploads\/2019\/02\/man-couple-people-woman.jpg","datePublished":"2019-02-08T07:00:08+00:00","dateModified":"2019-02-08T20:35:05+00:00","author":{"@id":"https:\/\/hir.mediamarkt.hu\/magazin\/#\/schema\/person\/b93b02ec1ab4d2353f8d281e171c1b0b"},"description":"\u00dczenet egy n\u0151t\u0151l a f\u00e1rfiaknak. Klis\u00e9k, giccs \u00e9s stressz helyett v\u00e1laszd a meghitt Valentin napot! \u00c9s a jutalmad nem marad el!","breadcrumb":{"@id":"https:\/\/hir.mediamarkt.hu\/magazin\/ezt-ne-add-nekem-valentin-napon-es-meguszod-a-balhet-women-edition\/#breadcrumb"},"inLanguage":"hu","potentialAction":[{"@type":"ReadAction","target":["https:\/\/hir.mediamarkt.hu\/magazin\/ezt-ne-add-nekem-valentin-napon-es-meguszod-a-balhet-women-edition\/"]}]},{"@type":"ImageObject","inLanguage":"hu","@id":"https:\/\/hir.mediamarkt.hu\/magazin\/ezt-ne-add-nekem-valentin-napon-es-meguszod-a-balhet-women-edition\/#primaryimage","url":"https:\/\/hir.mediamarkt.hu\/magazin\/wp-content\/uploads\/2019\/02\/man-couple-people-woman.jpg","contentUrl":"https:\/\/hir.mediamarkt.hu\/magazin\/wp-content\/uploads\/2019\/02\/man-couple-people-woman.jpg","width":1440,"height":960},{"@type":"BreadcrumbList","@id":"https:\/\/hir.mediamarkt.hu\/magazin\/ezt-ne-add-nekem-valentin-napon-es-meguszod-a-balhet-women-edition\/#breadcrumb","itemListElement":[{"@type":"ListItem","position":1,"name":"Kezd\u0151lap","item":"https:\/\/hir.mediamarkt.hu\/magazin\/"},{"@type":"ListItem","position":2,"name":"Ezt ne add nekem Valentin napon \u00e9s meg\u00faszod a balh\u00e9t! &#8211; WOMEN EDITION"}]},{"@type":"WebSite","@id":"https:\/\/hir.mediamarkt.hu\/magazin\/#website","url":"https:\/\/hir.mediamarkt.hu\/magazin\/","name":"MediaMarkt Magazin","description":"Olvass bele magazinunkba!","potentialAction":[{"@type":"SearchAction","target":{"@type":"EntryPoint","urlTemplate":"https:\/\/hir.mediamarkt.hu\/magazin\/?s={search_term_string}"},"query-input":"required name=search_term_string"}],"inLanguage":"hu"},{"@type":"Person","@id":"https:\/\/hir.mediamarkt.hu\/magazin\/#\/schema\/person\/b93b02ec1ab4d2353f8d281e171c1b0b","name":"Media Markt","image":{"@type":"ImageObject","inLanguage":"hu","@id":"https:\/\/hir.mediamarkt.hu\/magazin\/#\/schema\/person\/image\/","url":"https:\/\/secure.gravatar.com\/avatar\/602bccae8998beee472d01909f0978f1?s=96&d=mm&r=g","contentUrl":"https:\/\/secure.gravatar.com\/avatar\/602bccae8998beee472d01909f0978f1?s=96&d=mm&r=g","caption":"Media Markt"}}]}},"_links":{"self":[{"href":"https:\/\/hir.mediamarkt.hu\/magazin\/wp-json\/wp\/v2\/posts\/7889"}],"collection":[{"href":"https:\/\/hir.mediamarkt.hu\/magazin\/wp-json\/wp\/v2\/posts"}],"about":[{"href":"https:\/\/hir.mediamarkt.hu\/magazin\/wp-json\/wp\/v2\/types\/post"}],"author":[{"embeddable":true,"href":"https:\/\/hir.mediamarkt.hu\/magazin\/wp-json\/wp\/v2\/users\/13"}],"replies":[{"embeddable":true,"href":"https:\/\/hir.mediamarkt.hu\/magazin\/wp-json\/wp\/v2\/comments?post=7889"}],"version-history":[{"count":4,"href":"https:\/\/hir.mediamarkt.hu\/magazin\/wp-json\/wp\/v2\/posts\/7889\/revisions"}],"predecessor-version":[{"id":7916,"href":"https:\/\/hir.mediamarkt.hu\/magazin\/wp-json\/wp\/v2\/posts\/7889\/revisions\/7916"}],"wp:featuredmedia":[{"embeddable":true,"href":"https:\/\/hir.mediamarkt.hu\/magazin\/wp-json\/wp\/v2\/media\/7890"}],"wp:attachment":[{"href":"https:\/\/hir.mediamarkt.hu\/magazin\/wp-json\/wp\/v2\/media?parent=7889"}],"wp:term":[{"taxonomy":"category","embeddable":true,"href":"https:\/\/hir.mediamarkt.hu\/magazin\/wp-json\/wp\/v2\/categories?post=7889"},{"taxonomy":"post_tag","embeddable":true,"href":"https:\/\/hir.mediamarkt.hu\/magazin\/wp-json\/wp\/v2\/tags?post=7889"}],"curies":[{"name":"wp","href":"https:\/\/api.w.org\/{rel}","templated":true}]}}