{"id":7935,"date":"2019-02-14T17:52:51","date_gmt":"2019-02-14T16:52:51","guid":{"rendered":"http:\/\/hir.mediamarkt.hu\/magazin\/?p=7935"},"modified":"2019-02-14T17:56:14","modified_gmt":"2019-02-14T16:56:14","slug":"farsangi-jelmezt-a-mediamarktbol-nana-ferfibarat-tartalom","status":"publish","type":"post","link":"https:\/\/hir.mediamarkt.hu\/magazin\/farsangi-jelmezt-a-mediamarktbol-nana-ferfibarat-tartalom\/","title":{"rendered":"Farsangi jelmezt a MediaMarktb\u00f3l? Nan\u00e1! (F\u00e9rfibar\u00e1t tartalom!)"},"content":{"rendered":"<strong>K\u00f6rben\u00e9zt\u00fcnk az \u00e1ruh\u00e1zban, mib\u0151l \u00e9l\u00fcnk, \u00edgy a jelmezes bulik id\u0151szak\u00e1ban. B\u00e1r a Halloween lassan kezdi \u00e1tvenni az uralmat Eur\u00f3pa felett is, az\u00e9rt m\u00e9g b\u00edzunk benne, hogy akadnak a nagyb\u00f6jt\u00f6t megel\u0151z\u0151, hazai mulats\u00e1gok. Gyerekesek \u00e9s gyermeteg lelk\u0171ek, el\u0151re a MediaMarktba!<\/strong><!--more-->\r\n\r\n&nbsp;\r\n\r\n<span style=\"font-weight: 400\">Term\u00e9szetesen a c\u00e9g nem v\u00e1ltott arculatot, teh\u00e1t minden jelmez javaslatot az egy\u00e9bk\u00e9nt k\u00e9szleten l\u00e9v\u0151 t\u00e1rgyakb\u00f3l \u00e1ll\u00edtottunk \u00f6ssze. Az alap \u00f6tlet egy r\u00e9gi be\u00f6lt\u00f6z\u0151s buli eml\u00e9ke kapcs\u00e1n \u00f6tl\u00f6tt fel. Akkor a t\u00e9ma a szuperh\u0151s volt. E sorok szerz\u0151je minden id\u0151k legnagyszer\u0171bb \u00e9s legf\u00e9rfiasabb magyar szuperh\u0151s\u00e9nek alakj\u00e1ba \u00f6lt\u00f6z\u00f6tt: Grabowski volt. De megjelent a buliban egy \u201cBicycle Repairman\u201d is \u00e9s v\u00e9g\u00fcl az est gy\u0151ztese: egy l\u00e9giir\u00e1ny\u00edt\u00f3 John McClane. B\u00e1r az illet\u0151 a Die Hard 2-t \u00e9s 3-at kiss\u00e9 \u00f6sszemosta, \u00edgy is tarolt, az egy\u00e9bk\u00e9nt k\u00e9tfill\u00e9res jelmez. A sima feh\u00e9r (kiss\u00e9 persze m\u00e1r koszos) atl\u00e9ta felett egy vil\u00e1gos barna \u00e1rnyalat\u00fa kock\u00e1s ing lebegett, kigombolva. Az eredetileg new york-i rend\u0151r alakj\u00e1t az illet\u0151 v\u00e9g\u00fcl k\u00e9t fakan\u00e1llal \u00e9s egy l\u00e1that\u00f3s\u00e1gi mell\u00e9nnyel eg\u00e9sz\u00edtette ki \u00e9s rept\u00e9ri munk\u00e1s\/ir\u00e1ny\u00edt\u00f3nak adta ki mag\u00e1t. A f\u00f6ld\u00f6n nem volt p\u00e1rja a jelens\u00e9gnek. Sz\u00f3val a semmib\u0151l siker\u00fclt kiv\u00e1l\u00f3 jelmezt var\u00e1zsolni. Ennek kapcs\u00e1n mi is belev\u00e1gtunk a MediaMarkt beli kutakod\u00e1sba. Egyel\u0151re gondolati szinten. Ha valaki a kivitelez\u00e9sig is eljut, k\u00f6ny\u00f6rg\u00fcnk, k\u00fcldj\u00f6n egy fot\u00f3t, vide\u00f3t! \u00c9s most j\u00f6jjenek a farsangi tippek a minimalista, az elvont \u00e9s a kreat\u00edv kateg\u00f3ria jegyeiben!<\/span>\r\n\r\n&nbsp;\r\n<h2><b>T\u00fcnd\u00f6k\u00f6lj, mint egy szt\u00e1r. Vagy mint b\u00e1rmi, ami vil\u00e1g\u00edt.<\/b><\/h2>\r\n&nbsp;\r\n\r\n<span style=\"font-weight: 400\">Az elemes LED \u00e9g\u0151sorok \u00e9s a vil\u00e1g\u00edt\u00f3 party term\u00e9kek, valamint a bicikli l\u00e1mp\u00e1k kiv\u00e1l\u00f3 alapanyagot szolg\u00e1ltathatnak, els\u0151sorban a kiss\u00e9 f\u00f6ld\u00f6nt\u00fali (meg)jelen\u00e9sekhez. Ha van otthon n\u00e9mi ez\u00fcst f\u00f3lia, m\u00e9g t\u00f6k\u00e9letesebb lehet az eredm\u00e9ny. A l\u00e9nyeg, min\u00e9l t\u00f6bb vil\u00e1g\u00edt\u00f3 egys\u00e9g legyen r\u00e1nk er\u0151s\u00edtve. Csiptess, tekerj, fonj \u00e9s a buli f\u00e9nyre der\u00fcl.<\/span>\r\n\r\n<span style=\"font-weight: 400\">EXTRA TIPP: Egy piros-feh\u00e9r cs\u00edkos pulcsival \u00e9s egy fejl\u00e1mp\u00e1val ak\u00e1r vil\u00e1g\u00edt\u00f3toronny\u00e1 is v\u00e1lhatsz!<\/span>\r\n\r\n&nbsp;\r\n\r\n<b>Kapcsol\u00f3d\u00f3 MediaMarkt term\u00e9kek: <\/b>\r\n\r\n&nbsp;\r\n\r\n<a href=\"https:\/\/www.mediamarkt.hu\/hu\/product\/_beclever-gst-10071-vil%C3%A1g%C3%ADt%C3%B3r%C3%BAd-1db-150-mm-1106587.html\"><span style=\"font-weight: 400\">BECLEVER GST 10071 Vil\u00e1g\u00edt\u00f3r\u00fad 1db, 150 mm<\/span><\/a><span style=\"font-weight: 400\">, 499 Ft<\/span>\r\n\r\n<a href=\"https:\/\/www.mediamarkt.hu\/hu\/product\/_beclever-fjd5200-vil%C3%A1g%C3%ADt%C3%B3-hajr%C3%A1f-1191187.html\"><span style=\"font-weight: 400\">BECLEVER FJD5200 Vil\u00e1g\u00edt\u00f3 hajr\u00e1f<\/span><\/a><span style=\"font-weight: 400\">, 599 Ft<\/span>\r\n\r\n<a href=\"https:\/\/www.mediamarkt.hu\/hu\/product\/_delight-57260-f%C3%A9nyvisszaver%C5%91-p%C3%A1nt-szett-1178090.html\"><span style=\"font-weight: 400\">DELIGHT 57260 F\u00e9nyvisszaver\u0151 p\u00e1nt szett<\/span><\/a><span style=\"font-weight: 400\">, 569 Ft<\/span>\r\n\r\n<a href=\"https:\/\/www.mediamarkt.hu\/hu\/product\/_delight-57069-led-es-ker%C3%A9kp%C3%A1r-l%C3%A1mpa-szett-szilikon-bor%C3%ADt%C3%A1ssal-1147765.html\"><span style=\"font-weight: 400\">DELIGHT 57069 LED-es ker\u00e9kp\u00e1r l\u00e1mpa szett szilikon bor\u00edt\u00e1ssal<\/span><\/a><span style=\"font-weight: 400\">, 619 Ft<\/span>\r\n\r\n<a href=\"https:\/\/www.mediamarkt.hu\/hu\/product\/_alma-garden-11363l-party-led-20-db-t%C3%B6bbsz%C3%ADn%C5%B1-f%C3%A9nyf%C3%BCz%C3%A9r-elemes-1258211.html\"><span style=\"font-weight: 400\">ALMA GARDEN 11363L Party LED, 20 db t\u00f6bbsz\u00edn\u0171 f\u00e9nyf\u00fcz\u00e9r, elemes<\/span><\/a><span style=\"font-weight: 400\">, 4499 Ft<\/span>\r\n\r\n<a href=\"https:\/\/www.mediamarkt.hu\/hu\/product\/_varta-led-book-light-csiptethet%C5%91-olvas%C3%B3l%C3%A1mpa-1170021.html\"><span style=\"font-weight: 400\">VARTA LED BOOK LIGHT csiptethet\u0151 olvas\u00f3l\u00e1mpa<\/span><\/a><span style=\"font-weight: 400\">, 2999 Ft<\/span>\r\n\r\n<a href=\"https:\/\/www.mediamarkt.hu\/hu\/product\/_entac-ehl-zoom-5w-alu-f%C3%B3kusz%C3%A1lhat%C3%B3-fejl%C3%A1mpa-1224527.html\"><span style=\"font-weight: 400\">ENTAC EHL-ZOOM-5W-ALU F\u00f3kusz\u00e1lhat\u00f3 fejl\u00e1mpa<\/span><\/a><span style=\"font-weight: 400\">, 3299 Ft<\/span>\r\n\r\n<img loading=\"lazy\" decoding=\"async\" class=\"alignnone size-medium wp-image-7936\" src=\"https:\/\/hir.mediamarkt.hu\/magazin\/wp-content\/uploads\/2019\/02\/ALMA-GARDEN-11363L-Party-LED-20-db-t\u00f6bbsz\u00edn\u0171-f\u00e9nyf\u00fcz\u00e9r-elemes-300x224.png\" alt=\"\" width=\"300\" height=\"224\" srcset=\"https:\/\/hir.mediamarkt.hu\/magazin\/wp-content\/uploads\/2019\/02\/ALMA-GARDEN-11363L-Party-LED-20-db-t\u00f6bbsz\u00edn\u0171-f\u00e9nyf\u00fcz\u00e9r-elemes-300x224.png 300w, https:\/\/hir.mediamarkt.hu\/magazin\/wp-content\/uploads\/2019\/02\/ALMA-GARDEN-11363L-Party-LED-20-db-t\u00f6bbsz\u00edn\u0171-f\u00e9nyf\u00fcz\u00e9r-elemes-275x205.png 275w, https:\/\/hir.mediamarkt.hu\/magazin\/wp-content\/uploads\/2019\/02\/ALMA-GARDEN-11363L-Party-LED-20-db-t\u00f6bbsz\u00edn\u0171-f\u00e9nyf\u00fcz\u00e9r-elemes-768x574.png 768w, https:\/\/hir.mediamarkt.hu\/magazin\/wp-content\/uploads\/2019\/02\/ALMA-GARDEN-11363L-Party-LED-20-db-t\u00f6bbsz\u00edn\u0171-f\u00e9nyf\u00fcz\u00e9r-elemes.png 786w\" sizes=\"(max-width: 300px) 100vw, 300px\" \/> <img loading=\"lazy\" decoding=\"async\" class=\"alignnone size-medium wp-image-7937\" src=\"https:\/\/hir.mediamarkt.hu\/magazin\/wp-content\/uploads\/2019\/02\/BECLEVER-FJD5200-Vil\u00e1g\u00edt\u00f3-hajr\u00e1f-300x224.png\" alt=\"\" width=\"300\" height=\"224\" srcset=\"https:\/\/hir.mediamarkt.hu\/magazin\/wp-content\/uploads\/2019\/02\/BECLEVER-FJD5200-Vil\u00e1g\u00edt\u00f3-hajr\u00e1f-300x224.png 300w, https:\/\/hir.mediamarkt.hu\/magazin\/wp-content\/uploads\/2019\/02\/BECLEVER-FJD5200-Vil\u00e1g\u00edt\u00f3-hajr\u00e1f-275x205.png 275w, https:\/\/hir.mediamarkt.hu\/magazin\/wp-content\/uploads\/2019\/02\/BECLEVER-FJD5200-Vil\u00e1g\u00edt\u00f3-hajr\u00e1f-768x574.png 768w, https:\/\/hir.mediamarkt.hu\/magazin\/wp-content\/uploads\/2019\/02\/BECLEVER-FJD5200-Vil\u00e1g\u00edt\u00f3-hajr\u00e1f.png 786w\" sizes=\"(max-width: 300px) 100vw, 300px\" \/> <img loading=\"lazy\" decoding=\"async\" class=\"alignnone size-medium wp-image-7938\" src=\"https:\/\/hir.mediamarkt.hu\/magazin\/wp-content\/uploads\/2019\/02\/BECLEVER-GST-10071-Vil\u00e1g\u00edt\u00f3r\u00fad-1db-150-mm-300x224.png\" alt=\"\" width=\"300\" height=\"224\" srcset=\"https:\/\/hir.mediamarkt.hu\/magazin\/wp-content\/uploads\/2019\/02\/BECLEVER-GST-10071-Vil\u00e1g\u00edt\u00f3r\u00fad-1db-150-mm-300x224.png 300w, https:\/\/hir.mediamarkt.hu\/magazin\/wp-content\/uploads\/2019\/02\/BECLEVER-GST-10071-Vil\u00e1g\u00edt\u00f3r\u00fad-1db-150-mm-275x205.png 275w, https:\/\/hir.mediamarkt.hu\/magazin\/wp-content\/uploads\/2019\/02\/BECLEVER-GST-10071-Vil\u00e1g\u00edt\u00f3r\u00fad-1db-150-mm-768x574.png 768w, https:\/\/hir.mediamarkt.hu\/magazin\/wp-content\/uploads\/2019\/02\/BECLEVER-GST-10071-Vil\u00e1g\u00edt\u00f3r\u00fad-1db-150-mm.png 786w\" sizes=\"(max-width: 300px) 100vw, 300px\" \/> <img loading=\"lazy\" decoding=\"async\" class=\"alignnone size-medium wp-image-7939\" src=\"https:\/\/hir.mediamarkt.hu\/magazin\/wp-content\/uploads\/2019\/02\/DELIGHT-57069-LED-es-ker\u00e9kp\u00e1r-l\u00e1mpa-szett-szilikon-bor\u00edt\u00e1ssal-300x224.png\" alt=\"\" width=\"300\" height=\"224\" srcset=\"https:\/\/hir.mediamarkt.hu\/magazin\/wp-content\/uploads\/2019\/02\/DELIGHT-57069-LED-es-ker\u00e9kp\u00e1r-l\u00e1mpa-szett-szilikon-bor\u00edt\u00e1ssal-300x224.png 300w, https:\/\/hir.mediamarkt.hu\/magazin\/wp-content\/uploads\/2019\/02\/DELIGHT-57069-LED-es-ker\u00e9kp\u00e1r-l\u00e1mpa-szett-szilikon-bor\u00edt\u00e1ssal-275x205.png 275w, https:\/\/hir.mediamarkt.hu\/magazin\/wp-content\/uploads\/2019\/02\/DELIGHT-57069-LED-es-ker\u00e9kp\u00e1r-l\u00e1mpa-szett-szilikon-bor\u00edt\u00e1ssal-768x574.png 768w, https:\/\/hir.mediamarkt.hu\/magazin\/wp-content\/uploads\/2019\/02\/DELIGHT-57069-LED-es-ker\u00e9kp\u00e1r-l\u00e1mpa-szett-szilikon-bor\u00edt\u00e1ssal.png 786w\" sizes=\"(max-width: 300px) 100vw, 300px\" \/> <img loading=\"lazy\" decoding=\"async\" class=\"alignnone size-medium wp-image-7940\" src=\"https:\/\/hir.mediamarkt.hu\/magazin\/wp-content\/uploads\/2019\/02\/fee_786_587_png-300x224.png\" alt=\"\" width=\"300\" height=\"224\" srcset=\"https:\/\/hir.mediamarkt.hu\/magazin\/wp-content\/uploads\/2019\/02\/fee_786_587_png-300x224.png 300w, https:\/\/hir.mediamarkt.hu\/magazin\/wp-content\/uploads\/2019\/02\/fee_786_587_png-275x205.png 275w, https:\/\/hir.mediamarkt.hu\/magazin\/wp-content\/uploads\/2019\/02\/fee_786_587_png-768x574.png 768w, https:\/\/hir.mediamarkt.hu\/magazin\/wp-content\/uploads\/2019\/02\/fee_786_587_png.png 786w\" sizes=\"(max-width: 300px) 100vw, 300px\" \/> <img loading=\"lazy\" decoding=\"async\" class=\"alignnone size-medium wp-image-7941\" src=\"https:\/\/hir.mediamarkt.hu\/magazin\/wp-content\/uploads\/2019\/02\/zs-300x224.png\" alt=\"\" width=\"300\" height=\"224\" srcset=\"https:\/\/hir.mediamarkt.hu\/magazin\/wp-content\/uploads\/2019\/02\/zs-300x224.png 300w, https:\/\/hir.mediamarkt.hu\/magazin\/wp-content\/uploads\/2019\/02\/zs-275x205.png 275w, https:\/\/hir.mediamarkt.hu\/magazin\/wp-content\/uploads\/2019\/02\/zs-768x574.png 768w, https:\/\/hir.mediamarkt.hu\/magazin\/wp-content\/uploads\/2019\/02\/zs.png 786w\" sizes=\"(max-width: 300px) 100vw, 300px\" \/>\r\n<h2><b>Csapj fel a szabad szerelem k\u00f6vet\u00e9nek, esetleg legy\u00e9l Nyan Cat!<\/b><\/h2>\r\n&nbsp;\r\n\r\n<span style=\"font-weight: 400\">Megakadt a szem\u00fcnk egy sziv\u00e1rv\u00e1ny sz\u00edn\u0171 p\u00e1nton (sz\u00e1mz\u00e1ras csomagleszor\u00edt\u00f3n). Azonnal tudtuk, ez a t\u00e1rgy kiv\u00e1l\u00f3 jel\u00f6ltje lehet a farsangi b\u00f6rz\u00e9nknek. A sz\u00edv alak\u00fa lufikkal egy\u00fctt a szabad szerelmet p\u00e1rtol\u00f3 \u00c1morr\u00e1, de \u00f6nmag\u00e1ban ak\u00e1r a p\u00e1r \u00e9ve ugyan lecsengett, de meg\u00fajulni k\u00e9pes Nyan Cat-t\u00e9 is v\u00e1lhatunk! Ut\u00f3bbihoz el\u00e9g egy r\u00f3zsasz\u00edn fels\u0151 vagy ruha, esetleg n\u00e9h\u00e1ny, kiss\u00e9 er\u0151sebb m\u00e1lyva \u00e1rnyalat\u00fa pap\u00edr fecni (post-it mondjuk?) \u00e9s k\u00e9t hamis macska f\u00fcl (ha profi vagy, n\u00e9mi dr\u00f3tb\u00f3l megcsin\u00e1lhatos \u00e9s a fenti LED \u00e9g\u0151kkel m\u00e9f var\u00e1zslatosabb\u00e1 teheted!). Azt\u00e1n csak h\u00fazd magad ut\u00e1n a sziv\u00e1rv\u00e1nyos csomagleszor\u00edt\u00f3t.<\/span>\r\n\r\n&nbsp;\r\n\r\n<b>Kapcsol\u00f3d\u00f3 MediaMarkt term\u00e9kek: <\/b>\r\n\r\n&nbsp;\r\n\r\n<a href=\"https:\/\/www.mediamarkt.hu\/hu\/product\/_perfect-home-72247-sz%C3%A1mz%C3%A1ras-csomagleszor%C3%ADt%C3%B3-1280235.html\"><span style=\"font-weight: 400\">PERFECT HOME 72247 Sz\u00e1mz\u00e1ras csomagleszor\u00edt\u00f3<\/span><\/a><span style=\"font-weight: 400\">, 459 Ft<\/span>\r\n\r\n<a href=\"https:\/\/www.mediamarkt.hu\/hu\/product\/_family-pound-56103h-lufi-szett-sz%C3%ADv-alak%C3%BA-12db-1224519.html\"><span style=\"font-weight: 400\">FAMILY POUND 56103H Lufi szett, sz\u00edv alak\u00fa, 12db<\/span><\/a><span style=\"font-weight: 400\">, 389 Ft<\/span>\r\n\r\n<img loading=\"lazy\" decoding=\"async\" class=\"alignnone size-medium wp-image-7942\" src=\"https:\/\/hir.mediamarkt.hu\/magazin\/wp-content\/uploads\/2019\/02\/FAMILY-POUND-56103H-Lufi-szett-sz\u00edv-alak\u00fa-12db-1-300x224.png\" alt=\"\" width=\"300\" height=\"224\" srcset=\"https:\/\/hir.mediamarkt.hu\/magazin\/wp-content\/uploads\/2019\/02\/FAMILY-POUND-56103H-Lufi-szett-sz\u00edv-alak\u00fa-12db-1-300x224.png 300w, https:\/\/hir.mediamarkt.hu\/magazin\/wp-content\/uploads\/2019\/02\/FAMILY-POUND-56103H-Lufi-szett-sz\u00edv-alak\u00fa-12db-1-275x205.png 275w, https:\/\/hir.mediamarkt.hu\/magazin\/wp-content\/uploads\/2019\/02\/FAMILY-POUND-56103H-Lufi-szett-sz\u00edv-alak\u00fa-12db-1-768x574.png 768w, https:\/\/hir.mediamarkt.hu\/magazin\/wp-content\/uploads\/2019\/02\/FAMILY-POUND-56103H-Lufi-szett-sz\u00edv-alak\u00fa-12db-1.png 786w\" sizes=\"(max-width: 300px) 100vw, 300px\" \/> <img loading=\"lazy\" decoding=\"async\" class=\"alignnone size-medium wp-image-7943\" src=\"https:\/\/hir.mediamarkt.hu\/magazin\/wp-content\/uploads\/2019\/02\/FAMILY-POUND-56103H-Lufi-szett-sz\u00edv-alak\u00fa-12db-300x224.png\" alt=\"\" width=\"300\" height=\"224\" srcset=\"https:\/\/hir.mediamarkt.hu\/magazin\/wp-content\/uploads\/2019\/02\/FAMILY-POUND-56103H-Lufi-szett-sz\u00edv-alak\u00fa-12db-300x224.png 300w, https:\/\/hir.mediamarkt.hu\/magazin\/wp-content\/uploads\/2019\/02\/FAMILY-POUND-56103H-Lufi-szett-sz\u00edv-alak\u00fa-12db-275x205.png 275w, https:\/\/hir.mediamarkt.hu\/magazin\/wp-content\/uploads\/2019\/02\/FAMILY-POUND-56103H-Lufi-szett-sz\u00edv-alak\u00fa-12db-768x574.png 768w, https:\/\/hir.mediamarkt.hu\/magazin\/wp-content\/uploads\/2019\/02\/FAMILY-POUND-56103H-Lufi-szett-sz\u00edv-alak\u00fa-12db.png 786w\" sizes=\"(max-width: 300px) 100vw, 300px\" \/> <img loading=\"lazy\" decoding=\"async\" class=\"alignnone size-medium wp-image-7944\" src=\"https:\/\/hir.mediamarkt.hu\/magazin\/wp-content\/uploads\/2019\/02\/PERFECT-HOME-72247-Sz\u00e1mz\u00e1ras-csomagleszor\u00edt\u00f3-1-300x224.png\" alt=\"\" width=\"300\" height=\"224\" srcset=\"https:\/\/hir.mediamarkt.hu\/magazin\/wp-content\/uploads\/2019\/02\/PERFECT-HOME-72247-Sz\u00e1mz\u00e1ras-csomagleszor\u00edt\u00f3-1-300x224.png 300w, https:\/\/hir.mediamarkt.hu\/magazin\/wp-content\/uploads\/2019\/02\/PERFECT-HOME-72247-Sz\u00e1mz\u00e1ras-csomagleszor\u00edt\u00f3-1-275x205.png 275w, https:\/\/hir.mediamarkt.hu\/magazin\/wp-content\/uploads\/2019\/02\/PERFECT-HOME-72247-Sz\u00e1mz\u00e1ras-csomagleszor\u00edt\u00f3-1-768x574.png 768w, https:\/\/hir.mediamarkt.hu\/magazin\/wp-content\/uploads\/2019\/02\/PERFECT-HOME-72247-Sz\u00e1mz\u00e1ras-csomagleszor\u00edt\u00f3-1.png 786w\" sizes=\"(max-width: 300px) 100vw, 300px\" \/> <img loading=\"lazy\" decoding=\"async\" class=\"alignnone size-medium wp-image-7945\" src=\"https:\/\/hir.mediamarkt.hu\/magazin\/wp-content\/uploads\/2019\/02\/PERFECT-HOME-72247-Sz\u00e1mz\u00e1ras-csomagleszor\u00edt\u00f3-300x224.png\" alt=\"\" width=\"300\" height=\"224\" srcset=\"https:\/\/hir.mediamarkt.hu\/magazin\/wp-content\/uploads\/2019\/02\/PERFECT-HOME-72247-Sz\u00e1mz\u00e1ras-csomagleszor\u00edt\u00f3-300x224.png 300w, https:\/\/hir.mediamarkt.hu\/magazin\/wp-content\/uploads\/2019\/02\/PERFECT-HOME-72247-Sz\u00e1mz\u00e1ras-csomagleszor\u00edt\u00f3-275x205.png 275w, https:\/\/hir.mediamarkt.hu\/magazin\/wp-content\/uploads\/2019\/02\/PERFECT-HOME-72247-Sz\u00e1mz\u00e1ras-csomagleszor\u00edt\u00f3-768x574.png 768w, https:\/\/hir.mediamarkt.hu\/magazin\/wp-content\/uploads\/2019\/02\/PERFECT-HOME-72247-Sz\u00e1mz\u00e1ras-csomagleszor\u00edt\u00f3.png 786w\" sizes=\"(max-width: 300px) 100vw, 300px\" \/>\r\n\r\n&nbsp;\r\n<h2><b>Szexi t\u0171zolt\u00f3t valaki?<\/b><\/h2>\r\n&nbsp;\r\n\r\n<span style=\"font-weight: 400\">Vetk\u0151zz f\u00e9lmeztelenre (ha h\u00fazentr\u00f3gered is van, j\u00e1r a plusz pont), szerezz be egy munkav\u00e9delmi sisakot (ha nincs piros, fesd be) \u00e9s v\u00e1gd a h\u00f3nod al\u00e1 a Perfect Home italadagol\u00f3j\u00e1t. Nagy \u00f6sszegben fogadunk r\u00e1, hogy a hangulat azonnal felforr\u00f3sodik majd!\u00a0<\/span><span style=\"font-weight: 400\">A <\/span><a href=\"https:\/\/www.mediamarkt.hu\/hu\/category\/_munkav%C3%A9delem-676084.html?view=PRODUCTLIST&amp;page=1&amp;sort=topseller\"><span style=\"font-weight: 400\">munkav\u00e9delmi szekci\u00f3ban<\/span><\/a><span style=\"font-weight: 400\"> tal\u00e1lhat\u00f3 szem\u00fcvegek, keszty\u0171k stb. tov\u00e1bbi izgalmas lehet\u0151s\u00e9geket rejt mag\u00e1ban. Egy j\u00f3 Breaking Bad jelmez, egy Ebola-v\u00edrus kutat\u00f3 tud\u00f3s? Esetleg egy mezei szaki, valaki?<\/span>\r\n\r\n&nbsp;\r\n\r\n<b>Kapcsol\u00f3d\u00f3 MediaMarkt term\u00e9kek: <\/b>\r\n\r\n&nbsp;\r\n\r\n<a href=\"https:\/\/www.mediamarkt.hu\/hu\/product\/_perfect-home-t%C5%B1zolt%C3%B3-italadagol%C3%B3-1205023.html\"><span style=\"font-weight: 400\">PERFECT HOME T\u0171zolt\u00f3 italadagol\u00f3<\/span><\/a><span style=\"font-weight: 400\">, 3349 Ft<\/span>\r\n\r\n<a href=\"https:\/\/www.mediamarkt.hu\/hu\/product\/_handy-10372yl-munkav%C3%A9delmi-sisak-s%C3%A1rga-1204652.html\"><span style=\"font-weight: 400\">HANDY 10372YL Munkav\u00e9delmi sisak s\u00e1rga<\/span><\/a><span style=\"font-weight: 400\">, 1299 Ft<\/span>\r\n\r\n<a href=\"https:\/\/www.mediamarkt.hu\/hu\/product\/_handy-10373-arcv%C3%A9d%C5%91-pajzs-m%C5%B1anyag-1204653.html\"><span style=\"font-weight: 400\">HANDY 10373 Arcv\u00e9d\u0151 pajzs, m\u0171anyag<\/span><\/a><span style=\"font-weight: 400\">, 1899 Ft<\/span>\r\n\r\n<a href=\"https:\/\/www.mediamarkt.hu\/hu\/product\/_handy-10374-arcv%C3%A9d%C5%91-pajzs-r%C3%A1csos-1204654.html\"><span style=\"font-weight: 400\">HANDY 10374 Arcv\u00e9d\u0151 pajzs, r\u00e1csos<\/span><\/a><span style=\"font-weight: 400\">, 1699 Ft<\/span>\r\n\r\n<img loading=\"lazy\" decoding=\"async\" class=\"alignnone size-medium wp-image-7946\" src=\"https:\/\/hir.mediamarkt.hu\/magazin\/wp-content\/uploads\/2019\/02\/PERFECT-HOME-T\u0171zolt\u00f3-italadagol\u00f3-300x224.png\" alt=\"\" width=\"300\" height=\"224\" srcset=\"https:\/\/hir.mediamarkt.hu\/magazin\/wp-content\/uploads\/2019\/02\/PERFECT-HOME-T\u0171zolt\u00f3-italadagol\u00f3-300x224.png 300w, https:\/\/hir.mediamarkt.hu\/magazin\/wp-content\/uploads\/2019\/02\/PERFECT-HOME-T\u0171zolt\u00f3-italadagol\u00f3-275x205.png 275w, https:\/\/hir.mediamarkt.hu\/magazin\/wp-content\/uploads\/2019\/02\/PERFECT-HOME-T\u0171zolt\u00f3-italadagol\u00f3-768x574.png 768w, https:\/\/hir.mediamarkt.hu\/magazin\/wp-content\/uploads\/2019\/02\/PERFECT-HOME-T\u0171zolt\u00f3-italadagol\u00f3.png 786w\" sizes=\"(max-width: 300px) 100vw, 300px\" \/> <img loading=\"lazy\" decoding=\"async\" class=\"alignnone size-medium wp-image-7947\" src=\"https:\/\/hir.mediamarkt.hu\/magazin\/wp-content\/uploads\/2019\/02\/fee_786_587_png-8-300x224.png\" alt=\"\" width=\"300\" height=\"224\" srcset=\"https:\/\/hir.mediamarkt.hu\/magazin\/wp-content\/uploads\/2019\/02\/fee_786_587_png-8-300x224.png 300w, https:\/\/hir.mediamarkt.hu\/magazin\/wp-content\/uploads\/2019\/02\/fee_786_587_png-8-275x205.png 275w, https:\/\/hir.mediamarkt.hu\/magazin\/wp-content\/uploads\/2019\/02\/fee_786_587_png-8-768x574.png 768w, https:\/\/hir.mediamarkt.hu\/magazin\/wp-content\/uploads\/2019\/02\/fee_786_587_png-8.png 786w\" sizes=\"(max-width: 300px) 100vw, 300px\" \/> <img loading=\"lazy\" decoding=\"async\" class=\"alignnone size-medium wp-image-7948\" src=\"https:\/\/hir.mediamarkt.hu\/magazin\/wp-content\/uploads\/2019\/02\/HANDY-10373-Arcv\u00e9d\u0151-pajzs-m\u0171anyag-300x224.png\" alt=\"\" width=\"300\" height=\"224\" srcset=\"https:\/\/hir.mediamarkt.hu\/magazin\/wp-content\/uploads\/2019\/02\/HANDY-10373-Arcv\u00e9d\u0151-pajzs-m\u0171anyag-300x224.png 300w, https:\/\/hir.mediamarkt.hu\/magazin\/wp-content\/uploads\/2019\/02\/HANDY-10373-Arcv\u00e9d\u0151-pajzs-m\u0171anyag-275x205.png 275w, https:\/\/hir.mediamarkt.hu\/magazin\/wp-content\/uploads\/2019\/02\/HANDY-10373-Arcv\u00e9d\u0151-pajzs-m\u0171anyag-768x574.png 768w, https:\/\/hir.mediamarkt.hu\/magazin\/wp-content\/uploads\/2019\/02\/HANDY-10373-Arcv\u00e9d\u0151-pajzs-m\u0171anyag.png 786w\" sizes=\"(max-width: 300px) 100vw, 300px\" \/> <img loading=\"lazy\" decoding=\"async\" class=\"alignnone size-medium wp-image-7949\" src=\"https:\/\/hir.mediamarkt.hu\/magazin\/wp-content\/uploads\/2019\/02\/HANDY-10374-Arcv\u00e9d\u0151-pajzs-r\u00e1csos-300x224.png\" alt=\"\" width=\"300\" height=\"224\" srcset=\"https:\/\/hir.mediamarkt.hu\/magazin\/wp-content\/uploads\/2019\/02\/HANDY-10374-Arcv\u00e9d\u0151-pajzs-r\u00e1csos-300x224.png 300w, https:\/\/hir.mediamarkt.hu\/magazin\/wp-content\/uploads\/2019\/02\/HANDY-10374-Arcv\u00e9d\u0151-pajzs-r\u00e1csos-275x205.png 275w, https:\/\/hir.mediamarkt.hu\/magazin\/wp-content\/uploads\/2019\/02\/HANDY-10374-Arcv\u00e9d\u0151-pajzs-r\u00e1csos-768x574.png 768w, https:\/\/hir.mediamarkt.hu\/magazin\/wp-content\/uploads\/2019\/02\/HANDY-10374-Arcv\u00e9d\u0151-pajzs-r\u00e1csos.png 786w\" sizes=\"(max-width: 300px) 100vw, 300px\" \/>\r\n\r\n&nbsp;\r\n\r\n&nbsp;\r\n<h2><b>Sok kicsi sokra megy!<\/b><\/h2>\r\n&nbsp;\r\n\r\n<span style=\"font-weight: 400\">Az al\u00e1bbi v\u00e1logat\u00e1sban olyan eszk\u00f6z\u00f6k szerepelnek, amelyek meglehet, apr\u00f3k, sz\u00e9pen \u00f6sszeszerkesztve (ragasztva, varrva, dr\u00f3tozva, halmozva) kiadhatnak egy-k\u00e9t vicces vagy cuki jelmezt. A hat\u00e1r a csillagos \u00e9g, na meg a fant\u00e1zi\u00e1d \u00e9s kreativit\u00e1sod!<\/span>\r\n\r\n&nbsp;\r\n\r\n<b>Kapcsol\u00f3d\u00f3 MediaMarkt term\u00e9kek: <\/b>\r\n\r\n&nbsp;\r\n\r\n<a href=\"https:\/\/www.mediamarkt.hu\/hu\/product\/_perfect-home-10128-poh%C3%A1rjel%C3%B6l%C5%91-6-db-os-1183653.html\"><span style=\"font-weight: 400\">PERFECT HOME 10128 Poh\u00e1rjel\u00f6l\u0151, 6 db-os<\/span><\/a><span style=\"font-weight: 400\">, 1249 Ft<\/span>\r\n\r\n<a href=\"https:\/\/www.mediamarkt.hu\/hu\/product\/_perfect-home-28278-szendvicsp%C3%A1lcika-100-db-1184064.html\"><span style=\"font-weight: 400\">PERFECT HOME 28278 Szendvicsp\u00e1lcika, 100 db<\/span><\/a><span style=\"font-weight: 400\">, 1049 Ft<\/span>\r\n\r\n<a href=\"https:\/\/www.mediamarkt.hu\/hu\/product\/_perfect-home-12392-%C3%B3ri%C3%A1s-sz%C3%ADv%C3%B3sz%C3%A1l-12-db-1183853.html\"><span style=\"font-weight: 400\">PERFECT HOME 12392 \u00d3ri\u00e1s sz\u00edv\u00f3sz\u00e1l, 12 db<\/span><\/a><span style=\"font-weight: 400\">, 599 Ft<\/span>\r\n\r\n<a href=\"https:\/\/www.mediamarkt.hu\/hu\/product\/_perfect-home-72225-csavart-sz%C3%ADv%C3%B3sz%C3%A1l-100-db-1184230.html\"><span style=\"font-weight: 400\">PERFECT HOME 72225 Csavart sz\u00edv\u00f3sz\u00e1l, 100 db<\/span><\/a><span style=\"font-weight: 400\">, 629 Ft<\/span>\r\n\r\n<a href=\"https:\/\/www.mediamarkt.hu\/hu\/product\/_perfect-home-12394-csavart-sz%C3%ADv%C3%B3sz%C3%A1l-1183855.html\"><span style=\"font-weight: 400\">PERFECT HOME 12394 Csavart sz\u00edv\u00f3sz\u00e1l<\/span><\/a><span style=\"font-weight: 400\">, 519 Ft<\/span>\r\n\r\n<a href=\"https:\/\/www.mediamarkt.hu\/hu\/product\/_perfect-home-12393-bajusz-sz%C3%ADv%C3%B3sz%C3%A1l-1183854.html\"><span style=\"font-weight: 400\">PERFECT HOME 12393 Bajusz sz\u00edv\u00f3sz\u00e1l<\/span><\/a><span style=\"font-weight: 400\">, 499 Ft<\/span>\r\n\r\n<img loading=\"lazy\" decoding=\"async\" class=\"alignnone size-medium wp-image-7950\" src=\"https:\/\/hir.mediamarkt.hu\/magazin\/wp-content\/uploads\/2019\/02\/fee_786_587_png-1-300x224.png\" alt=\"\" width=\"300\" height=\"224\" srcset=\"https:\/\/hir.mediamarkt.hu\/magazin\/wp-content\/uploads\/2019\/02\/fee_786_587_png-1-300x224.png 300w, https:\/\/hir.mediamarkt.hu\/magazin\/wp-content\/uploads\/2019\/02\/fee_786_587_png-1-275x205.png 275w, https:\/\/hir.mediamarkt.hu\/magazin\/wp-content\/uploads\/2019\/02\/fee_786_587_png-1-768x574.png 768w, https:\/\/hir.mediamarkt.hu\/magazin\/wp-content\/uploads\/2019\/02\/fee_786_587_png-1.png 786w\" sizes=\"(max-width: 300px) 100vw, 300px\" \/> <img loading=\"lazy\" decoding=\"async\" class=\"alignnone size-medium wp-image-7951\" src=\"https:\/\/hir.mediamarkt.hu\/magazin\/wp-content\/uploads\/2019\/02\/fee_786_587_png-2-300x224.png\" alt=\"\" width=\"300\" height=\"224\" srcset=\"https:\/\/hir.mediamarkt.hu\/magazin\/wp-content\/uploads\/2019\/02\/fee_786_587_png-2-300x224.png 300w, https:\/\/hir.mediamarkt.hu\/magazin\/wp-content\/uploads\/2019\/02\/fee_786_587_png-2-275x205.png 275w, https:\/\/hir.mediamarkt.hu\/magazin\/wp-content\/uploads\/2019\/02\/fee_786_587_png-2-768x574.png 768w, https:\/\/hir.mediamarkt.hu\/magazin\/wp-content\/uploads\/2019\/02\/fee_786_587_png-2.png 786w\" sizes=\"(max-width: 300px) 100vw, 300px\" \/> <img loading=\"lazy\" decoding=\"async\" class=\"alignnone size-medium wp-image-7952\" src=\"https:\/\/hir.mediamarkt.hu\/magazin\/wp-content\/uploads\/2019\/02\/fee_786_587_png-3-300x224.png\" alt=\"\" width=\"300\" height=\"224\" srcset=\"https:\/\/hir.mediamarkt.hu\/magazin\/wp-content\/uploads\/2019\/02\/fee_786_587_png-3-300x224.png 300w, https:\/\/hir.mediamarkt.hu\/magazin\/wp-content\/uploads\/2019\/02\/fee_786_587_png-3-275x205.png 275w, https:\/\/hir.mediamarkt.hu\/magazin\/wp-content\/uploads\/2019\/02\/fee_786_587_png-3-768x574.png 768w, https:\/\/hir.mediamarkt.hu\/magazin\/wp-content\/uploads\/2019\/02\/fee_786_587_png-3.png 786w\" sizes=\"(max-width: 300px) 100vw, 300px\" \/> <img loading=\"lazy\" decoding=\"async\" class=\"alignnone size-medium wp-image-7953\" src=\"https:\/\/hir.mediamarkt.hu\/magazin\/wp-content\/uploads\/2019\/02\/fee_786_587_png-4-300x224.png\" alt=\"\" width=\"300\" height=\"224\" srcset=\"https:\/\/hir.mediamarkt.hu\/magazin\/wp-content\/uploads\/2019\/02\/fee_786_587_png-4-300x224.png 300w, https:\/\/hir.mediamarkt.hu\/magazin\/wp-content\/uploads\/2019\/02\/fee_786_587_png-4-275x205.png 275w, https:\/\/hir.mediamarkt.hu\/magazin\/wp-content\/uploads\/2019\/02\/fee_786_587_png-4-768x574.png 768w, https:\/\/hir.mediamarkt.hu\/magazin\/wp-content\/uploads\/2019\/02\/fee_786_587_png-4.png 786w\" sizes=\"(max-width: 300px) 100vw, 300px\" \/> <img loading=\"lazy\" decoding=\"async\" class=\"alignnone size-medium wp-image-7954\" src=\"https:\/\/hir.mediamarkt.hu\/magazin\/wp-content\/uploads\/2019\/02\/fee_786_587_png-5-300x224.png\" alt=\"\" width=\"300\" height=\"224\" srcset=\"https:\/\/hir.mediamarkt.hu\/magazin\/wp-content\/uploads\/2019\/02\/fee_786_587_png-5-300x224.png 300w, https:\/\/hir.mediamarkt.hu\/magazin\/wp-content\/uploads\/2019\/02\/fee_786_587_png-5-275x205.png 275w, https:\/\/hir.mediamarkt.hu\/magazin\/wp-content\/uploads\/2019\/02\/fee_786_587_png-5-768x574.png 768w, https:\/\/hir.mediamarkt.hu\/magazin\/wp-content\/uploads\/2019\/02\/fee_786_587_png-5.png 786w\" sizes=\"(max-width: 300px) 100vw, 300px\" \/> <img loading=\"lazy\" decoding=\"async\" class=\"alignnone size-medium wp-image-7955\" src=\"https:\/\/hir.mediamarkt.hu\/magazin\/wp-content\/uploads\/2019\/02\/fee_786_587_png-6-300x224.png\" alt=\"\" width=\"300\" height=\"224\" srcset=\"https:\/\/hir.mediamarkt.hu\/magazin\/wp-content\/uploads\/2019\/02\/fee_786_587_png-6-300x224.png 300w, https:\/\/hir.mediamarkt.hu\/magazin\/wp-content\/uploads\/2019\/02\/fee_786_587_png-6-275x205.png 275w, https:\/\/hir.mediamarkt.hu\/magazin\/wp-content\/uploads\/2019\/02\/fee_786_587_png-6-768x574.png 768w, https:\/\/hir.mediamarkt.hu\/magazin\/wp-content\/uploads\/2019\/02\/fee_786_587_png-6.png 786w\" sizes=\"(max-width: 300px) 100vw, 300px\" \/>\r\n\r\n&nbsp;\r\n\r\n<strong>\u00c9s ha ez m\u00e9g mindig nem lenne el\u00e9g, az al\u00e1bbi szekci\u00f3kat j\u00f3 sz\u00edvvel aj\u00e1nljuk a tov\u00e1bbi inspir\u00e1ci\u00f3hoz:<\/strong>\r\n\r\n&nbsp;\r\n\r\n<a href=\"https:\/\/www.mediamarkt.hu\/hu\/category\/_munkav%C3%A9delem-676084.html?view=PRODUCTLIST&amp;page=1&amp;sort=topseller\"><span style=\"font-weight: 400\">Munkav\u00e9delem<\/span><\/a>\r\n\r\n<a href=\"https:\/\/www.mediamarkt.hu\/hu\/category\/_konyhai-kieg%C3%A9sz%C3%ADt%C5%91k-634581.html?searchParams=&amp;sort=price&amp;view=PRODUCTLIST&amp;page=\"><span style=\"font-weight: 400\">Konyhai kieg\u00e9sz\u00edt\u0151k<\/span><\/a>\r\n\r\n<a href=\"https:\/\/www.mediamarkt.hu\/hu\/category\/_egy%C3%A9b-aut%C3%B3s-cikkek-676058.html?searchParams=&amp;sort=price&amp;view=PRODUCTLIST&amp;page=4\"><span style=\"font-weight: 400\">Egy\u00e9b aut\u00f3s cikkek<\/span><\/a>","protected":false},"excerpt":{"rendered":"K\u00f6rben\u00e9zt\u00fcnk az \u00e1ruh\u00e1zban, mib\u0151l \u00e9l\u00fcnk, \u00edgy a jelmezes bulik id\u0151szak\u00e1ban. B\u00e1r a Halloween lassan kezdi \u00e1tvenni az uralmat Eur\u00f3pa felett is, az\u00e9rt m\u00e9g b\u00edzunk benne, hogy akadnak a nagyb\u00f6jt\u00f6t megel\u0151z\u0151, hazai mulats\u00e1gok. Gyerekesek \u00e9s gyermeteg lelk\u0171ek, el\u0151re a MediaMarktba!","protected":false},"author":13,"featured_media":7958,"comment_status":"open","ping_status":"open","sticky":false,"template":"","format":"standard","meta":{"wprm-recipe-roundup-name":"","wprm-recipe-roundup-description":"","footnotes":""},"categories":[5967],"tags":[2209,2657,706,3111,516,3112,2127,2173,2208,846,2824],"yoast_head":"<!-- This site is optimized with the Yoast SEO plugin v22.9 - https:\/\/yoast.com\/wordpress\/plugins\/seo\/ -->\n<title>Farsangi jelmezt a MediaMarktb\u00f3l? Nan\u00e1! (F\u00e9rfibar\u00e1t tartalom!) - MediaMarkt Magazin<\/title>\n<meta name=\"description\" content=\"M\u00e9g van id\u0151 egy kis farsangi \u0151r\u00fcletre. Ha szeretn\u00e9l id\u00e9n k\u00f6lts\u00e9ghat\u00e9kony \u00e9s egyszerre kreat\u00edv, vicces lenni, neked sz\u00f3l a speci\u00e1lis MediaMarkt DIY anyagunk!\" \/>\n<meta name=\"robots\" content=\"index, follow, max-snippet:-1, max-image-preview:large, max-video-preview:-1\" \/>\n<link rel=\"canonical\" href=\"https:\/\/hir.mediamarkt.hu\/magazin\/farsangi-jelmezt-a-mediamarktbol-nana-ferfibarat-tartalom\/\" \/>\n<meta property=\"og:locale\" content=\"hu_HU\" \/>\n<meta property=\"og:type\" content=\"article\" \/>\n<meta property=\"og:title\" content=\"Farsangi jelmezt a MediaMarktb\u00f3l? Nan\u00e1! (F\u00e9rfibar\u00e1t tartalom!) - MediaMarkt Magazin\" \/>\n<meta property=\"og:description\" content=\"M\u00e9g van id\u0151 egy kis farsangi \u0151r\u00fcletre. Ha szeretn\u00e9l id\u00e9n k\u00f6lts\u00e9ghat\u00e9kony \u00e9s egyszerre kreat\u00edv, vicces lenni, neked sz\u00f3l a speci\u00e1lis MediaMarkt DIY anyagunk!\" \/>\n<meta property=\"og:url\" content=\"https:\/\/hir.mediamarkt.hu\/magazin\/farsangi-jelmezt-a-mediamarktbol-nana-ferfibarat-tartalom\/\" \/>\n<meta property=\"og:site_name\" content=\"MediaMarkt Magazin\" \/>\n<meta property=\"article:publisher\" content=\"https:\/\/www.facebook.com\/MediaMarktMagyarorszag\" \/>\n<meta property=\"article:published_time\" content=\"2019-02-14T16:52:51+00:00\" \/>\n<meta property=\"article:modified_time\" content=\"2019-02-14T16:56:14+00:00\" \/>\n<meta property=\"og:image\" content=\"https:\/\/hir.mediamarkt.hu\/magazin\/wp-content\/uploads\/2019\/02\/pexels-photo-1230397.jpeg\" \/>\n\t<meta property=\"og:image:width\" content=\"1440\" \/>\n\t<meta property=\"og:image:height\" content=\"954\" \/>\n\t<meta property=\"og:image:type\" content=\"image\/jpeg\" \/>\n<meta name=\"author\" content=\"Media Markt\" \/>\n<meta name=\"twitter:label1\" content=\"Szerz\u0151:\" \/>\n\t<meta name=\"twitter:data1\" content=\"Media Markt\" \/>\n\t<meta name=\"twitter:label2\" content=\"Becs\u00fclt olvas\u00e1si id\u0151\" \/>\n\t<meta name=\"twitter:data2\" content=\"5 perc\" \/>\n<script type=\"application\/ld+json\" class=\"yoast-schema-graph\">{\"@context\":\"https:\/\/schema.org\",\"@graph\":[{\"@type\":\"WebPage\",\"@id\":\"https:\/\/hir.mediamarkt.hu\/magazin\/farsangi-jelmezt-a-mediamarktbol-nana-ferfibarat-tartalom\/\",\"url\":\"https:\/\/hir.mediamarkt.hu\/magazin\/farsangi-jelmezt-a-mediamarktbol-nana-ferfibarat-tartalom\/\",\"name\":\"Farsangi jelmezt a MediaMarktb\u00f3l? Nan\u00e1! (F\u00e9rfibar\u00e1t tartalom!) - MediaMarkt Magazin\",\"isPartOf\":{\"@id\":\"https:\/\/hir.mediamarkt.hu\/magazin\/#website\"},\"primaryImageOfPage\":{\"@id\":\"https:\/\/hir.mediamarkt.hu\/magazin\/farsangi-jelmezt-a-mediamarktbol-nana-ferfibarat-tartalom\/#primaryimage\"},\"image\":{\"@id\":\"https:\/\/hir.mediamarkt.hu\/magazin\/farsangi-jelmezt-a-mediamarktbol-nana-ferfibarat-tartalom\/#primaryimage\"},\"thumbnailUrl\":\"https:\/\/hir.mediamarkt.hu\/magazin\/wp-content\/uploads\/2019\/02\/pexels-photo-1230397.jpeg\",\"datePublished\":\"2019-02-14T16:52:51+00:00\",\"dateModified\":\"2019-02-14T16:56:14+00:00\",\"author\":{\"@id\":\"https:\/\/hir.mediamarkt.hu\/magazin\/#\/schema\/person\/b93b02ec1ab4d2353f8d281e171c1b0b\"},\"description\":\"M\u00e9g van id\u0151 egy kis farsangi \u0151r\u00fcletre. Ha szeretn\u00e9l id\u00e9n k\u00f6lts\u00e9ghat\u00e9kony \u00e9s egyszerre kreat\u00edv, vicces lenni, neked sz\u00f3l a speci\u00e1lis MediaMarkt DIY anyagunk!\",\"breadcrumb\":{\"@id\":\"https:\/\/hir.mediamarkt.hu\/magazin\/farsangi-jelmezt-a-mediamarktbol-nana-ferfibarat-tartalom\/#breadcrumb\"},\"inLanguage\":\"hu\",\"potentialAction\":[{\"@type\":\"ReadAction\",\"target\":[\"https:\/\/hir.mediamarkt.hu\/magazin\/farsangi-jelmezt-a-mediamarktbol-nana-ferfibarat-tartalom\/\"]}]},{\"@type\":\"ImageObject\",\"inLanguage\":\"hu\",\"@id\":\"https:\/\/hir.mediamarkt.hu\/magazin\/farsangi-jelmezt-a-mediamarktbol-nana-ferfibarat-tartalom\/#primaryimage\",\"url\":\"https:\/\/hir.mediamarkt.hu\/magazin\/wp-content\/uploads\/2019\/02\/pexels-photo-1230397.jpeg\",\"contentUrl\":\"https:\/\/hir.mediamarkt.hu\/magazin\/wp-content\/uploads\/2019\/02\/pexels-photo-1230397.jpeg\",\"width\":1440,\"height\":954},{\"@type\":\"BreadcrumbList\",\"@id\":\"https:\/\/hir.mediamarkt.hu\/magazin\/farsangi-jelmezt-a-mediamarktbol-nana-ferfibarat-tartalom\/#breadcrumb\",\"itemListElement\":[{\"@type\":\"ListItem\",\"position\":1,\"name\":\"Kezd\u0151lap\",\"item\":\"https:\/\/hir.mediamarkt.hu\/magazin\/\"},{\"@type\":\"ListItem\",\"position\":2,\"name\":\"Farsangi jelmezt a MediaMarktb\u00f3l? Nan\u00e1! (F\u00e9rfibar\u00e1t tartalom!)\"}]},{\"@type\":\"WebSite\",\"@id\":\"https:\/\/hir.mediamarkt.hu\/magazin\/#website\",\"url\":\"https:\/\/hir.mediamarkt.hu\/magazin\/\",\"name\":\"MediaMarkt Magazin\",\"description\":\"Olvass bele magazinunkba!\",\"potentialAction\":[{\"@type\":\"SearchAction\",\"target\":{\"@type\":\"EntryPoint\",\"urlTemplate\":\"https:\/\/hir.mediamarkt.hu\/magazin\/?s={search_term_string}\"},\"query-input\":\"required name=search_term_string\"}],\"inLanguage\":\"hu\"},{\"@type\":\"Person\",\"@id\":\"https:\/\/hir.mediamarkt.hu\/magazin\/#\/schema\/person\/b93b02ec1ab4d2353f8d281e171c1b0b\",\"name\":\"Media Markt\",\"image\":{\"@type\":\"ImageObject\",\"inLanguage\":\"hu\",\"@id\":\"https:\/\/hir.mediamarkt.hu\/magazin\/#\/schema\/person\/image\/\",\"url\":\"https:\/\/secure.gravatar.com\/avatar\/602bccae8998beee472d01909f0978f1?s=96&d=mm&r=g\",\"contentUrl\":\"https:\/\/secure.gravatar.com\/avatar\/602bccae8998beee472d01909f0978f1?s=96&d=mm&r=g\",\"caption\":\"Media Markt\"}}]}<\/script>\n<!-- \/ Yoast SEO plugin. -->","yoast_head_json":{"title":"Farsangi jelmezt a MediaMarktb\u00f3l? Nan\u00e1! (F\u00e9rfibar\u00e1t tartalom!) - MediaMarkt Magazin","description":"M\u00e9g van id\u0151 egy kis farsangi \u0151r\u00fcletre. Ha szeretn\u00e9l id\u00e9n k\u00f6lts\u00e9ghat\u00e9kony \u00e9s egyszerre kreat\u00edv, vicces lenni, neked sz\u00f3l a speci\u00e1lis MediaMarkt DIY anyagunk!","robots":{"index":"index","follow":"follow","max-snippet":"max-snippet:-1","max-image-preview":"max-image-preview:large","max-video-preview":"max-video-preview:-1"},"canonical":"https:\/\/hir.mediamarkt.hu\/magazin\/farsangi-jelmezt-a-mediamarktbol-nana-ferfibarat-tartalom\/","og_locale":"hu_HU","og_type":"article","og_title":"Farsangi jelmezt a MediaMarktb\u00f3l? Nan\u00e1! (F\u00e9rfibar\u00e1t tartalom!) - MediaMarkt Magazin","og_description":"M\u00e9g van id\u0151 egy kis farsangi \u0151r\u00fcletre. Ha szeretn\u00e9l id\u00e9n k\u00f6lts\u00e9ghat\u00e9kony \u00e9s egyszerre kreat\u00edv, vicces lenni, neked sz\u00f3l a speci\u00e1lis MediaMarkt DIY anyagunk!","og_url":"https:\/\/hir.mediamarkt.hu\/magazin\/farsangi-jelmezt-a-mediamarktbol-nana-ferfibarat-tartalom\/","og_site_name":"MediaMarkt Magazin","article_publisher":"https:\/\/www.facebook.com\/MediaMarktMagyarorszag","article_published_time":"2019-02-14T16:52:51+00:00","article_modified_time":"2019-02-14T16:56:14+00:00","og_image":[{"width":1440,"height":954,"url":"https:\/\/hir.mediamarkt.hu\/magazin\/wp-content\/uploads\/2019\/02\/pexels-photo-1230397.jpeg","type":"image\/jpeg"}],"author":"Media Markt","twitter_misc":{"Szerz\u0151:":"Media Markt","Becs\u00fclt olvas\u00e1si id\u0151":"5 perc"},"schema":{"@context":"https:\/\/schema.org","@graph":[{"@type":"WebPage","@id":"https:\/\/hir.mediamarkt.hu\/magazin\/farsangi-jelmezt-a-mediamarktbol-nana-ferfibarat-tartalom\/","url":"https:\/\/hir.mediamarkt.hu\/magazin\/farsangi-jelmezt-a-mediamarktbol-nana-ferfibarat-tartalom\/","name":"Farsangi jelmezt a MediaMarktb\u00f3l? Nan\u00e1! (F\u00e9rfibar\u00e1t tartalom!) - MediaMarkt Magazin","isPartOf":{"@id":"https:\/\/hir.mediamarkt.hu\/magazin\/#website"},"primaryImageOfPage":{"@id":"https:\/\/hir.mediamarkt.hu\/magazin\/farsangi-jelmezt-a-mediamarktbol-nana-ferfibarat-tartalom\/#primaryimage"},"image":{"@id":"https:\/\/hir.mediamarkt.hu\/magazin\/farsangi-jelmezt-a-mediamarktbol-nana-ferfibarat-tartalom\/#primaryimage"},"thumbnailUrl":"https:\/\/hir.mediamarkt.hu\/magazin\/wp-content\/uploads\/2019\/02\/pexels-photo-1230397.jpeg","datePublished":"2019-02-14T16:52:51+00:00","dateModified":"2019-02-14T16:56:14+00:00","author":{"@id":"https:\/\/hir.mediamarkt.hu\/magazin\/#\/schema\/person\/b93b02ec1ab4d2353f8d281e171c1b0b"},"description":"M\u00e9g van id\u0151 egy kis farsangi \u0151r\u00fcletre. Ha szeretn\u00e9l id\u00e9n k\u00f6lts\u00e9ghat\u00e9kony \u00e9s egyszerre kreat\u00edv, vicces lenni, neked sz\u00f3l a speci\u00e1lis MediaMarkt DIY anyagunk!","breadcrumb":{"@id":"https:\/\/hir.mediamarkt.hu\/magazin\/farsangi-jelmezt-a-mediamarktbol-nana-ferfibarat-tartalom\/#breadcrumb"},"inLanguage":"hu","potentialAction":[{"@type":"ReadAction","target":["https:\/\/hir.mediamarkt.hu\/magazin\/farsangi-jelmezt-a-mediamarktbol-nana-ferfibarat-tartalom\/"]}]},{"@type":"ImageObject","inLanguage":"hu","@id":"https:\/\/hir.mediamarkt.hu\/magazin\/farsangi-jelmezt-a-mediamarktbol-nana-ferfibarat-tartalom\/#primaryimage","url":"https:\/\/hir.mediamarkt.hu\/magazin\/wp-content\/uploads\/2019\/02\/pexels-photo-1230397.jpeg","contentUrl":"https:\/\/hir.mediamarkt.hu\/magazin\/wp-content\/uploads\/2019\/02\/pexels-photo-1230397.jpeg","width":1440,"height":954},{"@type":"BreadcrumbList","@id":"https:\/\/hir.mediamarkt.hu\/magazin\/farsangi-jelmezt-a-mediamarktbol-nana-ferfibarat-tartalom\/#breadcrumb","itemListElement":[{"@type":"ListItem","position":1,"name":"Kezd\u0151lap","item":"https:\/\/hir.mediamarkt.hu\/magazin\/"},{"@type":"ListItem","position":2,"name":"Farsangi jelmezt a MediaMarktb\u00f3l? Nan\u00e1! (F\u00e9rfibar\u00e1t tartalom!)"}]},{"@type":"WebSite","@id":"https:\/\/hir.mediamarkt.hu\/magazin\/#website","url":"https:\/\/hir.mediamarkt.hu\/magazin\/","name":"MediaMarkt Magazin","description":"Olvass bele magazinunkba!","potentialAction":[{"@type":"SearchAction","target":{"@type":"EntryPoint","urlTemplate":"https:\/\/hir.mediamarkt.hu\/magazin\/?s={search_term_string}"},"query-input":"required name=search_term_string"}],"inLanguage":"hu"},{"@type":"Person","@id":"https:\/\/hir.mediamarkt.hu\/magazin\/#\/schema\/person\/b93b02ec1ab4d2353f8d281e171c1b0b","name":"Media Markt","image":{"@type":"ImageObject","inLanguage":"hu","@id":"https:\/\/hir.mediamarkt.hu\/magazin\/#\/schema\/person\/image\/","url":"https:\/\/secure.gravatar.com\/avatar\/602bccae8998beee472d01909f0978f1?s=96&d=mm&r=g","contentUrl":"https:\/\/secure.gravatar.com\/avatar\/602bccae8998beee472d01909f0978f1?s=96&d=mm&r=g","caption":"Media Markt"}}]}},"_links":{"self":[{"href":"https:\/\/hir.mediamarkt.hu\/magazin\/wp-json\/wp\/v2\/posts\/7935"}],"collection":[{"href":"https:\/\/hir.mediamarkt.hu\/magazin\/wp-json\/wp\/v2\/posts"}],"about":[{"href":"https:\/\/hir.mediamarkt.hu\/magazin\/wp-json\/wp\/v2\/types\/post"}],"author":[{"embeddable":true,"href":"https:\/\/hir.mediamarkt.hu\/magazin\/wp-json\/wp\/v2\/users\/13"}],"replies":[{"embeddable":true,"href":"https:\/\/hir.mediamarkt.hu\/magazin\/wp-json\/wp\/v2\/comments?post=7935"}],"version-history":[{"count":1,"href":"https:\/\/hir.mediamarkt.hu\/magazin\/wp-json\/wp\/v2\/posts\/7935\/revisions"}],"predecessor-version":[{"id":7960,"href":"https:\/\/hir.mediamarkt.hu\/magazin\/wp-json\/wp\/v2\/posts\/7935\/revisions\/7960"}],"wp:featuredmedia":[{"embeddable":true,"href":"https:\/\/hir.mediamarkt.hu\/magazin\/wp-json\/wp\/v2\/media\/7958"}],"wp:attachment":[{"href":"https:\/\/hir.mediamarkt.hu\/magazin\/wp-json\/wp\/v2\/media?parent=7935"}],"wp:term":[{"taxonomy":"category","embeddable":true,"href":"https:\/\/hir.mediamarkt.hu\/magazin\/wp-json\/wp\/v2\/categories?post=7935"},{"taxonomy":"post_tag","embeddable":true,"href":"https:\/\/hir.mediamarkt.hu\/magazin\/wp-json\/wp\/v2\/tags?post=7935"}],"curies":[{"name":"wp","href":"https:\/\/api.w.org\/{rel}","templated":true}]}}