{"id":8030,"date":"2019-02-28T13:53:20","date_gmt":"2019-02-28T12:53:20","guid":{"rendered":"http:\/\/hir.mediamarkt.hu\/magazin\/?p=8030"},"modified":"2019-02-28T13:53:20","modified_gmt":"2019-02-28T12:53:20","slug":"mit-kezdjunk-a-hisztivel-konyvajanlo-es-nehany-fontos-gondolat","status":"publish","type":"post","link":"https:\/\/hir.mediamarkt.hu\/magazin\/mit-kezdjunk-a-hisztivel-konyvajanlo-es-nehany-fontos-gondolat\/","title":{"rendered":"Mit kezdj\u00fcnk a hisztivel? &#8211; k\u00f6nyvaj\u00e1nl\u00f3 \u00e9s n\u00e9h\u00e1ny fontos gondolat"},"content":{"rendered":"<strong>Anne-Claire Kleindienst klinikai szakpszichol\u00f3gus, nem mellesleg n\u00e9gy gyermek \u00e9desanyja. 2018-ban magyarul megjelent k\u00f6nyve fontos olvasm\u00e1ny lehet a sz\u00fcl\u0151k sz\u00e1m\u00e1ra. Az \u00edg\u00e9retes m\u0171 mellett azonban \u00e9rdemes n\u00e9h\u00e1ny fontos k\u00e9rd\u00e9st is tiszt\u00e1znunk\u2026<\/strong><!--more-->\r\n\r\n&nbsp;\r\n<h2><strong>A gyerek egy lakmuszpap\u00edr<\/strong><\/h2>\r\n&nbsp;\r\n\r\n<span style=\"font-weight: 400\">B\u00e1r az \u00e1tlag k\u00e9mia \u00f3rai tud\u00e1sunk a gyermekv\u00e1llal\u00e1s \u00e9veire j\u00f3 es\u00e9llyel elp\u00e1rolog, a lakmusz pap\u00edrra tal\u00e1n mindenki eml\u00e9kezik. Ez volt az a kis cs\u00edk, amelyek k\u00fcl\u00f6nb\u00f6z\u0151 anyagokba m\u00e1rtva azok savass\u00e1g\u00e1t \u00e9s l\u00fagoss\u00e1g\u00e1t pr\u00f3b\u00e1ltuk megfigyelni. A lakmusz \u00e9rz\u00e9keny fel\u00fclete azonnal elsz\u00ednez\u0151d\u00f6tt, vagy \u00e9pp \u201cmozdulatlan\u201d maradt az \u0151t k\u00f6r\u00fclvev\u0151 anyagok hat\u00e1s\u00e1ra. Nos, a gyerek is egy ilyen, mindenre reag\u00e1l\u00f3 \u201cszerkezet\u201d. Amikor egy gyerek hisztizik, legt\u00f6bbsz\u00f6r valamilyen fesz\u00fclts\u00e9gre reag\u00e1l. A sz\u00fcl\u0151k persze ilyenkor fogj\u00e1k a fej\u00fcket \u00e9s nem jut esz\u00fckbe, \u00e9p miattuk van olyan \u00e1llapotban a gyerek, amilyenben. <\/span>\r\n\r\n<span style=\"font-weight: 400\">Emellett a t\u00e9ves nevel\u00e9si elvek \u00e9s napi rutin is okozhat probl\u00e9m\u00e1s viselked\u00e9si mint\u00e1t. A jelenleg n\u00e9pszer\u0171 \u201cne tiltsunk semmit\u201d elve t\u00f6k\u00e9letesen \u00f6sszezavarhatja \u00e9s megijesztheti a gyerekeket. Ha nincsenek hat\u00e1rok, ha nem b\u00edzik abban, hogy \u00e9n, nagy, okos feln\u0151tt kontroll\u00e1lok dolgokat, egyszer\u0171en szorongani kezd. Ez nem azt jelenti, hogy minden\u00e1ron korl\u00e1tozni kell az ut\u00f3dokat. \u00c9s persze ann\u00e1l megint nincs rosszabb, amikor valamit az\u00e9rt nem enged\u00fcnk, mert \u201c\u00e9n azt mondtam!\u201d. Az autoriter elnyom\u00e1s \u00e9s a keretek k\u00f6z\u00f6tt t\u00f6rt\u00e9n\u0151 gondos nevel\u00e9s, valamint a teljesen szabadj\u00e1ra enged\u0151 hozz\u00e1\u00e1ll\u00e1s k\u00f6z\u00f6tt hatalmas szakad\u00e9kok vannak. \u00c9s ahogy lenni szokott, itt is a m\u00e1sodikk\u00e9nt eml\u00edtett k\u00f6z\u00e9p\u00fat lesz az ide\u00e1lis megold\u00e1s.<\/span>\r\n\r\n<img loading=\"lazy\" decoding=\"async\" class=\"alignnone wp-image-8033 size-large\" src=\"https:\/\/hir.mediamarkt.hu\/magazin\/wp-content\/uploads\/2019\/02\/pexels-photo-262103-1-1024x683.jpeg\" alt=\"\" width=\"1024\" height=\"683\" srcset=\"https:\/\/hir.mediamarkt.hu\/magazin\/wp-content\/uploads\/2019\/02\/pexels-photo-262103-1-1024x683.jpeg 1024w, https:\/\/hir.mediamarkt.hu\/magazin\/wp-content\/uploads\/2019\/02\/pexels-photo-262103-1-275x183.jpeg 275w, https:\/\/hir.mediamarkt.hu\/magazin\/wp-content\/uploads\/2019\/02\/pexels-photo-262103-1-300x200.jpeg 300w, https:\/\/hir.mediamarkt.hu\/magazin\/wp-content\/uploads\/2019\/02\/pexels-photo-262103-1-768x512.jpeg 768w, https:\/\/hir.mediamarkt.hu\/magazin\/wp-content\/uploads\/2019\/02\/pexels-photo-262103-1.jpeg 1440w\" sizes=\"(max-width: 1024px) 100vw, 1024px\" \/>\r\n\r\n<span style=\"font-weight: 400\">A k\u00e9t sz\u00e9ls\u0151s\u00e9ges m\u00f3dszer szorong\u00e1st, l\u00e1zad\u00e1st v\u00e1lthat ki. A gyerek a \u201cfej\u00fcnkre n\u0151\u201d, hisztizik, k\u00f6vetel\u0151dzik, agressz\u00edv viselked\u00e9st mutat. Amit azt\u00e1n, k\u00f6z\u00f6ss\u00e9gbe ker\u00fclve a t\u00falterhelt \u00f3v\u00f3n\u0151k pr\u00f3b\u00e1lnak \u201clet\u00f6rni\u201d. Az ellens\u00e9ges hangulat \u00e9s meg nem \u00e9rtetts\u00e9g pedig csak tov\u00e1bb gy\u0171r\u0171zik. A hiszti j\u00f3 jelz\u0151 rendszer, amellyel a gyerek kv\u00e1zi seg\u00edts\u00e9get k\u00e9r. A bels\u0151 fesz\u00fclts\u00e9geket mi feln\u0151ttek is nehezen kezelj\u00fck \u00e9s \u00e9lj\u00fck meg, egy kicsi sz\u00e1m\u00e1ra viszont m\u00e9g annyi \u201cszelep\u201d sincs, mint nek\u00fcnk. \u00dagyhogy sokszor robban a t\u00falnyom\u00e1s. \u00c9s b\u00e1r sok sz\u00fcl\u0151 pr\u00f3b\u00e1l gondos odafigyel\u00e9ssel hatni ilyenkor a gyerekre, egyszer\u0171en a l\u00e9nyeget nem pr\u00f3b\u00e1lja meg kezelni: \u00f6nmag\u00e1t, a p\u00e1rkapcsolat\u00e1t, a k\u00f6rnyezet\u00e9t.<\/span>\r\n\r\n<span style=\"font-weight: 400\">A probl\u00e9m\u00e1s h\u00e1zass\u00e1gban, az eg\u00e9szs\u00e9gtelen kapcsolatokban \u00e9l\u0151 sz\u00fcl\u0151k gyerekei pont olyan neh\u00e9zs\u00e9geket \u00e9lnek meg, mint egy, a v\u00e1l\u00e1s kapcs\u00e1n \u00f6sszezavarod\u00f3 kort\u00e1rs. Csak az valahogy \u201cterm\u00e9szetes\u201d, hogy otthon nincs minden rendben. Nyilv\u00e1n bizonyos szempontb\u00f3l az is, konfliktus mindig lesz az emberek k\u00f6z\u00f6tt. A felsz\u00edn alatt, csak b\u00fav\u00f3patakokk\u00e9nt cs\u00f6rgedez\u0151 rejtett agresszi\u00f3 \u00e9s depresszi\u00f3 viszont m\u00e1r nem tartozik az eg\u00e9szs\u00e9ges alap\u00e1ll\u00e1s k\u00f6z\u00e9. Az ilyen csal\u00e1dokban, h\u00e1ztart\u00e1sokban nevelked\u0151 gyerekek t\u00f6bbs\u00e9ge ezekre az energi\u00e1kra azonnal reag\u00e1l, az eml\u00edtett lakmusz pap\u00edr form\u00e1j\u00e1ban jelzi a bajt. A k\u00e9rd\u00e9s az, mi \u201cokos\u201d feln\u0151ttek reag\u00e1lunk-e ezekre a seg\u00e9lyk\u00e9r\u00e9sekre \u00e9s v\u00e9szvillog\u00f3kra! A t\u00fcneteket kezelhetj\u00fck a gyere sz\u00e1m\u00e1ra sz\u00f3l\u00f3 ter\u00e1pi\u00e1val \u00e9s m\u00f3dszerekkel. A val\u00f3di probl\u00e9ma megold\u00e1s viszont a teljes gyoml\u00e1l\u00e1s kapcs\u00e1n t\u00f6rt\u00e9nik meg. <\/span>\r\n\r\n<span style=\"font-weight: 400\">Elt\u00e9r\u00e9sek mindig lesznek, hiszen a gyerekek nem egyform\u00e1k. Ki \u00e9rz\u00e9kenyebb, ki kev\u00e9sb\u00e9. Azonban a kih\u00edv\u00e1sokat (pl. egy v\u00e1l\u00e1st) k\u00edv\u00fclr\u0151l k\u00f6nnyedebben \u00e1tv\u00e9szel\u0151 gyerek ugyan\u00fagy szoronghat bel\u00fcl. Csal\u00e1di neh\u00e9zs\u00e9gek, betegs\u00e9gek, \u00e9rzelmi hull\u00e1mvasutak felbukkan\u00e1sa kapcs\u00e1n a \u201cj\u00f3 gyerekre\u201d is nagyon oda kell figyelni. Bizonyos szempontb\u00f3l a \u201chisztis\u201d k\u00f6nnyebb helyzetben van, legal\u00e1bb valamennyit csatorn\u00e1z a fesz\u00fclts\u00e9geib\u0151l. M\u00edg az introvert\u00e1ltabb gyerekek sz\u00e1m\u00e1ra neh\u00e9z a gondokkal val\u00f3 megk\u00fczd\u00e9s. <\/span>\r\n\r\n<img loading=\"lazy\" decoding=\"async\" class=\"alignnone wp-image-8034 size-large\" src=\"https:\/\/hir.mediamarkt.hu\/magazin\/wp-content\/uploads\/2019\/02\/pexels-photo-116151-792x1024.jpeg\" alt=\"\" width=\"792\" height=\"1024\" srcset=\"https:\/\/hir.mediamarkt.hu\/magazin\/wp-content\/uploads\/2019\/02\/pexels-photo-116151-792x1024.jpeg 792w, https:\/\/hir.mediamarkt.hu\/magazin\/wp-content\/uploads\/2019\/02\/pexels-photo-116151-275x355.jpeg 275w, https:\/\/hir.mediamarkt.hu\/magazin\/wp-content\/uploads\/2019\/02\/pexels-photo-116151-232x300.jpeg 232w, https:\/\/hir.mediamarkt.hu\/magazin\/wp-content\/uploads\/2019\/02\/pexels-photo-116151-768x992.jpeg 768w, https:\/\/hir.mediamarkt.hu\/magazin\/wp-content\/uploads\/2019\/02\/pexels-photo-116151.jpeg 1006w\" sizes=\"(max-width: 792px) 100vw, 792px\" \/>\r\n<h2><\/h2>\r\n<h2><strong>Egy k\u00f6nyv, amely seg\u00edthet<\/strong><\/h2>\r\n&nbsp;\r\n\r\n<span style=\"font-weight: 400\">A 2018 november\u00e9ben megjelent m\u0171 mindenk\u00e9pp hasznos olvasm\u00e1ny lehet. De a fentiek szellem\u00e9ben nem biztos, hogy el\u00e9g a puszta olvas\u00e1s. J\u00f3 l\u00e1tni, hogy a szerz\u0151 maga is a teljes csal\u00e1doknak ny\u00fajt seg\u00edts\u00e9get a hiszti k\u00e9rd\u00e9s\u00e9ben, teh\u00e1t alapos, teljesk\u00f6r\u0171 munk\u00e1t akar v\u00e9gezni. Komolyabb probl\u00e9ma eset\u00e9n azonban mindenk\u00e9pp \u00e9rdemes az olvas\u00e1s mellett szakemberrel is besz\u00e9lni. Ez az a k\u00e9rd\u00e9s, amin nem sp\u00f3rolhatunk. Sem id\u0151t, sem p\u00e9nzt, sem energi\u00e1t. A megfelel\u0151 ter\u00e1pi\u00e1s form\u00e1t \u00e9s terapeut\u00e1t nem mindig tal\u00e1ljuk meg els\u0151re. Fontos, hogy egyenl\u0151 f\u00e9lnek, partnernek \u00e9rezz\u00fck magunkat a munka sor\u00e1n. A j\u00f3 kliens-terapeuta kapcsolat bizalomra \u00e9s szeretetre (!) \u00e9p\u00fcl. Ha egy szakember kapcs\u00e1n elfog az a bels\u0151 meg\u00e9rz\u00e9s, hogy igen, \u0151 az \u00e9n emberem, nyert \u00fcgy\u00fcnk van. Onnant\u00f3l m\u00e1r csak befektetett id\u0151 lesz a k\u00e9rd\u00e9s. A min\u0151s\u00e9gi v\u00e1ltoz\u00e1s sosem vill\u00e1mgyors. Ne adjuk fel a harcot magunk\u00e9rt, a gyerek\u00fcnk\u00e9rt, a p\u00e1runk\u00e9rt!<\/span>\r\n\r\n&nbsp;\r\n<h2><strong>A k\u00f6nyv hivatalos aj\u00e1nl\u00f3ja: <\/strong><\/h2>\r\n<span style=\"font-weight: 400\">A k\u00f6tet szerz\u0151i munk\u00e1juk \u00e9s saj\u00e1t gyermekeik nevel\u00e9se sor\u00e1n gyakran szembes\u00fcltek a hiszti \u00f6sszetett \u00e9s sokszor f\u00e9lrevezet\u0151 term\u00e9szet\u00e9vel. Tapasztalataik \u00f6sszegz\u00e9se m\u00e1s sz\u00fcl\u0151knek is seg\u00edts\u00e9get ny\u00fajthat a h\u00e9tk\u00f6znapokban, amikor gyermek\u00fck\u2013 ak\u00e1r v\u00e1ratlanul, ak\u00e1r rendszeresen \u2013 hisztivel vagy d\u00fchkit\u00f6r\u00e9sekkel reag\u00e1l bizonyos helyzetekben.\u00a0<\/span><span style=\"font-weight: 400\">A Jane Nelsen nev\u00e9hez f\u0171z\u0151d\u0151 pozit\u00edv fegyelmez\u00e9s elveib\u0151l kiindulva ez a humoros \u00e9s kiv\u00e1l\u00f3an fel\u00e9p\u00edtett k\u00f6nyv gyakorlati p\u00e9ld\u00e1kkal t\u00e1masztja al\u00e1 az elm\u00e9let hat\u00e9konys\u00e1g\u00e1t. A nevel\u00e9s \u00edgy egyfel\u0151l az \u00e9rzelmi intelligenci\u00e1ra \u00e9p\u00fcl\u0151, k\u00f6z\u00f6s kaland lesz, m\u00e1sfel\u0151l \u00e1lland\u00f3 \u00f6nismereti tr\u00e9ning, amely a sz\u00fcl\u0151t \u00e9s a gyermeket egyar\u00e1nt gazdag\u00edtja.<\/span>\r\n\r\n<span style=\"font-weight: 400\">Hiper\u00e9rz\u00e9keny gyermekek sz\u00e1m\u00e1ra kifejlesztett, minden gyermek eset\u00e9ben alkalmazhat\u00f3 m\u00f3dszerek \u00e9s j\u00f3l bev\u00e1lt v\u00e1laszlehet\u0151s\u00e9gek konkr\u00e9t \u00e9lethelyzetekre.\u00a0<\/span><span style=\"font-weight: 400\">Anne-Claire Kleindienst n\u00e9gy gyermek \u00e9desanyja. Klinikai szakpszichol\u00f3gusk\u00e9nt rendel\u0151j\u00e9ben sok gyerekkel (\u00e9s sz\u00fcleikkel) tal\u00e1lkozik, illetve a pozit\u00edv fegyelmez\u00e9s gyakorlat\u00e1t bemutat\u00f3 m\u0171helyeket szervez, ahol csal\u00e1doknak ny\u00fajt seg\u00edts\u00e9get h\u00e9tk\u00f6znapi \u00e9letvezet\u00e9si neh\u00e9zs\u00e9geik megold\u00e1s\u00e1ban.\u00a0<\/span><span style=\"font-weight: 400\">LyndaCorazza illusztr\u00e1tor, szenved\u00e9lye a pszichol\u00f3gia. Anne-Claire m\u0171helygyakorlatain tal\u00e1lta meg a r\u00e9g\u00f3ta keresett v\u00e1laszt arra a k\u00e9rd\u00e9sre, hogyan tudn\u00e1 nyugodtabb k\u00f6r\u00fclm\u00e9nyek k\u00f6z\u00f6tt nevelni k\u00e9t hiper\u00e9rz\u00e9keny gyermek\u00e9t.<\/span>\r\n\r\n<img loading=\"lazy\" decoding=\"async\" class=\"alignnone wp-image-8035 size-full\" src=\"https:\/\/hir.mediamarkt.hu\/magazin\/wp-content\/uploads\/2019\/02\/fee_786_587_png-7.png\" alt=\"\" width=\"786\" height=\"587\" srcset=\"https:\/\/hir.mediamarkt.hu\/magazin\/wp-content\/uploads\/2019\/02\/fee_786_587_png-7.png 786w, https:\/\/hir.mediamarkt.hu\/magazin\/wp-content\/uploads\/2019\/02\/fee_786_587_png-7-275x205.png 275w, https:\/\/hir.mediamarkt.hu\/magazin\/wp-content\/uploads\/2019\/02\/fee_786_587_png-7-300x224.png 300w, https:\/\/hir.mediamarkt.hu\/magazin\/wp-content\/uploads\/2019\/02\/fee_786_587_png-7-768x574.png 768w\" sizes=\"(max-width: 786px) 100vw, 786px\" \/>\r\n<h2><strong>Kapcsol\u00f3d\u00f3 MediaMarkt term\u00e9kek:\u00a0<\/strong><\/h2>\r\n<a href=\"https:\/\/www.mediamarkt.hu\/hu\/product\/_-mit-kezdj%C3%BCnk-a-hisztivel-k%C3%A9pes-kalauz-a-d%C3%BChkit%C3%B6r%C3%A9sek-kezel%C3%A9s%C3%A9hez-1278819.html\">Mit kezdj\u00fcnk a hisztivel? &#8211; K\u00e9pes kalauz a d\u00fchkit\u00f6r\u00e9sek kezel\u00e9s\u00e9hez<\/a>, 3199 Ft\r\n\r\nTov\u00e1bbi 87 db <a href=\"https:\/\/www.mediamarkt.hu\/hu\/category\/_csal%C3%A1d-t%C3%A1rsadalom-pszichol%C3%B3gia-677045.html\">Csal\u00e1d\/T\u00e1rsadalom\/Pszichol\u00f3gia t\u00e9m\u00e1j\u00fa k\u00f6nyv<\/a>!\r\n\r\n&nbsp;","protected":false},"excerpt":{"rendered":"Anne-Claire Kleindienst klinikai szakpszichol\u00f3gus, nem mellesleg n\u00e9gy gyermek \u00e9desanyja. 2018-ban magyarul megjelent k\u00f6nyve fontos olvasm\u00e1ny lehet a sz\u00fcl\u0151k sz\u00e1m\u00e1ra. Az \u00edg\u00e9retes m\u0171 mellett azonban \u00e9rdemes n\u00e9h\u00e1ny fontos k\u00e9rd\u00e9st is tiszt\u00e1znunk\u2026","protected":false},"author":13,"featured_media":8031,"comment_status":"open","ping_status":"open","sticky":false,"template":"","format":"standard","meta":{"wprm-recipe-roundup-name":"","wprm-recipe-roundup-description":"","footnotes":""},"categories":[5967],"tags":[2292,2492,2696,2679,2200,514,3147,2169,2127,2173,2823,3146,1051,3106,3145],"yoast_head":"<!-- This site is optimized with the Yoast SEO plugin v22.9 - https:\/\/yoast.com\/wordpress\/plugins\/seo\/ -->\n<title>Mit kezdj\u00fcnk a hisztivel? - k\u00f6nyvaj\u00e1nl\u00f3 \u00e9s n\u00e9h\u00e1ny fontos gondolat - MediaMarkt Magazin<\/title>\n<meta name=\"description\" content=\"A gyerek olyan, mint a lakmusz pap\u00edr. Megmutatja, mi milyenek vagyunk, hogyan viselked\u00fcnk. A hiszti term\u00e9szete m\u00f6g\u00e9 n\u00e9zt\u00fcnk egy k\u00f6nyv seg\u00edts\u00e9g\u00e9vel!\" \/>\n<meta name=\"robots\" content=\"index, follow, max-snippet:-1, max-image-preview:large, max-video-preview:-1\" \/>\n<link rel=\"canonical\" href=\"https:\/\/hir.mediamarkt.hu\/magazin\/mit-kezdjunk-a-hisztivel-konyvajanlo-es-nehany-fontos-gondolat\/\" \/>\n<meta property=\"og:locale\" content=\"hu_HU\" \/>\n<meta property=\"og:type\" content=\"article\" \/>\n<meta property=\"og:title\" content=\"Mit kezdj\u00fcnk a hisztivel? - k\u00f6nyvaj\u00e1nl\u00f3 \u00e9s n\u00e9h\u00e1ny fontos gondolat - MediaMarkt Magazin\" \/>\n<meta property=\"og:description\" content=\"A gyerek olyan, mint a lakmusz pap\u00edr. Megmutatja, mi milyenek vagyunk, hogyan viselked\u00fcnk. A hiszti term\u00e9szete m\u00f6g\u00e9 n\u00e9zt\u00fcnk egy k\u00f6nyv seg\u00edts\u00e9g\u00e9vel!\" \/>\n<meta property=\"og:url\" content=\"https:\/\/hir.mediamarkt.hu\/magazin\/mit-kezdjunk-a-hisztivel-konyvajanlo-es-nehany-fontos-gondolat\/\" \/>\n<meta property=\"og:site_name\" content=\"MediaMarkt Magazin\" \/>\n<meta property=\"article:publisher\" content=\"https:\/\/www.facebook.com\/MediaMarktMagyarorszag\" \/>\n<meta property=\"article:published_time\" content=\"2019-02-28T12:53:20+00:00\" \/>\n<meta property=\"og:image\" content=\"https:\/\/hir.mediamarkt.hu\/magazin\/wp-content\/uploads\/2019\/02\/pexels-photo-783941.jpeg\" \/>\n\t<meta property=\"og:image:width\" content=\"1440\" \/>\n\t<meta property=\"og:image:height\" content=\"980\" \/>\n\t<meta property=\"og:image:type\" content=\"image\/jpeg\" \/>\n<meta name=\"author\" content=\"Media Markt\" \/>\n<meta name=\"twitter:label1\" content=\"Szerz\u0151:\" \/>\n\t<meta name=\"twitter:data1\" content=\"Media Markt\" \/>\n\t<meta name=\"twitter:label2\" content=\"Becs\u00fclt olvas\u00e1si id\u0151\" \/>\n\t<meta name=\"twitter:data2\" content=\"6 perc\" \/>\n<script type=\"application\/ld+json\" class=\"yoast-schema-graph\">{\"@context\":\"https:\/\/schema.org\",\"@graph\":[{\"@type\":\"WebPage\",\"@id\":\"https:\/\/hir.mediamarkt.hu\/magazin\/mit-kezdjunk-a-hisztivel-konyvajanlo-es-nehany-fontos-gondolat\/\",\"url\":\"https:\/\/hir.mediamarkt.hu\/magazin\/mit-kezdjunk-a-hisztivel-konyvajanlo-es-nehany-fontos-gondolat\/\",\"name\":\"Mit kezdj\u00fcnk a hisztivel? - k\u00f6nyvaj\u00e1nl\u00f3 \u00e9s n\u00e9h\u00e1ny fontos gondolat - MediaMarkt Magazin\",\"isPartOf\":{\"@id\":\"https:\/\/hir.mediamarkt.hu\/magazin\/#website\"},\"primaryImageOfPage\":{\"@id\":\"https:\/\/hir.mediamarkt.hu\/magazin\/mit-kezdjunk-a-hisztivel-konyvajanlo-es-nehany-fontos-gondolat\/#primaryimage\"},\"image\":{\"@id\":\"https:\/\/hir.mediamarkt.hu\/magazin\/mit-kezdjunk-a-hisztivel-konyvajanlo-es-nehany-fontos-gondolat\/#primaryimage\"},\"thumbnailUrl\":\"https:\/\/hir.mediamarkt.hu\/magazin\/wp-content\/uploads\/2019\/02\/pexels-photo-783941.jpeg\",\"datePublished\":\"2019-02-28T12:53:20+00:00\",\"dateModified\":\"2019-02-28T12:53:20+00:00\",\"author\":{\"@id\":\"https:\/\/hir.mediamarkt.hu\/magazin\/#\/schema\/person\/b93b02ec1ab4d2353f8d281e171c1b0b\"},\"description\":\"A gyerek olyan, mint a lakmusz pap\u00edr. Megmutatja, mi milyenek vagyunk, hogyan viselked\u00fcnk. A hiszti term\u00e9szete m\u00f6g\u00e9 n\u00e9zt\u00fcnk egy k\u00f6nyv seg\u00edts\u00e9g\u00e9vel!\",\"breadcrumb\":{\"@id\":\"https:\/\/hir.mediamarkt.hu\/magazin\/mit-kezdjunk-a-hisztivel-konyvajanlo-es-nehany-fontos-gondolat\/#breadcrumb\"},\"inLanguage\":\"hu\",\"potentialAction\":[{\"@type\":\"ReadAction\",\"target\":[\"https:\/\/hir.mediamarkt.hu\/magazin\/mit-kezdjunk-a-hisztivel-konyvajanlo-es-nehany-fontos-gondolat\/\"]}]},{\"@type\":\"ImageObject\",\"inLanguage\":\"hu\",\"@id\":\"https:\/\/hir.mediamarkt.hu\/magazin\/mit-kezdjunk-a-hisztivel-konyvajanlo-es-nehany-fontos-gondolat\/#primaryimage\",\"url\":\"https:\/\/hir.mediamarkt.hu\/magazin\/wp-content\/uploads\/2019\/02\/pexels-photo-783941.jpeg\",\"contentUrl\":\"https:\/\/hir.mediamarkt.hu\/magazin\/wp-content\/uploads\/2019\/02\/pexels-photo-783941.jpeg\",\"width\":1440,\"height\":980},{\"@type\":\"BreadcrumbList\",\"@id\":\"https:\/\/hir.mediamarkt.hu\/magazin\/mit-kezdjunk-a-hisztivel-konyvajanlo-es-nehany-fontos-gondolat\/#breadcrumb\",\"itemListElement\":[{\"@type\":\"ListItem\",\"position\":1,\"name\":\"Kezd\u0151lap\",\"item\":\"https:\/\/hir.mediamarkt.hu\/magazin\/\"},{\"@type\":\"ListItem\",\"position\":2,\"name\":\"Mit kezdj\u00fcnk a hisztivel? &#8211; k\u00f6nyvaj\u00e1nl\u00f3 \u00e9s n\u00e9h\u00e1ny fontos gondolat\"}]},{\"@type\":\"WebSite\",\"@id\":\"https:\/\/hir.mediamarkt.hu\/magazin\/#website\",\"url\":\"https:\/\/hir.mediamarkt.hu\/magazin\/\",\"name\":\"MediaMarkt Magazin\",\"description\":\"Olvass bele magazinunkba!\",\"potentialAction\":[{\"@type\":\"SearchAction\",\"target\":{\"@type\":\"EntryPoint\",\"urlTemplate\":\"https:\/\/hir.mediamarkt.hu\/magazin\/?s={search_term_string}\"},\"query-input\":\"required name=search_term_string\"}],\"inLanguage\":\"hu\"},{\"@type\":\"Person\",\"@id\":\"https:\/\/hir.mediamarkt.hu\/magazin\/#\/schema\/person\/b93b02ec1ab4d2353f8d281e171c1b0b\",\"name\":\"Media Markt\",\"image\":{\"@type\":\"ImageObject\",\"inLanguage\":\"hu\",\"@id\":\"https:\/\/hir.mediamarkt.hu\/magazin\/#\/schema\/person\/image\/\",\"url\":\"https:\/\/secure.gravatar.com\/avatar\/602bccae8998beee472d01909f0978f1?s=96&d=mm&r=g\",\"contentUrl\":\"https:\/\/secure.gravatar.com\/avatar\/602bccae8998beee472d01909f0978f1?s=96&d=mm&r=g\",\"caption\":\"Media Markt\"}}]}<\/script>\n<!-- \/ Yoast SEO plugin. -->","yoast_head_json":{"title":"Mit kezdj\u00fcnk a hisztivel? - k\u00f6nyvaj\u00e1nl\u00f3 \u00e9s n\u00e9h\u00e1ny fontos gondolat - MediaMarkt Magazin","description":"A gyerek olyan, mint a lakmusz pap\u00edr. Megmutatja, mi milyenek vagyunk, hogyan viselked\u00fcnk. A hiszti term\u00e9szete m\u00f6g\u00e9 n\u00e9zt\u00fcnk egy k\u00f6nyv seg\u00edts\u00e9g\u00e9vel!","robots":{"index":"index","follow":"follow","max-snippet":"max-snippet:-1","max-image-preview":"max-image-preview:large","max-video-preview":"max-video-preview:-1"},"canonical":"https:\/\/hir.mediamarkt.hu\/magazin\/mit-kezdjunk-a-hisztivel-konyvajanlo-es-nehany-fontos-gondolat\/","og_locale":"hu_HU","og_type":"article","og_title":"Mit kezdj\u00fcnk a hisztivel? - k\u00f6nyvaj\u00e1nl\u00f3 \u00e9s n\u00e9h\u00e1ny fontos gondolat - MediaMarkt Magazin","og_description":"A gyerek olyan, mint a lakmusz pap\u00edr. Megmutatja, mi milyenek vagyunk, hogyan viselked\u00fcnk. A hiszti term\u00e9szete m\u00f6g\u00e9 n\u00e9zt\u00fcnk egy k\u00f6nyv seg\u00edts\u00e9g\u00e9vel!","og_url":"https:\/\/hir.mediamarkt.hu\/magazin\/mit-kezdjunk-a-hisztivel-konyvajanlo-es-nehany-fontos-gondolat\/","og_site_name":"MediaMarkt Magazin","article_publisher":"https:\/\/www.facebook.com\/MediaMarktMagyarorszag","article_published_time":"2019-02-28T12:53:20+00:00","og_image":[{"width":1440,"height":980,"url":"https:\/\/hir.mediamarkt.hu\/magazin\/wp-content\/uploads\/2019\/02\/pexels-photo-783941.jpeg","type":"image\/jpeg"}],"author":"Media Markt","twitter_misc":{"Szerz\u0151:":"Media Markt","Becs\u00fclt olvas\u00e1si id\u0151":"6 perc"},"schema":{"@context":"https:\/\/schema.org","@graph":[{"@type":"WebPage","@id":"https:\/\/hir.mediamarkt.hu\/magazin\/mit-kezdjunk-a-hisztivel-konyvajanlo-es-nehany-fontos-gondolat\/","url":"https:\/\/hir.mediamarkt.hu\/magazin\/mit-kezdjunk-a-hisztivel-konyvajanlo-es-nehany-fontos-gondolat\/","name":"Mit kezdj\u00fcnk a hisztivel? - k\u00f6nyvaj\u00e1nl\u00f3 \u00e9s n\u00e9h\u00e1ny fontos gondolat - MediaMarkt Magazin","isPartOf":{"@id":"https:\/\/hir.mediamarkt.hu\/magazin\/#website"},"primaryImageOfPage":{"@id":"https:\/\/hir.mediamarkt.hu\/magazin\/mit-kezdjunk-a-hisztivel-konyvajanlo-es-nehany-fontos-gondolat\/#primaryimage"},"image":{"@id":"https:\/\/hir.mediamarkt.hu\/magazin\/mit-kezdjunk-a-hisztivel-konyvajanlo-es-nehany-fontos-gondolat\/#primaryimage"},"thumbnailUrl":"https:\/\/hir.mediamarkt.hu\/magazin\/wp-content\/uploads\/2019\/02\/pexels-photo-783941.jpeg","datePublished":"2019-02-28T12:53:20+00:00","dateModified":"2019-02-28T12:53:20+00:00","author":{"@id":"https:\/\/hir.mediamarkt.hu\/magazin\/#\/schema\/person\/b93b02ec1ab4d2353f8d281e171c1b0b"},"description":"A gyerek olyan, mint a lakmusz pap\u00edr. Megmutatja, mi milyenek vagyunk, hogyan viselked\u00fcnk. A hiszti term\u00e9szete m\u00f6g\u00e9 n\u00e9zt\u00fcnk egy k\u00f6nyv seg\u00edts\u00e9g\u00e9vel!","breadcrumb":{"@id":"https:\/\/hir.mediamarkt.hu\/magazin\/mit-kezdjunk-a-hisztivel-konyvajanlo-es-nehany-fontos-gondolat\/#breadcrumb"},"inLanguage":"hu","potentialAction":[{"@type":"ReadAction","target":["https:\/\/hir.mediamarkt.hu\/magazin\/mit-kezdjunk-a-hisztivel-konyvajanlo-es-nehany-fontos-gondolat\/"]}]},{"@type":"ImageObject","inLanguage":"hu","@id":"https:\/\/hir.mediamarkt.hu\/magazin\/mit-kezdjunk-a-hisztivel-konyvajanlo-es-nehany-fontos-gondolat\/#primaryimage","url":"https:\/\/hir.mediamarkt.hu\/magazin\/wp-content\/uploads\/2019\/02\/pexels-photo-783941.jpeg","contentUrl":"https:\/\/hir.mediamarkt.hu\/magazin\/wp-content\/uploads\/2019\/02\/pexels-photo-783941.jpeg","width":1440,"height":980},{"@type":"BreadcrumbList","@id":"https:\/\/hir.mediamarkt.hu\/magazin\/mit-kezdjunk-a-hisztivel-konyvajanlo-es-nehany-fontos-gondolat\/#breadcrumb","itemListElement":[{"@type":"ListItem","position":1,"name":"Kezd\u0151lap","item":"https:\/\/hir.mediamarkt.hu\/magazin\/"},{"@type":"ListItem","position":2,"name":"Mit kezdj\u00fcnk a hisztivel? &#8211; k\u00f6nyvaj\u00e1nl\u00f3 \u00e9s n\u00e9h\u00e1ny fontos gondolat"}]},{"@type":"WebSite","@id":"https:\/\/hir.mediamarkt.hu\/magazin\/#website","url":"https:\/\/hir.mediamarkt.hu\/magazin\/","name":"MediaMarkt Magazin","description":"Olvass bele magazinunkba!","potentialAction":[{"@type":"SearchAction","target":{"@type":"EntryPoint","urlTemplate":"https:\/\/hir.mediamarkt.hu\/magazin\/?s={search_term_string}"},"query-input":"required name=search_term_string"}],"inLanguage":"hu"},{"@type":"Person","@id":"https:\/\/hir.mediamarkt.hu\/magazin\/#\/schema\/person\/b93b02ec1ab4d2353f8d281e171c1b0b","name":"Media Markt","image":{"@type":"ImageObject","inLanguage":"hu","@id":"https:\/\/hir.mediamarkt.hu\/magazin\/#\/schema\/person\/image\/","url":"https:\/\/secure.gravatar.com\/avatar\/602bccae8998beee472d01909f0978f1?s=96&d=mm&r=g","contentUrl":"https:\/\/secure.gravatar.com\/avatar\/602bccae8998beee472d01909f0978f1?s=96&d=mm&r=g","caption":"Media Markt"}}]}},"_links":{"self":[{"href":"https:\/\/hir.mediamarkt.hu\/magazin\/wp-json\/wp\/v2\/posts\/8030"}],"collection":[{"href":"https:\/\/hir.mediamarkt.hu\/magazin\/wp-json\/wp\/v2\/posts"}],"about":[{"href":"https:\/\/hir.mediamarkt.hu\/magazin\/wp-json\/wp\/v2\/types\/post"}],"author":[{"embeddable":true,"href":"https:\/\/hir.mediamarkt.hu\/magazin\/wp-json\/wp\/v2\/users\/13"}],"replies":[{"embeddable":true,"href":"https:\/\/hir.mediamarkt.hu\/magazin\/wp-json\/wp\/v2\/comments?post=8030"}],"version-history":[{"count":1,"href":"https:\/\/hir.mediamarkt.hu\/magazin\/wp-json\/wp\/v2\/posts\/8030\/revisions"}],"predecessor-version":[{"id":8036,"href":"https:\/\/hir.mediamarkt.hu\/magazin\/wp-json\/wp\/v2\/posts\/8030\/revisions\/8036"}],"wp:featuredmedia":[{"embeddable":true,"href":"https:\/\/hir.mediamarkt.hu\/magazin\/wp-json\/wp\/v2\/media\/8031"}],"wp:attachment":[{"href":"https:\/\/hir.mediamarkt.hu\/magazin\/wp-json\/wp\/v2\/media?parent=8030"}],"wp:term":[{"taxonomy":"category","embeddable":true,"href":"https:\/\/hir.mediamarkt.hu\/magazin\/wp-json\/wp\/v2\/categories?post=8030"},{"taxonomy":"post_tag","embeddable":true,"href":"https:\/\/hir.mediamarkt.hu\/magazin\/wp-json\/wp\/v2\/tags?post=8030"}],"curies":[{"name":"wp","href":"https:\/\/api.w.org\/{rel}","templated":true}]}}