{"id":8038,"date":"2019-03-05T09:55:25","date_gmt":"2019-03-05T08:55:25","guid":{"rendered":"http:\/\/hir.mediamarkt.hu\/magazin\/?p=8038"},"modified":"2019-03-07T09:49:59","modified_gmt":"2019-03-07T08:49:59","slug":"xpg-emix-h30-teszt","status":"publish","type":"post","link":"https:\/\/hir.mediamarkt.hu\/magazin\/xpg-emix-h30-teszt\/","title":{"rendered":"Fogalmad sincs, hogy mekkora sz\u00fcks\u00e9ged van egy k\u00fcls\u0151 hangk\u00e1rty\u00e1s headsetre! XPG EMIX H30 teszt"},"content":{"rendered":"<strong>\u00c9n m\u00e1r csak tudom, nekem sem volt! De most elmagyar\u00e1zom. K\u00fcty\u00fc \u00edgy m\u00e9g nem k\u00f6nny\u00edtette meg az \u00e9letem.<\/strong>\r\n\r\nVan \u00e9nnekem fejhallgat\u00f3m, k\u00f6sz\u00f6n\u00f6m sz\u00e9pen, F\u00fclet k\u00f6r\u00fcl\u00f6lel\u0151, Bluetooth-os, h\u00faszt\u00f3l h\u00faszezerig, minden. Zen\u00e9t hallgatok rajta, j\u00e1t\u00e9kra csak ritk\u00e1n haszn\u00e1lom, kompetit\u00edv j\u00e1t\u00e9kra meg egy\u00e1ltal\u00e1n nem. Nem kell hozz\u00e1 \u00e1llv\u00e1ny, elvan \u0151 az asztalon szanasz\u00e9t heverve, k\u00fcls\u0151 hangk\u00e1rtya meg minek is k\u00e9ne, ha megtekern\u00e9m a volum\u00e9t, haszn\u00e1lom a laptop funkci\u00f3gombjait. \u00c9ppen ez\u00e9rt \u00e9n, a h\u00edrhedt gamingheadset-szkeptikus nem is \u00e9rtettem, mit keres n\u00e1lam az Adata XPG massz\u00edv fejhallgat\u00f3ja a hozz\u00e1 tartoz\u00f3 \u00e9p\u00edtm\u00e9nnyel (err\u0151l mindj\u00e1rt), amit azzal adtak oda, hogy <em>\u201cnem baj, j\u00f3 lesz, megl\u00e1tod\u201d<\/em>.\r\n\r\nAz\u00f3ta eltelt egy h\u00e9t \u00e9s nekem konkr\u00e9tan nehezemre esik arra gondolni, hogy ezt hamarosan vissza kell adnom. Pedig t\u00e1rgyszerelemr\u0151l sz\u00f3 sincs, \u00e9s maga a cucc is ink\u00e1bb egy nagyszer\u0171en \u00f6sszerakott, k\u00f6z\u00e9pkateg\u00f3ri\u00e1s k\u00fcty\u00fc, mint zseni\u00e1lis term\u00e9k, m\u00e9gis nagyon hi\u00e1nyozni fog. Fogalmam sem volt ugyanis, hogy nekem erre sz\u00fcks\u00e9gem van. Megmagyar\u00e1zom.\r\n<h2>Kicsomagol\u00e1s<\/h2>\r\nEl\u0151sz\u00f6r azt hittem, valami t\u00e9ved\u00e9s t\u00f6rt\u00e9nt, hiszen ez nem egy headset, hanem egy j\u00e1t\u00e9kkonzol vagy egy kisebb pc doboza, m\u00e9retre mindenk\u00e9ppen. Tal\u00e1n adtak hozz\u00e1 egyet, ha m\u00e1r gaming&#8230;? Sz\u00f3 sincs err\u0151l, az XPG (teljes nev\u00e9n: EMIX H30) headset minden tartoz\u00e9k\u00e1val ennyi helyet foglal az am\u00fagy meggy\u0151z\u0151en kip\u00e1rn\u00e1zott, formatervezett dobozban. A vaskos, mindent kib\u00edr\u00f3 k\u00e1bellel ell\u00e1tott, eleve tekint\u00e9lyt parancsol\u00f3 fejhallgat\u00f3 egys\u00e9g mell\u00e9 ugyanis k\u00fcl\u00f6n csomagolt\u00e1k a mikrofont, egy kicsi, de sokoldal\u00fa k\u00fcls\u0151 er\u0151s\u00edt\u0151t\/hangk\u00e1rty\u00e1t, illetve az ut\u00f3bbit \u00e9s a fejhallgat\u00f3t is t\u00e1rolni k\u00e9pes f\u00e9m\u00e1llv\u00e1nyt. A k\u00e1belekt\u0151l nem szabad megijedni, teljesen egy\u00e9rtelm\u0171 az eg\u00e9sz. Ha minden a kez\u00fcnkben van, \u00f6ssze is rakhatjuk, ami egy nagyj\u00e1b\u00f3l kilencven m\u00e1sodperces m\u0171velet.\r\n<h2>\u00d6sszeszerel\u00e9s<\/h2>\r\nHa \u00fagy d\u00f6nt\u00fcnk, hogy beszerezz\u00fck az XPG-t (d\u00f6nts\u00fcnk \u00edgy!), figyelj\u00fcnk arra, hogy legyen n\u00e9mi hely az asztalunkon, nem is ter\u00fcletileg, hanem magass\u00e1gilag. Az \u00e1llv\u00e1ny ugyanis nem foglal sok helyet, de az eg\u00e9sz mindenest\u00fcl m\u00e9gis nagyj\u00e1b\u00f3l harminc centi, azaz f\u00e9l\u0151, hogy egy zs\u00fafolt asztalon bel\u00f3g a monitor el\u00e9, \u00e9s\/vagy feld\u00f6ntj\u00fck minden egyes hevesebb mozdulatn\u00e1l, a min\u0151s\u00e9gi, stabil f\u00e9mszerkezet ellen\u00e9re.\r\n\r\n<img loading=\"lazy\" decoding=\"async\" class=\"alignnone size-full wp-image-8039\" src=\"https:\/\/hir.mediamarkt.hu\/magazin\/wp-content\/uploads\/2019\/03\/DSC_4644.jpg\" alt=\"tesztneked\" width=\"2000\" height=\"1333\" srcset=\"https:\/\/hir.mediamarkt.hu\/magazin\/wp-content\/uploads\/2019\/03\/DSC_4644.jpg 1440w, https:\/\/hir.mediamarkt.hu\/magazin\/wp-content\/uploads\/2019\/03\/DSC_4644-275x183.jpg 275w, https:\/\/hir.mediamarkt.hu\/magazin\/wp-content\/uploads\/2019\/03\/DSC_4644-300x200.jpg 300w, https:\/\/hir.mediamarkt.hu\/magazin\/wp-content\/uploads\/2019\/03\/DSC_4644-768x512.jpg 768w, https:\/\/hir.mediamarkt.hu\/magazin\/wp-content\/uploads\/2019\/03\/DSC_4644-1024x682.jpg 1024w\" sizes=\"(max-width: 2000px) 100vw, 2000px\" \/>\r\n\r\nA k\u00fcls\u0151 hangk\u00e1rtya m\u00e1gnessel illeszkedik az \u00e1llv\u00e1ny alj\u00e1ra: \u00f6tletes \u00e9s eleg\u00e1ns megold\u00e1s, elfektethetj\u00fck ugyan k\u00fcl\u00f6n is, de nincs \u00e9rtelme. Maga a fejhallgat\u00f3 pedig sz\u00e9pen illeszkedik az akaszt\u00f3ra, kiegyens\u00falyozott, stabil az \u00e9p\u00edtm\u00e9ny. A k\u00e1belek, mint \u00edrtam, mag\u00e1t\u00f3l \u00e9rtet\u0151dnek: Egy hagyom\u00e1nyos USB-re van sz\u00fcks\u00e9ge a g\u00e9p\u00fcnk\u00f6n (m\u00e1sra nem), a hangk\u00e1rtya \u00f3divat\u00fa mini USB-vel fogadja az adatokat \u00e9s az energi\u00e1t. A headsetet h\u00e1rom ponton (USB, mikrofon \u00e9s maga a fejhallgat\u00f3) kell csatlakoztatnunk a hangk\u00e1rty\u00e1hoz, elrontani sem lehet. A mikrofont vagy bedugjuk a fejhallgat\u00f3ba, vagy nem, ha igen, egy hagyom\u00e1nyos jack dug\u00f3 v\u00e1rja, ha nincs sz\u00fcks\u00e9g\u00fcnk r\u00e1, h\u00fazzuk ki. Nagyon \u00f6r\u00fcltem az opci\u00f3nak, minden gy\u00e1rt\u00f3 figyelhetne erre. Ha van k\u00fcls\u0151 hangsz\u00f3r\u00f3nk, egy jack kimeneten csatlakoztathatjuk azt is, \u00edgy t\u00e9nyleg minden egy eszk\u00f6zben \u00f6sszpontosul.\r\n<h2>Haszn\u00e1lat<\/h2>\r\nEl\u0151sz\u00f6r is: a headseten nem tal\u00e1lunk semmilyen kapcsol\u00f3t, teker\u0151t \u00e9s egy\u00e9b funkci\u00f3t, de ez nem baj, s\u0151t: ann\u00e1l kevesebb dolog romolhat el, mik\u00f6zben mi \u00fagyis csak a hangk\u00e1rty\u00e1t haszn\u00e1ljuk majd. Ne is keress\u00fcnk gombokat vagy b\u00e1rmilyen vez\u00e9rl\u0151t a memb\u00e1rnok k\u00f6r\u00fcl vagy a k\u00e1belen. Ez a minimalizmus a design-ra m\u00e1r kev\u00e9sb\u00e9 \u00e9rv\u00e9nyes: a robosztus, l\u00e1tv\u00e1nyos log\u00f3val ell\u00e1tott fejhallgat\u00f3 felt\u0171n\u0151, igaz, m\u00e9g mindig eg\u00e9szen diszkr\u00e9t a ma divatos gaming eszt\u00e9tik\u00e1hoz k\u00e9pest. Arr\u00f3l ugyanis, hogy j\u00e1t\u00e9kosoknak fejlesztett eszk\u00f6zr\u0151l van sz\u00f3, legfeljebb egy finom, v\u00f6r\u00f6s vil\u00e1g\u00edt\u00e1s \u00e1rulkodik mindk\u00e9t oldalon, szerencs\u00e9re nem zavar\u00f3 \u00e9s sz\u00f3 sincs villog\u00f3-pulz\u00e1l\u00f3 RGB-\u0151r\u00fcletr\u0151l, h\u00fcly\u00e9t teh\u00e1t nem csin\u00e1lunk magunkb\u00f3l pasink, csajunk, csal\u00e1dunk el\u0151tt. A p\u00e1nt m\u00e9rete nem \u00e1ll\u00edthat\u00f3, de ez sem baj: egy rugalmas p\u00e1rn\u00e1zott sz\u00edj gondoskodik arr\u00f3l, hogy r\u00e1simuljon a fej\u00fcnkre a headset. A f\u00e9mp\u00e1nt megfelel\u0151en szor\u00edtja a f\u00fcl\u00fcnkre a m\u0171b\u0151r \u00e9s kell\u0151en puha szivacsot, \u00f3r\u00e1k ut\u00e1n sem lesz k\u00e9nyelmetlen, legfeljebb ny\u00e1ron lehet k\u00fczdelmes az eleve izzaszt\u00f3 Fortnite \u00e9s PUBG. A min\u0151s\u00e9gi, j\u00f3l \u00f6sszeszerelt m\u0171anyag pedig nem recseg, nem l\u00f6ty\u00f6g, sz\u00f3val min\u0151s\u00e9gi term\u00e9k.\r\n\r\n<img loading=\"lazy\" decoding=\"async\" class=\"alignnone wp-image-8041 size-full\" src=\"https:\/\/hir.mediamarkt.hu\/magazin\/wp-content\/uploads\/2019\/03\/DSC_4647.jpg\" alt=\"\" width=\"2000\" height=\"1333\" srcset=\"https:\/\/hir.mediamarkt.hu\/magazin\/wp-content\/uploads\/2019\/03\/DSC_4647.jpg 1440w, https:\/\/hir.mediamarkt.hu\/magazin\/wp-content\/uploads\/2019\/03\/DSC_4647-275x183.jpg 275w, https:\/\/hir.mediamarkt.hu\/magazin\/wp-content\/uploads\/2019\/03\/DSC_4647-300x200.jpg 300w, https:\/\/hir.mediamarkt.hu\/magazin\/wp-content\/uploads\/2019\/03\/DSC_4647-768x512.jpg 768w, https:\/\/hir.mediamarkt.hu\/magazin\/wp-content\/uploads\/2019\/03\/DSC_4647-1024x682.jpg 1024w\" sizes=\"(max-width: 2000px) 100vw, 2000px\" \/>\r\n\r\nAnnak ellen\u00e9re, hogy gaming felszerel\u00e9sr\u0151l van sz\u00f3, az XPG nem fullad bele a hasznos-haszontalan feature-ok rengeteg\u00e9be, csak a legfontosabb funkci\u00f3khoz f\u00e9r\u00fcnk hozz\u00e1 a hangk\u00e1rty\u00e1n tal\u00e1lhat\u00f3 fizikai gombokkal. Egy pillant\u00e1ssal felm\u00e9rhet\u0151 \u00e9s meg\u00e9rthet\u0151 a logika, azt\u00e1n m\u00e1r minden k\u00e9zre \u00e1ll. A legnagyobb gomb term\u00e9szetesen a hanger\u0151\u00e9, ezt f\u00e9nyekkel is jelzi az XPG. Mivel USB-kapcsolatban \u00e1ll a g\u00e9p\u00fcnkkel, ez\u00e9rt term\u00e9szetesen annak hangerej\u00e9t n\u00f6veli, illetve, ha ink\u00e1bb a g\u00e9pen szab\u00e1lyozn\u00e1nk, arra reag\u00e1l a hangk\u00e1rtya is. Ezen t\u00fal k\u00fcl\u00f6n er\u0151s\u00edt\u0151k\u00e9nt teh\u00e1t nem m\u0171k\u00f6dik, de a fejhallgat\u00f3 hangereje \u00edgy is b\u0151ven megteszi. Alul kapcsolhatjuk ki \u00e9s be a fejhallgat\u00f3t \u00e9s a k\u00fcls\u0151 hangfalat (ak\u00e1r mindkett\u0151 m\u0171k\u00f6dhet), teh\u00e1t el lehet felejteni a f\u00e1raszt\u00f3 ki-be dugdos\u00e1st. N\u00e9m\u00edthatjuk a mikrofont, ki-be kapcsolhatjuk a virtu\u00e1lis 7.1-es hangz\u00e1st, illetve v\u00e1ltogathatjuk az ekvalizer-m\u00f3dokat: j\u00e1t\u00e9k, film, besz\u00e9d, zene. Ennyi, \u00e9s nem is kell t\u00f6bb.\r\n<h2>Hangmin\u0151s\u00e9g<\/h2>\r\nB\u00e1r a headset \u00e9s a hangk\u00e1rtya azonnal megtal\u00e1lja a k\u00f6z\u00f6s hangot a Windows 10-zel, ha akarjuk, felinstall\u00e1lhatjuk az XPG Audio Center szoftvert, amellyel finomhangolhatjuk az eszk\u00f6zt. Sz\u00f3rakoztat\u00f3, de, felesleges id\u0151t\u00f6lt\u00e9s: az effektek bekapcsol\u00e1sa \u00e9s a frekvenciatologat\u00e1s ugyanis ink\u00e1bb elvesz az \u00e9lm\u00e9nyb\u0151l, mint hozz\u00e1ad. Ez azonban nem a gyenges\u00e9g jele, hanem \u00e9ppen azt mutatja, hogy az EMIX H30 egy eleve sz\u00e9pen megsz\u00f3lal\u00f3, kiegyens\u00falyozott fejhallgat\u00f3. Minden tartom\u00e1nyban magabiztosan hozza, amit hoznia kell, nincs gyenge pontja.\r\n\r\nAzt az\u00e9rt tudni kell, hogy nincs olyan, hogy default setting, azaz alap\u00e1llapot: valamelyik ekvalizer-be\u00e1ll\u00edt\u00e1s mindig akt\u00edv, azaz vagy j\u00e1t\u00e9kos, vagy filmes, vagy besz\u00e9d, vagy zenei \u00fczemm\u00f3dban kell, hogy haszn\u00e1ljuk. Ez egy\u00e1ltal\u00e1n nem zavar\u00f3, m\u00e1r csak a k\u00f6nny\u0171 vez\u00e9rl\u00e9s miatt sem, \u00e9s f\u0151leg az\u00e9rt, mert egyik be\u00e1ll\u00edt\u00e1s sem t\u00faltolt, hars\u00e1ny. Legfeljebb annyit jelent, hogy a megsz\u00e1llott audiofilek jobb, ha m\u00e1sik fejhallgat\u00f3 ut\u00e1n n\u00e9znek. (Nekik mondjuk ezt nyilv\u00e1n mondanom sem kell.) A legjobb tal\u00e1n, ha a zenei be\u00e1ll\u00edt\u00e1sn\u00e1l maradunk, ez \u00e1ll a legk\u00f6zelebb a term\u00e9szeteshez, m\u00e9g a j\u00e1t\u00e9kokn\u00e1l is. Gaming \u00fczemm\u00f3dban nekem egy kicsit sok volt a basszus, nyilv\u00e1n a fegyverropog\u00e1s dr\u00e1mais\u00e1g\u00e1t er\u0151s\u00edtend\u0151.\r\n\r\n<img loading=\"lazy\" decoding=\"async\" class=\"alignnone wp-image-8040 size-full\" src=\"https:\/\/hir.mediamarkt.hu\/magazin\/wp-content\/uploads\/2019\/03\/DSC_4646.jpg\" alt=\"\" width=\"2000\" height=\"1333\" srcset=\"https:\/\/hir.mediamarkt.hu\/magazin\/wp-content\/uploads\/2019\/03\/DSC_4646.jpg 1440w, https:\/\/hir.mediamarkt.hu\/magazin\/wp-content\/uploads\/2019\/03\/DSC_4646-275x183.jpg 275w, https:\/\/hir.mediamarkt.hu\/magazin\/wp-content\/uploads\/2019\/03\/DSC_4646-300x200.jpg 300w, https:\/\/hir.mediamarkt.hu\/magazin\/wp-content\/uploads\/2019\/03\/DSC_4646-768x512.jpg 768w, https:\/\/hir.mediamarkt.hu\/magazin\/wp-content\/uploads\/2019\/03\/DSC_4646-1024x682.jpg 1024w\" sizes=\"(max-width: 2000px) 100vw, 2000px\" \/>\r\n\r\nAz XPG egyetlen gyenges\u00e9ge a 7.1-es hangz\u00e1s, amely virtu\u00e1lis \u00e9s, ahogy a hasonl\u00f3 megold\u00e1sokn\u00e1l m\u00e1r tapasztaltuk, az ill\u00fazi\u00f3 nem \u00e9ppen kellemes: a j\u00e1t\u00e9kokban neh\u00e9zkes elhelyezni a hangokat t\u00e9rben (pedig ez lenne az \u00e9rtelme), r\u00e1ad\u00e1sul \u00f6bl\u00f6s, \u00fcreges, er\u0151tlen hangz\u00e1st kapunk, jobb teh\u00e1t, ha hanyagoljuk. Ha igazi surroundra v\u00e1gysz, egy kateg\u00f3ri\u00e1val feljebb kell keresg\u00e9lned.\r\n<h2>V\u00e9gsz\u00f3<\/h2>\r\nTerm\u00e9szetesen nem tudom megmondani, sz\u00fcks\u00e9ged van-e az Adata hangk\u00e1rtya-headset komb\u00f3j\u00e1ra, \u00edgy nem is szeretn\u00e9lek gy\u0151zk\u00f6dni. Azt viszont elmondhatom, hogy sok-sok term\u00e9ket teszteltem m\u00e1r az elm\u00falt \u00e9vekben. Volt, amit k\u00f6nny\u0171 sz\u00edvvel engedtem el, \u00e9s volt, amibe beleszerettem, de v\u00e9g\u00fcl mindig siker\u00fclt megbesz\u00e9lnem magammal, hogy elvagyok azok n\u00e9lk\u00fcl is. Az XPG-csomag az els\u0151, amely annyira megk\u00f6nny\u00edtette az \u00e9letem, hogy \u00e9rzem: amikor visszaadom, abb\u00f3l a lend\u00fcletb\u0151l perk\u00e1lom is ki a harminh\u00e1rom ezer forintot, ami csak addig t\u0171nt soknak, am\u00edg el nem kezdtem haszn\u00e1lni. Sz\u00f3val ez\u00faton szeretn\u00e9m \u00e1tadni neki a Media Markt Magazin \u201clegjobb term\u00e9k, amire nem tudtam, hogy sz\u00fcks\u00e9gem van\u201d kateg\u00f3ri\u00e1j\u00e1nak els\u0151 d\u00edj\u00e1t.\r\n\r\n<a href=\"https:\/\/www.mediamarkt.hu\/hu\/product\/_xpg-emix-h30-fekete-gaming-headset-solox-f30-virtu%C3%A1lis-7-1-er%C5%91s%C3%ADt%C5%91vel-1281673.html\" target=\"_blank\" rel=\"noopener\"><em>A term\u00e9ket itt v\u00e1s\u00e1rolhatod meg.<\/em><\/a>","protected":false},"excerpt":{"rendered":"\u00c9n m\u00e1r csak tudom, nekem sem volt! De most elmagyar\u00e1zom. K\u00fcty\u00fc \u00edgy m\u00e9g nem k\u00f6nny\u00edtette meg az \u00e9letem. ","protected":false},"author":22,"featured_media":8043,"comment_status":"open","ping_status":"open","sticky":false,"template":"","format":"standard","meta":{"wprm-recipe-roundup-name":"","wprm-recipe-roundup-description":"","footnotes":""},"categories":[5948,5946],"tags":[400,3149,167,401,3148],"yoast_head":"<!-- This site is optimized with the Yoast SEO plugin v22.9 - https:\/\/yoast.com\/wordpress\/plugins\/seo\/ -->\n<title>Fogalmad sincs, hogy mekkora sz\u00fcks\u00e9ged van egy k\u00fcls\u0151 hangk\u00e1rty\u00e1s headsetre! XPG EMIX H30 teszt - MediaMarkt Magazin<\/title>\n<meta name=\"robots\" content=\"index, follow, max-snippet:-1, max-image-preview:large, max-video-preview:-1\" \/>\n<link rel=\"canonical\" href=\"https:\/\/hir.mediamarkt.hu\/magazin\/xpg-emix-h30-teszt\/\" \/>\n<meta property=\"og:locale\" content=\"hu_HU\" \/>\n<meta property=\"og:type\" content=\"article\" \/>\n<meta property=\"og:title\" content=\"Fogalmad sincs, hogy mekkora sz\u00fcks\u00e9ged van egy k\u00fcls\u0151 hangk\u00e1rty\u00e1s headsetre! XPG EMIX H30 teszt - MediaMarkt Magazin\" \/>\n<meta property=\"og:description\" content=\"\u00c9n m\u00e1r csak tudom, nekem sem volt! De most elmagyar\u00e1zom. K\u00fcty\u00fc \u00edgy m\u00e9g nem k\u00f6nny\u00edtette meg az \u00e9letem.\" \/>\n<meta property=\"og:url\" content=\"https:\/\/hir.mediamarkt.hu\/magazin\/xpg-emix-h30-teszt\/\" \/>\n<meta property=\"og:site_name\" content=\"MediaMarkt Magazin\" \/>\n<meta property=\"article:publisher\" content=\"https:\/\/www.facebook.com\/MediaMarktMagyarorszag\" \/>\n<meta property=\"article:published_time\" content=\"2019-03-05T08:55:25+00:00\" \/>\n<meta property=\"article:modified_time\" content=\"2019-03-07T08:49:59+00:00\" \/>\n<meta property=\"og:image\" content=\"https:\/\/hir.mediamarkt.hu\/magazin\/wp-content\/uploads\/2019\/03\/Fulhallgato_teszt.png\" \/>\n\t<meta property=\"og:image:width\" content=\"1365\" \/>\n\t<meta property=\"og:image:height\" content=\"825\" \/>\n\t<meta property=\"og:image:type\" content=\"image\/png\" \/>\n<meta name=\"author\" content=\"Nemenyi\" \/>\n<meta name=\"twitter:label1\" content=\"Szerz\u0151:\" \/>\n\t<meta name=\"twitter:data1\" content=\"Nemenyi\" \/>\n\t<meta name=\"twitter:label2\" content=\"Becs\u00fclt olvas\u00e1si id\u0151\" \/>\n\t<meta name=\"twitter:data2\" content=\"8 perc\" \/>\n<script type=\"application\/ld+json\" class=\"yoast-schema-graph\">{\"@context\":\"https:\/\/schema.org\",\"@graph\":[{\"@type\":\"WebPage\",\"@id\":\"https:\/\/hir.mediamarkt.hu\/magazin\/xpg-emix-h30-teszt\/\",\"url\":\"https:\/\/hir.mediamarkt.hu\/magazin\/xpg-emix-h30-teszt\/\",\"name\":\"Fogalmad sincs, hogy mekkora sz\u00fcks\u00e9ged van egy k\u00fcls\u0151 hangk\u00e1rty\u00e1s headsetre! XPG EMIX H30 teszt - MediaMarkt Magazin\",\"isPartOf\":{\"@id\":\"https:\/\/hir.mediamarkt.hu\/magazin\/#website\"},\"primaryImageOfPage\":{\"@id\":\"https:\/\/hir.mediamarkt.hu\/magazin\/xpg-emix-h30-teszt\/#primaryimage\"},\"image\":{\"@id\":\"https:\/\/hir.mediamarkt.hu\/magazin\/xpg-emix-h30-teszt\/#primaryimage\"},\"thumbnailUrl\":\"https:\/\/hir.mediamarkt.hu\/magazin\/wp-content\/uploads\/2019\/03\/Fulhallgato_teszt.png\",\"datePublished\":\"2019-03-05T08:55:25+00:00\",\"dateModified\":\"2019-03-07T08:49:59+00:00\",\"author\":{\"@id\":\"https:\/\/hir.mediamarkt.hu\/magazin\/#\/schema\/person\/f4a17b2dc97f2e2bf1b88a89d4ef7d05\"},\"breadcrumb\":{\"@id\":\"https:\/\/hir.mediamarkt.hu\/magazin\/xpg-emix-h30-teszt\/#breadcrumb\"},\"inLanguage\":\"hu\",\"potentialAction\":[{\"@type\":\"ReadAction\",\"target\":[\"https:\/\/hir.mediamarkt.hu\/magazin\/xpg-emix-h30-teszt\/\"]}]},{\"@type\":\"ImageObject\",\"inLanguage\":\"hu\",\"@id\":\"https:\/\/hir.mediamarkt.hu\/magazin\/xpg-emix-h30-teszt\/#primaryimage\",\"url\":\"https:\/\/hir.mediamarkt.hu\/magazin\/wp-content\/uploads\/2019\/03\/Fulhallgato_teszt.png\",\"contentUrl\":\"https:\/\/hir.mediamarkt.hu\/magazin\/wp-content\/uploads\/2019\/03\/Fulhallgato_teszt.png\",\"width\":1365,\"height\":825},{\"@type\":\"BreadcrumbList\",\"@id\":\"https:\/\/hir.mediamarkt.hu\/magazin\/xpg-emix-h30-teszt\/#breadcrumb\",\"itemListElement\":[{\"@type\":\"ListItem\",\"position\":1,\"name\":\"Kezd\u0151lap\",\"item\":\"https:\/\/hir.mediamarkt.hu\/magazin\/\"},{\"@type\":\"ListItem\",\"position\":2,\"name\":\"Tesztelt\u00fck\",\"item\":\"https:\/\/hir.mediamarkt.hu\/magazin\/teszteltuk\/\"},{\"@type\":\"ListItem\",\"position\":3,\"name\":\"Fogalmad sincs, hogy mekkora sz\u00fcks\u00e9ged van egy k\u00fcls\u0151 hangk\u00e1rty\u00e1s headsetre! XPG EMIX H30 teszt\"}]},{\"@type\":\"WebSite\",\"@id\":\"https:\/\/hir.mediamarkt.hu\/magazin\/#website\",\"url\":\"https:\/\/hir.mediamarkt.hu\/magazin\/\",\"name\":\"MediaMarkt Magazin\",\"description\":\"Olvass bele magazinunkba!\",\"potentialAction\":[{\"@type\":\"SearchAction\",\"target\":{\"@type\":\"EntryPoint\",\"urlTemplate\":\"https:\/\/hir.mediamarkt.hu\/magazin\/?s={search_term_string}\"},\"query-input\":\"required name=search_term_string\"}],\"inLanguage\":\"hu\"},{\"@type\":\"Person\",\"@id\":\"https:\/\/hir.mediamarkt.hu\/magazin\/#\/schema\/person\/f4a17b2dc97f2e2bf1b88a89d4ef7d05\",\"name\":\"Nemenyi\",\"image\":{\"@type\":\"ImageObject\",\"inLanguage\":\"hu\",\"@id\":\"https:\/\/hir.mediamarkt.hu\/magazin\/#\/schema\/person\/image\/\",\"url\":\"https:\/\/secure.gravatar.com\/avatar\/9470b3223c723142e66adcad803b24fe?s=96&d=mm&r=g\",\"contentUrl\":\"https:\/\/secure.gravatar.com\/avatar\/9470b3223c723142e66adcad803b24fe?s=96&d=mm&r=g\",\"caption\":\"Nemenyi\"}}]}<\/script>\n<!-- \/ Yoast SEO plugin. -->","yoast_head_json":{"title":"Fogalmad sincs, hogy mekkora sz\u00fcks\u00e9ged van egy k\u00fcls\u0151 hangk\u00e1rty\u00e1s headsetre! XPG EMIX H30 teszt - MediaMarkt Magazin","robots":{"index":"index","follow":"follow","max-snippet":"max-snippet:-1","max-image-preview":"max-image-preview:large","max-video-preview":"max-video-preview:-1"},"canonical":"https:\/\/hir.mediamarkt.hu\/magazin\/xpg-emix-h30-teszt\/","og_locale":"hu_HU","og_type":"article","og_title":"Fogalmad sincs, hogy mekkora sz\u00fcks\u00e9ged van egy k\u00fcls\u0151 hangk\u00e1rty\u00e1s headsetre! XPG EMIX H30 teszt - MediaMarkt Magazin","og_description":"\u00c9n m\u00e1r csak tudom, nekem sem volt! De most elmagyar\u00e1zom. K\u00fcty\u00fc \u00edgy m\u00e9g nem k\u00f6nny\u00edtette meg az \u00e9letem.","og_url":"https:\/\/hir.mediamarkt.hu\/magazin\/xpg-emix-h30-teszt\/","og_site_name":"MediaMarkt Magazin","article_publisher":"https:\/\/www.facebook.com\/MediaMarktMagyarorszag","article_published_time":"2019-03-05T08:55:25+00:00","article_modified_time":"2019-03-07T08:49:59+00:00","og_image":[{"width":1365,"height":825,"url":"https:\/\/hir.mediamarkt.hu\/magazin\/wp-content\/uploads\/2019\/03\/Fulhallgato_teszt.png","type":"image\/png"}],"author":"Nemenyi","twitter_misc":{"Szerz\u0151:":"Nemenyi","Becs\u00fclt olvas\u00e1si id\u0151":"8 perc"},"schema":{"@context":"https:\/\/schema.org","@graph":[{"@type":"WebPage","@id":"https:\/\/hir.mediamarkt.hu\/magazin\/xpg-emix-h30-teszt\/","url":"https:\/\/hir.mediamarkt.hu\/magazin\/xpg-emix-h30-teszt\/","name":"Fogalmad sincs, hogy mekkora sz\u00fcks\u00e9ged van egy k\u00fcls\u0151 hangk\u00e1rty\u00e1s headsetre! XPG EMIX H30 teszt - MediaMarkt Magazin","isPartOf":{"@id":"https:\/\/hir.mediamarkt.hu\/magazin\/#website"},"primaryImageOfPage":{"@id":"https:\/\/hir.mediamarkt.hu\/magazin\/xpg-emix-h30-teszt\/#primaryimage"},"image":{"@id":"https:\/\/hir.mediamarkt.hu\/magazin\/xpg-emix-h30-teszt\/#primaryimage"},"thumbnailUrl":"https:\/\/hir.mediamarkt.hu\/magazin\/wp-content\/uploads\/2019\/03\/Fulhallgato_teszt.png","datePublished":"2019-03-05T08:55:25+00:00","dateModified":"2019-03-07T08:49:59+00:00","author":{"@id":"https:\/\/hir.mediamarkt.hu\/magazin\/#\/schema\/person\/f4a17b2dc97f2e2bf1b88a89d4ef7d05"},"breadcrumb":{"@id":"https:\/\/hir.mediamarkt.hu\/magazin\/xpg-emix-h30-teszt\/#breadcrumb"},"inLanguage":"hu","potentialAction":[{"@type":"ReadAction","target":["https:\/\/hir.mediamarkt.hu\/magazin\/xpg-emix-h30-teszt\/"]}]},{"@type":"ImageObject","inLanguage":"hu","@id":"https:\/\/hir.mediamarkt.hu\/magazin\/xpg-emix-h30-teszt\/#primaryimage","url":"https:\/\/hir.mediamarkt.hu\/magazin\/wp-content\/uploads\/2019\/03\/Fulhallgato_teszt.png","contentUrl":"https:\/\/hir.mediamarkt.hu\/magazin\/wp-content\/uploads\/2019\/03\/Fulhallgato_teszt.png","width":1365,"height":825},{"@type":"BreadcrumbList","@id":"https:\/\/hir.mediamarkt.hu\/magazin\/xpg-emix-h30-teszt\/#breadcrumb","itemListElement":[{"@type":"ListItem","position":1,"name":"Kezd\u0151lap","item":"https:\/\/hir.mediamarkt.hu\/magazin\/"},{"@type":"ListItem","position":2,"name":"Tesztelt\u00fck","item":"https:\/\/hir.mediamarkt.hu\/magazin\/teszteltuk\/"},{"@type":"ListItem","position":3,"name":"Fogalmad sincs, hogy mekkora sz\u00fcks\u00e9ged van egy k\u00fcls\u0151 hangk\u00e1rty\u00e1s headsetre! XPG EMIX H30 teszt"}]},{"@type":"WebSite","@id":"https:\/\/hir.mediamarkt.hu\/magazin\/#website","url":"https:\/\/hir.mediamarkt.hu\/magazin\/","name":"MediaMarkt Magazin","description":"Olvass bele magazinunkba!","potentialAction":[{"@type":"SearchAction","target":{"@type":"EntryPoint","urlTemplate":"https:\/\/hir.mediamarkt.hu\/magazin\/?s={search_term_string}"},"query-input":"required name=search_term_string"}],"inLanguage":"hu"},{"@type":"Person","@id":"https:\/\/hir.mediamarkt.hu\/magazin\/#\/schema\/person\/f4a17b2dc97f2e2bf1b88a89d4ef7d05","name":"Nemenyi","image":{"@type":"ImageObject","inLanguage":"hu","@id":"https:\/\/hir.mediamarkt.hu\/magazin\/#\/schema\/person\/image\/","url":"https:\/\/secure.gravatar.com\/avatar\/9470b3223c723142e66adcad803b24fe?s=96&d=mm&r=g","contentUrl":"https:\/\/secure.gravatar.com\/avatar\/9470b3223c723142e66adcad803b24fe?s=96&d=mm&r=g","caption":"Nemenyi"}}]}},"_links":{"self":[{"href":"https:\/\/hir.mediamarkt.hu\/magazin\/wp-json\/wp\/v2\/posts\/8038"}],"collection":[{"href":"https:\/\/hir.mediamarkt.hu\/magazin\/wp-json\/wp\/v2\/posts"}],"about":[{"href":"https:\/\/hir.mediamarkt.hu\/magazin\/wp-json\/wp\/v2\/types\/post"}],"author":[{"embeddable":true,"href":"https:\/\/hir.mediamarkt.hu\/magazin\/wp-json\/wp\/v2\/users\/22"}],"replies":[{"embeddable":true,"href":"https:\/\/hir.mediamarkt.hu\/magazin\/wp-json\/wp\/v2\/comments?post=8038"}],"version-history":[{"count":2,"href":"https:\/\/hir.mediamarkt.hu\/magazin\/wp-json\/wp\/v2\/posts\/8038\/revisions"}],"predecessor-version":[{"id":8045,"href":"https:\/\/hir.mediamarkt.hu\/magazin\/wp-json\/wp\/v2\/posts\/8038\/revisions\/8045"}],"wp:featuredmedia":[{"embeddable":true,"href":"https:\/\/hir.mediamarkt.hu\/magazin\/wp-json\/wp\/v2\/media\/8043"}],"wp:attachment":[{"href":"https:\/\/hir.mediamarkt.hu\/magazin\/wp-json\/wp\/v2\/media?parent=8038"}],"wp:term":[{"taxonomy":"category","embeddable":true,"href":"https:\/\/hir.mediamarkt.hu\/magazin\/wp-json\/wp\/v2\/categories?post=8038"},{"taxonomy":"post_tag","embeddable":true,"href":"https:\/\/hir.mediamarkt.hu\/magazin\/wp-json\/wp\/v2\/tags?post=8038"}],"curies":[{"name":"wp","href":"https:\/\/api.w.org\/{rel}","templated":true}]}}