{"id":8131,"date":"2019-03-19T17:10:07","date_gmt":"2019-03-19T16:10:07","guid":{"rendered":"http:\/\/hir.mediamarkt.hu\/magazin\/?p=8131"},"modified":"2019-03-29T09:57:13","modified_gmt":"2019-03-29T08:57:13","slug":"elmeny-fogmosas-igy-segits-a-gyerekednek-hogy-elkerulje-a-mufogsort-40-eves-korara","status":"publish","type":"post","link":"https:\/\/hir.mediamarkt.hu\/magazin\/elmeny-fogmosas-igy-segits-a-gyerekednek-hogy-elkerulje-a-mufogsort-40-eves-korara\/","title":{"rendered":"\u00c9lm\u00e9ny-fogmos\u00e1s: \u00edgy seg\u00edts a gyerekednek, hogy elker\u00fclje a m\u0171fogsort 40 \u00e9ves kor\u00e1ra!"},"content":{"rendered":"<b>A mit? A m\u0171fogsort! Na meg az \u00f6sszes kellemetlen, id\u0151ig\u00e9nyes, sokszor f\u00e1jdalmas \u00e9s persze dr\u00e1ga fog\u00e1szati kezel\u00e9st. Gyors sz\u00e1jhigi\u00e9niai kisokos mindenkinek, valamint n\u00e9h\u00e1ny seg\u00e9deszk\u00f6z, amellyel a legfiatalabbak sz\u00e1m\u00e1ra is sima \u00fcgy lesz a fogmos\u00e1s!<\/b><!--more-->\r\n<h2><b>M\u00e1r az \u00f3koriak is mostak fogat!<\/b><\/h2>\r\n&nbsp;\r\n\r\n<span style=\"font-weight: 400;\">I.e. 3500-b\u00f3l sz\u00e1rmaz\u00f3 leletek alapj\u00e1n \u0151seink m\u00e1r szorgosan r\u00e1gcs\u00e1ltak az eg\u00e9szs\u00e9g\u00fck\u00e9rt. A speci\u00e1lis <\/span><span style=\"font-weight: 400;\">arakf\u00e1b\u00f3l k\u00e9sz\u00fclt miswak (vagy siwak) r\u00e1g\u00e1sa egyenesen vall\u00e1si el\u0151\u00edr\u00e1s volt a muzulm\u00e1n vil\u00e1gban. Az antibiotikus \u00e9s antivir\u00e1lis hat\u00e1s\u00fa, gy\u00f6k\u00e9rb\u0151l kivont anyag cs\u00f3cs\u00e1l\u00e1sa egy\u00e9bk\u00e9nt kezd visszasziv\u00e1rogni a h\u00e9tk\u00f6znapokba. E sorok szerz\u0151j\u00e9nek van is otthon fogtiszt\u00edt\u00f3 p\u00e1lcik\u00e1ja, amelyet ha nem is kiz\u00e1r\u00f3lagosan, de kieg\u00e9sz\u00edt\u00e9sk\u00e9ppen haszn\u00e1l. Az \u00f3kori egyiptomiak porr\u00e1 z\u00fazott \u00f6k\u00f6rpat\u00e1b\u00f3l, \u00e9getett toj\u00e1sh\u00e9jb\u00f3l, mirh\u00e1b\u00f3l \u00e9s vulk\u00e1ni hamub\u00f3l \u00e1ll\u00f3 \u201efogkr\u00e9mmel&#8221; tiszt\u00edtott\u00e1k fogaikat, m\u00edg a r\u00f3maiak a lerak\u00f3d\u00e1sok hathat\u00f3sabb elt\u00e1vol\u00edt\u00e1sa v\u00e9gett \u201evar\u00e1zsporukba&#8221; z\u00fazott osztriga h\u00e9jakat \u00e9s csontokat kevertek.<\/span>\r\n\r\n<div id=\"attachment_8132\" style=\"width: 310px\" class=\"wp-caption alignleft\"><img loading=\"lazy\" decoding=\"async\" aria-describedby=\"caption-attachment-8132\" class=\"wp-image-8132 size-medium\" src=\"https:\/\/hir.mediamarkt.hu\/magazin\/wp-content\/uploads\/2019\/03\/siwak-kayu-3417-29999001-ba520ea75f55448e9c40a152c243a548-300x182.jpg\" alt=\"\" width=\"300\" height=\"182\" srcset=\"https:\/\/hir.mediamarkt.hu\/magazin\/wp-content\/uploads\/2019\/03\/siwak-kayu-3417-29999001-ba520ea75f55448e9c40a152c243a548-300x182.jpg 300w, https:\/\/hir.mediamarkt.hu\/magazin\/wp-content\/uploads\/2019\/03\/siwak-kayu-3417-29999001-ba520ea75f55448e9c40a152c243a548-275x167.jpg 275w, https:\/\/hir.mediamarkt.hu\/magazin\/wp-content\/uploads\/2019\/03\/siwak-kayu-3417-29999001-ba520ea75f55448e9c40a152c243a548-768x466.jpg 768w, https:\/\/hir.mediamarkt.hu\/magazin\/wp-content\/uploads\/2019\/03\/siwak-kayu-3417-29999001-ba520ea75f55448e9c40a152c243a548.jpg 846w\" sizes=\"(max-width: 300px) 100vw, 300px\" \/><p id=\"caption-attachment-8132\" class=\"wp-caption-text\">Forr\u00e1s: <a href=\"https:\/\/rizsporoshetkoznapok.blog.hu\/2017\/05\/19\/a_fogapolas_tortenete_es_extremitasai\">rizsporoshetkoznapok.blog.hu<\/a><\/p><\/div>\r\n\r\n<span style=\"font-weight: 400;\">A fogkef\u00e9k \u0151s\u00e9t v\u00e9g\u00fcl a k\u00ednaiak tal\u00e1lt\u00e1k fel: a vaddiszn\u00f3sz\u0151rb\u0151l k\u00e9sz\u00fclt s\u00f6rt\u00e9ket egy bambuszdarabra vagy egy csontra er\u0151s\u00edtett\u00e9k. Eur\u00f3p\u00e1ban v\u00e9g\u00fcl a t\u00fal er\u0151snek tal\u00e1lt s\u00f6rt\u00e9t l\u00f3sz\u0151rrel helyettes\u00edtett\u00e9k. V\u00e9g\u00fcl az \u00fajkori fogkef\u00e9k els\u0151 protot\u00edpus\u00e1t egy b\u00f6rt\u00f6nb\u00fcntet\u00e9s\u00e9t t\u00f6lt\u0151 angol \u00far, William Addis tervezte m\u00e9g, szabadul\u00e1sa ut\u00e1n pedig \u0151 ind\u00edtotta \u00fatj\u00e1ra a term\u00e9k t\u00f6meggy\u00e1rt\u00e1s\u00e1t 1780-ban. Addis, aki l\u00e1zad\u00e1s kirobbant\u00e1s\u00e1\u00e9rt ker\u00fclt h\u0171v\u00f6sre v\u00e9g\u00fcl \u00e1tadta a staf\u00e9t\u00e1t fi\u00e1nak, az \u00f6r\u00f6k\u00f6snek h\u00e1la pedig az 1860-as \u00e9vek v\u00e9g\u00e9re m\u00e1r automatiz\u00e1lt gy\u00e1rt\u00f3soron 29 fajta fogkef\u00e9t k\u00e9sz\u00edtett a csal\u00e1di alap\u00fa v\u00e1llalkoz\u00e1s. 1938-ban azt\u00e1n kit\u00f6rt az \u00fan. &#8222;s\u00f6rteforradalom&#8221;, innent\u0151l kezdve pedig az \u00e1llatsz\u0151r\u00f6ket nejlonra cser\u00e9lt\u00e9k.<\/span>\r\n\r\n&nbsp;\r\n\r\n<span style=\"font-weight: 400;\">A fogmos\u00e1s v\u00e9g\u00fcl a m\u00e1sodik vil\u00e1gh\u00e1bor\u00fa ut\u00e1n kezdett el igaz\u00e1n elterjedni. Az Amerikai Egyes\u00fclt \u00c1llamok hadsereg\u00e9ben a rendszeres fogpucol\u00e1s a katonai &#8222;t\u00edzparancsolat&#8221; r\u00e9sze volt. A hazat\u00e9r\u0151 bak\u00e1k azt\u00e1n ett\u0151l a szok\u00e1sukt\u00f3l m\u00e1r otthon sem v\u00e1ltak meg \u00e9s sz\u00e9pen elterjesztett\u00e9k a sz\u00e1j higi\u00e9nia rendszeres \u00e1pol\u00e1s\u00e1t. A t\u00e9ma leg\u00fajabbkori v\u00edvm\u00e1nya, az els\u0151 elektromos fogkefe Sv\u00e1jcban sz\u00fcletett meg. 1939-es deb\u00fct\u00e1l\u00e1sa nem j\u00e1rt nagy sikerrel. A t\u00f6meges elterjed\u00e9s v\u00e9g\u00fcl az 1980-as \u00e9vek v\u00e9g\u00e9n indult \u00fatj\u00e1ra. M\u00e1ra az okos fogkef\u00e9k \u00e9s applik\u00e1ci\u00f3k kor\u00e1t \u00e9lj\u00fck, az alapfelszerel\u00e9s azonban j\u00f3 ideje v\u00e1ltozatlan, mind\u00f6ssze a kivitelez\u00e9s, a prec\u00edzi\u00f3 \u00e9s a v\u00e1ltoz\u00f3 \u00e9letm\u00f3dhoz val\u00f3 alkalmazkod\u00e1s k\u00e9rd\u00e9se fejl\u0151dik a term\u00e9kekn\u00e9l.<\/span>\r\n\r\n<img loading=\"lazy\" decoding=\"async\" class=\"alignleft wp-image-8134 size-medium\" src=\"https:\/\/hir.mediamarkt.hu\/magazin\/wp-content\/uploads\/2019\/03\/9176000_orig-300x200.jpg\" alt=\"\" width=\"300\" height=\"200\" srcset=\"https:\/\/hir.mediamarkt.hu\/magazin\/wp-content\/uploads\/2019\/03\/9176000_orig-300x200.jpg 300w, https:\/\/hir.mediamarkt.hu\/magazin\/wp-content\/uploads\/2019\/03\/9176000_orig-275x183.jpg 275w, https:\/\/hir.mediamarkt.hu\/magazin\/wp-content\/uploads\/2019\/03\/9176000_orig.jpg 736w\" sizes=\"(max-width: 300px) 100vw, 300px\" \/>\r\n<h2><b>\u00c9s hogy mi ker\u00fclt anno a fogkef\u00e9re? <\/b><\/h2>\r\n<span style=\"font-weight: 400;\">A fogkr\u00e9mekk\u00e9nt haszn\u00e1lt massz\u00e1k \u00e9s kr\u00e9mek leg\u0151sibb receptjei, ahogy m\u00e1r eml\u00edtett\u00fck is, Egyiptomb\u00f3l sz\u00e1rmaznak. Ezek \u00e9s a k\u00e9s\u0151bbi \u00e9vezredek sor\u00e1n sz\u00fcletett \u201cterm\u00e9kek\u201d nagyj\u00e1b\u00f3l ugyanazon \u00f6sszetev\u0151ket tartalmazz\u00e1k: <\/span>\r\n\r\n<span style=\"font-size: 14px; font-weight: 400;\">csiszol\u00f3anyag gyan\u00e1nt m\u00e9szk\u0151\u0151rlem\u00e9nyt, por\u00edtott csigah\u00e1zat, kagyl\u00f3h\u00e9jat stb.<\/span>\r\n\r\n<span style=\"font-size: 14px; font-weight: 400;\">fert\u0151tlen\u00edt\u0151 vagy tiszt\u00edt\u00f3szernek s\u00f3t, k\u00e9s\u0151bb b\u00f3rv\u00edzet, sz\u00f3dabikarb\u00f3n\u00e1t vagy \u0151r\u00f6lt n\u0151sziromgy\u00f6keret<\/span>\r\n\r\n<span style=\"font-size: 14px; font-weight: 400;\">illatos\u00edt\u00f3 anyagokk\u00e9nt ill\u00f3olajokat vagy arom\u00e1s f\u0171szern\u00f6v\u00e9nyeket, p\u00e9ld\u00e1ul ment\u00e1t, rozmaringot<\/span>\r\n\r\n<span style=\"font-weight: 400;\">Sokkol\u00f3nak t\u0171nhet, de fogfeh\u00e9r\u00edt\u0151nek \u00e9vezredeken \u00e1t emberi vizeletet is haszn\u00e1ltak, amelynek hat\u00e1s\u00e1t az \u00f3kori r\u00f3m\u00e1ban m\u00e1r az ecet \u00e9s a kecsketej is kieg\u00e9sz\u00edtett. Tov\u00e1bbi \u201chack-nek\u201d sz\u00e1m\u00edtott az el\u00e9getett \u00e9s morzs\u00e1v\u00e1 apr\u00edtott keny\u00e9r haszn\u00e1lata. Egy sz\u00e9p nagy ugr\u00e1s ut\u00e1n, 1873-ban a Colgate gy\u00e1r kezdte t\u00f6megesen gy\u00e1rtani az els\u0151 kr\u00e9mszer\u0171 fogkr\u00e9met, m\u00edg a mai t\u00e1rsaik alapvet\u0151 \u00f6sszetev\u0151j\u00e9t jelent\u0151 fluorid 1914-ben ker\u00fclt a term\u00e9kbe.<\/span>\r\n\r\n&nbsp;\r\n\r\n<img loading=\"lazy\" decoding=\"async\" class=\"wp-image-8136 size-medium alignleft\" src=\"https:\/\/hir.mediamarkt.hu\/magazin\/wp-content\/uploads\/2019\/03\/pexels-photo-356026-300x200.jpeg\" alt=\"\" width=\"300\" height=\"200\" srcset=\"https:\/\/hir.mediamarkt.hu\/magazin\/wp-content\/uploads\/2019\/03\/pexels-photo-356026-300x200.jpeg 300w, https:\/\/hir.mediamarkt.hu\/magazin\/wp-content\/uploads\/2019\/03\/pexels-photo-356026-275x183.jpeg 275w, https:\/\/hir.mediamarkt.hu\/magazin\/wp-content\/uploads\/2019\/03\/pexels-photo-356026-768x512.jpeg 768w, https:\/\/hir.mediamarkt.hu\/magazin\/wp-content\/uploads\/2019\/03\/pexels-photo-356026-1024x682.jpeg 1024w, https:\/\/hir.mediamarkt.hu\/magazin\/wp-content\/uploads\/2019\/03\/pexels-photo-356026.jpeg 1880w\" sizes=\"(max-width: 300px) 100vw, 300px\" \/>\r\n<h2><b>Egy nagy ugr\u00e1ssal a jelenbe \u00e9s a j\u00f6v\u0151be!<\/b><\/h2>\r\n<span style=\"font-weight: 400;\">Az egyre sz\u00e9lesebb term\u00e9kek piac\u00e1n n\u00e9ha szinte elveszve \u00e9rezz\u00fck magunkat. Egy k\u00f6zelm\u00faltban egy fogtechnikus \u00e9s dentalhigi\u00e9nikus szakemberrel k\u00e9sz\u00fclt <\/span><a href=\"https:\/\/www.nlcafe.hu\/egeszseg\/20190221\/mufogsor-szorongas-depresszio-megoldas-implantatum-szajhigienia\/\" target=\"_blank\" rel=\"noopener\"><span style=\"font-weight: 400;\">hazai interj\u00fa<\/span><\/a><span style=\"font-weight: 400;\"> pedig azt is megeml\u00edti, a t\u00falzott sz\u00e1jhigi\u00e9nia is k\u00e1ros lehet! A t\u00fal er\u0151s \u00e9s nem megfelel\u0151, valamint extr\u00e9m gyakori d\u00f6rzs\u00f6l\u00e9s roncsolhatja a fognyakat \u00e9s id\u0151 el\u0151tt elvesz\u00edthetj\u00fck test\u00fcnk \u00e9rt\u00e9kes r\u00e9szeit. A fogtechnikus elmes\u00e9lte, m\u0171fogsort k\u00e9sz\u00edttet\u0151 p\u00e1ciensei m\u00e1ra nem csak az id\u0151s koroszt\u00e1lyb\u00f3l ker\u00fclnek ki, hanem a 40-es koroszt\u00e1lyb\u00f3l is. De arra is akad p\u00e9lda, hogy egyetemist\u00e1k keresik fel, mely\u00e9rt els\u0151sorban az \u00e9tkez\u00e9st teszi a szakember felel\u0151ss\u00e9. <\/span>\r\n\r\n<span style=\"font-weight: 400;\"><strong>Ahhoz, hogy elker\u00fclj\u00fck a bajt, sz\u00fcks\u00e9ges:<\/strong> <\/span>\r\n<ul>\r\n \t<li style=\"font-weight: 400;\">\r\n<blockquote><span style=\"color: #000000; font-size: 14px;\">egy j\u00f3 fogorvos v\u00e9lem\u00e9nye \u00e9s tan\u00e1csa<\/span><\/blockquote>\r\n<\/li>\r\n \t<li style=\"font-weight: 400;\">\r\n<blockquote><span style=\"color: #000000; font-size: 14px;\">a megfelel\u0151 eszk\u00f6z\u00f6k haszn\u00e1lata<\/span><\/blockquote>\r\n<\/li>\r\n \t<li style=\"font-weight: 400;\">\r\n<blockquote><span style=\"color: #000000; font-size: 14px;\">az alaposs\u00e1g \u00e9s rendszeress\u00e9g<\/span><\/blockquote>\r\n&nbsp;<\/li>\r\n<\/ul>\r\n<img loading=\"lazy\" decoding=\"async\" class=\"alignleft wp-image-8138 size-medium\" src=\"https:\/\/hir.mediamarkt.hu\/magazin\/wp-content\/uploads\/2019\/03\/boy-check-up-dental-care-52527-300x199.jpg\" alt=\"\" width=\"300\" height=\"199\" srcset=\"https:\/\/hir.mediamarkt.hu\/magazin\/wp-content\/uploads\/2019\/03\/boy-check-up-dental-care-52527-300x199.jpg 300w, https:\/\/hir.mediamarkt.hu\/magazin\/wp-content\/uploads\/2019\/03\/boy-check-up-dental-care-52527-275x182.jpg 275w, https:\/\/hir.mediamarkt.hu\/magazin\/wp-content\/uploads\/2019\/03\/boy-check-up-dental-care-52527-768x509.jpg 768w, https:\/\/hir.mediamarkt.hu\/magazin\/wp-content\/uploads\/2019\/03\/boy-check-up-dental-care-52527-1024x678.jpg 1024w, https:\/\/hir.mediamarkt.hu\/magazin\/wp-content\/uploads\/2019\/03\/boy-check-up-dental-care-52527.jpg 1440w\" sizes=\"(max-width: 300px) 100vw, 300px\" \/>\r\n\r\n<span style=\"font-weight: 400;\">Emellett az eml\u00edtett \u00e9tkez\u00e9si szok\u00e1sok kapcs\u00e1n is \u00e9rdemes tudatos \u00e9letet \u00e9lni. Az eg\u00e9szs\u00e9ges \u00e9s \u00e1polt fogakhoz n\u00e9ha m\u00e1r lehet t\u00fal k\u00e9s\u0151 (seg\u00edts\u00e9g mindig akad, de a saj\u00e1t fogaink lehet, hogy m\u00e1r nem menthet\u0151ek meg), \u00e9pp ez\u00e9rt is olyan fontos, hogy a fiatalabb gener\u00e1ci\u00f3 eleve j\u00f3 \u00faton induljon el a k\u00e9rd\u00e9sben. <\/span><a href=\"https:\/\/www.kutatasi-kozpont.hu\/hu-hu\/szajapolas\/eletszakaszok\/gyermekek#facets:\/category:gyermekek\/page:1\/sortby:most-popular\/tilescount:0\/displayedarticlescount:10\/cwidth:\/displayedpromocount:0\/promotilesenabled:false\/ascroll:\" target=\"_blank\" rel=\"noopener\"><span style=\"font-weight: 400;\">Az Oral-B csapata eg\u00e9szen r\u00e9szletes, \u00f6sszetett inform\u00e1ci\u00f3s csomagot &#8211; \u00e9s persze konkr\u00e9t seg\u00edts\u00e9get &#8211; \u00e1ll\u00edtott \u00f6ssze<\/span><\/a><span style=\"font-weight: 400;\"> a sz\u00fcl\u0151k (\u00e9s tal\u00e1n a pedag\u00f3gusok) sz\u00e1m\u00e1ra. A mai, \u201ck\u00fcty\u00fck\u201d uralta vil\u00e1gban a c\u00e9g \u00fagy d\u00f6nt\u00f6tt, a maga \u00e9s mindannyiunk eg\u00e9szs\u00e9ge jav\u00e1ra ford\u00edtja a gyerekek ezir\u00e1ny\u00fa rajong\u00e1s\u00e1t. \u00a0Az applik\u00e1ci\u00f3kkal \u00f6sszek\u00f6t\u00f6tt elektromos fogkef\u00e9k, az elektromos fogselymez\u0151 vagy \u00e9pp a fogselyem-bef\u0171z\u0151 mind-mind olyan eszk\u00f6z, amely \u201csikeres lehet a gyerekekn\u00e9l \u00e9s tizen\u00e9vesekn\u00e9l, k\u00fcl\u00f6n\u00f6sen, ha fogszab\u00e1lyz\u00f3t viselnek\u201d, \u00e1ll az <\/span><span style=\"font-weight: 400;\">Oral-B oldal\u00e1n<\/span><span style=\"font-weight: 400;\">.<\/span>\r\n\r\n<span style=\"font-weight: 400;\">A csak kifejezetten gyerek sz\u00e1j\u00e1pol\u00e1ssal kapcsolatos cikkeik sz\u00e1ma jelenleg 11, de k\u00fcl\u00f6n szekci\u00f3ban ak\u00e1r a bab\u00e1kkal kapcsolatos, t\u00e9m\u00e1ba v\u00e1g\u00f3 inform\u00e1ci\u00f3kat is beszerezhetj\u00fck. Fontos, hogy az alapos tud\u00e1st\u00e1r tanulm\u00e1nyoz\u00e1sa mellett az\u00e9rt mindig k\u00e9rdezz\u00fck ki a szakember v\u00e9lem\u00e9ny\u00e9t is!<\/span>\r\n\r\n<img loading=\"lazy\" decoding=\"async\" class=\"alignnone wp-image-8137 size-full\" src=\"https:\/\/hir.mediamarkt.hu\/magazin\/wp-content\/uploads\/2019\/03\/HU_PSD_Infographic_What-Are-the-Best-Electric-Toothbrushes-for-Kids.jpg\" alt=\"\" width=\"640\" height=\"640\" srcset=\"https:\/\/hir.mediamarkt.hu\/magazin\/wp-content\/uploads\/2019\/03\/HU_PSD_Infographic_What-Are-the-Best-Electric-Toothbrushes-for-Kids.jpg 640w, https:\/\/hir.mediamarkt.hu\/magazin\/wp-content\/uploads\/2019\/03\/HU_PSD_Infographic_What-Are-the-Best-Electric-Toothbrushes-for-Kids-275x275.jpg 275w, https:\/\/hir.mediamarkt.hu\/magazin\/wp-content\/uploads\/2019\/03\/HU_PSD_Infographic_What-Are-the-Best-Electric-Toothbrushes-for-Kids-300x300.jpg 300w, https:\/\/hir.mediamarkt.hu\/magazin\/wp-content\/uploads\/2019\/03\/HU_PSD_Infographic_What-Are-the-Best-Electric-Toothbrushes-for-Kids-150x150.jpg 150w\" sizes=\"(max-width: 640px) 100vw, 640px\" \/>\r\n<h2><\/h2>\r\n<h2><b>N\u00e9h\u00e1ny tr\u00fckk, amivel t\u00e9nyleg \u00e9lm\u00e9ny lesz a fogmos\u00e1s!<\/b><\/h2>\r\n&nbsp;\r\n\r\n<span style=\"font-weight: 400;\">Az Oral-B elektromos gyerek fogkef\u00e9k sz\u00e1mos izgalmas, k\u00fcl\u00f6nf\u00e9le mesefigur\u00e1kkal tark\u00edtott v\u00e1ltozatban kaphat\u00f3ak. A kicsiknek sz\u00f3rakoztat\u00f3bb az \u00e9lm\u00e9ny, ha kedvenc mesefigur\u00e1juk t\u00e1rsas\u00e1g\u00e1ban moshatnak fogat, ez\u00e9rt az <\/span><span style=\"font-weight: 400;\">Oral-B<\/span><span style=\"font-weight: 400;\"> eszk\u00f6zei a bab\u00e1k \u00e9s kisgyermekek kedvelt karaktereit, K\u00f6zismert \u00e9s k\u00f6zkedvelt \u00a9Disney, Star Wars&#x2122;, LucasFilm Ltd.&#x2122;, \u00a9MARVEL \u00e9s \u00a9Disney\/Pixar figur\u00e1kat \u00e1br\u00e1zolnak! Emellett a gyerekk\u00e9zhez alak\u00edtott, ergonomikus markolat, p\u00e1rn\u00e1zott, cs\u00fasz\u00e1smentes bord\u00e1zat \u00e9s az extra puha s\u00f6rt\u00e9k \u00e9s kism\u00e9ret\u0171 kefefejek is a pozit\u00edv \u00e9lm\u00e9ny kialakul\u00e1s\u00e1t szolg\u00e1lj\u00e1k. <\/span>\r\n\r\n&nbsp;\r\n\r\n<a href=\"https:\/\/www.youtube.com\/watch?v=_gnGB6LlBaE\">https:\/\/www.youtube.com\/watch?v=_gnGB6LlBaE<\/a>\r\n\r\n&nbsp;\r\n\r\n<span style=\"font-weight: 400;\">\u00c9s ha interakt\u00edv seg\u00edts\u00e9gre lenne sz\u00fcks\u00e9g, a Disney Magic Timer alkalmaz\u00e1sa is rendelkez\u00e9s\u00fcnkre \u00e1ll, melynek hat\u00e1s\u00e1ra a gyerekek 90%-a hosszabb ideig mos fogat! Az alkalmaz\u00e1s sz\u00f3rakoztat\u00f3 jutalomk\u00e9nt \u00fajabb \u00e9s \u00fajabb figur\u00e1kat \u00e9s matric\u00e1kat jelen\u00edt meg, emellett kellemes dallamok h\u00edvj\u00e1k fel a figyelmet arra, ha a kicsi \u00e1tt\u00e9rhet a fogazat k\u00f6vetkez\u0151 \u201ck\u00f6rnegyed\u00e9re\u201d. Hasznos, ha a megfelel\u0151 \u00e9letkor el\u00e9r\u00e9s\u00e9vel bevonjuk a gyerkeket saj\u00e1t fogkef\u00e9j\u00fck kiv\u00e1laszt\u00e1s\u00e1ba. Hiszen min\u00e9l ink\u00e1bb r\u00e9szesei a folyamatnak, ann\u00e1l \u00e9rdekesebb lesz sz\u00e1mukra saj\u00e1t foguk \u00e1pol\u00e1sa!<\/span>\r\n\r\n<b>Kapcsol\u00f3d\u00f3 MediaMarkt term\u00e9kek: <\/b>\r\n\r\n&nbsp;\r\n\r\n<a href=\"https:\/\/www.mediamarkt.hu\/hu\/product\/_oral-b-d12-513-vitality-frozen-elektromos-gyerek-fogkefe-1197795.html\"><span style=\"font-weight: 400;\">ORAL-B D12.513 VITALITY &#8222;Frozen&#8221; elektromos gyerek fogkefe<\/span><\/a><span style=\"font-weight: 400;\">, 6499 Ft<\/span>\r\n\r\n<a href=\"https:\/\/www.mediamarkt.hu\/hu\/product\/_oral-b-d12-513-vitality-gyerek-elektromos-fogkefe-ceruzatart%C3%B3val-cars-1272637.html\"><span style=\"font-weight: 400;\">ORAL-B D12.513 Vitality Gyerek elektromos fogkefe ceruzatart\u00f3val<\/span><\/a><span style=\"font-weight: 400;\">, Cars, 6181 Ft<\/span>\r\n\r\n<a href=\"https:\/\/www.mediamarkt.hu\/hu\/product\/_oral-b-d12-513-vitality-gyerek-fogkefe-star-wars-1214777.html\"><span style=\"font-weight: 400;\">ORAL-B D12.513 VITALITY GYEREK FOGKEFE-STAR WARS<\/span><\/a><span style=\"font-weight: 400;\">, 6499 Ft<\/span>\r\n\r\n<a href=\"https:\/\/www.mediamarkt.hu\/hu\/product\/_oral-b-eb10-2-2-db-p%C3%B3tfej-star-wars-gyerek-fogkef%C3%A9hez-1214778.html\"><span style=\"font-weight: 400;\">ORAL-B EB10-2 2 db p\u00f3tfej Star Wars gyerek fogkef\u00e9hez<\/span><\/a><span style=\"font-weight: 400;\">, 2787 Ft<\/span>\r\n\r\n<img loading=\"lazy\" decoding=\"async\" class=\"alignnone wp-image-8133 size-full\" src=\"https:\/\/hir.mediamarkt.hu\/magazin\/wp-content\/uploads\/2019\/03\/ORAL-B-EB10-2-2-db-p\u00f3tfej-Star-Wars-gyerek-fogkef\u00e9hez.png\" alt=\"\" width=\"786\" height=\"587\" srcset=\"https:\/\/hir.mediamarkt.hu\/magazin\/wp-content\/uploads\/2019\/03\/ORAL-B-EB10-2-2-db-p\u00f3tfej-Star-Wars-gyerek-fogkef\u00e9hez.png 786w, https:\/\/hir.mediamarkt.hu\/magazin\/wp-content\/uploads\/2019\/03\/ORAL-B-EB10-2-2-db-p\u00f3tfej-Star-Wars-gyerek-fogkef\u00e9hez-275x205.png 275w, https:\/\/hir.mediamarkt.hu\/magazin\/wp-content\/uploads\/2019\/03\/ORAL-B-EB10-2-2-db-p\u00f3tfej-Star-Wars-gyerek-fogkef\u00e9hez-300x224.png 300w, https:\/\/hir.mediamarkt.hu\/magazin\/wp-content\/uploads\/2019\/03\/ORAL-B-EB10-2-2-db-p\u00f3tfej-Star-Wars-gyerek-fogkef\u00e9hez-768x574.png 768w\" sizes=\"(max-width: 786px) 100vw, 786px\" \/>\r\n\r\n&nbsp;\r\n\r\n<strong>Forr\u00e1s anyagok: <\/strong>\r\n\r\n<a href=\"https:\/\/mult-kor.hu\/20130201_10_teny_a_fogmosas_torteneterol\"><span style=\"font-weight: 400;\">10 t\u00e9ny a fogmos\u00e1s t\u00f6rt\u00e9net\u00e9r\u0151l<\/span><\/a>\r\n\r\n<a href=\"https:\/\/rizsporoshetkoznapok.blog.hu\/2017\/05\/19\/a_fogapolas_tortenete_es_extremitasai\"><span style=\"font-weight: 400;\">A fog\u00e1pol\u00e1s t\u00f6rt\u00e9nete \u00e9s extr\u00e9mit\u00e1sai<\/span><\/a>\r\n\r\n<a href=\"https:\/\/en.wikipedia.org\/wiki\/William_Addis_(entrepreneur)\"><span style=\"font-weight: 400;\">William Addis<\/span><\/a>\r\n\r\n&nbsp;\r\n\r\n<strong>Kapcsol\u00f3d\u00f3 cikkeink:\u00a0<\/strong>\r\n\r\n<a href=\"https:\/\/hir.mediamarkt.hu\/magazin\/nagy-fogkrem-rejtely-fogmosas-szepseg-egeszseg\/\">AZT HISZED, ELFOGY, DE M\u00c9GSEM. A NAGY FOGKR\u00c9M REJT\u00c9LY NYOM\u00c1BAN\u2026<\/a>","protected":false},"excerpt":{"rendered":"A mit? A m\u0171fogsort! Na meg az \u00f6sszes kellemetlen, id\u0151ig\u00e9nyes, sokszor f\u00e1jdalmas \u00e9s persze dr\u00e1ga fog\u00e1szati kezel\u00e9st. Gyors sz\u00e1jhigi\u00e9niai kisokos mindenkinek, valamint n\u00e9h\u00e1ny seg\u00e9deszk\u00f6z, amellyel a legfiatalabbak sz\u00e1m\u00e1ra is sima \u00fcgy lesz a fogmos\u00e1s!","protected":false},"author":13,"featured_media":8164,"comment_status":"open","ping_status":"open","sticky":false,"template":"","format":"standard","meta":{"wprm-recipe-roundup-name":"","wprm-recipe-roundup-description":"","footnotes":""},"categories":[5968,5967],"tags":[205,2679,3078,3179,2730,3154,2134,514,3176,3180,2155,2127,2173,3181,2823,106,3178,3175,3065,846,3177],"yoast_head":"<!-- This site is optimized with the Yoast SEO plugin v22.9 - https:\/\/yoast.com\/wordpress\/plugins\/seo\/ -->\n<title>\u00c9lm\u00e9ny-fogmos\u00e1s: \u00edgy seg\u00edts a gyerekednek, hogy elker\u00fclje a m\u0171fogsort 40 \u00e9ves kor\u00e1ra! - MediaMarkt Magazin<\/title>\n<meta name=\"description\" content=\"M\u00e9g nek\u00fcnk sem k\u00e9s\u0151 v\u00e1ltoztatni, de a gyerekeink eg\u00e9szs\u00e9g\u00e9n \u00e9s sz\u00e9ps\u00e9g\u00e9n t\u00e9nyleg k\u00f6nnyed\u00e9n alak\u00edthatunk! \u00cdgy ker\u00fcld el a bajt \u00e9s szerettesd meg a fogmos\u00e1st!\" \/>\n<meta name=\"robots\" content=\"index, follow, max-snippet:-1, max-image-preview:large, max-video-preview:-1\" \/>\n<link rel=\"canonical\" href=\"https:\/\/hir.mediamarkt.hu\/magazin\/elmeny-fogmosas-igy-segits-a-gyerekednek-hogy-elkerulje-a-mufogsort-40-eves-korara\/\" \/>\n<meta property=\"og:locale\" content=\"hu_HU\" \/>\n<meta property=\"og:type\" content=\"article\" \/>\n<meta property=\"og:title\" content=\"\u00c9lm\u00e9ny-fogmos\u00e1s: \u00edgy seg\u00edts a gyerekednek, hogy elker\u00fclje a m\u0171fogsort 40 \u00e9ves kor\u00e1ra! - MediaMarkt Magazin\" \/>\n<meta property=\"og:description\" content=\"M\u00e9g nek\u00fcnk sem k\u00e9s\u0151 v\u00e1ltoztatni, de a gyerekeink eg\u00e9szs\u00e9g\u00e9n \u00e9s sz\u00e9ps\u00e9g\u00e9n t\u00e9nyleg k\u00f6nnyed\u00e9n alak\u00edthatunk! \u00cdgy ker\u00fcld el a bajt \u00e9s szerettesd meg a fogmos\u00e1st!\" \/>\n<meta property=\"og:url\" content=\"https:\/\/hir.mediamarkt.hu\/magazin\/elmeny-fogmosas-igy-segits-a-gyerekednek-hogy-elkerulje-a-mufogsort-40-eves-korara\/\" \/>\n<meta property=\"og:site_name\" content=\"MediaMarkt Magazin\" \/>\n<meta property=\"article:publisher\" content=\"https:\/\/www.facebook.com\/MediaMarktMagyarorszag\" \/>\n<meta property=\"article:published_time\" content=\"2019-03-19T16:10:07+00:00\" \/>\n<meta property=\"article:modified_time\" content=\"2019-03-29T08:57:13+00:00\" \/>\n<meta property=\"og:image\" content=\"https:\/\/hir.mediamarkt.hu\/magazin\/wp-content\/uploads\/2019\/03\/MediaMarkt_fogkefe.jpg\" \/>\n\t<meta property=\"og:image:width\" content=\"1440\" \/>\n\t<meta property=\"og:image:height\" content=\"960\" \/>\n\t<meta property=\"og:image:type\" content=\"image\/jpeg\" \/>\n<meta name=\"author\" content=\"Media Markt\" \/>\n<meta name=\"twitter:label1\" content=\"Szerz\u0151:\" \/>\n\t<meta name=\"twitter:data1\" content=\"Media Markt\" \/>\n\t<meta name=\"twitter:label2\" content=\"Becs\u00fclt olvas\u00e1si id\u0151\" \/>\n\t<meta name=\"twitter:data2\" content=\"8 perc\" \/>\n<script type=\"application\/ld+json\" class=\"yoast-schema-graph\">{\"@context\":\"https:\/\/schema.org\",\"@graph\":[{\"@type\":\"WebPage\",\"@id\":\"https:\/\/hir.mediamarkt.hu\/magazin\/elmeny-fogmosas-igy-segits-a-gyerekednek-hogy-elkerulje-a-mufogsort-40-eves-korara\/\",\"url\":\"https:\/\/hir.mediamarkt.hu\/magazin\/elmeny-fogmosas-igy-segits-a-gyerekednek-hogy-elkerulje-a-mufogsort-40-eves-korara\/\",\"name\":\"\u00c9lm\u00e9ny-fogmos\u00e1s: \u00edgy seg\u00edts a gyerekednek, hogy elker\u00fclje a m\u0171fogsort 40 \u00e9ves kor\u00e1ra! - MediaMarkt Magazin\",\"isPartOf\":{\"@id\":\"https:\/\/hir.mediamarkt.hu\/magazin\/#website\"},\"primaryImageOfPage\":{\"@id\":\"https:\/\/hir.mediamarkt.hu\/magazin\/elmeny-fogmosas-igy-segits-a-gyerekednek-hogy-elkerulje-a-mufogsort-40-eves-korara\/#primaryimage\"},\"image\":{\"@id\":\"https:\/\/hir.mediamarkt.hu\/magazin\/elmeny-fogmosas-igy-segits-a-gyerekednek-hogy-elkerulje-a-mufogsort-40-eves-korara\/#primaryimage\"},\"thumbnailUrl\":\"https:\/\/hir.mediamarkt.hu\/magazin\/wp-content\/uploads\/2019\/03\/MediaMarkt_fogkefe.jpg\",\"datePublished\":\"2019-03-19T16:10:07+00:00\",\"dateModified\":\"2019-03-29T08:57:13+00:00\",\"author\":{\"@id\":\"https:\/\/hir.mediamarkt.hu\/magazin\/#\/schema\/person\/b93b02ec1ab4d2353f8d281e171c1b0b\"},\"description\":\"M\u00e9g nek\u00fcnk sem k\u00e9s\u0151 v\u00e1ltoztatni, de a gyerekeink eg\u00e9szs\u00e9g\u00e9n \u00e9s sz\u00e9ps\u00e9g\u00e9n t\u00e9nyleg k\u00f6nnyed\u00e9n alak\u00edthatunk! \u00cdgy ker\u00fcld el a bajt \u00e9s szerettesd meg a fogmos\u00e1st!\",\"breadcrumb\":{\"@id\":\"https:\/\/hir.mediamarkt.hu\/magazin\/elmeny-fogmosas-igy-segits-a-gyerekednek-hogy-elkerulje-a-mufogsort-40-eves-korara\/#breadcrumb\"},\"inLanguage\":\"hu\",\"potentialAction\":[{\"@type\":\"ReadAction\",\"target\":[\"https:\/\/hir.mediamarkt.hu\/magazin\/elmeny-fogmosas-igy-segits-a-gyerekednek-hogy-elkerulje-a-mufogsort-40-eves-korara\/\"]}]},{\"@type\":\"ImageObject\",\"inLanguage\":\"hu\",\"@id\":\"https:\/\/hir.mediamarkt.hu\/magazin\/elmeny-fogmosas-igy-segits-a-gyerekednek-hogy-elkerulje-a-mufogsort-40-eves-korara\/#primaryimage\",\"url\":\"https:\/\/hir.mediamarkt.hu\/magazin\/wp-content\/uploads\/2019\/03\/MediaMarkt_fogkefe.jpg\",\"contentUrl\":\"https:\/\/hir.mediamarkt.hu\/magazin\/wp-content\/uploads\/2019\/03\/MediaMarkt_fogkefe.jpg\",\"width\":1440,\"height\":960,\"caption\":\"Daughter brushing her father's teeth in bathroom, Cologne, NRW, Germany\"},{\"@type\":\"BreadcrumbList\",\"@id\":\"https:\/\/hir.mediamarkt.hu\/magazin\/elmeny-fogmosas-igy-segits-a-gyerekednek-hogy-elkerulje-a-mufogsort-40-eves-korara\/#breadcrumb\",\"itemListElement\":[{\"@type\":\"ListItem\",\"position\":1,\"name\":\"Kezd\u0151lap\",\"item\":\"https:\/\/hir.mediamarkt.hu\/magazin\/\"},{\"@type\":\"ListItem\",\"position\":2,\"name\":\"\u00c9lm\u00e9ny-fogmos\u00e1s: \u00edgy seg\u00edts a gyerekednek, hogy elker\u00fclje a m\u0171fogsort 40 \u00e9ves kor\u00e1ra!\"}]},{\"@type\":\"WebSite\",\"@id\":\"https:\/\/hir.mediamarkt.hu\/magazin\/#website\",\"url\":\"https:\/\/hir.mediamarkt.hu\/magazin\/\",\"name\":\"MediaMarkt Magazin\",\"description\":\"Olvass bele magazinunkba!\",\"potentialAction\":[{\"@type\":\"SearchAction\",\"target\":{\"@type\":\"EntryPoint\",\"urlTemplate\":\"https:\/\/hir.mediamarkt.hu\/magazin\/?s={search_term_string}\"},\"query-input\":\"required name=search_term_string\"}],\"inLanguage\":\"hu\"},{\"@type\":\"Person\",\"@id\":\"https:\/\/hir.mediamarkt.hu\/magazin\/#\/schema\/person\/b93b02ec1ab4d2353f8d281e171c1b0b\",\"name\":\"Media Markt\",\"image\":{\"@type\":\"ImageObject\",\"inLanguage\":\"hu\",\"@id\":\"https:\/\/hir.mediamarkt.hu\/magazin\/#\/schema\/person\/image\/\",\"url\":\"https:\/\/secure.gravatar.com\/avatar\/602bccae8998beee472d01909f0978f1?s=96&d=mm&r=g\",\"contentUrl\":\"https:\/\/secure.gravatar.com\/avatar\/602bccae8998beee472d01909f0978f1?s=96&d=mm&r=g\",\"caption\":\"Media Markt\"}}]}<\/script>\n<!-- \/ Yoast SEO plugin. -->","yoast_head_json":{"title":"\u00c9lm\u00e9ny-fogmos\u00e1s: \u00edgy seg\u00edts a gyerekednek, hogy elker\u00fclje a m\u0171fogsort 40 \u00e9ves kor\u00e1ra! - MediaMarkt Magazin","description":"M\u00e9g nek\u00fcnk sem k\u00e9s\u0151 v\u00e1ltoztatni, de a gyerekeink eg\u00e9szs\u00e9g\u00e9n \u00e9s sz\u00e9ps\u00e9g\u00e9n t\u00e9nyleg k\u00f6nnyed\u00e9n alak\u00edthatunk! \u00cdgy ker\u00fcld el a bajt \u00e9s szerettesd meg a fogmos\u00e1st!","robots":{"index":"index","follow":"follow","max-snippet":"max-snippet:-1","max-image-preview":"max-image-preview:large","max-video-preview":"max-video-preview:-1"},"canonical":"https:\/\/hir.mediamarkt.hu\/magazin\/elmeny-fogmosas-igy-segits-a-gyerekednek-hogy-elkerulje-a-mufogsort-40-eves-korara\/","og_locale":"hu_HU","og_type":"article","og_title":"\u00c9lm\u00e9ny-fogmos\u00e1s: \u00edgy seg\u00edts a gyerekednek, hogy elker\u00fclje a m\u0171fogsort 40 \u00e9ves kor\u00e1ra! - MediaMarkt Magazin","og_description":"M\u00e9g nek\u00fcnk sem k\u00e9s\u0151 v\u00e1ltoztatni, de a gyerekeink eg\u00e9szs\u00e9g\u00e9n \u00e9s sz\u00e9ps\u00e9g\u00e9n t\u00e9nyleg k\u00f6nnyed\u00e9n alak\u00edthatunk! \u00cdgy ker\u00fcld el a bajt \u00e9s szerettesd meg a fogmos\u00e1st!","og_url":"https:\/\/hir.mediamarkt.hu\/magazin\/elmeny-fogmosas-igy-segits-a-gyerekednek-hogy-elkerulje-a-mufogsort-40-eves-korara\/","og_site_name":"MediaMarkt Magazin","article_publisher":"https:\/\/www.facebook.com\/MediaMarktMagyarorszag","article_published_time":"2019-03-19T16:10:07+00:00","article_modified_time":"2019-03-29T08:57:13+00:00","og_image":[{"width":1440,"height":960,"url":"https:\/\/hir.mediamarkt.hu\/magazin\/wp-content\/uploads\/2019\/03\/MediaMarkt_fogkefe.jpg","type":"image\/jpeg"}],"author":"Media Markt","twitter_misc":{"Szerz\u0151:":"Media Markt","Becs\u00fclt olvas\u00e1si id\u0151":"8 perc"},"schema":{"@context":"https:\/\/schema.org","@graph":[{"@type":"WebPage","@id":"https:\/\/hir.mediamarkt.hu\/magazin\/elmeny-fogmosas-igy-segits-a-gyerekednek-hogy-elkerulje-a-mufogsort-40-eves-korara\/","url":"https:\/\/hir.mediamarkt.hu\/magazin\/elmeny-fogmosas-igy-segits-a-gyerekednek-hogy-elkerulje-a-mufogsort-40-eves-korara\/","name":"\u00c9lm\u00e9ny-fogmos\u00e1s: \u00edgy seg\u00edts a gyerekednek, hogy elker\u00fclje a m\u0171fogsort 40 \u00e9ves kor\u00e1ra! - MediaMarkt Magazin","isPartOf":{"@id":"https:\/\/hir.mediamarkt.hu\/magazin\/#website"},"primaryImageOfPage":{"@id":"https:\/\/hir.mediamarkt.hu\/magazin\/elmeny-fogmosas-igy-segits-a-gyerekednek-hogy-elkerulje-a-mufogsort-40-eves-korara\/#primaryimage"},"image":{"@id":"https:\/\/hir.mediamarkt.hu\/magazin\/elmeny-fogmosas-igy-segits-a-gyerekednek-hogy-elkerulje-a-mufogsort-40-eves-korara\/#primaryimage"},"thumbnailUrl":"https:\/\/hir.mediamarkt.hu\/magazin\/wp-content\/uploads\/2019\/03\/MediaMarkt_fogkefe.jpg","datePublished":"2019-03-19T16:10:07+00:00","dateModified":"2019-03-29T08:57:13+00:00","author":{"@id":"https:\/\/hir.mediamarkt.hu\/magazin\/#\/schema\/person\/b93b02ec1ab4d2353f8d281e171c1b0b"},"description":"M\u00e9g nek\u00fcnk sem k\u00e9s\u0151 v\u00e1ltoztatni, de a gyerekeink eg\u00e9szs\u00e9g\u00e9n \u00e9s sz\u00e9ps\u00e9g\u00e9n t\u00e9nyleg k\u00f6nnyed\u00e9n alak\u00edthatunk! \u00cdgy ker\u00fcld el a bajt \u00e9s szerettesd meg a fogmos\u00e1st!","breadcrumb":{"@id":"https:\/\/hir.mediamarkt.hu\/magazin\/elmeny-fogmosas-igy-segits-a-gyerekednek-hogy-elkerulje-a-mufogsort-40-eves-korara\/#breadcrumb"},"inLanguage":"hu","potentialAction":[{"@type":"ReadAction","target":["https:\/\/hir.mediamarkt.hu\/magazin\/elmeny-fogmosas-igy-segits-a-gyerekednek-hogy-elkerulje-a-mufogsort-40-eves-korara\/"]}]},{"@type":"ImageObject","inLanguage":"hu","@id":"https:\/\/hir.mediamarkt.hu\/magazin\/elmeny-fogmosas-igy-segits-a-gyerekednek-hogy-elkerulje-a-mufogsort-40-eves-korara\/#primaryimage","url":"https:\/\/hir.mediamarkt.hu\/magazin\/wp-content\/uploads\/2019\/03\/MediaMarkt_fogkefe.jpg","contentUrl":"https:\/\/hir.mediamarkt.hu\/magazin\/wp-content\/uploads\/2019\/03\/MediaMarkt_fogkefe.jpg","width":1440,"height":960,"caption":"Daughter brushing her father's teeth in bathroom, Cologne, NRW, Germany"},{"@type":"BreadcrumbList","@id":"https:\/\/hir.mediamarkt.hu\/magazin\/elmeny-fogmosas-igy-segits-a-gyerekednek-hogy-elkerulje-a-mufogsort-40-eves-korara\/#breadcrumb","itemListElement":[{"@type":"ListItem","position":1,"name":"Kezd\u0151lap","item":"https:\/\/hir.mediamarkt.hu\/magazin\/"},{"@type":"ListItem","position":2,"name":"\u00c9lm\u00e9ny-fogmos\u00e1s: \u00edgy seg\u00edts a gyerekednek, hogy elker\u00fclje a m\u0171fogsort 40 \u00e9ves kor\u00e1ra!"}]},{"@type":"WebSite","@id":"https:\/\/hir.mediamarkt.hu\/magazin\/#website","url":"https:\/\/hir.mediamarkt.hu\/magazin\/","name":"MediaMarkt Magazin","description":"Olvass bele magazinunkba!","potentialAction":[{"@type":"SearchAction","target":{"@type":"EntryPoint","urlTemplate":"https:\/\/hir.mediamarkt.hu\/magazin\/?s={search_term_string}"},"query-input":"required name=search_term_string"}],"inLanguage":"hu"},{"@type":"Person","@id":"https:\/\/hir.mediamarkt.hu\/magazin\/#\/schema\/person\/b93b02ec1ab4d2353f8d281e171c1b0b","name":"Media Markt","image":{"@type":"ImageObject","inLanguage":"hu","@id":"https:\/\/hir.mediamarkt.hu\/magazin\/#\/schema\/person\/image\/","url":"https:\/\/secure.gravatar.com\/avatar\/602bccae8998beee472d01909f0978f1?s=96&d=mm&r=g","contentUrl":"https:\/\/secure.gravatar.com\/avatar\/602bccae8998beee472d01909f0978f1?s=96&d=mm&r=g","caption":"Media Markt"}}]}},"_links":{"self":[{"href":"https:\/\/hir.mediamarkt.hu\/magazin\/wp-json\/wp\/v2\/posts\/8131"}],"collection":[{"href":"https:\/\/hir.mediamarkt.hu\/magazin\/wp-json\/wp\/v2\/posts"}],"about":[{"href":"https:\/\/hir.mediamarkt.hu\/magazin\/wp-json\/wp\/v2\/types\/post"}],"author":[{"embeddable":true,"href":"https:\/\/hir.mediamarkt.hu\/magazin\/wp-json\/wp\/v2\/users\/13"}],"replies":[{"embeddable":true,"href":"https:\/\/hir.mediamarkt.hu\/magazin\/wp-json\/wp\/v2\/comments?post=8131"}],"version-history":[{"count":10,"href":"https:\/\/hir.mediamarkt.hu\/magazin\/wp-json\/wp\/v2\/posts\/8131\/revisions"}],"predecessor-version":[{"id":8196,"href":"https:\/\/hir.mediamarkt.hu\/magazin\/wp-json\/wp\/v2\/posts\/8131\/revisions\/8196"}],"wp:featuredmedia":[{"embeddable":true,"href":"https:\/\/hir.mediamarkt.hu\/magazin\/wp-json\/wp\/v2\/media\/8164"}],"wp:attachment":[{"href":"https:\/\/hir.mediamarkt.hu\/magazin\/wp-json\/wp\/v2\/media?parent=8131"}],"wp:term":[{"taxonomy":"category","embeddable":true,"href":"https:\/\/hir.mediamarkt.hu\/magazin\/wp-json\/wp\/v2\/categories?post=8131"},{"taxonomy":"post_tag","embeddable":true,"href":"https:\/\/hir.mediamarkt.hu\/magazin\/wp-json\/wp\/v2\/tags?post=8131"}],"curies":[{"name":"wp","href":"https:\/\/api.w.org\/{rel}","templated":true}]}}