{"id":8209,"date":"2019-03-29T12:30:18","date_gmt":"2019-03-29T11:30:18","guid":{"rendered":"http:\/\/hir.mediamarkt.hu\/magazin\/?p=8209"},"modified":"2019-03-29T12:33:24","modified_gmt":"2019-03-29T11:33:24","slug":"akar-poirot-kedvence-is-lehetett-volna-a-gofri-tortenete-na-es-tippek-a-hazi-suteshez","status":"publish","type":"post","link":"https:\/\/hir.mediamarkt.hu\/magazin\/akar-poirot-kedvence-is-lehetett-volna-a-gofri-tortenete-na-es-tippek-a-hazi-suteshez\/","title":{"rendered":"Ak\u00e1r Poirot kedvence is lehetett volna: a gofri t\u00f6rt\u00e9nete, na \u00e9s tippek a h\u00e1zi s\u00fct\u00e9shez!"},"content":{"rendered":"<b>Marad\u00e9kokb\u00f3l \u00f6sszet\u00e1kolt \u00e9dess\u00e9gnek indult, m\u00e1ra saj\u00e1t kulin\u00e1ris vil\u00e1ga van. A gofri r\u00e9gebb \u00f3ta van az emberis\u00e9ggel, mint gondoln\u00e1nk. R\u00e1ad\u00e1sul Eur\u00f3p\u00e1b\u00f3l indult h\u00f3d\u00edt\u00f3 \u00fatj\u00e1ra, hogy m\u00e1ra amerikai fog\u00e1snak t\u0171nj\u00f6n. \u00c1tn\u00e9zt\u00fck a r\u00e1csos finoms\u00e1g t\u00f6rt\u00e9net\u00e9t, recepteket kerest\u00fcnk \u00e9s persze sz\u00e9tn\u00e9zt\u00fcnk a saj\u00e1t h\u00e1zunk t\u00e1j\u00e1n gofris\u00fct\u0151 \u00fcgyben! El\u0151re az \u00e9des \u00e9let\u00e9rt!<\/b><!--more-->\r\n\r\n&nbsp;\r\n<h2><b>M\u00e1r az \u00f3kori g\u00f6r\u00f6g\u00f6k is s\u00fct\u00f6ttek gofrit!<\/b><\/h2>\r\n&nbsp;\r\n\r\n<span style=\"font-weight: 400\">M\u00edg a palacsinta r\u00f3mai eredet\u0171 finoms\u00e1g &#8211; a kutat\u00e1sok alapj\u00e1n a l\u00e9gion\u00e1rius katon\u00e1k pajzsukon s\u00fct\u00f6tt\u00e9k meg a nagy, kerek, lapos t\u00e9szt\u00e1t -, \u00fagy fest, a gofri a n\u00e9met-alf\u00f6ldi t\u00e1jakhoz, els\u0151sorban a belg\u00e1khoz k\u00f6thet\u0151. Mivel \u00e9telek kapcs\u00e1n az\u00e9rt nagy szokott lenni a sz\u00f3r\u00e1s: az \u00e1ltalunk erd\u00e9lyinek tartott k\u00fcrt\u0151skal\u00e1csot a csehek is saj\u00e1tjukk\u00e9nt \u00e1rulj\u00e1k, m\u00edg p\u00e9ld\u00e1ul a bureket (ejtsd: bjurek) sz\u00e1mos d\u00e9l-eur\u00f3pai orsz\u00e1g vallja saj\u00e1t, nemzeti \u00e9tel\u00e9nek, a szerbekt\u0151l a bolg\u00e1rokig. Nem tiszt\u00fcnk kinevezni a belg\u00e1kat az \u00ednycsiklandoz\u00f3 gofri atyj\u00e1nak, mivel azonban a legt\u00f6bb forr\u00e1s fel\u00e9j\u00fck mutat, m\u00e9giscsak nekik mondunk k\u00f6sz\u00f6netet a csod\u00e1s finoms\u00e1g\u00e9rt. <\/span>\r\n\r\n<span style=\"font-weight: 400\">Mindenesetre \u00fagy n\u00e9z ki, <strong>\u00a0az \u00e9tel eredete eg\u00e9szen az \u00f3kori g\u00f6r\u00f6g\u00f6kig visszany\u00falik, akik &#8211; r\u00f3mai t\u00e1rsaikhoz hasonl\u00f3an &#8211; szerett\u00e9k a s\u00fclt t\u00e9szt\u00e1t, \u00edgy el\u0151szeretettel k\u00e9sz\u00edtettek forr\u00f3 vaslapok k\u00f6z\u00f6tt osty\u00e1kat.<\/strong> Az eredetmonda kapcs\u00e1n ezut\u00e1n hatalmas \u0171r t\u00e1tong, a k\u00f6vetkez\u0151, jelent\u0151s l\u00e9p\u00e9s a gofri t\u00f6rt\u00e9net\u00e9ben a N\u00e9metalf\u00f6ld\u00f6n k\u00f6vetkezett be. <\/span><span style=\"font-weight: 400\">A belga cukr\u00e1szok, akik az egy\u00e9b finoms\u00e1gok k\u00e9sz\u00edt\u00e9s\u00e9b\u0151l megmaradt marad\u00e9kokat igyekeztek felhaszn\u00e1lni, hogy ne menjen k\u00e1rba a t\u00e9szta, kis\u00fct\u00f6tt\u00e9k azt. A vaslapok mint\u00e1zat\u00e1nak lenyomat\u00e1ba v\u00e9g\u00fcl m\u00e9zet csorgattak, majd \u00edgy \u00e1rus\u00edtott\u00e1k az \u00e9dess\u00e9get. A tal\u00e1n n\u00e1lunk is j\u00f3l ismert, eredeti <strong>\u201cwafel\u201d n\u00e9v<\/strong> is ehhez kapcsol\u00f3dik, hiszen a sz\u00f3 a m\u00e9h l\u00e9pet jel\u00f6li. Az 1964-es vil\u00e1gki\u00e1ll\u00edt\u00e1s kapcs\u00e1n v\u00e9g\u00fcl a br\u00fcsszeli verzi\u00f3 eljutott Amerik\u00e1ba, ahol els\u0151sorban reggelik\u00e9nt honosodott meg az \u00e9tel: szalonn\u00e1s-juharszirupos verzi\u00f3ban. <\/span>\r\n\r\n<span style=\"font-weight: 400\">A klasszikus belga verzi\u00f3 mellett l\u00e9tezik egy haz\u00e1nkban is el\u00e9rhet\u0151 v\u00e1ltozat, m\u00e9gpedig a <strong>holland \u201cstroopwafel\u201d.<\/strong> Az \u00e9szaki szomsz\u00e9dok finoms\u00e1g\u00e1nak el\u0151nye, hogy csomagolt verzi\u00f3ban is t\u00f6k\u00e9letes, nem kell felt\u00e9tlen\u00fcl frissen beszerezni. A v\u00e9kony, ropog\u00f3sabb lapocsk\u00e1k k\u00f6z\u00f6tti \u00e9des-m\u00e9zes r\u00e9teg (\u00f3h, ha ezt Eliza Doolittle l\u00e1tn\u00e1!) b\u00e1r kiss\u00e9 \u00e9mely\u00edt\u0151, el\u0151ny\u00e9re v\u00e1lik, hogy nem lehet bel\u0151le sokat enni. Emellett egy fekete, cukormentes k\u00e1v\u00e9val kar\u00f6ltve csod\u00e1s \u00e9lm\u00e9nyt ny\u00fajthat!<\/span>\r\n\r\n<img loading=\"lazy\" decoding=\"async\" class=\"alignnone wp-image-8226 size-large\" src=\"https:\/\/hir.mediamarkt.hu\/magazin\/wp-content\/uploads\/2019\/03\/pexels-photo-511763-1024x682.jpeg\" alt=\"\" width=\"1024\" height=\"682\" srcset=\"https:\/\/hir.mediamarkt.hu\/magazin\/wp-content\/uploads\/2019\/03\/pexels-photo-511763-1024x682.jpeg 1024w, https:\/\/hir.mediamarkt.hu\/magazin\/wp-content\/uploads\/2019\/03\/pexels-photo-511763-275x183.jpeg 275w, https:\/\/hir.mediamarkt.hu\/magazin\/wp-content\/uploads\/2019\/03\/pexels-photo-511763-300x200.jpeg 300w, https:\/\/hir.mediamarkt.hu\/magazin\/wp-content\/uploads\/2019\/03\/pexels-photo-511763-768x512.jpeg 768w, https:\/\/hir.mediamarkt.hu\/magazin\/wp-content\/uploads\/2019\/03\/pexels-photo-511763.jpeg 1440w\" sizes=\"(max-width: 1024px) 100vw, 1024px\" \/>\r\n<h2><\/h2>\r\n<h2><b>De mi is az a gofri?<\/b><\/h2>\r\n&nbsp;\r\n\r\n<span style=\"font-weight: 400\">Nos, <strong>a gofri egy r\u00e1csos t\u00e9szta, amelyet &#8211; ahogy eml\u00edtett\u00fck &#8211; vaslapok k\u00f6z\u00f6tt s\u00fctnek, majd k\u00fcl\u00f6nb\u00f6z\u0151 sz\u00f3szokkal, felt\u00e9tekkel \u00edzes\u00edtenek. S\u00f3s \u00e9s \u00e9des verzi\u00f3ban is fogyaszthat\u00f3, Magyarorsz\u00e1gon tal\u00e1n els\u0151sorban a habos kr\u00e9mekkel d\u00edsz\u00edtett v\u00e1ltozat a legismertebb.<\/strong> De az egyre n\u00e9pszer\u0171bb \u00e9dess\u00e9g egyre \u00f6sszetettebb \u00edzes\u00edt\u00e9seket is felsorakoztat: a fagylalt, a gy\u00fcm\u00f6lcs\u00f6k, a k\u00fcl\u00f6nb\u00f6z\u0151 csonth\u00e9jas vagy \u00e9pp csokis reszel\u00e9kek, de ak\u00e1r a pillecukor is el\u0151-el\u0151fordul m\u00e1r az utcai gofri \u00e1rusok k\u00edn\u00e1lat\u00e1ban.\u00a0<\/span><span style=\"font-weight: 400\">Mivel maga a t\u00e9szta is finom, \u00edgy a desszert tulajdonk\u00e9ppen nem ig\u00e9nyel k\u00fcl\u00f6n\u00f6sebb k\u00f6r\u00edt\u00e9st. Persze a <strong>\u201ct\u00f6bb t\u00f6bb\u201d elve<\/strong> alapj\u00e1n agyonhalmozhatjuk mindenf\u00e9le f\u00f6ldi j\u00f3val, csak figyelj\u00fcnk oda arra, hogy az\u00e9rt ne sz\u00f6kj\u00f6n az egekbe a v\u00e9rcukor szint\u00fcnk\u2026<\/span>\r\n\r\n&nbsp;\r\n<h2><b>Gofri otthon? Igen!<\/b><\/h2>\r\n&nbsp;\r\n\r\n<span style=\"font-weight: 400\">A technol\u00f3gia \u00e9s a piac csod\u00e1ja, hogy nagyj\u00e1b\u00f3l b\u00e1rki \u00e9s b\u00e1rmikor k\u00e9sz\u00edthet otthon gofrit. S\u0151t, j\u00e1tszhatunk is a t\u00e9m\u00e1val: a v\u00e9konyabb &#8211; hollandusabb -, ostya szer\u0171 verzi\u00f3t ugyanis gyors \u00e9s \u00fcgyes hajtogat\u00e1ssal ak\u00e1r t\u00f6lcs\u00e9rr\u00e9 is form\u00e1zhatjuk! Emellett <strong>a reggelink r\u00e9sz\u00e9v\u00e9 is v\u00e1lhat a finoms\u00e1g, mondjuk rukkol\u00e1s-kecskesajtos felt\u00e9ttel, esetleg avokad\u00f3val.<\/strong> Nyilv\u00e1n klasszikus m\u00e1jkr\u00e9met is r\u00e1kenhet\u00fcnk a t\u00e9szt\u00e1ra, m\u00e9g az is lehet, hogy m\u0171k\u00f6dik\u2026 Egy sajtos-bacon-\u00f6s verzi\u00f3 viszont m\u00e1r \u00edgy le\u00edrva is \u00edg\u00e9retes. Egy a l\u00e9nyeg: merj\u00fcnk k\u00eds\u00e9rletezni \u00e9s persze s\u00fctni! <\/span><a href=\"http:\/\/www.mindmegette.hu\/a-legfinomabb-gofri.recept\/\"><span style=\"font-weight: 400\">Receptekben rogy\u00e1sig gazdag az internet<\/span><\/a><span style=\"font-weight: 400\">, tapsztalataink alapj\u00e1n a legegyszer\u0171bb verzi\u00f3k szoktak a legjobban bev\u00e1lni. Form\u00e1z\u00e1si \u00e9s \u00edzes\u00edt\u00e9si tippek\u00e9rt is el\u00e9g csak felm\u00e1szni a vil\u00e1gh\u00e1l\u00f3ra, persze ha az ember kicsit tudatosabb, az\u00e9rt kik\u00e9rheti szak\u00e9rt\u0151 cukr\u00e1sz v\u00e9lem\u00e9ny\u00e9t is! \u00c9s hogy miben k\u00e9sz\u00edts\u00fck el a gofrinkat? <strong>A MediaMarkt \u00e1ruh\u00e1zaiban online \u00e9s szem\u00e9lyesen v\u00e1logathatunk a k\u00fcl\u00f6nb\u00f6z\u0151 m\u00e9ret\u0171 \u00e9s tud\u00e1s\u00fa ostya-, panini-, palacsinta-, szendvics- \u00e9s persze gofris\u00fct\u0151kben. Aki kedveli ezt az ir\u00e1nyt, multifunkci\u00f3s, cser\u00e9lhet\u0151 lap\u00fa eszk\u00f6zt is tal\u00e1l <\/strong><\/span><strong><a href=\"https:\/\/www.mediamarkt.hu\/hu\/category\/_szendvics-%C3%A9s-gofri-s%C3%BCt%C5%91-504679.html\">a MediaMarkt, jelenleg 110 term\u00e9kb\u0151l \u00e1ll\u00f3 k\u00edn\u00e1lat\u00e1ban!<\/a><\/strong>\r\n\r\n<span style=\"font-weight: 400\">A s\u00fct\u0151lapok \u00e9s berendez\u00e9sek beszerz\u00e9se ut\u00e1n pedig nincs m\u00e1s h\u00e1tra, mint ir\u00e1ny a piac: toj\u00e1s, liszt, s\u00fct\u0151por, tej, vaj, olaj, cukor \u00e9s s\u00f3, no meg egy kis van\u00edli\u00e1s \u00edzes\u00edt\u00e9s el\u00e9g az els\u0151 l\u00e9p\u00e9sekhez. A gofri nem egy \u00f6rd\u00f6glakat, a titka a t\u00f6k\u00e9letes vastags\u00e1gban, a bar\u00e1zd\u00e1kban \u00e9s megfelel\u0151 s\u00fct\u00e9si id\u0151ben rejlik. \u00dagyhogy kezd\u0151 cukr\u00e1szokk\u00e9nt is nekil\u00e1thatunk k\u00eds\u00e9rletezni, hogy megtal\u00e1ljuk a legink\u00e1bb testhez\u00e1ll\u00f3 kombin\u00e1ci\u00f3t! Hajr\u00e1!<\/span>\r\n\r\n<img loading=\"lazy\" decoding=\"async\" class=\"alignnone wp-image-8225 size-large\" src=\"https:\/\/hir.mediamarkt.hu\/magazin\/wp-content\/uploads\/2019\/03\/pexels-photo-416507-1024x915.jpeg\" alt=\"\" width=\"1024\" height=\"915\" srcset=\"https:\/\/hir.mediamarkt.hu\/magazin\/wp-content\/uploads\/2019\/03\/pexels-photo-416507-1024x915.jpeg 1024w, https:\/\/hir.mediamarkt.hu\/magazin\/wp-content\/uploads\/2019\/03\/pexels-photo-416507-275x246.jpeg 275w, https:\/\/hir.mediamarkt.hu\/magazin\/wp-content\/uploads\/2019\/03\/pexels-photo-416507-300x268.jpeg 300w, https:\/\/hir.mediamarkt.hu\/magazin\/wp-content\/uploads\/2019\/03\/pexels-photo-416507-768x686.jpeg 768w, https:\/\/hir.mediamarkt.hu\/magazin\/wp-content\/uploads\/2019\/03\/pexels-photo-416507.jpeg 1455w\" sizes=\"(max-width: 1024px) 100vw, 1024px\" \/> <img loading=\"lazy\" decoding=\"async\" class=\"alignnone wp-image-8220 size-large\" src=\"https:\/\/hir.mediamarkt.hu\/magazin\/wp-content\/uploads\/2019\/03\/maxresdefault-1024x576.jpg\" alt=\"\" width=\"1024\" height=\"576\" srcset=\"https:\/\/hir.mediamarkt.hu\/magazin\/wp-content\/uploads\/2019\/03\/maxresdefault-1024x576.jpg 1024w, https:\/\/hir.mediamarkt.hu\/magazin\/wp-content\/uploads\/2019\/03\/maxresdefault-275x155.jpg 275w, https:\/\/hir.mediamarkt.hu\/magazin\/wp-content\/uploads\/2019\/03\/maxresdefault-300x169.jpg 300w, https:\/\/hir.mediamarkt.hu\/magazin\/wp-content\/uploads\/2019\/03\/maxresdefault-768x432.jpg 768w, https:\/\/hir.mediamarkt.hu\/magazin\/wp-content\/uploads\/2019\/03\/maxresdefault.jpg 1280w\" sizes=\"(max-width: 1024px) 100vw, 1024px\" \/> <img loading=\"lazy\" decoding=\"async\" class=\"alignnone wp-image-8227 size-large\" src=\"https:\/\/hir.mediamarkt.hu\/magazin\/wp-content\/uploads\/2019\/03\/pexels-photo-670685-1024x682.jpeg\" alt=\"\" width=\"1024\" height=\"682\" srcset=\"https:\/\/hir.mediamarkt.hu\/magazin\/wp-content\/uploads\/2019\/03\/pexels-photo-670685-1024x682.jpeg 1024w, https:\/\/hir.mediamarkt.hu\/magazin\/wp-content\/uploads\/2019\/03\/pexels-photo-670685-275x183.jpeg 275w, https:\/\/hir.mediamarkt.hu\/magazin\/wp-content\/uploads\/2019\/03\/pexels-photo-670685-300x200.jpeg 300w, https:\/\/hir.mediamarkt.hu\/magazin\/wp-content\/uploads\/2019\/03\/pexels-photo-670685-768x512.jpeg 768w, https:\/\/hir.mediamarkt.hu\/magazin\/wp-content\/uploads\/2019\/03\/pexels-photo-670685.jpeg 1440w\" sizes=\"(max-width: 1024px) 100vw, 1024px\" \/> <img loading=\"lazy\" decoding=\"async\" class=\"alignnone wp-image-8228 size-large\" src=\"https:\/\/hir.mediamarkt.hu\/magazin\/wp-content\/uploads\/2019\/03\/pexels-photo-1200034-1024x682.jpeg\" alt=\"\" width=\"1024\" height=\"682\" srcset=\"https:\/\/hir.mediamarkt.hu\/magazin\/wp-content\/uploads\/2019\/03\/pexels-photo-1200034-1024x682.jpeg 1024w, https:\/\/hir.mediamarkt.hu\/magazin\/wp-content\/uploads\/2019\/03\/pexels-photo-1200034-275x183.jpeg 275w, https:\/\/hir.mediamarkt.hu\/magazin\/wp-content\/uploads\/2019\/03\/pexels-photo-1200034-300x200.jpeg 300w, https:\/\/hir.mediamarkt.hu\/magazin\/wp-content\/uploads\/2019\/03\/pexels-photo-1200034-768x512.jpeg 768w, https:\/\/hir.mediamarkt.hu\/magazin\/wp-content\/uploads\/2019\/03\/pexels-photo-1200034.jpeg 1440w\" sizes=\"(max-width: 1024px) 100vw, 1024px\" \/>\r\n<h2><\/h2>\r\n<h2><strong>Kapcsol\u00f3d\u00f3 MediaMarkt term\u00e9kek: <\/strong><\/h2>\r\n<h2><\/h2>\r\n<h4><a href=\"https:\/\/www.mediamarkt.hu\/hu\/product\/_ok-owa-3110-b-gofris%C3%BCt%C5%91-1210171.html\"><span style=\"font-weight: 400\">OWA 3110 B gofris\u00fct\u0151<\/span><\/a><span style=\"font-weight: 400\">, 5499 Ft<\/span><\/h4>\r\n<a href=\"https:\/\/www.mediamarkt.hu\/hu\/product\/_hauser-st-637n-gofris%C3%BCt%C5%91-1266782.html\"><span style=\"font-weight: 400\">HAUSER ST-637N Gofris\u00fct\u0151<\/span><\/a><span style=\"font-weight: 400\">, 4787 Ft<\/span>\r\n\r\n<a href=\"https:\/\/www.mediamarkt.hu\/hu\/product\/_ariete-187-retro-gofri-k%C3%A9sz%C3%ADt%C5%91-1128023.html\"><span style=\"font-weight: 400\">ARIETE 187 retro gofri k\u00e9sz\u00edt\u0151<\/span><\/a><span style=\"font-weight: 400\">, 6487 Ft<\/span>\r\n\r\n<a href=\"https:\/\/www.mediamarkt.hu\/hu\/product\/_momert-2014-gofris%C3%BCt%C5%91-1400w-1243919.html\"><span style=\"font-weight: 400\">MOMERT 2014 Gofris\u00fct\u0151, 1400w<\/span><\/a><span style=\"font-weight: 400\">, 10 399 Ft<\/span>\r\n\r\n<a href=\"https:\/\/www.mediamarkt.hu\/hu\/product\/_korona-47015-3in1-szendvicss%C3%BCt%C5%91-1111375.html\"><span style=\"font-weight: 400\">KORONA 47015 3IN1 szendvicss\u00fct\u0151<\/span><\/a><span style=\"font-weight: 400\">, 14 599 Ft<\/span>\r\n\r\n<a href=\"https:\/\/www.mediamarkt.hu\/hu\/product\/_trisa-734070-ostya-s%C3%BCt%C5%91-1000-w-1126626.html\"><span style=\"font-weight: 400\">TRISA 734070 Ostya s\u00fct\u0151, 1000 W<\/span><\/a><span style=\"font-weight: 400\">, 15 987 Ft<\/span>\r\n\r\n<a href=\"https:\/\/www.mediamarkt.hu\/hu\/product\/_cloer-1329-gofris%C3%BCt%C5%91-1056200.html\"><span style=\"font-weight: 400\">CLOER 1329 gofris\u00fct\u0151<\/span><\/a><span style=\"font-weight: 400\">, 20 799 Ft<\/span>\r\n\r\n<a href=\"https:\/\/www.mediamarkt.hu\/hu\/product\/_steba-sg-55-3-in-1-szendvics-gofri-%C3%A9s-grills%C3%BCt%C5%91-1143545.html\"><span style=\"font-weight: 400\">STEBA SG 55 3 in 1 szendvics-, gofri- \u00e9s grills\u00fct\u0151<\/span><\/a><span style=\"font-weight: 400\">, 21 987 Ft<\/span>\r\n\r\n&nbsp;\r\n\r\n\n\t\t<style type=\"text\/css\">\n\t\t\t#gallery-1 {\n\t\t\t\tmargin: auto;\n\t\t\t}\n\t\t\t#gallery-1 .gallery-item {\n\t\t\t\tfloat: left;\n\t\t\t\tmargin-top: 10px;\n\t\t\t\ttext-align: center;\n\t\t\t\twidth: 33%;\n\t\t\t}\n\t\t\t#gallery-1 img {\n\t\t\t\tborder: 2px solid #cfcfcf;\n\t\t\t}\n\t\t\t#gallery-1 .gallery-caption {\n\t\t\t\tmargin-left: 0;\n\t\t\t}\n\t\t\t\/* see gallery_shortcode() in wp-includes\/media.php *\/\n\t\t<\/style>\n\t\t<div id='gallery-1' class='gallery galleryid-8209 gallery-columns-3 gallery-size-large'><dl class='gallery-item'>\n\t\t\t<dt class='gallery-icon landscape'>\n\t\t\t\t<a href='https:\/\/hir.mediamarkt.hu\/magazin\/akar-poirot-kedvence-is-lehetett-volna-a-gofri-tortenete-na-es-tippek-a-hazi-suteshez\/gof2\/'><img loading=\"lazy\" decoding=\"async\" width=\"786\" height=\"587\" src=\"https:\/\/hir.mediamarkt.hu\/magazin\/wp-content\/uploads\/2019\/03\/gof2.png\" class=\"attachment-large size-large\" alt=\"\" srcset=\"https:\/\/hir.mediamarkt.hu\/magazin\/wp-content\/uploads\/2019\/03\/gof2.png 786w, https:\/\/hir.mediamarkt.hu\/magazin\/wp-content\/uploads\/2019\/03\/gof2-275x205.png 275w, https:\/\/hir.mediamarkt.hu\/magazin\/wp-content\/uploads\/2019\/03\/gof2-300x224.png 300w, https:\/\/hir.mediamarkt.hu\/magazin\/wp-content\/uploads\/2019\/03\/gof2-768x574.png 768w\" sizes=\"(max-width: 786px) 100vw, 786px\" \/><\/a>\n\t\t\t<\/dt><\/dl><dl class='gallery-item'>\n\t\t\t<dt class='gallery-icon landscape'>\n\t\t\t\t<a href='https:\/\/hir.mediamarkt.hu\/magazin\/akar-poirot-kedvence-is-lehetett-volna-a-gofri-tortenete-na-es-tippek-a-hazi-suteshez\/gof3\/'><img loading=\"lazy\" decoding=\"async\" width=\"786\" height=\"587\" src=\"https:\/\/hir.mediamarkt.hu\/magazin\/wp-content\/uploads\/2019\/03\/gof3.png\" class=\"attachment-large size-large\" alt=\"\" srcset=\"https:\/\/hir.mediamarkt.hu\/magazin\/wp-content\/uploads\/2019\/03\/gof3.png 786w, https:\/\/hir.mediamarkt.hu\/magazin\/wp-content\/uploads\/2019\/03\/gof3-275x205.png 275w, https:\/\/hir.mediamarkt.hu\/magazin\/wp-content\/uploads\/2019\/03\/gof3-300x224.png 300w, https:\/\/hir.mediamarkt.hu\/magazin\/wp-content\/uploads\/2019\/03\/gof3-768x574.png 768w\" sizes=\"(max-width: 786px) 100vw, 786px\" \/><\/a>\n\t\t\t<\/dt><\/dl><dl class='gallery-item'>\n\t\t\t<dt class='gallery-icon landscape'>\n\t\t\t\t<a href='https:\/\/hir.mediamarkt.hu\/magazin\/akar-poirot-kedvence-is-lehetett-volna-a-gofri-tortenete-na-es-tippek-a-hazi-suteshez\/gof5\/'><img loading=\"lazy\" decoding=\"async\" width=\"786\" height=\"587\" src=\"https:\/\/hir.mediamarkt.hu\/magazin\/wp-content\/uploads\/2019\/03\/gof5.png\" class=\"attachment-large size-large\" alt=\"\" srcset=\"https:\/\/hir.mediamarkt.hu\/magazin\/wp-content\/uploads\/2019\/03\/gof5.png 786w, https:\/\/hir.mediamarkt.hu\/magazin\/wp-content\/uploads\/2019\/03\/gof5-275x205.png 275w, https:\/\/hir.mediamarkt.hu\/magazin\/wp-content\/uploads\/2019\/03\/gof5-300x224.png 300w, https:\/\/hir.mediamarkt.hu\/magazin\/wp-content\/uploads\/2019\/03\/gof5-768x574.png 768w\" sizes=\"(max-width: 786px) 100vw, 786px\" \/><\/a>\n\t\t\t<\/dt><\/dl><br style=\"clear: both\" \/><dl class='gallery-item'>\n\t\t\t<dt class='gallery-icon landscape'>\n\t\t\t\t<a href='https:\/\/hir.mediamarkt.hu\/magazin\/akar-poirot-kedvence-is-lehetett-volna-a-gofri-tortenete-na-es-tippek-a-hazi-suteshez\/gof6\/'><img loading=\"lazy\" decoding=\"async\" width=\"786\" height=\"587\" src=\"https:\/\/hir.mediamarkt.hu\/magazin\/wp-content\/uploads\/2019\/03\/gof6.png\" class=\"attachment-large size-large\" alt=\"\" srcset=\"https:\/\/hir.mediamarkt.hu\/magazin\/wp-content\/uploads\/2019\/03\/gof6.png 786w, https:\/\/hir.mediamarkt.hu\/magazin\/wp-content\/uploads\/2019\/03\/gof6-275x205.png 275w, https:\/\/hir.mediamarkt.hu\/magazin\/wp-content\/uploads\/2019\/03\/gof6-300x224.png 300w, https:\/\/hir.mediamarkt.hu\/magazin\/wp-content\/uploads\/2019\/03\/gof6-768x574.png 768w\" sizes=\"(max-width: 786px) 100vw, 786px\" \/><\/a>\n\t\t\t<\/dt><\/dl><dl class='gallery-item'>\n\t\t\t<dt class='gallery-icon landscape'>\n\t\t\t\t<a href='https:\/\/hir.mediamarkt.hu\/magazin\/akar-poirot-kedvence-is-lehetett-volna-a-gofri-tortenete-na-es-tippek-a-hazi-suteshez\/gof7\/'><img loading=\"lazy\" decoding=\"async\" width=\"786\" height=\"587\" src=\"https:\/\/hir.mediamarkt.hu\/magazin\/wp-content\/uploads\/2019\/03\/gof7.png\" class=\"attachment-large size-large\" alt=\"\" srcset=\"https:\/\/hir.mediamarkt.hu\/magazin\/wp-content\/uploads\/2019\/03\/gof7.png 786w, https:\/\/hir.mediamarkt.hu\/magazin\/wp-content\/uploads\/2019\/03\/gof7-275x205.png 275w, https:\/\/hir.mediamarkt.hu\/magazin\/wp-content\/uploads\/2019\/03\/gof7-300x224.png 300w, https:\/\/hir.mediamarkt.hu\/magazin\/wp-content\/uploads\/2019\/03\/gof7-768x574.png 768w\" sizes=\"(max-width: 786px) 100vw, 786px\" \/><\/a>\n\t\t\t<\/dt><\/dl><dl class='gallery-item'>\n\t\t\t<dt class='gallery-icon landscape'>\n\t\t\t\t<a href='https:\/\/hir.mediamarkt.hu\/magazin\/akar-poirot-kedvence-is-lehetett-volna-a-gofri-tortenete-na-es-tippek-a-hazi-suteshez\/gof7a\/'><img loading=\"lazy\" decoding=\"async\" width=\"786\" height=\"587\" src=\"https:\/\/hir.mediamarkt.hu\/magazin\/wp-content\/uploads\/2019\/03\/gof7a.png\" class=\"attachment-large size-large\" alt=\"\" srcset=\"https:\/\/hir.mediamarkt.hu\/magazin\/wp-content\/uploads\/2019\/03\/gof7a.png 786w, https:\/\/hir.mediamarkt.hu\/magazin\/wp-content\/uploads\/2019\/03\/gof7a-275x205.png 275w, https:\/\/hir.mediamarkt.hu\/magazin\/wp-content\/uploads\/2019\/03\/gof7a-300x224.png 300w, https:\/\/hir.mediamarkt.hu\/magazin\/wp-content\/uploads\/2019\/03\/gof7a-768x574.png 768w\" sizes=\"(max-width: 786px) 100vw, 786px\" \/><\/a>\n\t\t\t<\/dt><\/dl><br style=\"clear: both\" \/><dl class='gallery-item'>\n\t\t\t<dt class='gallery-icon landscape'>\n\t\t\t\t<a href='https:\/\/hir.mediamarkt.hu\/magazin\/akar-poirot-kedvence-is-lehetett-volna-a-gofri-tortenete-na-es-tippek-a-hazi-suteshez\/gof7b\/'><img loading=\"lazy\" decoding=\"async\" width=\"786\" height=\"587\" src=\"https:\/\/hir.mediamarkt.hu\/magazin\/wp-content\/uploads\/2019\/03\/gof7b.png\" class=\"attachment-large size-large\" alt=\"\" srcset=\"https:\/\/hir.mediamarkt.hu\/magazin\/wp-content\/uploads\/2019\/03\/gof7b.png 786w, https:\/\/hir.mediamarkt.hu\/magazin\/wp-content\/uploads\/2019\/03\/gof7b-275x205.png 275w, https:\/\/hir.mediamarkt.hu\/magazin\/wp-content\/uploads\/2019\/03\/gof7b-300x224.png 300w, https:\/\/hir.mediamarkt.hu\/magazin\/wp-content\/uploads\/2019\/03\/gof7b-768x574.png 768w\" sizes=\"(max-width: 786px) 100vw, 786px\" \/><\/a>\n\t\t\t<\/dt><\/dl><dl class='gallery-item'>\n\t\t\t<dt class='gallery-icon landscape'>\n\t\t\t\t<a href='https:\/\/hir.mediamarkt.hu\/magazin\/akar-poirot-kedvence-is-lehetett-volna-a-gofri-tortenete-na-es-tippek-a-hazi-suteshez\/gof8\/'><img loading=\"lazy\" decoding=\"async\" width=\"786\" height=\"587\" src=\"https:\/\/hir.mediamarkt.hu\/magazin\/wp-content\/uploads\/2019\/03\/gof8.png\" class=\"attachment-large size-large\" alt=\"\" srcset=\"https:\/\/hir.mediamarkt.hu\/magazin\/wp-content\/uploads\/2019\/03\/gof8.png 786w, https:\/\/hir.mediamarkt.hu\/magazin\/wp-content\/uploads\/2019\/03\/gof8-275x205.png 275w, https:\/\/hir.mediamarkt.hu\/magazin\/wp-content\/uploads\/2019\/03\/gof8-300x224.png 300w, https:\/\/hir.mediamarkt.hu\/magazin\/wp-content\/uploads\/2019\/03\/gof8-768x574.png 768w\" sizes=\"(max-width: 786px) 100vw, 786px\" \/><\/a>\n\t\t\t<\/dt><\/dl><dl class='gallery-item'>\n\t\t\t<dt class='gallery-icon landscape'>\n\t\t\t\t<a href='https:\/\/hir.mediamarkt.hu\/magazin\/akar-poirot-kedvence-is-lehetett-volna-a-gofri-tortenete-na-es-tippek-a-hazi-suteshez\/gof9\/'><img loading=\"lazy\" decoding=\"async\" width=\"786\" height=\"587\" src=\"https:\/\/hir.mediamarkt.hu\/magazin\/wp-content\/uploads\/2019\/03\/gof9.png\" class=\"attachment-large size-large\" alt=\"\" srcset=\"https:\/\/hir.mediamarkt.hu\/magazin\/wp-content\/uploads\/2019\/03\/gof9.png 786w, https:\/\/hir.mediamarkt.hu\/magazin\/wp-content\/uploads\/2019\/03\/gof9-275x205.png 275w, https:\/\/hir.mediamarkt.hu\/magazin\/wp-content\/uploads\/2019\/03\/gof9-300x224.png 300w, https:\/\/hir.mediamarkt.hu\/magazin\/wp-content\/uploads\/2019\/03\/gof9-768x574.png 768w\" sizes=\"(max-width: 786px) 100vw, 786px\" \/><\/a>\n\t\t\t<\/dt><\/dl><br style=\"clear: both\" \/><dl class='gallery-item'>\n\t\t\t<dt class='gallery-icon landscape'>\n\t\t\t\t<a href='https:\/\/hir.mediamarkt.hu\/magazin\/akar-poirot-kedvence-is-lehetett-volna-a-gofri-tortenete-na-es-tippek-a-hazi-suteshez\/gof9a\/'><img loading=\"lazy\" decoding=\"async\" width=\"786\" height=\"587\" src=\"https:\/\/hir.mediamarkt.hu\/magazin\/wp-content\/uploads\/2019\/03\/gof9a.png\" class=\"attachment-large size-large\" alt=\"\" srcset=\"https:\/\/hir.mediamarkt.hu\/magazin\/wp-content\/uploads\/2019\/03\/gof9a.png 786w, https:\/\/hir.mediamarkt.hu\/magazin\/wp-content\/uploads\/2019\/03\/gof9a-275x205.png 275w, https:\/\/hir.mediamarkt.hu\/magazin\/wp-content\/uploads\/2019\/03\/gof9a-300x224.png 300w, https:\/\/hir.mediamarkt.hu\/magazin\/wp-content\/uploads\/2019\/03\/gof9a-768x574.png 768w\" sizes=\"(max-width: 786px) 100vw, 786px\" \/><\/a>\n\t\t\t<\/dt><\/dl>\n\t\t\t<br style='clear: both' \/>\n\t\t<\/div>\n\r\n\r\n&nbsp;","protected":false},"excerpt":{"rendered":"Marad\u00e9kokb\u00f3l \u00f6sszet\u00e1kolt \u00e9dess\u00e9gnek indult, m\u00e1ra saj\u00e1t kulin\u00e1ris vil\u00e1ga van. A gofri r\u00e9gebb \u00f3ta van az emberis\u00e9ggel, mint gondoln\u00e1nk. R\u00e1ad\u00e1sul Eur\u00f3p\u00e1b\u00f3l indult h\u00f3d\u00edt\u00f3 \u00fatj\u00e1ra, hogy m\u00e1ra amerikai fog\u00e1snak t\u0171nj\u00f6n. \u00c1tn\u00e9zt\u00fck a r\u00e1csos finoms\u00e1g t\u00f6rt\u00e9net\u00e9t, recepteket kerest\u00fcnk \u00e9s persze sz\u00e9tn\u00e9zt\u00fcnk a saj\u00e1t h\u00e1zunk t\u00e1j\u00e1n gofris\u00fct\u0151 \u00fcgyben! El\u0151re az \u00e9des \u00e9let\u00e9rt!","protected":false},"author":13,"featured_media":8222,"comment_status":"open","ping_status":"open","sticky":false,"template":"","format":"standard","meta":{"wprm-recipe-roundup-name":"","wprm-recipe-roundup-description":"","footnotes":""},"categories":[5965],"tags":[3209,3161,2280,2204,940,2135,1068,2127,2173,3205,3206,2672,3207,2274,941,845,3208,846],"yoast_head":"<!-- This site is optimized with the Yoast SEO plugin v22.9 - https:\/\/yoast.com\/wordpress\/plugins\/seo\/ -->\n<title>Ak\u00e1r Poirot kedvence is lehetett volna: a gofri t\u00f6rt\u00e9nete, na \u00e9s tippek a h\u00e1zi s\u00fct\u00e9shez! - MediaMarkt Magazin<\/title>\n<meta name=\"description\" content=\"Egy \u00e9dess\u00e9g, ami ak\u00e1r s\u00f3s reggeliv\u00e9 is v\u00e1lhat. Na nem felt\u00e9tlen juharsziruppal! Tippek, receptek \u00e9s eszk\u00f6z\u00f6k a gofri \u00e9s osty\u00e1k szerelmeseinek!\" \/>\n<meta name=\"robots\" content=\"index, follow, max-snippet:-1, max-image-preview:large, max-video-preview:-1\" \/>\n<link rel=\"canonical\" href=\"https:\/\/hir.mediamarkt.hu\/magazin\/akar-poirot-kedvence-is-lehetett-volna-a-gofri-tortenete-na-es-tippek-a-hazi-suteshez\/\" \/>\n<meta property=\"og:locale\" content=\"hu_HU\" \/>\n<meta property=\"og:type\" content=\"article\" \/>\n<meta property=\"og:title\" content=\"Ak\u00e1r Poirot kedvence is lehetett volna: a gofri t\u00f6rt\u00e9nete, na \u00e9s tippek a h\u00e1zi s\u00fct\u00e9shez! - MediaMarkt Magazin\" \/>\n<meta property=\"og:description\" content=\"Egy \u00e9dess\u00e9g, ami ak\u00e1r s\u00f3s reggeliv\u00e9 is v\u00e1lhat. Na nem felt\u00e9tlen juharsziruppal! Tippek, receptek \u00e9s eszk\u00f6z\u00f6k a gofri \u00e9s osty\u00e1k szerelmeseinek!\" \/>\n<meta property=\"og:url\" content=\"https:\/\/hir.mediamarkt.hu\/magazin\/akar-poirot-kedvence-is-lehetett-volna-a-gofri-tortenete-na-es-tippek-a-hazi-suteshez\/\" \/>\n<meta property=\"og:site_name\" content=\"MediaMarkt Magazin\" \/>\n<meta property=\"article:publisher\" content=\"https:\/\/www.facebook.com\/MediaMarktMagyarorszag\" \/>\n<meta property=\"article:published_time\" content=\"2019-03-29T11:30:18+00:00\" \/>\n<meta property=\"article:modified_time\" content=\"2019-03-29T11:33:24+00:00\" \/>\n<meta property=\"og:image\" content=\"https:\/\/hir.mediamarkt.hu\/magazin\/wp-content\/uploads\/2019\/03\/pexels-photo-131044.jpeg\" \/>\n\t<meta property=\"og:image:width\" content=\"1440\" \/>\n\t<meta property=\"og:image:height\" content=\"960\" \/>\n\t<meta property=\"og:image:type\" content=\"image\/jpeg\" \/>\n<meta name=\"author\" content=\"Media Markt\" \/>\n<meta name=\"twitter:label1\" content=\"Szerz\u0151:\" \/>\n\t<meta name=\"twitter:data1\" content=\"Media Markt\" \/>\n\t<meta name=\"twitter:label2\" content=\"Becs\u00fclt olvas\u00e1si id\u0151\" \/>\n\t<meta name=\"twitter:data2\" content=\"6 perc\" \/>\n<script type=\"application\/ld+json\" class=\"yoast-schema-graph\">{\"@context\":\"https:\/\/schema.org\",\"@graph\":[{\"@type\":\"WebPage\",\"@id\":\"https:\/\/hir.mediamarkt.hu\/magazin\/akar-poirot-kedvence-is-lehetett-volna-a-gofri-tortenete-na-es-tippek-a-hazi-suteshez\/\",\"url\":\"https:\/\/hir.mediamarkt.hu\/magazin\/akar-poirot-kedvence-is-lehetett-volna-a-gofri-tortenete-na-es-tippek-a-hazi-suteshez\/\",\"name\":\"Ak\u00e1r Poirot kedvence is lehetett volna: a gofri t\u00f6rt\u00e9nete, na \u00e9s tippek a h\u00e1zi s\u00fct\u00e9shez! - MediaMarkt Magazin\",\"isPartOf\":{\"@id\":\"https:\/\/hir.mediamarkt.hu\/magazin\/#website\"},\"primaryImageOfPage\":{\"@id\":\"https:\/\/hir.mediamarkt.hu\/magazin\/akar-poirot-kedvence-is-lehetett-volna-a-gofri-tortenete-na-es-tippek-a-hazi-suteshez\/#primaryimage\"},\"image\":{\"@id\":\"https:\/\/hir.mediamarkt.hu\/magazin\/akar-poirot-kedvence-is-lehetett-volna-a-gofri-tortenete-na-es-tippek-a-hazi-suteshez\/#primaryimage\"},\"thumbnailUrl\":\"https:\/\/hir.mediamarkt.hu\/magazin\/wp-content\/uploads\/2019\/03\/pexels-photo-131044.jpeg\",\"datePublished\":\"2019-03-29T11:30:18+00:00\",\"dateModified\":\"2019-03-29T11:33:24+00:00\",\"author\":{\"@id\":\"https:\/\/hir.mediamarkt.hu\/magazin\/#\/schema\/person\/b93b02ec1ab4d2353f8d281e171c1b0b\"},\"description\":\"Egy \u00e9dess\u00e9g, ami ak\u00e1r s\u00f3s reggeliv\u00e9 is v\u00e1lhat. Na nem felt\u00e9tlen juharsziruppal! Tippek, receptek \u00e9s eszk\u00f6z\u00f6k a gofri \u00e9s osty\u00e1k szerelmeseinek!\",\"breadcrumb\":{\"@id\":\"https:\/\/hir.mediamarkt.hu\/magazin\/akar-poirot-kedvence-is-lehetett-volna-a-gofri-tortenete-na-es-tippek-a-hazi-suteshez\/#breadcrumb\"},\"inLanguage\":\"hu\",\"potentialAction\":[{\"@type\":\"ReadAction\",\"target\":[\"https:\/\/hir.mediamarkt.hu\/magazin\/akar-poirot-kedvence-is-lehetett-volna-a-gofri-tortenete-na-es-tippek-a-hazi-suteshez\/\"]}]},{\"@type\":\"ImageObject\",\"inLanguage\":\"hu\",\"@id\":\"https:\/\/hir.mediamarkt.hu\/magazin\/akar-poirot-kedvence-is-lehetett-volna-a-gofri-tortenete-na-es-tippek-a-hazi-suteshez\/#primaryimage\",\"url\":\"https:\/\/hir.mediamarkt.hu\/magazin\/wp-content\/uploads\/2019\/03\/pexels-photo-131044.jpeg\",\"contentUrl\":\"https:\/\/hir.mediamarkt.hu\/magazin\/wp-content\/uploads\/2019\/03\/pexels-photo-131044.jpeg\",\"width\":1440,\"height\":960},{\"@type\":\"BreadcrumbList\",\"@id\":\"https:\/\/hir.mediamarkt.hu\/magazin\/akar-poirot-kedvence-is-lehetett-volna-a-gofri-tortenete-na-es-tippek-a-hazi-suteshez\/#breadcrumb\",\"itemListElement\":[{\"@type\":\"ListItem\",\"position\":1,\"name\":\"Kezd\u0151lap\",\"item\":\"https:\/\/hir.mediamarkt.hu\/magazin\/\"},{\"@type\":\"ListItem\",\"position\":2,\"name\":\"Ak\u00e1r Poirot kedvence is lehetett volna: a gofri t\u00f6rt\u00e9nete, na \u00e9s tippek a h\u00e1zi s\u00fct\u00e9shez!\"}]},{\"@type\":\"WebSite\",\"@id\":\"https:\/\/hir.mediamarkt.hu\/magazin\/#website\",\"url\":\"https:\/\/hir.mediamarkt.hu\/magazin\/\",\"name\":\"MediaMarkt Magazin\",\"description\":\"Olvass bele magazinunkba!\",\"potentialAction\":[{\"@type\":\"SearchAction\",\"target\":{\"@type\":\"EntryPoint\",\"urlTemplate\":\"https:\/\/hir.mediamarkt.hu\/magazin\/?s={search_term_string}\"},\"query-input\":\"required name=search_term_string\"}],\"inLanguage\":\"hu\"},{\"@type\":\"Person\",\"@id\":\"https:\/\/hir.mediamarkt.hu\/magazin\/#\/schema\/person\/b93b02ec1ab4d2353f8d281e171c1b0b\",\"name\":\"Media Markt\",\"image\":{\"@type\":\"ImageObject\",\"inLanguage\":\"hu\",\"@id\":\"https:\/\/hir.mediamarkt.hu\/magazin\/#\/schema\/person\/image\/\",\"url\":\"https:\/\/secure.gravatar.com\/avatar\/602bccae8998beee472d01909f0978f1?s=96&d=mm&r=g\",\"contentUrl\":\"https:\/\/secure.gravatar.com\/avatar\/602bccae8998beee472d01909f0978f1?s=96&d=mm&r=g\",\"caption\":\"Media Markt\"}}]}<\/script>\n<!-- \/ Yoast SEO plugin. -->","yoast_head_json":{"title":"Ak\u00e1r Poirot kedvence is lehetett volna: a gofri t\u00f6rt\u00e9nete, na \u00e9s tippek a h\u00e1zi s\u00fct\u00e9shez! - MediaMarkt Magazin","description":"Egy \u00e9dess\u00e9g, ami ak\u00e1r s\u00f3s reggeliv\u00e9 is v\u00e1lhat. Na nem felt\u00e9tlen juharsziruppal! Tippek, receptek \u00e9s eszk\u00f6z\u00f6k a gofri \u00e9s osty\u00e1k szerelmeseinek!","robots":{"index":"index","follow":"follow","max-snippet":"max-snippet:-1","max-image-preview":"max-image-preview:large","max-video-preview":"max-video-preview:-1"},"canonical":"https:\/\/hir.mediamarkt.hu\/magazin\/akar-poirot-kedvence-is-lehetett-volna-a-gofri-tortenete-na-es-tippek-a-hazi-suteshez\/","og_locale":"hu_HU","og_type":"article","og_title":"Ak\u00e1r Poirot kedvence is lehetett volna: a gofri t\u00f6rt\u00e9nete, na \u00e9s tippek a h\u00e1zi s\u00fct\u00e9shez! - MediaMarkt Magazin","og_description":"Egy \u00e9dess\u00e9g, ami ak\u00e1r s\u00f3s reggeliv\u00e9 is v\u00e1lhat. Na nem felt\u00e9tlen juharsziruppal! Tippek, receptek \u00e9s eszk\u00f6z\u00f6k a gofri \u00e9s osty\u00e1k szerelmeseinek!","og_url":"https:\/\/hir.mediamarkt.hu\/magazin\/akar-poirot-kedvence-is-lehetett-volna-a-gofri-tortenete-na-es-tippek-a-hazi-suteshez\/","og_site_name":"MediaMarkt Magazin","article_publisher":"https:\/\/www.facebook.com\/MediaMarktMagyarorszag","article_published_time":"2019-03-29T11:30:18+00:00","article_modified_time":"2019-03-29T11:33:24+00:00","og_image":[{"width":1440,"height":960,"url":"https:\/\/hir.mediamarkt.hu\/magazin\/wp-content\/uploads\/2019\/03\/pexels-photo-131044.jpeg","type":"image\/jpeg"}],"author":"Media Markt","twitter_misc":{"Szerz\u0151:":"Media Markt","Becs\u00fclt olvas\u00e1si id\u0151":"6 perc"},"schema":{"@context":"https:\/\/schema.org","@graph":[{"@type":"WebPage","@id":"https:\/\/hir.mediamarkt.hu\/magazin\/akar-poirot-kedvence-is-lehetett-volna-a-gofri-tortenete-na-es-tippek-a-hazi-suteshez\/","url":"https:\/\/hir.mediamarkt.hu\/magazin\/akar-poirot-kedvence-is-lehetett-volna-a-gofri-tortenete-na-es-tippek-a-hazi-suteshez\/","name":"Ak\u00e1r Poirot kedvence is lehetett volna: a gofri t\u00f6rt\u00e9nete, na \u00e9s tippek a h\u00e1zi s\u00fct\u00e9shez! - MediaMarkt Magazin","isPartOf":{"@id":"https:\/\/hir.mediamarkt.hu\/magazin\/#website"},"primaryImageOfPage":{"@id":"https:\/\/hir.mediamarkt.hu\/magazin\/akar-poirot-kedvence-is-lehetett-volna-a-gofri-tortenete-na-es-tippek-a-hazi-suteshez\/#primaryimage"},"image":{"@id":"https:\/\/hir.mediamarkt.hu\/magazin\/akar-poirot-kedvence-is-lehetett-volna-a-gofri-tortenete-na-es-tippek-a-hazi-suteshez\/#primaryimage"},"thumbnailUrl":"https:\/\/hir.mediamarkt.hu\/magazin\/wp-content\/uploads\/2019\/03\/pexels-photo-131044.jpeg","datePublished":"2019-03-29T11:30:18+00:00","dateModified":"2019-03-29T11:33:24+00:00","author":{"@id":"https:\/\/hir.mediamarkt.hu\/magazin\/#\/schema\/person\/b93b02ec1ab4d2353f8d281e171c1b0b"},"description":"Egy \u00e9dess\u00e9g, ami ak\u00e1r s\u00f3s reggeliv\u00e9 is v\u00e1lhat. Na nem felt\u00e9tlen juharsziruppal! Tippek, receptek \u00e9s eszk\u00f6z\u00f6k a gofri \u00e9s osty\u00e1k szerelmeseinek!","breadcrumb":{"@id":"https:\/\/hir.mediamarkt.hu\/magazin\/akar-poirot-kedvence-is-lehetett-volna-a-gofri-tortenete-na-es-tippek-a-hazi-suteshez\/#breadcrumb"},"inLanguage":"hu","potentialAction":[{"@type":"ReadAction","target":["https:\/\/hir.mediamarkt.hu\/magazin\/akar-poirot-kedvence-is-lehetett-volna-a-gofri-tortenete-na-es-tippek-a-hazi-suteshez\/"]}]},{"@type":"ImageObject","inLanguage":"hu","@id":"https:\/\/hir.mediamarkt.hu\/magazin\/akar-poirot-kedvence-is-lehetett-volna-a-gofri-tortenete-na-es-tippek-a-hazi-suteshez\/#primaryimage","url":"https:\/\/hir.mediamarkt.hu\/magazin\/wp-content\/uploads\/2019\/03\/pexels-photo-131044.jpeg","contentUrl":"https:\/\/hir.mediamarkt.hu\/magazin\/wp-content\/uploads\/2019\/03\/pexels-photo-131044.jpeg","width":1440,"height":960},{"@type":"BreadcrumbList","@id":"https:\/\/hir.mediamarkt.hu\/magazin\/akar-poirot-kedvence-is-lehetett-volna-a-gofri-tortenete-na-es-tippek-a-hazi-suteshez\/#breadcrumb","itemListElement":[{"@type":"ListItem","position":1,"name":"Kezd\u0151lap","item":"https:\/\/hir.mediamarkt.hu\/magazin\/"},{"@type":"ListItem","position":2,"name":"Ak\u00e1r Poirot kedvence is lehetett volna: a gofri t\u00f6rt\u00e9nete, na \u00e9s tippek a h\u00e1zi s\u00fct\u00e9shez!"}]},{"@type":"WebSite","@id":"https:\/\/hir.mediamarkt.hu\/magazin\/#website","url":"https:\/\/hir.mediamarkt.hu\/magazin\/","name":"MediaMarkt Magazin","description":"Olvass bele magazinunkba!","potentialAction":[{"@type":"SearchAction","target":{"@type":"EntryPoint","urlTemplate":"https:\/\/hir.mediamarkt.hu\/magazin\/?s={search_term_string}"},"query-input":"required name=search_term_string"}],"inLanguage":"hu"},{"@type":"Person","@id":"https:\/\/hir.mediamarkt.hu\/magazin\/#\/schema\/person\/b93b02ec1ab4d2353f8d281e171c1b0b","name":"Media Markt","image":{"@type":"ImageObject","inLanguage":"hu","@id":"https:\/\/hir.mediamarkt.hu\/magazin\/#\/schema\/person\/image\/","url":"https:\/\/secure.gravatar.com\/avatar\/602bccae8998beee472d01909f0978f1?s=96&d=mm&r=g","contentUrl":"https:\/\/secure.gravatar.com\/avatar\/602bccae8998beee472d01909f0978f1?s=96&d=mm&r=g","caption":"Media Markt"}}]}},"_links":{"self":[{"href":"https:\/\/hir.mediamarkt.hu\/magazin\/wp-json\/wp\/v2\/posts\/8209"}],"collection":[{"href":"https:\/\/hir.mediamarkt.hu\/magazin\/wp-json\/wp\/v2\/posts"}],"about":[{"href":"https:\/\/hir.mediamarkt.hu\/magazin\/wp-json\/wp\/v2\/types\/post"}],"author":[{"embeddable":true,"href":"https:\/\/hir.mediamarkt.hu\/magazin\/wp-json\/wp\/v2\/users\/13"}],"replies":[{"embeddable":true,"href":"https:\/\/hir.mediamarkt.hu\/magazin\/wp-json\/wp\/v2\/comments?post=8209"}],"version-history":[{"count":3,"href":"https:\/\/hir.mediamarkt.hu\/magazin\/wp-json\/wp\/v2\/posts\/8209\/revisions"}],"predecessor-version":[{"id":8232,"href":"https:\/\/hir.mediamarkt.hu\/magazin\/wp-json\/wp\/v2\/posts\/8209\/revisions\/8232"}],"wp:featuredmedia":[{"embeddable":true,"href":"https:\/\/hir.mediamarkt.hu\/magazin\/wp-json\/wp\/v2\/media\/8222"}],"wp:attachment":[{"href":"https:\/\/hir.mediamarkt.hu\/magazin\/wp-json\/wp\/v2\/media?parent=8209"}],"wp:term":[{"taxonomy":"category","embeddable":true,"href":"https:\/\/hir.mediamarkt.hu\/magazin\/wp-json\/wp\/v2\/categories?post=8209"},{"taxonomy":"post_tag","embeddable":true,"href":"https:\/\/hir.mediamarkt.hu\/magazin\/wp-json\/wp\/v2\/tags?post=8209"}],"curies":[{"name":"wp","href":"https:\/\/api.w.org\/{rel}","templated":true}]}}