{"id":8323,"date":"2019-04-11T14:55:49","date_gmt":"2019-04-11T13:55:49","guid":{"rendered":"http:\/\/hir.mediamarkt.hu\/magazin\/?p=8323"},"modified":"2019-04-11T14:55:49","modified_gmt":"2019-04-11T13:55:49","slug":"a-taska-ami-oltoztet-ferfi-divat-a-mediamarkt-polcain-igen","status":"publish","type":"post","link":"https:\/\/hir.mediamarkt.hu\/magazin\/a-taska-ami-oltoztet-ferfi-divat-a-mediamarkt-polcain-igen\/","title":{"rendered":"A t\u00e1ska, ami \u00f6lt\u00f6ztet &#8211; f\u00e9rfi divat a MediaMarkt polcain? Igen!"},"content":{"rendered":"<b>M\u00e9g hogy csak a n\u0151k sz\u00e1m\u00e1ra fontos a kin\u00e9zet, a kieg\u00e9sz\u00edt\u0151k! Nem csak a l\u00e1nyok, h\u00f6lgyek, asszonyok halmozz\u00e1k a t\u00e1sk\u00e1kat az el\u0151szobai fogasokon, polcokon, szekr\u00e9nyekben \u00e9s gardr\u00f3bokban. Hanem sok esetben a f\u00e9rfiak is! \u00c9s tulajdonk\u00e9ppen j\u00f3l is teszik. A kin\u00e9zet ugyanis &#8211; f\u0151k\u00e9nt az \u00fczleti \u00e9letben &#8211; egy j\u00f3 \u00f6n\u00e9letrajznak felel meg. Sz\u00e9tn\u00e9zt\u00fcnk a MediaMarkt k\u00edn\u00e1lat\u00e1ban, milyen eleg\u00e1ns, sportos, sportos-eleg\u00e1ns laptop \u00e9s t\u00e1blag\u00e9p t\u00e1sk\u00e1k szerezhet\u0151k be az \u00e1ruh\u00e1zakban. \u00c9s \u00f6ssze is p\u00e1ros\u00edtottuk a legizgalmasabb tal\u00e1latokat n\u00e9h\u00e1ny f\u00e9rfi t\u00edpussal. Ha m\u00e9g nincs, vagy ha m\u00e1r olyan r\u00e9gi \u00e9s randa, hogy \u00faj k\u00e9ne, akkor ir\u00e1ny a tavasz els\u0151 meg\u00fajul\u00e1s\u00e1nak alappill\u00e9re: a laptopt\u00e1ska! \u00c1prilis 14-ig r\u00e1ad\u00e1sul bizonyos darabokra kupon kedvezm\u00e9ny is \u00e9rv\u00e9nyes*!<\/b><!--more-->\r\n\r\n&nbsp;\r\n<h2><b>V\u00e1llt\u00e1ska vagy h\u00e1tizs\u00e1k? Esetleg egy hordt\u00e1ska?<\/b><\/h2>\r\n&nbsp;\r\n\r\n<span style=\"font-weight: 400\">Kezdj\u00fck a form\u00e1val! B\u00e1r a laptop t\u00e1sk\u00e1k kapcs\u00e1n j\u00f3 es\u00e9llyel a t\u00f6bbs\u00e9g v\u00e1llon \u00e1tvethet\u0151 oldalt\u00e1sk\u00e1ra gondol, sokan szeretik a h\u00e1tukon vinni g\u00e9p\u00fcket \u00e9s persze annak tartoz\u00e9kait: a t\u00f6lt\u0151t, egeret, k\u00fcls\u0151 tabul\u00e1tort, power bank-et stb. Egyre gyakrabban l\u00e1tni a v\u00e1rosi fiatalok k\u00f6r\u00e9ben a \u201csulis\u201d h\u00e1tizs\u00e1kokat felv\u00e1lt\u00f3, a bring\u00e1s fut\u00e1rok hordoz\u00f3ira hajaz\u00f3 darabokat. A terhel\u00e9s itt is mindk\u00e9t v\u00e1llra esik, de a diz\u00e1jn m\u00e1r sokkal \u201cfeln\u0151ttesebb\u201d k\u00fcls\u0151t k\u00f6lcs\u00f6n\u00f6z visel\u0151j\u00e9nek. Persze nincs semmi baj a h\u00e1tizs\u00e1kos megold\u00e1ssal, de egy eleg\u00e1nsabb \u00f6lt\u00f6z\u00e9khez j\u00f3 es\u00e9llyel jobban passzol a klasszikus v\u00e1llt\u00e1ska \u00e9s az eml\u00edtett hordt\u00e1sk\u00e1s megold\u00e1s. <\/span>\r\n\r\n<span style=\"font-weight: 400\">A technikai fejl\u0151d\u00e9snek k\u00f6sz\u00f6nhet\u0151en egyre k\u00f6nnyebb g\u00e9pek mellett pedig b\u00e1tran v\u00e1laszthatjuk a \u201cf\u00e9l v\u00e1llr\u00f3l vehet\u0151\u201d verzi\u00f3t is. \u00c9s ha id\u0151nk\u00e9nt cser\u00e9lgetj\u00fck is a s\u00falypont oldal\u00e1t, biztos, hogy nem tehet\u00fcnk k\u00e1rt magunkban! A v\u00e1llt\u00e1sk\u00e1s megold\u00e1s ter\u00e9n hihetetlen gazdag a k\u00edn\u00e1lat, mind sz\u00ednben, mind form\u00e1ban k\u00f6nnyen tal\u00e1lhat b\u00e1rki megfelel\u0151 verzi\u00f3t a p\u00e9nzt\u00e1rc\u00e1ja \u00e9s \u00edzl\u00e9se sz\u00e1m\u00e1ra. \u00c9s ha m\u00e1r a sz\u00ednekn\u00e9l tartunk. L\u00e1ssuk, mib\u0151l \u00e9l\u00fcnk?<\/span>\r\n\r\n<img loading=\"lazy\" decoding=\"async\" class=\"alignnone wp-image-8341 size-full\" src=\"https:\/\/hir.mediamarkt.hu\/magazin\/wp-content\/uploads\/2019\/04\/pexels-photo-842991.jpeg\" alt=\"\" width=\"1880\" height=\"1273\" srcset=\"https:\/\/hir.mediamarkt.hu\/magazin\/wp-content\/uploads\/2019\/04\/pexels-photo-842991.jpeg 1440w, https:\/\/hir.mediamarkt.hu\/magazin\/wp-content\/uploads\/2019\/04\/pexels-photo-842991-275x186.jpeg 275w, https:\/\/hir.mediamarkt.hu\/magazin\/wp-content\/uploads\/2019\/04\/pexels-photo-842991-300x203.jpeg 300w, https:\/\/hir.mediamarkt.hu\/magazin\/wp-content\/uploads\/2019\/04\/pexels-photo-842991-768x520.jpeg 768w, https:\/\/hir.mediamarkt.hu\/magazin\/wp-content\/uploads\/2019\/04\/pexels-photo-842991-1024x693.jpeg 1024w\" sizes=\"(max-width: 1880px) 100vw, 1880px\" \/>\r\n\r\n&nbsp;\r\n<h2><b>Az \u00f6r\u00f6k klasszikus: fekete<\/b><\/h2>\r\n&nbsp;\r\n\r\n<span style=\"font-weight: 400\">Mindenhez megy, eleg\u00e1ns, kortalan. Persze van, aki nincs \u00e9rte \u00fagy meg\u0151r\u00fclve, mert kiss\u00e9 komor. Gy\u00e1szos. De t\u00e9ny, hogy egy egyszer\u0171, j\u00f3l szabott, funkcion\u00e1lis fekete t\u00e1ska sosem megy ki a divatb\u00f3l. A minimalista egy zseb\u0171t\u0151l az \u00f6sszetettebb verzi\u00f3ig b\u00e1rmi m\u0171k\u00f6dhet, b\u00e1rki sz\u00e1m\u00e1ra. \u00d6lt\u00f6nyh\u00f6z \u00e9s farmerhoz is hordhat\u00f3 a fekete laptopt\u00e1ska, sz\u00f3val a legegyszer\u0171bb dolgunk bizony\u00e1ra egy ilyen verzi\u00f3val van. M\u00e1s k\u00e9rd\u00e9s, hogy ha szeretn\u00e9nk kicsit t\u00f6bbet megmutatni az egy\u00e9nis\u00e9g\u00fcnkb\u0151l, vagy valamivel k\u00f6nnyedebben venni az \u00e9letet, lehet, b\u00e1trabb sz\u00ednekre lesz sz\u00fcks\u00e9g\u00fcnk. De ahogy jelezt\u00fck, a fekete \u00f6r\u00f6k darab, \u00fagyhogy ez esetben ink\u00e1bb az \u201c\u00e9s\u201d, mint a \u201cvagy\u201d m\u0171k\u00f6dik. Mindig legyen otthon egy egyszer\u0171, eleg\u00e1ns fekete tokunk, hogy ha kell, azonnal bevethess\u00fck az eleganci\u00e1t!<\/span>\r\n\r\n&nbsp;\r\n<h2><b>Sz\u00fcrke: kiseg\u00e9r sz\u00edn, vagy profizmus<\/b><\/h2>\r\n&nbsp;\r\n\r\n<span style=\"font-weight: 400\">A sz\u00fcrke sz\u00edn &#8211; megfelel\u0151 anyaggal p\u00e1ros\u00edtva &#8211; egyre komolyabb teret h\u00f3d\u00edt mag\u00e1nak a sportos elegancia vil\u00e1g\u00e1ban. Term\u00e9szetesen praktikus okokb\u00f3l is j\u00f3 v\u00e1laszt\u00e1s egy laptop, vagy b\u00e1rmilyen m\u00e1s t\u00e1ska kapcs\u00e1n ehhez a sz\u00ednhez fordulni, hiszen a t\u00e1rgyat \u00e9r\u0151 szennyez\u0151d\u00e9sek ezen l\u00e1tszanak tal\u00e1n a legkev\u00e9sb\u00e9 (rendben, egy b\u00f6gre k\u00e1v\u00e9 a sz\u00fcrk\u00e9n is felt\u0171n\u0151 l\u00e1tv\u00e1nyt fog produk\u00e1lni, de err\u0151l m\u00e1r t\u00e9nyleg csak az tehet, aki r\u00e1\u00f6nti az italt az anyagra). <\/span>\r\n\r\n<span style=\"font-weight: 400\">A sz\u00fcrke j\u00f3l p\u00e1ros\u00edthat\u00f3 a k\u00e9k, barna, z\u00f6ld k\u00fcl\u00f6nb\u00f6z\u0151, f\u00e9rfias \u00f6lt\u00f6z\u00e9kek vil\u00e1g\u00e1val. De kifejezetten j\u00f3l mutat must\u00e1r s\u00e1rg\u00e1val, bord\u00f3val is, amely sz\u00ednek az ut\u00f3bbi p\u00e1r szezonban mindenfele h\u00f3d\u00edtottak. A vil\u00e1gosabb sz\u00fcrke kifejezetten sportos hangulata barna b\u0151rrel \u00f6tv\u00f6zve m\u00e1r-m\u00e1r egyenesen par\u00e1d\u00e9s! M\u00edg a s\u00f6t\u00e9tebb \u00e1rnyalatok a visszafogottabb, \u201c\u00f6lt\u00f6ny\u00f6s\u201d t\u00edpushoz passzolnak jobban, addig a vil\u00e1gos hamusz\u00ednt a bermuda nadr\u00e1gosok fogj\u00e1k jobban elkapkodni.<\/span>\r\n\r\n&nbsp;\r\n\r\n<img loading=\"lazy\" decoding=\"async\" class=\"alignnone wp-image-8342 size-full\" src=\"https:\/\/hir.mediamarkt.hu\/magazin\/wp-content\/uploads\/2019\/04\/pexels-photo-936081.jpeg\" alt=\"\" width=\"1880\" height=\"1200\" srcset=\"https:\/\/hir.mediamarkt.hu\/magazin\/wp-content\/uploads\/2019\/04\/pexels-photo-936081.jpeg 1440w, https:\/\/hir.mediamarkt.hu\/magazin\/wp-content\/uploads\/2019\/04\/pexels-photo-936081-275x176.jpeg 275w, https:\/\/hir.mediamarkt.hu\/magazin\/wp-content\/uploads\/2019\/04\/pexels-photo-936081-300x191.jpeg 300w, https:\/\/hir.mediamarkt.hu\/magazin\/wp-content\/uploads\/2019\/04\/pexels-photo-936081-768x490.jpeg 768w, https:\/\/hir.mediamarkt.hu\/magazin\/wp-content\/uploads\/2019\/04\/pexels-photo-936081-1024x654.jpeg 1024w\" sizes=\"(max-width: 1880px) 100vw, 1880px\" \/>\r\n<h2><\/h2>\r\n<h2><b>S\u00f6t\u00e9tk\u00e9k, barna, z\u00f6ld<\/b><\/h2>\r\n&nbsp;\r\n\r\n<span style=\"font-weight: 400\">A laptop t\u00e1ska divat a legt\u00f6bbsz\u00f6r m\u00e9g mindig keresi a nat\u00far, visszafogott sz\u00edneket \u00e9s form\u00e1kat, amellyel egy-egy t\u00e1rgyal\u00e1son, prezent\u00e1ci\u00f3n b\u00e1rki magabiztos fell\u00e9p\u00e9st tan\u00fas\u00edthat. Az \u00fcgyesen kiv\u00e1lasztott kieg\u00e9sz\u00edt\u0151 \u00e9s \u00f6lt\u00f6z\u00e9k harm\u00f3ni\u00e1ja nem kell, hogy t\u00falzottan piperk\u0151c (vagy ha \u00fagy tetszik hipszter) legyen. El\u00e9g, ha az \u00f6szt\u00f6n\u00f6s sz\u00edn v\u00e1laszt\u00e1sunk alapj\u00e1n d\u00f6nt\u00fcnk. Azt persze nem \u00e1rt n\u00e9ha szem el\u0151tt tartani, hogy az unalmas, b\u00e1r biztons\u00e1gos, nem minden esetben nyer\u0151. Egy sima, s\u00f6t\u00e9tebb \u00e1rnyalat\u00fa z\u00f6ld, k\u00e9k, vagy egy m\u00e9lybarna, meleg sz\u00f6vet lehet izgalmas, csak azz\u00e1 kell tudnunk var\u00e1zsolni. Az egyszer\u0171s\u00e9g lehet sikkes, de ha \u201cminden mindegy\u201d alapon dob\u00e1ljuk \u00f6ssze a kin\u00e9zet\u00fcnkkel, k\u00f6nnyen elveszhet\u00fcnk az \u00e9rdektelen geek-ek t\u00f6meg\u00e9ben. <\/span>\r\n\r\n&nbsp;\r\n<h2><b>V\u00f6r\u00f6s \u00e9s egy\u00e9b vads\u00e1gok<\/b><\/h2>\r\n&nbsp;\r\n\r\n<span style=\"font-weight: 400\">A piros sz\u00edn egy \u00e1ll\u00e1sfoglal\u00e1s, amellyel visel\u0151je (vagy egy t\u00e1ska eset\u00e9ben tulajdonosa) kifejezi, igenis sz\u00e1m\u00edt, hogy itt vagyok. \u00c9s \u00e9rdekel, hogyan festek. Az eg\u00e9szs\u00e9ges keretek k\u00f6z\u00f6tt tartott, de magabiztos EGO nyer\u0151 az \u00fczleti \u00e9letben \u00e9pp \u00fagy, mint mondjuk p\u00e1rkeres\u00e9sn\u00e9l. Ezzel nem azt mondjuk, hogy egy piros laptop t\u00e1sk\u00e1val biztos, hogy megkapsz egy munk\u00e1t, egy t\u00e1mogat\u00e1st, vagy egy n\u0151 sz\u00edv\u00e9t. Nem is illik mindenki szem\u00e9lyis\u00e9g\u00e9hez a hars\u00e1nyabb kinyilatkoztat\u00e1s. De aki a \u201ckakaskod\u00f3bb\u201d fajt\u00e1b\u00f3l val\u00f3, b\u00e1tran ny\u00falhat a vadabb sz\u00ednekhez, m\u00e9g egy ilyen kieg\u00e9sz\u00edt\u0151, mint a laptop t\u00e1ska kapcs\u00e1n. <\/span>\r\n\r\n<span style=\"font-weight: 400\">A professzion\u00e1lis kin\u00e9zet kapcs\u00e1n a mint\u00e1k m\u00e1r sokkal nagyobb \u00f3vatoss\u00e1ggal kezelend\u0151k, az \u00e1tlagos piac nem is nagyon k\u00edn\u00e1l opci\u00f3t ezen a t\u00e9ren. Az\u00e9rt persze akadnak olyan darabok, ahol t\u00f6bb sz\u00edn, \u00e1ltal\u00e1ban geometrikusan elrendezve megf\u00e9r egym\u00e1ssal. N\u00e9h\u00e1ny gy\u00e1rt\u00f3 szeret a cipz\u00e1rakkal, esetleg a zsebekkel \u00e9s a b\u00e9l\u00e9sekkel j\u00e1tszani. Ezekhez b\u00e1tran ny\u00falhatunk mi is, f\u0151leg, ha harm\u00f3ni\u00e1ban vannak a sz\u00ednek az egy\u00e9nis\u00e9g\u00fcnkkel. <\/span>\r\n\r\n<img loading=\"lazy\" decoding=\"async\" class=\"alignnone wp-image-8339 size-full\" src=\"https:\/\/hir.mediamarkt.hu\/magazin\/wp-content\/uploads\/2019\/04\/HAMA-Manchester-15-6-barna-notebook-t\u00e1ska-101872.png\" alt=\"\" width=\"786\" height=\"587\" srcset=\"https:\/\/hir.mediamarkt.hu\/magazin\/wp-content\/uploads\/2019\/04\/HAMA-Manchester-15-6-barna-notebook-t\u00e1ska-101872.png 786w, https:\/\/hir.mediamarkt.hu\/magazin\/wp-content\/uploads\/2019\/04\/HAMA-Manchester-15-6-barna-notebook-t\u00e1ska-101872-275x205.png 275w, https:\/\/hir.mediamarkt.hu\/magazin\/wp-content\/uploads\/2019\/04\/HAMA-Manchester-15-6-barna-notebook-t\u00e1ska-101872-300x224.png 300w, https:\/\/hir.mediamarkt.hu\/magazin\/wp-content\/uploads\/2019\/04\/HAMA-Manchester-15-6-barna-notebook-t\u00e1ska-101872-768x574.png 768w\" sizes=\"(max-width: 786px) 100vw, 786px\" \/>\r\n<h2><\/h2>\r\n<h2><b>Egy\u00e9ni j\u00e1t\u00e9kok<\/b><\/h2>\r\n&nbsp;\r\n\r\n<span style=\"font-weight: 400\">B\u00e1r erre kev\u00e9s term\u00e9k ad lehet\u0151s\u00e9get, a laptopt\u00e1sk\u00e1k fel- \u00e9s leszerelhet\u0151 v\u00e1llp\u00e1ntjainak vari\u00e1l\u00e1sa is izgalmas, egy\u00e9ni \u00edzt adhat kin\u00e9zet\u00fcnknek. Ha lehet\u0151s\u00e9g\u00fcnk van, pr\u00f3b\u00e1ljuk p\u00e9ld\u00e1ul ki, hogyan fest egy k\u00e9k t\u00e1ska barna p\u00e1nttal \u00e9s viszont. Emellett nyilv\u00e1n az egy\u00e9ni log\u00f3k, feliratok nyomtat\u00e1sa, matric\u00e1z\u00e1sa is sz\u00f3ba j\u00f6het, de itt, ahogy a mint\u00e1k kapcs\u00e1n az\u00e9rt visszafogotts\u00e1gra inten\u00e9nk mindenkit. Nyilv\u00e1n egy stylist munkak\u00f6rben b\u0151ven van lehet\u0151s\u00e9g az ilyen k\u00eds\u00e9rletekre. De egy jog\u00e1sz eset\u00e9ben m\u00e1r lehet, hogy h\u00e1tr\u00e1ny, ha mondjuk hatalmas Rock n\u2019 Roll felirat\u00fa t\u00e1sk\u00e1val vonul be a t\u00e1rgyal\u00f3terembe. B\u00e1r lehet, b\u00edr\u00f3ja v\u00e1logatja\u2026<\/span>\r\n\r\n&nbsp;\r\n<h2><b>\u00c9s persze a legfontosabb szempont: a praktikum!<\/b><\/h2>\r\n&nbsp;\r\n\r\n<span style=\"font-weight: 400\">B\u00e1rmilyen karakter\u0171ek is vagyunk, az\u00e9rt a laptop t\u00e1sk\u00e1k kapcs\u00e1n m\u00e9giscsak a v\u00e9delmi funkci\u00f3 \u00e9lvezi a legnagyobb priorit\u00e1st. J\u00f3l n\u00e9zz\u00fck meg, mit vesz\u00fcnk. A f\u0151 szempontok term\u00e9szetesen, hogy<\/span>\r\n<ul>\r\n \t<li style=\"font-weight: 400\"><span style=\"font-weight: 400\">megfelel-e egy\u00e1ltal\u00e1n a m\u00e9ret?<\/span><\/li>\r\n \t<li style=\"font-weight: 400\"><span style=\"font-weight: 400\">a g\u00e9pen k\u00edv\u00fcl belef\u00e9r-e m\u00e1s is a t\u00e1sk\u00e1ba (ha nem, sz\u00fcks\u00e9ges-e, hogy belef\u00e9rjen)?<\/span><\/li>\r\n \t<li style=\"font-weight: 400\"><span style=\"font-weight: 400\">a tok anyaga v\u00edz\u00e1ll\u00f3-e? <\/span><\/li>\r\n \t<li style=\"font-weight: 400\"><span style=\"font-weight: 400\">mennyire \u00fct\u00e9s\u00e1ll\u00f3 a t\u00e1ska, milyen m\u00e9rt\u00e9kben van kip\u00e1rn\u00e1zva? <\/span><\/li>\r\n<\/ul>\r\n&nbsp;\r\n\r\n<span style=\"font-weight: 400\">Emellett a k\u00e9zi \u201cf\u00fcl\u201d \u00e9s a v\u00e1llp\u00e1nt is nyilv\u00e1n fontos k\u00e9rd\u00e9s. B\u00e1r mi azt javasoljuk, hogy a legegyszer\u0171bb, \u201cbor\u00edt\u00e9k\u201d t\u00e1sk\u00e1t is v\u00e1lasszuk ki k\u00f6r\u00fcltekint\u0151en. Hiszen pl. el\u0151ad\u00f3k\u00e9nt, \u00e1trohanva A-b\u00f3l B-be, n\u00e9h\u00e1ny jegyzettel, apr\u00f3s\u00e1ggal, ez is elegend\u0151 &#8211; \u00e9s l\u00e1tv\u00e1nyos &#8211; lehet. Illetve plusz v\u00e9delmet biztos\u00edthat egy \u00f6sszetettebb hordoz\u00f3ban, pl. egy hordt\u00e1sk\u00e1ban. Merj\u00fcnk teh\u00e1t j\u00e1tszani, ne gondoljunk puszt\u00e1n \u00fagy a laptopt\u00e1sk\u00e1ra, mint \u201csz\u00fcks\u00e9ges rosszra\u201d, ami kell a g\u00e9phez. Hanem tekints\u00fck az \u00f6lt\u00f6z\u00e9k\u00fcnk r\u00e9sz\u00e9nek, amely bizonyos m\u00e9rt\u00e9kben meghat\u00e1roz, \u00fczen \u00e9s az \u00fczleti \u00e9letben \u201cbel\u00f6vi az \u00e1runkat\u201d is. <\/span>\r\n\r\n&nbsp;\r\n<h2><strong>Kapcsol\u00f3d\u00f3 MediaMarkt term\u00e9kek: <\/strong><\/h2>\r\n&nbsp;\r\n\r\n<a href=\"https:\/\/www.mediamarkt.hu\/hu\/category\/_laptop-t%C3%A1ska-tok-504835.html?searchParams=&amp;sort=desc_price&amp;view=PRODUCTLIST&amp;page=1\"><span style=\"font-weight: 400\">237 db laptop t\u00e1ska &amp; tok online piacter\u00fcnk\u00f6n!<\/span><\/a>\r\n\r\n<a href=\"https:\/\/www.mediamarkt.hu\/hu\/product\/_hp-envy-urban-14-hordt%C3%A1ska-sz%C3%BCrke-3kj74aa-1281871.html\"><span style=\"font-weight: 400\">HP Envy Urban 14&#8243; hordt\u00e1ska, sz\u00fcrke (3KJ74AA)<\/span><\/a><span style=\"font-weight: 400\">, 24 999 Ft<\/span>\r\n\r\n<a href=\"https:\/\/www.mediamarkt.hu\/hu\/product\/_hp-envy-urban-15-6-notebook-h%C3%A1tizs%C3%A1k-3kj72aa-1277788.html\"><span style=\"font-weight: 400\">HP Envy Urban 15,6&#8243; notebook h\u00e1tizs\u00e1k (3KJ72AA)<\/span><\/a><span style=\"font-weight: 400\">, 26 999 Ft<\/span>\r\n\r\n<a href=\"https:\/\/www.mediamarkt.hu\/hu\/product\/_thule-gauntlet-attach%C3%A9-macbook-pro-with-retina-15-t%C3%A1ska-tgae-2254k-1207511.html\"><span style=\"font-weight: 400\">THULE Gauntlet Attach\u00e9 MacBook Pro with Retina 15&#8243; t\u00e1ska (TGAE-2254K)<\/span><\/a><span style=\"font-weight: 400\">, 26 999 Ft<\/span>\r\n\r\n<a href=\"https:\/\/www.mediamarkt.hu\/hu\/product\/_asus-rog-ranger-2in-1-h%C3%A1tizs%C3%A1k-1283098.html\"><span style=\"font-weight: 400\">ASUS ROG Ranger 2in 1 h\u00e1tizs\u00e1k<\/span><\/a><span style=\"font-weight: 400\">, 49 999 Ft<\/span>\r\n\r\n<a href=\"https:\/\/www.mediamarkt.hu\/hu\/product\/_samsonite-qibyte-15-6-k%C3%A9k-notebook-t%C3%A1ska-1254102.html\"><span style=\"font-weight: 400\">SAMSONITE Qibyte 15.6&#8243; k\u00e9k notebook t\u00e1ska<\/span><\/a><span style=\"font-weight: 400\">, 19 999 Ft<\/span>\r\n\r\n<a href=\"https:\/\/www.mediamarkt.hu\/hu\/product\/_american-tourister-3-way-boarding-bag-fekete-k%C3%A9k-15-notebook-h%C3%A1tizs%C3%A1kt%C3%A1ska-1230843.html\"><span style=\"font-weight: 400\">AMERICAN TOURISTER 3 &#8211; Way Boarding bag fekete- k\u00e9k 15&#8243; notebook h\u00e1tizs\u00e1kt\u00e1ska<\/span><\/a><span style=\"font-weight: 400\">, 13 599 Ft<\/span>\r\n\r\n<a href=\"https:\/\/www.mediamarkt.hu\/hu\/product\/_huawei-matebook-sz%C3%BCrke-notebook-t%C3%A1ska-1279475.html\"><span style=\"font-weight: 400\">HUAWEI Matebook sz\u00fcrke notebook t\u00e1ska<\/span><\/a><span style=\"font-weight: 400\">, 14 999 Ft<\/span>\r\n\r\n<a href=\"https:\/\/www.mediamarkt.hu\/hu\/product\/_american-tourister-3-way-boarding-bag-fekete-sz%C3%BCrke-15-notebook-h%C3%A1tizs%C3%A1kt%C3%A1ska-1230842.html\"><span style=\"font-weight: 400\">AMERICAN TOURISTER 3 &#8211; Way Boarding bag fekete- sz\u00fcrke 15&#8243; notebook h\u00e1tizs\u00e1kt\u00e1ska<\/span><\/a><span style=\"font-weight: 400\">, 13 599 Ft<\/span>\r\n\r\n<a href=\"https:\/\/www.mediamarkt.hu\/hu\/product\/_hama-manchester-15-6-barna-notebook-t%C3%A1ska-101872-1273963.html\"><span style=\"font-weight: 400\">HAMA Manchester 15,6 barna notebook t\u00e1ska (101872)<\/span><\/a><span style=\"font-weight: 400\">, 12 499 Ft<\/span>\r\n\r\n<a href=\"https:\/\/www.mediamarkt.hu\/hu\/product\/_samsonite-network3-z%C3%B6ld-laptopt%C3%A1ska-15-6-cc8-04007-1267912.html\"><span style=\"font-weight: 400\">SAMSONITE Network3 z\u00f6ld laptopt\u00e1ska 15,6&#8243; (CC8 04007)<\/span><\/a><span style=\"font-weight: 400\">, 11 199 Ft<\/span>\r\n\r\n<a href=\"https:\/\/www.mediamarkt.hu\/hu\/product\/_case-logic-huxton-15-6-k%C3%A9k-laptop-t%C3%A1ska-huxb-115b-1199399.html\"><span style=\"font-weight: 400\">CASE LOGIC Huxton 15,6&#8243; k\u00e9k laptop t\u00e1ska (HUXB-115B)<\/span><\/a><span style=\"font-weight: 400\">, 13 899 Ft<\/span>\r\n\r\n<a href=\"https:\/\/www.mediamarkt.hu\/hu\/product\/_samsonite-samsonite-colorshield-2-laptop-tok-15-6-piros-1281019.html\"><span style=\"font-weight: 400\">SAMSONITE Samsonite Colorshield 2 Laptop tok 15.6&#8243; piros<\/span><\/a><span style=\"font-weight: 400\">, 11 999 Ft<\/span>\r\n\r\n&nbsp;\r\n\r\n<span style=\"font-weight: 400\">*Kupon napok aj\u00e1nlat! A MediaMarkt web\u00e1ruh\u00e1z\u00e1ban m\u00e1r a kuponos kedvezm\u00e9nnyel cs\u00f6kkentett \u00e1rakat l\u00e1tod! \u00c9rv\u00e9nyes: 2019.04.11. \u00e9s 04.14. k\u00f6z\u00f6tt!<\/span>\r\n\r\n&nbsp;\r\n\r\n<img loading=\"lazy\" decoding=\"async\" class=\"alignnone size-full wp-image-8324\" src=\"https:\/\/hir.mediamarkt.hu\/magazin\/wp-content\/uploads\/2019\/04\/AMERICAN-TOURISTER-3-Way-Boarding-bag-fekete-k\u00e9k-15_-notebook-h\u00e1tizs\u00e1kt\u00e1ska-1.png\" alt=\"\" width=\"786\" height=\"587\" srcset=\"https:\/\/hir.mediamarkt.hu\/magazin\/wp-content\/uploads\/2019\/04\/AMERICAN-TOURISTER-3-Way-Boarding-bag-fekete-k\u00e9k-15_-notebook-h\u00e1tizs\u00e1kt\u00e1ska-1.png 786w, https:\/\/hir.mediamarkt.hu\/magazin\/wp-content\/uploads\/2019\/04\/AMERICAN-TOURISTER-3-Way-Boarding-bag-fekete-k\u00e9k-15_-notebook-h\u00e1tizs\u00e1kt\u00e1ska-1-275x205.png 275w, https:\/\/hir.mediamarkt.hu\/magazin\/wp-content\/uploads\/2019\/04\/AMERICAN-TOURISTER-3-Way-Boarding-bag-fekete-k\u00e9k-15_-notebook-h\u00e1tizs\u00e1kt\u00e1ska-1-300x224.png 300w, https:\/\/hir.mediamarkt.hu\/magazin\/wp-content\/uploads\/2019\/04\/AMERICAN-TOURISTER-3-Way-Boarding-bag-fekete-k\u00e9k-15_-notebook-h\u00e1tizs\u00e1kt\u00e1ska-1-768x574.png 768w\" sizes=\"(max-width: 786px) 100vw, 786px\" \/> <img loading=\"lazy\" decoding=\"async\" class=\"alignnone size-medium wp-image-8325\" src=\"https:\/\/hir.mediamarkt.hu\/magazin\/wp-content\/uploads\/2019\/04\/AMERICAN-TOURISTER-3-Way-Boarding-bag-fekete-k\u00e9k-15_-notebook-h\u00e1tizs\u00e1kt\u00e1ska-2-300x224.png\" alt=\"\" width=\"300\" height=\"224\" srcset=\"https:\/\/hir.mediamarkt.hu\/magazin\/wp-content\/uploads\/2019\/04\/AMERICAN-TOURISTER-3-Way-Boarding-bag-fekete-k\u00e9k-15_-notebook-h\u00e1tizs\u00e1kt\u00e1ska-2-300x224.png 300w, https:\/\/hir.mediamarkt.hu\/magazin\/wp-content\/uploads\/2019\/04\/AMERICAN-TOURISTER-3-Way-Boarding-bag-fekete-k\u00e9k-15_-notebook-h\u00e1tizs\u00e1kt\u00e1ska-2-275x205.png 275w, https:\/\/hir.mediamarkt.hu\/magazin\/wp-content\/uploads\/2019\/04\/AMERICAN-TOURISTER-3-Way-Boarding-bag-fekete-k\u00e9k-15_-notebook-h\u00e1tizs\u00e1kt\u00e1ska-2-768x574.png 768w, https:\/\/hir.mediamarkt.hu\/magazin\/wp-content\/uploads\/2019\/04\/AMERICAN-TOURISTER-3-Way-Boarding-bag-fekete-k\u00e9k-15_-notebook-h\u00e1tizs\u00e1kt\u00e1ska-2.png 786w\" sizes=\"(max-width: 300px) 100vw, 300px\" \/> <img loading=\"lazy\" decoding=\"async\" class=\"alignnone size-medium wp-image-8326\" src=\"https:\/\/hir.mediamarkt.hu\/magazin\/wp-content\/uploads\/2019\/04\/AMERICAN-TOURISTER-3-Way-Boarding-bag-fekete-k\u00e9k-15_-notebook-h\u00e1tizs\u00e1kt\u00e1ska-3-300x224.png\" alt=\"\" width=\"300\" height=\"224\" srcset=\"https:\/\/hir.mediamarkt.hu\/magazin\/wp-content\/uploads\/2019\/04\/AMERICAN-TOURISTER-3-Way-Boarding-bag-fekete-k\u00e9k-15_-notebook-h\u00e1tizs\u00e1kt\u00e1ska-3-300x224.png 300w, https:\/\/hir.mediamarkt.hu\/magazin\/wp-content\/uploads\/2019\/04\/AMERICAN-TOURISTER-3-Way-Boarding-bag-fekete-k\u00e9k-15_-notebook-h\u00e1tizs\u00e1kt\u00e1ska-3-275x205.png 275w, https:\/\/hir.mediamarkt.hu\/magazin\/wp-content\/uploads\/2019\/04\/AMERICAN-TOURISTER-3-Way-Boarding-bag-fekete-k\u00e9k-15_-notebook-h\u00e1tizs\u00e1kt\u00e1ska-3-768x574.png 768w, https:\/\/hir.mediamarkt.hu\/magazin\/wp-content\/uploads\/2019\/04\/AMERICAN-TOURISTER-3-Way-Boarding-bag-fekete-k\u00e9k-15_-notebook-h\u00e1tizs\u00e1kt\u00e1ska-3.png 786w\" sizes=\"(max-width: 300px) 100vw, 300px\" \/> <img loading=\"lazy\" decoding=\"async\" class=\"alignnone size-medium wp-image-8327\" src=\"https:\/\/hir.mediamarkt.hu\/magazin\/wp-content\/uploads\/2019\/04\/AMERICAN-TOURISTER-3-Way-Boarding-bag-fekete-k\u00e9k-15_-notebook-h\u00e1tizs\u00e1kt\u00e1ska-4-300x224.png\" alt=\"\" width=\"300\" height=\"224\" srcset=\"https:\/\/hir.mediamarkt.hu\/magazin\/wp-content\/uploads\/2019\/04\/AMERICAN-TOURISTER-3-Way-Boarding-bag-fekete-k\u00e9k-15_-notebook-h\u00e1tizs\u00e1kt\u00e1ska-4-300x224.png 300w, https:\/\/hir.mediamarkt.hu\/magazin\/wp-content\/uploads\/2019\/04\/AMERICAN-TOURISTER-3-Way-Boarding-bag-fekete-k\u00e9k-15_-notebook-h\u00e1tizs\u00e1kt\u00e1ska-4-275x205.png 275w, https:\/\/hir.mediamarkt.hu\/magazin\/wp-content\/uploads\/2019\/04\/AMERICAN-TOURISTER-3-Way-Boarding-bag-fekete-k\u00e9k-15_-notebook-h\u00e1tizs\u00e1kt\u00e1ska-4-768x574.png 768w, https:\/\/hir.mediamarkt.hu\/magazin\/wp-content\/uploads\/2019\/04\/AMERICAN-TOURISTER-3-Way-Boarding-bag-fekete-k\u00e9k-15_-notebook-h\u00e1tizs\u00e1kt\u00e1ska-4.png 786w\" sizes=\"(max-width: 300px) 100vw, 300px\" \/> <img loading=\"lazy\" decoding=\"async\" class=\"alignnone size-medium wp-image-8328\" src=\"https:\/\/hir.mediamarkt.hu\/magazin\/wp-content\/uploads\/2019\/04\/AMERICAN-TOURISTER-3-Way-Boarding-bag-fekete-k\u00e9k-15_-notebook-h\u00e1tizs\u00e1kt\u00e1ska-300x224.png\" alt=\"\" width=\"300\" height=\"224\" srcset=\"https:\/\/hir.mediamarkt.hu\/magazin\/wp-content\/uploads\/2019\/04\/AMERICAN-TOURISTER-3-Way-Boarding-bag-fekete-k\u00e9k-15_-notebook-h\u00e1tizs\u00e1kt\u00e1ska-300x224.png 300w, https:\/\/hir.mediamarkt.hu\/magazin\/wp-content\/uploads\/2019\/04\/AMERICAN-TOURISTER-3-Way-Boarding-bag-fekete-k\u00e9k-15_-notebook-h\u00e1tizs\u00e1kt\u00e1ska-275x205.png 275w, https:\/\/hir.mediamarkt.hu\/magazin\/wp-content\/uploads\/2019\/04\/AMERICAN-TOURISTER-3-Way-Boarding-bag-fekete-k\u00e9k-15_-notebook-h\u00e1tizs\u00e1kt\u00e1ska-768x574.png 768w, https:\/\/hir.mediamarkt.hu\/magazin\/wp-content\/uploads\/2019\/04\/AMERICAN-TOURISTER-3-Way-Boarding-bag-fekete-k\u00e9k-15_-notebook-h\u00e1tizs\u00e1kt\u00e1ska.png 786w\" sizes=\"(max-width: 300px) 100vw, 300px\" \/> <img loading=\"lazy\" decoding=\"async\" class=\"alignnone size-medium wp-image-8329\" src=\"https:\/\/hir.mediamarkt.hu\/magazin\/wp-content\/uploads\/2019\/04\/ASUS-ROG-Ranger-2in-1-h\u00e1tizs\u00e1k-1-300x224.png\" alt=\"\" width=\"300\" height=\"224\" srcset=\"https:\/\/hir.mediamarkt.hu\/magazin\/wp-content\/uploads\/2019\/04\/ASUS-ROG-Ranger-2in-1-h\u00e1tizs\u00e1k-1-300x224.png 300w, https:\/\/hir.mediamarkt.hu\/magazin\/wp-content\/uploads\/2019\/04\/ASUS-ROG-Ranger-2in-1-h\u00e1tizs\u00e1k-1-275x205.png 275w, https:\/\/hir.mediamarkt.hu\/magazin\/wp-content\/uploads\/2019\/04\/ASUS-ROG-Ranger-2in-1-h\u00e1tizs\u00e1k-1-768x574.png 768w, https:\/\/hir.mediamarkt.hu\/magazin\/wp-content\/uploads\/2019\/04\/ASUS-ROG-Ranger-2in-1-h\u00e1tizs\u00e1k-1.png 786w\" sizes=\"(max-width: 300px) 100vw, 300px\" \/> <img loading=\"lazy\" decoding=\"async\" class=\"alignnone size-medium wp-image-8330\" src=\"https:\/\/hir.mediamarkt.hu\/magazin\/wp-content\/uploads\/2019\/04\/ASUS-ROG-Ranger-2in-1-h\u00e1tizs\u00e1k-300x224.png\" alt=\"\" width=\"300\" height=\"224\" srcset=\"https:\/\/hir.mediamarkt.hu\/magazin\/wp-content\/uploads\/2019\/04\/ASUS-ROG-Ranger-2in-1-h\u00e1tizs\u00e1k-300x224.png 300w, https:\/\/hir.mediamarkt.hu\/magazin\/wp-content\/uploads\/2019\/04\/ASUS-ROG-Ranger-2in-1-h\u00e1tizs\u00e1k-275x205.png 275w, https:\/\/hir.mediamarkt.hu\/magazin\/wp-content\/uploads\/2019\/04\/ASUS-ROG-Ranger-2in-1-h\u00e1tizs\u00e1k-768x574.png 768w, https:\/\/hir.mediamarkt.hu\/magazin\/wp-content\/uploads\/2019\/04\/ASUS-ROG-Ranger-2in-1-h\u00e1tizs\u00e1k.png 786w\" sizes=\"(max-width: 300px) 100vw, 300px\" \/> <img loading=\"lazy\" decoding=\"async\" class=\"alignnone size-medium wp-image-8331\" src=\"https:\/\/hir.mediamarkt.hu\/magazin\/wp-content\/uploads\/2019\/04\/CASE-LOGIC-Huxton-15-6_-k\u00e9k-laptop-t\u00e1ska-HUXB-115B-1-300x224.png\" alt=\"\" width=\"300\" height=\"224\" srcset=\"https:\/\/hir.mediamarkt.hu\/magazin\/wp-content\/uploads\/2019\/04\/CASE-LOGIC-Huxton-15-6_-k\u00e9k-laptop-t\u00e1ska-HUXB-115B-1-300x224.png 300w, https:\/\/hir.mediamarkt.hu\/magazin\/wp-content\/uploads\/2019\/04\/CASE-LOGIC-Huxton-15-6_-k\u00e9k-laptop-t\u00e1ska-HUXB-115B-1-275x205.png 275w, https:\/\/hir.mediamarkt.hu\/magazin\/wp-content\/uploads\/2019\/04\/CASE-LOGIC-Huxton-15-6_-k\u00e9k-laptop-t\u00e1ska-HUXB-115B-1-768x574.png 768w, https:\/\/hir.mediamarkt.hu\/magazin\/wp-content\/uploads\/2019\/04\/CASE-LOGIC-Huxton-15-6_-k\u00e9k-laptop-t\u00e1ska-HUXB-115B-1.png 786w\" sizes=\"(max-width: 300px) 100vw, 300px\" \/> <img loading=\"lazy\" decoding=\"async\" class=\"alignnone size-medium wp-image-8332\" src=\"https:\/\/hir.mediamarkt.hu\/magazin\/wp-content\/uploads\/2019\/04\/CASE-LOGIC-Huxton-15-6_-k\u00e9k-laptop-t\u00e1ska-HUXB-115B-300x224.png\" alt=\"\" width=\"300\" height=\"224\" srcset=\"https:\/\/hir.mediamarkt.hu\/magazin\/wp-content\/uploads\/2019\/04\/CASE-LOGIC-Huxton-15-6_-k\u00e9k-laptop-t\u00e1ska-HUXB-115B-300x224.png 300w, https:\/\/hir.mediamarkt.hu\/magazin\/wp-content\/uploads\/2019\/04\/CASE-LOGIC-Huxton-15-6_-k\u00e9k-laptop-t\u00e1ska-HUXB-115B-275x205.png 275w, https:\/\/hir.mediamarkt.hu\/magazin\/wp-content\/uploads\/2019\/04\/CASE-LOGIC-Huxton-15-6_-k\u00e9k-laptop-t\u00e1ska-HUXB-115B-768x574.png 768w, https:\/\/hir.mediamarkt.hu\/magazin\/wp-content\/uploads\/2019\/04\/CASE-LOGIC-Huxton-15-6_-k\u00e9k-laptop-t\u00e1ska-HUXB-115B.png 786w\" sizes=\"(max-width: 300px) 100vw, 300px\" \/> <img loading=\"lazy\" decoding=\"async\" class=\"alignnone size-medium wp-image-8333\" src=\"https:\/\/hir.mediamarkt.hu\/magazin\/wp-content\/uploads\/2019\/04\/fee_786_587_png-1-300x224.png\" alt=\"\" width=\"300\" height=\"224\" srcset=\"https:\/\/hir.mediamarkt.hu\/magazin\/wp-content\/uploads\/2019\/04\/fee_786_587_png-1-300x224.png 300w, https:\/\/hir.mediamarkt.hu\/magazin\/wp-content\/uploads\/2019\/04\/fee_786_587_png-1-275x205.png 275w, https:\/\/hir.mediamarkt.hu\/magazin\/wp-content\/uploads\/2019\/04\/fee_786_587_png-1-768x574.png 768w, https:\/\/hir.mediamarkt.hu\/magazin\/wp-content\/uploads\/2019\/04\/fee_786_587_png-1.png 786w\" sizes=\"(max-width: 300px) 100vw, 300px\" \/> <img loading=\"lazy\" decoding=\"async\" class=\"alignnone size-medium wp-image-8334\" src=\"https:\/\/hir.mediamarkt.hu\/magazin\/wp-content\/uploads\/2019\/04\/fee_786_587_png-2-300x224.png\" alt=\"\" width=\"300\" height=\"224\" srcset=\"https:\/\/hir.mediamarkt.hu\/magazin\/wp-content\/uploads\/2019\/04\/fee_786_587_png-2-300x224.png 300w, https:\/\/hir.mediamarkt.hu\/magazin\/wp-content\/uploads\/2019\/04\/fee_786_587_png-2-275x205.png 275w, https:\/\/hir.mediamarkt.hu\/magazin\/wp-content\/uploads\/2019\/04\/fee_786_587_png-2-768x574.png 768w, https:\/\/hir.mediamarkt.hu\/magazin\/wp-content\/uploads\/2019\/04\/fee_786_587_png-2.png 786w\" sizes=\"(max-width: 300px) 100vw, 300px\" \/> <img loading=\"lazy\" decoding=\"async\" class=\"alignnone size-medium wp-image-8335\" src=\"https:\/\/hir.mediamarkt.hu\/magazin\/wp-content\/uploads\/2019\/04\/fee_786_587_png-300x224.png\" alt=\"\" width=\"300\" height=\"224\" srcset=\"https:\/\/hir.mediamarkt.hu\/magazin\/wp-content\/uploads\/2019\/04\/fee_786_587_png-300x224.png 300w, https:\/\/hir.mediamarkt.hu\/magazin\/wp-content\/uploads\/2019\/04\/fee_786_587_png-275x205.png 275w, https:\/\/hir.mediamarkt.hu\/magazin\/wp-content\/uploads\/2019\/04\/fee_786_587_png-768x574.png 768w, https:\/\/hir.mediamarkt.hu\/magazin\/wp-content\/uploads\/2019\/04\/fee_786_587_png.png 786w\" sizes=\"(max-width: 300px) 100vw, 300px\" \/> <img loading=\"lazy\" decoding=\"async\" class=\"alignnone size-medium wp-image-8336\" src=\"https:\/\/hir.mediamarkt.hu\/magazin\/wp-content\/uploads\/2019\/04\/HAMA-Manchester-15-6-barna-notebook-t\u00e1ska-101872-1-300x224.png\" alt=\"\" width=\"300\" height=\"224\" srcset=\"https:\/\/hir.mediamarkt.hu\/magazin\/wp-content\/uploads\/2019\/04\/HAMA-Manchester-15-6-barna-notebook-t\u00e1ska-101872-1-300x224.png 300w, https:\/\/hir.mediamarkt.hu\/magazin\/wp-content\/uploads\/2019\/04\/HAMA-Manchester-15-6-barna-notebook-t\u00e1ska-101872-1-275x205.png 275w, https:\/\/hir.mediamarkt.hu\/magazin\/wp-content\/uploads\/2019\/04\/HAMA-Manchester-15-6-barna-notebook-t\u00e1ska-101872-1-768x574.png 768w, https:\/\/hir.mediamarkt.hu\/magazin\/wp-content\/uploads\/2019\/04\/HAMA-Manchester-15-6-barna-notebook-t\u00e1ska-101872-1.png 786w\" sizes=\"(max-width: 300px) 100vw, 300px\" \/> <img loading=\"lazy\" decoding=\"async\" class=\"alignnone size-medium wp-image-8337\" src=\"https:\/\/hir.mediamarkt.hu\/magazin\/wp-content\/uploads\/2019\/04\/HAMA-Manchester-15-6-barna-notebook-t\u00e1ska-101872-2-300x224.png\" alt=\"\" width=\"300\" height=\"224\" srcset=\"https:\/\/hir.mediamarkt.hu\/magazin\/wp-content\/uploads\/2019\/04\/HAMA-Manchester-15-6-barna-notebook-t\u00e1ska-101872-2-300x224.png 300w, https:\/\/hir.mediamarkt.hu\/magazin\/wp-content\/uploads\/2019\/04\/HAMA-Manchester-15-6-barna-notebook-t\u00e1ska-101872-2-275x205.png 275w, https:\/\/hir.mediamarkt.hu\/magazin\/wp-content\/uploads\/2019\/04\/HAMA-Manchester-15-6-barna-notebook-t\u00e1ska-101872-2-768x574.png 768w, https:\/\/hir.mediamarkt.hu\/magazin\/wp-content\/uploads\/2019\/04\/HAMA-Manchester-15-6-barna-notebook-t\u00e1ska-101872-2.png 786w\" sizes=\"(max-width: 300px) 100vw, 300px\" \/> <img loading=\"lazy\" decoding=\"async\" class=\"alignnone size-medium wp-image-8338\" src=\"https:\/\/hir.mediamarkt.hu\/magazin\/wp-content\/uploads\/2019\/04\/HAMA-Manchester-15-6-barna-notebook-t\u00e1ska-101872-3-300x224.png\" alt=\"\" width=\"300\" height=\"224\" srcset=\"https:\/\/hir.mediamarkt.hu\/magazin\/wp-content\/uploads\/2019\/04\/HAMA-Manchester-15-6-barna-notebook-t\u00e1ska-101872-3-300x224.png 300w, https:\/\/hir.mediamarkt.hu\/magazin\/wp-content\/uploads\/2019\/04\/HAMA-Manchester-15-6-barna-notebook-t\u00e1ska-101872-3-275x205.png 275w, https:\/\/hir.mediamarkt.hu\/magazin\/wp-content\/uploads\/2019\/04\/HAMA-Manchester-15-6-barna-notebook-t\u00e1ska-101872-3-768x574.png 768w, https:\/\/hir.mediamarkt.hu\/magazin\/wp-content\/uploads\/2019\/04\/HAMA-Manchester-15-6-barna-notebook-t\u00e1ska-101872-3.png 786w\" sizes=\"(max-width: 300px) 100vw, 300px\" \/> <img loading=\"lazy\" decoding=\"async\" class=\"alignnone size-medium wp-image-8339\" src=\"https:\/\/hir.mediamarkt.hu\/magazin\/wp-content\/uploads\/2019\/04\/HAMA-Manchester-15-6-barna-notebook-t\u00e1ska-101872-300x224.png\" alt=\"\" width=\"300\" height=\"224\" srcset=\"https:\/\/hir.mediamarkt.hu\/magazin\/wp-content\/uploads\/2019\/04\/HAMA-Manchester-15-6-barna-notebook-t\u00e1ska-101872-300x224.png 300w, https:\/\/hir.mediamarkt.hu\/magazin\/wp-content\/uploads\/2019\/04\/HAMA-Manchester-15-6-barna-notebook-t\u00e1ska-101872-275x205.png 275w, https:\/\/hir.mediamarkt.hu\/magazin\/wp-content\/uploads\/2019\/04\/HAMA-Manchester-15-6-barna-notebook-t\u00e1ska-101872-768x574.png 768w, https:\/\/hir.mediamarkt.hu\/magazin\/wp-content\/uploads\/2019\/04\/HAMA-Manchester-15-6-barna-notebook-t\u00e1ska-101872.png 786w\" sizes=\"(max-width: 300px) 100vw, 300px\" \/> \u00a0<img loading=\"lazy\" decoding=\"async\" class=\"alignnone size-medium wp-image-8344\" src=\"https:\/\/hir.mediamarkt.hu\/magazin\/wp-content\/uploads\/2019\/04\/SAMSONITE-Network3-z\u00f6ld-laptopt\u00e1ska-15-6_-CC8-04007-1-300x224.png\" alt=\"\" width=\"300\" height=\"224\" srcset=\"https:\/\/hir.mediamarkt.hu\/magazin\/wp-content\/uploads\/2019\/04\/SAMSONITE-Network3-z\u00f6ld-laptopt\u00e1ska-15-6_-CC8-04007-1-300x224.png 300w, https:\/\/hir.mediamarkt.hu\/magazin\/wp-content\/uploads\/2019\/04\/SAMSONITE-Network3-z\u00f6ld-laptopt\u00e1ska-15-6_-CC8-04007-1-275x205.png 275w, https:\/\/hir.mediamarkt.hu\/magazin\/wp-content\/uploads\/2019\/04\/SAMSONITE-Network3-z\u00f6ld-laptopt\u00e1ska-15-6_-CC8-04007-1-768x574.png 768w, https:\/\/hir.mediamarkt.hu\/magazin\/wp-content\/uploads\/2019\/04\/SAMSONITE-Network3-z\u00f6ld-laptopt\u00e1ska-15-6_-CC8-04007-1.png 786w\" sizes=\"(max-width: 300px) 100vw, 300px\" \/> <img loading=\"lazy\" decoding=\"async\" class=\"alignnone size-medium wp-image-8345\" src=\"https:\/\/hir.mediamarkt.hu\/magazin\/wp-content\/uploads\/2019\/04\/SAMSONITE-Network3-z\u00f6ld-laptopt\u00e1ska-15-6_-CC8-04007-2-300x224.png\" alt=\"\" width=\"300\" height=\"224\" srcset=\"https:\/\/hir.mediamarkt.hu\/magazin\/wp-content\/uploads\/2019\/04\/SAMSONITE-Network3-z\u00f6ld-laptopt\u00e1ska-15-6_-CC8-04007-2-300x224.png 300w, https:\/\/hir.mediamarkt.hu\/magazin\/wp-content\/uploads\/2019\/04\/SAMSONITE-Network3-z\u00f6ld-laptopt\u00e1ska-15-6_-CC8-04007-2-275x205.png 275w, https:\/\/hir.mediamarkt.hu\/magazin\/wp-content\/uploads\/2019\/04\/SAMSONITE-Network3-z\u00f6ld-laptopt\u00e1ska-15-6_-CC8-04007-2-768x574.png 768w, https:\/\/hir.mediamarkt.hu\/magazin\/wp-content\/uploads\/2019\/04\/SAMSONITE-Network3-z\u00f6ld-laptopt\u00e1ska-15-6_-CC8-04007-2.png 786w\" sizes=\"(max-width: 300px) 100vw, 300px\" \/> <img loading=\"lazy\" decoding=\"async\" class=\"alignnone size-medium wp-image-8346\" src=\"https:\/\/hir.mediamarkt.hu\/magazin\/wp-content\/uploads\/2019\/04\/SAMSONITE-Network3-z\u00f6ld-laptopt\u00e1ska-15-6_-CC8-04007-300x224.png\" alt=\"\" width=\"300\" height=\"224\" srcset=\"https:\/\/hir.mediamarkt.hu\/magazin\/wp-content\/uploads\/2019\/04\/SAMSONITE-Network3-z\u00f6ld-laptopt\u00e1ska-15-6_-CC8-04007-300x224.png 300w, https:\/\/hir.mediamarkt.hu\/magazin\/wp-content\/uploads\/2019\/04\/SAMSONITE-Network3-z\u00f6ld-laptopt\u00e1ska-15-6_-CC8-04007-275x205.png 275w, https:\/\/hir.mediamarkt.hu\/magazin\/wp-content\/uploads\/2019\/04\/SAMSONITE-Network3-z\u00f6ld-laptopt\u00e1ska-15-6_-CC8-04007-768x574.png 768w, https:\/\/hir.mediamarkt.hu\/magazin\/wp-content\/uploads\/2019\/04\/SAMSONITE-Network3-z\u00f6ld-laptopt\u00e1ska-15-6_-CC8-04007.png 786w\" sizes=\"(max-width: 300px) 100vw, 300px\" \/> <img loading=\"lazy\" decoding=\"async\" class=\"alignnone size-medium wp-image-8347\" src=\"https:\/\/hir.mediamarkt.hu\/magazin\/wp-content\/uploads\/2019\/04\/THULE-Gauntlet-Attach\u00e9-MacBook-Pro-with-Retina-15_-t\u00e1ska-TGAE-2254K-1-300x224.png\" alt=\"\" width=\"300\" height=\"224\" srcset=\"https:\/\/hir.mediamarkt.hu\/magazin\/wp-content\/uploads\/2019\/04\/THULE-Gauntlet-Attach\u00e9-MacBook-Pro-with-Retina-15_-t\u00e1ska-TGAE-2254K-1-300x224.png 300w, https:\/\/hir.mediamarkt.hu\/magazin\/wp-content\/uploads\/2019\/04\/THULE-Gauntlet-Attach\u00e9-MacBook-Pro-with-Retina-15_-t\u00e1ska-TGAE-2254K-1-275x205.png 275w, https:\/\/hir.mediamarkt.hu\/magazin\/wp-content\/uploads\/2019\/04\/THULE-Gauntlet-Attach\u00e9-MacBook-Pro-with-Retina-15_-t\u00e1ska-TGAE-2254K-1-768x574.png 768w, https:\/\/hir.mediamarkt.hu\/magazin\/wp-content\/uploads\/2019\/04\/THULE-Gauntlet-Attach\u00e9-MacBook-Pro-with-Retina-15_-t\u00e1ska-TGAE-2254K-1.png 786w\" sizes=\"(max-width: 300px) 100vw, 300px\" \/> <img loading=\"lazy\" decoding=\"async\" class=\"alignnone size-medium wp-image-8348\" src=\"https:\/\/hir.mediamarkt.hu\/magazin\/wp-content\/uploads\/2019\/04\/THULE-Gauntlet-Attach\u00e9-MacBook-Pro-with-Retina-15_-t\u00e1ska-TGAE-2254K-2-300x224.png\" alt=\"\" width=\"300\" height=\"224\" srcset=\"https:\/\/hir.mediamarkt.hu\/magazin\/wp-content\/uploads\/2019\/04\/THULE-Gauntlet-Attach\u00e9-MacBook-Pro-with-Retina-15_-t\u00e1ska-TGAE-2254K-2-300x224.png 300w, https:\/\/hir.mediamarkt.hu\/magazin\/wp-content\/uploads\/2019\/04\/THULE-Gauntlet-Attach\u00e9-MacBook-Pro-with-Retina-15_-t\u00e1ska-TGAE-2254K-2-275x205.png 275w, https:\/\/hir.mediamarkt.hu\/magazin\/wp-content\/uploads\/2019\/04\/THULE-Gauntlet-Attach\u00e9-MacBook-Pro-with-Retina-15_-t\u00e1ska-TGAE-2254K-2-768x574.png 768w, https:\/\/hir.mediamarkt.hu\/magazin\/wp-content\/uploads\/2019\/04\/THULE-Gauntlet-Attach\u00e9-MacBook-Pro-with-Retina-15_-t\u00e1ska-TGAE-2254K-2.png 786w\" sizes=\"(max-width: 300px) 100vw, 300px\" \/> <img loading=\"lazy\" decoding=\"async\" class=\"alignnone size-medium wp-image-8349\" src=\"https:\/\/hir.mediamarkt.hu\/magazin\/wp-content\/uploads\/2019\/04\/THULE-Gauntlet-Attach\u00e9-MacBook-Pro-with-Retina-15_-t\u00e1ska-TGAE-2254K-300x224.png\" alt=\"\" width=\"300\" height=\"224\" srcset=\"https:\/\/hir.mediamarkt.hu\/magazin\/wp-content\/uploads\/2019\/04\/THULE-Gauntlet-Attach\u00e9-MacBook-Pro-with-Retina-15_-t\u00e1ska-TGAE-2254K-300x224.png 300w, https:\/\/hir.mediamarkt.hu\/magazin\/wp-content\/uploads\/2019\/04\/THULE-Gauntlet-Attach\u00e9-MacBook-Pro-with-Retina-15_-t\u00e1ska-TGAE-2254K-275x205.png 275w, https:\/\/hir.mediamarkt.hu\/magazin\/wp-content\/uploads\/2019\/04\/THULE-Gauntlet-Attach\u00e9-MacBook-Pro-with-Retina-15_-t\u00e1ska-TGAE-2254K-768x574.png 768w, https:\/\/hir.mediamarkt.hu\/magazin\/wp-content\/uploads\/2019\/04\/THULE-Gauntlet-Attach\u00e9-MacBook-Pro-with-Retina-15_-t\u00e1ska-TGAE-2254K.png 786w\" sizes=\"(max-width: 300px) 100vw, 300px\" \/> <img loading=\"lazy\" decoding=\"async\" class=\"alignnone size-medium wp-image-8350\" src=\"https:\/\/hir.mediamarkt.hu\/magazin\/wp-content\/uploads\/2019\/04\/TRUST-PRIMO-Sleeve-13-3_-piros-notebook-t\u00e1ska-21253-1-300x224.png\" alt=\"\" width=\"300\" height=\"224\" srcset=\"https:\/\/hir.mediamarkt.hu\/magazin\/wp-content\/uploads\/2019\/04\/TRUST-PRIMO-Sleeve-13-3_-piros-notebook-t\u00e1ska-21253-1-300x224.png 300w, https:\/\/hir.mediamarkt.hu\/magazin\/wp-content\/uploads\/2019\/04\/TRUST-PRIMO-Sleeve-13-3_-piros-notebook-t\u00e1ska-21253-1-275x205.png 275w, https:\/\/hir.mediamarkt.hu\/magazin\/wp-content\/uploads\/2019\/04\/TRUST-PRIMO-Sleeve-13-3_-piros-notebook-t\u00e1ska-21253-1-768x574.png 768w, https:\/\/hir.mediamarkt.hu\/magazin\/wp-content\/uploads\/2019\/04\/TRUST-PRIMO-Sleeve-13-3_-piros-notebook-t\u00e1ska-21253-1.png 786w\" sizes=\"(max-width: 300px) 100vw, 300px\" \/> <img loading=\"lazy\" decoding=\"async\" class=\"alignnone size-medium wp-image-8351\" src=\"https:\/\/hir.mediamarkt.hu\/magazin\/wp-content\/uploads\/2019\/04\/TRUST-PRIMO-Sleeve-13-3_-piros-notebook-t\u00e1ska-21253-2-300x224.png\" alt=\"\" width=\"300\" height=\"224\" srcset=\"https:\/\/hir.mediamarkt.hu\/magazin\/wp-content\/uploads\/2019\/04\/TRUST-PRIMO-Sleeve-13-3_-piros-notebook-t\u00e1ska-21253-2-300x224.png 300w, https:\/\/hir.mediamarkt.hu\/magazin\/wp-content\/uploads\/2019\/04\/TRUST-PRIMO-Sleeve-13-3_-piros-notebook-t\u00e1ska-21253-2-275x205.png 275w, https:\/\/hir.mediamarkt.hu\/magazin\/wp-content\/uploads\/2019\/04\/TRUST-PRIMO-Sleeve-13-3_-piros-notebook-t\u00e1ska-21253-2-768x574.png 768w, https:\/\/hir.mediamarkt.hu\/magazin\/wp-content\/uploads\/2019\/04\/TRUST-PRIMO-Sleeve-13-3_-piros-notebook-t\u00e1ska-21253-2.png 786w\" sizes=\"(max-width: 300px) 100vw, 300px\" \/> <img loading=\"lazy\" decoding=\"async\" class=\"alignnone size-medium wp-image-8352\" src=\"https:\/\/hir.mediamarkt.hu\/magazin\/wp-content\/uploads\/2019\/04\/TRUST-PRIMO-Sleeve-13-3_-piros-notebook-t\u00e1ska-21253-300x224.png\" alt=\"\" width=\"300\" height=\"224\" srcset=\"https:\/\/hir.mediamarkt.hu\/magazin\/wp-content\/uploads\/2019\/04\/TRUST-PRIMO-Sleeve-13-3_-piros-notebook-t\u00e1ska-21253-300x224.png 300w, https:\/\/hir.mediamarkt.hu\/magazin\/wp-content\/uploads\/2019\/04\/TRUST-PRIMO-Sleeve-13-3_-piros-notebook-t\u00e1ska-21253-275x205.png 275w, https:\/\/hir.mediamarkt.hu\/magazin\/wp-content\/uploads\/2019\/04\/TRUST-PRIMO-Sleeve-13-3_-piros-notebook-t\u00e1ska-21253-768x574.png 768w, https:\/\/hir.mediamarkt.hu\/magazin\/wp-content\/uploads\/2019\/04\/TRUST-PRIMO-Sleeve-13-3_-piros-notebook-t\u00e1ska-21253.png 786w\" sizes=\"(max-width: 300px) 100vw, 300px\" \/>","protected":false},"excerpt":{"rendered":"M\u00e9g hogy csak a n\u0151k sz\u00e1m\u00e1ra fontos a kin\u00e9zet, a kieg\u00e9sz\u00edt\u0151k! Nem csak a l\u00e1nyok, h\u00f6lgyek, asszonyok halmozz\u00e1k a t\u00e1sk\u00e1kat az el\u0151szobai fogasokon, polcokon, szekr\u00e9nyekben \u00e9s gardr\u00f3bokban. Hanem sok esetben a f\u00e9rfiak is! \u00c9s tulajdonk\u00e9ppen j\u00f3l is teszik. A kin\u00e9zet ugyanis &#8211; f\u0151k\u00e9nt az \u00fczleti \u00e9letben &#8211; egy j\u00f3 \u00f6n\u00e9letrajznak felel meg. Sz\u00e9tn\u00e9zt\u00fcnk a MediaMarkt k\u00edn\u00e1lat\u00e1ban, milyen eleg\u00e1ns, sportos, sportos-eleg\u00e1ns laptop \u00e9s t\u00e1blag\u00e9p t\u00e1sk\u00e1k szerezhet\u0151k be az \u00e1ruh\u00e1zakban. \u00c9s \u00f6ssze is p\u00e1ros\u00edtottuk a legizgalmasabb tal\u00e1latokat n\u00e9h\u00e1ny f\u00e9rfi t\u00edpussal. Ha m\u00e9g nincs, vagy ha m\u00e1r olyan r\u00e9gi \u00e9s randa, hogy \u00faj k\u00e9ne, akkor ir\u00e1ny a tavasz els\u0151 meg\u00fajul\u00e1s\u00e1nak alappill\u00e9re: a laptopt\u00e1ska! \u00c1prilis 14-ig r\u00e1ad\u00e1sul bizonyos darabokra kupon kedvezm\u00e9ny is \u00e9rv\u00e9nyes*!","protected":false},"author":13,"featured_media":8343,"comment_status":"open","ping_status":"open","sticky":false,"template":"","format":"standard","meta":{"wprm-recipe-roundup-name":"","wprm-recipe-roundup-description":"","footnotes":""},"categories":[5968],"tags":[3245,226,2457,926,2473,2724,3243,3244,3248,169,502,2127,2173,3249,977,3235,2345,1420,2581,3246,3247,3242,1373],"yoast_head":"<!-- This site is optimized with the Yoast SEO plugin v22.9 - https:\/\/yoast.com\/wordpress\/plugins\/seo\/ -->\n<title>A t\u00e1ska, ami \u00f6lt\u00f6ztet - f\u00e9rfi divat a MediaMarkt polcain? Igen! - MediaMarkt Magazin<\/title>\n<meta name=\"description\" content=\"A j\u00f3 megjelen\u00e9s a f\u00e9rfiak sz\u00e1m\u00e1ra \u00e9pp olyan fontos az \u00fczleti \u00e9letben, mint a n\u0151k eset\u00e9ben. Gondolj \u00fagy a laptopt\u00e1sk\u00e1ra, mint az \u00f6lt\u00f6z\u00e9ked r\u00e9sz\u00e9re. Milyen?\" \/>\n<meta name=\"robots\" content=\"index, follow, max-snippet:-1, max-image-preview:large, max-video-preview:-1\" \/>\n<link rel=\"canonical\" href=\"https:\/\/hir.mediamarkt.hu\/magazin\/a-taska-ami-oltoztet-ferfi-divat-a-mediamarkt-polcain-igen\/\" \/>\n<meta property=\"og:locale\" content=\"hu_HU\" \/>\n<meta property=\"og:type\" content=\"article\" \/>\n<meta property=\"og:title\" content=\"A t\u00e1ska, ami \u00f6lt\u00f6ztet - f\u00e9rfi divat a MediaMarkt polcain? Igen! - MediaMarkt Magazin\" \/>\n<meta property=\"og:description\" content=\"A j\u00f3 megjelen\u00e9s a f\u00e9rfiak sz\u00e1m\u00e1ra \u00e9pp olyan fontos az \u00fczleti \u00e9letben, mint a n\u0151k eset\u00e9ben. Gondolj \u00fagy a laptopt\u00e1sk\u00e1ra, mint az \u00f6lt\u00f6z\u00e9ked r\u00e9sz\u00e9re. Milyen?\" \/>\n<meta property=\"og:url\" content=\"https:\/\/hir.mediamarkt.hu\/magazin\/a-taska-ami-oltoztet-ferfi-divat-a-mediamarkt-polcain-igen\/\" \/>\n<meta property=\"og:site_name\" content=\"MediaMarkt Magazin\" \/>\n<meta property=\"article:publisher\" content=\"https:\/\/www.facebook.com\/MediaMarktMagyarorszag\" \/>\n<meta property=\"article:published_time\" content=\"2019-04-11T13:55:49+00:00\" \/>\n<meta property=\"og:image\" content=\"https:\/\/hir.mediamarkt.hu\/magazin\/wp-content\/uploads\/2019\/04\/pexels-photo-1893449.jpeg\" \/>\n\t<meta property=\"og:image:width\" content=\"1440\" \/>\n\t<meta property=\"og:image:height\" content=\"951\" \/>\n\t<meta property=\"og:image:type\" content=\"image\/jpeg\" \/>\n<meta name=\"author\" content=\"Media Markt\" \/>\n<meta name=\"twitter:label1\" content=\"Szerz\u0151:\" \/>\n\t<meta name=\"twitter:data1\" content=\"Media Markt\" \/>\n\t<meta name=\"twitter:label2\" content=\"Becs\u00fclt olvas\u00e1si id\u0151\" \/>\n\t<meta name=\"twitter:data2\" content=\"9 perc\" \/>\n<script type=\"application\/ld+json\" class=\"yoast-schema-graph\">{\"@context\":\"https:\/\/schema.org\",\"@graph\":[{\"@type\":\"WebPage\",\"@id\":\"https:\/\/hir.mediamarkt.hu\/magazin\/a-taska-ami-oltoztet-ferfi-divat-a-mediamarkt-polcain-igen\/\",\"url\":\"https:\/\/hir.mediamarkt.hu\/magazin\/a-taska-ami-oltoztet-ferfi-divat-a-mediamarkt-polcain-igen\/\",\"name\":\"A t\u00e1ska, ami \u00f6lt\u00f6ztet - f\u00e9rfi divat a MediaMarkt polcain? Igen! - MediaMarkt Magazin\",\"isPartOf\":{\"@id\":\"https:\/\/hir.mediamarkt.hu\/magazin\/#website\"},\"primaryImageOfPage\":{\"@id\":\"https:\/\/hir.mediamarkt.hu\/magazin\/a-taska-ami-oltoztet-ferfi-divat-a-mediamarkt-polcain-igen\/#primaryimage\"},\"image\":{\"@id\":\"https:\/\/hir.mediamarkt.hu\/magazin\/a-taska-ami-oltoztet-ferfi-divat-a-mediamarkt-polcain-igen\/#primaryimage\"},\"thumbnailUrl\":\"https:\/\/hir.mediamarkt.hu\/magazin\/wp-content\/uploads\/2019\/04\/pexels-photo-1893449.jpeg\",\"datePublished\":\"2019-04-11T13:55:49+00:00\",\"dateModified\":\"2019-04-11T13:55:49+00:00\",\"author\":{\"@id\":\"https:\/\/hir.mediamarkt.hu\/magazin\/#\/schema\/person\/b93b02ec1ab4d2353f8d281e171c1b0b\"},\"description\":\"A j\u00f3 megjelen\u00e9s a f\u00e9rfiak sz\u00e1m\u00e1ra \u00e9pp olyan fontos az \u00fczleti \u00e9letben, mint a n\u0151k eset\u00e9ben. Gondolj \u00fagy a laptopt\u00e1sk\u00e1ra, mint az \u00f6lt\u00f6z\u00e9ked r\u00e9sz\u00e9re. Milyen?\",\"breadcrumb\":{\"@id\":\"https:\/\/hir.mediamarkt.hu\/magazin\/a-taska-ami-oltoztet-ferfi-divat-a-mediamarkt-polcain-igen\/#breadcrumb\"},\"inLanguage\":\"hu\",\"potentialAction\":[{\"@type\":\"ReadAction\",\"target\":[\"https:\/\/hir.mediamarkt.hu\/magazin\/a-taska-ami-oltoztet-ferfi-divat-a-mediamarkt-polcain-igen\/\"]}]},{\"@type\":\"ImageObject\",\"inLanguage\":\"hu\",\"@id\":\"https:\/\/hir.mediamarkt.hu\/magazin\/a-taska-ami-oltoztet-ferfi-divat-a-mediamarkt-polcain-igen\/#primaryimage\",\"url\":\"https:\/\/hir.mediamarkt.hu\/magazin\/wp-content\/uploads\/2019\/04\/pexels-photo-1893449.jpeg\",\"contentUrl\":\"https:\/\/hir.mediamarkt.hu\/magazin\/wp-content\/uploads\/2019\/04\/pexels-photo-1893449.jpeg\",\"width\":1440,\"height\":951},{\"@type\":\"BreadcrumbList\",\"@id\":\"https:\/\/hir.mediamarkt.hu\/magazin\/a-taska-ami-oltoztet-ferfi-divat-a-mediamarkt-polcain-igen\/#breadcrumb\",\"itemListElement\":[{\"@type\":\"ListItem\",\"position\":1,\"name\":\"Kezd\u0151lap\",\"item\":\"https:\/\/hir.mediamarkt.hu\/magazin\/\"},{\"@type\":\"ListItem\",\"position\":2,\"name\":\"A t\u00e1ska, ami \u00f6lt\u00f6ztet &#8211; f\u00e9rfi divat a MediaMarkt polcain? Igen!\"}]},{\"@type\":\"WebSite\",\"@id\":\"https:\/\/hir.mediamarkt.hu\/magazin\/#website\",\"url\":\"https:\/\/hir.mediamarkt.hu\/magazin\/\",\"name\":\"MediaMarkt Magazin\",\"description\":\"Olvass bele magazinunkba!\",\"potentialAction\":[{\"@type\":\"SearchAction\",\"target\":{\"@type\":\"EntryPoint\",\"urlTemplate\":\"https:\/\/hir.mediamarkt.hu\/magazin\/?s={search_term_string}\"},\"query-input\":\"required name=search_term_string\"}],\"inLanguage\":\"hu\"},{\"@type\":\"Person\",\"@id\":\"https:\/\/hir.mediamarkt.hu\/magazin\/#\/schema\/person\/b93b02ec1ab4d2353f8d281e171c1b0b\",\"name\":\"Media Markt\",\"image\":{\"@type\":\"ImageObject\",\"inLanguage\":\"hu\",\"@id\":\"https:\/\/hir.mediamarkt.hu\/magazin\/#\/schema\/person\/image\/\",\"url\":\"https:\/\/secure.gravatar.com\/avatar\/602bccae8998beee472d01909f0978f1?s=96&d=mm&r=g\",\"contentUrl\":\"https:\/\/secure.gravatar.com\/avatar\/602bccae8998beee472d01909f0978f1?s=96&d=mm&r=g\",\"caption\":\"Media Markt\"}}]}<\/script>\n<!-- \/ Yoast SEO plugin. -->","yoast_head_json":{"title":"A t\u00e1ska, ami \u00f6lt\u00f6ztet - f\u00e9rfi divat a MediaMarkt polcain? Igen! - MediaMarkt Magazin","description":"A j\u00f3 megjelen\u00e9s a f\u00e9rfiak sz\u00e1m\u00e1ra \u00e9pp olyan fontos az \u00fczleti \u00e9letben, mint a n\u0151k eset\u00e9ben. Gondolj \u00fagy a laptopt\u00e1sk\u00e1ra, mint az \u00f6lt\u00f6z\u00e9ked r\u00e9sz\u00e9re. Milyen?","robots":{"index":"index","follow":"follow","max-snippet":"max-snippet:-1","max-image-preview":"max-image-preview:large","max-video-preview":"max-video-preview:-1"},"canonical":"https:\/\/hir.mediamarkt.hu\/magazin\/a-taska-ami-oltoztet-ferfi-divat-a-mediamarkt-polcain-igen\/","og_locale":"hu_HU","og_type":"article","og_title":"A t\u00e1ska, ami \u00f6lt\u00f6ztet - f\u00e9rfi divat a MediaMarkt polcain? Igen! - MediaMarkt Magazin","og_description":"A j\u00f3 megjelen\u00e9s a f\u00e9rfiak sz\u00e1m\u00e1ra \u00e9pp olyan fontos az \u00fczleti \u00e9letben, mint a n\u0151k eset\u00e9ben. Gondolj \u00fagy a laptopt\u00e1sk\u00e1ra, mint az \u00f6lt\u00f6z\u00e9ked r\u00e9sz\u00e9re. Milyen?","og_url":"https:\/\/hir.mediamarkt.hu\/magazin\/a-taska-ami-oltoztet-ferfi-divat-a-mediamarkt-polcain-igen\/","og_site_name":"MediaMarkt Magazin","article_publisher":"https:\/\/www.facebook.com\/MediaMarktMagyarorszag","article_published_time":"2019-04-11T13:55:49+00:00","og_image":[{"width":1440,"height":951,"url":"https:\/\/hir.mediamarkt.hu\/magazin\/wp-content\/uploads\/2019\/04\/pexels-photo-1893449.jpeg","type":"image\/jpeg"}],"author":"Media Markt","twitter_misc":{"Szerz\u0151:":"Media Markt","Becs\u00fclt olvas\u00e1si id\u0151":"9 perc"},"schema":{"@context":"https:\/\/schema.org","@graph":[{"@type":"WebPage","@id":"https:\/\/hir.mediamarkt.hu\/magazin\/a-taska-ami-oltoztet-ferfi-divat-a-mediamarkt-polcain-igen\/","url":"https:\/\/hir.mediamarkt.hu\/magazin\/a-taska-ami-oltoztet-ferfi-divat-a-mediamarkt-polcain-igen\/","name":"A t\u00e1ska, ami \u00f6lt\u00f6ztet - f\u00e9rfi divat a MediaMarkt polcain? Igen! - MediaMarkt Magazin","isPartOf":{"@id":"https:\/\/hir.mediamarkt.hu\/magazin\/#website"},"primaryImageOfPage":{"@id":"https:\/\/hir.mediamarkt.hu\/magazin\/a-taska-ami-oltoztet-ferfi-divat-a-mediamarkt-polcain-igen\/#primaryimage"},"image":{"@id":"https:\/\/hir.mediamarkt.hu\/magazin\/a-taska-ami-oltoztet-ferfi-divat-a-mediamarkt-polcain-igen\/#primaryimage"},"thumbnailUrl":"https:\/\/hir.mediamarkt.hu\/magazin\/wp-content\/uploads\/2019\/04\/pexels-photo-1893449.jpeg","datePublished":"2019-04-11T13:55:49+00:00","dateModified":"2019-04-11T13:55:49+00:00","author":{"@id":"https:\/\/hir.mediamarkt.hu\/magazin\/#\/schema\/person\/b93b02ec1ab4d2353f8d281e171c1b0b"},"description":"A j\u00f3 megjelen\u00e9s a f\u00e9rfiak sz\u00e1m\u00e1ra \u00e9pp olyan fontos az \u00fczleti \u00e9letben, mint a n\u0151k eset\u00e9ben. Gondolj \u00fagy a laptopt\u00e1sk\u00e1ra, mint az \u00f6lt\u00f6z\u00e9ked r\u00e9sz\u00e9re. Milyen?","breadcrumb":{"@id":"https:\/\/hir.mediamarkt.hu\/magazin\/a-taska-ami-oltoztet-ferfi-divat-a-mediamarkt-polcain-igen\/#breadcrumb"},"inLanguage":"hu","potentialAction":[{"@type":"ReadAction","target":["https:\/\/hir.mediamarkt.hu\/magazin\/a-taska-ami-oltoztet-ferfi-divat-a-mediamarkt-polcain-igen\/"]}]},{"@type":"ImageObject","inLanguage":"hu","@id":"https:\/\/hir.mediamarkt.hu\/magazin\/a-taska-ami-oltoztet-ferfi-divat-a-mediamarkt-polcain-igen\/#primaryimage","url":"https:\/\/hir.mediamarkt.hu\/magazin\/wp-content\/uploads\/2019\/04\/pexels-photo-1893449.jpeg","contentUrl":"https:\/\/hir.mediamarkt.hu\/magazin\/wp-content\/uploads\/2019\/04\/pexels-photo-1893449.jpeg","width":1440,"height":951},{"@type":"BreadcrumbList","@id":"https:\/\/hir.mediamarkt.hu\/magazin\/a-taska-ami-oltoztet-ferfi-divat-a-mediamarkt-polcain-igen\/#breadcrumb","itemListElement":[{"@type":"ListItem","position":1,"name":"Kezd\u0151lap","item":"https:\/\/hir.mediamarkt.hu\/magazin\/"},{"@type":"ListItem","position":2,"name":"A t\u00e1ska, ami \u00f6lt\u00f6ztet &#8211; f\u00e9rfi divat a MediaMarkt polcain? Igen!"}]},{"@type":"WebSite","@id":"https:\/\/hir.mediamarkt.hu\/magazin\/#website","url":"https:\/\/hir.mediamarkt.hu\/magazin\/","name":"MediaMarkt Magazin","description":"Olvass bele magazinunkba!","potentialAction":[{"@type":"SearchAction","target":{"@type":"EntryPoint","urlTemplate":"https:\/\/hir.mediamarkt.hu\/magazin\/?s={search_term_string}"},"query-input":"required name=search_term_string"}],"inLanguage":"hu"},{"@type":"Person","@id":"https:\/\/hir.mediamarkt.hu\/magazin\/#\/schema\/person\/b93b02ec1ab4d2353f8d281e171c1b0b","name":"Media Markt","image":{"@type":"ImageObject","inLanguage":"hu","@id":"https:\/\/hir.mediamarkt.hu\/magazin\/#\/schema\/person\/image\/","url":"https:\/\/secure.gravatar.com\/avatar\/602bccae8998beee472d01909f0978f1?s=96&d=mm&r=g","contentUrl":"https:\/\/secure.gravatar.com\/avatar\/602bccae8998beee472d01909f0978f1?s=96&d=mm&r=g","caption":"Media Markt"}}]}},"_links":{"self":[{"href":"https:\/\/hir.mediamarkt.hu\/magazin\/wp-json\/wp\/v2\/posts\/8323"}],"collection":[{"href":"https:\/\/hir.mediamarkt.hu\/magazin\/wp-json\/wp\/v2\/posts"}],"about":[{"href":"https:\/\/hir.mediamarkt.hu\/magazin\/wp-json\/wp\/v2\/types\/post"}],"author":[{"embeddable":true,"href":"https:\/\/hir.mediamarkt.hu\/magazin\/wp-json\/wp\/v2\/users\/13"}],"replies":[{"embeddable":true,"href":"https:\/\/hir.mediamarkt.hu\/magazin\/wp-json\/wp\/v2\/comments?post=8323"}],"version-history":[{"count":1,"href":"https:\/\/hir.mediamarkt.hu\/magazin\/wp-json\/wp\/v2\/posts\/8323\/revisions"}],"predecessor-version":[{"id":8353,"href":"https:\/\/hir.mediamarkt.hu\/magazin\/wp-json\/wp\/v2\/posts\/8323\/revisions\/8353"}],"wp:featuredmedia":[{"embeddable":true,"href":"https:\/\/hir.mediamarkt.hu\/magazin\/wp-json\/wp\/v2\/media\/8343"}],"wp:attachment":[{"href":"https:\/\/hir.mediamarkt.hu\/magazin\/wp-json\/wp\/v2\/media?parent=8323"}],"wp:term":[{"taxonomy":"category","embeddable":true,"href":"https:\/\/hir.mediamarkt.hu\/magazin\/wp-json\/wp\/v2\/categories?post=8323"},{"taxonomy":"post_tag","embeddable":true,"href":"https:\/\/hir.mediamarkt.hu\/magazin\/wp-json\/wp\/v2\/tags?post=8323"}],"curies":[{"name":"wp","href":"https:\/\/api.w.org\/{rel}","templated":true}]}}