{"id":839,"date":"2014-04-17T23:20:38","date_gmt":"2014-04-17T22:20:38","guid":{"rendered":"http:\/\/hir.mediamarkt.hu\/magazin\/?p=839"},"modified":"2014-04-22T10:09:04","modified_gmt":"2014-04-22T09:09:04","slug":"kameras-kontaktlencse","status":"publish","type":"post","link":"https:\/\/hir.mediamarkt.hu\/magazin\/kameras-kontaktlencse\/","title":{"rendered":"Kamer\u00e1s kontaktlencse"},"content":{"rendered":"<p><strong>Alig p\u00e1r napja v\u00e1s\u00e1rolhat\u00f3 meg a Google szem\u00fcvege, m\u00e1ris \u00fajabb vizu\u00e1lis eszk\u00f6zzel k\u00eds\u00e9rletezik a c\u00e9g.<\/strong><\/p>\r\n<p style=\"text-align: left;\" align=\"center\"><span style=\"line-height: 1.5;\">Az hogy egy v\u00e9kony f\u00e9mkeretre apr\u00f3 kijelz\u0151t szerelnek \u00e9s megt\u00e1mogatj\u00e1k Android oper\u00e1ci\u00f3s rendszerrel, majd azt mondj\u00e1k a vil\u00e1gnak, hogy egy j\u00f3 darabig nem vehetitek meg, csak ha fejleszt\u0151k vagytok, igen j\u00f3 h\u00faz\u00e1snak bizonyult a Google \u00e9let\u00e9ben. A Project Glass nagy port kavart k\u00e9t \u00e9vvel ezel\u0151tti bemutatkoz\u00e1sakor \u00e9s m\u00e9g az\u00f3ta is nagyon men\u0151 az, aki ilyen eszk\u00f6zzel s\u00e9t\u00e1lgat, b\u00e1r h\u00e1rom napja b\u00e1rmely f\u00f6ldi haland\u00f3 hozz\u00e1juthat, nem csak a fejleszt\u0151k. A trendis\u00e9g mellett meg kell azt is jegyezni, hogy a vil\u00e1g m\u00e9g nem k\u00e9sz\u00fclt fel a Glassra, \u00edgy szinte hetente lehet olvasni a Google speci\u00e1lis szem\u00fcveg\u00e9t visel\u0151k b\u00e1ntalmaz\u00e1s\u00e1r\u00f3l, a szem\u00e9lyis\u00e9gi jogaikat f\u00e9lt\u0151 \u00e9s \u00e9rveiknek ak\u00e1r ver\u00e9ssel is nyomat\u00e9kot ad\u00f3 honpolg\u00e1rok \u00e1ltal.<\/span><\/p>\r\n<p align=\"center\"><a style=\"line-height: 1.5;\" href=\"http:\/\/hir.mediamarkt.hu\/magazin\/wp-content\/uploads\/2014\/04\/kontaktlencse01.jpg\" data-lbwps-width=\"720\" data-lbwps-height=\"478\" data-lbwps-srcsmall=\"https:\/\/hir.mediamarkt.hu\/magazin\/wp-content\/uploads\/2014\/04\/kontaktlencse01-300x199.jpg\"><img loading=\"lazy\" decoding=\"async\" class=\"aligncenter size-full wp-image-841\" alt=\"kontaktlencse01\" src=\"http:\/\/hir.mediamarkt.hu\/magazin\/wp-content\/uploads\/2014\/04\/kontaktlencse01.jpg\" width=\"720\" height=\"478\" srcset=\"https:\/\/hir.mediamarkt.hu\/magazin\/wp-content\/uploads\/2014\/04\/kontaktlencse01.jpg 720w, https:\/\/hir.mediamarkt.hu\/magazin\/wp-content\/uploads\/2014\/04\/kontaktlencse01-300x199.jpg 300w, https:\/\/hir.mediamarkt.hu\/magazin\/wp-content\/uploads\/2014\/04\/kontaktlencse01-275x183.jpg 275w\" sizes=\"(max-width: 720px) 100vw, 720px\" \/><\/a><\/p>\r\n<p>\u00c1m most egy diszkr\u00e9tebb megold\u00e1son dolgozik a keres\u0151, hiszen a kontaktlencs\u00e9be \u00e9p\u00edtett kamer\u00e1hoz sz\u00f3 szerint a m\u00e1sik szem\u00e9be kell n\u00e9zni, hogy \u00e9szre vegy\u00fck, r\u00e1ad\u00e1sul itt kifejezetten egy kamer\u00e1r\u00f3l, nem pedig egy m\u00e1sodlagos kijelz\u0151r\u0151l van sz\u00f3, viszont a folyamatos megfigyel\u00e9st\u0151l retteg\u0151k m\u00e9g ink\u00e1bb tarthatnak ett\u0151l az eszk\u00f6zt\u0151l. Janu\u00e1rban m\u00e9g csak annyit tudtunk, hogy olyan lencs\u00e9n dolgozik a c\u00e9g, ami k\u00e9pes a v\u00e9rcukorszint m\u00e9r\u00e9s\u00e9re (pl. cukorbetegekn\u00e9l) \u00e9s amennyiben el\u00e9ri a kritikus szintet, okostelefonnal p\u00e1ros\u00edtva riasztja a felhaszn\u00e1l\u00f3t, \u00edgy ak\u00e1r \u00e9leteket mentve.<\/p>\r\n<p align=\"center\"><a style=\"line-height: 1.5;\" href=\"http:\/\/hir.mediamarkt.hu\/magazin\/wp-content\/uploads\/2014\/04\/kontaktlencse02.jpg\" data-lbwps-width=\"720\" data-lbwps-height=\"347\" data-lbwps-srcsmall=\"https:\/\/hir.mediamarkt.hu\/magazin\/wp-content\/uploads\/2014\/04\/kontaktlencse02-300x145.jpg\"><img loading=\"lazy\" decoding=\"async\" class=\"aligncenter size-full wp-image-840\" alt=\"kontaktlencse02\" src=\"http:\/\/hir.mediamarkt.hu\/magazin\/wp-content\/uploads\/2014\/04\/kontaktlencse02.jpg\" width=\"720\" height=\"347\" srcset=\"https:\/\/hir.mediamarkt.hu\/magazin\/wp-content\/uploads\/2014\/04\/kontaktlencse02.jpg 720w, https:\/\/hir.mediamarkt.hu\/magazin\/wp-content\/uploads\/2014\/04\/kontaktlencse02-300x145.jpg 300w, https:\/\/hir.mediamarkt.hu\/magazin\/wp-content\/uploads\/2014\/04\/kontaktlencse02-275x133.jpg 275w\" sizes=\"(max-width: 720px) 100vw, 720px\" \/><\/a><\/p>\r\n<p>Mostanra azonban v\u00e1ltozott n\u00e9mileg a terv \u00e9s b\u00e1r a v\u00e9rcukorszint m\u00e9r\u00e9s megmaradt a kontaktlencse eset\u00e9ben, valahogy egy kamer\u00e1t is elrejtene a pupill\u00e1n k\u00edv\u00fcli ter\u00fcleten a Google, \u00edgy a k\u00e9sz\u00fclt fot\u00f3kat azonnal a telefon mem\u00f3ri\u00e1j\u00e1ba tov\u00e1bb\u00edtva. A megold\u00e1s nagy el\u0151nye, hogy mivel a lencse a szemmel egyszerre mozog, mindig pontosan arr\u00f3l k\u00e9sz\u00fcl fot\u00f3, amit n\u00e9z a tulajdonos. A fot\u00f3z\u00e1s egy dolog, de egy ilyen kontaktlencse k\u00e9pes lenne (a zsebben pihen\u0151 okostelefon sz\u00e1m\u00edt\u00e1si kapacit\u00e1s\u00e1t is kihaszn\u00e1lva) a l\u00e1t\u00e1ss\u00e9r\u00fcltek sz\u00e1m\u00e1ra \u201efeh\u00e9r botk\u00e9nt\u201d a t\u00e1j\u00e9koz\u00f3d\u00e1st seg\u00edteni, de a telefon kontaktlist\u00e1j\u00e1val \u00f6sszek\u00f6tve (arcfelismer\u00e9s seg\u00edts\u00e9g\u00e9vel) ak\u00e1r arr\u00f3l is t\u00e1j\u00e9koztathatna, hogy \u00e9pp ki \u00e1ll a k\u00fcsz\u00f6b\u00f6n ajt\u00f3nyit\u00e1skor. A Google kontaktlencse egyel\u0151re m\u00e9g nagyon korai fejleszt\u0151i \u00e1llapotban van, \u00edgy egyel\u0151re marad az extravag\u00e1ns Project Glass, ha k\u00fcl\u00f6nck\u00f6dni akarunk.<\/p>","protected":false},"excerpt":{"rendered":"Alig p\u00e1r napja v\u00e1s\u00e1rolhat\u00f3 meg a Google szem\u00fcvege, m\u00e1ris \u00fajabb vizu\u00e1lis eszk\u00f6zzel k\u00eds\u00e9rletezik a c\u00e9g. Az hogy egy v\u00e9kony f\u00e9mkeretre apr\u00f3 kijelz\u0151t szerelnek \u00e9s megt\u00e1mogatj\u00e1k Android oper\u00e1ci\u00f3s rendszerrel, majd azt mondj\u00e1k a vil\u00e1gnak, hogy egy j\u00f3 darabig nem vehetitek meg, csak ha fejleszt\u0151k vagytok, igen j\u00f3 h\u00faz\u00e1snak bizonyult a Google \u00e9let\u00e9ben. A Project Glass nagy port kavart k\u00e9t \u00e9vvel ezel\u0151tti bemutatkoz\u00e1sakor \u00e9s m\u00e9g az\u00f3ta is nagyon men\u0151 az, aki ilyen eszk\u00f6zzel s\u00e9t\u00e1lgat, b\u00e1r h\u00e1rom napja b\u00e1rmely f\u00f6ldi haland\u00f3 hozz\u00e1juthat, nem csak a fejleszt\u0151k. A trendis\u00e9g mellett meg kell azt is jegyezni, hogy a vil\u00e1g m\u00e9g nem k\u00e9sz\u00fclt fel a Glassra, \u00edgy szinte hetente lehet olvasni a Google speci\u00e1lis szem\u00fcveg\u00e9t visel\u0151k b\u00e1ntalmaz\u00e1s\u00e1r\u00f3l, a szem\u00e9lyis\u00e9gi jogaikat f\u00e9lt\u0151 \u00e9s \u00e9rveiknek ak\u00e1r ver\u00e9ssel is &#8230;","protected":false},"author":13,"featured_media":0,"comment_status":"open","ping_status":"open","sticky":false,"template":"","format":"standard","meta":{"wprm-recipe-roundup-name":"","wprm-recipe-roundup-description":"","footnotes":""},"categories":[5979],"tags":[68,203,71,59,450,170,295,451],"yoast_head":"<!-- This site is optimized with the Yoast SEO plugin v22.9 - https:\/\/yoast.com\/wordpress\/plugins\/seo\/ -->\n<title>Kamer\u00e1s kontaktlencse - MediaMarkt Magazin<\/title>\n<meta name=\"robots\" content=\"index, follow, max-snippet:-1, max-image-preview:large, max-video-preview:-1\" \/>\n<link rel=\"canonical\" href=\"https:\/\/hir.mediamarkt.hu\/magazin\/kameras-kontaktlencse\/\" \/>\n<meta property=\"og:locale\" content=\"hu_HU\" \/>\n<meta property=\"og:type\" content=\"article\" \/>\n<meta property=\"og:title\" content=\"Kamer\u00e1s kontaktlencse - MediaMarkt Magazin\" \/>\n<meta property=\"og:description\" content=\"Alig p\u00e1r napja v\u00e1s\u00e1rolhat\u00f3 meg a Google szem\u00fcvege, m\u00e1ris \u00fajabb vizu\u00e1lis eszk\u00f6zzel k\u00eds\u00e9rletezik a c\u00e9g. Az hogy egy v\u00e9kony f\u00e9mkeretre apr\u00f3 kijelz\u0151t szerelnek \u00e9s megt\u00e1mogatj\u00e1k Android oper\u00e1ci\u00f3s rendszerrel, majd azt mondj\u00e1k a vil\u00e1gnak, hogy egy j\u00f3 darabig nem vehetitek meg, csak ha fejleszt\u0151k vagytok, igen j\u00f3 h\u00faz\u00e1snak bizonyult a Google \u00e9let\u00e9ben. A Project Glass nagy port kavart k\u00e9t \u00e9vvel ezel\u0151tti bemutatkoz\u00e1sakor \u00e9s m\u00e9g az\u00f3ta is nagyon men\u0151 az, aki ilyen eszk\u00f6zzel s\u00e9t\u00e1lgat, b\u00e1r h\u00e1rom napja b\u00e1rmely f\u00f6ldi haland\u00f3 hozz\u00e1juthat, nem csak a fejleszt\u0151k. A trendis\u00e9g mellett meg kell azt is jegyezni, hogy a vil\u00e1g m\u00e9g nem k\u00e9sz\u00fclt fel a Glassra, \u00edgy szinte hetente lehet olvasni a Google speci\u00e1lis szem\u00fcveg\u00e9t visel\u0151k b\u00e1ntalmaz\u00e1s\u00e1r\u00f3l, a szem\u00e9lyis\u00e9gi jogaikat f\u00e9lt\u0151 \u00e9s \u00e9rveiknek ak\u00e1r ver\u00e9ssel is ...\" \/>\n<meta property=\"og:url\" content=\"https:\/\/hir.mediamarkt.hu\/magazin\/kameras-kontaktlencse\/\" \/>\n<meta property=\"og:site_name\" content=\"MediaMarkt Magazin\" \/>\n<meta property=\"article:publisher\" content=\"https:\/\/www.facebook.com\/MediaMarktMagyarorszag\" \/>\n<meta property=\"article:published_time\" content=\"2014-04-17T22:20:38+00:00\" \/>\n<meta property=\"article:modified_time\" content=\"2014-04-22T09:09:04+00:00\" \/>\n<meta property=\"og:image\" content=\"http:\/\/hir.mediamarkt.hu\/magazin\/wp-content\/uploads\/2014\/04\/kontaktlencse01.jpg\" \/>\n<meta name=\"author\" content=\"Media Markt\" \/>\n<meta name=\"twitter:label1\" content=\"Szerz\u0151:\" \/>\n\t<meta name=\"twitter:data1\" content=\"Media Markt\" \/>\n\t<meta name=\"twitter:label2\" content=\"Becs\u00fclt olvas\u00e1si id\u0151\" \/>\n\t<meta name=\"twitter:data2\" content=\"2 perc\" \/>\n<script type=\"application\/ld+json\" class=\"yoast-schema-graph\">{\"@context\":\"https:\/\/schema.org\",\"@graph\":[{\"@type\":\"WebPage\",\"@id\":\"https:\/\/hir.mediamarkt.hu\/magazin\/kameras-kontaktlencse\/\",\"url\":\"https:\/\/hir.mediamarkt.hu\/magazin\/kameras-kontaktlencse\/\",\"name\":\"Kamer\u00e1s kontaktlencse - MediaMarkt Magazin\",\"isPartOf\":{\"@id\":\"https:\/\/hir.mediamarkt.hu\/magazin\/#website\"},\"primaryImageOfPage\":{\"@id\":\"https:\/\/hir.mediamarkt.hu\/magazin\/kameras-kontaktlencse\/#primaryimage\"},\"image\":{\"@id\":\"https:\/\/hir.mediamarkt.hu\/magazin\/kameras-kontaktlencse\/#primaryimage\"},\"thumbnailUrl\":\"http:\/\/hir.mediamarkt.hu\/magazin\/wp-content\/uploads\/2014\/04\/kontaktlencse01.jpg\",\"datePublished\":\"2014-04-17T22:20:38+00:00\",\"dateModified\":\"2014-04-22T09:09:04+00:00\",\"author\":{\"@id\":\"https:\/\/hir.mediamarkt.hu\/magazin\/#\/schema\/person\/b93b02ec1ab4d2353f8d281e171c1b0b\"},\"breadcrumb\":{\"@id\":\"https:\/\/hir.mediamarkt.hu\/magazin\/kameras-kontaktlencse\/#breadcrumb\"},\"inLanguage\":\"hu\",\"potentialAction\":[{\"@type\":\"ReadAction\",\"target\":[\"https:\/\/hir.mediamarkt.hu\/magazin\/kameras-kontaktlencse\/\"]}]},{\"@type\":\"ImageObject\",\"inLanguage\":\"hu\",\"@id\":\"https:\/\/hir.mediamarkt.hu\/magazin\/kameras-kontaktlencse\/#primaryimage\",\"url\":\"http:\/\/hir.mediamarkt.hu\/magazin\/wp-content\/uploads\/2014\/04\/kontaktlencse01.jpg\",\"contentUrl\":\"http:\/\/hir.mediamarkt.hu\/magazin\/wp-content\/uploads\/2014\/04\/kontaktlencse01.jpg\"},{\"@type\":\"BreadcrumbList\",\"@id\":\"https:\/\/hir.mediamarkt.hu\/magazin\/kameras-kontaktlencse\/#breadcrumb\",\"itemListElement\":[{\"@type\":\"ListItem\",\"position\":1,\"name\":\"Kezd\u0151lap\",\"item\":\"https:\/\/hir.mediamarkt.hu\/magazin\/\"},{\"@type\":\"ListItem\",\"position\":2,\"name\":\"IT \u00e9s sz\u00e1m\u00edt\u00e1stechnika\",\"item\":\"https:\/\/hir.mediamarkt.hu\/magazin\/it-es-szamitastechnika\/\"},{\"@type\":\"ListItem\",\"position\":3,\"name\":\"IT h\u00edrek\",\"item\":\"https:\/\/hir.mediamarkt.hu\/magazin\/it-es-szamitastechnika\/it-hirek\/\"},{\"@type\":\"ListItem\",\"position\":4,\"name\":\"Kamer\u00e1s kontaktlencse\"}]},{\"@type\":\"WebSite\",\"@id\":\"https:\/\/hir.mediamarkt.hu\/magazin\/#website\",\"url\":\"https:\/\/hir.mediamarkt.hu\/magazin\/\",\"name\":\"MediaMarkt Magazin\",\"description\":\"Olvass bele magazinunkba!\",\"potentialAction\":[{\"@type\":\"SearchAction\",\"target\":{\"@type\":\"EntryPoint\",\"urlTemplate\":\"https:\/\/hir.mediamarkt.hu\/magazin\/?s={search_term_string}\"},\"query-input\":\"required name=search_term_string\"}],\"inLanguage\":\"hu\"},{\"@type\":\"Person\",\"@id\":\"https:\/\/hir.mediamarkt.hu\/magazin\/#\/schema\/person\/b93b02ec1ab4d2353f8d281e171c1b0b\",\"name\":\"Media Markt\",\"image\":{\"@type\":\"ImageObject\",\"inLanguage\":\"hu\",\"@id\":\"https:\/\/hir.mediamarkt.hu\/magazin\/#\/schema\/person\/image\/\",\"url\":\"https:\/\/secure.gravatar.com\/avatar\/602bccae8998beee472d01909f0978f1?s=96&d=mm&r=g\",\"contentUrl\":\"https:\/\/secure.gravatar.com\/avatar\/602bccae8998beee472d01909f0978f1?s=96&d=mm&r=g\",\"caption\":\"Media Markt\"}}]}<\/script>\n<!-- \/ Yoast SEO plugin. -->","yoast_head_json":{"title":"Kamer\u00e1s kontaktlencse - MediaMarkt Magazin","robots":{"index":"index","follow":"follow","max-snippet":"max-snippet:-1","max-image-preview":"max-image-preview:large","max-video-preview":"max-video-preview:-1"},"canonical":"https:\/\/hir.mediamarkt.hu\/magazin\/kameras-kontaktlencse\/","og_locale":"hu_HU","og_type":"article","og_title":"Kamer\u00e1s kontaktlencse - MediaMarkt Magazin","og_description":"Alig p\u00e1r napja v\u00e1s\u00e1rolhat\u00f3 meg a Google szem\u00fcvege, m\u00e1ris \u00fajabb vizu\u00e1lis eszk\u00f6zzel k\u00eds\u00e9rletezik a c\u00e9g. Az hogy egy v\u00e9kony f\u00e9mkeretre apr\u00f3 kijelz\u0151t szerelnek \u00e9s megt\u00e1mogatj\u00e1k Android oper\u00e1ci\u00f3s rendszerrel, majd azt mondj\u00e1k a vil\u00e1gnak, hogy egy j\u00f3 darabig nem vehetitek meg, csak ha fejleszt\u0151k vagytok, igen j\u00f3 h\u00faz\u00e1snak bizonyult a Google \u00e9let\u00e9ben. A Project Glass nagy port kavart k\u00e9t \u00e9vvel ezel\u0151tti bemutatkoz\u00e1sakor \u00e9s m\u00e9g az\u00f3ta is nagyon men\u0151 az, aki ilyen eszk\u00f6zzel s\u00e9t\u00e1lgat, b\u00e1r h\u00e1rom napja b\u00e1rmely f\u00f6ldi haland\u00f3 hozz\u00e1juthat, nem csak a fejleszt\u0151k. A trendis\u00e9g mellett meg kell azt is jegyezni, hogy a vil\u00e1g m\u00e9g nem k\u00e9sz\u00fclt fel a Glassra, \u00edgy szinte hetente lehet olvasni a Google speci\u00e1lis szem\u00fcveg\u00e9t visel\u0151k b\u00e1ntalmaz\u00e1s\u00e1r\u00f3l, a szem\u00e9lyis\u00e9gi jogaikat f\u00e9lt\u0151 \u00e9s \u00e9rveiknek ak\u00e1r ver\u00e9ssel is ...","og_url":"https:\/\/hir.mediamarkt.hu\/magazin\/kameras-kontaktlencse\/","og_site_name":"MediaMarkt Magazin","article_publisher":"https:\/\/www.facebook.com\/MediaMarktMagyarorszag","article_published_time":"2014-04-17T22:20:38+00:00","article_modified_time":"2014-04-22T09:09:04+00:00","og_image":[{"url":"http:\/\/hir.mediamarkt.hu\/magazin\/wp-content\/uploads\/2014\/04\/kontaktlencse01.jpg"}],"author":"Media Markt","twitter_misc":{"Szerz\u0151:":"Media Markt","Becs\u00fclt olvas\u00e1si id\u0151":"2 perc"},"schema":{"@context":"https:\/\/schema.org","@graph":[{"@type":"WebPage","@id":"https:\/\/hir.mediamarkt.hu\/magazin\/kameras-kontaktlencse\/","url":"https:\/\/hir.mediamarkt.hu\/magazin\/kameras-kontaktlencse\/","name":"Kamer\u00e1s kontaktlencse - MediaMarkt Magazin","isPartOf":{"@id":"https:\/\/hir.mediamarkt.hu\/magazin\/#website"},"primaryImageOfPage":{"@id":"https:\/\/hir.mediamarkt.hu\/magazin\/kameras-kontaktlencse\/#primaryimage"},"image":{"@id":"https:\/\/hir.mediamarkt.hu\/magazin\/kameras-kontaktlencse\/#primaryimage"},"thumbnailUrl":"http:\/\/hir.mediamarkt.hu\/magazin\/wp-content\/uploads\/2014\/04\/kontaktlencse01.jpg","datePublished":"2014-04-17T22:20:38+00:00","dateModified":"2014-04-22T09:09:04+00:00","author":{"@id":"https:\/\/hir.mediamarkt.hu\/magazin\/#\/schema\/person\/b93b02ec1ab4d2353f8d281e171c1b0b"},"breadcrumb":{"@id":"https:\/\/hir.mediamarkt.hu\/magazin\/kameras-kontaktlencse\/#breadcrumb"},"inLanguage":"hu","potentialAction":[{"@type":"ReadAction","target":["https:\/\/hir.mediamarkt.hu\/magazin\/kameras-kontaktlencse\/"]}]},{"@type":"ImageObject","inLanguage":"hu","@id":"https:\/\/hir.mediamarkt.hu\/magazin\/kameras-kontaktlencse\/#primaryimage","url":"http:\/\/hir.mediamarkt.hu\/magazin\/wp-content\/uploads\/2014\/04\/kontaktlencse01.jpg","contentUrl":"http:\/\/hir.mediamarkt.hu\/magazin\/wp-content\/uploads\/2014\/04\/kontaktlencse01.jpg"},{"@type":"BreadcrumbList","@id":"https:\/\/hir.mediamarkt.hu\/magazin\/kameras-kontaktlencse\/#breadcrumb","itemListElement":[{"@type":"ListItem","position":1,"name":"Kezd\u0151lap","item":"https:\/\/hir.mediamarkt.hu\/magazin\/"},{"@type":"ListItem","position":2,"name":"IT \u00e9s sz\u00e1m\u00edt\u00e1stechnika","item":"https:\/\/hir.mediamarkt.hu\/magazin\/it-es-szamitastechnika\/"},{"@type":"ListItem","position":3,"name":"IT h\u00edrek","item":"https:\/\/hir.mediamarkt.hu\/magazin\/it-es-szamitastechnika\/it-hirek\/"},{"@type":"ListItem","position":4,"name":"Kamer\u00e1s kontaktlencse"}]},{"@type":"WebSite","@id":"https:\/\/hir.mediamarkt.hu\/magazin\/#website","url":"https:\/\/hir.mediamarkt.hu\/magazin\/","name":"MediaMarkt Magazin","description":"Olvass bele magazinunkba!","potentialAction":[{"@type":"SearchAction","target":{"@type":"EntryPoint","urlTemplate":"https:\/\/hir.mediamarkt.hu\/magazin\/?s={search_term_string}"},"query-input":"required name=search_term_string"}],"inLanguage":"hu"},{"@type":"Person","@id":"https:\/\/hir.mediamarkt.hu\/magazin\/#\/schema\/person\/b93b02ec1ab4d2353f8d281e171c1b0b","name":"Media Markt","image":{"@type":"ImageObject","inLanguage":"hu","@id":"https:\/\/hir.mediamarkt.hu\/magazin\/#\/schema\/person\/image\/","url":"https:\/\/secure.gravatar.com\/avatar\/602bccae8998beee472d01909f0978f1?s=96&d=mm&r=g","contentUrl":"https:\/\/secure.gravatar.com\/avatar\/602bccae8998beee472d01909f0978f1?s=96&d=mm&r=g","caption":"Media Markt"}}]}},"_links":{"self":[{"href":"https:\/\/hir.mediamarkt.hu\/magazin\/wp-json\/wp\/v2\/posts\/839"}],"collection":[{"href":"https:\/\/hir.mediamarkt.hu\/magazin\/wp-json\/wp\/v2\/posts"}],"about":[{"href":"https:\/\/hir.mediamarkt.hu\/magazin\/wp-json\/wp\/v2\/types\/post"}],"author":[{"embeddable":true,"href":"https:\/\/hir.mediamarkt.hu\/magazin\/wp-json\/wp\/v2\/users\/13"}],"replies":[{"embeddable":true,"href":"https:\/\/hir.mediamarkt.hu\/magazin\/wp-json\/wp\/v2\/comments?post=839"}],"version-history":[{"count":4,"href":"https:\/\/hir.mediamarkt.hu\/magazin\/wp-json\/wp\/v2\/posts\/839\/revisions"}],"predecessor-version":[{"id":851,"href":"https:\/\/hir.mediamarkt.hu\/magazin\/wp-json\/wp\/v2\/posts\/839\/revisions\/851"}],"wp:attachment":[{"href":"https:\/\/hir.mediamarkt.hu\/magazin\/wp-json\/wp\/v2\/media?parent=839"}],"wp:term":[{"taxonomy":"category","embeddable":true,"href":"https:\/\/hir.mediamarkt.hu\/magazin\/wp-json\/wp\/v2\/categories?post=839"},{"taxonomy":"post_tag","embeddable":true,"href":"https:\/\/hir.mediamarkt.hu\/magazin\/wp-json\/wp\/v2\/tags?post=839"}],"curies":[{"name":"wp","href":"https:\/\/api.w.org\/{rel}","templated":true}]}}