{"id":8405,"date":"2019-04-29T15:29:43","date_gmt":"2019-04-29T14:29:43","guid":{"rendered":"http:\/\/hir.mediamarkt.hu\/magazin\/?p=8405"},"modified":"2019-06-28T17:44:55","modified_gmt":"2019-06-28T16:44:55","slug":"szorongas-kutya-macska-haziallat-tipp-2019","status":"publish","type":"post","link":"https:\/\/hir.mediamarkt.hu\/magazin\/szorongas-kutya-macska-haziallat-tipp-2019\/","title":{"rendered":"Szorong\u00f3 kutya, senkivel sem kij\u00f6v\u0151 macska? \u00cdgy lehetsz v\u00e9gre felel\u0151s, boldog \u00e1llat-t\u00e1rs!"},"content":{"rendered":"<b>B\u00e1r szerencs\u00e9re a szeret\u0151 csal\u00e1dokban \u00e9l\u0151 k\u00e9t \u00e9s n\u00e9gy (esetleg nyolc, ezer vagy \u00e9pp nulla) l\u00e1b\u00faak t\u00f6bbs\u00e9ge boldog \u00e9s kiegyens\u00falyozott, sok h\u00e1zi\u00e1llat k\u00fczd szorong\u00e1ssal, lelki probl\u00e9m\u00e1kkal. Az \u00e1llattart\u00f3k bizony\u00e1ra tiszt\u00e1ban vannak vele, milyen gyakori m\u00e1ra a r\u00e1kos megbeteged\u00e9s a kedvencek k\u00f6z\u00f6tt, amely, persze m\u00e1s t\u00e9nyez\u0151k (pl. t\u00e1pl\u00e1lkoz\u00e1s) mellett sokszor lelki eredet\u0171 okokra vezethet\u0151 vissza. Hogyan seg\u00edts\u00fcnk a sz\u0151r\u00f6s-tollas-pikkelyes bar\u00e1tainknak, hogy t\u00faljussanak a probl\u00e9m\u00e1ikon? Egy\u00e1ltal\u00e1n mir\u0151l ismerhetem fel, ha baj van? \u00d6sszeszedt\u00fcnk n\u00e9h\u00e1ny fontos dolgot minden \u00e1llatbar\u00e1tnak, hiszen kedvenceink lelki eg\u00e9szs\u00e9g\u00e9nek kulcsa a mi kez\u00fcnkben van! <\/b><!--more-->\r\n<h2><\/h2>\r\n<h2><b>Mint az embern\u00e9l, itt is a megel\u0151z\u00e9s a legfontosabb!<\/b><\/h2>\r\n<span style=\"font-weight: 400\">Ha valaki \u00fagy d\u00f6nt, h\u00e1zi\u00e1llatra tesz szert, olyan szint\u0171 felel\u0151ss\u00e9get v\u00e1llal, mintha gyereket akarna. Persze m\u00e1r halljuk, ahogy felh\u00e1borodnak sokan, az\u00e9rt m\u00e9gse hasonl\u00edtsuk az embert egy ny\u00falhoz vagy kuty\u00e1hoz! Nos, sokan \u00fagy vagyunk vele, hogy <strong>egyenrang\u00fa partnerk\u00e9nt \u00e9s igenis csal\u00e1dtagk\u00e9nt, t\u00e1rsk\u00e9nt tekint\u00fcnk kedvenceinkre.<\/strong> Emiatt azt\u00e1n &#8211; ahogy minden norm\u00e1lis sz\u00fcl\u0151 -, mi is a legjobbat akarjuk a kisebb-nagyobb \u00e1llatainknak. A testi eg\u00e9szs\u00e9g (v\u00e9d\u0151olt\u00e1sok, megfelel\u0151 t\u00e1pl\u00e1lkoz\u00e1s, kiel\u00e9g\u00edt\u0151 mozg\u00e1s \u00e9s persze az ivartalan\u00edt\u00e1s!) mellett a lelki egyens\u00faly is a gondos gazdik figyelm\u00e9nek k\u00f6z\u00e9ppontj\u00e1ban \u00e1ll. <strong>Hib\u00e1t mindannyian elk\u00f6vethet\u00fcnk, de vannak olyan alapszab\u00e1lyok, amelyek be nem tart\u00e1sa, figyelmen k\u00edv\u00fcl hagy\u00e1sa m\u00e1r-m\u00e1r \u00e1llatk\u00ednz\u00e1ssal \u00e9r fel. <\/strong><\/span>\r\n\r\n<span style=\"font-weight: 400\">Magyarorsz\u00e1gon m\u00e9g mindig nincsenek tiszt\u00e1ban az emberek az \u00e1llatteny\u00e9szt\u00e9s s\u00f6t\u00e9t oldal\u00e1val. <strong>B\u00e1r term\u00e9szetesen l\u00e9teznek megb\u00edzhat\u00f3, profi, \u00e1llatszeret\u0151 fajta szapor\u00edt\u00f3k, m\u00e9gis sz\u00e1mos brut\u00e1lis \u201cbabagy\u00e1rat&#8221; is fenntartunk, mi, &#8222;fogyaszt\u00f3k&#8221;.<\/strong> E sorok \u00edr\u00f3ja kifejezetten szenior-kutya rajong\u00f3, de meg\u00e9rti, hogy sokan v\u00e1gynak kiskuty\u00e1ra, k\u00f6ly\u00f6kmacsk\u00e1ra, egy\u00e9b fiatal \u00e1llatra. Az aranyos kis\u00e1llatok ut\u00e1ni v\u00e1gy term\u00e9szetes, az ellen\u0151rizetlen k\u00f6r\u00fclm\u00e9nyek k\u00f6z\u00fcl \u00e9rkez\u0151 egyedek v\u00e1s\u00e1rl\u00e1sa viszont etikai b\u0171n. Hiszen ezzel \u00e1llatok kizs\u00e1km\u00e1nyol\u00e1s\u00e1t, k\u00ednz\u00e1s\u00e1t finansz\u00edrozzuk, r\u00e1ad\u00e1sul j\u00f3 es\u00e9llyel eleve genetikailag \u00e9s pszich\u00e9sen terhelt kutyust vesz\u00fcnk, amely azt\u00e1n sz\u00e1mos szenved\u00e9s ut\u00e1n, hamar elpusztul. <strong>Ha minden\u00e1ron fiatal \u00e1llatot szeretn\u00e9nk, hemzseg az internet a nem v\u00e1rt almok k\u00f6lykeivel (melyet ugye az ivartalan\u00edt\u00e1ssal megel\u0151zhet\u00fcnk). De gyeptelepeken \u00e9s menhelyeken is b\u0151ven akadnak cs\u00f6pps\u00e9gek, akik \u00f6r\u00f6kbefogad\u00e1s\u00e1val, a helyek \u00e9s a hum\u00e1ner\u0151 felszabad\u00edt\u00e1s\u00e1val \u00e1tt\u00e9telesen tov\u00e1bbi \u00e9leteket is megmenthet\u00fcnk.<\/strong><\/span>\r\n\r\n<img loading=\"lazy\" decoding=\"async\" class=\"alignnone wp-image-8407 size-large\" src=\"https:\/\/hir.mediamarkt.hu\/magazin\/wp-content\/uploads\/2019\/04\/pexels-photo-757455-1024x682.jpeg\" alt=\"\" width=\"1024\" height=\"682\" srcset=\"https:\/\/hir.mediamarkt.hu\/magazin\/wp-content\/uploads\/2019\/04\/pexels-photo-757455-1024x682.jpeg 1024w, https:\/\/hir.mediamarkt.hu\/magazin\/wp-content\/uploads\/2019\/04\/pexels-photo-757455-275x183.jpeg 275w, https:\/\/hir.mediamarkt.hu\/magazin\/wp-content\/uploads\/2019\/04\/pexels-photo-757455-300x200.jpeg 300w, https:\/\/hir.mediamarkt.hu\/magazin\/wp-content\/uploads\/2019\/04\/pexels-photo-757455-768x512.jpeg 768w, https:\/\/hir.mediamarkt.hu\/magazin\/wp-content\/uploads\/2019\/04\/pexels-photo-757455.jpeg 1440w\" sizes=\"(max-width: 1024px) 100vw, 1024px\" \/> <img loading=\"lazy\" decoding=\"async\" class=\"alignnone wp-image-8408 size-full\" src=\"https:\/\/hir.mediamarkt.hu\/magazin\/wp-content\/uploads\/2019\/04\/pexels-photo-1904105.jpeg\" alt=\"\" width=\"1880\" height=\"1186\" srcset=\"https:\/\/hir.mediamarkt.hu\/magazin\/wp-content\/uploads\/2019\/04\/pexels-photo-1904105.jpeg 1440w, https:\/\/hir.mediamarkt.hu\/magazin\/wp-content\/uploads\/2019\/04\/pexels-photo-1904105-275x173.jpeg 275w, https:\/\/hir.mediamarkt.hu\/magazin\/wp-content\/uploads\/2019\/04\/pexels-photo-1904105-300x189.jpeg 300w, https:\/\/hir.mediamarkt.hu\/magazin\/wp-content\/uploads\/2019\/04\/pexels-photo-1904105-768x484.jpeg 768w, https:\/\/hir.mediamarkt.hu\/magazin\/wp-content\/uploads\/2019\/04\/pexels-photo-1904105-1024x646.jpeg 1024w\" sizes=\"(max-width: 1880px) 100vw, 1880px\" \/>\r\n\r\n<span style=\"font-weight: 400\"><strong>A fajta kiv\u00e1laszt\u00e1s\u00e1n\u00e1l (ak\u00e1r macsk\u00e1k eset\u00e9ben is) nagyon k\u00f6r\u00fcltekint\u0151nek kell lenni,<\/strong> hiszen hatalmas elt\u00e9r\u00e9sek lehetnek az alap karakterekben \u00e9s ig\u00e9nyekben. Nyilv\u00e1n minden egyed m\u00e1s, de az\u00e9rt b\u0151ven vannak fajta jellemz\u0151k (nyugodts\u00e1g, h\u00edz\u00e9konys\u00e1gra val\u00f3 hajlam, extr\u00e9m mozg\u00e1sig\u00e9ny, korai haland\u00f3s\u00e1g stb.), amelyeket szem el\u0151tt kell tartani a nagy d\u00f6nt\u00e9s el\u0151tt. Nem el\u00e9g, hogy egy kutya, egy macska, egy ny\u00fal \u201ccuki\u201d. \u00c9rteni kell hozz\u00e1 \u00e9s ismerni kell a fajta h\u00e1tter\u00e9t \u00e9s jellemz\u0151it is. Az id\u0151sebb (2 \u00e9v feletti), \u00f6r\u00f6kbefogad\u00e1sra v\u00e1r\u00f3 kuty\u00e1k eset\u00e9ben <strong>a legt\u00f6bb menhely \u00e9s gyeptelep, valamint seg\u00edt\u0151 szervezet b\u0151vebb jellemrajzzal rendelkezik.<\/strong> Sok esetben nem ismert az \u00e1rva \u00e1llatok teljes m\u00faltja, de bizonyos dolgokra a szakemberek k\u00e9pesek k\u00f6vetkeztetni a viselked\u00e9sb\u0151l \u00e9s persze fizikai jelekb\u0151l is.<\/span>\r\n\r\n&nbsp;\r\n<h2><b>Egy s\u00edrva-nevet\u0151s, szem\u00e9lyes t\u00f6rt\u00e9net<\/b><\/h2>\r\n<span style=\"font-weight: 400\">2017 tel\u00e9n ideiglenes \u00f6r\u00f6kbefogad\u00f3k\u00e9nt elv\u00e1llaltam egy <strong>s\u00falyos szepar\u00e1ci\u00f3s szorong\u00e1ssal k\u00fczd\u0151, 10 \u00e9v k\u00f6r\u00fcli kuty\u00e1t.<\/strong> A gy\u00f6ny\u00f6r\u0171 kan a miskolci gyeptelepr\u0151l ker\u00fclt Budapestre egy kifejezetten kuty\u00e1k ment\u00e9s\u00e9vel \u00e9s \u00f6r\u00f6kbefogad\u00e1s\u00e1val foglalkoz\u00f3 szervezeten kereszt\u00fcl. Fot\u00f3 alapj\u00e1n beleszerettem az \u201c\u00f6reg\u00farba\u201d, de mire l\u00e1ttam a k\u00e9peket, a kutya m\u00e1r egy ideiglenes otthonban volt. Majd p\u00e1r h\u00e9t alatt kider\u00fclt, s\u00falyos szepar\u00e1ci\u00f3s szorong\u00e1sban szenved, vagyis gyakorlatilag nem lehet egyed\u00fcl hagyni. <strong>Ha volt k\u00f6r\u00fcl\u00f6tte valaki, a vil\u00e1g legj\u00e1mborabb \u00e9s csod\u00e1latosabb t\u00e1rsa volt. De egy hosszabb egyed\u00fcll\u00e9t olyan p\u00e1nikrohamokat v\u00e1ltott ki n\u00e1la, hogy b\u00fator nem maradt egyben.<\/strong> Mivel az \u00e9letvitelem nagyon rugalmas, \u00edgy \u00e1tv\u00e1llaltam a kuty\u00e1t, hiszen mellettem szinte sosem kellett egyed\u00fcl lennie. A seg\u00edt\u0151 szervezet egy nagy m\u00e9ret\u0171 kennelt (amelyben fel tudott \u00e1llni, meg tudott fordulni) is k\u00f6lcs\u00f6nadott, \u00edgy ha musz\u00e1j volt hosszabban elmennem valahova, biztons\u00e1gban tudhattam a lak\u00e1st. <\/span>\r\n\r\n<span style=\"font-weight: 400\">A szerelem hatalmas volt, a gy\u00f6ny\u00f6r\u0171s\u00e9g semmiben nem tett n\u00e1lam k\u00e1rt, igaz, fel\u00fcgyelet n\u00e9lk\u00fcl maximum 20 percekre hagytam egyed\u00fcl (a kennelt nem sz\u00edvesen alkalmaztam, de ilyen r\u00f6vid ideig, ha nem is t\u00fal nyugodtan, de elvolt a kutyus n\u00e9lk\u00fcle is, melyr\u0151l egy direkt bekapcsolva hagyott kamera felv\u00e9tele tan\u00faskodott). Igazi \u00e1lom t\u00e1rsam volt, akit az alv\u00e1s \u00e9s ev\u00e9s, meg persze a rengeteg simogat\u00e1s tett boldogg\u00e1. \u00c9rdekes jelens\u00e9g volt, hogy <strong>a kutya folyton kereste a testi kontaktust, a mancsa, a feje mindig a l\u00e1bamhoz \u00e9rt ha olvastam, dolgoztam. Ez persze nagyon aranyosnak t\u0171nt, de val\u00f3j\u00e1ban a s\u00falyos szorong\u00e1s\u00e1t fejezte ki.<\/strong> Az \u00f6regurat azt\u00e1n h\u00e1rom h\u00e9t ut\u00e1n \u00f6r\u00f6kbefogadt\u00e1k. Sajnos azonban kider\u00fclt, nem a megfelel\u0151 helyre ker\u00fclt, \u00edgy v\u00e9g\u00fcl visszaj\u00f6tt hozz\u00e1m, az addigiakn\u00e1l m\u00e9g er\u0151sebb p\u00e1nikrohamokkal. A kutyament\u0151 szervezet seg\u00edts\u00e9g\u00e9vel \u00e9s t\u00e1mogat\u00e1s\u00e1val felkerest\u00fcnk egy tr\u00e9nert, aki egyszer\u0171 gyakorlatokkal, h\u00e1zi feladatokkal l\u00e1tott el minket.<\/span>\r\n\r\n\n\t\t<style type=\"text\/css\">\n\t\t\t#gallery-1 {\n\t\t\t\tmargin: auto;\n\t\t\t}\n\t\t\t#gallery-1 .gallery-item {\n\t\t\t\tfloat: left;\n\t\t\t\tmargin-top: 10px;\n\t\t\t\ttext-align: center;\n\t\t\t\twidth: 33%;\n\t\t\t}\n\t\t\t#gallery-1 img {\n\t\t\t\tborder: 2px solid #cfcfcf;\n\t\t\t}\n\t\t\t#gallery-1 .gallery-caption {\n\t\t\t\tmargin-left: 0;\n\t\t\t}\n\t\t\t\/* see gallery_shortcode() in wp-includes\/media.php *\/\n\t\t<\/style>\n\t\t<div id='gallery-1' class='gallery galleryid-8405 gallery-columns-3 gallery-size-full'><dl class='gallery-item'>\n\t\t\t<dt class='gallery-icon landscape'>\n\t\t\t\t<a href='https:\/\/hir.mediamarkt.hu\/magazin\/szorongas-kutya-macska-haziallat-tipp-2019\/00-52\/'><img loading=\"lazy\" decoding=\"async\" width=\"750\" height=\"746\" src=\"https:\/\/hir.mediamarkt.hu\/magazin\/wp-content\/uploads\/2019\/04\/00.jpg\" class=\"attachment-full size-full\" alt=\"\" aria-describedby=\"gallery-1-8409\" srcset=\"https:\/\/hir.mediamarkt.hu\/magazin\/wp-content\/uploads\/2019\/04\/00.jpg 750w, https:\/\/hir.mediamarkt.hu\/magazin\/wp-content\/uploads\/2019\/04\/00-275x274.jpg 275w, https:\/\/hir.mediamarkt.hu\/magazin\/wp-content\/uploads\/2019\/04\/00-300x298.jpg 300w, https:\/\/hir.mediamarkt.hu\/magazin\/wp-content\/uploads\/2019\/04\/00-150x150.jpg 150w\" sizes=\"(max-width: 750px) 100vw, 750px\" \/><\/a>\n\t\t\t<\/dt>\n\t\t\t\t<dd class='wp-caption-text gallery-caption' id='gallery-1-8409'>\n\t\t\t\t\u00c9rkez\u00e9s\n\t\t\t\t<\/dd><\/dl><dl class='gallery-item'>\n\t\t\t<dt class='gallery-icon landscape'>\n\t\t\t\t<a href='https:\/\/hir.mediamarkt.hu\/magazin\/szorongas-kutya-macska-haziallat-tipp-2019\/01-43\/'><img loading=\"lazy\" decoding=\"async\" width=\"747\" height=\"746\" src=\"https:\/\/hir.mediamarkt.hu\/magazin\/wp-content\/uploads\/2019\/04\/01.jpg\" class=\"attachment-full size-full\" alt=\"\" aria-describedby=\"gallery-1-8410\" srcset=\"https:\/\/hir.mediamarkt.hu\/magazin\/wp-content\/uploads\/2019\/04\/01.jpg 747w, https:\/\/hir.mediamarkt.hu\/magazin\/wp-content\/uploads\/2019\/04\/01-275x275.jpg 275w, https:\/\/hir.mediamarkt.hu\/magazin\/wp-content\/uploads\/2019\/04\/01-300x300.jpg 300w, https:\/\/hir.mediamarkt.hu\/magazin\/wp-content\/uploads\/2019\/04\/01-150x150.jpg 150w\" sizes=\"(max-width: 747px) 100vw, 747px\" \/><\/a>\n\t\t\t<\/dt>\n\t\t\t\t<dd class='wp-caption-text gallery-caption' id='gallery-1-8410'>\n\t\t\t\tFirefox&#8230;\n\t\t\t\t<\/dd><\/dl><dl class='gallery-item'>\n\t\t\t<dt class='gallery-icon portrait'>\n\t\t\t\t<a href='https:\/\/hir.mediamarkt.hu\/magazin\/szorongas-kutya-macska-haziallat-tipp-2019\/02-42\/'><img loading=\"lazy\" decoding=\"async\" width=\"745\" height=\"748\" src=\"https:\/\/hir.mediamarkt.hu\/magazin\/wp-content\/uploads\/2019\/04\/02.jpg\" class=\"attachment-full size-full\" alt=\"\" aria-describedby=\"gallery-1-8411\" srcset=\"https:\/\/hir.mediamarkt.hu\/magazin\/wp-content\/uploads\/2019\/04\/02.jpg 745w, https:\/\/hir.mediamarkt.hu\/magazin\/wp-content\/uploads\/2019\/04\/02-275x276.jpg 275w, https:\/\/hir.mediamarkt.hu\/magazin\/wp-content\/uploads\/2019\/04\/02-300x300.jpg 300w, https:\/\/hir.mediamarkt.hu\/magazin\/wp-content\/uploads\/2019\/04\/02-150x150.jpg 150w\" sizes=\"(max-width: 745px) 100vw, 745px\" \/><\/a>\n\t\t\t<\/dt>\n\t\t\t\t<dd class='wp-caption-text gallery-caption' id='gallery-1-8411'>\n\t\t\t\tA szepar\u00e1ci\u00f3s szorong\u00e1s aranyos, de aggaszt\u00f3 jele: az \u00e1lland\u00f3 fizikai kontakt ig\u00e9nye\n\t\t\t\t<\/dd><\/dl><br style=\"clear: both\" \/><dl class='gallery-item'>\n\t\t\t<dt class='gallery-icon landscape'>\n\t\t\t\t<a href='https:\/\/hir.mediamarkt.hu\/magazin\/szorongas-kutya-macska-haziallat-tipp-2019\/03-41\/'><img loading=\"lazy\" decoding=\"async\" width=\"747\" height=\"741\" src=\"https:\/\/hir.mediamarkt.hu\/magazin\/wp-content\/uploads\/2019\/04\/03.jpg\" class=\"attachment-full size-full\" alt=\"\" aria-describedby=\"gallery-1-8412\" srcset=\"https:\/\/hir.mediamarkt.hu\/magazin\/wp-content\/uploads\/2019\/04\/03.jpg 747w, https:\/\/hir.mediamarkt.hu\/magazin\/wp-content\/uploads\/2019\/04\/03-275x273.jpg 275w, https:\/\/hir.mediamarkt.hu\/magazin\/wp-content\/uploads\/2019\/04\/03-300x298.jpg 300w, https:\/\/hir.mediamarkt.hu\/magazin\/wp-content\/uploads\/2019\/04\/03-150x150.jpg 150w\" sizes=\"(max-width: 747px) 100vw, 747px\" \/><\/a>\n\t\t\t<\/dt>\n\t\t\t\t<dd class='wp-caption-text gallery-caption' id='gallery-1-8412'>\n\t\t\t\tKell az \u00e9rint\u00e9s\n\t\t\t\t<\/dd><\/dl><dl class='gallery-item'>\n\t\t\t<dt class='gallery-icon landscape'>\n\t\t\t\t<a href='https:\/\/hir.mediamarkt.hu\/magazin\/szorongas-kutya-macska-haziallat-tipp-2019\/04-36\/'><img loading=\"lazy\" decoding=\"async\" width=\"748\" height=\"748\" src=\"https:\/\/hir.mediamarkt.hu\/magazin\/wp-content\/uploads\/2019\/04\/04.jpg\" class=\"attachment-full size-full\" alt=\"\" aria-describedby=\"gallery-1-8413\" srcset=\"https:\/\/hir.mediamarkt.hu\/magazin\/wp-content\/uploads\/2019\/04\/04.jpg 748w, https:\/\/hir.mediamarkt.hu\/magazin\/wp-content\/uploads\/2019\/04\/04-275x275.jpg 275w, https:\/\/hir.mediamarkt.hu\/magazin\/wp-content\/uploads\/2019\/04\/04-300x300.jpg 300w, https:\/\/hir.mediamarkt.hu\/magazin\/wp-content\/uploads\/2019\/04\/04-150x150.jpg 150w\" sizes=\"(max-width: 748px) 100vw, 748px\" \/><\/a>\n\t\t\t<\/dt>\n\t\t\t\t<dd class='wp-caption-text gallery-caption' id='gallery-1-8413'>\n\t\t\t\tB\u00facs\u00fa-szieszta\n\t\t\t\t<\/dd><\/dl>\n\t\t\t<br style='clear: both' \/>\n\t\t<\/div>\n\r\n\r\n<span style=\"font-weight: 400\">A \u2018szep\u00e1s\u2019 \u00e1llatok eset\u00e9ben <strong>a ritmus, az \u00e1lland\u00f3 rutin ism\u00e9tl\u0151d\u00e9se nagyon fontos<\/strong>, \u00edgy k\u00fcl\u00f6n\u00f6sen nagy gondot ford\u00edtottunk arra, hogy a b\u00e1csi tudja, mikor mi t\u00f6rt\u00e9nik. Persze nyilv\u00e1n elment\u00fcnk est\u00e9nk\u00e9nt ide-oda, voltak nem v\u00e1rt programok, de a s\u00e9t\u00e1k \u00e9s az \u00e9tkez\u00e9sek nagyj\u00e1b\u00f3l mindig ugyan\u00fagy folytak, szertart\u00e1s szer\u0171en. Emellett apr\u00f3 akarater\u0151 pr\u00f3b\u00e1kat is gyakoroltunk, melyeket gy\u00f6ny\u00f6r\u0171en teljes\u00edtett a kutya. Sajnos a visszaker\u00fcl\u00e9se k\u00f6r\u00fcli szorong\u00e1s miatt v\u00e9g\u00fcl term\u00e9szetes alapanyag\u00fa nyugtat\u00f3kat is be kellett vetni, melyeknek hat\u00e1s\u00e1t k\u00fcl\u00f6n\u00f6sebben nem \u00e9rezt\u00fck. <\/span>\r\n<blockquote>\r\n<h2><strong>V\u00e9g\u00fcl azt\u00e1n elj\u00f6tt a \u201cnagy \u0151\u201d, \u00e9s az \u00f6reg\u00far megtal\u00e1lta a t\u00f6k\u00e9letes t\u00e1rsat \u00e9s csal\u00e1dot, ahol tov\u00e1bbi tr\u00e9ningeket vesz \u00e9s ahol a felt\u00e9tlen szeretet mellett a t\u00fcrelmet \u00e9s a megfelel\u0151 t\u00f6r\u0151d\u00e9st is megkapja. <\/strong><\/h2>\r\n<\/blockquote>\r\n<span style=\"font-weight: 400\">Sz\u00e1momra a legfontosabb tanuls\u00e1g a t\u00f6rt\u00e9netben <strong>az ide\u00e1lis t\u00e1rs megtal\u00e1l\u00e1sa volt.<\/strong> Nem hazudok, f\u00fclig szerelmes voltam a kuty\u00e1ba, komolyan elgondolkoztam a v\u00e9gleges \u00f6r\u00f6kbefogad\u00e1s\u00e1n, de tudtam, egyed\u00fcl, komolyabb seg\u00edt\u0151 h\u00e1tt\u00e9rb\u00e1zis n\u00e9lk\u00fcl olyan lemond\u00e1sokkal j\u00e1rna a k\u00f6z\u00f6s \u00e9let\u00fcnk, amit nem lenne szerencs\u00e9s elkezdeni. Mivel gyakorl\u00f3 t\u00far\u00e1z\u00f3 \u00e9s utaz\u00f3 vagyok, megviselte volna az id\u0151s\u00f6d\u0151, k\u00e9nyelemre v\u00e1gy\u00f3 \u00e1llatot a sok gyalogl\u00e1s, j\u00f6v\u00e9s-men\u00e9s. Ha viszont folyton leadtam volna felvigy\u00e1z\u00e1sra, a szorong\u00e1sa j\u00f3 es\u00e9llyel tov\u00e1bb romlott volna. El kellett teh\u00e1t engedni a \u201ccukis\u00e1g faktort\u201d, \u00e9s a kutya \u00e9rdekeit n\u00e9zve kiv\u00e1rni a t\u00f6k\u00e9letes gazdit. A j\u00f6v\u0151ben is szenior kor\u00fa kuty\u00e1kat szeretn\u00e9k menteni, gondozni \u00e9s egy napon, ha saj\u00e1t t\u00e1rsam lesz, j\u00f3 es\u00e9llyel a 7+-os koroszt\u00e1lyb\u00f3l fogok v\u00e1lasztani. Illetve onnan hagyom, hogy kiv\u00e1lasszon engem a kutya. Hiszen <strong>j\u00f3 esetben itt t\u00e9nyleg egy t\u00e1rsas kapcsolat, egy sz\u00f6vets\u00e9g alakul ki, nem egy tulajdonjog.<\/strong><\/span>\r\n\r\n&nbsp;\r\n<h2><b>Mit tehetek \u00e9n, ha kis\u00e1llatom van \u00e9s valami \u201cnem stimmel\u201d vele<\/b><\/h2>\r\n<span style=\"font-weight: 400\">Ahogy az emberekn\u00e9l, \u00fagy az \u00e1llatokn\u00e1l is a legnehezebb st\u00e1dium, hogy megtal\u00e1ljuk a megfelel\u0151, szem\u00e9lyre szabott m\u00f3dszert. \u00a0\u201cK\u00e9tl\u00e1b\u00fak\u00e9nt\u201d is n\u00e9ha id\u0151, m\u00edg a sz\u00e1munkra hat\u00e1sos m\u00f3dszert, terapeut\u00e1t, eszk\u00f6zt meglelj\u00fck. De m\u00edg mi meg tudjuk magunkban fogalmazni a k\u00e9telyeinket egy-egy mell\u00e9kv\u00e1g\u00e1nyr\u00f3l, a kuty\u00e1nk, macsk\u00e1nk nem fog tudni sz\u00f3lni, hogy mi a j\u00f3 neki. Azt mondj\u00e1k, a leghat\u00e1sosabb kutyater\u00e1pia els\u0151sorban a gazdikr\u00f3l sz\u00f3l. A <\/span><b>Korom G\u00e1bor nev\u00e9vel f\u00e9mjelzett <\/b><a href=\"http:\/\/tukormodszer.hu\/\"><b>t\u00fck\u00f6rm\u00f3dszer<\/b><\/a><span style=\"font-weight: 400\"> m\u00e1r a nev\u00e9ben is jelzi, mire sz\u00e1m\u00edthatnak az oktat\u00e1son r\u00e9sztvev\u0151k. A k\u00f6ly\u00f6kkuty\u00e1kkal \u00e9s feln\u0151tt, valamint probl\u00e9m\u00e1sabb egyedekkel is dolgoz\u00f3 iskola honlapj\u00e1n egy nagyon fontos meg\u00e1llap\u00edt\u00e1s olvashat\u00f3: <strong>\u201c<\/strong><\/span><span style=\"font-weight: 400\"><strong>A kik\u00e9pz\u0151k szem\u00e9lye, egy\u00e9ni st\u00edlusa, az iskol\u00e1k elhelyezked\u00e9se, l\u00e9tsz\u00e1ma \u00e9s egy\u00e9b k\u00f6r\u00fclm\u00e9nyek is befoly\u00e1solhatj\u00e1k a foglalkoz\u00e1sokat.\u201d<\/strong> Ahogy eml\u00edtett\u00fck teh\u00e1t, meg kell tal\u00e1lni a megfelel\u0151 helyet, szem\u00e9lyt \u00e9s m\u00f3dszert, ez tal\u00e1n a legid\u0151ig\u00e9nyesebb k\u00e9rd\u00e9s a nevel\u00e9s \u00e9s a szorong\u00e1s felold\u00e1s kapcs\u00e1n.<\/span>\r\n\r\n<img loading=\"lazy\" decoding=\"async\" class=\"alignnone wp-image-8414 size-full\" src=\"https:\/\/hir.mediamarkt.hu\/magazin\/wp-content\/uploads\/2019\/04\/pexels-photo-674570.jpeg\" alt=\"\" width=\"1880\" height=\"1132\" srcset=\"https:\/\/hir.mediamarkt.hu\/magazin\/wp-content\/uploads\/2019\/04\/pexels-photo-674570.jpeg 1440w, https:\/\/hir.mediamarkt.hu\/magazin\/wp-content\/uploads\/2019\/04\/pexels-photo-674570-275x166.jpeg 275w, https:\/\/hir.mediamarkt.hu\/magazin\/wp-content\/uploads\/2019\/04\/pexels-photo-674570-300x181.jpeg 300w, https:\/\/hir.mediamarkt.hu\/magazin\/wp-content\/uploads\/2019\/04\/pexels-photo-674570-768x462.jpeg 768w, https:\/\/hir.mediamarkt.hu\/magazin\/wp-content\/uploads\/2019\/04\/pexels-photo-674570-1024x617.jpeg 1024w\" sizes=\"(max-width: 1880px) 100vw, 1880px\" \/>\r\n\r\n<span style=\"font-weight: 400\">Ha nincs komolyabb gond a kedvenc\u00fcnkkel (nem szed sz\u00e9t rendszeresen dolgokat, kij\u00f6n m\u00e1s \u00e1llatokkal \u00e9s az emberekkel, nincsen konstans hasmen\u00e9se, \u00e9tv\u00e1gyzavara stb.), akkor is \u00e9rdemes kicsit elmer\u00fclni a szakirodalomban. A <\/span><a href=\"https:\/\/www.mediamarkt.hu\/hu\/product\/_marty-becker-lisa-radosta-wailani-sung-mikkel-becker-stresszold%C3%A1s-kuty%C3%A1knak-1290973.html\"><b>Stresszold\u00e1s kuty\u00e1knak c\u00edm\u0171 k\u00f6nyv<\/b><\/a><span style=\"font-weight: 400\"> p\u00e9ld\u00e1ul <\/span><span style=\"font-weight: 400\">a Fear Free (\u201eF\u00e9lelem n\u00e9lk\u00fcl\u201d) pozit\u00edv meger\u0151s\u00edt\u00e9sen alapul\u00f3 programr\u00f3l sz\u00f3l, amely a f\u00e9l\u00e9nk \u00e9s szorong\u00f3 kuty\u00e1kon hivatott seg\u00edteni. A szerz\u0151k &#8211; \u00e1llatgy\u00f3gy\u00e1szok \u00e9s viselked\u00e9skutat\u00f3k &#8211; <strong>a stressz, a f\u00e9lelem \u00e9s a szorong\u00e1s t\u00fcneteit j\u00e1rt\u00e1k k\u00f6r\u00fcl, amelyeket \u00fagy fest, a kutyatart\u00f3k j\u00f3l ismernek, b\u00e1r ritk\u00e1n \u00e9rtik meg, mivel \u00e1llnak szemben.<\/strong> Rendk\u00edv\u00fcl hasznos k\u00f6nyvr\u0151l van sz\u00f3, \u201ctelis-tele szem\u00e9lyes t\u00f6rt\u00e9netekkel \u00e9s r\u00e9szletesen le\u00edrt megold\u00e1sokkal, amely \u00e9letment\u0151 lehet az agg\u00f3d\u00f3 gazdik \u00e9s f\u00e9l\u00e9nk kuty\u00e1ik sz\u00e1m\u00e1ra. A k\u00f6nyvb\u0151l t\u00f6bbek k\u00f6z\u00f6tt megtudhatod: Mi\u00e9rt v\u00e1lik egy \u00e1llat f\u00e9l\u00e9nkk\u00e9 \u00e9s szorong\u00f3v\u00e1, milyen k\u00e1ros hat\u00e1sai vannak a f\u00e9lelemnek a kutya \u00e9let\u00e9re, \u00e9s hogyan seg\u00edt ezen a Fear Free program? Milyen t\u00edpusai vannak a f\u00e9lelemnek, \u00e9s hogyan ismerhetj\u00fck fel ezek jeleit a kuty\u00e1n? Milyen buktat\u00f3kkal j\u00e1r a b\u00fcntet\u00e9s, milyen el\u0151nyei vannak ezzel szemben a pozit\u00edv meger\u0151s\u00edt\u00e9snek, \u00e9s mi a jutalmaz\u00e1s helyes m\u00f3dja? (A k\u00f6nyv l\u00e9p\u00e9sr\u0151l l\u00e9p\u00e9sre ismerteti a jutalmaz\u00e1s megfelel\u0151 alkalmaz\u00e1s\u00e1t.) Hogyan szoktathatod helyes viselked\u00e9sre a kuty\u00e1dat, \u00e9s n\u00f6velheted az \u00f6nbizalm\u00e1t, valamint az alkalmazkod\u00f3k\u00e9pess\u00e9g\u00e9t b\u00e1rmely \u00e9letkorban? Hogyan tan\u00edthatod meg a kuty\u00e1dat alapvet\u0151 vez\u00e9nyszavakra \u00e9s izgalmas feladatokra, amelyekkel biztos\u00edthatod a lelki eg\u00e9szs\u00e9g\u00e9t? Hogyan oszlathatod el a kutya leggyakoribb f\u00e9lelmeit jutalmaz\u00e1s alap\u00fa m\u00f3dszerekkel? Hogyan teheted f\u00e9lelemmentess\u00e9 az \u00e1llatorvosi vizsg\u00e1latot, a kutyakozmetikai kezel\u00e9seket, a gyerekekkel val\u00f3 j\u00e1t\u00e9kot, a forgalmas k\u00f6ztereket, a csal\u00e1di kiruccan\u00e1sokat \u00e9s m\u00e1s konkr\u00e9t \u00e9lethelyzeteket?\u201d<\/span>\r\n\r\n&nbsp;\r\n<h2><strong>Persze a legfontosabb a figyelem, a szeretet, na \u00e9s a t\u00fcrelem<\/strong><\/h2>\r\n<span style=\"font-weight: 400\">Sajnos sok \u00e1llattart\u00f3n\u00e1l a figyelem a k\u00e9nyelmes b\u00fatorokban, j\u00e1t\u00e9kokban \u00e9s \u00f6lt\u00f6z\u00e9kben mer\u00fcl ki. Nem az\u00e9rt, mert nem szeretik igaz\u00e1n a kedvenceiket, hanem mert nem el\u00e9g tudatosak a felel\u0151ss\u00e9gv\u00e1llal\u00e1s kapcs\u00e1n. <strong>Sokan m\u00e1r azt sem m\u00e9rik fel, mennyibe fog ker\u00fclni egy-egy \u00e1llat ell\u00e1t\u00e1sa (az \u00e9tkez\u00e9sek \u00e9s az alom mellett az olt\u00e1sok \u00e9s az orvosi kezel\u00e9sek \u00f6sszege bizony nem k\u00e9t fill\u00e9r!).<\/strong> B\u00edzunk benne, ha minden kuty\u00e1ra, macsk\u00e1ra, egy\u00e9b h\u00e1zi\u00e1llatra v\u00e1gy\u00f3 feln\u0151tt csak egy szakk\u00f6nyvet elolvas az \u00f6r\u00f6kbefogad\u00e1s, esetleg a v\u00e1s\u00e1rl\u00e1s el\u0151tt, vagy m\u00e9g ink\u00e1bb kik\u00e9ri egy szak\u00e9rt\u0151 v\u00e9lem\u00e9nyt (\u00e9rdemes felkeresni a menhelyeket \u00e9s elbesz\u00e9lgetni az ott dolgoz\u00f3kkal, esetleg elmenni egy ny\u00edlt napra, vagy ak\u00e1r be\u00e1llni \u00f6nk\u00e9ntes s\u00e9t\u00e1ltat\u00f3nak, seg\u00edt\u0151nek!), <strong>sokkal harmonikusabb \u00e9s tart\u00f3sabb ember-\u00e1llat kapcsolatok alakulhatnak ki, \u00e9s megel\u0151zhet\u0151v\u00e9 v\u00e1lik sok eg\u00e9szs\u00e9g\u00fcgyi \u00e9s lelki probl\u00e9ma is.<\/strong> H\u00fasv\u00e9t k\u00f6rny\u00e9k\u00e9n mindig el\u0151-el\u0151ker\u00fcl a felel\u0151s \u00e1llattart\u00e1s t\u00e9m\u00e1ja. Azonban az \u00e9v t\u00f6bbi napj\u00e1n is \u00e9rdemes foglalkozni a k\u00e9rd\u00e9ssel \u00e9s a &#8222;nagy d\u00f6nt\u00e9s&#8221; el\u0151tt mindenk\u00e9pp musz\u00e1j elm\u00e9lyedni kicsit az etol\u00f3gia r\u00e1nk vonatkoz\u00f3 r\u00e9szeiben. Mindemellett az &#8222;extra&#8221; energia r\u00e1ford\u00edt\u00e1s mellett egy\u00e9rtelm\u0171, hogy h\u00e1zi\u00e1llattal \u00e9lni csod\u00e1latos dolog! A speci\u00e1lis kapcsolat megfizethetetlen, a boldogs\u00e1g-mutat\u00f3 pedig folyton-folyv\u00e1st kileng!<\/span>\r\n\r\n<img loading=\"lazy\" decoding=\"async\" class=\"alignnone wp-image-8415 size-full\" src=\"https:\/\/hir.mediamarkt.hu\/magazin\/wp-content\/uploads\/2019\/04\/pexels-photo-46024.jpeg\" alt=\"\" width=\"1880\" height=\"1106\" srcset=\"https:\/\/hir.mediamarkt.hu\/magazin\/wp-content\/uploads\/2019\/04\/pexels-photo-46024.jpeg 1440w, https:\/\/hir.mediamarkt.hu\/magazin\/wp-content\/uploads\/2019\/04\/pexels-photo-46024-275x162.jpeg 275w, https:\/\/hir.mediamarkt.hu\/magazin\/wp-content\/uploads\/2019\/04\/pexels-photo-46024-300x176.jpeg 300w, https:\/\/hir.mediamarkt.hu\/magazin\/wp-content\/uploads\/2019\/04\/pexels-photo-46024-768x452.jpeg 768w, https:\/\/hir.mediamarkt.hu\/magazin\/wp-content\/uploads\/2019\/04\/pexels-photo-46024-1024x602.jpeg 1024w\" sizes=\"(max-width: 1880px) 100vw, 1880px\" \/>\r\n<h2><b>Kapcsol\u00f3d\u00f3 MediaMarkt term\u00e9kek: <\/b><\/h2>\r\n<a href=\"https:\/\/www.mediamarkt.hu\/hu\/product\/_marty-becker-lisa-radosta-wailani-sung-mikkel-becker-stresszold%C3%A1s-kuty%C3%A1knak-1290973.html\"><span style=\"font-weight: 400\">Marty Becker &#8211; Lisa Radosta &#8211; Wailani Sung &#8211; Mikkel Becker &#8211; Stresszold\u00e1s kuty\u00e1knak<\/span><\/a><span style=\"font-weight: 400\">, 3699 Ft<\/span>\r\n\r\n<img loading=\"lazy\" decoding=\"async\" class=\"alignnone wp-image-8417 size-full\" src=\"https:\/\/hir.mediamarkt.hu\/magazin\/wp-content\/uploads\/2019\/04\/fee_786_587_png-1-1.png\" alt=\"\" width=\"786\" height=\"587\" srcset=\"https:\/\/hir.mediamarkt.hu\/magazin\/wp-content\/uploads\/2019\/04\/fee_786_587_png-1-1.png 786w, https:\/\/hir.mediamarkt.hu\/magazin\/wp-content\/uploads\/2019\/04\/fee_786_587_png-1-1-275x205.png 275w, https:\/\/hir.mediamarkt.hu\/magazin\/wp-content\/uploads\/2019\/04\/fee_786_587_png-1-1-300x224.png 300w, https:\/\/hir.mediamarkt.hu\/magazin\/wp-content\/uploads\/2019\/04\/fee_786_587_png-1-1-768x574.png 768w\" sizes=\"(max-width: 786px) 100vw, 786px\" \/>\r\n\r\nhttps:\/\/www.youtube.com\/watch?v=6lXVtCjJrz0","protected":false},"excerpt":{"rendered":"B\u00e1r szerencs\u00e9re a szeret\u0151 csal\u00e1dokban \u00e9l\u0151 k\u00e9t \u00e9s n\u00e9gy (esetleg nyolc, ezer vagy \u00e9pp nulla) l\u00e1b\u00faak t\u00f6bbs\u00e9ge boldog \u00e9s kiegyens\u00falyozott, sok h\u00e1zi\u00e1llat k\u00fczd szorong\u00e1ssal, lelki probl\u00e9m\u00e1kkal. Az \u00e1llattart\u00f3k bizony\u00e1ra tiszt\u00e1ban vannak vele, milyen gyakori m\u00e1ra a r\u00e1kos megbeteged\u00e9s a kedvencek k\u00f6z\u00f6tt, amely, persze m\u00e1s t\u00e9nyez\u0151k (pl. t\u00e1pl\u00e1lkoz\u00e1s) mellett sokszor lelki eredet\u0171 okokra vezethet\u0151 vissza. Hogyan seg\u00edts\u00fcnk a sz\u0151r\u00f6s-tollas-pikkelyes bar\u00e1tainknak, hogy t\u00faljussanak a probl\u00e9m\u00e1ikon? Egy\u00e1ltal\u00e1n mir\u0151l ismerhetem fel, ha baj van? \u00d6sszeszedt\u00fcnk n\u00e9h\u00e1ny fontos dolgot minden \u00e1llatbar\u00e1tnak, hiszen kedvenceink lelki eg\u00e9szs\u00e9g\u00e9nek kulcsa a mi kez\u00fcnkben van!","protected":false},"author":13,"featured_media":8406,"comment_status":"open","ping_status":"open","sticky":false,"template":"","format":"standard","meta":{"wprm-recipe-roundup-name":"","wprm-recipe-roundup-description":"","footnotes":""},"categories":[5961],"tags":[2605,3275,3274,2656,3277,2180,3278,514,2693,2169,2540,944,2127,2173,3279,3280,3276,846,3281,3282,3273],"yoast_head":"<!-- This site is optimized with the Yoast SEO plugin v22.9 - https:\/\/yoast.com\/wordpress\/plugins\/seo\/ -->\n<title>Szorong\u00f3 kutya, senkivel sem kij\u00f6v\u0151 macska? \u00cdgy lehetsz v\u00e9gre felel\u0151s, boldog \u00e1llat-t\u00e1rs! - MediaMarkt Magazin<\/title>\n<meta name=\"description\" content=\"Kuty\u00e1s, macsk\u00e1s, egyremegy. Mindenki a legjobbat akarja a kedvenc\u00e9nek. De mi t\u00f6rt\u00e9nik, ha a j\u00f3 \u00e9tel \u00e9s szeretet nem el\u00e9g? Fontos tippek gazdiknak!\" \/>\n<meta name=\"robots\" content=\"index, follow, max-snippet:-1, max-image-preview:large, max-video-preview:-1\" \/>\n<link rel=\"canonical\" href=\"https:\/\/hir.mediamarkt.hu\/magazin\/szorongas-kutya-macska-haziallat-tipp-2019\/\" \/>\n<meta property=\"og:locale\" content=\"hu_HU\" \/>\n<meta property=\"og:type\" content=\"article\" \/>\n<meta property=\"og:title\" content=\"Szorong\u00f3 kutya, senkivel sem kij\u00f6v\u0151 macska? \u00cdgy lehetsz v\u00e9gre felel\u0151s, boldog \u00e1llat-t\u00e1rs! - MediaMarkt Magazin\" \/>\n<meta property=\"og:description\" content=\"Kuty\u00e1s, macsk\u00e1s, egyremegy. Mindenki a legjobbat akarja a kedvenc\u00e9nek. De mi t\u00f6rt\u00e9nik, ha a j\u00f3 \u00e9tel \u00e9s szeretet nem el\u00e9g? Fontos tippek gazdiknak!\" \/>\n<meta property=\"og:url\" content=\"https:\/\/hir.mediamarkt.hu\/magazin\/szorongas-kutya-macska-haziallat-tipp-2019\/\" \/>\n<meta property=\"og:site_name\" content=\"MediaMarkt Magazin\" \/>\n<meta property=\"article:publisher\" content=\"https:\/\/www.facebook.com\/MediaMarktMagyarorszag\" \/>\n<meta property=\"article:published_time\" content=\"2019-04-29T14:29:43+00:00\" \/>\n<meta property=\"article:modified_time\" content=\"2019-06-28T16:44:55+00:00\" \/>\n<meta property=\"og:image\" content=\"https:\/\/hir.mediamarkt.hu\/magazin\/wp-content\/uploads\/2019\/04\/pexels-photo-374898.jpeg\" \/>\n\t<meta property=\"og:image:width\" content=\"1440\" \/>\n\t<meta property=\"og:image:height\" content=\"960\" \/>\n\t<meta property=\"og:image:type\" content=\"image\/jpeg\" \/>\n<meta name=\"author\" content=\"Media Markt\" \/>\n<meta name=\"twitter:label1\" content=\"Szerz\u0151:\" \/>\n\t<meta name=\"twitter:data1\" content=\"Media Markt\" \/>\n\t<meta name=\"twitter:label2\" content=\"Becs\u00fclt olvas\u00e1si id\u0151\" \/>\n\t<meta name=\"twitter:data2\" content=\"12 perc\" \/>\n<script type=\"application\/ld+json\" class=\"yoast-schema-graph\">{\"@context\":\"https:\/\/schema.org\",\"@graph\":[{\"@type\":\"WebPage\",\"@id\":\"https:\/\/hir.mediamarkt.hu\/magazin\/szorongas-kutya-macska-haziallat-tipp-2019\/\",\"url\":\"https:\/\/hir.mediamarkt.hu\/magazin\/szorongas-kutya-macska-haziallat-tipp-2019\/\",\"name\":\"Szorong\u00f3 kutya, senkivel sem kij\u00f6v\u0151 macska? \u00cdgy lehetsz v\u00e9gre felel\u0151s, boldog \u00e1llat-t\u00e1rs! - MediaMarkt Magazin\",\"isPartOf\":{\"@id\":\"https:\/\/hir.mediamarkt.hu\/magazin\/#website\"},\"primaryImageOfPage\":{\"@id\":\"https:\/\/hir.mediamarkt.hu\/magazin\/szorongas-kutya-macska-haziallat-tipp-2019\/#primaryimage\"},\"image\":{\"@id\":\"https:\/\/hir.mediamarkt.hu\/magazin\/szorongas-kutya-macska-haziallat-tipp-2019\/#primaryimage\"},\"thumbnailUrl\":\"https:\/\/hir.mediamarkt.hu\/magazin\/wp-content\/uploads\/2019\/04\/pexels-photo-374898.jpeg\",\"datePublished\":\"2019-04-29T14:29:43+00:00\",\"dateModified\":\"2019-06-28T16:44:55+00:00\",\"author\":{\"@id\":\"https:\/\/hir.mediamarkt.hu\/magazin\/#\/schema\/person\/b93b02ec1ab4d2353f8d281e171c1b0b\"},\"description\":\"Kuty\u00e1s, macsk\u00e1s, egyremegy. Mindenki a legjobbat akarja a kedvenc\u00e9nek. De mi t\u00f6rt\u00e9nik, ha a j\u00f3 \u00e9tel \u00e9s szeretet nem el\u00e9g? Fontos tippek gazdiknak!\",\"breadcrumb\":{\"@id\":\"https:\/\/hir.mediamarkt.hu\/magazin\/szorongas-kutya-macska-haziallat-tipp-2019\/#breadcrumb\"},\"inLanguage\":\"hu\",\"potentialAction\":[{\"@type\":\"ReadAction\",\"target\":[\"https:\/\/hir.mediamarkt.hu\/magazin\/szorongas-kutya-macska-haziallat-tipp-2019\/\"]}]},{\"@type\":\"ImageObject\",\"inLanguage\":\"hu\",\"@id\":\"https:\/\/hir.mediamarkt.hu\/magazin\/szorongas-kutya-macska-haziallat-tipp-2019\/#primaryimage\",\"url\":\"https:\/\/hir.mediamarkt.hu\/magazin\/wp-content\/uploads\/2019\/04\/pexels-photo-374898.jpeg\",\"contentUrl\":\"https:\/\/hir.mediamarkt.hu\/magazin\/wp-content\/uploads\/2019\/04\/pexels-photo-374898.jpeg\",\"width\":1440,\"height\":960},{\"@type\":\"BreadcrumbList\",\"@id\":\"https:\/\/hir.mediamarkt.hu\/magazin\/szorongas-kutya-macska-haziallat-tipp-2019\/#breadcrumb\",\"itemListElement\":[{\"@type\":\"ListItem\",\"position\":1,\"name\":\"Kezd\u0151lap\",\"item\":\"https:\/\/hir.mediamarkt.hu\/magazin\/\"},{\"@type\":\"ListItem\",\"position\":2,\"name\":\"Szorong\u00f3 kutya, senkivel sem kij\u00f6v\u0151 macska? \u00cdgy lehetsz v\u00e9gre felel\u0151s, boldog \u00e1llat-t\u00e1rs!\"}]},{\"@type\":\"WebSite\",\"@id\":\"https:\/\/hir.mediamarkt.hu\/magazin\/#website\",\"url\":\"https:\/\/hir.mediamarkt.hu\/magazin\/\",\"name\":\"MediaMarkt Magazin\",\"description\":\"Olvass bele magazinunkba!\",\"potentialAction\":[{\"@type\":\"SearchAction\",\"target\":{\"@type\":\"EntryPoint\",\"urlTemplate\":\"https:\/\/hir.mediamarkt.hu\/magazin\/?s={search_term_string}\"},\"query-input\":\"required name=search_term_string\"}],\"inLanguage\":\"hu\"},{\"@type\":\"Person\",\"@id\":\"https:\/\/hir.mediamarkt.hu\/magazin\/#\/schema\/person\/b93b02ec1ab4d2353f8d281e171c1b0b\",\"name\":\"Media Markt\",\"image\":{\"@type\":\"ImageObject\",\"inLanguage\":\"hu\",\"@id\":\"https:\/\/hir.mediamarkt.hu\/magazin\/#\/schema\/person\/image\/\",\"url\":\"https:\/\/secure.gravatar.com\/avatar\/602bccae8998beee472d01909f0978f1?s=96&d=mm&r=g\",\"contentUrl\":\"https:\/\/secure.gravatar.com\/avatar\/602bccae8998beee472d01909f0978f1?s=96&d=mm&r=g\",\"caption\":\"Media Markt\"}}]}<\/script>\n<!-- \/ Yoast SEO plugin. -->","yoast_head_json":{"title":"Szorong\u00f3 kutya, senkivel sem kij\u00f6v\u0151 macska? \u00cdgy lehetsz v\u00e9gre felel\u0151s, boldog \u00e1llat-t\u00e1rs! - MediaMarkt Magazin","description":"Kuty\u00e1s, macsk\u00e1s, egyremegy. Mindenki a legjobbat akarja a kedvenc\u00e9nek. De mi t\u00f6rt\u00e9nik, ha a j\u00f3 \u00e9tel \u00e9s szeretet nem el\u00e9g? Fontos tippek gazdiknak!","robots":{"index":"index","follow":"follow","max-snippet":"max-snippet:-1","max-image-preview":"max-image-preview:large","max-video-preview":"max-video-preview:-1"},"canonical":"https:\/\/hir.mediamarkt.hu\/magazin\/szorongas-kutya-macska-haziallat-tipp-2019\/","og_locale":"hu_HU","og_type":"article","og_title":"Szorong\u00f3 kutya, senkivel sem kij\u00f6v\u0151 macska? \u00cdgy lehetsz v\u00e9gre felel\u0151s, boldog \u00e1llat-t\u00e1rs! - MediaMarkt Magazin","og_description":"Kuty\u00e1s, macsk\u00e1s, egyremegy. Mindenki a legjobbat akarja a kedvenc\u00e9nek. De mi t\u00f6rt\u00e9nik, ha a j\u00f3 \u00e9tel \u00e9s szeretet nem el\u00e9g? Fontos tippek gazdiknak!","og_url":"https:\/\/hir.mediamarkt.hu\/magazin\/szorongas-kutya-macska-haziallat-tipp-2019\/","og_site_name":"MediaMarkt Magazin","article_publisher":"https:\/\/www.facebook.com\/MediaMarktMagyarorszag","article_published_time":"2019-04-29T14:29:43+00:00","article_modified_time":"2019-06-28T16:44:55+00:00","og_image":[{"width":1440,"height":960,"url":"https:\/\/hir.mediamarkt.hu\/magazin\/wp-content\/uploads\/2019\/04\/pexels-photo-374898.jpeg","type":"image\/jpeg"}],"author":"Media Markt","twitter_misc":{"Szerz\u0151:":"Media Markt","Becs\u00fclt olvas\u00e1si id\u0151":"12 perc"},"schema":{"@context":"https:\/\/schema.org","@graph":[{"@type":"WebPage","@id":"https:\/\/hir.mediamarkt.hu\/magazin\/szorongas-kutya-macska-haziallat-tipp-2019\/","url":"https:\/\/hir.mediamarkt.hu\/magazin\/szorongas-kutya-macska-haziallat-tipp-2019\/","name":"Szorong\u00f3 kutya, senkivel sem kij\u00f6v\u0151 macska? \u00cdgy lehetsz v\u00e9gre felel\u0151s, boldog \u00e1llat-t\u00e1rs! - MediaMarkt Magazin","isPartOf":{"@id":"https:\/\/hir.mediamarkt.hu\/magazin\/#website"},"primaryImageOfPage":{"@id":"https:\/\/hir.mediamarkt.hu\/magazin\/szorongas-kutya-macska-haziallat-tipp-2019\/#primaryimage"},"image":{"@id":"https:\/\/hir.mediamarkt.hu\/magazin\/szorongas-kutya-macska-haziallat-tipp-2019\/#primaryimage"},"thumbnailUrl":"https:\/\/hir.mediamarkt.hu\/magazin\/wp-content\/uploads\/2019\/04\/pexels-photo-374898.jpeg","datePublished":"2019-04-29T14:29:43+00:00","dateModified":"2019-06-28T16:44:55+00:00","author":{"@id":"https:\/\/hir.mediamarkt.hu\/magazin\/#\/schema\/person\/b93b02ec1ab4d2353f8d281e171c1b0b"},"description":"Kuty\u00e1s, macsk\u00e1s, egyremegy. Mindenki a legjobbat akarja a kedvenc\u00e9nek. De mi t\u00f6rt\u00e9nik, ha a j\u00f3 \u00e9tel \u00e9s szeretet nem el\u00e9g? Fontos tippek gazdiknak!","breadcrumb":{"@id":"https:\/\/hir.mediamarkt.hu\/magazin\/szorongas-kutya-macska-haziallat-tipp-2019\/#breadcrumb"},"inLanguage":"hu","potentialAction":[{"@type":"ReadAction","target":["https:\/\/hir.mediamarkt.hu\/magazin\/szorongas-kutya-macska-haziallat-tipp-2019\/"]}]},{"@type":"ImageObject","inLanguage":"hu","@id":"https:\/\/hir.mediamarkt.hu\/magazin\/szorongas-kutya-macska-haziallat-tipp-2019\/#primaryimage","url":"https:\/\/hir.mediamarkt.hu\/magazin\/wp-content\/uploads\/2019\/04\/pexels-photo-374898.jpeg","contentUrl":"https:\/\/hir.mediamarkt.hu\/magazin\/wp-content\/uploads\/2019\/04\/pexels-photo-374898.jpeg","width":1440,"height":960},{"@type":"BreadcrumbList","@id":"https:\/\/hir.mediamarkt.hu\/magazin\/szorongas-kutya-macska-haziallat-tipp-2019\/#breadcrumb","itemListElement":[{"@type":"ListItem","position":1,"name":"Kezd\u0151lap","item":"https:\/\/hir.mediamarkt.hu\/magazin\/"},{"@type":"ListItem","position":2,"name":"Szorong\u00f3 kutya, senkivel sem kij\u00f6v\u0151 macska? \u00cdgy lehetsz v\u00e9gre felel\u0151s, boldog \u00e1llat-t\u00e1rs!"}]},{"@type":"WebSite","@id":"https:\/\/hir.mediamarkt.hu\/magazin\/#website","url":"https:\/\/hir.mediamarkt.hu\/magazin\/","name":"MediaMarkt Magazin","description":"Olvass bele magazinunkba!","potentialAction":[{"@type":"SearchAction","target":{"@type":"EntryPoint","urlTemplate":"https:\/\/hir.mediamarkt.hu\/magazin\/?s={search_term_string}"},"query-input":"required name=search_term_string"}],"inLanguage":"hu"},{"@type":"Person","@id":"https:\/\/hir.mediamarkt.hu\/magazin\/#\/schema\/person\/b93b02ec1ab4d2353f8d281e171c1b0b","name":"Media Markt","image":{"@type":"ImageObject","inLanguage":"hu","@id":"https:\/\/hir.mediamarkt.hu\/magazin\/#\/schema\/person\/image\/","url":"https:\/\/secure.gravatar.com\/avatar\/602bccae8998beee472d01909f0978f1?s=96&d=mm&r=g","contentUrl":"https:\/\/secure.gravatar.com\/avatar\/602bccae8998beee472d01909f0978f1?s=96&d=mm&r=g","caption":"Media Markt"}}]}},"_links":{"self":[{"href":"https:\/\/hir.mediamarkt.hu\/magazin\/wp-json\/wp\/v2\/posts\/8405"}],"collection":[{"href":"https:\/\/hir.mediamarkt.hu\/magazin\/wp-json\/wp\/v2\/posts"}],"about":[{"href":"https:\/\/hir.mediamarkt.hu\/magazin\/wp-json\/wp\/v2\/types\/post"}],"author":[{"embeddable":true,"href":"https:\/\/hir.mediamarkt.hu\/magazin\/wp-json\/wp\/v2\/users\/13"}],"replies":[{"embeddable":true,"href":"https:\/\/hir.mediamarkt.hu\/magazin\/wp-json\/wp\/v2\/comments?post=8405"}],"version-history":[{"count":8,"href":"https:\/\/hir.mediamarkt.hu\/magazin\/wp-json\/wp\/v2\/posts\/8405\/revisions"}],"predecessor-version":[{"id":8864,"href":"https:\/\/hir.mediamarkt.hu\/magazin\/wp-json\/wp\/v2\/posts\/8405\/revisions\/8864"}],"wp:featuredmedia":[{"embeddable":true,"href":"https:\/\/hir.mediamarkt.hu\/magazin\/wp-json\/wp\/v2\/media\/8406"}],"wp:attachment":[{"href":"https:\/\/hir.mediamarkt.hu\/magazin\/wp-json\/wp\/v2\/media?parent=8405"}],"wp:term":[{"taxonomy":"category","embeddable":true,"href":"https:\/\/hir.mediamarkt.hu\/magazin\/wp-json\/wp\/v2\/categories?post=8405"},{"taxonomy":"post_tag","embeddable":true,"href":"https:\/\/hir.mediamarkt.hu\/magazin\/wp-json\/wp\/v2\/tags?post=8405"}],"curies":[{"name":"wp","href":"https:\/\/api.w.org\/{rel}","templated":true}]}}