{"id":85,"date":"2013-06-25T00:00:00","date_gmt":"2013-06-25T00:00:00","guid":{"rendered":""},"modified":"-0001-11-30T00:00:00","modified_gmt":"-0001-11-29T23:00:00","slug":"15-mp-az-elet","status":"publish","type":"post","link":"https:\/\/hir.mediamarkt.hu\/magazin\/15-mp-az-elet\/","title":{"rendered":"15 mp az \u00e9let"},"content":{"rendered":"<div>  \t  \t<p><b>Az Instagram fot\u00f3megoszt\u00f3 app az egyik legn\u00e9pszer\u0171bb ilyen alkalmaz\u00e1s az okostelefon felhaszn\u00e1l\u00f3k k\u00f6r\u00e9ben. Nemr\u00e9g \u00faj szolg\u00e1ltat\u00e1st ind\u00edtott, ahol 15 mp hossz\u00fas\u00e1g\u00fa vide\u00f3t oszthatunk meg a vil\u00e1ggal.<\/b><\/p>    \t<br>     \t<center><img src='http:\/\/hir.mediamarkt.hu\/magazin\/images\/0624_01.png' border='0' alt='' \/>     \t   \t   \t   \t   \t   \t<br>  \t<\/center>    <p>   Az Instagram olyan, mint a web kicsiny \u00e9kszerboltja. Csupa-csupa sz\u00e9p fot\u00f3, sz\u00e9p emberekr\u0151l, \u00e9telekr\u0151l, h\u00e1zi\u00e1llatokr\u00f3l, sz\u00e9p v\u00e1rosokr\u00f3l, szinte mintha egy boldog, gondtalan bolyg\u00f3n \u00e9ln\u00e9nk. Az imm\u00e1r 130 milli\u00f3 felhaszn\u00e1l\u00f3val rendelkez\u0151 alkalmaz\u00e1s az egyszer\u0171 kezel\u00e9s mellett az  igen j\u00f3l siker\u00fclt sz\u0171r\u0151k \u00e9s effektek miatt olyan n\u00e9pszer\u0171, melyek seg\u00edts\u00e9g\u00e9vel m\u00e9g egy k\u00f6z\u00e9pszer\u0171 fot\u00f3b\u00f3l is szemet gy\u00f6ny\u00f6rk\u00f6dtet\u0151, amolyan \u201cazonnal meg kell osztanom\u201d t\u00edpus\u00fa m\u0171v\u00e9szi fot\u00f3 k\u00e9sz\u00fclhet. A nemr\u00e9giben a Facebook \u00e1ltal felv\u00e1s\u00e1rolt Instagram m\u00falt h\u00e9ten \u00faj szolg\u00e1ltat\u00e1st ind\u00edtott, ami 15 m\u00e1sodpercnyi vide\u00f3 effektez\u00e9s\u00e9t, megoszt\u00e1s\u00e1t teszi lehet\u0151v\u00e9 az iOS \u00e9s Android oprendszert futtat\u00f3 k\u00e9sz\u00fcl\u00e9kek tulajdonosainak.  <\/p>    <iframe loading=\"lazy\" src=\"http:\/\/player.vimeo.com\/video\/68765934?byline=0&amp;portrait=0\" width=\"500\" height=\"281\" frameborder=\"0\" webkitallowfullscreen mozallowfullscreen allowfullscreen><\/iframe> <p><a href=\"http:\/\/vimeo.com\/68765934\">Introducing Video on Instagram<\/a> from <a href=\"http:\/\/vimeo.com\/instagram\">Instagram<\/a> on <a href=\"http:\/\/vimeo.com\">Vimeo<\/a>.<\/p>    <p>   Ha esetleg a kedves olvas\u00f3nak ismer\u0151sen cseng ez a fajta vide\u00f3szolg\u00e1ltat\u00e1s, akkor nem t\u00e9ved, hiszen a Vine janu\u00e1r \u00f3ta k\u00edn\u00e1lja ugyanezt, igaz csak 6 m\u00e1sodpercben \u00e9s effektek n\u00e9lk\u00fcl, m\u00e1ra azonban az egyik legsikeresebb vide\u00f3megoszt\u00f3 lett az appok k\u00f6z\u00f6tt. Igaz\u00e1b\u00f3l ezt a hatalmas sikert irigyelte el a Facebook a Vine-t\u00f3l \u00e9s \u201c\u00faj\u201d fejleszt\u00e9s\u00e9vel m\u00e9g jobban el\u00e1rasztja majd a virtu\u00e1lis vil\u00e1got \u00e9des cic\u00e1kkal, r\u00e9szeg po\u00e9nokkal \u00e9s minden olyannal, amit\u0151l kicsit majd \u00fagy \u00e9rezz\u00fck, hogy ism\u00e9t elvettek (imm\u00e1r 6 helyett) 15 m\u00e1sodpercet az \u00e9let\u00fcnkb\u0151l. F\u00e9lre\u00e9rt\u00e9s ne ess\u00e9k, \u00fczletileg \u00e9rthet\u0151 a Facebook l\u00e9p\u00e9se, hiszen az Instagramba oltva, a szok\u00e1sos effektekkel biztosan m\u00e9g sikeresebb lesz az alkalmaz\u00e1s, de pont azt a fajta, kicsit tal\u00e1n m\u0171v\u00e9szi, de mindenk\u00e9pp a szemnek tetsz\u0151 mivolt\u00e1t fogja elveszteni az Instagram, ami miatt sokan megszerett\u00e9k. Az \u00e1ll\u00f3k\u00e9p az egy dolog, azt sz\u00e9pen ki lehet v\u00e1gni, effektezni p\u00e1r m\u00e1sodperc alatt \u00e9s m\u00e1ris food stylistnak \u00e9rezheti mag\u00e1t b\u00e1rki egy McDonalds men\u00fc fot\u00f3j\u00e1val is, a vide\u00f3 azonban m\u00e1s m\u00f3ka, m\u00e1s l\u00e1t\u00e1sm\u00f3dot, t\u00f6bb id\u0151t (az edit\u00e1l\u00e1s effektez\u00e9s stb. is) ig\u00e9nyel. R\u00e1ad\u00e1sul m\u00edg egy gyeng\u00e9bb fot\u00f3t\u00f3l egy m\u00e1sodperc alatt el tudjuk d\u00f6nteni, hogy tetszik-e, addig egy ilyen vide\u00f3hoz pont 15 mp kell, ami hossz\u00fa id\u0151. Ahhoz mindenk\u00e9pp hossz\u00fa, hogy felbosszantsuk magunkat.  <\/p>    <p>     Forr\u00e1s: Media Markt Magyarorsz\u00e1g  <\/p>    <!-- FB HSZ -->    \t<div id=\"fb-root\"><\/div>  \t<script>  \t(function(d, s, id) {  \t  var js, fjs = d.getElementsByTagName(s)[0];  \t  if (d.getElementById(id)) return;  \t  js = d.createElement(s); js.id = id;  \t  js.src = \"http:\/\/connect.facebook.net\/hu_HU\/all.js#xfbml=1&appId=282207548525345\";  \t  fjs.parentNode.insertBefore(js, fjs);  \t}(document, 'script', 'facebook-jssdk'));  \t  \t<\/script>  \t  <\/div><div class='fb-comments' data-href='http:\/\/hir.mediamarkt.hu\/magazin\/15_mp_az_elet' data-num-posts='10' data-width='515'><\/div>","protected":false},"excerpt":{"rendered":"Az Instagram fot\u00f3megoszt\u00f3 app az egyik legn\u00e9pszer\u0171bb ilyen alkalmaz\u00e1s az okostelefon felhaszn\u00e1l\u00f3k k\u00f6r\u00e9ben. Nemr\u00e9g \u00faj szolg\u00e1ltat\u00e1st ind\u00edtott, ahol 15 mp hossz\u00fas\u00e1g\u00fa vide\u00f3t oszthatunk meg a vil\u00e1ggal. Az Instagram olyan, mint a web kicsiny \u00e9kszerboltja. Csupa-csupa sz\u00e9p fot\u00f3, sz\u00e9p emberekr\u0151l, \u00e9telekr\u0151l, h\u00e1zi\u00e1llatokr\u00f3l, sz\u00e9p v\u00e1rosokr\u00f3l, szinte mintha egy boldog, gondtalan bolyg\u00f3n \u00e9ln\u00e9nk. Az imm\u00e1r 130 milli\u00f3 felhaszn\u00e1l\u00f3val rendelkez\u0151 alkalmaz\u00e1s az egyszer\u0171 kezel\u00e9s mellett az igen j\u00f3l siker\u00fclt sz\u0171r\u0151k \u00e9s effektek miatt olyan n\u00e9pszer\u0171, melyek seg\u00edts\u00e9g\u00e9vel m\u00e9g egy k\u00f6z\u00e9pszer\u0171 fot\u00f3b\u00f3l is szemet gy\u00f6ny\u00f6rk\u00f6dtet\u0151, amolyan \u201cazonnal meg kell osztanom\u201d t\u00edpus\u00fa m\u0171v\u00e9szi fot\u00f3 k\u00e9sz\u00fclhet. A nemr\u00e9giben a Facebook \u00e1ltal felv\u00e1s\u00e1rolt Instagram m\u00falt h\u00e9ten \u00faj szolg\u00e1ltat\u00e1st ind\u00edtott, ami 15 m\u00e1sodpercnyi vide\u00f3 effektez\u00e9s\u00e9t, megoszt\u00e1s\u00e1t teszi lehet\u0151v\u00e9 az iOS \u00e9s Android oprendszert futtat\u00f3 k\u00e9sz\u00fcl\u00e9kek tulajdonosainak. Introducing Video on &#8230;","protected":false},"author":1,"featured_media":0,"comment_status":"open","ping_status":"open","sticky":false,"template":"","format":"standard","meta":{"wprm-recipe-roundup-name":"","wprm-recipe-roundup-description":"","footnotes":""},"categories":[],"tags":[],"yoast_head":"<!-- This site is optimized with the Yoast SEO plugin v22.9 - https:\/\/yoast.com\/wordpress\/plugins\/seo\/ -->\n<title>15 mp az \u00e9let - MediaMarkt Magazin<\/title>\n<meta name=\"robots\" content=\"index, follow, max-snippet:-1, max-image-preview:large, max-video-preview:-1\" \/>\n<link rel=\"canonical\" href=\"https:\/\/hir.mediamarkt.hu\/magazin\/15-mp-az-elet\/\" \/>\n<meta property=\"og:locale\" content=\"hu_HU\" \/>\n<meta property=\"og:type\" content=\"article\" \/>\n<meta property=\"og:title\" content=\"15 mp az \u00e9let - MediaMarkt Magazin\" \/>\n<meta property=\"og:description\" content=\"Az Instagram fot\u00f3megoszt\u00f3 app az egyik legn\u00e9pszer\u0171bb ilyen alkalmaz\u00e1s az okostelefon felhaszn\u00e1l\u00f3k k\u00f6r\u00e9ben. Nemr\u00e9g \u00faj szolg\u00e1ltat\u00e1st ind\u00edtott, ahol 15 mp hossz\u00fas\u00e1g\u00fa vide\u00f3t oszthatunk meg a vil\u00e1ggal. Az Instagram olyan, mint a web kicsiny \u00e9kszerboltja. Csupa-csupa sz\u00e9p fot\u00f3, sz\u00e9p emberekr\u0151l, \u00e9telekr\u0151l, h\u00e1zi\u00e1llatokr\u00f3l, sz\u00e9p v\u00e1rosokr\u00f3l, szinte mintha egy boldog, gondtalan bolyg\u00f3n \u00e9ln\u00e9nk. Az imm\u00e1r 130 milli\u00f3 felhaszn\u00e1l\u00f3val rendelkez\u0151 alkalmaz\u00e1s az egyszer\u0171 kezel\u00e9s mellett az igen j\u00f3l siker\u00fclt sz\u0171r\u0151k \u00e9s effektek miatt olyan n\u00e9pszer\u0171, melyek seg\u00edts\u00e9g\u00e9vel m\u00e9g egy k\u00f6z\u00e9pszer\u0171 fot\u00f3b\u00f3l is szemet gy\u00f6ny\u00f6rk\u00f6dtet\u0151, amolyan \u201cazonnal meg kell osztanom\u201d t\u00edpus\u00fa m\u0171v\u00e9szi fot\u00f3 k\u00e9sz\u00fclhet. A nemr\u00e9giben a Facebook \u00e1ltal felv\u00e1s\u00e1rolt Instagram m\u00falt h\u00e9ten \u00faj szolg\u00e1ltat\u00e1st ind\u00edtott, ami 15 m\u00e1sodpercnyi vide\u00f3 effektez\u00e9s\u00e9t, megoszt\u00e1s\u00e1t teszi lehet\u0151v\u00e9 az iOS \u00e9s Android oprendszert futtat\u00f3 k\u00e9sz\u00fcl\u00e9kek tulajdonosainak. Introducing Video on ...\" \/>\n<meta property=\"og:url\" content=\"https:\/\/hir.mediamarkt.hu\/magazin\/15-mp-az-elet\/\" \/>\n<meta property=\"og:site_name\" content=\"MediaMarkt Magazin\" \/>\n<meta property=\"article:publisher\" content=\"https:\/\/www.facebook.com\/MediaMarktMagyarorszag\" \/>\n<meta property=\"article:published_time\" content=\"2013-06-25T00:00:00+00:00\" \/>\n<meta property=\"article:modified_time\" content=\"-0001-11-30T00:00:00+00:00\" \/>\n<meta property=\"og:image\" content=\"http:\/\/hir.mediamarkt.hu\/magazin\/images\/0624_01.png\" \/>\n<meta name=\"author\" content=\"intermedius\" \/>\n<meta name=\"twitter:label1\" content=\"Szerz\u0151:\" \/>\n\t<meta name=\"twitter:data1\" content=\"intermedius\" \/>\n\t<meta name=\"twitter:label2\" content=\"Becs\u00fclt olvas\u00e1si id\u0151\" \/>\n\t<meta name=\"twitter:data2\" content=\"2 perc\" \/>\n<script type=\"application\/ld+json\" class=\"yoast-schema-graph\">{\"@context\":\"https:\/\/schema.org\",\"@graph\":[{\"@type\":\"WebPage\",\"@id\":\"https:\/\/hir.mediamarkt.hu\/magazin\/15-mp-az-elet\/\",\"url\":\"https:\/\/hir.mediamarkt.hu\/magazin\/15-mp-az-elet\/\",\"name\":\"15 mp az \u00e9let - MediaMarkt Magazin\",\"isPartOf\":{\"@id\":\"https:\/\/hir.mediamarkt.hu\/magazin\/#website\"},\"primaryImageOfPage\":{\"@id\":\"https:\/\/hir.mediamarkt.hu\/magazin\/15-mp-az-elet\/#primaryimage\"},\"image\":{\"@id\":\"https:\/\/hir.mediamarkt.hu\/magazin\/15-mp-az-elet\/#primaryimage\"},\"thumbnailUrl\":\"http:\/\/hir.mediamarkt.hu\/magazin\/images\/0624_01.png\",\"datePublished\":\"2013-06-25T00:00:00+00:00\",\"dateModified\":\"-0001-11-30T00:00:00+00:00\",\"author\":{\"@id\":\"https:\/\/hir.mediamarkt.hu\/magazin\/#\/schema\/person\/7f1d99540808335a59d17dcebfa95544\"},\"breadcrumb\":{\"@id\":\"https:\/\/hir.mediamarkt.hu\/magazin\/15-mp-az-elet\/#breadcrumb\"},\"inLanguage\":\"hu\",\"potentialAction\":[{\"@type\":\"ReadAction\",\"target\":[\"https:\/\/hir.mediamarkt.hu\/magazin\/15-mp-az-elet\/\"]}]},{\"@type\":\"ImageObject\",\"inLanguage\":\"hu\",\"@id\":\"https:\/\/hir.mediamarkt.hu\/magazin\/15-mp-az-elet\/#primaryimage\",\"url\":\"http:\/\/hir.mediamarkt.hu\/magazin\/images\/0624_01.png\",\"contentUrl\":\"http:\/\/hir.mediamarkt.hu\/magazin\/images\/0624_01.png\"},{\"@type\":\"BreadcrumbList\",\"@id\":\"https:\/\/hir.mediamarkt.hu\/magazin\/15-mp-az-elet\/#breadcrumb\",\"itemListElement\":[{\"@type\":\"ListItem\",\"position\":1,\"name\":\"Kezd\u0151lap\",\"item\":\"https:\/\/hir.mediamarkt.hu\/magazin\/\"},{\"@type\":\"ListItem\",\"position\":2,\"name\":\"15 mp az \u00e9let\"}]},{\"@type\":\"WebSite\",\"@id\":\"https:\/\/hir.mediamarkt.hu\/magazin\/#website\",\"url\":\"https:\/\/hir.mediamarkt.hu\/magazin\/\",\"name\":\"MediaMarkt Magazin\",\"description\":\"Olvass bele magazinunkba!\",\"potentialAction\":[{\"@type\":\"SearchAction\",\"target\":{\"@type\":\"EntryPoint\",\"urlTemplate\":\"https:\/\/hir.mediamarkt.hu\/magazin\/?s={search_term_string}\"},\"query-input\":\"required name=search_term_string\"}],\"inLanguage\":\"hu\"},{\"@type\":\"Person\",\"@id\":\"https:\/\/hir.mediamarkt.hu\/magazin\/#\/schema\/person\/7f1d99540808335a59d17dcebfa95544\",\"name\":\"intermedius\",\"image\":{\"@type\":\"ImageObject\",\"inLanguage\":\"hu\",\"@id\":\"https:\/\/hir.mediamarkt.hu\/magazin\/#\/schema\/person\/image\/\",\"url\":\"https:\/\/secure.gravatar.com\/avatar\/bbf88debc0bd7abfc1047f575da076f2?s=96&d=mm&r=g\",\"contentUrl\":\"https:\/\/secure.gravatar.com\/avatar\/bbf88debc0bd7abfc1047f575da076f2?s=96&d=mm&r=g\",\"caption\":\"intermedius\"}}]}<\/script>\n<!-- \/ Yoast SEO plugin. -->","yoast_head_json":{"title":"15 mp az \u00e9let - MediaMarkt Magazin","robots":{"index":"index","follow":"follow","max-snippet":"max-snippet:-1","max-image-preview":"max-image-preview:large","max-video-preview":"max-video-preview:-1"},"canonical":"https:\/\/hir.mediamarkt.hu\/magazin\/15-mp-az-elet\/","og_locale":"hu_HU","og_type":"article","og_title":"15 mp az \u00e9let - MediaMarkt Magazin","og_description":"Az Instagram fot\u00f3megoszt\u00f3 app az egyik legn\u00e9pszer\u0171bb ilyen alkalmaz\u00e1s az okostelefon felhaszn\u00e1l\u00f3k k\u00f6r\u00e9ben. Nemr\u00e9g \u00faj szolg\u00e1ltat\u00e1st ind\u00edtott, ahol 15 mp hossz\u00fas\u00e1g\u00fa vide\u00f3t oszthatunk meg a vil\u00e1ggal. Az Instagram olyan, mint a web kicsiny \u00e9kszerboltja. Csupa-csupa sz\u00e9p fot\u00f3, sz\u00e9p emberekr\u0151l, \u00e9telekr\u0151l, h\u00e1zi\u00e1llatokr\u00f3l, sz\u00e9p v\u00e1rosokr\u00f3l, szinte mintha egy boldog, gondtalan bolyg\u00f3n \u00e9ln\u00e9nk. Az imm\u00e1r 130 milli\u00f3 felhaszn\u00e1l\u00f3val rendelkez\u0151 alkalmaz\u00e1s az egyszer\u0171 kezel\u00e9s mellett az igen j\u00f3l siker\u00fclt sz\u0171r\u0151k \u00e9s effektek miatt olyan n\u00e9pszer\u0171, melyek seg\u00edts\u00e9g\u00e9vel m\u00e9g egy k\u00f6z\u00e9pszer\u0171 fot\u00f3b\u00f3l is szemet gy\u00f6ny\u00f6rk\u00f6dtet\u0151, amolyan \u201cazonnal meg kell osztanom\u201d t\u00edpus\u00fa m\u0171v\u00e9szi fot\u00f3 k\u00e9sz\u00fclhet. A nemr\u00e9giben a Facebook \u00e1ltal felv\u00e1s\u00e1rolt Instagram m\u00falt h\u00e9ten \u00faj szolg\u00e1ltat\u00e1st ind\u00edtott, ami 15 m\u00e1sodpercnyi vide\u00f3 effektez\u00e9s\u00e9t, megoszt\u00e1s\u00e1t teszi lehet\u0151v\u00e9 az iOS \u00e9s Android oprendszert futtat\u00f3 k\u00e9sz\u00fcl\u00e9kek tulajdonosainak. Introducing Video on ...","og_url":"https:\/\/hir.mediamarkt.hu\/magazin\/15-mp-az-elet\/","og_site_name":"MediaMarkt Magazin","article_publisher":"https:\/\/www.facebook.com\/MediaMarktMagyarorszag","article_published_time":"2013-06-25T00:00:00+00:00","article_modified_time":"-0001-11-30T00:00:00+00:00","og_image":[{"url":"http:\/\/hir.mediamarkt.hu\/magazin\/images\/0624_01.png"}],"author":"intermedius","twitter_misc":{"Szerz\u0151:":"intermedius","Becs\u00fclt olvas\u00e1si id\u0151":"2 perc"},"schema":{"@context":"https:\/\/schema.org","@graph":[{"@type":"WebPage","@id":"https:\/\/hir.mediamarkt.hu\/magazin\/15-mp-az-elet\/","url":"https:\/\/hir.mediamarkt.hu\/magazin\/15-mp-az-elet\/","name":"15 mp az \u00e9let - MediaMarkt Magazin","isPartOf":{"@id":"https:\/\/hir.mediamarkt.hu\/magazin\/#website"},"primaryImageOfPage":{"@id":"https:\/\/hir.mediamarkt.hu\/magazin\/15-mp-az-elet\/#primaryimage"},"image":{"@id":"https:\/\/hir.mediamarkt.hu\/magazin\/15-mp-az-elet\/#primaryimage"},"thumbnailUrl":"http:\/\/hir.mediamarkt.hu\/magazin\/images\/0624_01.png","datePublished":"2013-06-25T00:00:00+00:00","dateModified":"-0001-11-30T00:00:00+00:00","author":{"@id":"https:\/\/hir.mediamarkt.hu\/magazin\/#\/schema\/person\/7f1d99540808335a59d17dcebfa95544"},"breadcrumb":{"@id":"https:\/\/hir.mediamarkt.hu\/magazin\/15-mp-az-elet\/#breadcrumb"},"inLanguage":"hu","potentialAction":[{"@type":"ReadAction","target":["https:\/\/hir.mediamarkt.hu\/magazin\/15-mp-az-elet\/"]}]},{"@type":"ImageObject","inLanguage":"hu","@id":"https:\/\/hir.mediamarkt.hu\/magazin\/15-mp-az-elet\/#primaryimage","url":"http:\/\/hir.mediamarkt.hu\/magazin\/images\/0624_01.png","contentUrl":"http:\/\/hir.mediamarkt.hu\/magazin\/images\/0624_01.png"},{"@type":"BreadcrumbList","@id":"https:\/\/hir.mediamarkt.hu\/magazin\/15-mp-az-elet\/#breadcrumb","itemListElement":[{"@type":"ListItem","position":1,"name":"Kezd\u0151lap","item":"https:\/\/hir.mediamarkt.hu\/magazin\/"},{"@type":"ListItem","position":2,"name":"15 mp az \u00e9let"}]},{"@type":"WebSite","@id":"https:\/\/hir.mediamarkt.hu\/magazin\/#website","url":"https:\/\/hir.mediamarkt.hu\/magazin\/","name":"MediaMarkt Magazin","description":"Olvass bele magazinunkba!","potentialAction":[{"@type":"SearchAction","target":{"@type":"EntryPoint","urlTemplate":"https:\/\/hir.mediamarkt.hu\/magazin\/?s={search_term_string}"},"query-input":"required name=search_term_string"}],"inLanguage":"hu"},{"@type":"Person","@id":"https:\/\/hir.mediamarkt.hu\/magazin\/#\/schema\/person\/7f1d99540808335a59d17dcebfa95544","name":"intermedius","image":{"@type":"ImageObject","inLanguage":"hu","@id":"https:\/\/hir.mediamarkt.hu\/magazin\/#\/schema\/person\/image\/","url":"https:\/\/secure.gravatar.com\/avatar\/bbf88debc0bd7abfc1047f575da076f2?s=96&d=mm&r=g","contentUrl":"https:\/\/secure.gravatar.com\/avatar\/bbf88debc0bd7abfc1047f575da076f2?s=96&d=mm&r=g","caption":"intermedius"}}]}},"_links":{"self":[{"href":"https:\/\/hir.mediamarkt.hu\/magazin\/wp-json\/wp\/v2\/posts\/85"}],"collection":[{"href":"https:\/\/hir.mediamarkt.hu\/magazin\/wp-json\/wp\/v2\/posts"}],"about":[{"href":"https:\/\/hir.mediamarkt.hu\/magazin\/wp-json\/wp\/v2\/types\/post"}],"author":[{"embeddable":true,"href":"https:\/\/hir.mediamarkt.hu\/magazin\/wp-json\/wp\/v2\/users\/1"}],"replies":[{"embeddable":true,"href":"https:\/\/hir.mediamarkt.hu\/magazin\/wp-json\/wp\/v2\/comments?post=85"}],"version-history":[{"count":0,"href":"https:\/\/hir.mediamarkt.hu\/magazin\/wp-json\/wp\/v2\/posts\/85\/revisions"}],"wp:attachment":[{"href":"https:\/\/hir.mediamarkt.hu\/magazin\/wp-json\/wp\/v2\/media?parent=85"}],"wp:term":[{"taxonomy":"category","embeddable":true,"href":"https:\/\/hir.mediamarkt.hu\/magazin\/wp-json\/wp\/v2\/categories?post=85"},{"taxonomy":"post_tag","embeddable":true,"href":"https:\/\/hir.mediamarkt.hu\/magazin\/wp-json\/wp\/v2\/tags?post=85"}],"curies":[{"name":"wp","href":"https:\/\/api.w.org\/{rel}","templated":true}]}}