{"id":8819,"date":"2019-06-28T14:00:07","date_gmt":"2019-06-28T13:00:07","guid":{"rendered":"http:\/\/hir.mediamarkt.hu\/magazin\/?p=8819"},"modified":"2019-06-28T17:15:30","modified_gmt":"2019-06-28T16:15:30","slug":"nyar-konyv-gyerek-csalad-tipp-mediamarkt","status":"publish","type":"post","link":"https:\/\/hir.mediamarkt.hu\/magazin\/nyar-konyv-gyerek-csalad-tipp-mediamarkt\/","title":{"rendered":"Agatha Christie? Rejt\u0151? Salinger? K\u00f6nyvek, amiket a gyerek sem fog ut\u00e1lni a sz\u00fcnid\u0151ben!"},"content":{"rendered":"<strong>Roml\u00f3 sz\u00f6veg\u00e9rt\u00e9s \u00e9s koncentr\u00e1ci\u00f3s k\u00e9pess\u00e9g, egyre megr\u00e1z\u00f3bb helyes\u00edr\u00e1si k\u00e9szs\u00e9g. B\u00e1r a nyelv egy folyamatosan v\u00e1ltoz\u00f3 jelens\u00e9g, a m\u00e1ra egyre komolyabb elkorcsosul\u00e1s\u00e1nak nem csak \u201ceszt\u00e9tikai\u201d k\u00f6vetkezm\u00e9nyei vannak. Mi\u00e9rt fontos, hogy olvasson a gyerek\u00fcnk \u00e9s hogyan tegy\u00fck vonz\u00f3v\u00e1 a k\u00f6nyveket sz\u00e1m\u00e1ra? N\u00e9h\u00e1ny szem\u00e9lyes gondolattal \u00e9s sz\u00e1mos konkr\u00e9t k\u00f6nyvvel k\u00e9sz\u00fclt\u00fcnk a t\u00e9m\u00e1ban!<\/strong><!--more-->\r\n\r\n&nbsp;\r\n<h2><strong>Nem a j\u00f3 jegy\u00e9rt kell olvasni!<\/strong><\/h2>\r\n&nbsp;\r\n\r\n<span style=\"font-weight: 400\"><img loading=\"lazy\" decoding=\"async\" class=\"size-medium wp-image-8821 alignleft\" src=\"https:\/\/hir.mediamarkt.hu\/magazin\/wp-content\/uploads\/2019\/06\/MediaMarkt_konyv05-300x200.jpeg\" alt=\"\" width=\"300\" height=\"200\" srcset=\"https:\/\/hir.mediamarkt.hu\/magazin\/wp-content\/uploads\/2019\/06\/MediaMarkt_konyv05-300x200.jpeg 300w, https:\/\/hir.mediamarkt.hu\/magazin\/wp-content\/uploads\/2019\/06\/MediaMarkt_konyv05-275x183.jpeg 275w, https:\/\/hir.mediamarkt.hu\/magazin\/wp-content\/uploads\/2019\/06\/MediaMarkt_konyv05-768x512.jpeg 768w, https:\/\/hir.mediamarkt.hu\/magazin\/wp-content\/uploads\/2019\/06\/MediaMarkt_konyv05-1024x682.jpeg 1024w, https:\/\/hir.mediamarkt.hu\/magazin\/wp-content\/uploads\/2019\/06\/MediaMarkt_konyv05.jpeg 1440w\" sizes=\"(max-width: 300px) 100vw, 300px\" \/>A gyerekeket nem a j\u00f3 tanulm\u00e1nyi \u00e1tlag miatt \u00e9rdemes m\u00e1r az els\u0151 napt\u00f3l (igen, az els\u0151 napt\u00f3l!) a k\u00f6nyvek szeretet\u00e9re szoktatni. A kognit\u00edv k\u00e9pess\u00e9gek \u00e9s kapaszkodjunk meg, az \u00e9rzelmi intelligencia kapcs\u00e1n is fokozottan fontos, hogy egy emberi l\u00e9ny k\u00e9pes legyen gazdag sz\u00f3kinccsel, v\u00e1laszt\u00e9kosan kommunik\u00e1lni. \u00cdgy k\u00f6nnyeben veheti majd fel a harcot az \u0151t \u00e9rt s\u00e9relmekkel, t\u00e1mad\u00e1sokkal szemben, de az \u00e9rzelmi \u00e9s mag\u00e1n\u00e9lete is kiegyens\u00falyozottabb \u00e9s boldogabb lehet, ha nem csak t\u0151mondatok megalkot\u00e1s\u00e1ra k\u00e9pes. M\u00e1ra egyre gyakoribb, hogy az emberek b\u00e1tran fordulnak terapeut\u00e1hoz, ha \u00fagy \u00e9rzik, elakadtak az \u00e9let\u00fckben. A most feln\u00f6v\u0151 gener\u00e1ci\u00f3 kapcs\u00e1n pedig m\u00e1r szinte naponta hallani, p\u00e1nikbetegek, szorong\u00f3k, \u201cprobl\u00e9m\u00e1sak\u201d a gyerekek.\u00a0<\/span>\r\n\r\n&nbsp;\r\n\r\n<span style=\"font-weight: 400\">Ezeket a terheket mi (egy\u00e9nileg \u00e9s glob\u00e1lisan) pakoljuk r\u00e1juk, teh\u00e1t k\u00f6z\u00f6s felel\u0151ss\u00e9g\u00fcnk legal\u00e1bb a megfelel\u0151 v\u00e9dekez\u00e9st megadni az egyre gyorsabban v\u00e1ltoz\u00f3 \u00e9s elidegened\u00e9sre hajlamos vil\u00e1g hat\u00e1sai ellen. Szerencs\u00e9re az ember t\u00e1rsas l\u00e9ny \u00f6szt\u00f6ne nem engedi, hogy teljesen sz\u00e9tessen a t\u00e1rsadalom, hogy m\u00e1r csak g\u00e9peken cs\u00fcng\u0151 veget\u00e1l\u00f3 l\u00e9nyek legy\u00fcnk. \u00dagy vagyunk k\u00f3dolva, hogy az ilyen negat\u00edv ut\u00f3pi\u00e1k j\u00f3 es\u00e9llyel sosem k\u00f6vetkeznek be. De egy\u00e9ni szinten egyre t\u00f6bb kommunik\u00e1ci\u00f3s \u00e9s \u00f6nkifejez\u00e9si probl\u00e9ma ad\u00f3dik. \u00c9s ez b\u00e9n\u00edt\u00f3lag hathat az egy\u00e9nekre, valamint k\u00e1rosan kihathat a k\u00f6rnyezet\u00fckre is.\u00a0<\/span>\r\n\r\n&nbsp;\r\n<h2><b>R\u00e9gen minden jobb volt?<\/b><\/h2>\r\n&nbsp;\r\n\r\n<span style=\"font-weight: 400\"><img loading=\"lazy\" decoding=\"async\" class=\"size-medium wp-image-8820 alignleft\" src=\"https:\/\/hir.mediamarkt.hu\/magazin\/wp-content\/uploads\/2019\/06\/MediaMarkt_konyv06-300x214.jpeg\" alt=\"\" width=\"300\" height=\"214\" srcset=\"https:\/\/hir.mediamarkt.hu\/magazin\/wp-content\/uploads\/2019\/06\/MediaMarkt_konyv06-300x214.jpeg 300w, https:\/\/hir.mediamarkt.hu\/magazin\/wp-content\/uploads\/2019\/06\/MediaMarkt_konyv06-275x196.jpeg 275w, https:\/\/hir.mediamarkt.hu\/magazin\/wp-content\/uploads\/2019\/06\/MediaMarkt_konyv06-768x549.jpeg 768w, https:\/\/hir.mediamarkt.hu\/magazin\/wp-content\/uploads\/2019\/06\/MediaMarkt_konyv06-1024x731.jpeg 1024w, https:\/\/hir.mediamarkt.hu\/magazin\/wp-content\/uploads\/2019\/06\/MediaMarkt_konyv06.jpeg 1440w\" sizes=\"(max-width: 300px) 100vw, 300px\" \/>Nem. Mindig is volt, aki szeretett olvasni \u00e9s olyan is, aki nem. R\u00e1ad\u00e1sul kor\u00e1bban szinte \u00fcgyet sem vetettek az iskol\u00e1kban a diszgr\u00e1fia, diszlexia, diszkalkulia jelens\u00e9g\u00e9re. Vagy \u00e9pp b\u00e1rmely m\u00e1s, tanul\u00e1st nehez\u00edt\u0151 k\u00f6r\u00fclm\u00e9nyre. Egyen elv\u00e1r\u00e1soknak kellett megfelelni, ha lassabb volt\u00e1l \u00e9s lemaradt\u00e1l, \u00e1ltal\u00e1ban rossz tanul\u00f3nak b\u00e9lyegeztek.\u00a0<\/span>\r\n\r\n<span style=\"font-weight: 400\">B\u00e1r az olvas\u00e1s szeretete \u00f6nmag\u00e1ban nem garancia mindenre, az elvont gondolkod\u00e1s k\u00e9pess\u00e9ge, a k\u00e9pzel\u0151er\u0151 fejleszt\u00e9se \u00e9s persze a m\u00e1r eml\u00edtett gazdag sz\u00f3kincs hatalmas el\u0151ny lehet minden ember sz\u00e1m\u00e1ra. Nyilv\u00e1n nem szabad elfelejteni, hogy 2019-et \u00edrunk \u00e9s a vil\u00e1g m\u00e1r egy gener\u00e1ci\u00f3 alatt is teljes v\u00e1ltoz\u00e1sokon ment \u00e1t. M\u00e9g a mai 30-as, 40-es sz\u00fcl\u0151k is \u201cm\u00e1sban\u201d n\u0151ttek fel, b\u00e1r a kapcsolatunk a technol\u00f3gi\u00e1val &#8211; els\u0151sorban a nagyv\u00e1rosokban &#8211; k\u00e9zenfekv\u0151, t\u00f6bbs\u00e9g\u00fcnk sz\u00e1m\u00e1ra az oktat\u00e1s m\u00e9g sokkal szigor\u00fabb rendben zajlott. Egy\u00e9bk\u00e9nt nem k\u00e9ts\u00e9ges, hogy mindig volt aki ut\u00e1lt olvasni \u00e9s mindig akadtak klasszikus k\u00f6nyvmolyok. De m\u00edg 20-30 \u00e9vvel ezel\u0151tt a t\u00f6bbs\u00e9g a k\u00f6telez\u0151 olvasm\u00e1nyokat t\u00e9nyleg elolvasta, vagy legal\u00e1bb kivette a k\u00f6nyvt\u00e1rb\u00f3l a \u201ck\u00f6telez\u0151k r\u00f6viden\u201d antol\u00f3gi\u00e1t, addig m\u00e1ra m\u00e1r ez a vonal kihalni l\u00e1tszik.\u00a0<\/span>\r\n\r\n&nbsp;\r\n<h2><strong>Otthon, \u00e9des otthon&#8230;<\/strong><\/h2>\r\n<span style=\"font-weight: 400\"><a href=\"https:\/\/hir.mediamarkt.hu\/magazin\/az-iskolakezdes-margojara-gondolatok-az-olvasasrol-es-annak-egeto-hianyarol\/\">Az olvas\u00e1sra val\u00f3 fog\u00e9konys\u00e1g mindig is otthonr\u00f3l j\u00f6tt.<\/a> Egy szeg\u00e9nyebb k\u00f6rnyezetb\u0151l, ahol sem id\u0151, energia, sem ak\u00e1r k\u00f6nyv nem volt, hogy este mes\u00e9ljenek a gyerekeknek, j\u00f3 es\u00e9llyel a legt\u00f6bb kicsinek idegen volt az iskolai nyom\u00e1s \u00e9s a bet\u0171k befogad\u00e1s\u00e1ra val\u00f3 k\u00e9nyszer\u00edt\u00e9s. Olvasni ugyanis akkor akar majd egy gyerek, ha vonz\u00f3v\u00e1 v\u00e1lik sz\u00e1m\u00e1ra a bet\u0171k, szavak megfejt\u00e9se, vonzza a t\u00f6rt\u00e9netek folytat\u00e1sa. Ez nem csak a megfelel\u0151 k\u00f6nyvek kiv\u00e1laszt\u00e1s\u00e1n, de a mi lelkesed\u00e9s\u00fcnk\u00f6n \u00e9s kitart\u00e1sunkon is m\u00falik. Lehet hib\u00e1ztatni a gyeng\u00e9bb irodalom tan\u00e1rt vagy az elbalt\u00e1zott k\u00f6telez\u0151k list\u00e1j\u00e1t, a gyerek\u00fcnk akkor is v\u00e1gyni fog a ment\u00e1lis kalandokra, ha az iskol\u00e1ban a lehet\u0151 legrosszabb felt\u00e9telek mellett adagolj\u00e1k neki az olvas\u00e1st. A munka sz\u00fclet\u00e9skor kezd\u0151dik, 2-3 \u00e9vesen kezd kiteljesedni, 5-6 \u00e9vesen pedig m\u00e1r ak\u00e1r cs\u00facsra j\u00e1rhat. Ehhez mi \u00e9s azt esti mese, a meghitt, szeretetben \u00e9s t\u00fcrelemben elt\u00f6lt\u00f6tt egy\u00fcttl\u00e9t kell. Ha nincs este ak\u00e1r 10-15 percnyi, ide\u00e1lis esetben legal\u00e1bb f\u00e9l \u00f3r\u00e1nyi id\u0151nk a gyerek\u00fcnkre, gyerekeinkre, el kell gondolkodnunk, hogy biztosan mindent j\u00f3l csin\u00e1lunk-e.\u00a0<\/span>\r\n\r\n<span style=\"font-weight: 400\"><img loading=\"lazy\" decoding=\"async\" class=\"size-medium wp-image-8822 alignleft\" src=\"https:\/\/hir.mediamarkt.hu\/magazin\/wp-content\/uploads\/2019\/06\/MediaMarkt_konyv05a-300x200.jpeg\" alt=\"\" width=\"300\" height=\"200\" srcset=\"https:\/\/hir.mediamarkt.hu\/magazin\/wp-content\/uploads\/2019\/06\/MediaMarkt_konyv05a-300x200.jpeg 300w, https:\/\/hir.mediamarkt.hu\/magazin\/wp-content\/uploads\/2019\/06\/MediaMarkt_konyv05a-275x183.jpeg 275w, https:\/\/hir.mediamarkt.hu\/magazin\/wp-content\/uploads\/2019\/06\/MediaMarkt_konyv05a-768x512.jpeg 768w, https:\/\/hir.mediamarkt.hu\/magazin\/wp-content\/uploads\/2019\/06\/MediaMarkt_konyv05a-1024x682.jpeg 1024w, https:\/\/hir.mediamarkt.hu\/magazin\/wp-content\/uploads\/2019\/06\/MediaMarkt_konyv05a.jpeg 1440w\" sizes=\"(max-width: 300px) 100vw, 300px\" \/>A rendszeres esti mese olvas\u00e1s egy\u00e9bk\u00e9nt nem csak a fenti k\u00e9pess\u00e9geket seg\u00edti, de a gyerekek sz\u00e1m\u00e1ra nagyon fontos keretet \u00e9s rutint \u00e9s biztos\u00edtja, cs\u00f6kkentve ezzel b\u00e1rmilyen felmer\u00fcl\u0151 stresszt \u00e9s szorong\u00e1st. Emellett a mes\u00e9knek saj\u00e1t pszichol\u00f3giai hat\u00e1suk is van, sz\u00e1mos kutat\u00e1s, k\u00f6nyv \u00e9s m\u00f3dszer foglalkozik a k\u00fcl\u00f6nb\u00f6z\u0151 n\u00e9pek fikt\u00edv t\u00f6rt\u00e9neteivel, amelyekb\u0151l a saj\u00e1t fajunkra is visszak\u00f6vetkeztethet\u00fcnk. A mes\u00e9l\u00e9s az emberis\u00e9ggel van annak l\u00e9tez\u00e9se \u00f3ta. M\u00e1ra azonban szinte teljesen kivesz\u0151ben van, illetve a play gomb megnyom\u00e1sa \u00e9s a rajzfilmek vett\u00e9k \u00e1t a hely\u00e9t. Ahogy eml\u00edtett\u00fck, ennek is megvan a helye a mai vil\u00e1gban, mi is szerett\u00fck a r\u00e9gi tv k\u00e9sz\u00fcl\u00e9keken az Esti Mese f\u0151c\u00edm\u00e9t \u00e9s r\u00f6vid t\u00f6rt\u00e9neteket n\u00e9zni. De ez nem \u201cvagy\u201d, hanem \u201c\u00e9s\u201d volt sok esetben.<\/span>\r\n\r\n&nbsp;\r\n\r\n<span style=\"font-weight: 400\">Ha teh\u00e1t megadjuk a gyereknek a figyelmet \u00e9s id\u0151t, a kapcsolatot pedig este egy k\u00f6nyv seg\u00edts\u00e9g\u00e9vel m\u00e9ly\u00edtj\u00fck el, nem csak nyugalmat, de \u201cbet\u0171 \u00e9hs\u00e9get\u201d is el\u00e9rhet\u00fcnk. Mert ahogy a gyerekek f\u00fcggetlenednek t\u0151l\u00fcnk, az \u00faj felfedez\u00e9s\u00e9t ann\u00e1l \u00f6n\u00e1ll\u00f3bban akarj\u00e1k elv\u00e9gezni, r\u00e1vetik magukat a sz\u00e1mukra \u00e9rdekes t\u00f6rt\u00e9netekre. Kicsit olyan ez, mintha egy csal\u00e1dban term\u00e9szetes lenne a lovagl\u00e1s, vagy a vitorl\u00e1z\u00e1s, vagy \u00e9pp a foci meccs n\u00e9z\u00e9s, a k\u00f6z\u00f6s t\u00far\u00e1z\u00e1s. Aki olyan k\u00f6zegben n\u0151 fel, ahol egy (vagy t\u00f6bb) aktivit\u00e1s rendszeres, jellemz\u0151 \u00e9s ezt a k\u00f6z\u00f6ss\u00e9g \u00f6r\u00f6mmel csin\u00e1lja, j\u00f3 es\u00e9llyel \u201cf\u00fcgg\u0151v\u00e9 v\u00e1lik\u201d \u00e9s feln\u0151tt kor\u00e1ban is vissza-visszat\u00e9r az adott elfoglalts\u00e1ghoz. Aki kuty\u00e1val n\u0151 fel, a legt\u00f6bbsz\u00f6r eg\u00e9sz \u00e9let\u00e9ben kuty\u00e1s marad. Akit t\u00e9len s\u00edelni visznek, feln\u0151ttk\u00e9nt is elj\u00e1r a hegyekbe sportolni. Ha az olvas\u00e1st, mint egy k\u00f6z\u00f6s, \u00f6r\u00f6mteli foglalkoz\u00e1st vezetj\u00fck be, term\u00e9szetess\u00e9 \u00e9s ig\u00e9nyeltt\u00e9 v\u00e1lik. Ha az iskol\u00e1ban szembes\u00fcl el\u0151sz\u00f6r a kih\u00edv\u00e1ssal a gyerek, ahol mindez k\u00f6telez\u0151, kisebb es\u00e9llyel kap r\u00e1 az \u00edz\u00e9re.\u00a0<\/span>\r\n\r\n&nbsp;\r\n<h2><strong>Mit adjak a gyerek kez\u00e9be?<\/strong><\/h2>\r\n&nbsp;\r\n\r\n<span style=\"font-weight: 400\"><img loading=\"lazy\" decoding=\"async\" class=\"size-medium wp-image-8823 alignleft\" src=\"https:\/\/hir.mediamarkt.hu\/magazin\/wp-content\/uploads\/2019\/06\/MediaMarkt_konyv05b-300x200.jpeg\" alt=\"\" width=\"300\" height=\"200\" srcset=\"https:\/\/hir.mediamarkt.hu\/magazin\/wp-content\/uploads\/2019\/06\/MediaMarkt_konyv05b-300x200.jpeg 300w, https:\/\/hir.mediamarkt.hu\/magazin\/wp-content\/uploads\/2019\/06\/MediaMarkt_konyv05b-275x184.jpeg 275w, https:\/\/hir.mediamarkt.hu\/magazin\/wp-content\/uploads\/2019\/06\/MediaMarkt_konyv05b-768x513.jpeg 768w, https:\/\/hir.mediamarkt.hu\/magazin\/wp-content\/uploads\/2019\/06\/MediaMarkt_konyv05b-1024x684.jpeg 1024w, https:\/\/hir.mediamarkt.hu\/magazin\/wp-content\/uploads\/2019\/06\/MediaMarkt_konyv05b.jpeg 1440w\" sizes=\"(max-width: 300px) 100vw, 300px\" \/>Mindig vegy\u00fck figyelembe az \u00e9rdekl\u0151d\u00e9si k\u00f6rt, a karaktert. A l\u00e1nyokat nem felt\u00e9tlen\u00fcl csak a l\u00e1nyos k\u00f6nyvek fogj\u00e1k \u00e9rdekelni, ahogy a fi\u00fak kapcs\u00e1n sem biztos, hogy csak a kalandreg\u00e9ny t\u00edpus\u00fa \u00edr\u00e1sok m\u0171k\u00f6dnek. <strong>A fantasy vil\u00e1ga m\u00e1ra hatalmas teret h\u00f3d\u00edt, a Harry Potter &#8211; illetve a mozikban el\u0151sz\u00f6r a Twilight, majd a Marvel &#8211; \u00e9ra \u00f3ta, mintha mindenki menek\u00fclni akarna a val\u00f3s\u00e1gt\u00f3l.<\/strong> Tulajdonk\u00e9ppen a fikci\u00f3 mindig is \u00edgy m\u0171k\u00f6d\u00f6tt, a sz\u00e9pirodalom sz\u00e1mos alkot\u00e1sa nem t\u00f6rekszik realizmusra. A gyerekek k\u00e9pzelete v\u00e9gtelen szabad, mi rontjuk le ezt a korl\u00e1tlan vil\u00e1got a szab\u00e1lyok, t\u00f6rv\u00e9nyszer\u0171s\u00e9gek fokr\u00f3l fokra t\u00f6rt\u00e9n\u0151 bevezet\u00e9s\u00e9vel. A fantasy vil\u00e1g teh\u00e1t nem rossz, a k\u00e9pzelet sz\u00e1rnyal\u00e1sa kihathat a kreativit\u00e1sra is. Azonban \u00e9rdemes vegyesen adagolni a teljes fikci\u00f3t (ld. var\u00e1zsl\u00f3k vil\u00e1ga) \u00e9s a minket k\u00f6r\u00fclvev\u0151, megtapasztalhat\u00f3 jelens\u00e9geket le\u00edr\u00f3 mes\u00e9s, sz\u00f3rakoztat\u00f3 t\u00f6rt\u00e9neteket. Egy kisebb gyerek sz\u00e1m\u00e1ra pl. <strong>Roald Dahl Matilda h\u00e1rom csod\u00e1ja vagy a Karcsi \u00e9s a csokigy\u00e1r<\/strong> ugyan\u00fagy izgalmas lehet, mint a Roxfortot beh\u00e1l\u00f3z\u00f3 t\u00f6rt\u00e9netek. \u00c9rdemes n\u00e9ha odafigyelni, hogy olyan elemekkel is tal\u00e1lkozzon a gyerek a k\u00f6nyvekben, amelyeket egy az egyben be tud azonos\u00edtani az \u00e9let\u00e9ben. \u00c9s amelyek seg\u00edts\u00e9g\u00e9vel bizonyos, \u0151t \u00e9rint\u0151 szitu\u00e1ci\u00f3kra is l\u00e1t v\u00e1laszt.\u00a0<\/span>\r\n\r\n<span style=\"font-weight: 400\">Emellett nagyon fontos, hogy igyekezz\u00fcnk val\u00f3di, min\u0151s\u00e9gi irodalmat biztos\u00edtani, gazdag nyelvi fordulatokkal. J\u00f3kai m\u00e1ra t\u00e9nyleg szinte \u00e9rtelmezhetetlen egy gyereknek. <strong>Karinthy Frigyes \u00e9s testv\u00e9re, Em\u00edlia Micimack\u00f3 ford\u00edt\u00e1sa t\u00f6k\u00e9letes p\u00e9lda a \u201cmagas m\u0171v\u00e9szetre\u201d a gyerek irodalomban. A klasszikusokhoz b\u00e1tran visszany\u00falhatunk, az Ezeregy \u00c9jszaka Mes\u00e9it\u0151l Benedek Eleken \u00e1t L\u00e1z\u00e1r Ervin \u00f6sszes \u00edr\u00e1s\u00e1ig. Ezekt\u0151l nem kell f\u00e9lni, egyszer\u0171en m\u00e9g nem avultak el!<\/strong><\/span>\r\n\r\n<span style=\"font-weight: 400\">A kiskamasz koroszt\u00e1ly sz\u00e1m\u00e1ra a humorosabb k\u00f6nyveket \u00e9rdemes bevetni, <strong>G. Szab\u00f3 Judit<\/strong> vagy \u00e9pp <strong>Brunella Gasperini<\/strong> b\u00e1rmikor \u201celviselhet\u0151v\u00e9\u201d teszi a tinik szenved\u00e9s\u00e9t a saj\u00e1t, kaotikus csal\u00e1di perpatvaraik sz\u00f3rakoztat\u00f3 le\u00edr\u00e1s\u00e1val. Ebben a korban j\u00f3 olyan k\u00f6nyvet a k\u00e9zbe venni, amire a ny\u00edl\u00f3 \u00e9rzelmek a legink\u00e1bb fog\u00e9konyak. A fi\u00fak \u00e9s l\u00e1nyok k\u00f6z\u00f6tti fesz\u00fclts\u00e9gek, a bimb\u00f3z\u00f3 szerelmek, a testv\u00e9rharcok \u00e9s persze a meg nem \u00e9rtetts\u00e9g megjelen\u00e9se a lapokon biztons\u00e1g\u00e9rzetet adhat egy olyan id\u0151szakban, amikor egy gyerek \u00e9pp nem felt\u00e9tlen\u00fcl akar kapcsol\u00f3dni senkivel.\u00a0<\/span>\r\n\r\n<span style=\"font-weight: 400\">A gimnazist\u00e1k eset\u00e9ben a legjobb, amit tehet\u00fcnk, hogy partnernek tekintj\u00fck \u0151ket. A mai tinik m\u00e1r sokkal el\u0151bb tiszt\u00e1ban vannak az \u00e9let k\u00e9rd\u00e9seivel, mint mi anno voltunk. Ez nem jelenti azt, hogy er\u0151szakos, pornogr\u00e1f tartalmakkal k\u00e9ne \u0151ket t\u00f6mni. De b\u00e1tran szembe n\u00e9zhetnek mondjuk egy <strong>William Golding f\u00e9le A legyek ura konfliktussal, vagy az 1984-ben, esetleg az \u00c1llatfarmban felbukkan\u00f3 orwell-i problematik\u00e1val<\/strong>. Ahogy <strong>J. D. Salinger<\/strong> is hasznos olvasm\u00e1ny lehet. Ebben az id\u0151szakban <\/span>\r\n<blockquote><strong>\u00e9rdemes r\u00e1k\u00e9rdezni, milyen gondolatai vannak a gyerek\u00fcnknek a s\u00falyosabb k\u00e9rd\u00e9sekr\u0151l, t\u00e9m\u00e1kr\u00f3l. <\/strong><\/blockquote>\r\n<span style=\"font-weight: 400\">A filoz\u00f3fia ir\u00e1nt fog\u00e9konyabb fiatalok sz\u00e1m\u00e1ra egy-egy <strong>Thomas Mann<\/strong> k\u00f6nyv elk\u00e9peszt\u0151 hat\u00e1st v\u00e1lthat ki, A var\u00e1zshegy m\u00e9lys\u00e9ge egy szerelmi sz\u00e1l ment\u00e9n eg\u00e9szen komoly tud\u00e1ssal v\u00e9rtezheti fel az olvas\u00f3t. Ha pedig pia, cigi \u00e9s l\u00e1zad\u00e1s akkor <strong>Bohumil Hrabal<\/strong> \u00e1rtatlan r\u00e9szegs\u00e9gei nyithatnak utat a min\u0151s\u00e9gi alkoholiz\u00e1l\u00e1s le\u00edr\u00e1saihoz.<\/span>\r\n\r\n<span style=\"font-weight: 400\">A magyar \u00e9s k\u00fclf\u00f6ldi kort\u00e1rs irodalom felfedez\u00e9se pedig k\u00fcl\u00f6n b\u00f3nusz mindenkinek, hiszen ezek a m\u0171vek a minket k\u00f6r\u00fclvev\u0151 jelenben sz\u00fcletnek, reag\u00e1lnak a vil\u00e1gra: vagy homlokegyenest tagadva annak milyens\u00e9g\u00e9t, vagy izgalmasan felhaszn\u00e1lva azt. Nyelv-bajnokokb\u00f3l akad b\u0151ven a k\u00f6nyvpiacon. Ha valaki m\u00e1r komoly tud\u00e1sra tett szert irodalom ter\u00e9n, egy <strong>B\u00f6d\u0151cs Tibor <\/strong>f\u00e9le <strong>Addig sem iszik<\/strong> elk\u00e9peszt\u0151en j\u00f3 sz\u00f3rakoz\u00e1st ny\u00fajthat. De az irodalmi par\u00f3di\u00e1k ak\u00e1r kedvet is csin\u00e1lhatnak egy-egy megid\u00e9zett szerz\u0151h\u00f6z.\u00a0<\/span>\r\n\r\n<span style=\"font-weight: 400\">A v\u00e1laszt\u00e9k annyira sz\u00ednes, hogy szinte m\u00e1r az okoz neh\u00e9zs\u00e9get, mihez kapjunk. Mindenesetre a n\u00e9h\u00e1ny magas irodalmi m\u0171 mell\u00e9 \u00e9rdemes n\u00e9ha bedobni egy-k\u00e9t jobb ponyv\u00e1t \u00e9s sz\u00f3rakoztat\u00f3 irodalmat is. A v\u00edzpartokon \u00e9s a f\u00fclledt eb\u00e9dek ut\u00e1n elfogyasztott oldalakhoz az \u00f6r\u00f6k kedvenceket, <strong>Agatha Christie<\/strong>-t \u00e9s <strong>Rejt\u0151 Jen\u0151t<\/strong> is j\u00f3 sz\u00edvvel aj\u00e1nljuk, de persze a frissebb skandin\u00e1v krimik is kiv\u00e1l\u00f3 t\u00e1rsaink lehetnek a ny\u00e1ron, ak\u00e1r egym\u00e1s kez\u00e9b\u0151l kikapkodva a gyerekkel.\u00a0<\/span>\r\n\r\n&nbsp;\r\n<h2><strong>Kapcsol\u00f3d\u00f3 MediaMarkt term\u00e9kek:\u00a0<\/strong><\/h2>\r\n<a href=\"https:\/\/www.mediamarkt.hu\/catentry\/1222976\">Paul Bright, Kate Saunders, Brian Sibley, Jeanne Willis &#8211; Micimack\u00f3, a legjobb mack\u00f3<\/a>, 2899 Ft\r\n\r\n<a href=\"https:\/\/www.mediamarkt.hu\/catentry\/1156386\">Roald Dahl &#8211; Charlie \u00e9s a csokigy\u00e1r<\/a>, 1899 Ft\r\n\r\n<a href=\"https:\/\/www.mediamarkt.hu\/catentry\/1203537\">\u00d3da a s\u00f6rh\u00f6z<\/a>, 1599 Ft\r\n\r\n<a href=\"https:\/\/www.mediamarkt.hu\/catentry\/1272101\">Rejt\u0151 Jen\u0151 &#8211; Piszkos Fred, a kapit\u00e1ny<\/a>, 1299 Ft\r\n\r\n<a href=\"https:\/\/www.mediamarkt.hu\/catentry\/1290976\">Rejt\u0151 Jen\u0151 &#8211; Vesztegz\u00e1r a Grand Hotelben<\/a>, 1299 Ft\r\n\r\n&nbsp;\r\n\r\n<img loading=\"lazy\" decoding=\"async\" class=\"alignnone size-medium wp-image-8824\" src=\"https:\/\/hir.mediamarkt.hu\/magazin\/wp-content\/uploads\/2019\/06\/MediaMarkt_konyv01-300x224.png\" alt=\"\" width=\"300\" height=\"224\" srcset=\"https:\/\/hir.mediamarkt.hu\/magazin\/wp-content\/uploads\/2019\/06\/MediaMarkt_konyv01-300x224.png 300w, https:\/\/hir.mediamarkt.hu\/magazin\/wp-content\/uploads\/2019\/06\/MediaMarkt_konyv01-275x205.png 275w, https:\/\/hir.mediamarkt.hu\/magazin\/wp-content\/uploads\/2019\/06\/MediaMarkt_konyv01-768x574.png 768w, https:\/\/hir.mediamarkt.hu\/magazin\/wp-content\/uploads\/2019\/06\/MediaMarkt_konyv01-500x375.png 500w, https:\/\/hir.mediamarkt.hu\/magazin\/wp-content\/uploads\/2019\/06\/MediaMarkt_konyv01.png 786w\" sizes=\"(max-width: 300px) 100vw, 300px\" \/> <img loading=\"lazy\" decoding=\"async\" class=\"alignnone size-medium wp-image-8825\" src=\"https:\/\/hir.mediamarkt.hu\/magazin\/wp-content\/uploads\/2019\/06\/MediaMarkt_konyv02-300x224.png\" alt=\"\" width=\"300\" height=\"224\" srcset=\"https:\/\/hir.mediamarkt.hu\/magazin\/wp-content\/uploads\/2019\/06\/MediaMarkt_konyv02-300x224.png 300w, https:\/\/hir.mediamarkt.hu\/magazin\/wp-content\/uploads\/2019\/06\/MediaMarkt_konyv02-275x205.png 275w, https:\/\/hir.mediamarkt.hu\/magazin\/wp-content\/uploads\/2019\/06\/MediaMarkt_konyv02-768x574.png 768w, https:\/\/hir.mediamarkt.hu\/magazin\/wp-content\/uploads\/2019\/06\/MediaMarkt_konyv02-500x375.png 500w, https:\/\/hir.mediamarkt.hu\/magazin\/wp-content\/uploads\/2019\/06\/MediaMarkt_konyv02.png 786w\" sizes=\"(max-width: 300px) 100vw, 300px\" \/> <img loading=\"lazy\" decoding=\"async\" class=\"alignnone size-medium wp-image-8826\" src=\"https:\/\/hir.mediamarkt.hu\/magazin\/wp-content\/uploads\/2019\/06\/MediaMarkt_konyv03-300x224.png\" alt=\"\" width=\"300\" height=\"224\" srcset=\"https:\/\/hir.mediamarkt.hu\/magazin\/wp-content\/uploads\/2019\/06\/MediaMarkt_konyv03-300x224.png 300w, https:\/\/hir.mediamarkt.hu\/magazin\/wp-content\/uploads\/2019\/06\/MediaMarkt_konyv03-275x205.png 275w, https:\/\/hir.mediamarkt.hu\/magazin\/wp-content\/uploads\/2019\/06\/MediaMarkt_konyv03-768x574.png 768w, https:\/\/hir.mediamarkt.hu\/magazin\/wp-content\/uploads\/2019\/06\/MediaMarkt_konyv03-500x375.png 500w, https:\/\/hir.mediamarkt.hu\/magazin\/wp-content\/uploads\/2019\/06\/MediaMarkt_konyv03.png 786w\" sizes=\"(max-width: 300px) 100vw, 300px\" \/> <img loading=\"lazy\" decoding=\"async\" class=\"alignnone size-medium wp-image-8827\" src=\"https:\/\/hir.mediamarkt.hu\/magazin\/wp-content\/uploads\/2019\/06\/MediaMarkt_konyv04-300x224.png\" alt=\"\" width=\"300\" height=\"224\" srcset=\"https:\/\/hir.mediamarkt.hu\/magazin\/wp-content\/uploads\/2019\/06\/MediaMarkt_konyv04-300x224.png 300w, https:\/\/hir.mediamarkt.hu\/magazin\/wp-content\/uploads\/2019\/06\/MediaMarkt_konyv04-275x205.png 275w, https:\/\/hir.mediamarkt.hu\/magazin\/wp-content\/uploads\/2019\/06\/MediaMarkt_konyv04-768x574.png 768w, https:\/\/hir.mediamarkt.hu\/magazin\/wp-content\/uploads\/2019\/06\/MediaMarkt_konyv04-500x375.png 500w, https:\/\/hir.mediamarkt.hu\/magazin\/wp-content\/uploads\/2019\/06\/MediaMarkt_konyv04.png 786w\" sizes=\"(max-width: 300px) 100vw, 300px\" \/> <img loading=\"lazy\" decoding=\"async\" class=\"alignnone size-medium wp-image-8828\" src=\"https:\/\/hir.mediamarkt.hu\/magazin\/wp-content\/uploads\/2019\/06\/MediaMarkt_konyv04a-300x224.png\" alt=\"\" width=\"300\" height=\"224\" srcset=\"https:\/\/hir.mediamarkt.hu\/magazin\/wp-content\/uploads\/2019\/06\/MediaMarkt_konyv04a-300x224.png 300w, https:\/\/hir.mediamarkt.hu\/magazin\/wp-content\/uploads\/2019\/06\/MediaMarkt_konyv04a-275x205.png 275w, https:\/\/hir.mediamarkt.hu\/magazin\/wp-content\/uploads\/2019\/06\/MediaMarkt_konyv04a-768x574.png 768w, https:\/\/hir.mediamarkt.hu\/magazin\/wp-content\/uploads\/2019\/06\/MediaMarkt_konyv04a-500x375.png 500w, https:\/\/hir.mediamarkt.hu\/magazin\/wp-content\/uploads\/2019\/06\/MediaMarkt_konyv04a.png 786w\" sizes=\"(max-width: 300px) 100vw, 300px\" \/>","protected":false},"excerpt":{"rendered":"Roml\u00f3 sz\u00f6veg\u00e9rt\u00e9s \u00e9s koncentr\u00e1ci\u00f3s k\u00e9pess\u00e9g, egyre megr\u00e1z\u00f3bb helyes\u00edr\u00e1si k\u00e9szs\u00e9g. B\u00e1r a nyelv egy folyamatosan v\u00e1ltoz\u00f3 jelens\u00e9g, a m\u00e1ra egyre komolyabb elkorcsosul\u00e1s\u00e1nak nem csak \u201ceszt\u00e9tikai\u201d k\u00f6vetkezm\u00e9nyei vannak. Mi\u00e9rt fontos, hogy olvasson a gyerek\u00fcnk \u00e9s hogyan tegy\u00fck vonz\u00f3v\u00e1 a k\u00f6nyveket sz\u00e1m\u00e1ra? N\u00e9h\u00e1ny szem\u00e9lyes gondolattal \u00e9s sz\u00e1mos konkr\u00e9t k\u00f6nyvvel k\u00e9sz\u00fclt\u00fcnk a t\u00e9m\u00e1ban!","protected":false},"author":13,"featured_media":8823,"comment_status":"open","ping_status":"open","sticky":false,"template":"","format":"standard","meta":{"wprm-recipe-roundup-name":"","wprm-recipe-roundup-description":"","footnotes":""},"categories":[5963,5967],"tags":[2679,2200,3454,3455,3458,514,1143,2169,2127,2173,2623,3452,3164,2182,1696,3457,3456,3254,3453,2625],"yoast_head":"<!-- This site is optimized with the Yoast SEO plugin v22.9 - https:\/\/yoast.com\/wordpress\/plugins\/seo\/ -->\n<title>Agatha Christie? Rejt\u0151? Salinger? K\u00f6nyvek, amiket a gyerek sem fog ut\u00e1lni a sz\u00fcnid\u0151ben! - MediaMarkt Magazin<\/title>\n<meta name=\"description\" content=\"Mi\u00e9rt fontosabb az olvas\u00e1s puszt\u00e1n az iskolai jegyekn\u00e9l? Hogyan lesz valakib\u0151l &quot;k\u00f6nyvmoly&quot;? Mit adjak a gyerek kez\u00e9be, ha nem szeret ovasni? Mutatjuk!\" \/>\n<meta name=\"robots\" content=\"index, follow, max-snippet:-1, max-image-preview:large, max-video-preview:-1\" \/>\n<link rel=\"canonical\" href=\"https:\/\/hir.mediamarkt.hu\/magazin\/nyar-konyv-gyerek-csalad-tipp-mediamarkt\/\" \/>\n<meta property=\"og:locale\" content=\"hu_HU\" \/>\n<meta property=\"og:type\" content=\"article\" \/>\n<meta property=\"og:title\" content=\"Agatha Christie? Rejt\u0151? Salinger? K\u00f6nyvek, amiket a gyerek sem fog ut\u00e1lni a sz\u00fcnid\u0151ben! - MediaMarkt Magazin\" \/>\n<meta property=\"og:description\" content=\"Mi\u00e9rt fontosabb az olvas\u00e1s puszt\u00e1n az iskolai jegyekn\u00e9l? Hogyan lesz valakib\u0151l &quot;k\u00f6nyvmoly&quot;? Mit adjak a gyerek kez\u00e9be, ha nem szeret ovasni? Mutatjuk!\" \/>\n<meta property=\"og:url\" content=\"https:\/\/hir.mediamarkt.hu\/magazin\/nyar-konyv-gyerek-csalad-tipp-mediamarkt\/\" \/>\n<meta property=\"og:site_name\" content=\"MediaMarkt Magazin\" \/>\n<meta property=\"article:publisher\" content=\"https:\/\/www.facebook.com\/MediaMarktMagyarorszag\" \/>\n<meta property=\"article:published_time\" content=\"2019-06-28T13:00:07+00:00\" \/>\n<meta property=\"article:modified_time\" content=\"2019-06-28T16:15:30+00:00\" \/>\n<meta property=\"og:image\" content=\"https:\/\/hir.mediamarkt.hu\/magazin\/wp-content\/uploads\/2019\/06\/MediaMarkt_konyv05b.jpeg\" \/>\n\t<meta property=\"og:image:width\" content=\"1440\" \/>\n\t<meta property=\"og:image:height\" content=\"961\" \/>\n\t<meta property=\"og:image:type\" content=\"image\/jpeg\" \/>\n<meta name=\"author\" content=\"Media Markt\" \/>\n<meta name=\"twitter:label1\" content=\"Szerz\u0151:\" \/>\n\t<meta name=\"twitter:data1\" content=\"Media Markt\" \/>\n\t<meta name=\"twitter:label2\" content=\"Becs\u00fclt olvas\u00e1si id\u0151\" \/>\n\t<meta name=\"twitter:data2\" content=\"11 perc\" \/>\n<script type=\"application\/ld+json\" class=\"yoast-schema-graph\">{\"@context\":\"https:\/\/schema.org\",\"@graph\":[{\"@type\":\"WebPage\",\"@id\":\"https:\/\/hir.mediamarkt.hu\/magazin\/nyar-konyv-gyerek-csalad-tipp-mediamarkt\/\",\"url\":\"https:\/\/hir.mediamarkt.hu\/magazin\/nyar-konyv-gyerek-csalad-tipp-mediamarkt\/\",\"name\":\"Agatha Christie? Rejt\u0151? Salinger? K\u00f6nyvek, amiket a gyerek sem fog ut\u00e1lni a sz\u00fcnid\u0151ben! - MediaMarkt Magazin\",\"isPartOf\":{\"@id\":\"https:\/\/hir.mediamarkt.hu\/magazin\/#website\"},\"primaryImageOfPage\":{\"@id\":\"https:\/\/hir.mediamarkt.hu\/magazin\/nyar-konyv-gyerek-csalad-tipp-mediamarkt\/#primaryimage\"},\"image\":{\"@id\":\"https:\/\/hir.mediamarkt.hu\/magazin\/nyar-konyv-gyerek-csalad-tipp-mediamarkt\/#primaryimage\"},\"thumbnailUrl\":\"https:\/\/hir.mediamarkt.hu\/magazin\/wp-content\/uploads\/2019\/06\/MediaMarkt_konyv05b.jpeg\",\"datePublished\":\"2019-06-28T13:00:07+00:00\",\"dateModified\":\"2019-06-28T16:15:30+00:00\",\"author\":{\"@id\":\"https:\/\/hir.mediamarkt.hu\/magazin\/#\/schema\/person\/b93b02ec1ab4d2353f8d281e171c1b0b\"},\"description\":\"Mi\u00e9rt fontosabb az olvas\u00e1s puszt\u00e1n az iskolai jegyekn\u00e9l? Hogyan lesz valakib\u0151l \\\"k\u00f6nyvmoly\\\"? Mit adjak a gyerek kez\u00e9be, ha nem szeret ovasni? Mutatjuk!\",\"breadcrumb\":{\"@id\":\"https:\/\/hir.mediamarkt.hu\/magazin\/nyar-konyv-gyerek-csalad-tipp-mediamarkt\/#breadcrumb\"},\"inLanguage\":\"hu\",\"potentialAction\":[{\"@type\":\"ReadAction\",\"target\":[\"https:\/\/hir.mediamarkt.hu\/magazin\/nyar-konyv-gyerek-csalad-tipp-mediamarkt\/\"]}]},{\"@type\":\"ImageObject\",\"inLanguage\":\"hu\",\"@id\":\"https:\/\/hir.mediamarkt.hu\/magazin\/nyar-konyv-gyerek-csalad-tipp-mediamarkt\/#primaryimage\",\"url\":\"https:\/\/hir.mediamarkt.hu\/magazin\/wp-content\/uploads\/2019\/06\/MediaMarkt_konyv05b.jpeg\",\"contentUrl\":\"https:\/\/hir.mediamarkt.hu\/magazin\/wp-content\/uploads\/2019\/06\/MediaMarkt_konyv05b.jpeg\",\"width\":1440,\"height\":961},{\"@type\":\"BreadcrumbList\",\"@id\":\"https:\/\/hir.mediamarkt.hu\/magazin\/nyar-konyv-gyerek-csalad-tipp-mediamarkt\/#breadcrumb\",\"itemListElement\":[{\"@type\":\"ListItem\",\"position\":1,\"name\":\"Kezd\u0151lap\",\"item\":\"https:\/\/hir.mediamarkt.hu\/magazin\/\"},{\"@type\":\"ListItem\",\"position\":2,\"name\":\"Agatha Christie? Rejt\u0151? Salinger? K\u00f6nyvek, amiket a gyerek sem fog ut\u00e1lni a sz\u00fcnid\u0151ben!\"}]},{\"@type\":\"WebSite\",\"@id\":\"https:\/\/hir.mediamarkt.hu\/magazin\/#website\",\"url\":\"https:\/\/hir.mediamarkt.hu\/magazin\/\",\"name\":\"MediaMarkt Magazin\",\"description\":\"Olvass bele magazinunkba!\",\"potentialAction\":[{\"@type\":\"SearchAction\",\"target\":{\"@type\":\"EntryPoint\",\"urlTemplate\":\"https:\/\/hir.mediamarkt.hu\/magazin\/?s={search_term_string}\"},\"query-input\":\"required name=search_term_string\"}],\"inLanguage\":\"hu\"},{\"@type\":\"Person\",\"@id\":\"https:\/\/hir.mediamarkt.hu\/magazin\/#\/schema\/person\/b93b02ec1ab4d2353f8d281e171c1b0b\",\"name\":\"Media Markt\",\"image\":{\"@type\":\"ImageObject\",\"inLanguage\":\"hu\",\"@id\":\"https:\/\/hir.mediamarkt.hu\/magazin\/#\/schema\/person\/image\/\",\"url\":\"https:\/\/secure.gravatar.com\/avatar\/602bccae8998beee472d01909f0978f1?s=96&d=mm&r=g\",\"contentUrl\":\"https:\/\/secure.gravatar.com\/avatar\/602bccae8998beee472d01909f0978f1?s=96&d=mm&r=g\",\"caption\":\"Media Markt\"}}]}<\/script>\n<!-- \/ Yoast SEO plugin. -->","yoast_head_json":{"title":"Agatha Christie? Rejt\u0151? Salinger? K\u00f6nyvek, amiket a gyerek sem fog ut\u00e1lni a sz\u00fcnid\u0151ben! - MediaMarkt Magazin","description":"Mi\u00e9rt fontosabb az olvas\u00e1s puszt\u00e1n az iskolai jegyekn\u00e9l? Hogyan lesz valakib\u0151l \"k\u00f6nyvmoly\"? Mit adjak a gyerek kez\u00e9be, ha nem szeret ovasni? Mutatjuk!","robots":{"index":"index","follow":"follow","max-snippet":"max-snippet:-1","max-image-preview":"max-image-preview:large","max-video-preview":"max-video-preview:-1"},"canonical":"https:\/\/hir.mediamarkt.hu\/magazin\/nyar-konyv-gyerek-csalad-tipp-mediamarkt\/","og_locale":"hu_HU","og_type":"article","og_title":"Agatha Christie? Rejt\u0151? Salinger? K\u00f6nyvek, amiket a gyerek sem fog ut\u00e1lni a sz\u00fcnid\u0151ben! - MediaMarkt Magazin","og_description":"Mi\u00e9rt fontosabb az olvas\u00e1s puszt\u00e1n az iskolai jegyekn\u00e9l? Hogyan lesz valakib\u0151l \"k\u00f6nyvmoly\"? Mit adjak a gyerek kez\u00e9be, ha nem szeret ovasni? Mutatjuk!","og_url":"https:\/\/hir.mediamarkt.hu\/magazin\/nyar-konyv-gyerek-csalad-tipp-mediamarkt\/","og_site_name":"MediaMarkt Magazin","article_publisher":"https:\/\/www.facebook.com\/MediaMarktMagyarorszag","article_published_time":"2019-06-28T13:00:07+00:00","article_modified_time":"2019-06-28T16:15:30+00:00","og_image":[{"width":1440,"height":961,"url":"https:\/\/hir.mediamarkt.hu\/magazin\/wp-content\/uploads\/2019\/06\/MediaMarkt_konyv05b.jpeg","type":"image\/jpeg"}],"author":"Media Markt","twitter_misc":{"Szerz\u0151:":"Media Markt","Becs\u00fclt olvas\u00e1si id\u0151":"11 perc"},"schema":{"@context":"https:\/\/schema.org","@graph":[{"@type":"WebPage","@id":"https:\/\/hir.mediamarkt.hu\/magazin\/nyar-konyv-gyerek-csalad-tipp-mediamarkt\/","url":"https:\/\/hir.mediamarkt.hu\/magazin\/nyar-konyv-gyerek-csalad-tipp-mediamarkt\/","name":"Agatha Christie? Rejt\u0151? Salinger? K\u00f6nyvek, amiket a gyerek sem fog ut\u00e1lni a sz\u00fcnid\u0151ben! - MediaMarkt Magazin","isPartOf":{"@id":"https:\/\/hir.mediamarkt.hu\/magazin\/#website"},"primaryImageOfPage":{"@id":"https:\/\/hir.mediamarkt.hu\/magazin\/nyar-konyv-gyerek-csalad-tipp-mediamarkt\/#primaryimage"},"image":{"@id":"https:\/\/hir.mediamarkt.hu\/magazin\/nyar-konyv-gyerek-csalad-tipp-mediamarkt\/#primaryimage"},"thumbnailUrl":"https:\/\/hir.mediamarkt.hu\/magazin\/wp-content\/uploads\/2019\/06\/MediaMarkt_konyv05b.jpeg","datePublished":"2019-06-28T13:00:07+00:00","dateModified":"2019-06-28T16:15:30+00:00","author":{"@id":"https:\/\/hir.mediamarkt.hu\/magazin\/#\/schema\/person\/b93b02ec1ab4d2353f8d281e171c1b0b"},"description":"Mi\u00e9rt fontosabb az olvas\u00e1s puszt\u00e1n az iskolai jegyekn\u00e9l? Hogyan lesz valakib\u0151l \"k\u00f6nyvmoly\"? Mit adjak a gyerek kez\u00e9be, ha nem szeret ovasni? Mutatjuk!","breadcrumb":{"@id":"https:\/\/hir.mediamarkt.hu\/magazin\/nyar-konyv-gyerek-csalad-tipp-mediamarkt\/#breadcrumb"},"inLanguage":"hu","potentialAction":[{"@type":"ReadAction","target":["https:\/\/hir.mediamarkt.hu\/magazin\/nyar-konyv-gyerek-csalad-tipp-mediamarkt\/"]}]},{"@type":"ImageObject","inLanguage":"hu","@id":"https:\/\/hir.mediamarkt.hu\/magazin\/nyar-konyv-gyerek-csalad-tipp-mediamarkt\/#primaryimage","url":"https:\/\/hir.mediamarkt.hu\/magazin\/wp-content\/uploads\/2019\/06\/MediaMarkt_konyv05b.jpeg","contentUrl":"https:\/\/hir.mediamarkt.hu\/magazin\/wp-content\/uploads\/2019\/06\/MediaMarkt_konyv05b.jpeg","width":1440,"height":961},{"@type":"BreadcrumbList","@id":"https:\/\/hir.mediamarkt.hu\/magazin\/nyar-konyv-gyerek-csalad-tipp-mediamarkt\/#breadcrumb","itemListElement":[{"@type":"ListItem","position":1,"name":"Kezd\u0151lap","item":"https:\/\/hir.mediamarkt.hu\/magazin\/"},{"@type":"ListItem","position":2,"name":"Agatha Christie? Rejt\u0151? Salinger? K\u00f6nyvek, amiket a gyerek sem fog ut\u00e1lni a sz\u00fcnid\u0151ben!"}]},{"@type":"WebSite","@id":"https:\/\/hir.mediamarkt.hu\/magazin\/#website","url":"https:\/\/hir.mediamarkt.hu\/magazin\/","name":"MediaMarkt Magazin","description":"Olvass bele magazinunkba!","potentialAction":[{"@type":"SearchAction","target":{"@type":"EntryPoint","urlTemplate":"https:\/\/hir.mediamarkt.hu\/magazin\/?s={search_term_string}"},"query-input":"required name=search_term_string"}],"inLanguage":"hu"},{"@type":"Person","@id":"https:\/\/hir.mediamarkt.hu\/magazin\/#\/schema\/person\/b93b02ec1ab4d2353f8d281e171c1b0b","name":"Media Markt","image":{"@type":"ImageObject","inLanguage":"hu","@id":"https:\/\/hir.mediamarkt.hu\/magazin\/#\/schema\/person\/image\/","url":"https:\/\/secure.gravatar.com\/avatar\/602bccae8998beee472d01909f0978f1?s=96&d=mm&r=g","contentUrl":"https:\/\/secure.gravatar.com\/avatar\/602bccae8998beee472d01909f0978f1?s=96&d=mm&r=g","caption":"Media Markt"}}]}},"_links":{"self":[{"href":"https:\/\/hir.mediamarkt.hu\/magazin\/wp-json\/wp\/v2\/posts\/8819"}],"collection":[{"href":"https:\/\/hir.mediamarkt.hu\/magazin\/wp-json\/wp\/v2\/posts"}],"about":[{"href":"https:\/\/hir.mediamarkt.hu\/magazin\/wp-json\/wp\/v2\/types\/post"}],"author":[{"embeddable":true,"href":"https:\/\/hir.mediamarkt.hu\/magazin\/wp-json\/wp\/v2\/users\/13"}],"replies":[{"embeddable":true,"href":"https:\/\/hir.mediamarkt.hu\/magazin\/wp-json\/wp\/v2\/comments?post=8819"}],"version-history":[{"count":5,"href":"https:\/\/hir.mediamarkt.hu\/magazin\/wp-json\/wp\/v2\/posts\/8819\/revisions"}],"predecessor-version":[{"id":8858,"href":"https:\/\/hir.mediamarkt.hu\/magazin\/wp-json\/wp\/v2\/posts\/8819\/revisions\/8858"}],"wp:featuredmedia":[{"embeddable":true,"href":"https:\/\/hir.mediamarkt.hu\/magazin\/wp-json\/wp\/v2\/media\/8823"}],"wp:attachment":[{"href":"https:\/\/hir.mediamarkt.hu\/magazin\/wp-json\/wp\/v2\/media?parent=8819"}],"wp:term":[{"taxonomy":"category","embeddable":true,"href":"https:\/\/hir.mediamarkt.hu\/magazin\/wp-json\/wp\/v2\/categories?post=8819"},{"taxonomy":"post_tag","embeddable":true,"href":"https:\/\/hir.mediamarkt.hu\/magazin\/wp-json\/wp\/v2\/tags?post=8819"}],"curies":[{"name":"wp","href":"https:\/\/api.w.org\/{rel}","templated":true}]}}