{"id":8893,"date":"2019-06-29T10:57:00","date_gmt":"2019-06-29T09:57:00","guid":{"rendered":"http:\/\/hir.mediamarkt.hu\/magazin\/?p=8893"},"modified":"2019-06-29T10:57:00","modified_gmt":"2019-06-29T09:57:00","slug":"okoskeszulek-fuggoseg-nelkuli-csaladi-nyaralas-a-mediamarkttal-nem-csak-kicsiknek","status":"publish","type":"post","link":"https:\/\/hir.mediamarkt.hu\/magazin\/okoskeszulek-fuggoseg-nelkuli-csaladi-nyaralas-a-mediamarkttal-nem-csak-kicsiknek\/","title":{"rendered":"Okosk\u00e9sz\u00fcl\u00e9k f\u00fcgg\u0151s\u00e9g n\u00e9lk\u00fcli csal\u00e1di nyaral\u00e1s a MediaMarkttal. Nem csak kicsiknek!"},"content":{"rendered":"<b>B\u00e1r a legt\u00f6bbsz\u00f6r arra szeret\u00fcnk panaszkodni, hogy a gyerekek nem tudnak meglenni az okostelefonok, tabletek \u00e9s t\u00e1rsaik n\u00e9lk\u00fcl, az okosk\u00e9sz\u00fcl\u00e9keken val\u00f3 cs\u00fcng\u00e9s a feln\u0151tteket is j\u00f3csk\u00e1n \u00e9rinti. Mi az, amit \u00e9rdemes haszn\u00e1lni? Hogyan minimaliz\u00e1lhat\u00f3 a k\u00fcty\u00fc nyomkod\u00e1s? Mi az, amire val\u00f3j\u00e1ban nincs sz\u00fcks\u00e9g\u00fcnk vagy kiv\u00e1lthat\u00f3 m\u00e1ssal? \u00cdgy tal\u00e1ljatok vissza egym\u00e1shoz ezen a ny\u00e1ron, an\u00e9lk\u00fcl, hogy szenvedn\u00e9tek!<\/b><!--more-->\r\n\r\n&nbsp;\r\n<h2><b>\u201cNincs wifi, besz\u00e9lgessetek!\u201d<\/b><\/h2>\r\n&nbsp;\r\n\r\n<span style=\"font-weight: 400\"><img loading=\"lazy\" decoding=\"async\" class=\"size-medium wp-image-8900 alignleft\" src=\"https:\/\/hir.mediamarkt.hu\/magazin\/wp-content\/uploads\/2019\/06\/MediaMarkt_nyaralas06-300x200.jpeg\" alt=\"\" width=\"300\" height=\"200\" srcset=\"https:\/\/hir.mediamarkt.hu\/magazin\/wp-content\/uploads\/2019\/06\/MediaMarkt_nyaralas06-300x200.jpeg 300w, https:\/\/hir.mediamarkt.hu\/magazin\/wp-content\/uploads\/2019\/06\/MediaMarkt_nyaralas06-275x184.jpeg 275w, https:\/\/hir.mediamarkt.hu\/magazin\/wp-content\/uploads\/2019\/06\/MediaMarkt_nyaralas06-768x513.jpeg 768w, https:\/\/hir.mediamarkt.hu\/magazin\/wp-content\/uploads\/2019\/06\/MediaMarkt_nyaralas06-1024x684.jpeg 1024w, https:\/\/hir.mediamarkt.hu\/magazin\/wp-content\/uploads\/2019\/06\/MediaMarkt_nyaralas06.jpeg 1440w\" sizes=\"(max-width: 300px) 100vw, 300px\" \/>Lassan egyre t\u00f6bb helyen l\u00e1tni hasonl\u00f3 feliratot. \u00c9ttermek, b\u00e1rok kezdik bevezetni a szok\u00e1st, hogy nem biztos\u00edtanak hot spotokat az okosk\u00e9sz\u00fcl\u00e9kek tulajdonosainak. Nem s\u00f3hers\u00e9gb\u0151l, hanem nevel\u00e9si c\u00e9lzattal. Persze az okostelefonokhoz j\u00e1r\u00f3 korl\u00e1tlan net csomagok \u00e9s a roaming t\u00f6rv\u00e9ny kor\u00e1ban ez m\u00e1r szinte csak gesztus. Mindenesetre fontos felh\u00edv\u00e1s mindenki sz\u00e1m\u00e1ra. Lassan m\u00e1r a romantikus vacsoraasztalok mellett is f\u00e9nyl\u0151 kijelz\u0151kbe felejtkez\u0151 p\u00e1rokat l\u00e1tni. R\u00e9gen &#8211; amikor ugye minden jobb volt &#8211; m\u00e9g egym\u00e1s csillog\u00f3 szem\u00e9be mer\u00fclt\u00fcnk el.\u00a0<\/span>\r\n\r\n&nbsp;\r\n\r\n&nbsp;\r\n\r\n<span style=\"font-weight: 400\">A minket k\u00f6r\u00fclvev\u0151 technol\u00f3gia hasznos \u00e9s j\u00f3. De m\u00e9g nem tanultunk meg b\u00e1nni vele. R\u00e1ad\u00e1sul egy\u00e9rtelm\u0171 jelei mutatkoznak a f\u00fcgg\u0151s\u00e9gnek. Ideges \u00e9s s\u00e9rt\u0151d\u00f6tt tinik, unatkoz\u00f3 gyerekek, \u00f6sszekap\u00f3 p\u00e1rok. Ez m\u00e1r az okosk\u00e9sz\u00fcl\u00e9kek el\u0151tt is norm\u00e1lis jelens\u00e9g volt, a probl\u00e9m\u00e1t azonban igyekezett mindenki csal\u00e1don bel\u00fcl, \u00f6ner\u0151b\u0151l megoldani. A s\u00edr\u00f3 gyerek kez\u00e9be nyomott villog\u00f3 k\u00fcty\u00fck nem hogy nem cs\u00f6kkentik a szorong\u00e1st \u00e9s bizonytalans\u00e1got, de egyre elveszettebb\u00e9 teszik a kicsiket. A figyelem, amit n\u00e9ha t\u00e9nyleg hal\u00e1losan ideges\u00edt\u0151 hisztivel pr\u00f3b\u00e1lnak kiv\u00edvni, nem p\u00f3tolhat\u00f3 egy j\u00e1t\u00e9kkal, egy mes\u00e9vel. Ha gyereket akartunk, vagy gyerek\u00fcnk lett, v\u00e1llaljuk az ezzel j\u00e1r\u00f3 felel\u0151ss\u00e9get \u00e9s feladatokat. Ne szervezz\u00fck ki a robotok \u00e9s okosk\u00e9sz\u00fcl\u00e9kek \u00e1ltal elv\u00e9gezhetetlen munk\u00e1t a berendez\u00e9seink sz\u00e1m\u00e1ra. Szeretni ugyanis (m\u00e9g) nem tudnak!<\/span>\r\n\r\n&nbsp;\r\n<h2><b>Biztos, hogy ennyire f\u00fcggenem kell a technol\u00f3gi\u00e1t\u00f3l?<\/b><\/h2>\r\n&nbsp;\r\n\r\n<span style=\"font-weight: 400\"><img loading=\"lazy\" decoding=\"async\" class=\"size-medium wp-image-8896 alignleft\" src=\"https:\/\/hir.mediamarkt.hu\/magazin\/wp-content\/uploads\/2019\/06\/MediaMarkt_nyaralas02-300x200.jpeg\" alt=\"\" width=\"300\" height=\"200\" srcset=\"https:\/\/hir.mediamarkt.hu\/magazin\/wp-content\/uploads\/2019\/06\/MediaMarkt_nyaralas02-300x200.jpeg 300w, https:\/\/hir.mediamarkt.hu\/magazin\/wp-content\/uploads\/2019\/06\/MediaMarkt_nyaralas02-275x183.jpeg 275w, https:\/\/hir.mediamarkt.hu\/magazin\/wp-content\/uploads\/2019\/06\/MediaMarkt_nyaralas02-768x512.jpeg 768w, https:\/\/hir.mediamarkt.hu\/magazin\/wp-content\/uploads\/2019\/06\/MediaMarkt_nyaralas02-1024x682.jpeg 1024w, https:\/\/hir.mediamarkt.hu\/magazin\/wp-content\/uploads\/2019\/06\/MediaMarkt_nyaralas02.jpeg 1440w\" sizes=\"(max-width: 300px) 100vw, 300px\" \/>Lassan m\u00e1r \u00e9ttermet sem mer\u00fcnk v\u00e1lasztani appok n\u00e9lk\u00fcl, a k\u00f6zleked\u00e9si menetrendeket szinte percenk\u00e9nt friss\u00edtj\u00fck, a j\u00f3l ismert \u00fatvonalakat sem tudjuk megtenni GPS n\u00e9lk\u00fcl. Ha nem tudjuk, h\u00e1nyat l\u00e9pt\u00fcnk, \u00f6sszezavarodunk, csendben pedig m\u00e1r nem b\u00edrunk megmaradni, mert valami nyomaszt\u00f3 \u00e9rz\u00e9s fog el minket a gondolataink kapcs\u00e1n. Nos, b\u00e1r mindez szigor\u00faan hangzik, biztos, hogy van benne igazs\u00e1g. M\u00edg r\u00e9gen el\u0151re fel\u00edrtunk, s\u0151t, megjegyezt\u00fcnk dolgokat (indul\u00e1si id\u0151t, \u00e1tsz\u00e1ll\u00e1st, c\u00edmet, t\u00fara \u00fatvonalat), addig m\u00e1ra percenk\u00e9nt ellen\u0151rizgetj\u00fck az okosk\u00e9sz\u00fcl\u00e9keinken, hogy minden rendben van-e. Jobban b\u00edzunk benn\u00fck, mint a saj\u00e1t tud\u00e1sunkban. Ennek van helye \u00e9s ideje, de a teljes agyi nem vezet semmi j\u00f3ra. A k\u00e9sz\u00fcl\u00e9kek r\u00e1ad\u00e1sul lemer\u00fclhetnek, elromolhatnak, elveszhetnek, ne adj isten, ellophatj\u00e1k!<\/span>\r\n\r\n&nbsp;\r\n<h2><b>H\u00edr \u00e9s like \u00e9hs\u00e9g&#8230;<\/b><\/h2>\r\n&nbsp;\r\n\r\n<span style=\"font-weight: 400\"><img loading=\"lazy\" decoding=\"async\" class=\"size-medium wp-image-8898 alignleft\" src=\"https:\/\/hir.mediamarkt.hu\/magazin\/wp-content\/uploads\/2019\/06\/MediaMarkt_nyaralas04-300x200.jpeg\" alt=\"\" width=\"300\" height=\"200\" srcset=\"https:\/\/hir.mediamarkt.hu\/magazin\/wp-content\/uploads\/2019\/06\/MediaMarkt_nyaralas04-300x200.jpeg 300w, https:\/\/hir.mediamarkt.hu\/magazin\/wp-content\/uploads\/2019\/06\/MediaMarkt_nyaralas04-275x183.jpeg 275w, https:\/\/hir.mediamarkt.hu\/magazin\/wp-content\/uploads\/2019\/06\/MediaMarkt_nyaralas04-768x512.jpeg 768w, https:\/\/hir.mediamarkt.hu\/magazin\/wp-content\/uploads\/2019\/06\/MediaMarkt_nyaralas04-1024x682.jpeg 1024w, https:\/\/hir.mediamarkt.hu\/magazin\/wp-content\/uploads\/2019\/06\/MediaMarkt_nyaralas04.jpeg 1440w\" sizes=\"(max-width: 300px) 100vw, 300px\" \/>Az egy\u00e9bk\u00e9nt hasznos inform\u00e1ci\u00f3k mellett pedig h\u00edr \u00e9s visszajelz\u00e9s f\u00fcgg\u0151kk\u00e9 v\u00e1ltunk. Folyamatosan friss\u00fclnek a h\u00edrfolyamaink, less\u00fck a like-okat a mesters\u00e9gesen be\u00e1ll\u00edtott, n\u00e9ha f\u00e9l \u00f3r\u00e1ig kompon\u00e1lt idilli pillanatokr\u00f3l, hogy ut\u00e1na se arra figyelj\u00fcnk, hol is vagyunk, mit csin\u00e1lunk. A kifel\u00e9 mutatott p\u00f3zok m\u00f6g\u00f6tt r\u00e1ad\u00e1sul sokszor hamis tartalom \u00e1ll. Nem csak az agyon filterezett \u00e9s manipul\u00e1lt k\u00e9pek, de a hivatalosan egy\u00fctt t\u00f6lt\u00f6tt id\u0151 alatti mag\u00e1ny sem j\u00f6n \u00e1t a fot\u00f3kon. Vajon mi\u00e9rt fontosabb, hogy mindenki tudja, milyen j\u00f3 nek\u00fcnk ann\u00e1l, hogy mi azt \u00e9rezn\u00e9nk: h\u0171, t\u00e9nyleg j\u00f3 nek\u00fcnk! Az itt \u00e9s most meg\u00e9l\u00e9se egyre nagyobb neh\u00e9zs\u00e9get okoz, err\u0151l sz\u00e1mos pszichol\u00f3gus \u00e9s terapeuta szakember besz\u00e1molt m\u00e1r a m\u00e9di\u00e1ban. Nem b\u00edrunk jelen lenni egy koncerten, fontosabb, hogy felvegy\u00fcnk egy remeg\u0151, rossz min\u0151s\u00e9g\u0171 vide\u00f3t \u00e9s azonnal feltoljuk a k\u00f6z\u00f6ss\u00e9gi oldalakra. Ahelyett, hogy \u00e1tadn\u00e1nk magunkat a zen\u00e9nek, amire az \u00e9l\u0151 performanszok egy\u00e9bk\u00e9nt szolg\u00e1lnak.<\/span>\r\n\r\n<span style=\"font-weight: 400\">Persze neh\u00e9z a divatnak ellen\u00e1llni, sokan \u00fagy \u00e9rzik, ha nem akt\u00edvak el\u00e9gg\u00e9 a k\u00f6z\u00f6ss\u00e9gi m\u00e9di\u00e1ban, kv\u00e1zi lemaradnak valamir\u0151l. A hamis &#8211; nem a val\u00f3s\u00e1got \u00e9rint\u0151 &#8211; visszajelz\u00e9sek n\u00e9lk\u00fcl (legyen az pozit\u00edv vagy negat\u00edv) pedig elveszettnek \u00e9rzik magukat. Az okoseszk\u00f6z\u00f6k vil\u00e1g\u00e1ban nem k\u00f6nny\u0171 egyens\u00falyban maradni \u00f6nmagunkkal, az emberi pszich\u00e9vel \u00e9s a vil\u00e1ggal. De nem lehetetlen!<\/span>\r\n\r\n&nbsp;\r\n<h2><b>Mit \u00e9rdemes elhagyni?<\/b><\/h2>\r\n&nbsp;\r\n\r\n<span style=\"font-weight: 400\"><img loading=\"lazy\" decoding=\"async\" class=\"size-medium wp-image-8895 alignleft\" src=\"https:\/\/hir.mediamarkt.hu\/magazin\/wp-content\/uploads\/2019\/06\/MediaMarkt_nyaralas01-300x196.jpeg\" alt=\"\" width=\"300\" height=\"196\" srcset=\"https:\/\/hir.mediamarkt.hu\/magazin\/wp-content\/uploads\/2019\/06\/MediaMarkt_nyaralas01-300x196.jpeg 300w, https:\/\/hir.mediamarkt.hu\/magazin\/wp-content\/uploads\/2019\/06\/MediaMarkt_nyaralas01-275x180.jpeg 275w, https:\/\/hir.mediamarkt.hu\/magazin\/wp-content\/uploads\/2019\/06\/MediaMarkt_nyaralas01-768x502.jpeg 768w, https:\/\/hir.mediamarkt.hu\/magazin\/wp-content\/uploads\/2019\/06\/MediaMarkt_nyaralas01-1024x669.jpeg 1024w, https:\/\/hir.mediamarkt.hu\/magazin\/wp-content\/uploads\/2019\/06\/MediaMarkt_nyaralas01.jpeg 1440w\" sizes=\"(max-width: 300px) 100vw, 300px\" \/>Mindent, amit az agyunkkal, esetleg egy darab pap\u00edrral kiv\u00e1lthatunk. Persze ez nem azt jelenti, ne haszn\u00e1ljuk soha t\u00f6bb\u00e9 okoseszk\u00f6zeinket. Csak annyit jelent, hogy mondjuk egy nyaral\u00e1son, a k\u00f6z\u00f6s egy\u00fcttl\u00e9teken, a strandon, az esti s\u00fct\u00f6get\u00e9sn\u00e9l ne vegy\u00fcnk k\u00e9zbe mindazt, ami nem \u00e9letbev\u00e1g\u00f3. Aut\u00f3soknak, kir\u00e1ndul\u00f3knak, nagy utaz\u00f3knak egy\u00e9bk\u00e9nt izgalmas t\u00faranavig\u00e1ci\u00f3s eszk\u00f6z\u00f6k is rendelkez\u00e9sre \u00e1llnak. Ezek seg\u00edtenek a biztons\u00e1gos t\u00e1j\u00e9koz\u00f3d\u00e1sban, de &#8211; t\u00f6bbs\u00e9g\u00fckben &#8211; nem ingerelnek a h\u00edrek \u00e9s \u00fczenetek elolvas\u00e1s\u00e1ra.\u00a0<\/span>\r\n\r\n<span style=\"font-weight: 400\">Ha az olvas\u00e1sra szavazunk, a k\u00f6nyvek mellett e-book olvas\u00f3kat is bevethet\u00fcnk. V\u00e1lasszuk ink\u00e1bb ezt, mint a tabletet, okostelefont! Zenehallgat\u00e1sra kiv\u00e1l\u00f3 mp3 lej\u00e1tsz\u00f3k szerezhet\u0151k be, \u00edgy ism\u00e9t nincs az a vesz\u00e9ly, hogy a telefonr\u00f3l lej\u00e1tszott sz\u00e1mok miatt id\u0151nk\u00e9nt \u201cfelugrunk\u201d a netre.\u00a0<\/span>\r\n\r\n&nbsp;\r\n<h2><b>Mit \u00e9rdemes haszn\u00e1lni?<\/b><\/h2>\r\n&nbsp;\r\n\r\n<span style=\"font-weight: 400\"><img loading=\"lazy\" decoding=\"async\" class=\"size-medium wp-image-8902 alignleft\" src=\"https:\/\/hir.mediamarkt.hu\/magazin\/wp-content\/uploads\/2019\/06\/MediaMarkt_nyaralas08-300x200.jpeg\" alt=\"\" width=\"300\" height=\"200\" srcset=\"https:\/\/hir.mediamarkt.hu\/magazin\/wp-content\/uploads\/2019\/06\/MediaMarkt_nyaralas08-300x200.jpeg 300w, https:\/\/hir.mediamarkt.hu\/magazin\/wp-content\/uploads\/2019\/06\/MediaMarkt_nyaralas08-275x183.jpeg 275w, https:\/\/hir.mediamarkt.hu\/magazin\/wp-content\/uploads\/2019\/06\/MediaMarkt_nyaralas08-768x512.jpeg 768w, https:\/\/hir.mediamarkt.hu\/magazin\/wp-content\/uploads\/2019\/06\/MediaMarkt_nyaralas08-1024x682.jpeg 1024w, https:\/\/hir.mediamarkt.hu\/magazin\/wp-content\/uploads\/2019\/06\/MediaMarkt_nyaralas08.jpeg 1440w\" sizes=\"(max-width: 300px) 100vw, 300px\" \/>A vezet\u00e9k n\u00e9lk\u00fcli, bluetooth eszk\u00f6z\u00f6k haszn\u00e1lat\u00e1val k\u00e9nyelmesebb lehet a pihen\u00e9s. A sport f\u00fclhallgat\u00f3kkal nem zavarjuk a k\u00f6rnyezet\u00fcnket sem. Elszigeteltebb esetben, kerti mulats\u00e1gokon a hordozhat\u00f3 hangfalak emelhetik a hangulatot. Strandon azonban fokozottan k\u00e9rj\u00fck, ne zavarjuk m\u00e1sok nyugalm\u00e1t a magunk \u00edzl\u00e9s\u00e9vel \u00e9s d\u00f6nt\u00e9s\u00e9vel! A v\u00edz\u00e1ll\u00f3 k\u00e9sz\u00fcl\u00e9kek sor\u00e1ban a kamer\u00e1k \u00e9s f\u00e9nyk\u00e9pez\u0151g\u00e9pek kellemes eml\u00e9kek r\u00f6gz\u00edt\u00e9s\u00e9t teszik lehet\u0151v\u00e9. Mindenki szeret fot\u00f3kat elmenteni. Az term\u00e9szetes. A k\u00e9pek elk\u00e9sz\u00fclte ut\u00e1n azonban tov\u00e1bb l\u00e9phet\u00fcnk \u00e9s folytathatjuk az &#8222;itt \u00e9s mostban&#8221; val\u00f3 sz\u00f3rakoz\u00e1st!<\/span>\r\n\r\n<span style=\"font-weight: 400\">Este mes\u00e9lj\u00fcnk mi a tablet helyett, nevess\u00fcnk egy\u00fctt a r\u00e9gi t\u00f6rt\u00e9neteken, vonjuk be az eg\u00e9sz csal\u00e1dot, a bar\u00e1tokat a k\u00f6z\u00f6s \u00e9lm\u00e9nybe! A k\u00f6z\u00f6s f\u0151z\u00e9s, zen\u00e9l\u00e9s, t\u00e1rsasoz\u00e1s r\u00e9gim\u00f3dinak t\u0171nhet. Az ezekb\u0151l fakad\u00f3 \u00e9rzelmi kapcsok azonban felbecs\u00fclhetetlen \u00e9rt\u00e9k\u0171ek. Ha kiegyens\u00falyozottan t\u00e9r\u00fcnk vissza a nyaral\u00e1sb\u00f3l a munka \u00e9s iskola vil\u00e1g\u00e1ba, tov\u00e1bb b\u00edrjuk er\u0151vel a kih\u00edv\u00e1sokat, neh\u00e9zs\u00e9geket. A j\u00f3 kedv\u00fcnk pedig m\u00e1sokra is r\u00e1ragadhat. H\u00e1t nem jobb \u00edgy hatni a vil\u00e1gra, mint egy duck face fot\u00f3val\u2026?<\/span>\r\n\r\n&nbsp;\r\n<h2><strong>Kapcsol\u00f3d\u00f3 cikkeink, amelyek tov\u00e1bbi seg\u00edts\u00e9get ny\u00fajthatnak a kellemes \u00e9s biztons\u00e1gos nyaral\u00e1s \u00e9s kikapcsol\u00f3d\u00e1s kapcs\u00e1n:\u00a0<\/strong><\/h2>\r\n&nbsp;\r\n\r\n<a href=\"https:\/\/hir.mediamarkt.hu\/magazin\/magyarorszag-turanavigacio-eszkoz-mediamarkt-tipp\/\"><span style=\"font-weight: 400\">FEDEZD FEL MAGYARORSZ\u00c1GOT A T\u00daRANAVIG\u00c1CI\u00d3S TECHNOL\u00d3GIA SEG\u00cdTS\u00c9G\u00c9VEL!<\/span><\/a>\r\n\r\n<a href=\"https:\/\/hir.mediamarkt.hu\/magazin\/hova-mikor-mire-mivel-2019-ben-is-fesztival-nagyhatalom-magyarorszag\/\"><span style=\"font-weight: 400\">HOVA, MIKOR, MIRE, MIVEL? 2019-BEN IS FESZTIV\u00c1L NAGYHATALOM MAGYARORSZ\u00c1G!<\/span><\/a>\r\n\r\n<a href=\"https:\/\/hir.mediamarkt.hu\/magazin\/nyar-konyv-gyerek-csalad-tipp-mediamarkt\/\"><span style=\"font-weight: 400\">AGATHA CHRISTIE? REJT\u0150? SALINGER? K\u00d6NYVEK, AMIKET A GYEREK SEM FOG UT\u00c1LNI A SZ\u00dcNID\u0150BEN!<\/span><\/a>\r\n\r\n<a href=\"https:\/\/hir.mediamarkt.hu\/magazin\/hivatalosan-is-szunyoginvazio-van-na-de-mi-a-teendo-sos-mediamarkt-tippek\/\"><span style=\"font-weight: 400\">HIVATALOSAN IS SZ\u00daNYOGINV\u00c1ZI\u00d3 VAN: NA DE MI A TEEND\u0150? SOS MEDIAMARKT TIPPEK!<\/span><\/a>\r\n\r\n<img loading=\"lazy\" decoding=\"async\" class=\"alignnone size-medium wp-image-8897\" src=\"https:\/\/hir.mediamarkt.hu\/magazin\/wp-content\/uploads\/2019\/06\/MediaMarkt_nyaralas03-300x200.jpeg\" alt=\"\" width=\"300\" height=\"200\" srcset=\"https:\/\/hir.mediamarkt.hu\/magazin\/wp-content\/uploads\/2019\/06\/MediaMarkt_nyaralas03-300x200.jpeg 300w, https:\/\/hir.mediamarkt.hu\/magazin\/wp-content\/uploads\/2019\/06\/MediaMarkt_nyaralas03-275x183.jpeg 275w, https:\/\/hir.mediamarkt.hu\/magazin\/wp-content\/uploads\/2019\/06\/MediaMarkt_nyaralas03-768x512.jpeg 768w, https:\/\/hir.mediamarkt.hu\/magazin\/wp-content\/uploads\/2019\/06\/MediaMarkt_nyaralas03-1024x682.jpeg 1024w, https:\/\/hir.mediamarkt.hu\/magazin\/wp-content\/uploads\/2019\/06\/MediaMarkt_nyaralas03.jpeg 1440w\" sizes=\"(max-width: 300px) 100vw, 300px\" \/>","protected":false},"excerpt":{"rendered":"B\u00e1r a legt\u00f6bbsz\u00f6r arra szeret\u00fcnk panaszkodni, hogy a gyerekek nem tudnak meglenni az okostelefonok, tabletek \u00e9s t\u00e1rsaik n\u00e9lk\u00fcl, az okosk\u00e9sz\u00fcl\u00e9keken val\u00f3 cs\u00fcng\u00e9s a feln\u0151tteket is j\u00f3csk\u00e1n \u00e9rinti. Mi az, amit \u00e9rdemes haszn\u00e1lni? Hogyan minimaliz\u00e1lhat\u00f3 a k\u00fcty\u00fc nyomkod\u00e1s? Mi az, amire val\u00f3j\u00e1ban nincs sz\u00fcks\u00e9g\u00fcnk vagy kiv\u00e1lthat\u00f3 m\u00e1ssal? \u00cdgy tal\u00e1ljatok vissza egym\u00e1shoz ezen a ny\u00e1ron, an\u00e9lk\u00fcl, hogy szenvedn\u00e9tek!","protected":false},"author":13,"featured_media":8899,"comment_status":"open","ping_status":"open","sticky":false,"template":"","format":"standard","meta":{"wprm-recipe-roundup-name":"","wprm-recipe-roundup-description":"","footnotes":""},"categories":[5967],"tags":[162,108,2200,3474,400,2180,279,435,514,260,2169,2155,40,2127,2173,2681,281,2823,2623,3075,170,2237,1840,154,297,846,3459,94],"yoast_head":"<!-- This site is optimized with the Yoast SEO plugin v22.9 - https:\/\/yoast.com\/wordpress\/plugins\/seo\/ -->\n<title>Okosk\u00e9sz\u00fcl\u00e9k f\u00fcgg\u0151s\u00e9g n\u00e9lk\u00fcli csal\u00e1di nyaral\u00e1s a MediaMarkttal. Nem csak kicsiknek! - MediaMarkt Magazin<\/title>\n<meta name=\"robots\" content=\"index, follow, max-snippet:-1, max-image-preview:large, max-video-preview:-1\" \/>\n<link rel=\"canonical\" href=\"https:\/\/hir.mediamarkt.hu\/magazin\/okoskeszulek-fuggoseg-nelkuli-csaladi-nyaralas-a-mediamarkttal-nem-csak-kicsiknek\/\" \/>\n<meta property=\"og:locale\" content=\"hu_HU\" \/>\n<meta property=\"og:type\" content=\"article\" \/>\n<meta property=\"og:title\" content=\"Okosk\u00e9sz\u00fcl\u00e9k f\u00fcgg\u0151s\u00e9g n\u00e9lk\u00fcli csal\u00e1di nyaral\u00e1s a MediaMarkttal. Nem csak kicsiknek! - MediaMarkt Magazin\" \/>\n<meta property=\"og:description\" content=\"B\u00e1r a legt\u00f6bbsz\u00f6r arra szeret\u00fcnk panaszkodni, hogy a gyerekek nem tudnak meglenni az okostelefonok, tabletek \u00e9s t\u00e1rsaik n\u00e9lk\u00fcl, az okosk\u00e9sz\u00fcl\u00e9keken val\u00f3 cs\u00fcng\u00e9s a feln\u0151tteket is j\u00f3csk\u00e1n \u00e9rinti. Mi az, amit \u00e9rdemes haszn\u00e1lni? Hogyan minimaliz\u00e1lhat\u00f3 a k\u00fcty\u00fc nyomkod\u00e1s? Mi az, amire val\u00f3j\u00e1ban nincs sz\u00fcks\u00e9g\u00fcnk vagy kiv\u00e1lthat\u00f3 m\u00e1ssal? \u00cdgy tal\u00e1ljatok vissza egym\u00e1shoz ezen a ny\u00e1ron, an\u00e9lk\u00fcl, hogy szenvedn\u00e9tek!\" \/>\n<meta property=\"og:url\" content=\"https:\/\/hir.mediamarkt.hu\/magazin\/okoskeszulek-fuggoseg-nelkuli-csaladi-nyaralas-a-mediamarkttal-nem-csak-kicsiknek\/\" \/>\n<meta property=\"og:site_name\" content=\"MediaMarkt Magazin\" \/>\n<meta property=\"article:publisher\" content=\"https:\/\/www.facebook.com\/MediaMarktMagyarorszag\" \/>\n<meta property=\"article:published_time\" content=\"2019-06-29T09:57:00+00:00\" \/>\n<meta property=\"og:image\" content=\"https:\/\/hir.mediamarkt.hu\/magazin\/wp-content\/uploads\/2019\/06\/MediaMarkt_nyaralas05.jpeg\" \/>\n\t<meta property=\"og:image:width\" content=\"1440\" \/>\n\t<meta property=\"og:image:height\" content=\"961\" \/>\n\t<meta property=\"og:image:type\" content=\"image\/jpeg\" \/>\n<meta name=\"author\" content=\"Media Markt\" \/>\n<meta name=\"twitter:label1\" content=\"Szerz\u0151:\" \/>\n\t<meta name=\"twitter:data1\" content=\"Media Markt\" \/>\n\t<meta name=\"twitter:label2\" content=\"Becs\u00fclt olvas\u00e1si id\u0151\" \/>\n\t<meta name=\"twitter:data2\" content=\"7 perc\" \/>\n<script type=\"application\/ld+json\" class=\"yoast-schema-graph\">{\"@context\":\"https:\/\/schema.org\",\"@graph\":[{\"@type\":\"WebPage\",\"@id\":\"https:\/\/hir.mediamarkt.hu\/magazin\/okoskeszulek-fuggoseg-nelkuli-csaladi-nyaralas-a-mediamarkttal-nem-csak-kicsiknek\/\",\"url\":\"https:\/\/hir.mediamarkt.hu\/magazin\/okoskeszulek-fuggoseg-nelkuli-csaladi-nyaralas-a-mediamarkttal-nem-csak-kicsiknek\/\",\"name\":\"Okosk\u00e9sz\u00fcl\u00e9k f\u00fcgg\u0151s\u00e9g n\u00e9lk\u00fcli csal\u00e1di nyaral\u00e1s a MediaMarkttal. Nem csak kicsiknek! - MediaMarkt Magazin\",\"isPartOf\":{\"@id\":\"https:\/\/hir.mediamarkt.hu\/magazin\/#website\"},\"primaryImageOfPage\":{\"@id\":\"https:\/\/hir.mediamarkt.hu\/magazin\/okoskeszulek-fuggoseg-nelkuli-csaladi-nyaralas-a-mediamarkttal-nem-csak-kicsiknek\/#primaryimage\"},\"image\":{\"@id\":\"https:\/\/hir.mediamarkt.hu\/magazin\/okoskeszulek-fuggoseg-nelkuli-csaladi-nyaralas-a-mediamarkttal-nem-csak-kicsiknek\/#primaryimage\"},\"thumbnailUrl\":\"https:\/\/hir.mediamarkt.hu\/magazin\/wp-content\/uploads\/2019\/06\/MediaMarkt_nyaralas05.jpeg\",\"datePublished\":\"2019-06-29T09:57:00+00:00\",\"dateModified\":\"2019-06-29T09:57:00+00:00\",\"author\":{\"@id\":\"https:\/\/hir.mediamarkt.hu\/magazin\/#\/schema\/person\/b93b02ec1ab4d2353f8d281e171c1b0b\"},\"breadcrumb\":{\"@id\":\"https:\/\/hir.mediamarkt.hu\/magazin\/okoskeszulek-fuggoseg-nelkuli-csaladi-nyaralas-a-mediamarkttal-nem-csak-kicsiknek\/#breadcrumb\"},\"inLanguage\":\"hu\",\"potentialAction\":[{\"@type\":\"ReadAction\",\"target\":[\"https:\/\/hir.mediamarkt.hu\/magazin\/okoskeszulek-fuggoseg-nelkuli-csaladi-nyaralas-a-mediamarkttal-nem-csak-kicsiknek\/\"]}]},{\"@type\":\"ImageObject\",\"inLanguage\":\"hu\",\"@id\":\"https:\/\/hir.mediamarkt.hu\/magazin\/okoskeszulek-fuggoseg-nelkuli-csaladi-nyaralas-a-mediamarkttal-nem-csak-kicsiknek\/#primaryimage\",\"url\":\"https:\/\/hir.mediamarkt.hu\/magazin\/wp-content\/uploads\/2019\/06\/MediaMarkt_nyaralas05.jpeg\",\"contentUrl\":\"https:\/\/hir.mediamarkt.hu\/magazin\/wp-content\/uploads\/2019\/06\/MediaMarkt_nyaralas05.jpeg\",\"width\":1440,\"height\":961},{\"@type\":\"BreadcrumbList\",\"@id\":\"https:\/\/hir.mediamarkt.hu\/magazin\/okoskeszulek-fuggoseg-nelkuli-csaladi-nyaralas-a-mediamarkttal-nem-csak-kicsiknek\/#breadcrumb\",\"itemListElement\":[{\"@type\":\"ListItem\",\"position\":1,\"name\":\"Kezd\u0151lap\",\"item\":\"https:\/\/hir.mediamarkt.hu\/magazin\/\"},{\"@type\":\"ListItem\",\"position\":2,\"name\":\"Okosk\u00e9sz\u00fcl\u00e9k f\u00fcgg\u0151s\u00e9g n\u00e9lk\u00fcli csal\u00e1di nyaral\u00e1s a MediaMarkttal. Nem csak kicsiknek!\"}]},{\"@type\":\"WebSite\",\"@id\":\"https:\/\/hir.mediamarkt.hu\/magazin\/#website\",\"url\":\"https:\/\/hir.mediamarkt.hu\/magazin\/\",\"name\":\"MediaMarkt Magazin\",\"description\":\"Olvass bele magazinunkba!\",\"potentialAction\":[{\"@type\":\"SearchAction\",\"target\":{\"@type\":\"EntryPoint\",\"urlTemplate\":\"https:\/\/hir.mediamarkt.hu\/magazin\/?s={search_term_string}\"},\"query-input\":\"required name=search_term_string\"}],\"inLanguage\":\"hu\"},{\"@type\":\"Person\",\"@id\":\"https:\/\/hir.mediamarkt.hu\/magazin\/#\/schema\/person\/b93b02ec1ab4d2353f8d281e171c1b0b\",\"name\":\"Media Markt\",\"image\":{\"@type\":\"ImageObject\",\"inLanguage\":\"hu\",\"@id\":\"https:\/\/hir.mediamarkt.hu\/magazin\/#\/schema\/person\/image\/\",\"url\":\"https:\/\/secure.gravatar.com\/avatar\/602bccae8998beee472d01909f0978f1?s=96&d=mm&r=g\",\"contentUrl\":\"https:\/\/secure.gravatar.com\/avatar\/602bccae8998beee472d01909f0978f1?s=96&d=mm&r=g\",\"caption\":\"Media Markt\"}}]}<\/script>\n<!-- \/ Yoast SEO plugin. -->","yoast_head_json":{"title":"Okosk\u00e9sz\u00fcl\u00e9k f\u00fcgg\u0151s\u00e9g n\u00e9lk\u00fcli csal\u00e1di nyaral\u00e1s a MediaMarkttal. Nem csak kicsiknek! - MediaMarkt Magazin","robots":{"index":"index","follow":"follow","max-snippet":"max-snippet:-1","max-image-preview":"max-image-preview:large","max-video-preview":"max-video-preview:-1"},"canonical":"https:\/\/hir.mediamarkt.hu\/magazin\/okoskeszulek-fuggoseg-nelkuli-csaladi-nyaralas-a-mediamarkttal-nem-csak-kicsiknek\/","og_locale":"hu_HU","og_type":"article","og_title":"Okosk\u00e9sz\u00fcl\u00e9k f\u00fcgg\u0151s\u00e9g n\u00e9lk\u00fcli csal\u00e1di nyaral\u00e1s a MediaMarkttal. Nem csak kicsiknek! - MediaMarkt Magazin","og_description":"B\u00e1r a legt\u00f6bbsz\u00f6r arra szeret\u00fcnk panaszkodni, hogy a gyerekek nem tudnak meglenni az okostelefonok, tabletek \u00e9s t\u00e1rsaik n\u00e9lk\u00fcl, az okosk\u00e9sz\u00fcl\u00e9keken val\u00f3 cs\u00fcng\u00e9s a feln\u0151tteket is j\u00f3csk\u00e1n \u00e9rinti. Mi az, amit \u00e9rdemes haszn\u00e1lni? Hogyan minimaliz\u00e1lhat\u00f3 a k\u00fcty\u00fc nyomkod\u00e1s? Mi az, amire val\u00f3j\u00e1ban nincs sz\u00fcks\u00e9g\u00fcnk vagy kiv\u00e1lthat\u00f3 m\u00e1ssal? \u00cdgy tal\u00e1ljatok vissza egym\u00e1shoz ezen a ny\u00e1ron, an\u00e9lk\u00fcl, hogy szenvedn\u00e9tek!","og_url":"https:\/\/hir.mediamarkt.hu\/magazin\/okoskeszulek-fuggoseg-nelkuli-csaladi-nyaralas-a-mediamarkttal-nem-csak-kicsiknek\/","og_site_name":"MediaMarkt Magazin","article_publisher":"https:\/\/www.facebook.com\/MediaMarktMagyarorszag","article_published_time":"2019-06-29T09:57:00+00:00","og_image":[{"width":1440,"height":961,"url":"https:\/\/hir.mediamarkt.hu\/magazin\/wp-content\/uploads\/2019\/06\/MediaMarkt_nyaralas05.jpeg","type":"image\/jpeg"}],"author":"Media Markt","twitter_misc":{"Szerz\u0151:":"Media Markt","Becs\u00fclt olvas\u00e1si id\u0151":"7 perc"},"schema":{"@context":"https:\/\/schema.org","@graph":[{"@type":"WebPage","@id":"https:\/\/hir.mediamarkt.hu\/magazin\/okoskeszulek-fuggoseg-nelkuli-csaladi-nyaralas-a-mediamarkttal-nem-csak-kicsiknek\/","url":"https:\/\/hir.mediamarkt.hu\/magazin\/okoskeszulek-fuggoseg-nelkuli-csaladi-nyaralas-a-mediamarkttal-nem-csak-kicsiknek\/","name":"Okosk\u00e9sz\u00fcl\u00e9k f\u00fcgg\u0151s\u00e9g n\u00e9lk\u00fcli csal\u00e1di nyaral\u00e1s a MediaMarkttal. Nem csak kicsiknek! - MediaMarkt Magazin","isPartOf":{"@id":"https:\/\/hir.mediamarkt.hu\/magazin\/#website"},"primaryImageOfPage":{"@id":"https:\/\/hir.mediamarkt.hu\/magazin\/okoskeszulek-fuggoseg-nelkuli-csaladi-nyaralas-a-mediamarkttal-nem-csak-kicsiknek\/#primaryimage"},"image":{"@id":"https:\/\/hir.mediamarkt.hu\/magazin\/okoskeszulek-fuggoseg-nelkuli-csaladi-nyaralas-a-mediamarkttal-nem-csak-kicsiknek\/#primaryimage"},"thumbnailUrl":"https:\/\/hir.mediamarkt.hu\/magazin\/wp-content\/uploads\/2019\/06\/MediaMarkt_nyaralas05.jpeg","datePublished":"2019-06-29T09:57:00+00:00","dateModified":"2019-06-29T09:57:00+00:00","author":{"@id":"https:\/\/hir.mediamarkt.hu\/magazin\/#\/schema\/person\/b93b02ec1ab4d2353f8d281e171c1b0b"},"breadcrumb":{"@id":"https:\/\/hir.mediamarkt.hu\/magazin\/okoskeszulek-fuggoseg-nelkuli-csaladi-nyaralas-a-mediamarkttal-nem-csak-kicsiknek\/#breadcrumb"},"inLanguage":"hu","potentialAction":[{"@type":"ReadAction","target":["https:\/\/hir.mediamarkt.hu\/magazin\/okoskeszulek-fuggoseg-nelkuli-csaladi-nyaralas-a-mediamarkttal-nem-csak-kicsiknek\/"]}]},{"@type":"ImageObject","inLanguage":"hu","@id":"https:\/\/hir.mediamarkt.hu\/magazin\/okoskeszulek-fuggoseg-nelkuli-csaladi-nyaralas-a-mediamarkttal-nem-csak-kicsiknek\/#primaryimage","url":"https:\/\/hir.mediamarkt.hu\/magazin\/wp-content\/uploads\/2019\/06\/MediaMarkt_nyaralas05.jpeg","contentUrl":"https:\/\/hir.mediamarkt.hu\/magazin\/wp-content\/uploads\/2019\/06\/MediaMarkt_nyaralas05.jpeg","width":1440,"height":961},{"@type":"BreadcrumbList","@id":"https:\/\/hir.mediamarkt.hu\/magazin\/okoskeszulek-fuggoseg-nelkuli-csaladi-nyaralas-a-mediamarkttal-nem-csak-kicsiknek\/#breadcrumb","itemListElement":[{"@type":"ListItem","position":1,"name":"Kezd\u0151lap","item":"https:\/\/hir.mediamarkt.hu\/magazin\/"},{"@type":"ListItem","position":2,"name":"Okosk\u00e9sz\u00fcl\u00e9k f\u00fcgg\u0151s\u00e9g n\u00e9lk\u00fcli csal\u00e1di nyaral\u00e1s a MediaMarkttal. Nem csak kicsiknek!"}]},{"@type":"WebSite","@id":"https:\/\/hir.mediamarkt.hu\/magazin\/#website","url":"https:\/\/hir.mediamarkt.hu\/magazin\/","name":"MediaMarkt Magazin","description":"Olvass bele magazinunkba!","potentialAction":[{"@type":"SearchAction","target":{"@type":"EntryPoint","urlTemplate":"https:\/\/hir.mediamarkt.hu\/magazin\/?s={search_term_string}"},"query-input":"required name=search_term_string"}],"inLanguage":"hu"},{"@type":"Person","@id":"https:\/\/hir.mediamarkt.hu\/magazin\/#\/schema\/person\/b93b02ec1ab4d2353f8d281e171c1b0b","name":"Media Markt","image":{"@type":"ImageObject","inLanguage":"hu","@id":"https:\/\/hir.mediamarkt.hu\/magazin\/#\/schema\/person\/image\/","url":"https:\/\/secure.gravatar.com\/avatar\/602bccae8998beee472d01909f0978f1?s=96&d=mm&r=g","contentUrl":"https:\/\/secure.gravatar.com\/avatar\/602bccae8998beee472d01909f0978f1?s=96&d=mm&r=g","caption":"Media Markt"}}]}},"_links":{"self":[{"href":"https:\/\/hir.mediamarkt.hu\/magazin\/wp-json\/wp\/v2\/posts\/8893"}],"collection":[{"href":"https:\/\/hir.mediamarkt.hu\/magazin\/wp-json\/wp\/v2\/posts"}],"about":[{"href":"https:\/\/hir.mediamarkt.hu\/magazin\/wp-json\/wp\/v2\/types\/post"}],"author":[{"embeddable":true,"href":"https:\/\/hir.mediamarkt.hu\/magazin\/wp-json\/wp\/v2\/users\/13"}],"replies":[{"embeddable":true,"href":"https:\/\/hir.mediamarkt.hu\/magazin\/wp-json\/wp\/v2\/comments?post=8893"}],"version-history":[{"count":2,"href":"https:\/\/hir.mediamarkt.hu\/magazin\/wp-json\/wp\/v2\/posts\/8893\/revisions"}],"predecessor-version":[{"id":8904,"href":"https:\/\/hir.mediamarkt.hu\/magazin\/wp-json\/wp\/v2\/posts\/8893\/revisions\/8904"}],"wp:featuredmedia":[{"embeddable":true,"href":"https:\/\/hir.mediamarkt.hu\/magazin\/wp-json\/wp\/v2\/media\/8899"}],"wp:attachment":[{"href":"https:\/\/hir.mediamarkt.hu\/magazin\/wp-json\/wp\/v2\/media?parent=8893"}],"wp:term":[{"taxonomy":"category","embeddable":true,"href":"https:\/\/hir.mediamarkt.hu\/magazin\/wp-json\/wp\/v2\/categories?post=8893"},{"taxonomy":"post_tag","embeddable":true,"href":"https:\/\/hir.mediamarkt.hu\/magazin\/wp-json\/wp\/v2\/tags?post=8893"}],"curies":[{"name":"wp","href":"https:\/\/api.w.org\/{rel}","templated":true}]}}