{"id":8905,"date":"2019-06-30T09:51:32","date_gmt":"2019-06-30T08:51:32","guid":{"rendered":"http:\/\/hir.mediamarkt.hu\/magazin\/?p=8905"},"modified":"2019-06-30T09:57:35","modified_gmt":"2019-06-30T08:57:35","slug":"4k-8k-tv-keszulekek-mediamarkt","status":"publish","type":"post","link":"https:\/\/hir.mediamarkt.hu\/magazin\/4k-8k-tv-keszulekek-mediamarkt\/","title":{"rendered":"4k? 8k? Mit tudnak a \u201cnagy\u201d tv k\u00e9sz\u00fcl\u00e9kek \u00e9s mi\u00e9rt j\u00f3 ez nekem?"},"content":{"rendered":"<b>Nagy t\u00e9rben \u00e9s kiterjed\u00e9sben. \u00c9s nagy felbont\u00e1sban. Bevezet\u00e9s a 4 \u00e9s a 8k tv k\u00e9sz\u00fcl\u00e9kek vil\u00e1g\u00e1ba a vizu\u00e1lis \u00e9lm\u00e9nyek szerelmeseinek \u00e9s a p\u00e9nz\u00fcket megfontoltan k\u00f6lt\u0151 v\u00e1s\u00e1rl\u00f3knak!<\/b><!--more-->\r\n\r\n&nbsp;\r\n<h2><b>A kat\u00f3dcs\u0151nek m\u00e1ra annyi&#8230;<\/b><\/h2>\r\n&nbsp;\r\n\r\n<span style=\"font-weight: 400\"><img loading=\"lazy\" decoding=\"async\" class=\"size-medium wp-image-8907 alignleft\" src=\"https:\/\/hir.mediamarkt.hu\/magazin\/wp-content\/uploads\/2019\/06\/MediaMarkt_tv-keszulekek_00-300x200.jpg\" alt=\"\" width=\"300\" height=\"200\" srcset=\"https:\/\/hir.mediamarkt.hu\/magazin\/wp-content\/uploads\/2019\/06\/MediaMarkt_tv-keszulekek_00-300x200.jpg 300w, https:\/\/hir.mediamarkt.hu\/magazin\/wp-content\/uploads\/2019\/06\/MediaMarkt_tv-keszulekek_00-275x183.jpg 275w, https:\/\/hir.mediamarkt.hu\/magazin\/wp-content\/uploads\/2019\/06\/MediaMarkt_tv-keszulekek_00-768x512.jpg 768w, https:\/\/hir.mediamarkt.hu\/magazin\/wp-content\/uploads\/2019\/06\/MediaMarkt_tv-keszulekek_00-1024x682.jpg 1024w, https:\/\/hir.mediamarkt.hu\/magazin\/wp-content\/uploads\/2019\/06\/MediaMarkt_tv-keszulekek_00.jpg 1440w\" sizes=\"(max-width: 300px) 100vw, 300px\" \/>B\u00e1r m\u00e1r j\u00f3 ideje k\u00f6rbevesznek minket az egyre nagyobb \u00e9s t\u00f6k\u00e9letesebb k\u00e9pfelbont\u00e1s\u00fa tv k\u00e9sz\u00fcl\u00e9kek, m\u00e9g mindig akadnak k\u00e9rd\u00e9sek, k\u00e9telyek. Sok esetben nem kiz\u00e1r\u00f3lag csak a p\u00e9nzt\u00e1rca hat\u00e1rozza meg a d\u00f6nt\u00e9st. De a lak\u00e1s m\u00e9rete &#8211; a tv k\u00e9sz\u00fcl\u00e9k helye \u00e9s az att\u00f3l m\u00e9rt maxim\u00e1lis \u00fcl\u00e9si t\u00e1vols\u00e1g -, valamint a leggyakrabban n\u00e9zett m\u0171sorok tulajdons\u00e1gai is befoly\u00e1solj\u00e1k a d\u00f6nt\u00e9s\u00fcnket. Vagy legal\u00e1bbis befoly\u00e1solniuk kell. Mert hi\u00e1ba van trendi, giga tv-nk, ha csak a hagyom\u00e1nyos, k\u00f6zszolg\u00e1lati tartalmakat akarjuk rajta n\u00e9zni. R\u00e1ad\u00e1sul az sem mindegy, hogy ha csak egy p\u00e1r nm-es t\u00e9rbe tudjuk elhelyezni a berendez\u00e9st. A legnagyobb nem biztos, hogy mindig a legjobb, a legjobb felbont\u00e1s viszont j\u00f3 es\u00e9llyel hossz\u00fat\u00e1von is okos befektet\u00e9s.<\/span>\r\n\r\n&nbsp;\r\n<h2><\/h2>\r\n<h2><b>Gyors tv k\u00e9sz\u00fcl\u00e9k evol\u00faci\u00f3<\/b><\/h2>\r\n&nbsp;\r\n\r\n<span style=\"font-weight: 400\"><img loading=\"lazy\" decoding=\"async\" class=\"size-medium wp-image-8906 alignleft\" src=\"https:\/\/hir.mediamarkt.hu\/magazin\/wp-content\/uploads\/2019\/06\/MediaMarkt_tv-keszulekek_00a-243x300.jpeg\" alt=\"\" width=\"243\" height=\"300\" srcset=\"https:\/\/hir.mediamarkt.hu\/magazin\/wp-content\/uploads\/2019\/06\/MediaMarkt_tv-keszulekek_00a-243x300.jpeg 243w, https:\/\/hir.mediamarkt.hu\/magazin\/wp-content\/uploads\/2019\/06\/MediaMarkt_tv-keszulekek_00a-275x340.jpeg 275w, https:\/\/hir.mediamarkt.hu\/magazin\/wp-content\/uploads\/2019\/06\/MediaMarkt_tv-keszulekek_00a-768x949.jpeg 768w, https:\/\/hir.mediamarkt.hu\/magazin\/wp-content\/uploads\/2019\/06\/MediaMarkt_tv-keszulekek_00a-829x1024.jpeg 829w, https:\/\/hir.mediamarkt.hu\/magazin\/wp-content\/uploads\/2019\/06\/MediaMarkt_tv-keszulekek_00a.jpeg 1052w\" sizes=\"(max-width: 243px) 100vw, 243px\" \/>K\u00fcl\u00f6n\u00f6s kimondani, de a telev\u00edzi\u00f3z\u00e1s m\u00faltja a XIX. sz\u00e1zadra ny\u00falik vissza. Az 1800-as \u00e9vek legv\u00e9g\u00e9n m\u00e1r foglalkoztak nagy kopony\u00e1k a k\u00e9p tov\u00e1bb\u00edt\u00e1ssal. Igaz, ah\u00e1ny forr\u00e1s, annyi n\u00e9v \u00e9s \u201cels\u0151 feltal\u00e1l\u00f3\u201d lelhet\u0151 fel. N\u00e9z\u0151pont k\u00e9rd\u00e9se ugyanis, ki mit nevez els\u0151 tv k\u00e9sz\u00fcl\u00e9knek. Illetve melyik m\u0171k\u00f6d\u00e9si elvet (mechanikus vagy elektromos) fogadjuk el a t\u00e9v\u00e9z\u00e9s els\u0151sz\u00fcl\u00f6ttj\u00e9nek. A feltal\u00e1l\u00e1si \u00e9s fejleszt\u00e9si versenyben magyar nevek is akadnak, <strong>Tihanyi K\u00e1lm\u00e1n<\/strong> neve p\u00e9ld\u00e1ul megker\u00fclhetetlen a t\u00e9m\u00e1ban. A fekete-feh\u00e9r k\u00e9p \u00e1tvitelt\u0151l a sz\u00ednesig is hossz\u00fa \u00fat vezetett, majd egy hosszabb id\u0151re technikai stagn\u00e1l\u00e1s \u00e1llt be. Ezen \u00e9vtizedek alatt azonban olyan vil\u00e1gh\u00f3d\u00edt\u00f3 terjeszked\u00e9st mutatott be a telev\u00edzi\u00f3z\u00e1s, amely megel\u0151legezte a tov\u00e1bbi, egyre fejlettebb k\u00e9pi \u00e9s hangmin\u0151s\u00e9g robban\u00e1sszer\u0171 \u00fatj\u00e1t.\u00a0<\/span>\r\n\r\n<span style=\"font-weight: 400\">Tal\u00e1n meglep\u0151, de az els\u0151 LCD \u00e9s plazma kijelz\u0151 panellel rendelkez\u0151 tv k\u00e9sz\u00fcl\u00e9keket m\u00e1r az 1960-as \u00e9vekben lefejlesztett\u00e9k. <strong>A 2000-es \u00e9vek \u201charca\u201d a m\u00e9retek ter\u00e9n kiugr\u00f3 volt, egyre nagyobb k\u00e9p\u00e1tl\u00f3 v\u00e1lt el\u00e9rhet\u0151v\u00e9 a piacon, egyre t\u00f6bb ember sz\u00e1m\u00e1ra.<\/strong> A k\u00e9perny\u0151 megn\u00f6vel\u00e9s\u00e9hez pedig a megjelen\u00edtend\u0151 jelek megsokszoroz\u00e1s\u00e1ra volt sz\u00fcks\u00e9g. 1998-ban az els\u0151 HD tv kereskedelmi forgalom ker\u00fclj\u00f6n, amivel elindult a ki\u00e9lezett verseny a gy\u00e1rt\u00f3k k\u00f6z\u00f6tt a k\u00e9pfelbont\u00e1s \u00e9s a kijelz\u0151 m\u00e9ret\u00e9nek n\u00f6vel\u00e9s\u00e9re, a t\u00f6k\u00e9letes k\u00e9pmin\u0151s\u00e9g diadal\u00e1\u00e9rt. A telev\u00edzi\u00f3kkal szemben hamarosan olyan elv\u00e1r\u00e1s fogalmaz\u00f3dott meg, hogy <strong>felbont\u00e1s tekintet\u00e9ben utol\u00e9rj\u00e9k a t\u00f6bbi digit\u00e1lis k\u00e9sz\u00fcl\u00e9ket<\/strong>, a f\u00e9nyk\u00e9pez\u0151g\u00e9peket, a mobiltelefonokat stb. A digit\u00e1lis forradalom kor\u00e1ban az ilyen eszk\u00f6z\u00f6k egym\u00e1ssal val\u00f3 kompatibilit\u00e1sa \u00e9s a k\u00f6zt\u00fck t\u00f6rt\u00e9n\u0151 z\u00f6kken\u0151mentes adatforgalom pedig m\u00e1r alap fokm\u00e9r\u0151nek sz\u00e1m\u00edt a piacvezet\u0151 term\u00e9kek k\u00f6z\u00f6tt.<\/span>\r\n\r\n&nbsp;\r\n<h2><b>A jelenkor piaci harca<\/b><\/h2>\r\n&nbsp;\r\n\r\n<span style=\"font-weight: 400\"><img loading=\"lazy\" decoding=\"async\" class=\"size-medium wp-image-8908 alignleft\" src=\"https:\/\/hir.mediamarkt.hu\/magazin\/wp-content\/uploads\/2019\/06\/MediaMarkt_tv-keszulekek_00e-300x201.jpeg\" alt=\"\" width=\"300\" height=\"201\" srcset=\"https:\/\/hir.mediamarkt.hu\/magazin\/wp-content\/uploads\/2019\/06\/MediaMarkt_tv-keszulekek_00e-300x201.jpeg 300w, https:\/\/hir.mediamarkt.hu\/magazin\/wp-content\/uploads\/2019\/06\/MediaMarkt_tv-keszulekek_00e-275x184.jpeg 275w, https:\/\/hir.mediamarkt.hu\/magazin\/wp-content\/uploads\/2019\/06\/MediaMarkt_tv-keszulekek_00e-768x514.jpeg 768w, https:\/\/hir.mediamarkt.hu\/magazin\/wp-content\/uploads\/2019\/06\/MediaMarkt_tv-keszulekek_00e-1024x686.jpeg 1024w, https:\/\/hir.mediamarkt.hu\/magazin\/wp-content\/uploads\/2019\/06\/MediaMarkt_tv-keszulekek_00e.jpeg 1440w\" sizes=\"(max-width: 300px) 100vw, 300px\" \/>Az ut\u00f3bbi \u00e9vek elad\u00e1sai azt mutatj\u00e1k, hogy <strong>a v\u00e1s\u00e1rl\u00f3k egyre nagyobb tv k\u00e9sz\u00fcl\u00e9keket vesznek.<\/strong> Hi\u00e1ba, min\u00e9l nagyobb a nappali, ann\u00e1l nagyobb t\u00e9v\u00e9t ig\u00e9nyel, viszont min\u00e9l t\u00e1volabbr\u00f3l n\u00e9z\u00fcnk egy t\u00e9v\u00e9t, ann\u00e1l ink\u00e1bb b\u00facs\u00fat mondhatunk a nagy felbont\u00e1s ny\u00fajtotta \u00e9lm\u00e9nynek. \u00cdgy lehets\u00e9ges, hogy ha a Full HD t\u00e9v\u00e9nket 2-2,5 m\u00e9tern\u00e9l t\u00e1volabbr\u00f3l n\u00e9zz\u00fck, m\u00e1r nem \u00e9rz\u00e9kelhet\u0151, hogy a HD-n\u00e1l nagyobb felbont\u00e1st l\u00e1tunk. Egy 55 h\u00fcvelyk (kb. 140 cm) k\u00e9p\u00e1tl\u00f3j\u00fa t\u00e9v\u00e9n\u00e9l m\u00e1r kev\u00e9snek bizonyulhat a Full HD felbont\u00e1s, egy nagyobb k\u00e9p\u00e1tl\u00f3val rendelkez\u0151 k\u00e9sz\u00fcl\u00e9kn\u00e9l pedig m\u00e1r az ekkora pixelmennyis\u00e9g nem elegend\u0151 a tiszta k\u00e9p megjelen\u00edt\u00e9s\u00e9hez. \u00cdgy jutottak el a fejleszt\u0151k a <strong>4K, vagy m\u00e1s n\u00e9ven az Ultra HD felbont\u00e1shoz.<\/strong> <strong>A 4k a Full HD n\u00e9gyszeres\u00e9t k\u00e9pes megjelen\u00edteni, m\u00edg a 8k m\u00e1ra legal\u00e1bb 7680\u00d74320 k\u00e9ppont felbont\u00e1s\u00fa \u00e1ll\u00f3- vagy mozg\u00f3k\u00e9pet is meg tud jelen\u00edteni. Ez pedig pontosan n\u00e9gyszerese a 4K-nak, vagyis a k\u00e9perny\u0151n 9 294 400 pixel helyett imm\u00e1r 33 177 600 pixelnek jut hely. Elk\u00e9peszt\u0151 sz\u00e1mok, igaz?<\/strong><\/span>\r\n\r\n&nbsp;\r\n<h2><b>4k \u00e9s 8k: mi\u00e9rt jobb, mint a hagyom\u00e1nyos HD-s tv k\u00e9sz\u00fcl\u00e9k?<\/b><\/h2>\r\n&nbsp;\r\n\r\n<span style=\"font-weight: 400\"><img loading=\"lazy\" decoding=\"async\" class=\"size-medium wp-image-8909 alignleft\" src=\"https:\/\/hir.mediamarkt.hu\/magazin\/wp-content\/uploads\/2019\/06\/MediaMarkt_tv-keszulekek_00d-300x200.jpeg\" alt=\"\" width=\"300\" height=\"200\" srcset=\"https:\/\/hir.mediamarkt.hu\/magazin\/wp-content\/uploads\/2019\/06\/MediaMarkt_tv-keszulekek_00d-300x200.jpeg 300w, https:\/\/hir.mediamarkt.hu\/magazin\/wp-content\/uploads\/2019\/06\/MediaMarkt_tv-keszulekek_00d-275x183.jpeg 275w, https:\/\/hir.mediamarkt.hu\/magazin\/wp-content\/uploads\/2019\/06\/MediaMarkt_tv-keszulekek_00d-768x512.jpeg 768w, https:\/\/hir.mediamarkt.hu\/magazin\/wp-content\/uploads\/2019\/06\/MediaMarkt_tv-keszulekek_00d-1024x682.jpeg 1024w, https:\/\/hir.mediamarkt.hu\/magazin\/wp-content\/uploads\/2019\/06\/MediaMarkt_tv-keszulekek_00d.jpeg 1440w\" sizes=\"(max-width: 300px) 100vw, 300px\" \/>A gy\u00e1rt\u00f3k els\u0151sorban az <strong>\u00e9lm\u00e9ny alap\u00fa telev\u00edzi\u00f3z\u00e1sra<\/strong> h\u00edvj\u00e1k fel a figyelmet. Amely sor\u00e1n nem csak t\u0171\u00e9lesen l\u00e1tjuk a r\u00e9szleteket, de az elk\u00e9peszt\u0151 min\u0151s\u00e9g\u0171 felbont\u00e1s miatt a jelenet r\u00e9szeinek \u00e9rezz\u00fck magunkat. Szok\u00e1s a focimeccsekre hivatkozni, ahol a f\u0171sz\u00e1lak hajl\u00e1s\u00e1t is szinte kivehetj\u00fck. De persze egy komolyabb, k\u00e9pileg j\u00f3l \u00f6sszerakott film kapcs\u00e1n is j\u00f3l j\u00f6het, ha \u00fagy \u00e9rezz\u00fck, nem csak k\u00edv\u00fclr\u0151l szeml\u00e9lj\u00fck az esem\u00e9nyeket, de konkr\u00e9tan a r\u00e9szesei vagyunk.\u00a0 Persze nagy k\u00e9rd\u00e9s, van-e olyan m\u0171sortatalom, ami \u201celb\u00edrja\u201d a tv k\u00e9sz\u00fcl\u00e9k\u00fcnk tud\u00e1s\u00e1t? Mert csup\u00e1n az, hogy egy v\u00e9r profi k\u00e9sz\u00fcl\u00e9k\u00fcnk van, m\u00e9g nem el\u00e9g a boldogs\u00e1ghoz. De pont ebben a csavarban tejlik az egyre profibb tv k\u00e9sz\u00fcl\u00e9kek v\u00e1s\u00e1rl\u00e1s\u00e1nak titka is!<\/span>\r\n\r\n&nbsp;\r\n<table>\r\n<tbody>\r\n<tr>\r\n<td><b>Felbont\u00e1sra utal\u00f3 elnevez\u00e9s<\/b><\/td>\r\n<td><b>V\u00edzszintes x f\u00fcgg\u0151leges pixel sz\u00e1m<\/b><\/td>\r\n<td><b>Egy\u00e9b<\/b>\r\n\r\n<b>elnevez\u00e9sek<\/b><\/td>\r\n<td><b>Kapcsol\u00f3d\u00f3 eszk\u00f6z\u00f6k<\/b><\/td>\r\n<\/tr>\r\n<tr>\r\n<td><span style=\"font-weight: 400\">8K<\/span><\/td>\r\n<td><span style=\"font-weight: 400\">7680 x 4320<\/span><\/td>\r\n<td><span style=\"font-weight: 400\">8K UHD<\/span><\/td>\r\n<td><span style=\"font-weight: 400\">TV k\u00e9sz\u00fcl\u00e9kek<\/span><\/td>\r\n<\/tr>\r\n<tr>\r\n<td><span style=\"font-weight: 400\">&#8222;Cinema&#8221;\u00a0<\/span>\r\n\r\n<span style=\"font-weight: 400\">4K vagy\u00a0<\/span><\/td>\r\n<td><span style=\"font-weight: 400\">4096 x [nem meghat\u00e1rozott]<\/span><\/td>\r\n<td><span style=\"font-weight: 400\">4K<\/span><\/td>\r\n<td><span style=\"font-weight: 400\">Projektorok<\/span><\/td>\r\n<\/tr>\r\n<tr>\r\n<td><span style=\"font-weight: 400\">UHD<\/span><\/td>\r\n<td><span style=\"font-weight: 400\">3840 x 2160<\/span><\/td>\r\n<td><span style=\"font-weight: 400\">4K, Ultra HD (Ultra Nagy Felbont\u00e1s\u00fa)<\/span><\/td>\r\n<td><span style=\"font-weight: 400\">TV k\u00e9sz\u00fcl\u00e9kek, monitorok<\/span><\/td>\r\n<\/tr>\r\n<tr>\r\n<td><span style=\"font-weight: 400\">2K<\/span><\/td>\r\n<td><span style=\"font-weight: 400\">2048 x [nem meghat\u00e1rozott]<\/span><\/td>\r\n<td><span style=\"font-weight: 400\">nincs<\/span><\/td>\r\n<td><span style=\"font-weight: 400\">Projektorok<\/span><\/td>\r\n<\/tr>\r\n<tr>\r\n<td><span style=\"font-weight: 400\">WUXGA<\/span><\/td>\r\n<td><span style=\"font-weight: 400\">1920 x 1200<\/span><\/td>\r\n<td><span style=\"font-weight: 400\">Widescreen Ultra Extended Graphics Array (Sz\u00e9lesv\u00e1szn\u00fa Ultra Kiterjeszt\u00e9s\u0171 Grafikus Megjelen\u00edt\u00e9s)<\/span><\/td>\r\n<td><span style=\"font-weight: 400\">Monitorok, projektorok<\/span><\/td>\r\n<\/tr>\r\n<tr>\r\n<td><span style=\"font-weight: 400\">1080p<\/span><\/td>\r\n<td><span style=\"font-weight: 400\">1920 x 1080<\/span><\/td>\r\n<td><span style=\"font-weight: 400\">Full HD, FHD, HD, High Definition (Nagy Felbont\u00e1s)<\/span><\/td>\r\n<td><span style=\"font-weight: 400\">TV k\u00e9sz\u00fcl\u00e9kek, monitorok<\/span><\/td>\r\n<\/tr>\r\n<tr>\r\n<td><span style=\"font-weight: 400\">720p<\/span><\/td>\r\n<td><span style=\"font-weight: 400\">1280 x 720<\/span><\/td>\r\n<td><span style=\"font-weight: 400\">HD, High Definition (Nagy Felbont\u00e1s)<\/span><\/td>\r\n<td><span style=\"font-weight: 400\">TV k\u00e9sz\u00fcl\u00e9kek<\/span><\/td>\r\n<\/tr>\r\n<\/tbody>\r\n<\/table>\r\n&nbsp;\r\n<h2><b>A 22-es csapd\u00e1ja effektus<\/b><\/h2>\r\n&nbsp;\r\n\r\n<span style=\"font-weight: 400\"><img loading=\"lazy\" decoding=\"async\" class=\"size-medium wp-image-8910 alignleft\" src=\"https:\/\/hir.mediamarkt.hu\/magazin\/wp-content\/uploads\/2019\/06\/MediaMarkt_tv-keszulekek_00b-300x200.jpeg\" alt=\"\" width=\"300\" height=\"200\" srcset=\"https:\/\/hir.mediamarkt.hu\/magazin\/wp-content\/uploads\/2019\/06\/MediaMarkt_tv-keszulekek_00b-300x200.jpeg 300w, https:\/\/hir.mediamarkt.hu\/magazin\/wp-content\/uploads\/2019\/06\/MediaMarkt_tv-keszulekek_00b-275x183.jpeg 275w, https:\/\/hir.mediamarkt.hu\/magazin\/wp-content\/uploads\/2019\/06\/MediaMarkt_tv-keszulekek_00b-768x512.jpeg 768w, https:\/\/hir.mediamarkt.hu\/magazin\/wp-content\/uploads\/2019\/06\/MediaMarkt_tv-keszulekek_00b-1024x682.jpeg 1024w, https:\/\/hir.mediamarkt.hu\/magazin\/wp-content\/uploads\/2019\/06\/MediaMarkt_tv-keszulekek_00b.jpeg 1440w\" sizes=\"(max-width: 300px) 100vw, 300px\" \/>B\u00e1r k\u00e9ts\u00e9g nem f\u00e9r hozz\u00e1, hogy az \u00e9lm\u00e9ny alap\u00fa, min\u0151s\u00e9gi sz\u00f3rakoz\u00e1s kulcsa a 4 \u00e9s 8k tv k\u00e9sz\u00fcl\u00e9keken t\u00f6rt\u00e9n\u0151 tartalom befogad\u00e1s, annak el\u0151\u00e1ll\u00edt\u00f3i egyel\u0151re nem halmozz\u00e1k el a n\u00e9z\u0151ket hatalmas v\u00e1laszt\u00e9kkal. Ennek az oka egyszer\u0171. Az extr\u00e9m nagy r\u00e9szletess\u00e9g\u0171 tartalomhoz speci\u00e1lis, nagyon dr\u00e1ga kamer\u00e1k sz\u00fcks\u00e9gesek, ezek megv\u00e1s\u00e1rl\u00e1s\u00e1ra pedig nem minden gy\u00e1rt\u00f3nak futja. Illetve \u00fagy gondolj\u00e1k, akkor \u00e9rdemes befektetni a t\u00e9m\u00e1ba, ha elegend\u0151 felhaszn\u00e1l\u00f3 fogja majd n\u00e9zni a m\u0171sort. Teh\u00e1t akkor lesz t\u00f6bb speci\u00e1lis tartalom, ha t\u00f6bb k\u00e9sz\u00fcl\u00e9ket vesz\u00fcnk. Fogyaszt\u00f3i oldalon viszont pont az\u00e9rt hezit\u00e1lnak sokan, mert megfelel\u0151 min\u0151s\u00e9g\u0171 tartalom hi\u00e1ny\u00e1ban m\u00e9g nincs el\u00e9g kihaszn\u00e1lts\u00e1ga a tv k\u00e9sz\u00fcl\u00e9keknek. \u00cdgy azt\u00e1n mindenki a m\u00e1sikra v\u00e1r.\u00a0<\/span>\r\n\r\n<span style=\"font-weight: 400\">Az\u00e9rt az elmondhat\u00f3, hogy b\u00e1r egyel\u0151re limit\u00e1ltabb a m\u0171sorok sz\u00e1ma, a sz\u00e1mok n\u0151nek, hossz\u00fat\u00e1von pedig az j\u00e1r jobban, aki k\u00e9sz\u00fcl\u00e9k\u00e9vel el\u0151re megy kicsit az id\u0151ben. Ha valaki \u201cbiztos\u00edt\u00e9kra\u201d v\u00e1gyik, j\u00f3 h\u00edr, hogy<strong> Jap\u00e1n a 2020-as toki\u00f3i ny\u00e1ri olimpiai j\u00e1t\u00e9kok versenysz\u00e1mait m\u00e1r 8k felbont\u00e1sban is k\u00f6zvet\u00edteni k\u00edv\u00e1nja.<\/strong> Mindez kevesebb, mint egy \u00e9v teh\u00e1t!\u00a0<\/span>\r\n\r\n&nbsp;\r\n<h2><b>N\u00e9h\u00e1ny tulajdons\u00e1g, ami\u00e9rt rajongunk<\/b><\/h2>\r\n&nbsp;\r\n\r\n<span style=\"font-weight: 400\"><img loading=\"lazy\" decoding=\"async\" class=\"size-medium wp-image-8911 alignleft\" src=\"https:\/\/hir.mediamarkt.hu\/magazin\/wp-content\/uploads\/2019\/06\/MediaMarkt_tv-keszulekek_01c-300x224.png\" alt=\"\" width=\"300\" height=\"224\" srcset=\"https:\/\/hir.mediamarkt.hu\/magazin\/wp-content\/uploads\/2019\/06\/MediaMarkt_tv-keszulekek_01c-300x224.png 300w, https:\/\/hir.mediamarkt.hu\/magazin\/wp-content\/uploads\/2019\/06\/MediaMarkt_tv-keszulekek_01c-275x205.png 275w, https:\/\/hir.mediamarkt.hu\/magazin\/wp-content\/uploads\/2019\/06\/MediaMarkt_tv-keszulekek_01c-768x574.png 768w, https:\/\/hir.mediamarkt.hu\/magazin\/wp-content\/uploads\/2019\/06\/MediaMarkt_tv-keszulekek_01c-500x375.png 500w, https:\/\/hir.mediamarkt.hu\/magazin\/wp-content\/uploads\/2019\/06\/MediaMarkt_tv-keszulekek_01c.png 786w\" sizes=\"(max-width: 300px) 100vw, 300px\" \/>A <strong>Samsung QE82Q950RBTXXH 8K UHD Smart QLED tv k\u00e9sz\u00fcl\u00e9ke<\/strong> eset\u00e9ben p\u00e9ld\u00e1ul nem kell t\u00f6bb\u00e9 minden\u00e1ron a t\u00e9v\u00e9vel szemben \u00fcln\u00fcnk. A QLED k\u00e9sz\u00fcl\u00e9kek ultranagy betekint\u00e9si sz\u00f6ge biztos\u00edtja, hogy <strong>mindenhov\u00e1 azonos mennyis\u00e9g\u0171 f\u00e9ny jusson \u00e9s kevesebb legyen a f\u00e9nysziv\u00e1rg\u00e1s. \u00cdgy k\u00fcl\u00f6nb\u00f6z\u0151 sz\u00f6gekb\u0151l n\u00e9zve egyar\u00e1nt nagyszer\u0171 l\u00e1tv\u00e1nyban lehet r\u00e9sz\u00fcnk,<\/strong> nem lesz harc a helyek\u00e9rt, ha nagyobb l\u00e9tsz\u00e1mban mozizunk vagy n\u00e9zz\u00fck a meccset. A tv k\u00e9sz\u00fcl\u00e9keinknek a j\u00f6v\u0151ben alkalmazkodniuk kell a szoba v\u00e1ltoz\u00f3 k\u00f6r\u00fclm\u00e9nyeihez. A QLED k\u00e9sz\u00fcl\u00e9kek <strong>\u201cIntelligens m\u00f3dja\u201d<\/strong> ennek megfelel\u0151en szab\u00e1lyozza a f\u00e9nyer\u0151t \u00e9s a hanger\u0151t. Ez az \u00fczemm\u00f3d m\u00e9g a hang \u00e9s a t\u00e9v\u00e9n megtekintett tartalom \u00f6sszehangol\u00e1s\u00e1ra is k\u00e9pes, p\u00e9ld\u00e1ul \u00e9rthet\u0151bb\u00e9 teszi a h\u00edrm\u0171sorok besz\u00e9lget\u00e9seit, illetve koncertfilm n\u00e9z\u00e9se k\u00f6zben kiemeli az \u00e9nekes hangj\u00e1t.<\/span>\r\n\r\n<span style=\"font-weight: 400\">A QLED k\u00e9sz\u00fcl\u00e9kek m\u00e9g kikapcsolt \u00e1llapotban sem inakt\u00edvak. A <strong>\u201cH\u00e1tt\u00e9r m\u00f3ddal\u201d<\/strong> a QLED t\u00f6k\u00e9letes term\u00e9szetess\u00e9ggel olvad be a berendez\u00e9si t\u00e1rgyak k\u00f6z\u00e9. Egyszer\u0171 fekete k\u00e9perny\u0151 helyett hozz\u00e1nk ill\u0151, izgalmas k\u00e9peket l\u00e1thatunk, amelyekhez egyszer\u0171 be\u00e1ll\u00edt\u00e1sok \u00e9s sz\u00e1mtalan lehet\u0151s\u00e9g tartozik. Ilyen funki\u00f3 p\u00e9ld\u00e1ul a\u00a0<\/span>\r\n<ul>\r\n \t<li style=\"font-weight: 400\"><span style=\"font-weight: 400\"><strong>Dekor\u00e1ci\u00f3<\/strong> &#8211; a k\u00e9perny\u0151n be\u00e1ll\u00edtott interakt\u00edv h\u00e1tt\u00e9r t\u00f6k\u00e9letesen illik a szoba berendez\u00e9s\u00e9hez<\/span><\/li>\r\n \t<li style=\"font-weight: 400\"><span style=\"font-weight: 400\"><strong>Inform\u00e1ci\u00f3k<\/strong> &#8211; gy\u00f6ny\u00f6r\u0171 h\u00e1tt\u00e9ren jelen\u00edthet\u0151 meg p\u00e9ld\u00e1ul a pontos id\u0151 \u00e9s d\u00e1tum<\/span><\/li>\r\n \t<li style=\"font-weight: 400\"><span style=\"font-weight: 400\"><strong>Saj\u00e1t album<\/strong> &#8211; a mobilk\u00e9sz\u00fcl\u00e9k\u00fcnk\u00f6n l\u00e9v\u0151 kedvenc fot\u00f3ink is a k\u00e9perny\u0151re ker\u00fclhetnek\u00a0<\/span><\/li>\r\n \t<li style=\"font-weight: 400\"><span style=\"font-weight: 400\"><strong>M\u0171alkot\u00e1sok<\/strong> &#8211; a m\u0171v\u00e9szetek szerelmesei ismert fot\u00f3sok \u00e9s alkot\u00f3k k\u00fcl\u00f6nb\u00f6z\u0151 t\u00e9m\u00e1k szerint csoportos\u00edtott m\u0171veit csod\u00e1lhatj\u00e1k meg<\/span><\/li>\r\n<\/ul>\r\n<span style=\"font-weight: 400\">De ak\u00e1r lehet\u0151s\u00e9g ny\u00edlik \u00f6sszehangolt \u201cokos otthon\u201d ki\u00e9p\u00edt\u00e9s\u00e9re is! A <strong>be\u00e9p\u00edtett Samsung SmartThings<\/strong> haszn\u00e1lat\u00e1val a QLED k\u00e9sz\u00fcl\u00e9kek \u00f6sszekapcsolhat\u00f3k a birtokunkban l\u00e9v\u0151 IoT-eszk\u00f6z\u00f6kkel \u00e9s \u00e9rz\u00e9kel\u0151kkel. \u00cdgy a tv k\u00e9sz\u00fck\u00e9k ir\u00e1ny\u00edt\u00e1sa mellett felkapcsolhatjuk a l\u00e1mp\u00e1t, bepillanthatunk a h\u0171t\u0151be, vagy ak\u00e1r a robotporsz\u00edv\u00f3 is ir\u00e1ny\u00edthat\u00f3v\u00e1 v\u00e1lik, egy rendszeren bel\u00fcl. De term\u00e9szetesen az <strong>Alexa-kompatibilis<\/strong> eszk\u00f6z\u00f6k sem maradnak ki a j\u00f3b\u00f3l, az \u00e1tj\u00e1r\u00e1s \u00e9s ir\u00e1ny\u00edt\u00e1s ezekkel is lehets\u00e9ges! <strong>Most el\u0151sz\u00f6r pedig az Apple term\u00e9kekkel is \u00f6sszekapcsol\u00f3dhatunk!<\/strong> Az AirPlay 2 seg\u00edts\u00e9g\u00e9vel er\u0151fesz\u00edt\u00e9s n\u00e9lk\u00fcl jelen\u00edthet\u0151 meg a QLED TV-n vide\u00f3s, zenei, fot\u00f3s \u00e9s egy\u00e9b tartalmakat az iPhone, iPad \u00e9s Mac k\u00e9sz\u00fcl\u00e9k\u00fcnkr\u0151l.<\/span>\r\n\r\n&nbsp;\r\n<h2><b>Kapcsol\u00f3d\u00f3 MediaMarkt term\u00e9kek:\u00a0<\/b><\/h2>\r\n&nbsp;\r\n\r\n<a href=\"https:\/\/www.mediamarkt.hu\/catentry\/1282374\"><span style=\"font-weight: 400\">SAMSUNG QE82Q950RBTXXH 8K UHD Smart QLED telev\u00edzi\u00f3<\/span><\/a><span style=\"font-weight: 400\">, 2 999 896 Ft<\/span>\r\n\r\n<a href=\"https:\/\/www.mediamarkt.hu\/catentry\/1291569\"><span style=\"font-weight: 400\">SONY KD85XG9505BAEP 4K UHD Android Smart LED telev\u00edzi\u00f3<\/span><\/a><span style=\"font-weight: 400\">, 1 359 999 Ft<\/span>\r\n\r\n<a href=\"https:\/\/www.mediamarkt.hu\/catentry\/1261725\"><span style=\"font-weight: 400\">LG 49UK6400PLF 4K UHD Smart LED telev\u00edzi\u00f3<\/span><\/a><span style=\"font-weight: 400\">, 119 999 Ft<\/span>\r\n\r\n&nbsp;\r\n\r\n<img loading=\"lazy\" decoding=\"async\" class=\"alignnone size-medium wp-image-8912\" src=\"https:\/\/hir.mediamarkt.hu\/magazin\/wp-content\/uploads\/2019\/06\/MediaMarkt_tv-keszulekek_01-300x224.png\" alt=\"\" width=\"300\" height=\"224\" srcset=\"https:\/\/hir.mediamarkt.hu\/magazin\/wp-content\/uploads\/2019\/06\/MediaMarkt_tv-keszulekek_01-300x224.png 300w, https:\/\/hir.mediamarkt.hu\/magazin\/wp-content\/uploads\/2019\/06\/MediaMarkt_tv-keszulekek_01-275x205.png 275w, https:\/\/hir.mediamarkt.hu\/magazin\/wp-content\/uploads\/2019\/06\/MediaMarkt_tv-keszulekek_01-768x574.png 768w, https:\/\/hir.mediamarkt.hu\/magazin\/wp-content\/uploads\/2019\/06\/MediaMarkt_tv-keszulekek_01-500x375.png 500w, https:\/\/hir.mediamarkt.hu\/magazin\/wp-content\/uploads\/2019\/06\/MediaMarkt_tv-keszulekek_01.png 786w\" sizes=\"(max-width: 300px) 100vw, 300px\" \/> <img loading=\"lazy\" decoding=\"async\" class=\"alignnone size-medium wp-image-8913\" src=\"https:\/\/hir.mediamarkt.hu\/magazin\/wp-content\/uploads\/2019\/06\/MediaMarkt_tv-keszulekek_01a-300x224.png\" alt=\"\" width=\"300\" height=\"224\" srcset=\"https:\/\/hir.mediamarkt.hu\/magazin\/wp-content\/uploads\/2019\/06\/MediaMarkt_tv-keszulekek_01a-300x224.png 300w, https:\/\/hir.mediamarkt.hu\/magazin\/wp-content\/uploads\/2019\/06\/MediaMarkt_tv-keszulekek_01a-275x205.png 275w, https:\/\/hir.mediamarkt.hu\/magazin\/wp-content\/uploads\/2019\/06\/MediaMarkt_tv-keszulekek_01a-768x574.png 768w, https:\/\/hir.mediamarkt.hu\/magazin\/wp-content\/uploads\/2019\/06\/MediaMarkt_tv-keszulekek_01a-500x375.png 500w, https:\/\/hir.mediamarkt.hu\/magazin\/wp-content\/uploads\/2019\/06\/MediaMarkt_tv-keszulekek_01a.png 786w\" sizes=\"(max-width: 300px) 100vw, 300px\" \/> <img loading=\"lazy\" decoding=\"async\" class=\"alignnone size-medium wp-image-8914\" src=\"https:\/\/hir.mediamarkt.hu\/magazin\/wp-content\/uploads\/2019\/06\/MediaMarkt_tv-keszulekek_01b-300x224.png\" alt=\"\" width=\"300\" height=\"224\" srcset=\"https:\/\/hir.mediamarkt.hu\/magazin\/wp-content\/uploads\/2019\/06\/MediaMarkt_tv-keszulekek_01b-300x224.png 300w, https:\/\/hir.mediamarkt.hu\/magazin\/wp-content\/uploads\/2019\/06\/MediaMarkt_tv-keszulekek_01b-275x205.png 275w, https:\/\/hir.mediamarkt.hu\/magazin\/wp-content\/uploads\/2019\/06\/MediaMarkt_tv-keszulekek_01b-768x574.png 768w, https:\/\/hir.mediamarkt.hu\/magazin\/wp-content\/uploads\/2019\/06\/MediaMarkt_tv-keszulekek_01b-500x375.png 500w, https:\/\/hir.mediamarkt.hu\/magazin\/wp-content\/uploads\/2019\/06\/MediaMarkt_tv-keszulekek_01b.png 786w\" sizes=\"(max-width: 300px) 100vw, 300px\" \/> <img loading=\"lazy\" decoding=\"async\" class=\"alignnone size-medium wp-image-8915\" src=\"https:\/\/hir.mediamarkt.hu\/magazin\/wp-content\/uploads\/2019\/06\/MediaMarkt_tv-keszulekek_01c-1-300x224.png\" alt=\"\" width=\"300\" height=\"224\" srcset=\"https:\/\/hir.mediamarkt.hu\/magazin\/wp-content\/uploads\/2019\/06\/MediaMarkt_tv-keszulekek_01c-1-300x224.png 300w, https:\/\/hir.mediamarkt.hu\/magazin\/wp-content\/uploads\/2019\/06\/MediaMarkt_tv-keszulekek_01c-1-275x205.png 275w, https:\/\/hir.mediamarkt.hu\/magazin\/wp-content\/uploads\/2019\/06\/MediaMarkt_tv-keszulekek_01c-1-768x574.png 768w, https:\/\/hir.mediamarkt.hu\/magazin\/wp-content\/uploads\/2019\/06\/MediaMarkt_tv-keszulekek_01c-1-500x375.png 500w, https:\/\/hir.mediamarkt.hu\/magazin\/wp-content\/uploads\/2019\/06\/MediaMarkt_tv-keszulekek_01c-1.png 786w\" sizes=\"(max-width: 300px) 100vw, 300px\" \/> <img loading=\"lazy\" decoding=\"async\" class=\"alignnone size-medium wp-image-8916\" src=\"https:\/\/hir.mediamarkt.hu\/magazin\/wp-content\/uploads\/2019\/06\/MediaMarkt_tv-keszulekek_02-300x224.png\" alt=\"\" width=\"300\" height=\"224\" srcset=\"https:\/\/hir.mediamarkt.hu\/magazin\/wp-content\/uploads\/2019\/06\/MediaMarkt_tv-keszulekek_02-300x224.png 300w, https:\/\/hir.mediamarkt.hu\/magazin\/wp-content\/uploads\/2019\/06\/MediaMarkt_tv-keszulekek_02-275x205.png 275w, https:\/\/hir.mediamarkt.hu\/magazin\/wp-content\/uploads\/2019\/06\/MediaMarkt_tv-keszulekek_02-768x574.png 768w, https:\/\/hir.mediamarkt.hu\/magazin\/wp-content\/uploads\/2019\/06\/MediaMarkt_tv-keszulekek_02-500x375.png 500w, https:\/\/hir.mediamarkt.hu\/magazin\/wp-content\/uploads\/2019\/06\/MediaMarkt_tv-keszulekek_02.png 786w\" sizes=\"(max-width: 300px) 100vw, 300px\" \/> <img loading=\"lazy\" decoding=\"async\" class=\"alignnone size-medium wp-image-8917\" src=\"https:\/\/hir.mediamarkt.hu\/magazin\/wp-content\/uploads\/2019\/06\/MediaMarkt_tv-keszulekek_02a-300x224.png\" alt=\"\" width=\"300\" height=\"224\" srcset=\"https:\/\/hir.mediamarkt.hu\/magazin\/wp-content\/uploads\/2019\/06\/MediaMarkt_tv-keszulekek_02a-300x224.png 300w, https:\/\/hir.mediamarkt.hu\/magazin\/wp-content\/uploads\/2019\/06\/MediaMarkt_tv-keszulekek_02a-275x205.png 275w, https:\/\/hir.mediamarkt.hu\/magazin\/wp-content\/uploads\/2019\/06\/MediaMarkt_tv-keszulekek_02a-768x574.png 768w, https:\/\/hir.mediamarkt.hu\/magazin\/wp-content\/uploads\/2019\/06\/MediaMarkt_tv-keszulekek_02a-500x375.png 500w, https:\/\/hir.mediamarkt.hu\/magazin\/wp-content\/uploads\/2019\/06\/MediaMarkt_tv-keszulekek_02a.png 786w\" sizes=\"(max-width: 300px) 100vw, 300px\" \/> <img loading=\"lazy\" decoding=\"async\" class=\"alignnone size-medium wp-image-8918\" src=\"https:\/\/hir.mediamarkt.hu\/magazin\/wp-content\/uploads\/2019\/06\/MediaMarkt_tv-keszulekek_03-300x224.png\" alt=\"\" width=\"300\" height=\"224\" srcset=\"https:\/\/hir.mediamarkt.hu\/magazin\/wp-content\/uploads\/2019\/06\/MediaMarkt_tv-keszulekek_03-300x224.png 300w, https:\/\/hir.mediamarkt.hu\/magazin\/wp-content\/uploads\/2019\/06\/MediaMarkt_tv-keszulekek_03-275x205.png 275w, https:\/\/hir.mediamarkt.hu\/magazin\/wp-content\/uploads\/2019\/06\/MediaMarkt_tv-keszulekek_03-768x574.png 768w, https:\/\/hir.mediamarkt.hu\/magazin\/wp-content\/uploads\/2019\/06\/MediaMarkt_tv-keszulekek_03-500x375.png 500w, https:\/\/hir.mediamarkt.hu\/magazin\/wp-content\/uploads\/2019\/06\/MediaMarkt_tv-keszulekek_03.png 786w\" sizes=\"(max-width: 300px) 100vw, 300px\" \/>","protected":false},"excerpt":{"rendered":"Nagy t\u00e9rben \u00e9s kiterjed\u00e9sben. \u00c9s nagy felbont\u00e1sban. Bevezet\u00e9s a 4 \u00e9s a 8k tv k\u00e9sz\u00fcl\u00e9kek vil\u00e1g\u00e1ba a vizu\u00e1lis \u00e9lm\u00e9nyek szerelmeseinek \u00e9s a p\u00e9nz\u00fcket megfontoltan k\u00f6lt\u0151 v\u00e1s\u00e1rl\u00f3knak!","protected":false},"author":13,"featured_media":8915,"comment_status":"open","ping_status":"open","sticky":false,"template":"","format":"standard","meta":{"wprm-recipe-roundup-name":"","wprm-recipe-roundup-description":"","footnotes":""},"categories":[5946,5978],"tags":[1023,1106,3478,200,2198,1512,3477,298,2127,2173,3012,2191,32,46,1932,240,1299,3479,3475,1024,3476,290],"yoast_head":"<!-- This site is optimized with the Yoast SEO plugin v22.9 - https:\/\/yoast.com\/wordpress\/plugins\/seo\/ -->\n<title>4k? 8k? Mit tudnak a \u201cnagy\u201d tv k\u00e9sz\u00fcl\u00e9kek \u00e9s mi\u00e9rt j\u00f3 ez nekem? - MediaMarkt Magazin<\/title>\n<meta name=\"description\" content=\"A 4k tv k\u00e9sz\u00fcl\u00e9kek ut\u00e1n nyakunkon vannak a 8k-s verzi\u00f3k. Kinek \u00e9s mi\u00e9rt \u00e9ri meg nagyobb \u00f6sszeget befeketni egy tv-be? A j\u00f6v\u0151 itt van, mutatjuk!\" \/>\n<meta name=\"robots\" content=\"index, follow, max-snippet:-1, max-image-preview:large, max-video-preview:-1\" \/>\n<link rel=\"canonical\" href=\"https:\/\/hir.mediamarkt.hu\/magazin\/4k-8k-tv-keszulekek-mediamarkt\/\" \/>\n<meta property=\"og:locale\" content=\"hu_HU\" \/>\n<meta property=\"og:type\" content=\"article\" \/>\n<meta property=\"og:title\" content=\"4k? 8k? Mit tudnak a \u201cnagy\u201d tv k\u00e9sz\u00fcl\u00e9kek \u00e9s mi\u00e9rt j\u00f3 ez nekem? - MediaMarkt Magazin\" \/>\n<meta property=\"og:description\" content=\"A 4k tv k\u00e9sz\u00fcl\u00e9kek ut\u00e1n nyakunkon vannak a 8k-s verzi\u00f3k. Kinek \u00e9s mi\u00e9rt \u00e9ri meg nagyobb \u00f6sszeget befeketni egy tv-be? A j\u00f6v\u0151 itt van, mutatjuk!\" \/>\n<meta property=\"og:url\" content=\"https:\/\/hir.mediamarkt.hu\/magazin\/4k-8k-tv-keszulekek-mediamarkt\/\" \/>\n<meta property=\"og:site_name\" content=\"MediaMarkt Magazin\" \/>\n<meta property=\"article:publisher\" content=\"https:\/\/www.facebook.com\/MediaMarktMagyarorszag\" \/>\n<meta property=\"article:published_time\" content=\"2019-06-30T08:51:32+00:00\" \/>\n<meta property=\"article:modified_time\" content=\"2019-06-30T08:57:35+00:00\" \/>\n<meta property=\"og:image\" content=\"https:\/\/hir.mediamarkt.hu\/magazin\/wp-content\/uploads\/2019\/06\/MediaMarkt_tv-keszulekek_01c-1.png\" \/>\n\t<meta property=\"og:image:width\" content=\"786\" \/>\n\t<meta property=\"og:image:height\" content=\"587\" \/>\n\t<meta property=\"og:image:type\" content=\"image\/png\" \/>\n<meta name=\"author\" content=\"Media Markt\" \/>\n<meta name=\"twitter:label1\" content=\"Szerz\u0151:\" \/>\n\t<meta name=\"twitter:data1\" content=\"Media Markt\" \/>\n\t<meta name=\"twitter:label2\" content=\"Becs\u00fclt olvas\u00e1si id\u0151\" \/>\n\t<meta name=\"twitter:data2\" content=\"10 perc\" \/>\n<script type=\"application\/ld+json\" class=\"yoast-schema-graph\">{\"@context\":\"https:\/\/schema.org\",\"@graph\":[{\"@type\":\"WebPage\",\"@id\":\"https:\/\/hir.mediamarkt.hu\/magazin\/4k-8k-tv-keszulekek-mediamarkt\/\",\"url\":\"https:\/\/hir.mediamarkt.hu\/magazin\/4k-8k-tv-keszulekek-mediamarkt\/\",\"name\":\"4k? 8k? Mit tudnak a \u201cnagy\u201d tv k\u00e9sz\u00fcl\u00e9kek \u00e9s mi\u00e9rt j\u00f3 ez nekem? - MediaMarkt Magazin\",\"isPartOf\":{\"@id\":\"https:\/\/hir.mediamarkt.hu\/magazin\/#website\"},\"primaryImageOfPage\":{\"@id\":\"https:\/\/hir.mediamarkt.hu\/magazin\/4k-8k-tv-keszulekek-mediamarkt\/#primaryimage\"},\"image\":{\"@id\":\"https:\/\/hir.mediamarkt.hu\/magazin\/4k-8k-tv-keszulekek-mediamarkt\/#primaryimage\"},\"thumbnailUrl\":\"https:\/\/hir.mediamarkt.hu\/magazin\/wp-content\/uploads\/2019\/06\/MediaMarkt_tv-keszulekek_01c-1.png\",\"datePublished\":\"2019-06-30T08:51:32+00:00\",\"dateModified\":\"2019-06-30T08:57:35+00:00\",\"author\":{\"@id\":\"https:\/\/hir.mediamarkt.hu\/magazin\/#\/schema\/person\/b93b02ec1ab4d2353f8d281e171c1b0b\"},\"description\":\"A 4k tv k\u00e9sz\u00fcl\u00e9kek ut\u00e1n nyakunkon vannak a 8k-s verzi\u00f3k. Kinek \u00e9s mi\u00e9rt \u00e9ri meg nagyobb \u00f6sszeget befeketni egy tv-be? A j\u00f6v\u0151 itt van, mutatjuk!\",\"breadcrumb\":{\"@id\":\"https:\/\/hir.mediamarkt.hu\/magazin\/4k-8k-tv-keszulekek-mediamarkt\/#breadcrumb\"},\"inLanguage\":\"hu\",\"potentialAction\":[{\"@type\":\"ReadAction\",\"target\":[\"https:\/\/hir.mediamarkt.hu\/magazin\/4k-8k-tv-keszulekek-mediamarkt\/\"]}]},{\"@type\":\"ImageObject\",\"inLanguage\":\"hu\",\"@id\":\"https:\/\/hir.mediamarkt.hu\/magazin\/4k-8k-tv-keszulekek-mediamarkt\/#primaryimage\",\"url\":\"https:\/\/hir.mediamarkt.hu\/magazin\/wp-content\/uploads\/2019\/06\/MediaMarkt_tv-keszulekek_01c-1.png\",\"contentUrl\":\"https:\/\/hir.mediamarkt.hu\/magazin\/wp-content\/uploads\/2019\/06\/MediaMarkt_tv-keszulekek_01c-1.png\",\"width\":786,\"height\":587},{\"@type\":\"BreadcrumbList\",\"@id\":\"https:\/\/hir.mediamarkt.hu\/magazin\/4k-8k-tv-keszulekek-mediamarkt\/#breadcrumb\",\"itemListElement\":[{\"@type\":\"ListItem\",\"position\":1,\"name\":\"Kezd\u0151lap\",\"item\":\"https:\/\/hir.mediamarkt.hu\/magazin\/\"},{\"@type\":\"ListItem\",\"position\":2,\"name\":\"4k? 8k? Mit tudnak a \u201cnagy\u201d tv k\u00e9sz\u00fcl\u00e9kek \u00e9s mi\u00e9rt j\u00f3 ez nekem?\"}]},{\"@type\":\"WebSite\",\"@id\":\"https:\/\/hir.mediamarkt.hu\/magazin\/#website\",\"url\":\"https:\/\/hir.mediamarkt.hu\/magazin\/\",\"name\":\"MediaMarkt Magazin\",\"description\":\"Olvass bele magazinunkba!\",\"potentialAction\":[{\"@type\":\"SearchAction\",\"target\":{\"@type\":\"EntryPoint\",\"urlTemplate\":\"https:\/\/hir.mediamarkt.hu\/magazin\/?s={search_term_string}\"},\"query-input\":\"required name=search_term_string\"}],\"inLanguage\":\"hu\"},{\"@type\":\"Person\",\"@id\":\"https:\/\/hir.mediamarkt.hu\/magazin\/#\/schema\/person\/b93b02ec1ab4d2353f8d281e171c1b0b\",\"name\":\"Media Markt\",\"image\":{\"@type\":\"ImageObject\",\"inLanguage\":\"hu\",\"@id\":\"https:\/\/hir.mediamarkt.hu\/magazin\/#\/schema\/person\/image\/\",\"url\":\"https:\/\/secure.gravatar.com\/avatar\/602bccae8998beee472d01909f0978f1?s=96&d=mm&r=g\",\"contentUrl\":\"https:\/\/secure.gravatar.com\/avatar\/602bccae8998beee472d01909f0978f1?s=96&d=mm&r=g\",\"caption\":\"Media Markt\"}}]}<\/script>\n<!-- \/ Yoast SEO plugin. -->","yoast_head_json":{"title":"4k? 8k? Mit tudnak a \u201cnagy\u201d tv k\u00e9sz\u00fcl\u00e9kek \u00e9s mi\u00e9rt j\u00f3 ez nekem? - MediaMarkt Magazin","description":"A 4k tv k\u00e9sz\u00fcl\u00e9kek ut\u00e1n nyakunkon vannak a 8k-s verzi\u00f3k. Kinek \u00e9s mi\u00e9rt \u00e9ri meg nagyobb \u00f6sszeget befeketni egy tv-be? A j\u00f6v\u0151 itt van, mutatjuk!","robots":{"index":"index","follow":"follow","max-snippet":"max-snippet:-1","max-image-preview":"max-image-preview:large","max-video-preview":"max-video-preview:-1"},"canonical":"https:\/\/hir.mediamarkt.hu\/magazin\/4k-8k-tv-keszulekek-mediamarkt\/","og_locale":"hu_HU","og_type":"article","og_title":"4k? 8k? Mit tudnak a \u201cnagy\u201d tv k\u00e9sz\u00fcl\u00e9kek \u00e9s mi\u00e9rt j\u00f3 ez nekem? - MediaMarkt Magazin","og_description":"A 4k tv k\u00e9sz\u00fcl\u00e9kek ut\u00e1n nyakunkon vannak a 8k-s verzi\u00f3k. Kinek \u00e9s mi\u00e9rt \u00e9ri meg nagyobb \u00f6sszeget befeketni egy tv-be? A j\u00f6v\u0151 itt van, mutatjuk!","og_url":"https:\/\/hir.mediamarkt.hu\/magazin\/4k-8k-tv-keszulekek-mediamarkt\/","og_site_name":"MediaMarkt Magazin","article_publisher":"https:\/\/www.facebook.com\/MediaMarktMagyarorszag","article_published_time":"2019-06-30T08:51:32+00:00","article_modified_time":"2019-06-30T08:57:35+00:00","og_image":[{"width":786,"height":587,"url":"https:\/\/hir.mediamarkt.hu\/magazin\/wp-content\/uploads\/2019\/06\/MediaMarkt_tv-keszulekek_01c-1.png","type":"image\/png"}],"author":"Media Markt","twitter_misc":{"Szerz\u0151:":"Media Markt","Becs\u00fclt olvas\u00e1si id\u0151":"10 perc"},"schema":{"@context":"https:\/\/schema.org","@graph":[{"@type":"WebPage","@id":"https:\/\/hir.mediamarkt.hu\/magazin\/4k-8k-tv-keszulekek-mediamarkt\/","url":"https:\/\/hir.mediamarkt.hu\/magazin\/4k-8k-tv-keszulekek-mediamarkt\/","name":"4k? 8k? Mit tudnak a \u201cnagy\u201d tv k\u00e9sz\u00fcl\u00e9kek \u00e9s mi\u00e9rt j\u00f3 ez nekem? - MediaMarkt Magazin","isPartOf":{"@id":"https:\/\/hir.mediamarkt.hu\/magazin\/#website"},"primaryImageOfPage":{"@id":"https:\/\/hir.mediamarkt.hu\/magazin\/4k-8k-tv-keszulekek-mediamarkt\/#primaryimage"},"image":{"@id":"https:\/\/hir.mediamarkt.hu\/magazin\/4k-8k-tv-keszulekek-mediamarkt\/#primaryimage"},"thumbnailUrl":"https:\/\/hir.mediamarkt.hu\/magazin\/wp-content\/uploads\/2019\/06\/MediaMarkt_tv-keszulekek_01c-1.png","datePublished":"2019-06-30T08:51:32+00:00","dateModified":"2019-06-30T08:57:35+00:00","author":{"@id":"https:\/\/hir.mediamarkt.hu\/magazin\/#\/schema\/person\/b93b02ec1ab4d2353f8d281e171c1b0b"},"description":"A 4k tv k\u00e9sz\u00fcl\u00e9kek ut\u00e1n nyakunkon vannak a 8k-s verzi\u00f3k. Kinek \u00e9s mi\u00e9rt \u00e9ri meg nagyobb \u00f6sszeget befeketni egy tv-be? A j\u00f6v\u0151 itt van, mutatjuk!","breadcrumb":{"@id":"https:\/\/hir.mediamarkt.hu\/magazin\/4k-8k-tv-keszulekek-mediamarkt\/#breadcrumb"},"inLanguage":"hu","potentialAction":[{"@type":"ReadAction","target":["https:\/\/hir.mediamarkt.hu\/magazin\/4k-8k-tv-keszulekek-mediamarkt\/"]}]},{"@type":"ImageObject","inLanguage":"hu","@id":"https:\/\/hir.mediamarkt.hu\/magazin\/4k-8k-tv-keszulekek-mediamarkt\/#primaryimage","url":"https:\/\/hir.mediamarkt.hu\/magazin\/wp-content\/uploads\/2019\/06\/MediaMarkt_tv-keszulekek_01c-1.png","contentUrl":"https:\/\/hir.mediamarkt.hu\/magazin\/wp-content\/uploads\/2019\/06\/MediaMarkt_tv-keszulekek_01c-1.png","width":786,"height":587},{"@type":"BreadcrumbList","@id":"https:\/\/hir.mediamarkt.hu\/magazin\/4k-8k-tv-keszulekek-mediamarkt\/#breadcrumb","itemListElement":[{"@type":"ListItem","position":1,"name":"Kezd\u0151lap","item":"https:\/\/hir.mediamarkt.hu\/magazin\/"},{"@type":"ListItem","position":2,"name":"4k? 8k? Mit tudnak a \u201cnagy\u201d tv k\u00e9sz\u00fcl\u00e9kek \u00e9s mi\u00e9rt j\u00f3 ez nekem?"}]},{"@type":"WebSite","@id":"https:\/\/hir.mediamarkt.hu\/magazin\/#website","url":"https:\/\/hir.mediamarkt.hu\/magazin\/","name":"MediaMarkt Magazin","description":"Olvass bele magazinunkba!","potentialAction":[{"@type":"SearchAction","target":{"@type":"EntryPoint","urlTemplate":"https:\/\/hir.mediamarkt.hu\/magazin\/?s={search_term_string}"},"query-input":"required name=search_term_string"}],"inLanguage":"hu"},{"@type":"Person","@id":"https:\/\/hir.mediamarkt.hu\/magazin\/#\/schema\/person\/b93b02ec1ab4d2353f8d281e171c1b0b","name":"Media Markt","image":{"@type":"ImageObject","inLanguage":"hu","@id":"https:\/\/hir.mediamarkt.hu\/magazin\/#\/schema\/person\/image\/","url":"https:\/\/secure.gravatar.com\/avatar\/602bccae8998beee472d01909f0978f1?s=96&d=mm&r=g","contentUrl":"https:\/\/secure.gravatar.com\/avatar\/602bccae8998beee472d01909f0978f1?s=96&d=mm&r=g","caption":"Media Markt"}}]}},"_links":{"self":[{"href":"https:\/\/hir.mediamarkt.hu\/magazin\/wp-json\/wp\/v2\/posts\/8905"}],"collection":[{"href":"https:\/\/hir.mediamarkt.hu\/magazin\/wp-json\/wp\/v2\/posts"}],"about":[{"href":"https:\/\/hir.mediamarkt.hu\/magazin\/wp-json\/wp\/v2\/types\/post"}],"author":[{"embeddable":true,"href":"https:\/\/hir.mediamarkt.hu\/magazin\/wp-json\/wp\/v2\/users\/13"}],"replies":[{"embeddable":true,"href":"https:\/\/hir.mediamarkt.hu\/magazin\/wp-json\/wp\/v2\/comments?post=8905"}],"version-history":[{"count":3,"href":"https:\/\/hir.mediamarkt.hu\/magazin\/wp-json\/wp\/v2\/posts\/8905\/revisions"}],"predecessor-version":[{"id":8921,"href":"https:\/\/hir.mediamarkt.hu\/magazin\/wp-json\/wp\/v2\/posts\/8905\/revisions\/8921"}],"wp:featuredmedia":[{"embeddable":true,"href":"https:\/\/hir.mediamarkt.hu\/magazin\/wp-json\/wp\/v2\/media\/8915"}],"wp:attachment":[{"href":"https:\/\/hir.mediamarkt.hu\/magazin\/wp-json\/wp\/v2\/media?parent=8905"}],"wp:term":[{"taxonomy":"category","embeddable":true,"href":"https:\/\/hir.mediamarkt.hu\/magazin\/wp-json\/wp\/v2\/categories?post=8905"},{"taxonomy":"post_tag","embeddable":true,"href":"https:\/\/hir.mediamarkt.hu\/magazin\/wp-json\/wp\/v2\/tags?post=8905"}],"curies":[{"name":"wp","href":"https:\/\/api.w.org\/{rel}","templated":true}]}}