{"id":8923,"date":"2019-06-30T23:30:20","date_gmt":"2019-06-30T22:30:20","guid":{"rendered":"http:\/\/hir.mediamarkt.hu\/magazin\/?p=8923"},"modified":"2019-07-01T10:36:27","modified_gmt":"2019-07-01T09:36:27","slug":"jabra-elite-85h-teszt","status":"publish","type":"post","link":"https:\/\/hir.mediamarkt.hu\/magazin\/jabra-elite-85h-teszt\/","title":{"rendered":"Kedves, figyelmes, szer\u00e9ny \u00e9s m\u00e1sf\u00e9l napig b\u00edrja &#8211; Jabra Elite 85h fejhallgat\u00f3 teszt"},"content":{"rendered":"<strong>\u00dagy bontottuk ki, hogy Bluetooth-fejhallgat\u00f3 minket m\u00e1r \u00fagysem tud meglepni. Hatalmasat t\u00e9vedt\u00fcnk.<\/strong>\r\n\r\nVisszagondolva vicces, hogy \u00fagy kellett r\u00e1mtukm\u00e1lni a <strong>Jabra<\/strong> cs\u00facsfejhallgat\u00f3j\u00e1t, amikor felmer\u00fclt, hogy valakinek p\u00e1r h\u00e9tig tesztelnie kellene. Az ellen\u00e9rz\u00e9s kisebbik fele onnan j\u00f6tt, hogy b\u00e1r a Bluetooth-fejhallgat\u00f3k piaca v\u00e1ltozatos \u00e9s izgalmas, ezek az eszk\u00f6z\u00f6k sok meglepet\u00e9st az\u00e9rt nem tartogatnak: ha l\u00e1tt\u00e1l m\u00e1r kateg\u00f3ri\u00e1nk\u00e9nt egyet-egyet, nagyj\u00e1b\u00f3l l\u00e1ttad mindet. A nagyobbik fele meg term\u00e9szetesen onnan j\u00f6tt, hogy nekem is van egy k\u00f6z\u00e9pkateg\u00f3ri\u00e1s, \u00e9s rossz \u00e9rz\u00e9s az, amikor megl\u00e1tod (-hallod, -taperolod), hogy mivel marad el az igazi cs\u00facsk\u00e9sz\u00fcl\u00e9kekhez k\u00e9pest, a v\u00e9g\u00e9n pedig f\u00e1j\u00f3 sz\u00edvvel teszed vissza a fejedre, miut\u00e1n ezt vissza kellett adni.\r\n\r\nMost azonban, hogy vissza kell adni, csak egy nagyon kicsit f\u00e1j a sz\u00edvem, ink\u00e1bb h\u00e1l\u00e1s vagyok, hogy megtapasztalhattam mindazt a cukis\u00e1got \u00e9s kedvess\u00e9get, amit a <a href=\"https:\/\/www.emea.jabra.com\/bluetooth-headsets\/jabra-elite-85h#\/#100-99030000-60\" target=\"_blank\" rel=\"noopener noreferrer\"><strong>Jabra Elite 85H<\/strong><\/a> ny\u00fajtott. N\u00e9zz\u00fck is v\u00e9gig, mik ezek!\r\n<h2>K\u00fcls\u0151, design<\/h2>\r\nTetszet\u0151s, de a tud\u00e1s\u00e1hoz k\u00e9pest \u201csemmi extra\u201d dobozban \u00e9rkezik a Jabra, amelynek egy\u00e9bk\u00e9nt fant\u00e1zianeve eleve megt\u00e9veszt\u0151: semmi <em>elite<\/em> nincs benne, \u00e9s ezt a sz\u00f3 lehet\u0151 legjobb \u00e9rtelm\u00e9ben mondom. Aki tudja, milyen k\u00fcllem\u0171, f\u0151leg gamer term\u00e9kekre aggatj\u00e1k ezt a jelz\u0151t, az pontosan \u00e9rti, mire gondolok. Nem, a Jabra nem is pr\u00f3b\u00e1lja felh\u00edvni mag\u00e1ra a figyelmet, diszkr\u00e9t, visszafogott, ink\u00e1bb azoknak t\u0171nhet fel, hogy k\u00fcl\u00f6nleges fejhallgat\u00f3hoz van dolguk, akik k\u00f6zel mennek hozz\u00e1, esetleg meg is tapogatj\u00e1k.\r\n\r\nA 85h pedig puszt\u00e1n t\u00edpusjelz\u00e9s, nem az \u00fczemid\u0151t jelzi! A Jabra egy t\u00f6lt\u00e9ssel \u201ccsak\u201d 36 \u00f3r\u00e1t b\u00edr, ami nagyon-nagyon meggy\u0151z\u0151 a piacon, ezt a gy\u00e1rt\u00f3 r\u00e1ad\u00e1sul folyamatosan bekapcsolt zajsz\u0171r\u0151vel \u00edg\u00e9ri, ha nincs sz\u00fcks\u00e9g r\u00e1, m\u00e9g tov\u00e1bb b\u00edrja. Egy\u00e9bk\u00e9nt nem t\u00faloznak: k\u00f6zepesen felt\u00f6ltve \u00e9rkezett hozz\u00e1m, k\u00e9t h\u00e9tig nagyj\u00e1b\u00f3l napi egy-egy \u00f3ra zen\u00e9t hallgattam rajta \u00e9s a b\u00e1rsonyos hang\u00fa \u00e1llapotjelz\u0151 h\u00f6lgy szerint <em>medium<\/em>r\u00f3l <em>below medium<\/em>ra s\u00fcllyedt az akkumul\u00e1tor.\r\n\r\n<div id=\"attachment_8924\" style=\"width: 2010px\" class=\"wp-caption alignnone\"><img loading=\"lazy\" decoding=\"async\" aria-describedby=\"caption-attachment-8924\" class=\"size-full wp-image-8924\" src=\"https:\/\/hir.mediamarkt.hu\/magazin\/wp-content\/uploads\/2019\/06\/DSC_4799.jpg\" alt=\"jabra elite 85h\" width=\"2000\" height=\"1333\" srcset=\"https:\/\/hir.mediamarkt.hu\/magazin\/wp-content\/uploads\/2019\/06\/DSC_4799.jpg 1440w, https:\/\/hir.mediamarkt.hu\/magazin\/wp-content\/uploads\/2019\/06\/DSC_4799-275x183.jpg 275w, https:\/\/hir.mediamarkt.hu\/magazin\/wp-content\/uploads\/2019\/06\/DSC_4799-300x200.jpg 300w, https:\/\/hir.mediamarkt.hu\/magazin\/wp-content\/uploads\/2019\/06\/DSC_4799-768x512.jpg 768w, https:\/\/hir.mediamarkt.hu\/magazin\/wp-content\/uploads\/2019\/06\/DSC_4799-1024x682.jpg 1024w\" sizes=\"(max-width: 2000px) 100vw, 2000px\" \/><p id=\"caption-attachment-8924\" class=\"wp-caption-text\">Fot\u00f3: Media Markt Magazin<\/p><\/div>\r\n\r\nEl\u0151reszaladtunk, t\u00e9rj\u00fcnk vissza a formatervhez! A Jabra strapab\u00edr\u00f3 \u00e9s eg\u00e9szen bar\u00e1ts\u00e1gos m\u00e9ret\u0171, szil\u00e1rd hordt\u00e1sk\u00e1ban \u00e9rkezik, aki nem f\u00e9l az enyves kez\u0171 rakod\u00f3kt\u00f3l, fel is adhatja a rept\u00e9ren. Ahogy felnyitjuk, felt\u0171nik, hogy k\u00e9t tengely ment\u00e9n \u00f6sszehajthat\u00f3 a fejhallgat\u00f3. Meg az is, hogy t\u00e9nyleg semmi funkci\u00f3tlan csili-vili nincs rajta, legfeljebb egy kis grav\u00edrozott m\u00e1rkajelz\u00e9s a fejp\u00e1nt k\u00e9t v\u00e9g\u00e9n. A t\u00f6bbi: nagyon stabil, m\u00e9gis ruganyos m\u0171anyag \u00e9s b\u0151r, ami el\u00fct a megszokott\u00f3l, az a szerencs\u00e9re szint\u00e9n fekete sz\u00f6vetbor\u00edt\u00e1s, ami otthonos, meleg hat\u00e1st ad a high-tech k\u00fcty\u00fcnek.\r\n\r\nA ruganyos, puha fejp\u00e1nt pont megfelel\u0151 er\u0151vel szor\u00edtja a fej\u00fcnkre az eszk\u00f6zt, nem t\u00fal er\u0151sen, de nem is l\u00f6ty\u00f6g\u0151sen. Biciklizni \u00e9s sportolni an\u00e9lk\u00fcl lehet benne, hogy folyamatosan azon agg\u00f3dn\u00e1nk, leesik-e. A b\u0151r bor\u00edt\u00e1s\u00fa p\u00e1rn\u00e1k pedig szerencs\u00e9re pont akkor\u00e1k, hogy kik\u00fcsz\u00f6b\u00f6lik a hasonl\u00f3 &#8211; ak\u00e1r high-tech &#8211; eszk\u00f6z\u00f6k r\u00e1kfen\u00e9j\u00e9t: azt, hogy a membr\u00e1nt bor\u00edt\u00f3 kem\u00e9ny fel\u00fclet hozz\u00e1\u00e9r a f\u00fclh\u00f6z. Ez sz\u00e1mos nagyszer\u0171 eszk\u00f6zt tesz t\u00f6nkre, emiatt ugyanis f\u00e9l \u00f3ra ut\u00e1n akkor is k\u00e9nyelmetlenn\u00e9 v\u00e1lik a haszn\u00e1latuk, ha els\u0151re nem t\u0171nik v\u00e9szesnek a helyzet.\r\n\r\nIgen, bicikliz\u00e9st \u00edrtam, ami elvileg ebben a t\u00e9m\u00e1ban tilt\u00f3list\u00e1s, azaz j\u00f3 sz\u00edvvel senkinek sem aj\u00e1nlhat\u00f3, hogy kipr\u00f3b\u00e1lja: aki teker, az tudja, hogy \u00fagy is k\u00e9sz kis t\u00fal\u00e9l\u0151t\u00fara minden egyes belv\u00e1rosi \u00fat, hogy hallja, ami k\u00f6r\u00fcl\u00f6tte t\u00f6rt\u00e9nik. Ha nem hallja, szinte bor\u00edt\u00e9kolhat\u00f3 a konfliktus. (J\u00f3 esetben csak az.) A helyzet az, hogy a Jabra ezt is megoldotta, \u00fagyhogy t\u00e9rj\u00fcnk is r\u00e1 a k\u00f6vetkez\u0151 fejezetre!\r\n<h2>Funkci\u00f3k<\/h2>\r\nA Jabra nyilv\u00e1n \u00e9rzi, hogy a technol\u00f3gia jelenleg el\u00e9rte a cs\u00facs\u00e1t: akad a piacon (m\u00e9g Bluetooth-kapcsolaton is) szinte t\u00f6k\u00e9letes hi-fi hangz\u00e1s\u00fa, mindennel megbirk\u00f3z\u00f3 zajsz\u0171r\u00e9ssel \u00e9s k\u00e9zre \u00e1ll\u00f3 kezel\u0151fel\u00fclettel ell\u00e1tott modell. Az Elite 85h is ilyen, az egyetlen teh\u00e1t, amivel n\u00e9mileg ki lehet t\u0171nni a mez\u0151nyb\u0151l, azok a funkci\u00f3k. Ebben az \u00fcgyben pedig semmit sem b\u00edztak a v\u00e9letlenre. El\u0151sz\u00f6r is: a legnagyobb tud\u00e1s\u00fa riv\u00e1lisokat ver\u0151, vagy, ha nem is ver\u0151, \u0151ket megizzaszt\u00f3 akt\u00edv zajsz\u0171r\u00e9st kapott az Elite 85h. Ez egy dedik\u00e1lt gombbal aktiv\u00e1lhat\u00f3, a majdnem t\u00f6k\u00e9letes sz\u0171r\u00e9sr\u0151l pedig n\u00e9gy mikrofon gondoskodik. (A fejhallgat\u00f3ba \u00f6sszesen nyolcat \u00e9p\u00edtettek.)\r\n\r\n<div id=\"attachment_8925\" style=\"width: 2010px\" class=\"wp-caption alignnone\"><img loading=\"lazy\" decoding=\"async\" aria-describedby=\"caption-attachment-8925\" class=\"size-full wp-image-8925\" src=\"https:\/\/hir.mediamarkt.hu\/magazin\/wp-content\/uploads\/2019\/06\/DSC_4800.jpg\" alt=\"jabra elite 85h\" width=\"2000\" height=\"1333\" srcset=\"https:\/\/hir.mediamarkt.hu\/magazin\/wp-content\/uploads\/2019\/06\/DSC_4800.jpg 1440w, https:\/\/hir.mediamarkt.hu\/magazin\/wp-content\/uploads\/2019\/06\/DSC_4800-275x183.jpg 275w, https:\/\/hir.mediamarkt.hu\/magazin\/wp-content\/uploads\/2019\/06\/DSC_4800-300x200.jpg 300w, https:\/\/hir.mediamarkt.hu\/magazin\/wp-content\/uploads\/2019\/06\/DSC_4800-768x512.jpg 768w, https:\/\/hir.mediamarkt.hu\/magazin\/wp-content\/uploads\/2019\/06\/DSC_4800-1024x682.jpg 1024w\" sizes=\"(max-width: 2000px) 100vw, 2000px\" \/><p id=\"caption-attachment-8925\" class=\"wp-caption-text\">Fot\u00f3: Media Markt Magazin<\/p><\/div>\r\n\r\nAz NC (noise cancel) gomb m\u00e1sodszori megnyom\u00e1s\u00e1ra nem kikapcsol a funkci\u00f3, hanem bekapcsol a k\u00fclvil\u00e1g zaj\u00e1t kereszt\u00fclenged\u0151 <strong>HearThrough<\/strong> \u00fczemm\u00f3d. Azaz \u00fagy ereszti be a hangokat, hogy k\u00f6zben a zene hangereje \u00e9s min\u0151s\u00e9ge nem szenved csorb\u00e1t. Ez, mint fent utaltunk r\u00e1, k\u00f6zleked\u00e9s k\u00f6zben fontos, n\u00e9ha (p\u00e9ld\u00e1ul biciklin) sz\u00f3 szerint \u00e9letment\u0151, f\u0151leg, hogy az Elite 85h pontosan, r\u00e9szletgazdagon, j\u00f3l hallhat\u00f3an, m\u00e9gis diszkr\u00e9ten engedi \u00e1t a hangokat a dedik\u00e1lt mikrofonok seg\u00edts\u00e9g\u00e9vel. Maga a zajsz\u0171r\u00e9s pont olyan j\u00f3, mint p\u00e9ld\u00e1ul a Sony cs\u00facsmodellje, \u00e9s kicsit jobb, mint a Sennheiser hasonl\u00f3 kateg\u00f3ri\u00e1s eszk\u00f6zeinek megold\u00e1sa, ilyen hat\u00e9kony HearThrough funkci\u00f3t viszont m\u00e9g nem l\u00e1ttunk.\r\n\r\nJ\u00f3l hangzik m\u00e9g a SmartSound \u00fczemm\u00f3d, amelyet a let\u00f6lthet\u0151 applik\u00e1ci\u00f3val aktiv\u00e1lhatunk. Ilyenkor a be\u00e9p\u00edtett mikrofonok figyelik a k\u00f6rnyezeti hangokat \u00e9s ez alapj\u00e1n eld\u00f6ntik, hol vagyunk, mi t\u00f6rt\u00e9nik k\u00f6r\u00fcl\u00f6tt\u00fcnk \u00e9s mire van sz\u00fcks\u00e9g\u00fcnk. M\u00e9rs\u00e9kelten hat\u00e1sos \u00e9s nem is volt sz\u00fcks\u00e9g\u00fcnk r\u00e1; kipr\u00f3b\u00e1ltuk ugyan, de az els\u0151 \u00e9lm\u00e9ny\u00fcnk az volt, hogy k\u00f6z\u00f6lte, hogy emberek k\u00f6zt vagyunk, amikor bekapcsoltuk a l\u00e9gkondit, \u00e9s r\u00f6gt\u00f6n aktiv\u00e1lta a HearThrough \u00fczemm\u00f3dot. Nyugodtan hanyagoljuk \u00e9s \u00f6r\u00fclj\u00fcnk ink\u00e1bb annak, amit nagyon j\u00f3l tud.\r\n<h2>Hangz\u00e1s<\/h2>\r\nA Jabra ezen t\u00fal meggy\u0151z\u0151 testre szabhat\u00f3s\u00e1ggal kamp\u00e1nyol, ezt pedig pap\u00edron tudja is az Elite 85h: a let\u00f6lthet\u0151 applik\u00e1ci\u00f3val v\u00e1laszthatunk hangs\u00e9m\u00e1t, vagy l\u00e9tre is hozhatunk.\r\n\r\n<div id=\"attachment_8931\" style=\"width: 1660px\" class=\"wp-caption alignnone\"><img loading=\"lazy\" decoding=\"async\" aria-describedby=\"caption-attachment-8931\" class=\"size-full wp-image-8931\" src=\"https:\/\/hir.mediamarkt.hu\/magazin\/wp-content\/uploads\/2019\/06\/jabraapp.jpg\" alt=\"\" width=\"1650\" height=\"1108\" srcset=\"https:\/\/hir.mediamarkt.hu\/magazin\/wp-content\/uploads\/2019\/06\/jabraapp.jpg 1440w, https:\/\/hir.mediamarkt.hu\/magazin\/wp-content\/uploads\/2019\/06\/jabraapp-275x185.jpg 275w, https:\/\/hir.mediamarkt.hu\/magazin\/wp-content\/uploads\/2019\/06\/jabraapp-300x201.jpg 300w, https:\/\/hir.mediamarkt.hu\/magazin\/wp-content\/uploads\/2019\/06\/jabraapp-768x516.jpg 768w, https:\/\/hir.mediamarkt.hu\/magazin\/wp-content\/uploads\/2019\/06\/jabraapp-1024x688.jpg 1024w\" sizes=\"(max-width: 1650px) 100vw, 1650px\" \/><p id=\"caption-attachment-8931\" class=\"wp-caption-text\">Forr\u00e1s: Jabra<\/p><\/div>\r\n\r\nEgyiket sem aj\u00e1nljuk, r\u00e9szben az\u00e9rt, mert a cs\u00faszk\u00e1k (f\u0151leg a basszus) elmozgat\u00e1s\u00e1val cs\u00fany\u00e1n torzulni kezd a zene, f\u0151leg, ha a hanger\u0151t normaliz\u00e1lva hallgatjuk a Spotifyt. R\u00e9szben pedig az\u00e9rt, mert a Jabra alapbe\u00e1ll\u00edt\u00e1sa, teh\u00e1t a null\u00e1s \u00e9rt\u00e9kek szinte t\u00f6k\u00e9letes hangz\u00e1st adnak: er\u0151s, de nem tolakod\u00f3 basszusok \u00e9s finom, meleg r\u00e9szletek eg\u00e9szen a fels\u0151 tartom\u00e1nyokig. Semmi sem cincog, semmi sem z\u00f6r\u00f6g, sehol sem l\u00f3g ki a l\u00f3l\u00e1b, Nina Simone viszkis-karcos \u00e9nekhangj\u00e1val ugyan\u00fagy megbirk\u00f3zik, mint a Slayer (isten veletek, fi\u00fak!) romm\u00e1 gerjesztett \u0151r\u00fclet\u00e9vel \u00e9s a v\u00e9gletekig kimatekozott ritmusk\u00e9pleteivel, vagy az \u00faj (\u00e9s v\u00e9gre megint fantasztikus) Chemical Brothers-album t\u00f6rtjeivel, n\u00e9gynegyedeivel \u00e9s fr\u00f6csk\u00f6l\u0151 acidj\u00e1val.\r\n\r\n<div id=\"attachment_8926\" style=\"width: 2010px\" class=\"wp-caption alignnone\"><img loading=\"lazy\" decoding=\"async\" aria-describedby=\"caption-attachment-8926\" class=\"size-full wp-image-8926\" src=\"https:\/\/hir.mediamarkt.hu\/magazin\/wp-content\/uploads\/2019\/06\/DSC_4803.jpg\" alt=\"jabra elite 85h\" width=\"2000\" height=\"1333\" srcset=\"https:\/\/hir.mediamarkt.hu\/magazin\/wp-content\/uploads\/2019\/06\/DSC_4803.jpg 1440w, https:\/\/hir.mediamarkt.hu\/magazin\/wp-content\/uploads\/2019\/06\/DSC_4803-275x183.jpg 275w, https:\/\/hir.mediamarkt.hu\/magazin\/wp-content\/uploads\/2019\/06\/DSC_4803-300x200.jpg 300w, https:\/\/hir.mediamarkt.hu\/magazin\/wp-content\/uploads\/2019\/06\/DSC_4803-768x512.jpg 768w, https:\/\/hir.mediamarkt.hu\/magazin\/wp-content\/uploads\/2019\/06\/DSC_4803-1024x682.jpg 1024w\" sizes=\"(max-width: 2000px) 100vw, 2000px\" \/><p id=\"caption-attachment-8926\" class=\"wp-caption-text\">Fot\u00f3: Media Markt Magazin<\/p><\/div>\r\n\r\nHa szofisztik\u00e1lt \u00edzl\u00e9s\u0171 zenerajong\u00f3k lenn\u00e9nk, nem ilyen egyszer\u0171 prolik, biztosan \u00e1radozn\u00e1nk a t\u00f6k\u00e9letes felbont\u00e1s\u00fa klasszikus zenem\u0171vekr\u0151l, \u00e9s \u00edrn\u00e1nk olyanokat, hogy \u00fagy \u00e9rezz\u00fck, mintha ott lenn\u00e9nk a hangversenyteremben, de prolik vagyunk, akik \u00e9ppen hogy csak hallj\u00e1k a k\u00fcl\u00f6nbs\u00e9get a Bluetooth- \u00e9s a vezet\u00e9kes hangz\u00e1s k\u00f6zt (a Jabr\u00e1hoz term\u00e9szetesen k\u00e1bel is j\u00e1r), \u00fagyhogy maradjunk abban, hogy az Elite 85h egy nagyon-nagyon j\u00f3 fejhallgat\u00f3.\r\n<h2>A titkos sz\u00f3sz<\/h2>\r\nEz most els\u0151re biztos h\u00fcly\u00e9n hangzik, de musz\u00e1j le\u00edrnunk: lehet, hogy l\u00e9tezik technol\u00f3giailag fejlettebb, illetve pontosabb, r\u00e9szletesebb, jobb hangz\u00e1st ad\u00f3 Bluetooth fejhallgat\u00f3, mint a Jabra cs\u00facsmodellje (igaz, legfeljebb egy-kett\u0151), de kedvesebb aligha. Kezdve ott, hogy nem is kell k\u00fcl\u00f6n bekapcsolni, el\u00e9g p\u00e1rhuzamos helyzetbe ford\u00edtani a k\u00e9t membr\u00e1nt \u00e9s m\u00e1r villan is a led, a meleg hang\u00fa n\u0151 pedig k\u00f6zli, hogy a rendszer k\u00e9sz, \u00e9s m\u00e9g hozz\u00e1toldja az akkumul\u00e1tor \u00e1llapot\u00e1t is. \u00c9rint\u00e9s\u00e9rzkeny fel\u00fclet \u00e9s gesztus\u00e9rz\u00e9kel\u00e9s nincs (szerencs\u00e9re &#8211; mind bizonytalan volt, amit eddig tesztelt\u00fcnk), cser\u00e9be a kellemes sz\u00f6vetbor\u00edt\u00e1s rejti az el\u0151re-h\u00e1tra \u00e9s a lej\u00e1tsz\u00e1s\/sz\u00fcnet gombokat. H\u00edv\u00e1st is ezekkel fogadhatunk vagy utas\u00edthatunk el, ha olyan a szitu. Az pedig t\u00e9nyleg csak hab a tort\u00e1n, hogy egy k\u00fcl\u00f6n kis k\u00f6zels\u00e9g\u00e9rz\u00e9kel\u0151nek h\u00e1la pontosan tudja, mikor vessz\u00fck le a fej\u00fcnkr\u0151l &#8211; ilyenkor engedelmesen sz\u00fcnetelteti a lej\u00e1tsz\u00e1st. Ezt persze kikapcsolhatjuk az appban.\r\n\r\n<div id=\"attachment_8927\" style=\"width: 2010px\" class=\"wp-caption alignnone\"><img loading=\"lazy\" decoding=\"async\" aria-describedby=\"caption-attachment-8927\" class=\"size-full wp-image-8927\" src=\"https:\/\/hir.mediamarkt.hu\/magazin\/wp-content\/uploads\/2019\/06\/DSC_4804.jpg\" alt=\"jabra elite 85h\" width=\"2000\" height=\"1333\" srcset=\"https:\/\/hir.mediamarkt.hu\/magazin\/wp-content\/uploads\/2019\/06\/DSC_4804.jpg 1440w, https:\/\/hir.mediamarkt.hu\/magazin\/wp-content\/uploads\/2019\/06\/DSC_4804-275x183.jpg 275w, https:\/\/hir.mediamarkt.hu\/magazin\/wp-content\/uploads\/2019\/06\/DSC_4804-300x200.jpg 300w, https:\/\/hir.mediamarkt.hu\/magazin\/wp-content\/uploads\/2019\/06\/DSC_4804-768x512.jpg 768w, https:\/\/hir.mediamarkt.hu\/magazin\/wp-content\/uploads\/2019\/06\/DSC_4804-1024x682.jpg 1024w\" sizes=\"(max-width: 2000px) 100vw, 2000px\" \/><p id=\"caption-attachment-8927\" class=\"wp-caption-text\">Fot\u00f3: Media Markt Magazin<\/p><\/div>\r\n\r\nIlyet m\u00e9g egy sz\u00f3rakoztat\u00f3elektronikai eszk\u00f6zr\u0151l sem \u00edrtunk le, de itt az ideje: a Jabra Elite 85h fejhallgat\u00f3t eg\u00e9szen konkr\u00e9tan a sz\u00edv\u00fcnkbe z\u00e1rtuk.","protected":false},"excerpt":{"rendered":"\u00dagy bontottuk ki, hogy Bluetooth-fejhallgat\u00f3 minket m\u00e1r \u00fagysem tud meglepni. Hatalmasat t\u00e9vedt\u00fcnk. Visszagondolva vicces, hogy \u00fagy kellett r\u00e1mtukm\u00e1lni a Jabra cs\u00facsfejhallgat\u00f3j\u00e1t, amikor felmer\u00fclt, hogy valakinek p\u00e1r h\u00e9tig tesztelnie kellene. Az ellen\u00e9rz\u00e9s kisebbik fele onnan j\u00f6tt, hogy b\u00e1r a Bluetooth-fejhallgat\u00f3k piaca v\u00e1ltozatos \u00e9s izgalmas, ezek az eszk\u00f6z\u00f6k sok meglepet\u00e9st az\u00e9rt nem tartogatnak: ha l\u00e1tt\u00e1l m\u00e1r kateg\u00f3ri\u00e1nk\u00e9nt egyet-egyet, nagyj\u00e1b\u00f3l l\u00e1ttad mindet. A nagyobbik fele meg term\u00e9szetesen onnan j\u00f6tt, hogy nekem is van egy k\u00f6z\u00e9pkateg\u00f3ri\u00e1s, \u00e9s rossz \u00e9rz\u00e9s az, amikor megl\u00e1tod (-hallod, -taperolod), hogy mivel marad el az igazi cs\u00facsk\u00e9sz\u00fcl\u00e9kekhez k\u00e9pest, a v\u00e9g\u00e9n pedig f\u00e1j\u00f3 sz\u00edvvel teszed vissza a fejedre, miut\u00e1n ezt vissza kellett adni. Most azonban, hogy vissza kell adni, csak egy nagyon kicsit f\u00e1j a sz\u00edvem, ink\u00e1bb h\u00e1l\u00e1s vagyok, hogy megtapasztalhattam &#8230;","protected":false},"author":22,"featured_media":8935,"comment_status":"open","ping_status":"open","sticky":false,"template":"","format":"standard","meta":{"wprm-recipe-roundup-name":"","wprm-recipe-roundup-description":"","footnotes":""},"categories":[5948,5946],"tags":[108,400,3480,3481,82],"yoast_head":"<!-- This site is optimized with the Yoast SEO plugin v22.9 - https:\/\/yoast.com\/wordpress\/plugins\/seo\/ -->\n<title>Kedves, figyelmes, szer\u00e9ny \u00e9s m\u00e1sf\u00e9l napig b\u00edrja - Jabra Elite 85h fejhallgat\u00f3 teszt - MediaMarkt Magazin<\/title>\n<meta name=\"description\" content=\"Jabra Elite 85h Bluetooth fejhallgat\u00f3 teszt\" \/>\n<meta name=\"robots\" content=\"index, follow, max-snippet:-1, max-image-preview:large, max-video-preview:-1\" \/>\n<link rel=\"canonical\" href=\"https:\/\/hir.mediamarkt.hu\/magazin\/jabra-elite-85h-teszt\/\" \/>\n<meta property=\"og:locale\" content=\"hu_HU\" \/>\n<meta property=\"og:type\" content=\"article\" \/>\n<meta property=\"og:title\" content=\"Kedves, figyelmes, szer\u00e9ny \u00e9s m\u00e1sf\u00e9l napig b\u00edrja - Jabra Elite 85h fejhallgat\u00f3 teszt - MediaMarkt Magazin\" \/>\n<meta property=\"og:description\" content=\"Jabra Elite 85h Bluetooth fejhallgat\u00f3 teszt\" \/>\n<meta property=\"og:url\" content=\"https:\/\/hir.mediamarkt.hu\/magazin\/jabra-elite-85h-teszt\/\" \/>\n<meta property=\"og:site_name\" content=\"MediaMarkt Magazin\" \/>\n<meta property=\"article:publisher\" content=\"https:\/\/www.facebook.com\/MediaMarktMagyarorszag\" \/>\n<meta property=\"article:published_time\" content=\"2019-06-30T22:30:20+00:00\" \/>\n<meta property=\"article:modified_time\" content=\"2019-07-01T09:36:27+00:00\" \/>\n<meta property=\"og:image\" content=\"https:\/\/hir.mediamarkt.hu\/magazin\/wp-content\/uploads\/2019\/06\/Media-Markt-jabra-elite-85-H-teszt.png\" \/>\n\t<meta property=\"og:image:width\" content=\"1365\" \/>\n\t<meta property=\"og:image:height\" content=\"825\" \/>\n\t<meta property=\"og:image:type\" content=\"image\/png\" \/>\n<meta name=\"author\" content=\"Nemenyi\" \/>\n<meta name=\"twitter:label1\" content=\"Szerz\u0151:\" \/>\n\t<meta name=\"twitter:data1\" content=\"Nemenyi\" \/>\n\t<meta name=\"twitter:label2\" content=\"Becs\u00fclt olvas\u00e1si id\u0151\" \/>\n\t<meta name=\"twitter:data2\" content=\"8 perc\" \/>\n<script type=\"application\/ld+json\" class=\"yoast-schema-graph\">{\"@context\":\"https:\/\/schema.org\",\"@graph\":[{\"@type\":\"WebPage\",\"@id\":\"https:\/\/hir.mediamarkt.hu\/magazin\/jabra-elite-85h-teszt\/\",\"url\":\"https:\/\/hir.mediamarkt.hu\/magazin\/jabra-elite-85h-teszt\/\",\"name\":\"Kedves, figyelmes, szer\u00e9ny \u00e9s m\u00e1sf\u00e9l napig b\u00edrja - Jabra Elite 85h fejhallgat\u00f3 teszt - MediaMarkt Magazin\",\"isPartOf\":{\"@id\":\"https:\/\/hir.mediamarkt.hu\/magazin\/#website\"},\"primaryImageOfPage\":{\"@id\":\"https:\/\/hir.mediamarkt.hu\/magazin\/jabra-elite-85h-teszt\/#primaryimage\"},\"image\":{\"@id\":\"https:\/\/hir.mediamarkt.hu\/magazin\/jabra-elite-85h-teszt\/#primaryimage\"},\"thumbnailUrl\":\"https:\/\/hir.mediamarkt.hu\/magazin\/wp-content\/uploads\/2019\/06\/Media-Markt-jabra-elite-85-H-teszt.png\",\"datePublished\":\"2019-06-30T22:30:20+00:00\",\"dateModified\":\"2019-07-01T09:36:27+00:00\",\"author\":{\"@id\":\"https:\/\/hir.mediamarkt.hu\/magazin\/#\/schema\/person\/f4a17b2dc97f2e2bf1b88a89d4ef7d05\"},\"description\":\"Jabra Elite 85h Bluetooth fejhallgat\u00f3 teszt\",\"breadcrumb\":{\"@id\":\"https:\/\/hir.mediamarkt.hu\/magazin\/jabra-elite-85h-teszt\/#breadcrumb\"},\"inLanguage\":\"hu\",\"potentialAction\":[{\"@type\":\"ReadAction\",\"target\":[\"https:\/\/hir.mediamarkt.hu\/magazin\/jabra-elite-85h-teszt\/\"]}]},{\"@type\":\"ImageObject\",\"inLanguage\":\"hu\",\"@id\":\"https:\/\/hir.mediamarkt.hu\/magazin\/jabra-elite-85h-teszt\/#primaryimage\",\"url\":\"https:\/\/hir.mediamarkt.hu\/magazin\/wp-content\/uploads\/2019\/06\/Media-Markt-jabra-elite-85-H-teszt.png\",\"contentUrl\":\"https:\/\/hir.mediamarkt.hu\/magazin\/wp-content\/uploads\/2019\/06\/Media-Markt-jabra-elite-85-H-teszt.png\",\"width\":1365,\"height\":825},{\"@type\":\"BreadcrumbList\",\"@id\":\"https:\/\/hir.mediamarkt.hu\/magazin\/jabra-elite-85h-teszt\/#breadcrumb\",\"itemListElement\":[{\"@type\":\"ListItem\",\"position\":1,\"name\":\"Kezd\u0151lap\",\"item\":\"https:\/\/hir.mediamarkt.hu\/magazin\/\"},{\"@type\":\"ListItem\",\"position\":2,\"name\":\"Tesztelt\u00fck\",\"item\":\"https:\/\/hir.mediamarkt.hu\/magazin\/teszteltuk\/\"},{\"@type\":\"ListItem\",\"position\":3,\"name\":\"Kedves, figyelmes, szer\u00e9ny \u00e9s m\u00e1sf\u00e9l napig b\u00edrja &#8211; Jabra Elite 85h fejhallgat\u00f3 teszt\"}]},{\"@type\":\"WebSite\",\"@id\":\"https:\/\/hir.mediamarkt.hu\/magazin\/#website\",\"url\":\"https:\/\/hir.mediamarkt.hu\/magazin\/\",\"name\":\"MediaMarkt Magazin\",\"description\":\"Olvass bele magazinunkba!\",\"potentialAction\":[{\"@type\":\"SearchAction\",\"target\":{\"@type\":\"EntryPoint\",\"urlTemplate\":\"https:\/\/hir.mediamarkt.hu\/magazin\/?s={search_term_string}\"},\"query-input\":\"required name=search_term_string\"}],\"inLanguage\":\"hu\"},{\"@type\":\"Person\",\"@id\":\"https:\/\/hir.mediamarkt.hu\/magazin\/#\/schema\/person\/f4a17b2dc97f2e2bf1b88a89d4ef7d05\",\"name\":\"Nemenyi\",\"image\":{\"@type\":\"ImageObject\",\"inLanguage\":\"hu\",\"@id\":\"https:\/\/hir.mediamarkt.hu\/magazin\/#\/schema\/person\/image\/\",\"url\":\"https:\/\/secure.gravatar.com\/avatar\/9470b3223c723142e66adcad803b24fe?s=96&d=mm&r=g\",\"contentUrl\":\"https:\/\/secure.gravatar.com\/avatar\/9470b3223c723142e66adcad803b24fe?s=96&d=mm&r=g\",\"caption\":\"Nemenyi\"}}]}<\/script>\n<!-- \/ Yoast SEO plugin. -->","yoast_head_json":{"title":"Kedves, figyelmes, szer\u00e9ny \u00e9s m\u00e1sf\u00e9l napig b\u00edrja - Jabra Elite 85h fejhallgat\u00f3 teszt - MediaMarkt Magazin","description":"Jabra Elite 85h Bluetooth fejhallgat\u00f3 teszt","robots":{"index":"index","follow":"follow","max-snippet":"max-snippet:-1","max-image-preview":"max-image-preview:large","max-video-preview":"max-video-preview:-1"},"canonical":"https:\/\/hir.mediamarkt.hu\/magazin\/jabra-elite-85h-teszt\/","og_locale":"hu_HU","og_type":"article","og_title":"Kedves, figyelmes, szer\u00e9ny \u00e9s m\u00e1sf\u00e9l napig b\u00edrja - Jabra Elite 85h fejhallgat\u00f3 teszt - MediaMarkt Magazin","og_description":"Jabra Elite 85h Bluetooth fejhallgat\u00f3 teszt","og_url":"https:\/\/hir.mediamarkt.hu\/magazin\/jabra-elite-85h-teszt\/","og_site_name":"MediaMarkt Magazin","article_publisher":"https:\/\/www.facebook.com\/MediaMarktMagyarorszag","article_published_time":"2019-06-30T22:30:20+00:00","article_modified_time":"2019-07-01T09:36:27+00:00","og_image":[{"width":1365,"height":825,"url":"https:\/\/hir.mediamarkt.hu\/magazin\/wp-content\/uploads\/2019\/06\/Media-Markt-jabra-elite-85-H-teszt.png","type":"image\/png"}],"author":"Nemenyi","twitter_misc":{"Szerz\u0151:":"Nemenyi","Becs\u00fclt olvas\u00e1si id\u0151":"8 perc"},"schema":{"@context":"https:\/\/schema.org","@graph":[{"@type":"WebPage","@id":"https:\/\/hir.mediamarkt.hu\/magazin\/jabra-elite-85h-teszt\/","url":"https:\/\/hir.mediamarkt.hu\/magazin\/jabra-elite-85h-teszt\/","name":"Kedves, figyelmes, szer\u00e9ny \u00e9s m\u00e1sf\u00e9l napig b\u00edrja - Jabra Elite 85h fejhallgat\u00f3 teszt - MediaMarkt Magazin","isPartOf":{"@id":"https:\/\/hir.mediamarkt.hu\/magazin\/#website"},"primaryImageOfPage":{"@id":"https:\/\/hir.mediamarkt.hu\/magazin\/jabra-elite-85h-teszt\/#primaryimage"},"image":{"@id":"https:\/\/hir.mediamarkt.hu\/magazin\/jabra-elite-85h-teszt\/#primaryimage"},"thumbnailUrl":"https:\/\/hir.mediamarkt.hu\/magazin\/wp-content\/uploads\/2019\/06\/Media-Markt-jabra-elite-85-H-teszt.png","datePublished":"2019-06-30T22:30:20+00:00","dateModified":"2019-07-01T09:36:27+00:00","author":{"@id":"https:\/\/hir.mediamarkt.hu\/magazin\/#\/schema\/person\/f4a17b2dc97f2e2bf1b88a89d4ef7d05"},"description":"Jabra Elite 85h Bluetooth fejhallgat\u00f3 teszt","breadcrumb":{"@id":"https:\/\/hir.mediamarkt.hu\/magazin\/jabra-elite-85h-teszt\/#breadcrumb"},"inLanguage":"hu","potentialAction":[{"@type":"ReadAction","target":["https:\/\/hir.mediamarkt.hu\/magazin\/jabra-elite-85h-teszt\/"]}]},{"@type":"ImageObject","inLanguage":"hu","@id":"https:\/\/hir.mediamarkt.hu\/magazin\/jabra-elite-85h-teszt\/#primaryimage","url":"https:\/\/hir.mediamarkt.hu\/magazin\/wp-content\/uploads\/2019\/06\/Media-Markt-jabra-elite-85-H-teszt.png","contentUrl":"https:\/\/hir.mediamarkt.hu\/magazin\/wp-content\/uploads\/2019\/06\/Media-Markt-jabra-elite-85-H-teszt.png","width":1365,"height":825},{"@type":"BreadcrumbList","@id":"https:\/\/hir.mediamarkt.hu\/magazin\/jabra-elite-85h-teszt\/#breadcrumb","itemListElement":[{"@type":"ListItem","position":1,"name":"Kezd\u0151lap","item":"https:\/\/hir.mediamarkt.hu\/magazin\/"},{"@type":"ListItem","position":2,"name":"Tesztelt\u00fck","item":"https:\/\/hir.mediamarkt.hu\/magazin\/teszteltuk\/"},{"@type":"ListItem","position":3,"name":"Kedves, figyelmes, szer\u00e9ny \u00e9s m\u00e1sf\u00e9l napig b\u00edrja &#8211; Jabra Elite 85h fejhallgat\u00f3 teszt"}]},{"@type":"WebSite","@id":"https:\/\/hir.mediamarkt.hu\/magazin\/#website","url":"https:\/\/hir.mediamarkt.hu\/magazin\/","name":"MediaMarkt Magazin","description":"Olvass bele magazinunkba!","potentialAction":[{"@type":"SearchAction","target":{"@type":"EntryPoint","urlTemplate":"https:\/\/hir.mediamarkt.hu\/magazin\/?s={search_term_string}"},"query-input":"required name=search_term_string"}],"inLanguage":"hu"},{"@type":"Person","@id":"https:\/\/hir.mediamarkt.hu\/magazin\/#\/schema\/person\/f4a17b2dc97f2e2bf1b88a89d4ef7d05","name":"Nemenyi","image":{"@type":"ImageObject","inLanguage":"hu","@id":"https:\/\/hir.mediamarkt.hu\/magazin\/#\/schema\/person\/image\/","url":"https:\/\/secure.gravatar.com\/avatar\/9470b3223c723142e66adcad803b24fe?s=96&d=mm&r=g","contentUrl":"https:\/\/secure.gravatar.com\/avatar\/9470b3223c723142e66adcad803b24fe?s=96&d=mm&r=g","caption":"Nemenyi"}}]}},"_links":{"self":[{"href":"https:\/\/hir.mediamarkt.hu\/magazin\/wp-json\/wp\/v2\/posts\/8923"}],"collection":[{"href":"https:\/\/hir.mediamarkt.hu\/magazin\/wp-json\/wp\/v2\/posts"}],"about":[{"href":"https:\/\/hir.mediamarkt.hu\/magazin\/wp-json\/wp\/v2\/types\/post"}],"author":[{"embeddable":true,"href":"https:\/\/hir.mediamarkt.hu\/magazin\/wp-json\/wp\/v2\/users\/22"}],"replies":[{"embeddable":true,"href":"https:\/\/hir.mediamarkt.hu\/magazin\/wp-json\/wp\/v2\/comments?post=8923"}],"version-history":[{"count":4,"href":"https:\/\/hir.mediamarkt.hu\/magazin\/wp-json\/wp\/v2\/posts\/8923\/revisions"}],"predecessor-version":[{"id":8932,"href":"https:\/\/hir.mediamarkt.hu\/magazin\/wp-json\/wp\/v2\/posts\/8923\/revisions\/8932"}],"wp:featuredmedia":[{"embeddable":true,"href":"https:\/\/hir.mediamarkt.hu\/magazin\/wp-json\/wp\/v2\/media\/8935"}],"wp:attachment":[{"href":"https:\/\/hir.mediamarkt.hu\/magazin\/wp-json\/wp\/v2\/media?parent=8923"}],"wp:term":[{"taxonomy":"category","embeddable":true,"href":"https:\/\/hir.mediamarkt.hu\/magazin\/wp-json\/wp\/v2\/categories?post=8923"},{"taxonomy":"post_tag","embeddable":true,"href":"https:\/\/hir.mediamarkt.hu\/magazin\/wp-json\/wp\/v2\/tags?post=8923"}],"curies":[{"name":"wp","href":"https:\/\/api.w.org\/{rel}","templated":true}]}}